{"id":1105,"date":"2008-02-26T00:00:00","date_gmt":"2008-02-26T00:00:00","guid":{"rendered":""},"modified":"2020-04-06T22:35:28","modified_gmt":"2020-04-06T20:35:28","slug":"pershendetja-e-kryepiskopit-me-rastin-e-pashkes-2008","status":"publish","type":"post","link":"https:\/\/orthodoxalbania.org\/2020\/2008\/02\/26\/pershendetja-e-kryepiskopit-me-rastin-e-pashkes-2008\/","title":{"rendered":"P\u00ebrsh\u00ebndetja e Kryepiskopit me rastin e Pashk\u00ebs. (2008)"},"content":{"rendered":"<p style=\"text-align: center;\"><span style=\"color: #000000; font-size: 12pt;\"><img decoding=\"async\" class=\"lazyload HAa Eha\" style=\"height: 53px; width: 53px; display: block; margin-left: auto; margin-right: auto;\" alt=\"\" src=\"data:image\/svg+xml,%3Csvg%20xmlns%3D%27http%3A%2F%2Fwww.w3.org%2F2000%2Fsvg%27%20width%3D%2753%27%20height%3D%2753%27%20viewBox%3D%270%200%2053%2053%27%3E%3Crect%20width%3D%2753%27%20height%3D%2753%27%20fill-opacity%3D%220%22%2F%3E%3C%2Fsvg%3E\" data-orig-src=\"https:\/\/lh3.googleusercontent.com\/-0XaSr7tg_9w\/U_NB8PwotlI\/AAAAAAAAA2g\/QXaauIV8bCc\/s577-no\/logo.png\" height=\"53px\" width=\"53px\" \/><\/span><\/p>\n<p style=\"text-align: center;\"><span style=\"color: #000000; font-size: 12pt; font-family: helvetica;\"><strong>Pashk\u00eb, 2008 <\/strong><\/span><\/p>\n<p style=\"text-align: center;\"><span style=\"color: #000000; font-size: 12pt; font-family: helvetica;\"><strong>Shpres\u00eb dhe fuqi<\/strong><\/span><\/p>\n<p style=\"text-align: center;\"><span style=\"color: #000000; font-size: 12pt; font-family: helvetica;\"><strong><em>+Anastasi<\/em><\/strong><\/span><\/p>\n<p style=\"text-align: center;\"><span style=\"color: #000000; font-size: 12pt; font-family: helvetica;\"><em>Kryepiskop i Tiran\u00ebs, Durr\u00ebsit dhe i gjith\u00eb Shqip\u00ebris\u00eb<\/em><\/span><\/p>\n<p style=\"text-align: center;\">&nbsp;<\/p>\n<p style=\"text-align: center;\">&nbsp;<\/p>\n<p style=\"text-align: justify;\">&nbsp;<\/p>\n<p style=\"text-align: justify;\"><span style=\"color: #000000; font-size: 12pt; font-family: helvetica;\">&nbsp;&nbsp;&nbsp; Klerit dhe besimtar\u00ebve shpres\u00ebtar\u00eb Orthodhoks\u00eb,<\/span><\/p>\n<p style=\"text-align: justify;\"><span style=\"color: #000000; font-size: 12pt; font-family: helvetica;\">&nbsp;&nbsp;&nbsp; Bij t\u00eb shtrenjt\u00eb m\u00eb Zotin,<\/span><br \/> <span style=\"font-size: 12pt; font-family: helvetica;\"> &nbsp;<\/span><\/p>\n<p style=\"text-align: justify;\"><span style=\"color: #000000; font-size: 12pt; font-family: helvetica;\"><strong>&nbsp;&nbsp;&nbsp; S<\/strong>hpres\u00ebn, n\u00eb t\u00ebr\u00eb plot\u00ebsin\u00eb e saj, e rip\u00ebrt\u00ebrin\u00e7do vit n\u00eb zemr\u00ebn e besimtar\u00ebve festa e Ngjalljes. Shpres\u00ebn n\u00eb triumfin p\u00ebrfundimtar t\u00eb drejt\u00ebsis\u00eb mbi padrejt\u00ebsin\u00eb, t\u00eb s\u00eb v\u00ebrtet\u00ebs mbi g\u00ebnjeshtr\u00ebn, e mbi t\u00eb gjitha, shpres\u00ebn n\u00eb fitoren p\u00ebrfundimtare t\u00eb jet\u00ebs mbi vdekjen.<\/span><\/p>\n<p style=\"text-align: justify;\"><span style=\"color: #000000; font-size: 12pt; font-family: helvetica;\">&nbsp;&nbsp;&nbsp; Kryq\u00ebzimi dhe varrimi i Jisuit i hodh\u00ebn nx\u00ebn\u00ebsit e Tij n\u00eb hidh\u00ebrim dhe n\u00eb d\u00ebshp\u00ebrim. Por n\u00eb nj\u00eb koh\u00eb t\u00eb shkurt\u00ebr, siguria se \u201cu ngjall Krishti me t\u00eb v\u00ebrtet\u00eb\u201d i dha krah\u00eb shpres\u00ebs s\u00eb tyre dhe i transformoi ata n\u00eb apostujt dinamik\u00eb t\u00eb Tij. Si p\u00ebrfundim, p\u00ebrvoja paskale p\u00ebrcaktoi shpres\u00ebn mahnit\u00ebse dhe fuqin\u00eb e t\u00eb gjith\u00eb atyre q\u00eb n\u00eb vazhdim, n\u00eb mbar\u00eb shekujt, u b\u00ebn\u00eb d\u00ebshmitar\u00eb t\u00eb Ngjalljes, n\u00eb t\u00eb gjith\u00eb gjat\u00ebsin\u00eb dhe gjer\u00ebsin\u00eb e tok\u00ebs.<\/span><\/p>\n<p style=\"text-align: center;\">&nbsp;<\/p>\n<p style=\"text-align: center;\"><span style=\"font-size: 12pt; font-family: helvetica;\"><strong><span style=\"color: #000000;\">A<\/span><\/strong><\/span><\/p>\n<p style=\"text-align: center;\">&nbsp;<\/p>\n<p style=\"text-align: justify;\"><span style=\"color: #000000; font-size: 12pt; font-family: helvetica;\"><em>&nbsp;&nbsp;&nbsp; \u201cI bekuar qoft\u00eb Per\u00ebndia\u2026i cili sipas p\u00ebrd\u00ebllimit t\u00eb tij t\u00eb shumt\u00eb na lindi p\u00ebrs\u00ebri n\u00eb nj\u00eb shpres\u00eb t\u00eb gjall\u00eb me an\u00eb t\u00eb ngjalljes s\u00eb Jisu Krishtit prej s\u00eb vdekurish\u201d (1 Pet. 1:3).<\/em><\/span><\/p>\n<p style=\"text-align: justify;\"><span style=\"color: #000000; font-size: 12pt; font-family: helvetica;\">&nbsp;&nbsp;&nbsp; Shkrimi i Shenjt\u00eb \u00ebsht\u00eb i mbushur me referime q\u00eb kan\u00eb lidhje me shpres\u00ebn. Vargje t\u00eb shumta biblike theksojn\u00eb kuptimin dhe vler\u00ebn e saj. Por shpresa e krishter\u00eb arrin pik\u00ebn m\u00eb t\u00eb lart\u00eb dhe kuptimin m\u00eb t\u00eb thell\u00eb t\u00eb saj n\u00eb sigurin\u00eb p\u00ebr triumfin e Krishtit mbi vdekjen dhe transformimin p\u00ebrfundimtar t\u00eb trupit, q\u00eb do t\u00eb b\u00ebhet shpirt\u00ebror, i paprishsh\u00ebm dhe i pavdeksh\u00ebm, \u201cp\u00ebr nj\u00eb trash\u00ebgimi t\u00eb paprishshme, t\u00eb pap\u00ebrlyer dhe t\u00eb pafishkur, q\u00eb \u00ebsht\u00eb ruajtur n\u00eb qiejt p\u00ebr ne\u201d (1 Pet. 1:4). &nbsp;Si\u00e7 e thot\u00eb n\u00eb m\u00ebnyr\u00eb t\u00eb p\u00ebrmbledhur Vasili i Madh, Krishti i kryq\u00ebzuar \u201czgjidhi dhimbjet e vdekjes dhe pasi u ngjall t\u00eb tret\u00ebn dit\u00eb, i \u00e7eli \u00e7do trupi rrug\u00ebn e ngjalljes prej s\u00eb vdekurish. Meq\u00eb nuk ishte e mundur t\u00eb zot\u00ebrohej prej prishjes kryetari i jet\u00ebs, u b\u00eb pema e par\u00eb e t\u00eb fjeturve, i paralinduri nga t\u00eb vdekurit, q\u00eb t\u00eb jet\u00eb Ai gjith\u00e7ka, duke qen\u00eb i pari n\u00eb t\u00eb gjitha\u201d (Liturgjia Hyjnore). Kjo e v\u00ebrtet\u00eb p\u00ebrb\u00ebn themelin e shpres\u00ebs son\u00eb p\u00ebr ngjalljen e t\u00eb vdekurve n\u00eb t\u00eb fundmet e Historis\u00eb.<\/span><\/p>\n<p style=\"text-align: justify;\"><span style=\"color: #000000; font-size: 12pt; font-family: helvetica;\">&nbsp;&nbsp;&nbsp; P\u00ebrvoja paskale jep q\u00eb tani pjes\u00ebmarrjen n\u00eb misterin e jet\u00ebs s\u00eb re, gj\u00eb t\u00eb cil\u00ebn Krishti na e b\u00ebn t\u00eb arritshme n\u00ebp\u00ebrmjet mistereve t\u00eb Kish\u00ebs son\u00eb. N\u00eb k\u00ebt\u00eb m\u00ebnyr\u00eb Ngjallja e Krishtit e shtrin shpres\u00ebn drejt s\u00eb ardhmes, drejt p\u00ebrjet\u00ebsis\u00eb dhe me dinamizmin e saj, e lart\u00ebson gjith\u00eb jet\u00ebn e besimtarit me nj\u00eb intensitet t\u00eb papar\u00eb.<\/span><\/p>\n<p style=\"text-align: justify;\"><span style=\"color: #000000; font-size: 12pt; font-family: helvetica;\">&nbsp;&nbsp;&nbsp; N\u00eb nj\u00eb koh\u00eb kur shqet\u00ebsime t\u00eb \u00e7do lloji dhe ngjarje tragjike po p\u00ebrhapin ankth dhe shkurajim n\u00eb jet\u00ebn ton\u00eb, festa e Ngjalljes jep shpres\u00eb t\u00eb v\u00ebrtet\u00eb n\u00eb zemr\u00ebn ton\u00eb q\u00eb nuk gjen qet\u00ebsi. Nuk i referohet ndonj\u00eb ideje apo propozimi t\u00eb pacaktuar, por lidhet me nj\u00eb person q\u00eb duroi tortura t\u00eb frikshme, i cili n\u00eb fund triumfoi dhe fitoi mbi vet\u00eb vdekjen. Hyrja e tij n\u00eb jet\u00ebn e njer\u00ebzimit, fjala, vepra, sakrifica e tij zbuluan dashurin\u00eb e pakonceptueshme t\u00eb t\u00eb Gjith\u00ebpushtetshmit Per\u00ebndi p\u00ebr njeriun. Shpresa e Ngjalljes ndri\u00e7on nd\u00ebrhyrjen e Per\u00ebndis\u00eb brenda historis\u00eb dhe paralajm\u00ebron plot\u00ebsimin e saj n\u00eb t\u00eb fundmet.<\/span><\/p>\n<p style=\"text-align: justify;\"><span style=\"color: #000000; font-size: 12pt; font-family: helvetica;\">&nbsp;&nbsp;&nbsp; Pra, duke e mb\u00ebshtetur v\u00ebshtrimin dhe zemr\u00ebn ton\u00eb n\u00eb Krishtin e Ngjallur, mund t\u00eb p\u00ebrballojm\u00eb realitetin mizor t\u00eb jet\u00ebs son\u00eb me shpres\u00ebn q\u00eb ndryshon krejt\u00ebsisht edhe kushtet m\u00eb tragjike, duke u dh\u00ebn\u00eb atyre kuptim shp\u00ebtimtar. Kur sprovat, dhimbja, s\u00ebmundja, vdekja e njer\u00ebzve tan\u00eb t\u00eb dashur e err\u00ebsojn\u00eb mendjen dhe zemr\u00ebn ton\u00eb, shpresa nga prania e Zotit t\u00eb Ngjallur ngush\u00ebllon dhe fal fuqi. Kur gjat\u00eb rrug\u00ebtimit ton\u00eb personal p\u00ebrballemi me hidh\u00ebrime t\u00eb ndryshme, padrejt\u00ebsi dhe zhg\u00ebnjime nga korruptimi i p\u00ebrhapur gjer\u00ebsisht, nuk zhytemi n\u00eb melankoli dhe n\u00eb d\u00ebshp\u00ebrim. E dim\u00eb se n\u00eb fund e ardhmja, si e jona dhe e mbar\u00eb njer\u00ebzimit, nuk varet nga arroganca dhe planet imorale t\u00eb t\u00eb m\u00ebdhenjve apo t\u00eb vegj\u00eblve. Shpresa jon\u00eb mb\u00ebshtetet n\u00eb mesazhin fitimtar t\u00eb Ngjalljes, n\u00eb sigurin\u00eb se Jisu Krishtit iu dha \u201c\u00e7do pushtet n\u00eb qiell dhe mbi dh\u00e9\u201d (Matth. 28:18). Se Ai q\u00ebndron pran\u00eb nesh. Prandaj dhe festojm\u00eb duke psalur: \u201cO z\u00ebri yt i hyjsh\u00ebm, i dashur dhe fort i \u00ebmb\u00ebl, se me t\u00eb v\u00ebrtet\u00eb u zotove t\u00eb jesh bashk\u00eb me ne gjer n\u00eb mbarim t\u00eb jet\u00ebs, o Krisht, k\u00ebt\u00eb z\u00eb duke e patur ne besnik\u00ebt si spiranc\u00eb shprese, ngaz\u00ebllohemi\u201d.<\/span><\/p>\n<p style=\"text-align: justify;\">&nbsp;<\/p>\n<p style=\"text-align: center;\"><span style=\"font-size: 12pt; font-family: helvetica;\"><strong><span style=\"color: #000000;\">B\u2019<\/span><\/strong><\/span><\/p>\n<p style=\"text-align: center;\">&nbsp;<\/p>\n<p style=\"text-align: justify;\"><span style=\"color: #000000; font-size: 12pt; font-family: helvetica;\"><strong>&nbsp;&nbsp;&nbsp; S<\/strong>hpresa q\u00eb buron prej Ngjalljes \u00e7el horizontin n\u00eb p\u00ebrjet\u00ebsi. Por jo p\u00ebr t\u00eb humbur n\u00eb ide t\u00eb pacaktuara, por q\u00eb t\u00eb p\u00ebrballemi me konkreten dhe t\u00eb sotmen me paqe dhe fuqi. Ne t\u00eb krishter\u00ebt, si bij t\u00eb Ngjalljes, b\u00ebjm\u00eb pjes\u00eb tek ata,\u201cq\u00eb ruhemi me fuqin\u00eb e Per\u00ebndis\u00eb\u201d (1 Pet. 1:5). Pas Ngjalljes s\u00eb Tij, Zoti u premtoi nx\u00ebn\u00ebsve t\u00eb frik\u00ebsuar: \u201cDo t\u00eb merrni fuqi prej s\u00eb larti kur t\u00eb vij\u00eb Shpirti i Shenjt\u00eb mbi ju\u201d (Vep. 1:8). T\u00eb gjitha gj\u00ebrat e m\u00ebpastajme n\u00eb jet\u00ebn apostolike u zhvilluan \u201cn\u00eb fuqin\u00eb e Per\u00ebndis\u00eb\u201d.<\/span><\/p>\n<p style=\"text-align: justify;\"><span style=\"color: #000000; font-size: 12pt; font-family: helvetica;\">&nbsp;&nbsp;&nbsp; N\u00eb tekstet e apostujve, nj\u00eb vend mbizot\u00ebrues ka referimi n\u00eb fuqin\u00eb unikale t\u00eb Per\u00ebndis\u00eb. \u201cT\u00eb gjitha mund t\u2019i b\u00ebj me an\u00eb t\u00eb Krishtit q\u00eb m\u00eb jep fuqi\u201d (Filip. 4:13), zbulon apostull Pavli. Dhe na k\u00ebshillon: \u201cForcohuni n\u00eb Zotin dhe n\u00eb pushtetin e fuqis\u00eb s\u00eb tij\u201d (Efes. 6:10). Por nxjerr n\u00eb pah, nevoj\u00ebn p\u00ebr t\u2019iu afruar n\u00eb nj\u00eb m\u00ebnyr\u00eb sa m\u00eb thelb\u00ebsore misterit t\u00eb Kryqit dhe t\u00eb Ngjalljes s\u00eb Zotit, \u201cp\u00ebr t\u00eb njohur at\u00eb dhe fuqin\u00eb e ngjalljes s\u00eb tij&#8230; duke u b\u00ebr\u00eb n\u00eb nj\u00eb form\u00eb me vdekjen e tij\u201d (Filip. 3:10), pra duke p\u00ebrqafuar vendimin e sakrific\u00ebs dhe t\u00eb bindjes absolute ndaj vullnetit t\u00eb Per\u00ebndis\u00eb.<\/span><\/p>\n<p style=\"text-align: justify;\"><span style=\"color: #000000; font-size: 12pt; font-family: helvetica;\">&nbsp;&nbsp;&nbsp; Kryq\u00ebzimi dhe Ngjallja e Krishtit, e forcojn\u00eb me nj\u00eb fuqi t\u00eb ve\u00e7ant\u00eb vullnetin ton\u00eb, q\u00eb t\u00eb mund t\u00eb p\u00ebrballojm\u00eb tundimet dhe t\u00eb durojm\u00eb sprovat. Fuqi p\u00ebr t\u00eb falur frik\u00ebn, shpirtvog\u00eblsin\u00eb dhe mosmir\u00ebnjohjen e tan\u00ebve apo t\u00eb huajve; p\u00ebr t\u00eb falur ata q\u00eb na b\u00ebjn\u00eb padrejt\u00ebsi ose na urrejn\u00eb; fuqi p\u00ebr t\u00eb duruar n\u00eb lodhje dhe n\u00eb shkurajim. P\u00ebr t\u00eb mos u p\u00ebrkulur para presioneve t\u00eb paligjshme t\u00eb t\u00eb fort\u00ebve. Fuqi p\u00ebr t\u00eb duruar dhimbjen e s\u00ebmundjes, ton\u00ebn dhe at\u00eb t\u00eb njer\u00ebzve t\u00eb af\u00ebrm, p\u00ebr t\u2019u paqtuar gjat\u00eb largimit nga kjo bot\u00eb, fuqi p\u00ebr t\u00eb duruar ndarjen nga njer\u00ebzit tan\u00eb t\u00eb dashur dhe p\u00ebr t\u00eb mos u sjell\u00eb \u201csi t\u00eb tjer\u00ebt, q\u00eb nuk kan\u00eb shpres\u00eb\u201d (1 Thes. 4:13). Fuqi me pritjen e qet\u00eb t\u00eb ngjalljes p\u00ebrfundimtare.<\/span><\/p>\n<p style=\"text-align: justify;\">&nbsp;<\/p>\n<p style=\"text-align: center;\"><span style=\"color: #000000; font-size: 12pt; font-family: helvetica;\">* &nbsp;*<\/span><\/p>\n<p style=\"text-align: center;\">&nbsp;<\/p>\n<p style=\"text-align: justify;\"><span style=\"color: #000000; font-size: 12pt; font-family: helvetica;\"><strong>&nbsp;&nbsp;&nbsp; L<\/strong>e t\u00eb \u00e7elen shpirtrat dhe mendja jon\u00eb brenda rrezatimit t\u00eb drit\u00ebs s\u00eb Ngjalljes, p\u00ebr t\u00eb ndjer\u00eb nga af\u00ebr mesazhet q\u00eb na jep Ngjallja e Krishtit, dhe t\u2019i transmetojm\u00eb ato me ngaz\u00ebllim.<\/span><\/p>\n<p style=\"text-align: justify;\"><span style=\"color: #000000; font-size: 12pt; font-family: helvetica;\">&nbsp;&nbsp;&nbsp; Shpresa e Ngjalljes nuk imponohet. Ajo transmetohet nga nj\u00ebri tek tjetri.<\/span><\/p>\n<p style=\"text-align: justify;\"><span style=\"color: #000000; font-size: 12pt; font-family: helvetica;\">&nbsp;&nbsp;&nbsp; Le ta sjellim me fjal\u00ebn dhe jet\u00ebn ton\u00eb n\u00eb shoq\u00ebrin\u00eb ton\u00eb t\u00eb plagosur.<\/span><\/p>\n<p style=\"text-align: justify;\"><span style=\"color: #000000; font-size: 12pt; font-family: helvetica;\">&nbsp;&nbsp;&nbsp; Uroj me gjith\u00eb shpirt q\u00eb jeta jon\u00eb e p\u00ebrditshme, t\u00eb mb\u00ebshtetet n\u00eb shpres\u00ebn dhe fuqin\u00eb q\u00eb na fal Ngjallja; n\u00eb shpres\u00ebn p\u00ebr mbizot\u00ebrimin final t\u00eb s\u00eb drejt\u00ebs, p\u00ebr shfuqizimin e vdekjes dhe p\u00ebr fitoren p\u00ebrfundimtare t\u00eb jet\u00ebs; n\u00eb shpres\u00ebn q\u00eb bazohet n\u00eb sigurin\u00eb se Krishti i Ngjallur \u00ebsht\u00eb Zoti i jet\u00ebs dhe i vdekjes. Ngjallja e Krishtit le t\u00eb na fal\u00eb fuqin\u00eb p\u00ebr t\u00eb p\u00ebrballuar me kthjellt\u00ebsi sprovat, p\u00ebr t\u00eb mbrojtur t\u00eb v\u00ebrtet\u00ebn, drejt\u00ebsin\u00eb, dinjitetin e \u00e7do personi njer\u00ebzor, pa dallim origjine; fuqi p\u00ebr t\u00eb rikrijuar n\u00eb \u00e7do fush\u00eb t\u00eb jet\u00ebs, q\u00eb lart\u00ebson njeriun dhe gjith\u00eb shoq\u00ebrin\u00eb.<\/span><\/p>\n<p style=\"text-align: justify;\"><span style=\"color: #000000; font-size: 12pt; font-family: helvetica;\">&nbsp;&nbsp;&nbsp; Krishti u Ngjall! Le t\u00eb mbushet shpirti yn\u00eb me shpres\u00ebn dhe me fuqin\u00eb e Tij. &nbsp;&nbsp;<\/span><\/p>\n<p style=\"text-align: justify;\">&nbsp;<\/p>\n<p style=\"text-align: justify;\">&nbsp;<\/p>\n<div style=\"text-align: center;\">&nbsp;<\/div>\n<div style=\"text-align: center;\"><span style=\"color: #000000; font-size: 12pt; font-family: helvetica;\">Me gjith\u00eb dashurin\u00eb time,<\/span><\/div>\n<div style=\"text-align: center;\"> <span style=\"font-size: 12pt; font-family: helvetica;\"><strong><span style=\"color: #000000;\">+ Anastasi<\/span><\/strong><\/span><br \/> <span style=\"color: #000000; font-size: 12pt; font-family: helvetica;\"> Kryepiskop i Tiran\u00ebs, Durr\u00ebsit dhe i gjith\u00eb Shqip\u00ebris\u00eb<\/span><\/div>\n","protected":false},"excerpt":{"rendered":"<p>Pashk\u00eb, 2008 Shpres\u00eb dhe fuqi +Anastasi Kryepiskop i Tiran\u00ebs, Durr\u00ebsit dhe i gjith\u00eb Shqip\u00ebris\u00eb &nbsp; &nbsp; &nbsp; &nbsp;&nbsp;&nbsp; Klerit dhe besimtar\u00ebve shpres\u00ebtar\u00eb Orthodhoks\u00eb, &nbsp;&nbsp;&nbsp; Bij t\u00eb shtrenjt\u00eb m\u00eb Zotin, &nbsp; &nbsp;&nbsp;&nbsp; Shpres\u00ebn, n\u00eb t\u00ebr\u00eb plot\u00ebsin\u00eb e saj, e rip\u00ebrt\u00ebrin\u00e7do vit n\u00eb zemr\u00ebn e besimtar\u00ebve festa e Ngjalljes. Shpres\u00ebn n\u00eb triumfin p\u00ebrfundimtar t\u00eb drejt\u00ebsis\u00eb mbi padrejt\u00ebsin\u00eb, t\u00eb s\u00eb v\u00ebrtet\u00ebs mbi g\u00ebnjeshtr\u00ebn, e mbi t\u00eb gjitha, shpres\u00ebn<\/p>\n","protected":false},"author":1,"featured_media":0,"comment_status":"open","ping_status":"open","sticky":false,"template":"","format":"standard","meta":{"_acf_changed":false,"pagelayer_contact_templates":[],"_pagelayer_content":"","inline_featured_image":false,"fifu_image_url":"","fifu_image_alt":"","footnotes":""},"categories":[108],"tags":[146,196,201,212,152,189],"class_list":["post-1105","post","type-post","status-publish","format-standard","hentry","category-lajme","tag-146","tag-tirane","tag-kryepiskopi-anastas","tag-lajme-d27","tag-mesazhet-festive-d19","tag-pashke-2014"],"acf":[],"yoast_head":"<!-- This site is optimized with the Yoast SEO plugin v27.2 - https:\/\/yoast.com\/product\/yoast-seo-wordpress\/ -->\n<title>P\u00ebrsh\u00ebndetja e Kryepiskopit me rastin e Pashk\u00ebs. (2008) - Kisha Orthodh\u03bfkse Autoqefale e Shqip\u00ebris\u00eb<\/title>\n<meta name=\"robots\" content=\"index, follow, max-snippet:-1, max-image-preview:large, max-video-preview:-1\" \/>\n<link rel=\"canonical\" href=\"https:\/\/orthodoxalbania.org\/2020\/2008\/02\/26\/pershendetja-e-kryepiskopit-me-rastin-e-pashkes-2008\/\" \/>\n<meta property=\"og:locale\" content=\"en_US\" \/>\n<meta property=\"og:type\" content=\"article\" \/>\n<meta property=\"og:title\" content=\"P\u00ebrsh\u00ebndetja e Kryepiskopit me rastin e Pashk\u00ebs. (2008) - Kisha Orthodh\u03bfkse Autoqefale e Shqip\u00ebris\u00eb\" \/>\n<meta property=\"og:description\" content=\"Pashk\u00eb, 2008 Shpres\u00eb dhe fuqi +Anastasi Kryepiskop i Tiran\u00ebs, Durr\u00ebsit dhe i gjith\u00eb Shqip\u00ebris\u00eb &nbsp; &nbsp; &nbsp; &nbsp;&nbsp;&nbsp; Klerit dhe besimtar\u00ebve shpres\u00ebtar\u00eb Orthodhoks\u00eb, &nbsp;&nbsp;&nbsp; Bij t\u00eb shtrenjt\u00eb m\u00eb Zotin, &nbsp; &nbsp;&nbsp;&nbsp; Shpres\u00ebn, n\u00eb t\u00ebr\u00eb plot\u00ebsin\u00eb e saj, e rip\u00ebrt\u00ebrin\u00e7do vit n\u00eb zemr\u00ebn e besimtar\u00ebve festa e Ngjalljes. Shpres\u00ebn n\u00eb triumfin p\u00ebrfundimtar t\u00eb drejt\u00ebsis\u00eb mbi padrejt\u00ebsin\u00eb, t\u00eb s\u00eb v\u00ebrtet\u00ebs mbi g\u00ebnjeshtr\u00ebn, e mbi t\u00eb gjitha, shpres\u00ebn\" \/>\n<meta property=\"og:url\" content=\"https:\/\/orthodoxalbania.org\/2020\/2008\/02\/26\/pershendetja-e-kryepiskopit-me-rastin-e-pashkes-2008\/\" \/>\n<meta property=\"og:site_name\" content=\"Kisha Orthodh\u03bfkse Autoqefale e Shqip\u00ebris\u00eb\" \/>\n<meta property=\"article:publisher\" content=\"https:\/\/www.facebook.com\/koash1991\" \/>\n<meta property=\"article:published_time\" content=\"2008-02-26T00:00:00+00:00\" \/>\n<meta property=\"article:modified_time\" content=\"2020-04-06T20:35:28+00:00\" \/>\n<meta property=\"og:image\" content=\"https:\/\/lh3.googleusercontent.com\/-0XaSr7tg_9w\/U_NB8PwotlI\/AAAAAAAAA2g\/QXaauIV8bCc\/s577-no\/logo.png\" \/>\n<meta name=\"author\" content=\"Kisha Orthodhokse\" \/>\n<meta name=\"twitter:card\" content=\"summary_large_image\" \/>\n<meta name=\"twitter:label1\" content=\"Written by\" \/>\n\t<meta name=\"twitter:data1\" content=\"Kisha Orthodhokse\" \/>\n\t<meta name=\"twitter:label2\" content=\"Est. reading time\" \/>\n\t<meta name=\"twitter:data2\" content=\"7 minutes\" \/>\n<script type=\"application\/ld+json\" class=\"yoast-schema-graph\">{\"@context\":\"https:\/\/schema.org\",\"@graph\":[{\"@type\":\"Article\",\"@id\":\"https:\/\/orthodoxalbania.org\/2020\/2008\/02\/26\/pershendetja-e-kryepiskopit-me-rastin-e-pashkes-2008\/#article\",\"isPartOf\":{\"@id\":\"https:\/\/orthodoxalbania.org\/2020\/2008\/02\/26\/pershendetja-e-kryepiskopit-me-rastin-e-pashkes-2008\/\"},\"author\":{\"name\":\"Kisha Orthodhokse\",\"@id\":\"https:\/\/orthodoxalbania.org\/2020\/#\/schema\/person\/0c387634a7063ac612d7ed9ce71c7e86\"},\"headline\":\"P\u00ebrsh\u00ebndetja e Kryepiskopit me rastin e Pashk\u00ebs. (2008)\",\"datePublished\":\"2008-02-26T00:00:00+00:00\",\"dateModified\":\"2020-04-06T20:35:28+00:00\",\"mainEntityOfPage\":{\"@id\":\"https:\/\/orthodoxalbania.org\/2020\/2008\/02\/26\/pershendetja-e-kryepiskopit-me-rastin-e-pashkes-2008\/\"},\"wordCount\":1496,\"commentCount\":0,\"publisher\":{\"@id\":\"https:\/\/orthodoxalbania.org\/2020\/#organization\"},\"image\":{\"@id\":\"https:\/\/orthodoxalbania.org\/2020\/2008\/02\/26\/pershendetja-e-kryepiskopit-me-rastin-e-pashkes-2008\/#primaryimage\"},\"thumbnailUrl\":\"https:\/\/lh3.googleusercontent.com\/-0XaSr7tg_9w\/U_NB8PwotlI\/AAAAAAAAA2g\/QXaauIV8bCc\/s577-no\/logo.png\",\"keywords\":[\"2008\",\"Kryepiskopata Tiran\u00eb\",\"Kryepiskopi Anastas\",\"lajme\",\"Mesazhet Festive\",\"Pashk\u00eb\"],\"articleSection\":[\"Lajme\"],\"inLanguage\":\"en-US\"},{\"@type\":\"WebPage\",\"@id\":\"https:\/\/orthodoxalbania.org\/2020\/2008\/02\/26\/pershendetja-e-kryepiskopit-me-rastin-e-pashkes-2008\/\",\"url\":\"https:\/\/orthodoxalbania.org\/2020\/2008\/02\/26\/pershendetja-e-kryepiskopit-me-rastin-e-pashkes-2008\/\",\"name\":\"P\u00ebrsh\u00ebndetja e Kryepiskopit me rastin e Pashk\u00ebs. (2008) - Kisha Orthodh\u03bfkse Autoqefale e Shqip\u00ebris\u00eb\",\"isPartOf\":{\"@id\":\"https:\/\/orthodoxalbania.org\/2020\/#website\"},\"primaryImageOfPage\":{\"@id\":\"https:\/\/orthodoxalbania.org\/2020\/2008\/02\/26\/pershendetja-e-kryepiskopit-me-rastin-e-pashkes-2008\/#primaryimage\"},\"image\":{\"@id\":\"https:\/\/orthodoxalbania.org\/2020\/2008\/02\/26\/pershendetja-e-kryepiskopit-me-rastin-e-pashkes-2008\/#primaryimage\"},\"thumbnailUrl\":\"https:\/\/lh3.googleusercontent.com\/-0XaSr7tg_9w\/U_NB8PwotlI\/AAAAAAAAA2g\/QXaauIV8bCc\/s577-no\/logo.png\",\"datePublished\":\"2008-02-26T00:00:00+00:00\",\"dateModified\":\"2020-04-06T20:35:28+00:00\",\"breadcrumb\":{\"@id\":\"https:\/\/orthodoxalbania.org\/2020\/2008\/02\/26\/pershendetja-e-kryepiskopit-me-rastin-e-pashkes-2008\/#breadcrumb\"},\"inLanguage\":\"en-US\",\"potentialAction\":[{\"@type\":\"ReadAction\",\"target\":[\"https:\/\/orthodoxalbania.org\/2020\/2008\/02\/26\/pershendetja-e-kryepiskopit-me-rastin-e-pashkes-2008\/\"]}]},{\"@type\":\"ImageObject\",\"inLanguage\":\"en-US\",\"@id\":\"https:\/\/orthodoxalbania.org\/2020\/2008\/02\/26\/pershendetja-e-kryepiskopit-me-rastin-e-pashkes-2008\/#primaryimage\",\"url\":\"https:\/\/lh3.googleusercontent.com\/-0XaSr7tg_9w\/U_NB8PwotlI\/AAAAAAAAA2g\/QXaauIV8bCc\/s577-no\/logo.png\",\"contentUrl\":\"https:\/\/lh3.googleusercontent.com\/-0XaSr7tg_9w\/U_NB8PwotlI\/AAAAAAAAA2g\/QXaauIV8bCc\/s577-no\/logo.png\"},{\"@type\":\"BreadcrumbList\",\"@id\":\"https:\/\/orthodoxalbania.org\/2020\/2008\/02\/26\/pershendetja-e-kryepiskopit-me-rastin-e-pashkes-2008\/#breadcrumb\",\"itemListElement\":[{\"@type\":\"ListItem\",\"position\":1,\"name\":\"Home\",\"item\":\"https:\/\/orthodoxalbania.org\/2020\/\"},{\"@type\":\"ListItem\",\"position\":2,\"name\":\"P\u00ebrsh\u00ebndetja e Kryepiskopit me rastin e Pashk\u00ebs. (2008)\"}]},{\"@type\":\"WebSite\",\"@id\":\"https:\/\/orthodoxalbania.org\/2020\/#website\",\"url\":\"https:\/\/orthodoxalbania.org\/2020\/\",\"name\":\"Kisha Orthodh\u03bfkse Autoqefale e Shqip\u00ebris\u00eb\",\"description\":\"Fqja Zyrtare e Kish\u00ebs Orthodhokse Autoqefale e Shqip\u00ebris\u00eb me lajmet edhe informacionet zyrtare p\u00ebr struktur\u00ebn edhe veprimtarin e saj.\",\"publisher\":{\"@id\":\"https:\/\/orthodoxalbania.org\/2020\/#organization\"},\"potentialAction\":[{\"@type\":\"SearchAction\",\"target\":{\"@type\":\"EntryPoint\",\"urlTemplate\":\"https:\/\/orthodoxalbania.org\/2020\/?s={search_term_string}\"},\"query-input\":{\"@type\":\"PropertyValueSpecification\",\"valueRequired\":true,\"valueName\":\"search_term_string\"}}],\"inLanguage\":\"en-US\"},{\"@type\":\"Organization\",\"@id\":\"https:\/\/orthodoxalbania.org\/2020\/#organization\",\"name\":\"Kisha Orthodhokse Autoqefale e Shqip\u00ebris\u00eb\",\"url\":\"https:\/\/orthodoxalbania.org\/2020\/\",\"logo\":{\"@type\":\"ImageObject\",\"inLanguage\":\"en-US\",\"@id\":\"https:\/\/orthodoxalbania.org\/2020\/#\/schema\/logo\/image\/\",\"url\":\"https:\/\/orthodoxalbania.org\/2020\/wp-content\/uploads\/2020\/05\/albania.jpeg\",\"contentUrl\":\"https:\/\/orthodoxalbania.org\/2020\/wp-content\/uploads\/2020\/05\/albania.jpeg\",\"width\":540,\"height\":540,\"caption\":\"Kisha Orthodhokse Autoqefale e Shqip\u00ebris\u00eb\"},\"image\":{\"@id\":\"https:\/\/orthodoxalbania.org\/2020\/#\/schema\/logo\/image\/\"},\"sameAs\":[\"https:\/\/www.facebook.com\/koash1991\"]},{\"@type\":\"Person\",\"@id\":\"https:\/\/orthodoxalbania.org\/2020\/#\/schema\/person\/0c387634a7063ac612d7ed9ce71c7e86\",\"name\":\"Kisha Orthodhokse\",\"image\":{\"@type\":\"ImageObject\",\"inLanguage\":\"en-US\",\"@id\":\"https:\/\/secure.gravatar.com\/avatar\/596e7c417251e30f2fbb9c00e026fce61a695a00e51c889caded71c96cbbdde5?s=96&d=mm&r=g\",\"url\":\"https:\/\/secure.gravatar.com\/avatar\/596e7c417251e30f2fbb9c00e026fce61a695a00e51c889caded71c96cbbdde5?s=96&d=mm&r=g\",\"contentUrl\":\"https:\/\/secure.gravatar.com\/avatar\/596e7c417251e30f2fbb9c00e026fce61a695a00e51c889caded71c96cbbdde5?s=96&d=mm&r=g\",\"caption\":\"Kisha Orthodhokse\"}}]}<\/script>\n<!-- \/ Yoast SEO plugin. -->","yoast_head_json":{"title":"P\u00ebrsh\u00ebndetja e Kryepiskopit me rastin e Pashk\u00ebs. (2008) - Kisha Orthodh\u03bfkse Autoqefale e Shqip\u00ebris\u00eb","robots":{"index":"index","follow":"follow","max-snippet":"max-snippet:-1","max-image-preview":"max-image-preview:large","max-video-preview":"max-video-preview:-1"},"canonical":"https:\/\/orthodoxalbania.org\/2020\/2008\/02\/26\/pershendetja-e-kryepiskopit-me-rastin-e-pashkes-2008\/","og_locale":"en_US","og_type":"article","og_title":"P\u00ebrsh\u00ebndetja e Kryepiskopit me rastin e Pashk\u00ebs. (2008) - Kisha Orthodh\u03bfkse Autoqefale e Shqip\u00ebris\u00eb","og_description":"Pashk\u00eb, 2008 Shpres\u00eb dhe fuqi +Anastasi Kryepiskop i Tiran\u00ebs, Durr\u00ebsit dhe i gjith\u00eb Shqip\u00ebris\u00eb &nbsp; &nbsp; &nbsp; &nbsp;&nbsp;&nbsp; Klerit dhe besimtar\u00ebve shpres\u00ebtar\u00eb Orthodhoks\u00eb, &nbsp;&nbsp;&nbsp; Bij t\u00eb shtrenjt\u00eb m\u00eb Zotin, &nbsp; &nbsp;&nbsp;&nbsp; Shpres\u00ebn, n\u00eb t\u00ebr\u00eb plot\u00ebsin\u00eb e saj, e rip\u00ebrt\u00ebrin\u00e7do vit n\u00eb zemr\u00ebn e besimtar\u00ebve festa e Ngjalljes. Shpres\u00ebn n\u00eb triumfin p\u00ebrfundimtar t\u00eb drejt\u00ebsis\u00eb mbi padrejt\u00ebsin\u00eb, t\u00eb s\u00eb v\u00ebrtet\u00ebs mbi g\u00ebnjeshtr\u00ebn, e mbi t\u00eb gjitha, shpres\u00ebn","og_url":"https:\/\/orthodoxalbania.org\/2020\/2008\/02\/26\/pershendetja-e-kryepiskopit-me-rastin-e-pashkes-2008\/","og_site_name":"Kisha Orthodh\u03bfkse Autoqefale e Shqip\u00ebris\u00eb","article_publisher":"https:\/\/www.facebook.com\/koash1991","article_published_time":"2008-02-26T00:00:00+00:00","article_modified_time":"2020-04-06T20:35:28+00:00","og_image":[{"url":"https:\/\/lh3.googleusercontent.com\/-0XaSr7tg_9w\/U_NB8PwotlI\/AAAAAAAAA2g\/QXaauIV8bCc\/s577-no\/logo.png","type":"","width":"","height":""}],"author":"Kisha Orthodhokse","twitter_card":"summary_large_image","twitter_misc":{"Written by":"Kisha Orthodhokse","Est. reading time":"7 minutes"},"schema":{"@context":"https:\/\/schema.org","@graph":[{"@type":"Article","@id":"https:\/\/orthodoxalbania.org\/2020\/2008\/02\/26\/pershendetja-e-kryepiskopit-me-rastin-e-pashkes-2008\/#article","isPartOf":{"@id":"https:\/\/orthodoxalbania.org\/2020\/2008\/02\/26\/pershendetja-e-kryepiskopit-me-rastin-e-pashkes-2008\/"},"author":{"name":"Kisha Orthodhokse","@id":"https:\/\/orthodoxalbania.org\/2020\/#\/schema\/person\/0c387634a7063ac612d7ed9ce71c7e86"},"headline":"P\u00ebrsh\u00ebndetja e Kryepiskopit me rastin e Pashk\u00ebs. (2008)","datePublished":"2008-02-26T00:00:00+00:00","dateModified":"2020-04-06T20:35:28+00:00","mainEntityOfPage":{"@id":"https:\/\/orthodoxalbania.org\/2020\/2008\/02\/26\/pershendetja-e-kryepiskopit-me-rastin-e-pashkes-2008\/"},"wordCount":1496,"commentCount":0,"publisher":{"@id":"https:\/\/orthodoxalbania.org\/2020\/#organization"},"image":{"@id":"https:\/\/orthodoxalbania.org\/2020\/2008\/02\/26\/pershendetja-e-kryepiskopit-me-rastin-e-pashkes-2008\/#primaryimage"},"thumbnailUrl":"https:\/\/lh3.googleusercontent.com\/-0XaSr7tg_9w\/U_NB8PwotlI\/AAAAAAAAA2g\/QXaauIV8bCc\/s577-no\/logo.png","keywords":["2008","Kryepiskopata Tiran\u00eb","Kryepiskopi Anastas","lajme","Mesazhet Festive","Pashk\u00eb"],"articleSection":["Lajme"],"inLanguage":"en-US"},{"@type":"WebPage","@id":"https:\/\/orthodoxalbania.org\/2020\/2008\/02\/26\/pershendetja-e-kryepiskopit-me-rastin-e-pashkes-2008\/","url":"https:\/\/orthodoxalbania.org\/2020\/2008\/02\/26\/pershendetja-e-kryepiskopit-me-rastin-e-pashkes-2008\/","name":"P\u00ebrsh\u00ebndetja e Kryepiskopit me rastin e Pashk\u00ebs. (2008) - Kisha Orthodh\u03bfkse Autoqefale e Shqip\u00ebris\u00eb","isPartOf":{"@id":"https:\/\/orthodoxalbania.org\/2020\/#website"},"primaryImageOfPage":{"@id":"https:\/\/orthodoxalbania.org\/2020\/2008\/02\/26\/pershendetja-e-kryepiskopit-me-rastin-e-pashkes-2008\/#primaryimage"},"image":{"@id":"https:\/\/orthodoxalbania.org\/2020\/2008\/02\/26\/pershendetja-e-kryepiskopit-me-rastin-e-pashkes-2008\/#primaryimage"},"thumbnailUrl":"https:\/\/lh3.googleusercontent.com\/-0XaSr7tg_9w\/U_NB8PwotlI\/AAAAAAAAA2g\/QXaauIV8bCc\/s577-no\/logo.png","datePublished":"2008-02-26T00:00:00+00:00","dateModified":"2020-04-06T20:35:28+00:00","breadcrumb":{"@id":"https:\/\/orthodoxalbania.org\/2020\/2008\/02\/26\/pershendetja-e-kryepiskopit-me-rastin-e-pashkes-2008\/#breadcrumb"},"inLanguage":"en-US","potentialAction":[{"@type":"ReadAction","target":["https:\/\/orthodoxalbania.org\/2020\/2008\/02\/26\/pershendetja-e-kryepiskopit-me-rastin-e-pashkes-2008\/"]}]},{"@type":"ImageObject","inLanguage":"en-US","@id":"https:\/\/orthodoxalbania.org\/2020\/2008\/02\/26\/pershendetja-e-kryepiskopit-me-rastin-e-pashkes-2008\/#primaryimage","url":"https:\/\/lh3.googleusercontent.com\/-0XaSr7tg_9w\/U_NB8PwotlI\/AAAAAAAAA2g\/QXaauIV8bCc\/s577-no\/logo.png","contentUrl":"https:\/\/lh3.googleusercontent.com\/-0XaSr7tg_9w\/U_NB8PwotlI\/AAAAAAAAA2g\/QXaauIV8bCc\/s577-no\/logo.png"},{"@type":"BreadcrumbList","@id":"https:\/\/orthodoxalbania.org\/2020\/2008\/02\/26\/pershendetja-e-kryepiskopit-me-rastin-e-pashkes-2008\/#breadcrumb","itemListElement":[{"@type":"ListItem","position":1,"name":"Home","item":"https:\/\/orthodoxalbania.org\/2020\/"},{"@type":"ListItem","position":2,"name":"P\u00ebrsh\u00ebndetja e Kryepiskopit me rastin e Pashk\u00ebs. (2008)"}]},{"@type":"WebSite","@id":"https:\/\/orthodoxalbania.org\/2020\/#website","url":"https:\/\/orthodoxalbania.org\/2020\/","name":"Kisha Orthodh\u03bfkse Autoqefale e Shqip\u00ebris\u00eb","description":"Fqja Zyrtare e Kish\u00ebs Orthodhokse Autoqefale e Shqip\u00ebris\u00eb me lajmet edhe informacionet zyrtare p\u00ebr struktur\u00ebn edhe veprimtarin e saj.","publisher":{"@id":"https:\/\/orthodoxalbania.org\/2020\/#organization"},"potentialAction":[{"@type":"SearchAction","target":{"@type":"EntryPoint","urlTemplate":"https:\/\/orthodoxalbania.org\/2020\/?s={search_term_string}"},"query-input":{"@type":"PropertyValueSpecification","valueRequired":true,"valueName":"search_term_string"}}],"inLanguage":"en-US"},{"@type":"Organization","@id":"https:\/\/orthodoxalbania.org\/2020\/#organization","name":"Kisha Orthodhokse Autoqefale e Shqip\u00ebris\u00eb","url":"https:\/\/orthodoxalbania.org\/2020\/","logo":{"@type":"ImageObject","inLanguage":"en-US","@id":"https:\/\/orthodoxalbania.org\/2020\/#\/schema\/logo\/image\/","url":"https:\/\/orthodoxalbania.org\/2020\/wp-content\/uploads\/2020\/05\/albania.jpeg","contentUrl":"https:\/\/orthodoxalbania.org\/2020\/wp-content\/uploads\/2020\/05\/albania.jpeg","width":540,"height":540,"caption":"Kisha Orthodhokse Autoqefale e Shqip\u00ebris\u00eb"},"image":{"@id":"https:\/\/orthodoxalbania.org\/2020\/#\/schema\/logo\/image\/"},"sameAs":["https:\/\/www.facebook.com\/koash1991"]},{"@type":"Person","@id":"https:\/\/orthodoxalbania.org\/2020\/#\/schema\/person\/0c387634a7063ac612d7ed9ce71c7e86","name":"Kisha Orthodhokse","image":{"@type":"ImageObject","inLanguage":"en-US","@id":"https:\/\/secure.gravatar.com\/avatar\/596e7c417251e30f2fbb9c00e026fce61a695a00e51c889caded71c96cbbdde5?s=96&d=mm&r=g","url":"https:\/\/secure.gravatar.com\/avatar\/596e7c417251e30f2fbb9c00e026fce61a695a00e51c889caded71c96cbbdde5?s=96&d=mm&r=g","contentUrl":"https:\/\/secure.gravatar.com\/avatar\/596e7c417251e30f2fbb9c00e026fce61a695a00e51c889caded71c96cbbdde5?s=96&d=mm&r=g","caption":"Kisha Orthodhokse"}}]}},"_links":{"self":[{"href":"https:\/\/orthodoxalbania.org\/2020\/wp-json\/wp\/v2\/posts\/1105","targetHints":{"allow":["GET"]}}],"collection":[{"href":"https:\/\/orthodoxalbania.org\/2020\/wp-json\/wp\/v2\/posts"}],"about":[{"href":"https:\/\/orthodoxalbania.org\/2020\/wp-json\/wp\/v2\/types\/post"}],"author":[{"embeddable":true,"href":"https:\/\/orthodoxalbania.org\/2020\/wp-json\/wp\/v2\/users\/1"}],"replies":[{"embeddable":true,"href":"https:\/\/orthodoxalbania.org\/2020\/wp-json\/wp\/v2\/comments?post=1105"}],"version-history":[{"count":1,"href":"https:\/\/orthodoxalbania.org\/2020\/wp-json\/wp\/v2\/posts\/1105\/revisions"}],"predecessor-version":[{"id":15688,"href":"https:\/\/orthodoxalbania.org\/2020\/wp-json\/wp\/v2\/posts\/1105\/revisions\/15688"}],"wp:attachment":[{"href":"https:\/\/orthodoxalbania.org\/2020\/wp-json\/wp\/v2\/media?parent=1105"}],"wp:term":[{"taxonomy":"category","embeddable":true,"href":"https:\/\/orthodoxalbania.org\/2020\/wp-json\/wp\/v2\/categories?post=1105"},{"taxonomy":"post_tag","embeddable":true,"href":"https:\/\/orthodoxalbania.org\/2020\/wp-json\/wp\/v2\/tags?post=1105"}],"curies":[{"name":"wp","href":"https:\/\/api.w.org\/{rel}","templated":true}]}}