{"id":1103,"date":"2007-02-26T00:00:00","date_gmt":"2007-02-26T00:00:00","guid":{"rendered":""},"modified":"2020-04-06T22:35:46","modified_gmt":"2020-04-06T20:35:46","slug":"pashke-2007","status":"publish","type":"post","link":"https:\/\/orthodoxalbania.org\/2020\/2007\/02\/26\/pashke-2007\/","title":{"rendered":"P\u00ebrsh\u00ebndetja e Kryepiskopit me rastin e Pashk\u00ebs 2007"},"content":{"rendered":"<div style=\"text-align: center;\"> <span style=\"color: #000000; font-size: 12pt;\"><span style=\"font-family: tahoma,geneva,sans-serif;\"><img decoding=\"async\" class=\"lazyload HAa Eha\" style=\"height: 53px; width: 53px; display: block; margin-left: auto; margin-right: auto;\" alt=\"\" src=\"data:image\/svg+xml,%3Csvg%20xmlns%3D%27http%3A%2F%2Fwww.w3.org%2F2000%2Fsvg%27%20width%3D%2753%27%20height%3D%2753%27%20viewBox%3D%270%200%2053%2053%27%3E%3Crect%20width%3D%2753%27%20height%3D%2753%27%20fill-opacity%3D%220%22%2F%3E%3C%2Fsvg%3E\" data-orig-src=\"https:\/\/lh3.googleusercontent.com\/-0XaSr7tg_9w\/U_NB8PwotlI\/AAAAAAAAA2g\/QXaauIV8bCc\/s577-no\/logo.png\" height=\"53px\" width=\"53px\" \/><\/span><\/span><\/div>\n<div style=\"text-align: center;\">&nbsp;<\/div>\n<div style=\"text-align: center;\"><span style=\"color: #000000; font-size: 12pt; font-family: helvetica;\">Kisha Orthodhokse Autoqefale e Shqip\u00ebris\u00eb<\/span><\/div>\n<p style=\"text-align: center;\"><span style=\"color: #000000; font-size: 12pt; font-family: helvetica;\"><strong>PASHK\u00cb 2007<\/strong><\/span><\/p>\n<p style=\"text-align: center;\"><span style=\"color: #000000; font-size: 12pt; font-family: helvetica;\"><strong>Fitore e trefisht\u00eb<\/strong><\/span><\/p>\n<div style=\"text-align: center;\"><span style=\"color: #000000; font-size: 12pt; font-family: helvetica;\">+Anastasi<\/span><\/div>\n<div style=\"text-align: center;\"><span style=\"color: #000000; font-size: 12pt; font-family: helvetica;\">Kryepiskop i Tiran\u00ebs, Durr\u00ebsit dhe i gjith\u00eb Shqip\u00ebris\u00eb<\/p>\n<p> &nbsp;<\/span><\/div>\n<p style=\"text-align: center;\"> <span style=\"font-size: 12pt; font-family: helvetica;\"><\/span><\/p>\n<p><span style=\"color: #000000; font-size: 12pt; font-family: helvetica;\">&nbsp;&nbsp;&nbsp; Klerit dhe besimtar\u00ebve shpres\u00ebtar\u00eb Orthodhoks\u00eb,<\/span><\/p>\n<p><span style=\"color: #000000; font-size: 12pt; font-family: helvetica;\">&nbsp;&nbsp;&nbsp; Bij t\u00eb shtrenjt\u00eb m\u00eb Zotin,<\/span><span style=\"font-size: 12pt; font-family: helvetica;\"> &nbsp;<\/span><\/p>\n<p>&nbsp;<\/p>\n<p><span style=\"color: #000000; font-size: 12pt; font-family: helvetica;\">&nbsp;&nbsp;&nbsp; \u201cDhe u ngjalle si Fitimtar, o Krisht Per\u00ebndi\u201d<\/span><\/p>\n<p>&nbsp;<\/p>\n<p style=\"text-align: center;\">&nbsp;<\/p>\n<p style=\"text-align: center;\"> <span style=\"color: #000000; font-size: 12pt; font-family: helvetica;\"><strong>I<\/strong><\/span><\/p>\n<p style=\"text-align: center;\">&nbsp;<\/p>\n<p style=\"text-align: justify;\"><span style=\"color: #000000; font-size: 12pt; font-family: helvetica;\"><span style=\"color: #000000; font-size: 12pt; font-family: helvetica;\">&nbsp;&nbsp;&nbsp; Sot, me ngaz\u00ebllim t\u00eb ve\u00e7ant\u00eb kremtojm\u00eb FITOREN kryesore, triumfin e trefisht\u00eb t\u00eb Zotit ton\u00eb Jisu Krisht; fitoren e drejt\u00ebsis\u00eb, fitoren e dashuris\u00eb, fitoren e jet\u00ebs. Predikimi p\u00ebr Kryqin dhe Ngjalljen p\u00ebrmbledh mesazhin e krishter\u00eb dhe mbetet udh\u00ebrr\u00ebfyes dhe frym\u00ebzues i spiritualitetit orthodhoks. \u201cE kremtja e t\u00eb kremteve dhe g\u00ebzim i g\u00ebzimeve\u201d, Ngjallja konfirmon n\u00eb \u00e7do koh\u00eb se Jisu Krishti \u00ebsht\u00eb Fitimtari i p\u00ebrjetsh\u00ebm.<br \/> <\/span><\/span><\/p>\n<p style=\"text-align: justify;\"><span style=\"color: #000000; font-size: 12pt; font-family: helvetica;\"><span style=\"color: #000000; font-size: 12pt; font-family: helvetica;\">&nbsp;&nbsp;&nbsp; Armiqt\u00eb e Tij kishin besuar se duke ngritur turm\u00ebn me an\u00eb t\u00eb demagogjis\u00eb, me gjyqin e paligjsh\u00ebm q\u00eb arrit\u00ebn t\u00eb b\u00ebnin dhe, s\u00eb fundi, me Kryq\u00ebzimin, E mposht\u00ebn p\u00ebrfundimisht. Por Ai, vet\u00ebm pas tri dit\u00ebsh, u ngrit nga varri p\u00ebr t&#8217;u b\u00ebr\u00eb personi kryesor n\u00eb koh\u00eb dhe n\u00eb hap\u00ebsir\u00eb. \u201cPer\u00ebndia e mbilart\u00ebsoi At\u00eb dhe i fali em\u00ebr q\u00eb \u00ebsht\u00eb p\u00ebrmbi&nbsp; \u00e7do em\u00ebr, q\u00eb n\u00eb emrin e Jisuit t\u00eb p\u00ebrkulet \u00e7do gju\u201d (Filip. 2:9-10).<\/span><\/span><\/p>\n<p style=\"text-align: justify;\"><span style=\"color: #000000; font-size: 12pt; font-family: helvetica;\">&nbsp;&nbsp;&nbsp; Kjo Ngjarje \u00ebsht\u00eb ngush\u00ebllim dhe shpres\u00eb edhe p\u00ebr ne, q\u00eb shpesh ankohemi p\u00ebr djall\u00ebzin\u00eb dhe lig\u00ebsin\u00eb q\u00eb na rrethojn\u00eb dhe shpesh duan t\u00eb na mbysin; p\u00ebr k\u00ebrc\u00ebnimin e \u00e7do lloji nga \u201cvorbulla e dinak\u00ebve\u201d n\u00eb jet\u00ebn shoq\u00ebrore, nga grupe t\u00eb ndryshme q\u00eb i shohim t\u00eb shkelin, zyrtarisht apo fshehurazi, t\u00eb drejt\u00ebn p\u00ebr t&#8217;u sh\u00ebrbyer planeve t\u00eb tyre t\u00eb paligjshme; p\u00ebr padrejt\u00ebsin\u00eb q\u00eb shpesh mbizot\u00ebron n\u00eb mjedisin ton\u00eb, shtrihet n\u00eb shoq\u00ebrin\u00eb ton\u00eb dhe, m\u00eb gjer\u00eb, n\u00eb aren\u00ebn nd\u00ebrkomb\u00ebtare. Krishti i Kryq\u00ebzuar dhe i Ngjallur prej s\u00eb vdekurish k\u00ebmb\u00ebngul dhe shpall se \u201cn\u00eb bot\u00eb pik\u00ebllim do t\u00eb keni, por kini guxim; un\u00eb e kam mundur bot\u00ebn\u201d (Jn. 16:33). Fitorja p\u00ebrfundimtare do t\u00eb jet\u00eb fitorja e drejt\u00ebsis\u00eb.<\/span><\/p>\n<p style=\"text-align: justify;\">&nbsp;<\/p>\n<p style=\"text-align: left;\">&nbsp;<\/p>\n<p style=\"text-align: center;\"><span style=\"color: #000000; font-size: 12pt; font-family: helvetica;\"><strong>II<\/strong><\/span><span style=\"font-size: 12pt; font-family: helvetica;\"> <\/span><\/p>\n<p style=\"text-align: center;\">&nbsp;<\/p>\n<p style=\"text-align: justify;\"><span style=\"color: #000000; font-size: 12pt; font-family: helvetica;\">&nbsp;&nbsp;&nbsp; \u201cDhe u ngjalle si Fitimtar, o Krisht Per\u00ebndi\u201d, dhe shfaqe qart\u00eb fitoren e dashuris\u00eb mbi urrejtjen, frik\u00ebn dhe egoizmin. Nj\u00eb fitore paq\u00ebsore, pa daulle e trumbeta, plot qet\u00ebsi dhe drit\u00eb. N\u00eb \u00e7do \u00e7ast t\u00eb jet\u00ebs s\u00eb Tij n\u00eb tok\u00eb, Jisui zbulonte \u201cgjer\u00ebsin\u00eb, gjat\u00ebsin\u00eb, thell\u00ebsin\u00eb dhe lart\u00ebsin\u00eb\u201d e dashuris\u00eb q\u00eb solli n\u00eb bot\u00eb me an\u00ebn e fjal\u00ebs, vepr\u00ebs dhe pranis\u00eb s\u00eb Tij. Ngjallja e Tij vulosi triumfin p\u00ebrfundimtar t\u00eb dashuris\u00eb.<\/span><\/p>\n<p style=\"text-align: justify;\"><span style=\"color: #000000; font-size: 12pt; font-family: helvetica;\">&nbsp;&nbsp;&nbsp; \u201cPra, q\u00ebndroni n\u00eb dashurin\u00eb time\u201d, k\u00ebrkoi nga ne. Dhe q\u00eb t\u00eb mos mbetemi n\u00eb p\u00ebrgjith\u00ebsime, Ai shpjegoi: \u201cAi q\u00eb ka porosit\u00eb e mia dhe i ruan, \u00ebsht\u00eb ai q\u00eb m\u00eb do; at\u00eb q\u00eb m\u00eb do mua, edhe im At\u00eb do ta doj\u00eb, edhe un\u00eb do ta dua dhe do t&#8217;i shfaq veten time\u201d(Jn.14:21). T\u00eb gjith\u00eb ata q\u00eb lidhen organikisht me Krishtin, i Cili \u00ebsht\u00eb Dashuria e qen\u00ebsishme, n\u00eb fund dalin fitimtar\u00eb t\u00eb jet\u00ebs. \u201cDashuria kurr\u00eb nuk bie posht\u00eb\u201d (I Korinth. 13:8). Q\u00eb t\u00eb kremtojm\u00eb thelb\u00ebsisht Ngjalljen, duhet t\u00eb b\u00ebhemi gjithnj\u00eb e m\u00eb shum\u00eb njer\u00ebz t\u00eb dashuris\u00eb s\u00eb sinqert\u00eb dhe t\u00eb v\u00ebrtet\u00eb, duke falur miqt\u00eb dhe armiqt\u00eb, tan\u00ebt dhe t\u00eb huajt. \u201cE kemi th\u00ebn\u00eb, v\u00ebllez\u00ebr, dhe ata q\u00eb na urrejn\u00eb t&#8217;i falim gjithmon\u00eb n\u00eb Ngjallje. Dhe t\u00eb themi me z\u00eb t\u00eb lart\u00eb: Krishti u ngjall prej s\u00eb vdekurish.\u201d<\/span><span style=\"font-size: 12pt; font-family: helvetica;\">&nbsp; <\/span><\/p>\n<p style=\"text-align: left;\">&nbsp;<\/p>\n<p style=\"text-align: center;\"><span style=\"color: #000000; font-size: 12pt; font-family: helvetica;\"><strong>III<\/strong><\/span><\/p>\n<p style=\"text-align: center;\">&nbsp;<\/p>\n<p style=\"text-align: justify;\"><span style=\"color: #000000; font-size: 12pt; font-family: helvetica;\">&nbsp;&nbsp;&nbsp; N\u00eb radh\u00eb t\u00eb par\u00eb Ngjallja e Krishtit tregon m\u00eb s\u00eb miri fitoren e jet\u00ebs mbi vdekjen mizore dhe mbi \u00e7do gj\u00eb q\u00eb lidhet me t\u00eb. Kisha jon\u00eb k\u00ebmb\u00ebngul duke psalur k\u00ebt\u00eb t\u00eb v\u00ebrtet\u00eb: \u201cDuke pasur, o Krisht, fitoren ndaj Hadit, n\u00eb Kryq u gozhdove q\u00eb ata t\u00eb cil\u00ebt ndodhen n\u00eb err\u00ebsir\u00ebn e vdekjes t&#8217;i ngresh me veten t\u00ebnde, i \u00e7liruar nga t\u00eb vdekurit, jet\u00eb buron nga drita jote\u201d. D\u00ebshir\u00ebn e zjarrt\u00eb p\u00ebr plot\u00ebsin\u00eb e jet\u00ebs nuk e mbyti Krishti, p\u00ebrkundrazi, Ai deklaroi se ka ardhur \u201cq\u00eb t\u00eb ken\u00eb jet\u00eb dhe ta ken\u00eb me t\u00eb tep\u00ebrt\u201d (Jn.10:10). Me Ngjalljen e Tij na siguroi se jeta, m\u00eb n\u00eb fund, \u00ebsht\u00eb m\u00eb e fuqishme se vdekja; se n\u00eb personin e Tij p\u00ebrmblidhet thelbi i saj. \u201cUn\u00eb jam ngjallja dhe jeta\u201d (Jn. 11:25).<\/span><\/p>\n<p style=\"text-align: justify;\"><span style=\"color: #000000; font-size: 12pt; font-family: helvetica;\">&nbsp;&nbsp;&nbsp; T\u00eb gjith\u00eb ne q\u00eb E ndjekim pas, t\u00eb rritur, t\u00eb rinj e f\u00ebmij\u00eb, le t\u00eb mos kemi frik\u00eb se po na \u00e7on n\u00eb nj\u00eb sistem t\u00eb mbyllur, t\u00eb kufizuar, q\u00eb mohon g\u00ebzimin e jet\u00ebs. N\u00eb t\u00eb kund\u00ebrt, na garanton nj\u00eb jet\u00eb t\u00eb ndritur, dinamike, n\u00eb t\u00eb cil\u00ebn thirremi t\u00eb zhvillojm\u00eb n\u00eb m\u00ebnyr\u00eb krijuese t\u00eb gjitha kapacitetet q\u00eb Ai na ka falur. Gjithashtu, nj\u00eb jet\u00eb q\u00eb shtrihet n\u00eb p\u00ebrjet\u00ebsi. Fitorja e Tij ka konsekuenca tek \u00e7do njeri q\u00eb E ndjek pas dhe I beson. \u201cAi q\u00eb m\u00eb beson, edhe n\u00eb vdekt\u00eb, do t\u00eb rroj\u00eb\u201d (Jn. 11:25). Por, m\u00eb gjer\u00eb, ndikimet e Ngjalljes jan\u00eb mir\u00ebb\u00ebr\u00ebse p\u00ebr mbar\u00eb njer\u00ebzimin; edhe pse shum\u00eb her\u00eb ato nuk duken me sy.<\/span><\/p>\n<p style=\"text-align: left;\">&nbsp;<\/p>\n<p style=\"text-align: center;\"><span style=\"color: #000000; font-size: 12pt; font-family: helvetica;\"><strong>IV<\/strong><\/span><span style=\"font-size: 12pt; font-family: helvetica;\"> <\/span><\/p>\n<p style=\"text-align: center;\">&nbsp;<\/p>\n<p style=\"text-align: justify;\"><span style=\"color: #000000; font-size: 12pt; font-family: helvetica;\">&nbsp;&nbsp;&nbsp; \u201cDhe u ngjalle si Fitimtar, o Krisht Per\u00ebndi\u201d. Besimi n\u00eb Ngjalljen e Krishtit \u00ebsht\u00eb ai q\u00eb p\u00ebr shekuj mban Kish\u00ebn e Tij. K\u00ebt\u00eb gj\u00eb kan\u00eb shpallur q\u00eb n\u00eb fillim Apostujt. Kjo p\u00ebrb\u00ebn fuqin\u00eb e saj. Sigurisht, nuk kan\u00eb munguar as ata q\u00eb predikimin p\u00ebr Kryqin dhe Ngjalljen e kan\u00eb quajtur \u201cmarr\u00ebzi\u201d ose \u201cskandal\u201d. Por, p\u00ebr ne t\u00eb krishter\u00ebt mbetet urt\u00ebsi dhe fuqi Per\u00ebndie, siguri p\u00ebr fitoren. \u201c\u00c7do gj\u00eb q\u00eb lind prej Per\u00ebndis\u00eb, e mund bot\u00ebn; dhe kjo \u00ebsht\u00eb fitorja q\u00eb mundi bot\u00ebn: besimi yn\u00eb\u201d (I Jn. 5:4-5).<\/span><\/p>\n<p style=\"text-align: justify;\"><span style=\"color: #000000; font-size: 12pt; font-family: helvetica;\">&nbsp;&nbsp;&nbsp; E kremtja e sotme e t\u00ebr\u00ebndritur k\u00ebt\u00eb t\u00eb v\u00ebrtet\u00eb na fton q\u00eb ta b\u00ebjm\u00eb ton\u00ebn: duke forcuar vazhdimisht besimin dhe duke u p\u00ebrqendruar n\u00eb sigurin\u00eb e Zbules\u00ebs: \u201cK\u00ebto thot\u00eb i pari dhe i fundit, i cili qe i vdekur dhe jetoi&#8230; b\u00ebhu besnik gjer n\u00eb vdekje dhe do t\u00eb t\u00eb jap kuror\u00ebn e jet\u00ebs&#8230; Fitimtarit nuk do t&#8217;i b\u00ebhet keq prej vdekjes s\u00eb dyt\u00eb\u201d (Zbul. 2:8-11).<\/span><\/p>\n<p style=\"text-align: justify;\"><span style=\"color: #000000; font-size: 12pt; font-family: helvetica;\">&nbsp;&nbsp;&nbsp; Le t\u00eb kremtojm\u00eb me ngaz\u00ebllim fitoren unikale dhe t\u00eb p\u00ebrjetshme t\u00eb drejt\u00ebsis\u00eb, t\u00eb dashuris\u00eb dhe t\u00eb jet\u00ebs, q\u00eb u b\u00eb realitet me triumfin e Krishtit t\u00eb Ngjallur prej s\u00eb vdekurish. Dhe le t&#8217;i shtojm\u00eb p\u00ebrpjekjet q\u00eb t\u00eb b\u00ebhemi gjithnj\u00eb e m\u00eb shum\u00eb njer\u00ebz t\u00eb Ngjalljes, q\u00eb p\u00ebrher\u00eb shohin, besojn\u00eb dhe luftojn\u00eb, sipas mund\u00ebsive, p\u00ebr fitoren p\u00ebrfundimtare t\u00eb drejt\u00ebsis\u00eb, t\u00eb dashuris\u00eb dhe t\u00eb jet\u00ebs. Krishti u Ngjall!<\/span><br \/> <span style=\"font-size: 12pt; font-family: helvetica;\"> &nbsp;<\/span><\/p>\n<p style=\"text-align: center;\">\n<p> <span style=\"color: #000000; font-size: 12pt; font-family: helvetica;\">Me gjith\u00eb dashurin\u00eb time,<br \/> &nbsp;&nbsp;&nbsp;&nbsp; <\/span><\/p>\n<p style=\"text-align: center;\"><span style=\"color: #000000; font-size: 12pt; font-family: helvetica;\"><strong>+ Anastasi<br \/> <\/strong><\/span><\/p>\n<p style=\"text-align: center;\"><span style=\"color: #000000; font-size: 12pt; font-family: helvetica;\">Kryepiskop i Tiran\u00ebs, Durr\u00ebsit dhe i gjith\u00eb Shqip\u00ebris\u00eb<\/span><\/p>\n","protected":false},"excerpt":{"rendered":"<p>&nbsp; Kisha Orthodhokse Autoqefale e Shqip\u00ebris\u00eb PASHK\u00cb 2007 Fitore e trefisht\u00eb +Anastasi Kryepiskop i Tiran\u00ebs, Durr\u00ebsit dhe i gjith\u00eb Shqip\u00ebris\u00eb &nbsp; &nbsp;&nbsp;&nbsp; Klerit dhe besimtar\u00ebve shpres\u00ebtar\u00eb Orthodhoks\u00eb, &nbsp;&nbsp;&nbsp; Bij t\u00eb shtrenjt\u00eb m\u00eb Zotin, &nbsp; &nbsp; &nbsp;&nbsp;&nbsp; \u201cDhe u ngjalle si Fitimtar, o Krisht Per\u00ebndi\u201d &nbsp; &nbsp; I &nbsp; &nbsp;&nbsp;&nbsp; Sot, me ngaz\u00ebllim t\u00eb ve\u00e7ant\u00eb kremtojm\u00eb FITOREN kryesore, triumfin e trefisht\u00eb t\u00eb Zotit ton\u00eb Jisu Krisht;<\/p>\n","protected":false},"author":1,"featured_media":0,"comment_status":"open","ping_status":"open","sticky":false,"template":"","format":"standard","meta":{"_acf_changed":false,"pagelayer_contact_templates":[],"_pagelayer_content":"","inline_featured_image":false,"fifu_image_url":"","fifu_image_alt":"","footnotes":""},"categories":[108],"tags":[147,196,201,212,152,189],"class_list":["post-1103","post","type-post","status-publish","format-standard","hentry","category-lajme","tag-147","tag-tirane","tag-kryepiskopi-anastas","tag-lajme-d27","tag-mesazhet-festive-d19","tag-pashke-2014"],"acf":[],"yoast_head":"<!-- This site is optimized with the Yoast SEO plugin v27.2 - https:\/\/yoast.com\/product\/yoast-seo-wordpress\/ -->\n<title>P\u00ebrsh\u00ebndetja e Kryepiskopit me rastin e Pashk\u00ebs 2007 - Kisha Orthodh\u03bfkse Autoqefale e Shqip\u00ebris\u00eb<\/title>\n<meta name=\"robots\" content=\"index, follow, max-snippet:-1, max-image-preview:large, max-video-preview:-1\" \/>\n<link rel=\"canonical\" href=\"https:\/\/orthodoxalbania.org\/2020\/2007\/02\/26\/pashke-2007\/\" \/>\n<meta property=\"og:locale\" content=\"en_US\" \/>\n<meta property=\"og:type\" content=\"article\" \/>\n<meta property=\"og:title\" content=\"P\u00ebrsh\u00ebndetja e Kryepiskopit me rastin e Pashk\u00ebs 2007 - Kisha Orthodh\u03bfkse Autoqefale e Shqip\u00ebris\u00eb\" \/>\n<meta property=\"og:description\" content=\"&nbsp; Kisha Orthodhokse Autoqefale e Shqip\u00ebris\u00eb PASHK\u00cb 2007 Fitore e trefisht\u00eb +Anastasi Kryepiskop i Tiran\u00ebs, Durr\u00ebsit dhe i gjith\u00eb Shqip\u00ebris\u00eb &nbsp; &nbsp;&nbsp;&nbsp; Klerit dhe besimtar\u00ebve shpres\u00ebtar\u00eb Orthodhoks\u00eb, &nbsp;&nbsp;&nbsp; Bij t\u00eb shtrenjt\u00eb m\u00eb Zotin, &nbsp; &nbsp; &nbsp;&nbsp;&nbsp; \u201cDhe u ngjalle si Fitimtar, o Krisht Per\u00ebndi\u201d &nbsp; &nbsp; I &nbsp; &nbsp;&nbsp;&nbsp; Sot, me ngaz\u00ebllim t\u00eb ve\u00e7ant\u00eb kremtojm\u00eb FITOREN kryesore, triumfin e trefisht\u00eb t\u00eb Zotit ton\u00eb Jisu Krisht;\" \/>\n<meta property=\"og:url\" content=\"https:\/\/orthodoxalbania.org\/2020\/2007\/02\/26\/pashke-2007\/\" \/>\n<meta property=\"og:site_name\" content=\"Kisha Orthodh\u03bfkse Autoqefale e Shqip\u00ebris\u00eb\" \/>\n<meta property=\"article:publisher\" content=\"https:\/\/www.facebook.com\/koash1991\" \/>\n<meta property=\"article:published_time\" content=\"2007-02-26T00:00:00+00:00\" \/>\n<meta property=\"article:modified_time\" content=\"2020-04-06T20:35:46+00:00\" \/>\n<meta property=\"og:image\" content=\"https:\/\/lh3.googleusercontent.com\/-0XaSr7tg_9w\/U_NB8PwotlI\/AAAAAAAAA2g\/QXaauIV8bCc\/s577-no\/logo.png\" \/>\n<meta name=\"author\" content=\"Kisha Orthodhokse\" \/>\n<meta name=\"twitter:card\" content=\"summary_large_image\" \/>\n<meta name=\"twitter:label1\" content=\"Written by\" \/>\n\t<meta name=\"twitter:data1\" content=\"Kisha Orthodhokse\" \/>\n\t<meta name=\"twitter:label2\" content=\"Est. reading time\" \/>\n\t<meta name=\"twitter:data2\" content=\"6 minutes\" \/>\n<script type=\"application\/ld+json\" class=\"yoast-schema-graph\">{\"@context\":\"https:\/\/schema.org\",\"@graph\":[{\"@type\":\"Article\",\"@id\":\"https:\/\/orthodoxalbania.org\/2020\/2007\/02\/26\/pashke-2007\/#article\",\"isPartOf\":{\"@id\":\"https:\/\/orthodoxalbania.org\/2020\/2007\/02\/26\/pashke-2007\/\"},\"author\":{\"name\":\"Kisha Orthodhokse\",\"@id\":\"https:\/\/orthodoxalbania.org\/2020\/#\/schema\/person\/0c387634a7063ac612d7ed9ce71c7e86\"},\"headline\":\"P\u00ebrsh\u00ebndetja e Kryepiskopit me rastin e Pashk\u00ebs 2007\",\"datePublished\":\"2007-02-26T00:00:00+00:00\",\"dateModified\":\"2020-04-06T20:35:46+00:00\",\"mainEntityOfPage\":{\"@id\":\"https:\/\/orthodoxalbania.org\/2020\/2007\/02\/26\/pashke-2007\/\"},\"wordCount\":1207,\"commentCount\":0,\"publisher\":{\"@id\":\"https:\/\/orthodoxalbania.org\/2020\/#organization\"},\"image\":{\"@id\":\"https:\/\/orthodoxalbania.org\/2020\/2007\/02\/26\/pashke-2007\/#primaryimage\"},\"thumbnailUrl\":\"https:\/\/lh3.googleusercontent.com\/-0XaSr7tg_9w\/U_NB8PwotlI\/AAAAAAAAA2g\/QXaauIV8bCc\/s577-no\/logo.png\",\"keywords\":[\"2007\",\"Kryepiskopata Tiran\u00eb\",\"Kryepiskopi Anastas\",\"lajme\",\"Mesazhet Festive\",\"Pashk\u00eb\"],\"articleSection\":[\"Lajme\"],\"inLanguage\":\"en-US\"},{\"@type\":\"WebPage\",\"@id\":\"https:\/\/orthodoxalbania.org\/2020\/2007\/02\/26\/pashke-2007\/\",\"url\":\"https:\/\/orthodoxalbania.org\/2020\/2007\/02\/26\/pashke-2007\/\",\"name\":\"P\u00ebrsh\u00ebndetja e Kryepiskopit me rastin e Pashk\u00ebs 2007 - Kisha Orthodh\u03bfkse Autoqefale e Shqip\u00ebris\u00eb\",\"isPartOf\":{\"@id\":\"https:\/\/orthodoxalbania.org\/2020\/#website\"},\"primaryImageOfPage\":{\"@id\":\"https:\/\/orthodoxalbania.org\/2020\/2007\/02\/26\/pashke-2007\/#primaryimage\"},\"image\":{\"@id\":\"https:\/\/orthodoxalbania.org\/2020\/2007\/02\/26\/pashke-2007\/#primaryimage\"},\"thumbnailUrl\":\"https:\/\/lh3.googleusercontent.com\/-0XaSr7tg_9w\/U_NB8PwotlI\/AAAAAAAAA2g\/QXaauIV8bCc\/s577-no\/logo.png\",\"datePublished\":\"2007-02-26T00:00:00+00:00\",\"dateModified\":\"2020-04-06T20:35:46+00:00\",\"breadcrumb\":{\"@id\":\"https:\/\/orthodoxalbania.org\/2020\/2007\/02\/26\/pashke-2007\/#breadcrumb\"},\"inLanguage\":\"en-US\",\"potentialAction\":[{\"@type\":\"ReadAction\",\"target\":[\"https:\/\/orthodoxalbania.org\/2020\/2007\/02\/26\/pashke-2007\/\"]}]},{\"@type\":\"ImageObject\",\"inLanguage\":\"en-US\",\"@id\":\"https:\/\/orthodoxalbania.org\/2020\/2007\/02\/26\/pashke-2007\/#primaryimage\",\"url\":\"https:\/\/lh3.googleusercontent.com\/-0XaSr7tg_9w\/U_NB8PwotlI\/AAAAAAAAA2g\/QXaauIV8bCc\/s577-no\/logo.png\",\"contentUrl\":\"https:\/\/lh3.googleusercontent.com\/-0XaSr7tg_9w\/U_NB8PwotlI\/AAAAAAAAA2g\/QXaauIV8bCc\/s577-no\/logo.png\"},{\"@type\":\"BreadcrumbList\",\"@id\":\"https:\/\/orthodoxalbania.org\/2020\/2007\/02\/26\/pashke-2007\/#breadcrumb\",\"itemListElement\":[{\"@type\":\"ListItem\",\"position\":1,\"name\":\"Home\",\"item\":\"https:\/\/orthodoxalbania.org\/2020\/\"},{\"@type\":\"ListItem\",\"position\":2,\"name\":\"P\u00ebrsh\u00ebndetja e Kryepiskopit me rastin e Pashk\u00ebs 2007\"}]},{\"@type\":\"WebSite\",\"@id\":\"https:\/\/orthodoxalbania.org\/2020\/#website\",\"url\":\"https:\/\/orthodoxalbania.org\/2020\/\",\"name\":\"Kisha Orthodh\u03bfkse Autoqefale e Shqip\u00ebris\u00eb\",\"description\":\"Fqja Zyrtare e Kish\u00ebs Orthodhokse Autoqefale e Shqip\u00ebris\u00eb me lajmet edhe informacionet zyrtare p\u00ebr struktur\u00ebn edhe veprimtarin e saj.\",\"publisher\":{\"@id\":\"https:\/\/orthodoxalbania.org\/2020\/#organization\"},\"potentialAction\":[{\"@type\":\"SearchAction\",\"target\":{\"@type\":\"EntryPoint\",\"urlTemplate\":\"https:\/\/orthodoxalbania.org\/2020\/?s={search_term_string}\"},\"query-input\":{\"@type\":\"PropertyValueSpecification\",\"valueRequired\":true,\"valueName\":\"search_term_string\"}}],\"inLanguage\":\"en-US\"},{\"@type\":\"Organization\",\"@id\":\"https:\/\/orthodoxalbania.org\/2020\/#organization\",\"name\":\"Kisha Orthodhokse Autoqefale e Shqip\u00ebris\u00eb\",\"url\":\"https:\/\/orthodoxalbania.org\/2020\/\",\"logo\":{\"@type\":\"ImageObject\",\"inLanguage\":\"en-US\",\"@id\":\"https:\/\/orthodoxalbania.org\/2020\/#\/schema\/logo\/image\/\",\"url\":\"https:\/\/orthodoxalbania.org\/2020\/wp-content\/uploads\/2020\/05\/albania.jpeg\",\"contentUrl\":\"https:\/\/orthodoxalbania.org\/2020\/wp-content\/uploads\/2020\/05\/albania.jpeg\",\"width\":540,\"height\":540,\"caption\":\"Kisha Orthodhokse Autoqefale e Shqip\u00ebris\u00eb\"},\"image\":{\"@id\":\"https:\/\/orthodoxalbania.org\/2020\/#\/schema\/logo\/image\/\"},\"sameAs\":[\"https:\/\/www.facebook.com\/koash1991\"]},{\"@type\":\"Person\",\"@id\":\"https:\/\/orthodoxalbania.org\/2020\/#\/schema\/person\/0c387634a7063ac612d7ed9ce71c7e86\",\"name\":\"Kisha Orthodhokse\",\"image\":{\"@type\":\"ImageObject\",\"inLanguage\":\"en-US\",\"@id\":\"https:\/\/secure.gravatar.com\/avatar\/596e7c417251e30f2fbb9c00e026fce61a695a00e51c889caded71c96cbbdde5?s=96&d=mm&r=g\",\"url\":\"https:\/\/secure.gravatar.com\/avatar\/596e7c417251e30f2fbb9c00e026fce61a695a00e51c889caded71c96cbbdde5?s=96&d=mm&r=g\",\"contentUrl\":\"https:\/\/secure.gravatar.com\/avatar\/596e7c417251e30f2fbb9c00e026fce61a695a00e51c889caded71c96cbbdde5?s=96&d=mm&r=g\",\"caption\":\"Kisha Orthodhokse\"}}]}<\/script>\n<!-- \/ Yoast SEO plugin. -->","yoast_head_json":{"title":"P\u00ebrsh\u00ebndetja e Kryepiskopit me rastin e Pashk\u00ebs 2007 - Kisha Orthodh\u03bfkse Autoqefale e Shqip\u00ebris\u00eb","robots":{"index":"index","follow":"follow","max-snippet":"max-snippet:-1","max-image-preview":"max-image-preview:large","max-video-preview":"max-video-preview:-1"},"canonical":"https:\/\/orthodoxalbania.org\/2020\/2007\/02\/26\/pashke-2007\/","og_locale":"en_US","og_type":"article","og_title":"P\u00ebrsh\u00ebndetja e Kryepiskopit me rastin e Pashk\u00ebs 2007 - Kisha Orthodh\u03bfkse Autoqefale e Shqip\u00ebris\u00eb","og_description":"&nbsp; Kisha Orthodhokse Autoqefale e Shqip\u00ebris\u00eb PASHK\u00cb 2007 Fitore e trefisht\u00eb +Anastasi Kryepiskop i Tiran\u00ebs, Durr\u00ebsit dhe i gjith\u00eb Shqip\u00ebris\u00eb &nbsp; &nbsp;&nbsp;&nbsp; Klerit dhe besimtar\u00ebve shpres\u00ebtar\u00eb Orthodhoks\u00eb, &nbsp;&nbsp;&nbsp; Bij t\u00eb shtrenjt\u00eb m\u00eb Zotin, &nbsp; &nbsp; &nbsp;&nbsp;&nbsp; \u201cDhe u ngjalle si Fitimtar, o Krisht Per\u00ebndi\u201d &nbsp; &nbsp; I &nbsp; &nbsp;&nbsp;&nbsp; Sot, me ngaz\u00ebllim t\u00eb ve\u00e7ant\u00eb kremtojm\u00eb FITOREN kryesore, triumfin e trefisht\u00eb t\u00eb Zotit ton\u00eb Jisu Krisht;","og_url":"https:\/\/orthodoxalbania.org\/2020\/2007\/02\/26\/pashke-2007\/","og_site_name":"Kisha Orthodh\u03bfkse Autoqefale e Shqip\u00ebris\u00eb","article_publisher":"https:\/\/www.facebook.com\/koash1991","article_published_time":"2007-02-26T00:00:00+00:00","article_modified_time":"2020-04-06T20:35:46+00:00","og_image":[{"url":"https:\/\/lh3.googleusercontent.com\/-0XaSr7tg_9w\/U_NB8PwotlI\/AAAAAAAAA2g\/QXaauIV8bCc\/s577-no\/logo.png","type":"","width":"","height":""}],"author":"Kisha Orthodhokse","twitter_card":"summary_large_image","twitter_misc":{"Written by":"Kisha Orthodhokse","Est. reading time":"6 minutes"},"schema":{"@context":"https:\/\/schema.org","@graph":[{"@type":"Article","@id":"https:\/\/orthodoxalbania.org\/2020\/2007\/02\/26\/pashke-2007\/#article","isPartOf":{"@id":"https:\/\/orthodoxalbania.org\/2020\/2007\/02\/26\/pashke-2007\/"},"author":{"name":"Kisha Orthodhokse","@id":"https:\/\/orthodoxalbania.org\/2020\/#\/schema\/person\/0c387634a7063ac612d7ed9ce71c7e86"},"headline":"P\u00ebrsh\u00ebndetja e Kryepiskopit me rastin e Pashk\u00ebs 2007","datePublished":"2007-02-26T00:00:00+00:00","dateModified":"2020-04-06T20:35:46+00:00","mainEntityOfPage":{"@id":"https:\/\/orthodoxalbania.org\/2020\/2007\/02\/26\/pashke-2007\/"},"wordCount":1207,"commentCount":0,"publisher":{"@id":"https:\/\/orthodoxalbania.org\/2020\/#organization"},"image":{"@id":"https:\/\/orthodoxalbania.org\/2020\/2007\/02\/26\/pashke-2007\/#primaryimage"},"thumbnailUrl":"https:\/\/lh3.googleusercontent.com\/-0XaSr7tg_9w\/U_NB8PwotlI\/AAAAAAAAA2g\/QXaauIV8bCc\/s577-no\/logo.png","keywords":["2007","Kryepiskopata Tiran\u00eb","Kryepiskopi Anastas","lajme","Mesazhet Festive","Pashk\u00eb"],"articleSection":["Lajme"],"inLanguage":"en-US"},{"@type":"WebPage","@id":"https:\/\/orthodoxalbania.org\/2020\/2007\/02\/26\/pashke-2007\/","url":"https:\/\/orthodoxalbania.org\/2020\/2007\/02\/26\/pashke-2007\/","name":"P\u00ebrsh\u00ebndetja e Kryepiskopit me rastin e Pashk\u00ebs 2007 - Kisha Orthodh\u03bfkse Autoqefale e Shqip\u00ebris\u00eb","isPartOf":{"@id":"https:\/\/orthodoxalbania.org\/2020\/#website"},"primaryImageOfPage":{"@id":"https:\/\/orthodoxalbania.org\/2020\/2007\/02\/26\/pashke-2007\/#primaryimage"},"image":{"@id":"https:\/\/orthodoxalbania.org\/2020\/2007\/02\/26\/pashke-2007\/#primaryimage"},"thumbnailUrl":"https:\/\/lh3.googleusercontent.com\/-0XaSr7tg_9w\/U_NB8PwotlI\/AAAAAAAAA2g\/QXaauIV8bCc\/s577-no\/logo.png","datePublished":"2007-02-26T00:00:00+00:00","dateModified":"2020-04-06T20:35:46+00:00","breadcrumb":{"@id":"https:\/\/orthodoxalbania.org\/2020\/2007\/02\/26\/pashke-2007\/#breadcrumb"},"inLanguage":"en-US","potentialAction":[{"@type":"ReadAction","target":["https:\/\/orthodoxalbania.org\/2020\/2007\/02\/26\/pashke-2007\/"]}]},{"@type":"ImageObject","inLanguage":"en-US","@id":"https:\/\/orthodoxalbania.org\/2020\/2007\/02\/26\/pashke-2007\/#primaryimage","url":"https:\/\/lh3.googleusercontent.com\/-0XaSr7tg_9w\/U_NB8PwotlI\/AAAAAAAAA2g\/QXaauIV8bCc\/s577-no\/logo.png","contentUrl":"https:\/\/lh3.googleusercontent.com\/-0XaSr7tg_9w\/U_NB8PwotlI\/AAAAAAAAA2g\/QXaauIV8bCc\/s577-no\/logo.png"},{"@type":"BreadcrumbList","@id":"https:\/\/orthodoxalbania.org\/2020\/2007\/02\/26\/pashke-2007\/#breadcrumb","itemListElement":[{"@type":"ListItem","position":1,"name":"Home","item":"https:\/\/orthodoxalbania.org\/2020\/"},{"@type":"ListItem","position":2,"name":"P\u00ebrsh\u00ebndetja e Kryepiskopit me rastin e Pashk\u00ebs 2007"}]},{"@type":"WebSite","@id":"https:\/\/orthodoxalbania.org\/2020\/#website","url":"https:\/\/orthodoxalbania.org\/2020\/","name":"Kisha Orthodh\u03bfkse Autoqefale e Shqip\u00ebris\u00eb","description":"Fqja Zyrtare e Kish\u00ebs Orthodhokse Autoqefale e Shqip\u00ebris\u00eb me lajmet edhe informacionet zyrtare p\u00ebr struktur\u00ebn edhe veprimtarin e saj.","publisher":{"@id":"https:\/\/orthodoxalbania.org\/2020\/#organization"},"potentialAction":[{"@type":"SearchAction","target":{"@type":"EntryPoint","urlTemplate":"https:\/\/orthodoxalbania.org\/2020\/?s={search_term_string}"},"query-input":{"@type":"PropertyValueSpecification","valueRequired":true,"valueName":"search_term_string"}}],"inLanguage":"en-US"},{"@type":"Organization","@id":"https:\/\/orthodoxalbania.org\/2020\/#organization","name":"Kisha Orthodhokse Autoqefale e Shqip\u00ebris\u00eb","url":"https:\/\/orthodoxalbania.org\/2020\/","logo":{"@type":"ImageObject","inLanguage":"en-US","@id":"https:\/\/orthodoxalbania.org\/2020\/#\/schema\/logo\/image\/","url":"https:\/\/orthodoxalbania.org\/2020\/wp-content\/uploads\/2020\/05\/albania.jpeg","contentUrl":"https:\/\/orthodoxalbania.org\/2020\/wp-content\/uploads\/2020\/05\/albania.jpeg","width":540,"height":540,"caption":"Kisha Orthodhokse Autoqefale e Shqip\u00ebris\u00eb"},"image":{"@id":"https:\/\/orthodoxalbania.org\/2020\/#\/schema\/logo\/image\/"},"sameAs":["https:\/\/www.facebook.com\/koash1991"]},{"@type":"Person","@id":"https:\/\/orthodoxalbania.org\/2020\/#\/schema\/person\/0c387634a7063ac612d7ed9ce71c7e86","name":"Kisha Orthodhokse","image":{"@type":"ImageObject","inLanguage":"en-US","@id":"https:\/\/secure.gravatar.com\/avatar\/596e7c417251e30f2fbb9c00e026fce61a695a00e51c889caded71c96cbbdde5?s=96&d=mm&r=g","url":"https:\/\/secure.gravatar.com\/avatar\/596e7c417251e30f2fbb9c00e026fce61a695a00e51c889caded71c96cbbdde5?s=96&d=mm&r=g","contentUrl":"https:\/\/secure.gravatar.com\/avatar\/596e7c417251e30f2fbb9c00e026fce61a695a00e51c889caded71c96cbbdde5?s=96&d=mm&r=g","caption":"Kisha Orthodhokse"}}]}},"_links":{"self":[{"href":"https:\/\/orthodoxalbania.org\/2020\/wp-json\/wp\/v2\/posts\/1103","targetHints":{"allow":["GET"]}}],"collection":[{"href":"https:\/\/orthodoxalbania.org\/2020\/wp-json\/wp\/v2\/posts"}],"about":[{"href":"https:\/\/orthodoxalbania.org\/2020\/wp-json\/wp\/v2\/types\/post"}],"author":[{"embeddable":true,"href":"https:\/\/orthodoxalbania.org\/2020\/wp-json\/wp\/v2\/users\/1"}],"replies":[{"embeddable":true,"href":"https:\/\/orthodoxalbania.org\/2020\/wp-json\/wp\/v2\/comments?post=1103"}],"version-history":[{"count":1,"href":"https:\/\/orthodoxalbania.org\/2020\/wp-json\/wp\/v2\/posts\/1103\/revisions"}],"predecessor-version":[{"id":15759,"href":"https:\/\/orthodoxalbania.org\/2020\/wp-json\/wp\/v2\/posts\/1103\/revisions\/15759"}],"wp:attachment":[{"href":"https:\/\/orthodoxalbania.org\/2020\/wp-json\/wp\/v2\/media?parent=1103"}],"wp:term":[{"taxonomy":"category","embeddable":true,"href":"https:\/\/orthodoxalbania.org\/2020\/wp-json\/wp\/v2\/categories?post=1103"},{"taxonomy":"post_tag","embeddable":true,"href":"https:\/\/orthodoxalbania.org\/2020\/wp-json\/wp\/v2\/tags?post=1103"}],"curies":[{"name":"wp","href":"https:\/\/api.w.org\/{rel}","templated":true}]}}