{"id":1101,"date":"2006-02-26T00:00:00","date_gmt":"2006-02-26T00:00:00","guid":{"rendered":""},"modified":"2020-04-06T22:36:03","modified_gmt":"2020-04-06T20:36:03","slug":"pershendetja-e-kryepiskopit-me-rastin-e-pashkes-prill-06","status":"publish","type":"post","link":"https:\/\/orthodoxalbania.org\/2020\/2006\/02\/26\/pershendetja-e-kryepiskopit-me-rastin-e-pashkes-prill-06\/","title":{"rendered":"P\u00ebrsh\u00ebndetja e Kryepiskopit  me rastin e Pashk\u00ebs. (Prill 2006)"},"content":{"rendered":"<p style=\"text-align: center;\"><span style=\"color: #000000; font-size: 12pt;\"><span style=\"font-family: tahoma,geneva,sans-serif;\"><img decoding=\"async\" class=\"lazyload HAa Eha\" style=\"height: 53px; width: 53px; display: block; margin-left: auto; margin-right: auto;\" alt=\"\" src=\"data:image\/svg+xml,%3Csvg%20xmlns%3D%27http%3A%2F%2Fwww.w3.org%2F2000%2Fsvg%27%20width%3D%2753%27%20height%3D%2753%27%20viewBox%3D%270%200%2053%2053%27%3E%3Crect%20width%3D%2753%27%20height%3D%2753%27%20fill-opacity%3D%220%22%2F%3E%3C%2Fsvg%3E\" data-orig-src=\"https:\/\/lh3.googleusercontent.com\/-0XaSr7tg_9w\/U_NB8PwotlI\/AAAAAAAAA2g\/QXaauIV8bCc\/s577-no\/logo.png\" height=\"53px\" width=\"53px\" \/><br \/> <span style=\"font-family: helvetica;\"><strong>KISHA ORTHODHOKSE AUTOQEFALE E SHQIP\u00cbRIS\u00cb<br \/> &nbsp;<\/strong><\/span><\/span><\/span><\/p>\n<div>\n<p style=\"text-align: center;\"><span style=\"color: #000000; font-size: 12pt; font-family: helvetica;\"><strong>PASHK\u00cb 2006<\/strong><\/span><\/p>\n<p style=\"text-align: center;\"><span style=\"color: #000000; font-size: 12pt; font-family: helvetica;\"><em>&nbsp;+Anastasi<\/em><\/span><\/p>\n<p style=\"text-align: center;\"><span style=\"color: #000000; font-size: 12pt; font-family: helvetica;\"><em>Kryepiskop i Tiran\u00ebs, Durr\u00ebsit dhe i gjith\u00eb Shqip\u00ebris\u00eb&nbsp;&nbsp;<\/em><\/span><\/p>\n<p style=\"text-align: center;\">&nbsp;<\/p>\n<p style=\"text-align: center;\">&nbsp;<\/p>\n<p>&nbsp;<\/p>\n<p><span style=\"color: #000000; font-size: 12pt; font-family: helvetica;\">&nbsp;&nbsp;&nbsp; Klerit dhe besimtar\u00ebve shpres\u00ebtar\u00eb Orthodhoks\u00eb,<\/span><\/p>\n<p><span style=\"color: #000000; font-size: 12pt; font-family: helvetica;\">&nbsp;&nbsp;&nbsp; Bij t\u00eb shtrenjt\u00eb m\u00eb Zotin,<\/span><\/p>\n<p>&nbsp;<\/p>\n<p>&nbsp;<\/p>\n<p style=\"text-align: center;\"><span style=\"color: #000000; font-size: 12pt; font-family: helvetica;\"><em>\u201cKrishti u Ngjall s\u00eb vdekurish me vdekje vdekjen shkeli\u201d<\/em><\/span><br \/> <span style=\"font-size: 12pt; font-family: helvetica;\"> &nbsp;<\/span><\/p>\n<p style=\"text-align: justify;\"><span style=\"color: #000000; font-size: 12pt; font-family: helvetica;\">&nbsp;&nbsp;&nbsp; Ky himn paskal do t\u00eb trondit\u00eb t\u00ebr\u00eb k\u00ebt\u00eb koh\u00eb mendimet tona, duke p\u00ebrfshir\u00eb n\u00eb m\u00ebnyr\u00eb mistike gjith\u00eb qenien ton\u00eb. D\u00ebshira p\u00ebr jet\u00eb na pushton, por nj\u00ebkoh\u00ebsisht,&nbsp; n\u00eb \u00e7do \u00e7ast vdekja na k\u00ebrc\u00ebnon, n\u00eb forma t\u00eb ndryshme dhe neve na sundon frika e vdekjes. E kremtja e sotme vjen p\u00ebr t\u00eb na kujtuar se n\u00eb p\u00ebrleshjen gjigante midis jet\u00ebs dhe vdekjes, q\u00eb mbizot\u00ebron n\u00eb historin\u00eb njer\u00ebzore, Jisu Krishti e shpartalloi vdekjen me Ngjalljen e Tij.<\/span><\/p>\n<p style=\"text-align: justify;\"><span style=\"color: #000000; font-size: 12pt; font-family: helvetica;\">&nbsp;&nbsp;&nbsp; Trupi q\u00eb mori Zoti yn\u00eb kur u b\u00eb njeri, edhe pse pa m\u00ebkat, ishte, ashtu si trupi yn\u00eb, i n\u00ebnshtruar ndaj vdekjes. Trupi q\u00eb ngriti me Ngjalljen e Tij t\u00eb tridit\u00ebshme, \u00ebsht\u00eb i t\u00ebr\u00ebndritsh\u00ebm dhe i paprishsh\u00ebm. Fjala e Ngjallur e Per\u00ebndis\u00eb u ngjit lart drejt Atit t\u00eb Tij, duke marr\u00eb me vete natyr\u00ebn njer\u00ebzore, s\u00eb cil\u00ebs tashm\u00eb i ofrohet plot\u00ebsia e jet\u00ebs.<\/span><\/p>\n<p style=\"text-align: justify;\"><span style=\"color: #000000; font-size: 12pt; font-family: helvetica;\">&nbsp;&nbsp;&nbsp; Ngjallja e Krishtit i dhuroi njeriut \u00e7lirimin nga vdekja, lirin\u00eb nga frika e vdekjes dhe ankthit q\u00eb ajo shkakton. \u201cAskush t\u00eb mos ket\u00eb frik\u00eb nga vdekja\u201d, shpall Sh\u00ebn Joan Gojarti, \u201cse ne na \u00e7liroi vdekja e Shp\u00ebtimtarit\u201d. Dhe me fjal\u00ebt e Dhiat\u00ebs s\u00eb Re, ai shprehet: \u201cKu \u00ebsht\u00eb, o vdekje, thumbi yt? Ku \u00ebsht\u00eb, o Hadh, fitorja jote? Dhe fal\u00ebnderojm\u00eb Per\u00ebndin\u00eb q\u00eb na dha fitoren me an\u00eb t\u00eb Zotit ton\u00eb Jisu Krisht\u201d (1 Korinthian\u00ebt 15:54,57).<\/span><\/p>\n<p style=\"text-align: justify;\"><span style=\"color: #000000; font-size: 12pt; font-family: helvetica;\">&nbsp;&nbsp;&nbsp; Me Pashk\u00ebn z\u00eb fill shekulli i ri, q\u00eb hyn n\u00eb koh\u00eb dhe e p\u00ebrt\u00ebrin at\u00eb. Pas Ngjalljes ndrit tashm\u00eb jeta dhe tek koha rrezaton p\u00ebrjet\u00ebsia. Kjo siguri, q\u00eb nga periudha e Apostujve, t\u00eb cil\u00ebt ishin d\u00ebshmitar\u00eb t\u00eb ngjarjes unikale t\u00eb Ngjalljes, deri n\u00eb dit\u00ebt tona, p\u00ebrfshin Kish\u00ebn dhe p\u00ebrcakton identitetin e saj.&nbsp;<\/span><\/p>\n<p style=\"text-align: justify;\">&nbsp;<\/p>\n<p style=\"text-align: center;\"><span style=\"color: #000000; font-size: 12pt; font-family: helvetica;\">*&nbsp; &nbsp;* &nbsp;&nbsp;*<\/span><\/p>\n<p style=\"text-align: center;\">&nbsp;<\/p>\n<p style=\"text-align: justify;\"><span style=\"color: #000000; font-size: 12pt; font-family: helvetica;\">&nbsp;&nbsp;&nbsp; Q\u00eb nj\u00eb dit\u00eb t\u00eb gjith\u00eb do t\u00eb vdesim, \u00ebsht\u00eb e sigurt dhe e dim\u00eb. Por ajo q\u00eb k\u00ebrkohet \u00ebsht\u00eb se si do ta kap\u00ebrcejm\u00eb vdekjen, si do t\u00eb rrojm\u00eb. Mesazhi i p\u00ebrhersh\u00ebm i Kish\u00ebs \u00ebsht\u00eb se nuk sundon vdekja kur ne jemi n\u00eb&nbsp;<em>shoq\u00ebri me<\/em><em>&nbsp;Krishtin.<\/em>&nbsp;Sepse Ai \u00ebsht\u00eb \u201cNgjallja dhe jeta\u201d (Joani 11:25), q\u00eb si Per\u00ebndi ua transmeton t\u00eb gjith\u00eb atyre q\u00eb bashkohen me T\u00eb.<\/span><\/p>\n<p style=\"text-align: justify;\"><span style=\"color: #000000; font-size: 12pt; font-family: helvetica;\">&nbsp;&nbsp;&nbsp; Kjo&nbsp;<em>shoq\u00ebri<\/em>&nbsp;para s\u00eb gjithash \u00ebsht\u00eb dhurat\u00eb, \u201chir\u201d. Nj\u00eb hir q\u00eb nuk imponohet, por q\u00eb do t\u00eb duhet t\u00eb pranohet lirisht nga nd\u00ebrgjegjja e njeriut. Ai ka t\u00eb b\u00ebj\u00eb me njohjen, besimin, dashurin\u00eb, me p\u00ebrfshirjen dhe pjes\u00ebmarrjen n\u00eb Trupin e Krishtit t\u00eb Ngjallur, me misteret e Kish\u00ebs s\u00eb Tij. Jeta e re m\u00eb Krishtin na jepet brenda Kish\u00ebs me hirin e Shpirtit t\u00eb Shenjt\u00eb. \u00c7do Liturgji Hyjnore \u00ebsht\u00eb Pashk\u00eb dhe kungimi \u00ebsht\u00eb dhurat\u00eb e hirit t\u00eb Shpirtit t\u00eb Shenjt\u00eb \u201cp\u00ebr jet\u00eb t\u00eb amshuar\u201d. Liturgjia hyjnore e Vasilit t\u00eb Madh e thekson: \u201cE pam\u00eb&nbsp; tipin e Ngjalljes sate; u mbush\u00ebm me jet\u00ebn t\u00ebnde t\u00eb am\u00ebshuar&#8230;\u201d. Jeta jon\u00eb merr kuptim nga ajo \u00e7ka aspirojm\u00eb. Dhe ne \u201cpresim ngjalljen e t\u00eb vdekurve dhe jet\u00ebn e ardhshme t\u00eb amshuar. K\u00ebshtu, pas Kungat\u00ebs Hyjnore, k\u00ebndojm\u00eb himnin: \u201cO Pashk\u00eb e madhe dhe e t\u00ebr\u00ebshenjt\u00eb, o Krisht&#8230; na jep neve mund\u00ebsin\u00eb p\u00ebr t\u00eb marr\u00eb pjes\u00eb n\u00eb dit\u00ebn q\u00eb nuk per\u00ebndon t\u00eb mbret\u00ebris\u00eb sate\u201d.&nbsp;<\/span><\/p>\n<p style=\"text-align: justify;\">&nbsp;<\/p>\n<p style=\"text-align: center;\"><span style=\"color: #000000; font-size: 12pt; font-family: helvetica;\">*&nbsp;&nbsp; * &nbsp;&nbsp;*<\/span><\/p>\n<p style=\"text-align: center;\">&nbsp;<\/p>\n<p style=\"text-align: justify;\"><span style=\"color: #000000; font-size: 12pt; font-family: helvetica;\">&nbsp;&nbsp;&nbsp; Me vdekjen p\u00ebrballemi p\u00ebrdit\u00eb; me s\u00ebmundjet, me humbjen e njer\u00ebzve tan\u00eb t\u00eb dashur, me ndarjet tragjike. N\u00eb k\u00ebt\u00eb kufi t\u00eb friksh\u00ebm, vet\u00ebm besimi tek Krishti i Ngjallur hap horizontin e mbyllur dhe na jep ngush\u00ebllim dhe mund\u00ebsin\u00eb p\u00ebr t\u00eb mbajtur lidhjet me t\u00eb gjith\u00eb ata q\u00eb ik\u00ebn \u2013 me lutjen, dashurin\u00eb, heshtjen paq\u00ebsore. \u201cKujtimi i vdekjes\u201d b\u00ebhet kujtim ngjalljeje; na \u00e7liron nga ankthi dhe nga tronditja. \u201cAskush t\u00eb mos ket\u00eb frik\u00eb nga vdekja, se ajo nuk \u00ebsht\u00eb prishje, por pik\u00ebnisje e jet\u00ebs\u201d, ngush\u00ebllon Vasili i Madh.<\/span><\/p>\n<p style=\"text-align: justify;\"><span style=\"color: #000000; font-size: 12pt; font-family: helvetica;\">&nbsp;&nbsp;&nbsp; Megjithat\u00eb, ve\u00e7 shijes s\u00eb drejtp\u00ebrdrejt\u00eb t\u00eb vdekjes reale, n\u00eb jet\u00ebn e p\u00ebrditshme ka<em>kund\u00ebrmime vdekjeje,<\/em>&nbsp;q\u00eb i l\u00ebshojn\u00eb n\u00eb m\u00ebnyr\u00eb indirekte jo vet\u00ebm rreziqet e shumta q\u00eb ushtrojn\u00eb trysni n\u00eb jet\u00ebn ton\u00eb, por gjithashtu m\u00ebkati, padrejt\u00ebsia, shpifjet, smira, urrejtja. N\u00eb k\u00ebto kund\u00ebrmime helmuese, q\u00eb p\u00ebrcjellin frym\u00ebn e Hadhit n\u00eb jet\u00ebn ton\u00eb t\u00eb p\u00ebrditshme, ekziston dhe antidoti. Ai \u00ebsht\u00eb p\u00ebrjetimi i s\u00eb v\u00ebrtet\u00ebs s\u00eb Ngjalljes me besimin, mendjen, me himnin, me t\u00ebr\u00eb qenien ton\u00eb. Duke fuqizuar brenda nesh sigurin\u00eb e Ngjalljes s\u00eb Krishtit, Kisha na jep q\u00ebndres\u00eb t\u00eb brendshme p\u00ebr t&#8217;iu kund\u00ebrv\u00ebn\u00eb qet\u00ebsisht frym\u00ebs s\u00eb \u00e7do lloji vdekjeje. Duke e jetuar brenda&nbsp; Kish\u00ebs ngjarjen e Pashk\u00ebs, ne marrim energji t\u00eb reja p\u00ebr t\u00eb qen\u00eb mbart\u00ebs t\u00eb jet\u00ebs s\u00eb re, t\u00eb v\u00ebrtet\u00eb, krijuese.<\/span><\/p>\n<p style=\"text-align: justify;\"><span style=\"color: #000000; font-size: 12pt; font-family: helvetica;\">&nbsp;&nbsp;&nbsp; Ritmi i Ngjalljes, q\u00eb koordinon jet\u00ebn adhuruese Orthodhokse, q\u00eb mb\u00ebshtet qenien ton\u00eb, q\u00eb p\u00ebrt\u00ebrin vazhdimisht shpres\u00ebn ton\u00eb, q\u00eb na jep vizion t\u00eb ri dhe entuziaz\u00ebm p\u00ebr jet\u00ebn, sundohet nga p\u00ebrjet\u00ebsia. Morali i Ngjalljes transformon fytyr\u00ebn e ashp\u00ebr t\u00eb s\u00eb p\u00ebrditshmes. Na ndihmon p\u00ebr t\u00eb par\u00eb edhe n\u00eb kushte melankolie, nj\u00eb pashk\u00eb, pra nj\u00eb \u201ckalim\u201d, nj\u00eb dalje n\u00eb drit\u00eb. Ngjallja, qoft\u00eb edhe n\u00eb m\u00ebnyr\u00eb t\u00eb pavet\u00ebdijshme, \u00ebsht\u00eb b\u00ebr\u00eb burim i p\u00ebrt\u00ebritjes s\u00eb bot\u00ebs. Njer\u00ebzit q\u00eb i besuan Krishtit t\u00eb Ngjallur, mund\u00ebn, me fuqin\u00eb e Tij, t\u00eb transformojn\u00eb armiq\u00ebsin\u00eb n\u00eb pajtim, urrejtjen n\u00eb dashuri, dhembjen n\u00eb g\u00ebzim, posht\u00ebrimin n\u00eb triumf, t\u00eb p\u00ebrditshmen pa kuptim n\u00eb krijimtari. Brenda rrezatimit t\u00eb Ngjalljes, t\u00eb gjith\u00eb e t\u00eb gjitha mund t\u00eb transformohen dhe t\u00eb mbushen me drit\u00eb.&nbsp;<\/span><\/p>\n<p style=\"text-align: justify;\">&nbsp;<\/p>\n<p style=\"text-align: center;\"><span style=\"color: #000000; font-size: 12pt; font-family: helvetica;\">*&nbsp;&nbsp; * &nbsp;&nbsp;*<\/span><\/p>\n<p style=\"text-align: center;\">&nbsp;<\/p>\n<p style=\"text-align: justify;\"><span style=\"color: #000000; font-size: 12pt; font-family: helvetica;\"><em>&nbsp;&nbsp;&nbsp; \u201cKrishti u Ngjall s\u00eb vdekurish me vdekje vdekjen shkeli\u201d<\/em><\/span><\/p>\n<p style=\"text-align: justify;\"><span style=\"color: #000000; font-size: 12pt; font-family: helvetica;\">&nbsp;&nbsp;&nbsp; Dy probleme, n\u00eb m\u00ebnyr\u00eb t\u00eb ve\u00e7ant\u00eb, mundojn\u00eb njeriun: \u201cI pari, q\u00eb do t\u00eb vdes\u00eb. I dyti, q\u00eb do t\u00eb rijetoj\u00eb\u201d. T\u00eb dyja, gjejn\u00eb kuptim dhe zgjidhje brenda drit\u00ebs s\u00eb Ngjalljes s\u00eb Krishtit, i cili \u00ebsht\u00eb Mund\u00ebsi i vdekjes dhe jeta e bot\u00ebs. N\u00eb besimin dhe n\u00eb adhurimin e Orthodhoksis\u00eb gjendet nj\u00eb dinamiz\u00ebm shum\u00eb i madh Ngjalljeje.<\/span><\/p>\n<p style=\"text-align: justify;\"><span style=\"color: #000000; font-size: 12pt; font-family: helvetica;\">&nbsp;&nbsp;&nbsp; Besimi dhe dashuria jon\u00eb ndaj Zotit t\u00eb Ngjallur, le t\u00eb mbushin qenien ton\u00eb p\u00ebr t\u00eb kuptuar dhe p\u00ebr t\u00eb p\u00ebrballuar k\u00ebto dy \u00e7\u00ebshtje t\u00eb m\u00ebdha qen\u00ebsore: t\u00eb vdekjes dhe t\u00eb jet\u00ebs.<\/span><\/p>\n<p style=\"text-align: justify;\"><span style=\"color: #000000; font-size: 12pt; font-family: helvetica;\">&nbsp;&nbsp;&nbsp; Me v\u00ebshtrimin dhe mendjen t\u00eb p\u00ebrqendruar tek Krishti i Ngjallur, le t\u00eb p\u00ebrballojm\u00eb \u00e7do form\u00eb ose \u00e7do frym\u00eb vdekjeje q\u00eb transmeton m\u00ebkati, smira e padrejt\u00ebsia dhe le t\u00eb b\u00ebhemi frym\u00eb ngjalljeje n\u00eb mjedisin ton\u00eb.<\/span><\/p>\n<p style=\"text-align: justify;\">&nbsp;<\/p>\n<p style=\"text-align: justify;\">&nbsp;<\/p>\n<p style=\"text-align: justify;\"><span style=\"color: #000000; font-size: 12pt; font-family: helvetica;\">&nbsp;&nbsp;&nbsp;&nbsp;&nbsp;&nbsp;&nbsp;&nbsp;&nbsp;&nbsp;&nbsp;&nbsp;&nbsp;&nbsp;&nbsp;&nbsp;&nbsp;&nbsp;&nbsp;&nbsp;&nbsp;&nbsp;&nbsp; G\u00ebzuar Pashk\u00ebt! Me Ngjalljen brenda nesh!<\/span><\/p>\n<p>&nbsp;<\/p>\n<\/div>\n","protected":false},"excerpt":{"rendered":"<p>KISHA ORTHODHOKSE AUTOQEFALE E SHQIP\u00cbRIS\u00cb &nbsp; PASHK\u00cb 2006 &nbsp;+Anastasi Kryepiskop i Tiran\u00ebs, Durr\u00ebsit dhe i gjith\u00eb Shqip\u00ebris\u00eb&nbsp;&nbsp; &nbsp; &nbsp; &nbsp; &nbsp;&nbsp;&nbsp; Klerit dhe besimtar\u00ebve shpres\u00ebtar\u00eb Orthodhoks\u00eb, &nbsp;&nbsp;&nbsp; Bij t\u00eb shtrenjt\u00eb m\u00eb Zotin, &nbsp; &nbsp; \u201cKrishti u Ngjall s\u00eb vdekurish me vdekje vdekjen shkeli\u201d &nbsp; &nbsp;&nbsp;&nbsp; Ky himn paskal do t\u00eb trondit\u00eb t\u00ebr\u00eb k\u00ebt\u00eb koh\u00eb mendimet tona, duke p\u00ebrfshir\u00eb n\u00eb m\u00ebnyr\u00eb mistike gjith\u00eb qenien ton\u00eb. D\u00ebshira<\/p>\n","protected":false},"author":1,"featured_media":0,"comment_status":"open","ping_status":"open","sticky":false,"template":"","format":"standard","meta":{"_acf_changed":false,"pagelayer_contact_templates":[],"_pagelayer_content":"","inline_featured_image":false,"fifu_image_url":"","fifu_image_alt":"","footnotes":""},"categories":[108],"tags":[148,196,201,212,152,189],"class_list":["post-1101","post","type-post","status-publish","format-standard","hentry","category-lajme","tag-148","tag-tirane","tag-kryepiskopi-anastas","tag-lajme-d27","tag-mesazhet-festive-d19","tag-pashke-2014"],"acf":[],"yoast_head":"<!-- This site is optimized with the Yoast SEO plugin v27.2 - https:\/\/yoast.com\/product\/yoast-seo-wordpress\/ -->\n<title>P\u00ebrsh\u00ebndetja e Kryepiskopit me rastin e Pashk\u00ebs. (Prill 2006) - Kisha Orthodh\u03bfkse Autoqefale e Shqip\u00ebris\u00eb<\/title>\n<meta name=\"robots\" content=\"index, follow, max-snippet:-1, max-image-preview:large, max-video-preview:-1\" \/>\n<link rel=\"canonical\" href=\"https:\/\/orthodoxalbania.org\/2020\/2006\/02\/26\/pershendetja-e-kryepiskopit-me-rastin-e-pashkes-prill-06\/\" \/>\n<meta property=\"og:locale\" content=\"en_US\" \/>\n<meta property=\"og:type\" content=\"article\" \/>\n<meta property=\"og:title\" content=\"P\u00ebrsh\u00ebndetja e Kryepiskopit me rastin e Pashk\u00ebs. (Prill 2006) - Kisha Orthodh\u03bfkse Autoqefale e Shqip\u00ebris\u00eb\" \/>\n<meta property=\"og:description\" content=\"KISHA ORTHODHOKSE AUTOQEFALE E SHQIP\u00cbRIS\u00cb &nbsp; PASHK\u00cb 2006 &nbsp;+Anastasi Kryepiskop i Tiran\u00ebs, Durr\u00ebsit dhe i gjith\u00eb Shqip\u00ebris\u00eb&nbsp;&nbsp; &nbsp; &nbsp; &nbsp; &nbsp;&nbsp;&nbsp; Klerit dhe besimtar\u00ebve shpres\u00ebtar\u00eb Orthodhoks\u00eb, &nbsp;&nbsp;&nbsp; Bij t\u00eb shtrenjt\u00eb m\u00eb Zotin, &nbsp; &nbsp; \u201cKrishti u Ngjall s\u00eb vdekurish me vdekje vdekjen shkeli\u201d &nbsp; &nbsp;&nbsp;&nbsp; Ky himn paskal do t\u00eb trondit\u00eb t\u00ebr\u00eb k\u00ebt\u00eb koh\u00eb mendimet tona, duke p\u00ebrfshir\u00eb n\u00eb m\u00ebnyr\u00eb mistike gjith\u00eb qenien ton\u00eb. D\u00ebshira\" \/>\n<meta property=\"og:url\" content=\"https:\/\/orthodoxalbania.org\/2020\/2006\/02\/26\/pershendetja-e-kryepiskopit-me-rastin-e-pashkes-prill-06\/\" \/>\n<meta property=\"og:site_name\" content=\"Kisha Orthodh\u03bfkse Autoqefale e Shqip\u00ebris\u00eb\" \/>\n<meta property=\"article:publisher\" content=\"https:\/\/www.facebook.com\/koash1991\" \/>\n<meta property=\"article:published_time\" content=\"2006-02-26T00:00:00+00:00\" \/>\n<meta property=\"article:modified_time\" content=\"2020-04-06T20:36:03+00:00\" \/>\n<meta property=\"og:image\" content=\"https:\/\/lh3.googleusercontent.com\/-0XaSr7tg_9w\/U_NB8PwotlI\/AAAAAAAAA2g\/QXaauIV8bCc\/s577-no\/logo.png\" \/>\n<meta name=\"author\" content=\"Kisha Orthodhokse\" \/>\n<meta name=\"twitter:card\" content=\"summary_large_image\" \/>\n<meta name=\"twitter:label1\" content=\"Written by\" \/>\n\t<meta name=\"twitter:data1\" content=\"Kisha Orthodhokse\" \/>\n\t<meta name=\"twitter:label2\" content=\"Est. reading time\" \/>\n\t<meta name=\"twitter:data2\" content=\"6 minutes\" \/>\n<script type=\"application\/ld+json\" class=\"yoast-schema-graph\">{\"@context\":\"https:\/\/schema.org\",\"@graph\":[{\"@type\":\"Article\",\"@id\":\"https:\/\/orthodoxalbania.org\/2020\/2006\/02\/26\/pershendetja-e-kryepiskopit-me-rastin-e-pashkes-prill-06\/#article\",\"isPartOf\":{\"@id\":\"https:\/\/orthodoxalbania.org\/2020\/2006\/02\/26\/pershendetja-e-kryepiskopit-me-rastin-e-pashkes-prill-06\/\"},\"author\":{\"name\":\"Kisha Orthodhokse\",\"@id\":\"https:\/\/orthodoxalbania.org\/2020\/#\/schema\/person\/0c387634a7063ac612d7ed9ce71c7e86\"},\"headline\":\"P\u00ebrsh\u00ebndetja e Kryepiskopit me rastin e Pashk\u00ebs. (Prill 2006)\",\"datePublished\":\"2006-02-26T00:00:00+00:00\",\"dateModified\":\"2020-04-06T20:36:03+00:00\",\"mainEntityOfPage\":{\"@id\":\"https:\/\/orthodoxalbania.org\/2020\/2006\/02\/26\/pershendetja-e-kryepiskopit-me-rastin-e-pashkes-prill-06\/\"},\"wordCount\":1278,\"commentCount\":0,\"publisher\":{\"@id\":\"https:\/\/orthodoxalbania.org\/2020\/#organization\"},\"image\":{\"@id\":\"https:\/\/orthodoxalbania.org\/2020\/2006\/02\/26\/pershendetja-e-kryepiskopit-me-rastin-e-pashkes-prill-06\/#primaryimage\"},\"thumbnailUrl\":\"https:\/\/lh3.googleusercontent.com\/-0XaSr7tg_9w\/U_NB8PwotlI\/AAAAAAAAA2g\/QXaauIV8bCc\/s577-no\/logo.png\",\"keywords\":[\"2006\",\"Kryepiskopata Tiran\u00eb\",\"Kryepiskopi Anastas\",\"lajme\",\"Mesazhet Festive\",\"Pashk\u00eb\"],\"articleSection\":[\"Lajme\"],\"inLanguage\":\"en-US\"},{\"@type\":\"WebPage\",\"@id\":\"https:\/\/orthodoxalbania.org\/2020\/2006\/02\/26\/pershendetja-e-kryepiskopit-me-rastin-e-pashkes-prill-06\/\",\"url\":\"https:\/\/orthodoxalbania.org\/2020\/2006\/02\/26\/pershendetja-e-kryepiskopit-me-rastin-e-pashkes-prill-06\/\",\"name\":\"P\u00ebrsh\u00ebndetja e Kryepiskopit me rastin e Pashk\u00ebs. (Prill 2006) - Kisha Orthodh\u03bfkse Autoqefale e Shqip\u00ebris\u00eb\",\"isPartOf\":{\"@id\":\"https:\/\/orthodoxalbania.org\/2020\/#website\"},\"primaryImageOfPage\":{\"@id\":\"https:\/\/orthodoxalbania.org\/2020\/2006\/02\/26\/pershendetja-e-kryepiskopit-me-rastin-e-pashkes-prill-06\/#primaryimage\"},\"image\":{\"@id\":\"https:\/\/orthodoxalbania.org\/2020\/2006\/02\/26\/pershendetja-e-kryepiskopit-me-rastin-e-pashkes-prill-06\/#primaryimage\"},\"thumbnailUrl\":\"https:\/\/lh3.googleusercontent.com\/-0XaSr7tg_9w\/U_NB8PwotlI\/AAAAAAAAA2g\/QXaauIV8bCc\/s577-no\/logo.png\",\"datePublished\":\"2006-02-26T00:00:00+00:00\",\"dateModified\":\"2020-04-06T20:36:03+00:00\",\"breadcrumb\":{\"@id\":\"https:\/\/orthodoxalbania.org\/2020\/2006\/02\/26\/pershendetja-e-kryepiskopit-me-rastin-e-pashkes-prill-06\/#breadcrumb\"},\"inLanguage\":\"en-US\",\"potentialAction\":[{\"@type\":\"ReadAction\",\"target\":[\"https:\/\/orthodoxalbania.org\/2020\/2006\/02\/26\/pershendetja-e-kryepiskopit-me-rastin-e-pashkes-prill-06\/\"]}]},{\"@type\":\"ImageObject\",\"inLanguage\":\"en-US\",\"@id\":\"https:\/\/orthodoxalbania.org\/2020\/2006\/02\/26\/pershendetja-e-kryepiskopit-me-rastin-e-pashkes-prill-06\/#primaryimage\",\"url\":\"https:\/\/lh3.googleusercontent.com\/-0XaSr7tg_9w\/U_NB8PwotlI\/AAAAAAAAA2g\/QXaauIV8bCc\/s577-no\/logo.png\",\"contentUrl\":\"https:\/\/lh3.googleusercontent.com\/-0XaSr7tg_9w\/U_NB8PwotlI\/AAAAAAAAA2g\/QXaauIV8bCc\/s577-no\/logo.png\"},{\"@type\":\"BreadcrumbList\",\"@id\":\"https:\/\/orthodoxalbania.org\/2020\/2006\/02\/26\/pershendetja-e-kryepiskopit-me-rastin-e-pashkes-prill-06\/#breadcrumb\",\"itemListElement\":[{\"@type\":\"ListItem\",\"position\":1,\"name\":\"Home\",\"item\":\"https:\/\/orthodoxalbania.org\/2020\/\"},{\"@type\":\"ListItem\",\"position\":2,\"name\":\"P\u00ebrsh\u00ebndetja e Kryepiskopit me rastin e Pashk\u00ebs. (Prill 2006)\"}]},{\"@type\":\"WebSite\",\"@id\":\"https:\/\/orthodoxalbania.org\/2020\/#website\",\"url\":\"https:\/\/orthodoxalbania.org\/2020\/\",\"name\":\"Kisha Orthodh\u03bfkse Autoqefale e Shqip\u00ebris\u00eb\",\"description\":\"Fqja Zyrtare e Kish\u00ebs Orthodhokse Autoqefale e Shqip\u00ebris\u00eb me lajmet edhe informacionet zyrtare p\u00ebr struktur\u00ebn edhe veprimtarin e saj.\",\"publisher\":{\"@id\":\"https:\/\/orthodoxalbania.org\/2020\/#organization\"},\"potentialAction\":[{\"@type\":\"SearchAction\",\"target\":{\"@type\":\"EntryPoint\",\"urlTemplate\":\"https:\/\/orthodoxalbania.org\/2020\/?s={search_term_string}\"},\"query-input\":{\"@type\":\"PropertyValueSpecification\",\"valueRequired\":true,\"valueName\":\"search_term_string\"}}],\"inLanguage\":\"en-US\"},{\"@type\":\"Organization\",\"@id\":\"https:\/\/orthodoxalbania.org\/2020\/#organization\",\"name\":\"Kisha Orthodhokse Autoqefale e Shqip\u00ebris\u00eb\",\"url\":\"https:\/\/orthodoxalbania.org\/2020\/\",\"logo\":{\"@type\":\"ImageObject\",\"inLanguage\":\"en-US\",\"@id\":\"https:\/\/orthodoxalbania.org\/2020\/#\/schema\/logo\/image\/\",\"url\":\"https:\/\/orthodoxalbania.org\/2020\/wp-content\/uploads\/2020\/05\/albania.jpeg\",\"contentUrl\":\"https:\/\/orthodoxalbania.org\/2020\/wp-content\/uploads\/2020\/05\/albania.jpeg\",\"width\":540,\"height\":540,\"caption\":\"Kisha Orthodhokse Autoqefale e Shqip\u00ebris\u00eb\"},\"image\":{\"@id\":\"https:\/\/orthodoxalbania.org\/2020\/#\/schema\/logo\/image\/\"},\"sameAs\":[\"https:\/\/www.facebook.com\/koash1991\"]},{\"@type\":\"Person\",\"@id\":\"https:\/\/orthodoxalbania.org\/2020\/#\/schema\/person\/0c387634a7063ac612d7ed9ce71c7e86\",\"name\":\"Kisha Orthodhokse\",\"image\":{\"@type\":\"ImageObject\",\"inLanguage\":\"en-US\",\"@id\":\"https:\/\/secure.gravatar.com\/avatar\/596e7c417251e30f2fbb9c00e026fce61a695a00e51c889caded71c96cbbdde5?s=96&d=mm&r=g\",\"url\":\"https:\/\/secure.gravatar.com\/avatar\/596e7c417251e30f2fbb9c00e026fce61a695a00e51c889caded71c96cbbdde5?s=96&d=mm&r=g\",\"contentUrl\":\"https:\/\/secure.gravatar.com\/avatar\/596e7c417251e30f2fbb9c00e026fce61a695a00e51c889caded71c96cbbdde5?s=96&d=mm&r=g\",\"caption\":\"Kisha Orthodhokse\"}}]}<\/script>\n<!-- \/ Yoast SEO plugin. -->","yoast_head_json":{"title":"P\u00ebrsh\u00ebndetja e Kryepiskopit me rastin e Pashk\u00ebs. (Prill 2006) - Kisha Orthodh\u03bfkse Autoqefale e Shqip\u00ebris\u00eb","robots":{"index":"index","follow":"follow","max-snippet":"max-snippet:-1","max-image-preview":"max-image-preview:large","max-video-preview":"max-video-preview:-1"},"canonical":"https:\/\/orthodoxalbania.org\/2020\/2006\/02\/26\/pershendetja-e-kryepiskopit-me-rastin-e-pashkes-prill-06\/","og_locale":"en_US","og_type":"article","og_title":"P\u00ebrsh\u00ebndetja e Kryepiskopit me rastin e Pashk\u00ebs. (Prill 2006) - Kisha Orthodh\u03bfkse Autoqefale e Shqip\u00ebris\u00eb","og_description":"KISHA ORTHODHOKSE AUTOQEFALE E SHQIP\u00cbRIS\u00cb &nbsp; PASHK\u00cb 2006 &nbsp;+Anastasi Kryepiskop i Tiran\u00ebs, Durr\u00ebsit dhe i gjith\u00eb Shqip\u00ebris\u00eb&nbsp;&nbsp; &nbsp; &nbsp; &nbsp; &nbsp;&nbsp;&nbsp; Klerit dhe besimtar\u00ebve shpres\u00ebtar\u00eb Orthodhoks\u00eb, &nbsp;&nbsp;&nbsp; Bij t\u00eb shtrenjt\u00eb m\u00eb Zotin, &nbsp; &nbsp; \u201cKrishti u Ngjall s\u00eb vdekurish me vdekje vdekjen shkeli\u201d &nbsp; &nbsp;&nbsp;&nbsp; Ky himn paskal do t\u00eb trondit\u00eb t\u00ebr\u00eb k\u00ebt\u00eb koh\u00eb mendimet tona, duke p\u00ebrfshir\u00eb n\u00eb m\u00ebnyr\u00eb mistike gjith\u00eb qenien ton\u00eb. D\u00ebshira","og_url":"https:\/\/orthodoxalbania.org\/2020\/2006\/02\/26\/pershendetja-e-kryepiskopit-me-rastin-e-pashkes-prill-06\/","og_site_name":"Kisha Orthodh\u03bfkse Autoqefale e Shqip\u00ebris\u00eb","article_publisher":"https:\/\/www.facebook.com\/koash1991","article_published_time":"2006-02-26T00:00:00+00:00","article_modified_time":"2020-04-06T20:36:03+00:00","og_image":[{"url":"https:\/\/lh3.googleusercontent.com\/-0XaSr7tg_9w\/U_NB8PwotlI\/AAAAAAAAA2g\/QXaauIV8bCc\/s577-no\/logo.png","type":"","width":"","height":""}],"author":"Kisha Orthodhokse","twitter_card":"summary_large_image","twitter_misc":{"Written by":"Kisha Orthodhokse","Est. reading time":"6 minutes"},"schema":{"@context":"https:\/\/schema.org","@graph":[{"@type":"Article","@id":"https:\/\/orthodoxalbania.org\/2020\/2006\/02\/26\/pershendetja-e-kryepiskopit-me-rastin-e-pashkes-prill-06\/#article","isPartOf":{"@id":"https:\/\/orthodoxalbania.org\/2020\/2006\/02\/26\/pershendetja-e-kryepiskopit-me-rastin-e-pashkes-prill-06\/"},"author":{"name":"Kisha Orthodhokse","@id":"https:\/\/orthodoxalbania.org\/2020\/#\/schema\/person\/0c387634a7063ac612d7ed9ce71c7e86"},"headline":"P\u00ebrsh\u00ebndetja e Kryepiskopit me rastin e Pashk\u00ebs. (Prill 2006)","datePublished":"2006-02-26T00:00:00+00:00","dateModified":"2020-04-06T20:36:03+00:00","mainEntityOfPage":{"@id":"https:\/\/orthodoxalbania.org\/2020\/2006\/02\/26\/pershendetja-e-kryepiskopit-me-rastin-e-pashkes-prill-06\/"},"wordCount":1278,"commentCount":0,"publisher":{"@id":"https:\/\/orthodoxalbania.org\/2020\/#organization"},"image":{"@id":"https:\/\/orthodoxalbania.org\/2020\/2006\/02\/26\/pershendetja-e-kryepiskopit-me-rastin-e-pashkes-prill-06\/#primaryimage"},"thumbnailUrl":"https:\/\/lh3.googleusercontent.com\/-0XaSr7tg_9w\/U_NB8PwotlI\/AAAAAAAAA2g\/QXaauIV8bCc\/s577-no\/logo.png","keywords":["2006","Kryepiskopata Tiran\u00eb","Kryepiskopi Anastas","lajme","Mesazhet Festive","Pashk\u00eb"],"articleSection":["Lajme"],"inLanguage":"en-US"},{"@type":"WebPage","@id":"https:\/\/orthodoxalbania.org\/2020\/2006\/02\/26\/pershendetja-e-kryepiskopit-me-rastin-e-pashkes-prill-06\/","url":"https:\/\/orthodoxalbania.org\/2020\/2006\/02\/26\/pershendetja-e-kryepiskopit-me-rastin-e-pashkes-prill-06\/","name":"P\u00ebrsh\u00ebndetja e Kryepiskopit me rastin e Pashk\u00ebs. (Prill 2006) - Kisha Orthodh\u03bfkse Autoqefale e Shqip\u00ebris\u00eb","isPartOf":{"@id":"https:\/\/orthodoxalbania.org\/2020\/#website"},"primaryImageOfPage":{"@id":"https:\/\/orthodoxalbania.org\/2020\/2006\/02\/26\/pershendetja-e-kryepiskopit-me-rastin-e-pashkes-prill-06\/#primaryimage"},"image":{"@id":"https:\/\/orthodoxalbania.org\/2020\/2006\/02\/26\/pershendetja-e-kryepiskopit-me-rastin-e-pashkes-prill-06\/#primaryimage"},"thumbnailUrl":"https:\/\/lh3.googleusercontent.com\/-0XaSr7tg_9w\/U_NB8PwotlI\/AAAAAAAAA2g\/QXaauIV8bCc\/s577-no\/logo.png","datePublished":"2006-02-26T00:00:00+00:00","dateModified":"2020-04-06T20:36:03+00:00","breadcrumb":{"@id":"https:\/\/orthodoxalbania.org\/2020\/2006\/02\/26\/pershendetja-e-kryepiskopit-me-rastin-e-pashkes-prill-06\/#breadcrumb"},"inLanguage":"en-US","potentialAction":[{"@type":"ReadAction","target":["https:\/\/orthodoxalbania.org\/2020\/2006\/02\/26\/pershendetja-e-kryepiskopit-me-rastin-e-pashkes-prill-06\/"]}]},{"@type":"ImageObject","inLanguage":"en-US","@id":"https:\/\/orthodoxalbania.org\/2020\/2006\/02\/26\/pershendetja-e-kryepiskopit-me-rastin-e-pashkes-prill-06\/#primaryimage","url":"https:\/\/lh3.googleusercontent.com\/-0XaSr7tg_9w\/U_NB8PwotlI\/AAAAAAAAA2g\/QXaauIV8bCc\/s577-no\/logo.png","contentUrl":"https:\/\/lh3.googleusercontent.com\/-0XaSr7tg_9w\/U_NB8PwotlI\/AAAAAAAAA2g\/QXaauIV8bCc\/s577-no\/logo.png"},{"@type":"BreadcrumbList","@id":"https:\/\/orthodoxalbania.org\/2020\/2006\/02\/26\/pershendetja-e-kryepiskopit-me-rastin-e-pashkes-prill-06\/#breadcrumb","itemListElement":[{"@type":"ListItem","position":1,"name":"Home","item":"https:\/\/orthodoxalbania.org\/2020\/"},{"@type":"ListItem","position":2,"name":"P\u00ebrsh\u00ebndetja e Kryepiskopit me rastin e Pashk\u00ebs. (Prill 2006)"}]},{"@type":"WebSite","@id":"https:\/\/orthodoxalbania.org\/2020\/#website","url":"https:\/\/orthodoxalbania.org\/2020\/","name":"Kisha Orthodh\u03bfkse Autoqefale e Shqip\u00ebris\u00eb","description":"Fqja Zyrtare e Kish\u00ebs Orthodhokse Autoqefale e Shqip\u00ebris\u00eb me lajmet edhe informacionet zyrtare p\u00ebr struktur\u00ebn edhe veprimtarin e saj.","publisher":{"@id":"https:\/\/orthodoxalbania.org\/2020\/#organization"},"potentialAction":[{"@type":"SearchAction","target":{"@type":"EntryPoint","urlTemplate":"https:\/\/orthodoxalbania.org\/2020\/?s={search_term_string}"},"query-input":{"@type":"PropertyValueSpecification","valueRequired":true,"valueName":"search_term_string"}}],"inLanguage":"en-US"},{"@type":"Organization","@id":"https:\/\/orthodoxalbania.org\/2020\/#organization","name":"Kisha Orthodhokse Autoqefale e Shqip\u00ebris\u00eb","url":"https:\/\/orthodoxalbania.org\/2020\/","logo":{"@type":"ImageObject","inLanguage":"en-US","@id":"https:\/\/orthodoxalbania.org\/2020\/#\/schema\/logo\/image\/","url":"https:\/\/orthodoxalbania.org\/2020\/wp-content\/uploads\/2020\/05\/albania.jpeg","contentUrl":"https:\/\/orthodoxalbania.org\/2020\/wp-content\/uploads\/2020\/05\/albania.jpeg","width":540,"height":540,"caption":"Kisha Orthodhokse Autoqefale e Shqip\u00ebris\u00eb"},"image":{"@id":"https:\/\/orthodoxalbania.org\/2020\/#\/schema\/logo\/image\/"},"sameAs":["https:\/\/www.facebook.com\/koash1991"]},{"@type":"Person","@id":"https:\/\/orthodoxalbania.org\/2020\/#\/schema\/person\/0c387634a7063ac612d7ed9ce71c7e86","name":"Kisha Orthodhokse","image":{"@type":"ImageObject","inLanguage":"en-US","@id":"https:\/\/secure.gravatar.com\/avatar\/596e7c417251e30f2fbb9c00e026fce61a695a00e51c889caded71c96cbbdde5?s=96&d=mm&r=g","url":"https:\/\/secure.gravatar.com\/avatar\/596e7c417251e30f2fbb9c00e026fce61a695a00e51c889caded71c96cbbdde5?s=96&d=mm&r=g","contentUrl":"https:\/\/secure.gravatar.com\/avatar\/596e7c417251e30f2fbb9c00e026fce61a695a00e51c889caded71c96cbbdde5?s=96&d=mm&r=g","caption":"Kisha Orthodhokse"}}]}},"_links":{"self":[{"href":"https:\/\/orthodoxalbania.org\/2020\/wp-json\/wp\/v2\/posts\/1101","targetHints":{"allow":["GET"]}}],"collection":[{"href":"https:\/\/orthodoxalbania.org\/2020\/wp-json\/wp\/v2\/posts"}],"about":[{"href":"https:\/\/orthodoxalbania.org\/2020\/wp-json\/wp\/v2\/types\/post"}],"author":[{"embeddable":true,"href":"https:\/\/orthodoxalbania.org\/2020\/wp-json\/wp\/v2\/users\/1"}],"replies":[{"embeddable":true,"href":"https:\/\/orthodoxalbania.org\/2020\/wp-json\/wp\/v2\/comments?post=1101"}],"version-history":[{"count":1,"href":"https:\/\/orthodoxalbania.org\/2020\/wp-json\/wp\/v2\/posts\/1101\/revisions"}],"predecessor-version":[{"id":15834,"href":"https:\/\/orthodoxalbania.org\/2020\/wp-json\/wp\/v2\/posts\/1101\/revisions\/15834"}],"wp:attachment":[{"href":"https:\/\/orthodoxalbania.org\/2020\/wp-json\/wp\/v2\/media?parent=1101"}],"wp:term":[{"taxonomy":"category","embeddable":true,"href":"https:\/\/orthodoxalbania.org\/2020\/wp-json\/wp\/v2\/categories?post=1101"},{"taxonomy":"post_tag","embeddable":true,"href":"https:\/\/orthodoxalbania.org\/2020\/wp-json\/wp\/v2\/tags?post=1101"}],"curies":[{"name":"wp","href":"https:\/\/api.w.org\/{rel}","templated":true}]}}