{"id":1099,"date":"2013-03-21T09:12:53","date_gmt":"2013-03-21T09:12:53","guid":{"rendered":""},"modified":"2020-04-06T22:32:10","modified_gmt":"2020-04-06T20:32:10","slug":"perseri-vjedhje-ne-kishen-e-shen-kollit-prane-fshatit-vanaj-ne-rrethin-e-fierit","status":"publish","type":"post","link":"https:\/\/orthodoxalbania.org\/2020\/2013\/03\/21\/perseri-vjedhje-ne-kishen-e-shen-kollit-prane-fshatit-vanaj-ne-rrethin-e-fierit\/","title":{"rendered":"P\u00cbRS\u00cbRI VJEDHJE N\u00cb KISH\u00cbN E SH\u00cbN KOLLIT PRAN\u00cb FSHATIT VANAJ N\u00cb RRETHIN E FIERIT. (Shkurt 2011)"},"content":{"rendered":"<div class=\"style8\" style=\"text-align: justify;\">\n\t<span style=\"color:#000000;\"><span style=\"font-family: tahoma,geneva,sans-serif;\"><span style=\"font-size: 12px;\"><img decoding=\"async\" class=\"lazyload HAa Eha\" src=\"data:image\/gif;base64,R0lGODlhAQABAAAAACH5BAEKAAEALAAAAAABAAEAAAICTAEAOw==\" data-orig-src=\"https:\/\/lh3.googleusercontent.com\/-Iqq9je87qIk\/VABLJR4Xz2I\/AAAAAAAAB-M\/pqZdL80LUow\/w600-h397-no\/1_600x397.jpg\" style=\"height: 112px; width: 170px; border-width: 1px; border-style: solid; margin: 10px; float: left;\" \/>&nbsp;&nbsp;<\/span><\/span><\/span><span style=\"font-family: tahoma,geneva,sans-serif;\"><span style=\"font-size: 12px;\"><strong>&nbsp;<span style=\"color:#b22222;\"><span class=\"style8\"> Ngjarja dhe historit\u00eb e m\u00ebparshme. <\/span><\/span><\/strong><\/span><\/span><\/div>\n<div class=\"style8\" style=\"text-align: justify;\">\n\t<br \/>\n\t<span style=\"color:#000000;\"><span style=\"font-family: tahoma,geneva,sans-serif;\"><span style=\"font-size: 12px;\"><span class=\"style8\">&nbsp;&nbsp;&nbsp;&nbsp;Duke gdhir\u00eb dita e Djel\u00eb e dat\u00ebs 6 \u00ebsht\u00eb shp\u00ebrthyer dera e kish\u00ebs s\u00eb Sh\u00ebn Kollit n\u00eb fshatin Vanaj t\u00eb rrethit t\u00eb Fierit dhe p\u00ebrve\u00e7 vjedhjes s\u00eb ark\u00ebs s\u00eb kish\u00ebsh, aty \u00ebsht\u00eb vjedhur edhe k\u00ebmbana e saj. Nuk \u00ebsht\u00eb rasti i par\u00eb q\u00eb nga kjo kish\u00eb vidhen n\u00eb m\u00ebnyre kostante element\u00eb t\u00eb dekoracionit artistik dhe si p\u00ebrfundim tanim\u00eb ikonostasi i saj pothuajse nuk ekziston. N\u00eb vend t\u00eb tij tanim\u00eb gjendet vet\u00ebm skeleti mbajt\u00ebs me pamje t\u00eb trishtueshme.<\/span><\/span><\/span><\/span><\/div>\n<div class=\"style8\" style=\"text-align: justify;\">\n\t<br \/>\n\t<span style=\"color:#000000;\"><span style=\"font-family: tahoma,geneva,sans-serif;\"><span style=\"font-size: 12px;\"><span class=\"style8\">&nbsp;&nbsp; &nbsp; N\u00eb kish\u00eb \u00ebsht\u00eb vjedhur para kat\u00ebr vjet\u00ebsh n\u00eb dat\u00eb 11 dhjetor, dera kryesore q\u00eb hyn n\u00eb naos(salla kryesore). Kjo der\u00eb kishte element\u00eb artistik dhe dekorativ druri t\u00eb gdhendur n\u00eb t\u00eb cilin ndodhej nj\u00eb mbishkrim q\u00eb na jepte informacionin kryesor p\u00ebr datimin e kish\u00ebs. Si n\u00eb rastin e dit\u00ebs s\u00eb djel\u00eb dhe her\u00ebt e tjera \u00ebsht\u00eb b\u00ebr\u00eb denoncimi n\u00eb organet p\u00ebrkatese, por gjithnj\u00eb heshtje dhe asnj\u00ebher\u00eb nuk \u00ebsht\u00eb konkluduar me kapjen e keqb\u00ebr\u00ebsve. Si duket kemi t\u00eb b\u00ebjm\u00eb me nj\u00eb zon\u00eb t\u00eb pa mbuluar mir\u00eb p\u00ebrsa i p\u00ebrket ruajtjes s\u00eb monumenteve, duke ditur q\u00eb edhe kishat q\u00eb jan\u00eb pran\u00eb saj si ajo e Sh\u00ebn Gjergjit n\u00eb Libofsh\u00eb edhe ajo e Sh\u00ebn Thanasit n\u00eb Karavasta vidhen sistematikisht dhe jan\u00eb edhe ato n\u00eb gjendjen e kish\u00ebs s\u00eb Vanajt.<\/span><\/span><\/span><\/span><\/div>\n<div class=\"style8\" style=\"text-align: justify;\">\n\t<br \/>\n\t<span style=\"color:#000000;\"><span style=\"font-family: tahoma,geneva,sans-serif;\"><span style=\"font-size: 12px;\"><span class=\"style8\">&nbsp;&nbsp;&nbsp;&nbsp;N\u00eb k\u00ebt\u00eb kish\u00eb jan\u00eb b\u00ebr\u00eb punime t\u00eb plota restauruese n\u00eb vitet 1998-1999 me fonde investuara nga Kisha Orthodhokse Autoqefale e Shqip\u00ebris\u00eb<img decoding=\"async\" class=\"lazyload HAa Eha\" src=\"data:image\/gif;base64,R0lGODlhAQABAAAAACH5BAEKAAEALAAAAAABAAEAAAICTAEAOw==\" data-orig-src=\"https:\/\/lh3.googleusercontent.com\/-EzSwYpw5s4Q\/VABL8Q2o2II\/AAAAAAAAB_A\/GyMFownaEFY\/w600-h398-no\/2_600x398.jpg\" style=\"height: 113px; width: 170px; border-width: 1px; border-style: solid; margin: 10px; float: right;\" \/> dhe punime t\u00eb kryera nga Drejtoria Rajonale e Institutit t\u00eb Monumenteve Tirane, q\u00eb n\u00eb at\u00eb koh\u00eb kishte mundesin\u00eb t\u00eb b\u00ebnte punime restaurimi dhe mirmbajtjeje.<\/span><\/span><\/span><\/span><\/div>\n<div class=\"style8\" style=\"text-align: justify;\">\n\t<br \/>\n\t<span style=\"color:#000000;\"><span style=\"font-family: tahoma,geneva,sans-serif;\"><span style=\"font-size: 12px;\"><span class=\"style8\">&nbsp;&nbsp;&nbsp;&nbsp;Ajo q\u00eb k\u00ebrkohet n\u00eb p\u00ebrfundim nga nga organet p\u00ebrgj\u00ebgjese ka t\u00eb b\u00ebj\u00eb me l\u00ebvizjet e nevojshme p\u00ebr gjetjen e mund\u00ebshme t\u00eb element\u00ebve t\u00eb vjedhura nga kjo kish\u00eb por sidomos t\u00eb gjej\u00eb k\u00ebmban\u00ebn p\u00ebr t\u2019ia kthyer ato p\u00ebrs\u00ebri trash\u00ebgimis\u00eb ton\u00eb kulturore n\u00eb m\u00ebnyr\u00eb q\u00eb t\u00eb mos kthehet ky rast si rastet e tjera ku asnjeri nuk ka b\u00ebr\u00eb asgj\u00eb, si dhe t\u00eb shikohet mund\u00ebsia p\u00ebr parandalimin e k\u00ebtij fenomeni, i cili ka q\u00ebn\u00eb dhe vazhdon t\u00eb jet\u00eb shum\u00eb shqet\u00ebsues p\u00ebr nj\u00eb koh\u00eb t\u00eb gjat\u00eb.&nbsp; <\/span><\/span><\/span><\/span><\/div>\n<div class=\"style8\" style=\"text-align: justify;\">\n\t&nbsp;<\/div>\n<div class=\"style8\" style=\"text-align: justify;\">\n\t<span style=\"color:#b22222;\"><span style=\"font-family: tahoma,geneva,sans-serif;\"><span style=\"font-size: 12px;\"><strong>&nbsp;&nbsp;&nbsp; Vlerat historike dhe arkitektoniko-artistike t\u00eb monumentit.<\/strong><\/span><\/span><\/span><\/div>\n<div class=\"style8\" style=\"text-align: justify;\">\n\t<br \/>\n\t<span style=\"color:#000000;\"><span style=\"font-family: tahoma,geneva,sans-serif;\"><span style=\"font-size: 12px;\"><img decoding=\"async\" class=\"lazyload HAa Eha\" height=\"224\" src=\"data:image\/svg+xml,%3Csvg%20xmlns%3D%27http%3A%2F%2Fwww.w3.org%2F2000%2Fsvg%27%20width%3D%27147%27%20height%3D%27224%27%20viewBox%3D%270%200%20147%20224%27%3E%3Crect%20width%3D%27147%27%20height%3D%27224%27%20fill-opacity%3D%220%22%2F%3E%3C%2Fsvg%3E\" data-orig-src=\"https:\/\/lh4.googleusercontent.com\/-U94Tlnd9XRQ\/VABLKGzn3nI\/AAAAAAAAB-Y\/iQfC5SkjLd8\/w393-h600-no\/3_393x600.jpg\" style=\"border-width: 1px; border-style: solid; margin: 10px; float: left;\" width=\"147\" \/>&nbsp;&nbsp;&nbsp; Ngrihet n\u00eb maj\u00ebn e nj\u00eb kodre t\u00eb ul\u00ebt, n\u00eb mes t\u00eb nj\u00eb pylli t\u00eb dendur me qeparisa. Mbishkrimi i ruajtur mbi port\u00ebn jugore t\u00eb kish\u00ebs na jep dat\u00ebn e nd\u00ebrtimit dhe t\u00eb pikturimit t\u00eb saj. Kisha u nd\u00ebrtua n\u00eb vitin 1777 dhe u pikturua m\u00eb 1795 nga v\u00ebllez\u00ebrit grabovare Gjergji dhe Joani, t\u00eb cil\u00ebt kan\u00eb ushtruar nj\u00eb veprimtari t\u00eb dendur n\u00eb krahin\u00ebn e Myzeqes\u00eb.<\/span><\/span><\/span><\/div>\n<div class=\"style8\" style=\"text-align: justify;\">\n\t<span style=\"color:#000000;\"><span style=\"font-family: tahoma,geneva,sans-serif;\"><span style=\"font-size: 12px;\"><img decoding=\"async\" class=\"lazyload HAa Eha\" src=\"data:image\/gif;base64,R0lGODlhAQABAAAAACH5BAEKAAEALAAAAAABAAEAAAICTAEAOw==\" data-orig-src=\"https:\/\/lh3.googleusercontent.com\/-Bi8JYxkbMZA\/VABLJynp7tI\/AAAAAAAAB-Q\/JsSyjKKCpP8\/w405-h600-no\/4_405x600.jpg\" style=\"height: 178px; width: 120px; border-width: 1px; border-style: solid; margin: 10px; float: right;\" \/><br \/>\n\t&nbsp;&nbsp;&nbsp;&nbsp;Kisha i p\u00ebrket nj\u00eb tipi mjaft t\u00eb p\u00ebrhapur n\u00eb krahin\u00ebn e Myzeqes\u00eb gjat\u00eb shek. 18-19.&nbsp; Ajo p\u00ebrb\u00ebhet nga naosi dhe hajatet e mbyllura q\u00eb e rr\u00ebthojn\u00eb at\u00eb nga tri an\u00eb. Naosi&nbsp; \u00ebsht\u00eb nj\u00eb bazilik\u00eb nj\u00ebnefesh me tavan t\u00eb rrafsh\u00ebt. Nj\u00eb ikonostas prej druri t\u00eb gdhendur ndan ambientin e altarit, i cili p\u00ebrmban apsid\u00ebn e madhe e t\u00eb nxjerre jasht\u00eb dhe dy niket e protezisit dhe t\u00eb diakonikonit.<\/span><\/span><\/span><\/div>\n<div class=\"style8\" style=\"text-align: justify;\">\n\t<br \/>\n\t<span style=\"color:#000000;\"><span style=\"font-family: tahoma,geneva,sans-serif;\"><span style=\"font-size: 12px;\">&nbsp;&nbsp;&nbsp;&nbsp;Naosi rrethohet nga ana veriore, jugore dhe perendimore nga hajatet e mbyllura, nga t\u00eb cilat pjesa perendimore eshte shume m\u00eb e gj\u00ebr\u00eb dhe lot edhe rolin e narteksit. N\u00eb hap\u00ebsir\u00ebn e tij \u00ebsht\u00eb ve\u00e7uar nj\u00eb kthin\u00eb, ku mbahej vaska e pag\u00ebzimit, nd\u00ebrsa n\u00eb an\u00ebn perendimore lart\u00ebsohet kulla e ul\u00ebt prej druri e k\u00ebmbanores.<\/span><\/span><\/span><\/div>\n<div class=\"style8\" style=\"text-align: justify;\">\n\t<br \/>\n\t<span style=\"color:#000000;\"><span style=\"font-family: tahoma,geneva,sans-serif;\"><span style=\"font-size: 12px;\">&nbsp;&nbsp;&nbsp;&nbsp;Element\u00ebt e dekoracionit t\u00eb brendsh\u00ebm jan\u00eb piktura murale q\u00eb vesh t\u00eb gjitha siperfaqet e muratur\u00ebs, ikonostasi dhe amvoni prej druri t\u00eb gdhendur t\u00eb nj\u00eb cil\u00ebsie t\u00eb larte artistike dhe tavani prej druri i ngjyrosur.<\/span><\/span><\/span><\/div>\n<div class=\"style8\" style=\"text-align: justify;\">\n\t<br \/>\n\t<span style=\"color:#000000;\"><span style=\"font-family: tahoma,geneva,sans-serif;\"><span style=\"font-size: 12px;\">&nbsp;&nbsp;&nbsp;&nbsp;N\u00eb pamjen e jashtme spikat volumi i naosit i mbuluar me \u00e7ati dyujse, i cili ngrihet mbi volumet e hajateve, t\u00eb mbuluara me \u00e7ati nj\u00ebujse. N\u00eb ndryshim nga perpunimi i varfer dekorativ i pamjeve t\u00eb jashtme \u00ebsht\u00eb apsida, e cila \u00ebsht\u00eb nd\u00ebrtuar me bloqe guri t\u00eb skalitura dhe \u00ebsht\u00eb gjall\u00ebruar nga nj\u00eb harkade e verb\u00ebr. Permban gjithashtu dhe relieve antike dhe gur\u00eb, te marra si\u00e7 \u00ebsht\u00eb tradit\u00eb edhe n\u00eb kishat e tjera t\u00eb Myzeqes\u00eb, nga Apolonia e Fierit.<\/span><\/span><\/span><\/div>\n<div class=\"style8\" style=\"text-align: justify;\">\n\t&nbsp;<\/div>\n<div class=\"style8\" style=\"text-align: justify;\">\n\t&nbsp;<\/div>\n<div class=\"style8\" style=\"text-align: right;\">\n\t<span style=\"color:#000000;\"><span style=\"font-family: tahoma,geneva,sans-serif;\"><span style=\"font-size: 12px;\"><strong>P\u00ebrgatiti: Arkitekt Restaurator Gentian Stratob\u00ebrdha<\/strong><\/span><\/span><\/span><\/div>\n","protected":false},"excerpt":{"rendered":"<p>&nbsp;&nbsp;&nbsp; Ngjarja dhe historit\u00eb e m\u00ebparshme. &nbsp;&nbsp;&nbsp;&nbsp;Duke gdhir\u00eb dita e Djel\u00eb e dat\u00ebs 6 \u00ebsht\u00eb shp\u00ebrthyer dera e kish\u00ebs s\u00eb Sh\u00ebn Kollit n\u00eb fshatin Vanaj t\u00eb rrethit t\u00eb Fierit dhe p\u00ebrve\u00e7 vjedhjes s\u00eb ark\u00ebs s\u00eb kish\u00ebsh, aty \u00ebsht\u00eb vjedhur edhe k\u00ebmbana e saj. Nuk \u00ebsht\u00eb rasti i par\u00eb q\u00eb nga kjo kish\u00eb vidhen n\u00eb m\u00ebnyre kostante element\u00eb t\u00eb dekoracionit artistik dhe si p\u00ebrfundim tanim\u00eb ikonostasi<\/p>\n","protected":false},"author":1,"featured_media":0,"comment_status":"open","ping_status":"open","sticky":false,"template":"","format":"standard","meta":{"_acf_changed":false,"pagelayer_contact_templates":[],"_pagelayer_content":"","inline_featured_image":false,"fifu_image_url":"","fifu_image_alt":"","footnotes":""},"categories":[108],"tags":[143,153,212,197],"class_list":["post-1099","post","type-post","status-publish","format-standard","hentry","category-lajme","tag-143","tag-deklarata-njoftime-zyrtare-d75","tag-lajme-d27","tag-berat"],"acf":[],"yoast_head":"<!-- This site is optimized with the Yoast SEO plugin v27.2 - https:\/\/yoast.com\/product\/yoast-seo-wordpress\/ -->\n<title>P\u00cbRS\u00cbRI VJEDHJE N\u00cb KISH\u00cbN E SH\u00cbN KOLLIT PRAN\u00cb FSHATIT VANAJ N\u00cb RRETHIN E FIERIT. (Shkurt 2011) - Kisha Orthodh\u03bfkse Autoqefale e Shqip\u00ebris\u00eb<\/title>\n<meta name=\"robots\" content=\"index, follow, max-snippet:-1, max-image-preview:large, max-video-preview:-1\" \/>\n<link rel=\"canonical\" href=\"https:\/\/orthodoxalbania.org\/2020\/2013\/03\/21\/perseri-vjedhje-ne-kishen-e-shen-kollit-prane-fshatit-vanaj-ne-rrethin-e-fierit\/\" \/>\n<meta property=\"og:locale\" content=\"en_US\" \/>\n<meta property=\"og:type\" content=\"article\" \/>\n<meta property=\"og:title\" content=\"P\u00cbRS\u00cbRI VJEDHJE N\u00cb KISH\u00cbN E SH\u00cbN KOLLIT PRAN\u00cb FSHATIT VANAJ N\u00cb RRETHIN E FIERIT. (Shkurt 2011) - Kisha Orthodh\u03bfkse Autoqefale e Shqip\u00ebris\u00eb\" \/>\n<meta property=\"og:description\" content=\"&nbsp;&nbsp;&nbsp; Ngjarja dhe historit\u00eb e m\u00ebparshme. &nbsp;&nbsp;&nbsp;&nbsp;Duke gdhir\u00eb dita e Djel\u00eb e dat\u00ebs 6 \u00ebsht\u00eb shp\u00ebrthyer dera e kish\u00ebs s\u00eb Sh\u00ebn Kollit n\u00eb fshatin Vanaj t\u00eb rrethit t\u00eb Fierit dhe p\u00ebrve\u00e7 vjedhjes s\u00eb ark\u00ebs s\u00eb kish\u00ebsh, aty \u00ebsht\u00eb vjedhur edhe k\u00ebmbana e saj. Nuk \u00ebsht\u00eb rasti i par\u00eb q\u00eb nga kjo kish\u00eb vidhen n\u00eb m\u00ebnyre kostante element\u00eb t\u00eb dekoracionit artistik dhe si p\u00ebrfundim tanim\u00eb ikonostasi\" \/>\n<meta property=\"og:url\" content=\"https:\/\/orthodoxalbania.org\/2020\/2013\/03\/21\/perseri-vjedhje-ne-kishen-e-shen-kollit-prane-fshatit-vanaj-ne-rrethin-e-fierit\/\" \/>\n<meta property=\"og:site_name\" content=\"Kisha Orthodh\u03bfkse Autoqefale e Shqip\u00ebris\u00eb\" \/>\n<meta property=\"article:publisher\" content=\"https:\/\/www.facebook.com\/koash1991\" \/>\n<meta property=\"article:published_time\" content=\"2013-03-21T09:12:53+00:00\" \/>\n<meta property=\"article:modified_time\" content=\"2020-04-06T20:32:10+00:00\" \/>\n<meta property=\"og:image\" content=\"https:\/\/lh3.googleusercontent.com\/-Iqq9je87qIk\/VABLJR4Xz2I\/AAAAAAAAB-M\/pqZdL80LUow\/w600-h397-no\/1_600x397.jpg\" \/>\n<meta name=\"author\" content=\"Kisha Orthodhokse\" \/>\n<meta name=\"twitter:card\" content=\"summary_large_image\" \/>\n<meta name=\"twitter:label1\" content=\"Written by\" \/>\n\t<meta name=\"twitter:data1\" content=\"Kisha Orthodhokse\" \/>\n\t<meta name=\"twitter:label2\" content=\"Est. reading time\" \/>\n\t<meta name=\"twitter:data2\" content=\"4 minutes\" \/>\n<script type=\"application\/ld+json\" class=\"yoast-schema-graph\">{\"@context\":\"https:\/\/schema.org\",\"@graph\":[{\"@type\":\"Article\",\"@id\":\"https:\/\/orthodoxalbania.org\/2020\/2013\/03\/21\/perseri-vjedhje-ne-kishen-e-shen-kollit-prane-fshatit-vanaj-ne-rrethin-e-fierit\/#article\",\"isPartOf\":{\"@id\":\"https:\/\/orthodoxalbania.org\/2020\/2013\/03\/21\/perseri-vjedhje-ne-kishen-e-shen-kollit-prane-fshatit-vanaj-ne-rrethin-e-fierit\/\"},\"author\":{\"name\":\"Kisha Orthodhokse\",\"@id\":\"https:\/\/orthodoxalbania.org\/2020\/#\/schema\/person\/0c387634a7063ac612d7ed9ce71c7e86\"},\"headline\":\"P\u00cbRS\u00cbRI VJEDHJE N\u00cb KISH\u00cbN E SH\u00cbN KOLLIT PRAN\u00cb FSHATIT VANAJ N\u00cb RRETHIN E FIERIT. (Shkurt 2011)\",\"datePublished\":\"2013-03-21T09:12:53+00:00\",\"dateModified\":\"2020-04-06T20:32:10+00:00\",\"mainEntityOfPage\":{\"@id\":\"https:\/\/orthodoxalbania.org\/2020\/2013\/03\/21\/perseri-vjedhje-ne-kishen-e-shen-kollit-prane-fshatit-vanaj-ne-rrethin-e-fierit\/\"},\"wordCount\":803,\"commentCount\":0,\"publisher\":{\"@id\":\"https:\/\/orthodoxalbania.org\/2020\/#organization\"},\"image\":{\"@id\":\"https:\/\/orthodoxalbania.org\/2020\/2013\/03\/21\/perseri-vjedhje-ne-kishen-e-shen-kollit-prane-fshatit-vanaj-ne-rrethin-e-fierit\/#primaryimage\"},\"thumbnailUrl\":\"https:\/\/lh3.googleusercontent.com\/-Iqq9je87qIk\/VABLJR4Xz2I\/AAAAAAAAB-M\/pqZdL80LUow\/w600-h397-no\/1_600x397.jpg\",\"keywords\":[\"2011\",\"Deklarata - Njoftime Zyrtare\",\"lajme\",\"Mitropolia Berat\"],\"articleSection\":[\"Lajme\"],\"inLanguage\":\"en-US\"},{\"@type\":\"WebPage\",\"@id\":\"https:\/\/orthodoxalbania.org\/2020\/2013\/03\/21\/perseri-vjedhje-ne-kishen-e-shen-kollit-prane-fshatit-vanaj-ne-rrethin-e-fierit\/\",\"url\":\"https:\/\/orthodoxalbania.org\/2020\/2013\/03\/21\/perseri-vjedhje-ne-kishen-e-shen-kollit-prane-fshatit-vanaj-ne-rrethin-e-fierit\/\",\"name\":\"P\u00cbRS\u00cbRI VJEDHJE N\u00cb KISH\u00cbN E SH\u00cbN KOLLIT PRAN\u00cb FSHATIT VANAJ N\u00cb RRETHIN E FIERIT. (Shkurt 2011) - Kisha Orthodh\u03bfkse Autoqefale e Shqip\u00ebris\u00eb\",\"isPartOf\":{\"@id\":\"https:\/\/orthodoxalbania.org\/2020\/#website\"},\"primaryImageOfPage\":{\"@id\":\"https:\/\/orthodoxalbania.org\/2020\/2013\/03\/21\/perseri-vjedhje-ne-kishen-e-shen-kollit-prane-fshatit-vanaj-ne-rrethin-e-fierit\/#primaryimage\"},\"image\":{\"@id\":\"https:\/\/orthodoxalbania.org\/2020\/2013\/03\/21\/perseri-vjedhje-ne-kishen-e-shen-kollit-prane-fshatit-vanaj-ne-rrethin-e-fierit\/#primaryimage\"},\"thumbnailUrl\":\"https:\/\/lh3.googleusercontent.com\/-Iqq9je87qIk\/VABLJR4Xz2I\/AAAAAAAAB-M\/pqZdL80LUow\/w600-h397-no\/1_600x397.jpg\",\"datePublished\":\"2013-03-21T09:12:53+00:00\",\"dateModified\":\"2020-04-06T20:32:10+00:00\",\"breadcrumb\":{\"@id\":\"https:\/\/orthodoxalbania.org\/2020\/2013\/03\/21\/perseri-vjedhje-ne-kishen-e-shen-kollit-prane-fshatit-vanaj-ne-rrethin-e-fierit\/#breadcrumb\"},\"inLanguage\":\"en-US\",\"potentialAction\":[{\"@type\":\"ReadAction\",\"target\":[\"https:\/\/orthodoxalbania.org\/2020\/2013\/03\/21\/perseri-vjedhje-ne-kishen-e-shen-kollit-prane-fshatit-vanaj-ne-rrethin-e-fierit\/\"]}]},{\"@type\":\"ImageObject\",\"inLanguage\":\"en-US\",\"@id\":\"https:\/\/orthodoxalbania.org\/2020\/2013\/03\/21\/perseri-vjedhje-ne-kishen-e-shen-kollit-prane-fshatit-vanaj-ne-rrethin-e-fierit\/#primaryimage\",\"url\":\"https:\/\/lh3.googleusercontent.com\/-Iqq9je87qIk\/VABLJR4Xz2I\/AAAAAAAAB-M\/pqZdL80LUow\/w600-h397-no\/1_600x397.jpg\",\"contentUrl\":\"https:\/\/lh3.googleusercontent.com\/-Iqq9je87qIk\/VABLJR4Xz2I\/AAAAAAAAB-M\/pqZdL80LUow\/w600-h397-no\/1_600x397.jpg\"},{\"@type\":\"BreadcrumbList\",\"@id\":\"https:\/\/orthodoxalbania.org\/2020\/2013\/03\/21\/perseri-vjedhje-ne-kishen-e-shen-kollit-prane-fshatit-vanaj-ne-rrethin-e-fierit\/#breadcrumb\",\"itemListElement\":[{\"@type\":\"ListItem\",\"position\":1,\"name\":\"Home\",\"item\":\"https:\/\/orthodoxalbania.org\/2020\/\"},{\"@type\":\"ListItem\",\"position\":2,\"name\":\"P\u00cbRS\u00cbRI VJEDHJE N\u00cb KISH\u00cbN E SH\u00cbN KOLLIT PRAN\u00cb FSHATIT VANAJ N\u00cb RRETHIN E FIERIT. (Shkurt 2011)\"}]},{\"@type\":\"WebSite\",\"@id\":\"https:\/\/orthodoxalbania.org\/2020\/#website\",\"url\":\"https:\/\/orthodoxalbania.org\/2020\/\",\"name\":\"Kisha Orthodh\u03bfkse Autoqefale e Shqip\u00ebris\u00eb\",\"description\":\"Fqja Zyrtare e Kish\u00ebs Orthodhokse Autoqefale e Shqip\u00ebris\u00eb me lajmet edhe informacionet zyrtare p\u00ebr struktur\u00ebn edhe veprimtarin e saj.\",\"publisher\":{\"@id\":\"https:\/\/orthodoxalbania.org\/2020\/#organization\"},\"potentialAction\":[{\"@type\":\"SearchAction\",\"target\":{\"@type\":\"EntryPoint\",\"urlTemplate\":\"https:\/\/orthodoxalbania.org\/2020\/?s={search_term_string}\"},\"query-input\":{\"@type\":\"PropertyValueSpecification\",\"valueRequired\":true,\"valueName\":\"search_term_string\"}}],\"inLanguage\":\"en-US\"},{\"@type\":\"Organization\",\"@id\":\"https:\/\/orthodoxalbania.org\/2020\/#organization\",\"name\":\"Kisha Orthodhokse Autoqefale e Shqip\u00ebris\u00eb\",\"url\":\"https:\/\/orthodoxalbania.org\/2020\/\",\"logo\":{\"@type\":\"ImageObject\",\"inLanguage\":\"en-US\",\"@id\":\"https:\/\/orthodoxalbania.org\/2020\/#\/schema\/logo\/image\/\",\"url\":\"https:\/\/orthodoxalbania.org\/2020\/wp-content\/uploads\/2020\/05\/albania.jpeg\",\"contentUrl\":\"https:\/\/orthodoxalbania.org\/2020\/wp-content\/uploads\/2020\/05\/albania.jpeg\",\"width\":540,\"height\":540,\"caption\":\"Kisha Orthodhokse Autoqefale e Shqip\u00ebris\u00eb\"},\"image\":{\"@id\":\"https:\/\/orthodoxalbania.org\/2020\/#\/schema\/logo\/image\/\"},\"sameAs\":[\"https:\/\/www.facebook.com\/koash1991\"]},{\"@type\":\"Person\",\"@id\":\"https:\/\/orthodoxalbania.org\/2020\/#\/schema\/person\/0c387634a7063ac612d7ed9ce71c7e86\",\"name\":\"Kisha Orthodhokse\",\"image\":{\"@type\":\"ImageObject\",\"inLanguage\":\"en-US\",\"@id\":\"https:\/\/secure.gravatar.com\/avatar\/596e7c417251e30f2fbb9c00e026fce61a695a00e51c889caded71c96cbbdde5?s=96&d=mm&r=g\",\"url\":\"https:\/\/secure.gravatar.com\/avatar\/596e7c417251e30f2fbb9c00e026fce61a695a00e51c889caded71c96cbbdde5?s=96&d=mm&r=g\",\"contentUrl\":\"https:\/\/secure.gravatar.com\/avatar\/596e7c417251e30f2fbb9c00e026fce61a695a00e51c889caded71c96cbbdde5?s=96&d=mm&r=g\",\"caption\":\"Kisha Orthodhokse\"}}]}<\/script>\n<!-- \/ Yoast SEO plugin. -->","yoast_head_json":{"title":"P\u00cbRS\u00cbRI VJEDHJE N\u00cb KISH\u00cbN E SH\u00cbN KOLLIT PRAN\u00cb FSHATIT VANAJ N\u00cb RRETHIN E FIERIT. (Shkurt 2011) - Kisha Orthodh\u03bfkse Autoqefale e Shqip\u00ebris\u00eb","robots":{"index":"index","follow":"follow","max-snippet":"max-snippet:-1","max-image-preview":"max-image-preview:large","max-video-preview":"max-video-preview:-1"},"canonical":"https:\/\/orthodoxalbania.org\/2020\/2013\/03\/21\/perseri-vjedhje-ne-kishen-e-shen-kollit-prane-fshatit-vanaj-ne-rrethin-e-fierit\/","og_locale":"en_US","og_type":"article","og_title":"P\u00cbRS\u00cbRI VJEDHJE N\u00cb KISH\u00cbN E SH\u00cbN KOLLIT PRAN\u00cb FSHATIT VANAJ N\u00cb RRETHIN E FIERIT. (Shkurt 2011) - Kisha Orthodh\u03bfkse Autoqefale e Shqip\u00ebris\u00eb","og_description":"&nbsp;&nbsp;&nbsp; Ngjarja dhe historit\u00eb e m\u00ebparshme. &nbsp;&nbsp;&nbsp;&nbsp;Duke gdhir\u00eb dita e Djel\u00eb e dat\u00ebs 6 \u00ebsht\u00eb shp\u00ebrthyer dera e kish\u00ebs s\u00eb Sh\u00ebn Kollit n\u00eb fshatin Vanaj t\u00eb rrethit t\u00eb Fierit dhe p\u00ebrve\u00e7 vjedhjes s\u00eb ark\u00ebs s\u00eb kish\u00ebsh, aty \u00ebsht\u00eb vjedhur edhe k\u00ebmbana e saj. Nuk \u00ebsht\u00eb rasti i par\u00eb q\u00eb nga kjo kish\u00eb vidhen n\u00eb m\u00ebnyre kostante element\u00eb t\u00eb dekoracionit artistik dhe si p\u00ebrfundim tanim\u00eb ikonostasi","og_url":"https:\/\/orthodoxalbania.org\/2020\/2013\/03\/21\/perseri-vjedhje-ne-kishen-e-shen-kollit-prane-fshatit-vanaj-ne-rrethin-e-fierit\/","og_site_name":"Kisha Orthodh\u03bfkse Autoqefale e Shqip\u00ebris\u00eb","article_publisher":"https:\/\/www.facebook.com\/koash1991","article_published_time":"2013-03-21T09:12:53+00:00","article_modified_time":"2020-04-06T20:32:10+00:00","og_image":[{"url":"https:\/\/lh3.googleusercontent.com\/-Iqq9je87qIk\/VABLJR4Xz2I\/AAAAAAAAB-M\/pqZdL80LUow\/w600-h397-no\/1_600x397.jpg","type":"","width":"","height":""}],"author":"Kisha Orthodhokse","twitter_card":"summary_large_image","twitter_misc":{"Written by":"Kisha Orthodhokse","Est. reading time":"4 minutes"},"schema":{"@context":"https:\/\/schema.org","@graph":[{"@type":"Article","@id":"https:\/\/orthodoxalbania.org\/2020\/2013\/03\/21\/perseri-vjedhje-ne-kishen-e-shen-kollit-prane-fshatit-vanaj-ne-rrethin-e-fierit\/#article","isPartOf":{"@id":"https:\/\/orthodoxalbania.org\/2020\/2013\/03\/21\/perseri-vjedhje-ne-kishen-e-shen-kollit-prane-fshatit-vanaj-ne-rrethin-e-fierit\/"},"author":{"name":"Kisha Orthodhokse","@id":"https:\/\/orthodoxalbania.org\/2020\/#\/schema\/person\/0c387634a7063ac612d7ed9ce71c7e86"},"headline":"P\u00cbRS\u00cbRI VJEDHJE N\u00cb KISH\u00cbN E SH\u00cbN KOLLIT PRAN\u00cb FSHATIT VANAJ N\u00cb RRETHIN E FIERIT. (Shkurt 2011)","datePublished":"2013-03-21T09:12:53+00:00","dateModified":"2020-04-06T20:32:10+00:00","mainEntityOfPage":{"@id":"https:\/\/orthodoxalbania.org\/2020\/2013\/03\/21\/perseri-vjedhje-ne-kishen-e-shen-kollit-prane-fshatit-vanaj-ne-rrethin-e-fierit\/"},"wordCount":803,"commentCount":0,"publisher":{"@id":"https:\/\/orthodoxalbania.org\/2020\/#organization"},"image":{"@id":"https:\/\/orthodoxalbania.org\/2020\/2013\/03\/21\/perseri-vjedhje-ne-kishen-e-shen-kollit-prane-fshatit-vanaj-ne-rrethin-e-fierit\/#primaryimage"},"thumbnailUrl":"https:\/\/lh3.googleusercontent.com\/-Iqq9je87qIk\/VABLJR4Xz2I\/AAAAAAAAB-M\/pqZdL80LUow\/w600-h397-no\/1_600x397.jpg","keywords":["2011","Deklarata - Njoftime Zyrtare","lajme","Mitropolia Berat"],"articleSection":["Lajme"],"inLanguage":"en-US"},{"@type":"WebPage","@id":"https:\/\/orthodoxalbania.org\/2020\/2013\/03\/21\/perseri-vjedhje-ne-kishen-e-shen-kollit-prane-fshatit-vanaj-ne-rrethin-e-fierit\/","url":"https:\/\/orthodoxalbania.org\/2020\/2013\/03\/21\/perseri-vjedhje-ne-kishen-e-shen-kollit-prane-fshatit-vanaj-ne-rrethin-e-fierit\/","name":"P\u00cbRS\u00cbRI VJEDHJE N\u00cb KISH\u00cbN E SH\u00cbN KOLLIT PRAN\u00cb FSHATIT VANAJ N\u00cb RRETHIN E FIERIT. (Shkurt 2011) - Kisha Orthodh\u03bfkse Autoqefale e Shqip\u00ebris\u00eb","isPartOf":{"@id":"https:\/\/orthodoxalbania.org\/2020\/#website"},"primaryImageOfPage":{"@id":"https:\/\/orthodoxalbania.org\/2020\/2013\/03\/21\/perseri-vjedhje-ne-kishen-e-shen-kollit-prane-fshatit-vanaj-ne-rrethin-e-fierit\/#primaryimage"},"image":{"@id":"https:\/\/orthodoxalbania.org\/2020\/2013\/03\/21\/perseri-vjedhje-ne-kishen-e-shen-kollit-prane-fshatit-vanaj-ne-rrethin-e-fierit\/#primaryimage"},"thumbnailUrl":"https:\/\/lh3.googleusercontent.com\/-Iqq9je87qIk\/VABLJR4Xz2I\/AAAAAAAAB-M\/pqZdL80LUow\/w600-h397-no\/1_600x397.jpg","datePublished":"2013-03-21T09:12:53+00:00","dateModified":"2020-04-06T20:32:10+00:00","breadcrumb":{"@id":"https:\/\/orthodoxalbania.org\/2020\/2013\/03\/21\/perseri-vjedhje-ne-kishen-e-shen-kollit-prane-fshatit-vanaj-ne-rrethin-e-fierit\/#breadcrumb"},"inLanguage":"en-US","potentialAction":[{"@type":"ReadAction","target":["https:\/\/orthodoxalbania.org\/2020\/2013\/03\/21\/perseri-vjedhje-ne-kishen-e-shen-kollit-prane-fshatit-vanaj-ne-rrethin-e-fierit\/"]}]},{"@type":"ImageObject","inLanguage":"en-US","@id":"https:\/\/orthodoxalbania.org\/2020\/2013\/03\/21\/perseri-vjedhje-ne-kishen-e-shen-kollit-prane-fshatit-vanaj-ne-rrethin-e-fierit\/#primaryimage","url":"https:\/\/lh3.googleusercontent.com\/-Iqq9je87qIk\/VABLJR4Xz2I\/AAAAAAAAB-M\/pqZdL80LUow\/w600-h397-no\/1_600x397.jpg","contentUrl":"https:\/\/lh3.googleusercontent.com\/-Iqq9je87qIk\/VABLJR4Xz2I\/AAAAAAAAB-M\/pqZdL80LUow\/w600-h397-no\/1_600x397.jpg"},{"@type":"BreadcrumbList","@id":"https:\/\/orthodoxalbania.org\/2020\/2013\/03\/21\/perseri-vjedhje-ne-kishen-e-shen-kollit-prane-fshatit-vanaj-ne-rrethin-e-fierit\/#breadcrumb","itemListElement":[{"@type":"ListItem","position":1,"name":"Home","item":"https:\/\/orthodoxalbania.org\/2020\/"},{"@type":"ListItem","position":2,"name":"P\u00cbRS\u00cbRI VJEDHJE N\u00cb KISH\u00cbN E SH\u00cbN KOLLIT PRAN\u00cb FSHATIT VANAJ N\u00cb RRETHIN E FIERIT. (Shkurt 2011)"}]},{"@type":"WebSite","@id":"https:\/\/orthodoxalbania.org\/2020\/#website","url":"https:\/\/orthodoxalbania.org\/2020\/","name":"Kisha Orthodh\u03bfkse Autoqefale e Shqip\u00ebris\u00eb","description":"Fqja Zyrtare e Kish\u00ebs Orthodhokse Autoqefale e Shqip\u00ebris\u00eb me lajmet edhe informacionet zyrtare p\u00ebr struktur\u00ebn edhe veprimtarin e saj.","publisher":{"@id":"https:\/\/orthodoxalbania.org\/2020\/#organization"},"potentialAction":[{"@type":"SearchAction","target":{"@type":"EntryPoint","urlTemplate":"https:\/\/orthodoxalbania.org\/2020\/?s={search_term_string}"},"query-input":{"@type":"PropertyValueSpecification","valueRequired":true,"valueName":"search_term_string"}}],"inLanguage":"en-US"},{"@type":"Organization","@id":"https:\/\/orthodoxalbania.org\/2020\/#organization","name":"Kisha Orthodhokse Autoqefale e Shqip\u00ebris\u00eb","url":"https:\/\/orthodoxalbania.org\/2020\/","logo":{"@type":"ImageObject","inLanguage":"en-US","@id":"https:\/\/orthodoxalbania.org\/2020\/#\/schema\/logo\/image\/","url":"https:\/\/orthodoxalbania.org\/2020\/wp-content\/uploads\/2020\/05\/albania.jpeg","contentUrl":"https:\/\/orthodoxalbania.org\/2020\/wp-content\/uploads\/2020\/05\/albania.jpeg","width":540,"height":540,"caption":"Kisha Orthodhokse Autoqefale e Shqip\u00ebris\u00eb"},"image":{"@id":"https:\/\/orthodoxalbania.org\/2020\/#\/schema\/logo\/image\/"},"sameAs":["https:\/\/www.facebook.com\/koash1991"]},{"@type":"Person","@id":"https:\/\/orthodoxalbania.org\/2020\/#\/schema\/person\/0c387634a7063ac612d7ed9ce71c7e86","name":"Kisha Orthodhokse","image":{"@type":"ImageObject","inLanguage":"en-US","@id":"https:\/\/secure.gravatar.com\/avatar\/596e7c417251e30f2fbb9c00e026fce61a695a00e51c889caded71c96cbbdde5?s=96&d=mm&r=g","url":"https:\/\/secure.gravatar.com\/avatar\/596e7c417251e30f2fbb9c00e026fce61a695a00e51c889caded71c96cbbdde5?s=96&d=mm&r=g","contentUrl":"https:\/\/secure.gravatar.com\/avatar\/596e7c417251e30f2fbb9c00e026fce61a695a00e51c889caded71c96cbbdde5?s=96&d=mm&r=g","caption":"Kisha Orthodhokse"}}]}},"_links":{"self":[{"href":"https:\/\/orthodoxalbania.org\/2020\/wp-json\/wp\/v2\/posts\/1099","targetHints":{"allow":["GET"]}}],"collection":[{"href":"https:\/\/orthodoxalbania.org\/2020\/wp-json\/wp\/v2\/posts"}],"about":[{"href":"https:\/\/orthodoxalbania.org\/2020\/wp-json\/wp\/v2\/types\/post"}],"author":[{"embeddable":true,"href":"https:\/\/orthodoxalbania.org\/2020\/wp-json\/wp\/v2\/users\/1"}],"replies":[{"embeddable":true,"href":"https:\/\/orthodoxalbania.org\/2020\/wp-json\/wp\/v2\/comments?post=1099"}],"version-history":[{"count":1,"href":"https:\/\/orthodoxalbania.org\/2020\/wp-json\/wp\/v2\/posts\/1099\/revisions"}],"predecessor-version":[{"id":15418,"href":"https:\/\/orthodoxalbania.org\/2020\/wp-json\/wp\/v2\/posts\/1099\/revisions\/15418"}],"wp:attachment":[{"href":"https:\/\/orthodoxalbania.org\/2020\/wp-json\/wp\/v2\/media?parent=1099"}],"wp:term":[{"taxonomy":"category","embeddable":true,"href":"https:\/\/orthodoxalbania.org\/2020\/wp-json\/wp\/v2\/categories?post=1099"},{"taxonomy":"post_tag","embeddable":true,"href":"https:\/\/orthodoxalbania.org\/2020\/wp-json\/wp\/v2\/tags?post=1099"}],"curies":[{"name":"wp","href":"https:\/\/api.w.org\/{rel}","templated":true}]}}