{"id":1098,"date":"2013-09-16T07:03:11","date_gmt":"2013-09-16T07:03:11","guid":{"rendered":""},"modified":"2020-04-06T22:05:34","modified_gmt":"2020-04-06T20:05:34","slug":"perseri-ju-turp-i-riperseritur-ne-disa-media","status":"publish","type":"post","link":"https:\/\/orthodoxalbania.org\/2020\/2013\/09\/16\/perseri-ju-turp-i-riperseritur-ne-disa-media\/","title":{"rendered":"P\u00cbRS\u00cbRI JU\u2026? (Turp i rip\u00ebrs\u00ebritur n\u00eb disa media). (15 Shtator 2013)"},"content":{"rendered":"<p style=\"text-align: justify;\">\n\t<strong><span style=\"font-family:tahoma,geneva,sans-serif;\"><span style=\"font-size: 12px;\"><span style=\"color: rgb(0, 0, 0);\">&nbsp;&nbsp;&nbsp; Nga Ikonom Spiro Katundi, Kor\u00e7\u00eb.<\/span><\/span><\/span><\/strong><\/p>\n<p style=\"text-align: justify;\">\n\t<strong><span style=\"color:#b22222;\"><span style=\"font-family: tahoma,geneva,sans-serif;\"><span style=\"font-size: 12px;\"><em>&nbsp;&nbsp;&nbsp; Ky shkrim u botua te Gazeta Shqiptare, diel, dt.15.9.2013.<\/em><\/span><\/span><\/span><\/strong><\/p>\n<p style=\"text-align: justify;\">\n\t<span style=\"font-family:tahoma,geneva,sans-serif;\"><span style=\"font-size: 12px;\"><img class=\"lazyload\" decoding=\"async\" src=\"data:image\/gif;base64,R0lGODlhAQABAAAAACH5BAEKAAEALAAAAAABAAEAAAICTAEAOw==\" data-orig-src=\"https:\/\/lh4.googleusercontent.com\/-wbp_Zxunfqs\/UjatCChud8I\/AAAAAAAAGd8\/gVSR6SNoshk\/w964-h476-no\/getimage.aspx.jpg\" style=\"height: 148px; width: 300px; margin: 10px; float: left; border-width: 1px; border-style: solid;\" \/>&nbsp; &nbsp; <span style=\"color: rgb(0, 0, 0);\">Pam\u00eb t\u00eb p\u00ebrs\u00ebriten koh\u00ebt e fundit n\u00eb disa media akuza dhe shpifje t\u00eb rip\u00ebrs\u00ebritura p\u00ebr Kish\u00ebn Orthodhokse, t\u00eb sulmohet Kryepiskopi Anastas, t\u00eb merret n\u00eb mbrojtje i vet\u00ebquajturi \u201cprift\u201d dhe \u201cmbrojt\u00ebs i Kish\u00ebs Orthodhokse t\u00eb Kombit\u201d Nikolla Marku etj.&nbsp;<\/span><\/span><\/span><\/p>\n<p style=\"text-align: justify;\">\n\t<span style=\"font-family:tahoma,geneva,sans-serif;\"><span style=\"font-size: 12px;\"><span style=\"color: rgb(0, 0, 0);\">&nbsp; &nbsp; Dua t\u2019u them dhe rikujtoj k\u00ebtyre gazetar\u00ebve, se keni m\u00ebse nj\u00ebzet vjet duke th\u00ebn\u00eb e rith\u00ebn\u00eb t\u00eb nj\u00ebjtat gj\u00ebra, ku akoma shikojm\u00eb q\u00eb jeni t\u00eb paqart\u00eb dhe vet\u00eb p\u00ebr secil\u00ebn nga ato q\u00eb trajtoni.&nbsp;<\/span><\/span><\/span><\/p>\n<p style=\"text-align: justify;\">\n\t<span style=\"font-family:tahoma,geneva,sans-serif;\"><span style=\"font-size: 12px;\"><span style=\"color: rgb(0, 0, 0);\">&nbsp; &nbsp; Nj\u00ebkoh\u00ebsisht shohim nj\u00eb gjuh\u00eb t\u00eb ashp\u00ebr q\u00eb p\u00ebrdoret kund\u00ebr Kish\u00ebs dhe klerik\u00ebve t\u00eb saj, me ofendime aspak gazetareske t\u00eb shoq\u00ebruara me gjykime ordinere, t\u00eb cilat kan\u00eb ulur n\u00eb publik, jo vet\u00ebm dinjitetin tuaj, por dhe t\u00eb mediave q\u00eb p\u00ebrfaq\u00ebsoni.&nbsp;<\/span><\/span><\/span><\/p>\n<p style=\"text-align: justify;\">\n\t<span style=\"font-family:tahoma,geneva,sans-serif;\"><span style=\"font-size: 12px;\"><span style=\"color: rgb(0, 0, 0);\">&nbsp; &nbsp; T\u00eb tilla shkrime apo emisione sa qesharake aq dhe keqdash\u00ebse u shfaq\u00ebn k\u00ebt\u00eb koh\u00eb dhe me problemin e Kish\u00ebs n\u00eb P\u00ebrmet, p\u00ebr t\u00eb cil\u00ebn ju siguroj q\u00eb do t\u00eb zgjidhet sipas vullnetit t\u00eb Per\u00ebndis\u00eb dhe jo sipas oreksit t\u00eb ndonj\u00eb kalimtari.&nbsp;<\/span><\/span><\/span><\/p>\n<p style=\"text-align: justify;\">\n\t<span style=\"font-family:tahoma,geneva,sans-serif;\"><span style=\"font-size: 12px;\"><span style=\"color: rgb(0, 0, 0);\">&nbsp; &nbsp; K\u00ebshtu q\u00eb, ne na del detyr\u00eb t\u2019ju sqarojm\u00eb dhe t\u2019ju risqarojm\u00eb sa her\u00eb t\u00eb jet\u00eb e nevojshme, q\u00eb ju t\u00eb mos jeni shpjegues egoist\u00eb, fanatik\u00eb q\u00eb adhurojn\u00eb formalen pa esenc\u00eb dhe q\u00eb nguliten pas \u201cgerm\u00ebs\u201d.&nbsp;<\/span><\/span><\/span><\/p>\n<p style=\"text-align: justify;\">\n\t<span style=\"font-family:tahoma,geneva,sans-serif;\"><span style=\"font-size: 12px;\"><span style=\"color: rgb(0, 0, 0);\">&nbsp; &nbsp; Prandaj v\u00ebllez\u00ebr ta dini q\u00eb:&nbsp;<\/span><\/span><\/span><\/p>\n<p style=\"text-align: justify;\">\n\t<span style=\"font-family:tahoma,geneva,sans-serif;\"><span style=\"font-size: 12px;\"><span style=\"color: rgb(0, 0, 0);\">&nbsp; &nbsp; 1. Kisha Orthodhokse Autoqefale e Shqip\u00ebris\u00eb, rind\u00ebrtimi dhe misioni i saj, jan\u00eb sheshit dhe n\u00ebse e frekuentoni nj\u00ebher\u00eb t\u00eb vetme do t\u00eb shikoni dhe prekni nga af\u00ebr t\u00eb v\u00ebrtet\u00ebn, t\u00eb cil\u00ebn ju deri m\u00eb sot e keni luftuar dhe shtremb\u00ebruar me dashakeq\u00ebsi.&nbsp;<\/span><\/span><\/span><\/p>\n<p style=\"text-align: justify;\">\n\t<span style=\"font-family:tahoma,geneva,sans-serif;\"><span style=\"font-size: 12px;\"><span style=\"color: rgb(0, 0, 0);\">&nbsp; &nbsp; Duhet t\u00eb dini dhe nj\u00eb gj\u00eb tjet\u00ebr. Jo vet\u00ebm n\u00eb vendin tone, por n\u00eb gjith\u00eb bot\u00ebn, Kisha Orthodhokse \u00ebsht\u00eb n\u00ebna e t\u00eb krishter\u00ebve. \u00cbsht\u00eb i t\u00ebr\u00eb Trupi Eukaristik, ku brenda tij b\u00ebjn\u00eb pjes\u00eb gjith\u00eb besimtar\u00ebt e pag\u00ebzuar, pavar\u00ebsisht prejardhjes etnike, gjinis\u00eb s\u00eb tyre, gjuh\u00ebs, klas\u00ebs s\u00eb tyre shoq\u00ebrore dhe nivelit t\u00eb jetes\u00ebs.&nbsp;<\/span><\/span><\/span><\/p>\n<p style=\"text-align: justify;\">\n\t<span style=\"font-family:tahoma,geneva,sans-serif;\"><span style=\"font-size: 12px;\"><span style=\"color: rgb(0, 0, 0);\">&nbsp; &nbsp; 2. Duke sulmuar Kryepiskopin Anastas ju sulmoni gjith\u00eb orthodhoks\u00ebt e Shqip\u00ebris\u00eb, p\u00ebr k\u00ebt\u00eb ne ju kemi sqaruar n\u00eb vite. Imzot Anastasi, sot edhe mot si i thon\u00eb fjal\u00ebs, \u00ebsht\u00eb dhe do t\u00eb jet\u00eb Kryepiskopi i orthodhoks\u00ebve t\u00eb k\u00ebtij vendi. P\u00ebr t\u00eb kuptuar m\u00eb mir\u00eb k\u00ebt\u00eb, po ju citoj Apostull Pavlin n\u00eb letr\u00ebn drejtuar Romak\u00ebve, ku thot\u00eb: \u201dKush je ti q\u00eb gjykon sh\u00ebrb\u00ebtorin e tjetrit? Prej zotit t\u00eb vet ai q\u00ebndron ose bie, por do t\u00eb q\u00ebndroj\u00eb, sepse Per\u00ebndia i fort\u00eb do ta mb\u00ebshtes\u00eb\u201d(Rom.14:4). Kujtoni se figur\u00ebn e tij mund ta b\u00ebni loj\u00eb t\u00eb mediave tuaja? Gaboheni zot\u00ebrinj!&nbsp;<\/span><\/span><\/span><\/p>\n<p style=\"text-align: justify;\">\n\t<span style=\"font-family:tahoma,geneva,sans-serif;\"><span style=\"font-size: 12px;\"><span style=\"color: rgb(0, 0, 0);\">&nbsp; &nbsp; 3. Morali juaj dhe i mediave tuaja duket qart\u00eb kur merrni n\u00eb mbrojtje t\u00eb vet\u00ebquajturin \u201cprift\u201d Nikolla Markun. T\u00eb pakt\u00ebn na d\u00ebgjoni ne q\u00eb e kemi patur bashk\u00ebnx\u00ebn\u00ebs, ne q\u00eb e njohim dhe e dim\u00eb mir\u00eb se sa i zoti \u00ebsht\u00eb, sa njohuri ka mbi fen\u00eb e tij, sa i digjet zemra p\u00ebr Kombin dhe se sa \u201cprift\u201d mund t\u00eb jet\u00eb ky person i pafe. Do t\u00eb ishte e tep\u00ebrt ta ballafaqonim me rregullat dhe kanonet e Kish\u00ebs k\u00ebt\u00eb njeri, sepse nuk do t\u00eb mbaronim kurr\u00eb.&nbsp;<\/span><\/span><\/span><\/p>\n<p style=\"text-align: justify;\">\n\t<span style=\"font-family:tahoma,geneva,sans-serif;\"><span style=\"font-size: 12px;\"><span style=\"color: rgb(0, 0, 0);\">&nbsp; &nbsp; Me gjestin e tij t\u00eb ul\u00ebt prej vjedh\u00ebsi ordiner, si dhe me d\u00ebbimin e tij nga shkolla, t\u00eb themi t\u00eb drejt\u00ebn na erdhi shum\u00eb keq. Kish\u00ebs iu largua nj\u00eb person q\u00eb po p\u00ebrgatitej p\u00ebr t\u00eb qen\u00eb sh\u00ebrb\u00ebtor i saj dhe sigurisht q\u00eb p\u00ebr vesin e d\u00ebnuesh\u00ebm nga Kisha, pritej prej tij t\u00eb pendohej, por ai nuk e b\u00ebri k\u00ebt\u00eb gjest. Mblodhi firma q\u00eb t\u00eb b\u00ebhej prift, se e dinte q\u00eb prift\u00ebria b\u00ebhet me peticione dhe n\u00eb fund u p\u00ebrjashtua si hajdut, buk\u00ebshkel\u00ebs dhe tradhtar. Juda e tradhtoi Zotin dhe ai tradhtoi besimin dhe dashurin\u00eb e m\u00ebsuesit. N\u00eb qoft\u00eb se di t\u2019i lexoj\u00eb librat e Kish\u00ebs, dua t\u2019i them: shiko himnografin e Jav\u00ebs s\u00eb Madhe se si e etiketon Jud\u00ebn kur e quan \u201ct\u00eb dashuruar pas paras\u00eb\u201d, kjo i shkon p\u00ebr shtat edhe atij sot, sepse, q\u00eb vodhi lek u d\u00ebbua nga shkolla, me lek u vet\u00ebshpall \u201cprift\u201ddhe p\u00ebr lek e ka kthyer Kish\u00ebn e zaptuar, n\u00eb biznesin e tij. K\u00ebshtu mund t\u00eb jet\u00eb prifti dhe mbrojt\u00ebsi i Kombit?! Prift\u00ebria e Altarit \u00ebsht\u00eb \u00e7\u00ebshtje q\u00eb lidhet me lutjen, v\u00ebllez\u00ebr, dhe nuk fitohet nga ndonj\u00eb konkurs si mund t\u00eb fitohen vendet e pun\u00ebs, apo duke futur miq.&nbsp;<\/span><\/span><\/span><\/p>\n<p style=\"text-align: justify;\">\n\t<span style=\"font-family:tahoma,geneva,sans-serif;\"><span style=\"font-size: 12px;\"><span style=\"color: rgb(0, 0, 0);\">&nbsp; &nbsp; 4. Nj\u00eb turp i rip\u00ebrs\u00ebritur \u00ebsht\u00eb kur ngat\u00ebrroni \u00e7\u00ebshtjen \u00e7ame me Kish\u00ebn Orthodhokse t\u00eb Greqis\u00eb dhe Kish\u00ebn ton\u00eb. Me sa di un\u00eb, ashtu si dhe ju e dini shum\u00eb mir\u00eb nga historia q\u00eb, \u00e7am\u00ebt nuk i d\u00ebboi Kisha e Greqis\u00eb dhe sot nuk \u00ebsht\u00eb Kisha jon\u00eb ajo q\u00eb mund t\u00eb nd\u00ebrhyj\u00eb p\u00ebr t\u00eb zgjidhur problemet e tyre. Mos ngat\u00ebrroni adres\u00eb zot\u00ebrinj.&nbsp;<\/span><\/span><\/span><\/p>\n<p style=\"text-align: justify;\">\n\t<span style=\"font-family:tahoma,geneva,sans-serif;\"><span style=\"font-size: 12px;\"><span style=\"color: rgb(0, 0, 0);\">&nbsp; &nbsp; Sot ka dhe njer\u00ebz q\u00eb nuk na kuptojn\u00eb si duhet, ka dhe nga ata q\u00eb u pag\u00ebzuan t\u00eb krishter\u00eb e q\u00eb pak a shum\u00eb njohin dhe vler\u00ebsojn\u00eb besimin e tyre edhe pse ndodhen n\u00eb mes t\u00eb nj\u00eb bote t\u00eb shthurur, ku nevoja p\u00ebr ta njohur Per\u00ebndin\u00eb dhe p\u00ebr t\u00eb q\u00ebndruar pran\u00eb Kish\u00ebs s\u00eb saj \u00ebsht\u00eb m\u00eb e madhe se asnj\u00ebher\u00eb tjet\u00ebr. Sa m\u00eb shum\u00eb t\u00eb pranojm\u00eb pendimin dhe p\u00ebruljen, b\u00ebhemi m\u00eb tep\u00ebr t\u00eb hapur dhe \u00e7lirohemi nga barra e egoizmit dhe vog\u00eblsit\u00eb e lig\u00ebsive. Sado q\u00eb kjo t\u00eb duket e \u00e7uditshme dhe jasht\u00eb arsyes, ky \u00ebsht\u00eb morali i t\u00eb krishter\u00ebve orthodhoks\u00eb.&nbsp;<\/span><\/span><\/span><\/p>\n<p style=\"text-align: justify;\">\n\t<span style=\"font-family:tahoma,geneva,sans-serif;\"><span style=\"font-size: 12px;\"><span style=\"color: rgb(0, 0, 0);\">&nbsp; &nbsp; Po ky Nikolla juaj, n\u00eb se e quan veten q\u00eb \u00ebsht\u00eb i krishter e p\u00ebr m\u00eb tep\u00ebr \u201cprift\u201d, si nuk di t\u00eb zbatoj\u00eb t\u00eb pakt\u00ebn rregullat m\u00eb elementare t\u00eb besimit, apo dhjet\u00eb porosit\u00eb e Krishtit, ku atje thuhet: mos vidh, mos jep d\u00ebshmi t\u00eb rreme, etj? Si mund t\u00eb quhet \u201cprift\u201d kur ai rr\u00ebmben Kish\u00ebn dhe zyrat e saj, duke u fshehur prapa fjal\u00ebs \u201cKomb\u201d? \u201cPrift dhe hajdut\u201d apo \u201chajdut dhe patriot\u201d, nuk kemi par\u00eb e d\u00ebgjuar deri m\u00eb sot. Nuk e kuptoj q\u00ebndrimin dhe interesin e mediave n\u00eb k\u00ebto nj\u00ebzet vjet, q\u00eb merren me personazhin: Nikolla.&nbsp;<\/span><\/span><\/span><\/p>\n<p style=\"text-align: justify;\">\n\t<span style=\"font-family:tahoma,geneva,sans-serif;\"><span style=\"font-size: 12px;\"><span style=\"color: rgb(0, 0, 0);\">&nbsp; &nbsp; Do t\u00eb desha ti pyes: a mos vall\u00eb ky \u00ebsht\u00eb problemi m\u00eb i r\u00ebnd\u00ebsish\u00ebm, q\u00eb ka shoq\u00ebria jon\u00eb sot? Kaq ju intereson \u00e7\u00ebshtja \u201cMarku\u201d, e k\u00ebtij personi q\u00eb \u00ebsht\u00eb turpi i ekraneve dhe gazetave tuaja? Si mundet ta krahasoni k\u00ebt\u00eb mashtrues ordiner, me nj\u00eb figur\u00eb kaq t\u00eb madhe bot\u00ebrore, si\u00e7 \u00ebsht\u00eb Kryepiskopi Anastas?&nbsp;<\/span><\/span><\/span><\/p>\n<p style=\"text-align: justify;\">\n\t<span style=\"font-family:tahoma,geneva,sans-serif;\"><span style=\"font-size: 12px;\"><span style=\"color: rgb(0, 0, 0);\">&nbsp; &nbsp; Po mir\u00eb more, v\u00ebllez\u00ebr, m\u00eb thoni: A nuk quhet turp mediatik, t\u00eb publikoni nj\u00eb person mashtrues q\u00eb i b\u00ebn let\u00ebr Patriarkan\u00ebs n\u00eb em\u00ebr t\u00eb askujt, ta servirni n\u00ebp\u00ebr media, sikur ky i vet\u00ebm \u00ebsht\u00eb \u201cEngj\u00eblli\u201d dhe t\u00eb gjith\u00eb ne jemi djajt\u00eb? Pyesni nj\u00ebher\u00eb veten tuaj: A e ndri\u00e7on moralin e mediave tuaja, figura e \u201cMarkut\u201d?&nbsp;<\/span><\/span><\/span><\/p>\n<p style=\"text-align: justify;\">\n\t<span style=\"font-family:tahoma,geneva,sans-serif;\"><span style=\"font-size: 12px;\"><span style=\"color: rgb(0, 0, 0);\">&nbsp; &nbsp; Si mundet t\u00eb mos shikoni p\u00ebrparimin e Kish\u00ebs Orthodhokse dhe t\u00eb mos e paraqitni fare at\u00eb n\u00eb mediat tuaja? Keni gati nj\u00ebzet vjet me problemin \u201cMarku\u201d, more v\u00ebllez\u00ebr, nuk u lodh\u00ebt? Kaq n\u00eb kriz\u00eb programacioni jeni, sa nuk keni \u00e7\u2019t\u00eb b\u00ebni dhe hapni historin\u00eb e Kish\u00ebs Orthodhokse duke b\u00ebr\u00eb komente dhe shtremb\u00ebrime fyese?&nbsp;<\/span><\/span><\/span><\/p>\n<p style=\"text-align: justify;\">\n\t<span style=\"font-family:tahoma,geneva,sans-serif;\"><span style=\"font-size: 12px;\"><span style=\"color: rgb(0, 0, 0);\">&nbsp; &nbsp; N\u00eb nj\u00eb gazet\u00eb e pam\u00eb k\u00ebt\u00eb person, t\u00eb marr\u00eb rolin e historianit t\u00eb Kish\u00ebs Orthodhokse, t\u00eb cil\u00ebn ne e njohim mir\u00eb, sepse ajo \u00ebsht\u00eb e shkruar nga teologu dhe profesori yn\u00eb i nderuar, i ndjeri Dhimit\u00ebr Beduli, q\u00eb nj\u00ebkoh\u00ebsisht i ka dh\u00ebn\u00eb m\u00ebsim dhe zotit Nikolla. E pra, atje do ta shikoni se si mund t\u00eb merret historia e v\u00ebrtet\u00eb dhe tek-tuk t\u2019i ndryshoj\u00eb nja dy rreshta, duke e kthyer sipas d\u00ebshir\u00ebs s\u00eb tij. \u00c7\u2019prisni zot\u00ebrinj, nxitoni ta shpallni \u201chistorian t\u00eb shekullit\u201d. Kujtoni se, besimtar\u00ebt orthodhoks\u00eb nuk e njohin historin\u00eb dhe jet\u00ebn e Kish\u00ebs dhe nuk e shohin t\u00eb v\u00ebrtet\u00ebn me syt\u00eb e tyre, q\u00eb t\u00eb g\u00ebnjehen nga k\u00ebto mashtrime?&nbsp;<\/span><\/span><\/span><\/p>\n<p style=\"text-align: justify;\">\n\t<span style=\"font-family:tahoma,geneva,sans-serif;\"><span style=\"font-size: 12px;\"><span style=\"color: rgb(0, 0, 0);\">&nbsp; &nbsp; Pun\u00ebt e Kish\u00ebs ton\u00eb na takojn\u00eb ne dhe besimtar\u00ebve t\u00eb saj, more v\u00ebllez\u00ebr, \u00e7\u2019ne ju me pun\u00ebt tona? Ne ju hyjm\u00eb juve n\u00eb pun\u00ebt tuaja? Shikoni nj\u00ebher\u00eb dhe i b\u00ebni analiz\u00eb vetes se mos jeni vall\u00eb \u00ebnd\u00ebrrimtar\u00eb dhe jo realist\u00eb, n\u00eb vend q\u00eb t\u00eb jeni paqedash\u00ebs dhe t\u00eb frytsh\u00ebm, k\u00ebrkoni ta nxini t\u00eb v\u00ebrtet\u00ebn e Zotit?&nbsp;<\/span><\/span><\/span><\/p>\n<p style=\"text-align: justify;\">\n\t<span style=\"font-family:tahoma,geneva,sans-serif;\"><span style=\"font-size: 12px;\"><span style=\"color: rgb(0, 0, 0);\">&nbsp; &nbsp; Ne, na \u00e7udit fakti q\u00eb ju nuk b\u00ebheni merak p\u00ebr vendimet e padrejta q\u00eb marrin organet e drejt\u00ebsis\u00eb si n\u00eb qytetin e P\u00ebrmetit, ashtu dhe n\u00eb at\u00eb t\u00eb Elbasanit, q\u00eb kan\u00eb lejuar t\u00eb rr\u00ebmbehet dhe dhunohet Kisha Orthodhokse e Sh\u00ebn Maris\u00eb dhe aq m\u00eb tep\u00ebr vler\u00eb historike, duke u kthyer n\u00eb biznes vetjak nga zoti Marku.&nbsp;<\/span><\/span><\/span><\/p>\n<p style=\"text-align: justify;\">\n\t<span style=\"font-family:tahoma,geneva,sans-serif;\"><span style=\"font-size: 12px;\"><span style=\"color: rgb(0, 0, 0);\">&nbsp; &nbsp; Ashtu sikund\u00ebr deri m\u00eb sot, ku jan\u00eb t\u00eb rrall\u00eb ata q\u00eb jan\u00eb kapur p\u00ebr vjedhje dhe shkat\u00ebrrime t\u00eb vlerave shpirt\u00ebrore dhe monumentale n\u00ebp\u00ebr kisha, edhe ky problem duket qart\u00eb q\u00eb \u00ebsht\u00eb l\u00ebn\u00eb me d\u00ebshir\u00ebn jo t\u00eb mir\u00eb p\u00ebr t\u2019u zgjidhur.&nbsp;<\/span><\/span><\/span><\/p>\n<p style=\"text-align: justify;\">\n\t<span style=\"font-family:tahoma,geneva,sans-serif;\"><span style=\"font-size: 12px;\"><span style=\"color: rgb(0, 0, 0);\">&nbsp; &nbsp; T\u00eb pakt\u00ebn hajdut\u00ebt fshihen dhe mezi kapen, po zoti Marku q\u00eb vodhi jo pak, por nj\u00eb kish\u00eb t\u00eb t\u00ebr\u00eb s\u00eb bashku me ambientet e saj n\u00eb mes t\u00eb dit\u00ebs dhe ka nj\u00ebzet vjet q\u00eb thot\u00eb: ja ku jam, n\u00eb gazeta e televizione sheshit. Pse nuk kapet dhe d\u00ebnohet? \u00c7\u2019t\u00eb jet\u00eb kjo dashakeq\u00ebsi apo profesionaliz\u00ebm i d\u00ebshtuar? Kush fshihet pas tij dhe kush e p\u00ebrkrah, nuk \u00ebsht\u00eb e v\u00ebshtir\u00eb sot p\u00ebr t\u2019u marr\u00eb vesh.&nbsp;<\/span><\/span><\/span><\/p>\n<p style=\"text-align: justify;\">\n\t<span style=\"font-family:tahoma,geneva,sans-serif;\"><span style=\"font-size: 12px;\"><span style=\"color: rgb(0, 0, 0);\">&nbsp; &nbsp; Sot t\u00eb gjitha sekretet jan\u00eb sheshit, s\u2019ka gj\u00eb q\u00eb t\u00eb mos merret vesh. Tani t\u00eb gjith\u00eb e din\u00eb cil\u00ebt jan\u00eb k\u00ebta q\u00eb e p\u00ebrkrahin k\u00ebt\u00eb person mashtrues ordiner, sepse emrat e tyre jan\u00eb n\u00ebp\u00ebr artikujt e gazetave dhe titrat e emisioneve televizive, nj\u00ebkoh\u00ebsisht shohim q\u00eb e nxjerrin vet\u00eb dhe kush i ka sponsorizuar. At\u00ebher\u00eb \u00ebsht\u00eb e v\u00ebrtet\u00eb ajo q\u00eb thon\u00eb besimtar\u00ebt tan\u00eb q\u00eb: k\u00ebta, o jan\u00eb t\u00eb pa fe, o jan\u00eb t\u00eb paaft\u00eb, o jan\u00eb t\u00eb lajthitur.&nbsp;<\/span><\/span><\/span><\/p>\n<p style=\"text-align: justify;\">\n\t<span style=\"font-family:tahoma,geneva,sans-serif;\"><span style=\"font-size: 12px;\"><span style=\"color: rgb(0, 0, 0);\">&nbsp; &nbsp; \u00cbsht\u00eb dh\u00ebn\u00eb disa her\u00eb n\u00eb media t\u00eb ndryshme filmimi i dit\u00ebs s\u00eb fron\u00ebzimit t\u00eb Kryepiskopit Imzot Anastasit, p\u00ebr t\u00eb cilin ne jemi krenar\u00eb p\u00ebr zgjedhjen q\u00eb ju b\u00eb Kish\u00ebs ton\u00eb, sepse ai u zgjodh p\u00ebr t\u00eb krishter\u00ebt orthodhoks\u00eb dhe p\u00ebr Kish\u00ebn e tyre, duke e kryesuar at\u00eb me dinjitetin m\u00eb t\u00eb madh n\u00eb rangun evropian dhe bot\u00ebror. Ai nuk u zgjodh p\u00ebr asnj\u00eb tjet\u00ebr, person, shoqat\u00eb apo parti q\u00eb pretendon t\u00eb ket\u00eb pushtet mbi Kish\u00ebn, por do t\u00eb desha ta shikonit mir\u00eb, jo vet\u00ebm at\u00eb pjes\u00eb video q\u00eb paraqitni ju, por t\u00eb gjith\u00eb filmimin e asaj dite dhe do ta shikoni z. Nikolla Marku civil, duke thirrur: \u201ci denj\u00eb\u201d p\u00ebr Anastasin Kryepiskop dhe pas dy vjet\u00ebsh q\u00eb u d\u00ebbua si hajdut, ai thirri: \u201ci pa denj\u00eb\u201d.&nbsp;<\/span><\/span><\/span><\/p>\n<p style=\"text-align: justify;\">\n\t<span style=\"font-family:tahoma,geneva,sans-serif;\"><span style=\"font-size: 12px;\"><span style=\"color: rgb(0, 0, 0);\">&nbsp; &nbsp; Ai nuk e do Kryepiskopin dhe \u00ebsht\u00eb puna e tij, po pse lejohet t\u00eb shp\u00ebrdoroj\u00eb n\u00eb media nacionalizmin kur t\u00eb gjith\u00eb e dim\u00eb q\u00eb t\u00eb pandershmit dhe t\u00eb korruptuarit sot fshihen pas fjal\u00ebs \u201cKomb\u201d. Dhe at\u00ebher\u00eb lind pyetja: kush \u00ebsht\u00eb m\u00eb patriot, ai q\u00eb nd\u00ebrton n\u00eb k\u00ebt\u00eb vend, apo ai q\u00eb vjedh?&nbsp;<\/span><\/span><\/span><\/p>\n<p style=\"text-align: justify;\">\n\t<span style=\"font-family:tahoma,geneva,sans-serif;\"><span style=\"font-size: 12px;\"><span style=\"color: rgb(0, 0, 0);\">&nbsp; &nbsp; Ne e kemi pohuar dhe e pohojm\u00eb me guxim q\u00eb Kryepiskopi \u00ebsht\u00eb m\u00ebsuesi dhe Ati i gjith\u00eb Orthodhoks\u00ebve, sepse predikon vet\u00ebm \u201cfjal\u00eb t\u00eb jet\u00ebs s\u00eb p\u00ebrjet\u00ebshme\u201d(Jn.6:68). Un\u00eb e di q\u00eb nuk b\u00ebheni shum\u00eb merak p\u00ebr zot\u00ebrin\u00eb \u201cNiko\u201d, sepse ju nuk mund t\u2019ja mbuloni dot m\u00ebkatet atij, por kjo tregon fare hapur nj\u00eb dashakeq\u00ebsi t\u00eb madhe nga ana juaj p\u00ebr Kish\u00ebn Orthodhokse dhe Kryepiskopin Anastas, e n\u00ebse dikush \u00ebsht\u00eb dashakeq\u00ebs me ne, \u00ebsht\u00eb e qart\u00eb q\u00eb \u00ebsht\u00eb dashakeq\u00ebs me gjith\u00eb Komunitetin besimtar Orthodhoks.&nbsp;<\/span><\/span><\/span><\/p>\n<p style=\"text-align: justify;\">\n\t<span style=\"font-family:tahoma,geneva,sans-serif;\"><span style=\"font-size: 12px;\"><span style=\"color: rgb(0, 0, 0);\">&nbsp; &nbsp; Dashuria jon\u00eb p\u00ebr Kryepiskopin \u00ebsht\u00eb e dukshme, sjell gjykim. B\u00ebhet fjal\u00eb p\u00ebr nj\u00eb dashuri t\u00eb ve\u00e7ant\u00eb, t\u00eb pakufizuar, q\u00eb m\u00eb mir\u00eb do ta quanim dashuri me t\u00eb cil\u00ebn ne i p\u00ebrgjigjemi dashuris\u00eb s\u00eb tij q\u00eb po sakrifikohet p\u00ebr t\u00eb gjith\u00eb ne, duke rind\u00ebrtuar Kish\u00ebn nga themelet e saj, duke u p\u00ebrkushtuar p\u00ebr largimin e dhimbjes e plot\u00ebsimin e nevojave t\u00eb mij\u00ebra njer\u00ebzve, p\u00ebr sjelljen e g\u00ebzimit dhe largimit t\u00eb v\u00ebshtir\u00ebsive tek ata etj. Detyra e tij \u00ebsht\u00eb e gjall\u00eb dhe me energji, \u00ebsht\u00eb lutje e vazhdueshme \u00ebsht\u00eb d\u00ebshmi e nd\u00ebrgjegjes p\u00ebr t\u00eb kryer vepra dashurie, paqeje, pajtimi dhe vepra t\u00eb progresit.&nbsp;<\/span><\/span><\/span><\/p>\n<p style=\"text-align: justify;\">\n\t<span style=\"font-family:tahoma,geneva,sans-serif;\"><span style=\"font-size: 12px;\"><span style=\"color: rgb(0, 0, 0);\">&nbsp; &nbsp; \u00cbsht\u00eb e qart\u00eb se Kryepiskopi kaloi n\u00ebp\u00ebr pengesa t\u00eb ndryshme dhe n\u00eb tundime t\u00eb shum\u00ebllojshme deri sa arriti k\u00ebtu ku jemi sot. Ai \u00ebsht\u00eb sh\u00ebmb\u00eblltyra m\u00eb e mir\u00eb e Zotit n\u00eb vendin ton\u00eb, sepse, n\u00eb personin e tij, si tek rrall\u00eb ndonj\u00eb tjet\u00ebr, jan\u00eb t\u00eb m\u00ebshiruara ato cil\u00ebsi q\u00eb k\u00ebrkon Zoti tek njer\u00ebzit.&nbsp;<\/span><\/span><\/span><\/p>\n<p style=\"text-align: justify;\">\n\t<span style=\"font-family:tahoma,geneva,sans-serif;\"><span style=\"font-size: 12px;\"><span style=\"color: rgb(0, 0, 0);\">&nbsp; &nbsp; Ne, t\u00eb krishter\u00ebt orthodhoks\u00eb t\u00eb Shqip\u00ebris\u00eb, e dim\u00eb mir\u00eb dhe besojm\u00eb q\u00eb veprat e tij i kan\u00eb par\u00eb me syt\u00eb e tyre t\u00eb gjith\u00eb shqiptar\u00ebt pa dallim feje, sepse ata vet\u00eb e pohojn\u00eb me goj\u00ebn e tyre dhe vler\u00ebsojn\u00eb personalitetin e tij, duke th\u00ebn\u00eb: nuk kemi par\u00eb deri m\u00eb sot nj\u00eb njeri kaq t\u00eb p\u00ebrkushtuar dhe me kaq kontribute n\u00eb k\u00ebt\u00eb vend. E pra, duhet t\u00eb qart\u00ebsoheni mir\u00eb dhe t\u00eb kuptoni se p\u00ebr Kryepiskopin Anastas dhe Kish\u00ebn q\u00eb ai drejton, ajo q\u00eb ka fuqi t\u00eb madhe, \u00ebsht\u00eb dashuria gjith\u00ebp\u00ebrfshir\u00ebse, krejt e ndryshme nga ajo q\u00eb propozoni ju me shembuj egoiste t\u00eb lavdis\u00eb s\u00eb kot\u00eb, me d\u00ebshira p\u00ebr t\u00eb pasur pozita dhe t\u00eb s\u00ebmur\u00eb nga krenaria e pushtetit.&nbsp;<\/span><\/span><\/span><\/p>\n<p style=\"text-align: justify;\">\n\t<span style=\"font-family:tahoma,geneva,sans-serif;\"><span style=\"font-size: 12px;\"><span style=\"color: rgb(0, 0, 0);\">&nbsp; &nbsp; Disa nga politikan\u00ebt e d\u00ebshtuar n\u00eb partit\u00eb e m\u00ebdha dhe t\u00eb d\u00ebbuar prej tyre si njer\u00ebz t\u00eb paaft\u00eb, i jan\u00eb bashkuar personit \u201cMarku\u201d dhe e shikojn\u00eb si njeriun m\u00eb t\u00eb p\u00ebrshtatsh\u00ebm q\u00eb mund t\u2019u shtoj\u00eb votat dhe reputacionin n\u00eb popull. D\u00ebshtimin e tyre, e shikojn\u00eb si shp\u00ebtim kur duan t\u00eb na krijojn\u00eb ngat\u00ebrresa dhe t\u00eb na hapin probleme. E din\u00eb se kur merren me Kish\u00ebn Orthodhokse n\u00ebp\u00ebr gazeta e televizione, jan\u00eb \u201cpersona publik\u00eb t\u00eb suksessh\u00ebm\u201d. Disa nga k\u00ebta kan\u00eb krijuar parti dhe \u00ebsht\u00eb e drejta e tyre t\u00eb b\u00ebjn\u00eb si t\u00eb duan me programet e tyre, por n\u00eb fund: dihet kush gjykon&#8230; Po ky Nikolla juaj \u00e7do q\u00eb ngat\u00ebrrohet me k\u00ebta? Ai q\u00eb pretendon se \u00ebsht\u00eb njeri i Zotit nuk merret me politik\u00eb, apo duke qen\u00eb i vet\u00ebshpallur dhe ka rregullat e kanonet e tij, i lejohet?!&nbsp;<\/span><\/span><\/span><\/p>\n<p style=\"text-align: justify;\">\n\t<span style=\"font-family:tahoma,geneva,sans-serif;\"><span style=\"font-size: 12px;\"><span style=\"color: rgb(0, 0, 0);\">&nbsp; &nbsp; Sot na thoni se i sh\u00ebrbejm\u00eb grekut, po t\u00eb ishte ndonj\u00eb koh\u00eb tjet\u00ebr do na akuzonit se i sh\u00ebrbenim italianit, gjermanit apo mund t\u00eb na quanit dhe armiq t\u00eb popullit, si komunizmi. Po ne si t\u2019ju gjykojm\u00eb juve, kujt i sh\u00ebrbeni zot\u00ebrinj t\u00eb qorrollisur?&nbsp;<\/span><\/span><\/span><\/p>\n<p style=\"text-align: justify;\">\n\t<span style=\"font-family:tahoma,geneva,sans-serif;\"><span style=\"font-size: 12px;\"><span style=\"color: rgb(0, 0, 0);\">&nbsp; &nbsp; K\u00ebshtu i sh\u00ebrbehet Kombit duke luftuar t\u00eb mir\u00ebn, rind\u00ebrtimin dhe p\u00ebrparimin? Nuk e dini q\u00eb rind\u00ebrtimi i Kish\u00ebs \u00ebsht\u00eb rind\u00ebrtim dhe prestigj i gjith\u00eb Kombit? Kaq t\u00eb mefsht\u00eb jeni, o zot\u00ebrinj, q\u00eb fshihni lig\u00ebsin\u00eb prapa \u201cpriftit\u201d tuaj Niko? Kjo tregon q\u00eb nuk keni asnj\u00eb program tjet\u00ebr, jeni pa t\u00eb ardhme, derisa nuk doni t\u00eb shihni para syve tuaj, veprat shpirt\u00ebrore q\u00eb jan\u00eb e vetmja mund\u00ebsi p\u00ebr t\u00eb shp\u00ebtuar k\u00ebt\u00eb vend dhe k\u00ebt\u00eb popull, nga bataku i koh\u00ebs.&nbsp;<\/span><\/span><\/span><\/p>\n<p style=\"text-align: justify;\">\n\t<span style=\"font-family:tahoma,geneva,sans-serif;\"><span style=\"font-size: 12px;\"><span style=\"color: rgb(0, 0, 0);\">&nbsp; &nbsp; T\u00eb themi t\u00eb drejt\u00ebn, p\u00ebr ne n\u00eb m\u00ebse nj\u00ebzet vjet, veprat tuaja kan\u00eb qen\u00eb t\u00eb err\u00ebta, dashakeq\u00ebse dhe intriga t\u00eb ushqyera me kund\u00ebrshti. Brenda err\u00ebsir\u00ebs s\u00eb g\u00ebnjeshtr\u00ebs keni gatuar vazhdimisht mashtrimin dhe smir\u00ebn, kultivoni urrejtjen, shpifjen, padrejt\u00ebsin\u00eb etj. Po ju pyes zot\u00ebrinj; a keni par\u00eb ndonj\u00ebher\u00eb vepra dashurie t\u00eb per\u00ebndishme? N\u00eb moralin dhe karakterin tuaj besoj se nuk gjen ndonj\u00eb gj\u00eb t\u00eb till\u00eb. Kjo ekziston vet\u00ebm n\u00eb Kish\u00ebn Orthodhokse dhe tek Kryepiskopi Anastas, i cili udh\u00ebheq besimtar\u00ebt n\u00eb paqe, me frym\u00eb njeridashjeje, p\u00ebrpjekjeje p\u00ebr drejt\u00ebsi duke kontribuar me vepra dhe bashkekzistenc\u00eb paq\u00ebsore midis njer\u00ebzve. Ai \u00ebsht\u00eb dhe do t\u00eb mbetet n\u00eb jet\u00eb t\u00eb jet\u00ebve, p\u00ebr gjith\u00eb t\u00eb krishter\u00ebt orthodhoks\u00eb t\u00eb k\u00ebtij vendi, por dhe m\u00eb gjer\u00eb, nj\u00eb figur\u00eb e shenjt\u00eb, frym\u00eb e gjall\u00eb p\u00ebr m\u00ebsimin, edukimin dhe zgjidhjen e v\u00ebshtir\u00ebsive t\u00eb shumta, t\u00eb k\u00ebsaj jete m\u00ebkatare.<\/span><\/span><\/span><\/p>\n<p style=\"text-align: justify;\">\n\t&nbsp;<\/p>\n<p style=\"text-align: right;\">\n\t<span style=\"font-family:tahoma,geneva,sans-serif;\"><span style=\"font-size: 12px;\"><span style=\"color: rgb(0, 0, 0);\"><strong>KOR\u00c7\u00cb 2013<\/strong><\/span><\/span><\/span><\/p>\n<div>\n\t&nbsp;<\/div>\n","protected":false},"excerpt":{"rendered":"<p>&nbsp;&nbsp;&nbsp; Nga Ikonom Spiro Katundi, Kor\u00e7\u00eb. &nbsp;&nbsp;&nbsp; Ky shkrim u botua te Gazeta Shqiptare, diel, dt.15.9.2013. &nbsp; &nbsp; Pam\u00eb t\u00eb p\u00ebrs\u00ebriten koh\u00ebt e fundit n\u00eb disa media akuza dhe shpifje t\u00eb rip\u00ebrs\u00ebritura p\u00ebr Kish\u00ebn Orthodhokse, t\u00eb sulmohet Kryepiskopi Anastas, t\u00eb merret n\u00eb mbrojtje i vet\u00ebquajturi \u201cprift\u201d dhe \u201cmbrojt\u00ebs i Kish\u00ebs Orthodhokse t\u00eb Kombit\u201d Nikolla Marku etj.&nbsp; &nbsp; &nbsp; Dua t\u2019u them dhe rikujtoj k\u00ebtyre gazetar\u00ebve,<\/p>\n","protected":false},"author":14,"featured_media":0,"comment_status":"open","ping_status":"open","sticky":false,"template":"","format":"standard","meta":{"_acf_changed":false,"pagelayer_contact_templates":[],"_pagelayer_content":"","inline_featured_image":false,"fifu_image_url":"","fifu_image_alt":"","footnotes":""},"categories":[108],"tags":[141,153,196,212,203],"class_list":["post-1098","post","type-post","status-publish","format-standard","hentry","category-lajme","tag-141","tag-deklarata-njoftime-zyrtare-d75","tag-tirane","tag-lajme-d27","tag-pergjigje-ndaj-akuzave"],"acf":[],"yoast_head":"<!-- This site is optimized with the Yoast SEO plugin v27.2 - https:\/\/yoast.com\/product\/yoast-seo-wordpress\/ -->\n<title>P\u00cbRS\u00cbRI JU\u2026? (Turp i rip\u00ebrs\u00ebritur n\u00eb disa media). (15 Shtator 2013) - Kisha Orthodh\u03bfkse Autoqefale e Shqip\u00ebris\u00eb<\/title>\n<meta name=\"robots\" content=\"index, follow, max-snippet:-1, max-image-preview:large, max-video-preview:-1\" \/>\n<link rel=\"canonical\" href=\"https:\/\/orthodoxalbania.org\/2020\/2013\/09\/16\/perseri-ju-turp-i-riperseritur-ne-disa-media\/\" \/>\n<meta property=\"og:locale\" content=\"en_US\" \/>\n<meta property=\"og:type\" content=\"article\" \/>\n<meta property=\"og:title\" content=\"P\u00cbRS\u00cbRI JU\u2026? (Turp i rip\u00ebrs\u00ebritur n\u00eb disa media). (15 Shtator 2013) - Kisha Orthodh\u03bfkse Autoqefale e Shqip\u00ebris\u00eb\" \/>\n<meta property=\"og:description\" content=\"&nbsp;&nbsp;&nbsp; Nga Ikonom Spiro Katundi, Kor\u00e7\u00eb. &nbsp;&nbsp;&nbsp; Ky shkrim u botua te Gazeta Shqiptare, diel, dt.15.9.2013. &nbsp; &nbsp; Pam\u00eb t\u00eb p\u00ebrs\u00ebriten koh\u00ebt e fundit n\u00eb disa media akuza dhe shpifje t\u00eb rip\u00ebrs\u00ebritura p\u00ebr Kish\u00ebn Orthodhokse, t\u00eb sulmohet Kryepiskopi Anastas, t\u00eb merret n\u00eb mbrojtje i vet\u00ebquajturi \u201cprift\u201d dhe \u201cmbrojt\u00ebs i Kish\u00ebs Orthodhokse t\u00eb Kombit\u201d Nikolla Marku etj.&nbsp; &nbsp; &nbsp; Dua t\u2019u them dhe rikujtoj k\u00ebtyre gazetar\u00ebve,\" \/>\n<meta property=\"og:url\" content=\"https:\/\/orthodoxalbania.org\/2020\/2013\/09\/16\/perseri-ju-turp-i-riperseritur-ne-disa-media\/\" \/>\n<meta property=\"og:site_name\" content=\"Kisha Orthodh\u03bfkse Autoqefale e Shqip\u00ebris\u00eb\" \/>\n<meta property=\"article:publisher\" content=\"https:\/\/www.facebook.com\/koash1991\" \/>\n<meta property=\"article:published_time\" content=\"2013-09-16T07:03:11+00:00\" \/>\n<meta property=\"article:modified_time\" content=\"2020-04-06T20:05:34+00:00\" \/>\n<meta property=\"og:image\" content=\"https:\/\/lh4.googleusercontent.com\/-wbp_Zxunfqs\/UjatCChud8I\/AAAAAAAAGd8\/gVSR6SNoshk\/w964-h476-no\/getimage.aspx.jpg\" \/>\n<meta name=\"author\" content=\"neo_admin\" \/>\n<meta name=\"twitter:card\" content=\"summary_large_image\" \/>\n<meta name=\"twitter:label1\" content=\"Written by\" \/>\n\t<meta name=\"twitter:data1\" content=\"neo_admin\" \/>\n\t<meta name=\"twitter:label2\" content=\"Est. reading time\" \/>\n\t<meta name=\"twitter:data2\" content=\"15 minutes\" \/>\n<script type=\"application\/ld+json\" class=\"yoast-schema-graph\">{\"@context\":\"https:\/\/schema.org\",\"@graph\":[{\"@type\":\"Article\",\"@id\":\"https:\/\/orthodoxalbania.org\/2020\/2013\/09\/16\/perseri-ju-turp-i-riperseritur-ne-disa-media\/#article\",\"isPartOf\":{\"@id\":\"https:\/\/orthodoxalbania.org\/2020\/2013\/09\/16\/perseri-ju-turp-i-riperseritur-ne-disa-media\/\"},\"author\":{\"name\":\"neo_admin\",\"@id\":\"https:\/\/orthodoxalbania.org\/2020\/#\/schema\/person\/dd2bdc135b53c60d45b8bb329565cf6d\"},\"headline\":\"P\u00cbRS\u00cbRI JU\u2026? (Turp i rip\u00ebrs\u00ebritur n\u00eb disa media). (15 Shtator 2013)\",\"datePublished\":\"2013-09-16T07:03:11+00:00\",\"dateModified\":\"2020-04-06T20:05:34+00:00\",\"mainEntityOfPage\":{\"@id\":\"https:\/\/orthodoxalbania.org\/2020\/2013\/09\/16\/perseri-ju-turp-i-riperseritur-ne-disa-media\/\"},\"wordCount\":3005,\"commentCount\":0,\"publisher\":{\"@id\":\"https:\/\/orthodoxalbania.org\/2020\/#organization\"},\"image\":{\"@id\":\"https:\/\/orthodoxalbania.org\/2020\/2013\/09\/16\/perseri-ju-turp-i-riperseritur-ne-disa-media\/#primaryimage\"},\"thumbnailUrl\":\"https:\/\/lh4.googleusercontent.com\/-wbp_Zxunfqs\/UjatCChud8I\/AAAAAAAAGd8\/gVSR6SNoshk\/w964-h476-no\/getimage.aspx.jpg\",\"keywords\":[\"2013\",\"Deklarata - Njoftime Zyrtare\",\"Kryepiskopata Tiran\u00eb\",\"lajme\",\"P\u00ebrgjigje ndaj akuzave\"],\"articleSection\":[\"Lajme\"],\"inLanguage\":\"en-US\"},{\"@type\":\"WebPage\",\"@id\":\"https:\/\/orthodoxalbania.org\/2020\/2013\/09\/16\/perseri-ju-turp-i-riperseritur-ne-disa-media\/\",\"url\":\"https:\/\/orthodoxalbania.org\/2020\/2013\/09\/16\/perseri-ju-turp-i-riperseritur-ne-disa-media\/\",\"name\":\"P\u00cbRS\u00cbRI JU\u2026? (Turp i rip\u00ebrs\u00ebritur n\u00eb disa media). (15 Shtator 2013) - Kisha Orthodh\u03bfkse Autoqefale e Shqip\u00ebris\u00eb\",\"isPartOf\":{\"@id\":\"https:\/\/orthodoxalbania.org\/2020\/#website\"},\"primaryImageOfPage\":{\"@id\":\"https:\/\/orthodoxalbania.org\/2020\/2013\/09\/16\/perseri-ju-turp-i-riperseritur-ne-disa-media\/#primaryimage\"},\"image\":{\"@id\":\"https:\/\/orthodoxalbania.org\/2020\/2013\/09\/16\/perseri-ju-turp-i-riperseritur-ne-disa-media\/#primaryimage\"},\"thumbnailUrl\":\"https:\/\/lh4.googleusercontent.com\/-wbp_Zxunfqs\/UjatCChud8I\/AAAAAAAAGd8\/gVSR6SNoshk\/w964-h476-no\/getimage.aspx.jpg\",\"datePublished\":\"2013-09-16T07:03:11+00:00\",\"dateModified\":\"2020-04-06T20:05:34+00:00\",\"breadcrumb\":{\"@id\":\"https:\/\/orthodoxalbania.org\/2020\/2013\/09\/16\/perseri-ju-turp-i-riperseritur-ne-disa-media\/#breadcrumb\"},\"inLanguage\":\"en-US\",\"potentialAction\":[{\"@type\":\"ReadAction\",\"target\":[\"https:\/\/orthodoxalbania.org\/2020\/2013\/09\/16\/perseri-ju-turp-i-riperseritur-ne-disa-media\/\"]}]},{\"@type\":\"ImageObject\",\"inLanguage\":\"en-US\",\"@id\":\"https:\/\/orthodoxalbania.org\/2020\/2013\/09\/16\/perseri-ju-turp-i-riperseritur-ne-disa-media\/#primaryimage\",\"url\":\"https:\/\/lh4.googleusercontent.com\/-wbp_Zxunfqs\/UjatCChud8I\/AAAAAAAAGd8\/gVSR6SNoshk\/w964-h476-no\/getimage.aspx.jpg\",\"contentUrl\":\"https:\/\/lh4.googleusercontent.com\/-wbp_Zxunfqs\/UjatCChud8I\/AAAAAAAAGd8\/gVSR6SNoshk\/w964-h476-no\/getimage.aspx.jpg\"},{\"@type\":\"BreadcrumbList\",\"@id\":\"https:\/\/orthodoxalbania.org\/2020\/2013\/09\/16\/perseri-ju-turp-i-riperseritur-ne-disa-media\/#breadcrumb\",\"itemListElement\":[{\"@type\":\"ListItem\",\"position\":1,\"name\":\"Home\",\"item\":\"https:\/\/orthodoxalbania.org\/2020\/\"},{\"@type\":\"ListItem\",\"position\":2,\"name\":\"P\u00cbRS\u00cbRI JU\u2026? (Turp i rip\u00ebrs\u00ebritur n\u00eb disa media). (15 Shtator 2013)\"}]},{\"@type\":\"WebSite\",\"@id\":\"https:\/\/orthodoxalbania.org\/2020\/#website\",\"url\":\"https:\/\/orthodoxalbania.org\/2020\/\",\"name\":\"Kisha Orthodh\u03bfkse Autoqefale e Shqip\u00ebris\u00eb\",\"description\":\"Fqja Zyrtare e Kish\u00ebs Orthodhokse Autoqefale e Shqip\u00ebris\u00eb me lajmet edhe informacionet zyrtare p\u00ebr struktur\u00ebn edhe veprimtarin e saj.\",\"publisher\":{\"@id\":\"https:\/\/orthodoxalbania.org\/2020\/#organization\"},\"potentialAction\":[{\"@type\":\"SearchAction\",\"target\":{\"@type\":\"EntryPoint\",\"urlTemplate\":\"https:\/\/orthodoxalbania.org\/2020\/?s={search_term_string}\"},\"query-input\":{\"@type\":\"PropertyValueSpecification\",\"valueRequired\":true,\"valueName\":\"search_term_string\"}}],\"inLanguage\":\"en-US\"},{\"@type\":\"Organization\",\"@id\":\"https:\/\/orthodoxalbania.org\/2020\/#organization\",\"name\":\"Kisha Orthodhokse Autoqefale e Shqip\u00ebris\u00eb\",\"url\":\"https:\/\/orthodoxalbania.org\/2020\/\",\"logo\":{\"@type\":\"ImageObject\",\"inLanguage\":\"en-US\",\"@id\":\"https:\/\/orthodoxalbania.org\/2020\/#\/schema\/logo\/image\/\",\"url\":\"https:\/\/orthodoxalbania.org\/2020\/wp-content\/uploads\/2020\/05\/albania.jpeg\",\"contentUrl\":\"https:\/\/orthodoxalbania.org\/2020\/wp-content\/uploads\/2020\/05\/albania.jpeg\",\"width\":540,\"height\":540,\"caption\":\"Kisha Orthodhokse Autoqefale e Shqip\u00ebris\u00eb\"},\"image\":{\"@id\":\"https:\/\/orthodoxalbania.org\/2020\/#\/schema\/logo\/image\/\"},\"sameAs\":[\"https:\/\/www.facebook.com\/koash1991\"]},{\"@type\":\"Person\",\"@id\":\"https:\/\/orthodoxalbania.org\/2020\/#\/schema\/person\/dd2bdc135b53c60d45b8bb329565cf6d\",\"name\":\"neo_admin\",\"image\":{\"@type\":\"ImageObject\",\"inLanguage\":\"en-US\",\"@id\":\"https:\/\/secure.gravatar.com\/avatar\/53e6cdc30765aade0129f85e5aeb50124b1d3f5bb9a70373be31e4eb328371e0?s=96&d=mm&r=g\",\"url\":\"https:\/\/secure.gravatar.com\/avatar\/53e6cdc30765aade0129f85e5aeb50124b1d3f5bb9a70373be31e4eb328371e0?s=96&d=mm&r=g\",\"contentUrl\":\"https:\/\/secure.gravatar.com\/avatar\/53e6cdc30765aade0129f85e5aeb50124b1d3f5bb9a70373be31e4eb328371e0?s=96&d=mm&r=g\",\"caption\":\"neo_admin\"}}]}<\/script>\n<!-- \/ Yoast SEO plugin. -->","yoast_head_json":{"title":"P\u00cbRS\u00cbRI JU\u2026? (Turp i rip\u00ebrs\u00ebritur n\u00eb disa media). (15 Shtator 2013) - Kisha Orthodh\u03bfkse Autoqefale e Shqip\u00ebris\u00eb","robots":{"index":"index","follow":"follow","max-snippet":"max-snippet:-1","max-image-preview":"max-image-preview:large","max-video-preview":"max-video-preview:-1"},"canonical":"https:\/\/orthodoxalbania.org\/2020\/2013\/09\/16\/perseri-ju-turp-i-riperseritur-ne-disa-media\/","og_locale":"en_US","og_type":"article","og_title":"P\u00cbRS\u00cbRI JU\u2026? (Turp i rip\u00ebrs\u00ebritur n\u00eb disa media). (15 Shtator 2013) - Kisha Orthodh\u03bfkse Autoqefale e Shqip\u00ebris\u00eb","og_description":"&nbsp;&nbsp;&nbsp; Nga Ikonom Spiro Katundi, Kor\u00e7\u00eb. &nbsp;&nbsp;&nbsp; Ky shkrim u botua te Gazeta Shqiptare, diel, dt.15.9.2013. &nbsp; &nbsp; Pam\u00eb t\u00eb p\u00ebrs\u00ebriten koh\u00ebt e fundit n\u00eb disa media akuza dhe shpifje t\u00eb rip\u00ebrs\u00ebritura p\u00ebr Kish\u00ebn Orthodhokse, t\u00eb sulmohet Kryepiskopi Anastas, t\u00eb merret n\u00eb mbrojtje i vet\u00ebquajturi \u201cprift\u201d dhe \u201cmbrojt\u00ebs i Kish\u00ebs Orthodhokse t\u00eb Kombit\u201d Nikolla Marku etj.&nbsp; &nbsp; &nbsp; Dua t\u2019u them dhe rikujtoj k\u00ebtyre gazetar\u00ebve,","og_url":"https:\/\/orthodoxalbania.org\/2020\/2013\/09\/16\/perseri-ju-turp-i-riperseritur-ne-disa-media\/","og_site_name":"Kisha Orthodh\u03bfkse Autoqefale e Shqip\u00ebris\u00eb","article_publisher":"https:\/\/www.facebook.com\/koash1991","article_published_time":"2013-09-16T07:03:11+00:00","article_modified_time":"2020-04-06T20:05:34+00:00","og_image":[{"url":"https:\/\/lh4.googleusercontent.com\/-wbp_Zxunfqs\/UjatCChud8I\/AAAAAAAAGd8\/gVSR6SNoshk\/w964-h476-no\/getimage.aspx.jpg","type":"","width":"","height":""}],"author":"neo_admin","twitter_card":"summary_large_image","twitter_misc":{"Written by":"neo_admin","Est. reading time":"15 minutes"},"schema":{"@context":"https:\/\/schema.org","@graph":[{"@type":"Article","@id":"https:\/\/orthodoxalbania.org\/2020\/2013\/09\/16\/perseri-ju-turp-i-riperseritur-ne-disa-media\/#article","isPartOf":{"@id":"https:\/\/orthodoxalbania.org\/2020\/2013\/09\/16\/perseri-ju-turp-i-riperseritur-ne-disa-media\/"},"author":{"name":"neo_admin","@id":"https:\/\/orthodoxalbania.org\/2020\/#\/schema\/person\/dd2bdc135b53c60d45b8bb329565cf6d"},"headline":"P\u00cbRS\u00cbRI JU\u2026? (Turp i rip\u00ebrs\u00ebritur n\u00eb disa media). (15 Shtator 2013)","datePublished":"2013-09-16T07:03:11+00:00","dateModified":"2020-04-06T20:05:34+00:00","mainEntityOfPage":{"@id":"https:\/\/orthodoxalbania.org\/2020\/2013\/09\/16\/perseri-ju-turp-i-riperseritur-ne-disa-media\/"},"wordCount":3005,"commentCount":0,"publisher":{"@id":"https:\/\/orthodoxalbania.org\/2020\/#organization"},"image":{"@id":"https:\/\/orthodoxalbania.org\/2020\/2013\/09\/16\/perseri-ju-turp-i-riperseritur-ne-disa-media\/#primaryimage"},"thumbnailUrl":"https:\/\/lh4.googleusercontent.com\/-wbp_Zxunfqs\/UjatCChud8I\/AAAAAAAAGd8\/gVSR6SNoshk\/w964-h476-no\/getimage.aspx.jpg","keywords":["2013","Deklarata - Njoftime Zyrtare","Kryepiskopata Tiran\u00eb","lajme","P\u00ebrgjigje ndaj akuzave"],"articleSection":["Lajme"],"inLanguage":"en-US"},{"@type":"WebPage","@id":"https:\/\/orthodoxalbania.org\/2020\/2013\/09\/16\/perseri-ju-turp-i-riperseritur-ne-disa-media\/","url":"https:\/\/orthodoxalbania.org\/2020\/2013\/09\/16\/perseri-ju-turp-i-riperseritur-ne-disa-media\/","name":"P\u00cbRS\u00cbRI JU\u2026? (Turp i rip\u00ebrs\u00ebritur n\u00eb disa media). (15 Shtator 2013) - Kisha Orthodh\u03bfkse Autoqefale e Shqip\u00ebris\u00eb","isPartOf":{"@id":"https:\/\/orthodoxalbania.org\/2020\/#website"},"primaryImageOfPage":{"@id":"https:\/\/orthodoxalbania.org\/2020\/2013\/09\/16\/perseri-ju-turp-i-riperseritur-ne-disa-media\/#primaryimage"},"image":{"@id":"https:\/\/orthodoxalbania.org\/2020\/2013\/09\/16\/perseri-ju-turp-i-riperseritur-ne-disa-media\/#primaryimage"},"thumbnailUrl":"https:\/\/lh4.googleusercontent.com\/-wbp_Zxunfqs\/UjatCChud8I\/AAAAAAAAGd8\/gVSR6SNoshk\/w964-h476-no\/getimage.aspx.jpg","datePublished":"2013-09-16T07:03:11+00:00","dateModified":"2020-04-06T20:05:34+00:00","breadcrumb":{"@id":"https:\/\/orthodoxalbania.org\/2020\/2013\/09\/16\/perseri-ju-turp-i-riperseritur-ne-disa-media\/#breadcrumb"},"inLanguage":"en-US","potentialAction":[{"@type":"ReadAction","target":["https:\/\/orthodoxalbania.org\/2020\/2013\/09\/16\/perseri-ju-turp-i-riperseritur-ne-disa-media\/"]}]},{"@type":"ImageObject","inLanguage":"en-US","@id":"https:\/\/orthodoxalbania.org\/2020\/2013\/09\/16\/perseri-ju-turp-i-riperseritur-ne-disa-media\/#primaryimage","url":"https:\/\/lh4.googleusercontent.com\/-wbp_Zxunfqs\/UjatCChud8I\/AAAAAAAAGd8\/gVSR6SNoshk\/w964-h476-no\/getimage.aspx.jpg","contentUrl":"https:\/\/lh4.googleusercontent.com\/-wbp_Zxunfqs\/UjatCChud8I\/AAAAAAAAGd8\/gVSR6SNoshk\/w964-h476-no\/getimage.aspx.jpg"},{"@type":"BreadcrumbList","@id":"https:\/\/orthodoxalbania.org\/2020\/2013\/09\/16\/perseri-ju-turp-i-riperseritur-ne-disa-media\/#breadcrumb","itemListElement":[{"@type":"ListItem","position":1,"name":"Home","item":"https:\/\/orthodoxalbania.org\/2020\/"},{"@type":"ListItem","position":2,"name":"P\u00cbRS\u00cbRI JU\u2026? (Turp i rip\u00ebrs\u00ebritur n\u00eb disa media). (15 Shtator 2013)"}]},{"@type":"WebSite","@id":"https:\/\/orthodoxalbania.org\/2020\/#website","url":"https:\/\/orthodoxalbania.org\/2020\/","name":"Kisha Orthodh\u03bfkse Autoqefale e Shqip\u00ebris\u00eb","description":"Fqja Zyrtare e Kish\u00ebs Orthodhokse Autoqefale e Shqip\u00ebris\u00eb me lajmet edhe informacionet zyrtare p\u00ebr struktur\u00ebn edhe veprimtarin e saj.","publisher":{"@id":"https:\/\/orthodoxalbania.org\/2020\/#organization"},"potentialAction":[{"@type":"SearchAction","target":{"@type":"EntryPoint","urlTemplate":"https:\/\/orthodoxalbania.org\/2020\/?s={search_term_string}"},"query-input":{"@type":"PropertyValueSpecification","valueRequired":true,"valueName":"search_term_string"}}],"inLanguage":"en-US"},{"@type":"Organization","@id":"https:\/\/orthodoxalbania.org\/2020\/#organization","name":"Kisha Orthodhokse Autoqefale e Shqip\u00ebris\u00eb","url":"https:\/\/orthodoxalbania.org\/2020\/","logo":{"@type":"ImageObject","inLanguage":"en-US","@id":"https:\/\/orthodoxalbania.org\/2020\/#\/schema\/logo\/image\/","url":"https:\/\/orthodoxalbania.org\/2020\/wp-content\/uploads\/2020\/05\/albania.jpeg","contentUrl":"https:\/\/orthodoxalbania.org\/2020\/wp-content\/uploads\/2020\/05\/albania.jpeg","width":540,"height":540,"caption":"Kisha Orthodhokse Autoqefale e Shqip\u00ebris\u00eb"},"image":{"@id":"https:\/\/orthodoxalbania.org\/2020\/#\/schema\/logo\/image\/"},"sameAs":["https:\/\/www.facebook.com\/koash1991"]},{"@type":"Person","@id":"https:\/\/orthodoxalbania.org\/2020\/#\/schema\/person\/dd2bdc135b53c60d45b8bb329565cf6d","name":"neo_admin","image":{"@type":"ImageObject","inLanguage":"en-US","@id":"https:\/\/secure.gravatar.com\/avatar\/53e6cdc30765aade0129f85e5aeb50124b1d3f5bb9a70373be31e4eb328371e0?s=96&d=mm&r=g","url":"https:\/\/secure.gravatar.com\/avatar\/53e6cdc30765aade0129f85e5aeb50124b1d3f5bb9a70373be31e4eb328371e0?s=96&d=mm&r=g","contentUrl":"https:\/\/secure.gravatar.com\/avatar\/53e6cdc30765aade0129f85e5aeb50124b1d3f5bb9a70373be31e4eb328371e0?s=96&d=mm&r=g","caption":"neo_admin"}}]}},"_links":{"self":[{"href":"https:\/\/orthodoxalbania.org\/2020\/wp-json\/wp\/v2\/posts\/1098","targetHints":{"allow":["GET"]}}],"collection":[{"href":"https:\/\/orthodoxalbania.org\/2020\/wp-json\/wp\/v2\/posts"}],"about":[{"href":"https:\/\/orthodoxalbania.org\/2020\/wp-json\/wp\/v2\/types\/post"}],"author":[{"embeddable":true,"href":"https:\/\/orthodoxalbania.org\/2020\/wp-json\/wp\/v2\/users\/14"}],"replies":[{"embeddable":true,"href":"https:\/\/orthodoxalbania.org\/2020\/wp-json\/wp\/v2\/comments?post=1098"}],"version-history":[{"count":1,"href":"https:\/\/orthodoxalbania.org\/2020\/wp-json\/wp\/v2\/posts\/1098\/revisions"}],"predecessor-version":[{"id":15179,"href":"https:\/\/orthodoxalbania.org\/2020\/wp-json\/wp\/v2\/posts\/1098\/revisions\/15179"}],"wp:attachment":[{"href":"https:\/\/orthodoxalbania.org\/2020\/wp-json\/wp\/v2\/media?parent=1098"}],"wp:term":[{"taxonomy":"category","embeddable":true,"href":"https:\/\/orthodoxalbania.org\/2020\/wp-json\/wp\/v2\/categories?post=1098"},{"taxonomy":"post_tag","embeddable":true,"href":"https:\/\/orthodoxalbania.org\/2020\/wp-json\/wp\/v2\/tags?post=1098"}],"curies":[{"name":"wp","href":"https:\/\/api.w.org\/{rel}","templated":true}]}}