{"id":1096,"date":"2013-11-01T09:28:02","date_gmt":"2013-11-01T09:28:02","guid":{"rendered":""},"modified":"2020-04-06T22:05:30","modified_gmt":"2020-04-06T20:05:30","slug":"perpjekje-te-vazhdueshme-ne-famulline-e-shen-athanasit-ne-elbasan","status":"publish","type":"post","link":"https:\/\/orthodoxalbania.org\/2020\/2013\/11\/01\/perpjekje-te-vazhdueshme-ne-famulline-e-shen-athanasit-ne-elbasan\/","title":{"rendered":"P\u00ebrpjekje  t\u00eb vazhdueshme n\u00eb famullin\u00eb e Sh\u00ebn Athanasit n\u00eb Elbasan. (Tetor 2013)"},"content":{"rendered":"<div style=\"text-align: justify;\">\n\t<span style=\"color:#000000;\"><img decoding=\"async\" class=\"lazyload HAa Eha\" src=\"data:image\/gif;base64,R0lGODlhAQABAAAAACH5BAEKAAEALAAAAAABAAEAAAICTAEAOw==\" data-orig-src=\"https:\/\/lh6.googleusercontent.com\/-_X4j20BHNSM\/UnNyj3B3_uI\/AAAAAAAAGxg\/pHZIZvgHmSQ\/w702-h527-no\/1379858_356790041121998_702373031_n.jpg\" style=\"height: 225px; width: 300px; margin: 10px; float: left; border-width: 1px; border-style: solid;\" \/><span style=\"font-family: tahoma,geneva,sans-serif;\"><span style=\"font-size: 12px;\">&nbsp;&nbsp;&nbsp; N\u00eb vazhd\u00ebn e p\u00ebrpjekjes shpirt\u00ebrore Per\u00ebndia d\u00ebrgon g\u00ebzim n\u00eb kish\u00ebn ton\u00eb. Famullis\u00eb son\u00eb iu shtua nj\u00eb kopsht p\u00ebr f\u00ebmij\u00eb, si nj\u00eb streh\u00ebz e ngroht\u00eb p\u00ebr k\u00ebt\u00eb enori. Krahas k\u00ebsaj kan\u00eb filluar takime me grat\u00eb, f\u00ebmij\u00ebt, vizita n\u00eb vende t\u00eb shenjta, si dhe vizita baritore n\u00eb familjet. &nbsp;<\/span><\/span><\/span><\/div>\n<div style=\"text-align: justify;\">\n\t<br \/>\n\t<span style=\"color:#000000;\"><span style=\"font-family: tahoma,geneva,sans-serif;\"><span style=\"font-size: 12px;\">&nbsp;&nbsp;&nbsp; N\u00eb vazhd\u00ebn e takimeve, bisedat, njohja me vendet e shenjta, t\u00eb vizituara nga grupi i grave t\u00eb famullis\u00eb s\u00eb Sh\u00ebn Athanasit, n\u00ebn drejtimin e klerik\u00ebve t\u00eb saj, me predikime t\u00eb pasura e me njohje nga m\u00ebsimdh\u00ebnia e et\u00ebrve t\u00eb Kish\u00ebs son\u00eb, kan\u00eb gjall\u00ebruar jet\u00ebn ton\u00eb k\u00ebt\u00eb fillim viti liturgjik, si n\u00eb p\u00ebrpjekje shpirt\u00ebrore ashtu edhe me aktivitete. Vizita t\u00eb tilla kan\u00eb b\u00ebr\u00eb n\u00eb Sh\u00ebn e Premte n\u00eb Val\u00ebsh, kish\u00ebn e Analipsit n\u00eb Librazhd etj. &nbsp;<\/span><\/span><\/span><\/div>\n<div style=\"text-align: justify;\">\n\t<br \/>\n\t<span style=\"color:#000000;\"><span style=\"font-family: tahoma,geneva,sans-serif;\"><span style=\"font-size: 12px;\">&nbsp;&nbsp;&nbsp; \u00c7do t\u00eb kremte t\u00eb gjith\u00eb s\u00eb bashku jemi pjes\u00eb e bisedave shpirt\u00ebrore dhe sociale. Me motivin \u201cT\u00eb doni nj\u00ebri-tjetrin si\u00e7 ju desha un\u00eb ju!\u201d, besimtar\u00ebt jan\u00eb aktiv\u00eb n\u00eb komunikim, katekiz\u00ebm, tema sociale ku referojn\u00eb klerik\u00ebt, grat\u00eb besimtare si Vasilika, Manda, Liljana etj., q\u00eb kryhet \u00e7do t\u00eb enjte pran\u00eb famullis\u00eb son\u00eb dhe \u00e7do t\u00eb diel pas Liturgjis\u00eb p\u00ebr f\u00ebmij\u00ebt. K\u00ebto takime rrisin dhe forcojn\u00eb besimin te n\u00ebnat n\u00eb m\u00ebnyr\u00eb q\u00eb ato t\u00eb ken\u00eb \u00e7far\u00eb t\u2019u transmetojn\u00eb nip\u00ebrve e mbesave t\u00eb tyre, p\u00ebr t\u00eb rr\u00ebnjosur e transmetuar nd\u00ebr breza n\u00eb shpirtin e tyre dashurin\u00eb p\u00ebr Zotin Krisht e Kish\u00ebn e Tij.<\/span><\/span><\/span><br \/>\n\t&nbsp;<\/div>\n<p style=\"text-align: justify;\">\n\t&nbsp;<\/p>\n<p style=\"text-align: right;\">\n\t<br \/>\n\t<span style=\"color:#000000;\"><span style=\"font-family: tahoma,geneva,sans-serif;\"><span style=\"font-size: 12px;\"><strong>Pavlina Dede<\/strong><\/span><\/span><\/span><\/p>\n<p style=\"text-align: justify;\">\n\t<span style=\"color:#000000;\"><img decoding=\"async\" class=\"lazyload HAa Eha\" src=\"data:image\/gif;base64,R0lGODlhAQABAAAAACH5BAEKAAEALAAAAAABAAEAAAICTAEAOw==\" data-orig-src=\"https:\/\/lh4.googleusercontent.com\/-YWfBFVKfGWA\/UnNyjQKT-YI\/AAAAAAAAGxc\/RPI4iXzuFkc\/w702-h527-no\/1375268_356788204455515_1659165515_n.jpg\" style=\"height: 450px; width: 600px; margin: 10px; border-width: 1px; border-style: solid;\" \/><\/span><\/p>\n","protected":false},"excerpt":{"rendered":"<p>&nbsp;&nbsp;&nbsp; N\u00eb vazhd\u00ebn e p\u00ebrpjekjes shpirt\u00ebrore Per\u00ebndia d\u00ebrgon g\u00ebzim n\u00eb kish\u00ebn ton\u00eb. Famullis\u00eb son\u00eb iu shtua nj\u00eb kopsht p\u00ebr f\u00ebmij\u00eb, si nj\u00eb streh\u00ebz e ngroht\u00eb p\u00ebr k\u00ebt\u00eb enori. Krahas k\u00ebsaj kan\u00eb filluar takime me grat\u00eb, f\u00ebmij\u00ebt, vizita n\u00eb vende t\u00eb shenjta, si dhe vizita baritore n\u00eb familjet. &nbsp; &nbsp;&nbsp;&nbsp; N\u00eb vazhd\u00ebn e takimeve, bisedat, njohja me vendet e shenjta, t\u00eb vizituara nga grupi i grave<\/p>\n","protected":false},"author":1,"featured_media":0,"comment_status":"open","ping_status":"open","sticky":false,"template":"","format":"standard","meta":{"_acf_changed":false,"pagelayer_contact_templates":[],"_pagelayer_content":"","inline_featured_image":false,"fifu_image_url":"","fifu_image_alt":"","footnotes":""},"categories":[108],"tags":[141,154,175,196,212],"class_list":["post-1096","post","type-post","status-publish","format-standard","hentry","category-lajme","tag-141","tag-aktivitete","tag-institucione-parashkollore-te-kishes-orthodhokse","tag-tirane","tag-lajme-d27"],"acf":[],"yoast_head":"<!-- This site is optimized with the Yoast SEO plugin v27.2 - https:\/\/yoast.com\/product\/yoast-seo-wordpress\/ -->\n<title>P\u00ebrpjekje t\u00eb vazhdueshme n\u00eb famullin\u00eb e Sh\u00ebn Athanasit n\u00eb Elbasan. (Tetor 2013) - Kisha Orthodh\u03bfkse Autoqefale e Shqip\u00ebris\u00eb<\/title>\n<meta name=\"robots\" content=\"index, follow, max-snippet:-1, max-image-preview:large, max-video-preview:-1\" \/>\n<link rel=\"canonical\" href=\"https:\/\/orthodoxalbania.org\/2020\/2013\/11\/01\/perpjekje-te-vazhdueshme-ne-famulline-e-shen-athanasit-ne-elbasan\/\" \/>\n<meta property=\"og:locale\" content=\"en_US\" \/>\n<meta property=\"og:type\" content=\"article\" \/>\n<meta property=\"og:title\" content=\"P\u00ebrpjekje t\u00eb vazhdueshme n\u00eb famullin\u00eb e Sh\u00ebn Athanasit n\u00eb Elbasan. (Tetor 2013) - Kisha Orthodh\u03bfkse Autoqefale e Shqip\u00ebris\u00eb\" \/>\n<meta property=\"og:description\" content=\"&nbsp;&nbsp;&nbsp; N\u00eb vazhd\u00ebn e p\u00ebrpjekjes shpirt\u00ebrore Per\u00ebndia d\u00ebrgon g\u00ebzim n\u00eb kish\u00ebn ton\u00eb. Famullis\u00eb son\u00eb iu shtua nj\u00eb kopsht p\u00ebr f\u00ebmij\u00eb, si nj\u00eb streh\u00ebz e ngroht\u00eb p\u00ebr k\u00ebt\u00eb enori. Krahas k\u00ebsaj kan\u00eb filluar takime me grat\u00eb, f\u00ebmij\u00ebt, vizita n\u00eb vende t\u00eb shenjta, si dhe vizita baritore n\u00eb familjet. &nbsp; &nbsp;&nbsp;&nbsp; N\u00eb vazhd\u00ebn e takimeve, bisedat, njohja me vendet e shenjta, t\u00eb vizituara nga grupi i grave\" \/>\n<meta property=\"og:url\" content=\"https:\/\/orthodoxalbania.org\/2020\/2013\/11\/01\/perpjekje-te-vazhdueshme-ne-famulline-e-shen-athanasit-ne-elbasan\/\" \/>\n<meta property=\"og:site_name\" content=\"Kisha Orthodh\u03bfkse Autoqefale e Shqip\u00ebris\u00eb\" \/>\n<meta property=\"article:publisher\" content=\"https:\/\/www.facebook.com\/koash1991\" \/>\n<meta property=\"article:published_time\" content=\"2013-11-01T09:28:02+00:00\" \/>\n<meta property=\"article:modified_time\" content=\"2020-04-06T20:05:30+00:00\" \/>\n<meta property=\"og:image\" content=\"https:\/\/lh6.googleusercontent.com\/-_X4j20BHNSM\/UnNyj3B3_uI\/AAAAAAAAGxg\/pHZIZvgHmSQ\/w702-h527-no\/1379858_356790041121998_702373031_n.jpg\" \/>\n<meta name=\"author\" content=\"Kisha Orthodhokse\" \/>\n<meta name=\"twitter:card\" content=\"summary_large_image\" \/>\n<meta name=\"twitter:label1\" content=\"Written by\" \/>\n\t<meta name=\"twitter:data1\" content=\"Kisha Orthodhokse\" \/>\n\t<meta name=\"twitter:label2\" content=\"Est. reading time\" \/>\n\t<meta name=\"twitter:data2\" content=\"1 minute\" \/>\n<script type=\"application\/ld+json\" class=\"yoast-schema-graph\">{\"@context\":\"https:\/\/schema.org\",\"@graph\":[{\"@type\":\"Article\",\"@id\":\"https:\/\/orthodoxalbania.org\/2020\/2013\/11\/01\/perpjekje-te-vazhdueshme-ne-famulline-e-shen-athanasit-ne-elbasan\/#article\",\"isPartOf\":{\"@id\":\"https:\/\/orthodoxalbania.org\/2020\/2013\/11\/01\/perpjekje-te-vazhdueshme-ne-famulline-e-shen-athanasit-ne-elbasan\/\"},\"author\":{\"name\":\"Kisha Orthodhokse\",\"@id\":\"https:\/\/orthodoxalbania.org\/2020\/#\/schema\/person\/0c387634a7063ac612d7ed9ce71c7e86\"},\"headline\":\"P\u00ebrpjekje t\u00eb vazhdueshme n\u00eb famullin\u00eb e Sh\u00ebn Athanasit n\u00eb Elbasan. (Tetor 2013)\",\"datePublished\":\"2013-11-01T09:28:02+00:00\",\"dateModified\":\"2020-04-06T20:05:30+00:00\",\"mainEntityOfPage\":{\"@id\":\"https:\/\/orthodoxalbania.org\/2020\/2013\/11\/01\/perpjekje-te-vazhdueshme-ne-famulline-e-shen-athanasit-ne-elbasan\/\"},\"wordCount\":297,\"commentCount\":0,\"publisher\":{\"@id\":\"https:\/\/orthodoxalbania.org\/2020\/#organization\"},\"image\":{\"@id\":\"https:\/\/orthodoxalbania.org\/2020\/2013\/11\/01\/perpjekje-te-vazhdueshme-ne-famulline-e-shen-athanasit-ne-elbasan\/#primaryimage\"},\"thumbnailUrl\":\"https:\/\/lh6.googleusercontent.com\/-_X4j20BHNSM\/UnNyj3B3_uI\/AAAAAAAAGxg\/pHZIZvgHmSQ\/w702-h527-no\/1379858_356790041121998_702373031_n.jpg\",\"keywords\":[\"2013\",\"Aktivitete\",\"Institucione Parashkollore t\u00eb Kish\u00ebs Orthodhokse\",\"Kryepiskopata Tiran\u00eb\",\"lajme\"],\"articleSection\":[\"Lajme\"],\"inLanguage\":\"en-US\"},{\"@type\":\"WebPage\",\"@id\":\"https:\/\/orthodoxalbania.org\/2020\/2013\/11\/01\/perpjekje-te-vazhdueshme-ne-famulline-e-shen-athanasit-ne-elbasan\/\",\"url\":\"https:\/\/orthodoxalbania.org\/2020\/2013\/11\/01\/perpjekje-te-vazhdueshme-ne-famulline-e-shen-athanasit-ne-elbasan\/\",\"name\":\"P\u00ebrpjekje t\u00eb vazhdueshme n\u00eb famullin\u00eb e Sh\u00ebn Athanasit n\u00eb Elbasan. (Tetor 2013) - Kisha Orthodh\u03bfkse Autoqefale e Shqip\u00ebris\u00eb\",\"isPartOf\":{\"@id\":\"https:\/\/orthodoxalbania.org\/2020\/#website\"},\"primaryImageOfPage\":{\"@id\":\"https:\/\/orthodoxalbania.org\/2020\/2013\/11\/01\/perpjekje-te-vazhdueshme-ne-famulline-e-shen-athanasit-ne-elbasan\/#primaryimage\"},\"image\":{\"@id\":\"https:\/\/orthodoxalbania.org\/2020\/2013\/11\/01\/perpjekje-te-vazhdueshme-ne-famulline-e-shen-athanasit-ne-elbasan\/#primaryimage\"},\"thumbnailUrl\":\"https:\/\/lh6.googleusercontent.com\/-_X4j20BHNSM\/UnNyj3B3_uI\/AAAAAAAAGxg\/pHZIZvgHmSQ\/w702-h527-no\/1379858_356790041121998_702373031_n.jpg\",\"datePublished\":\"2013-11-01T09:28:02+00:00\",\"dateModified\":\"2020-04-06T20:05:30+00:00\",\"breadcrumb\":{\"@id\":\"https:\/\/orthodoxalbania.org\/2020\/2013\/11\/01\/perpjekje-te-vazhdueshme-ne-famulline-e-shen-athanasit-ne-elbasan\/#breadcrumb\"},\"inLanguage\":\"en-US\",\"potentialAction\":[{\"@type\":\"ReadAction\",\"target\":[\"https:\/\/orthodoxalbania.org\/2020\/2013\/11\/01\/perpjekje-te-vazhdueshme-ne-famulline-e-shen-athanasit-ne-elbasan\/\"]}]},{\"@type\":\"ImageObject\",\"inLanguage\":\"en-US\",\"@id\":\"https:\/\/orthodoxalbania.org\/2020\/2013\/11\/01\/perpjekje-te-vazhdueshme-ne-famulline-e-shen-athanasit-ne-elbasan\/#primaryimage\",\"url\":\"https:\/\/lh6.googleusercontent.com\/-_X4j20BHNSM\/UnNyj3B3_uI\/AAAAAAAAGxg\/pHZIZvgHmSQ\/w702-h527-no\/1379858_356790041121998_702373031_n.jpg\",\"contentUrl\":\"https:\/\/lh6.googleusercontent.com\/-_X4j20BHNSM\/UnNyj3B3_uI\/AAAAAAAAGxg\/pHZIZvgHmSQ\/w702-h527-no\/1379858_356790041121998_702373031_n.jpg\"},{\"@type\":\"BreadcrumbList\",\"@id\":\"https:\/\/orthodoxalbania.org\/2020\/2013\/11\/01\/perpjekje-te-vazhdueshme-ne-famulline-e-shen-athanasit-ne-elbasan\/#breadcrumb\",\"itemListElement\":[{\"@type\":\"ListItem\",\"position\":1,\"name\":\"Home\",\"item\":\"https:\/\/orthodoxalbania.org\/2020\/\"},{\"@type\":\"ListItem\",\"position\":2,\"name\":\"P\u00ebrpjekje t\u00eb vazhdueshme n\u00eb famullin\u00eb e Sh\u00ebn Athanasit n\u00eb Elbasan. (Tetor 2013)\"}]},{\"@type\":\"WebSite\",\"@id\":\"https:\/\/orthodoxalbania.org\/2020\/#website\",\"url\":\"https:\/\/orthodoxalbania.org\/2020\/\",\"name\":\"Kisha Orthodh\u03bfkse Autoqefale e Shqip\u00ebris\u00eb\",\"description\":\"Fqja Zyrtare e Kish\u00ebs Orthodhokse Autoqefale e Shqip\u00ebris\u00eb me lajmet edhe informacionet zyrtare p\u00ebr struktur\u00ebn edhe veprimtarin e saj.\",\"publisher\":{\"@id\":\"https:\/\/orthodoxalbania.org\/2020\/#organization\"},\"potentialAction\":[{\"@type\":\"SearchAction\",\"target\":{\"@type\":\"EntryPoint\",\"urlTemplate\":\"https:\/\/orthodoxalbania.org\/2020\/?s={search_term_string}\"},\"query-input\":{\"@type\":\"PropertyValueSpecification\",\"valueRequired\":true,\"valueName\":\"search_term_string\"}}],\"inLanguage\":\"en-US\"},{\"@type\":\"Organization\",\"@id\":\"https:\/\/orthodoxalbania.org\/2020\/#organization\",\"name\":\"Kisha Orthodhokse Autoqefale e Shqip\u00ebris\u00eb\",\"url\":\"https:\/\/orthodoxalbania.org\/2020\/\",\"logo\":{\"@type\":\"ImageObject\",\"inLanguage\":\"en-US\",\"@id\":\"https:\/\/orthodoxalbania.org\/2020\/#\/schema\/logo\/image\/\",\"url\":\"https:\/\/orthodoxalbania.org\/2020\/wp-content\/uploads\/2020\/05\/albania.jpeg\",\"contentUrl\":\"https:\/\/orthodoxalbania.org\/2020\/wp-content\/uploads\/2020\/05\/albania.jpeg\",\"width\":540,\"height\":540,\"caption\":\"Kisha Orthodhokse Autoqefale e Shqip\u00ebris\u00eb\"},\"image\":{\"@id\":\"https:\/\/orthodoxalbania.org\/2020\/#\/schema\/logo\/image\/\"},\"sameAs\":[\"https:\/\/www.facebook.com\/koash1991\"]},{\"@type\":\"Person\",\"@id\":\"https:\/\/orthodoxalbania.org\/2020\/#\/schema\/person\/0c387634a7063ac612d7ed9ce71c7e86\",\"name\":\"Kisha Orthodhokse\",\"image\":{\"@type\":\"ImageObject\",\"inLanguage\":\"en-US\",\"@id\":\"https:\/\/secure.gravatar.com\/avatar\/596e7c417251e30f2fbb9c00e026fce61a695a00e51c889caded71c96cbbdde5?s=96&d=mm&r=g\",\"url\":\"https:\/\/secure.gravatar.com\/avatar\/596e7c417251e30f2fbb9c00e026fce61a695a00e51c889caded71c96cbbdde5?s=96&d=mm&r=g\",\"contentUrl\":\"https:\/\/secure.gravatar.com\/avatar\/596e7c417251e30f2fbb9c00e026fce61a695a00e51c889caded71c96cbbdde5?s=96&d=mm&r=g\",\"caption\":\"Kisha Orthodhokse\"}}]}<\/script>\n<!-- \/ Yoast SEO plugin. -->","yoast_head_json":{"title":"P\u00ebrpjekje t\u00eb vazhdueshme n\u00eb famullin\u00eb e Sh\u00ebn Athanasit n\u00eb Elbasan. (Tetor 2013) - Kisha Orthodh\u03bfkse Autoqefale e Shqip\u00ebris\u00eb","robots":{"index":"index","follow":"follow","max-snippet":"max-snippet:-1","max-image-preview":"max-image-preview:large","max-video-preview":"max-video-preview:-1"},"canonical":"https:\/\/orthodoxalbania.org\/2020\/2013\/11\/01\/perpjekje-te-vazhdueshme-ne-famulline-e-shen-athanasit-ne-elbasan\/","og_locale":"en_US","og_type":"article","og_title":"P\u00ebrpjekje t\u00eb vazhdueshme n\u00eb famullin\u00eb e Sh\u00ebn Athanasit n\u00eb Elbasan. (Tetor 2013) - Kisha Orthodh\u03bfkse Autoqefale e Shqip\u00ebris\u00eb","og_description":"&nbsp;&nbsp;&nbsp; N\u00eb vazhd\u00ebn e p\u00ebrpjekjes shpirt\u00ebrore Per\u00ebndia d\u00ebrgon g\u00ebzim n\u00eb kish\u00ebn ton\u00eb. Famullis\u00eb son\u00eb iu shtua nj\u00eb kopsht p\u00ebr f\u00ebmij\u00eb, si nj\u00eb streh\u00ebz e ngroht\u00eb p\u00ebr k\u00ebt\u00eb enori. Krahas k\u00ebsaj kan\u00eb filluar takime me grat\u00eb, f\u00ebmij\u00ebt, vizita n\u00eb vende t\u00eb shenjta, si dhe vizita baritore n\u00eb familjet. &nbsp; &nbsp;&nbsp;&nbsp; N\u00eb vazhd\u00ebn e takimeve, bisedat, njohja me vendet e shenjta, t\u00eb vizituara nga grupi i grave","og_url":"https:\/\/orthodoxalbania.org\/2020\/2013\/11\/01\/perpjekje-te-vazhdueshme-ne-famulline-e-shen-athanasit-ne-elbasan\/","og_site_name":"Kisha Orthodh\u03bfkse Autoqefale e Shqip\u00ebris\u00eb","article_publisher":"https:\/\/www.facebook.com\/koash1991","article_published_time":"2013-11-01T09:28:02+00:00","article_modified_time":"2020-04-06T20:05:30+00:00","og_image":[{"url":"https:\/\/lh6.googleusercontent.com\/-_X4j20BHNSM\/UnNyj3B3_uI\/AAAAAAAAGxg\/pHZIZvgHmSQ\/w702-h527-no\/1379858_356790041121998_702373031_n.jpg","type":"","width":"","height":""}],"author":"Kisha Orthodhokse","twitter_card":"summary_large_image","twitter_misc":{"Written by":"Kisha Orthodhokse","Est. reading time":"1 minute"},"schema":{"@context":"https:\/\/schema.org","@graph":[{"@type":"Article","@id":"https:\/\/orthodoxalbania.org\/2020\/2013\/11\/01\/perpjekje-te-vazhdueshme-ne-famulline-e-shen-athanasit-ne-elbasan\/#article","isPartOf":{"@id":"https:\/\/orthodoxalbania.org\/2020\/2013\/11\/01\/perpjekje-te-vazhdueshme-ne-famulline-e-shen-athanasit-ne-elbasan\/"},"author":{"name":"Kisha Orthodhokse","@id":"https:\/\/orthodoxalbania.org\/2020\/#\/schema\/person\/0c387634a7063ac612d7ed9ce71c7e86"},"headline":"P\u00ebrpjekje t\u00eb vazhdueshme n\u00eb famullin\u00eb e Sh\u00ebn Athanasit n\u00eb Elbasan. (Tetor 2013)","datePublished":"2013-11-01T09:28:02+00:00","dateModified":"2020-04-06T20:05:30+00:00","mainEntityOfPage":{"@id":"https:\/\/orthodoxalbania.org\/2020\/2013\/11\/01\/perpjekje-te-vazhdueshme-ne-famulline-e-shen-athanasit-ne-elbasan\/"},"wordCount":297,"commentCount":0,"publisher":{"@id":"https:\/\/orthodoxalbania.org\/2020\/#organization"},"image":{"@id":"https:\/\/orthodoxalbania.org\/2020\/2013\/11\/01\/perpjekje-te-vazhdueshme-ne-famulline-e-shen-athanasit-ne-elbasan\/#primaryimage"},"thumbnailUrl":"https:\/\/lh6.googleusercontent.com\/-_X4j20BHNSM\/UnNyj3B3_uI\/AAAAAAAAGxg\/pHZIZvgHmSQ\/w702-h527-no\/1379858_356790041121998_702373031_n.jpg","keywords":["2013","Aktivitete","Institucione Parashkollore t\u00eb Kish\u00ebs Orthodhokse","Kryepiskopata Tiran\u00eb","lajme"],"articleSection":["Lajme"],"inLanguage":"en-US"},{"@type":"WebPage","@id":"https:\/\/orthodoxalbania.org\/2020\/2013\/11\/01\/perpjekje-te-vazhdueshme-ne-famulline-e-shen-athanasit-ne-elbasan\/","url":"https:\/\/orthodoxalbania.org\/2020\/2013\/11\/01\/perpjekje-te-vazhdueshme-ne-famulline-e-shen-athanasit-ne-elbasan\/","name":"P\u00ebrpjekje t\u00eb vazhdueshme n\u00eb famullin\u00eb e Sh\u00ebn Athanasit n\u00eb Elbasan. (Tetor 2013) - Kisha Orthodh\u03bfkse Autoqefale e Shqip\u00ebris\u00eb","isPartOf":{"@id":"https:\/\/orthodoxalbania.org\/2020\/#website"},"primaryImageOfPage":{"@id":"https:\/\/orthodoxalbania.org\/2020\/2013\/11\/01\/perpjekje-te-vazhdueshme-ne-famulline-e-shen-athanasit-ne-elbasan\/#primaryimage"},"image":{"@id":"https:\/\/orthodoxalbania.org\/2020\/2013\/11\/01\/perpjekje-te-vazhdueshme-ne-famulline-e-shen-athanasit-ne-elbasan\/#primaryimage"},"thumbnailUrl":"https:\/\/lh6.googleusercontent.com\/-_X4j20BHNSM\/UnNyj3B3_uI\/AAAAAAAAGxg\/pHZIZvgHmSQ\/w702-h527-no\/1379858_356790041121998_702373031_n.jpg","datePublished":"2013-11-01T09:28:02+00:00","dateModified":"2020-04-06T20:05:30+00:00","breadcrumb":{"@id":"https:\/\/orthodoxalbania.org\/2020\/2013\/11\/01\/perpjekje-te-vazhdueshme-ne-famulline-e-shen-athanasit-ne-elbasan\/#breadcrumb"},"inLanguage":"en-US","potentialAction":[{"@type":"ReadAction","target":["https:\/\/orthodoxalbania.org\/2020\/2013\/11\/01\/perpjekje-te-vazhdueshme-ne-famulline-e-shen-athanasit-ne-elbasan\/"]}]},{"@type":"ImageObject","inLanguage":"en-US","@id":"https:\/\/orthodoxalbania.org\/2020\/2013\/11\/01\/perpjekje-te-vazhdueshme-ne-famulline-e-shen-athanasit-ne-elbasan\/#primaryimage","url":"https:\/\/lh6.googleusercontent.com\/-_X4j20BHNSM\/UnNyj3B3_uI\/AAAAAAAAGxg\/pHZIZvgHmSQ\/w702-h527-no\/1379858_356790041121998_702373031_n.jpg","contentUrl":"https:\/\/lh6.googleusercontent.com\/-_X4j20BHNSM\/UnNyj3B3_uI\/AAAAAAAAGxg\/pHZIZvgHmSQ\/w702-h527-no\/1379858_356790041121998_702373031_n.jpg"},{"@type":"BreadcrumbList","@id":"https:\/\/orthodoxalbania.org\/2020\/2013\/11\/01\/perpjekje-te-vazhdueshme-ne-famulline-e-shen-athanasit-ne-elbasan\/#breadcrumb","itemListElement":[{"@type":"ListItem","position":1,"name":"Home","item":"https:\/\/orthodoxalbania.org\/2020\/"},{"@type":"ListItem","position":2,"name":"P\u00ebrpjekje t\u00eb vazhdueshme n\u00eb famullin\u00eb e Sh\u00ebn Athanasit n\u00eb Elbasan. (Tetor 2013)"}]},{"@type":"WebSite","@id":"https:\/\/orthodoxalbania.org\/2020\/#website","url":"https:\/\/orthodoxalbania.org\/2020\/","name":"Kisha Orthodh\u03bfkse Autoqefale e Shqip\u00ebris\u00eb","description":"Fqja Zyrtare e Kish\u00ebs Orthodhokse Autoqefale e Shqip\u00ebris\u00eb me lajmet edhe informacionet zyrtare p\u00ebr struktur\u00ebn edhe veprimtarin e saj.","publisher":{"@id":"https:\/\/orthodoxalbania.org\/2020\/#organization"},"potentialAction":[{"@type":"SearchAction","target":{"@type":"EntryPoint","urlTemplate":"https:\/\/orthodoxalbania.org\/2020\/?s={search_term_string}"},"query-input":{"@type":"PropertyValueSpecification","valueRequired":true,"valueName":"search_term_string"}}],"inLanguage":"en-US"},{"@type":"Organization","@id":"https:\/\/orthodoxalbania.org\/2020\/#organization","name":"Kisha Orthodhokse Autoqefale e Shqip\u00ebris\u00eb","url":"https:\/\/orthodoxalbania.org\/2020\/","logo":{"@type":"ImageObject","inLanguage":"en-US","@id":"https:\/\/orthodoxalbania.org\/2020\/#\/schema\/logo\/image\/","url":"https:\/\/orthodoxalbania.org\/2020\/wp-content\/uploads\/2020\/05\/albania.jpeg","contentUrl":"https:\/\/orthodoxalbania.org\/2020\/wp-content\/uploads\/2020\/05\/albania.jpeg","width":540,"height":540,"caption":"Kisha Orthodhokse Autoqefale e Shqip\u00ebris\u00eb"},"image":{"@id":"https:\/\/orthodoxalbania.org\/2020\/#\/schema\/logo\/image\/"},"sameAs":["https:\/\/www.facebook.com\/koash1991"]},{"@type":"Person","@id":"https:\/\/orthodoxalbania.org\/2020\/#\/schema\/person\/0c387634a7063ac612d7ed9ce71c7e86","name":"Kisha Orthodhokse","image":{"@type":"ImageObject","inLanguage":"en-US","@id":"https:\/\/secure.gravatar.com\/avatar\/596e7c417251e30f2fbb9c00e026fce61a695a00e51c889caded71c96cbbdde5?s=96&d=mm&r=g","url":"https:\/\/secure.gravatar.com\/avatar\/596e7c417251e30f2fbb9c00e026fce61a695a00e51c889caded71c96cbbdde5?s=96&d=mm&r=g","contentUrl":"https:\/\/secure.gravatar.com\/avatar\/596e7c417251e30f2fbb9c00e026fce61a695a00e51c889caded71c96cbbdde5?s=96&d=mm&r=g","caption":"Kisha Orthodhokse"}}]}},"_links":{"self":[{"href":"https:\/\/orthodoxalbania.org\/2020\/wp-json\/wp\/v2\/posts\/1096","targetHints":{"allow":["GET"]}}],"collection":[{"href":"https:\/\/orthodoxalbania.org\/2020\/wp-json\/wp\/v2\/posts"}],"about":[{"href":"https:\/\/orthodoxalbania.org\/2020\/wp-json\/wp\/v2\/types\/post"}],"author":[{"embeddable":true,"href":"https:\/\/orthodoxalbania.org\/2020\/wp-json\/wp\/v2\/users\/1"}],"replies":[{"embeddable":true,"href":"https:\/\/orthodoxalbania.org\/2020\/wp-json\/wp\/v2\/comments?post=1096"}],"version-history":[{"count":1,"href":"https:\/\/orthodoxalbania.org\/2020\/wp-json\/wp\/v2\/posts\/1096\/revisions"}],"predecessor-version":[{"id":15165,"href":"https:\/\/orthodoxalbania.org\/2020\/wp-json\/wp\/v2\/posts\/1096\/revisions\/15165"}],"wp:attachment":[{"href":"https:\/\/orthodoxalbania.org\/2020\/wp-json\/wp\/v2\/media?parent=1096"}],"wp:term":[{"taxonomy":"category","embeddable":true,"href":"https:\/\/orthodoxalbania.org\/2020\/wp-json\/wp\/v2\/categories?post=1096"},{"taxonomy":"post_tag","embeddable":true,"href":"https:\/\/orthodoxalbania.org\/2020\/wp-json\/wp\/v2\/tags?post=1096"}],"curies":[{"name":"wp","href":"https:\/\/api.w.org\/{rel}","templated":true}]}}