{"id":1094,"date":"2013-03-19T11:56:19","date_gmt":"2013-03-19T11:56:19","guid":{"rendered":""},"modified":"2020-04-06T22:32:31","modified_gmt":"2020-04-06T20:32:31","slug":"permiresimi-i-infrastruktures-se-shkollave-ne-zonat-rurale","status":"publish","type":"post","link":"https:\/\/orthodoxalbania.org\/2020\/2013\/03\/19\/permiresimi-i-infrastruktures-se-shkollave-ne-zonat-rurale\/","title":{"rendered":"P\u00ebrmir\u00ebsimi i infrastruktur\u00ebs s\u00eb shkollave n\u00eb zonat rurale. (Shkurt 2010)"},"content":{"rendered":"<div style=\"text-align: justify;\">&nbsp;<\/div>\n<div style=\"text-align: justify;\"><span style=\"color: #000000;\"><span style=\"font-family: tahoma,geneva,sans-serif;\"><span style=\"font-size: 12px;\">&nbsp;&nbsp;&nbsp; Gjat\u00eb vitit 2009 zyra Diakonia Agapes ka zbatuar n\u00eb zonat rurale t\u00eb rrethit t\u00eb Gramshit dhe Librazhdit projektin \u201cJet\u00eb e sh\u00ebndetshme p\u00ebr f\u00ebmij\u00ebt\u201d N\u00eb kuad\u00ebr t\u00eb k\u00ebtij projekti,&nbsp;<\/span><\/span><\/span><span style=\"font-family: tahoma,geneva,sans-serif;\"><span style=\"font-size: 12px;\"><span style=\"text-decoration: underline;\"><a href=\"http:\/\/www.diakoniagapes.org\/albhome.html\" target=\"_blank\" rel=\"noopener noreferrer\"><span style=\"color: #000000;\">zyra Diakonia Agapes<\/span><\/a><\/span><\/span><\/span><span style=\"color: #000000;\"><span style=\"font-family: tahoma,geneva,sans-serif;\"><span style=\"font-size: 12px;\">&nbsp;bashk\u00ebpunon me shkolla n\u00ebnt\u00ebvje\u00e7are duke kontribuar n\u00eb p\u00ebrmir\u00ebsimin e standardeve t\u00eb m\u00ebsimdh\u00ebnies dhe kushteve n\u00eb k\u00ebto shkolla.&nbsp;<\/span><\/span><\/span><\/div>\n<div style=\"text-align: justify;\"> <span style=\"color: #000000;\"><span style=\"font-family: tahoma,geneva,sans-serif;\"><span style=\"font-size: 12px;\">&nbsp;&nbsp;&nbsp; P\u00ebr t\u00eb realizuar k\u00ebt\u00eb q\u00ebllim gjat\u00eb muajve dhjetor 2009 dhe janar 2010 zyra Diakonia Agapes ka siguruar p\u00ebr shkoll\u00ebn n\u00ebnt\u00ebvje\u00e7are t\u00eb Xhyr\u00ebs n\u00eb rrethin e Librazhdit dhe shkoll\u00ebn n\u00ebnt\u00ebvje\u00e7are t\u00eb Tunj\u00ebs n\u00eb rrethin e Gramshit materiale t\u00eb ndryshme, t\u00eb cilat kan\u00eb ndikuar ndjesh\u00ebm n\u00eb p\u00ebrmir\u00ebsimin e infrastruktur\u00ebs s\u00eb dy shkollave t\u00eb sip\u00ebrp\u00ebrmendura.<\/span><\/span><\/span><\/div>\n<div style=\"text-align: justify;\">&nbsp;<\/div>\n<div style=\"text-align: justify;\"><span style=\"color: #000000;\"><span style=\"font-family: tahoma,geneva,sans-serif;\"><span style=\"font-size: 12px;\">&nbsp;&nbsp;&nbsp; Pasi \u00ebsht\u00eb b\u00ebr\u00eb nj\u00eb vler\u00ebsim shum\u00eb i mir\u00eb i nevojave n\u00eb bashk\u00ebpunim me drejtor\u00ebt e k\u00ebtyre shkollave \u00ebsht\u00eb b\u00ebr\u00eb plot\u00ebsimi i tyre. K\u00ebshtu jan\u00eb siguruar tavolina dhe karrige p\u00ebr sall\u00ebn e m\u00ebsuesve, mjete m\u00ebsimore, harta dhe globe, vazo dhe stola p\u00ebr p\u00ebrmir\u00ebsimin e ambienteve t\u00eb shkoll\u00ebs, rafte si dhe tituj librash p\u00ebr bibliotekat, kutit\u00eb e ndihm\u00ebs s\u00eb par\u00eb q\u00eb mungojn\u00eb n\u00eb pothuajse t\u00eb gjitha shkollat, tabela vizive me mesazhe t\u00eb ndryshme p\u00ebr r\u00ebnd\u00ebsin\u00eb q\u00eb ka sh\u00ebndeti, mjedisi higjiena etj. Reagimi i t\u00eb gjith\u00eb aktor\u00ebve ishte shum\u00eb pozitiv.&nbsp;<\/span><\/span><\/span><\/div>\n<div style=\"text-align: justify;\"> <span style=\"color: #000000;\"><span style=\"font-family: tahoma,geneva,sans-serif;\"><span style=\"font-size: 12px;\">&nbsp;&nbsp;&nbsp; M\u00ebsuesit shpreh\u00ebn mir\u00ebnjohje t\u00eb madhe p\u00ebr ndihm\u00ebn e dh\u00ebn\u00eb, komuniteti i prind\u00ebrve dhe nx\u00ebn\u00ebsve gjithashtu. Ata argumentojn\u00eb se zonat rurale jan\u00eb l\u00ebn\u00eb n\u00eb harres\u00eb dhe se jan\u00eb t\u00eb pakt\u00eb ata q\u00eb kontribuojn\u00eb dhe ndihmojn\u00eb f\u00ebmij\u00ebt dhe shkollat e k\u00ebtyre zonave.<\/span><\/span><\/span><\/div>\n","protected":false},"excerpt":{"rendered":"<p>&nbsp; &nbsp;&nbsp;&nbsp; Gjat\u00eb vitit 2009 zyra Diakonia Agapes ka zbatuar n\u00eb zonat rurale t\u00eb rrethit t\u00eb Gramshit dhe Librazhdit projektin \u201cJet\u00eb e sh\u00ebndetshme p\u00ebr f\u00ebmij\u00ebt\u201d N\u00eb kuad\u00ebr t\u00eb k\u00ebtij projekti,&nbsp;zyra Diakonia Agapes&nbsp;bashk\u00ebpunon me shkolla n\u00ebnt\u00ebvje\u00e7are duke kontribuar n\u00eb p\u00ebrmir\u00ebsimin e standardeve t\u00eb m\u00ebsimdh\u00ebnies dhe kushteve n\u00eb k\u00ebto shkolla.&nbsp; &nbsp;&nbsp;&nbsp; P\u00ebr t\u00eb realizuar k\u00ebt\u00eb q\u00ebllim gjat\u00eb muajve dhjetor 2009 dhe janar 2010 zyra Diakonia Agapes ka<\/p>\n","protected":false},"author":1,"featured_media":0,"comment_status":"open","ping_status":"open","sticky":false,"template":"","format":"standard","meta":{"_acf_changed":false,"pagelayer_contact_templates":[],"_pagelayer_content":"","inline_featured_image":false,"fifu_image_url":"","fifu_image_alt":"","footnotes":""},"categories":[108],"tags":[144,196,212,174],"class_list":["post-1094","post","type-post","status-publish","format-standard","hentry","category-lajme","tag-144","tag-tirane","tag-lajme-d27","tag-diakonia-agapes"],"acf":[],"yoast_head":"<!-- This site is optimized with the Yoast SEO plugin v27.2 - https:\/\/yoast.com\/product\/yoast-seo-wordpress\/ -->\n<title>P\u00ebrmir\u00ebsimi i infrastruktur\u00ebs s\u00eb shkollave n\u00eb zonat rurale. (Shkurt 2010) - Kisha Orthodh\u03bfkse Autoqefale e Shqip\u00ebris\u00eb<\/title>\n<meta name=\"robots\" content=\"index, follow, max-snippet:-1, max-image-preview:large, max-video-preview:-1\" \/>\n<link rel=\"canonical\" href=\"https:\/\/orthodoxalbania.org\/2020\/2013\/03\/19\/permiresimi-i-infrastruktures-se-shkollave-ne-zonat-rurale\/\" \/>\n<meta property=\"og:locale\" content=\"en_US\" \/>\n<meta property=\"og:type\" content=\"article\" \/>\n<meta property=\"og:title\" content=\"P\u00ebrmir\u00ebsimi i infrastruktur\u00ebs s\u00eb shkollave n\u00eb zonat rurale. (Shkurt 2010) - Kisha Orthodh\u03bfkse Autoqefale e Shqip\u00ebris\u00eb\" \/>\n<meta property=\"og:description\" content=\"&nbsp; &nbsp;&nbsp;&nbsp; Gjat\u00eb vitit 2009 zyra Diakonia Agapes ka zbatuar n\u00eb zonat rurale t\u00eb rrethit t\u00eb Gramshit dhe Librazhdit projektin \u201cJet\u00eb e sh\u00ebndetshme p\u00ebr f\u00ebmij\u00ebt\u201d N\u00eb kuad\u00ebr t\u00eb k\u00ebtij projekti,&nbsp;zyra Diakonia Agapes&nbsp;bashk\u00ebpunon me shkolla n\u00ebnt\u00ebvje\u00e7are duke kontribuar n\u00eb p\u00ebrmir\u00ebsimin e standardeve t\u00eb m\u00ebsimdh\u00ebnies dhe kushteve n\u00eb k\u00ebto shkolla.&nbsp; &nbsp;&nbsp;&nbsp; P\u00ebr t\u00eb realizuar k\u00ebt\u00eb q\u00ebllim gjat\u00eb muajve dhjetor 2009 dhe janar 2010 zyra Diakonia Agapes ka\" \/>\n<meta property=\"og:url\" content=\"https:\/\/orthodoxalbania.org\/2020\/2013\/03\/19\/permiresimi-i-infrastruktures-se-shkollave-ne-zonat-rurale\/\" \/>\n<meta property=\"og:site_name\" content=\"Kisha Orthodh\u03bfkse Autoqefale e Shqip\u00ebris\u00eb\" \/>\n<meta property=\"article:publisher\" content=\"https:\/\/www.facebook.com\/koash1991\" \/>\n<meta property=\"article:published_time\" content=\"2013-03-19T11:56:19+00:00\" \/>\n<meta property=\"article:modified_time\" content=\"2020-04-06T20:32:31+00:00\" \/>\n<meta property=\"og:image\" content=\"https:\/\/orthodoxalbania.org\/2020\/wp-content\/uploads\/2021\/02\/LogoLastALb-200.png\" \/>\n\t<meta property=\"og:image:width\" content=\"200\" \/>\n\t<meta property=\"og:image:height\" content=\"172\" \/>\n\t<meta property=\"og:image:type\" content=\"image\/png\" \/>\n<meta name=\"author\" content=\"Kisha Orthodhokse\" \/>\n<meta name=\"twitter:card\" content=\"summary_large_image\" \/>\n<meta name=\"twitter:label1\" content=\"Written by\" \/>\n\t<meta name=\"twitter:data1\" content=\"Kisha Orthodhokse\" \/>\n\t<meta name=\"twitter:label2\" content=\"Est. reading time\" \/>\n\t<meta name=\"twitter:data2\" content=\"2 minutes\" \/>\n<script type=\"application\/ld+json\" class=\"yoast-schema-graph\">{\"@context\":\"https:\/\/schema.org\",\"@graph\":[{\"@type\":\"Article\",\"@id\":\"https:\/\/orthodoxalbania.org\/2020\/2013\/03\/19\/permiresimi-i-infrastruktures-se-shkollave-ne-zonat-rurale\/#article\",\"isPartOf\":{\"@id\":\"https:\/\/orthodoxalbania.org\/2020\/2013\/03\/19\/permiresimi-i-infrastruktures-se-shkollave-ne-zonat-rurale\/\"},\"author\":{\"name\":\"Kisha Orthodhokse\",\"@id\":\"https:\/\/orthodoxalbania.org\/2020\/#\/schema\/person\/0c387634a7063ac612d7ed9ce71c7e86\"},\"headline\":\"P\u00ebrmir\u00ebsimi i infrastruktur\u00ebs s\u00eb shkollave n\u00eb zonat rurale. (Shkurt 2010)\",\"datePublished\":\"2013-03-19T11:56:19+00:00\",\"dateModified\":\"2020-04-06T20:32:31+00:00\",\"mainEntityOfPage\":{\"@id\":\"https:\/\/orthodoxalbania.org\/2020\/2013\/03\/19\/permiresimi-i-infrastruktures-se-shkollave-ne-zonat-rurale\/\"},\"wordCount\":325,\"commentCount\":0,\"publisher\":{\"@id\":\"https:\/\/orthodoxalbania.org\/2020\/#organization\"},\"keywords\":[\"2010\",\"Kryepiskopata Tiran\u00eb\",\"lajme\",\"Zyra \\\"Sh\u00ebrbimi i Dashuris\u00eb\\\"\"],\"articleSection\":[\"Lajme\"],\"inLanguage\":\"en-US\"},{\"@type\":\"WebPage\",\"@id\":\"https:\/\/orthodoxalbania.org\/2020\/2013\/03\/19\/permiresimi-i-infrastruktures-se-shkollave-ne-zonat-rurale\/\",\"url\":\"https:\/\/orthodoxalbania.org\/2020\/2013\/03\/19\/permiresimi-i-infrastruktures-se-shkollave-ne-zonat-rurale\/\",\"name\":\"P\u00ebrmir\u00ebsimi i infrastruktur\u00ebs s\u00eb shkollave n\u00eb zonat rurale. (Shkurt 2010) - Kisha Orthodh\u03bfkse Autoqefale e Shqip\u00ebris\u00eb\",\"isPartOf\":{\"@id\":\"https:\/\/orthodoxalbania.org\/2020\/#website\"},\"datePublished\":\"2013-03-19T11:56:19+00:00\",\"dateModified\":\"2020-04-06T20:32:31+00:00\",\"breadcrumb\":{\"@id\":\"https:\/\/orthodoxalbania.org\/2020\/2013\/03\/19\/permiresimi-i-infrastruktures-se-shkollave-ne-zonat-rurale\/#breadcrumb\"},\"inLanguage\":\"en-US\",\"potentialAction\":[{\"@type\":\"ReadAction\",\"target\":[\"https:\/\/orthodoxalbania.org\/2020\/2013\/03\/19\/permiresimi-i-infrastruktures-se-shkollave-ne-zonat-rurale\/\"]}]},{\"@type\":\"BreadcrumbList\",\"@id\":\"https:\/\/orthodoxalbania.org\/2020\/2013\/03\/19\/permiresimi-i-infrastruktures-se-shkollave-ne-zonat-rurale\/#breadcrumb\",\"itemListElement\":[{\"@type\":\"ListItem\",\"position\":1,\"name\":\"Home\",\"item\":\"https:\/\/orthodoxalbania.org\/2020\/\"},{\"@type\":\"ListItem\",\"position\":2,\"name\":\"P\u00ebrmir\u00ebsimi i infrastruktur\u00ebs s\u00eb shkollave n\u00eb zonat rurale. (Shkurt 2010)\"}]},{\"@type\":\"WebSite\",\"@id\":\"https:\/\/orthodoxalbania.org\/2020\/#website\",\"url\":\"https:\/\/orthodoxalbania.org\/2020\/\",\"name\":\"Kisha Orthodh\u03bfkse Autoqefale e Shqip\u00ebris\u00eb\",\"description\":\"Fqja Zyrtare e Kish\u00ebs Orthodhokse Autoqefale e Shqip\u00ebris\u00eb me lajmet edhe informacionet zyrtare p\u00ebr struktur\u00ebn edhe veprimtarin e saj.\",\"publisher\":{\"@id\":\"https:\/\/orthodoxalbania.org\/2020\/#organization\"},\"potentialAction\":[{\"@type\":\"SearchAction\",\"target\":{\"@type\":\"EntryPoint\",\"urlTemplate\":\"https:\/\/orthodoxalbania.org\/2020\/?s={search_term_string}\"},\"query-input\":{\"@type\":\"PropertyValueSpecification\",\"valueRequired\":true,\"valueName\":\"search_term_string\"}}],\"inLanguage\":\"en-US\"},{\"@type\":\"Organization\",\"@id\":\"https:\/\/orthodoxalbania.org\/2020\/#organization\",\"name\":\"Kisha Orthodhokse Autoqefale e Shqip\u00ebris\u00eb\",\"url\":\"https:\/\/orthodoxalbania.org\/2020\/\",\"logo\":{\"@type\":\"ImageObject\",\"inLanguage\":\"en-US\",\"@id\":\"https:\/\/orthodoxalbania.org\/2020\/#\/schema\/logo\/image\/\",\"url\":\"https:\/\/orthodoxalbania.org\/2020\/wp-content\/uploads\/2020\/05\/albania.jpeg\",\"contentUrl\":\"https:\/\/orthodoxalbania.org\/2020\/wp-content\/uploads\/2020\/05\/albania.jpeg\",\"width\":540,\"height\":540,\"caption\":\"Kisha Orthodhokse Autoqefale e Shqip\u00ebris\u00eb\"},\"image\":{\"@id\":\"https:\/\/orthodoxalbania.org\/2020\/#\/schema\/logo\/image\/\"},\"sameAs\":[\"https:\/\/www.facebook.com\/koash1991\"]},{\"@type\":\"Person\",\"@id\":\"https:\/\/orthodoxalbania.org\/2020\/#\/schema\/person\/0c387634a7063ac612d7ed9ce71c7e86\",\"name\":\"Kisha Orthodhokse\",\"image\":{\"@type\":\"ImageObject\",\"inLanguage\":\"en-US\",\"@id\":\"https:\/\/secure.gravatar.com\/avatar\/596e7c417251e30f2fbb9c00e026fce61a695a00e51c889caded71c96cbbdde5?s=96&d=mm&r=g\",\"url\":\"https:\/\/secure.gravatar.com\/avatar\/596e7c417251e30f2fbb9c00e026fce61a695a00e51c889caded71c96cbbdde5?s=96&d=mm&r=g\",\"contentUrl\":\"https:\/\/secure.gravatar.com\/avatar\/596e7c417251e30f2fbb9c00e026fce61a695a00e51c889caded71c96cbbdde5?s=96&d=mm&r=g\",\"caption\":\"Kisha Orthodhokse\"}}]}<\/script>\n<!-- \/ Yoast SEO plugin. -->","yoast_head_json":{"title":"P\u00ebrmir\u00ebsimi i infrastruktur\u00ebs s\u00eb shkollave n\u00eb zonat rurale. (Shkurt 2010) - Kisha Orthodh\u03bfkse Autoqefale e Shqip\u00ebris\u00eb","robots":{"index":"index","follow":"follow","max-snippet":"max-snippet:-1","max-image-preview":"max-image-preview:large","max-video-preview":"max-video-preview:-1"},"canonical":"https:\/\/orthodoxalbania.org\/2020\/2013\/03\/19\/permiresimi-i-infrastruktures-se-shkollave-ne-zonat-rurale\/","og_locale":"en_US","og_type":"article","og_title":"P\u00ebrmir\u00ebsimi i infrastruktur\u00ebs s\u00eb shkollave n\u00eb zonat rurale. (Shkurt 2010) - Kisha Orthodh\u03bfkse Autoqefale e Shqip\u00ebris\u00eb","og_description":"&nbsp; &nbsp;&nbsp;&nbsp; Gjat\u00eb vitit 2009 zyra Diakonia Agapes ka zbatuar n\u00eb zonat rurale t\u00eb rrethit t\u00eb Gramshit dhe Librazhdit projektin \u201cJet\u00eb e sh\u00ebndetshme p\u00ebr f\u00ebmij\u00ebt\u201d N\u00eb kuad\u00ebr t\u00eb k\u00ebtij projekti,&nbsp;zyra Diakonia Agapes&nbsp;bashk\u00ebpunon me shkolla n\u00ebnt\u00ebvje\u00e7are duke kontribuar n\u00eb p\u00ebrmir\u00ebsimin e standardeve t\u00eb m\u00ebsimdh\u00ebnies dhe kushteve n\u00eb k\u00ebto shkolla.&nbsp; &nbsp;&nbsp;&nbsp; P\u00ebr t\u00eb realizuar k\u00ebt\u00eb q\u00ebllim gjat\u00eb muajve dhjetor 2009 dhe janar 2010 zyra Diakonia Agapes ka","og_url":"https:\/\/orthodoxalbania.org\/2020\/2013\/03\/19\/permiresimi-i-infrastruktures-se-shkollave-ne-zonat-rurale\/","og_site_name":"Kisha Orthodh\u03bfkse Autoqefale e Shqip\u00ebris\u00eb","article_publisher":"https:\/\/www.facebook.com\/koash1991","article_published_time":"2013-03-19T11:56:19+00:00","article_modified_time":"2020-04-06T20:32:31+00:00","og_image":[{"width":200,"height":172,"url":"https:\/\/orthodoxalbania.org\/2020\/wp-content\/uploads\/2021\/02\/LogoLastALb-200.png","type":"image\/png"}],"author":"Kisha Orthodhokse","twitter_card":"summary_large_image","twitter_misc":{"Written by":"Kisha Orthodhokse","Est. reading time":"2 minutes"},"schema":{"@context":"https:\/\/schema.org","@graph":[{"@type":"Article","@id":"https:\/\/orthodoxalbania.org\/2020\/2013\/03\/19\/permiresimi-i-infrastruktures-se-shkollave-ne-zonat-rurale\/#article","isPartOf":{"@id":"https:\/\/orthodoxalbania.org\/2020\/2013\/03\/19\/permiresimi-i-infrastruktures-se-shkollave-ne-zonat-rurale\/"},"author":{"name":"Kisha Orthodhokse","@id":"https:\/\/orthodoxalbania.org\/2020\/#\/schema\/person\/0c387634a7063ac612d7ed9ce71c7e86"},"headline":"P\u00ebrmir\u00ebsimi i infrastruktur\u00ebs s\u00eb shkollave n\u00eb zonat rurale. (Shkurt 2010)","datePublished":"2013-03-19T11:56:19+00:00","dateModified":"2020-04-06T20:32:31+00:00","mainEntityOfPage":{"@id":"https:\/\/orthodoxalbania.org\/2020\/2013\/03\/19\/permiresimi-i-infrastruktures-se-shkollave-ne-zonat-rurale\/"},"wordCount":325,"commentCount":0,"publisher":{"@id":"https:\/\/orthodoxalbania.org\/2020\/#organization"},"keywords":["2010","Kryepiskopata Tiran\u00eb","lajme","Zyra \"Sh\u00ebrbimi i Dashuris\u00eb\""],"articleSection":["Lajme"],"inLanguage":"en-US"},{"@type":"WebPage","@id":"https:\/\/orthodoxalbania.org\/2020\/2013\/03\/19\/permiresimi-i-infrastruktures-se-shkollave-ne-zonat-rurale\/","url":"https:\/\/orthodoxalbania.org\/2020\/2013\/03\/19\/permiresimi-i-infrastruktures-se-shkollave-ne-zonat-rurale\/","name":"P\u00ebrmir\u00ebsimi i infrastruktur\u00ebs s\u00eb shkollave n\u00eb zonat rurale. (Shkurt 2010) - Kisha Orthodh\u03bfkse Autoqefale e Shqip\u00ebris\u00eb","isPartOf":{"@id":"https:\/\/orthodoxalbania.org\/2020\/#website"},"datePublished":"2013-03-19T11:56:19+00:00","dateModified":"2020-04-06T20:32:31+00:00","breadcrumb":{"@id":"https:\/\/orthodoxalbania.org\/2020\/2013\/03\/19\/permiresimi-i-infrastruktures-se-shkollave-ne-zonat-rurale\/#breadcrumb"},"inLanguage":"en-US","potentialAction":[{"@type":"ReadAction","target":["https:\/\/orthodoxalbania.org\/2020\/2013\/03\/19\/permiresimi-i-infrastruktures-se-shkollave-ne-zonat-rurale\/"]}]},{"@type":"BreadcrumbList","@id":"https:\/\/orthodoxalbania.org\/2020\/2013\/03\/19\/permiresimi-i-infrastruktures-se-shkollave-ne-zonat-rurale\/#breadcrumb","itemListElement":[{"@type":"ListItem","position":1,"name":"Home","item":"https:\/\/orthodoxalbania.org\/2020\/"},{"@type":"ListItem","position":2,"name":"P\u00ebrmir\u00ebsimi i infrastruktur\u00ebs s\u00eb shkollave n\u00eb zonat rurale. (Shkurt 2010)"}]},{"@type":"WebSite","@id":"https:\/\/orthodoxalbania.org\/2020\/#website","url":"https:\/\/orthodoxalbania.org\/2020\/","name":"Kisha Orthodh\u03bfkse Autoqefale e Shqip\u00ebris\u00eb","description":"Fqja Zyrtare e Kish\u00ebs Orthodhokse Autoqefale e Shqip\u00ebris\u00eb me lajmet edhe informacionet zyrtare p\u00ebr struktur\u00ebn edhe veprimtarin e saj.","publisher":{"@id":"https:\/\/orthodoxalbania.org\/2020\/#organization"},"potentialAction":[{"@type":"SearchAction","target":{"@type":"EntryPoint","urlTemplate":"https:\/\/orthodoxalbania.org\/2020\/?s={search_term_string}"},"query-input":{"@type":"PropertyValueSpecification","valueRequired":true,"valueName":"search_term_string"}}],"inLanguage":"en-US"},{"@type":"Organization","@id":"https:\/\/orthodoxalbania.org\/2020\/#organization","name":"Kisha Orthodhokse Autoqefale e Shqip\u00ebris\u00eb","url":"https:\/\/orthodoxalbania.org\/2020\/","logo":{"@type":"ImageObject","inLanguage":"en-US","@id":"https:\/\/orthodoxalbania.org\/2020\/#\/schema\/logo\/image\/","url":"https:\/\/orthodoxalbania.org\/2020\/wp-content\/uploads\/2020\/05\/albania.jpeg","contentUrl":"https:\/\/orthodoxalbania.org\/2020\/wp-content\/uploads\/2020\/05\/albania.jpeg","width":540,"height":540,"caption":"Kisha Orthodhokse Autoqefale e Shqip\u00ebris\u00eb"},"image":{"@id":"https:\/\/orthodoxalbania.org\/2020\/#\/schema\/logo\/image\/"},"sameAs":["https:\/\/www.facebook.com\/koash1991"]},{"@type":"Person","@id":"https:\/\/orthodoxalbania.org\/2020\/#\/schema\/person\/0c387634a7063ac612d7ed9ce71c7e86","name":"Kisha Orthodhokse","image":{"@type":"ImageObject","inLanguage":"en-US","@id":"https:\/\/secure.gravatar.com\/avatar\/596e7c417251e30f2fbb9c00e026fce61a695a00e51c889caded71c96cbbdde5?s=96&d=mm&r=g","url":"https:\/\/secure.gravatar.com\/avatar\/596e7c417251e30f2fbb9c00e026fce61a695a00e51c889caded71c96cbbdde5?s=96&d=mm&r=g","contentUrl":"https:\/\/secure.gravatar.com\/avatar\/596e7c417251e30f2fbb9c00e026fce61a695a00e51c889caded71c96cbbdde5?s=96&d=mm&r=g","caption":"Kisha Orthodhokse"}}]}},"_links":{"self":[{"href":"https:\/\/orthodoxalbania.org\/2020\/wp-json\/wp\/v2\/posts\/1094","targetHints":{"allow":["GET"]}}],"collection":[{"href":"https:\/\/orthodoxalbania.org\/2020\/wp-json\/wp\/v2\/posts"}],"about":[{"href":"https:\/\/orthodoxalbania.org\/2020\/wp-json\/wp\/v2\/types\/post"}],"author":[{"embeddable":true,"href":"https:\/\/orthodoxalbania.org\/2020\/wp-json\/wp\/v2\/users\/1"}],"replies":[{"embeddable":true,"href":"https:\/\/orthodoxalbania.org\/2020\/wp-json\/wp\/v2\/comments?post=1094"}],"version-history":[{"count":1,"href":"https:\/\/orthodoxalbania.org\/2020\/wp-json\/wp\/v2\/posts\/1094\/revisions"}],"predecessor-version":[{"id":15523,"href":"https:\/\/orthodoxalbania.org\/2020\/wp-json\/wp\/v2\/posts\/1094\/revisions\/15523"}],"wp:attachment":[{"href":"https:\/\/orthodoxalbania.org\/2020\/wp-json\/wp\/v2\/media?parent=1094"}],"wp:term":[{"taxonomy":"category","embeddable":true,"href":"https:\/\/orthodoxalbania.org\/2020\/wp-json\/wp\/v2\/categories?post=1094"},{"taxonomy":"post_tag","embeddable":true,"href":"https:\/\/orthodoxalbania.org\/2020\/wp-json\/wp\/v2\/tags?post=1094"}],"curies":[{"name":"wp","href":"https:\/\/api.w.org\/{rel}","templated":true}]}}