{"id":1092,"date":"2013-03-20T12:55:55","date_gmt":"2013-03-20T12:55:55","guid":{"rendered":""},"modified":"2020-04-06T22:32:22","modified_gmt":"2020-04-06T20:32:22","slug":"perkujtohet-10-vjetori-i-jetenderrimit-te-episkopit-kozma-qirjo","status":"publish","type":"post","link":"https:\/\/orthodoxalbania.org\/2020\/2013\/03\/20\/perkujtohet-10-vjetori-i-jetenderrimit-te-episkopit-kozma-qirjo\/","title":{"rendered":"P\u00ebrkujtohet 10 vjetori i jet\u00ebnd\u00ebrrimit t\u00eb Episkopit Kozma Qirjo. (8 Gusht 2010)"},"content":{"rendered":"<div style=\"text-align: justify;\"><span style=\"font-family: tahoma,geneva,sans-serif;\"><span style=\"font-size: 12px;\"><span style=\"color: #000000;\"><img decoding=\"async\" class=\"lazyload HAa Eha\" style=\"border-width: 1px; border-style: solid; margin: 10px; float: left;\" alt=\"\" src=\"data:image\/svg+xml,%3Csvg%20xmlns%3D%27http%3A%2F%2Fwww.w3.org%2F2000%2Fsvg%27%20width%3D%27196%27%20height%3D%27262%27%20viewBox%3D%270%200%20196%20262%27%3E%3Crect%20width%3D%27196%27%20height%3D%27262%27%20fill-opacity%3D%220%22%2F%3E%3C%2Fsvg%3E\" data-orig-src=\"https:\/\/lh6.googleusercontent.com\/-0mpPKto-iDE\/VK0ArTgdYYI\/AAAAAAAAKPI\/-Rqlr8EoA3E\/w450-h600-no\/1_450x600.jpg\" height=\"262\" width=\"196\" \/> &nbsp; &nbsp; N\u00eb dat\u00ebn 8 Gusht u krye n\u00eb Kish\u00ebn e Sh\u00ebn Theodhorit, Vlor\u00eb, p\u00ebrshpirtja me rastin e 10 vjetorit t\u00eb fjetjes s\u00eb t\u00eb p\u00ebrkujtuarshmit Episkopit t\u00eb Apollonis\u00eb, Hir\u00ebsi Kozmait (Qirjo). Mesha dhe p\u00ebrkujtimorja u drejtuan nga Mitropoliti i Beratit, Vlor\u00ebs, Kanin\u00ebs dhe gjith\u00eb Myzeqes\u00eb, Imzot Ignatit, me pjes\u00ebmarrjen e shum\u00eb klerik\u00ebve t\u00eb Mitropolis\u00eb, si edhe t\u00eb nj\u00eb shumice besimtar\u00ebsh t\u00eb qytetit, shum\u00eb prej t\u00eb cil\u00ebve e kan\u00eb njohur nga af\u00ebr Hir\u00ebsi Kozmain si n\u00eb koh\u00ebn e persekutimit por edhe m\u00eb pas, kur kishat u rihapen.<\/span><\/span><\/span><\/div>\n<div style=\"text-align: justify;\"> <span style=\"font-family: tahoma,geneva,sans-serif;\"><span style=\"font-size: 12px;\"><span style=\"color: #000000;\">&nbsp;&nbsp;&nbsp; Pas Mesh\u00ebs dhe p\u00ebrshpirtjes n\u00eb kish\u00eb u krye nj\u00eb takim n\u00eb ambientin e famullis\u00eb s\u00eb kish\u00ebs ku fol\u00ebn dhe treguan kujtimet e tyre shum\u00eb prej t\u00eb pranishm\u00ebve. T\u00eb gjith\u00eb soll\u00ebn n\u00eb kujtimet e tyre momente t\u00eb jet\u00ebs s\u00eb Hir\u00ebsi Kozmait, sidomos kuraj\u00ebn dhe guximin e tij gjat\u00eb koh\u00ebs s\u00eb persekutimit, por edhe zellin dhe pun\u00ebn e palodhur pas rihapjes s\u00eb kishave. M\u00eb tej, nj\u00eb pjes\u00eb e t\u00eb pranishm\u00ebve u drejtuan p\u00ebr n\u00eb fshatin Bestrov, tek kisha e Pes\u00eb Martir\u00ebve ku prehet prej 10 vitesh episkopi Kozma Qirjo. Edhe k\u00ebtu u krye p\u00ebrshpirtja e rastit nga Mitropoliti Ignat dhe klerik\u00ebt e tjer\u00eb t\u00eb pranish\u00ebm. Aktivitetet p\u00ebrkujtimore u mbyll\u00ebn me drek\u00ebn e shtruar me k\u00ebt\u00eb rast nga Mitropoliti.<\/span><\/span><\/span><\/div>\n<div style=\"text-align: justify;\">&nbsp;<\/div>\n<div style=\"text-align: justify;\"><span style=\"font-family: tahoma,geneva,sans-serif;\"><span style=\"font-size: 12px;\"><span style=\"color: #000000;\">&nbsp;&nbsp;&nbsp; Jet\u00ebshkrim i shkurt\u00ebr<\/span><\/span><\/span><\/div>\n<div style=\"text-align: justify;\">&nbsp;<\/div>\n<div style=\"text-align: justify;\"><span style=\"font-family: tahoma,geneva,sans-serif;\"><span style=\"font-size: 12px;\"><span style=\"color: #000000;\">&nbsp;&nbsp; Hir\u00ebsia e Tij, Episkopi i Apolonis\u00eb dhe Ndihm\u00ebs i Kryepiskopit Anastas, i P\u00ebrkujtuarshmi Kozma (Qirjo), lindi m\u00eb 13 tetor 1921 n\u00eb nj\u00eb familje t\u00eb varf\u00ebr, por besimtare, n\u00eb fshatin Bestrov t\u00eb Vlor\u00ebs. Shkoll\u00ebn fillore e kreu n\u00eb fshatin Nart\u00eb dhe m\u00eb pas arsimi i tij i vet\u00ebm do t\u00eb ishte Shkrimi i Shenjt\u00eb dhe p\u00ebrvoja e jet\u00ebs. N\u00eb mosh\u00ebn 23 vje\u00e7are vendos t\u00eb b\u00ebhet murg dhe p\u00ebr k\u00ebt\u00eb d\u00ebshir\u00eb t\u00eb tij t\u00eb zjarrt\u00eb bisedon me Mitropolitin e at\u00ebhersh\u00ebm t\u00eb Beratit, Imzot Visarionin (Xhuvani), i cili i thot\u00eb se do t\u2019i kthej\u00eb p\u00ebrgjigje s\u00eb shpejti. Nd\u00ebrkoh\u00eb n\u00ebna e tij Zoica, duke m\u00ebsuar k\u00ebt\u00eb d\u00ebshir\u00eb t\u00eb t\u00eb birit, i lutet dhespot Visarionit q\u00eb t\u00eb mos e pranoj\u00eb Kozman\u00eb n\u00eb radh\u00ebt e murgj\u00ebrve, pasi ajo kishte vet\u00ebm at\u00eb. K\u00ebshtu Visarioni duke e marr\u00eb parasysh d\u00ebshir\u00ebn e s\u00eb \u00ebm\u00ebs i p\u00ebrgjigjet Kozmait se d\u00ebshira e tij p\u00ebr t\u2019u b\u00ebr\u00eb murg nuk mund t\u00eb plot\u00ebsohet. K\u00ebshtu, Kozmai vazhdon jet\u00ebn n\u00eb fshatin e lindjes ku edhe martohet me bashk\u00ebshorten e tij Elisabet\u00ebn. <\/span><\/span><\/span><\/div>\n<div style=\"text-align: justify;\">&nbsp;<\/div>\n<div style=\"text-align: justify;\"><span style=\"font-family: tahoma,geneva,sans-serif;\"><span style=\"font-size: 12px;\"><span style=\"color: #000000;\">&nbsp;&nbsp;&nbsp; Bashk\u00ebfshatar\u00ebt e tij, duke par\u00eb zellin dhe dashurin\u00eb e zjarrt\u00eb q\u00eb ai kishte p\u00ebr Per\u00ebndin\u00eb menduan q\u00eb ta kishin at\u00eb si udh\u00ebheq\u00ebsin e tyre shpirt\u00ebror dhe i propozuan Mitropolitit Visarion q\u00eb ta dor\u00ebzonte prift t\u00eb fshatit. K\u00ebshtu, m\u00eb 25 prill 1945 ai u dor\u00ebzua dhjak n\u00eb kish\u00ebn e Sh\u00ebn Vllasit n\u00eb Vlor\u00eb dhe pas kat\u00ebr dit\u00ebsh m\u00eb 29 prill 1945 u dor\u00ebzua prift n\u00eb kish\u00ebn Sh\u00ebn e Diela n\u00eb Nart\u00eb. Me dashuri p\u00ebr Zotin dhe p\u00ebr bashk\u00ebfshatar\u00ebt e tij At\u00eb Kozmai vazhdoi pun\u00ebn e klerikut deri n\u00eb mbylljen e kishave, n\u00eb vitin 1967. Megjith\u00ebse besimi fetar tashm\u00eb ishte i ndaluar dhe gjithashtu rrept\u00ebsisht\u00eb e ndaluar ishte edhe \u00e7do ushtrim i tij, At\u00eb Kozmai kurr\u00eb nuk rreshti s\u00eb shkuari sht\u00ebpi m\u00eb sht\u00ebpi n\u00eb \u00e7do qytet t\u00eb vendit p\u00ebr t\u00eb mbajtur t\u00eb pal\u00ebkundur n\u00eb Orthodhoksi sa m\u00eb shum\u00eb besimtar\u00eb t\u00eb mundte. Ai kryente pag\u00ebzime, kuror\u00ebzime n\u00eb \u00e7do familje ku e k\u00ebrkonin dhe meshonte n\u00eb sht\u00ebpin\u00eb e tij nat\u00ebn e m\u00eb pas me kungat\u00ebn e Hyjshme, shkonte pran\u00eb besimtar\u00ebve p\u00ebr t\u2019i kunguar n\u00eb m\u00ebnyr\u00eb q\u00eb t\u00eb mos lejonte sistemin q\u00eb t\u2019i privonte ata nga ushqimi hyjnor. <\/span><\/span><\/span><\/div>\n<div style=\"text-align: justify;\">&nbsp;<\/div>\n<div style=\"text-align: justify;\"><span style=\"font-family: tahoma,geneva,sans-serif;\"><span style=\"font-size: 12px;\"><span style=\"color: #000000;\">&nbsp;&nbsp;&nbsp; K\u00ebshtu e ushtroi prift\u00ebrin\u00eb e tij At\u00eb Kozmai deri n\u00eb vitin 1990, vit n\u00eb t\u00eb cilin ai p\u00ebrve\u00e7 n\u00eb misteret e Kish\u00ebs do t\u00eb jepej me shpirt edhe n\u00eb p\u00ebrpjekjen p\u00ebr rihapjen e kishave n\u00eb qytete t\u00eb ndryshme t\u00eb vendit. Ai ishte an\u00ebtar i K\u00ebshillit Iniciator p\u00ebr Rihapjen e Kishave dhe me pas an\u00ebtar i K\u00ebshillit t\u00eb P\u00ebrgjithsh\u00ebm t\u00eb KOASH-it. N\u00eb vazhdim ishte nga prit\u00ebsit e par\u00eb t\u00eb Eksarkut t\u00eb at\u00ebhersh\u00ebm Patriarkal, sot Kryepiskopit Anastas, dhe mbeti deri n\u00eb fund t\u00eb jet\u00ebs s\u00eb tij nj\u00eb nga bashk\u00ebpun\u00ebtor\u00ebt e tij m\u00eb t\u00eb ngusht\u00eb. P\u00ebr shum\u00eb vite, ai sh\u00ebrbeu si Epitrop Arkihieratik i Mitropolis\u00eb s\u00eb Beratit si edhe At\u00eb Shpirt\u00ebror n\u00eb Seminarin Teologjik n\u00eb Durr\u00ebs, duke ndihmuar k\u00ebshtu n\u00eb p\u00ebrgatitjen e klerik\u00ebve t\u00eb rinj t\u00eb Kish\u00ebs son\u00eb. Me gjith\u00eb angazhimet e m\u00ebsip\u00ebrme, ai asnj\u00ebher\u00eb nuk la pas dor\u00eb pun\u00ebn e famullitarit t\u00eb p\u00ebrkushtuar, t\u00eb cil\u00ebn e kreu p\u00ebrgjat\u00eb gjith\u00eb koh\u00ebs n\u00eb qytetin e Vlor\u00ebs, por edhe n\u00eb zonat p\u00ebrreth. <\/span><\/span><\/span><\/div>\n<div style=\"text-align: justify;\">&nbsp;<\/div>\n<div style=\"text-align: justify;\"><span style=\"font-family: tahoma,geneva,sans-serif;\"><span style=\"font-size: 12px;\"><span style=\"color: #000000;\">&nbsp;&nbsp;&nbsp; N\u00eb vitin 1998, nj\u00eb detyr\u00eb tjet\u00ebr e r\u00ebnd\u00ebsishme do t\u00eb shfaqej para tij. Kisha s\u00eb cil\u00ebs i sh\u00ebrbeu me vet\u00ebmohim dhe Providenca Hyjnore i pat\u00ebn ruajtur nj\u00eb mir\u00ebnjohje t\u00eb madhe, por edhe nj\u00eb kryq t\u00eb r\u00ebnd\u00eb, duke e ngritur at\u00eb n\u00eb grad\u00ebn episkopale. Ishte nj\u00eb mir\u00ebnjohje dhe nj\u00eb fal\u00ebnderim p\u00ebr pun\u00ebn e palodhur, por edhe nj\u00eb kryq i r\u00ebnd\u00eb pasi vinte n\u00eb nj\u00eb mosh\u00eb t\u00eb kaluar. Por edhe k\u00ebt\u00eb her\u00eb, duke qen\u00eb n\u00eb lart\u00ebsin\u00eb e situat\u00ebs, ai e kuptoi se duhet t\u00eb pranonte k\u00ebt\u00eb kryq n\u00eb m\u00ebnyr\u00eb q\u00eb t\u00eb mund t\u00eb ngjitej n\u00eb Fronin e tij edhe Mitropoliti i Beratit tashm\u00eb i dor\u00ebzuar prej vitesh, por i ndaluar nga autoritetet p\u00ebr t\u00eb marr\u00eb detyr\u00ebn e tij. K\u00ebshtu \u201cpo\u201d- ja e tij n\u00eb thirrjen e Kish\u00ebs edhe k\u00ebt\u00eb her\u00eb ishte e menj\u00ebhershme dhe frym\u00ebzuese p\u00ebr t\u00eb gjith\u00eb ne. \u201dJa ku jam, u b\u00ebft\u00eb n\u00eb mua sipas fjal\u00ebs sate\u201d, kjo ishte p\u00ebrgjigja e Ikonomit Kozma Qirjo n\u00eb propozimin p\u00ebr t\u2019u dor\u00ebzuar Episkop i Apollonis\u00eb dhe Ndihm\u00ebs i Kryepiskopit. M\u00eb 23 korrik 1998, ai u dor\u00ebzua Episkop prej Kryepiskopit Anastas, Mitropolitit Ignat dhe Mitropolitit Joan, n\u00eb kish\u00ebn katedrale t\u00eb Ungjill\u00ebzimit t\u00eb Hyjlind\u00ebses n\u00eb Tiran\u00eb. Edhe me funksionin e ri t\u00eb Episkopit, ai vazhdoi vepr\u00ebn e tij baritore deri m\u00eb 11 gusht t\u00eb vitit 2000, dit\u00eb n\u00eb t\u00eb cil\u00ebn Ati qiellor e thirri at\u00eb pran\u00eb Tij. Tani ai lutet p\u00ebr ne dhe p\u00ebr Kish\u00ebn e tij p\u00ebrpara Altarit t\u00eb Shenjt\u00eb dhe qiellor, zjarri p\u00ebr t\u00eb cilin e digjte n\u00eb zem\u00ebr p\u00ebrgjat\u00eb gjith\u00eb jet\u00ebs s\u00eb tij.<\/span><\/span><\/span><\/div>\n<div style=\"text-align: justify;\"><span style=\"font-family: tahoma,geneva,sans-serif;\"><span style=\"font-size: 12px;\"><span style=\"color: #000000;\"><\/span><\/span><\/span><\/div>\n<div style=\"text-align: justify;\"><span style=\"font-family: tahoma,geneva,sans-serif;\"><span style=\"font-size: 12px;\"><span style=\"color: #000000;\">&nbsp;&nbsp;&nbsp; Fjala e Kryepiskopit Anastas n\u00eb Sh\u00ebrbes\u00ebn e Hirotonis\u00eb n\u00eb Episkop t\u00eb Imzot Kozmait, &nbsp;Tirane, 23 korrik 1998 <\/span><\/span><\/span><\/div>\n<div style=\"text-align: justify;\"><span style=\"font-family: tahoma,geneva,sans-serif;\"><span style=\"font-size: 12px;\"><span style=\"color: #000000;\"><\/span><\/span><\/span><\/div>\n<div style=\"text-align: justify;\"><span style=\"font-family: tahoma,geneva,sans-serif;\"><span style=\"font-size: 12px;\"><span style=\"color: #000000;\">&nbsp;&nbsp;&nbsp; Fort i shtrenjti z. Kozma,<\/span><\/span><\/span><\/div>\n<div style=\"text-align: justify;\"><span style=\"font-family: tahoma,geneva,sans-serif;\"><span style=\"font-size: 12px;\"><span style=\"color: #000000;\">&nbsp;&nbsp;&nbsp; Biri i Per\u00ebndis\u00eb thot\u00eb: &#8220;I di pun\u00ebrat e tua, edhe dashurin\u00eb, edhe sh\u00ebrbes\u00ebn, edhe durimin t\u00ebnd, edhe pun\u00ebrat e tua t\u00eb pastajme, se jan\u00eb me t\u00eb tep\u00ebrta se t\u00eb parat&#8221; (Apokalipsi 2:19).<\/span><\/span><\/span><\/div>\n<div style=\"text-align: justify;\"> <span style=\"font-family: tahoma,geneva,sans-serif;\"><span style=\"font-size: 12px;\"><span style=\"color: #000000;\">&nbsp;&nbsp;&nbsp; Ke kaluar nj\u00eb jet\u00eb t\u00eb t\u00ebr\u00eb plot sprova, hidh\u00ebrime e varf\u00ebri, nj\u00eb jet\u00eb totalisht t\u00eb p\u00ebrkushtuar te Krishti. Gjat\u00eb 23 viteve tragjike t\u00eb persekutimit t\u00eb pam\u00ebshirsh\u00ebm ateist, ti nuk u p\u00ebrkule dhe vazhdove pa zhurm\u00eb me besim t\u00eb pal\u00ebkundur, me durim mahnit\u00ebs, veprimtarin\u00eb t\u00ebnde hieratike, duke meshuar dhe duke pag\u00ebzuar rreth tre mij\u00eb njer\u00ebz. Edhe Mitropoliti i dor\u00ebzuar se fundi, i p\u00ebrndershmi z. Joan, prej teje e mori pag\u00ebzimin gjat\u00eb atyre viteve, kur t\u00eb gjith\u00eb besimtar\u00ebt e Shqip\u00ebris\u00eb ecnin n\u00eb hijen e vdekjes. <\/span><\/span><\/span><\/div>\n<div style=\"text-align: justify;\">&nbsp;<\/div>\n<div style=\"text-align: justify;\"><span style=\"font-family: tahoma,geneva,sans-serif;\"><span style=\"font-size: 12px;\"><span style=\"color: #000000;\">&nbsp;&nbsp; Sapo u dha liria p\u00ebr shprehjen e besimit te Per\u00ebndia, ti shpejtove me entuziazmin, p\u00ebrul\u00ebsin\u00eb dhe urt\u00ebsin\u00eb n\u00eb p\u00ebrpjekjen p\u00ebr rim\u00ebk\u00ebmbjen e Kish\u00ebs son\u00eb nga g\u00ebrmadhat. Q\u00eb n\u00eb vitin 1991, sapo mb\u00ebrrita n\u00eb Shqip\u00ebri, pata rastin t\u00eb vler\u00ebsoj bashk\u00ebpunimin t\u00ebnd t\u00eb zellsh\u00ebm n\u00eb postet e p\u00ebrgjegjshme, si p\u00ebrfaq\u00ebsues arkihieratik i Mitropolis\u00eb s\u00eb Beratit, Kanin\u00ebs dhe Vlor\u00ebs dhe si an\u00ebtar i K\u00ebshillit t\u00eb P\u00ebrgjithsh\u00ebm Kishtar; gjithnj\u00eb i but\u00eb dhe i p\u00ebrulur n\u00eb zem\u00ebr, i gatsh\u00ebm p\u00ebr \u00e7do mision t\u00eb p\u00ebrgjegjsh\u00ebm. Dhe tani s\u00eb fundi, n\u00eb nj\u00eb kthes\u00eb t\u00eb v\u00ebshtir\u00eb t\u00eb ecjes se Kish\u00ebs son\u00eb&#8230; ti pranove nj\u00eb form\u00eb t\u00eb re sakrifice&#8230;. Duke vler\u00ebsuar lart gjith\u00eb jet\u00ebn t\u00ebnde t\u00eb kontributit, t\u00eb sh\u00ebrbes\u00ebs dhe dashuris\u00eb p\u00ebr Krishtin, Kisha jon\u00eb, n\u00eb mbledhjen e par\u00eb t\u00eb Sinodit t\u00eb saj, t\u00eb zgjodhi Episkop t\u00eb Apolonis\u00eb, ndihm\u00ebs t\u00eb Kryepiskopit. Me k\u00ebt\u00eb vendim, nderohen n\u00eb personin tuaj edhe t\u00eb gjith\u00eb prift\u00ebrinjt\u00eb e bekuar dhe heroik\u00eb t\u00eb Kish\u00ebs Orthodhokse Autoqefale t\u00eb Shqip\u00ebris\u00eb, t\u00eb cil\u00ebt gjat\u00eb viteve t\u00eb persekutimit mbart\u00ebn pesh\u00ebn e p\u00ebrgjegj\u00ebsis\u00eb s\u00eb tyre hieratike, me konsekuenc\u00eb, besnik\u00ebri dhe p\u00ebrkushtim.&#8221;Vlera e re arkihieratike&#8221; dhe misioni yn\u00eb, q\u00eb t\u00eb rezervoi Providenca e Per\u00ebndis\u00eb, po vjen n\u00eb nj\u00eb mosh\u00eb shum\u00eb t\u00eb pjekur. Por &#8220;Hiri Hyjnor, ai q\u00eb sh\u00ebron t\u00eb s\u00ebmur\u00ebt i plot\u00ebson ato q\u00eb mungojn\u00eb&#8221;, ai q\u00eb jep frym\u00eb t\u00eb re, rezistenc\u00eb, ndri\u00e7im dhe fuqi atij i mb\u00ebshtesim me besnik\u00ebri absolute veten ton\u00eb dhe nj\u00ebri-tjetrin&#8230; N\u00eb vitet e persekutimit, p\u00ebr t\u00eb mbajtur familjen t\u00ebnde, krahas sh\u00ebrbimit q\u00eb b\u00ebje n\u00eb fsheht\u00ebsi si prift, punove si vreshtar e pun\u00ebtor, duke mir\u00ebmbajtur dhe sheshuar rrug\u00ebt. Sot dashuria e Per\u00ebndis\u00eb t\u00eb ngarkon q\u00eb t\u00eb mir\u00ebmbash vreshtin e Kish\u00ebs dhe si Pararend\u00ebs, t\u00eb p\u00ebrgatit\u00ebsh &#8220;shpirtrat p\u00ebr rrug\u00ebn e Zotit&#8221;, q\u00eb ti b\u00ebsh ato t\u00eb sheshta. Uroj me gjith\u00eb shpirt, q\u00eb Per\u00ebndia Triadik t\u00eb te rinoj\u00eb &#8220;ashtu si shqiponj\u00ebn&#8221;, t\u00eb t\u00eb fal\u00eb sh\u00ebndet t\u00eb pal\u00ebkundur dhe ndri\u00e7im me boll\u00ebk t\u00eb Shpirtit t\u00eb Shenjt\u00eb, q\u00eb edhe me vul\u00ebn e cil\u00ebsis\u00eb sate si Episkop, t\u00eb vazhdosh t\u00eb predikosh Ungjillin e Krishtit, mesazhin gazmor t\u00eb dashuris\u00eb, t\u00eb shpres\u00ebs dhe durimit, t\u00eb ngush\u00ebllohesh dhe t\u00eb shenjt\u00ebrosh popullin e Per\u00ebndis\u00eb, ta \u00e7osh at\u00eb me fjal\u00ebn, me shembullin dhe me jet\u00ebn t\u00ebnde, drejt ligjeve shp\u00ebtimtare, t\u00eb kontribuosh me p\u00ebrvoj\u00ebn dhe urt\u00ebsin\u00eb t\u00ebnde n\u00eb vler\u00ebsimet dhe n\u00eb vendimet e Sinodit t\u00eb Shenjt\u00eb t\u00eb Kish\u00ebs son\u00eb.<\/span><\/span><\/span><\/div>\n<div style=\"text-align: justify;\">&nbsp;<\/div>\n<div style=\"text-align: right;\"><strong><span style=\"font-family: tahoma,geneva,sans-serif;\"><span style=\"font-size: 12px;\"><span style=\"color: #000000;\">Paskal Mamaj<\/span><\/span><\/span><\/strong><\/div>\n<div style=\"text-align: right;\">&nbsp;<\/div>\n<div style=\"text-align: right;\">\n<table style=\"width: 867px; height: 1552px;\" border=\"1\">\n<tbody>\n<tr>\n<td style=\"text-align: center; width: 442px;\"><img decoding=\"async\" class=\"lazyload HAa Eha\" style=\"height: 300px; width: 400px; border-width: 1px; border-style: solid; margin: 10px;\" alt=\"\" src=\"data:image\/gif;base64,R0lGODlhAQABAAAAACH5BAEKAAEALAAAAAABAAEAAAICTAEAOw==\" data-orig-src=\"https:\/\/lh6.googleusercontent.com\/-I3GeYETFwN8\/VK0ArSVdQmI\/AAAAAAAAKOQ\/R9oHkQ05ZN8\/w600-h450-no\/2_600x450.jpg\" \/><\/td>\n<td style=\"text-align: center; width: 44px;\"><img decoding=\"async\" class=\"lazyload HAa Eha\" style=\"height: 300px; width: 400px; border-width: 1px; border-style: solid; margin: 10px;\" alt=\"\" src=\"data:image\/gif;base64,R0lGODlhAQABAAAAACH5BAEKAAEALAAAAAABAAEAAAICTAEAOw==\" data-orig-src=\"https:\/\/lh6.googleusercontent.com\/-3zKNXkLoE9g\/VK0ArOfYoXI\/AAAAAAAAKPA\/601C8N-fjrY\/w600-h450-no\/3_600x450.jpg\" \/><\/td>\n<\/tr>\n<tr>\n<td style=\"width: 442px; text-align: center;\"><img decoding=\"async\" class=\"lazyload HAa Eha\" style=\"height: 300px; width: 400px; border-width: 1px; border-style: solid; margin: 10px;\" alt=\"\" src=\"data:image\/gif;base64,R0lGODlhAQABAAAAACH5BAEKAAEALAAAAAABAAEAAAICTAEAOw==\" data-orig-src=\"https:\/\/lh6.googleusercontent.com\/-2jQcL-Qj3NQ\/VK0AsSsdpdI\/AAAAAAAAKOc\/AcyRL_CoVHo\/w600-h450-no\/5_600x450.jpg\" \/><\/td>\n<td style=\"width: 44px; text-align: center;\"><img decoding=\"async\" class=\"lazyload HAa Eha\" style=\"height: 300px; width: 400px; border-width: 1px; border-style: solid; margin: 10px;\" alt=\"\" src=\"data:image\/gif;base64,R0lGODlhAQABAAAAACH5BAEKAAEALAAAAAABAAEAAAICTAEAOw==\" data-orig-src=\"https:\/\/lh4.googleusercontent.com\/-mWaWvGKhPWc\/VK0AsYQdONI\/AAAAAAAAKOo\/tFApev1FqQI\/w600-h450-no\/6_600x450.jpg\" \/><\/td>\n<\/tr>\n<tr>\n<td style=\"width: 442px; text-align: center;\"><img decoding=\"async\" class=\"lazyload HAa Eha\" style=\"border-width: 1px; border-style: solid; margin: 10px; width: 404px; height: 539px;\" alt=\"\" src=\"data:image\/gif;base64,R0lGODlhAQABAAAAACH5BAEKAAEALAAAAAABAAEAAAICTAEAOw==\" data-orig-src=\"https:\/\/lh4.googleusercontent.com\/-LqaI4GqYW00\/VK0Arw4L12I\/AAAAAAAAKO4\/nILQ_MbgHQc\/w450-h600-no\/4_450x600.jpg\" \/><\/td>\n<td style=\"width: 44px; text-align: center;\"><img decoding=\"async\" class=\"lazyload HAa Eha\" style=\"height: 533px; width: 400px; border-width: 1px; border-style: solid; margin: 10px;\" alt=\"\" src=\"data:image\/gif;base64,R0lGODlhAQABAAAAACH5BAEKAAEALAAAAAABAAEAAAICTAEAOw==\" data-orig-src=\"https:\/\/lh6.googleusercontent.com\/-d4surzXSw08\/VK0As3O16VI\/AAAAAAAAKOs\/ByaKCH6rdew\/w450-h600-no\/7_450x600.jpg\" \/><\/td>\n<\/tr>\n<tr>\n<td style=\"width: 44px; text-align: center;\"><img decoding=\"async\" class=\"lazyload HAa Eha\" style=\"height: 300px; width: 400px; border-width: 1px; border-style: solid; margin: 10px;\" alt=\"\" src=\"data:image\/gif;base64,R0lGODlhAQABAAAAACH5BAEKAAEALAAAAAABAAEAAAICTAEAOw==\" data-orig-src=\"https:\/\/lh3.googleusercontent.com\/-iRvIv6Cm8jI\/VK0AtCP9kgI\/AAAAAAAAKOw\/MR5kFfoLIOM\/w600-h450-no\/8_600x450.jpg\" \/><\/td>\n<td style=\"width: 442px; text-align: center;\"><img decoding=\"async\" class=\"lazyload HAa Eha\" style=\"height: 300px; width: 400px; border-width: 1px; border-style: solid; margin: 10px;\" alt=\"\" src=\"data:image\/gif;base64,R0lGODlhAQABAAAAACH5BAEKAAEALAAAAAABAAEAAAICTAEAOw==\" data-orig-src=\"https:\/\/lh4.googleusercontent.com\/-Wyye9-RmMXE\/VK0AtqPkUcI\/AAAAAAAAKO8\/o5r9rL9KEbk\/w600-h450-no\/9_600x450.jpg\" \/><\/td>\n<\/tr>\n<\/tbody>\n<\/table>\n<\/div>\n<p>&nbsp;<\/p>\n","protected":false},"excerpt":{"rendered":"<p>&nbsp; &nbsp; N\u00eb dat\u00ebn 8 Gusht u krye n\u00eb Kish\u00ebn e Sh\u00ebn Theodhorit, Vlor\u00eb, p\u00ebrshpirtja me rastin e 10 vjetorit t\u00eb fjetjes s\u00eb t\u00eb p\u00ebrkujtuarshmit Episkopit t\u00eb Apollonis\u00eb, Hir\u00ebsi Kozmait (Qirjo). Mesha dhe p\u00ebrkujtimorja u drejtuan nga Mitropoliti i Beratit, Vlor\u00ebs, Kanin\u00ebs dhe gjith\u00eb Myzeqes\u00eb, Imzot Ignatit, me pjes\u00ebmarrjen e shum\u00eb klerik\u00ebve t\u00eb Mitropolis\u00eb, si edhe t\u00eb nj\u00eb shumice besimtar\u00ebsh t\u00eb qytetit, shum\u00eb prej t\u00eb<\/p>\n","protected":false},"author":1,"featured_media":0,"comment_status":"open","ping_status":"open","sticky":false,"template":"","format":"standard","meta":{"_acf_changed":false,"pagelayer_contact_templates":[],"_pagelayer_content":"","inline_featured_image":false,"fifu_image_url":"","fifu_image_alt":"","footnotes":""},"categories":[108],"tags":[144,212,197],"class_list":["post-1092","post","type-post","status-publish","format-standard","hentry","category-lajme","tag-144","tag-lajme-d27","tag-berat"],"acf":[],"yoast_head":"<!-- This site is optimized with the Yoast SEO plugin v27.2 - https:\/\/yoast.com\/product\/yoast-seo-wordpress\/ -->\n<title>P\u00ebrkujtohet 10 vjetori i jet\u00ebnd\u00ebrrimit t\u00eb Episkopit Kozma Qirjo. (8 Gusht 2010) - Kisha Orthodh\u03bfkse Autoqefale e Shqip\u00ebris\u00eb<\/title>\n<meta name=\"robots\" content=\"index, follow, max-snippet:-1, max-image-preview:large, max-video-preview:-1\" \/>\n<link rel=\"canonical\" href=\"https:\/\/orthodoxalbania.org\/2020\/2013\/03\/20\/perkujtohet-10-vjetori-i-jetenderrimit-te-episkopit-kozma-qirjo\/\" \/>\n<meta property=\"og:locale\" content=\"en_US\" \/>\n<meta property=\"og:type\" content=\"article\" \/>\n<meta property=\"og:title\" content=\"P\u00ebrkujtohet 10 vjetori i jet\u00ebnd\u00ebrrimit t\u00eb Episkopit Kozma Qirjo. (8 Gusht 2010) - Kisha Orthodh\u03bfkse Autoqefale e Shqip\u00ebris\u00eb\" \/>\n<meta property=\"og:description\" content=\"&nbsp; &nbsp; N\u00eb dat\u00ebn 8 Gusht u krye n\u00eb Kish\u00ebn e Sh\u00ebn Theodhorit, Vlor\u00eb, p\u00ebrshpirtja me rastin e 10 vjetorit t\u00eb fjetjes s\u00eb t\u00eb p\u00ebrkujtuarshmit Episkopit t\u00eb Apollonis\u00eb, Hir\u00ebsi Kozmait (Qirjo). Mesha dhe p\u00ebrkujtimorja u drejtuan nga Mitropoliti i Beratit, Vlor\u00ebs, Kanin\u00ebs dhe gjith\u00eb Myzeqes\u00eb, Imzot Ignatit, me pjes\u00ebmarrjen e shum\u00eb klerik\u00ebve t\u00eb Mitropolis\u00eb, si edhe t\u00eb nj\u00eb shumice besimtar\u00ebsh t\u00eb qytetit, shum\u00eb prej t\u00eb\" \/>\n<meta property=\"og:url\" content=\"https:\/\/orthodoxalbania.org\/2020\/2013\/03\/20\/perkujtohet-10-vjetori-i-jetenderrimit-te-episkopit-kozma-qirjo\/\" \/>\n<meta property=\"og:site_name\" content=\"Kisha Orthodh\u03bfkse Autoqefale e Shqip\u00ebris\u00eb\" \/>\n<meta property=\"article:publisher\" content=\"https:\/\/www.facebook.com\/koash1991\" \/>\n<meta property=\"article:published_time\" content=\"2013-03-20T12:55:55+00:00\" \/>\n<meta property=\"article:modified_time\" content=\"2020-04-06T20:32:22+00:00\" \/>\n<meta property=\"og:image\" content=\"https:\/\/lh6.googleusercontent.com\/-0mpPKto-iDE\/VK0ArTgdYYI\/AAAAAAAAKPI\/-Rqlr8EoA3E\/w450-h600-no\/1_450x600.jpg\" \/>\n<meta name=\"author\" content=\"Kisha Orthodhokse\" \/>\n<meta name=\"twitter:card\" content=\"summary_large_image\" \/>\n<meta name=\"twitter:label1\" content=\"Written by\" \/>\n\t<meta name=\"twitter:data1\" content=\"Kisha Orthodhokse\" \/>\n\t<meta name=\"twitter:label2\" content=\"Est. reading time\" \/>\n\t<meta name=\"twitter:data2\" content=\"9 minutes\" \/>\n<script type=\"application\/ld+json\" class=\"yoast-schema-graph\">{\"@context\":\"https:\/\/schema.org\",\"@graph\":[{\"@type\":\"Article\",\"@id\":\"https:\/\/orthodoxalbania.org\/2020\/2013\/03\/20\/perkujtohet-10-vjetori-i-jetenderrimit-te-episkopit-kozma-qirjo\/#article\",\"isPartOf\":{\"@id\":\"https:\/\/orthodoxalbania.org\/2020\/2013\/03\/20\/perkujtohet-10-vjetori-i-jetenderrimit-te-episkopit-kozma-qirjo\/\"},\"author\":{\"name\":\"Kisha Orthodhokse\",\"@id\":\"https:\/\/orthodoxalbania.org\/2020\/#\/schema\/person\/0c387634a7063ac612d7ed9ce71c7e86\"},\"headline\":\"P\u00ebrkujtohet 10 vjetori i jet\u00ebnd\u00ebrrimit t\u00eb Episkopit Kozma Qirjo. (8 Gusht 2010)\",\"datePublished\":\"2013-03-20T12:55:55+00:00\",\"dateModified\":\"2020-04-06T20:32:22+00:00\",\"mainEntityOfPage\":{\"@id\":\"https:\/\/orthodoxalbania.org\/2020\/2013\/03\/20\/perkujtohet-10-vjetori-i-jetenderrimit-te-episkopit-kozma-qirjo\/\"},\"wordCount\":1839,\"commentCount\":0,\"publisher\":{\"@id\":\"https:\/\/orthodoxalbania.org\/2020\/#organization\"},\"image\":{\"@id\":\"https:\/\/orthodoxalbania.org\/2020\/2013\/03\/20\/perkujtohet-10-vjetori-i-jetenderrimit-te-episkopit-kozma-qirjo\/#primaryimage\"},\"thumbnailUrl\":\"https:\/\/lh6.googleusercontent.com\/-0mpPKto-iDE\/VK0ArTgdYYI\/AAAAAAAAKPI\/-Rqlr8EoA3E\/w450-h600-no\/1_450x600.jpg\",\"keywords\":[\"2010\",\"lajme\",\"Mitropolia Berat\"],\"articleSection\":[\"Lajme\"],\"inLanguage\":\"en-US\"},{\"@type\":\"WebPage\",\"@id\":\"https:\/\/orthodoxalbania.org\/2020\/2013\/03\/20\/perkujtohet-10-vjetori-i-jetenderrimit-te-episkopit-kozma-qirjo\/\",\"url\":\"https:\/\/orthodoxalbania.org\/2020\/2013\/03\/20\/perkujtohet-10-vjetori-i-jetenderrimit-te-episkopit-kozma-qirjo\/\",\"name\":\"P\u00ebrkujtohet 10 vjetori i jet\u00ebnd\u00ebrrimit t\u00eb Episkopit Kozma Qirjo. (8 Gusht 2010) - Kisha Orthodh\u03bfkse Autoqefale e Shqip\u00ebris\u00eb\",\"isPartOf\":{\"@id\":\"https:\/\/orthodoxalbania.org\/2020\/#website\"},\"primaryImageOfPage\":{\"@id\":\"https:\/\/orthodoxalbania.org\/2020\/2013\/03\/20\/perkujtohet-10-vjetori-i-jetenderrimit-te-episkopit-kozma-qirjo\/#primaryimage\"},\"image\":{\"@id\":\"https:\/\/orthodoxalbania.org\/2020\/2013\/03\/20\/perkujtohet-10-vjetori-i-jetenderrimit-te-episkopit-kozma-qirjo\/#primaryimage\"},\"thumbnailUrl\":\"https:\/\/lh6.googleusercontent.com\/-0mpPKto-iDE\/VK0ArTgdYYI\/AAAAAAAAKPI\/-Rqlr8EoA3E\/w450-h600-no\/1_450x600.jpg\",\"datePublished\":\"2013-03-20T12:55:55+00:00\",\"dateModified\":\"2020-04-06T20:32:22+00:00\",\"breadcrumb\":{\"@id\":\"https:\/\/orthodoxalbania.org\/2020\/2013\/03\/20\/perkujtohet-10-vjetori-i-jetenderrimit-te-episkopit-kozma-qirjo\/#breadcrumb\"},\"inLanguage\":\"en-US\",\"potentialAction\":[{\"@type\":\"ReadAction\",\"target\":[\"https:\/\/orthodoxalbania.org\/2020\/2013\/03\/20\/perkujtohet-10-vjetori-i-jetenderrimit-te-episkopit-kozma-qirjo\/\"]}]},{\"@type\":\"ImageObject\",\"inLanguage\":\"en-US\",\"@id\":\"https:\/\/orthodoxalbania.org\/2020\/2013\/03\/20\/perkujtohet-10-vjetori-i-jetenderrimit-te-episkopit-kozma-qirjo\/#primaryimage\",\"url\":\"https:\/\/lh6.googleusercontent.com\/-0mpPKto-iDE\/VK0ArTgdYYI\/AAAAAAAAKPI\/-Rqlr8EoA3E\/w450-h600-no\/1_450x600.jpg\",\"contentUrl\":\"https:\/\/lh6.googleusercontent.com\/-0mpPKto-iDE\/VK0ArTgdYYI\/AAAAAAAAKPI\/-Rqlr8EoA3E\/w450-h600-no\/1_450x600.jpg\"},{\"@type\":\"BreadcrumbList\",\"@id\":\"https:\/\/orthodoxalbania.org\/2020\/2013\/03\/20\/perkujtohet-10-vjetori-i-jetenderrimit-te-episkopit-kozma-qirjo\/#breadcrumb\",\"itemListElement\":[{\"@type\":\"ListItem\",\"position\":1,\"name\":\"Home\",\"item\":\"https:\/\/orthodoxalbania.org\/2020\/\"},{\"@type\":\"ListItem\",\"position\":2,\"name\":\"P\u00ebrkujtohet 10 vjetori i jet\u00ebnd\u00ebrrimit t\u00eb Episkopit Kozma Qirjo. (8 Gusht 2010)\"}]},{\"@type\":\"WebSite\",\"@id\":\"https:\/\/orthodoxalbania.org\/2020\/#website\",\"url\":\"https:\/\/orthodoxalbania.org\/2020\/\",\"name\":\"Kisha Orthodh\u03bfkse Autoqefale e Shqip\u00ebris\u00eb\",\"description\":\"Fqja Zyrtare e Kish\u00ebs Orthodhokse Autoqefale e Shqip\u00ebris\u00eb me lajmet edhe informacionet zyrtare p\u00ebr struktur\u00ebn edhe veprimtarin e saj.\",\"publisher\":{\"@id\":\"https:\/\/orthodoxalbania.org\/2020\/#organization\"},\"potentialAction\":[{\"@type\":\"SearchAction\",\"target\":{\"@type\":\"EntryPoint\",\"urlTemplate\":\"https:\/\/orthodoxalbania.org\/2020\/?s={search_term_string}\"},\"query-input\":{\"@type\":\"PropertyValueSpecification\",\"valueRequired\":true,\"valueName\":\"search_term_string\"}}],\"inLanguage\":\"en-US\"},{\"@type\":\"Organization\",\"@id\":\"https:\/\/orthodoxalbania.org\/2020\/#organization\",\"name\":\"Kisha Orthodhokse Autoqefale e Shqip\u00ebris\u00eb\",\"url\":\"https:\/\/orthodoxalbania.org\/2020\/\",\"logo\":{\"@type\":\"ImageObject\",\"inLanguage\":\"en-US\",\"@id\":\"https:\/\/orthodoxalbania.org\/2020\/#\/schema\/logo\/image\/\",\"url\":\"https:\/\/orthodoxalbania.org\/2020\/wp-content\/uploads\/2020\/05\/albania.jpeg\",\"contentUrl\":\"https:\/\/orthodoxalbania.org\/2020\/wp-content\/uploads\/2020\/05\/albania.jpeg\",\"width\":540,\"height\":540,\"caption\":\"Kisha Orthodhokse Autoqefale e Shqip\u00ebris\u00eb\"},\"image\":{\"@id\":\"https:\/\/orthodoxalbania.org\/2020\/#\/schema\/logo\/image\/\"},\"sameAs\":[\"https:\/\/www.facebook.com\/koash1991\"]},{\"@type\":\"Person\",\"@id\":\"https:\/\/orthodoxalbania.org\/2020\/#\/schema\/person\/0c387634a7063ac612d7ed9ce71c7e86\",\"name\":\"Kisha Orthodhokse\",\"image\":{\"@type\":\"ImageObject\",\"inLanguage\":\"en-US\",\"@id\":\"https:\/\/secure.gravatar.com\/avatar\/596e7c417251e30f2fbb9c00e026fce61a695a00e51c889caded71c96cbbdde5?s=96&d=mm&r=g\",\"url\":\"https:\/\/secure.gravatar.com\/avatar\/596e7c417251e30f2fbb9c00e026fce61a695a00e51c889caded71c96cbbdde5?s=96&d=mm&r=g\",\"contentUrl\":\"https:\/\/secure.gravatar.com\/avatar\/596e7c417251e30f2fbb9c00e026fce61a695a00e51c889caded71c96cbbdde5?s=96&d=mm&r=g\",\"caption\":\"Kisha Orthodhokse\"}}]}<\/script>\n<!-- \/ Yoast SEO plugin. -->","yoast_head_json":{"title":"P\u00ebrkujtohet 10 vjetori i jet\u00ebnd\u00ebrrimit t\u00eb Episkopit Kozma Qirjo. (8 Gusht 2010) - Kisha Orthodh\u03bfkse Autoqefale e Shqip\u00ebris\u00eb","robots":{"index":"index","follow":"follow","max-snippet":"max-snippet:-1","max-image-preview":"max-image-preview:large","max-video-preview":"max-video-preview:-1"},"canonical":"https:\/\/orthodoxalbania.org\/2020\/2013\/03\/20\/perkujtohet-10-vjetori-i-jetenderrimit-te-episkopit-kozma-qirjo\/","og_locale":"en_US","og_type":"article","og_title":"P\u00ebrkujtohet 10 vjetori i jet\u00ebnd\u00ebrrimit t\u00eb Episkopit Kozma Qirjo. (8 Gusht 2010) - Kisha Orthodh\u03bfkse Autoqefale e Shqip\u00ebris\u00eb","og_description":"&nbsp; &nbsp; N\u00eb dat\u00ebn 8 Gusht u krye n\u00eb Kish\u00ebn e Sh\u00ebn Theodhorit, Vlor\u00eb, p\u00ebrshpirtja me rastin e 10 vjetorit t\u00eb fjetjes s\u00eb t\u00eb p\u00ebrkujtuarshmit Episkopit t\u00eb Apollonis\u00eb, Hir\u00ebsi Kozmait (Qirjo). Mesha dhe p\u00ebrkujtimorja u drejtuan nga Mitropoliti i Beratit, Vlor\u00ebs, Kanin\u00ebs dhe gjith\u00eb Myzeqes\u00eb, Imzot Ignatit, me pjes\u00ebmarrjen e shum\u00eb klerik\u00ebve t\u00eb Mitropolis\u00eb, si edhe t\u00eb nj\u00eb shumice besimtar\u00ebsh t\u00eb qytetit, shum\u00eb prej t\u00eb","og_url":"https:\/\/orthodoxalbania.org\/2020\/2013\/03\/20\/perkujtohet-10-vjetori-i-jetenderrimit-te-episkopit-kozma-qirjo\/","og_site_name":"Kisha Orthodh\u03bfkse Autoqefale e Shqip\u00ebris\u00eb","article_publisher":"https:\/\/www.facebook.com\/koash1991","article_published_time":"2013-03-20T12:55:55+00:00","article_modified_time":"2020-04-06T20:32:22+00:00","og_image":[{"url":"https:\/\/lh6.googleusercontent.com\/-0mpPKto-iDE\/VK0ArTgdYYI\/AAAAAAAAKPI\/-Rqlr8EoA3E\/w450-h600-no\/1_450x600.jpg","type":"","width":"","height":""}],"author":"Kisha Orthodhokse","twitter_card":"summary_large_image","twitter_misc":{"Written by":"Kisha Orthodhokse","Est. reading time":"9 minutes"},"schema":{"@context":"https:\/\/schema.org","@graph":[{"@type":"Article","@id":"https:\/\/orthodoxalbania.org\/2020\/2013\/03\/20\/perkujtohet-10-vjetori-i-jetenderrimit-te-episkopit-kozma-qirjo\/#article","isPartOf":{"@id":"https:\/\/orthodoxalbania.org\/2020\/2013\/03\/20\/perkujtohet-10-vjetori-i-jetenderrimit-te-episkopit-kozma-qirjo\/"},"author":{"name":"Kisha Orthodhokse","@id":"https:\/\/orthodoxalbania.org\/2020\/#\/schema\/person\/0c387634a7063ac612d7ed9ce71c7e86"},"headline":"P\u00ebrkujtohet 10 vjetori i jet\u00ebnd\u00ebrrimit t\u00eb Episkopit Kozma Qirjo. (8 Gusht 2010)","datePublished":"2013-03-20T12:55:55+00:00","dateModified":"2020-04-06T20:32:22+00:00","mainEntityOfPage":{"@id":"https:\/\/orthodoxalbania.org\/2020\/2013\/03\/20\/perkujtohet-10-vjetori-i-jetenderrimit-te-episkopit-kozma-qirjo\/"},"wordCount":1839,"commentCount":0,"publisher":{"@id":"https:\/\/orthodoxalbania.org\/2020\/#organization"},"image":{"@id":"https:\/\/orthodoxalbania.org\/2020\/2013\/03\/20\/perkujtohet-10-vjetori-i-jetenderrimit-te-episkopit-kozma-qirjo\/#primaryimage"},"thumbnailUrl":"https:\/\/lh6.googleusercontent.com\/-0mpPKto-iDE\/VK0ArTgdYYI\/AAAAAAAAKPI\/-Rqlr8EoA3E\/w450-h600-no\/1_450x600.jpg","keywords":["2010","lajme","Mitropolia Berat"],"articleSection":["Lajme"],"inLanguage":"en-US"},{"@type":"WebPage","@id":"https:\/\/orthodoxalbania.org\/2020\/2013\/03\/20\/perkujtohet-10-vjetori-i-jetenderrimit-te-episkopit-kozma-qirjo\/","url":"https:\/\/orthodoxalbania.org\/2020\/2013\/03\/20\/perkujtohet-10-vjetori-i-jetenderrimit-te-episkopit-kozma-qirjo\/","name":"P\u00ebrkujtohet 10 vjetori i jet\u00ebnd\u00ebrrimit t\u00eb Episkopit Kozma Qirjo. (8 Gusht 2010) - Kisha Orthodh\u03bfkse Autoqefale e Shqip\u00ebris\u00eb","isPartOf":{"@id":"https:\/\/orthodoxalbania.org\/2020\/#website"},"primaryImageOfPage":{"@id":"https:\/\/orthodoxalbania.org\/2020\/2013\/03\/20\/perkujtohet-10-vjetori-i-jetenderrimit-te-episkopit-kozma-qirjo\/#primaryimage"},"image":{"@id":"https:\/\/orthodoxalbania.org\/2020\/2013\/03\/20\/perkujtohet-10-vjetori-i-jetenderrimit-te-episkopit-kozma-qirjo\/#primaryimage"},"thumbnailUrl":"https:\/\/lh6.googleusercontent.com\/-0mpPKto-iDE\/VK0ArTgdYYI\/AAAAAAAAKPI\/-Rqlr8EoA3E\/w450-h600-no\/1_450x600.jpg","datePublished":"2013-03-20T12:55:55+00:00","dateModified":"2020-04-06T20:32:22+00:00","breadcrumb":{"@id":"https:\/\/orthodoxalbania.org\/2020\/2013\/03\/20\/perkujtohet-10-vjetori-i-jetenderrimit-te-episkopit-kozma-qirjo\/#breadcrumb"},"inLanguage":"en-US","potentialAction":[{"@type":"ReadAction","target":["https:\/\/orthodoxalbania.org\/2020\/2013\/03\/20\/perkujtohet-10-vjetori-i-jetenderrimit-te-episkopit-kozma-qirjo\/"]}]},{"@type":"ImageObject","inLanguage":"en-US","@id":"https:\/\/orthodoxalbania.org\/2020\/2013\/03\/20\/perkujtohet-10-vjetori-i-jetenderrimit-te-episkopit-kozma-qirjo\/#primaryimage","url":"https:\/\/lh6.googleusercontent.com\/-0mpPKto-iDE\/VK0ArTgdYYI\/AAAAAAAAKPI\/-Rqlr8EoA3E\/w450-h600-no\/1_450x600.jpg","contentUrl":"https:\/\/lh6.googleusercontent.com\/-0mpPKto-iDE\/VK0ArTgdYYI\/AAAAAAAAKPI\/-Rqlr8EoA3E\/w450-h600-no\/1_450x600.jpg"},{"@type":"BreadcrumbList","@id":"https:\/\/orthodoxalbania.org\/2020\/2013\/03\/20\/perkujtohet-10-vjetori-i-jetenderrimit-te-episkopit-kozma-qirjo\/#breadcrumb","itemListElement":[{"@type":"ListItem","position":1,"name":"Home","item":"https:\/\/orthodoxalbania.org\/2020\/"},{"@type":"ListItem","position":2,"name":"P\u00ebrkujtohet 10 vjetori i jet\u00ebnd\u00ebrrimit t\u00eb Episkopit Kozma Qirjo. (8 Gusht 2010)"}]},{"@type":"WebSite","@id":"https:\/\/orthodoxalbania.org\/2020\/#website","url":"https:\/\/orthodoxalbania.org\/2020\/","name":"Kisha Orthodh\u03bfkse Autoqefale e Shqip\u00ebris\u00eb","description":"Fqja Zyrtare e Kish\u00ebs Orthodhokse Autoqefale e Shqip\u00ebris\u00eb me lajmet edhe informacionet zyrtare p\u00ebr struktur\u00ebn edhe veprimtarin e saj.","publisher":{"@id":"https:\/\/orthodoxalbania.org\/2020\/#organization"},"potentialAction":[{"@type":"SearchAction","target":{"@type":"EntryPoint","urlTemplate":"https:\/\/orthodoxalbania.org\/2020\/?s={search_term_string}"},"query-input":{"@type":"PropertyValueSpecification","valueRequired":true,"valueName":"search_term_string"}}],"inLanguage":"en-US"},{"@type":"Organization","@id":"https:\/\/orthodoxalbania.org\/2020\/#organization","name":"Kisha Orthodhokse Autoqefale e Shqip\u00ebris\u00eb","url":"https:\/\/orthodoxalbania.org\/2020\/","logo":{"@type":"ImageObject","inLanguage":"en-US","@id":"https:\/\/orthodoxalbania.org\/2020\/#\/schema\/logo\/image\/","url":"https:\/\/orthodoxalbania.org\/2020\/wp-content\/uploads\/2020\/05\/albania.jpeg","contentUrl":"https:\/\/orthodoxalbania.org\/2020\/wp-content\/uploads\/2020\/05\/albania.jpeg","width":540,"height":540,"caption":"Kisha Orthodhokse Autoqefale e Shqip\u00ebris\u00eb"},"image":{"@id":"https:\/\/orthodoxalbania.org\/2020\/#\/schema\/logo\/image\/"},"sameAs":["https:\/\/www.facebook.com\/koash1991"]},{"@type":"Person","@id":"https:\/\/orthodoxalbania.org\/2020\/#\/schema\/person\/0c387634a7063ac612d7ed9ce71c7e86","name":"Kisha Orthodhokse","image":{"@type":"ImageObject","inLanguage":"en-US","@id":"https:\/\/secure.gravatar.com\/avatar\/596e7c417251e30f2fbb9c00e026fce61a695a00e51c889caded71c96cbbdde5?s=96&d=mm&r=g","url":"https:\/\/secure.gravatar.com\/avatar\/596e7c417251e30f2fbb9c00e026fce61a695a00e51c889caded71c96cbbdde5?s=96&d=mm&r=g","contentUrl":"https:\/\/secure.gravatar.com\/avatar\/596e7c417251e30f2fbb9c00e026fce61a695a00e51c889caded71c96cbbdde5?s=96&d=mm&r=g","caption":"Kisha Orthodhokse"}}]}},"_links":{"self":[{"href":"https:\/\/orthodoxalbania.org\/2020\/wp-json\/wp\/v2\/posts\/1092","targetHints":{"allow":["GET"]}}],"collection":[{"href":"https:\/\/orthodoxalbania.org\/2020\/wp-json\/wp\/v2\/posts"}],"about":[{"href":"https:\/\/orthodoxalbania.org\/2020\/wp-json\/wp\/v2\/types\/post"}],"author":[{"embeddable":true,"href":"https:\/\/orthodoxalbania.org\/2020\/wp-json\/wp\/v2\/users\/1"}],"replies":[{"embeddable":true,"href":"https:\/\/orthodoxalbania.org\/2020\/wp-json\/wp\/v2\/comments?post=1092"}],"version-history":[{"count":1,"href":"https:\/\/orthodoxalbania.org\/2020\/wp-json\/wp\/v2\/posts\/1092\/revisions"}],"predecessor-version":[{"id":15479,"href":"https:\/\/orthodoxalbania.org\/2020\/wp-json\/wp\/v2\/posts\/1092\/revisions\/15479"}],"wp:attachment":[{"href":"https:\/\/orthodoxalbania.org\/2020\/wp-json\/wp\/v2\/media?parent=1092"}],"wp:term":[{"taxonomy":"category","embeddable":true,"href":"https:\/\/orthodoxalbania.org\/2020\/wp-json\/wp\/v2\/categories?post=1092"},{"taxonomy":"post_tag","embeddable":true,"href":"https:\/\/orthodoxalbania.org\/2020\/wp-json\/wp\/v2\/tags?post=1092"}],"curies":[{"name":"wp","href":"https:\/\/api.w.org\/{rel}","templated":true}]}}