{"id":1090,"date":"2007-02-26T00:00:00","date_gmt":"2007-02-26T00:00:00","guid":{"rendered":""},"modified":"2020-04-06T22:35:50","modified_gmt":"2020-04-06T20:35:50","slug":"perkujdesjet-ditore-te-kishes-rinisen-aktivitetin-e-tyre-tetor-2007","status":"publish","type":"post","link":"https:\/\/orthodoxalbania.org\/2020\/2007\/02\/26\/perkujdesjet-ditore-te-kishes-rinisen-aktivitetin-e-tyre-tetor-2007\/","title":{"rendered":"P\u00ebrkujdesjet ditore t\u00eb Kish\u00ebs rinis\u00ebn aktivitetin e tyre. (Tetor 2007)"},"content":{"rendered":"<p style=\"text-align: center;\"><span style=\"color: #000000;\"><span style=\"font-family: tahoma,geneva,sans-serif;\"><span style=\"font-size: 12px;\"><strong><em>Pak Historik<\/em><\/strong><\/span><\/span><\/span><\/p>\n<p style=\"text-align: justify;\"><span style=\"color: #000000;\"><span style=\"font-family: tahoma,geneva,sans-serif;\"><span style=\"font-size: 12px;\">&nbsp;&nbsp;&nbsp; N\u00ebn kujdesin At\u00ebror t\u00eb Fortlumturis\u00eb s\u00eb Tij, Kryepiskopit Anastas dhe me nism\u00ebn e Grupit t\u00eb Grave Orthodhokse t\u00eb qytetit t\u00eb Tiran\u00ebs, u hap p\u00ebrkujdesja e par\u00eb ditore, m\u00eb 10 tetor 1994 dhe m\u00eb pas u vijua me 13 t\u00eb tjera. Ato ofrojn\u00eb nj\u00eb program edukues t\u00eb p\u00ebrshtatsh\u00ebm, ve\u00e7an\u00ebrisht p\u00ebr f\u00ebmij\u00ebt q\u00eb i kan\u00eb prind\u00ebrit n\u00eb pun\u00eb, familjet me nj\u00eb prind, familjet me t\u00eb ardhura t\u00eb pakta, p\u00ebr f\u00ebmij\u00ebt jetim\u00eb, p\u00ebr ata q\u00eb i kan\u00eb prind\u00ebrit n\u00eb emigracion etj. Gjithashtu, p\u00ebrkujdesjet kan\u00eb p\u00ebr q\u00ebllim integrimin e f\u00ebmij\u00ebve q\u00eb nuk kan\u00eb motra ose v\u00ebllez\u00ebr. P\u00ebrkujdesjet ditore jan\u00eb t\u00eb hapura p\u00ebr t\u00eb gjith\u00eb f\u00ebmij\u00ebt, pa asnj\u00eb dallim fetar.<\/span><\/span><\/span><\/p>\n<table id=\"AutoNumber2\" style=\"width: 755px; height: 2861px;\" border=\"0\">\n<tbody>\n<tr>\n<td>\n<p><span style=\"color: #000000;\"><span style=\"font-family: tahoma,geneva,sans-serif;\"><span style=\"font-size: 12px;\"><img decoding=\"async\" class=\"lazyload HAa Eha\" style=\"border-width: 1px; border-style: solid; margin: 10px auto; display: block;\" alt=\"\" src=\"data:image\/svg+xml,%3Csvg%20xmlns%3D%27http%3A%2F%2Fwww.w3.org%2F2000%2Fsvg%27%20width%3D%27325%27%20height%3D%27244%27%20viewBox%3D%270%200%20325%20244%27%3E%3Crect%20width%3D%27325%27%20height%3D%27244%27%20fill-opacity%3D%220%22%2F%3E%3C%2Fsvg%3E\" data-orig-src=\"https:\/\/lh3.googleusercontent.com\/-cOpAuYpYwvg\/VIrOuGH64YI\/AAAAAAAAHAQ\/Vgx3QWESjtE\/w400-h300-no\/1.jpg\" height=\"244\" width=\"325\" \/><\/span><\/span><\/span><\/p>\n<\/td>\n<td>\n<p style=\"text-align: justify;\"><span style=\"color: #000000;\"><span style=\"font-family: tahoma,geneva,sans-serif;\"><span style=\"font-size: 12px;\">&nbsp;&nbsp;&nbsp; Aktualisht funksionojn\u00eb 14 p\u00ebrkujdesje ditore n\u00eb qytetet: <em>Tiran\u00eb, Durr\u00ebs, Kavaj\u00eb, Lushnje, Vlor\u00eb, Gjirokast\u00ebr, Dervician, Sarand\u00eb, P\u00ebrmet, Elbasan, Pogradec, Kor\u00e7\u00eb, Shkod\u00ebr<\/em> dhe <em>Berat<\/em>.<\/span><\/span><\/span><\/p>\n<\/td>\n<\/tr>\n<tr>\n<td>\n<p style=\"text-align: justify;\"><span style=\"color: #000000;\"><span style=\"font-family: tahoma,geneva,sans-serif;\"><span style=\"font-size: 12px;\">&nbsp;&nbsp;&nbsp; Gjat\u00eb k\u00ebtyre 13 vjet\u00ebve, programi i zbatuar ka qen\u00eb i suksessh\u00ebm dhe ka krijuar nj\u00eb p\u00ebrvoj\u00eb t\u00eb vyer. Suksesi i tij \u00ebsht\u00eb evidentuar n\u00eb rezultatet e larta n\u00eb klas\u00ebn e par\u00eb t\u00eb f\u00ebmij\u00ebve q\u00eb kan\u00eb frekuentuar p\u00ebrkujdesjet tona.<\/span><\/span><\/span><\/p>\n<\/td>\n<td>\n<p><span style=\"color: #000000;\"><span style=\"font-family: tahoma,geneva,sans-serif;\"><span style=\"font-size: 12px;\"><img decoding=\"async\" class=\"lazyload HAa Eha\" style=\"border-width: 1px; border-style: solid; margin: 10px auto; display: block;\" alt=\"\" src=\"data:image\/svg+xml,%3Csvg%20xmlns%3D%27http%3A%2F%2Fwww.w3.org%2F2000%2Fsvg%27%20width%3D%27313%27%20height%3D%27235%27%20viewBox%3D%270%200%20313%20235%27%3E%3Crect%20width%3D%27313%27%20height%3D%27235%27%20fill-opacity%3D%220%22%2F%3E%3C%2Fsvg%3E\" data-orig-src=\"https:\/\/lh5.googleusercontent.com\/-JwgTMlbVFMA\/VIrOuFkY_CI\/AAAAAAAAHBQ\/yWLRjbtX1bI\/w400-h300-no\/2.jpg\" height=\"235\" width=\"313\" \/><\/span><\/span><\/span><\/p>\n<\/td>\n<\/tr>\n<tr>\n<td>\n<p><span style=\"color: #000000;\"><span style=\"font-family: tahoma,geneva,sans-serif;\"><span style=\"font-size: 12px;\"><img decoding=\"async\" class=\"lazyload HAa Eha\" style=\"border-width: 1px; border-style: solid; margin: 10px auto; display: block;\" alt=\"\" src=\"data:image\/svg+xml,%3Csvg%20xmlns%3D%27http%3A%2F%2Fwww.w3.org%2F2000%2Fsvg%27%20width%3D%27315%27%20height%3D%27212%27%20viewBox%3D%270%200%20315%20212%27%3E%3Crect%20width%3D%27315%27%20height%3D%27212%27%20fill-opacity%3D%220%22%2F%3E%3C%2Fsvg%3E\" data-orig-src=\"https:\/\/lh4.googleusercontent.com\/-8K1ITk-ab7U\/VIrOu-IMgnI\/AAAAAAAAHAw\/fhKZZ0emGgE\/w400-h269-no\/3.jpg\" height=\"212\" width=\"315\" \/><\/span><\/span><\/span><\/p>\n<\/td>\n<td>\n<p style=\"text-align: justify;\"><span style=\"color: #000000;\"><span style=\"font-family: tahoma,geneva,sans-serif;\"><span style=\"font-size: 12px;\">&nbsp;&nbsp;&nbsp; Po k\u00ebshtu, m\u00ebsueset e klasave t\u00eb para vijn\u00eb vet\u00eb n\u00eb kopshtet tona p\u00ebr t\u00eb t\u00ebrhequr n\u00eb klasat e tyre f\u00ebmij\u00ebt, q\u00eb do t\u00eb shkojn\u00eb n\u00eb klas\u00ebn e par\u00eb .<\/span><\/span><\/span><\/p>\n<\/td>\n<\/tr>\n<tr>\n<td>\n<p style=\"text-align: justify;\"><span style=\"color: #000000;\"><span style=\"font-family: tahoma,geneva,sans-serif;\"><span style=\"font-size: 12px;\">&nbsp;&nbsp;&nbsp; Programi i p\u00ebrkujdesjeve ditore, q\u00eb prej vitit 2002, \u00ebsht\u00eb pjes\u00eb e Fondacionit \u201cFrym\u00eb Dashurie\u201d. Shumica e p\u00ebrkujdesjeve jan\u00eb ngritur pran\u00eb mjediseve t\u00eb kishave orthodhokse.<\/span><\/span><\/span><\/p>\n<\/td>\n<td>\n<p><span style=\"color: #000000;\"><span style=\"font-family: tahoma,geneva,sans-serif;\"><span style=\"font-size: 12px;\"><img decoding=\"async\" class=\"lazyload HAa Eha\" style=\"border-width: 1px; border-style: solid; margin: 10px auto; display: block;\" alt=\"\" src=\"data:image\/svg+xml,%3Csvg%20xmlns%3D%27http%3A%2F%2Fwww.w3.org%2F2000%2Fsvg%27%20width%3D%27306%27%20height%3D%27225%27%20viewBox%3D%270%200%20306%20225%27%3E%3Crect%20width%3D%27306%27%20height%3D%27225%27%20fill-opacity%3D%220%22%2F%3E%3C%2Fsvg%3E\" data-orig-src=\"https:\/\/lh6.googleusercontent.com\/-B-Z8zZNktrc\/VIrOuwkS0wI\/AAAAAAAAHBM\/ztCmac2Cv-o\/w400-h294-no\/4.jpg\" height=\"225\" width=\"306\" \/><\/span><\/span><\/span><\/p>\n<\/td>\n<\/tr>\n<tr>\n<td>\n<p><span style=\"color: #000000;\"><span style=\"font-family: tahoma,geneva,sans-serif;\"><span style=\"font-size: 12px;\"><img decoding=\"async\" class=\"lazyload HAa Eha\" style=\"border-width: 1px; border-style: solid; margin: 10px auto; display: block;\" alt=\"\" src=\"data:image\/svg+xml,%3Csvg%20xmlns%3D%27http%3A%2F%2Fwww.w3.org%2F2000%2Fsvg%27%20width%3D%27312%27%20height%3D%27234%27%20viewBox%3D%270%200%20312%20234%27%3E%3Crect%20width%3D%27312%27%20height%3D%27234%27%20fill-opacity%3D%220%22%2F%3E%3C%2Fsvg%3E\" data-orig-src=\"https:\/\/lh5.googleusercontent.com\/-ymqPfGFvtCw\/VIrOu9m_PeI\/AAAAAAAAHAk\/-NViyYxDXwk\/w400-h300-no\/5.jpg\" height=\"234\" width=\"312\" \/><\/span><\/span><\/span><\/p>\n<\/td>\n<td>\n<p style=\"text-align: justify;\"><span style=\"color: #000000;\"><span style=\"font-family: tahoma,geneva,sans-serif;\"><span style=\"font-size: 12px;\">Aktiviteti i tyre mb\u00ebshtetet financiarisht nga:<\/span><\/span><\/span><\/p>\n<p style=\"text-align: justify;\"><span style=\"color: #000000;\"><span style=\"font-family: tahoma,geneva,sans-serif;\"><span style=\"font-size: 12px;\">&#8211;&nbsp; <span dir=\"LTR\">Kryepiskopi Anastas, n\u00ebp\u00ebrmjet Fondacionit \u201cFrym\u00eb Dashurie\u201d<\/span><\/span><\/span><\/span><\/p>\n<p style=\"text-align: justify;\"><span style=\"color: #000000;\"><span style=\"font-family: tahoma,geneva,sans-serif;\"><span style=\"font-size: 12px;\">&#8211;&nbsp; <span dir=\"LTR\">Programi i Tryez\u00ebs s\u00eb Rrumbullak\u00ebt t\u00eb K\u00ebshillit Bot\u00ebror t\u00eb Kishave (WCC), n\u00ebp\u00ebrmjet Zyr\u00ebs Diakonia Agapes t\u00eb Kish\u00ebs<\/span><\/span><\/span><\/span><\/p>\n<p style=\"text-align: justify;\"><span style=\"color: #000000;\"><span style=\"font-family: tahoma,geneva,sans-serif;\"><span style=\"font-size: 12px;\">&#8211;&nbsp;&nbsp; <span dir=\"LTR\">Kontributi i prind\u00ebrve. <\/span><\/span><\/span><\/span><\/p>\n<p style=\"text-align: justify;\"><span style=\"color: #000000;\"><span style=\"font-family: tahoma,geneva,sans-serif;\"><span style=\"font-size: 12px;\">Gjat\u00eb k\u00ebtyre viteve p\u00ebrkujdesjet i kan\u00eb ofruar sh\u00ebrbim rreth 8000 f\u00ebmij\u00ebve t\u00eb moshave 4 \u2013 6 vje\u00e7.<\/span><\/span><\/span><\/p>\n<\/td>\n<\/tr>\n<tr>\n<td>\n<p style=\"text-align: justify;\"><span style=\"color: #000000;\"><span style=\"font-family: tahoma,geneva,sans-serif;\"><span style=\"font-size: 12px;\">&nbsp;&nbsp;&nbsp; P\u00ebrkujdesjet tona jan\u00eb t\u00eb li\u00e7encuara nga Ministria e Arsimit. Ato kontrollohen rregullisht nga drejtorit\u00eb arsimore t\u00eb rretheve p\u00ebrkat\u00ebse, t\u00eb cilat i kan\u00eb vler\u00ebsuar p\u00ebr mjediset dhe materialet edukuese dhe didaktike q\u00eb disponojn\u00eb.<\/span><\/span><\/span><\/p>\n<p style=\"text-align: justify;\">&nbsp;<\/p>\n<\/td>\n<td>\n<p><span style=\"color: #000000;\"><span style=\"font-family: tahoma,geneva,sans-serif;\"><span style=\"font-size: 12px;\"><img decoding=\"async\" class=\"lazyload HAa Eha\" style=\"border-width: 1px; border-style: solid; margin: 10px auto; display: block;\" alt=\"\" src=\"data:image\/svg+xml,%3Csvg%20xmlns%3D%27http%3A%2F%2Fwww.w3.org%2F2000%2Fsvg%27%20width%3D%27320%27%20height%3D%27219%27%20viewBox%3D%270%200%20320%20219%27%3E%3Crect%20width%3D%27320%27%20height%3D%27219%27%20fill-opacity%3D%220%22%2F%3E%3C%2Fsvg%3E\" data-orig-src=\"https:\/\/lh4.googleusercontent.com\/-jJVqGCnDkks\/VIrOvcP-4rI\/AAAAAAAAHBE\/cf44st6wwko\/w400-h274-no\/6.jpg\" height=\"219\" width=\"320\" \/><\/span><\/span><\/span><\/p>\n<\/td>\n<\/tr>\n<tr>\n<td>\n<p><span style=\"color: #000000;\"><span style=\"font-family: tahoma,geneva,sans-serif;\"><span style=\"font-size: 12px;\"><img decoding=\"async\" class=\"lazyload HAa Eha\" style=\"border-width: 1px; border-style: solid; margin: 10px auto; display: block;\" alt=\"\" src=\"data:image\/svg+xml,%3Csvg%20xmlns%3D%27http%3A%2F%2Fwww.w3.org%2F2000%2Fsvg%27%20width%3D%27329%27%20height%3D%27214%27%20viewBox%3D%270%200%20329%20214%27%3E%3Crect%20width%3D%27329%27%20height%3D%27214%27%20fill-opacity%3D%220%22%2F%3E%3C%2Fsvg%3E\" data-orig-src=\"https:\/\/lh3.googleusercontent.com\/-CtzZJNsuRfI\/VIrOvy6igYI\/AAAAAAAAHBI\/jwFwgrW3Ni0\/w400-h260-no\/7.jpg\" height=\"214\" width=\"329\" \/><\/span><\/span><\/span><\/p>\n<\/td>\n<td>\n<p style=\"text-align: justify;\"><span style=\"color: #000000;\"><span style=\"font-family: tahoma,geneva,sans-serif;\"><span style=\"font-size: 12px;\">&nbsp;&nbsp;&nbsp; F\u00ebmij\u00ebt e p\u00ebrkujdesjeve tona kan\u00eb marr\u00eb pjes\u00eb n\u00eb veprimtari t\u00eb ndryshme n\u00eb rang rrethesh, si: konkurse, festivale, shfaqje etj. ku jan\u00eb nderuar edhe me \u00e7mime.<\/span><\/span><\/span><\/p>\n<\/td>\n<\/tr>\n<tr>\n<td>\n<p style=\"text-align: justify;\"><span style=\"color: #000000;\"><span style=\"font-family: tahoma,geneva,sans-serif;\"><span style=\"font-size: 12px;\">&nbsp;&nbsp;&nbsp; Gjat\u00eb viteve t\u00eb fundit edukatoret e tyre jan\u00eb testuar nga drejtorit\u00eb arsimore dhe kan\u00eb fituar shkall\u00ebt e kualifikimit sipas legjislacionit n\u00eb fuqi.<\/span><\/span><\/span><\/p>\n<\/td>\n<td>\n<p><span style=\"color: #000000;\"><span style=\"font-family: tahoma,geneva,sans-serif;\"><span style=\"font-size: 12px;\"><img decoding=\"async\" class=\"lazyload HAa Eha\" style=\"border-width: 1px; border-style: solid; margin: 10px auto; display: block;\" alt=\"\" src=\"data:image\/svg+xml,%3Csvg%20xmlns%3D%27http%3A%2F%2Fwww.w3.org%2F2000%2Fsvg%27%20width%3D%27323%27%20height%3D%27242%27%20viewBox%3D%270%200%20323%20242%27%3E%3Crect%20width%3D%27323%27%20height%3D%27242%27%20fill-opacity%3D%220%22%2F%3E%3C%2Fsvg%3E\" data-orig-src=\"https:\/\/lh4.googleusercontent.com\/-OQPBGe-I3Ms\/VIrOwBLrxxI\/AAAAAAAAHA4\/TVeeL8gef5s\/w400-h300-no\/8.jpg\" height=\"242\" width=\"323\" \/><\/span><\/span><\/span><\/p>\n<\/td>\n<\/tr>\n<tr>\n<td>\n<p><span style=\"color: #000000;\"><span style=\"font-family: tahoma,geneva,sans-serif;\"><span style=\"font-size: 12px;\"><img decoding=\"async\" class=\"lazyload HAa Eha\" style=\"border-width: 1px; border-style: solid; margin: 10px auto; display: block;\" alt=\"\" src=\"data:image\/svg+xml,%3Csvg%20xmlns%3D%27http%3A%2F%2Fwww.w3.org%2F2000%2Fsvg%27%20width%3D%27307%27%20height%3D%27204%27%20viewBox%3D%270%200%20307%20204%27%3E%3Crect%20width%3D%27307%27%20height%3D%27204%27%20fill-opacity%3D%220%22%2F%3E%3C%2Fsvg%3E\" data-orig-src=\"https:\/\/lh4.googleusercontent.com\/-mRAzbBZi_IY\/VIrOwR41QXI\/AAAAAAAAHBA\/Gz-L2C5KPw0\/w400-h266-no\/9.jpg\" height=\"204\" width=\"307\" \/><\/span><\/span><\/span><\/p>\n<\/td>\n<td><span style=\"color: #000000;\"><img decoding=\"async\" class=\"lazyload HAa Eha\" style=\"margin: 10px auto; display: block; border: 1px solid;\" alt=\"\" src=\"data:image\/svg+xml,%3Csvg%20xmlns%3D%27http%3A%2F%2Fwww.w3.org%2F2000%2Fsvg%27%20width%3D%27297%27%20height%3D%27194%27%20viewBox%3D%270%200%20297%20194%27%3E%3Crect%20width%3D%27297%27%20height%3D%27194%27%20fill-opacity%3D%220%22%2F%3E%3C%2Fsvg%3E\" data-orig-src=\"https:\/\/lh3.googleusercontent.com\/-nFDyTlOpO2s\/VIrOuMKK8eI\/AAAAAAAAHAU\/UXIs90qHYpU\/w400-h300-no\/10.jpg\" height=\"194\" width=\"297\" \/><\/span><\/td>\n<\/tr>\n<tr>\n<td style=\"text-align: justify;\">&nbsp;<\/td>\n<td>\n<p style=\"text-align: justify;\">&nbsp;<\/p>\n<\/td>\n<\/tr>\n<\/tbody>\n<\/table>\n<p style=\"text-align: center;\"><span style=\"color: #000000;\"><span style=\"font-family: tahoma,geneva,sans-serif;\"><span style=\"font-size: 12px;\"><strong><em>Viti i ri shkollor 2007-2008<\/em><\/strong><\/span><\/span><\/span><\/p>\n<p style=\"text-align: justify;\">&nbsp;<\/p>\n<p style=\"text-align: justify;\"><span style=\"color: #000000;\"><span style=\"font-family: tahoma,geneva,sans-serif;\"><span style=\"font-size: 12px;\">&nbsp;&nbsp;&nbsp; P\u00ebr vitin shkollor 2007 \u2013 2008 n\u00eb p\u00ebrkujdesjet tona ditore jan\u00eb regjistruar rreth 750 f\u00ebmij\u00eb, t\u00eb moshave 4-6 vje\u00e7.<\/span><\/span><\/span><\/p>\n<p style=\"text-align: justify;\"><span style=\"color: #000000;\"><span style=\"font-family: tahoma,geneva,sans-serif;\"><span style=\"font-size: 12px;\">&nbsp;&nbsp;&nbsp; Ky vit filloi duke u bazuar n\u00eb programe t\u00eb reja t\u00eb hartuara n\u00eb baz\u00eb t\u00eb standardeve t\u00eb Ministris\u00eb s\u00eb Arsimit dhe t\u00eb Shkenc\u00ebs. Kjo u b\u00eb mundur pas nj\u00eb trajnimi t\u00eb stafit m\u00ebsimdh\u00ebn\u00ebs n\u00eb lidhje me metodat e reja t\u00eb m\u00ebsimdh\u00ebnies.<\/span><\/span><\/span><\/p>\n<p style=\"text-align: justify;\"><span style=\"color: #000000;\"><span style=\"font-family: tahoma,geneva,sans-serif;\"><span style=\"font-size: 12px;\">&nbsp;&nbsp;&nbsp; P\u00ebrkujdesjet tona ditore i p\u00ebrmbajn\u00eb t\u00eb gjitha elementet p\u00ebr mir\u00ebrritjen dhe edukimin e f\u00ebmij\u00ebve parashkollor\u00eb. P\u00ebrve\u00e7 m\u00ebsimdh\u00ebnies i kushtohet r\u00ebnd\u00ebsi e ve\u00e7ant\u00eb edhe kujdesit sh\u00ebndet\u00ebsor, ushqimit, p\u00ebrmir\u00ebsimit t\u00eb mjediseve edukuese dhe arg\u00ebtuese etj.<\/span><\/span><\/span><\/p>\n<p style=\"text-align: justify;\"><span style=\"color: #000000;\"><span style=\"font-family: tahoma,geneva,sans-serif;\"><span style=\"font-size: 12px;\">&nbsp;&nbsp; \u00c7do p\u00ebrkujdesje ditore ka mjekun pediat\u00ebr, i cili viziton t\u00eb gjith\u00eb f\u00ebmij\u00ebt nj\u00eb her\u00eb n\u00eb jav\u00eb. Secili f\u00ebmij\u00eb i p\u00ebrkujdesjeve ditore ka kartel\u00ebn personale sh\u00ebndet\u00ebsore, n\u00eb t\u00eb cil\u00ebn mjeku sh\u00ebnon ecurin\u00eb sh\u00ebndet\u00ebsore dhe fizike t\u00eb tij. Mjek\u00ebt zhvillojn\u00eb edhe biseda me f\u00ebmij\u00ebt dhe prind\u00ebrit rreth mir\u00ebrritjes dhe kujdesit sh\u00ebndet\u00ebsor p\u00ebr ta.<\/span><\/span><\/span><\/p>\n<p style=\"text-align: justify;\"><span style=\"color: #000000;\"><span style=\"font-family: tahoma,geneva,sans-serif;\"><span style=\"font-size: 12px;\">&nbsp;&nbsp;&nbsp; Mjediset bashk\u00ebkohore me t\u00eb gjitha kushtet e p\u00ebrshtatshme p\u00ebr edukim dhe mir\u00ebrritje jan\u00eb nj\u00eb tjet\u00ebr element i r\u00ebnd\u00ebsish\u00ebm i p\u00ebrkujdesjeve. N\u00eb to \u00ebsht\u00eb i siguruar sistemi i ngrohjes, p\u00ebr t\u2019iu p\u00ebrgjigjur sa m\u00eb mir\u00eb prind\u00ebrve, duke marr\u00eb parasysh edhe realitetin e vendit ton\u00eb n\u00eb lidhje me kriz\u00ebn energjetike dhe gjenden ekonomike t\u00eb familjeve t\u00eb f\u00ebmij\u00ebve.<\/span><\/span><\/span><\/p>\n<p style=\"text-align: justify;\"><span style=\"color: #000000;\"><span style=\"font-family: tahoma,geneva,sans-serif;\"><span style=\"font-size: 12px;\">&nbsp;&nbsp;&nbsp; Arg\u00ebtimi i f\u00ebmij\u00ebve \u00ebsht\u00eb nj\u00eb faktor i pandar\u00eb i zhvillimit t\u00eb tyre n\u00eb k\u00ebt\u00eb mosh\u00eb. P\u00ebr k\u00ebt\u00eb arsye, p\u00ebrkujdesjet q\u00eb kan\u00eb oborre apo ambiente t\u00eb p\u00ebrshtatshme kan\u00eb k\u00ebnde loj\u00ebrash p\u00ebr f\u00ebmij\u00ebt. Ushqimi \u00ebsht\u00eb nj\u00eb element tjet\u00ebr i p\u00ebrkujdesjes ditore. F\u00ebmij\u00ebt han\u00eb nj\u00eb vakt n\u00eb or\u00ebn 10:00. Organizimi i veprimtarive dhe i pun\u00ebs s\u00eb p\u00ebrkujdesjeve ditore b\u00ebhet i mundur nga Zyra e Koordinimit t\u00eb P\u00ebrkujdesjeve ditore, pran\u00eb Kryepiskopat\u00ebs s\u00eb Shenjt\u00eb, n\u00eb Tiran\u00eb. Zyra organizon kualifikimin e stafit brenda dhe jasht\u00eb vendit.<\/span><\/span><\/span><\/p>\n<p style=\"text-align: justify;\"><span style=\"color: #000000;\"><span style=\"font-family: tahoma,geneva,sans-serif;\"><span style=\"font-size: 12px;\">&nbsp;&nbsp;&nbsp; Me shpres\u00ebn e Per\u00ebndis\u00eb, synohet q\u00eb t\u00eb hapen edhe dy p\u00ebrkujdesje t\u00eb tjera n\u00eb qytetet e C\u00ebrrikut dhe Gramshit.<\/span><\/span><\/span><\/p>\n<p style=\"text-align: justify;\"><span style=\"color: #000000;\"><span style=\"font-family: tahoma,geneva,sans-serif;\"><span style=\"font-size: 12px;\">&nbsp;<br \/> <strong><em>P\u00ebrgatiti: Urani Dusha<\/em><\/strong><\/span><\/span><\/span><\/p>\n<p style=\"text-align: justify;\"><span style=\"color: #000000;\"><span style=\"font-family: tahoma,geneva,sans-serif;\"><span style=\"font-size: 12px;\"><strong><em>Zyra e Koordinimit t\u00eb P\u00ebrkujdesjeve Ditore <\/em><\/strong><\/span><\/span><\/span><\/p>\n","protected":false},"excerpt":{"rendered":"<p>Pak Historik &nbsp;&nbsp;&nbsp; N\u00ebn kujdesin At\u00ebror t\u00eb Fortlumturis\u00eb s\u00eb Tij, Kryepiskopit Anastas dhe me nism\u00ebn e Grupit t\u00eb Grave Orthodhokse t\u00eb qytetit t\u00eb Tiran\u00ebs, u hap p\u00ebrkujdesja e par\u00eb ditore, m\u00eb 10 tetor 1994 dhe m\u00eb pas u vijua me 13 t\u00eb tjera. Ato ofrojn\u00eb nj\u00eb program edukues t\u00eb p\u00ebrshtatsh\u00ebm, ve\u00e7an\u00ebrisht p\u00ebr f\u00ebmij\u00ebt q\u00eb i kan\u00eb prind\u00ebrit n\u00eb pun\u00eb, familjet me nj\u00eb prind, familjet me<\/p>\n","protected":false},"author":1,"featured_media":0,"comment_status":"open","ping_status":"open","sticky":false,"template":"","format":"standard","meta":{"_acf_changed":false,"pagelayer_contact_templates":[],"_pagelayer_content":"","inline_featured_image":false,"fifu_image_url":"","fifu_image_alt":"","footnotes":""},"categories":[108],"tags":[147,175,196,212],"class_list":["post-1090","post","type-post","status-publish","format-standard","hentry","category-lajme","tag-147","tag-institucione-parashkollore-te-kishes-orthodhokse","tag-tirane","tag-lajme-d27"],"acf":[],"yoast_head":"<!-- This site is optimized with the Yoast SEO plugin v27.2 - https:\/\/yoast.com\/product\/yoast-seo-wordpress\/ -->\n<title>P\u00ebrkujdesjet ditore t\u00eb Kish\u00ebs rinis\u00ebn aktivitetin e tyre. (Tetor 2007) - Kisha Orthodh\u03bfkse Autoqefale e Shqip\u00ebris\u00eb<\/title>\n<meta name=\"robots\" content=\"index, follow, max-snippet:-1, max-image-preview:large, max-video-preview:-1\" \/>\n<link rel=\"canonical\" href=\"https:\/\/orthodoxalbania.org\/2020\/2007\/02\/26\/perkujdesjet-ditore-te-kishes-rinisen-aktivitetin-e-tyre-tetor-2007\/\" \/>\n<meta property=\"og:locale\" content=\"en_US\" \/>\n<meta property=\"og:type\" content=\"article\" \/>\n<meta property=\"og:title\" content=\"P\u00ebrkujdesjet ditore t\u00eb Kish\u00ebs rinis\u00ebn aktivitetin e tyre. (Tetor 2007) - Kisha Orthodh\u03bfkse Autoqefale e Shqip\u00ebris\u00eb\" \/>\n<meta property=\"og:description\" content=\"Pak Historik &nbsp;&nbsp;&nbsp; N\u00ebn kujdesin At\u00ebror t\u00eb Fortlumturis\u00eb s\u00eb Tij, Kryepiskopit Anastas dhe me nism\u00ebn e Grupit t\u00eb Grave Orthodhokse t\u00eb qytetit t\u00eb Tiran\u00ebs, u hap p\u00ebrkujdesja e par\u00eb ditore, m\u00eb 10 tetor 1994 dhe m\u00eb pas u vijua me 13 t\u00eb tjera. Ato ofrojn\u00eb nj\u00eb program edukues t\u00eb p\u00ebrshtatsh\u00ebm, ve\u00e7an\u00ebrisht p\u00ebr f\u00ebmij\u00ebt q\u00eb i kan\u00eb prind\u00ebrit n\u00eb pun\u00eb, familjet me nj\u00eb prind, familjet me\" \/>\n<meta property=\"og:url\" content=\"https:\/\/orthodoxalbania.org\/2020\/2007\/02\/26\/perkujdesjet-ditore-te-kishes-rinisen-aktivitetin-e-tyre-tetor-2007\/\" \/>\n<meta property=\"og:site_name\" content=\"Kisha Orthodh\u03bfkse Autoqefale e Shqip\u00ebris\u00eb\" \/>\n<meta property=\"article:publisher\" content=\"https:\/\/www.facebook.com\/koash1991\" \/>\n<meta property=\"article:published_time\" content=\"2007-02-26T00:00:00+00:00\" \/>\n<meta property=\"article:modified_time\" content=\"2020-04-06T20:35:50+00:00\" \/>\n<meta property=\"og:image\" content=\"https:\/\/lh3.googleusercontent.com\/-cOpAuYpYwvg\/VIrOuGH64YI\/AAAAAAAAHAQ\/Vgx3QWESjtE\/w400-h300-no\/1.jpg\" \/>\n<meta name=\"author\" content=\"Kisha Orthodhokse\" \/>\n<meta name=\"twitter:card\" content=\"summary_large_image\" \/>\n<meta name=\"twitter:label1\" content=\"Written by\" \/>\n\t<meta name=\"twitter:data1\" content=\"Kisha Orthodhokse\" \/>\n\t<meta name=\"twitter:label2\" content=\"Est. reading time\" \/>\n\t<meta name=\"twitter:data2\" content=\"4 minutes\" \/>\n<script type=\"application\/ld+json\" class=\"yoast-schema-graph\">{\"@context\":\"https:\/\/schema.org\",\"@graph\":[{\"@type\":\"Article\",\"@id\":\"https:\/\/orthodoxalbania.org\/2020\/2007\/02\/26\/perkujdesjet-ditore-te-kishes-rinisen-aktivitetin-e-tyre-tetor-2007\/#article\",\"isPartOf\":{\"@id\":\"https:\/\/orthodoxalbania.org\/2020\/2007\/02\/26\/perkujdesjet-ditore-te-kishes-rinisen-aktivitetin-e-tyre-tetor-2007\/\"},\"author\":{\"name\":\"Kisha Orthodhokse\",\"@id\":\"https:\/\/orthodoxalbania.org\/2020\/#\/schema\/person\/0c387634a7063ac612d7ed9ce71c7e86\"},\"headline\":\"P\u00ebrkujdesjet ditore t\u00eb Kish\u00ebs rinis\u00ebn aktivitetin e tyre. (Tetor 2007)\",\"datePublished\":\"2007-02-26T00:00:00+00:00\",\"dateModified\":\"2020-04-06T20:35:50+00:00\",\"mainEntityOfPage\":{\"@id\":\"https:\/\/orthodoxalbania.org\/2020\/2007\/02\/26\/perkujdesjet-ditore-te-kishes-rinisen-aktivitetin-e-tyre-tetor-2007\/\"},\"wordCount\":882,\"commentCount\":0,\"publisher\":{\"@id\":\"https:\/\/orthodoxalbania.org\/2020\/#organization\"},\"image\":{\"@id\":\"https:\/\/orthodoxalbania.org\/2020\/2007\/02\/26\/perkujdesjet-ditore-te-kishes-rinisen-aktivitetin-e-tyre-tetor-2007\/#primaryimage\"},\"thumbnailUrl\":\"https:\/\/lh3.googleusercontent.com\/-cOpAuYpYwvg\/VIrOuGH64YI\/AAAAAAAAHAQ\/Vgx3QWESjtE\/w400-h300-no\/1.jpg\",\"keywords\":[\"2007\",\"Institucione Parashkollore t\u00eb Kish\u00ebs Orthodhokse\",\"Kryepiskopata Tiran\u00eb\",\"lajme\"],\"articleSection\":[\"Lajme\"],\"inLanguage\":\"en-US\"},{\"@type\":\"WebPage\",\"@id\":\"https:\/\/orthodoxalbania.org\/2020\/2007\/02\/26\/perkujdesjet-ditore-te-kishes-rinisen-aktivitetin-e-tyre-tetor-2007\/\",\"url\":\"https:\/\/orthodoxalbania.org\/2020\/2007\/02\/26\/perkujdesjet-ditore-te-kishes-rinisen-aktivitetin-e-tyre-tetor-2007\/\",\"name\":\"P\u00ebrkujdesjet ditore t\u00eb Kish\u00ebs rinis\u00ebn aktivitetin e tyre. (Tetor 2007) - Kisha Orthodh\u03bfkse Autoqefale e Shqip\u00ebris\u00eb\",\"isPartOf\":{\"@id\":\"https:\/\/orthodoxalbania.org\/2020\/#website\"},\"primaryImageOfPage\":{\"@id\":\"https:\/\/orthodoxalbania.org\/2020\/2007\/02\/26\/perkujdesjet-ditore-te-kishes-rinisen-aktivitetin-e-tyre-tetor-2007\/#primaryimage\"},\"image\":{\"@id\":\"https:\/\/orthodoxalbania.org\/2020\/2007\/02\/26\/perkujdesjet-ditore-te-kishes-rinisen-aktivitetin-e-tyre-tetor-2007\/#primaryimage\"},\"thumbnailUrl\":\"https:\/\/lh3.googleusercontent.com\/-cOpAuYpYwvg\/VIrOuGH64YI\/AAAAAAAAHAQ\/Vgx3QWESjtE\/w400-h300-no\/1.jpg\",\"datePublished\":\"2007-02-26T00:00:00+00:00\",\"dateModified\":\"2020-04-06T20:35:50+00:00\",\"breadcrumb\":{\"@id\":\"https:\/\/orthodoxalbania.org\/2020\/2007\/02\/26\/perkujdesjet-ditore-te-kishes-rinisen-aktivitetin-e-tyre-tetor-2007\/#breadcrumb\"},\"inLanguage\":\"en-US\",\"potentialAction\":[{\"@type\":\"ReadAction\",\"target\":[\"https:\/\/orthodoxalbania.org\/2020\/2007\/02\/26\/perkujdesjet-ditore-te-kishes-rinisen-aktivitetin-e-tyre-tetor-2007\/\"]}]},{\"@type\":\"ImageObject\",\"inLanguage\":\"en-US\",\"@id\":\"https:\/\/orthodoxalbania.org\/2020\/2007\/02\/26\/perkujdesjet-ditore-te-kishes-rinisen-aktivitetin-e-tyre-tetor-2007\/#primaryimage\",\"url\":\"https:\/\/lh3.googleusercontent.com\/-cOpAuYpYwvg\/VIrOuGH64YI\/AAAAAAAAHAQ\/Vgx3QWESjtE\/w400-h300-no\/1.jpg\",\"contentUrl\":\"https:\/\/lh3.googleusercontent.com\/-cOpAuYpYwvg\/VIrOuGH64YI\/AAAAAAAAHAQ\/Vgx3QWESjtE\/w400-h300-no\/1.jpg\"},{\"@type\":\"BreadcrumbList\",\"@id\":\"https:\/\/orthodoxalbania.org\/2020\/2007\/02\/26\/perkujdesjet-ditore-te-kishes-rinisen-aktivitetin-e-tyre-tetor-2007\/#breadcrumb\",\"itemListElement\":[{\"@type\":\"ListItem\",\"position\":1,\"name\":\"Home\",\"item\":\"https:\/\/orthodoxalbania.org\/2020\/\"},{\"@type\":\"ListItem\",\"position\":2,\"name\":\"P\u00ebrkujdesjet ditore t\u00eb Kish\u00ebs rinis\u00ebn aktivitetin e tyre. (Tetor 2007)\"}]},{\"@type\":\"WebSite\",\"@id\":\"https:\/\/orthodoxalbania.org\/2020\/#website\",\"url\":\"https:\/\/orthodoxalbania.org\/2020\/\",\"name\":\"Kisha Orthodh\u03bfkse Autoqefale e Shqip\u00ebris\u00eb\",\"description\":\"Fqja Zyrtare e Kish\u00ebs Orthodhokse Autoqefale e Shqip\u00ebris\u00eb me lajmet edhe informacionet zyrtare p\u00ebr struktur\u00ebn edhe veprimtarin e saj.\",\"publisher\":{\"@id\":\"https:\/\/orthodoxalbania.org\/2020\/#organization\"},\"potentialAction\":[{\"@type\":\"SearchAction\",\"target\":{\"@type\":\"EntryPoint\",\"urlTemplate\":\"https:\/\/orthodoxalbania.org\/2020\/?s={search_term_string}\"},\"query-input\":{\"@type\":\"PropertyValueSpecification\",\"valueRequired\":true,\"valueName\":\"search_term_string\"}}],\"inLanguage\":\"en-US\"},{\"@type\":\"Organization\",\"@id\":\"https:\/\/orthodoxalbania.org\/2020\/#organization\",\"name\":\"Kisha Orthodhokse Autoqefale e Shqip\u00ebris\u00eb\",\"url\":\"https:\/\/orthodoxalbania.org\/2020\/\",\"logo\":{\"@type\":\"ImageObject\",\"inLanguage\":\"en-US\",\"@id\":\"https:\/\/orthodoxalbania.org\/2020\/#\/schema\/logo\/image\/\",\"url\":\"https:\/\/orthodoxalbania.org\/2020\/wp-content\/uploads\/2020\/05\/albania.jpeg\",\"contentUrl\":\"https:\/\/orthodoxalbania.org\/2020\/wp-content\/uploads\/2020\/05\/albania.jpeg\",\"width\":540,\"height\":540,\"caption\":\"Kisha Orthodhokse Autoqefale e Shqip\u00ebris\u00eb\"},\"image\":{\"@id\":\"https:\/\/orthodoxalbania.org\/2020\/#\/schema\/logo\/image\/\"},\"sameAs\":[\"https:\/\/www.facebook.com\/koash1991\"]},{\"@type\":\"Person\",\"@id\":\"https:\/\/orthodoxalbania.org\/2020\/#\/schema\/person\/0c387634a7063ac612d7ed9ce71c7e86\",\"name\":\"Kisha Orthodhokse\",\"image\":{\"@type\":\"ImageObject\",\"inLanguage\":\"en-US\",\"@id\":\"https:\/\/secure.gravatar.com\/avatar\/596e7c417251e30f2fbb9c00e026fce61a695a00e51c889caded71c96cbbdde5?s=96&d=mm&r=g\",\"url\":\"https:\/\/secure.gravatar.com\/avatar\/596e7c417251e30f2fbb9c00e026fce61a695a00e51c889caded71c96cbbdde5?s=96&d=mm&r=g\",\"contentUrl\":\"https:\/\/secure.gravatar.com\/avatar\/596e7c417251e30f2fbb9c00e026fce61a695a00e51c889caded71c96cbbdde5?s=96&d=mm&r=g\",\"caption\":\"Kisha Orthodhokse\"}}]}<\/script>\n<!-- \/ Yoast SEO plugin. -->","yoast_head_json":{"title":"P\u00ebrkujdesjet ditore t\u00eb Kish\u00ebs rinis\u00ebn aktivitetin e tyre. (Tetor 2007) - Kisha Orthodh\u03bfkse Autoqefale e Shqip\u00ebris\u00eb","robots":{"index":"index","follow":"follow","max-snippet":"max-snippet:-1","max-image-preview":"max-image-preview:large","max-video-preview":"max-video-preview:-1"},"canonical":"https:\/\/orthodoxalbania.org\/2020\/2007\/02\/26\/perkujdesjet-ditore-te-kishes-rinisen-aktivitetin-e-tyre-tetor-2007\/","og_locale":"en_US","og_type":"article","og_title":"P\u00ebrkujdesjet ditore t\u00eb Kish\u00ebs rinis\u00ebn aktivitetin e tyre. (Tetor 2007) - Kisha Orthodh\u03bfkse Autoqefale e Shqip\u00ebris\u00eb","og_description":"Pak Historik &nbsp;&nbsp;&nbsp; N\u00ebn kujdesin At\u00ebror t\u00eb Fortlumturis\u00eb s\u00eb Tij, Kryepiskopit Anastas dhe me nism\u00ebn e Grupit t\u00eb Grave Orthodhokse t\u00eb qytetit t\u00eb Tiran\u00ebs, u hap p\u00ebrkujdesja e par\u00eb ditore, m\u00eb 10 tetor 1994 dhe m\u00eb pas u vijua me 13 t\u00eb tjera. Ato ofrojn\u00eb nj\u00eb program edukues t\u00eb p\u00ebrshtatsh\u00ebm, ve\u00e7an\u00ebrisht p\u00ebr f\u00ebmij\u00ebt q\u00eb i kan\u00eb prind\u00ebrit n\u00eb pun\u00eb, familjet me nj\u00eb prind, familjet me","og_url":"https:\/\/orthodoxalbania.org\/2020\/2007\/02\/26\/perkujdesjet-ditore-te-kishes-rinisen-aktivitetin-e-tyre-tetor-2007\/","og_site_name":"Kisha Orthodh\u03bfkse Autoqefale e Shqip\u00ebris\u00eb","article_publisher":"https:\/\/www.facebook.com\/koash1991","article_published_time":"2007-02-26T00:00:00+00:00","article_modified_time":"2020-04-06T20:35:50+00:00","og_image":[{"url":"https:\/\/lh3.googleusercontent.com\/-cOpAuYpYwvg\/VIrOuGH64YI\/AAAAAAAAHAQ\/Vgx3QWESjtE\/w400-h300-no\/1.jpg","type":"","width":"","height":""}],"author":"Kisha Orthodhokse","twitter_card":"summary_large_image","twitter_misc":{"Written by":"Kisha Orthodhokse","Est. reading time":"4 minutes"},"schema":{"@context":"https:\/\/schema.org","@graph":[{"@type":"Article","@id":"https:\/\/orthodoxalbania.org\/2020\/2007\/02\/26\/perkujdesjet-ditore-te-kishes-rinisen-aktivitetin-e-tyre-tetor-2007\/#article","isPartOf":{"@id":"https:\/\/orthodoxalbania.org\/2020\/2007\/02\/26\/perkujdesjet-ditore-te-kishes-rinisen-aktivitetin-e-tyre-tetor-2007\/"},"author":{"name":"Kisha Orthodhokse","@id":"https:\/\/orthodoxalbania.org\/2020\/#\/schema\/person\/0c387634a7063ac612d7ed9ce71c7e86"},"headline":"P\u00ebrkujdesjet ditore t\u00eb Kish\u00ebs rinis\u00ebn aktivitetin e tyre. (Tetor 2007)","datePublished":"2007-02-26T00:00:00+00:00","dateModified":"2020-04-06T20:35:50+00:00","mainEntityOfPage":{"@id":"https:\/\/orthodoxalbania.org\/2020\/2007\/02\/26\/perkujdesjet-ditore-te-kishes-rinisen-aktivitetin-e-tyre-tetor-2007\/"},"wordCount":882,"commentCount":0,"publisher":{"@id":"https:\/\/orthodoxalbania.org\/2020\/#organization"},"image":{"@id":"https:\/\/orthodoxalbania.org\/2020\/2007\/02\/26\/perkujdesjet-ditore-te-kishes-rinisen-aktivitetin-e-tyre-tetor-2007\/#primaryimage"},"thumbnailUrl":"https:\/\/lh3.googleusercontent.com\/-cOpAuYpYwvg\/VIrOuGH64YI\/AAAAAAAAHAQ\/Vgx3QWESjtE\/w400-h300-no\/1.jpg","keywords":["2007","Institucione Parashkollore t\u00eb Kish\u00ebs Orthodhokse","Kryepiskopata Tiran\u00eb","lajme"],"articleSection":["Lajme"],"inLanguage":"en-US"},{"@type":"WebPage","@id":"https:\/\/orthodoxalbania.org\/2020\/2007\/02\/26\/perkujdesjet-ditore-te-kishes-rinisen-aktivitetin-e-tyre-tetor-2007\/","url":"https:\/\/orthodoxalbania.org\/2020\/2007\/02\/26\/perkujdesjet-ditore-te-kishes-rinisen-aktivitetin-e-tyre-tetor-2007\/","name":"P\u00ebrkujdesjet ditore t\u00eb Kish\u00ebs rinis\u00ebn aktivitetin e tyre. (Tetor 2007) - Kisha Orthodh\u03bfkse Autoqefale e Shqip\u00ebris\u00eb","isPartOf":{"@id":"https:\/\/orthodoxalbania.org\/2020\/#website"},"primaryImageOfPage":{"@id":"https:\/\/orthodoxalbania.org\/2020\/2007\/02\/26\/perkujdesjet-ditore-te-kishes-rinisen-aktivitetin-e-tyre-tetor-2007\/#primaryimage"},"image":{"@id":"https:\/\/orthodoxalbania.org\/2020\/2007\/02\/26\/perkujdesjet-ditore-te-kishes-rinisen-aktivitetin-e-tyre-tetor-2007\/#primaryimage"},"thumbnailUrl":"https:\/\/lh3.googleusercontent.com\/-cOpAuYpYwvg\/VIrOuGH64YI\/AAAAAAAAHAQ\/Vgx3QWESjtE\/w400-h300-no\/1.jpg","datePublished":"2007-02-26T00:00:00+00:00","dateModified":"2020-04-06T20:35:50+00:00","breadcrumb":{"@id":"https:\/\/orthodoxalbania.org\/2020\/2007\/02\/26\/perkujdesjet-ditore-te-kishes-rinisen-aktivitetin-e-tyre-tetor-2007\/#breadcrumb"},"inLanguage":"en-US","potentialAction":[{"@type":"ReadAction","target":["https:\/\/orthodoxalbania.org\/2020\/2007\/02\/26\/perkujdesjet-ditore-te-kishes-rinisen-aktivitetin-e-tyre-tetor-2007\/"]}]},{"@type":"ImageObject","inLanguage":"en-US","@id":"https:\/\/orthodoxalbania.org\/2020\/2007\/02\/26\/perkujdesjet-ditore-te-kishes-rinisen-aktivitetin-e-tyre-tetor-2007\/#primaryimage","url":"https:\/\/lh3.googleusercontent.com\/-cOpAuYpYwvg\/VIrOuGH64YI\/AAAAAAAAHAQ\/Vgx3QWESjtE\/w400-h300-no\/1.jpg","contentUrl":"https:\/\/lh3.googleusercontent.com\/-cOpAuYpYwvg\/VIrOuGH64YI\/AAAAAAAAHAQ\/Vgx3QWESjtE\/w400-h300-no\/1.jpg"},{"@type":"BreadcrumbList","@id":"https:\/\/orthodoxalbania.org\/2020\/2007\/02\/26\/perkujdesjet-ditore-te-kishes-rinisen-aktivitetin-e-tyre-tetor-2007\/#breadcrumb","itemListElement":[{"@type":"ListItem","position":1,"name":"Home","item":"https:\/\/orthodoxalbania.org\/2020\/"},{"@type":"ListItem","position":2,"name":"P\u00ebrkujdesjet ditore t\u00eb Kish\u00ebs rinis\u00ebn aktivitetin e tyre. (Tetor 2007)"}]},{"@type":"WebSite","@id":"https:\/\/orthodoxalbania.org\/2020\/#website","url":"https:\/\/orthodoxalbania.org\/2020\/","name":"Kisha Orthodh\u03bfkse Autoqefale e Shqip\u00ebris\u00eb","description":"Fqja Zyrtare e Kish\u00ebs Orthodhokse Autoqefale e Shqip\u00ebris\u00eb me lajmet edhe informacionet zyrtare p\u00ebr struktur\u00ebn edhe veprimtarin e saj.","publisher":{"@id":"https:\/\/orthodoxalbania.org\/2020\/#organization"},"potentialAction":[{"@type":"SearchAction","target":{"@type":"EntryPoint","urlTemplate":"https:\/\/orthodoxalbania.org\/2020\/?s={search_term_string}"},"query-input":{"@type":"PropertyValueSpecification","valueRequired":true,"valueName":"search_term_string"}}],"inLanguage":"en-US"},{"@type":"Organization","@id":"https:\/\/orthodoxalbania.org\/2020\/#organization","name":"Kisha Orthodhokse Autoqefale e Shqip\u00ebris\u00eb","url":"https:\/\/orthodoxalbania.org\/2020\/","logo":{"@type":"ImageObject","inLanguage":"en-US","@id":"https:\/\/orthodoxalbania.org\/2020\/#\/schema\/logo\/image\/","url":"https:\/\/orthodoxalbania.org\/2020\/wp-content\/uploads\/2020\/05\/albania.jpeg","contentUrl":"https:\/\/orthodoxalbania.org\/2020\/wp-content\/uploads\/2020\/05\/albania.jpeg","width":540,"height":540,"caption":"Kisha Orthodhokse Autoqefale e Shqip\u00ebris\u00eb"},"image":{"@id":"https:\/\/orthodoxalbania.org\/2020\/#\/schema\/logo\/image\/"},"sameAs":["https:\/\/www.facebook.com\/koash1991"]},{"@type":"Person","@id":"https:\/\/orthodoxalbania.org\/2020\/#\/schema\/person\/0c387634a7063ac612d7ed9ce71c7e86","name":"Kisha Orthodhokse","image":{"@type":"ImageObject","inLanguage":"en-US","@id":"https:\/\/secure.gravatar.com\/avatar\/596e7c417251e30f2fbb9c00e026fce61a695a00e51c889caded71c96cbbdde5?s=96&d=mm&r=g","url":"https:\/\/secure.gravatar.com\/avatar\/596e7c417251e30f2fbb9c00e026fce61a695a00e51c889caded71c96cbbdde5?s=96&d=mm&r=g","contentUrl":"https:\/\/secure.gravatar.com\/avatar\/596e7c417251e30f2fbb9c00e026fce61a695a00e51c889caded71c96cbbdde5?s=96&d=mm&r=g","caption":"Kisha Orthodhokse"}}]}},"_links":{"self":[{"href":"https:\/\/orthodoxalbania.org\/2020\/wp-json\/wp\/v2\/posts\/1090","targetHints":{"allow":["GET"]}}],"collection":[{"href":"https:\/\/orthodoxalbania.org\/2020\/wp-json\/wp\/v2\/posts"}],"about":[{"href":"https:\/\/orthodoxalbania.org\/2020\/wp-json\/wp\/v2\/types\/post"}],"author":[{"embeddable":true,"href":"https:\/\/orthodoxalbania.org\/2020\/wp-json\/wp\/v2\/users\/1"}],"replies":[{"embeddable":true,"href":"https:\/\/orthodoxalbania.org\/2020\/wp-json\/wp\/v2\/comments?post=1090"}],"version-history":[{"count":1,"href":"https:\/\/orthodoxalbania.org\/2020\/wp-json\/wp\/v2\/posts\/1090\/revisions"}],"predecessor-version":[{"id":15777,"href":"https:\/\/orthodoxalbania.org\/2020\/wp-json\/wp\/v2\/posts\/1090\/revisions\/15777"}],"wp:attachment":[{"href":"https:\/\/orthodoxalbania.org\/2020\/wp-json\/wp\/v2\/media?parent=1090"}],"wp:term":[{"taxonomy":"category","embeddable":true,"href":"https:\/\/orthodoxalbania.org\/2020\/wp-json\/wp\/v2\/categories?post=1090"},{"taxonomy":"post_tag","embeddable":true,"href":"https:\/\/orthodoxalbania.org\/2020\/wp-json\/wp\/v2\/tags?post=1090"}],"curies":[{"name":"wp","href":"https:\/\/api.w.org\/{rel}","templated":true}]}}