{"id":1085,"date":"2013-03-21T12:39:17","date_gmt":"2013-03-21T12:39:17","guid":{"rendered":""},"modified":"2020-04-06T22:05:52","modified_gmt":"2020-04-06T20:05:52","slug":"pergjigje-e-klerikeve-orthodhokse-te-kryepiskopates-se-tiranes-ndaj-shpifjeve-te-koheve-te-fundit","status":"publish","type":"post","link":"https:\/\/orthodoxalbania.org\/2020\/2013\/03\/21\/pergjigje-e-klerikeve-orthodhokse-te-kryepiskopates-se-tiranes-ndaj-shpifjeve-te-koheve-te-fundit\/","title":{"rendered":"P\u00ebrgjigje e klerik\u00ebve orthodhoks\u00eb t\u00eb Kryepiskopat\u00ebs s\u00eb Tiran\u00ebs ndaj shpifjeve t\u00eb koh\u00ebve t\u00eb fundit. (22 Dhjetor 2012)"},"content":{"rendered":"<div><span style=\"color: #000000;\"><img decoding=\"async\" class=\"lazyload HAa Eha\" style=\"height: 51px; width: 51px; display: block; margin-left: auto; margin-right: auto;\" alt=\"\" src=\"data:image\/gif;base64,R0lGODlhAQABAAAAACH5BAEKAAEALAAAAAABAAEAAAICTAEAOw==\" data-orig-src=\"https:\/\/lh3.googleusercontent.com\/-0XaSr7tg_9w\/U_NB8PwotlI\/AAAAAAAAA2g\/QXaauIV8bCc\/s577-no\/logo.png\" \/><\/span><\/div>\n<div style=\"text-align: center;\">&nbsp;<\/div>\n<div style=\"text-align: center;\"><span style=\"color: #000000;\"><span style=\"font-family: tahoma,geneva,sans-serif;\"><span style=\"font-size: 12px;\"><strong>&nbsp;<span style=\"text-transform: uppercase; line-height: 22pt; text-align: center; text-indent: 14pt;\">Kisha Orthodhokse Autoqefale e Shqip\u00ebris\u00eb<\/span><\/strong><br \/> <span style=\"line-height: 150%;\">Rruga e Kavaj\u00ebs, Nr. 151, Tiran\u00eb<\/span><strong style=\"line-height: 150%; font-family: Arial; font-size: 14px;\"><span style=\"line-height: 150%;\"><\/span><\/strong><\/span><\/span><\/span><\/div>\n<div style=\"text-align: center;\">&nbsp;<\/div>\n<div class=\"MsoNormal\" style=\"text-align: center; line-height: 150%;\"><span style=\"color: #000000;\"><span style=\"font-family: tahoma,geneva,sans-serif;\"><span style=\"font-size: 12px;\"><strong><span style=\"line-height: 150%;\">P\u00ebrgjigje e klerik\u00ebve orthodhoks\u00eb t\u00eb Kryepiskopat\u00ebs s\u00eb Tiran\u00ebs<br \/> ndaj shpifjeve t\u00eb koh\u00ebve t\u00eb fundit<\/span><\/strong><\/span><\/span><\/span><\/div>\n<div class=\"MsoNormal\" style=\"text-align: center; line-height: 150%;\">&nbsp;<\/div>\n<div class=\"MsoNormal\" style=\"text-indent: 0.5in; line-height: 150%;\"><img class=\"lazyload\" decoding=\"async\" style=\"border-width: 1px; border-style: solid; margin: 10px auto; display: block;\" alt=\"\" src=\"data:image\/gif;base64,R0lGODlhAQABAAAAACH5BAEKAAEALAAAAAABAAEAAAICTAEAOw==\" data-orig-src=\"https:\/\/lh5.googleusercontent.com\/-gGDNeVJ3hZE\/UNyAAwZZDAI\/AAAAAAAABr4\/n2SL0QWL5qQ\/s720\/IMG_9286.JPG\" \/><\/div>\n<div class=\"MsoNormal\" style=\"text-align: justify; text-indent: 0.5in; line-height: 150%;\"> <span style=\"color: #000000;\"><span style=\"font-family: tahoma,geneva,sans-serif;\"><span style=\"font-size: 12px;\"><span style=\"line-height: 150%;\">&nbsp;&nbsp;&nbsp; Kisha Orthodhokse Autoqefale e Shqip\u00ebris\u00eb, nga viti 1992 e n\u00eb vazhdim, n\u00ebn drejtimin e Fortlumturis\u00eb s\u00eb Tij, Kryepiskopit t\u00eb Tiran\u00ebs, Durr\u00ebsit dhe Gjith\u00eb Shqip\u00ebris\u00eb, Anastasit, ka vendosur si parim t\u00eb sajin t\u00eb mos lidhet dhe as t\u00eb mos u kund\u00ebrvihet partive politike. Ajo \u00ebsht\u00eb e p\u00ebrkushtuar n\u00eb vepr\u00ebn e saj fetare me shum\u00eb nisma sociale, arsimore e kulturore.<\/span><span style=\"line-height: 150%;\"><\/span><\/span><\/span><\/span><\/div>\n<div class=\"MsoNormal\" style=\"text-align: justify; text-indent: 0.5in; line-height: 150%;\"> <span style=\"color: #000000;\"><span style=\"font-family: tahoma,geneva,sans-serif;\"><span style=\"font-size: 12px;\"><span style=\"line-height: 150%;\">&nbsp; &nbsp; Menj\u00ebher\u00eb pas botimit t\u00eb deklarat\u00ebs s\u00eb saj zyrtare n\u00eb lidhje me rezultatet e pasakta t\u00eb p\u00ebrkat\u00ebsis\u00eb fetare t\u00eb Censusit 2011, u b\u00eb nj\u00eb sulm i ashp\u00ebr shpif\u00ebs nga ana e nj\u00eb formacioni politik me q\u00ebndrime ekstreme, kund\u00ebr Kryepiskopit Anastas, me fyerje dhe akuza t\u00eb r\u00ebnda \u201cp\u00ebr akte antikushtetuese\u201d n\u00eb bashk\u00ebpunim me qarqe ekstremiste t\u00eb Greqis\u00eb \u201cp\u00ebr veprimtari antishqiptare\u201d \u201ckund\u00ebr t\u00ebr\u00ebsis\u00eb territoriale t\u00eb Shqip\u00ebris\u00eb\u201d. Si p\u00ebrfundim iu k\u00ebrkua Presidentit t\u00eb Republik\u00ebs t\u2019i hiqet dekorata \u201cUrdhri i Lart\u00eb Gjergj Kastriot Sk\u00ebnderbeu\u201d q\u00eb iu dha para tre vjet\u00ebsh.<\/span><span style=\"line-height: 150%;\"><\/span><\/span><\/span><\/span><\/div>\n<div class=\"MsoNormal\" style=\"text-align: justify; text-indent: 0.5in; line-height: 150%;\"> <span style=\"color: #000000;\"><span style=\"font-family: tahoma,geneva,sans-serif;\"><span style=\"font-size: 12px;\"><span style=\"line-height: 150%;\">&nbsp; &nbsp; Sigurisht ata q\u00eb e njohin Kryepiskopin Anastas, midis tyre edhe ne klerik\u00ebt e Kryepiskopat\u00ebs, t\u00eb gjith\u00eb qytetar\u00eb shqiptar\u00eb, q\u00eb e ndjekim nga af\u00ebr dhe q\u00eb bashk\u00ebpunojm\u00eb me t\u00eb gjat\u00eb gjith\u00eb viteve t\u00eb pranis\u00eb s\u00eb tij k\u00ebtu n\u00eb Shqip\u00ebri, e dim\u00eb fare mir\u00eb se pohimet e m\u00ebsip\u00ebrme t\u00eb paturpshme jan\u00eb sajesa t\u00eb nj\u00eb fantazie t\u00eb s\u00ebmur\u00eb, krejt\u00ebsisht t\u00eb pabaza, absolutisht t\u00eb padrejta dhe p\u00ebrb\u00ebjn\u00eb shtremb\u00ebrim t\u00eb s\u00eb v\u00ebrtet\u00ebs.<\/span><span style=\"line-height: 150%;\"><\/span><\/span><\/span><\/span><\/div>\n<div class=\"MsoNormal\" style=\"text-align: justify; text-indent: 0.5in; line-height: 150%;\"> <span style=\"color: #000000;\"><span style=\"font-family: tahoma,geneva,sans-serif;\"><span style=\"font-size: 12px;\"><span style=\"line-height: 150%;\">&nbsp; &nbsp; Por meq\u00eb \u00e7\u00ebshtjet e r\u00ebnd\u00ebsis\u00eb komb\u00ebtare dhe fetare jan\u00eb shum\u00eb t\u00eb ndjeshme, ve\u00e7an\u00ebrisht koh\u00ebt e fundit, dhe keqinformimi mund t\u00eb ndikoj\u00eb te qytetar\u00eb t\u00eb painformuar e mbi t\u00eb gjitha te t\u00eb rinjt\u00eb, e quajm\u00eb detyrim tonin, nisur nga p\u00ebrvoja jon\u00eb, t\u2019i japim nj\u00eb p\u00ebrgjigje t\u00eb qart\u00eb vazhd\u00ebs s\u00eb akuzave t\u00eb g\u00ebnjesht\u00ebrta dhe t\u00eb padrejta q\u00eb p\u00ebrs\u00ebriten me inat her\u00eb pas here me gjith\u00eb p\u00ebrg\u00ebnjeshtrimet e vazhdueshme.<\/span><span style=\"line-height: 150%; text-indent: 0.5in;\"><\/span><\/span><\/span><\/span><\/div>\n<div class=\"MsoNormal\" style=\"text-align: justify; text-indent: 0.5in; line-height: 150%;\"> <span style=\"color: #000000;\"><span style=\"font-family: tahoma,geneva,sans-serif;\"><span style=\"font-size: 12px;\"><span style=\"line-height: 150%;\">&nbsp;&nbsp;&nbsp; Kryepiskopi Anastas, ka 20 vjet q\u00eb jeton dhe punon pa u lodhur bashk\u00eb me ne. Gjat\u00eb k\u00ebsaj kohe ka q\u00ebndruar gjithmon\u00eb pran\u00eb popullit, madje edhe n\u00eb koh\u00ebt m\u00eb t\u00eb v\u00ebshtira (1997,1999), duke ndihmuar me dashuri dhe vet\u00ebsakrifikim jo vet\u00ebm orthodhoks\u00ebt por t\u00eb gjith\u00eb sa kan\u00eb nevoj\u00eb, pa dallim bindjesh fetare e politike. Njihet m\u00eb s\u00eb miri, jo vet\u00ebm n\u00eb Shqip\u00ebri por edhe n\u00eb aren\u00ebn nd\u00ebrkomb\u00ebtare, kontributi i jasht\u00ebzakonsh\u00ebm i Kryepiskopit Anastas n\u00eb ringritjen e plot\u00eb t\u00eb Kish\u00ebs Orthodhokse Autoqefale t\u00eb Shqip\u00ebris\u00eb dhe n\u00eb lul\u00ebzimin m\u00eb t\u00eb madh q\u00eb ka njohur historia e Kish\u00ebs s\u00eb Shqip\u00ebris\u00eb. N\u00eb t\u00eb nj\u00ebjt\u00ebn koh\u00eb njihet ky kontribut edhe n\u00eb zhvillimin ekonomik t\u00eb vendit, n\u00eb sektor\u00ebt e sh\u00ebndetit, arsimit, p\u00ebrkujdesjes sociale dhe kultur\u00ebs, si dhe n\u00eb vitin 1999, kur me iniciativ\u00ebn e tij, mobilizoi organizmat e krishter\u00eb nd\u00ebrkomb\u00ebtar\u00eb p\u00ebr t\u00eb ndihmuar 33.000 refugjat\u00eb kosovar\u00eb. Vet\u00ebm ata q\u00eb jan\u00eb t\u00eb verbuar nga fanatizmi nuk duan t\u2019i shikojn\u00eb k\u00ebto gj\u00ebra. Por vepra kolosale e Kryepiskopit Anastas nuk mund t\u00eb shembet me fjal\u00eb fyese, g\u00ebnjeshtra t\u00eb fabrikuara, dyshime t\u00eb pabaza dhe akuza shpif\u00ebse. Ne, qindra mij\u00ebrat e orthodhoks\u00ebve shqiptar\u00eb dhe t\u00eb qytetar\u00ebve t\u00eb tjer\u00eb t\u00eb paansh\u00ebm, q\u00eb ndjekim nga af\u00ebr pun\u00ebn e tij, e njohim fare mir\u00eb realitetin.<\/span><\/span><\/span><\/span><\/div>\n<div class=\"MsoNormal\" style=\"text-align: justify; text-indent: 0.5in; line-height: 150%;\"> <span style=\"color: #000000;\"><span style=\"font-family: tahoma,geneva,sans-serif;\"><span style=\"font-size: 12px;\"><span style=\"line-height: 150%;\">&nbsp;&nbsp;&nbsp; <\/span><span style=\"line-height: 150%; text-indent: 0.5in;\">Kap\u00ebrcehen dhe kufijt\u00eb e qesharakes, kur njer\u00ebz, pa kurrfar\u00eb lidhjeje me Orthodhoksin\u00eb, t\u00eb cil\u00ebt ndoshta nuk kan\u00eb ndezur asnj\u00eb qiri n\u00eb kish\u00eb, por edhe minues t\u00eb njohur t\u00eb saj, shfaqen si mbrojt\u00ebs t\u00eb orthodhoks\u00ebve shqiptar\u00eb e si njoh\u00ebs t\u00eb Historis\u00eb Kishtare t\u00eb Orthodhoksis\u00eb madje, dalin dhe n\u00eb p\u00ebrfundime p\u00ebr \u00e7\u00ebshtje t\u00eb s\u00eb Drejt\u00ebs Kanonike Kishtare. Ata arrijn\u00eb deri aty sa marrin p\u00ebrsip\u00ebr t\u2019u japin k\u00ebshilla t\u00eb krishter\u00ebve orthodhoks\u00eb shqiptar\u00eb se cila duhet t\u00eb jet\u00eb udh\u00ebheqja e tyre kishtare. Ne klerik\u00ebt shqiptar\u00eb dhe qindra mij\u00ebra besimtar\u00eb orthodhoks\u00eb, shtetas shqiptar\u00eb, q\u00eb ndjekim me p\u00ebrkushtim udh\u00ebheq\u00ebsin ton\u00eb, nuk jemi as naiv\u00eb dhe as m\u00eb pak patriot\u00eb. Kemi p\u00ebrvoj\u00eb, moral dhe gjykim t\u00eb sh\u00ebndosh\u00eb. E dim\u00eb shum\u00eb mir\u00eb se Kryepiskopi yn\u00eb jeton vazhdimisht pran\u00eb nesh dhe ndan bashk\u00eb me ne v\u00ebshtir\u00ebsit\u00eb e jet\u00ebs, duke i ndihmuar t\u00eb gjith\u00eb, pa b\u00ebr\u00eb dallime.<\/span><\/span><\/span><\/span><\/div>\n<div class=\"MsoNormal\" style=\"text-align: justify; text-indent: 0.5in; line-height: 150%;\"> <span style=\"color: #000000;\"><span style=\"font-family: tahoma,geneva,sans-serif;\"><span style=\"font-size: 12px;\"><span style=\"line-height: 150%;\">&nbsp; &nbsp; Sa i takon dekorat\u00ebs \u201cUrdhri i Lart\u00eb i Sk\u00ebnderbeut\u201d, si\u00e7 e dim\u00eb fare mir\u00eb, Kryepiskopi Anastas i cili \u00ebsht\u00eb edhe \u201cQytetar Nderi\u201d i Tiran\u00ebs dhe i Kor\u00e7\u00ebs, nuk \u00ebsht\u00eb i privuar aspak nga nderimet e m\u00ebdha. Kontributi i tij i jasht\u00ebzakonsh\u00ebm n\u00eb shkenc\u00ebn fetarologjike, n\u00eb dialogun nd\u00ebrfetar, n\u00eb bashkekzistenc\u00ebn paq\u00ebsore t\u00eb popujve dhe t\u00eb feve \u00ebsht\u00eb i njohur bot\u00ebrisht dhe \u00ebsht\u00eb nderuar me shum\u00eb tituj \u201cHonoris causa\u201d (17) dhe \u00e7mime nd\u00ebrkomb\u00ebtare (25) nga shum\u00eb vende. \u00cbsht\u00eb zgjedhur President i K\u00ebshillit Bot\u00ebror t\u00eb Kishave (Gjenev\u00eb) dhe President Nderi i Konferenc\u00ebs Bot\u00ebrore t\u00eb Feve p\u00ebr Paqen (Nju Jork). T\u00eb gjitha k\u00ebto nderime p\u00ebr Kryepiskopin ton\u00eb i japin nder t\u00eb madh Kish\u00ebs Orthodhokse Autoqefale t\u00eb Shqip\u00ebris\u00eb dhe vendit ton\u00eb gjithashtu.<\/span><\/span><\/span><\/span><\/div>\n<div class=\"MsoNormal\" style=\"text-align: justify; text-indent: 0.5in; line-height: 150%;\"> <span style=\"color: #000000;\"><span style=\"font-family: tahoma,geneva,sans-serif;\"><span style=\"font-size: 12px;\"><span style=\"line-height: 150%;\">&nbsp; &nbsp; Sa u takon k\u00ebshillave ose m\u00eb sakt\u00eb k\u00ebrc\u00ebnimeve p\u00ebr vet\u00eb jet\u00ebn e tij, ai nuk shqet\u00ebsohet dhe as nuk e frik\u00ebsojn\u00eb dot. Qysh n\u00eb vitet e para ka pasur k\u00ebrc\u00ebnime t\u00eb k\u00ebtij lloji. Vet\u00eb ai ka deklaruar se njeriu q\u00eb i \u00ebsht\u00eb p\u00ebrkushtuar Per\u00ebndis\u00eb s\u00eb dashuris\u00eb dhe punon me korrektes\u00eb p\u00ebr bashkekzistenc\u00ebn paq\u00ebsore, p\u00ebr leht\u00ebsimin e atyre q\u00eb vuajn\u00eb dhe p\u00ebr reciprocitetin midis popujve, nuk ka frik\u00eb asnj\u00eb dhe nga asgj\u00eb. As vdekjen. \u201cDashuria e nxjerr jasht\u00eb frik\u00ebn\u201d.<\/span><span style=\"line-height: 150%;\"><\/span><\/span><\/span><\/span><\/div>\n<div class=\"MsoNormal\" style=\"text-align: justify; line-height: 150%;\">&nbsp;<\/div>\n<div class=\"MsoNormal\" style=\"text-align: right; line-height: 150%;\">&nbsp;<\/div>\n<div class=\"MsoNormal\" style=\"text-align: right; line-height: 150%;\"><span style=\"color: #000000;\"><span style=\"font-family: tahoma,geneva,sans-serif;\"><span style=\"font-size: 12px;\"><span style=\"line-height: 150%;\"><strong><em>Tiran\u00eb 22.12.2012<\/em><\/strong><\/span><\/span><\/span><\/span><\/div>\n<div class=\"MsoNormal\" style=\"text-align: right; line-height: 150%;\">&nbsp;<\/div>\n<div class=\"MsoNormal\" style=\"text-align: right; line-height: 150%;\">&nbsp;<\/div>\n<div class=\"MsoNormal\" style=\"text-align: justify; line-height: 150%;\"><span style=\"color: #000000;\"><span style=\"font-family: tahoma,geneva,sans-serif;\"><span style=\"font-size: 12px;\"><em><strong><span style=\"line-height: 150%;\">Vijojn\u00eb 42 firmat e episkop\u00ebve, prift\u00ebrinjve, dhjakon\u00ebve dhe murgj\u00ebrve, t\u00eb Kryepiskopat\u00ebs s\u00eb Hirshme t\u00eb Tiran\u00ebs, (t\u00eb gjith\u00eb qytetar\u00eb shqiptar\u00eb).<\/span><\/strong><\/em><span style=\"line-height: 150%;\"><\/span><\/span><\/span><\/span><\/div>\n","protected":false},"excerpt":{"rendered":"<p>&nbsp; &nbsp;Kisha Orthodhokse Autoqefale e Shqip\u00ebris\u00eb Rruga e Kavaj\u00ebs, Nr. 151, Tiran\u00eb &nbsp; P\u00ebrgjigje e klerik\u00ebve orthodhoks\u00eb t\u00eb Kryepiskopat\u00ebs s\u00eb Tiran\u00ebs ndaj shpifjeve t\u00eb koh\u00ebve t\u00eb fundit &nbsp; &nbsp;&nbsp;&nbsp; Kisha Orthodhokse Autoqefale e Shqip\u00ebris\u00eb, nga viti 1992 e n\u00eb vazhdim, n\u00ebn drejtimin e Fortlumturis\u00eb s\u00eb Tij, Kryepiskopit t\u00eb Tiran\u00ebs, Durr\u00ebsit dhe Gjith\u00eb Shqip\u00ebris\u00eb, Anastasit, ka vendosur si parim t\u00eb sajin t\u00eb mos lidhet dhe as<\/p>\n","protected":false},"author":1,"featured_media":0,"comment_status":"open","ping_status":"open","sticky":false,"template":"","format":"standard","meta":{"_acf_changed":false,"pagelayer_contact_templates":[],"_pagelayer_content":"","inline_featured_image":false,"fifu_image_url":"","fifu_image_alt":"","footnotes":""},"categories":[108],"tags":[142,606,153,196,212,203],"class_list":["post-1085","post","type-post","status-publish","format-standard","hentry","category-lajme","tag-142","tag-census-artikuj","tag-deklarata-njoftime-zyrtare-d75","tag-tirane","tag-lajme-d27","tag-pergjigje-ndaj-akuzave"],"acf":[],"yoast_head":"<!-- This site is optimized with the Yoast SEO plugin v27.2 - https:\/\/yoast.com\/product\/yoast-seo-wordpress\/ -->\n<title>P\u00ebrgjigje e klerik\u00ebve orthodhoks\u00eb t\u00eb Kryepiskopat\u00ebs s\u00eb Tiran\u00ebs ndaj shpifjeve t\u00eb koh\u00ebve t\u00eb fundit. (22 Dhjetor 2012) - Kisha Orthodh\u03bfkse Autoqefale e Shqip\u00ebris\u00eb<\/title>\n<meta name=\"robots\" content=\"index, follow, max-snippet:-1, max-image-preview:large, max-video-preview:-1\" \/>\n<link rel=\"canonical\" href=\"https:\/\/orthodoxalbania.org\/2020\/2013\/03\/21\/pergjigje-e-klerikeve-orthodhokse-te-kryepiskopates-se-tiranes-ndaj-shpifjeve-te-koheve-te-fundit\/\" \/>\n<meta property=\"og:locale\" content=\"en_US\" \/>\n<meta property=\"og:type\" content=\"article\" \/>\n<meta property=\"og:title\" content=\"P\u00ebrgjigje e klerik\u00ebve orthodhoks\u00eb t\u00eb Kryepiskopat\u00ebs s\u00eb Tiran\u00ebs ndaj shpifjeve t\u00eb koh\u00ebve t\u00eb fundit. (22 Dhjetor 2012) - Kisha Orthodh\u03bfkse Autoqefale e Shqip\u00ebris\u00eb\" \/>\n<meta property=\"og:description\" content=\"&nbsp; &nbsp;Kisha Orthodhokse Autoqefale e Shqip\u00ebris\u00eb Rruga e Kavaj\u00ebs, Nr. 151, Tiran\u00eb &nbsp; P\u00ebrgjigje e klerik\u00ebve orthodhoks\u00eb t\u00eb Kryepiskopat\u00ebs s\u00eb Tiran\u00ebs ndaj shpifjeve t\u00eb koh\u00ebve t\u00eb fundit &nbsp; &nbsp;&nbsp;&nbsp; Kisha Orthodhokse Autoqefale e Shqip\u00ebris\u00eb, nga viti 1992 e n\u00eb vazhdim, n\u00ebn drejtimin e Fortlumturis\u00eb s\u00eb Tij, Kryepiskopit t\u00eb Tiran\u00ebs, Durr\u00ebsit dhe Gjith\u00eb Shqip\u00ebris\u00eb, Anastasit, ka vendosur si parim t\u00eb sajin t\u00eb mos lidhet dhe as\" \/>\n<meta property=\"og:url\" content=\"https:\/\/orthodoxalbania.org\/2020\/2013\/03\/21\/pergjigje-e-klerikeve-orthodhokse-te-kryepiskopates-se-tiranes-ndaj-shpifjeve-te-koheve-te-fundit\/\" \/>\n<meta property=\"og:site_name\" content=\"Kisha Orthodh\u03bfkse Autoqefale e Shqip\u00ebris\u00eb\" \/>\n<meta property=\"article:publisher\" content=\"https:\/\/www.facebook.com\/koash1991\" \/>\n<meta property=\"article:published_time\" content=\"2013-03-21T12:39:17+00:00\" \/>\n<meta property=\"article:modified_time\" content=\"2020-04-06T20:05:52+00:00\" \/>\n<meta property=\"og:image\" content=\"https:\/\/lh3.googleusercontent.com\/-0XaSr7tg_9w\/U_NB8PwotlI\/AAAAAAAAA2g\/QXaauIV8bCc\/s577-no\/logo.png\" \/>\n<meta name=\"author\" content=\"Kisha Orthodhokse\" \/>\n<meta name=\"twitter:card\" content=\"summary_large_image\" \/>\n<meta name=\"twitter:label1\" content=\"Written by\" \/>\n\t<meta name=\"twitter:data1\" content=\"Kisha Orthodhokse\" \/>\n\t<meta name=\"twitter:label2\" content=\"Est. reading time\" \/>\n\t<meta name=\"twitter:data2\" content=\"5 minutes\" \/>\n<script type=\"application\/ld+json\" class=\"yoast-schema-graph\">{\"@context\":\"https:\/\/schema.org\",\"@graph\":[{\"@type\":\"Article\",\"@id\":\"https:\/\/orthodoxalbania.org\/2020\/2013\/03\/21\/pergjigje-e-klerikeve-orthodhokse-te-kryepiskopates-se-tiranes-ndaj-shpifjeve-te-koheve-te-fundit\/#article\",\"isPartOf\":{\"@id\":\"https:\/\/orthodoxalbania.org\/2020\/2013\/03\/21\/pergjigje-e-klerikeve-orthodhokse-te-kryepiskopates-se-tiranes-ndaj-shpifjeve-te-koheve-te-fundit\/\"},\"author\":{\"name\":\"Kisha Orthodhokse\",\"@id\":\"https:\/\/orthodoxalbania.org\/2020\/#\/schema\/person\/0c387634a7063ac612d7ed9ce71c7e86\"},\"headline\":\"P\u00ebrgjigje e klerik\u00ebve orthodhoks\u00eb t\u00eb Kryepiskopat\u00ebs s\u00eb Tiran\u00ebs ndaj shpifjeve t\u00eb koh\u00ebve t\u00eb fundit. (22 Dhjetor 2012)\",\"datePublished\":\"2013-03-21T12:39:17+00:00\",\"dateModified\":\"2020-04-06T20:05:52+00:00\",\"mainEntityOfPage\":{\"@id\":\"https:\/\/orthodoxalbania.org\/2020\/2013\/03\/21\/pergjigje-e-klerikeve-orthodhokse-te-kryepiskopates-se-tiranes-ndaj-shpifjeve-te-koheve-te-fundit\/\"},\"wordCount\":1072,\"commentCount\":0,\"publisher\":{\"@id\":\"https:\/\/orthodoxalbania.org\/2020\/#organization\"},\"image\":{\"@id\":\"https:\/\/orthodoxalbania.org\/2020\/2013\/03\/21\/pergjigje-e-klerikeve-orthodhokse-te-kryepiskopates-se-tiranes-ndaj-shpifjeve-te-koheve-te-fundit\/#primaryimage\"},\"thumbnailUrl\":\"https:\/\/lh3.googleusercontent.com\/-0XaSr7tg_9w\/U_NB8PwotlI\/AAAAAAAAA2g\/QXaauIV8bCc\/s577-no\/logo.png\",\"keywords\":[\"2012\",\"Census Artikuj\",\"Deklarata - Njoftime Zyrtare\",\"Kryepiskopata Tiran\u00eb\",\"lajme\",\"P\u00ebrgjigje ndaj akuzave\"],\"articleSection\":[\"Lajme\"],\"inLanguage\":\"en-US\"},{\"@type\":\"WebPage\",\"@id\":\"https:\/\/orthodoxalbania.org\/2020\/2013\/03\/21\/pergjigje-e-klerikeve-orthodhokse-te-kryepiskopates-se-tiranes-ndaj-shpifjeve-te-koheve-te-fundit\/\",\"url\":\"https:\/\/orthodoxalbania.org\/2020\/2013\/03\/21\/pergjigje-e-klerikeve-orthodhokse-te-kryepiskopates-se-tiranes-ndaj-shpifjeve-te-koheve-te-fundit\/\",\"name\":\"P\u00ebrgjigje e klerik\u00ebve orthodhoks\u00eb t\u00eb Kryepiskopat\u00ebs s\u00eb Tiran\u00ebs ndaj shpifjeve t\u00eb koh\u00ebve t\u00eb fundit. (22 Dhjetor 2012) - Kisha Orthodh\u03bfkse Autoqefale e Shqip\u00ebris\u00eb\",\"isPartOf\":{\"@id\":\"https:\/\/orthodoxalbania.org\/2020\/#website\"},\"primaryImageOfPage\":{\"@id\":\"https:\/\/orthodoxalbania.org\/2020\/2013\/03\/21\/pergjigje-e-klerikeve-orthodhokse-te-kryepiskopates-se-tiranes-ndaj-shpifjeve-te-koheve-te-fundit\/#primaryimage\"},\"image\":{\"@id\":\"https:\/\/orthodoxalbania.org\/2020\/2013\/03\/21\/pergjigje-e-klerikeve-orthodhokse-te-kryepiskopates-se-tiranes-ndaj-shpifjeve-te-koheve-te-fundit\/#primaryimage\"},\"thumbnailUrl\":\"https:\/\/lh3.googleusercontent.com\/-0XaSr7tg_9w\/U_NB8PwotlI\/AAAAAAAAA2g\/QXaauIV8bCc\/s577-no\/logo.png\",\"datePublished\":\"2013-03-21T12:39:17+00:00\",\"dateModified\":\"2020-04-06T20:05:52+00:00\",\"breadcrumb\":{\"@id\":\"https:\/\/orthodoxalbania.org\/2020\/2013\/03\/21\/pergjigje-e-klerikeve-orthodhokse-te-kryepiskopates-se-tiranes-ndaj-shpifjeve-te-koheve-te-fundit\/#breadcrumb\"},\"inLanguage\":\"en-US\",\"potentialAction\":[{\"@type\":\"ReadAction\",\"target\":[\"https:\/\/orthodoxalbania.org\/2020\/2013\/03\/21\/pergjigje-e-klerikeve-orthodhokse-te-kryepiskopates-se-tiranes-ndaj-shpifjeve-te-koheve-te-fundit\/\"]}]},{\"@type\":\"ImageObject\",\"inLanguage\":\"en-US\",\"@id\":\"https:\/\/orthodoxalbania.org\/2020\/2013\/03\/21\/pergjigje-e-klerikeve-orthodhokse-te-kryepiskopates-se-tiranes-ndaj-shpifjeve-te-koheve-te-fundit\/#primaryimage\",\"url\":\"https:\/\/lh3.googleusercontent.com\/-0XaSr7tg_9w\/U_NB8PwotlI\/AAAAAAAAA2g\/QXaauIV8bCc\/s577-no\/logo.png\",\"contentUrl\":\"https:\/\/lh3.googleusercontent.com\/-0XaSr7tg_9w\/U_NB8PwotlI\/AAAAAAAAA2g\/QXaauIV8bCc\/s577-no\/logo.png\"},{\"@type\":\"BreadcrumbList\",\"@id\":\"https:\/\/orthodoxalbania.org\/2020\/2013\/03\/21\/pergjigje-e-klerikeve-orthodhokse-te-kryepiskopates-se-tiranes-ndaj-shpifjeve-te-koheve-te-fundit\/#breadcrumb\",\"itemListElement\":[{\"@type\":\"ListItem\",\"position\":1,\"name\":\"Home\",\"item\":\"https:\/\/orthodoxalbania.org\/2020\/\"},{\"@type\":\"ListItem\",\"position\":2,\"name\":\"P\u00ebrgjigje e klerik\u00ebve orthodhoks\u00eb t\u00eb Kryepiskopat\u00ebs s\u00eb Tiran\u00ebs ndaj shpifjeve t\u00eb koh\u00ebve t\u00eb fundit. (22 Dhjetor 2012)\"}]},{\"@type\":\"WebSite\",\"@id\":\"https:\/\/orthodoxalbania.org\/2020\/#website\",\"url\":\"https:\/\/orthodoxalbania.org\/2020\/\",\"name\":\"Kisha Orthodh\u03bfkse Autoqefale e Shqip\u00ebris\u00eb\",\"description\":\"Fqja Zyrtare e Kish\u00ebs Orthodhokse Autoqefale e Shqip\u00ebris\u00eb me lajmet edhe informacionet zyrtare p\u00ebr struktur\u00ebn edhe veprimtarin e saj.\",\"publisher\":{\"@id\":\"https:\/\/orthodoxalbania.org\/2020\/#organization\"},\"potentialAction\":[{\"@type\":\"SearchAction\",\"target\":{\"@type\":\"EntryPoint\",\"urlTemplate\":\"https:\/\/orthodoxalbania.org\/2020\/?s={search_term_string}\"},\"query-input\":{\"@type\":\"PropertyValueSpecification\",\"valueRequired\":true,\"valueName\":\"search_term_string\"}}],\"inLanguage\":\"en-US\"},{\"@type\":\"Organization\",\"@id\":\"https:\/\/orthodoxalbania.org\/2020\/#organization\",\"name\":\"Kisha Orthodhokse Autoqefale e Shqip\u00ebris\u00eb\",\"url\":\"https:\/\/orthodoxalbania.org\/2020\/\",\"logo\":{\"@type\":\"ImageObject\",\"inLanguage\":\"en-US\",\"@id\":\"https:\/\/orthodoxalbania.org\/2020\/#\/schema\/logo\/image\/\",\"url\":\"https:\/\/orthodoxalbania.org\/2020\/wp-content\/uploads\/2020\/05\/albania.jpeg\",\"contentUrl\":\"https:\/\/orthodoxalbania.org\/2020\/wp-content\/uploads\/2020\/05\/albania.jpeg\",\"width\":540,\"height\":540,\"caption\":\"Kisha Orthodhokse Autoqefale e Shqip\u00ebris\u00eb\"},\"image\":{\"@id\":\"https:\/\/orthodoxalbania.org\/2020\/#\/schema\/logo\/image\/\"},\"sameAs\":[\"https:\/\/www.facebook.com\/koash1991\"]},{\"@type\":\"Person\",\"@id\":\"https:\/\/orthodoxalbania.org\/2020\/#\/schema\/person\/0c387634a7063ac612d7ed9ce71c7e86\",\"name\":\"Kisha Orthodhokse\",\"image\":{\"@type\":\"ImageObject\",\"inLanguage\":\"en-US\",\"@id\":\"https:\/\/secure.gravatar.com\/avatar\/596e7c417251e30f2fbb9c00e026fce61a695a00e51c889caded71c96cbbdde5?s=96&d=mm&r=g\",\"url\":\"https:\/\/secure.gravatar.com\/avatar\/596e7c417251e30f2fbb9c00e026fce61a695a00e51c889caded71c96cbbdde5?s=96&d=mm&r=g\",\"contentUrl\":\"https:\/\/secure.gravatar.com\/avatar\/596e7c417251e30f2fbb9c00e026fce61a695a00e51c889caded71c96cbbdde5?s=96&d=mm&r=g\",\"caption\":\"Kisha Orthodhokse\"}}]}<\/script>\n<!-- \/ Yoast SEO plugin. -->","yoast_head_json":{"title":"P\u00ebrgjigje e klerik\u00ebve orthodhoks\u00eb t\u00eb Kryepiskopat\u00ebs s\u00eb Tiran\u00ebs ndaj shpifjeve t\u00eb koh\u00ebve t\u00eb fundit. (22 Dhjetor 2012) - Kisha Orthodh\u03bfkse Autoqefale e Shqip\u00ebris\u00eb","robots":{"index":"index","follow":"follow","max-snippet":"max-snippet:-1","max-image-preview":"max-image-preview:large","max-video-preview":"max-video-preview:-1"},"canonical":"https:\/\/orthodoxalbania.org\/2020\/2013\/03\/21\/pergjigje-e-klerikeve-orthodhokse-te-kryepiskopates-se-tiranes-ndaj-shpifjeve-te-koheve-te-fundit\/","og_locale":"en_US","og_type":"article","og_title":"P\u00ebrgjigje e klerik\u00ebve orthodhoks\u00eb t\u00eb Kryepiskopat\u00ebs s\u00eb Tiran\u00ebs ndaj shpifjeve t\u00eb koh\u00ebve t\u00eb fundit. (22 Dhjetor 2012) - Kisha Orthodh\u03bfkse Autoqefale e Shqip\u00ebris\u00eb","og_description":"&nbsp; &nbsp;Kisha Orthodhokse Autoqefale e Shqip\u00ebris\u00eb Rruga e Kavaj\u00ebs, Nr. 151, Tiran\u00eb &nbsp; P\u00ebrgjigje e klerik\u00ebve orthodhoks\u00eb t\u00eb Kryepiskopat\u00ebs s\u00eb Tiran\u00ebs ndaj shpifjeve t\u00eb koh\u00ebve t\u00eb fundit &nbsp; &nbsp;&nbsp;&nbsp; Kisha Orthodhokse Autoqefale e Shqip\u00ebris\u00eb, nga viti 1992 e n\u00eb vazhdim, n\u00ebn drejtimin e Fortlumturis\u00eb s\u00eb Tij, Kryepiskopit t\u00eb Tiran\u00ebs, Durr\u00ebsit dhe Gjith\u00eb Shqip\u00ebris\u00eb, Anastasit, ka vendosur si parim t\u00eb sajin t\u00eb mos lidhet dhe as","og_url":"https:\/\/orthodoxalbania.org\/2020\/2013\/03\/21\/pergjigje-e-klerikeve-orthodhokse-te-kryepiskopates-se-tiranes-ndaj-shpifjeve-te-koheve-te-fundit\/","og_site_name":"Kisha Orthodh\u03bfkse Autoqefale e Shqip\u00ebris\u00eb","article_publisher":"https:\/\/www.facebook.com\/koash1991","article_published_time":"2013-03-21T12:39:17+00:00","article_modified_time":"2020-04-06T20:05:52+00:00","og_image":[{"url":"https:\/\/lh3.googleusercontent.com\/-0XaSr7tg_9w\/U_NB8PwotlI\/AAAAAAAAA2g\/QXaauIV8bCc\/s577-no\/logo.png","type":"","width":"","height":""}],"author":"Kisha Orthodhokse","twitter_card":"summary_large_image","twitter_misc":{"Written by":"Kisha Orthodhokse","Est. reading time":"5 minutes"},"schema":{"@context":"https:\/\/schema.org","@graph":[{"@type":"Article","@id":"https:\/\/orthodoxalbania.org\/2020\/2013\/03\/21\/pergjigje-e-klerikeve-orthodhokse-te-kryepiskopates-se-tiranes-ndaj-shpifjeve-te-koheve-te-fundit\/#article","isPartOf":{"@id":"https:\/\/orthodoxalbania.org\/2020\/2013\/03\/21\/pergjigje-e-klerikeve-orthodhokse-te-kryepiskopates-se-tiranes-ndaj-shpifjeve-te-koheve-te-fundit\/"},"author":{"name":"Kisha Orthodhokse","@id":"https:\/\/orthodoxalbania.org\/2020\/#\/schema\/person\/0c387634a7063ac612d7ed9ce71c7e86"},"headline":"P\u00ebrgjigje e klerik\u00ebve orthodhoks\u00eb t\u00eb Kryepiskopat\u00ebs s\u00eb Tiran\u00ebs ndaj shpifjeve t\u00eb koh\u00ebve t\u00eb fundit. (22 Dhjetor 2012)","datePublished":"2013-03-21T12:39:17+00:00","dateModified":"2020-04-06T20:05:52+00:00","mainEntityOfPage":{"@id":"https:\/\/orthodoxalbania.org\/2020\/2013\/03\/21\/pergjigje-e-klerikeve-orthodhokse-te-kryepiskopates-se-tiranes-ndaj-shpifjeve-te-koheve-te-fundit\/"},"wordCount":1072,"commentCount":0,"publisher":{"@id":"https:\/\/orthodoxalbania.org\/2020\/#organization"},"image":{"@id":"https:\/\/orthodoxalbania.org\/2020\/2013\/03\/21\/pergjigje-e-klerikeve-orthodhokse-te-kryepiskopates-se-tiranes-ndaj-shpifjeve-te-koheve-te-fundit\/#primaryimage"},"thumbnailUrl":"https:\/\/lh3.googleusercontent.com\/-0XaSr7tg_9w\/U_NB8PwotlI\/AAAAAAAAA2g\/QXaauIV8bCc\/s577-no\/logo.png","keywords":["2012","Census Artikuj","Deklarata - Njoftime Zyrtare","Kryepiskopata Tiran\u00eb","lajme","P\u00ebrgjigje ndaj akuzave"],"articleSection":["Lajme"],"inLanguage":"en-US"},{"@type":"WebPage","@id":"https:\/\/orthodoxalbania.org\/2020\/2013\/03\/21\/pergjigje-e-klerikeve-orthodhokse-te-kryepiskopates-se-tiranes-ndaj-shpifjeve-te-koheve-te-fundit\/","url":"https:\/\/orthodoxalbania.org\/2020\/2013\/03\/21\/pergjigje-e-klerikeve-orthodhokse-te-kryepiskopates-se-tiranes-ndaj-shpifjeve-te-koheve-te-fundit\/","name":"P\u00ebrgjigje e klerik\u00ebve orthodhoks\u00eb t\u00eb Kryepiskopat\u00ebs s\u00eb Tiran\u00ebs ndaj shpifjeve t\u00eb koh\u00ebve t\u00eb fundit. (22 Dhjetor 2012) - Kisha Orthodh\u03bfkse Autoqefale e Shqip\u00ebris\u00eb","isPartOf":{"@id":"https:\/\/orthodoxalbania.org\/2020\/#website"},"primaryImageOfPage":{"@id":"https:\/\/orthodoxalbania.org\/2020\/2013\/03\/21\/pergjigje-e-klerikeve-orthodhokse-te-kryepiskopates-se-tiranes-ndaj-shpifjeve-te-koheve-te-fundit\/#primaryimage"},"image":{"@id":"https:\/\/orthodoxalbania.org\/2020\/2013\/03\/21\/pergjigje-e-klerikeve-orthodhokse-te-kryepiskopates-se-tiranes-ndaj-shpifjeve-te-koheve-te-fundit\/#primaryimage"},"thumbnailUrl":"https:\/\/lh3.googleusercontent.com\/-0XaSr7tg_9w\/U_NB8PwotlI\/AAAAAAAAA2g\/QXaauIV8bCc\/s577-no\/logo.png","datePublished":"2013-03-21T12:39:17+00:00","dateModified":"2020-04-06T20:05:52+00:00","breadcrumb":{"@id":"https:\/\/orthodoxalbania.org\/2020\/2013\/03\/21\/pergjigje-e-klerikeve-orthodhokse-te-kryepiskopates-se-tiranes-ndaj-shpifjeve-te-koheve-te-fundit\/#breadcrumb"},"inLanguage":"en-US","potentialAction":[{"@type":"ReadAction","target":["https:\/\/orthodoxalbania.org\/2020\/2013\/03\/21\/pergjigje-e-klerikeve-orthodhokse-te-kryepiskopates-se-tiranes-ndaj-shpifjeve-te-koheve-te-fundit\/"]}]},{"@type":"ImageObject","inLanguage":"en-US","@id":"https:\/\/orthodoxalbania.org\/2020\/2013\/03\/21\/pergjigje-e-klerikeve-orthodhokse-te-kryepiskopates-se-tiranes-ndaj-shpifjeve-te-koheve-te-fundit\/#primaryimage","url":"https:\/\/lh3.googleusercontent.com\/-0XaSr7tg_9w\/U_NB8PwotlI\/AAAAAAAAA2g\/QXaauIV8bCc\/s577-no\/logo.png","contentUrl":"https:\/\/lh3.googleusercontent.com\/-0XaSr7tg_9w\/U_NB8PwotlI\/AAAAAAAAA2g\/QXaauIV8bCc\/s577-no\/logo.png"},{"@type":"BreadcrumbList","@id":"https:\/\/orthodoxalbania.org\/2020\/2013\/03\/21\/pergjigje-e-klerikeve-orthodhokse-te-kryepiskopates-se-tiranes-ndaj-shpifjeve-te-koheve-te-fundit\/#breadcrumb","itemListElement":[{"@type":"ListItem","position":1,"name":"Home","item":"https:\/\/orthodoxalbania.org\/2020\/"},{"@type":"ListItem","position":2,"name":"P\u00ebrgjigje e klerik\u00ebve orthodhoks\u00eb t\u00eb Kryepiskopat\u00ebs s\u00eb Tiran\u00ebs ndaj shpifjeve t\u00eb koh\u00ebve t\u00eb fundit. (22 Dhjetor 2012)"}]},{"@type":"WebSite","@id":"https:\/\/orthodoxalbania.org\/2020\/#website","url":"https:\/\/orthodoxalbania.org\/2020\/","name":"Kisha Orthodh\u03bfkse Autoqefale e Shqip\u00ebris\u00eb","description":"Fqja Zyrtare e Kish\u00ebs Orthodhokse Autoqefale e Shqip\u00ebris\u00eb me lajmet edhe informacionet zyrtare p\u00ebr struktur\u00ebn edhe veprimtarin e saj.","publisher":{"@id":"https:\/\/orthodoxalbania.org\/2020\/#organization"},"potentialAction":[{"@type":"SearchAction","target":{"@type":"EntryPoint","urlTemplate":"https:\/\/orthodoxalbania.org\/2020\/?s={search_term_string}"},"query-input":{"@type":"PropertyValueSpecification","valueRequired":true,"valueName":"search_term_string"}}],"inLanguage":"en-US"},{"@type":"Organization","@id":"https:\/\/orthodoxalbania.org\/2020\/#organization","name":"Kisha Orthodhokse Autoqefale e Shqip\u00ebris\u00eb","url":"https:\/\/orthodoxalbania.org\/2020\/","logo":{"@type":"ImageObject","inLanguage":"en-US","@id":"https:\/\/orthodoxalbania.org\/2020\/#\/schema\/logo\/image\/","url":"https:\/\/orthodoxalbania.org\/2020\/wp-content\/uploads\/2020\/05\/albania.jpeg","contentUrl":"https:\/\/orthodoxalbania.org\/2020\/wp-content\/uploads\/2020\/05\/albania.jpeg","width":540,"height":540,"caption":"Kisha Orthodhokse Autoqefale e Shqip\u00ebris\u00eb"},"image":{"@id":"https:\/\/orthodoxalbania.org\/2020\/#\/schema\/logo\/image\/"},"sameAs":["https:\/\/www.facebook.com\/koash1991"]},{"@type":"Person","@id":"https:\/\/orthodoxalbania.org\/2020\/#\/schema\/person\/0c387634a7063ac612d7ed9ce71c7e86","name":"Kisha Orthodhokse","image":{"@type":"ImageObject","inLanguage":"en-US","@id":"https:\/\/secure.gravatar.com\/avatar\/596e7c417251e30f2fbb9c00e026fce61a695a00e51c889caded71c96cbbdde5?s=96&d=mm&r=g","url":"https:\/\/secure.gravatar.com\/avatar\/596e7c417251e30f2fbb9c00e026fce61a695a00e51c889caded71c96cbbdde5?s=96&d=mm&r=g","contentUrl":"https:\/\/secure.gravatar.com\/avatar\/596e7c417251e30f2fbb9c00e026fce61a695a00e51c889caded71c96cbbdde5?s=96&d=mm&r=g","caption":"Kisha Orthodhokse"}}]}},"_links":{"self":[{"href":"https:\/\/orthodoxalbania.org\/2020\/wp-json\/wp\/v2\/posts\/1085","targetHints":{"allow":["GET"]}}],"collection":[{"href":"https:\/\/orthodoxalbania.org\/2020\/wp-json\/wp\/v2\/posts"}],"about":[{"href":"https:\/\/orthodoxalbania.org\/2020\/wp-json\/wp\/v2\/types\/post"}],"author":[{"embeddable":true,"href":"https:\/\/orthodoxalbania.org\/2020\/wp-json\/wp\/v2\/users\/1"}],"replies":[{"embeddable":true,"href":"https:\/\/orthodoxalbania.org\/2020\/wp-json\/wp\/v2\/comments?post=1085"}],"version-history":[{"count":1,"href":"https:\/\/orthodoxalbania.org\/2020\/wp-json\/wp\/v2\/posts\/1085\/revisions"}],"predecessor-version":[{"id":14248,"href":"https:\/\/orthodoxalbania.org\/2020\/wp-json\/wp\/v2\/posts\/1085\/revisions\/14248"}],"wp:attachment":[{"href":"https:\/\/orthodoxalbania.org\/2020\/wp-json\/wp\/v2\/media?parent=1085"}],"wp:term":[{"taxonomy":"category","embeddable":true,"href":"https:\/\/orthodoxalbania.org\/2020\/wp-json\/wp\/v2\/categories?post=1085"},{"taxonomy":"post_tag","embeddable":true,"href":"https:\/\/orthodoxalbania.org\/2020\/wp-json\/wp\/v2\/tags?post=1085"}],"curies":[{"name":"wp","href":"https:\/\/api.w.org\/{rel}","templated":true}]}}