{"id":1078,"date":"2014-09-25T10:58:43","date_gmt":"2014-09-25T10:58:43","guid":{"rendered":""},"modified":"2020-04-06T22:02:22","modified_gmt":"2020-04-06T20:02:22","slug":"perfundoi-ndertimi-i-serave-te-perfitueseve-te-projektit-fuqizimi-i-grave-nepermjet-nismave-te-qendrueshme-ekonomike-ne-komunen-shushice-elbasan","status":"publish","type":"post","link":"https:\/\/orthodoxalbania.org\/2020\/2014\/09\/25\/perfundoi-ndertimi-i-serave-te-perfitueseve-te-projektit-fuqizimi-i-grave-nepermjet-nismave-te-qendrueshme-ekonomike-ne-komunen-shushice-elbasan\/","title":{"rendered":"P\u00ebrfundoi nd\u00ebrtimi i serrave t\u00eb p\u00ebrfitueseve t\u00eb projektit \u201cFuqizimi i grave n\u00ebp\u00ebrmjet nismave t\u00eb q\u00ebndrueshme ekonomike\u201d n\u00eb komun\u00ebn Shushic\u00eb, Elbasan!"},"content":{"rendered":"<div style=\"text-align: justify;\"> <\/p>\n<p><span style=\"color: #000000; font-size: 12pt; font-family: helvetica;\">&nbsp;&nbsp;&nbsp; T\u00eb p\u00ebrzgjedhura mes 60 konkurrueseve, n\u00eb projektin e financuar nga USAID dhe Assist Impact dhe zbatuar nga Zyra Diakonia Agapes (Sh\u00ebrbimi i Dashuris\u00eb), e Kish\u00ebs Orthodhokse Autoqefale t\u00eb Shqip\u00ebris\u00eb, 20 gra banore t\u00eb komun\u00ebs Shushic\u00eb, kan\u00eb p\u00ebrfunduar procesin e nd\u00ebrtimit t\u00eb serrave, q\u00eb ishte edhe faza finale e projektit. Skuadra p\u00ebrgjegj\u00ebse p\u00ebr nd\u00ebrtimin e serrave nisi pun\u00ebn q\u00eb prej fillimit t\u00eb muajit gusht dhe p\u00ebrfundoi serrat p\u00ebr grat\u00eb banore t\u00eb fshatrave Mliz\u00eb, Shelcan dhe Shushic\u00eb.<\/span><\/p>\n<p><span style=\"color: #000000; font-size: 12pt; font-family: helvetica;\">&nbsp;&nbsp;&nbsp; Nd\u00ebrtimi i serrave p\u00ebrb\u00ebn finalizimin e p\u00ebrpjekjeve t\u00eb nisura n\u00eb janar t\u00eb k\u00ebtij viti me takimet nd\u00ebrgjegj\u00ebsuese mbi barazin\u00eb gjinore, t\u00eb cilat mblodh\u00ebn s\u00eb bashku m\u00eb shum\u00eb se 240 gra dhe burra n\u00eb disa takime, ku u diskutua p\u00ebr \u00e7\u00ebshtje sociale me ndikim t\u00eb madh n\u00eb shoq\u00ebri, si t\u00eb drejtat e njeriut, dhuna n\u00eb familje, barazia gjinore dhe mobilizimi i komunitetit. Takimet vijuan m\u00eb pas me aft\u00ebsimin dhe trajnimin e grave p\u00ebr kultivimin e perimeve n\u00eb fusha t\u00eb hapura dhe serra dhe aft\u00ebsimin e tyre p\u00ebr marketingun dhe shitjen e prodhimeve, paraqitjen e nj\u00eb plani biznesi personal, dhe p\u00ebrzgjedhjen e tyre.<\/span><\/p>\n<p><span style=\"color: #000000; font-size: 12pt; font-family: helvetica;\">&nbsp;&nbsp;&nbsp; I gjith\u00eb projekti synonte p\u00ebrfshirjen sa m\u00eb t\u00eb madhe t\u00eb pjes\u00ebmarr\u00ebsve, jo vet\u00ebm grave por edhe burrave, n\u00eb secilin prej aktiviteteve. Kjo zgjedhje u b\u00eb nga Diakonia Agapes bazuar n\u00eb p\u00ebrvoj\u00ebn e saj shum\u00ebvje\u00e7are me projekte n\u00eb Shushic\u00eb dhe duke njohur nevojat dhe potencialin e k\u00ebsaj zone dhe banor\u00ebve t\u00eb saj. Ajo q\u00eb u vu re ishte angazhimi i madh, motivimi dhe kontributi financiar n\u00eb k\u00ebt\u00eb nism\u00eb, e cila do t\u00eb krijoj\u00eb mund\u00ebsin\u00eb q\u00eb 20 gra, 20 familje, jo vet\u00ebm t\u00eb nd\u00ebrtonin serra t\u00eb reja (duke shtuar me 1800 m<sup>2<\/sup> sip\u00ebrfaqjen me serra n\u00eb Shushic\u00eb), por edhe t\u00eb rrisin n\u00eb k\u00ebt\u00eb m\u00ebnyr\u00eb prodhimin bujq\u00ebsor dhe t\u00eb ardhurat e familjeve. Me an\u00eb t\u00eb k\u00ebtij projekti synohet edhe siguria e produkteve t\u00eb kultivuara nga fermeret, ndaj ato u trajnuan edhe mbi rregullat e p\u00ebrdorimit t\u00eb pesticideve dhe helmeve t\u00eb ndryshme gjat\u00eb kultivimit t\u00eb prodhimeve bujq\u00ebsore. Mb\u00ebshtetja ishte e madhe edhe nga pushteti lokal i komun\u00ebs Shushic\u00eb, si dhe specialist\u00ebt e bujq\u00ebsis\u00eb t\u00eb k\u00ebsaj komune.<\/span><\/p>\n<p><span style=\"color: #000000; font-size: 12pt; font-family: helvetica;\">&nbsp;&nbsp;&nbsp; Ky projekt u hartua duke u bazuar n\u00eb nevojat e banor\u00ebve t\u00eb Shushic\u00ebs, duke pasur parasysh v\u00ebshtir\u00ebsit\u00eb q\u00eb hasen nga grat\u00eb dhe vajzat atje kur ato p\u00ebrpiqen p\u00ebr t\u00eb rritur kontributin n\u00eb familje dhe komunitet, duke mposhtur pengesat sociale dhe ekonomike p\u00ebr to. K\u00ebto 20 nisma t\u00eb reja do t\u00eb sh\u00ebrbejn\u00eb si shembuj pozitiv\u00eb t\u00eb potencialit q\u00eb kan\u00eb grat\u00eb dhe vajzat, t\u00eb cilat jan\u00eb padyshim bashk\u00eb-kontribuese n\u00eb rritjen e mir\u00ebqenies s\u00eb familjes dhe komunitetit ku ato jetojn\u00eb.<\/span><\/p>\n<p>&nbsp;<\/p>\n<p><span style=\"color: #000000;\"><span style=\"font-family: tahoma,geneva,sans-serif;\"><span style=\"font-size: 12px;\"><span style=\"font-family: tahoma,geneva,sans-serif;\"><span style=\"font-size: 12px;\"><img class=\"lazyload\" decoding=\"async\" style=\"border-width: 1px; border-style: solid; margin: 10px auto; width: 650px; height: 970px; display: block;\" alt=\"\" src=\"data:image\/gif;base64,R0lGODlhAQABAAAAACH5BAEKAAEALAAAAAABAAEAAAICTAEAOw==\" data-orig-src=\"https:\/\/lh4.googleusercontent.com\/-ZzcP8fFAv3Q\/VCP0HwOYSLI\/AAAAAAAADUw\/9Wlb7ds4nvU\/w558-h833-no\/serat%2Be%2Bndertuara%2B2.jpg\" \/><\/span><\/span><\/span><\/span><\/span><\/p>\n<\/div>\n<div style=\"text-align: justify;\">&nbsp;<\/div>\n","protected":false},"excerpt":{"rendered":"<p>&nbsp;&nbsp;&nbsp; T\u00eb p\u00ebrzgjedhura mes 60 konkurrueseve, n\u00eb projektin e financuar nga USAID dhe Assist Impact dhe zbatuar nga Zyra Diakonia Agapes (Sh\u00ebrbimi i Dashuris\u00eb), e Kish\u00ebs Orthodhokse Autoqefale t\u00eb Shqip\u00ebris\u00eb, 20 gra banore t\u00eb komun\u00ebs Shushic\u00eb, kan\u00eb p\u00ebrfunduar procesin e nd\u00ebrtimit t\u00eb serrave, q\u00eb ishte edhe faza finale e projektit. Skuadra p\u00ebrgjegj\u00ebse p\u00ebr nd\u00ebrtimin e serrave nisi pun\u00ebn q\u00eb prej fillimit t\u00eb muajit gusht dhe<\/p>\n","protected":false},"author":1,"featured_media":1079,"comment_status":"open","ping_status":"open","sticky":false,"template":"","format":"standard","meta":{"_acf_changed":false,"pagelayer_contact_templates":[],"_pagelayer_content":"","inline_featured_image":false,"fifu_image_url":"","fifu_image_alt":"","footnotes":""},"categories":[108],"tags":[140,154,633,196,212,174],"class_list":["post-1078","post","type-post","status-publish","format-standard","has-post-thumbnail","hentry","category-lajme","tag-140","tag-aktivitete","tag-donacionendihma","tag-tirane","tag-lajme-d27","tag-diakonia-agapes"],"acf":[],"yoast_head":"<!-- This site is optimized with the Yoast SEO plugin v27.2 - https:\/\/yoast.com\/product\/yoast-seo-wordpress\/ -->\n<title>P\u00ebrfundoi nd\u00ebrtimi i serrave t\u00eb p\u00ebrfitueseve t\u00eb projektit \u201cFuqizimi i grave n\u00ebp\u00ebrmjet nismave t\u00eb q\u00ebndrueshme ekonomike\u201d n\u00eb komun\u00ebn Shushic\u00eb, Elbasan! - Kisha Orthodh\u03bfkse Autoqefale e Shqip\u00ebris\u00eb<\/title>\n<meta name=\"robots\" content=\"index, follow, max-snippet:-1, max-image-preview:large, max-video-preview:-1\" \/>\n<link rel=\"canonical\" href=\"https:\/\/orthodoxalbania.org\/2020\/2014\/09\/25\/perfundoi-ndertimi-i-serave-te-perfitueseve-te-projektit-fuqizimi-i-grave-nepermjet-nismave-te-qendrueshme-ekonomike-ne-komunen-shushice-elbasan\/\" \/>\n<meta property=\"og:locale\" content=\"en_US\" \/>\n<meta property=\"og:type\" content=\"article\" \/>\n<meta property=\"og:title\" content=\"P\u00ebrfundoi nd\u00ebrtimi i serrave t\u00eb p\u00ebrfitueseve t\u00eb projektit \u201cFuqizimi i grave n\u00ebp\u00ebrmjet nismave t\u00eb q\u00ebndrueshme ekonomike\u201d n\u00eb komun\u00ebn Shushic\u00eb, Elbasan! - Kisha Orthodh\u03bfkse Autoqefale e Shqip\u00ebris\u00eb\" \/>\n<meta property=\"og:description\" content=\"&nbsp;&nbsp;&nbsp; T\u00eb p\u00ebrzgjedhura mes 60 konkurrueseve, n\u00eb projektin e financuar nga USAID dhe Assist Impact dhe zbatuar nga Zyra Diakonia Agapes (Sh\u00ebrbimi i Dashuris\u00eb), e Kish\u00ebs Orthodhokse Autoqefale t\u00eb Shqip\u00ebris\u00eb, 20 gra banore t\u00eb komun\u00ebs Shushic\u00eb, kan\u00eb p\u00ebrfunduar procesin e nd\u00ebrtimit t\u00eb serrave, q\u00eb ishte edhe faza finale e projektit. Skuadra p\u00ebrgjegj\u00ebse p\u00ebr nd\u00ebrtimin e serrave nisi pun\u00ebn q\u00eb prej fillimit t\u00eb muajit gusht dhe\" \/>\n<meta property=\"og:url\" content=\"https:\/\/orthodoxalbania.org\/2020\/2014\/09\/25\/perfundoi-ndertimi-i-serave-te-perfitueseve-te-projektit-fuqizimi-i-grave-nepermjet-nismave-te-qendrueshme-ekonomike-ne-komunen-shushice-elbasan\/\" \/>\n<meta property=\"og:site_name\" content=\"Kisha Orthodh\u03bfkse Autoqefale e Shqip\u00ebris\u00eb\" \/>\n<meta property=\"article:publisher\" content=\"https:\/\/www.facebook.com\/koash1991\" \/>\n<meta property=\"article:published_time\" content=\"2014-09-25T10:58:43+00:00\" \/>\n<meta property=\"article:modified_time\" content=\"2020-04-06T20:02:22+00:00\" \/>\n<meta property=\"og:image\" content=\"https:\/\/orthodoxalbania.org\/2020\/wp-content\/uploads\/2020\/04\/serat%2Be%2Bndertuara%2B2.jpg\" \/>\n\t<meta property=\"og:image:width\" content=\"150\" \/>\n\t<meta property=\"og:image:height\" content=\"150\" \/>\n\t<meta property=\"og:image:type\" content=\"image\/jpeg\" \/>\n<meta name=\"author\" content=\"Kisha Orthodhokse\" \/>\n<meta name=\"twitter:card\" content=\"summary_large_image\" \/>\n<meta name=\"twitter:label1\" content=\"Written by\" \/>\n\t<meta name=\"twitter:data1\" content=\"Kisha Orthodhokse\" \/>\n\t<meta name=\"twitter:label2\" content=\"Est. reading time\" \/>\n\t<meta name=\"twitter:data2\" content=\"2 minutes\" \/>\n<script type=\"application\/ld+json\" class=\"yoast-schema-graph\">{\"@context\":\"https:\/\/schema.org\",\"@graph\":[{\"@type\":\"Article\",\"@id\":\"https:\/\/orthodoxalbania.org\/2020\/2014\/09\/25\/perfundoi-ndertimi-i-serave-te-perfitueseve-te-projektit-fuqizimi-i-grave-nepermjet-nismave-te-qendrueshme-ekonomike-ne-komunen-shushice-elbasan\/#article\",\"isPartOf\":{\"@id\":\"https:\/\/orthodoxalbania.org\/2020\/2014\/09\/25\/perfundoi-ndertimi-i-serave-te-perfitueseve-te-projektit-fuqizimi-i-grave-nepermjet-nismave-te-qendrueshme-ekonomike-ne-komunen-shushice-elbasan\/\"},\"author\":{\"name\":\"Kisha Orthodhokse\",\"@id\":\"https:\/\/orthodoxalbania.org\/2020\/#\/schema\/person\/0c387634a7063ac612d7ed9ce71c7e86\"},\"headline\":\"P\u00ebrfundoi nd\u00ebrtimi i serrave t\u00eb p\u00ebrfitueseve t\u00eb projektit \u201cFuqizimi i grave n\u00ebp\u00ebrmjet nismave t\u00eb q\u00ebndrueshme ekonomike\u201d n\u00eb komun\u00ebn Shushic\u00eb, Elbasan!\",\"datePublished\":\"2014-09-25T10:58:43+00:00\",\"dateModified\":\"2020-04-06T20:02:22+00:00\",\"mainEntityOfPage\":{\"@id\":\"https:\/\/orthodoxalbania.org\/2020\/2014\/09\/25\/perfundoi-ndertimi-i-serave-te-perfitueseve-te-projektit-fuqizimi-i-grave-nepermjet-nismave-te-qendrueshme-ekonomike-ne-komunen-shushice-elbasan\/\"},\"wordCount\":515,\"commentCount\":0,\"publisher\":{\"@id\":\"https:\/\/orthodoxalbania.org\/2020\/#organization\"},\"image\":{\"@id\":\"https:\/\/orthodoxalbania.org\/2020\/2014\/09\/25\/perfundoi-ndertimi-i-serave-te-perfitueseve-te-projektit-fuqizimi-i-grave-nepermjet-nismave-te-qendrueshme-ekonomike-ne-komunen-shushice-elbasan\/#primaryimage\"},\"thumbnailUrl\":\"https:\/\/orthodoxalbania.org\/2020\/wp-content\/uploads\/2020\/04\/serat%2Be%2Bndertuara%2B2.jpg\",\"keywords\":[\"2014\",\"Aktivitete\",\"DonacioneNdihma\",\"Kryepiskopata Tiran\u00eb\",\"lajme\",\"Zyra \\\"Sh\u00ebrbimi i Dashuris\u00eb\\\"\"],\"articleSection\":[\"Lajme\"],\"inLanguage\":\"en-US\"},{\"@type\":\"WebPage\",\"@id\":\"https:\/\/orthodoxalbania.org\/2020\/2014\/09\/25\/perfundoi-ndertimi-i-serave-te-perfitueseve-te-projektit-fuqizimi-i-grave-nepermjet-nismave-te-qendrueshme-ekonomike-ne-komunen-shushice-elbasan\/\",\"url\":\"https:\/\/orthodoxalbania.org\/2020\/2014\/09\/25\/perfundoi-ndertimi-i-serave-te-perfitueseve-te-projektit-fuqizimi-i-grave-nepermjet-nismave-te-qendrueshme-ekonomike-ne-komunen-shushice-elbasan\/\",\"name\":\"P\u00ebrfundoi nd\u00ebrtimi i serrave t\u00eb p\u00ebrfitueseve t\u00eb projektit \u201cFuqizimi i grave n\u00ebp\u00ebrmjet nismave t\u00eb q\u00ebndrueshme ekonomike\u201d n\u00eb komun\u00ebn Shushic\u00eb, Elbasan! - Kisha Orthodh\u03bfkse Autoqefale e Shqip\u00ebris\u00eb\",\"isPartOf\":{\"@id\":\"https:\/\/orthodoxalbania.org\/2020\/#website\"},\"primaryImageOfPage\":{\"@id\":\"https:\/\/orthodoxalbania.org\/2020\/2014\/09\/25\/perfundoi-ndertimi-i-serave-te-perfitueseve-te-projektit-fuqizimi-i-grave-nepermjet-nismave-te-qendrueshme-ekonomike-ne-komunen-shushice-elbasan\/#primaryimage\"},\"image\":{\"@id\":\"https:\/\/orthodoxalbania.org\/2020\/2014\/09\/25\/perfundoi-ndertimi-i-serave-te-perfitueseve-te-projektit-fuqizimi-i-grave-nepermjet-nismave-te-qendrueshme-ekonomike-ne-komunen-shushice-elbasan\/#primaryimage\"},\"thumbnailUrl\":\"https:\/\/orthodoxalbania.org\/2020\/wp-content\/uploads\/2020\/04\/serat%2Be%2Bndertuara%2B2.jpg\",\"datePublished\":\"2014-09-25T10:58:43+00:00\",\"dateModified\":\"2020-04-06T20:02:22+00:00\",\"breadcrumb\":{\"@id\":\"https:\/\/orthodoxalbania.org\/2020\/2014\/09\/25\/perfundoi-ndertimi-i-serave-te-perfitueseve-te-projektit-fuqizimi-i-grave-nepermjet-nismave-te-qendrueshme-ekonomike-ne-komunen-shushice-elbasan\/#breadcrumb\"},\"inLanguage\":\"en-US\",\"potentialAction\":[{\"@type\":\"ReadAction\",\"target\":[\"https:\/\/orthodoxalbania.org\/2020\/2014\/09\/25\/perfundoi-ndertimi-i-serave-te-perfitueseve-te-projektit-fuqizimi-i-grave-nepermjet-nismave-te-qendrueshme-ekonomike-ne-komunen-shushice-elbasan\/\"]}]},{\"@type\":\"ImageObject\",\"inLanguage\":\"en-US\",\"@id\":\"https:\/\/orthodoxalbania.org\/2020\/2014\/09\/25\/perfundoi-ndertimi-i-serave-te-perfitueseve-te-projektit-fuqizimi-i-grave-nepermjet-nismave-te-qendrueshme-ekonomike-ne-komunen-shushice-elbasan\/#primaryimage\",\"url\":\"https:\/\/orthodoxalbania.org\/2020\/wp-content\/uploads\/2020\/04\/serat%2Be%2Bndertuara%2B2.jpg\",\"contentUrl\":\"https:\/\/orthodoxalbania.org\/2020\/wp-content\/uploads\/2020\/04\/serat%2Be%2Bndertuara%2B2.jpg\",\"width\":150,\"height\":150},{\"@type\":\"BreadcrumbList\",\"@id\":\"https:\/\/orthodoxalbania.org\/2020\/2014\/09\/25\/perfundoi-ndertimi-i-serave-te-perfitueseve-te-projektit-fuqizimi-i-grave-nepermjet-nismave-te-qendrueshme-ekonomike-ne-komunen-shushice-elbasan\/#breadcrumb\",\"itemListElement\":[{\"@type\":\"ListItem\",\"position\":1,\"name\":\"Home\",\"item\":\"https:\/\/orthodoxalbania.org\/2020\/\"},{\"@type\":\"ListItem\",\"position\":2,\"name\":\"P\u00ebrfundoi nd\u00ebrtimi i serrave t\u00eb p\u00ebrfitueseve t\u00eb projektit \u201cFuqizimi i grave n\u00ebp\u00ebrmjet nismave t\u00eb q\u00ebndrueshme ekonomike\u201d n\u00eb komun\u00ebn Shushic\u00eb, Elbasan!\"}]},{\"@type\":\"WebSite\",\"@id\":\"https:\/\/orthodoxalbania.org\/2020\/#website\",\"url\":\"https:\/\/orthodoxalbania.org\/2020\/\",\"name\":\"Kisha Orthodh\u03bfkse Autoqefale e Shqip\u00ebris\u00eb\",\"description\":\"Fqja Zyrtare e Kish\u00ebs Orthodhokse Autoqefale e Shqip\u00ebris\u00eb me lajmet edhe informacionet zyrtare p\u00ebr struktur\u00ebn edhe veprimtarin e saj.\",\"publisher\":{\"@id\":\"https:\/\/orthodoxalbania.org\/2020\/#organization\"},\"potentialAction\":[{\"@type\":\"SearchAction\",\"target\":{\"@type\":\"EntryPoint\",\"urlTemplate\":\"https:\/\/orthodoxalbania.org\/2020\/?s={search_term_string}\"},\"query-input\":{\"@type\":\"PropertyValueSpecification\",\"valueRequired\":true,\"valueName\":\"search_term_string\"}}],\"inLanguage\":\"en-US\"},{\"@type\":\"Organization\",\"@id\":\"https:\/\/orthodoxalbania.org\/2020\/#organization\",\"name\":\"Kisha Orthodhokse Autoqefale e Shqip\u00ebris\u00eb\",\"url\":\"https:\/\/orthodoxalbania.org\/2020\/\",\"logo\":{\"@type\":\"ImageObject\",\"inLanguage\":\"en-US\",\"@id\":\"https:\/\/orthodoxalbania.org\/2020\/#\/schema\/logo\/image\/\",\"url\":\"https:\/\/orthodoxalbania.org\/2020\/wp-content\/uploads\/2020\/05\/albania.jpeg\",\"contentUrl\":\"https:\/\/orthodoxalbania.org\/2020\/wp-content\/uploads\/2020\/05\/albania.jpeg\",\"width\":540,\"height\":540,\"caption\":\"Kisha Orthodhokse Autoqefale e Shqip\u00ebris\u00eb\"},\"image\":{\"@id\":\"https:\/\/orthodoxalbania.org\/2020\/#\/schema\/logo\/image\/\"},\"sameAs\":[\"https:\/\/www.facebook.com\/koash1991\"]},{\"@type\":\"Person\",\"@id\":\"https:\/\/orthodoxalbania.org\/2020\/#\/schema\/person\/0c387634a7063ac612d7ed9ce71c7e86\",\"name\":\"Kisha Orthodhokse\",\"image\":{\"@type\":\"ImageObject\",\"inLanguage\":\"en-US\",\"@id\":\"https:\/\/secure.gravatar.com\/avatar\/596e7c417251e30f2fbb9c00e026fce61a695a00e51c889caded71c96cbbdde5?s=96&d=mm&r=g\",\"url\":\"https:\/\/secure.gravatar.com\/avatar\/596e7c417251e30f2fbb9c00e026fce61a695a00e51c889caded71c96cbbdde5?s=96&d=mm&r=g\",\"contentUrl\":\"https:\/\/secure.gravatar.com\/avatar\/596e7c417251e30f2fbb9c00e026fce61a695a00e51c889caded71c96cbbdde5?s=96&d=mm&r=g\",\"caption\":\"Kisha Orthodhokse\"}}]}<\/script>\n<!-- \/ Yoast SEO plugin. -->","yoast_head_json":{"title":"P\u00ebrfundoi nd\u00ebrtimi i serrave t\u00eb p\u00ebrfitueseve t\u00eb projektit \u201cFuqizimi i grave n\u00ebp\u00ebrmjet nismave t\u00eb q\u00ebndrueshme ekonomike\u201d n\u00eb komun\u00ebn Shushic\u00eb, Elbasan! - Kisha Orthodh\u03bfkse Autoqefale e Shqip\u00ebris\u00eb","robots":{"index":"index","follow":"follow","max-snippet":"max-snippet:-1","max-image-preview":"max-image-preview:large","max-video-preview":"max-video-preview:-1"},"canonical":"https:\/\/orthodoxalbania.org\/2020\/2014\/09\/25\/perfundoi-ndertimi-i-serave-te-perfitueseve-te-projektit-fuqizimi-i-grave-nepermjet-nismave-te-qendrueshme-ekonomike-ne-komunen-shushice-elbasan\/","og_locale":"en_US","og_type":"article","og_title":"P\u00ebrfundoi nd\u00ebrtimi i serrave t\u00eb p\u00ebrfitueseve t\u00eb projektit \u201cFuqizimi i grave n\u00ebp\u00ebrmjet nismave t\u00eb q\u00ebndrueshme ekonomike\u201d n\u00eb komun\u00ebn Shushic\u00eb, Elbasan! - Kisha Orthodh\u03bfkse Autoqefale e Shqip\u00ebris\u00eb","og_description":"&nbsp;&nbsp;&nbsp; T\u00eb p\u00ebrzgjedhura mes 60 konkurrueseve, n\u00eb projektin e financuar nga USAID dhe Assist Impact dhe zbatuar nga Zyra Diakonia Agapes (Sh\u00ebrbimi i Dashuris\u00eb), e Kish\u00ebs Orthodhokse Autoqefale t\u00eb Shqip\u00ebris\u00eb, 20 gra banore t\u00eb komun\u00ebs Shushic\u00eb, kan\u00eb p\u00ebrfunduar procesin e nd\u00ebrtimit t\u00eb serrave, q\u00eb ishte edhe faza finale e projektit. Skuadra p\u00ebrgjegj\u00ebse p\u00ebr nd\u00ebrtimin e serrave nisi pun\u00ebn q\u00eb prej fillimit t\u00eb muajit gusht dhe","og_url":"https:\/\/orthodoxalbania.org\/2020\/2014\/09\/25\/perfundoi-ndertimi-i-serave-te-perfitueseve-te-projektit-fuqizimi-i-grave-nepermjet-nismave-te-qendrueshme-ekonomike-ne-komunen-shushice-elbasan\/","og_site_name":"Kisha Orthodh\u03bfkse Autoqefale e Shqip\u00ebris\u00eb","article_publisher":"https:\/\/www.facebook.com\/koash1991","article_published_time":"2014-09-25T10:58:43+00:00","article_modified_time":"2020-04-06T20:02:22+00:00","og_image":[{"width":150,"height":150,"url":"https:\/\/orthodoxalbania.org\/2020\/wp-content\/uploads\/2020\/04\/serat%2Be%2Bndertuara%2B2.jpg","type":"image\/jpeg"}],"author":"Kisha Orthodhokse","twitter_card":"summary_large_image","twitter_misc":{"Written by":"Kisha Orthodhokse","Est. reading time":"2 minutes"},"schema":{"@context":"https:\/\/schema.org","@graph":[{"@type":"Article","@id":"https:\/\/orthodoxalbania.org\/2020\/2014\/09\/25\/perfundoi-ndertimi-i-serave-te-perfitueseve-te-projektit-fuqizimi-i-grave-nepermjet-nismave-te-qendrueshme-ekonomike-ne-komunen-shushice-elbasan\/#article","isPartOf":{"@id":"https:\/\/orthodoxalbania.org\/2020\/2014\/09\/25\/perfundoi-ndertimi-i-serave-te-perfitueseve-te-projektit-fuqizimi-i-grave-nepermjet-nismave-te-qendrueshme-ekonomike-ne-komunen-shushice-elbasan\/"},"author":{"name":"Kisha Orthodhokse","@id":"https:\/\/orthodoxalbania.org\/2020\/#\/schema\/person\/0c387634a7063ac612d7ed9ce71c7e86"},"headline":"P\u00ebrfundoi nd\u00ebrtimi i serrave t\u00eb p\u00ebrfitueseve t\u00eb projektit \u201cFuqizimi i grave n\u00ebp\u00ebrmjet nismave t\u00eb q\u00ebndrueshme ekonomike\u201d n\u00eb komun\u00ebn Shushic\u00eb, Elbasan!","datePublished":"2014-09-25T10:58:43+00:00","dateModified":"2020-04-06T20:02:22+00:00","mainEntityOfPage":{"@id":"https:\/\/orthodoxalbania.org\/2020\/2014\/09\/25\/perfundoi-ndertimi-i-serave-te-perfitueseve-te-projektit-fuqizimi-i-grave-nepermjet-nismave-te-qendrueshme-ekonomike-ne-komunen-shushice-elbasan\/"},"wordCount":515,"commentCount":0,"publisher":{"@id":"https:\/\/orthodoxalbania.org\/2020\/#organization"},"image":{"@id":"https:\/\/orthodoxalbania.org\/2020\/2014\/09\/25\/perfundoi-ndertimi-i-serave-te-perfitueseve-te-projektit-fuqizimi-i-grave-nepermjet-nismave-te-qendrueshme-ekonomike-ne-komunen-shushice-elbasan\/#primaryimage"},"thumbnailUrl":"https:\/\/orthodoxalbania.org\/2020\/wp-content\/uploads\/2020\/04\/serat%2Be%2Bndertuara%2B2.jpg","keywords":["2014","Aktivitete","DonacioneNdihma","Kryepiskopata Tiran\u00eb","lajme","Zyra \"Sh\u00ebrbimi i Dashuris\u00eb\""],"articleSection":["Lajme"],"inLanguage":"en-US"},{"@type":"WebPage","@id":"https:\/\/orthodoxalbania.org\/2020\/2014\/09\/25\/perfundoi-ndertimi-i-serave-te-perfitueseve-te-projektit-fuqizimi-i-grave-nepermjet-nismave-te-qendrueshme-ekonomike-ne-komunen-shushice-elbasan\/","url":"https:\/\/orthodoxalbania.org\/2020\/2014\/09\/25\/perfundoi-ndertimi-i-serave-te-perfitueseve-te-projektit-fuqizimi-i-grave-nepermjet-nismave-te-qendrueshme-ekonomike-ne-komunen-shushice-elbasan\/","name":"P\u00ebrfundoi nd\u00ebrtimi i serrave t\u00eb p\u00ebrfitueseve t\u00eb projektit \u201cFuqizimi i grave n\u00ebp\u00ebrmjet nismave t\u00eb q\u00ebndrueshme ekonomike\u201d n\u00eb komun\u00ebn Shushic\u00eb, Elbasan! - Kisha Orthodh\u03bfkse Autoqefale e Shqip\u00ebris\u00eb","isPartOf":{"@id":"https:\/\/orthodoxalbania.org\/2020\/#website"},"primaryImageOfPage":{"@id":"https:\/\/orthodoxalbania.org\/2020\/2014\/09\/25\/perfundoi-ndertimi-i-serave-te-perfitueseve-te-projektit-fuqizimi-i-grave-nepermjet-nismave-te-qendrueshme-ekonomike-ne-komunen-shushice-elbasan\/#primaryimage"},"image":{"@id":"https:\/\/orthodoxalbania.org\/2020\/2014\/09\/25\/perfundoi-ndertimi-i-serave-te-perfitueseve-te-projektit-fuqizimi-i-grave-nepermjet-nismave-te-qendrueshme-ekonomike-ne-komunen-shushice-elbasan\/#primaryimage"},"thumbnailUrl":"https:\/\/orthodoxalbania.org\/2020\/wp-content\/uploads\/2020\/04\/serat%2Be%2Bndertuara%2B2.jpg","datePublished":"2014-09-25T10:58:43+00:00","dateModified":"2020-04-06T20:02:22+00:00","breadcrumb":{"@id":"https:\/\/orthodoxalbania.org\/2020\/2014\/09\/25\/perfundoi-ndertimi-i-serave-te-perfitueseve-te-projektit-fuqizimi-i-grave-nepermjet-nismave-te-qendrueshme-ekonomike-ne-komunen-shushice-elbasan\/#breadcrumb"},"inLanguage":"en-US","potentialAction":[{"@type":"ReadAction","target":["https:\/\/orthodoxalbania.org\/2020\/2014\/09\/25\/perfundoi-ndertimi-i-serave-te-perfitueseve-te-projektit-fuqizimi-i-grave-nepermjet-nismave-te-qendrueshme-ekonomike-ne-komunen-shushice-elbasan\/"]}]},{"@type":"ImageObject","inLanguage":"en-US","@id":"https:\/\/orthodoxalbania.org\/2020\/2014\/09\/25\/perfundoi-ndertimi-i-serave-te-perfitueseve-te-projektit-fuqizimi-i-grave-nepermjet-nismave-te-qendrueshme-ekonomike-ne-komunen-shushice-elbasan\/#primaryimage","url":"https:\/\/orthodoxalbania.org\/2020\/wp-content\/uploads\/2020\/04\/serat%2Be%2Bndertuara%2B2.jpg","contentUrl":"https:\/\/orthodoxalbania.org\/2020\/wp-content\/uploads\/2020\/04\/serat%2Be%2Bndertuara%2B2.jpg","width":150,"height":150},{"@type":"BreadcrumbList","@id":"https:\/\/orthodoxalbania.org\/2020\/2014\/09\/25\/perfundoi-ndertimi-i-serave-te-perfitueseve-te-projektit-fuqizimi-i-grave-nepermjet-nismave-te-qendrueshme-ekonomike-ne-komunen-shushice-elbasan\/#breadcrumb","itemListElement":[{"@type":"ListItem","position":1,"name":"Home","item":"https:\/\/orthodoxalbania.org\/2020\/"},{"@type":"ListItem","position":2,"name":"P\u00ebrfundoi nd\u00ebrtimi i serrave t\u00eb p\u00ebrfitueseve t\u00eb projektit \u201cFuqizimi i grave n\u00ebp\u00ebrmjet nismave t\u00eb q\u00ebndrueshme ekonomike\u201d n\u00eb komun\u00ebn Shushic\u00eb, Elbasan!"}]},{"@type":"WebSite","@id":"https:\/\/orthodoxalbania.org\/2020\/#website","url":"https:\/\/orthodoxalbania.org\/2020\/","name":"Kisha Orthodh\u03bfkse Autoqefale e Shqip\u00ebris\u00eb","description":"Fqja Zyrtare e Kish\u00ebs Orthodhokse Autoqefale e Shqip\u00ebris\u00eb me lajmet edhe informacionet zyrtare p\u00ebr struktur\u00ebn edhe veprimtarin e saj.","publisher":{"@id":"https:\/\/orthodoxalbania.org\/2020\/#organization"},"potentialAction":[{"@type":"SearchAction","target":{"@type":"EntryPoint","urlTemplate":"https:\/\/orthodoxalbania.org\/2020\/?s={search_term_string}"},"query-input":{"@type":"PropertyValueSpecification","valueRequired":true,"valueName":"search_term_string"}}],"inLanguage":"en-US"},{"@type":"Organization","@id":"https:\/\/orthodoxalbania.org\/2020\/#organization","name":"Kisha Orthodhokse Autoqefale e Shqip\u00ebris\u00eb","url":"https:\/\/orthodoxalbania.org\/2020\/","logo":{"@type":"ImageObject","inLanguage":"en-US","@id":"https:\/\/orthodoxalbania.org\/2020\/#\/schema\/logo\/image\/","url":"https:\/\/orthodoxalbania.org\/2020\/wp-content\/uploads\/2020\/05\/albania.jpeg","contentUrl":"https:\/\/orthodoxalbania.org\/2020\/wp-content\/uploads\/2020\/05\/albania.jpeg","width":540,"height":540,"caption":"Kisha Orthodhokse Autoqefale e Shqip\u00ebris\u00eb"},"image":{"@id":"https:\/\/orthodoxalbania.org\/2020\/#\/schema\/logo\/image\/"},"sameAs":["https:\/\/www.facebook.com\/koash1991"]},{"@type":"Person","@id":"https:\/\/orthodoxalbania.org\/2020\/#\/schema\/person\/0c387634a7063ac612d7ed9ce71c7e86","name":"Kisha Orthodhokse","image":{"@type":"ImageObject","inLanguage":"en-US","@id":"https:\/\/secure.gravatar.com\/avatar\/596e7c417251e30f2fbb9c00e026fce61a695a00e51c889caded71c96cbbdde5?s=96&d=mm&r=g","url":"https:\/\/secure.gravatar.com\/avatar\/596e7c417251e30f2fbb9c00e026fce61a695a00e51c889caded71c96cbbdde5?s=96&d=mm&r=g","contentUrl":"https:\/\/secure.gravatar.com\/avatar\/596e7c417251e30f2fbb9c00e026fce61a695a00e51c889caded71c96cbbdde5?s=96&d=mm&r=g","caption":"Kisha Orthodhokse"}}]}},"_links":{"self":[{"href":"https:\/\/orthodoxalbania.org\/2020\/wp-json\/wp\/v2\/posts\/1078","targetHints":{"allow":["GET"]}}],"collection":[{"href":"https:\/\/orthodoxalbania.org\/2020\/wp-json\/wp\/v2\/posts"}],"about":[{"href":"https:\/\/orthodoxalbania.org\/2020\/wp-json\/wp\/v2\/types\/post"}],"author":[{"embeddable":true,"href":"https:\/\/orthodoxalbania.org\/2020\/wp-json\/wp\/v2\/users\/1"}],"replies":[{"embeddable":true,"href":"https:\/\/orthodoxalbania.org\/2020\/wp-json\/wp\/v2\/comments?post=1078"}],"version-history":[{"count":1,"href":"https:\/\/orthodoxalbania.org\/2020\/wp-json\/wp\/v2\/posts\/1078\/revisions"}],"predecessor-version":[{"id":15054,"href":"https:\/\/orthodoxalbania.org\/2020\/wp-json\/wp\/v2\/posts\/1078\/revisions\/15054"}],"wp:featuredmedia":[{"embeddable":true,"href":"https:\/\/orthodoxalbania.org\/2020\/wp-json\/wp\/v2\/media\/1079"}],"wp:attachment":[{"href":"https:\/\/orthodoxalbania.org\/2020\/wp-json\/wp\/v2\/media?parent=1078"}],"wp:term":[{"taxonomy":"category","embeddable":true,"href":"https:\/\/orthodoxalbania.org\/2020\/wp-json\/wp\/v2\/categories?post=1078"},{"taxonomy":"post_tag","embeddable":true,"href":"https:\/\/orthodoxalbania.org\/2020\/wp-json\/wp\/v2\/tags?post=1078"}],"curies":[{"name":"wp","href":"https:\/\/api.w.org\/{rel}","templated":true}]}}