{"id":1075,"date":"2013-03-20T12:42:55","date_gmt":"2013-03-20T12:42:55","guid":{"rendered":""},"modified":"2020-04-06T22:32:27","modified_gmt":"2020-04-06T20:32:27","slug":"pentikosti-2010-mesazh-i-presidenteve-te-keshillit-boteror-te-kishave-wcc","status":"publish","type":"post","link":"https:\/\/orthodoxalbania.org\/2020\/2013\/03\/20\/pentikosti-2010-mesazh-i-presidenteve-te-keshillit-boteror-te-kishave-wcc\/","title":{"rendered":"Pentikosti 2010  &#8211; Mesazh i President\u00ebve t\u00eb K\u00ebshillit Bot\u00ebror t\u00eb Kishave (WCC) &#8211;"},"content":{"rendered":"<div style=\"text-align: justify;\">\n\t<span style=\"color:#000000;\"><span style=\"font-family: tahoma,geneva,sans-serif;\"><span style=\"font-size: 12px;\"><span class=\"style11\"><em>&nbsp;&nbsp;&nbsp; \u201cPendohuni dhe gjithkush prej jush le t\u00eb pag\u00ebzohet n\u00eb emrin e Jisu Krishtit, p\u00ebr ndjes\u00ebn e m\u00ebkateve; dhe do t\u00eb merrni dhurat\u00ebn e Shpirtit t\u00eb Shenjt\u00eb\u201d<\/em>&nbsp;(Veprat 2:38).<\/span><\/span><\/span><\/span><\/div>\n<div style=\"text-align: justify;\">\n\t<br \/>\n\t<span style=\"color:#000000;\"><span style=\"font-family: tahoma,geneva,sans-serif;\"><span style=\"font-size: 12px;\"><span class=\"style11\">&nbsp;&nbsp;&nbsp; M\u00eb 2010-n, n\u00eb k\u00ebt\u00eb vit, nj\u00ebsoj si n\u00eb Pentikostin\u00eb e par\u00eb, t\u00eb krishter\u00ebt n\u00eb mbar\u00eb globin, n\u00eb kishat e tyre respektive, do t\u00eb celebrojn\u00eb Pentikostin\u00eb n\u00eb qindra gjuh\u00eb t\u00eb ndryshme dhe do t\u00eb k\u00ebndojn\u00eb himne n\u00eb gjuh\u00ebt e tyre p\u00ebr t\u00eb lavd\u00ebruar Zotin.<\/span><\/span><\/span><\/span><\/div>\n<div style=\"text-align: justify;\">\n\t<br \/>\n\t<span style=\"color:#000000;\"><span style=\"font-family: tahoma,geneva,sans-serif;\"><span style=\"font-size: 12px;\"><span class=\"style11\">&nbsp;&nbsp;&nbsp; Dishepujt e Jisuit mor\u00ebn dhurat\u00ebn e Shpirtit t\u00eb Shenjt\u00eb n\u00eb Pentikostin\u00eb e par\u00eb sepse ishin duke pritur me besim. Ata ishin mbledhur s\u00eb bashku duke pritur, t\u00eb sigurt n\u00eb premtimin e Per\u00ebndis\u00eb.<\/span><\/span><\/span><\/span><\/div>\n<div style=\"text-align: justify;\">\n\t<br \/>\n\t<span style=\"color:#000000;\"><span style=\"font-family: tahoma,geneva,sans-serif;\"><span style=\"font-size: 12px;\"><span class=\"style11\">&nbsp;&nbsp;&nbsp;&nbsp; N\u00eb m\u00ebngjesin e Pentikostis\u00eb, Jerusalemi ishte mbushur me pelegrin\u00eb, t\u00eb cil\u00ebt kishin ardhur aty p\u00ebr t\u00eb kremtuar fest\u00ebn e buk\u00ebs s\u00eb re; midis tyre ishte edhe nj\u00eb grup i vog\u00ebl i miqve t\u00eb p\u00ebrulur t\u00eb Jisu Krishtit t\u00eb Ngjallur. Dhe premtimi u mbajt: Shpirti zbriti mbi ata dhe i b\u00ebri d\u00ebshmitar\u00eb, lajm\u00ebtar\u00eb, njer\u00ebz t\u00eb bindur n\u00eb mesazhin e Zotit t\u00eb tyre mbi dashurin\u00eb dhe t\u00eb v\u00ebrtet\u00ebn. Erdhi koha q\u00eb t\u00eb ftonin t\u00eb tjer\u00ebt q\u00eb t\u00eb ktheheshin, t\u00eb praktikonin dhurat\u00ebn e marr\u00eb dhe t\u00eb p\u00ebrkushtonin veten e tyre n\u00eb sh\u00ebrbim t\u00eb v\u00ebllez\u00ebrve e t\u00eb motrave.&nbsp;<\/span><\/span><\/span><\/span><\/div>\n<div style=\"text-align: justify;\">\n\t<br \/>\n\t<span style=\"color:#000000;\"><span style=\"font-family: tahoma,geneva,sans-serif;\"><span style=\"font-size: 12px;\"><span class=\"style11\">&nbsp;&nbsp;&nbsp; Sot, thirrja p\u00ebr t\u2019u kthyer \u00ebsht\u00eb m\u00eb qendrore se m\u00eb par\u00eb p\u00ebr \u00e7do njeri q\u00eb k\u00ebrkon t\u00eb ndjek\u00eb Jisu Krishtin dhe q\u00eb do t\u00eb zbuloj\u00eb kuptimin n\u00eb jet\u00eb, duke u sh\u00ebrbyer atyre q\u00eb vuajn\u00eb, pavar\u00ebsisht se \u00e7far\u00eb emri mund t\u00eb ket\u00eb vuajtja e tyre.&nbsp;<\/span><\/span><\/span><\/span><\/div>\n<div style=\"text-align: justify;\">\n\t<br \/>\n\t<span style=\"color:#000000;\"><span style=\"font-family: tahoma,geneva,sans-serif;\"><span style=\"font-size: 12px;\"><span class=\"style11\">&nbsp;&nbsp;&nbsp;&nbsp; <em>\u201cEdhe si d\u00ebgjuan k\u00ebto, u mall\u00ebngjyen n\u00eb zem\u00ebr dhe i than\u00eb Petrit e apostujve t\u00eb tjer\u00eb: \u00c7\u2019t\u00eb b\u00ebjm\u00eb, o burra v\u00ebllez\u00ebr?\u201d<\/em>&nbsp;(Veprat 2:37).<\/span><\/span><\/span><\/span><\/div>\n<div style=\"text-align: justify;\">\n\t<br \/>\n\t<span style=\"color:#000000;\"><span style=\"font-family: tahoma,geneva,sans-serif;\"><span style=\"font-size: 12px;\"><span class=\"style11\">&nbsp;&nbsp;&nbsp;&nbsp; Shum\u00eb vet\u00eb jan\u00eb duke pritur p\u00ebr dhurat\u00ebn e Shpirtit t\u00eb Shenjt\u00eb. N\u00eb bot\u00ebn e sotme ekziston nj\u00eb grup i vog\u00ebl t\u00eb p\u00ebrulurish q\u00eb k\u00ebrkon kthimin, duke k\u00ebrkuar p\u00ebr faljen e fajeve t\u00eb kryera n\u00eb t\u00eb shkuar\u00ebn, t\u00eb tilla si sulmet ndaj dhurat\u00ebs s\u00eb jet\u00ebs q\u00eb na ka dh\u00ebn\u00eb Per\u00ebndia me an\u00eb t\u00eb prodhimit t\u00eb arm\u00ebve t\u00eb shkat\u00ebrrimit n\u00eb mas\u00eb.&nbsp;<\/span><\/span><\/span><\/span><\/div>\n<div style=\"text-align: justify;\">\n\t<br \/>\n\t<span style=\"color:#000000;\"><span style=\"font-family: tahoma,geneva,sans-serif;\"><span style=\"font-size: 12px;\"><span class=\"style11\">&nbsp;&nbsp;&nbsp;&nbsp; Shpresa p\u00ebr kthim mund t\u00eb shihet sot n\u00eb hapat q\u00eb kan\u00eb nd\u00ebrmarr\u00eb sot disa prej \u201ct\u00eb m\u00ebdhenjve\u201d t\u00eb k\u00ebsaj bote p\u00ebr t\u00eb riparuar ekseset e shkuara t\u00eb krenaris\u00eb e t\u00eb dominimit. Po, \u00e7do gj\u00eb \u00ebsht\u00eb e mundur p\u00ebr nj\u00eb njeri q\u00eb kthehet te Krishti dhe q\u00eb, n\u00eb fuqin\u00eb e Shpirtit t\u00eb Shenjt\u00eb, k\u00ebrkon t\u00eb ndryshoj\u00eb planet e atyre q\u00eb vazhdojn\u00eb t\u00eb besojn\u00eb se paqja mund t\u00eb blihet vet\u00ebm n\u00ebn k\u00ebrc\u00ebnimin e arm\u00ebve b\u00ebrthamore.<\/span><\/span><\/span><\/span><\/div>\n<div style=\"text-align: justify;\">\n\t<br \/>\n\t<span style=\"color:#000000;\"><span style=\"font-family: tahoma,geneva,sans-serif;\"><span style=\"font-size: 12px;\"><span class=\"style11\">&nbsp;&nbsp;&nbsp; Shpirtrat e guximsh\u00ebm t\u00eb k\u00ebsaj bote, q\u00eb kan\u00eb filluar t\u00eb pak\u00ebsojn\u00eb arsenalin e arm\u00ebve b\u00ebrthamore, le ta vazhdojn\u00eb m\u00eb tej me trim\u00ebri p\u00ebrpjekjen, q\u00eb sa m\u00eb shum\u00eb resurse t\u00eb vihen n\u00eb dispozicion t\u00eb mir\u00ebqenies s\u00eb atyre popullsive q\u00eb jan\u00eb shkat\u00ebrruar dhe p\u00ebr t\u2019u ofruar m\u00eb shum\u00eb burime atyre njer\u00ebzve q\u00eb jetojn\u00eb n\u00eb ankthin e uris\u00eb dhe t\u00eb dhun\u00ebs s\u00eb luft\u00ebs e q\u00eb kan\u00eb etje t\u00eb ndajn\u00eb njohurin\u00eb e tyre.<\/span><\/span><\/span><\/span><\/div>\n<div style=\"text-align: justify;\">\n\t<br \/>\n\t<span style=\"color:#000000;\"><span style=\"font-family: tahoma,geneva,sans-serif;\"><span style=\"font-size: 12px;\"><span class=\"style11\">&nbsp;&nbsp;&nbsp; Ne duam t\u00eb themi&nbsp;<em>\u201cme Per\u00ebndin\u00eb t\u00eb gjitha jan\u00eb t\u00eb mundura\u201d<\/em>!<\/span><\/span><\/span><\/span><\/div>\n<div style=\"text-align: justify;\">\n\t<br \/>\n\t<span style=\"color:#000000;\"><span style=\"font-family: tahoma,geneva,sans-serif;\"><span style=\"font-size: 12px;\"><span class=\"style11\">&nbsp;&nbsp;&nbsp; Por, sigurisht, ne t\u00eb krishter\u00ebt, q\u00eb jemi t\u00eb pag\u00ebzuar n\u00eb emrin e Jisu Krishtit, nuk duhet t\u00eb kufizojm\u00eb k\u00ebmb\u00ebnguljen ton\u00eb n\u00eb nevoj\u00ebn p\u00ebr pendim t\u00eb lider\u00ebve zyrtar\u00eb t\u00eb kombeve ose t\u00eb personave t\u00eb tjer\u00eb publik\u00eb. Thirrja p\u00ebr pendim mbetet aktuale p\u00ebr secilin nga ne, p\u00ebr \u00e7do shtet, mosh\u00eb, origjin\u00eb: pendim p\u00ebr paq\u00ebndrueshm\u00ebrin\u00eb ton\u00eb q\u00eb ekziston mes asaj q\u00eb shpallim dhe m\u00ebnyr\u00ebs s\u00eb sjelljes son\u00eb; pendim p\u00ebr besimin ton\u00eb t\u00eb pak\u00ebt, p\u00ebr kompromiset tona me frym\u00ebn e k\u00ebsaj bote, p\u00ebr prirjen ton\u00eb p\u00ebr t\u00eb qen\u00eb indiferent\u00eb p\u00ebr drejt\u00ebsin\u00eb, p\u00ebr solidaritetin, p\u00ebr dashurin\u00eb e sinqert\u00eb dhe respektin ndaj \u00e7do personi njer\u00ebzor. Me k\u00ebt\u00eb frym\u00eb t\u00eb thell\u00eb pendimi, duhet t\u00eb presim ardhjen dhe banimin nd\u00ebr ne t\u00eb Shpirtit t\u00eb Per\u00ebndis\u00eb, si edhe n\u00eb bashk\u00ebsit\u00eb tona. Vet\u00ebm n\u00eb k\u00ebt\u00eb rast do t\u00eb zbulojm\u00eb fytyr\u00ebn e Zotit ton\u00eb t\u00eb ngjallur, Kyrios-it, dhe do t\u00eb bashkohemi me at\u00eb, duke u lutur n\u00eb p\u00ebrul\u00ebsi dhe dinamiz\u00ebm<em>: Oh. eja o Shpirt i Shenjt\u00eb! Transformoje bot\u00ebn!&nbsp;<\/em><\/span><\/span><\/span><\/span><\/div>\n<div style=\"text-align: justify;\">\n\t<br \/>\n\t<span style=\"color:#000000;\"><span style=\"font-family: tahoma,geneva,sans-serif;\"><span style=\"font-size: 12px;\"><span class=\"style11\">&nbsp;&nbsp;&nbsp; Shpirti i Shenjt\u00eb q\u00eb zbriti n\u00eb Pentikosti le t\u2019iu mbush\u00eb me drit\u00eb, shpres\u00eb dhe g\u00ebzim e le t\u2019u jap\u00eb fuqin\u00eb p\u00ebr t\u00eb lavd\u00ebruar Zotin ton\u00eb, duke i sh\u00ebrbyer bot\u00ebs s\u00eb tij me dashuri. Ju urojm\u00eb t\u00eb gjith\u00ebve nj\u00eb fest\u00eb t\u00eb bekuar t\u00eb Pentikostis\u00eb.<\/span><\/span><\/span><\/span><\/div>\n<div style=\"text-align: justify;\">\n\t&nbsp;<\/div>\n<div style=\"text-align: justify;\">\n\t&nbsp;<\/div>\n<div class=\"style11\" style=\"font-size: 18px; text-align: center;\">\n\t<span style=\"color:#000000;\"><span style=\"font-family: tahoma,geneva,sans-serif;\"><span style=\"font-size: 12px;\"><strong>President\u00ebt e K\u00ebshillit Bot\u00ebror t\u00eb Kishave<\/strong><\/span><\/span><\/span><\/div>\n<div class=\"style11\" style=\"font-size: 18px; text-align: center;\">\n\t<br \/>\n\t<span style=\"color:#000000;\"><span style=\"font-family: tahoma,geneva,sans-serif;\"><span style=\"font-size: 12px;\"><em>Kryepiskopi Dr. Anastasi,<\/em>&nbsp;<br \/>\n\ti Tiran\u00ebs dhe i gjith\u00eb Shqip\u00ebris\u00eb, Kisha Orthodhokse Autoqefale e Shqip\u00ebris\u00eb.<br \/>\n\t<em>Mr. John Taroanui Doom, Maohi<\/em>&nbsp;<br \/>\n\tProtestant Church (Polinezia Franceze)&nbsp;<br \/>\n\t<em>Rev. Dr. Simon Dossou,<\/em>&nbsp;<br \/>\n\tMethodist Church in Benin<br \/>\n\t<em>Rev. Dr. Soritua Nababan,<\/em>&nbsp;<br \/>\n\tProtestant Christian Batak Church (Indonezi)<br \/>\n\t<em>Rev. Dr. Ofelia Ortega,<\/em>&nbsp;<br \/>\n\tPresbyterian-Reformed Church in Cuba<br \/>\n\t<em>Patriarch Abune Paulos,&nbsp;<\/em><br \/>\n\tEthiopian Orthodox Tewahedo Church<br \/>\n\t<em>Rev. Dr. Bernice Powell Jackson,&nbsp;<\/em><br \/>\n\tUnited Church of Christ (USA)<br \/>\n\t<em>Dr. Mary Tanner,&nbsp;<\/em><br \/>\n\tChurch of England<\/span><\/span><\/span><\/div>\n<div class=\"style11\" style=\"font-size: 18px; text-align: center;\">\n\t<span style=\"color:#000000;\"><span style=\"font-family: tahoma,geneva,sans-serif;\"><span style=\"font-size: 12px;\">&#8212;&#8212;&#8212;&#8212;&#8212;&#8212;&#8212;&#8212;&#8212;&#8212;&#8212;&#8212;&#8212;&#8212;&#8212;&#8212;&#8212;&#8212;&#8212;&#8212;&#8212;&#8212;&#8212;&#8212;&#8212;&#8212;&#8212;&#8212;&#8212;&#8212;&#8212;&#8212;&#8212;&#8212;&#8212;<\/span><\/span><\/span><\/div>\n<div style=\"text-align: center;\">\n\t<span style=\"font-family:tahoma,geneva,sans-serif;\"><span style=\"font-size: 12px;\"><span style=\"color:#000000;\"><strong class=\"style11\" style=\"font-size: 18px;\">WCC &#8211; World Council of Churches&nbsp;<\/strong><\/span><br \/>\n\t<span style=\"color:#000080;\"><strong><a href=\"http:\/\/www.oikoumene.org\/en\/news\/news-management\/eng\/a\/article\/1634\/message-of-the-presidents-8.html\">http:\/\/www.oikoumene.org\/en\/news\/news-management\/eng\/a\/article\/1634\/message-of-the-presidents-8.html<\/a><\/strong><\/span><strong><span style=\"color:#000080;\">&nbsp;<\/span><\/strong><\/span><\/span><\/div>\n","protected":false},"excerpt":{"rendered":"<p>&nbsp;&nbsp;&nbsp; \u201cPendohuni dhe gjithkush prej jush le t\u00eb pag\u00ebzohet n\u00eb emrin e Jisu Krishtit, p\u00ebr ndjes\u00ebn e m\u00ebkateve; dhe do t\u00eb merrni dhurat\u00ebn e Shpirtit t\u00eb Shenjt\u00eb\u201d&nbsp;(Veprat 2:38). &nbsp;&nbsp;&nbsp; M\u00eb 2010-n, n\u00eb k\u00ebt\u00eb vit, nj\u00ebsoj si n\u00eb Pentikostin\u00eb e par\u00eb, t\u00eb krishter\u00ebt n\u00eb mbar\u00eb globin, n\u00eb kishat e tyre respektive, do t\u00eb celebrojn\u00eb Pentikostin\u00eb n\u00eb qindra gjuh\u00eb t\u00eb ndryshme dhe do t\u00eb k\u00ebndojn\u00eb himne n\u00eb<\/p>\n","protected":false},"author":1,"featured_media":0,"comment_status":"open","ping_status":"open","sticky":false,"template":"","format":"standard","meta":{"_acf_changed":false,"pagelayer_contact_templates":[],"_pagelayer_content":"","inline_featured_image":false,"fifu_image_url":"","fifu_image_alt":"","footnotes":""},"categories":[108],"tags":[144,153,196,212],"class_list":["post-1075","post","type-post","status-publish","format-standard","hentry","category-lajme","tag-144","tag-deklarata-njoftime-zyrtare-d75","tag-tirane","tag-lajme-d27"],"acf":[],"yoast_head":"<!-- This site is optimized with the Yoast SEO plugin v27.2 - https:\/\/yoast.com\/product\/yoast-seo-wordpress\/ -->\n<title>Pentikosti 2010 - Mesazh i President\u00ebve t\u00eb K\u00ebshillit Bot\u00ebror t\u00eb Kishave (WCC) - Kisha Orthodh\u03bfkse Autoqefale e Shqip\u00ebris\u00eb<\/title>\n<meta name=\"robots\" content=\"index, follow, max-snippet:-1, max-image-preview:large, max-video-preview:-1\" \/>\n<link rel=\"canonical\" href=\"https:\/\/orthodoxalbania.org\/2020\/2013\/03\/20\/pentikosti-2010-mesazh-i-presidenteve-te-keshillit-boteror-te-kishave-wcc\/\" \/>\n<meta property=\"og:locale\" content=\"en_US\" \/>\n<meta property=\"og:type\" content=\"article\" \/>\n<meta property=\"og:title\" content=\"Pentikosti 2010 - Mesazh i President\u00ebve t\u00eb K\u00ebshillit Bot\u00ebror t\u00eb Kishave (WCC) - Kisha Orthodh\u03bfkse Autoqefale e Shqip\u00ebris\u00eb\" \/>\n<meta property=\"og:description\" content=\"&nbsp;&nbsp;&nbsp; \u201cPendohuni dhe gjithkush prej jush le t\u00eb pag\u00ebzohet n\u00eb emrin e Jisu Krishtit, p\u00ebr ndjes\u00ebn e m\u00ebkateve; dhe do t\u00eb merrni dhurat\u00ebn e Shpirtit t\u00eb Shenjt\u00eb\u201d&nbsp;(Veprat 2:38). &nbsp;&nbsp;&nbsp; M\u00eb 2010-n, n\u00eb k\u00ebt\u00eb vit, nj\u00ebsoj si n\u00eb Pentikostin\u00eb e par\u00eb, t\u00eb krishter\u00ebt n\u00eb mbar\u00eb globin, n\u00eb kishat e tyre respektive, do t\u00eb celebrojn\u00eb Pentikostin\u00eb n\u00eb qindra gjuh\u00eb t\u00eb ndryshme dhe do t\u00eb k\u00ebndojn\u00eb himne n\u00eb\" \/>\n<meta property=\"og:url\" content=\"https:\/\/orthodoxalbania.org\/2020\/2013\/03\/20\/pentikosti-2010-mesazh-i-presidenteve-te-keshillit-boteror-te-kishave-wcc\/\" \/>\n<meta property=\"og:site_name\" content=\"Kisha Orthodh\u03bfkse Autoqefale e Shqip\u00ebris\u00eb\" \/>\n<meta property=\"article:publisher\" content=\"https:\/\/www.facebook.com\/koash1991\" \/>\n<meta property=\"article:published_time\" content=\"2013-03-20T12:42:55+00:00\" \/>\n<meta property=\"article:modified_time\" content=\"2020-04-06T20:32:27+00:00\" \/>\n<meta property=\"og:image\" content=\"https:\/\/orthodoxalbania.org\/2020\/wp-content\/uploads\/2021\/02\/LogoLastALb-200.png\" \/>\n\t<meta property=\"og:image:width\" content=\"200\" \/>\n\t<meta property=\"og:image:height\" content=\"172\" \/>\n\t<meta property=\"og:image:type\" content=\"image\/png\" \/>\n<meta name=\"author\" content=\"Kisha Orthodhokse\" \/>\n<meta name=\"twitter:card\" content=\"summary_large_image\" \/>\n<meta name=\"twitter:label1\" content=\"Written by\" \/>\n\t<meta name=\"twitter:data1\" content=\"Kisha Orthodhokse\" \/>\n\t<meta name=\"twitter:label2\" content=\"Est. reading time\" \/>\n\t<meta name=\"twitter:data2\" content=\"5 minutes\" \/>\n<script type=\"application\/ld+json\" class=\"yoast-schema-graph\">{\"@context\":\"https:\/\/schema.org\",\"@graph\":[{\"@type\":\"Article\",\"@id\":\"https:\/\/orthodoxalbania.org\/2020\/2013\/03\/20\/pentikosti-2010-mesazh-i-presidenteve-te-keshillit-boteror-te-kishave-wcc\/#article\",\"isPartOf\":{\"@id\":\"https:\/\/orthodoxalbania.org\/2020\/2013\/03\/20\/pentikosti-2010-mesazh-i-presidenteve-te-keshillit-boteror-te-kishave-wcc\/\"},\"author\":{\"name\":\"Kisha Orthodhokse\",\"@id\":\"https:\/\/orthodoxalbania.org\/2020\/#\/schema\/person\/0c387634a7063ac612d7ed9ce71c7e86\"},\"headline\":\"Pentikosti 2010 &#8211; Mesazh i President\u00ebve t\u00eb K\u00ebshillit Bot\u00ebror t\u00eb Kishave (WCC) &#8211;\",\"datePublished\":\"2013-03-20T12:42:55+00:00\",\"dateModified\":\"2020-04-06T20:32:27+00:00\",\"mainEntityOfPage\":{\"@id\":\"https:\/\/orthodoxalbania.org\/2020\/2013\/03\/20\/pentikosti-2010-mesazh-i-presidenteve-te-keshillit-boteror-te-kishave-wcc\/\"},\"wordCount\":987,\"commentCount\":0,\"publisher\":{\"@id\":\"https:\/\/orthodoxalbania.org\/2020\/#organization\"},\"keywords\":[\"2010\",\"Deklarata - Njoftime Zyrtare\",\"Kryepiskopata Tiran\u00eb\",\"lajme\"],\"articleSection\":[\"Lajme\"],\"inLanguage\":\"en-US\"},{\"@type\":\"WebPage\",\"@id\":\"https:\/\/orthodoxalbania.org\/2020\/2013\/03\/20\/pentikosti-2010-mesazh-i-presidenteve-te-keshillit-boteror-te-kishave-wcc\/\",\"url\":\"https:\/\/orthodoxalbania.org\/2020\/2013\/03\/20\/pentikosti-2010-mesazh-i-presidenteve-te-keshillit-boteror-te-kishave-wcc\/\",\"name\":\"Pentikosti 2010 - Mesazh i President\u00ebve t\u00eb K\u00ebshillit Bot\u00ebror t\u00eb Kishave (WCC) - Kisha Orthodh\u03bfkse Autoqefale e Shqip\u00ebris\u00eb\",\"isPartOf\":{\"@id\":\"https:\/\/orthodoxalbania.org\/2020\/#website\"},\"datePublished\":\"2013-03-20T12:42:55+00:00\",\"dateModified\":\"2020-04-06T20:32:27+00:00\",\"breadcrumb\":{\"@id\":\"https:\/\/orthodoxalbania.org\/2020\/2013\/03\/20\/pentikosti-2010-mesazh-i-presidenteve-te-keshillit-boteror-te-kishave-wcc\/#breadcrumb\"},\"inLanguage\":\"en-US\",\"potentialAction\":[{\"@type\":\"ReadAction\",\"target\":[\"https:\/\/orthodoxalbania.org\/2020\/2013\/03\/20\/pentikosti-2010-mesazh-i-presidenteve-te-keshillit-boteror-te-kishave-wcc\/\"]}]},{\"@type\":\"BreadcrumbList\",\"@id\":\"https:\/\/orthodoxalbania.org\/2020\/2013\/03\/20\/pentikosti-2010-mesazh-i-presidenteve-te-keshillit-boteror-te-kishave-wcc\/#breadcrumb\",\"itemListElement\":[{\"@type\":\"ListItem\",\"position\":1,\"name\":\"Home\",\"item\":\"https:\/\/orthodoxalbania.org\/2020\/\"},{\"@type\":\"ListItem\",\"position\":2,\"name\":\"Pentikosti 2010 &#8211; Mesazh i President\u00ebve t\u00eb K\u00ebshillit Bot\u00ebror t\u00eb Kishave (WCC) &#8211;\"}]},{\"@type\":\"WebSite\",\"@id\":\"https:\/\/orthodoxalbania.org\/2020\/#website\",\"url\":\"https:\/\/orthodoxalbania.org\/2020\/\",\"name\":\"Kisha Orthodh\u03bfkse Autoqefale e Shqip\u00ebris\u00eb\",\"description\":\"Fqja Zyrtare e Kish\u00ebs Orthodhokse Autoqefale e Shqip\u00ebris\u00eb me lajmet edhe informacionet zyrtare p\u00ebr struktur\u00ebn edhe veprimtarin e saj.\",\"publisher\":{\"@id\":\"https:\/\/orthodoxalbania.org\/2020\/#organization\"},\"potentialAction\":[{\"@type\":\"SearchAction\",\"target\":{\"@type\":\"EntryPoint\",\"urlTemplate\":\"https:\/\/orthodoxalbania.org\/2020\/?s={search_term_string}\"},\"query-input\":{\"@type\":\"PropertyValueSpecification\",\"valueRequired\":true,\"valueName\":\"search_term_string\"}}],\"inLanguage\":\"en-US\"},{\"@type\":\"Organization\",\"@id\":\"https:\/\/orthodoxalbania.org\/2020\/#organization\",\"name\":\"Kisha Orthodhokse Autoqefale e Shqip\u00ebris\u00eb\",\"url\":\"https:\/\/orthodoxalbania.org\/2020\/\",\"logo\":{\"@type\":\"ImageObject\",\"inLanguage\":\"en-US\",\"@id\":\"https:\/\/orthodoxalbania.org\/2020\/#\/schema\/logo\/image\/\",\"url\":\"https:\/\/orthodoxalbania.org\/2020\/wp-content\/uploads\/2020\/05\/albania.jpeg\",\"contentUrl\":\"https:\/\/orthodoxalbania.org\/2020\/wp-content\/uploads\/2020\/05\/albania.jpeg\",\"width\":540,\"height\":540,\"caption\":\"Kisha Orthodhokse Autoqefale e Shqip\u00ebris\u00eb\"},\"image\":{\"@id\":\"https:\/\/orthodoxalbania.org\/2020\/#\/schema\/logo\/image\/\"},\"sameAs\":[\"https:\/\/www.facebook.com\/koash1991\"]},{\"@type\":\"Person\",\"@id\":\"https:\/\/orthodoxalbania.org\/2020\/#\/schema\/person\/0c387634a7063ac612d7ed9ce71c7e86\",\"name\":\"Kisha Orthodhokse\",\"image\":{\"@type\":\"ImageObject\",\"inLanguage\":\"en-US\",\"@id\":\"https:\/\/secure.gravatar.com\/avatar\/596e7c417251e30f2fbb9c00e026fce61a695a00e51c889caded71c96cbbdde5?s=96&d=mm&r=g\",\"url\":\"https:\/\/secure.gravatar.com\/avatar\/596e7c417251e30f2fbb9c00e026fce61a695a00e51c889caded71c96cbbdde5?s=96&d=mm&r=g\",\"contentUrl\":\"https:\/\/secure.gravatar.com\/avatar\/596e7c417251e30f2fbb9c00e026fce61a695a00e51c889caded71c96cbbdde5?s=96&d=mm&r=g\",\"caption\":\"Kisha Orthodhokse\"}}]}<\/script>\n<!-- \/ Yoast SEO plugin. -->","yoast_head_json":{"title":"Pentikosti 2010 - Mesazh i President\u00ebve t\u00eb K\u00ebshillit Bot\u00ebror t\u00eb Kishave (WCC) - Kisha Orthodh\u03bfkse Autoqefale e Shqip\u00ebris\u00eb","robots":{"index":"index","follow":"follow","max-snippet":"max-snippet:-1","max-image-preview":"max-image-preview:large","max-video-preview":"max-video-preview:-1"},"canonical":"https:\/\/orthodoxalbania.org\/2020\/2013\/03\/20\/pentikosti-2010-mesazh-i-presidenteve-te-keshillit-boteror-te-kishave-wcc\/","og_locale":"en_US","og_type":"article","og_title":"Pentikosti 2010 - Mesazh i President\u00ebve t\u00eb K\u00ebshillit Bot\u00ebror t\u00eb Kishave (WCC) - Kisha Orthodh\u03bfkse Autoqefale e Shqip\u00ebris\u00eb","og_description":"&nbsp;&nbsp;&nbsp; \u201cPendohuni dhe gjithkush prej jush le t\u00eb pag\u00ebzohet n\u00eb emrin e Jisu Krishtit, p\u00ebr ndjes\u00ebn e m\u00ebkateve; dhe do t\u00eb merrni dhurat\u00ebn e Shpirtit t\u00eb Shenjt\u00eb\u201d&nbsp;(Veprat 2:38). &nbsp;&nbsp;&nbsp; M\u00eb 2010-n, n\u00eb k\u00ebt\u00eb vit, nj\u00ebsoj si n\u00eb Pentikostin\u00eb e par\u00eb, t\u00eb krishter\u00ebt n\u00eb mbar\u00eb globin, n\u00eb kishat e tyre respektive, do t\u00eb celebrojn\u00eb Pentikostin\u00eb n\u00eb qindra gjuh\u00eb t\u00eb ndryshme dhe do t\u00eb k\u00ebndojn\u00eb himne n\u00eb","og_url":"https:\/\/orthodoxalbania.org\/2020\/2013\/03\/20\/pentikosti-2010-mesazh-i-presidenteve-te-keshillit-boteror-te-kishave-wcc\/","og_site_name":"Kisha Orthodh\u03bfkse Autoqefale e Shqip\u00ebris\u00eb","article_publisher":"https:\/\/www.facebook.com\/koash1991","article_published_time":"2013-03-20T12:42:55+00:00","article_modified_time":"2020-04-06T20:32:27+00:00","og_image":[{"width":200,"height":172,"url":"https:\/\/orthodoxalbania.org\/2020\/wp-content\/uploads\/2021\/02\/LogoLastALb-200.png","type":"image\/png"}],"author":"Kisha Orthodhokse","twitter_card":"summary_large_image","twitter_misc":{"Written by":"Kisha Orthodhokse","Est. reading time":"5 minutes"},"schema":{"@context":"https:\/\/schema.org","@graph":[{"@type":"Article","@id":"https:\/\/orthodoxalbania.org\/2020\/2013\/03\/20\/pentikosti-2010-mesazh-i-presidenteve-te-keshillit-boteror-te-kishave-wcc\/#article","isPartOf":{"@id":"https:\/\/orthodoxalbania.org\/2020\/2013\/03\/20\/pentikosti-2010-mesazh-i-presidenteve-te-keshillit-boteror-te-kishave-wcc\/"},"author":{"name":"Kisha Orthodhokse","@id":"https:\/\/orthodoxalbania.org\/2020\/#\/schema\/person\/0c387634a7063ac612d7ed9ce71c7e86"},"headline":"Pentikosti 2010 &#8211; Mesazh i President\u00ebve t\u00eb K\u00ebshillit Bot\u00ebror t\u00eb Kishave (WCC) &#8211;","datePublished":"2013-03-20T12:42:55+00:00","dateModified":"2020-04-06T20:32:27+00:00","mainEntityOfPage":{"@id":"https:\/\/orthodoxalbania.org\/2020\/2013\/03\/20\/pentikosti-2010-mesazh-i-presidenteve-te-keshillit-boteror-te-kishave-wcc\/"},"wordCount":987,"commentCount":0,"publisher":{"@id":"https:\/\/orthodoxalbania.org\/2020\/#organization"},"keywords":["2010","Deklarata - Njoftime Zyrtare","Kryepiskopata Tiran\u00eb","lajme"],"articleSection":["Lajme"],"inLanguage":"en-US"},{"@type":"WebPage","@id":"https:\/\/orthodoxalbania.org\/2020\/2013\/03\/20\/pentikosti-2010-mesazh-i-presidenteve-te-keshillit-boteror-te-kishave-wcc\/","url":"https:\/\/orthodoxalbania.org\/2020\/2013\/03\/20\/pentikosti-2010-mesazh-i-presidenteve-te-keshillit-boteror-te-kishave-wcc\/","name":"Pentikosti 2010 - Mesazh i President\u00ebve t\u00eb K\u00ebshillit Bot\u00ebror t\u00eb Kishave (WCC) - Kisha Orthodh\u03bfkse Autoqefale e Shqip\u00ebris\u00eb","isPartOf":{"@id":"https:\/\/orthodoxalbania.org\/2020\/#website"},"datePublished":"2013-03-20T12:42:55+00:00","dateModified":"2020-04-06T20:32:27+00:00","breadcrumb":{"@id":"https:\/\/orthodoxalbania.org\/2020\/2013\/03\/20\/pentikosti-2010-mesazh-i-presidenteve-te-keshillit-boteror-te-kishave-wcc\/#breadcrumb"},"inLanguage":"en-US","potentialAction":[{"@type":"ReadAction","target":["https:\/\/orthodoxalbania.org\/2020\/2013\/03\/20\/pentikosti-2010-mesazh-i-presidenteve-te-keshillit-boteror-te-kishave-wcc\/"]}]},{"@type":"BreadcrumbList","@id":"https:\/\/orthodoxalbania.org\/2020\/2013\/03\/20\/pentikosti-2010-mesazh-i-presidenteve-te-keshillit-boteror-te-kishave-wcc\/#breadcrumb","itemListElement":[{"@type":"ListItem","position":1,"name":"Home","item":"https:\/\/orthodoxalbania.org\/2020\/"},{"@type":"ListItem","position":2,"name":"Pentikosti 2010 &#8211; Mesazh i President\u00ebve t\u00eb K\u00ebshillit Bot\u00ebror t\u00eb Kishave (WCC) &#8211;"}]},{"@type":"WebSite","@id":"https:\/\/orthodoxalbania.org\/2020\/#website","url":"https:\/\/orthodoxalbania.org\/2020\/","name":"Kisha Orthodh\u03bfkse Autoqefale e Shqip\u00ebris\u00eb","description":"Fqja Zyrtare e Kish\u00ebs Orthodhokse Autoqefale e Shqip\u00ebris\u00eb me lajmet edhe informacionet zyrtare p\u00ebr struktur\u00ebn edhe veprimtarin e saj.","publisher":{"@id":"https:\/\/orthodoxalbania.org\/2020\/#organization"},"potentialAction":[{"@type":"SearchAction","target":{"@type":"EntryPoint","urlTemplate":"https:\/\/orthodoxalbania.org\/2020\/?s={search_term_string}"},"query-input":{"@type":"PropertyValueSpecification","valueRequired":true,"valueName":"search_term_string"}}],"inLanguage":"en-US"},{"@type":"Organization","@id":"https:\/\/orthodoxalbania.org\/2020\/#organization","name":"Kisha Orthodhokse Autoqefale e Shqip\u00ebris\u00eb","url":"https:\/\/orthodoxalbania.org\/2020\/","logo":{"@type":"ImageObject","inLanguage":"en-US","@id":"https:\/\/orthodoxalbania.org\/2020\/#\/schema\/logo\/image\/","url":"https:\/\/orthodoxalbania.org\/2020\/wp-content\/uploads\/2020\/05\/albania.jpeg","contentUrl":"https:\/\/orthodoxalbania.org\/2020\/wp-content\/uploads\/2020\/05\/albania.jpeg","width":540,"height":540,"caption":"Kisha Orthodhokse Autoqefale e Shqip\u00ebris\u00eb"},"image":{"@id":"https:\/\/orthodoxalbania.org\/2020\/#\/schema\/logo\/image\/"},"sameAs":["https:\/\/www.facebook.com\/koash1991"]},{"@type":"Person","@id":"https:\/\/orthodoxalbania.org\/2020\/#\/schema\/person\/0c387634a7063ac612d7ed9ce71c7e86","name":"Kisha Orthodhokse","image":{"@type":"ImageObject","inLanguage":"en-US","@id":"https:\/\/secure.gravatar.com\/avatar\/596e7c417251e30f2fbb9c00e026fce61a695a00e51c889caded71c96cbbdde5?s=96&d=mm&r=g","url":"https:\/\/secure.gravatar.com\/avatar\/596e7c417251e30f2fbb9c00e026fce61a695a00e51c889caded71c96cbbdde5?s=96&d=mm&r=g","contentUrl":"https:\/\/secure.gravatar.com\/avatar\/596e7c417251e30f2fbb9c00e026fce61a695a00e51c889caded71c96cbbdde5?s=96&d=mm&r=g","caption":"Kisha Orthodhokse"}}]}},"_links":{"self":[{"href":"https:\/\/orthodoxalbania.org\/2020\/wp-json\/wp\/v2\/posts\/1075","targetHints":{"allow":["GET"]}}],"collection":[{"href":"https:\/\/orthodoxalbania.org\/2020\/wp-json\/wp\/v2\/posts"}],"about":[{"href":"https:\/\/orthodoxalbania.org\/2020\/wp-json\/wp\/v2\/types\/post"}],"author":[{"embeddable":true,"href":"https:\/\/orthodoxalbania.org\/2020\/wp-json\/wp\/v2\/users\/1"}],"replies":[{"embeddable":true,"href":"https:\/\/orthodoxalbania.org\/2020\/wp-json\/wp\/v2\/comments?post=1075"}],"version-history":[{"count":1,"href":"https:\/\/orthodoxalbania.org\/2020\/wp-json\/wp\/v2\/posts\/1075\/revisions"}],"predecessor-version":[{"id":15504,"href":"https:\/\/orthodoxalbania.org\/2020\/wp-json\/wp\/v2\/posts\/1075\/revisions\/15504"}],"wp:attachment":[{"href":"https:\/\/orthodoxalbania.org\/2020\/wp-json\/wp\/v2\/media?parent=1075"}],"wp:term":[{"taxonomy":"category","embeddable":true,"href":"https:\/\/orthodoxalbania.org\/2020\/wp-json\/wp\/v2\/categories?post=1075"},{"taxonomy":"post_tag","embeddable":true,"href":"https:\/\/orthodoxalbania.org\/2020\/wp-json\/wp\/v2\/tags?post=1075"}],"curies":[{"name":"wp","href":"https:\/\/api.w.org\/{rel}","templated":true}]}}