{"id":1068,"date":"2007-02-26T00:00:00","date_gmt":"2007-02-26T00:00:00","guid":{"rendered":""},"modified":"2020-04-06T22:35:49","modified_gmt":"2020-04-06T20:35:49","slug":"pashke-ne-mitropoline-e-gjirokastres-prill-07","status":"publish","type":"post","link":"https:\/\/orthodoxalbania.org\/2020\/2007\/02\/26\/pashke-ne-mitropoline-e-gjirokastres-prill-07\/","title":{"rendered":"Pashk\u00eb n\u00eb Mitropolin\u00eb e Gjirokastr\u00ebs. (Prill 2007)"},"content":{"rendered":"<div style=\"text-align: justify;\"><span style=\"color: #000000;\"><span style=\"font-family: tahoma,geneva,sans-serif;\"><span style=\"font-size: 12px;\">&nbsp;&nbsp;&nbsp; N\u00eb t\u00eb gjitha enorit\u00eb e Mitropolis\u00eb s\u00eb Shenjt\u00eb t\u00eb Gjirokastr\u00ebs, sidomos n\u00eb qytetet e m\u00ebdha q\u00eb p\u00ebrfshihen n\u00eb t\u00eb, me nj\u00eb pjes\u00ebmarrje t\u00eb p\u00ebrgjithshme dhe jo vet\u00ebm t\u00eb besimtar\u00ebve Orthodhoks\u00eb dhe me thell\u00ebsi shpirt\u00ebrore, u kremtua ngjarja m\u00eb r\u00ebnd\u00ebsishme e historis\u00eb s\u00eb njer\u00ebzimit dhe nj\u00ebher\u00ebsh thelbi i besimit ton\u00eb.<br \/> <\/span><\/span><\/span><\/div>\n<div style=\"text-align: justify;\">&nbsp;<\/div>\n<div style=\"text-align: justify;\"><span style=\"color: #000000;\"><span style=\"font-family: tahoma,geneva,sans-serif;\"><span style=\"font-size: 12px;\">&nbsp;&nbsp;&nbsp; N\u00eb qytetin e Gjirokastr\u00ebs sh\u00ebrbesat dhe Liturgjia Hyjnore u kryesuan nga Hir\u00ebsia e Tij, Mitropoliti i Gjirokastr\u00ebs Dhimitri. Gjat\u00eb gjith\u00eb periudh\u00ebs s\u00eb Kreshm\u00ebs s\u00eb Madhe Mitropoliti pati rastin t\u00eb vizitoj\u00eb enori t\u00eb tjera t\u00eb m\u00ebdha dhe t\u00eb kryej\u00eb sh\u00ebrbesat arkieratike, por edhe t\u2019u flas\u00eb t\u00eb rinjve, nx\u00ebn\u00ebsve tan\u00eb dhe grupeve t\u00eb katekizmit p\u00ebr r\u00ebnd\u00ebsin\u00eb q\u00eb duhet t\u00eb tregojn\u00eb p\u00ebr p\u00ebrgatitjen e tyre shpirt\u00ebrore p\u00ebr t\u00eb pritur Ngjalljen e Zotit Jisu Krisht.<br \/> <\/span><\/span><\/span><\/div>\n<div style=\"text-align: justify;\">&nbsp;<\/div>\n<div style=\"text-align: justify;\"><span style=\"color: #000000;\"><span style=\"font-family: tahoma,geneva,sans-serif;\"><span style=\"font-size: 12px;\">&nbsp;&nbsp;&nbsp; E Premtja e Madhe me sh\u00ebrbes\u00ebn e epitafit edhe nj\u00ebher\u00eb tjet\u00ebr mbushi rrug\u00ebt e kalldr\u00ebmta t\u00eb Gjirokastr\u00ebs me besimtar\u00eb nga t\u00eb dyja e kishat p\u00ebr t\u2019u bashkuar, n\u00ebn kryesimin e Mitropolitit, n\u00eb sheshin qendror t\u00eb qytetit ku u lexua Ungjilli. Qindra besimtar\u00eb, t\u00eb cil\u00ebt gjat\u00eb gjith\u00eb dit\u00ebs kishin q\u00ebndruar n\u00ebp\u00ebr kisha dhe ishin falur mbi Trupin e Zotit ton\u00eb, ndoq\u00ebn k\u00ebto sh\u00ebrbesa. E nj\u00ebjta atmosfer\u00eb edhe n\u00eb Sarand\u00eb, ku dalja e epitafit n\u00eb bulevardin an\u00ebs detit i jep nj\u00eb tjet\u00ebr bukuri ceremonis\u00eb. N\u00eb P\u00ebrmet, ishin tre epitaf\u00eb, q\u00eb dol\u00ebn dhe u takuan n\u00eb sheshin para kish\u00ebs s\u00eb t\u00eb T\u00ebr\u00ebshenjt\u00ebs Mari, ku ishin t\u00eb pranish\u00ebm pothuajse gjith\u00eb banor\u00ebt e qytetit.<br \/> <\/span><\/span><\/span><\/div>\n<div style=\"text-align: justify;\">&nbsp;<\/div>\n<div style=\"text-align: justify;\"><span style=\"color: #000000;\"><span style=\"font-family: tahoma,geneva,sans-serif;\"><span style=\"font-size: 12px;\">&nbsp;&nbsp;&nbsp; Gjithashtu n\u00eb t\u00eb gjitha fshatrat e tjera t\u00eb Dropullit e Vurgut, n\u00eb qytez\u00ebn e Himar\u00ebs dhe Delvin\u00ebs) me pranin\u00eb edhe t\u00eb qindra t\u00eb rinjve q\u00eb erdh\u00ebn p\u00ebr k\u00ebto Pashk\u00eb nga Greqia ku jetojn\u00eb e punojn\u00eb, atmosfera ishte madh\u00ebshtore.<br \/> <\/span><\/span><\/span><\/div>\n<div style=\"text-align: justify;\">&nbsp;<\/div>\n<div style=\"text-align: justify;\"><span style=\"color: #000000;\"><span style=\"font-family: tahoma,geneva,sans-serif;\"><span style=\"font-size: 12px;\">&nbsp;&nbsp;&nbsp; Esht\u00eb e r\u00ebnd\u00ebsishme t\u00eb theksojm\u00eb se gjat\u00eb gjith\u00eb periudhes s\u00eb Kreshm\u00ebs t\u00eb rinjt\u00eb tan\u00eb, nx\u00ebn\u00ebsit q\u00eb marrin pjes\u00eb n\u00eb grupet e katekizmit apo shkollohen n\u00eb institucionet arsimore t\u00eb Kish\u00ebs, ishin shum\u00eb aktiv\u00eb n\u00eb p\u00ebrgatitjen e kishave dhe aktivitetet shpirt\u00ebrore. Ata kudo ndihmuan klerik\u00ebt p\u00ebr t\u00eb kryer sh\u00ebrbesat dhe Liturgjit\u00eb Hyjnore. Nx\u00ebn\u00ebsit e Shkoll\u00ebs s\u00eb Mesme Kishtare &#8220;Kryqi i Nderuar\u201d shoq\u00ebruan n\u00eb trajt\u00ebn e vizitave shpirt\u00ebrore, Hir\u00ebsin\u00eb e Tij Dhimitrin n\u00eb fshatra t\u00eb ndryshme malore, n\u00eb zon\u00ebn e Pogonit dhe t\u00eb Dropullit.<br \/> <\/span><\/span><\/span><\/div>\n<div style=\"text-align: justify;\">&nbsp;<\/div>\n<div style=\"text-align: justify;\"><span style=\"color: #000000;\"><span style=\"font-family: tahoma,geneva,sans-serif;\"><span style=\"font-size: 12px;\">&nbsp;&nbsp;&nbsp; Shum\u00eb nga klerik\u00ebt e Mitropolis\u00eb s\u00eb Gjirokastr\u00ebs, sikund\u00ebr \u00ebsht\u00eb b\u00ebr\u00eb tradit\u00eb p\u00ebr t\u00eb p\u00ebrballuar nevojat e besimtar\u00ebve kryen Akolluthin\u00eb e Ngjalljes n\u00eb disa fshatra radhazi q\u00eb t\u00eb Shtun\u00ebn n\u00eb mbr\u00ebmje, por edhe gjat\u00eb t\u00eb Diel\u00ebs her\u00ebt n\u00eb m\u00ebngjes.<br \/> <\/span><\/span><\/span><\/div>\n<div style=\"text-align: justify;\">&nbsp;<\/div>\n<div style=\"text-align: justify;\"><span style=\"color: #000000;\"><span style=\"font-family: tahoma,geneva,sans-serif;\"><span style=\"font-size: 12px;\">&nbsp;&nbsp;&nbsp; Kudo ku u krye Liturgjia Hyjnore e s\u00eb Diel\u00ebs, por edhe gjat\u00eb dit\u00ebve t\u00eb jav\u00ebs s\u00eb Ndritur, u lexua mesazhi paskal i Fortlumturis\u00eb s\u00eb Tij, Kryepiskopit t\u00eb Tiran\u00ebs dhe gjith\u00eb Shqip\u00ebris\u00eb Anastasit si dhe u ndoq\u00ebn transmetimet televizive t\u00eb ceremonive kishtare dhe t\u00eb pritjeve n\u00eb Kryepiskopat\u00ebn e Tiran\u00ebs, gj\u00eb q\u00eb ngriti emocionalisht t\u00eb gjith\u00eb grigj\u00ebn Orthodhokse t\u00eb Mitropolis\u00eb s\u00eb Gjirokastr\u00ebs.<\/p>\n<p> &nbsp;<br \/> <strong>(Korresp. i \u201cNGJALLJA\u201d)<\/strong><\/span><\/span><\/span><\/div>\n","protected":false},"excerpt":{"rendered":"<p>&nbsp;&nbsp;&nbsp; N\u00eb t\u00eb gjitha enorit\u00eb e Mitropolis\u00eb s\u00eb Shenjt\u00eb t\u00eb Gjirokastr\u00ebs, sidomos n\u00eb qytetet e m\u00ebdha q\u00eb p\u00ebrfshihen n\u00eb t\u00eb, me nj\u00eb pjes\u00ebmarrje t\u00eb p\u00ebrgjithshme dhe jo vet\u00ebm t\u00eb besimtar\u00ebve Orthodhoks\u00eb dhe me thell\u00ebsi shpirt\u00ebrore, u kremtua ngjarja m\u00eb r\u00ebnd\u00ebsishme e historis\u00eb s\u00eb njer\u00ebzimit dhe nj\u00ebher\u00ebsh thelbi i besimit ton\u00eb. &nbsp; &nbsp;&nbsp;&nbsp; N\u00eb qytetin e Gjirokastr\u00ebs sh\u00ebrbesat dhe Liturgjia Hyjnore u kryesuan nga Hir\u00ebsia e<\/p>\n","protected":false},"author":1,"featured_media":0,"comment_status":"open","ping_status":"open","sticky":false,"template":"","format":"standard","meta":{"_acf_changed":false,"pagelayer_contact_templates":[],"_pagelayer_content":"","inline_featured_image":false,"fifu_image_url":"","fifu_image_alt":"","footnotes":""},"categories":[108],"tags":[147,212,198,189],"class_list":["post-1068","post","type-post","status-publish","format-standard","hentry","category-lajme","tag-147","tag-lajme-d27","tag-gjirokaster","tag-pashke-2014"],"acf":[],"yoast_head":"<!-- This site is optimized with the Yoast SEO plugin v27.2 - https:\/\/yoast.com\/product\/yoast-seo-wordpress\/ -->\n<title>Pashk\u00eb n\u00eb Mitropolin\u00eb e Gjirokastr\u00ebs. (Prill 2007) - Kisha Orthodh\u03bfkse Autoqefale e Shqip\u00ebris\u00eb<\/title>\n<meta name=\"robots\" content=\"index, follow, max-snippet:-1, max-image-preview:large, max-video-preview:-1\" \/>\n<link rel=\"canonical\" href=\"https:\/\/orthodoxalbania.org\/2020\/2007\/02\/26\/pashke-ne-mitropoline-e-gjirokastres-prill-07\/\" \/>\n<meta property=\"og:locale\" content=\"en_US\" \/>\n<meta property=\"og:type\" content=\"article\" \/>\n<meta property=\"og:title\" content=\"Pashk\u00eb n\u00eb Mitropolin\u00eb e Gjirokastr\u00ebs. (Prill 2007) - Kisha Orthodh\u03bfkse Autoqefale e Shqip\u00ebris\u00eb\" \/>\n<meta property=\"og:description\" content=\"&nbsp;&nbsp;&nbsp; N\u00eb t\u00eb gjitha enorit\u00eb e Mitropolis\u00eb s\u00eb Shenjt\u00eb t\u00eb Gjirokastr\u00ebs, sidomos n\u00eb qytetet e m\u00ebdha q\u00eb p\u00ebrfshihen n\u00eb t\u00eb, me nj\u00eb pjes\u00ebmarrje t\u00eb p\u00ebrgjithshme dhe jo vet\u00ebm t\u00eb besimtar\u00ebve Orthodhoks\u00eb dhe me thell\u00ebsi shpirt\u00ebrore, u kremtua ngjarja m\u00eb r\u00ebnd\u00ebsishme e historis\u00eb s\u00eb njer\u00ebzimit dhe nj\u00ebher\u00ebsh thelbi i besimit ton\u00eb. &nbsp; &nbsp;&nbsp;&nbsp; N\u00eb qytetin e Gjirokastr\u00ebs sh\u00ebrbesat dhe Liturgjia Hyjnore u kryesuan nga Hir\u00ebsia e\" \/>\n<meta property=\"og:url\" content=\"https:\/\/orthodoxalbania.org\/2020\/2007\/02\/26\/pashke-ne-mitropoline-e-gjirokastres-prill-07\/\" \/>\n<meta property=\"og:site_name\" content=\"Kisha Orthodh\u03bfkse Autoqefale e Shqip\u00ebris\u00eb\" \/>\n<meta property=\"article:publisher\" content=\"https:\/\/www.facebook.com\/koash1991\" \/>\n<meta property=\"article:published_time\" content=\"2007-02-26T00:00:00+00:00\" \/>\n<meta property=\"article:modified_time\" content=\"2020-04-06T20:35:49+00:00\" \/>\n<meta property=\"og:image\" content=\"https:\/\/orthodoxalbania.org\/2020\/wp-content\/uploads\/2021\/02\/LogoLastALb-200.png\" \/>\n\t<meta property=\"og:image:width\" content=\"200\" \/>\n\t<meta property=\"og:image:height\" content=\"172\" \/>\n\t<meta property=\"og:image:type\" content=\"image\/png\" \/>\n<meta name=\"author\" content=\"Kisha Orthodhokse\" \/>\n<meta name=\"twitter:card\" content=\"summary_large_image\" \/>\n<meta name=\"twitter:label1\" content=\"Written by\" \/>\n\t<meta name=\"twitter:data1\" content=\"Kisha Orthodhokse\" \/>\n\t<meta name=\"twitter:label2\" content=\"Est. reading time\" \/>\n\t<meta name=\"twitter:data2\" content=\"3 minutes\" \/>\n<script type=\"application\/ld+json\" class=\"yoast-schema-graph\">{\"@context\":\"https:\/\/schema.org\",\"@graph\":[{\"@type\":\"Article\",\"@id\":\"https:\/\/orthodoxalbania.org\/2020\/2007\/02\/26\/pashke-ne-mitropoline-e-gjirokastres-prill-07\/#article\",\"isPartOf\":{\"@id\":\"https:\/\/orthodoxalbania.org\/2020\/2007\/02\/26\/pashke-ne-mitropoline-e-gjirokastres-prill-07\/\"},\"author\":{\"name\":\"Kisha Orthodhokse\",\"@id\":\"https:\/\/orthodoxalbania.org\/2020\/#\/schema\/person\/0c387634a7063ac612d7ed9ce71c7e86\"},\"headline\":\"Pashk\u00eb n\u00eb Mitropolin\u00eb e Gjirokastr\u00ebs. (Prill 2007)\",\"datePublished\":\"2007-02-26T00:00:00+00:00\",\"dateModified\":\"2020-04-06T20:35:49+00:00\",\"mainEntityOfPage\":{\"@id\":\"https:\/\/orthodoxalbania.org\/2020\/2007\/02\/26\/pashke-ne-mitropoline-e-gjirokastres-prill-07\/\"},\"wordCount\":593,\"commentCount\":0,\"publisher\":{\"@id\":\"https:\/\/orthodoxalbania.org\/2020\/#organization\"},\"keywords\":[\"2007\",\"lajme\",\"Mitropolia Gjirokast\u00ebr\",\"Pashk\u00eb\"],\"articleSection\":[\"Lajme\"],\"inLanguage\":\"en-US\"},{\"@type\":\"WebPage\",\"@id\":\"https:\/\/orthodoxalbania.org\/2020\/2007\/02\/26\/pashke-ne-mitropoline-e-gjirokastres-prill-07\/\",\"url\":\"https:\/\/orthodoxalbania.org\/2020\/2007\/02\/26\/pashke-ne-mitropoline-e-gjirokastres-prill-07\/\",\"name\":\"Pashk\u00eb n\u00eb Mitropolin\u00eb e Gjirokastr\u00ebs. (Prill 2007) - Kisha Orthodh\u03bfkse Autoqefale e Shqip\u00ebris\u00eb\",\"isPartOf\":{\"@id\":\"https:\/\/orthodoxalbania.org\/2020\/#website\"},\"datePublished\":\"2007-02-26T00:00:00+00:00\",\"dateModified\":\"2020-04-06T20:35:49+00:00\",\"breadcrumb\":{\"@id\":\"https:\/\/orthodoxalbania.org\/2020\/2007\/02\/26\/pashke-ne-mitropoline-e-gjirokastres-prill-07\/#breadcrumb\"},\"inLanguage\":\"en-US\",\"potentialAction\":[{\"@type\":\"ReadAction\",\"target\":[\"https:\/\/orthodoxalbania.org\/2020\/2007\/02\/26\/pashke-ne-mitropoline-e-gjirokastres-prill-07\/\"]}]},{\"@type\":\"BreadcrumbList\",\"@id\":\"https:\/\/orthodoxalbania.org\/2020\/2007\/02\/26\/pashke-ne-mitropoline-e-gjirokastres-prill-07\/#breadcrumb\",\"itemListElement\":[{\"@type\":\"ListItem\",\"position\":1,\"name\":\"Home\",\"item\":\"https:\/\/orthodoxalbania.org\/2020\/\"},{\"@type\":\"ListItem\",\"position\":2,\"name\":\"Pashk\u00eb n\u00eb Mitropolin\u00eb e Gjirokastr\u00ebs. (Prill 2007)\"}]},{\"@type\":\"WebSite\",\"@id\":\"https:\/\/orthodoxalbania.org\/2020\/#website\",\"url\":\"https:\/\/orthodoxalbania.org\/2020\/\",\"name\":\"Kisha Orthodh\u03bfkse Autoqefale e Shqip\u00ebris\u00eb\",\"description\":\"Fqja Zyrtare e Kish\u00ebs Orthodhokse Autoqefale e Shqip\u00ebris\u00eb me lajmet edhe informacionet zyrtare p\u00ebr struktur\u00ebn edhe veprimtarin e saj.\",\"publisher\":{\"@id\":\"https:\/\/orthodoxalbania.org\/2020\/#organization\"},\"potentialAction\":[{\"@type\":\"SearchAction\",\"target\":{\"@type\":\"EntryPoint\",\"urlTemplate\":\"https:\/\/orthodoxalbania.org\/2020\/?s={search_term_string}\"},\"query-input\":{\"@type\":\"PropertyValueSpecification\",\"valueRequired\":true,\"valueName\":\"search_term_string\"}}],\"inLanguage\":\"en-US\"},{\"@type\":\"Organization\",\"@id\":\"https:\/\/orthodoxalbania.org\/2020\/#organization\",\"name\":\"Kisha Orthodhokse Autoqefale e Shqip\u00ebris\u00eb\",\"url\":\"https:\/\/orthodoxalbania.org\/2020\/\",\"logo\":{\"@type\":\"ImageObject\",\"inLanguage\":\"en-US\",\"@id\":\"https:\/\/orthodoxalbania.org\/2020\/#\/schema\/logo\/image\/\",\"url\":\"https:\/\/orthodoxalbania.org\/2020\/wp-content\/uploads\/2020\/05\/albania.jpeg\",\"contentUrl\":\"https:\/\/orthodoxalbania.org\/2020\/wp-content\/uploads\/2020\/05\/albania.jpeg\",\"width\":540,\"height\":540,\"caption\":\"Kisha Orthodhokse Autoqefale e Shqip\u00ebris\u00eb\"},\"image\":{\"@id\":\"https:\/\/orthodoxalbania.org\/2020\/#\/schema\/logo\/image\/\"},\"sameAs\":[\"https:\/\/www.facebook.com\/koash1991\"]},{\"@type\":\"Person\",\"@id\":\"https:\/\/orthodoxalbania.org\/2020\/#\/schema\/person\/0c387634a7063ac612d7ed9ce71c7e86\",\"name\":\"Kisha Orthodhokse\",\"image\":{\"@type\":\"ImageObject\",\"inLanguage\":\"en-US\",\"@id\":\"https:\/\/secure.gravatar.com\/avatar\/596e7c417251e30f2fbb9c00e026fce61a695a00e51c889caded71c96cbbdde5?s=96&d=mm&r=g\",\"url\":\"https:\/\/secure.gravatar.com\/avatar\/596e7c417251e30f2fbb9c00e026fce61a695a00e51c889caded71c96cbbdde5?s=96&d=mm&r=g\",\"contentUrl\":\"https:\/\/secure.gravatar.com\/avatar\/596e7c417251e30f2fbb9c00e026fce61a695a00e51c889caded71c96cbbdde5?s=96&d=mm&r=g\",\"caption\":\"Kisha Orthodhokse\"}}]}<\/script>\n<!-- \/ Yoast SEO plugin. -->","yoast_head_json":{"title":"Pashk\u00eb n\u00eb Mitropolin\u00eb e Gjirokastr\u00ebs. (Prill 2007) - Kisha Orthodh\u03bfkse Autoqefale e Shqip\u00ebris\u00eb","robots":{"index":"index","follow":"follow","max-snippet":"max-snippet:-1","max-image-preview":"max-image-preview:large","max-video-preview":"max-video-preview:-1"},"canonical":"https:\/\/orthodoxalbania.org\/2020\/2007\/02\/26\/pashke-ne-mitropoline-e-gjirokastres-prill-07\/","og_locale":"en_US","og_type":"article","og_title":"Pashk\u00eb n\u00eb Mitropolin\u00eb e Gjirokastr\u00ebs. (Prill 2007) - Kisha Orthodh\u03bfkse Autoqefale e Shqip\u00ebris\u00eb","og_description":"&nbsp;&nbsp;&nbsp; N\u00eb t\u00eb gjitha enorit\u00eb e Mitropolis\u00eb s\u00eb Shenjt\u00eb t\u00eb Gjirokastr\u00ebs, sidomos n\u00eb qytetet e m\u00ebdha q\u00eb p\u00ebrfshihen n\u00eb t\u00eb, me nj\u00eb pjes\u00ebmarrje t\u00eb p\u00ebrgjithshme dhe jo vet\u00ebm t\u00eb besimtar\u00ebve Orthodhoks\u00eb dhe me thell\u00ebsi shpirt\u00ebrore, u kremtua ngjarja m\u00eb r\u00ebnd\u00ebsishme e historis\u00eb s\u00eb njer\u00ebzimit dhe nj\u00ebher\u00ebsh thelbi i besimit ton\u00eb. &nbsp; &nbsp;&nbsp;&nbsp; N\u00eb qytetin e Gjirokastr\u00ebs sh\u00ebrbesat dhe Liturgjia Hyjnore u kryesuan nga Hir\u00ebsia e","og_url":"https:\/\/orthodoxalbania.org\/2020\/2007\/02\/26\/pashke-ne-mitropoline-e-gjirokastres-prill-07\/","og_site_name":"Kisha Orthodh\u03bfkse Autoqefale e Shqip\u00ebris\u00eb","article_publisher":"https:\/\/www.facebook.com\/koash1991","article_published_time":"2007-02-26T00:00:00+00:00","article_modified_time":"2020-04-06T20:35:49+00:00","og_image":[{"width":200,"height":172,"url":"https:\/\/orthodoxalbania.org\/2020\/wp-content\/uploads\/2021\/02\/LogoLastALb-200.png","type":"image\/png"}],"author":"Kisha Orthodhokse","twitter_card":"summary_large_image","twitter_misc":{"Written by":"Kisha Orthodhokse","Est. reading time":"3 minutes"},"schema":{"@context":"https:\/\/schema.org","@graph":[{"@type":"Article","@id":"https:\/\/orthodoxalbania.org\/2020\/2007\/02\/26\/pashke-ne-mitropoline-e-gjirokastres-prill-07\/#article","isPartOf":{"@id":"https:\/\/orthodoxalbania.org\/2020\/2007\/02\/26\/pashke-ne-mitropoline-e-gjirokastres-prill-07\/"},"author":{"name":"Kisha Orthodhokse","@id":"https:\/\/orthodoxalbania.org\/2020\/#\/schema\/person\/0c387634a7063ac612d7ed9ce71c7e86"},"headline":"Pashk\u00eb n\u00eb Mitropolin\u00eb e Gjirokastr\u00ebs. (Prill 2007)","datePublished":"2007-02-26T00:00:00+00:00","dateModified":"2020-04-06T20:35:49+00:00","mainEntityOfPage":{"@id":"https:\/\/orthodoxalbania.org\/2020\/2007\/02\/26\/pashke-ne-mitropoline-e-gjirokastres-prill-07\/"},"wordCount":593,"commentCount":0,"publisher":{"@id":"https:\/\/orthodoxalbania.org\/2020\/#organization"},"keywords":["2007","lajme","Mitropolia Gjirokast\u00ebr","Pashk\u00eb"],"articleSection":["Lajme"],"inLanguage":"en-US"},{"@type":"WebPage","@id":"https:\/\/orthodoxalbania.org\/2020\/2007\/02\/26\/pashke-ne-mitropoline-e-gjirokastres-prill-07\/","url":"https:\/\/orthodoxalbania.org\/2020\/2007\/02\/26\/pashke-ne-mitropoline-e-gjirokastres-prill-07\/","name":"Pashk\u00eb n\u00eb Mitropolin\u00eb e Gjirokastr\u00ebs. (Prill 2007) - Kisha Orthodh\u03bfkse Autoqefale e Shqip\u00ebris\u00eb","isPartOf":{"@id":"https:\/\/orthodoxalbania.org\/2020\/#website"},"datePublished":"2007-02-26T00:00:00+00:00","dateModified":"2020-04-06T20:35:49+00:00","breadcrumb":{"@id":"https:\/\/orthodoxalbania.org\/2020\/2007\/02\/26\/pashke-ne-mitropoline-e-gjirokastres-prill-07\/#breadcrumb"},"inLanguage":"en-US","potentialAction":[{"@type":"ReadAction","target":["https:\/\/orthodoxalbania.org\/2020\/2007\/02\/26\/pashke-ne-mitropoline-e-gjirokastres-prill-07\/"]}]},{"@type":"BreadcrumbList","@id":"https:\/\/orthodoxalbania.org\/2020\/2007\/02\/26\/pashke-ne-mitropoline-e-gjirokastres-prill-07\/#breadcrumb","itemListElement":[{"@type":"ListItem","position":1,"name":"Home","item":"https:\/\/orthodoxalbania.org\/2020\/"},{"@type":"ListItem","position":2,"name":"Pashk\u00eb n\u00eb Mitropolin\u00eb e Gjirokastr\u00ebs. (Prill 2007)"}]},{"@type":"WebSite","@id":"https:\/\/orthodoxalbania.org\/2020\/#website","url":"https:\/\/orthodoxalbania.org\/2020\/","name":"Kisha Orthodh\u03bfkse Autoqefale e Shqip\u00ebris\u00eb","description":"Fqja Zyrtare e Kish\u00ebs Orthodhokse Autoqefale e Shqip\u00ebris\u00eb me lajmet edhe informacionet zyrtare p\u00ebr struktur\u00ebn edhe veprimtarin e saj.","publisher":{"@id":"https:\/\/orthodoxalbania.org\/2020\/#organization"},"potentialAction":[{"@type":"SearchAction","target":{"@type":"EntryPoint","urlTemplate":"https:\/\/orthodoxalbania.org\/2020\/?s={search_term_string}"},"query-input":{"@type":"PropertyValueSpecification","valueRequired":true,"valueName":"search_term_string"}}],"inLanguage":"en-US"},{"@type":"Organization","@id":"https:\/\/orthodoxalbania.org\/2020\/#organization","name":"Kisha Orthodhokse Autoqefale e Shqip\u00ebris\u00eb","url":"https:\/\/orthodoxalbania.org\/2020\/","logo":{"@type":"ImageObject","inLanguage":"en-US","@id":"https:\/\/orthodoxalbania.org\/2020\/#\/schema\/logo\/image\/","url":"https:\/\/orthodoxalbania.org\/2020\/wp-content\/uploads\/2020\/05\/albania.jpeg","contentUrl":"https:\/\/orthodoxalbania.org\/2020\/wp-content\/uploads\/2020\/05\/albania.jpeg","width":540,"height":540,"caption":"Kisha Orthodhokse Autoqefale e Shqip\u00ebris\u00eb"},"image":{"@id":"https:\/\/orthodoxalbania.org\/2020\/#\/schema\/logo\/image\/"},"sameAs":["https:\/\/www.facebook.com\/koash1991"]},{"@type":"Person","@id":"https:\/\/orthodoxalbania.org\/2020\/#\/schema\/person\/0c387634a7063ac612d7ed9ce71c7e86","name":"Kisha Orthodhokse","image":{"@type":"ImageObject","inLanguage":"en-US","@id":"https:\/\/secure.gravatar.com\/avatar\/596e7c417251e30f2fbb9c00e026fce61a695a00e51c889caded71c96cbbdde5?s=96&d=mm&r=g","url":"https:\/\/secure.gravatar.com\/avatar\/596e7c417251e30f2fbb9c00e026fce61a695a00e51c889caded71c96cbbdde5?s=96&d=mm&r=g","contentUrl":"https:\/\/secure.gravatar.com\/avatar\/596e7c417251e30f2fbb9c00e026fce61a695a00e51c889caded71c96cbbdde5?s=96&d=mm&r=g","caption":"Kisha Orthodhokse"}}]}},"_links":{"self":[{"href":"https:\/\/orthodoxalbania.org\/2020\/wp-json\/wp\/v2\/posts\/1068","targetHints":{"allow":["GET"]}}],"collection":[{"href":"https:\/\/orthodoxalbania.org\/2020\/wp-json\/wp\/v2\/posts"}],"about":[{"href":"https:\/\/orthodoxalbania.org\/2020\/wp-json\/wp\/v2\/types\/post"}],"author":[{"embeddable":true,"href":"https:\/\/orthodoxalbania.org\/2020\/wp-json\/wp\/v2\/users\/1"}],"replies":[{"embeddable":true,"href":"https:\/\/orthodoxalbania.org\/2020\/wp-json\/wp\/v2\/comments?post=1068"}],"version-history":[{"count":1,"href":"https:\/\/orthodoxalbania.org\/2020\/wp-json\/wp\/v2\/posts\/1068\/revisions"}],"predecessor-version":[{"id":15773,"href":"https:\/\/orthodoxalbania.org\/2020\/wp-json\/wp\/v2\/posts\/1068\/revisions\/15773"}],"wp:attachment":[{"href":"https:\/\/orthodoxalbania.org\/2020\/wp-json\/wp\/v2\/media?parent=1068"}],"wp:term":[{"taxonomy":"category","embeddable":true,"href":"https:\/\/orthodoxalbania.org\/2020\/wp-json\/wp\/v2\/categories?post=1068"},{"taxonomy":"post_tag","embeddable":true,"href":"https:\/\/orthodoxalbania.org\/2020\/wp-json\/wp\/v2\/tags?post=1068"}],"curies":[{"name":"wp","href":"https:\/\/api.w.org\/{rel}","templated":true}]}}