{"id":1067,"date":"2013-03-21T10:38:26","date_gmt":"2013-03-21T10:38:26","guid":{"rendered":""},"modified":"2020-04-06T22:06:07","modified_gmt":"2020-04-06T20:06:07","slug":"pashke-mbreselenese-ne-mitropoline-e-beratit","status":"publish","type":"post","link":"https:\/\/orthodoxalbania.org\/2020\/2013\/03\/21\/pashke-mbreselenese-ne-mitropoline-e-beratit\/","title":{"rendered":"Pashk\u00eb mbres\u00ebl\u00ebn\u00ebse n\u00eb Mitropolin\u00eb e Beratit. (2012)"},"content":{"rendered":"<div class=\"MsoNormal\" style=\"margin-bottom: 0.0001pt; text-align: justify; text-indent: 0.5in;\"><span style=\"font-family: tahoma,geneva,sans-serif;\"><span style=\"font-size: 12px;\"><span style=\"color: #000000;\"><span style=\"line-height: 115%;\"><img decoding=\"async\" class=\"lazyload HAa Eha\" style=\"height: 225px; width: 300px; border-width: 1px; border-style: solid; margin: 10px; float: left;\" alt=\"\" src=\"data:image\/gif;base64,R0lGODlhAQABAAAAACH5BAEKAAEALAAAAAABAAEAAAICTAEAOw==\" data-orig-src=\"https:\/\/lh6.googleusercontent.com\/-vAgLEeQnfWY\/VARoWC7AgrI\/AAAAAAAACxM\/nmAM-h-KJc0\/w800-h600-no\/1.jpg\" \/>Madh\u00ebshtore, e bukur dhe shum\u00eb e g\u00ebzueshme ishte kjo jav\u00eb q\u00eb lam\u00eb pas. Ishte \u201cJava e Madhe\u201d. E madhe, sepse u pa i kryq\u00ebzuar mbi dru, Zoti yn\u00eb Jisu Krisht. E madhe ishte kjo Jav\u00eb, sepse p\u00ebrjetuam p\u00ebsimet, kryq\u00ebzimin, varrimin dhe ngjalljen e Zotit dhe Shp\u00ebtimtarit ton\u00eb.<\/span><\/span><\/span><\/span><\/div>\n<div class=\"MsoNormal\" style=\"margin-bottom: 0.0001pt; text-align: justify; text-indent: 0.5in;\">&nbsp;<\/div>\n<div class=\"MsoNormal\" style=\"margin-bottom: 0.0001pt; text-align: justify; text-indent: 0.5in;\"><span style=\"font-family: tahoma,geneva,sans-serif;\"><span style=\"font-size: 12px;\"><span style=\"color: #000000;\"><span style=\"line-height: 115%;\">Ishin t\u00eb shumt\u00eb n\u00eb num\u00ebr besimtar\u00ebt beratas n\u00eb sh\u00ebrbesat e Jav\u00ebs s\u00eb Madhe. G\u00ebzimi i pashk\u00ebve q\u00eb po vinin dukej qart\u00eb n\u00eb fytyrat e tyre, duke filluar nga e Shtuna e Llazarit. G\u00ebzim, hidh\u00ebrim, emocione dhuruan hap pas hapi edhe gjith\u00eb sh\u00ebrbesat e tjera vijuese. Ja vlen t\u00eb p\u00ebrmendim t\u00eb&nbsp; Diel\u00ebn e Dafinave, Sh\u00ebrbesat e Dh\u00ebndrit, Efqelin\u00eb e Shenjt\u00eb. Arrit\u00ebn kulmin k\u00ebto sh\u00ebrbesa n\u00eb dit\u00ebt n\u00eb t\u00eb cilat p\u00ebrjetuam Kryq\u00ebzimin dhe Varrimin e Zotit Krisht. I trishtuesh\u00ebm dhe i ngaz\u00eblluesh\u00ebm momenti kur krijesa kryq\u00ebzon Krijuesin. I trishtuesh\u00ebm, sepse shohim di\u00e7ka q\u00eb mendja njer\u00ebzore nuk mund ta konceptoj\u00eb, i ngaz\u00eblluesh\u00ebm, sepse pa kryq\u00ebzimin nuk do t\u00eb vinte ngjallja dhe \u00e7lirimi nga tirania e djallit. N\u00eb k\u00ebto dit\u00eb ne njer\u00ebzit dhurojm\u00eb lule n\u00eb vend t\u00eb gjembave, i b\u00ebjm\u00eb k\u00ebto momente sa m\u00eb madh\u00ebshtore, ashtu si\u00e7 mohuan njer\u00ebzit t\u2019i b\u00ebnin at\u00ebher\u00eb, ato dit\u00eb&#8230;.<\/span><\/span><\/span><\/span><\/div>\n<div class=\"MsoNormal\" style=\"margin-bottom: 0.0001pt; text-align: justify; text-indent: 0.5in;\">&nbsp;<\/div>\n<div class=\"MsoNormal\" style=\"margin-bottom: 0.0001pt; text-align: justify; text-indent: 0.5in;\"><span style=\"font-family: tahoma,geneva,sans-serif;\"><span style=\"font-size: 12px;\"><span style=\"color: #000000;\"><span style=\"line-height: 115%;\">Mbres\u00ebl\u00ebn\u00ebs ishte dhe sh\u00ebrbesa e Varrimit mbr\u00ebmjen e t\u00eb Premtes s\u00eb Zez\u00eb. Mij\u00ebra besimtar\u00eb ndoq\u00ebn n\u00eb sh\u00ebtitoren kryesore t\u00eb qytetit, procesionin, marshimin e dy Epitaf\u00ebve, t\u00eb zbukuruar me lule natyrale.<\/span><\/span><\/span><\/span><\/div>\n<div class=\"MsoNormal\" style=\"margin-bottom: 0.0001pt; text-align: justify; text-indent: 0.5in;\">&nbsp;<\/div>\n<div class=\"MsoNormal\" style=\"margin-bottom: 0.0001pt; text-align: justify; text-indent: 0.5in;\"><span style=\"font-family: tahoma,geneva,sans-serif;\"><span style=\"font-size: 12px;\"><span style=\"color: #000000;\"><span style=\"line-height: 115%;\">Momentet e v\u00ebshtira kaluan, erdhi momenti i Ngjalljes. K\u00ebtu g\u00ebzimi, i cili buron natyrsh\u00ebm nga shpirti njer\u00ebzor, \u00ebsht\u00eb i v\u00ebshtir\u00eb p\u00ebr tu p\u00ebrshkruar. Njer\u00ebzit me lambadhat paskale dhe me vez\u00ebt e kuqe n\u00eb duar d\u00ebgjuan n\u00eb dy kishat e kryesore t\u00eb qytetit ton\u00eb, n\u00eb katedralen e Sh\u00ebn Dhimitrit si dhe n\u00eb kish\u00ebn e Sh\u00ebn Spiridhonit, himnin triumfal \u201cKrishti u Ngjall s\u00eb vdekur\u00ebsh&#8230;.\u201d.<\/span><\/span><\/span><\/span><\/div>\n<div class=\"MsoNormal\" style=\"margin-bottom: 0.0001pt; text-align: justify; text-indent: 0.5in;\">&nbsp;<\/div>\n<div class=\"MsoNormal\" style=\"margin-bottom: 0.0001pt; text-align: justify; text-indent: 0.5in;\"><span style=\"font-family: tahoma,geneva,sans-serif;\"><span style=\"font-size: 12px;\"><span style=\"color: #000000;\"><span style=\"line-height: 115%;\">N\u00eb Katedralen e Sh\u00ebn Dhimitrit, Liturgjia paskale u drejtua nga Mitropoliti i Beratit, Vlor\u00ebs, Kanin\u00ebs dhe gjith\u00eb Myzeqes\u00eb, Imzot Ignati, i cili n\u00eb mesazhin e Tij, theksoi:<\/span><\/span><\/span><\/span><\/div>\n<div class=\"MsoNormal\" style=\"margin-bottom: 0.0001pt; text-align: justify; text-indent: 0.5in;\">&nbsp;<\/div>\n<div class=\"MsoNormal\" style=\"margin-bottom: 0.0001pt; text-align: justify; text-indent: 0.5in;\"><span style=\"font-family: tahoma,geneva,sans-serif;\"><span style=\"font-size: 12px;\"><span style=\"color: #000000;\"><em><span style=\"line-height: 115%;\">\u201cQielli dhe toka feston sot. Hadhi dhe Parajsa kremton sot. Engj\u00ebjt dhe njer\u00ebzit ngaz\u00ebllohen sot. Zemrat k\u00ebrcejn\u00eb. Shpirtrat preken. Besimtar\u00ebt p\u00ebrqafohen. Dhe kambanat shpallin ngaz\u00eblluesh\u00ebm n\u00eb an\u00ebt e dheut, mesazhin m\u00eb triumfal t\u00eb shekujve: <em>\u201cKrishti u Ngjall\u201d. <\/em>Dhe jehona, nga malet, luginat dhe thell\u00ebsit\u00eb e shpirtit, p\u00ebrs\u00ebrit \u00ebmb\u00eblsisht: <em>\u201cKrishti u Ngjall\u201d.<\/em> Dhe me t\u00eb v\u00ebrtet\u00eb Zoti <em>\u201cu Ngjall\u201d.<\/em> E siguron fuqia e pathyeshme e Kish\u00ebs. E d\u00ebshmojn\u00eb 20 shekujt e bes\u00ebs s\u00eb krishter\u00eb. E v\u00ebrtetojn\u00eb goj\u00ebt e pag\u00ebnjesht\u00ebrta t\u00eb Apostujve&#8230;..<\/span><\/em><\/span><\/span><\/span><\/div>\n<div class=\"MsoNormal\" style=\"margin-bottom: 0.0001pt; text-align: justify; text-indent: 0.5in;\">&nbsp;<\/div>\n<div class=\"MsoNormal\" style=\"margin-bottom: 0.0001pt; text-align: justify; text-indent: 0.5in;\"><span style=\"font-family: tahoma,geneva,sans-serif;\"><span style=\"font-size: 12px;\"><span style=\"color: #000000;\"><em><span style=\"line-height: 115%;\">N\u00eb t\u00eb gjitha gjer\u00ebsit\u00eb dhe gjat\u00ebsit\u00eb gjeografike t\u00eb planetit ton\u00eb, rrezaton drita e Ngjalljes. Madje, edhe n\u00eb vende, n\u00eb t\u00eb cilat \u00ebsht\u00eb e pad\u00ebshirueshme. E mbajn\u00eb dhe e transmetojn\u00eb k\u00ebt\u00eb drit\u00eb, duar t\u00eb shenjta, duar heroike. Njer\u00ebz, q\u00eb nuk i tremben as vuajtjeve n\u00eb thell\u00ebsit\u00eb e Afrik\u00ebs dhe t\u00eb Azis\u00eb, as arrestimeve dhe internimeve n\u00eb stepat e Siberis\u00eb, as ironive dhe kund\u00ebrshtimeve n\u00eb qytetet e m\u00ebdha t\u00eb bot\u00ebs s\u00eb ashtuquajtur t\u00eb kulturuar. Kan\u00eb me vete fuqin\u00eb e pamposhtur t\u00eb Shpirtit t\u00eb Shenjt\u00eb, q\u00eb d\u00ebrgoi n\u00eb Kish\u00ebn e Tij, Zoti i ngjallur. Me fjal\u00ebt dhe me jet\u00ebn e tyre t\u00eb shenjt\u00eb, si lambadha t\u00eb tjera t\u00eb Ngjalljes, shp\u00ebrndajn\u00eb rreth tyre drit\u00ebn e Krishtit, q\u00eb nuk shuhet kurr\u00eb, megjith\u00ebse t\u00eb pabes\u00ebt t\u00ebrbohen. Mesazhi i Ngjalljes s\u00eb Zotit, \u00ebsht\u00eb p\u00ebr t\u00eb gjith\u00eb njer\u00ebzit e t\u00eb gjitha epokave. Jeta e njeriut merr kuptim dhe vler\u00eb, kur d\u00ebshmon ngjarjen e Ngjalljes, sepse k\u00ebshtu \u00e7lirohet nga makthi i vdekjes. Ngjarja e Ngjalljes, i v\u00ebrteton njeriut, se jeta nuk mbaron, n\u00eb m\u00ebnyr\u00eb t\u00eb paprap\u00ebsueshme, me vdekjen. Kjo e v\u00ebrtet\u00eb, solli n\u00eb jet\u00ebn e njer\u00ebzve, nj\u00eb ndryshim, nj\u00eb shnd\u00ebrrim t\u00eb thell\u00eb. Drita e Krishtit erdhi n\u00eb bot\u00eb. Jeta e p\u00ebrjetshme dhe e paprishshme e Zotit t\u00eb ngjallur, e aboliti vdekjen dhe hapi tejp\u00ebrtej dyert e p\u00ebrjet\u00ebsis\u00eb. Karakteristikat kryesore t\u00eb <em>\u201cjet\u00ebs s\u00eb re\u201d<\/em> jan\u00eb, g\u00ebzimi, ngaz\u00ebllimi, d\u00ebfrimi dhe paqja.<\/span><\/em><\/span><\/span><\/span><\/div>\n<div class=\"MsoNormal\" style=\"margin-bottom: 0.0001pt; text-align: justify; text-indent: 0.5in;\">&nbsp;<\/div>\n<div style=\"margin: 0in 0in 0.0001pt; text-align: justify;\"><span style=\"font-family: tahoma,geneva,sans-serif;\"><span style=\"font-size: 12px;\"><span style=\"color: #000000;\"><em><span>&nbsp;&nbsp;&nbsp;&nbsp;&nbsp;&nbsp;&nbsp;&nbsp;&nbsp;&nbsp;&nbsp; V\u00ebllez\u00ebrit e mi t\u00eb dashur m\u00eb Krishtin! Kur shpallim <em>\u201cKrishti u ngjall\u201d, <\/em>nuk kujtojm\u00eb vet\u00ebm di\u00e7ka q\u00eb u b\u00eb n\u00eb t\u00eb shkuar\u00ebn. Nuk pranojm\u00eb, thjesht\u00eb, se Zoti <em>\u201c d\u00ebrrmoi pushtetin e armikut\u201d.<\/em> Mbi t\u00eb gjitha, pohojm\u00eb se jeton edhe tani midis nesh. Kisha jon\u00eb, ve\u00e7 k\u00ebsaj, p\u00ebrjeton vazhdimisht mrekullin\u00eb e Ngjalljes. Himnet ngjall\u00ebsore jehojn\u00eb pand\u00ebrprer\u00eb n\u00eb tempujt tan\u00eb. Le ta p\u00ebrjetojm\u00eb, pra, edhe ne, mrekullin\u00eb e madhe, q\u00eb t\u00eb ndiejm\u00eb p\u00ebrgjithmon\u00eb, pran\u00eb nesh, Zotin e ngjallur, t\u00eb na dhuroj\u00eb paqen dhe g\u00ebzimin e Tij.&nbsp;<\/span><\/em><\/span><\/span><\/span><\/div>\n<div style=\"margin: 0in 0in 0.0001pt; text-align: justify;\"><span style=\"font-family: tahoma,geneva,sans-serif;\"><span style=\"font-size: 12px;\"><span style=\"color: #000000;\"><em><span>&nbsp;&nbsp;&nbsp;&nbsp; <\/span><\/em><\/span><\/span><\/span><\/div>\n<div style=\"margin: 0in 0in 0.0001pt; text-align: right;\"><span style=\"font-family: tahoma,geneva,sans-serif;\"><span style=\"color: #b22222;\"><span style=\"font-size: 12px;\"><em><span>&nbsp;&nbsp;&nbsp;&nbsp;&nbsp;&nbsp;&nbsp;&nbsp;&nbsp;&nbsp;&nbsp;&nbsp;&nbsp;&nbsp;&nbsp;&nbsp;&nbsp;&nbsp;&nbsp;&nbsp;&nbsp;&nbsp;&nbsp;&nbsp;&nbsp;&nbsp;&nbsp;&nbsp;&nbsp;&nbsp;&nbsp;&nbsp;&nbsp;&nbsp;&nbsp;&nbsp;&nbsp;&nbsp;&nbsp;&nbsp;&nbsp;&nbsp;&nbsp;&nbsp;&nbsp;&nbsp;&nbsp;&nbsp; &nbsp;<em><strong>Krishti u Ngjall <\/strong><\/em><\/span><\/em><span>\u201d<\/span><\/span><\/span><\/span><\/div>\n<div style=\"margin: 0in 0in 0.0001pt; text-align: justify;\"><span style=\"font-family: tahoma,geneva,sans-serif;\"><span style=\"font-size: 12px;\"><span style=\"color: #000000;\"><em><span>&nbsp;&nbsp;&nbsp;&nbsp;&nbsp;&nbsp;&nbsp;&nbsp;&nbsp;&nbsp;&nbsp; <\/span><\/em><\/span><\/span><\/span><\/div>\n<div style=\"margin: 0in 0in 0.0001pt; text-align: justify;\"><span style=\"font-family: tahoma,geneva,sans-serif;\"><span style=\"font-size: 12px;\"><span style=\"color: #000000;\"><span>&nbsp;&nbsp;&nbsp;&nbsp;&nbsp;&nbsp;&nbsp;&nbsp;&nbsp;&nbsp; N\u00eb t\u00eb nj\u00ebjt\u00ebn atmosfer\u00eb festive u krye dhe sh\u00ebrbesa e Mbr\u00ebm\u00ebsores s\u00eb Dashuris\u00eb, ku besimtar\u00ebt nd\u00ebr t\u00eb tjera pat\u00ebn mund\u00ebsi t\u00eb d\u00ebgjonin Ungjillin e dit\u00ebs n\u00eb shum\u00eb gjuh\u00eb t\u00eb huaja.<\/span><\/span><\/span><\/span><\/div>\n<div style=\"margin: 0in 0in 0.0001pt; text-align: justify;\">&nbsp;<\/div>\n<div style=\"margin: 0in 0in 0.0001pt; text-align: justify;\"><span style=\"font-family: tahoma,geneva,sans-serif;\"><span style=\"font-size: 12px;\"><span style=\"color: #000000;\"><span>&nbsp;&nbsp;&nbsp;&nbsp;&nbsp;&nbsp;&nbsp;&nbsp;&nbsp;&nbsp;&nbsp; M\u00eb pas n\u00eb Mitropolin\u00eb e Shenjt\u00eb erdh\u00ebn p\u00ebr t\u00eb uruar Ngjalljen e Zotit, besimtar\u00eb t\u00eb shumt\u00eb, p\u00ebrfaq\u00ebsues t\u00eb komuniteteve t\u00eb tjera fetare si dhe titullar\u00eb dhe p\u00ebrfaq\u00ebsues t\u00eb pushtetit vendor.<\/span><\/span><\/span><\/span><\/div>\n<div style=\"margin: 0in 0in 0.0001pt; text-align: justify;\">&nbsp;<\/div>\n<div style=\"margin: 0in 0in 0.0001pt; text-align: right;\"><strong style=\"font-family: tahoma, geneva, sans-serif; font-size: 12px; line-height: 24px; text-align: right; background-color: #ffffff;\">Joan Qako<\/strong><\/div>\n<div style=\"margin: 0in 0in 0.0001pt; text-align: right;\">&nbsp;<\/div>\n<div>&nbsp;<\/p>\n<table>\n<tbody>\n<tr>\n<td><img decoding=\"async\" class=\"lazyload HAa Eha\" style=\"height: 300px; width: 400px; border-width: 1px; border-style: solid; margin: 10px;\" alt=\"\" src=\"data:image\/gif;base64,R0lGODlhAQABAAAAACH5BAEKAAEALAAAAAABAAEAAAICTAEAOw==\" data-orig-src=\"https:\/\/lh3.googleusercontent.com\/-cGob30Sd4ZE\/VLDomdDzgiI\/AAAAAAAAKp0\/TRNs6K8lm8k\/w387-h290-no\/1_387_290_90.jpg\" \/><\/td>\n<\/tr>\n<tr>\n<td><img decoding=\"async\" class=\"lazyload HAa Eha\" style=\"height: 300px; width: 400px; border-width: 1px; border-style: solid; margin: 10px;\" alt=\"\" src=\"data:image\/gif;base64,R0lGODlhAQABAAAAACH5BAEKAAEALAAAAAABAAEAAAICTAEAOw==\" data-orig-src=\"https:\/\/lh4.googleusercontent.com\/-wG2x-E9sx_M\/VLDomiubkNI\/AAAAAAAAKpA\/MWV3-qNgnMg\/w387-h290-no\/2_387_290_90.jpg\" \/><\/td>\n<\/tr>\n<tr>\n<td><img decoding=\"async\" class=\"lazyload HAa Eha\" style=\"height: 300px; width: 400px; border-width: 1px; border-style: solid; margin: 10px;\" alt=\"\" src=\"data:image\/gif;base64,R0lGODlhAQABAAAAACH5BAEKAAEALAAAAAABAAEAAAICTAEAOw==\" data-orig-src=\"https:\/\/lh3.googleusercontent.com\/-feA_RktF2M0\/VLDom2Q1CZI\/AAAAAAAAKpE\/cNko3tRqsZE\/w387-h290-no\/3_387_290_90.jpg\" \/><\/td>\n<\/tr>\n<tr>\n<td><img decoding=\"async\" class=\"lazyload HAa Eha\" style=\"height: 300px; width: 400px; border-width: 1px; border-style: solid; margin: 10px;\" alt=\"\" src=\"data:image\/gif;base64,R0lGODlhAQABAAAAACH5BAEKAAEALAAAAAABAAEAAAICTAEAOw==\" data-orig-src=\"https:\/\/lh6.googleusercontent.com\/-UjOEFxaGzqU\/VLDonFTXc1I\/AAAAAAAAKpM\/YEq7kkSIyT0\/w387-h290-no\/4_387_290_90.jpg\" \/><\/td>\n<\/tr>\n<tr>\n<td><img decoding=\"async\" class=\"lazyload HAa Eha\" style=\"border-width: 1px; border-style: solid; margin: 10px; width: 229px; height: 338px;\" alt=\"\" src=\"data:image\/gif;base64,R0lGODlhAQABAAAAACH5BAEKAAEALAAAAAABAAEAAAICTAEAOw==\" data-orig-src=\"https:\/\/lh6.googleusercontent.com\/-8w3B5Wy5cYk\/VLDonUzL7PI\/AAAAAAAAKps\/i2kyWtqf2UM\/w193-h290-no\/5_193_290_90.jpg\" \/><\/td>\n<\/tr>\n<tr>\n<td><img decoding=\"async\" class=\"lazyload HAa Eha\" style=\"height: 300px; width: 400px; border-width: 1px; border-style: solid; margin: 10px;\" alt=\"\" src=\"data:image\/gif;base64,R0lGODlhAQABAAAAACH5BAEKAAEALAAAAAABAAEAAAICTAEAOw==\" data-orig-src=\"https:\/\/lh4.googleusercontent.com\/-wss4_kN8nPM\/VLDontQL-KI\/AAAAAAAAKpw\/Gfr-zH-WBFA\/w387-h258-no\/6_387_258_90.jpg\" \/><\/td>\n<\/tr>\n<tr>\n<td><img decoding=\"async\" class=\"lazyload HAa Eha\" style=\"height: 267px; width: 400px; border-width: 1px; border-style: solid; margin: 10px;\" alt=\"\" src=\"data:image\/gif;base64,R0lGODlhAQABAAAAACH5BAEKAAEALAAAAAABAAEAAAICTAEAOw==\" data-orig-src=\"https:\/\/lh3.googleusercontent.com\/-ABpUjtPBcUU\/VLDooHc89TI\/AAAAAAAAKpg\/1_rg617SONM\/w387-h258-no\/7_387_258_90.jpg\" \/><\/td>\n<\/tr>\n<tr>\n<td><img decoding=\"async\" class=\"lazyload HAa Eha\" style=\"height: 267px; width: 400px; border-width: 1px; border-style: solid; margin: 10px;\" alt=\"\" src=\"data:image\/gif;base64,R0lGODlhAQABAAAAACH5BAEKAAEALAAAAAABAAEAAAICTAEAOw==\" data-orig-src=\"https:\/\/lh3.googleusercontent.com\/-Fh-Ez-CBF_E\/VLDood1vDAI\/AAAAAAAAKpk\/IhCs-83Imp0\/w387-h258-no\/8_387_258_90.jpg\" \/><\/td>\n<\/tr>\n<tr>\n<td><img decoding=\"async\" class=\"lazyload HAa Eha\" style=\"height: 267px; width: 400px; border-width: 1px; border-style: solid; margin: 10px;\" alt=\"\" src=\"data:image\/gif;base64,R0lGODlhAQABAAAAACH5BAEKAAEALAAAAAABAAEAAAICTAEAOw==\" data-orig-src=\"https:\/\/lh4.googleusercontent.com\/-JsGwy5U_lpM\/VLDoomYDAKI\/AAAAAAAAKpo\/s3PJwrZOLc4\/w387-h258-no\/9_387_258_90.jpg\" \/><\/td>\n<\/tr>\n<tr>\n<td><img decoding=\"async\" class=\"lazyload HAa Eha\" style=\"height: 266px; width: 400px; border-width: 1px; border-style: solid; margin: 10px;\" alt=\"\" src=\"data:image\/gif;base64,R0lGODlhAQABAAAAACH5BAEKAAEALAAAAAABAAEAAAICTAEAOw==\" data-orig-src=\"https:\/\/lh3.googleusercontent.com\/-2s22COzA2NQ\/VLDokBJ7k-I\/AAAAAAAAKoQ\/6YYqySmS3VA\/w387-h257-no\/10_387_257_90.jpg\" \/><\/td>\n<\/tr>\n<tr>\n<td><img decoding=\"async\" class=\"lazyload HAa Eha\" style=\"border-width: 1px; border-style: solid; margin: 10px;\" alt=\"\" src=\"data:image\/svg+xml,%3Csvg%20xmlns%3D%27http%3A%2F%2Fwww.w3.org%2F2000%2Fsvg%27%20width%3D%27236%27%20height%3D%27352%27%20viewBox%3D%270%200%20236%20352%27%3E%3Crect%20width%3D%27236%27%20height%3D%27352%27%20fill-opacity%3D%220%22%2F%3E%3C%2Fsvg%3E\" data-orig-src=\"https:\/\/lh6.googleusercontent.com\/-0IREzEv_PWM\/VLDokSrhTyI\/AAAAAAAAKqQ\/cQglm4a0NnU\/w193-h290-no\/11_193_290_90.jpg\" height=\"352\" width=\"236\" \/><\/p>\n<\/td>\n<\/tr>\n<tr>\n<td><img decoding=\"async\" class=\"lazyload HAa Eha\" style=\"height: 266px; width: 400px; border-width: 1px; border-style: solid; margin: 10px;\" alt=\"\" src=\"data:image\/gif;base64,R0lGODlhAQABAAAAACH5BAEKAAEALAAAAAABAAEAAAICTAEAOw==\" data-orig-src=\"https:\/\/lh6.googleusercontent.com\/-5j7F2FnDiss\/VLDokXWv4hI\/AAAAAAAAKqI\/Z34RhrrQWdA\/w387-h257-no\/12_387_257_90.jpg\" \/><\/td>\n<\/tr>\n<tr>\n<td><img decoding=\"async\" class=\"lazyload HAa Eha\" style=\"height: 266px; width: 400px; border-width: 1px; border-style: solid; margin: 10px;\" alt=\"\" src=\"data:image\/gif;base64,R0lGODlhAQABAAAAACH5BAEKAAEALAAAAAABAAEAAAICTAEAOw==\" data-orig-src=\"https:\/\/lh3.googleusercontent.com\/-b5u1T6q7Ouw\/VLDokl2dFbI\/AAAAAAAAKoY\/voT-Af4ZOAg\/w387-h257-no\/13_387_257_90.jpg\" \/><\/td>\n<\/tr>\n<tr>\n<td><img decoding=\"async\" class=\"lazyload HAa Eha\" style=\"height: 266px; width: 400px; border-width: 1px; border-style: solid; margin: 10px;\" alt=\"\" src=\"data:image\/gif;base64,R0lGODlhAQABAAAAACH5BAEKAAEALAAAAAABAAEAAAICTAEAOw==\" data-orig-src=\"https:\/\/lh3.googleusercontent.com\/-R4hRCyAdYzs\/VLDok8VMEdI\/AAAAAAAAKqE\/8wCQKWqLynE\/w387-h257-no\/14_387_257_90.jpg\" \/><\/td>\n<\/tr>\n<tr>\n<td><img decoding=\"async\" class=\"lazyload HAa Eha\" style=\"border-width: 1px; border-style: solid; margin: 10px;\" alt=\"\" src=\"data:image\/svg+xml,%3Csvg%20xmlns%3D%27http%3A%2F%2Fwww.w3.org%2F2000%2Fsvg%27%20width%3D%27214%27%20height%3D%27321%27%20viewBox%3D%270%200%20214%20321%27%3E%3Crect%20width%3D%27214%27%20height%3D%27321%27%20fill-opacity%3D%220%22%2F%3E%3C%2Fsvg%3E\" data-orig-src=\"https:\/\/lh3.googleusercontent.com\/-LX-Dyf7xkpY\/VLDolMq3EII\/AAAAAAAAKqA\/o4O6bvMOXZU\/w193-h290-no\/15_193_290_90.jpg\" height=\"321\" width=\"214\" \/><\/td>\n<\/tr>\n<tr>\n<td><img decoding=\"async\" class=\"lazyload HAa Eha\" style=\"height: 266px; width: 400px; border-width: 1px; border-style: solid; margin: 10px;\" alt=\"\" src=\"data:image\/gif;base64,R0lGODlhAQABAAAAACH5BAEKAAEALAAAAAABAAEAAAICTAEAOw==\" data-orig-src=\"https:\/\/lh3.googleusercontent.com\/-HnzhZupIMS0\/VLDoll5HRkI\/AAAAAAAAKp8\/3Uvg4sbv8XE\/w387-h257-no\/16_387_257_90.jpg\" \/><\/td>\n<\/tr>\n<tr>\n<td><img decoding=\"async\" class=\"lazyload HAa Eha\" style=\"height: 266px; width: 400px; border-width: 1px; border-style: solid; margin: 10px;\" alt=\"\" src=\"data:image\/gif;base64,R0lGODlhAQABAAAAACH5BAEKAAEALAAAAAABAAEAAAICTAEAOw==\" data-orig-src=\"https:\/\/lh5.googleusercontent.com\/-a4lTJCAmcgw\/VLDomCPx4HI\/AAAAAAAAKp4\/e_HflYLlRBo\/w387-h257-no\/17_387_257_90.jpg\" \/><\/td>\n<\/tr>\n<tr>\n<td><img decoding=\"async\" class=\"lazyload HAa Eha\" style=\"height: 266px; width: 400px; border-width: 1px; border-style: solid; margin: 10px;\" alt=\"\" src=\"data:image\/gif;base64,R0lGODlhAQABAAAAACH5BAEKAAEALAAAAAABAAEAAAICTAEAOw==\" data-orig-src=\"https:\/\/lh5.googleusercontent.com\/-EDSDQ6ijiYo\/VLDomJ2LocI\/AAAAAAAAKo0\/rtO0ov41OL8\/w387-h257-no\/18_387_257_90.jpg\" \/><\/td>\n<\/tr>\n<\/tbody>\n<\/table>\n<\/div>\n<div style=\"margin: 0in 0in 0.0001pt; text-align: right;\"><span style=\"font-family: tahoma,geneva,sans-serif;\"><span style=\"font-size: 12px;\"><span style=\"color: #000000;\"><strong><span>&nbsp;<\/span><\/strong><\/span><\/span><\/span><\/div>\n<div style=\"margin: 0in 0in 0.0001pt; text-align: right;\"><span style=\"font-family: tahoma,geneva,sans-serif;\"><span style=\"font-size: 12px;\"><span style=\"color: #000000;\"><strong><span>&nbsp;<\/span><\/strong><\/span><\/span><\/span><\/div>\n<div style=\"margin: 0in 0in 0.0001pt; text-align: right;\">&nbsp;<\/div>\n","protected":false},"excerpt":{"rendered":"<p>Madh\u00ebshtore, e bukur dhe shum\u00eb e g\u00ebzueshme ishte kjo jav\u00eb q\u00eb lam\u00eb pas. Ishte \u201cJava e Madhe\u201d. E madhe, sepse u pa i kryq\u00ebzuar mbi dru, Zoti yn\u00eb Jisu Krisht. E madhe ishte kjo Jav\u00eb, sepse p\u00ebrjetuam p\u00ebsimet, kryq\u00ebzimin, varrimin dhe ngjalljen e Zotit dhe Shp\u00ebtimtarit ton\u00eb. &nbsp; Ishin t\u00eb shumt\u00eb n\u00eb num\u00ebr besimtar\u00ebt beratas n\u00eb sh\u00ebrbesat e Jav\u00ebs s\u00eb Madhe. G\u00ebzimi i pashk\u00ebve q\u00eb<\/p>\n","protected":false},"author":1,"featured_media":0,"comment_status":"open","ping_status":"open","sticky":false,"template":"","format":"standard","meta":{"_acf_changed":false,"pagelayer_contact_templates":[],"_pagelayer_content":"","inline_featured_image":false,"fifu_image_url":"","fifu_image_alt":"","footnotes":""},"categories":[108],"tags":[142,212,197,189],"class_list":["post-1067","post","type-post","status-publish","format-standard","hentry","category-lajme","tag-142","tag-lajme-d27","tag-berat","tag-pashke-2014"],"acf":[],"yoast_head":"<!-- This site is optimized with the Yoast SEO plugin v27.2 - https:\/\/yoast.com\/product\/yoast-seo-wordpress\/ -->\n<title>Pashk\u00eb mbres\u00ebl\u00ebn\u00ebse n\u00eb Mitropolin\u00eb e Beratit. (2012) - Kisha Orthodh\u03bfkse Autoqefale e Shqip\u00ebris\u00eb<\/title>\n<meta name=\"robots\" content=\"index, follow, max-snippet:-1, max-image-preview:large, max-video-preview:-1\" \/>\n<link rel=\"canonical\" href=\"https:\/\/orthodoxalbania.org\/2020\/2013\/03\/21\/pashke-mbreselenese-ne-mitropoline-e-beratit\/\" \/>\n<meta property=\"og:locale\" content=\"en_US\" \/>\n<meta property=\"og:type\" content=\"article\" \/>\n<meta property=\"og:title\" content=\"Pashk\u00eb mbres\u00ebl\u00ebn\u00ebse n\u00eb Mitropolin\u00eb e Beratit. (2012) - Kisha Orthodh\u03bfkse Autoqefale e Shqip\u00ebris\u00eb\" \/>\n<meta property=\"og:description\" content=\"Madh\u00ebshtore, e bukur dhe shum\u00eb e g\u00ebzueshme ishte kjo jav\u00eb q\u00eb lam\u00eb pas. Ishte \u201cJava e Madhe\u201d. E madhe, sepse u pa i kryq\u00ebzuar mbi dru, Zoti yn\u00eb Jisu Krisht. E madhe ishte kjo Jav\u00eb, sepse p\u00ebrjetuam p\u00ebsimet, kryq\u00ebzimin, varrimin dhe ngjalljen e Zotit dhe Shp\u00ebtimtarit ton\u00eb. &nbsp; Ishin t\u00eb shumt\u00eb n\u00eb num\u00ebr besimtar\u00ebt beratas n\u00eb sh\u00ebrbesat e Jav\u00ebs s\u00eb Madhe. G\u00ebzimi i pashk\u00ebve q\u00eb\" \/>\n<meta property=\"og:url\" content=\"https:\/\/orthodoxalbania.org\/2020\/2013\/03\/21\/pashke-mbreselenese-ne-mitropoline-e-beratit\/\" \/>\n<meta property=\"og:site_name\" content=\"Kisha Orthodh\u03bfkse Autoqefale e Shqip\u00ebris\u00eb\" \/>\n<meta property=\"article:publisher\" content=\"https:\/\/www.facebook.com\/koash1991\" \/>\n<meta property=\"article:published_time\" content=\"2013-03-21T10:38:26+00:00\" \/>\n<meta property=\"article:modified_time\" content=\"2020-04-06T20:06:07+00:00\" \/>\n<meta property=\"og:image\" content=\"https:\/\/lh6.googleusercontent.com\/-vAgLEeQnfWY\/VARoWC7AgrI\/AAAAAAAACxM\/nmAM-h-KJc0\/w800-h600-no\/1.jpg\" \/>\n<meta name=\"author\" content=\"Kisha Orthodhokse\" \/>\n<meta name=\"twitter:card\" content=\"summary_large_image\" \/>\n<meta name=\"twitter:label1\" content=\"Written by\" \/>\n\t<meta name=\"twitter:data1\" content=\"Kisha Orthodhokse\" \/>\n\t<meta name=\"twitter:label2\" content=\"Est. reading time\" \/>\n\t<meta name=\"twitter:data2\" content=\"5 minutes\" \/>\n<script type=\"application\/ld+json\" class=\"yoast-schema-graph\">{\"@context\":\"https:\/\/schema.org\",\"@graph\":[{\"@type\":\"Article\",\"@id\":\"https:\/\/orthodoxalbania.org\/2020\/2013\/03\/21\/pashke-mbreselenese-ne-mitropoline-e-beratit\/#article\",\"isPartOf\":{\"@id\":\"https:\/\/orthodoxalbania.org\/2020\/2013\/03\/21\/pashke-mbreselenese-ne-mitropoline-e-beratit\/\"},\"author\":{\"name\":\"Kisha Orthodhokse\",\"@id\":\"https:\/\/orthodoxalbania.org\/2020\/#\/schema\/person\/0c387634a7063ac612d7ed9ce71c7e86\"},\"headline\":\"Pashk\u00eb mbres\u00ebl\u00ebn\u00ebse n\u00eb Mitropolin\u00eb e Beratit. (2012)\",\"datePublished\":\"2013-03-21T10:38:26+00:00\",\"dateModified\":\"2020-04-06T20:06:07+00:00\",\"mainEntityOfPage\":{\"@id\":\"https:\/\/orthodoxalbania.org\/2020\/2013\/03\/21\/pashke-mbreselenese-ne-mitropoline-e-beratit\/\"},\"wordCount\":1035,\"commentCount\":0,\"publisher\":{\"@id\":\"https:\/\/orthodoxalbania.org\/2020\/#organization\"},\"image\":{\"@id\":\"https:\/\/orthodoxalbania.org\/2020\/2013\/03\/21\/pashke-mbreselenese-ne-mitropoline-e-beratit\/#primaryimage\"},\"thumbnailUrl\":\"https:\/\/lh6.googleusercontent.com\/-vAgLEeQnfWY\/VARoWC7AgrI\/AAAAAAAACxM\/nmAM-h-KJc0\/w800-h600-no\/1.jpg\",\"keywords\":[\"2012\",\"lajme\",\"Mitropolia Berat\",\"Pashk\u00eb\"],\"articleSection\":[\"Lajme\"],\"inLanguage\":\"en-US\"},{\"@type\":\"WebPage\",\"@id\":\"https:\/\/orthodoxalbania.org\/2020\/2013\/03\/21\/pashke-mbreselenese-ne-mitropoline-e-beratit\/\",\"url\":\"https:\/\/orthodoxalbania.org\/2020\/2013\/03\/21\/pashke-mbreselenese-ne-mitropoline-e-beratit\/\",\"name\":\"Pashk\u00eb mbres\u00ebl\u00ebn\u00ebse n\u00eb Mitropolin\u00eb e Beratit. (2012) - Kisha Orthodh\u03bfkse Autoqefale e Shqip\u00ebris\u00eb\",\"isPartOf\":{\"@id\":\"https:\/\/orthodoxalbania.org\/2020\/#website\"},\"primaryImageOfPage\":{\"@id\":\"https:\/\/orthodoxalbania.org\/2020\/2013\/03\/21\/pashke-mbreselenese-ne-mitropoline-e-beratit\/#primaryimage\"},\"image\":{\"@id\":\"https:\/\/orthodoxalbania.org\/2020\/2013\/03\/21\/pashke-mbreselenese-ne-mitropoline-e-beratit\/#primaryimage\"},\"thumbnailUrl\":\"https:\/\/lh6.googleusercontent.com\/-vAgLEeQnfWY\/VARoWC7AgrI\/AAAAAAAACxM\/nmAM-h-KJc0\/w800-h600-no\/1.jpg\",\"datePublished\":\"2013-03-21T10:38:26+00:00\",\"dateModified\":\"2020-04-06T20:06:07+00:00\",\"breadcrumb\":{\"@id\":\"https:\/\/orthodoxalbania.org\/2020\/2013\/03\/21\/pashke-mbreselenese-ne-mitropoline-e-beratit\/#breadcrumb\"},\"inLanguage\":\"en-US\",\"potentialAction\":[{\"@type\":\"ReadAction\",\"target\":[\"https:\/\/orthodoxalbania.org\/2020\/2013\/03\/21\/pashke-mbreselenese-ne-mitropoline-e-beratit\/\"]}]},{\"@type\":\"ImageObject\",\"inLanguage\":\"en-US\",\"@id\":\"https:\/\/orthodoxalbania.org\/2020\/2013\/03\/21\/pashke-mbreselenese-ne-mitropoline-e-beratit\/#primaryimage\",\"url\":\"https:\/\/lh6.googleusercontent.com\/-vAgLEeQnfWY\/VARoWC7AgrI\/AAAAAAAACxM\/nmAM-h-KJc0\/w800-h600-no\/1.jpg\",\"contentUrl\":\"https:\/\/lh6.googleusercontent.com\/-vAgLEeQnfWY\/VARoWC7AgrI\/AAAAAAAACxM\/nmAM-h-KJc0\/w800-h600-no\/1.jpg\"},{\"@type\":\"BreadcrumbList\",\"@id\":\"https:\/\/orthodoxalbania.org\/2020\/2013\/03\/21\/pashke-mbreselenese-ne-mitropoline-e-beratit\/#breadcrumb\",\"itemListElement\":[{\"@type\":\"ListItem\",\"position\":1,\"name\":\"Home\",\"item\":\"https:\/\/orthodoxalbania.org\/2020\/\"},{\"@type\":\"ListItem\",\"position\":2,\"name\":\"Pashk\u00eb mbres\u00ebl\u00ebn\u00ebse n\u00eb Mitropolin\u00eb e Beratit. (2012)\"}]},{\"@type\":\"WebSite\",\"@id\":\"https:\/\/orthodoxalbania.org\/2020\/#website\",\"url\":\"https:\/\/orthodoxalbania.org\/2020\/\",\"name\":\"Kisha Orthodh\u03bfkse Autoqefale e Shqip\u00ebris\u00eb\",\"description\":\"Fqja Zyrtare e Kish\u00ebs Orthodhokse Autoqefale e Shqip\u00ebris\u00eb me lajmet edhe informacionet zyrtare p\u00ebr struktur\u00ebn edhe veprimtarin e saj.\",\"publisher\":{\"@id\":\"https:\/\/orthodoxalbania.org\/2020\/#organization\"},\"potentialAction\":[{\"@type\":\"SearchAction\",\"target\":{\"@type\":\"EntryPoint\",\"urlTemplate\":\"https:\/\/orthodoxalbania.org\/2020\/?s={search_term_string}\"},\"query-input\":{\"@type\":\"PropertyValueSpecification\",\"valueRequired\":true,\"valueName\":\"search_term_string\"}}],\"inLanguage\":\"en-US\"},{\"@type\":\"Organization\",\"@id\":\"https:\/\/orthodoxalbania.org\/2020\/#organization\",\"name\":\"Kisha Orthodhokse Autoqefale e Shqip\u00ebris\u00eb\",\"url\":\"https:\/\/orthodoxalbania.org\/2020\/\",\"logo\":{\"@type\":\"ImageObject\",\"inLanguage\":\"en-US\",\"@id\":\"https:\/\/orthodoxalbania.org\/2020\/#\/schema\/logo\/image\/\",\"url\":\"https:\/\/orthodoxalbania.org\/2020\/wp-content\/uploads\/2020\/05\/albania.jpeg\",\"contentUrl\":\"https:\/\/orthodoxalbania.org\/2020\/wp-content\/uploads\/2020\/05\/albania.jpeg\",\"width\":540,\"height\":540,\"caption\":\"Kisha Orthodhokse Autoqefale e Shqip\u00ebris\u00eb\"},\"image\":{\"@id\":\"https:\/\/orthodoxalbania.org\/2020\/#\/schema\/logo\/image\/\"},\"sameAs\":[\"https:\/\/www.facebook.com\/koash1991\"]},{\"@type\":\"Person\",\"@id\":\"https:\/\/orthodoxalbania.org\/2020\/#\/schema\/person\/0c387634a7063ac612d7ed9ce71c7e86\",\"name\":\"Kisha Orthodhokse\",\"image\":{\"@type\":\"ImageObject\",\"inLanguage\":\"en-US\",\"@id\":\"https:\/\/secure.gravatar.com\/avatar\/596e7c417251e30f2fbb9c00e026fce61a695a00e51c889caded71c96cbbdde5?s=96&d=mm&r=g\",\"url\":\"https:\/\/secure.gravatar.com\/avatar\/596e7c417251e30f2fbb9c00e026fce61a695a00e51c889caded71c96cbbdde5?s=96&d=mm&r=g\",\"contentUrl\":\"https:\/\/secure.gravatar.com\/avatar\/596e7c417251e30f2fbb9c00e026fce61a695a00e51c889caded71c96cbbdde5?s=96&d=mm&r=g\",\"caption\":\"Kisha Orthodhokse\"}}]}<\/script>\n<!-- \/ Yoast SEO plugin. -->","yoast_head_json":{"title":"Pashk\u00eb mbres\u00ebl\u00ebn\u00ebse n\u00eb Mitropolin\u00eb e Beratit. (2012) - Kisha Orthodh\u03bfkse Autoqefale e Shqip\u00ebris\u00eb","robots":{"index":"index","follow":"follow","max-snippet":"max-snippet:-1","max-image-preview":"max-image-preview:large","max-video-preview":"max-video-preview:-1"},"canonical":"https:\/\/orthodoxalbania.org\/2020\/2013\/03\/21\/pashke-mbreselenese-ne-mitropoline-e-beratit\/","og_locale":"en_US","og_type":"article","og_title":"Pashk\u00eb mbres\u00ebl\u00ebn\u00ebse n\u00eb Mitropolin\u00eb e Beratit. (2012) - Kisha Orthodh\u03bfkse Autoqefale e Shqip\u00ebris\u00eb","og_description":"Madh\u00ebshtore, e bukur dhe shum\u00eb e g\u00ebzueshme ishte kjo jav\u00eb q\u00eb lam\u00eb pas. Ishte \u201cJava e Madhe\u201d. E madhe, sepse u pa i kryq\u00ebzuar mbi dru, Zoti yn\u00eb Jisu Krisht. E madhe ishte kjo Jav\u00eb, sepse p\u00ebrjetuam p\u00ebsimet, kryq\u00ebzimin, varrimin dhe ngjalljen e Zotit dhe Shp\u00ebtimtarit ton\u00eb. &nbsp; Ishin t\u00eb shumt\u00eb n\u00eb num\u00ebr besimtar\u00ebt beratas n\u00eb sh\u00ebrbesat e Jav\u00ebs s\u00eb Madhe. G\u00ebzimi i pashk\u00ebve q\u00eb","og_url":"https:\/\/orthodoxalbania.org\/2020\/2013\/03\/21\/pashke-mbreselenese-ne-mitropoline-e-beratit\/","og_site_name":"Kisha Orthodh\u03bfkse Autoqefale e Shqip\u00ebris\u00eb","article_publisher":"https:\/\/www.facebook.com\/koash1991","article_published_time":"2013-03-21T10:38:26+00:00","article_modified_time":"2020-04-06T20:06:07+00:00","og_image":[{"url":"https:\/\/lh6.googleusercontent.com\/-vAgLEeQnfWY\/VARoWC7AgrI\/AAAAAAAACxM\/nmAM-h-KJc0\/w800-h600-no\/1.jpg","type":"","width":"","height":""}],"author":"Kisha Orthodhokse","twitter_card":"summary_large_image","twitter_misc":{"Written by":"Kisha Orthodhokse","Est. reading time":"5 minutes"},"schema":{"@context":"https:\/\/schema.org","@graph":[{"@type":"Article","@id":"https:\/\/orthodoxalbania.org\/2020\/2013\/03\/21\/pashke-mbreselenese-ne-mitropoline-e-beratit\/#article","isPartOf":{"@id":"https:\/\/orthodoxalbania.org\/2020\/2013\/03\/21\/pashke-mbreselenese-ne-mitropoline-e-beratit\/"},"author":{"name":"Kisha Orthodhokse","@id":"https:\/\/orthodoxalbania.org\/2020\/#\/schema\/person\/0c387634a7063ac612d7ed9ce71c7e86"},"headline":"Pashk\u00eb mbres\u00ebl\u00ebn\u00ebse n\u00eb Mitropolin\u00eb e Beratit. (2012)","datePublished":"2013-03-21T10:38:26+00:00","dateModified":"2020-04-06T20:06:07+00:00","mainEntityOfPage":{"@id":"https:\/\/orthodoxalbania.org\/2020\/2013\/03\/21\/pashke-mbreselenese-ne-mitropoline-e-beratit\/"},"wordCount":1035,"commentCount":0,"publisher":{"@id":"https:\/\/orthodoxalbania.org\/2020\/#organization"},"image":{"@id":"https:\/\/orthodoxalbania.org\/2020\/2013\/03\/21\/pashke-mbreselenese-ne-mitropoline-e-beratit\/#primaryimage"},"thumbnailUrl":"https:\/\/lh6.googleusercontent.com\/-vAgLEeQnfWY\/VARoWC7AgrI\/AAAAAAAACxM\/nmAM-h-KJc0\/w800-h600-no\/1.jpg","keywords":["2012","lajme","Mitropolia Berat","Pashk\u00eb"],"articleSection":["Lajme"],"inLanguage":"en-US"},{"@type":"WebPage","@id":"https:\/\/orthodoxalbania.org\/2020\/2013\/03\/21\/pashke-mbreselenese-ne-mitropoline-e-beratit\/","url":"https:\/\/orthodoxalbania.org\/2020\/2013\/03\/21\/pashke-mbreselenese-ne-mitropoline-e-beratit\/","name":"Pashk\u00eb mbres\u00ebl\u00ebn\u00ebse n\u00eb Mitropolin\u00eb e Beratit. (2012) - Kisha Orthodh\u03bfkse Autoqefale e Shqip\u00ebris\u00eb","isPartOf":{"@id":"https:\/\/orthodoxalbania.org\/2020\/#website"},"primaryImageOfPage":{"@id":"https:\/\/orthodoxalbania.org\/2020\/2013\/03\/21\/pashke-mbreselenese-ne-mitropoline-e-beratit\/#primaryimage"},"image":{"@id":"https:\/\/orthodoxalbania.org\/2020\/2013\/03\/21\/pashke-mbreselenese-ne-mitropoline-e-beratit\/#primaryimage"},"thumbnailUrl":"https:\/\/lh6.googleusercontent.com\/-vAgLEeQnfWY\/VARoWC7AgrI\/AAAAAAAACxM\/nmAM-h-KJc0\/w800-h600-no\/1.jpg","datePublished":"2013-03-21T10:38:26+00:00","dateModified":"2020-04-06T20:06:07+00:00","breadcrumb":{"@id":"https:\/\/orthodoxalbania.org\/2020\/2013\/03\/21\/pashke-mbreselenese-ne-mitropoline-e-beratit\/#breadcrumb"},"inLanguage":"en-US","potentialAction":[{"@type":"ReadAction","target":["https:\/\/orthodoxalbania.org\/2020\/2013\/03\/21\/pashke-mbreselenese-ne-mitropoline-e-beratit\/"]}]},{"@type":"ImageObject","inLanguage":"en-US","@id":"https:\/\/orthodoxalbania.org\/2020\/2013\/03\/21\/pashke-mbreselenese-ne-mitropoline-e-beratit\/#primaryimage","url":"https:\/\/lh6.googleusercontent.com\/-vAgLEeQnfWY\/VARoWC7AgrI\/AAAAAAAACxM\/nmAM-h-KJc0\/w800-h600-no\/1.jpg","contentUrl":"https:\/\/lh6.googleusercontent.com\/-vAgLEeQnfWY\/VARoWC7AgrI\/AAAAAAAACxM\/nmAM-h-KJc0\/w800-h600-no\/1.jpg"},{"@type":"BreadcrumbList","@id":"https:\/\/orthodoxalbania.org\/2020\/2013\/03\/21\/pashke-mbreselenese-ne-mitropoline-e-beratit\/#breadcrumb","itemListElement":[{"@type":"ListItem","position":1,"name":"Home","item":"https:\/\/orthodoxalbania.org\/2020\/"},{"@type":"ListItem","position":2,"name":"Pashk\u00eb mbres\u00ebl\u00ebn\u00ebse n\u00eb Mitropolin\u00eb e Beratit. (2012)"}]},{"@type":"WebSite","@id":"https:\/\/orthodoxalbania.org\/2020\/#website","url":"https:\/\/orthodoxalbania.org\/2020\/","name":"Kisha Orthodh\u03bfkse Autoqefale e Shqip\u00ebris\u00eb","description":"Fqja Zyrtare e Kish\u00ebs Orthodhokse Autoqefale e Shqip\u00ebris\u00eb me lajmet edhe informacionet zyrtare p\u00ebr struktur\u00ebn edhe veprimtarin e saj.","publisher":{"@id":"https:\/\/orthodoxalbania.org\/2020\/#organization"},"potentialAction":[{"@type":"SearchAction","target":{"@type":"EntryPoint","urlTemplate":"https:\/\/orthodoxalbania.org\/2020\/?s={search_term_string}"},"query-input":{"@type":"PropertyValueSpecification","valueRequired":true,"valueName":"search_term_string"}}],"inLanguage":"en-US"},{"@type":"Organization","@id":"https:\/\/orthodoxalbania.org\/2020\/#organization","name":"Kisha Orthodhokse Autoqefale e Shqip\u00ebris\u00eb","url":"https:\/\/orthodoxalbania.org\/2020\/","logo":{"@type":"ImageObject","inLanguage":"en-US","@id":"https:\/\/orthodoxalbania.org\/2020\/#\/schema\/logo\/image\/","url":"https:\/\/orthodoxalbania.org\/2020\/wp-content\/uploads\/2020\/05\/albania.jpeg","contentUrl":"https:\/\/orthodoxalbania.org\/2020\/wp-content\/uploads\/2020\/05\/albania.jpeg","width":540,"height":540,"caption":"Kisha Orthodhokse Autoqefale e Shqip\u00ebris\u00eb"},"image":{"@id":"https:\/\/orthodoxalbania.org\/2020\/#\/schema\/logo\/image\/"},"sameAs":["https:\/\/www.facebook.com\/koash1991"]},{"@type":"Person","@id":"https:\/\/orthodoxalbania.org\/2020\/#\/schema\/person\/0c387634a7063ac612d7ed9ce71c7e86","name":"Kisha Orthodhokse","image":{"@type":"ImageObject","inLanguage":"en-US","@id":"https:\/\/secure.gravatar.com\/avatar\/596e7c417251e30f2fbb9c00e026fce61a695a00e51c889caded71c96cbbdde5?s=96&d=mm&r=g","url":"https:\/\/secure.gravatar.com\/avatar\/596e7c417251e30f2fbb9c00e026fce61a695a00e51c889caded71c96cbbdde5?s=96&d=mm&r=g","contentUrl":"https:\/\/secure.gravatar.com\/avatar\/596e7c417251e30f2fbb9c00e026fce61a695a00e51c889caded71c96cbbdde5?s=96&d=mm&r=g","caption":"Kisha Orthodhokse"}}]}},"_links":{"self":[{"href":"https:\/\/orthodoxalbania.org\/2020\/wp-json\/wp\/v2\/posts\/1067","targetHints":{"allow":["GET"]}}],"collection":[{"href":"https:\/\/orthodoxalbania.org\/2020\/wp-json\/wp\/v2\/posts"}],"about":[{"href":"https:\/\/orthodoxalbania.org\/2020\/wp-json\/wp\/v2\/types\/post"}],"author":[{"embeddable":true,"href":"https:\/\/orthodoxalbania.org\/2020\/wp-json\/wp\/v2\/users\/1"}],"replies":[{"embeddable":true,"href":"https:\/\/orthodoxalbania.org\/2020\/wp-json\/wp\/v2\/comments?post=1067"}],"version-history":[{"count":1,"href":"https:\/\/orthodoxalbania.org\/2020\/wp-json\/wp\/v2\/posts\/1067\/revisions"}],"predecessor-version":[{"id":15334,"href":"https:\/\/orthodoxalbania.org\/2020\/wp-json\/wp\/v2\/posts\/1067\/revisions\/15334"}],"wp:attachment":[{"href":"https:\/\/orthodoxalbania.org\/2020\/wp-json\/wp\/v2\/media?parent=1067"}],"wp:term":[{"taxonomy":"category","embeddable":true,"href":"https:\/\/orthodoxalbania.org\/2020\/wp-json\/wp\/v2\/categories?post=1067"},{"taxonomy":"post_tag","embeddable":true,"href":"https:\/\/orthodoxalbania.org\/2020\/wp-json\/wp\/v2\/tags?post=1067"}],"curies":[{"name":"wp","href":"https:\/\/api.w.org\/{rel}","templated":true}]}}