{"id":1066,"date":"2013-03-21T09:29:00","date_gmt":"2013-03-21T09:29:00","guid":{"rendered":""},"modified":"2020-04-06T22:32:06","modified_gmt":"2020-04-06T20:32:06","slug":"pashke-2011-dhimbja-brenda-drites-se-ngjalljes","status":"publish","type":"post","link":"https:\/\/orthodoxalbania.org\/2020\/2013\/03\/21\/pashke-2011-dhimbja-brenda-drites-se-ngjalljes\/","title":{"rendered":"PASHK\u00cb 2011 &#8211; Mesazhi i Kryepeshkopit Anastas"},"content":{"rendered":"<p>\n\t<span style=\"color: #000000;\"><span style=\"font-family: tahoma,geneva,sans-serif;\"><span style=\"font-size: 12px;\"><img decoding=\"async\" alt=\"\" class=\"lazyload HAa Eha\" src=\"data:image\/gif;base64,R0lGODlhAQABAAAAACH5BAEKAAEALAAAAAABAAEAAAICTAEAOw==\" data-orig-src=\"https:\/\/lh3.googleusercontent.com\/-0XaSr7tg_9w\/U_NB8PwotlI\/AAAAAAAAA2g\/QXaauIV8bCc\/s577-no\/logo.png\" style=\"width: 51px; height: 51px; display: block; margin-left: auto; margin-right: auto;\" \/><\/span><\/span><\/span><\/p>\n<p style=\"text-align: center;\">\n\t<span style=\"color: #000000; font-size: 12pt; font-family: helvetica;\"><strong>+ Anastasi<\/strong><br \/>\n\t<strong>Kryepiskop i Tiran\u00ebs, Durr\u00ebsit dhe i gjith\u00eb Shqip\u00ebris\u00eb<\/strong><\/span><\/p>\n<p style=\"text-align: center;\">\n\t<span style=\"color: #000000;\"><span style=\"font-size: 12pt; font-family: helvetica;\"><em>Klerit dhe popullit shpres\u00ebtar e Orthodhoks<\/em><br \/>\n\t<em>Bij t\u00eb shtrenjt\u00eb m\u00eb Zotin,<\/em><\/span><span style=\"font-size: 12pt; font-family: helvetica;\"> <\/span><\/span><\/p>\n<p style=\"text-align: center;\">\n\t<span style=\"color: #000000; font-size: 12pt; font-family: helvetica;\"><em>Besoj n\u00eb \u201c&#8230; nj\u00eb Zot, Jisu Krishtin&#8230;, <\/em><br \/>\n\t<em>q\u00eb p\u00ebsoi dhe q\u00eb u varros, dhe q\u00eb u ngjall\u201d. <\/em><\/span><\/p>\n<p style=\"text-align: center;\">\n\t&nbsp;<\/p>\n<p style=\"text-align: center;\">\n\t&nbsp;<\/p>\n<p style=\"text-align: justify;\">\n\t&nbsp;<\/p>\n<p style=\"text-align: justify;\">\n\t<span style=\"color: #000000; font-size: 12pt; font-family: helvetica;\">&nbsp;&nbsp;&nbsp; Kremtojm\u00eb me ngaz\u00ebllim Pashk\u00ebn e Shenjt\u00eb dhe Jet\u00ebprur\u00ebse! Por nuk i mbyllim syt\u00eb p\u00ebrpara realitetit t\u00eb ashp\u00ebr t\u00eb jet\u00ebs son\u00eb t\u00eb p\u00ebrditshme, dhimbjes, padrejt\u00ebsis\u00eb, s\u00ebmundjes dhe vdekjes. Pashka \u00ebsht\u00eb nj\u00eb p\u00ebrvoj\u00eb intensive, simbolike, ku zia dhe vajtimi ia l\u00ebn\u00eb vendin g\u00ebzimit t\u00eb Ngjalljes.<\/span><\/p>\n<p style=\"text-align: justify;\">\n\t<span style=\"color: #000000; font-size: 12pt; font-family: helvetica;\">&nbsp;&nbsp;&nbsp; Duke marr\u00eb natyr\u00ebn njer\u00ebzore, Krishti u p\u00ebrball direkt me dhimbjen. Ai ngush\u00eblloi, mb\u00ebshteti, u nj\u00ebsua me ata q\u00eb vuajn\u00eb. \u201cP\u00ebrderisa ua b\u00ebt\u00eb nj\u00ebrit prej k\u00ebtyre v\u00ebllez\u00ebrve t\u00eb mi t\u00eb vegj\u00ebl, ma keni b\u00ebr\u00eb mua\u201d (Matth. 25:40). Dhe si p\u00ebrfundim, Ai vet\u00eb jetoi dhimbjen shpirt\u00ebrore e trupore n\u00eb t\u00ebr\u00eb intensitetin e saj: braktisje, tradhti, mospranim nga populli q\u00eb i kishte b\u00ebr\u00eb mir\u00eb, hedhje posht\u00eb nga udh\u00ebheq\u00ebsit fetar\u00eb, posht\u00ebrim nga pushteti shtet\u00ebror, duke kulmuar me dhimbjen e madhe t\u00eb Kryqit. Shp\u00ebtimtari i bot\u00ebs p\u00ebrqafoi dhimbjen n\u00eb shkall\u00ebn absolute.<\/span><\/p>\n<p style=\"text-align: justify;\">\n\t&nbsp;<\/p>\n<p style=\"text-align: justify;\">\n\t&nbsp;<\/p>\n<p style=\"text-align: center;\">\n\t<span style=\"color: #000000;\"><span style=\"font-size: 12pt; font-family: helvetica;\">*&nbsp;&nbsp; *<\/span><\/span><\/p>\n<p style=\"text-align: center;\">\n\t&nbsp;<\/p>\n<p style=\"text-align: center;\">\n\t&nbsp;<\/p>\n<p style=\"text-align: justify;\">\n\t<span style=\"color: #000000; font-size: 12pt; font-family: helvetica;\">&nbsp;&nbsp;&nbsp; Besoj n\u00eb At\u00eb \u201cq\u00eb u kryq\u00ebzua p\u00ebr ne n\u00eb koh\u00ebn e Pontit Pilat dhe p\u00ebsoi dhe u varros, dhe u ngjall t\u00eb tret\u00ebn dit\u00eb sipas Shkrimeve\u201d.<\/span><\/p>\n<p style=\"text-align: justify;\">\n\t<span style=\"color: #000000; font-size: 12pt; font-family: helvetica;\">&nbsp;&nbsp;&nbsp; P\u00ebsimi i Krishtit, q\u00eb lidhet n\u00eb m\u00ebnyr\u00eb organike me Ngjalljen, ka nj\u00eb kuptim m\u00eb t\u00eb gjer\u00eb \u00e7lirimtar. Si\u00e7 e kishte profetizuar Isaia, Ai, i Pafajshmi, \u201cnd\u00ebr t\u00eb paligjt\u00eb u num\u00ebrua, m\u00ebkatet e shum\u00eb njer\u00ebzve i mori mbi vete dhe u dor\u00ebzua p\u00ebr hir t\u00eb m\u00ebkateve t\u00eb tyre\u201d (Isaia. 53:12). Vuajtja dhe i gjith\u00eb m\u00ebkati i njer\u00ebzimit u p\u00ebrqendruan mbi T\u00eb. I mori p\u00ebrsip\u00ebr n\u00eb m\u00ebnyr\u00eb t\u00eb vullnetshme n\u00eb dashuri. Dhe k\u00ebshtu arriti shp\u00ebtimin p\u00ebr t\u00eb gjith\u00eb (Isaia. 53:5). Pas p\u00ebsimit dhe varrimit t\u00eb Tij, Krishti i triditsh\u00ebm ngjalli, duke ngritur bashk\u00eb me veten e Tij t\u00eb gjith\u00eb gjinin\u00eb njer\u00ebzore. \u201cVdekja e Zotit u b\u00eb fillimi i paprishjes p\u00ebr gjith\u00eb natyr\u00ebn\u201d, shpjegon sh\u00ebn Maksim Omologjeti. Dhe himnuesi kishtar hedh drit\u00eb mbi misterin: \u201cMe vdekjen vdekjen e d\u00ebrrmon, dhe me varrin na jep jet\u00ebn, dhe pavdek\u00ebsove dhe trupin t\u00ebnd\u201d (Kanoni i t\u00eb Shtun\u00ebs s\u00eb Madhe, Ode V). Krishti, i Cili u mish\u00ebrua, mori t\u00eb gjith\u00eb natyr\u00ebn njer\u00ebzore, mposhti vdekjen p\u00ebr hir t\u00eb gjith\u00eb njer\u00ebzimit. K\u00ebt\u00eb mesazh \u00e7lirimtar na e jep si lajm t\u00eb mir\u00eb e kremtja e sotme e Ngjalljes dhe na fton t\u00eb gjith\u00ebve, t\u00eb dalim nga ret\u00eb e err\u00ebta t\u00eb depresionit dhe t\u00eb shikojm\u00eb perspektiv\u00ebn e jet\u00ebs son\u00eb brenda drit\u00ebs s\u00eb p\u00ebrjetshme t\u00eb shpres\u00ebs.<\/span><\/p>\n<p style=\"text-align: justify;\">\n\t<span style=\"color: #000000; font-size: 12pt; font-family: helvetica;\">&nbsp;&nbsp;&nbsp; Krishti nuk i nxiti nx\u00ebn\u00ebsit e Tij t\u00eb shkojn\u00eb drejt nj\u00eb apatie stoike, nuk premtoi jet\u00eb komode e t\u00eb shtruar me lule, nuk na tregoi p\u00ebrralla duke p\u00ebrdorur&nbsp; fjal\u00eb t\u00eb vagullta e optimiste. P\u00ebrkundrazi, na zbuloi se sprovat nuk jan\u00eb pa kuptim, nuk jan\u00eb hyrje n\u00eb humner\u00ebn e d\u00ebshp\u00ebrimit. Paralajm\u00ebroi secilin nga ne, \u201cn\u00eb bot\u00eb do t\u00eb keni hidh\u00ebrim, por kini guxim, un\u00eb e kam mundur bot\u00ebn\u201d (Jn. 16:33). Dhimbja, brenda drit\u00ebs s\u00eb Ngjalljes, zbutet, transformohet, nxjerr n\u00eb sip\u00ebrfaqe fuqi t\u00eb fshehura q\u00ebndrese e gjall\u00ebrimi. Si zjarr, i pastron cop\u00ebzat e arit q\u00eb fshihen n\u00eb shpirtin ton\u00eb.&nbsp;&nbsp;<\/span><\/p>\n<p style=\"text-align: justify;\">\n\t<span style=\"color: #000000;\"><span style=\"font-size: 12pt; font-family: helvetica;\">&nbsp;&nbsp;&nbsp; Miliona martir\u00eb t\u00eb krishter\u00eb, q\u00eb jetuan dhe e p\u00ebrfunduan jet\u00ebn t\u00eb bashkuar me At\u00eb, p\u00ebrjetuan eksperienc\u00ebn fitimprur\u00ebse t\u00eb kungimit me Krishtin&nbsp; \u201cq\u00eb p\u00ebsoi, q\u00eb u varros dhe q\u00eb u ngjall\u201d. Apostull Pavli e kryente apostullimin e tij me sigurin\u00eb ngjall\u00ebsore q\u00eb i rrihte n\u00eb shpirt, duke shpallur se \u201ct\u00eb gjitha mund t\u2019i b\u00ebj me an\u00eb t\u00eb Krishtit q\u00eb m\u00eb jep fuqi\u201d (Filip. 4:13).&nbsp; Sprovat u shnd\u00ebrruan n\u00eb dhurat\u00eb mistike p\u00ebr nx\u00ebn\u00ebsit e p\u00ebrkushtuar. Fuqia dhe q\u00ebndresa e tyre u mb\u00ebshtet\u00ebn n\u00eb p\u00ebrvoj\u00ebn e Ngjalljes s\u00eb Krishtit. Zbulesa, n\u00eb m\u00ebnyr\u00eb epigramatike, e p\u00ebrmblodhi k\u00ebt\u00eb siguri ngjall\u00ebsore. \u201cMos u frik\u00ebso, un\u00eb jam i pari dhe i fundit, edhe ai q\u00eb rron; dhe qesh\u00eb i vdekur dhe ja tek jam i gjall\u00eb n\u00eb jet\u00eb t\u00eb jet\u00ebve. Dhe kam \u00e7el\u00ebsat e vdekjes dhe t\u00eb hadhit\u201d (Zbul. 1:17-18).<\/span><\/span><\/p>\n<p style=\"text-align: justify;\">\n\t&nbsp;<\/p>\n<p style=\"text-align: justify;\">\n\t&nbsp;<\/p>\n<p style=\"text-align: center;\">\n\t<span style=\"color: #000000; font-size: 12pt; font-family: helvetica;\">*&nbsp; *<\/span><\/p>\n<p style=\"text-align: center;\">\n\t&nbsp;<\/p>\n<p style=\"text-align: center;\">\n\t&nbsp;<\/p>\n<p style=\"text-align: justify;\">\n\t<span style=\"color: #000000; font-size: 12pt; font-family: helvetica;\">&nbsp; &nbsp; Ne t\u00eb krishter\u00ebt nuk e injorojm\u00eb realitetin e ashp\u00ebr t\u00eb jet\u00ebs. Por dim\u00eb m\u00eb tep\u00ebr, se misteri njer\u00ebzor nuk shteron n\u00eb perspektivat e k\u00ebsaj jete. Duke ndjekur Krishtin, ecim n\u00eb drit\u00ebn e Ngjalljes, n\u00eb nj\u00eb rip\u00ebrt\u00ebritje t\u00eb vazhdueshme.<\/span><\/p>\n<p style=\"text-align: justify;\">\n\t<span style=\"color: #000000; font-size: 12pt; font-family: helvetica;\">&nbsp;&nbsp;&nbsp; Besimi n\u00eb Zotin, \u201cq\u00eb p\u00ebsoi, u varros dhe u ngjall\u201d dhe marr\u00ebdh\u00ebnia e qen\u00ebsishme me At\u00eb, p\u00ebr\u00e7ojn\u00eb n\u00eb shpirt q\u00ebndres\u00eb dhe durim, fuqi p\u00ebr t\u00eb rezistuar n\u00eb depresion, q\u00ebndrueshm\u00ebri burr\u00ebrore dhe paqe t\u00eb brendshme. Nga Zoti i kryq\u00ebzuar dhe i ngjallur marrim fuqi p\u00ebr t\u00eb fituar, me pendim t\u00eb nd\u00ebrgjegjsh\u00ebm mbi hidh\u00ebrimin e brendsh\u00ebm q\u00eb shkaktojn\u00eb gabimet dhe m\u00ebkatet tona. T\u00eb durojm\u00eb pa m\u00ebri dhimbjen q\u00eb shkaktojn\u00eb padrejt\u00ebsit\u00eb, p\u00ebrndjekjet, si dhe braktisja e tradhtia nga njer\u00ebz q\u00eb i desh\u00ebm dhe u b\u00ebm\u00eb mir\u00eb.<\/span><\/p>\n<p style=\"text-align: justify;\">\n\t<span style=\"color: #000000; font-size: 12pt; font-family: helvetica;\">&nbsp;&nbsp;&nbsp; N\u00eb t\u00eb nj\u00ebjt\u00ebn koh\u00eb, ky besimi yn\u00eb na frym\u00ebzon t\u00eb q\u00ebndrojm\u00eb me dhembshuri pran\u00eb atyre q\u00eb vuajn\u00eb. Duke treguar respekt dhe p\u00ebrkujdesje p\u00ebr t\u00eb vuajturit, shprehim, me m\u00ebnyr\u00ebn m\u00eb esenciale, adhurimin ton\u00eb ndaj Krishtit q\u00eb p\u00ebsoi dhe u ngjall.<\/span><\/p>\n<p style=\"text-align: justify;\">\n\t&nbsp;<\/p>\n<p style=\"text-align: justify;\">\n\t&nbsp;<\/p>\n<p style=\"text-align: center;\">\n\t<span style=\"color: #000000; font-size: 12pt; font-family: helvetica;\">*&nbsp;&nbsp; *<\/span><\/p>\n<p style=\"text-align: center;\">\n\t&nbsp;<\/p>\n<p style=\"text-align: center;\">\n\t&nbsp;<\/p>\n<p style=\"text-align: justify;\">\n\t<span style=\"color: #000000; font-size: 12pt; font-family: helvetica;\">&nbsp;&nbsp;&nbsp; E kremtja e Pashk\u00ebs, v\u00ebllez\u00ebrit e mi, na ndihmon t\u00eb shikojm\u00eb dhimbjen q\u00eb na shtyp, t\u00eb p\u00ebrditshmen, dhimbjen e madhe ose t\u00eb vog\u00ebl, deri dhe vuajtjen e vdekjes, n\u00eb nj\u00eb perspektiv\u00eb t\u00eb ndryshme. Duke kundruar Krishtin q\u00eb u kryq\u00ebzua dhe u ngjall, duke p\u00ebrjetuar dhimbjen ton\u00eb bashk\u00eb me T\u00eb, parashijojm\u00eb n\u00eb paqe nj\u00eb Ngjallje shum\u00ebdimensionale.<\/span><\/p>\n<p style=\"text-align: justify;\">\n\t<span style=\"color: #000000; font-size: 12pt; font-family: helvetica;\">&nbsp;&nbsp;&nbsp; Zoti i ngjallur le t\u00eb na fal\u00eb fuqin\u00eb q\u00eb t\u00eb jetojm\u00eb dhimbjen, trupore, shpirt\u00ebrore,&nbsp; personale dhe shoq\u00ebrore brenda drit\u00ebs s\u00eb Ngjalljes s\u00eb Tij. Dhe p\u00ebr m\u00eb shum\u00eb, le t\u00eb ndajm\u00eb bashk\u00ebrisht me mir\u00ebsi, hidh\u00ebrimet e atyre q\u00eb ndodhen pran\u00eb nesh, duke u kujdesur t\u2019i leht\u00ebsojm\u00eb me besimin ngjall\u00ebsor dhe dashurin\u00eb ton\u00eb t\u00eb shprehur me vepra.<\/span><\/p>\n<p style=\"text-align: justify;\">\n\t<span style=\"color: #000000; font-size: 12pt; font-family: helvetica;\">&nbsp; &nbsp; Krishti u Ngjall!<\/span><\/p>\n<p style=\"text-align: justify;\">\n\t<span style=\"color: #000000; font-size: 12pt; font-family: helvetica;\">&nbsp;&nbsp;&nbsp; Me t\u00eb gjith\u00eb dashurin\u00eb time m\u00eb Krishtin<\/span><\/p>\n<p style=\"text-align: justify;\">\n\t&nbsp;<\/p>\n<p style=\"text-align: justify;\">\n\t&nbsp;<\/p>\n<p style=\"text-align: center;\">\n\t&nbsp;<\/p>\n<p style=\"text-align: center;\">\n\t<span style=\"color: #000000; font-size: 12pt; font-family: helvetica;\"><strong>+ Anastasi<\/strong><br \/>\n\tKryepiskop i Tiran\u00ebs, Durr\u00ebsit dhe i gjith\u00eb Shqip\u00ebris\u00eb<\/span><\/p>\n","protected":false},"excerpt":{"rendered":"<p>+ Anastasi Kryepiskop i Tiran\u00ebs, Durr\u00ebsit dhe i gjith\u00eb Shqip\u00ebris\u00eb Klerit dhe popullit shpres\u00ebtar e Orthodhoks Bij t\u00eb shtrenjt\u00eb m\u00eb Zotin, Besoj n\u00eb \u201c&#8230; nj\u00eb Zot, Jisu Krishtin&#8230;, q\u00eb p\u00ebsoi dhe q\u00eb u varros, dhe q\u00eb u ngjall\u201d. &nbsp; &nbsp; &nbsp; &nbsp;&nbsp;&nbsp; Kremtojm\u00eb me ngaz\u00ebllim Pashk\u00ebn e Shenjt\u00eb dhe Jet\u00ebprur\u00ebse! Por nuk i mbyllim syt\u00eb p\u00ebrpara realitetit t\u00eb ashp\u00ebr t\u00eb jet\u00ebs son\u00eb t\u00eb p\u00ebrditshme, dhimbjes,<\/p>\n","protected":false},"author":1,"featured_media":0,"comment_status":"open","ping_status":"open","sticky":false,"template":"","format":"standard","meta":{"_acf_changed":false,"pagelayer_contact_templates":[],"_pagelayer_content":"","inline_featured_image":false,"fifu_image_url":"","fifu_image_alt":"","footnotes":""},"categories":[108],"tags":[143,196,201,212,152,189],"class_list":["post-1066","post","type-post","status-publish","format-standard","hentry","category-lajme","tag-143","tag-tirane","tag-kryepiskopi-anastas","tag-lajme-d27","tag-mesazhet-festive-d19","tag-pashke-2014"],"acf":[],"yoast_head":"<!-- This site is optimized with the Yoast SEO plugin v27.2 - https:\/\/yoast.com\/product\/yoast-seo-wordpress\/ -->\n<title>PASHK\u00cb 2011 - Mesazhi i Kryepeshkopit Anastas - Kisha Orthodh\u03bfkse Autoqefale e Shqip\u00ebris\u00eb<\/title>\n<meta name=\"robots\" content=\"index, follow, max-snippet:-1, max-image-preview:large, max-video-preview:-1\" \/>\n<link rel=\"canonical\" href=\"https:\/\/orthodoxalbania.org\/2020\/2013\/03\/21\/pashke-2011-dhimbja-brenda-drites-se-ngjalljes\/\" \/>\n<meta property=\"og:locale\" content=\"en_US\" \/>\n<meta property=\"og:type\" content=\"article\" \/>\n<meta property=\"og:title\" content=\"PASHK\u00cb 2011 - Mesazhi i Kryepeshkopit Anastas - Kisha Orthodh\u03bfkse Autoqefale e Shqip\u00ebris\u00eb\" \/>\n<meta property=\"og:description\" content=\"+ Anastasi Kryepiskop i Tiran\u00ebs, Durr\u00ebsit dhe i gjith\u00eb Shqip\u00ebris\u00eb Klerit dhe popullit shpres\u00ebtar e Orthodhoks Bij t\u00eb shtrenjt\u00eb m\u00eb Zotin, Besoj n\u00eb \u201c&#8230; nj\u00eb Zot, Jisu Krishtin&#8230;, q\u00eb p\u00ebsoi dhe q\u00eb u varros, dhe q\u00eb u ngjall\u201d. &nbsp; &nbsp; &nbsp; &nbsp;&nbsp;&nbsp; Kremtojm\u00eb me ngaz\u00ebllim Pashk\u00ebn e Shenjt\u00eb dhe Jet\u00ebprur\u00ebse! Por nuk i mbyllim syt\u00eb p\u00ebrpara realitetit t\u00eb ashp\u00ebr t\u00eb jet\u00ebs son\u00eb t\u00eb p\u00ebrditshme, dhimbjes,\" \/>\n<meta property=\"og:url\" content=\"https:\/\/orthodoxalbania.org\/2020\/2013\/03\/21\/pashke-2011-dhimbja-brenda-drites-se-ngjalljes\/\" \/>\n<meta property=\"og:site_name\" content=\"Kisha Orthodh\u03bfkse Autoqefale e Shqip\u00ebris\u00eb\" \/>\n<meta property=\"article:publisher\" content=\"https:\/\/www.facebook.com\/koash1991\" \/>\n<meta property=\"article:published_time\" content=\"2013-03-21T09:29:00+00:00\" \/>\n<meta property=\"article:modified_time\" content=\"2020-04-06T20:32:06+00:00\" \/>\n<meta property=\"og:image\" content=\"https:\/\/lh3.googleusercontent.com\/-0XaSr7tg_9w\/U_NB8PwotlI\/AAAAAAAAA2g\/QXaauIV8bCc\/s577-no\/logo.png\" \/>\n<meta name=\"author\" content=\"Kisha Orthodhokse\" \/>\n<meta name=\"twitter:card\" content=\"summary_large_image\" \/>\n<meta name=\"twitter:label1\" content=\"Written by\" \/>\n\t<meta name=\"twitter:data1\" content=\"Kisha Orthodhokse\" \/>\n\t<meta name=\"twitter:label2\" content=\"Est. reading time\" \/>\n\t<meta name=\"twitter:data2\" content=\"6 minutes\" \/>\n<script type=\"application\/ld+json\" class=\"yoast-schema-graph\">{\"@context\":\"https:\/\/schema.org\",\"@graph\":[{\"@type\":\"Article\",\"@id\":\"https:\/\/orthodoxalbania.org\/2020\/2013\/03\/21\/pashke-2011-dhimbja-brenda-drites-se-ngjalljes\/#article\",\"isPartOf\":{\"@id\":\"https:\/\/orthodoxalbania.org\/2020\/2013\/03\/21\/pashke-2011-dhimbja-brenda-drites-se-ngjalljes\/\"},\"author\":{\"name\":\"Kisha Orthodhokse\",\"@id\":\"https:\/\/orthodoxalbania.org\/2020\/#\/schema\/person\/0c387634a7063ac612d7ed9ce71c7e86\"},\"headline\":\"PASHK\u00cb 2011 &#8211; Mesazhi i Kryepeshkopit Anastas\",\"datePublished\":\"2013-03-21T09:29:00+00:00\",\"dateModified\":\"2020-04-06T20:32:06+00:00\",\"mainEntityOfPage\":{\"@id\":\"https:\/\/orthodoxalbania.org\/2020\/2013\/03\/21\/pashke-2011-dhimbja-brenda-drites-se-ngjalljes\/\"},\"wordCount\":1177,\"commentCount\":0,\"publisher\":{\"@id\":\"https:\/\/orthodoxalbania.org\/2020\/#organization\"},\"image\":{\"@id\":\"https:\/\/orthodoxalbania.org\/2020\/2013\/03\/21\/pashke-2011-dhimbja-brenda-drites-se-ngjalljes\/#primaryimage\"},\"thumbnailUrl\":\"https:\/\/lh3.googleusercontent.com\/-0XaSr7tg_9w\/U_NB8PwotlI\/AAAAAAAAA2g\/QXaauIV8bCc\/s577-no\/logo.png\",\"keywords\":[\"2011\",\"Kryepiskopata Tiran\u00eb\",\"Kryepiskopi Anastas\",\"lajme\",\"Mesazhet Festive\",\"Pashk\u00eb\"],\"articleSection\":[\"Lajme\"],\"inLanguage\":\"en-US\"},{\"@type\":\"WebPage\",\"@id\":\"https:\/\/orthodoxalbania.org\/2020\/2013\/03\/21\/pashke-2011-dhimbja-brenda-drites-se-ngjalljes\/\",\"url\":\"https:\/\/orthodoxalbania.org\/2020\/2013\/03\/21\/pashke-2011-dhimbja-brenda-drites-se-ngjalljes\/\",\"name\":\"PASHK\u00cb 2011 - Mesazhi i Kryepeshkopit Anastas - Kisha Orthodh\u03bfkse Autoqefale e Shqip\u00ebris\u00eb\",\"isPartOf\":{\"@id\":\"https:\/\/orthodoxalbania.org\/2020\/#website\"},\"primaryImageOfPage\":{\"@id\":\"https:\/\/orthodoxalbania.org\/2020\/2013\/03\/21\/pashke-2011-dhimbja-brenda-drites-se-ngjalljes\/#primaryimage\"},\"image\":{\"@id\":\"https:\/\/orthodoxalbania.org\/2020\/2013\/03\/21\/pashke-2011-dhimbja-brenda-drites-se-ngjalljes\/#primaryimage\"},\"thumbnailUrl\":\"https:\/\/lh3.googleusercontent.com\/-0XaSr7tg_9w\/U_NB8PwotlI\/AAAAAAAAA2g\/QXaauIV8bCc\/s577-no\/logo.png\",\"datePublished\":\"2013-03-21T09:29:00+00:00\",\"dateModified\":\"2020-04-06T20:32:06+00:00\",\"breadcrumb\":{\"@id\":\"https:\/\/orthodoxalbania.org\/2020\/2013\/03\/21\/pashke-2011-dhimbja-brenda-drites-se-ngjalljes\/#breadcrumb\"},\"inLanguage\":\"en-US\",\"potentialAction\":[{\"@type\":\"ReadAction\",\"target\":[\"https:\/\/orthodoxalbania.org\/2020\/2013\/03\/21\/pashke-2011-dhimbja-brenda-drites-se-ngjalljes\/\"]}]},{\"@type\":\"ImageObject\",\"inLanguage\":\"en-US\",\"@id\":\"https:\/\/orthodoxalbania.org\/2020\/2013\/03\/21\/pashke-2011-dhimbja-brenda-drites-se-ngjalljes\/#primaryimage\",\"url\":\"https:\/\/lh3.googleusercontent.com\/-0XaSr7tg_9w\/U_NB8PwotlI\/AAAAAAAAA2g\/QXaauIV8bCc\/s577-no\/logo.png\",\"contentUrl\":\"https:\/\/lh3.googleusercontent.com\/-0XaSr7tg_9w\/U_NB8PwotlI\/AAAAAAAAA2g\/QXaauIV8bCc\/s577-no\/logo.png\"},{\"@type\":\"BreadcrumbList\",\"@id\":\"https:\/\/orthodoxalbania.org\/2020\/2013\/03\/21\/pashke-2011-dhimbja-brenda-drites-se-ngjalljes\/#breadcrumb\",\"itemListElement\":[{\"@type\":\"ListItem\",\"position\":1,\"name\":\"Home\",\"item\":\"https:\/\/orthodoxalbania.org\/2020\/\"},{\"@type\":\"ListItem\",\"position\":2,\"name\":\"PASHK\u00cb 2011 &#8211; Mesazhi i Kryepeshkopit Anastas\"}]},{\"@type\":\"WebSite\",\"@id\":\"https:\/\/orthodoxalbania.org\/2020\/#website\",\"url\":\"https:\/\/orthodoxalbania.org\/2020\/\",\"name\":\"Kisha Orthodh\u03bfkse Autoqefale e Shqip\u00ebris\u00eb\",\"description\":\"Fqja Zyrtare e Kish\u00ebs Orthodhokse Autoqefale e Shqip\u00ebris\u00eb me lajmet edhe informacionet zyrtare p\u00ebr struktur\u00ebn edhe veprimtarin e saj.\",\"publisher\":{\"@id\":\"https:\/\/orthodoxalbania.org\/2020\/#organization\"},\"potentialAction\":[{\"@type\":\"SearchAction\",\"target\":{\"@type\":\"EntryPoint\",\"urlTemplate\":\"https:\/\/orthodoxalbania.org\/2020\/?s={search_term_string}\"},\"query-input\":{\"@type\":\"PropertyValueSpecification\",\"valueRequired\":true,\"valueName\":\"search_term_string\"}}],\"inLanguage\":\"en-US\"},{\"@type\":\"Organization\",\"@id\":\"https:\/\/orthodoxalbania.org\/2020\/#organization\",\"name\":\"Kisha Orthodhokse Autoqefale e Shqip\u00ebris\u00eb\",\"url\":\"https:\/\/orthodoxalbania.org\/2020\/\",\"logo\":{\"@type\":\"ImageObject\",\"inLanguage\":\"en-US\",\"@id\":\"https:\/\/orthodoxalbania.org\/2020\/#\/schema\/logo\/image\/\",\"url\":\"https:\/\/orthodoxalbania.org\/2020\/wp-content\/uploads\/2020\/05\/albania.jpeg\",\"contentUrl\":\"https:\/\/orthodoxalbania.org\/2020\/wp-content\/uploads\/2020\/05\/albania.jpeg\",\"width\":540,\"height\":540,\"caption\":\"Kisha Orthodhokse Autoqefale e Shqip\u00ebris\u00eb\"},\"image\":{\"@id\":\"https:\/\/orthodoxalbania.org\/2020\/#\/schema\/logo\/image\/\"},\"sameAs\":[\"https:\/\/www.facebook.com\/koash1991\"]},{\"@type\":\"Person\",\"@id\":\"https:\/\/orthodoxalbania.org\/2020\/#\/schema\/person\/0c387634a7063ac612d7ed9ce71c7e86\",\"name\":\"Kisha Orthodhokse\",\"image\":{\"@type\":\"ImageObject\",\"inLanguage\":\"en-US\",\"@id\":\"https:\/\/secure.gravatar.com\/avatar\/596e7c417251e30f2fbb9c00e026fce61a695a00e51c889caded71c96cbbdde5?s=96&d=mm&r=g\",\"url\":\"https:\/\/secure.gravatar.com\/avatar\/596e7c417251e30f2fbb9c00e026fce61a695a00e51c889caded71c96cbbdde5?s=96&d=mm&r=g\",\"contentUrl\":\"https:\/\/secure.gravatar.com\/avatar\/596e7c417251e30f2fbb9c00e026fce61a695a00e51c889caded71c96cbbdde5?s=96&d=mm&r=g\",\"caption\":\"Kisha Orthodhokse\"}}]}<\/script>\n<!-- \/ Yoast SEO plugin. -->","yoast_head_json":{"title":"PASHK\u00cb 2011 - Mesazhi i Kryepeshkopit Anastas - Kisha Orthodh\u03bfkse Autoqefale e Shqip\u00ebris\u00eb","robots":{"index":"index","follow":"follow","max-snippet":"max-snippet:-1","max-image-preview":"max-image-preview:large","max-video-preview":"max-video-preview:-1"},"canonical":"https:\/\/orthodoxalbania.org\/2020\/2013\/03\/21\/pashke-2011-dhimbja-brenda-drites-se-ngjalljes\/","og_locale":"en_US","og_type":"article","og_title":"PASHK\u00cb 2011 - Mesazhi i Kryepeshkopit Anastas - Kisha Orthodh\u03bfkse Autoqefale e Shqip\u00ebris\u00eb","og_description":"+ Anastasi Kryepiskop i Tiran\u00ebs, Durr\u00ebsit dhe i gjith\u00eb Shqip\u00ebris\u00eb Klerit dhe popullit shpres\u00ebtar e Orthodhoks Bij t\u00eb shtrenjt\u00eb m\u00eb Zotin, Besoj n\u00eb \u201c&#8230; nj\u00eb Zot, Jisu Krishtin&#8230;, q\u00eb p\u00ebsoi dhe q\u00eb u varros, dhe q\u00eb u ngjall\u201d. &nbsp; &nbsp; &nbsp; &nbsp;&nbsp;&nbsp; Kremtojm\u00eb me ngaz\u00ebllim Pashk\u00ebn e Shenjt\u00eb dhe Jet\u00ebprur\u00ebse! Por nuk i mbyllim syt\u00eb p\u00ebrpara realitetit t\u00eb ashp\u00ebr t\u00eb jet\u00ebs son\u00eb t\u00eb p\u00ebrditshme, dhimbjes,","og_url":"https:\/\/orthodoxalbania.org\/2020\/2013\/03\/21\/pashke-2011-dhimbja-brenda-drites-se-ngjalljes\/","og_site_name":"Kisha Orthodh\u03bfkse Autoqefale e Shqip\u00ebris\u00eb","article_publisher":"https:\/\/www.facebook.com\/koash1991","article_published_time":"2013-03-21T09:29:00+00:00","article_modified_time":"2020-04-06T20:32:06+00:00","og_image":[{"url":"https:\/\/lh3.googleusercontent.com\/-0XaSr7tg_9w\/U_NB8PwotlI\/AAAAAAAAA2g\/QXaauIV8bCc\/s577-no\/logo.png","type":"","width":"","height":""}],"author":"Kisha Orthodhokse","twitter_card":"summary_large_image","twitter_misc":{"Written by":"Kisha Orthodhokse","Est. reading time":"6 minutes"},"schema":{"@context":"https:\/\/schema.org","@graph":[{"@type":"Article","@id":"https:\/\/orthodoxalbania.org\/2020\/2013\/03\/21\/pashke-2011-dhimbja-brenda-drites-se-ngjalljes\/#article","isPartOf":{"@id":"https:\/\/orthodoxalbania.org\/2020\/2013\/03\/21\/pashke-2011-dhimbja-brenda-drites-se-ngjalljes\/"},"author":{"name":"Kisha Orthodhokse","@id":"https:\/\/orthodoxalbania.org\/2020\/#\/schema\/person\/0c387634a7063ac612d7ed9ce71c7e86"},"headline":"PASHK\u00cb 2011 &#8211; Mesazhi i Kryepeshkopit Anastas","datePublished":"2013-03-21T09:29:00+00:00","dateModified":"2020-04-06T20:32:06+00:00","mainEntityOfPage":{"@id":"https:\/\/orthodoxalbania.org\/2020\/2013\/03\/21\/pashke-2011-dhimbja-brenda-drites-se-ngjalljes\/"},"wordCount":1177,"commentCount":0,"publisher":{"@id":"https:\/\/orthodoxalbania.org\/2020\/#organization"},"image":{"@id":"https:\/\/orthodoxalbania.org\/2020\/2013\/03\/21\/pashke-2011-dhimbja-brenda-drites-se-ngjalljes\/#primaryimage"},"thumbnailUrl":"https:\/\/lh3.googleusercontent.com\/-0XaSr7tg_9w\/U_NB8PwotlI\/AAAAAAAAA2g\/QXaauIV8bCc\/s577-no\/logo.png","keywords":["2011","Kryepiskopata Tiran\u00eb","Kryepiskopi Anastas","lajme","Mesazhet Festive","Pashk\u00eb"],"articleSection":["Lajme"],"inLanguage":"en-US"},{"@type":"WebPage","@id":"https:\/\/orthodoxalbania.org\/2020\/2013\/03\/21\/pashke-2011-dhimbja-brenda-drites-se-ngjalljes\/","url":"https:\/\/orthodoxalbania.org\/2020\/2013\/03\/21\/pashke-2011-dhimbja-brenda-drites-se-ngjalljes\/","name":"PASHK\u00cb 2011 - Mesazhi i Kryepeshkopit Anastas - Kisha Orthodh\u03bfkse Autoqefale e Shqip\u00ebris\u00eb","isPartOf":{"@id":"https:\/\/orthodoxalbania.org\/2020\/#website"},"primaryImageOfPage":{"@id":"https:\/\/orthodoxalbania.org\/2020\/2013\/03\/21\/pashke-2011-dhimbja-brenda-drites-se-ngjalljes\/#primaryimage"},"image":{"@id":"https:\/\/orthodoxalbania.org\/2020\/2013\/03\/21\/pashke-2011-dhimbja-brenda-drites-se-ngjalljes\/#primaryimage"},"thumbnailUrl":"https:\/\/lh3.googleusercontent.com\/-0XaSr7tg_9w\/U_NB8PwotlI\/AAAAAAAAA2g\/QXaauIV8bCc\/s577-no\/logo.png","datePublished":"2013-03-21T09:29:00+00:00","dateModified":"2020-04-06T20:32:06+00:00","breadcrumb":{"@id":"https:\/\/orthodoxalbania.org\/2020\/2013\/03\/21\/pashke-2011-dhimbja-brenda-drites-se-ngjalljes\/#breadcrumb"},"inLanguage":"en-US","potentialAction":[{"@type":"ReadAction","target":["https:\/\/orthodoxalbania.org\/2020\/2013\/03\/21\/pashke-2011-dhimbja-brenda-drites-se-ngjalljes\/"]}]},{"@type":"ImageObject","inLanguage":"en-US","@id":"https:\/\/orthodoxalbania.org\/2020\/2013\/03\/21\/pashke-2011-dhimbja-brenda-drites-se-ngjalljes\/#primaryimage","url":"https:\/\/lh3.googleusercontent.com\/-0XaSr7tg_9w\/U_NB8PwotlI\/AAAAAAAAA2g\/QXaauIV8bCc\/s577-no\/logo.png","contentUrl":"https:\/\/lh3.googleusercontent.com\/-0XaSr7tg_9w\/U_NB8PwotlI\/AAAAAAAAA2g\/QXaauIV8bCc\/s577-no\/logo.png"},{"@type":"BreadcrumbList","@id":"https:\/\/orthodoxalbania.org\/2020\/2013\/03\/21\/pashke-2011-dhimbja-brenda-drites-se-ngjalljes\/#breadcrumb","itemListElement":[{"@type":"ListItem","position":1,"name":"Home","item":"https:\/\/orthodoxalbania.org\/2020\/"},{"@type":"ListItem","position":2,"name":"PASHK\u00cb 2011 &#8211; Mesazhi i Kryepeshkopit Anastas"}]},{"@type":"WebSite","@id":"https:\/\/orthodoxalbania.org\/2020\/#website","url":"https:\/\/orthodoxalbania.org\/2020\/","name":"Kisha Orthodh\u03bfkse Autoqefale e Shqip\u00ebris\u00eb","description":"Fqja Zyrtare e Kish\u00ebs Orthodhokse Autoqefale e Shqip\u00ebris\u00eb me lajmet edhe informacionet zyrtare p\u00ebr struktur\u00ebn edhe veprimtarin e saj.","publisher":{"@id":"https:\/\/orthodoxalbania.org\/2020\/#organization"},"potentialAction":[{"@type":"SearchAction","target":{"@type":"EntryPoint","urlTemplate":"https:\/\/orthodoxalbania.org\/2020\/?s={search_term_string}"},"query-input":{"@type":"PropertyValueSpecification","valueRequired":true,"valueName":"search_term_string"}}],"inLanguage":"en-US"},{"@type":"Organization","@id":"https:\/\/orthodoxalbania.org\/2020\/#organization","name":"Kisha Orthodhokse Autoqefale e Shqip\u00ebris\u00eb","url":"https:\/\/orthodoxalbania.org\/2020\/","logo":{"@type":"ImageObject","inLanguage":"en-US","@id":"https:\/\/orthodoxalbania.org\/2020\/#\/schema\/logo\/image\/","url":"https:\/\/orthodoxalbania.org\/2020\/wp-content\/uploads\/2020\/05\/albania.jpeg","contentUrl":"https:\/\/orthodoxalbania.org\/2020\/wp-content\/uploads\/2020\/05\/albania.jpeg","width":540,"height":540,"caption":"Kisha Orthodhokse Autoqefale e Shqip\u00ebris\u00eb"},"image":{"@id":"https:\/\/orthodoxalbania.org\/2020\/#\/schema\/logo\/image\/"},"sameAs":["https:\/\/www.facebook.com\/koash1991"]},{"@type":"Person","@id":"https:\/\/orthodoxalbania.org\/2020\/#\/schema\/person\/0c387634a7063ac612d7ed9ce71c7e86","name":"Kisha Orthodhokse","image":{"@type":"ImageObject","inLanguage":"en-US","@id":"https:\/\/secure.gravatar.com\/avatar\/596e7c417251e30f2fbb9c00e026fce61a695a00e51c889caded71c96cbbdde5?s=96&d=mm&r=g","url":"https:\/\/secure.gravatar.com\/avatar\/596e7c417251e30f2fbb9c00e026fce61a695a00e51c889caded71c96cbbdde5?s=96&d=mm&r=g","contentUrl":"https:\/\/secure.gravatar.com\/avatar\/596e7c417251e30f2fbb9c00e026fce61a695a00e51c889caded71c96cbbdde5?s=96&d=mm&r=g","caption":"Kisha Orthodhokse"}}]}},"_links":{"self":[{"href":"https:\/\/orthodoxalbania.org\/2020\/wp-json\/wp\/v2\/posts\/1066","targetHints":{"allow":["GET"]}}],"collection":[{"href":"https:\/\/orthodoxalbania.org\/2020\/wp-json\/wp\/v2\/posts"}],"about":[{"href":"https:\/\/orthodoxalbania.org\/2020\/wp-json\/wp\/v2\/types\/post"}],"author":[{"embeddable":true,"href":"https:\/\/orthodoxalbania.org\/2020\/wp-json\/wp\/v2\/users\/1"}],"replies":[{"embeddable":true,"href":"https:\/\/orthodoxalbania.org\/2020\/wp-json\/wp\/v2\/comments?post=1066"}],"version-history":[{"count":1,"href":"https:\/\/orthodoxalbania.org\/2020\/wp-json\/wp\/v2\/posts\/1066\/revisions"}],"predecessor-version":[{"id":15399,"href":"https:\/\/orthodoxalbania.org\/2020\/wp-json\/wp\/v2\/posts\/1066\/revisions\/15399"}],"wp:attachment":[{"href":"https:\/\/orthodoxalbania.org\/2020\/wp-json\/wp\/v2\/media?parent=1066"}],"wp:term":[{"taxonomy":"category","embeddable":true,"href":"https:\/\/orthodoxalbania.org\/2020\/wp-json\/wp\/v2\/categories?post=1066"},{"taxonomy":"post_tag","embeddable":true,"href":"https:\/\/orthodoxalbania.org\/2020\/wp-json\/wp\/v2\/tags?post=1066"}],"curies":[{"name":"wp","href":"https:\/\/api.w.org\/{rel}","templated":true}]}}