{"id":1065,"date":"2013-03-21T09:30:02","date_gmt":"2013-03-21T09:30:02","guid":{"rendered":""},"modified":"2020-04-06T22:32:06","modified_gmt":"2020-04-06T20:32:06","slug":"pashka-ne-tirane-2011","status":"publish","type":"post","link":"https:\/\/orthodoxalbania.org\/2020\/2013\/03\/21\/pashka-ne-tirane-2011\/","title":{"rendered":"Pashka n\u00eb Tiran\u00eb (2011)"},"content":{"rendered":"<div style=\"text-align: justify;\"><span style=\"font-family: tahoma,geneva,sans-serif;\"><span style=\"font-size: 12px;\"><span style=\"color: #000000;\"><img decoding=\"async\" class=\"lazyload HAa Eha\" style=\"height: 200px; width: 300px; border-width: 1px; border-style: solid; margin: 10px; float: left;\" alt=\"\" src=\"data:image\/gif;base64,R0lGODlhAQABAAAAACH5BAEKAAEALAAAAAABAAEAAAICTAEAOw==\" data-orig-src=\"https:\/\/lh4.googleusercontent.com\/-Rbioj8AY3g0\/VLYX4-6cbwI\/AAAAAAAAKzA\/vm9DC7anZqg\/w448-h298-no\/1.JPG\" \/>&nbsp;&nbsp;&nbsp; \u00c7do dit\u00eb e Jav\u00ebs s\u00eb Madhe ishte nj\u00eb emocion m\u00eb vete n\u00eb kish\u00ebn&nbsp;e Ungjill\u00ebzimit, ku sh\u00ebrbesat u kryesuan nga Kryepiskopi Anastas, i ndihmuar nga&nbsp;Episkop\u00ebt ndihm\u00ebs dhe klerik\u00ebt e Kryepiskopat\u00ebs s\u00eb Shenjt\u00eb. Gjat\u00eb tyre u p\u00ebrcoll\u00ebn edhe&nbsp; mesazhe dhe k\u00ebshilla shpirt\u00ebrore, t\u00eb lidhura me dit\u00ebt e ve\u00e7anta. Kulmi arriti T\u00eb Shtun\u00ebn e Madhe kur p\u00ebrsh\u00ebndetja e ngaz\u00ebllyese: \u201cKrishti u Ngjall! \u2013 V\u00ebrtet u Ngjall!\u201d, u perhap kudo n\u00eb kish\u00eb dhe rreth podiumit n\u00eb Rrug\u00ebn e Kavaj\u00ebs, ku u krye Sh\u00ebrbesa e Ngjalljes. Aty u d\u00ebgjua dhe mesazhi shpres\u00ebdh\u00ebn\u00ebs paskal i Kryepiskopit Anstas. Sheshi p\u00ebrball\u00eb kish\u00ebs dhe p\u00ebrgjat\u00eb rrug\u00ebs, do t\u00eb mbushej nga urimet e besimtar\u00ebve, tingulli ngaz\u00ebllyes i kambanave nd\u00ebrsa besimtar\u00ebt merrnin \u201cDrit\u00ebn q\u00eb nuk per\u00ebndon\u201d p\u00ebr ta \u00e7uar n\u00eb \u00e7do cep t\u00eb Kryeqytetit dhe \u00e7ukisnin vez\u00ebt e kuqe sipas tradit\u00ebs. M\u00eb pas disa qindra besimtar\u00eb e vazhduan kremtimin duke marr\u00eb pjes\u00eb n\u00eb Liturgjin\u00eb Hyjnore dhe duke u kunguar me Trupin dhe Gjakun e Shenjt\u00eb t\u00eb Krishtit t\u00eb Ngjallur. P\u00ebrshkrimi i k\u00ebtyre emocioneve u p\u00ebrcoll edhe p\u00ebrmes transmetimit direkt t\u00eb Radios \u201cNgjallja\u201d nga kisha dhe korrespondent\u00ebt e saj t\u00eb shp\u00ebrndar\u00eb n\u00eb disa pika t\u00eb Tiran\u00ebs dhe gjith\u00eb Shqip\u00ebris\u00eb. Me qindra d\u00ebgjues ndoq\u00ebn k\u00ebt\u00eb atmosfer\u00eb edhe p\u00ebrmes transmetimit 24 or\u00eb n\u00eb 24 t\u00eb radios n\u00eb internet, n\u00eb faqen zyrtar\u00eb t\u00eb Kish\u00ebs son\u00eb.<\/span><\/span><\/span><\/div>\n<div style=\"text-align: justify;\">&nbsp;<\/div>\n<div style=\"text-align: justify;\"><span style=\"font-family: tahoma,geneva,sans-serif;\"><span style=\"font-size: 12px;\"><span style=\"color: #000000;\">&nbsp;&nbsp;&nbsp; T\u00eb diel\u00ebn e Pashk\u00ebs, 24 prill, n\u00eb Kryepiskopat\u00ebn e Shenjt\u00eb, Fortlumturia e Tij Anastasi, priti urimet me rastin e t\u00eb kremtes s\u00eb Ngjalljes. P\u00ebrfaq\u00ebsues t\u00eb komuniteteve fetare, politikan\u00eb dhe funksionar\u00eb t\u00eb lart\u00eb t\u00eb shtetit uruan Kryepiskopin dhe t\u00eb gjith\u00eb besimtar\u00ebt orthodhoks\u00eb p\u00ebr k\u00ebt\u00eb fest\u00eb t\u00eb madhe dhe t\u00eb r\u00ebnd\u00ebsishme. Gjithashtu erdh\u00ebn p\u00ebr t\u00eb uruar diplomat\u00eb, intelektual\u00eb t\u00eb njohur, personalitete t\u00eb artit dhe kultur\u00ebs, besimtar\u00eb etj. Disa nga p\u00ebrfaq\u00ebsuesit m\u00eb t\u00eb lart\u00eb t\u00eb shtetit i p\u00ebrcoll\u00ebn urimet nga vende t\u00eb ndryshme.<\/span><\/span><\/span><\/div>\n<div style=\"text-align: justify;\">&nbsp;<\/div>\n<div style=\"text-align: justify;\"><span style=\"font-family: tahoma,geneva,sans-serif;\"><span style=\"font-size: 12px;\"><span style=\"color: #000000;\"><strong>&nbsp;&nbsp;&nbsp; Presidenti Bamir Topi uroi besimtar\u00ebt e krishter\u00eb: <\/strong>\u201cN\u00eb k\u00ebt\u00eb dit\u00eb t\u00eb sh\u00ebnuar d\u00ebshiroj t\u2019ju shpreh juve dhe n\u00ebp\u00ebrmjet jush t\u00eb gjith\u00eb besimtar\u00ebve ortodoks\u00eb, urimet m\u00eb t\u00eb ngrohta e t\u00eb p\u00ebrzem\u00ebrta n\u00eb dit\u00ebn e kremtimit t\u00eb Pashk\u00ebve! Kjo dit\u00eb e shenjt\u00eb q\u00eb simbolizon ringjalljen e Krishtit, ringjalljen e shpres\u00ebs p\u00ebr dit\u00eb m\u00eb t\u00eb mira, le t\u00eb sh\u00ebrbej\u00eb p\u00ebr t\u00eb gjith\u00eb edhe si dit\u00eb e reflektimit dhe e inspirimit p\u00ebr t\u00eb evidentuar e konsoliduar vlerat e v\u00ebrteta shpirt\u00ebrore t\u00eb shoq\u00ebris\u00eb shqiptare! G\u00ebzuar dhe nj\u00ebher\u00eb Fest\u00ebn e Pashk\u00ebve! Zoti e bekoft\u00eb Shqip\u00ebrin\u00eb dhe shqiptar\u00ebt.<\/span><\/span><\/span><\/div>\n<div style=\"text-align: justify;\">&nbsp;<\/div>\n<div style=\"text-align: right;\"><span style=\"color: #000000;\"><strong><span style=\"font-family: tahoma,geneva,sans-serif;\"><span style=\"font-size: 12px;\"><span class=\"style13\">Foto: Nathan Hoppe<\/span>&nbsp;<\/span><\/span><\/strong><\/span><\/div>\n<div style=\"text-align: right;\">&nbsp;<\/div>\n<table style=\"width: 917px; height: 3576px; margin-right: auto; margin-left: auto;\">\n<tbody>\n<tr>\n<td><img decoding=\"async\" class=\"lazyload HAa Eha\" style=\"border-width: 1px; border-style: solid; margin: 10px auto; display: block;\" alt=\"\" src=\"data:image\/gif;base64,R0lGODlhAQABAAAAACH5BAEKAAEALAAAAAABAAEAAAICTAEAOw==\" data-orig-src=\"https:\/\/lh6.googleusercontent.com\/-Je-JyQHz8bo\/VLYX1bKUE5I\/AAAAAAAAKyA\/kMNCHv7cUCM\/w448-h298-no\/2.JPG\" \/><\/td>\n<td><img decoding=\"async\" class=\"lazyload HAa Eha\" style=\"border-width: 1px; border-style: solid; margin: 10px auto; display: block;\" alt=\"\" src=\"data:image\/gif;base64,R0lGODlhAQABAAAAACH5BAEKAAEALAAAAAABAAEAAAICTAEAOw==\" data-orig-src=\"https:\/\/lh3.googleusercontent.com\/-lkWht_Y9fBs\/VLYX3cw5zLI\/AAAAAAAAKy8\/ayQqEQZqc9w\/w448-h298-no\/3.JPG\" \/><\/td>\n<\/tr>\n<tr>\n<td><img decoding=\"async\" class=\"lazyload HAa Eha\" style=\"border-width: 1px; border-style: solid; margin: 10px auto; display: block;\" alt=\"\" src=\"data:image\/gif;base64,R0lGODlhAQABAAAAACH5BAEKAAEALAAAAAABAAEAAAICTAEAOw==\" data-orig-src=\"https:\/\/lh4.googleusercontent.com\/-c-740k5k7Rg\/VLYX3xrgijI\/AAAAAAAAKyo\/6QTVILRqyrI\/w448-h298-no\/4.JPG\" \/><\/td>\n<td><img decoding=\"async\" class=\"lazyload HAa Eha\" style=\"border-width: 1px; border-style: solid; margin: 10px auto; display: block;\" alt=\"\" src=\"data:image\/gif;base64,R0lGODlhAQABAAAAACH5BAEKAAEALAAAAAABAAEAAAICTAEAOw==\" data-orig-src=\"https:\/\/lh6.googleusercontent.com\/-_oOqjR3uGtQ\/VLYX4ETHWwI\/AAAAAAAAKys\/L2SDGdn1QA0\/w448-h298-no\/5.JPG\" \/><\/td>\n<\/tr>\n<tr>\n<td><img decoding=\"async\" class=\"lazyload HAa Eha\" style=\"border-width: 1px; border-style: solid; margin: 10px auto; display: block;\" alt=\"\" src=\"data:image\/gif;base64,R0lGODlhAQABAAAAACH5BAEKAAEALAAAAAABAAEAAAICTAEAOw==\" data-orig-src=\"https:\/\/lh6.googleusercontent.com\/-2_bRyFB2JoA\/VLYX47ZgoQI\/AAAAAAAAKy4\/XGubMvjNrnM\/w448-h298-no\/6.JPG\" \/><\/td>\n<td><img decoding=\"async\" class=\"lazyload HAa Eha\" style=\"border-width: 1px; border-style: solid; margin: 10px auto; display: block;\" alt=\"\" src=\"data:image\/gif;base64,R0lGODlhAQABAAAAACH5BAEKAAEALAAAAAABAAEAAAICTAEAOw==\" data-orig-src=\"https:\/\/lh6.googleusercontent.com\/-BNwDvcs-iWU\/VLYYZjdh3iI\/AAAAAAAAKzY\/xfeGIqwgN0M\/w448-h298-no\/7.JPG\" \/><\/td>\n<\/tr>\n<tr>\n<td><img decoding=\"async\" class=\"lazyload HAa Eha\" style=\"border-width: 1px; border-style: solid; margin: 10px auto; display: block;\" alt=\"\" src=\"data:image\/gif;base64,R0lGODlhAQABAAAAACH5BAEKAAEALAAAAAABAAEAAAICTAEAOw==\" data-orig-src=\"https:\/\/lh6.googleusercontent.com\/-gYqIyHd8x5Y\/VLYaOHhtZJI\/AAAAAAAAKzs\/DKh1Y3ErTg0\/w448-h298-no\/8.JPG\" \/><\/td>\n<td><img decoding=\"async\" class=\"lazyload HAa Eha\" style=\"border-width: 1px; border-style: solid; margin: 10px auto; display: block;\" alt=\"\" src=\"data:image\/gif;base64,R0lGODlhAQABAAAAACH5BAEKAAEALAAAAAABAAEAAAICTAEAOw==\" data-orig-src=\"https:\/\/lh5.googleusercontent.com\/-AaweliCZbzQ\/VLYa2Anko9I\/AAAAAAAAKz8\/NZivmzENQfs\/w448-h298-no\/9.JPG\" \/><\/td>\n<\/tr>\n<tr>\n<td><img decoding=\"async\" class=\"lazyload HAa Eha\" style=\"border-width: 1px; border-style: solid; margin: 10px auto; display: block;\" alt=\"\" src=\"data:image\/gif;base64,R0lGODlhAQABAAAAACH5BAEKAAEALAAAAAABAAEAAAICTAEAOw==\" data-orig-src=\"https:\/\/lh5.googleusercontent.com\/-baSKXrdNRrQ\/VLYXxqfUh9I\/AAAAAAAAKzc\/8Hrk-Ytcl8E\/w448-h298-no\/10.JPG\" \/><\/td>\n<td><img decoding=\"async\" class=\"lazyload HAa Eha\" style=\"border-width: 1px; border-style: solid; margin: 10px auto; display: block;\" alt=\"\" src=\"data:image\/gif;base64,R0lGODlhAQABAAAAACH5BAEKAAEALAAAAAABAAEAAAICTAEAOw==\" data-orig-src=\"https:\/\/lh3.googleusercontent.com\/-zv3C-d4KkLU\/VLYXx8x9sQI\/AAAAAAAAKzc\/WaNMRkTQmWk\/w448-h298-no\/11.JPG\" \/><\/td>\n<\/tr>\n<tr>\n<td><img decoding=\"async\" class=\"lazyload HAa Eha\" style=\"border-width: 1px; border-style: solid; margin: 10px auto; display: block;\" alt=\"\" src=\"data:image\/gif;base64,R0lGODlhAQABAAAAACH5BAEKAAEALAAAAAABAAEAAAICTAEAOw==\" data-orig-src=\"https:\/\/lh4.googleusercontent.com\/-5KGJ3scDA5w\/VLYXyRyEADI\/AAAAAAAAKxg\/lPj54_tnzpI\/w448-h298-no\/12.JPG\" \/><\/td>\n<td><img decoding=\"async\" class=\"lazyload HAa Eha\" style=\"border-width: 1px; border-style: solid; margin: 10px auto; display: block;\" alt=\"\" src=\"data:image\/gif;base64,R0lGODlhAQABAAAAACH5BAEKAAEALAAAAAABAAEAAAICTAEAOw==\" data-orig-src=\"https:\/\/lh3.googleusercontent.com\/-YTBbBAD1lI4\/VLYXy34xQII\/AAAAAAAAKzc\/VeCjnLiMjQ0\/w448-h298-no\/13.JPG\" \/><\/td>\n<\/tr>\n<tr>\n<td><img decoding=\"async\" class=\"lazyload HAa Eha\" style=\"border-width: 1px; border-style: solid; margin: 10px auto; display: block;\" alt=\"\" src=\"data:image\/gif;base64,R0lGODlhAQABAAAAACH5BAEKAAEALAAAAAABAAEAAAICTAEAOw==\" data-orig-src=\"https:\/\/lh4.googleusercontent.com\/--14Wdh18hOY\/VLYXzIxtilI\/AAAAAAAAKzc\/d3hOwzP8zQ0\/w448-h298-no\/14.JPG\" \/><\/td>\n<td><img decoding=\"async\" class=\"lazyload HAa Eha\" style=\"border-width: 1px; border-style: solid; margin: 10px auto; display: block;\" alt=\"\" src=\"data:image\/gif;base64,R0lGODlhAQABAAAAACH5BAEKAAEALAAAAAABAAEAAAICTAEAOw==\" data-orig-src=\"https:\/\/lh4.googleusercontent.com\/-9hS8F0StdFk\/VLYXzsnX1FI\/AAAAAAAAKzQ\/yDTvo1FoSYk\/w448-h298-no\/15.JPG\" \/><\/td>\n<\/tr>\n<tr>\n<td><img decoding=\"async\" class=\"lazyload HAa Eha\" style=\"border-width: 1px; border-style: solid; margin: 10px auto; display: block;\" alt=\"\" src=\"data:image\/gif;base64,R0lGODlhAQABAAAAACH5BAEKAAEALAAAAAABAAEAAAICTAEAOw==\" data-orig-src=\"https:\/\/lh4.googleusercontent.com\/-ZSCfdo8f6TU\/VLYXzxj2t1I\/AAAAAAAAKx0\/DB08r6SJRSo\/w448-h298-no\/16.JPG\" \/><\/td>\n<td><img decoding=\"async\" class=\"lazyload HAa Eha\" style=\"border-width: 1px; border-style: solid; margin: 10px auto; display: block;\" alt=\"\" src=\"data:image\/gif;base64,R0lGODlhAQABAAAAACH5BAEKAAEALAAAAAABAAEAAAICTAEAOw==\" data-orig-src=\"https:\/\/lh5.googleusercontent.com\/-iiGD5Oe-ubo\/VLYX0anpvfI\/AAAAAAAAKzM\/9qgeOFtbYlo\/w448-h298-no\/17.JPG\" \/><\/td>\n<\/tr>\n<tr>\n<td><img decoding=\"async\" class=\"lazyload HAa Eha\" style=\"border-width: 1px; border-style: solid; margin: 10px auto; display: block;\" alt=\"\" src=\"data:image\/gif;base64,R0lGODlhAQABAAAAACH5BAEKAAEALAAAAAABAAEAAAICTAEAOw==\" data-orig-src=\"https:\/\/lh6.googleusercontent.com\/-RC-iTXy99A0\/VLYX05s0sDI\/AAAAAAAAKx8\/3eK3YhUpBMU\/w448-h298-no\/18.JPG\" \/><\/td>\n<td><img decoding=\"async\" class=\"lazyload HAa Eha\" style=\"border-width: 1px; border-style: solid; margin: 10px auto; display: block;\" alt=\"\" src=\"data:image\/gif;base64,R0lGODlhAQABAAAAACH5BAEKAAEALAAAAAABAAEAAAICTAEAOw==\" data-orig-src=\"https:\/\/lh6.googleusercontent.com\/-kp3Fn-hjY3M\/VLYX1Yty53I\/AAAAAAAAKzI\/4BrHeIzSJyE\/w448-h298-no\/19.JPG\" \/><\/td>\n<\/tr>\n<tr>\n<td><img decoding=\"async\" class=\"lazyload HAa Eha\" style=\"border-width: 1px; border-style: solid; margin: 10px auto; display: block;\" alt=\"\" src=\"data:image\/gif;base64,R0lGODlhAQABAAAAACH5BAEKAAEALAAAAAABAAEAAAICTAEAOw==\" data-orig-src=\"https:\/\/lh6.googleusercontent.com\/-_d5To-7SuwA\/VLYX2PEfooI\/AAAAAAAAKyM\/Lkqlp-cyNqs\/w448-h298-no\/20.JPG\" \/><\/td>\n<td><img decoding=\"async\" class=\"lazyload HAa Eha\" style=\"border-width: 1px; border-style: solid; margin: 10px auto; display: block;\" alt=\"\" src=\"data:image\/gif;base64,R0lGODlhAQABAAAAACH5BAEKAAEALAAAAAABAAEAAAICTAEAOw==\" data-orig-src=\"https:\/\/lh6.googleusercontent.com\/-HFcuXAuOD90\/VLYX23k8RGI\/AAAAAAAAKzE\/UHhzjjyIy0o\/w448-h298-no\/21.JPG\" \/><\/td>\n<\/tr>\n<tr>\n<td><img decoding=\"async\" class=\"lazyload HAa Eha\" style=\"border-width: 1px; border-style: solid; margin: 10px auto; display: block;\" alt=\"\" src=\"data:image\/gif;base64,R0lGODlhAQABAAAAACH5BAEKAAEALAAAAAABAAEAAAICTAEAOw==\" data-orig-src=\"https:\/\/lh3.googleusercontent.com\/-D0bru6CDzYQ\/VLYX3BskWkI\/AAAAAAAAKyc\/mu14yKjY74Q\/w448-h298-no\/22.JPG\" \/><\/td>\n<td>&nbsp;<\/td>\n<\/tr>\n<\/tbody>\n<\/table>\n","protected":false},"excerpt":{"rendered":"<p>&nbsp;&nbsp;&nbsp; \u00c7do dit\u00eb e Jav\u00ebs s\u00eb Madhe ishte nj\u00eb emocion m\u00eb vete n\u00eb kish\u00ebn&nbsp;e Ungjill\u00ebzimit, ku sh\u00ebrbesat u kryesuan nga Kryepiskopi Anastas, i ndihmuar nga&nbsp;Episkop\u00ebt ndihm\u00ebs dhe klerik\u00ebt e Kryepiskopat\u00ebs s\u00eb Shenjt\u00eb. Gjat\u00eb tyre u p\u00ebrcoll\u00ebn edhe&nbsp; mesazhe dhe k\u00ebshilla shpirt\u00ebrore, t\u00eb lidhura me dit\u00ebt e ve\u00e7anta. Kulmi arriti T\u00eb Shtun\u00ebn e Madhe kur p\u00ebrsh\u00ebndetja e ngaz\u00ebllyese: \u201cKrishti u Ngjall! \u2013 V\u00ebrtet u Ngjall!\u201d, u<\/p>\n","protected":false},"author":1,"featured_media":0,"comment_status":"open","ping_status":"open","sticky":false,"template":"","format":"standard","meta":{"_acf_changed":false,"pagelayer_contact_templates":[],"_pagelayer_content":"","inline_featured_image":false,"fifu_image_url":"","fifu_image_alt":"","footnotes":""},"categories":[108],"tags":[143,196,201,212,189],"class_list":["post-1065","post","type-post","status-publish","format-standard","hentry","category-lajme","tag-143","tag-tirane","tag-kryepiskopi-anastas","tag-lajme-d27","tag-pashke-2014"],"acf":[],"yoast_head":"<!-- This site is optimized with the Yoast SEO plugin v27.2 - https:\/\/yoast.com\/product\/yoast-seo-wordpress\/ -->\n<title>Pashka n\u00eb Tiran\u00eb (2011) - Kisha Orthodh\u03bfkse Autoqefale e Shqip\u00ebris\u00eb<\/title>\n<meta name=\"robots\" content=\"index, follow, max-snippet:-1, max-image-preview:large, max-video-preview:-1\" \/>\n<link rel=\"canonical\" href=\"https:\/\/orthodoxalbania.org\/2020\/2013\/03\/21\/pashka-ne-tirane-2011\/\" \/>\n<meta property=\"og:locale\" content=\"en_US\" \/>\n<meta property=\"og:type\" content=\"article\" \/>\n<meta property=\"og:title\" content=\"Pashka n\u00eb Tiran\u00eb (2011) - Kisha Orthodh\u03bfkse Autoqefale e Shqip\u00ebris\u00eb\" \/>\n<meta property=\"og:description\" content=\"&nbsp;&nbsp;&nbsp; \u00c7do dit\u00eb e Jav\u00ebs s\u00eb Madhe ishte nj\u00eb emocion m\u00eb vete n\u00eb kish\u00ebn&nbsp;e Ungjill\u00ebzimit, ku sh\u00ebrbesat u kryesuan nga Kryepiskopi Anastas, i ndihmuar nga&nbsp;Episkop\u00ebt ndihm\u00ebs dhe klerik\u00ebt e Kryepiskopat\u00ebs s\u00eb Shenjt\u00eb. Gjat\u00eb tyre u p\u00ebrcoll\u00ebn edhe&nbsp; mesazhe dhe k\u00ebshilla shpirt\u00ebrore, t\u00eb lidhura me dit\u00ebt e ve\u00e7anta. Kulmi arriti T\u00eb Shtun\u00ebn e Madhe kur p\u00ebrsh\u00ebndetja e ngaz\u00ebllyese: \u201cKrishti u Ngjall! \u2013 V\u00ebrtet u Ngjall!\u201d, u\" \/>\n<meta property=\"og:url\" content=\"https:\/\/orthodoxalbania.org\/2020\/2013\/03\/21\/pashka-ne-tirane-2011\/\" \/>\n<meta property=\"og:site_name\" content=\"Kisha Orthodh\u03bfkse Autoqefale e Shqip\u00ebris\u00eb\" \/>\n<meta property=\"article:publisher\" content=\"https:\/\/www.facebook.com\/koash1991\" \/>\n<meta property=\"article:published_time\" content=\"2013-03-21T09:30:02+00:00\" \/>\n<meta property=\"article:modified_time\" content=\"2020-04-06T20:32:06+00:00\" \/>\n<meta property=\"og:image\" content=\"https:\/\/lh4.googleusercontent.com\/-Rbioj8AY3g0\/VLYX4-6cbwI\/AAAAAAAAKzA\/vm9DC7anZqg\/w448-h298-no\/1.JPG\" \/>\n<meta name=\"author\" content=\"Kisha Orthodhokse\" \/>\n<meta name=\"twitter:card\" content=\"summary_large_image\" \/>\n<meta name=\"twitter:label1\" content=\"Written by\" \/>\n\t<meta name=\"twitter:data1\" content=\"Kisha Orthodhokse\" \/>\n\t<meta name=\"twitter:label2\" content=\"Est. reading time\" \/>\n\t<meta name=\"twitter:data2\" content=\"2 minutes\" \/>\n<script type=\"application\/ld+json\" class=\"yoast-schema-graph\">{\"@context\":\"https:\/\/schema.org\",\"@graph\":[{\"@type\":\"Article\",\"@id\":\"https:\/\/orthodoxalbania.org\/2020\/2013\/03\/21\/pashka-ne-tirane-2011\/#article\",\"isPartOf\":{\"@id\":\"https:\/\/orthodoxalbania.org\/2020\/2013\/03\/21\/pashka-ne-tirane-2011\/\"},\"author\":{\"name\":\"Kisha Orthodhokse\",\"@id\":\"https:\/\/orthodoxalbania.org\/2020\/#\/schema\/person\/0c387634a7063ac612d7ed9ce71c7e86\"},\"headline\":\"Pashka n\u00eb Tiran\u00eb (2011)\",\"datePublished\":\"2013-03-21T09:30:02+00:00\",\"dateModified\":\"2020-04-06T20:32:06+00:00\",\"mainEntityOfPage\":{\"@id\":\"https:\/\/orthodoxalbania.org\/2020\/2013\/03\/21\/pashka-ne-tirane-2011\/\"},\"wordCount\":498,\"commentCount\":0,\"publisher\":{\"@id\":\"https:\/\/orthodoxalbania.org\/2020\/#organization\"},\"image\":{\"@id\":\"https:\/\/orthodoxalbania.org\/2020\/2013\/03\/21\/pashka-ne-tirane-2011\/#primaryimage\"},\"thumbnailUrl\":\"https:\/\/lh4.googleusercontent.com\/-Rbioj8AY3g0\/VLYX4-6cbwI\/AAAAAAAAKzA\/vm9DC7anZqg\/w448-h298-no\/1.JPG\",\"keywords\":[\"2011\",\"Kryepiskopata Tiran\u00eb\",\"Kryepiskopi Anastas\",\"lajme\",\"Pashk\u00eb\"],\"articleSection\":[\"Lajme\"],\"inLanguage\":\"en-US\"},{\"@type\":\"WebPage\",\"@id\":\"https:\/\/orthodoxalbania.org\/2020\/2013\/03\/21\/pashka-ne-tirane-2011\/\",\"url\":\"https:\/\/orthodoxalbania.org\/2020\/2013\/03\/21\/pashka-ne-tirane-2011\/\",\"name\":\"Pashka n\u00eb Tiran\u00eb (2011) - Kisha Orthodh\u03bfkse Autoqefale e Shqip\u00ebris\u00eb\",\"isPartOf\":{\"@id\":\"https:\/\/orthodoxalbania.org\/2020\/#website\"},\"primaryImageOfPage\":{\"@id\":\"https:\/\/orthodoxalbania.org\/2020\/2013\/03\/21\/pashka-ne-tirane-2011\/#primaryimage\"},\"image\":{\"@id\":\"https:\/\/orthodoxalbania.org\/2020\/2013\/03\/21\/pashka-ne-tirane-2011\/#primaryimage\"},\"thumbnailUrl\":\"https:\/\/lh4.googleusercontent.com\/-Rbioj8AY3g0\/VLYX4-6cbwI\/AAAAAAAAKzA\/vm9DC7anZqg\/w448-h298-no\/1.JPG\",\"datePublished\":\"2013-03-21T09:30:02+00:00\",\"dateModified\":\"2020-04-06T20:32:06+00:00\",\"breadcrumb\":{\"@id\":\"https:\/\/orthodoxalbania.org\/2020\/2013\/03\/21\/pashka-ne-tirane-2011\/#breadcrumb\"},\"inLanguage\":\"en-US\",\"potentialAction\":[{\"@type\":\"ReadAction\",\"target\":[\"https:\/\/orthodoxalbania.org\/2020\/2013\/03\/21\/pashka-ne-tirane-2011\/\"]}]},{\"@type\":\"ImageObject\",\"inLanguage\":\"en-US\",\"@id\":\"https:\/\/orthodoxalbania.org\/2020\/2013\/03\/21\/pashka-ne-tirane-2011\/#primaryimage\",\"url\":\"https:\/\/lh4.googleusercontent.com\/-Rbioj8AY3g0\/VLYX4-6cbwI\/AAAAAAAAKzA\/vm9DC7anZqg\/w448-h298-no\/1.JPG\",\"contentUrl\":\"https:\/\/lh4.googleusercontent.com\/-Rbioj8AY3g0\/VLYX4-6cbwI\/AAAAAAAAKzA\/vm9DC7anZqg\/w448-h298-no\/1.JPG\"},{\"@type\":\"BreadcrumbList\",\"@id\":\"https:\/\/orthodoxalbania.org\/2020\/2013\/03\/21\/pashka-ne-tirane-2011\/#breadcrumb\",\"itemListElement\":[{\"@type\":\"ListItem\",\"position\":1,\"name\":\"Home\",\"item\":\"https:\/\/orthodoxalbania.org\/2020\/\"},{\"@type\":\"ListItem\",\"position\":2,\"name\":\"Pashka n\u00eb Tiran\u00eb (2011)\"}]},{\"@type\":\"WebSite\",\"@id\":\"https:\/\/orthodoxalbania.org\/2020\/#website\",\"url\":\"https:\/\/orthodoxalbania.org\/2020\/\",\"name\":\"Kisha Orthodh\u03bfkse Autoqefale e Shqip\u00ebris\u00eb\",\"description\":\"Fqja Zyrtare e Kish\u00ebs Orthodhokse Autoqefale e Shqip\u00ebris\u00eb me lajmet edhe informacionet zyrtare p\u00ebr struktur\u00ebn edhe veprimtarin e saj.\",\"publisher\":{\"@id\":\"https:\/\/orthodoxalbania.org\/2020\/#organization\"},\"potentialAction\":[{\"@type\":\"SearchAction\",\"target\":{\"@type\":\"EntryPoint\",\"urlTemplate\":\"https:\/\/orthodoxalbania.org\/2020\/?s={search_term_string}\"},\"query-input\":{\"@type\":\"PropertyValueSpecification\",\"valueRequired\":true,\"valueName\":\"search_term_string\"}}],\"inLanguage\":\"en-US\"},{\"@type\":\"Organization\",\"@id\":\"https:\/\/orthodoxalbania.org\/2020\/#organization\",\"name\":\"Kisha Orthodhokse Autoqefale e Shqip\u00ebris\u00eb\",\"url\":\"https:\/\/orthodoxalbania.org\/2020\/\",\"logo\":{\"@type\":\"ImageObject\",\"inLanguage\":\"en-US\",\"@id\":\"https:\/\/orthodoxalbania.org\/2020\/#\/schema\/logo\/image\/\",\"url\":\"https:\/\/orthodoxalbania.org\/2020\/wp-content\/uploads\/2020\/05\/albania.jpeg\",\"contentUrl\":\"https:\/\/orthodoxalbania.org\/2020\/wp-content\/uploads\/2020\/05\/albania.jpeg\",\"width\":540,\"height\":540,\"caption\":\"Kisha Orthodhokse Autoqefale e Shqip\u00ebris\u00eb\"},\"image\":{\"@id\":\"https:\/\/orthodoxalbania.org\/2020\/#\/schema\/logo\/image\/\"},\"sameAs\":[\"https:\/\/www.facebook.com\/koash1991\"]},{\"@type\":\"Person\",\"@id\":\"https:\/\/orthodoxalbania.org\/2020\/#\/schema\/person\/0c387634a7063ac612d7ed9ce71c7e86\",\"name\":\"Kisha Orthodhokse\",\"image\":{\"@type\":\"ImageObject\",\"inLanguage\":\"en-US\",\"@id\":\"https:\/\/secure.gravatar.com\/avatar\/596e7c417251e30f2fbb9c00e026fce61a695a00e51c889caded71c96cbbdde5?s=96&d=mm&r=g\",\"url\":\"https:\/\/secure.gravatar.com\/avatar\/596e7c417251e30f2fbb9c00e026fce61a695a00e51c889caded71c96cbbdde5?s=96&d=mm&r=g\",\"contentUrl\":\"https:\/\/secure.gravatar.com\/avatar\/596e7c417251e30f2fbb9c00e026fce61a695a00e51c889caded71c96cbbdde5?s=96&d=mm&r=g\",\"caption\":\"Kisha Orthodhokse\"}}]}<\/script>\n<!-- \/ Yoast SEO plugin. -->","yoast_head_json":{"title":"Pashka n\u00eb Tiran\u00eb (2011) - Kisha Orthodh\u03bfkse Autoqefale e Shqip\u00ebris\u00eb","robots":{"index":"index","follow":"follow","max-snippet":"max-snippet:-1","max-image-preview":"max-image-preview:large","max-video-preview":"max-video-preview:-1"},"canonical":"https:\/\/orthodoxalbania.org\/2020\/2013\/03\/21\/pashka-ne-tirane-2011\/","og_locale":"en_US","og_type":"article","og_title":"Pashka n\u00eb Tiran\u00eb (2011) - Kisha Orthodh\u03bfkse Autoqefale e Shqip\u00ebris\u00eb","og_description":"&nbsp;&nbsp;&nbsp; \u00c7do dit\u00eb e Jav\u00ebs s\u00eb Madhe ishte nj\u00eb emocion m\u00eb vete n\u00eb kish\u00ebn&nbsp;e Ungjill\u00ebzimit, ku sh\u00ebrbesat u kryesuan nga Kryepiskopi Anastas, i ndihmuar nga&nbsp;Episkop\u00ebt ndihm\u00ebs dhe klerik\u00ebt e Kryepiskopat\u00ebs s\u00eb Shenjt\u00eb. Gjat\u00eb tyre u p\u00ebrcoll\u00ebn edhe&nbsp; mesazhe dhe k\u00ebshilla shpirt\u00ebrore, t\u00eb lidhura me dit\u00ebt e ve\u00e7anta. Kulmi arriti T\u00eb Shtun\u00ebn e Madhe kur p\u00ebrsh\u00ebndetja e ngaz\u00ebllyese: \u201cKrishti u Ngjall! \u2013 V\u00ebrtet u Ngjall!\u201d, u","og_url":"https:\/\/orthodoxalbania.org\/2020\/2013\/03\/21\/pashka-ne-tirane-2011\/","og_site_name":"Kisha Orthodh\u03bfkse Autoqefale e Shqip\u00ebris\u00eb","article_publisher":"https:\/\/www.facebook.com\/koash1991","article_published_time":"2013-03-21T09:30:02+00:00","article_modified_time":"2020-04-06T20:32:06+00:00","og_image":[{"url":"https:\/\/lh4.googleusercontent.com\/-Rbioj8AY3g0\/VLYX4-6cbwI\/AAAAAAAAKzA\/vm9DC7anZqg\/w448-h298-no\/1.JPG","type":"","width":"","height":""}],"author":"Kisha Orthodhokse","twitter_card":"summary_large_image","twitter_misc":{"Written by":"Kisha Orthodhokse","Est. reading time":"2 minutes"},"schema":{"@context":"https:\/\/schema.org","@graph":[{"@type":"Article","@id":"https:\/\/orthodoxalbania.org\/2020\/2013\/03\/21\/pashka-ne-tirane-2011\/#article","isPartOf":{"@id":"https:\/\/orthodoxalbania.org\/2020\/2013\/03\/21\/pashka-ne-tirane-2011\/"},"author":{"name":"Kisha Orthodhokse","@id":"https:\/\/orthodoxalbania.org\/2020\/#\/schema\/person\/0c387634a7063ac612d7ed9ce71c7e86"},"headline":"Pashka n\u00eb Tiran\u00eb (2011)","datePublished":"2013-03-21T09:30:02+00:00","dateModified":"2020-04-06T20:32:06+00:00","mainEntityOfPage":{"@id":"https:\/\/orthodoxalbania.org\/2020\/2013\/03\/21\/pashka-ne-tirane-2011\/"},"wordCount":498,"commentCount":0,"publisher":{"@id":"https:\/\/orthodoxalbania.org\/2020\/#organization"},"image":{"@id":"https:\/\/orthodoxalbania.org\/2020\/2013\/03\/21\/pashka-ne-tirane-2011\/#primaryimage"},"thumbnailUrl":"https:\/\/lh4.googleusercontent.com\/-Rbioj8AY3g0\/VLYX4-6cbwI\/AAAAAAAAKzA\/vm9DC7anZqg\/w448-h298-no\/1.JPG","keywords":["2011","Kryepiskopata Tiran\u00eb","Kryepiskopi Anastas","lajme","Pashk\u00eb"],"articleSection":["Lajme"],"inLanguage":"en-US"},{"@type":"WebPage","@id":"https:\/\/orthodoxalbania.org\/2020\/2013\/03\/21\/pashka-ne-tirane-2011\/","url":"https:\/\/orthodoxalbania.org\/2020\/2013\/03\/21\/pashka-ne-tirane-2011\/","name":"Pashka n\u00eb Tiran\u00eb (2011) - Kisha Orthodh\u03bfkse Autoqefale e Shqip\u00ebris\u00eb","isPartOf":{"@id":"https:\/\/orthodoxalbania.org\/2020\/#website"},"primaryImageOfPage":{"@id":"https:\/\/orthodoxalbania.org\/2020\/2013\/03\/21\/pashka-ne-tirane-2011\/#primaryimage"},"image":{"@id":"https:\/\/orthodoxalbania.org\/2020\/2013\/03\/21\/pashka-ne-tirane-2011\/#primaryimage"},"thumbnailUrl":"https:\/\/lh4.googleusercontent.com\/-Rbioj8AY3g0\/VLYX4-6cbwI\/AAAAAAAAKzA\/vm9DC7anZqg\/w448-h298-no\/1.JPG","datePublished":"2013-03-21T09:30:02+00:00","dateModified":"2020-04-06T20:32:06+00:00","breadcrumb":{"@id":"https:\/\/orthodoxalbania.org\/2020\/2013\/03\/21\/pashka-ne-tirane-2011\/#breadcrumb"},"inLanguage":"en-US","potentialAction":[{"@type":"ReadAction","target":["https:\/\/orthodoxalbania.org\/2020\/2013\/03\/21\/pashka-ne-tirane-2011\/"]}]},{"@type":"ImageObject","inLanguage":"en-US","@id":"https:\/\/orthodoxalbania.org\/2020\/2013\/03\/21\/pashka-ne-tirane-2011\/#primaryimage","url":"https:\/\/lh4.googleusercontent.com\/-Rbioj8AY3g0\/VLYX4-6cbwI\/AAAAAAAAKzA\/vm9DC7anZqg\/w448-h298-no\/1.JPG","contentUrl":"https:\/\/lh4.googleusercontent.com\/-Rbioj8AY3g0\/VLYX4-6cbwI\/AAAAAAAAKzA\/vm9DC7anZqg\/w448-h298-no\/1.JPG"},{"@type":"BreadcrumbList","@id":"https:\/\/orthodoxalbania.org\/2020\/2013\/03\/21\/pashka-ne-tirane-2011\/#breadcrumb","itemListElement":[{"@type":"ListItem","position":1,"name":"Home","item":"https:\/\/orthodoxalbania.org\/2020\/"},{"@type":"ListItem","position":2,"name":"Pashka n\u00eb Tiran\u00eb (2011)"}]},{"@type":"WebSite","@id":"https:\/\/orthodoxalbania.org\/2020\/#website","url":"https:\/\/orthodoxalbania.org\/2020\/","name":"Kisha Orthodh\u03bfkse Autoqefale e Shqip\u00ebris\u00eb","description":"Fqja Zyrtare e Kish\u00ebs Orthodhokse Autoqefale e Shqip\u00ebris\u00eb me lajmet edhe informacionet zyrtare p\u00ebr struktur\u00ebn edhe veprimtarin e saj.","publisher":{"@id":"https:\/\/orthodoxalbania.org\/2020\/#organization"},"potentialAction":[{"@type":"SearchAction","target":{"@type":"EntryPoint","urlTemplate":"https:\/\/orthodoxalbania.org\/2020\/?s={search_term_string}"},"query-input":{"@type":"PropertyValueSpecification","valueRequired":true,"valueName":"search_term_string"}}],"inLanguage":"en-US"},{"@type":"Organization","@id":"https:\/\/orthodoxalbania.org\/2020\/#organization","name":"Kisha Orthodhokse Autoqefale e Shqip\u00ebris\u00eb","url":"https:\/\/orthodoxalbania.org\/2020\/","logo":{"@type":"ImageObject","inLanguage":"en-US","@id":"https:\/\/orthodoxalbania.org\/2020\/#\/schema\/logo\/image\/","url":"https:\/\/orthodoxalbania.org\/2020\/wp-content\/uploads\/2020\/05\/albania.jpeg","contentUrl":"https:\/\/orthodoxalbania.org\/2020\/wp-content\/uploads\/2020\/05\/albania.jpeg","width":540,"height":540,"caption":"Kisha Orthodhokse Autoqefale e Shqip\u00ebris\u00eb"},"image":{"@id":"https:\/\/orthodoxalbania.org\/2020\/#\/schema\/logo\/image\/"},"sameAs":["https:\/\/www.facebook.com\/koash1991"]},{"@type":"Person","@id":"https:\/\/orthodoxalbania.org\/2020\/#\/schema\/person\/0c387634a7063ac612d7ed9ce71c7e86","name":"Kisha Orthodhokse","image":{"@type":"ImageObject","inLanguage":"en-US","@id":"https:\/\/secure.gravatar.com\/avatar\/596e7c417251e30f2fbb9c00e026fce61a695a00e51c889caded71c96cbbdde5?s=96&d=mm&r=g","url":"https:\/\/secure.gravatar.com\/avatar\/596e7c417251e30f2fbb9c00e026fce61a695a00e51c889caded71c96cbbdde5?s=96&d=mm&r=g","contentUrl":"https:\/\/secure.gravatar.com\/avatar\/596e7c417251e30f2fbb9c00e026fce61a695a00e51c889caded71c96cbbdde5?s=96&d=mm&r=g","caption":"Kisha Orthodhokse"}}]}},"_links":{"self":[{"href":"https:\/\/orthodoxalbania.org\/2020\/wp-json\/wp\/v2\/posts\/1065","targetHints":{"allow":["GET"]}}],"collection":[{"href":"https:\/\/orthodoxalbania.org\/2020\/wp-json\/wp\/v2\/posts"}],"about":[{"href":"https:\/\/orthodoxalbania.org\/2020\/wp-json\/wp\/v2\/types\/post"}],"author":[{"embeddable":true,"href":"https:\/\/orthodoxalbania.org\/2020\/wp-json\/wp\/v2\/users\/1"}],"replies":[{"embeddable":true,"href":"https:\/\/orthodoxalbania.org\/2020\/wp-json\/wp\/v2\/comments?post=1065"}],"version-history":[{"count":1,"href":"https:\/\/orthodoxalbania.org\/2020\/wp-json\/wp\/v2\/posts\/1065\/revisions"}],"predecessor-version":[{"id":15397,"href":"https:\/\/orthodoxalbania.org\/2020\/wp-json\/wp\/v2\/posts\/1065\/revisions\/15397"}],"wp:attachment":[{"href":"https:\/\/orthodoxalbania.org\/2020\/wp-json\/wp\/v2\/media?parent=1065"}],"wp:term":[{"taxonomy":"category","embeddable":true,"href":"https:\/\/orthodoxalbania.org\/2020\/wp-json\/wp\/v2\/categories?post=1065"},{"taxonomy":"post_tag","embeddable":true,"href":"https:\/\/orthodoxalbania.org\/2020\/wp-json\/wp\/v2\/tags?post=1065"}],"curies":[{"name":"wp","href":"https:\/\/api.w.org\/{rel}","templated":true}]}}