{"id":1064,"date":"2013-03-21T10:40:51","date_gmt":"2013-03-21T10:40:51","guid":{"rendered":""},"modified":"2020-04-06T22:06:06","modified_gmt":"2020-04-06T20:06:06","slug":"pashka-ne-korce","status":"publish","type":"post","link":"https:\/\/orthodoxalbania.org\/2020\/2013\/03\/21\/pashka-ne-korce\/","title":{"rendered":"Pashka n\u00eb Kor\u00e7\u00eb. (Prill 2012)"},"content":{"rendered":"<div><span style=\"color: #000000;\"><span style=\"font-family: tahoma,geneva,sans-serif;\"><span style=\"font-size: 12px;\"><img decoding=\"async\" class=\"lazyload HAa Eha\" style=\"height: 200px; width: 300px; border-width: 1px; border-style: solid; margin: 10px; float: left;\" alt=\"\" src=\"data:image\/gif;base64,R0lGODlhAQABAAAAACH5BAEKAAEALAAAAAABAAEAAAICTAEAOw==\" data-orig-src=\"https:\/\/lh4.googleusercontent.com\/--jBGFXYrZ8g\/U_sk5EfwEaI\/AAAAAAAABDI\/Xcd3D-gEcK8\/w600-h399-no\/k1.jpg\" \/>&nbsp; &nbsp;<\/span><\/span><\/span><strong><span style=\"color: #b22222;\"><span style=\"font-family: tahoma,geneva,sans-serif;\"><span style=\"font-size: 12px;\"> <span style=\"text-align: justify;\">\u201c Kjo \u00ebsht\u00eb dita q\u00eb b\u00ebri Zoti; le t\u00eb ngaz\u00ebllohemi dhe le t\u00eb d\u00ebfrejm\u00eb n\u00eb t\u00eb! &#8220;<\/span><\/span><\/span><\/span><\/strong><\/div>\n<div>&nbsp;<\/div>\n<div class=\"MsoNormal\" style=\"text-align: justify;\"><span style=\"color: #000000;\"><span style=\"font-family: tahoma,geneva,sans-serif;\"><span style=\"font-size: 12px;\"><span>&nbsp;&nbsp;&nbsp; Kur bie kambana e s\u00eb Diel\u00ebs s\u00eb Dafinave, e cila p\u00ebrb\u00ebn dhe ur\u00ebn lidh\u00ebse nd\u00ebrmjet Kreshm\u00ebs s\u00eb Madhe dhe Jav\u00ebs s\u00eb Madhe, t\u00eb gjith\u00eb besimtar\u00ebt&nbsp; orthodhoks\u00eb, e ve\u00e7an\u00ebrisht ata kor\u00e7ar\u00eb ndiejn\u00eb atmosfer\u00ebn e dit\u00ebve t\u00eb Jav\u00ebs s\u00eb Madhe. <\/span><\/span><\/span><\/span><\/div>\n<div class=\"MsoNormal\" style=\"text-align: justify;\">&nbsp;<\/div>\n<div class=\"MsoNormal\" style=\"text-align: justify;\"><span style=\"color: #000000;\"><span style=\"font-family: tahoma,geneva,sans-serif;\"><span style=\"font-size: 12px;\"><span>&nbsp;&nbsp;&nbsp; T\u00eb M\u00ebrkur\u00ebn e Madhe, gjat\u00eb Misterit t\u00eb Efqelis\u00eb, t\u00eb gjith\u00eb besimtar\u00ebt me&nbsp; g\u00ebzim, d\u00ebshir\u00eb dhe shpres\u00eb prisnin&nbsp; t\u00eb shijonin frytin e k\u00ebtij misteri q\u00eb ofrohet n\u00ebp\u00ebrmjet shenj\u00ebs s\u00eb dukshme t\u00eb vajit, nga t\u00eb gjith\u00eb&nbsp; klerik\u00ebt e mitopolis\u00eb.<\/span><\/span><\/span><\/span><\/div>\n<div class=\"MsoNormal\" style=\"text-align: justify;\">&nbsp;<\/div>\n<div class=\"MsoNormal\" style=\"text-align: justify;\"><span style=\"color: #000000;\"><span style=\"font-family: tahoma,geneva,sans-serif;\"><span style=\"font-size: 12px;\"><span>&nbsp;&nbsp;&nbsp; T\u00eb Enjten e Madhe t\u00eb gjith\u00eb besimtar\u00ebt p\u00ebrjetuan me dhembje e vet\u00ebnd\u00ebrgjegj\u00ebsim, ndjesi t\u00eb m\u00ebkatit q\u00eb ka pushtuar secilin, n\u00eb ngjarjen e dhimbshme t\u00eb kryq\u00ebzimit t\u00eb Krishtit. Zemra e secilit vuante bashk\u00eb me Jisuin dhe d\u00ebrrmohej e kryq\u00ebzohej bashk\u00eb me T\u00eb. <\/span><\/span><\/span><\/span><\/div>\n<div class=\"MsoNormal\" style=\"text-align: justify;\">&nbsp;<\/div>\n<div class=\"MsoNormal\" style=\"text-align: justify;\"><span style=\"color: #000000;\"><span style=\"font-family: tahoma,geneva,sans-serif;\"><span style=\"font-size: 12px;\"><span>&nbsp;&nbsp;&nbsp; T\u00eb Premten e Zez\u00eb, n\u00eb \u00e7astin kur Krishti zbritet nga kryqi kambanat bien vajtuesh\u00ebm dhe t\u00eb gjith\u00eb besimtar\u00ebt shkojn\u00eb dhe i p\u00ebrulen Krishtit t\u00eb vdekur n\u00eb epitafet e t\u00eb gjitha enorive. Kjo dit\u00eb mbyllet me Vajtimet&nbsp; e P\u00ebrmbivar\u00ebshme dhe takimin e t\u00eb kat\u00ebr epitafeve n\u00eb qend\u00ebr t\u00eb Kor\u00e7\u00ebs, nga ku, n\u00ebn tingujt funeb\u00ebr&nbsp; t\u00eb stanc\u00ebs s\u00eb tret\u00eb t\u00eb vajtimeve,t\u00eb cilat krijonte banda e qytetit, me mij\u00ebra e mij\u00ebra orthodhoks\u00eb, por dhe t\u00eb besimeve t\u00eb tjera, shoq\u00ebrojn\u00eb Epitafet n\u00eb udh\u00ebtimin e tyre p\u00ebrgjat\u00eb rrug\u00ebve kruesore. T\u00eb duket sikur gjith\u00eb qyteti ka dal\u00eb p\u00ebr t\u00eb ndjekur sh\u00ebrbes\u00ebn. <\/span><\/span><\/span><\/span><\/div>\n<div class=\"MsoNormal\" style=\"text-align: justify;\">&nbsp;<\/div>\n<div class=\"MsoNormal\" style=\"text-align: justify;\"><span style=\"color: #000000;\"><span style=\"font-family: tahoma,geneva,sans-serif;\"><span style=\"font-size: 12px;\"><span>&nbsp;&nbsp;&nbsp; E Shtuna e Madhe filloi&nbsp; n\u00eb m\u00ebngjes me pjes\u00ebmarrjen e shum\u00eb besimtar\u00ebve Liturgjin\u00eb Hyjnore e n\u00eb Misterin e Kungimit dhe vazhdoi me nj\u00eb pritje t\u00eb heshtur deri n\u00eb mbr\u00ebmje ku, pavar\u00ebsisht t\u00eb ftohtit dhe shiut t\u00eb leht\u00eb, besimtar\u00ebt u mblodh\u00ebn n\u00eb t\u00eb gjitha kishat e kryesisht n\u00eb sheshin qendror t\u00eb qytetit, para&nbsp; Katedrales Ngjallja e Krishtit, duke pritur Lajmin e G\u00ebzuar. Drita e Shenjt\u00ebruar ndri\u00e7oi mjedisin brenda dhe jasht\u00eb Kish\u00ebs, duke paralajm\u00ebruar zemrat tona p\u00ebr \u00e7astin e Ngjalljes.&nbsp; <\/span><\/span><\/span><\/span><\/div>\n<div class=\"MsoNormal\" style=\"text-align: justify;\">&nbsp;<\/div>\n<div class=\"MsoNormal\" style=\"text-align: justify;\"><span style=\"color: #000000;\"><span style=\"font-family: tahoma,geneva,sans-serif;\"><span style=\"font-size: 12px;\"><span>&nbsp;&nbsp;&nbsp; Nj\u00eb nderim t\u00eb ve\u00e7ant\u00eb p\u00ebrb\u00ebnte dhe pjes\u00ebmarrja e Presidentit t\u00eb Republik\u00ebs z Bamir Topi n\u00eb Sh\u00ebrbes\u00ebn e Ngjalljes.&nbsp; <\/span><\/span><\/span><\/span><\/div>\n<div class=\"MsoNormal\" style=\"text-align: justify;\">&nbsp;<\/div>\n<div class=\"MsoNormal\" style=\"text-align: justify;\"><span style=\"color: #000000;\"><span style=\"font-family: tahoma,geneva,sans-serif;\"><span style=\"font-size: 12px;\"><span>&nbsp;&nbsp;&nbsp; Mitropoliti i Kor\u00e7\u00ebs Hir\u00ebsia e Tij Joani shpalli lajmin e g\u00ebzuar t\u00eb Ngjalljes dhe t\u00eb gjith\u00eb me nj\u00eb z\u00eb p\u00ebrs\u00ebrit\u00ebn duke psalur \u201cKrishti u Ngjall s\u00eb vdekurish me vdekjen, vdekjen shkeli&#8230;&#8230;\u201d. <\/span><\/span><\/span><\/span><\/div>\n<div class=\"MsoNormal\" style=\"text-align: justify;\">&nbsp;<\/div>\n<div class=\"MsoNormal\" style=\"text-align: justify;\"><span style=\"color: #000000;\"><span style=\"font-family: tahoma,geneva,sans-serif;\"><span style=\"font-size: 12px;\"><span>&nbsp;&nbsp;&nbsp; N\u00eb urimin e tij Hir\u00ebsi Joani tha nd\u00ebr t\u00eb tjera se: \u201cT\u00eb gjitha k\u00ebndimet e fest\u00ebs&nbsp; s\u00eb Pashk\u00ebs dhe kremtimi i saj p\u00ebrshkohen nga g\u00ebzimi dhe ngaz\u00ebllimi. Madje dhe q\u00ebllimi i k\u00ebtij kremtimi \u00ebsht\u00eb pik\u00ebrisht p\u00ebr t\u00eb zbuluar&nbsp; dhe p\u00ebr t\u00eb p\u00ebrjetuar k\u00ebt\u00eb g\u00ebzim, q\u00eb i jep qenies njer\u00ebzore dimensinonin e saj t\u00eb plot\u00eb. Dhe ky g\u00ebzim vjen nga ajo jet\u00eb e re q\u00eb Ngjallja e Zotit solli n\u00eb t\u00eb gjith\u00eb krijimin dhe n\u00eb \u00e7do jet\u00eb t\u00eb ve\u00e7ant\u00eb. Sepse jeta e re dhe e plot\u00eb n\u00eb Zotin \u00ebsht\u00eb me t\u00eb v\u00ebrtet\u00eb nj\u00eb g\u00ebzim dhe ngaz\u00ebllim i madh dhe e mbush zemr\u00ebn dhe shpirtin e njeriut me drit\u00eb. <\/span><\/span><\/span><\/span><\/div>\n<div class=\"MsoNormal\" style=\"text-align: justify;\">&nbsp;<\/div>\n<div class=\"MsoNormal\" style=\"text-align: justify;\"><span style=\"color: #000000;\"><span style=\"font-family: tahoma,geneva,sans-serif;\"><span style=\"font-size: 12px;\"><span>&nbsp;&nbsp;&nbsp; Pa dyshim q\u00eb ne jemi t\u00eb vet\u00ebdijsh\u00ebm q\u00eb bota e sotme p\u00ebrballet me probleme t\u00eb m\u00ebdha ekonomike, morale dhe sociale&#8230;.Ky realitet i mbushur me v\u00ebshtir\u00ebsi duket sikur nuk jep shpres\u00eb dhe arsye p\u00ebr g\u00ebzim dhe duket sikur kremtimi i g\u00ebzuar i Pashk\u00ebs \u00ebsht\u00eb jasht\u00eb realitetit t\u00eb p\u00ebrditsh\u00ebm.<\/span><\/span><\/span><\/span><\/div>\n<div class=\"MsoNormal\" style=\"text-align: justify;\">&nbsp;<\/div>\n<div class=\"MsoNormal\" style=\"text-align: justify;\"><span style=\"color: #000000;\"><span style=\"font-family: tahoma,geneva,sans-serif;\"><span style=\"font-size: 12px;\"><span>&nbsp;&nbsp;&nbsp; Por kisha p\u00ebrs\u00ebri na fton t\u00eb marrim pjes\u00eb n\u00eb drit\u00ebn e Ngjalljes s\u00eb Krishtit, p\u00ebr t\u00eb p\u00ebrjetuar g\u00ebzimin q\u00eb vjen nga kjo drit\u00eb, p\u00ebr t\u00eb ndjer\u00eb gjall\u00ebrisht ngaz\u00ebllimin e pap\u00ebrshkruar t\u00eb k\u00ebsaj ngjarje, sepse vet\u00ebm n\u00ebp\u00ebrmjet k\u00ebtij p\u00ebrjetimi ne mund t\u00eb \u00e7lirohemi t\u00ebr\u00ebsisht nga rob\u00ebrimi i frik\u00ebs, pasiguris\u00eb, s\u00ebmundjes dhe vet\u00eb vdekjes. Sot m\u00eb shum\u00eb se kurr\u00eb ne kemi nevoj\u00eb p\u00ebr drit\u00ebn, g\u00ebzimin dhe shpres\u00ebn q\u00eb sjell Pashka. Madje drita b\u00ebhet akoma m\u00eb e nevojshme kur jemi n\u00eb err\u00ebsir\u00eb, g\u00ebzimi kur jemi n\u00eb ankth dhe shpresa kur jemi t\u00eb mb\u00ebrthyer nga d\u00ebshp\u00ebrimi. Duke mundur vdekjen, n\u00ebp\u00ebrmjet kryq\u00ebzimit dhe ngjalljes, Krishti u b\u00eb vendi i t\u00eb gjall\u00ebve, vendi i g\u00ebzimit, vendi i shpres\u00ebs dhe i siguris\u00eb- vendi i shpresuar dhe i \u00ebnd\u00ebrruar nga t\u00eb gjith\u00eb popujt, gjat\u00eb gjith\u00eb historis\u00eb mij\u00ebravje\u00e7are t\u00eb njer\u00ebzimit.<\/span><\/span><\/span><\/span><\/div>\n<div class=\"MsoNormal\" style=\"text-align: justify;\">&nbsp;<\/div>\n<div class=\"MsoNormal\" style=\"text-align: justify;\"><span style=\"color: #000000;\"><span style=\"font-family: tahoma,geneva,sans-serif;\"><span style=\"font-size: 12px;\"><span>&nbsp;&nbsp;&nbsp; T\u00eb dashur v\u00ebllez\u00ebr e motra. Kjo \u00ebsht\u00eb me t\u00eb v\u00ebrtet\u00eb nj\u00eb dit\u00eb g\u00ebzimi dhe ngaz\u00ebllimi. N\u00eb k\u00ebt\u00eb dit\u00eb le t\u2019i hapim zemrat tona ndaj k\u00ebtij lajmi t\u00eb g\u00ebzuar, sepse vet\u00ebm k\u00ebshtu mund t\u00eb kuptojm\u00eb dhe mund t\u00eb p\u00ebrjetojm\u00eb se err\u00ebsira, d\u00ebshp\u00ebrimi, pasiguria, madje edhe vet\u00eb vdekja, u mund\u00ebn dhe se gjith\u00e7ka q\u00eb e frik\u00ebsonte njer\u00ebzimin u venit nga drita dhe dashuria e Krishtit&#8230;\u201d <\/span><\/span><\/span><\/span><\/div>\n<div class=\"MsoNormal\" style=\"text-align: justify;\">&nbsp;<\/div>\n<div class=\"MsoNormal\" style=\"text-align: justify;\"><span style=\"color: #000000;\"><span style=\"font-family: tahoma,geneva,sans-serif;\"><span style=\"font-size: 12px;\"><span>&nbsp;&nbsp;&nbsp; Festimet&nbsp; e Pashk\u00ebs u plot\u00ebsuan me Mbr\u00ebm\u00ebsoren e Dashuris\u00eb, q\u00eb u mbajt si gjithmon\u00eb t\u00eb Diel\u00ebn n\u00eb m\u00ebngjes, por dhe nga vizitat e besimtar\u00ebve, p\u00ebrfaq\u00ebsuesve t\u00eb pushtetit lokal, e qendror,&nbsp; p\u00ebrfaq\u00ebsuesve t\u00eb besimeve t\u00eb tjera, njer\u00ebzve t\u00eb artit dhe t\u00eb kultur\u00ebs, t\u00eb bot\u00ebs akademike etj., q\u00eb tradicionalisht nuk mungojn\u00eb \u00e7do vit.<\/span><\/span><\/span><\/span><\/div>\n<div class=\"MsoNormal\" style=\"text-align: justify;\">&nbsp;<\/div>\n<div class=\"MsoNormal\" style=\"text-align: justify;\"><span style=\"color: #000000;\"><span style=\"font-family: tahoma,geneva,sans-serif;\"><span style=\"font-size: 12px;\"><span>&nbsp;&nbsp;&nbsp; E ve\u00e7ant\u00eb ishte vizita e urimit e Presidentit Topi. Ai u prit p\u00ebrzem\u00ebrsisht nga Hir\u00ebsi Joani, si dhe klerik\u00eb e besimtar\u00eb kor\u00e7ar\u00eb.<\/span><\/span><\/span><\/span><\/div>\n<div class=\"MsoNormal\" style=\"text-align: justify;\">&nbsp;<\/div>\n<div class=\"MsoNormal\" style=\"text-align: justify;\"><span style=\"color: #000000;\"><span style=\"font-family: tahoma,geneva,sans-serif;\"><span style=\"font-size: 12px;\"><span>&nbsp;&nbsp;&nbsp; Me k\u00ebt\u00eb rast, Kryetari i Shtetit shprehu urimet m\u00eb t\u00eb ngrohta e t\u00eb p\u00ebrzem\u00ebrta p\u00ebr t\u00eb gjith\u00eb besimtar\u00ebt shqiptar\u00eb n\u00eb dit\u00ebn e festimit t\u00eb Pashk\u00ebve ortodokse, duke theksuar se n\u00ebp\u00ebrmjet festimit t\u00eb Pashk\u00ebs, ngjarjes m\u00eb solemne dhe m\u00eb t\u00eb nderuar t\u00eb Kish\u00ebs, jepen mesazhe t\u00eb r\u00ebnd\u00ebsishme t\u00eb vlerave t\u00eb patjet\u00ebrsueshme t\u00eb jet\u00ebs njer\u00ebzore, jo vet\u00ebm p\u00ebr m\u00eb shum\u00eb shpres\u00eb dhe toleranc\u00eb me nj\u00ebri-tjetrin, por dhe p\u00ebr m\u00eb shum\u00eb besim te realizimi i aspirat\u00ebs integruese evropiane t\u00eb shqiptar\u00ebve.<\/span><\/span><\/span><\/span><\/div>\n<div class=\"MsoNormal\" style=\"text-align: justify;\"> <span style=\"color: #000000;\"><span style=\"font-family: tahoma,geneva,sans-serif;\"><span style=\"font-size: 12px;\">&nbsp;&nbsp;&nbsp; <span> Nga ana e tij, Mitropoliti, Hir\u00ebsi Joani, pasi shprehu mir\u00ebnjohje p\u00ebr vizit\u00ebn, n\u00ebnvizoi mes t\u00eb tjerash se \u201cKremtimi i Pashk\u00ebs, i t\u00eb v\u00ebrtet\u00ebs themelore t\u00eb besimit t\u00eb krishter\u00eb, e cila p\u00ebrkujton Ngjalljen e Jisu Krishtit, tregon se Zoti e mundi vdekjen duke risjell\u00eb jet\u00ebn, duke b\u00ebr\u00eb q\u00eb g\u00ebzimi e shpresa t\u00eb jen\u00eb p\u00ebrs\u00ebri pjes\u00eb e njer\u00ebzve\u201d.&nbsp;<\/span><\/span><\/span><\/span><\/div>\n<div class=\"MsoNormal\" style=\"text-align: justify;\">&nbsp;<\/div>\n<div class=\"MsoNormal\" style=\"text-align: justify;\">&nbsp;<\/div>\n<div class=\"MsoNormal\" style=\"text-align: right;\"><span style=\"color: #000000;\"><span style=\"font-family: tahoma,geneva,sans-serif;\"><span style=\"font-size: 12px;\"><strong><span>Themistokli Bambulla<\/span><\/strong><\/span><\/span><\/span><\/div>\n<div class=\"MsoNormal\" style=\"text-align: justify;\">&nbsp;<\/div>\n<div class=\"MsoNormal\" style=\"text-align: justify;\">&nbsp;<\/div>\n<table border=\"1\">\n<tbody>\n<tr>\n<td>\n<div><span style=\"color: #000000;\"><span style=\"font-family: tahoma,geneva,sans-serif;\"><span style=\"font-size: 12px;\"><img decoding=\"async\" class=\"lazyload HAa Eha\" style=\"height: 200px; width: 299px; border-width: 1px; border-style: solid; margin: 10px;\" alt=\"\" src=\"data:image\/gif;base64,R0lGODlhAQABAAAAACH5BAEKAAEALAAAAAABAAEAAAICTAEAOw==\" data-orig-src=\"https:\/\/lh3.googleusercontent.com\/-kvNf22x5Iig\/U_sk5Z3ga8I\/AAAAAAAABDE\/92AOAU9w-jE\/w600-h401-no\/k2.jpg\" \/><\/span><\/span><\/span><\/div>\n<\/td>\n<td>\n<div><span style=\"color: #000000;\"><span style=\"font-family: tahoma,geneva,sans-serif;\"><span style=\"font-size: 12px;\"><img decoding=\"async\" class=\"lazyload HAa Eha\" style=\"height: 200px; width: 300px; border-width: 1px; border-style: solid; margin: 10px;\" alt=\"\" src=\"data:image\/gif;base64,R0lGODlhAQABAAAAACH5BAEKAAEALAAAAAABAAEAAAICTAEAOw==\" data-orig-src=\"https:\/\/lh3.googleusercontent.com\/-OyQnEU3FTOw\/U_sk5dNK6QI\/AAAAAAAABCc\/tkNCCVItT7Q\/w600-h399-no\/k3.jpg\" \/><\/span><\/span><\/span><\/div>\n<\/td>\n<\/tr>\n<tr>\n<td>\n<div><span style=\"color: #000000;\"><span style=\"font-family: tahoma,geneva,sans-serif;\"><span style=\"font-size: 12px;\"><img decoding=\"async\" class=\"lazyload HAa Eha\" style=\"height: 200px; width: 300px; border-width: 1px; border-style: solid; margin: 10px;\" alt=\"\" src=\"data:image\/gif;base64,R0lGODlhAQABAAAAACH5BAEKAAEALAAAAAABAAEAAAICTAEAOw==\" data-orig-src=\"https:\/\/lh6.googleusercontent.com\/-BZ91QB-ogus\/U_sk53iejtI\/AAAAAAAABC8\/aEE9s9WxV34\/w958-h644-no\/k4.jpg\" \/><\/span><\/span><\/span><\/div>\n<\/td>\n<td>\n<div><span style=\"color: #000000;\"><span style=\"font-family: tahoma,geneva,sans-serif;\"><span style=\"font-size: 12px;\"><img decoding=\"async\" class=\"lazyload HAa Eha\" style=\"width: 300px; height: 199px; border-width: 1px; border-style: solid; margin: 10px;\" alt=\"\" src=\"data:image\/gif;base64,R0lGODlhAQABAAAAACH5BAEKAAEALAAAAAABAAEAAAICTAEAOw==\" data-orig-src=\"https:\/\/lh4.googleusercontent.com\/-yeXR8ZW7dY4\/U_sk6GT_0eI\/AAAAAAAABDM\/vR2xF3bhDjs\/w843-h823-no\/k5.jpg\" \/><\/span><\/span><\/span><\/div>\n<\/td>\n<\/tr>\n<tr>\n<td>\n<div><span style=\"color: #000000;\"><span style=\"font-family: tahoma,geneva,sans-serif;\"><span style=\"font-size: 12px;\"><img decoding=\"async\" class=\"lazyload HAa Eha\" style=\"height: 213px; width: 300px; border-width: 1px; border-style: solid; margin: 10px;\" alt=\"\" src=\"data:image\/gif;base64,R0lGODlhAQABAAAAACH5BAEKAAEALAAAAAABAAEAAAICTAEAOw==\" data-orig-src=\"https:\/\/lh5.googleusercontent.com\/-joo5o_jF8mo\/U_sk6drfoBI\/AAAAAAAABCk\/zGqF-fmLhpI\/w958-h680-no\/k6.jpg\" \/><\/span><\/span><\/span><\/div>\n<\/td>\n<td>\n<div><span style=\"color: #000000;\"><span style=\"font-family: tahoma,geneva,sans-serif;\"><span style=\"font-size: 12px;\"><img decoding=\"async\" class=\"lazyload HAa Eha\" style=\"width: 300px; height: 209px; border-width: 1px; border-style: solid; margin: 10px;\" alt=\"\" src=\"data:image\/gif;base64,R0lGODlhAQABAAAAACH5BAEKAAEALAAAAAABAAEAAAICTAEAOw==\" data-orig-src=\"https:\/\/lh3.googleusercontent.com\/-oYCusfY8D2g\/U_sk608Gq3I\/AAAAAAAABCw\/5VZFjQizDvg\/w958-h568-no\/k7.jpg\" \/><\/span><\/span><\/span><\/div>\n<\/td>\n<\/tr>\n<tr>\n<td>\n<div><span style=\"color: #000000;\"><span style=\"font-family: tahoma,geneva,sans-serif;\"><span style=\"font-size: 12px;\"><img decoding=\"async\" class=\"lazyload HAa Eha\" style=\"width: 300px; height: 213px; border-width: 1px; border-style: solid; margin: 10px;\" alt=\"\" src=\"data:image\/gif;base64,R0lGODlhAQABAAAAACH5BAEKAAEALAAAAAABAAEAAAICTAEAOw==\" data-orig-src=\"https:\/\/lh6.googleusercontent.com\/-6yRlpimjgI4\/U_sk6_VArYI\/AAAAAAAABC0\/RaBoI_ATC78\/w559-h823-no\/k8.jpg\" \/><\/span><\/span><\/span><\/div>\n<\/td>\n<td>\n<div><span style=\"color: #000000;\"><span style=\"font-family: tahoma,geneva,sans-serif;\"><span style=\"font-size: 12px;\"><img decoding=\"async\" class=\"lazyload HAa Eha\" style=\"width: 300px; height: 216px; border-width: 1px; border-style: solid; margin: 10px;\" alt=\"\" src=\"data:image\/gif;base64,R0lGODlhAQABAAAAACH5BAEKAAEALAAAAAABAAEAAAICTAEAOw==\" data-orig-src=\"https:\/\/lh4.googleusercontent.com\/-7nefXRqElDY\/U_sk7keZxUI\/AAAAAAAABC4\/uYASagf4YsE\/w813-h491-no\/k9.jpg\" \/><\/span><\/span><\/span><\/div>\n<\/td>\n<\/tr>\n<\/tbody>\n<\/table>\n","protected":false},"excerpt":{"rendered":"<p>&nbsp; &nbsp; \u201c Kjo \u00ebsht\u00eb dita q\u00eb b\u00ebri Zoti; le t\u00eb ngaz\u00ebllohemi dhe le t\u00eb d\u00ebfrejm\u00eb n\u00eb t\u00eb! &#8220; &nbsp; &nbsp;&nbsp;&nbsp; Kur bie kambana e s\u00eb Diel\u00ebs s\u00eb Dafinave, e cila p\u00ebrb\u00ebn dhe ur\u00ebn lidh\u00ebse nd\u00ebrmjet Kreshm\u00ebs s\u00eb Madhe dhe Jav\u00ebs s\u00eb Madhe, t\u00eb gjith\u00eb besimtar\u00ebt&nbsp; orthodhoks\u00eb, e ve\u00e7an\u00ebrisht ata kor\u00e7ar\u00eb ndiejn\u00eb atmosfer\u00ebn e dit\u00ebve t\u00eb Jav\u00ebs s\u00eb Madhe. &nbsp; &nbsp;&nbsp;&nbsp; T\u00eb M\u00ebrkur\u00ebn e Madhe,<\/p>\n","protected":false},"author":1,"featured_media":0,"comment_status":"open","ping_status":"open","sticky":false,"template":"","format":"standard","meta":{"_acf_changed":false,"pagelayer_contact_templates":[],"_pagelayer_content":"","inline_featured_image":false,"fifu_image_url":"","fifu_image_alt":"","footnotes":""},"categories":[108],"tags":[142,212,181,189],"class_list":["post-1064","post","type-post","status-publish","format-standard","hentry","category-lajme","tag-142","tag-lajme-d27","tag-korce","tag-pashke-2014"],"acf":[],"yoast_head":"<!-- This site is optimized with the Yoast SEO plugin v27.2 - https:\/\/yoast.com\/product\/yoast-seo-wordpress\/ -->\n<title>Pashka n\u00eb Kor\u00e7\u00eb. (Prill 2012) - Kisha Orthodh\u03bfkse Autoqefale e Shqip\u00ebris\u00eb<\/title>\n<meta name=\"robots\" content=\"index, follow, max-snippet:-1, max-image-preview:large, max-video-preview:-1\" \/>\n<link rel=\"canonical\" href=\"https:\/\/orthodoxalbania.org\/2020\/2013\/03\/21\/pashka-ne-korce\/\" \/>\n<meta property=\"og:locale\" content=\"en_US\" \/>\n<meta property=\"og:type\" content=\"article\" \/>\n<meta property=\"og:title\" content=\"Pashka n\u00eb Kor\u00e7\u00eb. (Prill 2012) - Kisha Orthodh\u03bfkse Autoqefale e Shqip\u00ebris\u00eb\" \/>\n<meta property=\"og:description\" content=\"&nbsp; &nbsp; \u201c Kjo \u00ebsht\u00eb dita q\u00eb b\u00ebri Zoti; le t\u00eb ngaz\u00ebllohemi dhe le t\u00eb d\u00ebfrejm\u00eb n\u00eb t\u00eb! &#8220; &nbsp; &nbsp;&nbsp;&nbsp; Kur bie kambana e s\u00eb Diel\u00ebs s\u00eb Dafinave, e cila p\u00ebrb\u00ebn dhe ur\u00ebn lidh\u00ebse nd\u00ebrmjet Kreshm\u00ebs s\u00eb Madhe dhe Jav\u00ebs s\u00eb Madhe, t\u00eb gjith\u00eb besimtar\u00ebt&nbsp; orthodhoks\u00eb, e ve\u00e7an\u00ebrisht ata kor\u00e7ar\u00eb ndiejn\u00eb atmosfer\u00ebn e dit\u00ebve t\u00eb Jav\u00ebs s\u00eb Madhe. &nbsp; &nbsp;&nbsp;&nbsp; T\u00eb M\u00ebrkur\u00ebn e Madhe,\" \/>\n<meta property=\"og:url\" content=\"https:\/\/orthodoxalbania.org\/2020\/2013\/03\/21\/pashka-ne-korce\/\" \/>\n<meta property=\"og:site_name\" content=\"Kisha Orthodh\u03bfkse Autoqefale e Shqip\u00ebris\u00eb\" \/>\n<meta property=\"article:publisher\" content=\"https:\/\/www.facebook.com\/koash1991\" \/>\n<meta property=\"article:published_time\" content=\"2013-03-21T10:40:51+00:00\" \/>\n<meta property=\"article:modified_time\" content=\"2020-04-06T20:06:06+00:00\" \/>\n<meta property=\"og:image\" content=\"https:\/\/lh4.googleusercontent.com\/--jBGFXYrZ8g\/U_sk5EfwEaI\/AAAAAAAABDI\/Xcd3D-gEcK8\/w600-h399-no\/k1.jpg\" \/>\n<meta name=\"author\" content=\"Kisha Orthodhokse\" \/>\n<meta name=\"twitter:card\" content=\"summary_large_image\" \/>\n<meta name=\"twitter:label1\" content=\"Written by\" \/>\n\t<meta name=\"twitter:data1\" content=\"Kisha Orthodhokse\" \/>\n\t<meta name=\"twitter:label2\" content=\"Est. reading time\" \/>\n\t<meta name=\"twitter:data2\" content=\"6 minutes\" \/>\n<script type=\"application\/ld+json\" class=\"yoast-schema-graph\">{\"@context\":\"https:\/\/schema.org\",\"@graph\":[{\"@type\":\"Article\",\"@id\":\"https:\/\/orthodoxalbania.org\/2020\/2013\/03\/21\/pashka-ne-korce\/#article\",\"isPartOf\":{\"@id\":\"https:\/\/orthodoxalbania.org\/2020\/2013\/03\/21\/pashka-ne-korce\/\"},\"author\":{\"name\":\"Kisha Orthodhokse\",\"@id\":\"https:\/\/orthodoxalbania.org\/2020\/#\/schema\/person\/0c387634a7063ac612d7ed9ce71c7e86\"},\"headline\":\"Pashka n\u00eb Kor\u00e7\u00eb. (Prill 2012)\",\"datePublished\":\"2013-03-21T10:40:51+00:00\",\"dateModified\":\"2020-04-06T20:06:06+00:00\",\"mainEntityOfPage\":{\"@id\":\"https:\/\/orthodoxalbania.org\/2020\/2013\/03\/21\/pashka-ne-korce\/\"},\"wordCount\":1230,\"commentCount\":0,\"publisher\":{\"@id\":\"https:\/\/orthodoxalbania.org\/2020\/#organization\"},\"image\":{\"@id\":\"https:\/\/orthodoxalbania.org\/2020\/2013\/03\/21\/pashka-ne-korce\/#primaryimage\"},\"thumbnailUrl\":\"https:\/\/lh4.googleusercontent.com\/--jBGFXYrZ8g\/U_sk5EfwEaI\/AAAAAAAABDI\/Xcd3D-gEcK8\/w600-h399-no\/k1.jpg\",\"keywords\":[\"2012\",\"lajme\",\"Mitropolia Kor\u00e7\u00eb\",\"Pashk\u00eb\"],\"articleSection\":[\"Lajme\"],\"inLanguage\":\"en-US\"},{\"@type\":\"WebPage\",\"@id\":\"https:\/\/orthodoxalbania.org\/2020\/2013\/03\/21\/pashka-ne-korce\/\",\"url\":\"https:\/\/orthodoxalbania.org\/2020\/2013\/03\/21\/pashka-ne-korce\/\",\"name\":\"Pashka n\u00eb Kor\u00e7\u00eb. (Prill 2012) - Kisha Orthodh\u03bfkse Autoqefale e Shqip\u00ebris\u00eb\",\"isPartOf\":{\"@id\":\"https:\/\/orthodoxalbania.org\/2020\/#website\"},\"primaryImageOfPage\":{\"@id\":\"https:\/\/orthodoxalbania.org\/2020\/2013\/03\/21\/pashka-ne-korce\/#primaryimage\"},\"image\":{\"@id\":\"https:\/\/orthodoxalbania.org\/2020\/2013\/03\/21\/pashka-ne-korce\/#primaryimage\"},\"thumbnailUrl\":\"https:\/\/lh4.googleusercontent.com\/--jBGFXYrZ8g\/U_sk5EfwEaI\/AAAAAAAABDI\/Xcd3D-gEcK8\/w600-h399-no\/k1.jpg\",\"datePublished\":\"2013-03-21T10:40:51+00:00\",\"dateModified\":\"2020-04-06T20:06:06+00:00\",\"breadcrumb\":{\"@id\":\"https:\/\/orthodoxalbania.org\/2020\/2013\/03\/21\/pashka-ne-korce\/#breadcrumb\"},\"inLanguage\":\"en-US\",\"potentialAction\":[{\"@type\":\"ReadAction\",\"target\":[\"https:\/\/orthodoxalbania.org\/2020\/2013\/03\/21\/pashka-ne-korce\/\"]}]},{\"@type\":\"ImageObject\",\"inLanguage\":\"en-US\",\"@id\":\"https:\/\/orthodoxalbania.org\/2020\/2013\/03\/21\/pashka-ne-korce\/#primaryimage\",\"url\":\"https:\/\/lh4.googleusercontent.com\/--jBGFXYrZ8g\/U_sk5EfwEaI\/AAAAAAAABDI\/Xcd3D-gEcK8\/w600-h399-no\/k1.jpg\",\"contentUrl\":\"https:\/\/lh4.googleusercontent.com\/--jBGFXYrZ8g\/U_sk5EfwEaI\/AAAAAAAABDI\/Xcd3D-gEcK8\/w600-h399-no\/k1.jpg\"},{\"@type\":\"BreadcrumbList\",\"@id\":\"https:\/\/orthodoxalbania.org\/2020\/2013\/03\/21\/pashka-ne-korce\/#breadcrumb\",\"itemListElement\":[{\"@type\":\"ListItem\",\"position\":1,\"name\":\"Home\",\"item\":\"https:\/\/orthodoxalbania.org\/2020\/\"},{\"@type\":\"ListItem\",\"position\":2,\"name\":\"Pashka n\u00eb Kor\u00e7\u00eb. (Prill 2012)\"}]},{\"@type\":\"WebSite\",\"@id\":\"https:\/\/orthodoxalbania.org\/2020\/#website\",\"url\":\"https:\/\/orthodoxalbania.org\/2020\/\",\"name\":\"Kisha Orthodh\u03bfkse Autoqefale e Shqip\u00ebris\u00eb\",\"description\":\"Fqja Zyrtare e Kish\u00ebs Orthodhokse Autoqefale e Shqip\u00ebris\u00eb me lajmet edhe informacionet zyrtare p\u00ebr struktur\u00ebn edhe veprimtarin e saj.\",\"publisher\":{\"@id\":\"https:\/\/orthodoxalbania.org\/2020\/#organization\"},\"potentialAction\":[{\"@type\":\"SearchAction\",\"target\":{\"@type\":\"EntryPoint\",\"urlTemplate\":\"https:\/\/orthodoxalbania.org\/2020\/?s={search_term_string}\"},\"query-input\":{\"@type\":\"PropertyValueSpecification\",\"valueRequired\":true,\"valueName\":\"search_term_string\"}}],\"inLanguage\":\"en-US\"},{\"@type\":\"Organization\",\"@id\":\"https:\/\/orthodoxalbania.org\/2020\/#organization\",\"name\":\"Kisha Orthodhokse Autoqefale e Shqip\u00ebris\u00eb\",\"url\":\"https:\/\/orthodoxalbania.org\/2020\/\",\"logo\":{\"@type\":\"ImageObject\",\"inLanguage\":\"en-US\",\"@id\":\"https:\/\/orthodoxalbania.org\/2020\/#\/schema\/logo\/image\/\",\"url\":\"https:\/\/orthodoxalbania.org\/2020\/wp-content\/uploads\/2020\/05\/albania.jpeg\",\"contentUrl\":\"https:\/\/orthodoxalbania.org\/2020\/wp-content\/uploads\/2020\/05\/albania.jpeg\",\"width\":540,\"height\":540,\"caption\":\"Kisha Orthodhokse Autoqefale e Shqip\u00ebris\u00eb\"},\"image\":{\"@id\":\"https:\/\/orthodoxalbania.org\/2020\/#\/schema\/logo\/image\/\"},\"sameAs\":[\"https:\/\/www.facebook.com\/koash1991\"]},{\"@type\":\"Person\",\"@id\":\"https:\/\/orthodoxalbania.org\/2020\/#\/schema\/person\/0c387634a7063ac612d7ed9ce71c7e86\",\"name\":\"Kisha Orthodhokse\",\"image\":{\"@type\":\"ImageObject\",\"inLanguage\":\"en-US\",\"@id\":\"https:\/\/secure.gravatar.com\/avatar\/596e7c417251e30f2fbb9c00e026fce61a695a00e51c889caded71c96cbbdde5?s=96&d=mm&r=g\",\"url\":\"https:\/\/secure.gravatar.com\/avatar\/596e7c417251e30f2fbb9c00e026fce61a695a00e51c889caded71c96cbbdde5?s=96&d=mm&r=g\",\"contentUrl\":\"https:\/\/secure.gravatar.com\/avatar\/596e7c417251e30f2fbb9c00e026fce61a695a00e51c889caded71c96cbbdde5?s=96&d=mm&r=g\",\"caption\":\"Kisha Orthodhokse\"}}]}<\/script>\n<!-- \/ Yoast SEO plugin. -->","yoast_head_json":{"title":"Pashka n\u00eb Kor\u00e7\u00eb. (Prill 2012) - Kisha Orthodh\u03bfkse Autoqefale e Shqip\u00ebris\u00eb","robots":{"index":"index","follow":"follow","max-snippet":"max-snippet:-1","max-image-preview":"max-image-preview:large","max-video-preview":"max-video-preview:-1"},"canonical":"https:\/\/orthodoxalbania.org\/2020\/2013\/03\/21\/pashka-ne-korce\/","og_locale":"en_US","og_type":"article","og_title":"Pashka n\u00eb Kor\u00e7\u00eb. (Prill 2012) - Kisha Orthodh\u03bfkse Autoqefale e Shqip\u00ebris\u00eb","og_description":"&nbsp; &nbsp; \u201c Kjo \u00ebsht\u00eb dita q\u00eb b\u00ebri Zoti; le t\u00eb ngaz\u00ebllohemi dhe le t\u00eb d\u00ebfrejm\u00eb n\u00eb t\u00eb! &#8220; &nbsp; &nbsp;&nbsp;&nbsp; Kur bie kambana e s\u00eb Diel\u00ebs s\u00eb Dafinave, e cila p\u00ebrb\u00ebn dhe ur\u00ebn lidh\u00ebse nd\u00ebrmjet Kreshm\u00ebs s\u00eb Madhe dhe Jav\u00ebs s\u00eb Madhe, t\u00eb gjith\u00eb besimtar\u00ebt&nbsp; orthodhoks\u00eb, e ve\u00e7an\u00ebrisht ata kor\u00e7ar\u00eb ndiejn\u00eb atmosfer\u00ebn e dit\u00ebve t\u00eb Jav\u00ebs s\u00eb Madhe. &nbsp; &nbsp;&nbsp;&nbsp; T\u00eb M\u00ebrkur\u00ebn e Madhe,","og_url":"https:\/\/orthodoxalbania.org\/2020\/2013\/03\/21\/pashka-ne-korce\/","og_site_name":"Kisha Orthodh\u03bfkse Autoqefale e Shqip\u00ebris\u00eb","article_publisher":"https:\/\/www.facebook.com\/koash1991","article_published_time":"2013-03-21T10:40:51+00:00","article_modified_time":"2020-04-06T20:06:06+00:00","og_image":[{"url":"https:\/\/lh4.googleusercontent.com\/--jBGFXYrZ8g\/U_sk5EfwEaI\/AAAAAAAABDI\/Xcd3D-gEcK8\/w600-h399-no\/k1.jpg","type":"","width":"","height":""}],"author":"Kisha Orthodhokse","twitter_card":"summary_large_image","twitter_misc":{"Written by":"Kisha Orthodhokse","Est. reading time":"6 minutes"},"schema":{"@context":"https:\/\/schema.org","@graph":[{"@type":"Article","@id":"https:\/\/orthodoxalbania.org\/2020\/2013\/03\/21\/pashka-ne-korce\/#article","isPartOf":{"@id":"https:\/\/orthodoxalbania.org\/2020\/2013\/03\/21\/pashka-ne-korce\/"},"author":{"name":"Kisha Orthodhokse","@id":"https:\/\/orthodoxalbania.org\/2020\/#\/schema\/person\/0c387634a7063ac612d7ed9ce71c7e86"},"headline":"Pashka n\u00eb Kor\u00e7\u00eb. (Prill 2012)","datePublished":"2013-03-21T10:40:51+00:00","dateModified":"2020-04-06T20:06:06+00:00","mainEntityOfPage":{"@id":"https:\/\/orthodoxalbania.org\/2020\/2013\/03\/21\/pashka-ne-korce\/"},"wordCount":1230,"commentCount":0,"publisher":{"@id":"https:\/\/orthodoxalbania.org\/2020\/#organization"},"image":{"@id":"https:\/\/orthodoxalbania.org\/2020\/2013\/03\/21\/pashka-ne-korce\/#primaryimage"},"thumbnailUrl":"https:\/\/lh4.googleusercontent.com\/--jBGFXYrZ8g\/U_sk5EfwEaI\/AAAAAAAABDI\/Xcd3D-gEcK8\/w600-h399-no\/k1.jpg","keywords":["2012","lajme","Mitropolia Kor\u00e7\u00eb","Pashk\u00eb"],"articleSection":["Lajme"],"inLanguage":"en-US"},{"@type":"WebPage","@id":"https:\/\/orthodoxalbania.org\/2020\/2013\/03\/21\/pashka-ne-korce\/","url":"https:\/\/orthodoxalbania.org\/2020\/2013\/03\/21\/pashka-ne-korce\/","name":"Pashka n\u00eb Kor\u00e7\u00eb. (Prill 2012) - Kisha Orthodh\u03bfkse Autoqefale e Shqip\u00ebris\u00eb","isPartOf":{"@id":"https:\/\/orthodoxalbania.org\/2020\/#website"},"primaryImageOfPage":{"@id":"https:\/\/orthodoxalbania.org\/2020\/2013\/03\/21\/pashka-ne-korce\/#primaryimage"},"image":{"@id":"https:\/\/orthodoxalbania.org\/2020\/2013\/03\/21\/pashka-ne-korce\/#primaryimage"},"thumbnailUrl":"https:\/\/lh4.googleusercontent.com\/--jBGFXYrZ8g\/U_sk5EfwEaI\/AAAAAAAABDI\/Xcd3D-gEcK8\/w600-h399-no\/k1.jpg","datePublished":"2013-03-21T10:40:51+00:00","dateModified":"2020-04-06T20:06:06+00:00","breadcrumb":{"@id":"https:\/\/orthodoxalbania.org\/2020\/2013\/03\/21\/pashka-ne-korce\/#breadcrumb"},"inLanguage":"en-US","potentialAction":[{"@type":"ReadAction","target":["https:\/\/orthodoxalbania.org\/2020\/2013\/03\/21\/pashka-ne-korce\/"]}]},{"@type":"ImageObject","inLanguage":"en-US","@id":"https:\/\/orthodoxalbania.org\/2020\/2013\/03\/21\/pashka-ne-korce\/#primaryimage","url":"https:\/\/lh4.googleusercontent.com\/--jBGFXYrZ8g\/U_sk5EfwEaI\/AAAAAAAABDI\/Xcd3D-gEcK8\/w600-h399-no\/k1.jpg","contentUrl":"https:\/\/lh4.googleusercontent.com\/--jBGFXYrZ8g\/U_sk5EfwEaI\/AAAAAAAABDI\/Xcd3D-gEcK8\/w600-h399-no\/k1.jpg"},{"@type":"BreadcrumbList","@id":"https:\/\/orthodoxalbania.org\/2020\/2013\/03\/21\/pashka-ne-korce\/#breadcrumb","itemListElement":[{"@type":"ListItem","position":1,"name":"Home","item":"https:\/\/orthodoxalbania.org\/2020\/"},{"@type":"ListItem","position":2,"name":"Pashka n\u00eb Kor\u00e7\u00eb. (Prill 2012)"}]},{"@type":"WebSite","@id":"https:\/\/orthodoxalbania.org\/2020\/#website","url":"https:\/\/orthodoxalbania.org\/2020\/","name":"Kisha Orthodh\u03bfkse Autoqefale e Shqip\u00ebris\u00eb","description":"Fqja Zyrtare e Kish\u00ebs Orthodhokse Autoqefale e Shqip\u00ebris\u00eb me lajmet edhe informacionet zyrtare p\u00ebr struktur\u00ebn edhe veprimtarin e saj.","publisher":{"@id":"https:\/\/orthodoxalbania.org\/2020\/#organization"},"potentialAction":[{"@type":"SearchAction","target":{"@type":"EntryPoint","urlTemplate":"https:\/\/orthodoxalbania.org\/2020\/?s={search_term_string}"},"query-input":{"@type":"PropertyValueSpecification","valueRequired":true,"valueName":"search_term_string"}}],"inLanguage":"en-US"},{"@type":"Organization","@id":"https:\/\/orthodoxalbania.org\/2020\/#organization","name":"Kisha Orthodhokse Autoqefale e Shqip\u00ebris\u00eb","url":"https:\/\/orthodoxalbania.org\/2020\/","logo":{"@type":"ImageObject","inLanguage":"en-US","@id":"https:\/\/orthodoxalbania.org\/2020\/#\/schema\/logo\/image\/","url":"https:\/\/orthodoxalbania.org\/2020\/wp-content\/uploads\/2020\/05\/albania.jpeg","contentUrl":"https:\/\/orthodoxalbania.org\/2020\/wp-content\/uploads\/2020\/05\/albania.jpeg","width":540,"height":540,"caption":"Kisha Orthodhokse Autoqefale e Shqip\u00ebris\u00eb"},"image":{"@id":"https:\/\/orthodoxalbania.org\/2020\/#\/schema\/logo\/image\/"},"sameAs":["https:\/\/www.facebook.com\/koash1991"]},{"@type":"Person","@id":"https:\/\/orthodoxalbania.org\/2020\/#\/schema\/person\/0c387634a7063ac612d7ed9ce71c7e86","name":"Kisha Orthodhokse","image":{"@type":"ImageObject","inLanguage":"en-US","@id":"https:\/\/secure.gravatar.com\/avatar\/596e7c417251e30f2fbb9c00e026fce61a695a00e51c889caded71c96cbbdde5?s=96&d=mm&r=g","url":"https:\/\/secure.gravatar.com\/avatar\/596e7c417251e30f2fbb9c00e026fce61a695a00e51c889caded71c96cbbdde5?s=96&d=mm&r=g","contentUrl":"https:\/\/secure.gravatar.com\/avatar\/596e7c417251e30f2fbb9c00e026fce61a695a00e51c889caded71c96cbbdde5?s=96&d=mm&r=g","caption":"Kisha Orthodhokse"}}]}},"_links":{"self":[{"href":"https:\/\/orthodoxalbania.org\/2020\/wp-json\/wp\/v2\/posts\/1064","targetHints":{"allow":["GET"]}}],"collection":[{"href":"https:\/\/orthodoxalbania.org\/2020\/wp-json\/wp\/v2\/posts"}],"about":[{"href":"https:\/\/orthodoxalbania.org\/2020\/wp-json\/wp\/v2\/types\/post"}],"author":[{"embeddable":true,"href":"https:\/\/orthodoxalbania.org\/2020\/wp-json\/wp\/v2\/users\/1"}],"replies":[{"embeddable":true,"href":"https:\/\/orthodoxalbania.org\/2020\/wp-json\/wp\/v2\/comments?post=1064"}],"version-history":[{"count":1,"href":"https:\/\/orthodoxalbania.org\/2020\/wp-json\/wp\/v2\/posts\/1064\/revisions"}],"predecessor-version":[{"id":15331,"href":"https:\/\/orthodoxalbania.org\/2020\/wp-json\/wp\/v2\/posts\/1064\/revisions\/15331"}],"wp:attachment":[{"href":"https:\/\/orthodoxalbania.org\/2020\/wp-json\/wp\/v2\/media?parent=1064"}],"wp:term":[{"taxonomy":"category","embeddable":true,"href":"https:\/\/orthodoxalbania.org\/2020\/wp-json\/wp\/v2\/categories?post=1064"},{"taxonomy":"post_tag","embeddable":true,"href":"https:\/\/orthodoxalbania.org\/2020\/wp-json\/wp\/v2\/tags?post=1064"}],"curies":[{"name":"wp","href":"https:\/\/api.w.org\/{rel}","templated":true}]}}