{"id":1063,"date":"2013-03-21T09:30:01","date_gmt":"2013-03-21T09:30:01","guid":{"rendered":""},"modified":"2020-04-06T22:32:06","modified_gmt":"2020-04-06T20:32:06","slug":"pashka-ne-mitropoline-e-gjirokastres","status":"publish","type":"post","link":"https:\/\/orthodoxalbania.org\/2020\/2013\/03\/21\/pashka-ne-mitropoline-e-gjirokastres\/","title":{"rendered":"Pashka 2011 n\u00eb Mitropolin\u00eb e Gjirokastr\u00ebs."},"content":{"rendered":"<div class=\"style8\" style=\"text-align: justify;\"><span style=\"color: #000000;\"><span style=\"font-family: tahoma,geneva,sans-serif;\"><span style=\"font-size: 12px;\"><img decoding=\"async\" class=\"lazyload HAa Eha\" style=\"height: 225px; width: 300px; border-width: 1px; border-style: solid; margin: 10px; float: left;\" alt=\"\" src=\"data:image\/gif;base64,R0lGODlhAQABAAAAACH5BAEKAAEALAAAAAABAAEAAAICTAEAOw==\" data-orig-src=\"https:\/\/lh3.googleusercontent.com\/-3AzFgHWWE7I\/VAFzu5jsv5I\/AAAAAAAACQY\/6QilSx9jfYw\/w958-h719-no\/1.JPG\" \/>&nbsp;&nbsp;&nbsp; Me shpres\u00ebtari dhe besim u kremtua edhe k\u00ebt\u00eb vit n\u00eb Mitropolin\u00eb e Gjirokastr\u00ebs e kremtja e Pashk\u00ebs.<\/span><\/span><\/span><\/div>\n<div class=\"style8\" style=\"text-align: justify;\"> <span style=\"color: #000000;\"><span style=\"font-family: tahoma,geneva,sans-serif;\"><span style=\"font-size: 12px;\">&nbsp;&nbsp; T\u00eb diel\u00ebn e Dafinave Mitropoliti i Gjirokastr\u00ebs, Imzot Dhimitri e kryesoi Liturgjin\u00eb Hyjnore pran\u00eb besimtar\u00ebve t\u00eb fshatit Dervician, nd\u00ebrsa sh\u00ebrbesa e par\u00eb e Dh\u00ebndrit u krye n\u00eb kish\u00ebn \u201cMetamorfoza e Shp\u00ebtimtarit\u201d n\u00eb Gjirokast\u00ebr, ku k\u00ebsaj here Hir\u00ebsia e Tij ishte shoq\u00ebruar edhe nga nx\u00ebn\u00ebsit e shkoll\u00ebs \u201cKryqi i Nderuar\u201d.<\/span><\/span><\/span><\/div>\n<div class=\"style8\" style=\"text-align: justify;\"> <span style=\"color: #000000;\"><span style=\"font-family: tahoma,geneva,sans-serif;\"><span style=\"font-size: 12px;\">&nbsp; &nbsp; Sh\u00ebrbesa e tret\u00eb e Dh\u00ebndrit u krye me entuziaz\u00ebm n\u00eb kish\u00ebn e Kryeengj\u00ebjve. Misterin e shenjt\u00eb t\u00eb Efqelis\u00eb, Mitropoliti yn\u00eb e filloi me t\u00eb ardhmen e Kish\u00ebs son\u00eb, me vet\u00eb nx\u00ebn\u00ebsit e shkoll\u00ebs \u201cKryqi i Nderuar\u201d dhe m\u00eb pas shkoi n\u00eb shkoll\u00ebn profesionale \u201cApostull Pavli\u201d n\u00eb Mesopotam ku kreu po t\u00eb nj\u00ebjtin mister.<\/span><\/span><\/span><\/div>\n<div class=\"style8\" style=\"text-align: justify;\"> <span style=\"color: #000000;\"><span style=\"font-family: tahoma,geneva,sans-serif;\"><span style=\"font-size: 12px;\">&nbsp;&nbsp;&nbsp; E enjtja e Madhe dhe e shenjt\u00eb filloi me Liturgjin\u00eb Hyjnore n\u00eb paraklisin e shkoll\u00ebs \u201cKryqi i Nderuar\u201d ku merrnin pjes\u00eb nx\u00ebn\u00ebsit e k\u00ebsaj shkolle por gjithashtu edhe f\u00ebmij\u00ebt e vegj\u00ebl t\u00eb kopshtit dhe shkoll\u00ebs fillore \u201cFrym\u00eb Dashurie\u201d. N\u00eb sh\u00ebrbes\u00ebn e leximit t\u00eb dymb\u00ebdhjet\u00eb Ungjijve, pjes\u00ebmarrja ishte e madhe n\u00eb t\u00eb dyja kishat e qytetit, nd\u00ebrsa Mitropoliti i Gjirokastr\u00ebs udh\u00ebtoi drejt qytetit bregdetar t\u00eb Sarand\u00ebs.<\/span><\/span><\/span><\/div>\n<div class=\"style8\" style=\"text-align: justify;\"> <span style=\"color: #000000;\"><span style=\"font-family: tahoma,geneva,sans-serif;\"><span style=\"font-size: 12px;\">&nbsp; &nbsp; Dalja e Epitafit n\u00eb qytetin e Gjirokastr\u00ebs u krye n\u00eb t\u00eb dyja kishat, por e ve\u00e7anta e k\u00ebsaj sh\u00ebrbese ishte bashkimi i t\u00eb dy epitafeve n\u00eb sheshin e \u201c\u00c7er\u00e7izit\u201d.<\/span><\/span><\/span><\/div>\n<div class=\"style8\" style=\"text-align: justify;\"> <span style=\"color: #000000;\"><span style=\"font-family: tahoma,geneva,sans-serif;\"><span style=\"font-size: 12px;\">&nbsp; &nbsp; Edhe n\u00eb qytetin e P\u00ebrmetit kjo sh\u00ebrbes\u00eb ishte kryer me shum\u00eb atmosfer\u00eb, ku n\u00eb daljen e epitafit u bashkuan t\u00eb treja kishat n\u00eb qend\u00ebr t\u00eb qytetit.<\/span><\/span><\/span><\/div>\n<div class=\"style8\" style=\"text-align: justify;\"> <span style=\"color: #000000;\"><span style=\"font-family: tahoma,geneva,sans-serif;\"><span style=\"font-size: 12px;\">&nbsp; &nbsp; Dit\u00ebn e shtun\u00eb Liturgjia Hyjnore u krye vet\u00ebm n\u00eb kish\u00ebn e Kryeengj\u00ebjve nd\u00ebrsa dita e bekuar e Ngjalljes u krye ashtu si\u00e7 \u00ebsht\u00eb b\u00ebr\u00eb tradit\u00eb tashm\u00eb n\u00eb k\u00ebt\u00eb qytet por edhe n\u00eb qytetin e P\u00ebrmetit n\u00eb dy kisha. Besimtar\u00eb t\u00eb shumt\u00eb kishin ardhur dhe t\u00eb gjith\u00eb s\u00eb bashku me shpres\u00ebn tek Zoti i Ngjallur psal\u00ebn s\u00eb bashku p\u00ebrl\u00ebshoren e pashk\u00ebs \u201cKrishti u Ngjall\u201d.<\/span><\/span><\/span><\/div>\n<div class=\"style8\" style=\"text-align: justify;\">&nbsp;<\/div>\n<div class=\"style11\" style=\"text-align: justify;\"><span style=\"color: #000000;\"><span style=\"font-family: tahoma,geneva,sans-serif;\"><span style=\"font-size: 12px;\"><span class=\"style8\">&nbsp;&nbsp;&nbsp; <\/span>Mitropoliti i Gjirokastr\u00ebs e kreu dit\u00ebn e Ngjalljes n\u00eb kish\u00ebn e Metamorfoz\u00ebs, duke uruar besimtar\u00ebt p\u00ebr k\u00ebt\u00eb fest\u00eb madhore p\u00ebr t\u00eb krishter\u00ebt orthodhoks\u00eb dhe n\u00eb fund bekoi vez\u00ebt e kuqe, duke i ndar\u00eb ato tek besimtar\u00ebt.<\/span><\/span><\/span><\/div>\n<div class=\"style11\" style=\"text-align: justify;\"> <span style=\"color: #000000;\"><span style=\"font-family: tahoma,geneva,sans-serif;\"><span style=\"font-size: 12px;\"><span class=\"style8\">&nbsp; &nbsp; <\/span>Sh\u00ebrbesa e Mbr\u00ebm\u00ebsores s\u00eb Dashuris\u00eb u mbajt n\u00eb kish\u00ebn e Kryeengj\u00ebjve. N\u00eb t\u00eb merrnin pjes\u00eb besimtar\u00eb dhe klerik\u00eb t\u00eb k\u00ebsaj Mitropolie. Pas mbarimit t\u00eb sh\u00ebrbes\u00ebs, Imzot Dhimitri ftoi besimtar\u00ebt dhe klerik\u00ebt t\u00eb festonin t\u00eb gjith\u00eb s\u00eb bashku dit\u00ebn e Pashk\u00ebs n\u00eb ambientet e Mitropolis\u00eb. Me shum\u00eb entuziaz\u00ebm u kremtua dita e Ngjalljes edhe n\u00eb qytetet e Sarand\u00ebs, P\u00ebrmetit, K\u00eblcyr\u00ebs dhe Himar\u00ebs.<\/span><\/span><\/span><\/div>\n<div class=\"style11\" style=\"text-align: right;\"> <span style=\"color: #000000;\"><span style=\"font-family: tahoma,geneva,sans-serif;\"><span style=\"font-size: 12px;\"><strong>Emiliano Lito<\/strong><\/span><\/span><\/span><\/div>\n<div class=\"style11\" style=\"text-align: justify;\">&nbsp;<\/div>\n<table style=\"width: 999px; height: 1059px; margin-right: auto; margin-left: auto;\" border=\"1\">\n<tbody>\n<tr>\n<td>\n<div><span style=\"color: #000000;\"><span style=\"font-family: tahoma,geneva,sans-serif;\"><span style=\"font-size: 12px;\"><img decoding=\"async\" class=\"lazyload HAa Eha\" style=\"height: 337px; width: 450px; border-width: 1px; border-style: solid; margin: 10px auto; display: block;\" alt=\"\" src=\"data:image\/gif;base64,R0lGODlhAQABAAAAACH5BAEKAAEALAAAAAABAAEAAAICTAEAOw==\" data-orig-src=\"https:\/\/lh3.googleusercontent.com\/-9QY-mkRu0Z0\/VAFzsdvCkiI\/AAAAAAAACQQ\/D_VniZ6ByNk\/w958-h719-no\/4.JPG\" \/><\/span><\/span><\/span><\/div>\n<\/td>\n<td>\n<div><span style=\"color: #000000;\"><span style=\"font-family: tahoma,geneva,sans-serif;\"><span style=\"font-size: 12px;\"><img decoding=\"async\" class=\"lazyload HAa Eha\" style=\"height: 337px; width: 450px; border-width: 1px; border-style: solid; margin: 10px auto; display: block;\" alt=\"\" src=\"data:image\/gif;base64,R0lGODlhAQABAAAAACH5BAEKAAEALAAAAAABAAEAAAICTAEAOw==\" data-orig-src=\"https:\/\/lh4.googleusercontent.com\/-uEZhggcQQDs\/VAFz4pL6LrI\/AAAAAAAACQg\/WgbIKPpoMkQ\/w958-h719-no\/5.JPG\" \/><\/span><\/span><\/span><\/div>\n<\/td>\n<\/tr>\n<tr>\n<td>\n<div><span style=\"color: #000000;\"><span style=\"font-family: tahoma,geneva,sans-serif;\"><span style=\"font-size: 12px;\"><img decoding=\"async\" class=\"lazyload HAa Eha\" style=\"height: 337px; width: 450px; border-width: 1px; border-style: solid; margin: 10px auto; display: block;\" alt=\"\" src=\"data:image\/gif;base64,R0lGODlhAQABAAAAACH5BAEKAAEALAAAAAABAAEAAAICTAEAOw==\" data-orig-src=\"https:\/\/lh4.googleusercontent.com\/-AyiPFp1zdAs\/VAF0AnBQ30I\/AAAAAAAACQo\/3k0l9MeGUkY\/w958-h719-no\/6.JPG\" \/><\/span><\/span><\/span><\/div>\n<\/td>\n<td>\n<div><span style=\"color: #000000;\"><span style=\"font-family: tahoma,geneva,sans-serif;\"><span style=\"font-size: 12px;\"><img decoding=\"async\" class=\"lazyload HAa Eha\" style=\"height: 337px; width: 450px; border-width: 1px; border-style: solid; margin: 10px auto; display: block;\" alt=\"\" src=\"data:image\/gif;base64,R0lGODlhAQABAAAAACH5BAEKAAEALAAAAAABAAEAAAICTAEAOw==\" data-orig-src=\"https:\/\/lh3.googleusercontent.com\/-59PxjR-5HzE\/VAF0DGr9veI\/AAAAAAAACQw\/v7iSYrShexg\/w958-h719-no\/7.JPG\" \/><\/span><\/span><\/span><\/div>\n<\/td>\n<\/tr>\n<tr>\n<td>\n<div><span style=\"color: #000000;\"><span style=\"font-family: tahoma,geneva,sans-serif;\"><span style=\"font-size: 12px;\"><img decoding=\"async\" class=\"lazyload HAa Eha\" style=\"height: 337px; width: 450px; border-width: 1px; border-style: solid; margin: 10px auto; display: block;\" alt=\"\" src=\"data:image\/gif;base64,R0lGODlhAQABAAAAACH5BAEKAAEALAAAAAABAAEAAAICTAEAOw==\" data-orig-src=\"https:\/\/lh6.googleusercontent.com\/-CZfeutcl364\/VAF0IbQJK1I\/AAAAAAAACQ4\/msey3qOeVvw\/w958-h719-no\/8.JPG\" \/><\/span><\/span><\/span><\/div>\n<\/td>\n<td>\n<div>&nbsp;<\/div>\n<\/td>\n<\/tr>\n<\/tbody>\n<\/table>\n","protected":false},"excerpt":{"rendered":"<p>&nbsp;&nbsp;&nbsp; Me shpres\u00ebtari dhe besim u kremtua edhe k\u00ebt\u00eb vit n\u00eb Mitropolin\u00eb e Gjirokastr\u00ebs e kremtja e Pashk\u00ebs. &nbsp;&nbsp; T\u00eb diel\u00ebn e Dafinave Mitropoliti i Gjirokastr\u00ebs, Imzot Dhimitri e kryesoi Liturgjin\u00eb Hyjnore pran\u00eb besimtar\u00ebve t\u00eb fshatit Dervician, nd\u00ebrsa sh\u00ebrbesa e par\u00eb e Dh\u00ebndrit u krye n\u00eb kish\u00ebn \u201cMetamorfoza e Shp\u00ebtimtarit\u201d n\u00eb Gjirokast\u00ebr, ku k\u00ebsaj here Hir\u00ebsia e Tij ishte shoq\u00ebruar edhe nga nx\u00ebn\u00ebsit e shkoll\u00ebs<\/p>\n","protected":false},"author":1,"featured_media":0,"comment_status":"open","ping_status":"open","sticky":false,"template":"","format":"standard","meta":{"_acf_changed":false,"pagelayer_contact_templates":[],"_pagelayer_content":"","inline_featured_image":false,"fifu_image_url":"","fifu_image_alt":"","footnotes":""},"categories":[108],"tags":[143,212,198,189],"class_list":["post-1063","post","type-post","status-publish","format-standard","hentry","category-lajme","tag-143","tag-lajme-d27","tag-gjirokaster","tag-pashke-2014"],"acf":[],"yoast_head":"<!-- This site is optimized with the Yoast SEO plugin v27.2 - https:\/\/yoast.com\/product\/yoast-seo-wordpress\/ -->\n<title>Pashka 2011 n\u00eb Mitropolin\u00eb e Gjirokastr\u00ebs. - Kisha Orthodh\u03bfkse Autoqefale e Shqip\u00ebris\u00eb<\/title>\n<meta name=\"robots\" content=\"index, follow, max-snippet:-1, max-image-preview:large, max-video-preview:-1\" \/>\n<link rel=\"canonical\" href=\"https:\/\/orthodoxalbania.org\/2020\/2013\/03\/21\/pashka-ne-mitropoline-e-gjirokastres\/\" \/>\n<meta property=\"og:locale\" content=\"en_US\" \/>\n<meta property=\"og:type\" content=\"article\" \/>\n<meta property=\"og:title\" content=\"Pashka 2011 n\u00eb Mitropolin\u00eb e Gjirokastr\u00ebs. - Kisha Orthodh\u03bfkse Autoqefale e Shqip\u00ebris\u00eb\" \/>\n<meta property=\"og:description\" content=\"&nbsp;&nbsp;&nbsp; Me shpres\u00ebtari dhe besim u kremtua edhe k\u00ebt\u00eb vit n\u00eb Mitropolin\u00eb e Gjirokastr\u00ebs e kremtja e Pashk\u00ebs. &nbsp;&nbsp; T\u00eb diel\u00ebn e Dafinave Mitropoliti i Gjirokastr\u00ebs, Imzot Dhimitri e kryesoi Liturgjin\u00eb Hyjnore pran\u00eb besimtar\u00ebve t\u00eb fshatit Dervician, nd\u00ebrsa sh\u00ebrbesa e par\u00eb e Dh\u00ebndrit u krye n\u00eb kish\u00ebn \u201cMetamorfoza e Shp\u00ebtimtarit\u201d n\u00eb Gjirokast\u00ebr, ku k\u00ebsaj here Hir\u00ebsia e Tij ishte shoq\u00ebruar edhe nga nx\u00ebn\u00ebsit e shkoll\u00ebs\" \/>\n<meta property=\"og:url\" content=\"https:\/\/orthodoxalbania.org\/2020\/2013\/03\/21\/pashka-ne-mitropoline-e-gjirokastres\/\" \/>\n<meta property=\"og:site_name\" content=\"Kisha Orthodh\u03bfkse Autoqefale e Shqip\u00ebris\u00eb\" \/>\n<meta property=\"article:publisher\" content=\"https:\/\/www.facebook.com\/koash1991\" \/>\n<meta property=\"article:published_time\" content=\"2013-03-21T09:30:01+00:00\" \/>\n<meta property=\"article:modified_time\" content=\"2020-04-06T20:32:06+00:00\" \/>\n<meta property=\"og:image\" content=\"https:\/\/lh3.googleusercontent.com\/-3AzFgHWWE7I\/VAFzu5jsv5I\/AAAAAAAACQY\/6QilSx9jfYw\/w958-h719-no\/1.JPG\" \/>\n<meta name=\"author\" content=\"Kisha Orthodhokse\" \/>\n<meta name=\"twitter:card\" content=\"summary_large_image\" \/>\n<meta name=\"twitter:label1\" content=\"Written by\" \/>\n\t<meta name=\"twitter:data1\" content=\"Kisha Orthodhokse\" \/>\n\t<meta name=\"twitter:label2\" content=\"Est. reading time\" \/>\n\t<meta name=\"twitter:data2\" content=\"3 minutes\" \/>\n<script type=\"application\/ld+json\" class=\"yoast-schema-graph\">{\"@context\":\"https:\/\/schema.org\",\"@graph\":[{\"@type\":\"Article\",\"@id\":\"https:\/\/orthodoxalbania.org\/2020\/2013\/03\/21\/pashka-ne-mitropoline-e-gjirokastres\/#article\",\"isPartOf\":{\"@id\":\"https:\/\/orthodoxalbania.org\/2020\/2013\/03\/21\/pashka-ne-mitropoline-e-gjirokastres\/\"},\"author\":{\"name\":\"Kisha Orthodhokse\",\"@id\":\"https:\/\/orthodoxalbania.org\/2020\/#\/schema\/person\/0c387634a7063ac612d7ed9ce71c7e86\"},\"headline\":\"Pashka 2011 n\u00eb Mitropolin\u00eb e Gjirokastr\u00ebs.\",\"datePublished\":\"2013-03-21T09:30:01+00:00\",\"dateModified\":\"2020-04-06T20:32:06+00:00\",\"mainEntityOfPage\":{\"@id\":\"https:\/\/orthodoxalbania.org\/2020\/2013\/03\/21\/pashka-ne-mitropoline-e-gjirokastres\/\"},\"wordCount\":527,\"commentCount\":0,\"publisher\":{\"@id\":\"https:\/\/orthodoxalbania.org\/2020\/#organization\"},\"image\":{\"@id\":\"https:\/\/orthodoxalbania.org\/2020\/2013\/03\/21\/pashka-ne-mitropoline-e-gjirokastres\/#primaryimage\"},\"thumbnailUrl\":\"https:\/\/lh3.googleusercontent.com\/-3AzFgHWWE7I\/VAFzu5jsv5I\/AAAAAAAACQY\/6QilSx9jfYw\/w958-h719-no\/1.JPG\",\"keywords\":[\"2011\",\"lajme\",\"Mitropolia Gjirokast\u00ebr\",\"Pashk\u00eb\"],\"articleSection\":[\"Lajme\"],\"inLanguage\":\"en-US\"},{\"@type\":\"WebPage\",\"@id\":\"https:\/\/orthodoxalbania.org\/2020\/2013\/03\/21\/pashka-ne-mitropoline-e-gjirokastres\/\",\"url\":\"https:\/\/orthodoxalbania.org\/2020\/2013\/03\/21\/pashka-ne-mitropoline-e-gjirokastres\/\",\"name\":\"Pashka 2011 n\u00eb Mitropolin\u00eb e Gjirokastr\u00ebs. - Kisha Orthodh\u03bfkse Autoqefale e Shqip\u00ebris\u00eb\",\"isPartOf\":{\"@id\":\"https:\/\/orthodoxalbania.org\/2020\/#website\"},\"primaryImageOfPage\":{\"@id\":\"https:\/\/orthodoxalbania.org\/2020\/2013\/03\/21\/pashka-ne-mitropoline-e-gjirokastres\/#primaryimage\"},\"image\":{\"@id\":\"https:\/\/orthodoxalbania.org\/2020\/2013\/03\/21\/pashka-ne-mitropoline-e-gjirokastres\/#primaryimage\"},\"thumbnailUrl\":\"https:\/\/lh3.googleusercontent.com\/-3AzFgHWWE7I\/VAFzu5jsv5I\/AAAAAAAACQY\/6QilSx9jfYw\/w958-h719-no\/1.JPG\",\"datePublished\":\"2013-03-21T09:30:01+00:00\",\"dateModified\":\"2020-04-06T20:32:06+00:00\",\"breadcrumb\":{\"@id\":\"https:\/\/orthodoxalbania.org\/2020\/2013\/03\/21\/pashka-ne-mitropoline-e-gjirokastres\/#breadcrumb\"},\"inLanguage\":\"en-US\",\"potentialAction\":[{\"@type\":\"ReadAction\",\"target\":[\"https:\/\/orthodoxalbania.org\/2020\/2013\/03\/21\/pashka-ne-mitropoline-e-gjirokastres\/\"]}]},{\"@type\":\"ImageObject\",\"inLanguage\":\"en-US\",\"@id\":\"https:\/\/orthodoxalbania.org\/2020\/2013\/03\/21\/pashka-ne-mitropoline-e-gjirokastres\/#primaryimage\",\"url\":\"https:\/\/lh3.googleusercontent.com\/-3AzFgHWWE7I\/VAFzu5jsv5I\/AAAAAAAACQY\/6QilSx9jfYw\/w958-h719-no\/1.JPG\",\"contentUrl\":\"https:\/\/lh3.googleusercontent.com\/-3AzFgHWWE7I\/VAFzu5jsv5I\/AAAAAAAACQY\/6QilSx9jfYw\/w958-h719-no\/1.JPG\"},{\"@type\":\"BreadcrumbList\",\"@id\":\"https:\/\/orthodoxalbania.org\/2020\/2013\/03\/21\/pashka-ne-mitropoline-e-gjirokastres\/#breadcrumb\",\"itemListElement\":[{\"@type\":\"ListItem\",\"position\":1,\"name\":\"Home\",\"item\":\"https:\/\/orthodoxalbania.org\/2020\/\"},{\"@type\":\"ListItem\",\"position\":2,\"name\":\"Pashka 2011 n\u00eb Mitropolin\u00eb e Gjirokastr\u00ebs.\"}]},{\"@type\":\"WebSite\",\"@id\":\"https:\/\/orthodoxalbania.org\/2020\/#website\",\"url\":\"https:\/\/orthodoxalbania.org\/2020\/\",\"name\":\"Kisha Orthodh\u03bfkse Autoqefale e Shqip\u00ebris\u00eb\",\"description\":\"Fqja Zyrtare e Kish\u00ebs Orthodhokse Autoqefale e Shqip\u00ebris\u00eb me lajmet edhe informacionet zyrtare p\u00ebr struktur\u00ebn edhe veprimtarin e saj.\",\"publisher\":{\"@id\":\"https:\/\/orthodoxalbania.org\/2020\/#organization\"},\"potentialAction\":[{\"@type\":\"SearchAction\",\"target\":{\"@type\":\"EntryPoint\",\"urlTemplate\":\"https:\/\/orthodoxalbania.org\/2020\/?s={search_term_string}\"},\"query-input\":{\"@type\":\"PropertyValueSpecification\",\"valueRequired\":true,\"valueName\":\"search_term_string\"}}],\"inLanguage\":\"en-US\"},{\"@type\":\"Organization\",\"@id\":\"https:\/\/orthodoxalbania.org\/2020\/#organization\",\"name\":\"Kisha Orthodhokse Autoqefale e Shqip\u00ebris\u00eb\",\"url\":\"https:\/\/orthodoxalbania.org\/2020\/\",\"logo\":{\"@type\":\"ImageObject\",\"inLanguage\":\"en-US\",\"@id\":\"https:\/\/orthodoxalbania.org\/2020\/#\/schema\/logo\/image\/\",\"url\":\"https:\/\/orthodoxalbania.org\/2020\/wp-content\/uploads\/2020\/05\/albania.jpeg\",\"contentUrl\":\"https:\/\/orthodoxalbania.org\/2020\/wp-content\/uploads\/2020\/05\/albania.jpeg\",\"width\":540,\"height\":540,\"caption\":\"Kisha Orthodhokse Autoqefale e Shqip\u00ebris\u00eb\"},\"image\":{\"@id\":\"https:\/\/orthodoxalbania.org\/2020\/#\/schema\/logo\/image\/\"},\"sameAs\":[\"https:\/\/www.facebook.com\/koash1991\"]},{\"@type\":\"Person\",\"@id\":\"https:\/\/orthodoxalbania.org\/2020\/#\/schema\/person\/0c387634a7063ac612d7ed9ce71c7e86\",\"name\":\"Kisha Orthodhokse\",\"image\":{\"@type\":\"ImageObject\",\"inLanguage\":\"en-US\",\"@id\":\"https:\/\/secure.gravatar.com\/avatar\/596e7c417251e30f2fbb9c00e026fce61a695a00e51c889caded71c96cbbdde5?s=96&d=mm&r=g\",\"url\":\"https:\/\/secure.gravatar.com\/avatar\/596e7c417251e30f2fbb9c00e026fce61a695a00e51c889caded71c96cbbdde5?s=96&d=mm&r=g\",\"contentUrl\":\"https:\/\/secure.gravatar.com\/avatar\/596e7c417251e30f2fbb9c00e026fce61a695a00e51c889caded71c96cbbdde5?s=96&d=mm&r=g\",\"caption\":\"Kisha Orthodhokse\"}}]}<\/script>\n<!-- \/ Yoast SEO plugin. -->","yoast_head_json":{"title":"Pashka 2011 n\u00eb Mitropolin\u00eb e Gjirokastr\u00ebs. - Kisha Orthodh\u03bfkse Autoqefale e Shqip\u00ebris\u00eb","robots":{"index":"index","follow":"follow","max-snippet":"max-snippet:-1","max-image-preview":"max-image-preview:large","max-video-preview":"max-video-preview:-1"},"canonical":"https:\/\/orthodoxalbania.org\/2020\/2013\/03\/21\/pashka-ne-mitropoline-e-gjirokastres\/","og_locale":"en_US","og_type":"article","og_title":"Pashka 2011 n\u00eb Mitropolin\u00eb e Gjirokastr\u00ebs. - Kisha Orthodh\u03bfkse Autoqefale e Shqip\u00ebris\u00eb","og_description":"&nbsp;&nbsp;&nbsp; Me shpres\u00ebtari dhe besim u kremtua edhe k\u00ebt\u00eb vit n\u00eb Mitropolin\u00eb e Gjirokastr\u00ebs e kremtja e Pashk\u00ebs. &nbsp;&nbsp; T\u00eb diel\u00ebn e Dafinave Mitropoliti i Gjirokastr\u00ebs, Imzot Dhimitri e kryesoi Liturgjin\u00eb Hyjnore pran\u00eb besimtar\u00ebve t\u00eb fshatit Dervician, nd\u00ebrsa sh\u00ebrbesa e par\u00eb e Dh\u00ebndrit u krye n\u00eb kish\u00ebn \u201cMetamorfoza e Shp\u00ebtimtarit\u201d n\u00eb Gjirokast\u00ebr, ku k\u00ebsaj here Hir\u00ebsia e Tij ishte shoq\u00ebruar edhe nga nx\u00ebn\u00ebsit e shkoll\u00ebs","og_url":"https:\/\/orthodoxalbania.org\/2020\/2013\/03\/21\/pashka-ne-mitropoline-e-gjirokastres\/","og_site_name":"Kisha Orthodh\u03bfkse Autoqefale e Shqip\u00ebris\u00eb","article_publisher":"https:\/\/www.facebook.com\/koash1991","article_published_time":"2013-03-21T09:30:01+00:00","article_modified_time":"2020-04-06T20:32:06+00:00","og_image":[{"url":"https:\/\/lh3.googleusercontent.com\/-3AzFgHWWE7I\/VAFzu5jsv5I\/AAAAAAAACQY\/6QilSx9jfYw\/w958-h719-no\/1.JPG","type":"","width":"","height":""}],"author":"Kisha Orthodhokse","twitter_card":"summary_large_image","twitter_misc":{"Written by":"Kisha Orthodhokse","Est. reading time":"3 minutes"},"schema":{"@context":"https:\/\/schema.org","@graph":[{"@type":"Article","@id":"https:\/\/orthodoxalbania.org\/2020\/2013\/03\/21\/pashka-ne-mitropoline-e-gjirokastres\/#article","isPartOf":{"@id":"https:\/\/orthodoxalbania.org\/2020\/2013\/03\/21\/pashka-ne-mitropoline-e-gjirokastres\/"},"author":{"name":"Kisha Orthodhokse","@id":"https:\/\/orthodoxalbania.org\/2020\/#\/schema\/person\/0c387634a7063ac612d7ed9ce71c7e86"},"headline":"Pashka 2011 n\u00eb Mitropolin\u00eb e Gjirokastr\u00ebs.","datePublished":"2013-03-21T09:30:01+00:00","dateModified":"2020-04-06T20:32:06+00:00","mainEntityOfPage":{"@id":"https:\/\/orthodoxalbania.org\/2020\/2013\/03\/21\/pashka-ne-mitropoline-e-gjirokastres\/"},"wordCount":527,"commentCount":0,"publisher":{"@id":"https:\/\/orthodoxalbania.org\/2020\/#organization"},"image":{"@id":"https:\/\/orthodoxalbania.org\/2020\/2013\/03\/21\/pashka-ne-mitropoline-e-gjirokastres\/#primaryimage"},"thumbnailUrl":"https:\/\/lh3.googleusercontent.com\/-3AzFgHWWE7I\/VAFzu5jsv5I\/AAAAAAAACQY\/6QilSx9jfYw\/w958-h719-no\/1.JPG","keywords":["2011","lajme","Mitropolia Gjirokast\u00ebr","Pashk\u00eb"],"articleSection":["Lajme"],"inLanguage":"en-US"},{"@type":"WebPage","@id":"https:\/\/orthodoxalbania.org\/2020\/2013\/03\/21\/pashka-ne-mitropoline-e-gjirokastres\/","url":"https:\/\/orthodoxalbania.org\/2020\/2013\/03\/21\/pashka-ne-mitropoline-e-gjirokastres\/","name":"Pashka 2011 n\u00eb Mitropolin\u00eb e Gjirokastr\u00ebs. - Kisha Orthodh\u03bfkse Autoqefale e Shqip\u00ebris\u00eb","isPartOf":{"@id":"https:\/\/orthodoxalbania.org\/2020\/#website"},"primaryImageOfPage":{"@id":"https:\/\/orthodoxalbania.org\/2020\/2013\/03\/21\/pashka-ne-mitropoline-e-gjirokastres\/#primaryimage"},"image":{"@id":"https:\/\/orthodoxalbania.org\/2020\/2013\/03\/21\/pashka-ne-mitropoline-e-gjirokastres\/#primaryimage"},"thumbnailUrl":"https:\/\/lh3.googleusercontent.com\/-3AzFgHWWE7I\/VAFzu5jsv5I\/AAAAAAAACQY\/6QilSx9jfYw\/w958-h719-no\/1.JPG","datePublished":"2013-03-21T09:30:01+00:00","dateModified":"2020-04-06T20:32:06+00:00","breadcrumb":{"@id":"https:\/\/orthodoxalbania.org\/2020\/2013\/03\/21\/pashka-ne-mitropoline-e-gjirokastres\/#breadcrumb"},"inLanguage":"en-US","potentialAction":[{"@type":"ReadAction","target":["https:\/\/orthodoxalbania.org\/2020\/2013\/03\/21\/pashka-ne-mitropoline-e-gjirokastres\/"]}]},{"@type":"ImageObject","inLanguage":"en-US","@id":"https:\/\/orthodoxalbania.org\/2020\/2013\/03\/21\/pashka-ne-mitropoline-e-gjirokastres\/#primaryimage","url":"https:\/\/lh3.googleusercontent.com\/-3AzFgHWWE7I\/VAFzu5jsv5I\/AAAAAAAACQY\/6QilSx9jfYw\/w958-h719-no\/1.JPG","contentUrl":"https:\/\/lh3.googleusercontent.com\/-3AzFgHWWE7I\/VAFzu5jsv5I\/AAAAAAAACQY\/6QilSx9jfYw\/w958-h719-no\/1.JPG"},{"@type":"BreadcrumbList","@id":"https:\/\/orthodoxalbania.org\/2020\/2013\/03\/21\/pashka-ne-mitropoline-e-gjirokastres\/#breadcrumb","itemListElement":[{"@type":"ListItem","position":1,"name":"Home","item":"https:\/\/orthodoxalbania.org\/2020\/"},{"@type":"ListItem","position":2,"name":"Pashka 2011 n\u00eb Mitropolin\u00eb e Gjirokastr\u00ebs."}]},{"@type":"WebSite","@id":"https:\/\/orthodoxalbania.org\/2020\/#website","url":"https:\/\/orthodoxalbania.org\/2020\/","name":"Kisha Orthodh\u03bfkse Autoqefale e Shqip\u00ebris\u00eb","description":"Fqja Zyrtare e Kish\u00ebs Orthodhokse Autoqefale e Shqip\u00ebris\u00eb me lajmet edhe informacionet zyrtare p\u00ebr struktur\u00ebn edhe veprimtarin e saj.","publisher":{"@id":"https:\/\/orthodoxalbania.org\/2020\/#organization"},"potentialAction":[{"@type":"SearchAction","target":{"@type":"EntryPoint","urlTemplate":"https:\/\/orthodoxalbania.org\/2020\/?s={search_term_string}"},"query-input":{"@type":"PropertyValueSpecification","valueRequired":true,"valueName":"search_term_string"}}],"inLanguage":"en-US"},{"@type":"Organization","@id":"https:\/\/orthodoxalbania.org\/2020\/#organization","name":"Kisha Orthodhokse Autoqefale e Shqip\u00ebris\u00eb","url":"https:\/\/orthodoxalbania.org\/2020\/","logo":{"@type":"ImageObject","inLanguage":"en-US","@id":"https:\/\/orthodoxalbania.org\/2020\/#\/schema\/logo\/image\/","url":"https:\/\/orthodoxalbania.org\/2020\/wp-content\/uploads\/2020\/05\/albania.jpeg","contentUrl":"https:\/\/orthodoxalbania.org\/2020\/wp-content\/uploads\/2020\/05\/albania.jpeg","width":540,"height":540,"caption":"Kisha Orthodhokse Autoqefale e Shqip\u00ebris\u00eb"},"image":{"@id":"https:\/\/orthodoxalbania.org\/2020\/#\/schema\/logo\/image\/"},"sameAs":["https:\/\/www.facebook.com\/koash1991"]},{"@type":"Person","@id":"https:\/\/orthodoxalbania.org\/2020\/#\/schema\/person\/0c387634a7063ac612d7ed9ce71c7e86","name":"Kisha Orthodhokse","image":{"@type":"ImageObject","inLanguage":"en-US","@id":"https:\/\/secure.gravatar.com\/avatar\/596e7c417251e30f2fbb9c00e026fce61a695a00e51c889caded71c96cbbdde5?s=96&d=mm&r=g","url":"https:\/\/secure.gravatar.com\/avatar\/596e7c417251e30f2fbb9c00e026fce61a695a00e51c889caded71c96cbbdde5?s=96&d=mm&r=g","contentUrl":"https:\/\/secure.gravatar.com\/avatar\/596e7c417251e30f2fbb9c00e026fce61a695a00e51c889caded71c96cbbdde5?s=96&d=mm&r=g","caption":"Kisha Orthodhokse"}}]}},"_links":{"self":[{"href":"https:\/\/orthodoxalbania.org\/2020\/wp-json\/wp\/v2\/posts\/1063","targetHints":{"allow":["GET"]}}],"collection":[{"href":"https:\/\/orthodoxalbania.org\/2020\/wp-json\/wp\/v2\/posts"}],"about":[{"href":"https:\/\/orthodoxalbania.org\/2020\/wp-json\/wp\/v2\/types\/post"}],"author":[{"embeddable":true,"href":"https:\/\/orthodoxalbania.org\/2020\/wp-json\/wp\/v2\/users\/1"}],"replies":[{"embeddable":true,"href":"https:\/\/orthodoxalbania.org\/2020\/wp-json\/wp\/v2\/comments?post=1063"}],"version-history":[{"count":1,"href":"https:\/\/orthodoxalbania.org\/2020\/wp-json\/wp\/v2\/posts\/1063\/revisions"}],"predecessor-version":[{"id":15398,"href":"https:\/\/orthodoxalbania.org\/2020\/wp-json\/wp\/v2\/posts\/1063\/revisions\/15398"}],"wp:attachment":[{"href":"https:\/\/orthodoxalbania.org\/2020\/wp-json\/wp\/v2\/media?parent=1063"}],"wp:term":[{"taxonomy":"category","embeddable":true,"href":"https:\/\/orthodoxalbania.org\/2020\/wp-json\/wp\/v2\/categories?post=1063"},{"taxonomy":"post_tag","embeddable":true,"href":"https:\/\/orthodoxalbania.org\/2020\/wp-json\/wp\/v2\/tags?post=1063"}],"curies":[{"name":"wp","href":"https:\/\/api.w.org\/{rel}","templated":true}]}}