{"id":1060,"date":"2008-02-26T00:00:09","date_gmt":"2008-02-26T00:00:09","guid":{"rendered":""},"modified":"2020-04-13T00:31:23","modified_gmt":"2020-04-12T22:31:23","slug":"pascha-in-korca-2008","status":"publish","type":"post","link":"https:\/\/orthodoxalbania.org\/2020\/en\/2008\/02\/26\/pascha-in-korca-2008\/","title":{"rendered":"Pascha in Kor\u00e7a. (2008)"},"content":{"rendered":"<table id=\"AutoNumber1\" style=\"width: 595px; height: 2516px;\" border=\"0\">\n<tbody>\n<tr>\n<td>\n<div>&nbsp;<\/div>\n<\/td>\n<td>\n<table id=\"AutoNumber3\" border=\"0\">\n<tbody>\n<tr>\n<td rowspan=\"5\">\n<table id=\"AutoNumber4\" style=\"width: 566px; height: 2356px;\" border=\"0\">\n<tbody>\n<tr>\n<td>\n<div style=\"text-align: justify;\"><span style=\"color: #000000;\"><span style=\"font-family: tahoma,geneva,sans-serif;\"><span style=\"font-size: 12px;\">&nbsp;&nbsp;&nbsp; As usual in Korca, the Paschal atmosphere could be felt as early as Palm Sunday which marks the closing of Great Lent and the beginning of the Holy Week.&nbsp; The churches were beautifully decorated, the prayers and services became more intense, and the city was decked out in banners with paschal greetings.<\/span><\/span><\/span><\/div>\n<\/td>\n<td>\n<div><span style=\"color: #000000;\"><span style=\"font-family: tahoma,geneva,sans-serif;\"><span style=\"font-size: 12px;\"><img decoding=\"async\" class=\"lazyload HAa Eha\" style=\"border-width: 1px; border-style: solid; margin: 10px auto; display: block;\" alt=\"\" src=\"data:image\/svg+xml,%3Csvg%20xmlns%3D%27http%3A%2F%2Fwww.w3.org%2F2000%2Fsvg%27%20width%3D%27284%27%20height%3D%27213%27%20viewBox%3D%270%200%20284%20213%27%3E%3Crect%20width%3D%27284%27%20height%3D%27213%27%20fill-opacity%3D%220%22%2F%3E%3C%2Fsvg%3E\" data-orig-src=\"https:\/\/lh5.googleusercontent.com\/-IgXiiWqlXMM\/VIv-U-1sFHI\/AAAAAAAAHZk\/LJ5Ttp0fha0\/w400-h300-no\/korce%2B1.jpg\" height=\"213\" width=\"284\" \/><\/span><\/span><\/span><\/div>\n<\/td>\n<\/tr>\n<tr>\n<td>\n<div><span style=\"color: #000000;\"><span style=\"font-family: tahoma,geneva,sans-serif;\"><span style=\"font-size: 12px;\"><img decoding=\"async\" class=\"lazyload HAa Eha\" style=\"border-width: 1px; border-style: solid; margin: 10px auto; display: block;\" alt=\"\" src=\"data:image\/svg+xml,%3Csvg%20xmlns%3D%27http%3A%2F%2Fwww.w3.org%2F2000%2Fsvg%27%20width%3D%27224%27%20height%3D%27336%27%20viewBox%3D%270%200%20224%20336%27%3E%3Crect%20width%3D%27224%27%20height%3D%27336%27%20fill-opacity%3D%220%22%2F%3E%3C%2Fsvg%3E\" data-orig-src=\"https:\/\/lh3.googleusercontent.com\/1Em5eXxkYs0JXBJ54gsuimG_xRHJU2JupaYjZ6Oh6yk=w267-h400-no\" height=\"336\" width=\"224\" \/><\/span><\/span><\/span><\/div>\n<\/td>\n<td>\n<div style=\"text-align: justify;\"><span style=\"color: #000000;\"><span style=\"font-family: tahoma,geneva,sans-serif;\"><span style=\"font-size: 12px;\">&nbsp;&nbsp;&nbsp; All the churches in the city celebrated the services and many believers attended.&nbsp; In one of the Bridegroom Services, His Grace Joani explained the meaning of these days:&nbsp;&nbsp; \u201cThe first days of Holy Week, more than any other time, reminds us of the tragedy of sin, in any case this time of mourning for the Church is not the same as for those who have no hope.&nbsp; The tragedy of sin is always accompanied by the great love of God who has the final word on everything.\u201d<\/span><\/span><\/span><\/div>\n<div>&nbsp;<\/div>\n<\/td>\n<\/tr>\n<tr>\n<td>\n<div style=\"text-align: justify;\"><span style=\"color: #000000;\"><span style=\"font-family: tahoma,geneva,sans-serif;\"><span style=\"font-size: 12px;\">&nbsp; &nbsp; \u201cAll the suffering and passions of Christ, are not the passions of a tragic hero, but are the passions which God turns into salvation.&nbsp; Even though people crucified Him, and when I say people I mean every one of us had a hand in this crucifixion, still, the Cross was transformed into another instrument.&nbsp; That with which we try to inflict evil, God uses it for good.<\/span><\/span><\/span><\/div>\n<\/td>\n<td>\n<div><span style=\"color: #000000;\"><span style=\"font-family: tahoma,geneva,sans-serif;\"><span style=\"font-size: 12px;\"><img decoding=\"async\" class=\"lazyload HAa Eha\" style=\"border-width: 1px; border-style: solid; margin: 10px auto; display: block;\" alt=\"\" src=\"data:image\/svg+xml,%3Csvg%20xmlns%3D%27http%3A%2F%2Fwww.w3.org%2F2000%2Fsvg%27%20width%3D%27281%27%20height%3D%27187%27%20viewBox%3D%270%200%20281%20187%27%3E%3Crect%20width%3D%27281%27%20height%3D%27187%27%20fill-opacity%3D%220%22%2F%3E%3C%2Fsvg%3E\" data-orig-src=\"https:\/\/lh6.googleusercontent.com\/-RLzI8dY_1Os\/VIv-U_wPOoI\/AAAAAAAAHaM\/ElqoLP7UZ9Q\/w400-h267-no\/korce%2B3.jpg\" height=\"187\" width=\"281\" \/><\/span><\/span><\/span><\/div>\n<\/td>\n<\/tr>\n<tr>\n<td>\n<div><span style=\"color: #000000;\"><span style=\"font-family: tahoma,geneva,sans-serif;\"><span style=\"font-size: 12px;\"><img decoding=\"async\" class=\"lazyload HAa Eha\" style=\"border-width: 1px; border-style: solid; margin: 10px auto; display: block;\" alt=\"\" src=\"data:image\/svg+xml,%3Csvg%20xmlns%3D%27http%3A%2F%2Fwww.w3.org%2F2000%2Fsvg%27%20width%3D%27241%27%20height%3D%27161%27%20viewBox%3D%270%200%20241%20161%27%3E%3Crect%20width%3D%27241%27%20height%3D%27161%27%20fill-opacity%3D%220%22%2F%3E%3C%2Fsvg%3E\" data-orig-src=\"https:\/\/lh5.googleusercontent.com\/-yadysbvJRjs\/VIv-VQm286I\/AAAAAAAAHZs\/8u9OqYcF_70\/w400-h267-no\/korce%2B4.jpg\" height=\"161\" width=\"241\" \/><\/span><\/span><\/span><\/div>\n<\/td>\n<td>\n<div style=\"text-align: justify;\"><span style=\"color: #000000;\"><span style=\"font-family: tahoma,geneva,sans-serif;\"><span style=\"font-size: 12px;\">&nbsp;&nbsp;&nbsp; Every suffering which comes into our lives and we see as a punishment is often not so, but in fact something that helps us to understand life more deeply.&nbsp; Not only those who are religious, but also many philosophers have said that there can be no mental leap or transcendence without some kind of suffering.&nbsp; Suffering often breaks through that crust which covers the spirit which otherwise is unable to understand the great tragedy of sin and the salvation of God.<\/span><\/span><\/span><br \/> &nbsp;<\/div>\n<\/td>\n<\/tr>\n<tr>\n<td>\n<div style=\"text-align: justify;\"><span style=\"color: #000000;\"><span style=\"font-family: tahoma,geneva,sans-serif;\"><span style=\"font-size: 12px;\">&nbsp;&nbsp;&nbsp; If only we would come near and taste a little of the mystery of the Lord, then we would understand what a treasure we lose in not tasting it.&nbsp; &#8230; So, during this week, let us try to taste something of that which the Church offers us through her services,&nbsp; and through this our spirit will find peace, will be filled with compassion and will be able to understand things which we had not understood before.\u201d<\/span><\/span><\/span><\/div>\n<\/td>\n<td>\n<div><span style=\"color: #000000;\"><span style=\"font-family: tahoma,geneva,sans-serif;\"><span style=\"font-size: 12px;\"><img decoding=\"async\" class=\"lazyload HAa Eha\" style=\"border-width: 1px; border-style: solid; margin: 10px auto; display: block;\" alt=\"\" src=\"data:image\/svg+xml,%3Csvg%20xmlns%3D%27http%3A%2F%2Fwww.w3.org%2F2000%2Fsvg%27%20width%3D%27281%27%20height%3D%27210%27%20viewBox%3D%270%200%20281%20210%27%3E%3Crect%20width%3D%27281%27%20height%3D%27210%27%20fill-opacity%3D%220%22%2F%3E%3C%2Fsvg%3E\" data-orig-src=\"https:\/\/lh4.googleusercontent.com\/-MhDgwAafqL8\/VIv-VkPivOI\/AAAAAAAAHaA\/hF7VHwOecWI\/w400-h300-no\/korce%2B5.jpg\" height=\"210\" width=\"281\" \/><\/span><\/span><\/span><\/div>\n<\/td>\n<\/tr>\n<tr>\n<td>\n<div><span style=\"color: #000000;\"><span style=\"font-family: tahoma,geneva,sans-serif;\"><span style=\"font-size: 12px;\"><img decoding=\"async\" class=\"lazyload HAa Eha\" style=\"border-width: 1px; border-style: solid; margin: 10px auto; display: block;\" alt=\"\" src=\"data:image\/svg+xml,%3Csvg%20xmlns%3D%27http%3A%2F%2Fwww.w3.org%2F2000%2Fsvg%27%20width%3D%27239%27%20height%3D%27179%27%20viewBox%3D%270%200%20239%20179%27%3E%3Crect%20width%3D%27239%27%20height%3D%27179%27%20fill-opacity%3D%220%22%2F%3E%3C%2Fsvg%3E\" data-orig-src=\"https:\/\/lh6.googleusercontent.com\/-vq3y0AYIXCA\/VIv-V-BjsfI\/AAAAAAAAHZ0\/RZLMSMg2Yn8\/w400-h300-no\/korce%2B6.jpg\" height=\"179\" width=\"239\" \/><\/span><\/span><\/span><\/div>\n<\/td>\n<td>\n<div style=\"text-align: justify;\"><span style=\"color: #000000;\"><span style=\"font-family: tahoma,geneva,sans-serif;\"><span style=\"font-size: 12px;\">&nbsp;&nbsp;&nbsp; More people took part in the Holy Wednesday evening service which took place according to tradition in the Cathedral of the Life giving Fount.&nbsp; His Grace Joani celebrated the service of Holy Unction.<\/span><\/span><\/span><\/div>\n<\/td>\n<\/tr>\n<tr>\n<td>\n<div style=\"text-align: justify;\"><span style=\"color: #000000;\"><span style=\"font-family: tahoma,geneva,sans-serif;\"><span style=\"font-size: 12px;\">&nbsp;&nbsp;&nbsp; On Holy Thursday the services continued in all the churches when in the evening Christ hanging on the Cross was placed in the middle of the church after which tens of thousands of people kneeled before He who was Crucified.<\/span><\/span><\/span><\/div>\n<\/td>\n<td>\n<div><span style=\"color: #000000;\"><span style=\"font-family: tahoma,geneva,sans-serif;\"><span style=\"font-size: 12px;\"><img decoding=\"async\" class=\"lazyload HAa Eha\" style=\"border-width: 1px; border-style: solid; margin: 10px auto; display: block;\" alt=\"\" src=\"data:image\/svg+xml,%3Csvg%20xmlns%3D%27http%3A%2F%2Fwww.w3.org%2F2000%2Fsvg%27%20width%3D%27272%27%20height%3D%27204%27%20viewBox%3D%270%200%20272%20204%27%3E%3Crect%20width%3D%27272%27%20height%3D%27204%27%20fill-opacity%3D%220%22%2F%3E%3C%2Fsvg%3E\" data-orig-src=\"https:\/\/lh3.googleusercontent.com\/-WS0CbMN8--k\/VIv-W5yWESI\/AAAAAAAAHZ8\/1ASjpEViU_k\/w400-h300-no\/korce%2B7.jpg\" height=\"204\" width=\"272\" \/><\/span><\/span><\/span><\/div>\n<\/td>\n<\/tr>\n<tr>\n<td dir=\"ltr\" colspan=\"2\">\n<div style=\"text-align: justify;\"><span style=\"color: #000000;\"><span style=\"font-family: tahoma,geneva,sans-serif;\"><span style=\"font-size: 12px;\">&nbsp;&nbsp;&nbsp; On Thursday the Korca City Government put 10 wooden homes in the square in front of the cathedral and the according to an old Korcar tradition the pottery fair was held.&nbsp; The tradition is taken from the gospel where the money which Judas returned after his betrayal of the Lord was used to buy a potter\u2019s field and so according to tradition everyone buys pottery in memory of this event.<\/span><\/span><\/span><\/div>\n<div style=\"text-align: justify;\">&nbsp;<\/div>\n<div style=\"text-align: justify;\"><span style=\"color: #000000;\"><span style=\"font-family: tahoma,geneva,sans-serif;\"><span style=\"font-size: 12px;\">&nbsp;&nbsp;&nbsp; Taking the Lord down from the Cross was commemorated in a service on Friday.&nbsp; The moments after this event, the city was filled with church bells ringing out in mourning.&nbsp; Again thousands of people venerated the Epitafion of the Lord.&nbsp; On this day another tradition has developed though it is unknown when and where this tradition began.&nbsp; Everyone goes and takes leave of the Epitafion in all the churches as a sign of thankfulness and appreciation for the ultimate sacrifice which the Lord made for mankind.&nbsp; This tradition makes it so that in the city the whole day is not overwhelmed by natural feelings of mourning.&nbsp; The Service of Lamentations for the Lord\u2019s burial on Friday evening brings the believers out from the various churches to the central square where they meet with 5 Epitafions and make a procession together around the city.&nbsp; As this procession continues the city band accompanies the Epitafions with funeral marches and with melodies from the third stanza of the Lamentations&nbsp; \u201cAll generations&#8230;\u201d&nbsp; The procession is followed by thousands of people as the procession continues around the inner ring of the city.&nbsp; Finally the five churches separate and go into their own churches and so closes this mournful and joyful day, where the Cross passes into the Resurrection and death into life.<\/span><\/span><\/span><\/div>\n<div style=\"text-align: justify;\">&nbsp;<\/div>\n<div style=\"text-align: justify;\"><span style=\"color: #000000;\"><span style=\"font-family: tahoma,geneva,sans-serif;\"><span style=\"font-size: 12px;\">&nbsp;&nbsp;&nbsp; The feast days naturally reach the culmination at midnight on Saturday.&nbsp; The Metropolitan of Korca, His Grace Joani declared the joyful and triumphant news of the Resurrection that <strong>\u201cChrist is risen from the dead and by death He has trampled down upon death, and to those in the tombs He has bestowed life\u201d<\/strong>.&nbsp; He continued saying, \u201cThis famous hymn of the Church proclaims that which we commemorate with such joy \u2013 the conquering of death and the gift of life.&nbsp; We all know and sing this hymn, but when we repeat something often and don\u2019t stop to think about its inner meaning and meditate on it, it loses its meaning.&nbsp; If we were to become more conscientious of this troparion\u2019s meaning, if we were to become more aware of everyone of its words, then our joy would be beyond words, our gladness would be ineffable and our life would take on meaning, hope, and joy.<\/span><\/span><\/span><\/div>\n<div style=\"text-align: justify;\">&nbsp;<\/div>\n<div style=\"text-align: justify;\"><span style=\"color: #000000;\"><span style=\"font-family: tahoma,geneva,sans-serif;\"><span style=\"font-size: 12px;\">&nbsp;&nbsp;&nbsp; The human being is a joining of soul and body and death is the common enemy of all mankind, because it strikes man in the essence of his being by separating body and soul and thereby destroying the human person.&nbsp; Every human strength is powerless before death.&nbsp; No one is saved from death and that is the last station of every person.<\/span><\/span><\/span><\/div>\n<div style=\"text-align: justify;\">&nbsp;<\/div>\n<div style=\"text-align: justify;\"><span style=\"color: #000000;\"><span style=\"font-family: tahoma,geneva,sans-serif;\"><span style=\"font-size: 12px;\">&nbsp;&nbsp;&nbsp; Seen from this perspective, life would be a sadness and the world a place of despair.&nbsp; This is how it would be if death were not conquered.&nbsp; This is how it would be if it weren\u2019t for the Lord.&nbsp; Therefore Pascha is not only the most important event in the history of creation but its also a great gladness because the Lord conquered death and made it possible to regain the integrity of mankind.&nbsp; In overcoming it, He opened the way for all of us, that in living with Him in this temporary life, we will win the life without end.&nbsp; So we sing with joy for the conquering of death and the Resurrection of the Lord.\u201d<\/span><\/span><\/span><\/div>\n<div style=\"text-align: justify;\">&nbsp;<\/div>\n<div style=\"text-align: justify;\"><span style=\"color: #000000;\"><span style=\"font-family: tahoma,geneva,sans-serif;\"><span style=\"font-size: 12px;\">&nbsp;&nbsp;&nbsp; On Sunday as is tradition the Vespers of Love was celebrated, which in Korca is always held in the church of the Life giving Fount.&nbsp; Later from the balcony of the Holy Metropolis building, His Grace Metropolitan Joan proclaims once again the news of the Resurrection which the people of Korca know by the name \u201cDhefteri Anastasi\u201d, The Second Resurrection.&nbsp; The day closed with a reception attended by deputies, local authorities, celebrities of the arts and culture, academics, and hundreds of believers who with the greeting \u201cChrist is Risen\u201d took the fatherly blessing of the Metropolitan Joan.&nbsp; Everything was filled with the greeting \u201cChrist is Risen\u201d!<\/span><\/span><\/span><\/div>\n<div>&nbsp;<\/div>\n<div>&nbsp;<\/div>\n<\/td>\n<\/tr>\n<tr>\n<td>\n<div><span style=\"color: #000000;\"><span style=\"font-family: tahoma,geneva,sans-serif;\"><span style=\"font-size: 12px;\"><strong>By Mihal Sonellari<\/strong><\/span><\/span><\/span><\/div>\n<div><span style=\"color: #000000;\"><span style=\"font-family: tahoma,geneva,sans-serif;\"><span style=\"font-size: 12px;\"><strong>Translated and edited by Georgia Bendo<\/strong><\/span><\/span><\/span><\/div>\n<\/td>\n<td>\n<div>&nbsp;<\/div>\n<\/td>\n<\/tr>\n<\/tbody>\n<\/table>\n<div>&nbsp;<\/div>\n<\/td>\n<td>\n<div>&nbsp;<\/div>\n<\/td>\n<\/tr>\n<tr>\n<td>\n<div>&nbsp;<\/div>\n<\/td>\n<\/tr>\n<tr>\n<td>\n<div>&nbsp;<\/div>\n<\/td>\n<\/tr>\n<tr>\n<td>\n<div>&nbsp;<\/div>\n<\/td>\n<\/tr>\n<tr>\n<td>\n<div>&nbsp;<\/div>\n<\/td>\n<\/tr>\n<\/tbody>\n<\/table>\n<div><span style=\"color: #000000;\"><span style=\"font-family: tahoma,geneva,sans-serif;\"><span style=\"font-size: 12px;\">&nbsp;&nbsp;&nbsp;&nbsp;&nbsp;&nbsp;&nbsp;&nbsp;&nbsp;&nbsp;&nbsp;&nbsp;&nbsp;&nbsp;&nbsp;&nbsp;&nbsp;&nbsp;&nbsp;&nbsp;&nbsp;&nbsp;&nbsp;&nbsp;&nbsp;&nbsp;&nbsp;&nbsp;&nbsp;&nbsp;&nbsp;&nbsp;&nbsp;&nbsp;&nbsp;&nbsp;&nbsp;&nbsp;&nbsp;&nbsp;&nbsp;&nbsp;&nbsp;&nbsp;&nbsp;&nbsp;&nbsp;&nbsp;&nbsp;&nbsp;&nbsp;&nbsp;&nbsp;&nbsp;&nbsp;&nbsp;&nbsp;&nbsp;&nbsp;&nbsp;&nbsp;&nbsp;&nbsp;&nbsp;&nbsp;&nbsp;&nbsp;&nbsp;&nbsp;&nbsp;&nbsp;&nbsp;&nbsp;&nbsp;&nbsp;&nbsp;&nbsp;&nbsp;&nbsp;&nbsp;&nbsp;<\/span><\/span><\/span><\/div>\n<\/td>\n<\/tr>\n<\/tbody>\n<\/table>\n","protected":false},"excerpt":{"rendered":"<p>&nbsp; &nbsp;&nbsp;&nbsp; As usual in Korca, the Paschal atmosphere could be felt as early as Palm Sunday which marks the closing of Great Lent and the beginning of the Holy Week.&nbsp; The churches were beautifully decorated, the prayers and services became more intense, and the city was decked out in banners with paschal greetings. &nbsp;&nbsp;&nbsp; All the churches in the city celebrated the services and<\/p>\n","protected":false},"author":7,"featured_media":0,"comment_status":"open","ping_status":"open","sticky":false,"template":"","format":"standard","meta":{"_acf_changed":false,"pagelayer_contact_templates":[],"_pagelayer_content":"","inline_featured_image":false,"fifu_image_url":"","fifu_image_alt":"","footnotes":""},"categories":[1455,311],"tags":[1121,1816],"class_list":["post-1060","post","type-post","status-publish","format-standard","hentry","category-news-en","category-news-d25","tag-2008-en","tag-pashke-en"],"acf":[],"yoast_head":"<!-- This site is optimized with the Yoast SEO plugin v27.2 - https:\/\/yoast.com\/product\/yoast-seo-wordpress\/ -->\n<title>Pascha in Kor\u00e7a. (2008) - Kisha Orthodh\u03bfkse Autoqefale e Shqip\u00ebris\u00eb<\/title>\n<meta name=\"robots\" content=\"index, follow, max-snippet:-1, max-image-preview:large, max-video-preview:-1\" \/>\n<link rel=\"canonical\" href=\"https:\/\/orthodoxalbania.org\/2020\/en\/2008\/02\/26\/pascha-in-korca-2008\/\" \/>\n<meta property=\"og:locale\" content=\"en_US\" \/>\n<meta property=\"og:type\" content=\"article\" \/>\n<meta property=\"og:title\" content=\"Pascha in Kor\u00e7a. (2008) - Kisha Orthodh\u03bfkse Autoqefale e Shqip\u00ebris\u00eb\" \/>\n<meta property=\"og:description\" content=\"&nbsp; &nbsp;&nbsp;&nbsp; As usual in Korca, the Paschal atmosphere could be felt as early as Palm Sunday which marks the closing of Great Lent and the beginning of the Holy Week.&nbsp; The churches were beautifully decorated, the prayers and services became more intense, and the city was decked out in banners with paschal greetings. &nbsp;&nbsp;&nbsp; All the churches in the city celebrated the services and\" \/>\n<meta property=\"og:url\" content=\"https:\/\/orthodoxalbania.org\/2020\/en\/2008\/02\/26\/pascha-in-korca-2008\/\" \/>\n<meta property=\"og:site_name\" content=\"Kisha Orthodh\u03bfkse Autoqefale e Shqip\u00ebris\u00eb\" \/>\n<meta property=\"article:publisher\" content=\"https:\/\/www.facebook.com\/koash1991\" \/>\n<meta property=\"article:published_time\" content=\"2008-02-26T00:00:09+00:00\" \/>\n<meta property=\"article:modified_time\" content=\"2020-04-12T22:31:23+00:00\" \/>\n<meta property=\"og:image\" content=\"https:\/\/lh5.googleusercontent.com\/-IgXiiWqlXMM\/VIv-U-1sFHI\/AAAAAAAAHZk\/LJ5Ttp0fha0\/w400-h300-no\/korce%2B1.jpg\" \/>\n<meta name=\"author\" content=\"Kisha Orthodhokse\" \/>\n<meta name=\"twitter:card\" content=\"summary_large_image\" \/>\n<meta name=\"twitter:label1\" content=\"Written by\" \/>\n\t<meta name=\"twitter:data1\" content=\"Kisha Orthodhokse\" \/>\n\t<meta name=\"twitter:label2\" content=\"Est. reading time\" \/>\n\t<meta name=\"twitter:data2\" content=\"7 minutes\" \/>\n<script type=\"application\/ld+json\" class=\"yoast-schema-graph\">{\"@context\":\"https:\/\/schema.org\",\"@graph\":[{\"@type\":\"Article\",\"@id\":\"https:\/\/orthodoxalbania.org\/2020\/en\/2008\/02\/26\/pascha-in-korca-2008\/#article\",\"isPartOf\":{\"@id\":\"https:\/\/orthodoxalbania.org\/2020\/en\/2008\/02\/26\/pascha-in-korca-2008\/\"},\"author\":{\"name\":\"Kisha Orthodhokse\",\"@id\":\"https:\/\/orthodoxalbania.org\/2020\/#\/schema\/person\/df745f942b70e045b3dc05a30211f0de\"},\"headline\":\"Pascha in Kor\u00e7a. (2008)\",\"datePublished\":\"2008-02-26T00:00:09+00:00\",\"dateModified\":\"2020-04-12T22:31:23+00:00\",\"mainEntityOfPage\":{\"@id\":\"https:\/\/orthodoxalbania.org\/2020\/en\/2008\/02\/26\/pascha-in-korca-2008\/\"},\"wordCount\":1350,\"commentCount\":0,\"publisher\":{\"@id\":\"https:\/\/orthodoxalbania.org\/2020\/#organization\"},\"image\":{\"@id\":\"https:\/\/orthodoxalbania.org\/2020\/en\/2008\/02\/26\/pascha-in-korca-2008\/#primaryimage\"},\"thumbnailUrl\":\"https:\/\/lh5.googleusercontent.com\/-IgXiiWqlXMM\/VIv-U-1sFHI\/AAAAAAAAHZk\/LJ5Ttp0fha0\/w400-h300-no\/korce%2B1.jpg\",\"keywords\":[\"2008\",\"Pashk\u00eb\"],\"articleSection\":[\"News - \u0395\u039d\",\"News old page\"],\"inLanguage\":\"en-US\"},{\"@type\":\"WebPage\",\"@id\":\"https:\/\/orthodoxalbania.org\/2020\/en\/2008\/02\/26\/pascha-in-korca-2008\/\",\"url\":\"https:\/\/orthodoxalbania.org\/2020\/en\/2008\/02\/26\/pascha-in-korca-2008\/\",\"name\":\"Pascha in Kor\u00e7a. (2008) - Kisha Orthodh\u03bfkse Autoqefale e Shqip\u00ebris\u00eb\",\"isPartOf\":{\"@id\":\"https:\/\/orthodoxalbania.org\/2020\/#website\"},\"primaryImageOfPage\":{\"@id\":\"https:\/\/orthodoxalbania.org\/2020\/en\/2008\/02\/26\/pascha-in-korca-2008\/#primaryimage\"},\"image\":{\"@id\":\"https:\/\/orthodoxalbania.org\/2020\/en\/2008\/02\/26\/pascha-in-korca-2008\/#primaryimage\"},\"thumbnailUrl\":\"https:\/\/lh5.googleusercontent.com\/-IgXiiWqlXMM\/VIv-U-1sFHI\/AAAAAAAAHZk\/LJ5Ttp0fha0\/w400-h300-no\/korce%2B1.jpg\",\"datePublished\":\"2008-02-26T00:00:09+00:00\",\"dateModified\":\"2020-04-12T22:31:23+00:00\",\"breadcrumb\":{\"@id\":\"https:\/\/orthodoxalbania.org\/2020\/en\/2008\/02\/26\/pascha-in-korca-2008\/#breadcrumb\"},\"inLanguage\":\"en-US\",\"potentialAction\":[{\"@type\":\"ReadAction\",\"target\":[\"https:\/\/orthodoxalbania.org\/2020\/en\/2008\/02\/26\/pascha-in-korca-2008\/\"]}]},{\"@type\":\"ImageObject\",\"inLanguage\":\"en-US\",\"@id\":\"https:\/\/orthodoxalbania.org\/2020\/en\/2008\/02\/26\/pascha-in-korca-2008\/#primaryimage\",\"url\":\"https:\/\/lh5.googleusercontent.com\/-IgXiiWqlXMM\/VIv-U-1sFHI\/AAAAAAAAHZk\/LJ5Ttp0fha0\/w400-h300-no\/korce%2B1.jpg\",\"contentUrl\":\"https:\/\/lh5.googleusercontent.com\/-IgXiiWqlXMM\/VIv-U-1sFHI\/AAAAAAAAHZk\/LJ5Ttp0fha0\/w400-h300-no\/korce%2B1.jpg\"},{\"@type\":\"BreadcrumbList\",\"@id\":\"https:\/\/orthodoxalbania.org\/2020\/en\/2008\/02\/26\/pascha-in-korca-2008\/#breadcrumb\",\"itemListElement\":[{\"@type\":\"ListItem\",\"position\":1,\"name\":\"Home\",\"item\":\"https:\/\/orthodoxalbania.org\/2020\/\"},{\"@type\":\"ListItem\",\"position\":2,\"name\":\"Pascha in Kor\u00e7a. (2008)\"}]},{\"@type\":\"WebSite\",\"@id\":\"https:\/\/orthodoxalbania.org\/2020\/#website\",\"url\":\"https:\/\/orthodoxalbania.org\/2020\/\",\"name\":\"Kisha Orthodh\u03bfkse Autoqefale e Shqip\u00ebris\u00eb\",\"description\":\"Fqja Zyrtare e Kish\u00ebs Orthodhokse Autoqefale e Shqip\u00ebris\u00eb me lajmet edhe informacionet zyrtare p\u00ebr struktur\u00ebn edhe veprimtarin e saj.\",\"publisher\":{\"@id\":\"https:\/\/orthodoxalbania.org\/2020\/#organization\"},\"potentialAction\":[{\"@type\":\"SearchAction\",\"target\":{\"@type\":\"EntryPoint\",\"urlTemplate\":\"https:\/\/orthodoxalbania.org\/2020\/?s={search_term_string}\"},\"query-input\":{\"@type\":\"PropertyValueSpecification\",\"valueRequired\":true,\"valueName\":\"search_term_string\"}}],\"inLanguage\":\"en-US\"},{\"@type\":\"Organization\",\"@id\":\"https:\/\/orthodoxalbania.org\/2020\/#organization\",\"name\":\"Kisha Orthodhokse Autoqefale e Shqip\u00ebris\u00eb\",\"url\":\"https:\/\/orthodoxalbania.org\/2020\/\",\"logo\":{\"@type\":\"ImageObject\",\"inLanguage\":\"en-US\",\"@id\":\"https:\/\/orthodoxalbania.org\/2020\/#\/schema\/logo\/image\/\",\"url\":\"https:\/\/orthodoxalbania.org\/2020\/wp-content\/uploads\/2020\/05\/albania.jpeg\",\"contentUrl\":\"https:\/\/orthodoxalbania.org\/2020\/wp-content\/uploads\/2020\/05\/albania.jpeg\",\"width\":540,\"height\":540,\"caption\":\"Kisha Orthodhokse Autoqefale e Shqip\u00ebris\u00eb\"},\"image\":{\"@id\":\"https:\/\/orthodoxalbania.org\/2020\/#\/schema\/logo\/image\/\"},\"sameAs\":[\"https:\/\/www.facebook.com\/koash1991\"]},{\"@type\":\"Person\",\"@id\":\"https:\/\/orthodoxalbania.org\/2020\/#\/schema\/person\/df745f942b70e045b3dc05a30211f0de\",\"name\":\"Kisha Orthodhokse\",\"image\":{\"@type\":\"ImageObject\",\"inLanguage\":\"en-US\",\"@id\":\"https:\/\/secure.gravatar.com\/avatar\/2676eb8d97178435c9f691a7871595a1da6c33542dec218bce40885573150e28?s=96&d=mm&r=g\",\"url\":\"https:\/\/secure.gravatar.com\/avatar\/2676eb8d97178435c9f691a7871595a1da6c33542dec218bce40885573150e28?s=96&d=mm&r=g\",\"contentUrl\":\"https:\/\/secure.gravatar.com\/avatar\/2676eb8d97178435c9f691a7871595a1da6c33542dec218bce40885573150e28?s=96&d=mm&r=g\",\"caption\":\"Kisha Orthodhokse\"}}]}<\/script>\n<!-- \/ Yoast SEO plugin. -->","yoast_head_json":{"title":"Pascha in Kor\u00e7a. (2008) - Kisha Orthodh\u03bfkse Autoqefale e Shqip\u00ebris\u00eb","robots":{"index":"index","follow":"follow","max-snippet":"max-snippet:-1","max-image-preview":"max-image-preview:large","max-video-preview":"max-video-preview:-1"},"canonical":"https:\/\/orthodoxalbania.org\/2020\/en\/2008\/02\/26\/pascha-in-korca-2008\/","og_locale":"en_US","og_type":"article","og_title":"Pascha in Kor\u00e7a. (2008) - Kisha Orthodh\u03bfkse Autoqefale e Shqip\u00ebris\u00eb","og_description":"&nbsp; &nbsp;&nbsp;&nbsp; As usual in Korca, the Paschal atmosphere could be felt as early as Palm Sunday which marks the closing of Great Lent and the beginning of the Holy Week.&nbsp; The churches were beautifully decorated, the prayers and services became more intense, and the city was decked out in banners with paschal greetings. &nbsp;&nbsp;&nbsp; All the churches in the city celebrated the services and","og_url":"https:\/\/orthodoxalbania.org\/2020\/en\/2008\/02\/26\/pascha-in-korca-2008\/","og_site_name":"Kisha Orthodh\u03bfkse Autoqefale e Shqip\u00ebris\u00eb","article_publisher":"https:\/\/www.facebook.com\/koash1991","article_published_time":"2008-02-26T00:00:09+00:00","article_modified_time":"2020-04-12T22:31:23+00:00","og_image":[{"url":"https:\/\/lh5.googleusercontent.com\/-IgXiiWqlXMM\/VIv-U-1sFHI\/AAAAAAAAHZk\/LJ5Ttp0fha0\/w400-h300-no\/korce%2B1.jpg","type":"","width":"","height":""}],"author":"Kisha Orthodhokse","twitter_card":"summary_large_image","twitter_misc":{"Written by":"Kisha Orthodhokse","Est. reading time":"7 minutes"},"schema":{"@context":"https:\/\/schema.org","@graph":[{"@type":"Article","@id":"https:\/\/orthodoxalbania.org\/2020\/en\/2008\/02\/26\/pascha-in-korca-2008\/#article","isPartOf":{"@id":"https:\/\/orthodoxalbania.org\/2020\/en\/2008\/02\/26\/pascha-in-korca-2008\/"},"author":{"name":"Kisha Orthodhokse","@id":"https:\/\/orthodoxalbania.org\/2020\/#\/schema\/person\/df745f942b70e045b3dc05a30211f0de"},"headline":"Pascha in Kor\u00e7a. (2008)","datePublished":"2008-02-26T00:00:09+00:00","dateModified":"2020-04-12T22:31:23+00:00","mainEntityOfPage":{"@id":"https:\/\/orthodoxalbania.org\/2020\/en\/2008\/02\/26\/pascha-in-korca-2008\/"},"wordCount":1350,"commentCount":0,"publisher":{"@id":"https:\/\/orthodoxalbania.org\/2020\/#organization"},"image":{"@id":"https:\/\/orthodoxalbania.org\/2020\/en\/2008\/02\/26\/pascha-in-korca-2008\/#primaryimage"},"thumbnailUrl":"https:\/\/lh5.googleusercontent.com\/-IgXiiWqlXMM\/VIv-U-1sFHI\/AAAAAAAAHZk\/LJ5Ttp0fha0\/w400-h300-no\/korce%2B1.jpg","keywords":["2008","Pashk\u00eb"],"articleSection":["News - \u0395\u039d","News old page"],"inLanguage":"en-US"},{"@type":"WebPage","@id":"https:\/\/orthodoxalbania.org\/2020\/en\/2008\/02\/26\/pascha-in-korca-2008\/","url":"https:\/\/orthodoxalbania.org\/2020\/en\/2008\/02\/26\/pascha-in-korca-2008\/","name":"Pascha in Kor\u00e7a. (2008) - Kisha Orthodh\u03bfkse Autoqefale e Shqip\u00ebris\u00eb","isPartOf":{"@id":"https:\/\/orthodoxalbania.org\/2020\/#website"},"primaryImageOfPage":{"@id":"https:\/\/orthodoxalbania.org\/2020\/en\/2008\/02\/26\/pascha-in-korca-2008\/#primaryimage"},"image":{"@id":"https:\/\/orthodoxalbania.org\/2020\/en\/2008\/02\/26\/pascha-in-korca-2008\/#primaryimage"},"thumbnailUrl":"https:\/\/lh5.googleusercontent.com\/-IgXiiWqlXMM\/VIv-U-1sFHI\/AAAAAAAAHZk\/LJ5Ttp0fha0\/w400-h300-no\/korce%2B1.jpg","datePublished":"2008-02-26T00:00:09+00:00","dateModified":"2020-04-12T22:31:23+00:00","breadcrumb":{"@id":"https:\/\/orthodoxalbania.org\/2020\/en\/2008\/02\/26\/pascha-in-korca-2008\/#breadcrumb"},"inLanguage":"en-US","potentialAction":[{"@type":"ReadAction","target":["https:\/\/orthodoxalbania.org\/2020\/en\/2008\/02\/26\/pascha-in-korca-2008\/"]}]},{"@type":"ImageObject","inLanguage":"en-US","@id":"https:\/\/orthodoxalbania.org\/2020\/en\/2008\/02\/26\/pascha-in-korca-2008\/#primaryimage","url":"https:\/\/lh5.googleusercontent.com\/-IgXiiWqlXMM\/VIv-U-1sFHI\/AAAAAAAAHZk\/LJ5Ttp0fha0\/w400-h300-no\/korce%2B1.jpg","contentUrl":"https:\/\/lh5.googleusercontent.com\/-IgXiiWqlXMM\/VIv-U-1sFHI\/AAAAAAAAHZk\/LJ5Ttp0fha0\/w400-h300-no\/korce%2B1.jpg"},{"@type":"BreadcrumbList","@id":"https:\/\/orthodoxalbania.org\/2020\/en\/2008\/02\/26\/pascha-in-korca-2008\/#breadcrumb","itemListElement":[{"@type":"ListItem","position":1,"name":"Home","item":"https:\/\/orthodoxalbania.org\/2020\/"},{"@type":"ListItem","position":2,"name":"Pascha in Kor\u00e7a. (2008)"}]},{"@type":"WebSite","@id":"https:\/\/orthodoxalbania.org\/2020\/#website","url":"https:\/\/orthodoxalbania.org\/2020\/","name":"Kisha Orthodh\u03bfkse Autoqefale e Shqip\u00ebris\u00eb","description":"Fqja Zyrtare e Kish\u00ebs Orthodhokse Autoqefale e Shqip\u00ebris\u00eb me lajmet edhe informacionet zyrtare p\u00ebr struktur\u00ebn edhe veprimtarin e saj.","publisher":{"@id":"https:\/\/orthodoxalbania.org\/2020\/#organization"},"potentialAction":[{"@type":"SearchAction","target":{"@type":"EntryPoint","urlTemplate":"https:\/\/orthodoxalbania.org\/2020\/?s={search_term_string}"},"query-input":{"@type":"PropertyValueSpecification","valueRequired":true,"valueName":"search_term_string"}}],"inLanguage":"en-US"},{"@type":"Organization","@id":"https:\/\/orthodoxalbania.org\/2020\/#organization","name":"Kisha Orthodhokse Autoqefale e Shqip\u00ebris\u00eb","url":"https:\/\/orthodoxalbania.org\/2020\/","logo":{"@type":"ImageObject","inLanguage":"en-US","@id":"https:\/\/orthodoxalbania.org\/2020\/#\/schema\/logo\/image\/","url":"https:\/\/orthodoxalbania.org\/2020\/wp-content\/uploads\/2020\/05\/albania.jpeg","contentUrl":"https:\/\/orthodoxalbania.org\/2020\/wp-content\/uploads\/2020\/05\/albania.jpeg","width":540,"height":540,"caption":"Kisha Orthodhokse Autoqefale e Shqip\u00ebris\u00eb"},"image":{"@id":"https:\/\/orthodoxalbania.org\/2020\/#\/schema\/logo\/image\/"},"sameAs":["https:\/\/www.facebook.com\/koash1991"]},{"@type":"Person","@id":"https:\/\/orthodoxalbania.org\/2020\/#\/schema\/person\/df745f942b70e045b3dc05a30211f0de","name":"Kisha Orthodhokse","image":{"@type":"ImageObject","inLanguage":"en-US","@id":"https:\/\/secure.gravatar.com\/avatar\/2676eb8d97178435c9f691a7871595a1da6c33542dec218bce40885573150e28?s=96&d=mm&r=g","url":"https:\/\/secure.gravatar.com\/avatar\/2676eb8d97178435c9f691a7871595a1da6c33542dec218bce40885573150e28?s=96&d=mm&r=g","contentUrl":"https:\/\/secure.gravatar.com\/avatar\/2676eb8d97178435c9f691a7871595a1da6c33542dec218bce40885573150e28?s=96&d=mm&r=g","caption":"Kisha Orthodhokse"}}]}},"_links":{"self":[{"href":"https:\/\/orthodoxalbania.org\/2020\/wp-json\/wp\/v2\/posts\/1060","targetHints":{"allow":["GET"]}}],"collection":[{"href":"https:\/\/orthodoxalbania.org\/2020\/wp-json\/wp\/v2\/posts"}],"about":[{"href":"https:\/\/orthodoxalbania.org\/2020\/wp-json\/wp\/v2\/types\/post"}],"author":[{"embeddable":true,"href":"https:\/\/orthodoxalbania.org\/2020\/wp-json\/wp\/v2\/users\/7"}],"replies":[{"embeddable":true,"href":"https:\/\/orthodoxalbania.org\/2020\/wp-json\/wp\/v2\/comments?post=1060"}],"version-history":[{"count":1,"href":"https:\/\/orthodoxalbania.org\/2020\/wp-json\/wp\/v2\/posts\/1060\/revisions"}],"predecessor-version":[{"id":18006,"href":"https:\/\/orthodoxalbania.org\/2020\/wp-json\/wp\/v2\/posts\/1060\/revisions\/18006"}],"wp:attachment":[{"href":"https:\/\/orthodoxalbania.org\/2020\/wp-json\/wp\/v2\/media?parent=1060"}],"wp:term":[{"taxonomy":"category","embeddable":true,"href":"https:\/\/orthodoxalbania.org\/2020\/wp-json\/wp\/v2\/categories?post=1060"},{"taxonomy":"post_tag","embeddable":true,"href":"https:\/\/orthodoxalbania.org\/2020\/wp-json\/wp\/v2\/tags?post=1060"}],"curies":[{"name":"wp","href":"https:\/\/api.w.org\/{rel}","templated":true}]}}