{"id":1059,"date":"2008-02-26T00:00:10","date_gmt":"2008-02-26T00:00:10","guid":{"rendered":""},"modified":"2020-04-13T00:31:23","modified_gmt":"2020-04-12T22:31:23","slug":"pascha-in-different-cities-of-metropolis-of-tirana-december-2008","status":"publish","type":"post","link":"https:\/\/orthodoxalbania.org\/2020\/en\/2008\/02\/26\/pascha-in-different-cities-of-metropolis-of-tirana-december-2008\/","title":{"rendered":"Pascha in different cities of Metropolis of Tirana. (2008)"},"content":{"rendered":"<table id=\"AutoNumber2\" style=\"width: 869px; height: 1893px;\" border=\"0\">\n<tbody>\n<tr>\n<td dir=\"ltr\" colspan=\"2\">\n<div style=\"text-align: justify;\"><span style=\"color: #000000;\"><span style=\"font-family: tahoma,geneva,sans-serif;\"><span style=\"font-size: 12px;\">&nbsp;&nbsp;&nbsp; The joyous paschal greeting \u201cCHRIST IS RISEN! \u2013 HE IS TRULY RISEN!\u201dechoed throughout the orthodox communities of our Church during the feast of feasts. Like the sun of spring, Pascha warmed our hearts and filled the faithful with hope and a sense of renewal. &nbsp;With anticipation, hundreds of faithful spent Holy Week longing for the glorious day of Resurrection of our Lord, Jesus Christ.&nbsp; The light of Resurrection brightened the entire Metropolis of Tirana. Holy Week, and the Resurrection Service in particular, conveyed many deep emotions and feelings. During the service of Resurrection the moving Paschal message of Archbishop Anastasios was read.<\/span><\/span><\/span><\/div>\n<\/td>\n<\/tr>\n<tr>\n<td style=\"width: 491px;\">\n<div style=\"text-align: justify;\"><span style=\"color: #000000;\"><span style=\"font-family: tahoma,geneva,sans-serif;\"><span style=\"font-size: 12px;\">&nbsp;&nbsp;&nbsp; <strong><em>Shkod\u00ebr &#8211;<\/em><\/strong>&nbsp;In the northern city of Shkodra the faithful participated in Holy Week most attentively. The church \u201cThe Birth of Christ\u201d welcomed both the orthodox community and the Malaysian Orthodox minority group that live in Shkodra as well, to share the common joy of Christ\u2019s Resurrection. Fr. Alexander Petanin and his son, Deacon Niko, and Fr. Jovan Koroveshi officiated. The square surrounding the church was filled with candlelight and the prayers of the faithful. On Sunday afternoon there were receptions for the political and cultural authorities to extend their heart-felt greetings.<\/span><\/span><\/span><\/div>\n<\/td>\n<td style=\"width: 511px;\">\n<div><span style=\"color: #000000;\"><span style=\"font-family: tahoma,geneva,sans-serif;\"><span style=\"font-size: 12px;\"><img decoding=\"async\" class=\"lazyload HAa Eha\" style=\"border-width: 1px; border-style: solid; margin: 10px auto; display: block;\" alt=\"\" src=\"data:image\/gif;base64,R0lGODlhAQABAAAAACH5BAEKAAEALAAAAAABAAEAAAICTAEAOw==\" data-orig-src=\"https:\/\/lh5.googleusercontent.com\/-rlsyer1bPNY\/VIv5O1TF4yI\/AAAAAAAAHYE\/h61Q14RexSI\/w400-h303-no\/1%2B-%2Bshkoder.jpg\" \/><\/span><\/span><\/span><\/div>\n<\/td>\n<\/tr>\n<tr>\n<td style=\"width: 491px;\">\n<div><span style=\"color: #000000;\"><span style=\"font-family: tahoma,geneva,sans-serif;\"><span style=\"font-size: 12px;\"><img decoding=\"async\" class=\"lazyload HAa Eha\" style=\"border-width: 1px; border-style: solid; margin: 10px auto; display: block;\" alt=\"\" src=\"data:image\/gif;base64,R0lGODlhAQABAAAAACH5BAEKAAEALAAAAAABAAEAAAICTAEAOw==\" data-orig-src=\"https:\/\/lh6.googleusercontent.com\/-k3Ah7BXQb94\/VIv5O_tB29I\/AAAAAAAAHYI\/HT1XKzY-F-w\/w400-h300-no\/2%2B-%2Bdurres.jpg\" \/><\/span><\/span><\/span><\/div>\n<\/td>\n<td style=\"width: 511px;\">\n<div style=\"text-align: justify;\"><span style=\"color: #000000;\"><span style=\"font-family: tahoma,geneva,sans-serif;\"><span style=\"font-size: 12px;\">&nbsp;&nbsp;&nbsp; <strong><em>Durr\u00ebs<\/em><\/strong> &nbsp;\u2013 At the \u201cApostle Paul and St. Asti Church\u201d, Holy Week was an experience of happiness and dedication to all who attended. The spiritual ministry was lead by Fr. Spiro Tola, Fr. Spiro Qosja and Deacons Spiro Kostoli and Andon Gjonej. His Grace Bishop Nikolla officiated on Holy Thursday. This year the number of faithful who attended exceeded all previous years as well as those who partook of the sacrament of Holy Communion. On Easter Sunday a special reception took place in the church hall for the Defense Minister, Mr. Gazmend Oketa, Mayor Vangjush Dako and other public officials to extend their good wishes. Also, the clergy visited prisoners, to whom the message of Christ\u2019s Resurrection was proclaimed and gifts were distributed to the inmates.&nbsp;<\/span><\/span><\/span><\/div>\n<\/td>\n<\/tr>\n<tr>\n<td style=\"width: 491px;\">\n<div style=\"text-align: justify;\"><span style=\"color: #000000;\"><span style=\"font-family: tahoma,geneva,sans-serif;\"><span style=\"font-size: 12px;\"><strong><em>&nbsp;&nbsp;&nbsp; Elbasan<\/em><\/strong> &#8211; Hundreds of faithful attended the services during Holy Week at St. Nikolla and St. Athanasios. On Holy Wednesday and Friday, the services were conducted by His Grace, Bishop Andon. Holy Week presents a special motivation for the faithful to attend the trials of Our Lord Jesus Christ on a daily basis. They prayed for spiritual growth having in mind the example that Jesus Christ gave them.<\/span><\/span><\/span><\/div>\n<\/td>\n<td style=\"width: 511px;\">\n<div>&nbsp;<\/div>\n<p><span style=\"color: #000000;\"><img decoding=\"async\" class=\"lazyload HAa Eha\" style=\"border-width: 1px; border-style: solid; margin: 10px auto; display: block;\" alt=\"\" src=\"data:image\/gif;base64,R0lGODlhAQABAAAAACH5BAEKAAEALAAAAAABAAEAAAICTAEAOw==\" data-orig-src=\"https:\/\/lh5.googleusercontent.com\/-wxw8QFGu9qk\/VIv5O9sKdwI\/AAAAAAAAHYU\/SdDsrJh_IVM\/w400-h296-no\/3%2B-%2Belbasan.jpg\" \/><\/span><\/p>\n<\/td>\n<\/tr>\n<tr>\n<td style=\"width: 491px;\">\n<div>&nbsp;<\/div>\n<p><span style=\"color: #000000;\"><img decoding=\"async\" class=\"lazyload HAa Eha\" style=\"border-width: 1px; border-style: solid; margin: 10px auto; display: block;\" alt=\"\" src=\"data:image\/gif;base64,R0lGODlhAQABAAAAACH5BAEKAAEALAAAAAABAAEAAAICTAEAOw==\" data-orig-src=\"https:\/\/lh3.googleusercontent.com\/-AmED8DRkNw4\/VIv5PAocUKI\/AAAAAAAAHYA\/oXVrzovBjyA\/w400-h299-no\/4%2B-%2Belbasan.jpg\" \/><\/span><\/p>\n<\/td>\n<td style=\"width: 511px;\">\n<div style=\"text-align: justify;\"><span style=\"color: #000000;\"><span style=\"font-family: tahoma,geneva,sans-serif;\"><span style=\"font-size: 12px;\">&nbsp;&nbsp;&nbsp; According to the clergy who serve here, Paschal celebrations bring together the faithful of other religions as well because, \u2018the Resurrection of Christ is a feast which is celebrated all over the world and its message has no limits\u2019. On Easter Sunday, many dignitaries from the regional government and representatives of various social groups paid visits and greeted the celebrants.&nbsp;<\/span><\/span><\/span><\/div>\n<\/td>\n<\/tr>\n<tr>\n<td style=\"width: 491px;\">\n<div style=\"text-align: justify;\"><span style=\"color: #000000;\"><span style=\"font-family: tahoma,geneva,sans-serif;\"><span style=\"font-size: 12px;\"><strong><em>&nbsp;&nbsp;&nbsp; Kavaj\u00eb<\/em><\/strong> &#8211; Holy Week started in Kavaje with beautiful chanting. The faithful experienced the awesome event that changed the world. The Church has marked this event as the focal point of the liturgical year and has beautifully shaped it with divine magnificence. The orthodox faithful of Kavaja and of the surrounding areas experienced the divine trials, which are both saving and terrifying. They lived with the emotions of His burial and descent to Hell, through which our being ascended from distortion and reached eternal life.<\/span><\/span><\/span><\/div>\n<div style=\"text-align: justify;\">&nbsp;<\/div>\n<\/td>\n<td style=\"width: 511px;\">\n<div><span style=\"color: #000000;\"><span style=\"font-family: tahoma,geneva,sans-serif;\"><span style=\"font-size: 12px;\"><img decoding=\"async\" class=\"lazyload HAa Eha\" style=\"border-width: 1px; border-style: solid; margin: 10px auto; display: block;\" alt=\"\" src=\"data:image\/gif;base64,R0lGODlhAQABAAAAACH5BAEKAAEALAAAAAABAAEAAAICTAEAOw==\" data-orig-src=\"https:\/\/lh5.googleusercontent.com\/-pLth7ablilY\/VIv5Peiza3I\/AAAAAAAAHYM\/TMl2u7iHF8Q\/w400-h259-no\/5%2B-%2Bkavaje.jpg\" \/><\/span><\/span><\/span><\/div>\n<\/td>\n<\/tr>\n<tr>\n<td dir=\"ltr\" colspan=\"2\">\n<div style=\"text-align: justify;\"><span style=\"color: #000000;\"><span style=\"font-family: tahoma,geneva,sans-serif;\"><span style=\"font-size: 12px;\">&nbsp;&nbsp;&nbsp; The services took place in the church of St. Kolli. Everyone claimed \u2018you are the living God who died on the wood, Oh dead, naked and Logos of the living God. You unlocked the gates of Heaven\u2019. Each day carried special emotions until the joyful Holy Sunday of Holy Pascha came, the day in which we celebrate the life-giving resurrection of our Lord and Saviour Jesus Christ.<\/span><\/span><\/span><\/div>\n<div style=\"text-align: justify;\">&nbsp;<\/div>\n<div style=\"text-align: justify;\"><span style=\"color: #000000;\"><span style=\"font-family: tahoma,geneva,sans-serif;\"><span style=\"font-size: 12px;\">&nbsp;&nbsp;&nbsp; \u2018Christ is Risen from the dead. By death He has trampled upon death and to those in the tombs He is bestowing life\u2019&nbsp;<\/span><\/span><\/span><\/div>\n<div style=\"text-align: justify;\">&nbsp;<\/div>\n<div style=\"text-align: justify;\"><span style=\"color: #000000;\"><span style=\"font-family: tahoma,geneva,sans-serif;\"><span style=\"font-size: 12px;\">&nbsp;&nbsp;&nbsp; At the end of this arduous journey the faithful received many messages and commandments regarding their lives, they continued the celebrations keeping this Pascha with them with more love, faith and hope in their hearts.<\/span><\/span><\/span><\/div>\n<div>&nbsp;<\/div>\n<div style=\"margin-left: 3.5in;\">&nbsp;<\/div>\n<\/td>\n<\/tr>\n<tr>\n<td dir=\"ltr\" colspan=\"2\">\n<div><span style=\"color: #000000;\"><span style=\"font-family: tahoma,geneva,sans-serif;\"><span style=\"font-size: 12px;\"><strong>&nbsp;&nbsp;&nbsp;&nbsp; Isidor Koti<\/strong><\/span><\/span><\/span><\/div>\n<div> <span style=\"color: #000000;\"><span style=\"font-family: tahoma,geneva,sans-serif;\"><span style=\"font-size: 12px;\"><strong>&nbsp;&nbsp;&nbsp;&nbsp; <\/strong> Translated by<strong> Juliana Pici<\/strong><\/span><\/span><\/span><\/div>\n<div> <span style=\"color: #000000;\"><span style=\"font-family: tahoma,geneva,sans-serif;\"><span style=\"font-size: 12px;\">&nbsp;&nbsp;&nbsp;&nbsp; Edited by <strong>Melanie Linderman<\/strong><\/span><\/span><\/span><\/div>\n<\/td>\n<\/tr>\n<\/tbody>\n<\/table>\n","protected":false},"excerpt":{"rendered":"<p>&nbsp;&nbsp;&nbsp; The joyous paschal greeting \u201cCHRIST IS RISEN! \u2013 HE IS TRULY RISEN!\u201dechoed throughout the orthodox communities of our Church during the feast of feasts. Like the sun of spring, Pascha warmed our hearts and filled the faithful with hope and a sense of renewal. &nbsp;With anticipation, hundreds of faithful spent Holy Week longing for the glorious day of Resurrection of our Lord, Jesus Christ.&nbsp;<\/p>\n","protected":false},"author":7,"featured_media":0,"comment_status":"open","ping_status":"open","sticky":false,"template":"","format":"standard","meta":{"_acf_changed":false,"pagelayer_contact_templates":[],"_pagelayer_content":"","inline_featured_image":false,"fifu_image_url":"","fifu_image_alt":"","footnotes":""},"categories":[1455,311],"tags":[1121,1816],"class_list":["post-1059","post","type-post","status-publish","format-standard","hentry","category-news-en","category-news-d25","tag-2008-en","tag-pashke-en"],"acf":[],"yoast_head":"<!-- This site is optimized with the Yoast SEO plugin v27.2 - https:\/\/yoast.com\/product\/yoast-seo-wordpress\/ -->\n<title>Pascha in different cities of Metropolis of Tirana. (2008) - Kisha Orthodh\u03bfkse Autoqefale e Shqip\u00ebris\u00eb<\/title>\n<meta name=\"robots\" content=\"index, follow, max-snippet:-1, max-image-preview:large, max-video-preview:-1\" \/>\n<link rel=\"canonical\" href=\"https:\/\/orthodoxalbania.org\/2020\/en\/2008\/02\/26\/pascha-in-different-cities-of-metropolis-of-tirana-december-2008\/\" \/>\n<meta property=\"og:locale\" content=\"en_US\" \/>\n<meta property=\"og:type\" content=\"article\" \/>\n<meta property=\"og:title\" content=\"Pascha in different cities of Metropolis of Tirana. (2008) - Kisha Orthodh\u03bfkse Autoqefale e Shqip\u00ebris\u00eb\" \/>\n<meta property=\"og:description\" content=\"&nbsp;&nbsp;&nbsp; The joyous paschal greeting \u201cCHRIST IS RISEN! \u2013 HE IS TRULY RISEN!\u201dechoed throughout the orthodox communities of our Church during the feast of feasts. Like the sun of spring, Pascha warmed our hearts and filled the faithful with hope and a sense of renewal. &nbsp;With anticipation, hundreds of faithful spent Holy Week longing for the glorious day of Resurrection of our Lord, Jesus Christ.&nbsp;\" \/>\n<meta property=\"og:url\" content=\"https:\/\/orthodoxalbania.org\/2020\/en\/2008\/02\/26\/pascha-in-different-cities-of-metropolis-of-tirana-december-2008\/\" \/>\n<meta property=\"og:site_name\" content=\"Kisha Orthodh\u03bfkse Autoqefale e Shqip\u00ebris\u00eb\" \/>\n<meta property=\"article:publisher\" content=\"https:\/\/www.facebook.com\/koash1991\" \/>\n<meta property=\"article:published_time\" content=\"2008-02-26T00:00:10+00:00\" \/>\n<meta property=\"article:modified_time\" content=\"2020-04-12T22:31:23+00:00\" \/>\n<meta property=\"og:image\" content=\"https:\/\/lh5.googleusercontent.com\/-rlsyer1bPNY\/VIv5O1TF4yI\/AAAAAAAAHYE\/h61Q14RexSI\/w400-h303-no\/1%2B-%2Bshkoder.jpg\" \/>\n<meta name=\"author\" content=\"Kisha Orthodhokse\" \/>\n<meta name=\"twitter:card\" content=\"summary_large_image\" \/>\n<meta name=\"twitter:label1\" content=\"Written by\" \/>\n\t<meta name=\"twitter:data1\" content=\"Kisha Orthodhokse\" \/>\n\t<meta name=\"twitter:label2\" content=\"Est. reading time\" \/>\n\t<meta name=\"twitter:data2\" content=\"4 minutes\" \/>\n<script type=\"application\/ld+json\" class=\"yoast-schema-graph\">{\"@context\":\"https:\/\/schema.org\",\"@graph\":[{\"@type\":\"Article\",\"@id\":\"https:\/\/orthodoxalbania.org\/2020\/en\/2008\/02\/26\/pascha-in-different-cities-of-metropolis-of-tirana-december-2008\/#article\",\"isPartOf\":{\"@id\":\"https:\/\/orthodoxalbania.org\/2020\/en\/2008\/02\/26\/pascha-in-different-cities-of-metropolis-of-tirana-december-2008\/\"},\"author\":{\"name\":\"Kisha Orthodhokse\",\"@id\":\"https:\/\/orthodoxalbania.org\/2020\/#\/schema\/person\/df745f942b70e045b3dc05a30211f0de\"},\"headline\":\"Pascha in different cities of Metropolis of Tirana. (2008)\",\"datePublished\":\"2008-02-26T00:00:10+00:00\",\"dateModified\":\"2020-04-12T22:31:23+00:00\",\"mainEntityOfPage\":{\"@id\":\"https:\/\/orthodoxalbania.org\/2020\/en\/2008\/02\/26\/pascha-in-different-cities-of-metropolis-of-tirana-december-2008\/\"},\"wordCount\":732,\"commentCount\":0,\"publisher\":{\"@id\":\"https:\/\/orthodoxalbania.org\/2020\/#organization\"},\"image\":{\"@id\":\"https:\/\/orthodoxalbania.org\/2020\/en\/2008\/02\/26\/pascha-in-different-cities-of-metropolis-of-tirana-december-2008\/#primaryimage\"},\"thumbnailUrl\":\"https:\/\/lh5.googleusercontent.com\/-rlsyer1bPNY\/VIv5O1TF4yI\/AAAAAAAAHYE\/h61Q14RexSI\/w400-h303-no\/1%2B-%2Bshkoder.jpg\",\"keywords\":[\"2008\",\"Pashk\u00eb\"],\"articleSection\":[\"News - \u0395\u039d\",\"News old page\"],\"inLanguage\":\"en-US\"},{\"@type\":\"WebPage\",\"@id\":\"https:\/\/orthodoxalbania.org\/2020\/en\/2008\/02\/26\/pascha-in-different-cities-of-metropolis-of-tirana-december-2008\/\",\"url\":\"https:\/\/orthodoxalbania.org\/2020\/en\/2008\/02\/26\/pascha-in-different-cities-of-metropolis-of-tirana-december-2008\/\",\"name\":\"Pascha in different cities of Metropolis of Tirana. (2008) - Kisha Orthodh\u03bfkse Autoqefale e Shqip\u00ebris\u00eb\",\"isPartOf\":{\"@id\":\"https:\/\/orthodoxalbania.org\/2020\/#website\"},\"primaryImageOfPage\":{\"@id\":\"https:\/\/orthodoxalbania.org\/2020\/en\/2008\/02\/26\/pascha-in-different-cities-of-metropolis-of-tirana-december-2008\/#primaryimage\"},\"image\":{\"@id\":\"https:\/\/orthodoxalbania.org\/2020\/en\/2008\/02\/26\/pascha-in-different-cities-of-metropolis-of-tirana-december-2008\/#primaryimage\"},\"thumbnailUrl\":\"https:\/\/lh5.googleusercontent.com\/-rlsyer1bPNY\/VIv5O1TF4yI\/AAAAAAAAHYE\/h61Q14RexSI\/w400-h303-no\/1%2B-%2Bshkoder.jpg\",\"datePublished\":\"2008-02-26T00:00:10+00:00\",\"dateModified\":\"2020-04-12T22:31:23+00:00\",\"breadcrumb\":{\"@id\":\"https:\/\/orthodoxalbania.org\/2020\/en\/2008\/02\/26\/pascha-in-different-cities-of-metropolis-of-tirana-december-2008\/#breadcrumb\"},\"inLanguage\":\"en-US\",\"potentialAction\":[{\"@type\":\"ReadAction\",\"target\":[\"https:\/\/orthodoxalbania.org\/2020\/en\/2008\/02\/26\/pascha-in-different-cities-of-metropolis-of-tirana-december-2008\/\"]}]},{\"@type\":\"ImageObject\",\"inLanguage\":\"en-US\",\"@id\":\"https:\/\/orthodoxalbania.org\/2020\/en\/2008\/02\/26\/pascha-in-different-cities-of-metropolis-of-tirana-december-2008\/#primaryimage\",\"url\":\"https:\/\/lh5.googleusercontent.com\/-rlsyer1bPNY\/VIv5O1TF4yI\/AAAAAAAAHYE\/h61Q14RexSI\/w400-h303-no\/1%2B-%2Bshkoder.jpg\",\"contentUrl\":\"https:\/\/lh5.googleusercontent.com\/-rlsyer1bPNY\/VIv5O1TF4yI\/AAAAAAAAHYE\/h61Q14RexSI\/w400-h303-no\/1%2B-%2Bshkoder.jpg\"},{\"@type\":\"BreadcrumbList\",\"@id\":\"https:\/\/orthodoxalbania.org\/2020\/en\/2008\/02\/26\/pascha-in-different-cities-of-metropolis-of-tirana-december-2008\/#breadcrumb\",\"itemListElement\":[{\"@type\":\"ListItem\",\"position\":1,\"name\":\"Home\",\"item\":\"https:\/\/orthodoxalbania.org\/2020\/\"},{\"@type\":\"ListItem\",\"position\":2,\"name\":\"Pascha in different cities of Metropolis of Tirana. (2008)\"}]},{\"@type\":\"WebSite\",\"@id\":\"https:\/\/orthodoxalbania.org\/2020\/#website\",\"url\":\"https:\/\/orthodoxalbania.org\/2020\/\",\"name\":\"Kisha Orthodh\u03bfkse Autoqefale e Shqip\u00ebris\u00eb\",\"description\":\"Fqja Zyrtare e Kish\u00ebs Orthodhokse Autoqefale e Shqip\u00ebris\u00eb me lajmet edhe informacionet zyrtare p\u00ebr struktur\u00ebn edhe veprimtarin e saj.\",\"publisher\":{\"@id\":\"https:\/\/orthodoxalbania.org\/2020\/#organization\"},\"potentialAction\":[{\"@type\":\"SearchAction\",\"target\":{\"@type\":\"EntryPoint\",\"urlTemplate\":\"https:\/\/orthodoxalbania.org\/2020\/?s={search_term_string}\"},\"query-input\":{\"@type\":\"PropertyValueSpecification\",\"valueRequired\":true,\"valueName\":\"search_term_string\"}}],\"inLanguage\":\"en-US\"},{\"@type\":\"Organization\",\"@id\":\"https:\/\/orthodoxalbania.org\/2020\/#organization\",\"name\":\"Kisha Orthodhokse Autoqefale e Shqip\u00ebris\u00eb\",\"url\":\"https:\/\/orthodoxalbania.org\/2020\/\",\"logo\":{\"@type\":\"ImageObject\",\"inLanguage\":\"en-US\",\"@id\":\"https:\/\/orthodoxalbania.org\/2020\/#\/schema\/logo\/image\/\",\"url\":\"https:\/\/orthodoxalbania.org\/2020\/wp-content\/uploads\/2020\/05\/albania.jpeg\",\"contentUrl\":\"https:\/\/orthodoxalbania.org\/2020\/wp-content\/uploads\/2020\/05\/albania.jpeg\",\"width\":540,\"height\":540,\"caption\":\"Kisha Orthodhokse Autoqefale e Shqip\u00ebris\u00eb\"},\"image\":{\"@id\":\"https:\/\/orthodoxalbania.org\/2020\/#\/schema\/logo\/image\/\"},\"sameAs\":[\"https:\/\/www.facebook.com\/koash1991\"]},{\"@type\":\"Person\",\"@id\":\"https:\/\/orthodoxalbania.org\/2020\/#\/schema\/person\/df745f942b70e045b3dc05a30211f0de\",\"name\":\"Kisha Orthodhokse\",\"image\":{\"@type\":\"ImageObject\",\"inLanguage\":\"en-US\",\"@id\":\"https:\/\/secure.gravatar.com\/avatar\/2676eb8d97178435c9f691a7871595a1da6c33542dec218bce40885573150e28?s=96&d=mm&r=g\",\"url\":\"https:\/\/secure.gravatar.com\/avatar\/2676eb8d97178435c9f691a7871595a1da6c33542dec218bce40885573150e28?s=96&d=mm&r=g\",\"contentUrl\":\"https:\/\/secure.gravatar.com\/avatar\/2676eb8d97178435c9f691a7871595a1da6c33542dec218bce40885573150e28?s=96&d=mm&r=g\",\"caption\":\"Kisha Orthodhokse\"}}]}<\/script>\n<!-- \/ Yoast SEO plugin. -->","yoast_head_json":{"title":"Pascha in different cities of Metropolis of Tirana. (2008) - Kisha Orthodh\u03bfkse Autoqefale e Shqip\u00ebris\u00eb","robots":{"index":"index","follow":"follow","max-snippet":"max-snippet:-1","max-image-preview":"max-image-preview:large","max-video-preview":"max-video-preview:-1"},"canonical":"https:\/\/orthodoxalbania.org\/2020\/en\/2008\/02\/26\/pascha-in-different-cities-of-metropolis-of-tirana-december-2008\/","og_locale":"en_US","og_type":"article","og_title":"Pascha in different cities of Metropolis of Tirana. (2008) - Kisha Orthodh\u03bfkse Autoqefale e Shqip\u00ebris\u00eb","og_description":"&nbsp;&nbsp;&nbsp; The joyous paschal greeting \u201cCHRIST IS RISEN! \u2013 HE IS TRULY RISEN!\u201dechoed throughout the orthodox communities of our Church during the feast of feasts. Like the sun of spring, Pascha warmed our hearts and filled the faithful with hope and a sense of renewal. &nbsp;With anticipation, hundreds of faithful spent Holy Week longing for the glorious day of Resurrection of our Lord, Jesus Christ.&nbsp;","og_url":"https:\/\/orthodoxalbania.org\/2020\/en\/2008\/02\/26\/pascha-in-different-cities-of-metropolis-of-tirana-december-2008\/","og_site_name":"Kisha Orthodh\u03bfkse Autoqefale e Shqip\u00ebris\u00eb","article_publisher":"https:\/\/www.facebook.com\/koash1991","article_published_time":"2008-02-26T00:00:10+00:00","article_modified_time":"2020-04-12T22:31:23+00:00","og_image":[{"url":"https:\/\/lh5.googleusercontent.com\/-rlsyer1bPNY\/VIv5O1TF4yI\/AAAAAAAAHYE\/h61Q14RexSI\/w400-h303-no\/1%2B-%2Bshkoder.jpg","type":"","width":"","height":""}],"author":"Kisha Orthodhokse","twitter_card":"summary_large_image","twitter_misc":{"Written by":"Kisha Orthodhokse","Est. reading time":"4 minutes"},"schema":{"@context":"https:\/\/schema.org","@graph":[{"@type":"Article","@id":"https:\/\/orthodoxalbania.org\/2020\/en\/2008\/02\/26\/pascha-in-different-cities-of-metropolis-of-tirana-december-2008\/#article","isPartOf":{"@id":"https:\/\/orthodoxalbania.org\/2020\/en\/2008\/02\/26\/pascha-in-different-cities-of-metropolis-of-tirana-december-2008\/"},"author":{"name":"Kisha Orthodhokse","@id":"https:\/\/orthodoxalbania.org\/2020\/#\/schema\/person\/df745f942b70e045b3dc05a30211f0de"},"headline":"Pascha in different cities of Metropolis of Tirana. (2008)","datePublished":"2008-02-26T00:00:10+00:00","dateModified":"2020-04-12T22:31:23+00:00","mainEntityOfPage":{"@id":"https:\/\/orthodoxalbania.org\/2020\/en\/2008\/02\/26\/pascha-in-different-cities-of-metropolis-of-tirana-december-2008\/"},"wordCount":732,"commentCount":0,"publisher":{"@id":"https:\/\/orthodoxalbania.org\/2020\/#organization"},"image":{"@id":"https:\/\/orthodoxalbania.org\/2020\/en\/2008\/02\/26\/pascha-in-different-cities-of-metropolis-of-tirana-december-2008\/#primaryimage"},"thumbnailUrl":"https:\/\/lh5.googleusercontent.com\/-rlsyer1bPNY\/VIv5O1TF4yI\/AAAAAAAAHYE\/h61Q14RexSI\/w400-h303-no\/1%2B-%2Bshkoder.jpg","keywords":["2008","Pashk\u00eb"],"articleSection":["News - \u0395\u039d","News old page"],"inLanguage":"en-US"},{"@type":"WebPage","@id":"https:\/\/orthodoxalbania.org\/2020\/en\/2008\/02\/26\/pascha-in-different-cities-of-metropolis-of-tirana-december-2008\/","url":"https:\/\/orthodoxalbania.org\/2020\/en\/2008\/02\/26\/pascha-in-different-cities-of-metropolis-of-tirana-december-2008\/","name":"Pascha in different cities of Metropolis of Tirana. (2008) - Kisha Orthodh\u03bfkse Autoqefale e Shqip\u00ebris\u00eb","isPartOf":{"@id":"https:\/\/orthodoxalbania.org\/2020\/#website"},"primaryImageOfPage":{"@id":"https:\/\/orthodoxalbania.org\/2020\/en\/2008\/02\/26\/pascha-in-different-cities-of-metropolis-of-tirana-december-2008\/#primaryimage"},"image":{"@id":"https:\/\/orthodoxalbania.org\/2020\/en\/2008\/02\/26\/pascha-in-different-cities-of-metropolis-of-tirana-december-2008\/#primaryimage"},"thumbnailUrl":"https:\/\/lh5.googleusercontent.com\/-rlsyer1bPNY\/VIv5O1TF4yI\/AAAAAAAAHYE\/h61Q14RexSI\/w400-h303-no\/1%2B-%2Bshkoder.jpg","datePublished":"2008-02-26T00:00:10+00:00","dateModified":"2020-04-12T22:31:23+00:00","breadcrumb":{"@id":"https:\/\/orthodoxalbania.org\/2020\/en\/2008\/02\/26\/pascha-in-different-cities-of-metropolis-of-tirana-december-2008\/#breadcrumb"},"inLanguage":"en-US","potentialAction":[{"@type":"ReadAction","target":["https:\/\/orthodoxalbania.org\/2020\/en\/2008\/02\/26\/pascha-in-different-cities-of-metropolis-of-tirana-december-2008\/"]}]},{"@type":"ImageObject","inLanguage":"en-US","@id":"https:\/\/orthodoxalbania.org\/2020\/en\/2008\/02\/26\/pascha-in-different-cities-of-metropolis-of-tirana-december-2008\/#primaryimage","url":"https:\/\/lh5.googleusercontent.com\/-rlsyer1bPNY\/VIv5O1TF4yI\/AAAAAAAAHYE\/h61Q14RexSI\/w400-h303-no\/1%2B-%2Bshkoder.jpg","contentUrl":"https:\/\/lh5.googleusercontent.com\/-rlsyer1bPNY\/VIv5O1TF4yI\/AAAAAAAAHYE\/h61Q14RexSI\/w400-h303-no\/1%2B-%2Bshkoder.jpg"},{"@type":"BreadcrumbList","@id":"https:\/\/orthodoxalbania.org\/2020\/en\/2008\/02\/26\/pascha-in-different-cities-of-metropolis-of-tirana-december-2008\/#breadcrumb","itemListElement":[{"@type":"ListItem","position":1,"name":"Home","item":"https:\/\/orthodoxalbania.org\/2020\/"},{"@type":"ListItem","position":2,"name":"Pascha in different cities of Metropolis of Tirana. (2008)"}]},{"@type":"WebSite","@id":"https:\/\/orthodoxalbania.org\/2020\/#website","url":"https:\/\/orthodoxalbania.org\/2020\/","name":"Kisha Orthodh\u03bfkse Autoqefale e Shqip\u00ebris\u00eb","description":"Fqja Zyrtare e Kish\u00ebs Orthodhokse Autoqefale e Shqip\u00ebris\u00eb me lajmet edhe informacionet zyrtare p\u00ebr struktur\u00ebn edhe veprimtarin e saj.","publisher":{"@id":"https:\/\/orthodoxalbania.org\/2020\/#organization"},"potentialAction":[{"@type":"SearchAction","target":{"@type":"EntryPoint","urlTemplate":"https:\/\/orthodoxalbania.org\/2020\/?s={search_term_string}"},"query-input":{"@type":"PropertyValueSpecification","valueRequired":true,"valueName":"search_term_string"}}],"inLanguage":"en-US"},{"@type":"Organization","@id":"https:\/\/orthodoxalbania.org\/2020\/#organization","name":"Kisha Orthodhokse Autoqefale e Shqip\u00ebris\u00eb","url":"https:\/\/orthodoxalbania.org\/2020\/","logo":{"@type":"ImageObject","inLanguage":"en-US","@id":"https:\/\/orthodoxalbania.org\/2020\/#\/schema\/logo\/image\/","url":"https:\/\/orthodoxalbania.org\/2020\/wp-content\/uploads\/2020\/05\/albania.jpeg","contentUrl":"https:\/\/orthodoxalbania.org\/2020\/wp-content\/uploads\/2020\/05\/albania.jpeg","width":540,"height":540,"caption":"Kisha Orthodhokse Autoqefale e Shqip\u00ebris\u00eb"},"image":{"@id":"https:\/\/orthodoxalbania.org\/2020\/#\/schema\/logo\/image\/"},"sameAs":["https:\/\/www.facebook.com\/koash1991"]},{"@type":"Person","@id":"https:\/\/orthodoxalbania.org\/2020\/#\/schema\/person\/df745f942b70e045b3dc05a30211f0de","name":"Kisha Orthodhokse","image":{"@type":"ImageObject","inLanguage":"en-US","@id":"https:\/\/secure.gravatar.com\/avatar\/2676eb8d97178435c9f691a7871595a1da6c33542dec218bce40885573150e28?s=96&d=mm&r=g","url":"https:\/\/secure.gravatar.com\/avatar\/2676eb8d97178435c9f691a7871595a1da6c33542dec218bce40885573150e28?s=96&d=mm&r=g","contentUrl":"https:\/\/secure.gravatar.com\/avatar\/2676eb8d97178435c9f691a7871595a1da6c33542dec218bce40885573150e28?s=96&d=mm&r=g","caption":"Kisha Orthodhokse"}}]}},"_links":{"self":[{"href":"https:\/\/orthodoxalbania.org\/2020\/wp-json\/wp\/v2\/posts\/1059","targetHints":{"allow":["GET"]}}],"collection":[{"href":"https:\/\/orthodoxalbania.org\/2020\/wp-json\/wp\/v2\/posts"}],"about":[{"href":"https:\/\/orthodoxalbania.org\/2020\/wp-json\/wp\/v2\/types\/post"}],"author":[{"embeddable":true,"href":"https:\/\/orthodoxalbania.org\/2020\/wp-json\/wp\/v2\/users\/7"}],"replies":[{"embeddable":true,"href":"https:\/\/orthodoxalbania.org\/2020\/wp-json\/wp\/v2\/comments?post=1059"}],"version-history":[{"count":1,"href":"https:\/\/orthodoxalbania.org\/2020\/wp-json\/wp\/v2\/posts\/1059\/revisions"}],"predecessor-version":[{"id":18005,"href":"https:\/\/orthodoxalbania.org\/2020\/wp-json\/wp\/v2\/posts\/1059\/revisions\/18005"}],"wp:attachment":[{"href":"https:\/\/orthodoxalbania.org\/2020\/wp-json\/wp\/v2\/media?parent=1059"}],"wp:term":[{"taxonomy":"category","embeddable":true,"href":"https:\/\/orthodoxalbania.org\/2020\/wp-json\/wp\/v2\/categories?post=1059"},{"taxonomy":"post_tag","embeddable":true,"href":"https:\/\/orthodoxalbania.org\/2020\/wp-json\/wp\/v2\/tags?post=1059"}],"curies":[{"name":"wp","href":"https:\/\/api.w.org\/{rel}","templated":true}]}}