{"id":1057,"date":"2009-03-13T00:00:00","date_gmt":"2009-03-13T00:00:00","guid":{"rendered":""},"modified":"2020-04-06T22:35:14","modified_gmt":"2020-04-06T20:35:14","slug":"papa-dhe-patriarku-i-aleksandrise-dhe-gjithe-afrikes-theodhori-ii-viziton-kliniken-orthodhokse-ungjillezimi-dhe-pritet-me-madheshti-ne-qytetin-e-korces-2009","status":"publish","type":"post","link":"https:\/\/orthodoxalbania.org\/2020\/2009\/03\/13\/papa-dhe-patriarku-i-aleksandrise-dhe-gjithe-afrikes-theodhori-ii-viziton-kliniken-orthodhokse-ungjillezimi-dhe-pritet-me-madheshti-ne-qytetin-e-korces-2009\/","title":{"rendered":"Papa dhe Patriarku i Aleksandris\u00eb dhe gjith\u00eb Afrik\u00ebs, Theodhori II viziton Klinik\u00ebn Orthodhokse \u201cUngjill\u00ebzimi\u201d dhe pritet me madh\u00ebshti n\u00eb qytetin e Kor\u00e7\u00ebs. (2009)"},"content":{"rendered":"<div>&nbsp;<\/div>\n<table style=\"float: left; width: 253px; height: 1962px;\">\n<tbody>\n<tr>\n<th class=\"style4\" scope=\"row\"><span style=\"font-family: tahoma,geneva,sans-serif;\"><span style=\"font-size: 12px;\"><span style=\"color: #000000;\"><img decoding=\"async\" class=\"lazyload HAa Eha\" style=\"height: 133px; width: 200px; border-width: 1px; border-style: solid; margin: 10px auto; display: block;\" alt=\"\" src=\"data:image\/gif;base64,R0lGODlhAQABAAAAACH5BAEKAAEALAAAAAABAAEAAAICTAEAOw==\" data-orig-src=\"https:\/\/lh6.googleusercontent.com\/-PaXm2ZUX624\/VJUvGp6OayI\/AAAAAAAAJPw\/968kYFshZS4\/w900-h600-no\/1.JPG\" \/><\/span><\/span><\/span><\/th>\n<\/tr>\n<tr>\n<td class=\"style4\" style=\"text-align: center;\">\n<div><span style=\"font-family: tahoma,geneva,sans-serif;\"><span style=\"font-size: 12px;\"><span style=\"color: #000000;\"><img decoding=\"async\" class=\"lazyload HAa Eha\" style=\"height: 133px; width: 200px; margin: 10px auto; display: block; border: 1px solid;\" alt=\"\" src=\"data:image\/svg+xml,%3Csvg%20xmlns%3D%27http%3A%2F%2Fwww.w3.org%2F2000%2Fsvg%27%20width%3D%27200%27%20height%3D%27133%27%20viewBox%3D%270%200%20200%20133%27%3E%3Crect%20width%3D%27200%27%20height%3D%27133%27%20fill-opacity%3D%220%22%2F%3E%3C%2Fsvg%3E\" data-orig-src=\"https:\/\/lh5.googleusercontent.com\/-kgL7uAl9pfc\/VJUvHdLGqcI\/AAAAAAAAJQ0\/KqMXwj0S-8Q\/w900-h600-no\/2.JPG\" height=\"133px\" width=\"200px\" \/><\/span><\/span><\/span><\/div>\n<\/td>\n<\/tr>\n<tr>\n<th class=\"style4\" scope=\"row\"><span style=\"font-family: tahoma,geneva,sans-serif;\"><span style=\"font-size: 12px;\"><span style=\"color: #000000;\"><img decoding=\"async\" class=\"lazyload HAa Eha\" style=\"height: 133px; width: 200px; border-width: 1px; border-style: solid; margin: 10px auto; display: block;\" alt=\"\" src=\"data:image\/gif;base64,R0lGODlhAQABAAAAACH5BAEKAAEALAAAAAABAAEAAAICTAEAOw==\" data-orig-src=\"https:\/\/lh6.googleusercontent.com\/-0AO3ay51wGo\/VJUvH6MHj7I\/AAAAAAAAJQI\/vIeE-7bYT_A\/w900-h600-no\/3.JPG\" \/><\/span><\/span><\/span><\/th>\n<\/tr>\n<tr>\n<th class=\"style4\" scope=\"row\"><span style=\"font-family: tahoma,geneva,sans-serif;\"><span style=\"font-size: 12px;\"><span style=\"color: #000000;\"><img decoding=\"async\" class=\"lazyload HAa Eha\" style=\"height: 133px; width: 200px; border-width: 1px; border-style: solid; margin: 10px auto; display: block;\" alt=\"\" src=\"data:image\/gif;base64,R0lGODlhAQABAAAAACH5BAEKAAEALAAAAAABAAEAAAICTAEAOw==\" data-orig-src=\"https:\/\/lh4.googleusercontent.com\/-IC0-ocX9W8s\/VJUvIZKledI\/AAAAAAAAJQM\/5OOw_ixp66E\/w900-h600-no\/4.JPG\" \/><\/span><\/span><\/span><\/th>\n<\/tr>\n<tr>\n<th class=\"style4\" scope=\"row\"><span style=\"font-family: tahoma,geneva,sans-serif;\"><span style=\"font-size: 12px;\"><span style=\"color: #000000;\"><img decoding=\"async\" class=\"lazyload HAa Eha\" style=\"height: 133px; width: 200px; border-width: 1px; border-style: solid; margin: 10px auto; display: block;\" alt=\"\" src=\"data:image\/gif;base64,R0lGODlhAQABAAAAACH5BAEKAAEALAAAAAABAAEAAAICTAEAOw==\" data-orig-src=\"https:\/\/lh6.googleusercontent.com\/-Jw3hm4BDctQ\/VJUvIm0AlLI\/AAAAAAAAJQQ\/9rRMviZrCQs\/w900-h600-no\/5.JPG\" \/><\/span><\/span><\/span><\/th>\n<\/tr>\n<tr>\n<th class=\"style4\" scope=\"row\"><span style=\"font-family: tahoma,geneva,sans-serif;\"><span style=\"font-size: 12px;\"><span style=\"color: #000000;\"><img decoding=\"async\" class=\"lazyload HAa Eha\" style=\"height: 133px; width: 200px; border-width: 1px; border-style: solid; margin: 10px auto; display: block;\" alt=\"\" src=\"data:image\/gif;base64,R0lGODlhAQABAAAAACH5BAEKAAEALAAAAAABAAEAAAICTAEAOw==\" data-orig-src=\"https:\/\/lh3.googleusercontent.com\/-atcCX2djwMo\/VJUvJCUxo0I\/AAAAAAAAJQs\/-tdFj3zWOvk\/w900-h600-no\/6.JPG\" \/><\/span><\/span><\/span><\/th>\n<\/tr>\n<tr>\n<th class=\"style4\" scope=\"row\"><span style=\"font-family: tahoma,geneva,sans-serif;\"><span style=\"font-size: 12px;\"><span style=\"color: #000000;\"><img decoding=\"async\" class=\"lazyload HAa Eha\" style=\"height: 133px; width: 200px; border-width: 1px; border-style: solid; margin: 10px auto; display: block;\" alt=\"\" src=\"data:image\/gif;base64,R0lGODlhAQABAAAAACH5BAEKAAEALAAAAAABAAEAAAICTAEAOw==\" data-orig-src=\"https:\/\/lh3.googleusercontent.com\/--z3bBky-Lrw\/VJUvJuyVCbI\/AAAAAAAAJQg\/X-x7BapDVyk\/w900-h600-no\/7.JPG\" \/><\/span><\/span><\/span><\/th>\n<\/tr>\n<tr>\n<th class=\"style4\" scope=\"row\"><span style=\"font-family: tahoma,geneva,sans-serif;\"><span style=\"font-size: 12px;\"><span style=\"color: #000000;\"><img decoding=\"async\" class=\"lazyload HAa Eha\" style=\"height: 133px; width: 200px; border-width: 1px; border-style: solid; margin: 10px auto; display: block;\" alt=\"\" src=\"data:image\/gif;base64,R0lGODlhAQABAAAAACH5BAEKAAEALAAAAAABAAEAAAICTAEAOw==\" data-orig-src=\"https:\/\/lh6.googleusercontent.com\/-q8eZOFr2ajg\/VJUvKc1XbVI\/AAAAAAAAJQo\/KIYZdTWWaiE\/w900-h600-no\/8.JPG\" \/><\/span><\/span><\/span><\/th>\n<\/tr>\n<tr>\n<th class=\"style4\" scope=\"row\"><span style=\"font-family: tahoma,geneva,sans-serif;\"><span style=\"font-size: 12px;\"><span style=\"color: #000000;\"><img decoding=\"async\" class=\"lazyload HAa Eha\" style=\"height: 133px; width: 200px; border-width: 1px; border-style: solid; margin: 10px auto; display: block;\" alt=\"\" src=\"data:image\/gif;base64,R0lGODlhAQABAAAAACH5BAEKAAEALAAAAAABAAEAAAICTAEAOw==\" data-orig-src=\"https:\/\/lh6.googleusercontent.com\/-E512GNXBSGg\/VJUvK49HfkI\/AAAAAAAAJQw\/Smy64_sNmSk\/w900-h600-no\/9.JPG\" \/><\/span><\/span><\/span><\/th>\n<\/tr>\n<tr>\n<th class=\"style4\" scope=\"row\"><span style=\"font-family: tahoma,geneva,sans-serif;\"><span style=\"font-size: 12px;\"><span style=\"color: #000000;\"><img decoding=\"async\" class=\"lazyload HAa Eha\" style=\"height: 133px; width: 200px; border-width: 1px; border-style: solid; margin: 10px auto; display: block;\" alt=\"\" src=\"data:image\/gif;base64,R0lGODlhAQABAAAAACH5BAEKAAEALAAAAAABAAEAAAICTAEAOw==\" data-orig-src=\"https:\/\/lh4.googleusercontent.com\/-wphH_FNA_Hk\/VJUvGia8alI\/AAAAAAAAJQ8\/k0bDttWe5q0\/w900-h600-no\/10.JPG\" \/><\/span><\/span><\/span><\/th>\n<\/tr>\n<tr>\n<th class=\"style4\" scope=\"row\"><span style=\"font-family: tahoma,geneva,sans-serif;\"><span style=\"font-size: 12px;\"><span style=\"color: #000000;\"><img decoding=\"async\" class=\"lazyload HAa Eha\" style=\"height: 133px; width: 200px; border-width: 1px; border-style: solid; margin: 10px auto; display: block;\" alt=\"\" src=\"data:image\/gif;base64,R0lGODlhAQABAAAAACH5BAEKAAEALAAAAAABAAEAAAICTAEAOw==\" data-orig-src=\"https:\/\/lh4.googleusercontent.com\/-1G6_NEV3o7M\/VJUvGue0gjI\/AAAAAAAAJP8\/0yqSZSlGx8g\/w900-h600-no\/11.JPG\" \/><\/span><\/span><\/span><\/th>\n<\/tr>\n<tr>\n<th class=\"style4\" scope=\"row\"><span style=\"font-family: tahoma,geneva,sans-serif;\"><span style=\"font-size: 12px;\"><span style=\"color: #000000;\"><img decoding=\"async\" class=\"lazyload HAa Eha\" style=\"height: 133px; width: 200px; border-width: 1px; border-style: solid; margin: 10px auto; display: block;\" alt=\"\" src=\"data:image\/gif;base64,R0lGODlhAQABAAAAACH5BAEKAAEALAAAAAABAAEAAAICTAEAOw==\" data-orig-src=\"https:\/\/lh6.googleusercontent.com\/-fngXThs2t84\/VJUvHek37xI\/AAAAAAAAJRA\/NHNO3-G3tjw\/w900-h600-no\/12.JPG\" \/><\/span><\/span><\/span><\/th>\n<\/tr>\n<tr>\n<th class=\"style4\" scope=\"row\">&nbsp;<\/th>\n<\/tr>\n<tr>\n<th class=\"style4\" scope=\"row\"><span style=\"font-family: tahoma,geneva,sans-serif;\"><span style=\"font-size: 12px;\"><span style=\"color: #000000;\">Foto nga: Mano Kritsotaki<\/span><\/span><\/span><\/th>\n<\/tr>\n<\/tbody>\n<\/table>\n<div class=\"style9\">\n<div class=\"style10\">&nbsp;<\/div>\n<div style=\"text-align: justify;\"><span style=\"font-family: tahoma,geneva,sans-serif;\"><span style=\"font-size: 12px;\"><span style=\"color: #000000;\">&nbsp;&nbsp;&nbsp;&nbsp; Dita e kat\u00ebrt, dat\u00eb 3 N\u00ebntor 2009<\/p>\n<p> &nbsp;&nbsp;&nbsp; N\u00eb vijim t\u00eb vizit\u00ebs s\u00eb tij paq\u00ebsore dhe zyrtare n\u00eb Shqip\u00ebri, Papa dhe Patriarku i Aleksandris\u00eb dhe gjith\u00eb Afrik\u00ebs, Theodhori i II ka par\u00eb nga af\u00ebr institucione dhe departamente t\u00eb ndryshme sh\u00ebrbimi t\u00eb Kish\u00ebs son\u00eb, themeluar dhe nd\u00ebrtuar me iniciativ\u00eb dhe fonde t\u00eb mbledhura nga Kryepiskopi i Tiran\u00ebs, Durr\u00ebsit dhe gjith\u00eb Shqip\u00ebris\u00eb, Imzot Anastasi.<\/p>\n<p> &nbsp;&nbsp;&nbsp; K\u00ebshtu, dy Primat\u00ebt vizituan Kompleksin Polifunksional \u201cNazaret\u201d, ku ndodhet punishtja e qirinjve, studio ikonografike, p\u00ebrpunim dhe gdhendje druri dhe shtypshkronja \u201cNgjallja\u201d. N\u00eb vazhdim, Patriarku Theodhor do t\u00eb vizitonte edhe Institutin e Formimit Profesional \u201cFrym\u00eb Dashurie\u201d, q\u00eb tashm\u00eb, pas dhjet\u00eb vjet\u00ebsh eksperienc\u00eb pedagogjike, sipas nj\u00eb d\u00ebshire t\u00eb hershme t\u00eb Kryepiskopit Anastas, do t\u00eb shnd\u00ebrrohet n\u00eb Universitetin Jo-Publik \u201cLogos\u201d me programe studimore t\u00eb akredituara nga Ministria e Arsimit dhe me nivel t\u00eb njehsuar me Shkollat e Larta, q\u00eb njihen zyrtarisht nga shteti dhe funksionojn\u00eb n\u00eb Shqip\u00ebri.<\/p>\n<p> &nbsp;&nbsp;&nbsp; Vizita e Patriarkut, do t\u00eb sh\u00ebnonte stacionin e radh\u00ebs n\u00eb Qendr\u00ebn Diagnostike Orthodhokse \u201cUngjill\u00ebzimi\u201d, ku do t\u00eb zhvillohej nj\u00eb aktivitet jubilar me rastin e 10 vjetorit t\u00eb funksionimit t\u00eb k\u00ebsaj klinike. N\u00eb k\u00ebt\u00eb aktivitet, Patriarku Theodhor dhe delegacioni q\u00eb e shoq\u00ebronte do t\u00eb njiheshin me statistika t\u00eb sakta mbi numrin e vizitave, specialitetet dhe aparaturat moderne q\u00eb dispononte klinika, si dhe planet dhe objektivat p\u00ebr t\u00eb ardhmen.<\/p>\n<p> &nbsp;&nbsp;&nbsp; Patriarku Theodhor do t\u00eb shprehte habin\u00eb e tij p\u00ebr ato \u00e7ka kishte par\u00eb k\u00ebto dit\u00eb n\u00eb Shqip\u00ebri, si edhe p\u00ebr nivelin e lart\u00eb t\u00eb sh\u00ebrbimit q\u00eb ofrohej n\u00eb Klinik\u00ebn \u201cUngjill\u00ebzimi\u201d. Ai theksoi se edhe gjat\u00eb vizit\u00ebs s\u00eb tij paq\u00ebsore, po vazhdonte t\u00eb m\u00ebsonte prej vepr\u00ebs s\u00eb Kryepiskopit Anastas, madje kishte porositur shoq\u00ebruesit e tij t\u00eb mbanin sh\u00ebnime t\u00eb ve\u00e7anta, q\u00eb t\u00eb merrnin eksperienc\u00eb dhe t\u00eb mund t\u00eb aplikonin edhe n\u00eb Afrik\u00eb sh\u00ebrbime dhe ndihmesa t\u00eb ngjashme. \u201cKryepiskopi Anastas,-n\u00ebnvizoi Patriarku,- e di se njeriu nuk \u00ebsht\u00eb vet\u00ebm shpirt dhe lutje, por edhe mish dhe trup dhe k\u00ebt\u00eb e tregon edhe me kujdesin e tij social dhe sh\u00ebndet\u00ebsor q\u00eb ka organizuar n\u00eb Shqip\u00ebri. Ju p\u00ebrg\u00ebzoj p\u00ebr p\u00ebrparimin dhe pun\u00ebn e mrekullueshme\u201d.<\/p>\n<p> &nbsp;&nbsp;&nbsp; Kryepiskopi Anastas n\u00eb fjal\u00ebn e tij falenderoi Patriarkun Theodhor p\u00ebr fjal\u00ebt e tij t\u00eb mira dhe vler\u00ebsimin e lart\u00eb dhe vijoi se suksesi nuk i dedikohet vet\u00ebm nj\u00eb personi, por t\u00eb gjith\u00eb ekipit q\u00eb punon me dashuri dhe p\u00ebrkushtim. Ai vuri n\u00eb dijeni vizitor\u00ebt e lart\u00eb se p\u00ebrball\u00eb Qendr\u00ebs Diagnostike, n\u00eb nj\u00eb nd\u00ebrtes\u00eb t\u00eb bler\u00eb posa\u00e7\u00ebrisht do t\u00eb hapet s\u00eb shpejti nj\u00eb klinik\u00eb okulistike moderne, si nj\u00eb sfid\u00eb e re p\u00ebr dhjet\u00ebve\u00e7arin e ardhsh\u00ebm q\u00eb po fillon n\u00eb departamentin e sh\u00ebndet\u00ebsis\u00eb s\u00eb Kish\u00ebs.<\/p>\n<p> &nbsp;&nbsp;&nbsp; Vlen t\u00eb theksojm\u00eb se n\u00eb Polilklinik\u00ebn Orthodhokse, q\u00eb prej koh\u00ebs kur u inaugura nga Patriarku Ekumenik, Vartholomeu I, n\u00eb vizit\u00ebn e tij zyrtare n\u00eb Shqip\u00ebri, e deri m\u00eb sot jan\u00eb kryer mbi 900.000 vizita, analiza dhe ekzaminime t\u00eb ndryshme mjek\u00ebsore .<\/p>\n<p> &nbsp;&nbsp;&nbsp; M\u00eb pas, Papa dhe Patriarku i Aleksandris\u00eb dhe gjith\u00eb Afrik\u00ebs, Theodhori II, s\u00eb bashku me delegacionin q\u00eb e shoq\u00ebronte,&nbsp; u nis drejt qytetit t\u00eb Kor\u00e7\u00ebs. Aty do t\u2019i rezervohej nj\u00eb pritje madh\u00ebshtore, e denj\u00eb p\u00ebr nj\u00eb qytet me kultur\u00eb dhe tradita t\u00eb lashta orthodhokse. Sheshi para Katedrales ishte mbushur plot me njer\u00ebz dhe t\u00eb rinjt\u00eb vall\u00ebzonin n\u00ebn tingujt e g\u00ebzuesh\u00ebm t\u00eb muzik\u00ebs tradicionale kor\u00e7are.<\/p>\n<p> &nbsp;&nbsp;&nbsp; Pritja zyrtare q\u00eb iu rezervua Patriarkut aleksandrian kulmoi me dhoksologjin\u00eb q\u00eb u psal n\u00eb Kish\u00ebn Katedrale t\u00eb \u201cNgjalljes s\u00eb Krishtit\u201d. Mitropoliti i Kor\u00e7\u00ebs, Imzot Joani i uroi mir\u00ebseardhjen Patriarkut n\u00eb qytetin e Kor\u00e7\u00ebs dhe theksoi se ardhja e tij p\u00ebrb\u00ebnte nj\u00eb ngjarje historike, pasi p\u00ebr her\u00eb t\u00eb par\u00eb n\u00eb historin\u00eb e t\u00eb gjith\u00eb Kish\u00ebs, Patriarku i Aleksandris\u00eb viziton vendin ton\u00eb dhe qytetin e Kor\u00e7\u00ebs. Mitropoliti i Kor\u00e7\u00ebs p\u00ebrmendi faktin se Patriarku i Aleksandris\u00eb sjell me vete dhe historin\u00eb e lavdishme dhe ndri\u00e7imin e Fronit aleksandrian, si dhe t\u00eb Patriark\u00ebve t\u00eb M\u00ebdhenj t\u00eb Aleksandris\u00eb, Athanasit t\u00eb Madh, Kirillit, Joan P\u00ebrd\u00ebllimtarit q\u00eb mbeten m\u00ebsues t\u00eb p\u00ebrjetsh\u00ebm t\u00eb teologjis\u00eb dhe t\u00eb v\u00ebrtet\u00ebs orthodhokse. Ai iu drejtua edhe Kryepiskopit Anastas: \u201cJu faleminderit Fortlumturi q\u00eb soll\u00ebt n\u00eb qytetin ton\u00eb Patriarkun e Aleksandris\u00eb dhe sinodhin\u00eb e tij t\u00eb nderuar. Ju faleminderit Fortlumturi q\u00eb zgjodh\u00ebt t\u00eb festonit 80 vjetorin e lindjes suaj s\u00eb bashku me ne. Ju e dini q\u00eb Kor\u00e7a ju do dhe ju vler\u00ebson shum\u00eb p\u00ebr t\u00eb gjith\u00eb pun\u00ebn tuaj p\u00ebr ngjalljen e Kish\u00ebs son\u00eb, sepse ne ishim t\u00eb vdekur shpirt\u00ebrisht dhe ju na dhat\u00eb jet\u00eb p\u00ebrs\u00ebri m\u00eb Krishtin\u201d.<\/p>\n<p> &nbsp;&nbsp;&nbsp; Patriarku Theodhor n\u00eb p\u00ebrsh\u00ebndetjen e tij falenderoi Mitropolitin Joan p\u00ebr pritjen mbres\u00ebl\u00ebn\u00ebse q\u00eb kishte organizuar, si dhe gjith\u00eb qytetar\u00ebt e Kor\u00e7\u00ebs. \u201cM\u00ebsuesi im, Kryepiskopi Anastas,-vijoi Patriaku,-m\u00eb tha se n\u00eb Kor\u00e7\u00eb ndihet si n\u00eb atdheun e tij. P\u00ebr k\u00ebt\u00eb arsye ai ka nj\u00eb kujdes dhe dashuri t\u00eb ve\u00e7ant\u00eb p\u00ebr ju. Prandaj ju ka caktuar edhe nj\u00eb Mitropolit t\u00eb ri dhe energjik, v\u00ebllain tim shum\u00eb t\u00eb dashur m\u00eb Krishtin, Imzot Joanin. Ai \u00ebsht\u00eb biri juaj, nga Shqip\u00ebria, q\u00eb flet me ju n\u00eb gjuh\u00ebn tuaj, q\u00eb ju kupton shum\u00eb mir\u00eb hallet dhe brengat tuaja dhe q\u00eb p\u00ebrpiqet me gjith\u00eb shpirt p\u00ebr t\u2019ju ndihmuar dhe udh\u00ebzuar p\u00ebr shp\u00ebtimin tuaj, t\u00eb bijve shpirt\u00ebror\u00eb q\u00eb i ka besuar Per\u00ebndia. N\u00eb Kish\u00ebn Orthodhokse bindja ndaj Episkopit \u00ebsht\u00eb rregull thelb\u00ebsor p\u00ebr suksesin dhe p\u00ebrparimin shpirt\u00ebror. Ju k\u00ebshilloj q\u00eb t\u2019i q\u00ebndroni af\u00ebr Mitropolit tuaj dhe t\u2019i bindeni atij n\u00eb \u00e7do gj\u00eb, ashtu si\u00e7 k\u00ebshillojn\u00eb Et\u00ebrit e Kish\u00ebs, q\u00eb t\u00eb keni gjithmon\u00eb hirin dhe bekimin e Per\u00ebndis\u00eb\u201d.<\/p>\n<p> &nbsp;&nbsp;&nbsp; Papa dhe Patriarku i Aleksandris\u00eb dhe gjith\u00eb Afrik\u00ebs, Imzot Theodhori II do t\u00eb q\u00ebndroj\u00eb edhe dit\u00ebn e m\u00ebrkur\u00eb n\u00eb qytetin e Kor\u00e7\u00ebs. N\u00eb katedralen e qytetit do t\u00eb kryhet edhe bashk\u00ebmeshim Patriarkal dhe Sinodial me pjes\u00ebmarrjen e dy Primat\u00ebve. M\u00eb pas Patriarku do t\u00eb marr\u00eb pjes\u00eb n\u00eb nj\u00eb s\u00ebr\u00eb aktivitetesh zyrtare q\u00eb jan\u00eb organizuar p\u00ebr nder t\u00eb vizit\u00ebs s\u00eb tij paq\u00ebsore n\u00eb Shqip\u00ebri.<\/span><\/span><\/span><\/div>\n<div>&nbsp;<\/div>\n<div><span style=\"font-family: tahoma,geneva,sans-serif;\"><span style=\"font-size: 12px;\"><span style=\"color: #000000;\"><strong>&nbsp;&nbsp;&nbsp;&nbsp;&nbsp; Aleks Curi <\/strong><\/span><\/span><\/span><\/div>\n<\/div>\n","protected":false},"excerpt":{"rendered":"<p>&nbsp; &nbsp; Foto nga: Mano Kritsotaki &nbsp; &nbsp;&nbsp;&nbsp;&nbsp; Dita e kat\u00ebrt, dat\u00eb 3 N\u00ebntor 2009 &nbsp;&nbsp;&nbsp; N\u00eb vijim t\u00eb vizit\u00ebs s\u00eb tij paq\u00ebsore dhe zyrtare n\u00eb Shqip\u00ebri, Papa dhe Patriarku i Aleksandris\u00eb dhe gjith\u00eb Afrik\u00ebs, Theodhori i II ka par\u00eb nga af\u00ebr institucione dhe departamente t\u00eb ndryshme sh\u00ebrbimi t\u00eb Kish\u00ebs son\u00eb, themeluar dhe nd\u00ebrtuar me iniciativ\u00eb dhe fonde t\u00eb mbledhura nga Kryepiskopi i Tiran\u00ebs, Durr\u00ebsit<\/p>\n","protected":false},"author":1,"featured_media":0,"comment_status":"open","ping_status":"open","sticky":false,"template":"","format":"standard","meta":{"_acf_changed":false,"pagelayer_contact_templates":[],"_pagelayer_content":"","inline_featured_image":false,"fifu_image_url":"","fifu_image_alt":"","footnotes":""},"categories":[108],"tags":[145,188,184,201,212,202,195],"class_list":["post-1057","post","type-post","status-publish","format-standard","hentry","category-lajme","tag-145","tag-fondacioni-klinikat-orthodhokse-te-ungjillezimit","tag-katedralja-ngjallja-e-krishtit-tirane","tag-kryepiskopi-anastas","tag-lajme-d27","tag-papa-dhe-patriarku-i-aleksandrise-dhe-gjithe-afrikes-imzot-theodhori-ii","tag-universiteti-logos"],"acf":[],"yoast_head":"<!-- This site is optimized with the Yoast SEO plugin v27.2 - https:\/\/yoast.com\/product\/yoast-seo-wordpress\/ -->\n<title>Papa dhe Patriarku i Aleksandris\u00eb dhe gjith\u00eb Afrik\u00ebs, Theodhori II viziton Klinik\u00ebn Orthodhokse \u201cUngjill\u00ebzimi\u201d dhe pritet me madh\u00ebshti n\u00eb qytetin e Kor\u00e7\u00ebs. (2009) - Kisha Orthodh\u03bfkse Autoqefale e Shqip\u00ebris\u00eb<\/title>\n<meta name=\"robots\" content=\"index, follow, max-snippet:-1, max-image-preview:large, max-video-preview:-1\" \/>\n<link rel=\"canonical\" href=\"https:\/\/orthodoxalbania.org\/2020\/2009\/03\/13\/papa-dhe-patriarku-i-aleksandrise-dhe-gjithe-afrikes-theodhori-ii-viziton-kliniken-orthodhokse-ungjillezimi-dhe-pritet-me-madheshti-ne-qytetin-e-korces-2009\/\" \/>\n<meta property=\"og:locale\" content=\"en_US\" \/>\n<meta property=\"og:type\" content=\"article\" \/>\n<meta property=\"og:title\" content=\"Papa dhe Patriarku i Aleksandris\u00eb dhe gjith\u00eb Afrik\u00ebs, Theodhori II viziton Klinik\u00ebn Orthodhokse \u201cUngjill\u00ebzimi\u201d dhe pritet me madh\u00ebshti n\u00eb qytetin e Kor\u00e7\u00ebs. (2009) - Kisha Orthodh\u03bfkse Autoqefale e Shqip\u00ebris\u00eb\" \/>\n<meta property=\"og:description\" content=\"&nbsp; &nbsp; Foto nga: Mano Kritsotaki &nbsp; &nbsp;&nbsp;&nbsp;&nbsp; Dita e kat\u00ebrt, dat\u00eb 3 N\u00ebntor 2009 &nbsp;&nbsp;&nbsp; N\u00eb vijim t\u00eb vizit\u00ebs s\u00eb tij paq\u00ebsore dhe zyrtare n\u00eb Shqip\u00ebri, Papa dhe Patriarku i Aleksandris\u00eb dhe gjith\u00eb Afrik\u00ebs, Theodhori i II ka par\u00eb nga af\u00ebr institucione dhe departamente t\u00eb ndryshme sh\u00ebrbimi t\u00eb Kish\u00ebs son\u00eb, themeluar dhe nd\u00ebrtuar me iniciativ\u00eb dhe fonde t\u00eb mbledhura nga Kryepiskopi i Tiran\u00ebs, Durr\u00ebsit\" \/>\n<meta property=\"og:url\" content=\"https:\/\/orthodoxalbania.org\/2020\/2009\/03\/13\/papa-dhe-patriarku-i-aleksandrise-dhe-gjithe-afrikes-theodhori-ii-viziton-kliniken-orthodhokse-ungjillezimi-dhe-pritet-me-madheshti-ne-qytetin-e-korces-2009\/\" \/>\n<meta property=\"og:site_name\" content=\"Kisha Orthodh\u03bfkse Autoqefale e Shqip\u00ebris\u00eb\" \/>\n<meta property=\"article:publisher\" content=\"https:\/\/www.facebook.com\/koash1991\" \/>\n<meta property=\"article:published_time\" content=\"2009-03-13T00:00:00+00:00\" \/>\n<meta property=\"article:modified_time\" content=\"2020-04-06T20:35:14+00:00\" \/>\n<meta property=\"og:image\" content=\"https:\/\/lh6.googleusercontent.com\/-PaXm2ZUX624\/VJUvGp6OayI\/AAAAAAAAJPw\/968kYFshZS4\/w900-h600-no\/1.JPG\" \/>\n<meta name=\"author\" content=\"Kisha Orthodhokse\" \/>\n<meta name=\"twitter:card\" content=\"summary_large_image\" \/>\n<meta name=\"twitter:label1\" content=\"Written by\" \/>\n\t<meta name=\"twitter:data1\" content=\"Kisha Orthodhokse\" \/>\n\t<meta name=\"twitter:label2\" content=\"Est. reading time\" \/>\n\t<meta name=\"twitter:data2\" content=\"6 minutes\" \/>\n<script type=\"application\/ld+json\" class=\"yoast-schema-graph\">{\"@context\":\"https:\/\/schema.org\",\"@graph\":[{\"@type\":\"Article\",\"@id\":\"https:\/\/orthodoxalbania.org\/2020\/2009\/03\/13\/papa-dhe-patriarku-i-aleksandrise-dhe-gjithe-afrikes-theodhori-ii-viziton-kliniken-orthodhokse-ungjillezimi-dhe-pritet-me-madheshti-ne-qytetin-e-korces-2009\/#article\",\"isPartOf\":{\"@id\":\"https:\/\/orthodoxalbania.org\/2020\/2009\/03\/13\/papa-dhe-patriarku-i-aleksandrise-dhe-gjithe-afrikes-theodhori-ii-viziton-kliniken-orthodhokse-ungjillezimi-dhe-pritet-me-madheshti-ne-qytetin-e-korces-2009\/\"},\"author\":{\"name\":\"Kisha Orthodhokse\",\"@id\":\"https:\/\/orthodoxalbania.org\/2020\/#\/schema\/person\/0c387634a7063ac612d7ed9ce71c7e86\"},\"headline\":\"Papa dhe Patriarku i Aleksandris\u00eb dhe gjith\u00eb Afrik\u00ebs, Theodhori II viziton Klinik\u00ebn Orthodhokse \u201cUngjill\u00ebzimi\u201d dhe pritet me madh\u00ebshti n\u00eb qytetin e Kor\u00e7\u00ebs. (2009)\",\"datePublished\":\"2009-03-13T00:00:00+00:00\",\"dateModified\":\"2020-04-06T20:35:14+00:00\",\"mainEntityOfPage\":{\"@id\":\"https:\/\/orthodoxalbania.org\/2020\/2009\/03\/13\/papa-dhe-patriarku-i-aleksandrise-dhe-gjithe-afrikes-theodhori-ii-viziton-kliniken-orthodhokse-ungjillezimi-dhe-pritet-me-madheshti-ne-qytetin-e-korces-2009\/\"},\"wordCount\":1171,\"commentCount\":0,\"publisher\":{\"@id\":\"https:\/\/orthodoxalbania.org\/2020\/#organization\"},\"image\":{\"@id\":\"https:\/\/orthodoxalbania.org\/2020\/2009\/03\/13\/papa-dhe-patriarku-i-aleksandrise-dhe-gjithe-afrikes-theodhori-ii-viziton-kliniken-orthodhokse-ungjillezimi-dhe-pritet-me-madheshti-ne-qytetin-e-korces-2009\/#primaryimage\"},\"thumbnailUrl\":\"https:\/\/lh6.googleusercontent.com\/-PaXm2ZUX624\/VJUvGp6OayI\/AAAAAAAAJPw\/968kYFshZS4\/w900-h600-no\/1.JPG\",\"keywords\":[\"2009\",\"Fondacioni \u201cKlinikat Orthodhokse t\u00eb Ungjill\u00ebzimit\u201d\",\"Katedralja \u201cNgjallja e Krishtit\u201d Tiran\u00eb\",\"Kryepiskopi Anastas\",\"lajme\",\"Papa dhe Patriarku i Aleksandris\u00eb dhe gjith\u00eb Afrik\u00ebs, Imzot Theodhori II\",\"Universiteti \\\"Logos\\\"\"],\"articleSection\":[\"Lajme\"],\"inLanguage\":\"en-US\"},{\"@type\":\"WebPage\",\"@id\":\"https:\/\/orthodoxalbania.org\/2020\/2009\/03\/13\/papa-dhe-patriarku-i-aleksandrise-dhe-gjithe-afrikes-theodhori-ii-viziton-kliniken-orthodhokse-ungjillezimi-dhe-pritet-me-madheshti-ne-qytetin-e-korces-2009\/\",\"url\":\"https:\/\/orthodoxalbania.org\/2020\/2009\/03\/13\/papa-dhe-patriarku-i-aleksandrise-dhe-gjithe-afrikes-theodhori-ii-viziton-kliniken-orthodhokse-ungjillezimi-dhe-pritet-me-madheshti-ne-qytetin-e-korces-2009\/\",\"name\":\"Papa dhe Patriarku i Aleksandris\u00eb dhe gjith\u00eb Afrik\u00ebs, Theodhori II viziton Klinik\u00ebn Orthodhokse \u201cUngjill\u00ebzimi\u201d dhe pritet me madh\u00ebshti n\u00eb qytetin e Kor\u00e7\u00ebs. (2009) - Kisha Orthodh\u03bfkse Autoqefale e Shqip\u00ebris\u00eb\",\"isPartOf\":{\"@id\":\"https:\/\/orthodoxalbania.org\/2020\/#website\"},\"primaryImageOfPage\":{\"@id\":\"https:\/\/orthodoxalbania.org\/2020\/2009\/03\/13\/papa-dhe-patriarku-i-aleksandrise-dhe-gjithe-afrikes-theodhori-ii-viziton-kliniken-orthodhokse-ungjillezimi-dhe-pritet-me-madheshti-ne-qytetin-e-korces-2009\/#primaryimage\"},\"image\":{\"@id\":\"https:\/\/orthodoxalbania.org\/2020\/2009\/03\/13\/papa-dhe-patriarku-i-aleksandrise-dhe-gjithe-afrikes-theodhori-ii-viziton-kliniken-orthodhokse-ungjillezimi-dhe-pritet-me-madheshti-ne-qytetin-e-korces-2009\/#primaryimage\"},\"thumbnailUrl\":\"https:\/\/lh6.googleusercontent.com\/-PaXm2ZUX624\/VJUvGp6OayI\/AAAAAAAAJPw\/968kYFshZS4\/w900-h600-no\/1.JPG\",\"datePublished\":\"2009-03-13T00:00:00+00:00\",\"dateModified\":\"2020-04-06T20:35:14+00:00\",\"breadcrumb\":{\"@id\":\"https:\/\/orthodoxalbania.org\/2020\/2009\/03\/13\/papa-dhe-patriarku-i-aleksandrise-dhe-gjithe-afrikes-theodhori-ii-viziton-kliniken-orthodhokse-ungjillezimi-dhe-pritet-me-madheshti-ne-qytetin-e-korces-2009\/#breadcrumb\"},\"inLanguage\":\"en-US\",\"potentialAction\":[{\"@type\":\"ReadAction\",\"target\":[\"https:\/\/orthodoxalbania.org\/2020\/2009\/03\/13\/papa-dhe-patriarku-i-aleksandrise-dhe-gjithe-afrikes-theodhori-ii-viziton-kliniken-orthodhokse-ungjillezimi-dhe-pritet-me-madheshti-ne-qytetin-e-korces-2009\/\"]}]},{\"@type\":\"ImageObject\",\"inLanguage\":\"en-US\",\"@id\":\"https:\/\/orthodoxalbania.org\/2020\/2009\/03\/13\/papa-dhe-patriarku-i-aleksandrise-dhe-gjithe-afrikes-theodhori-ii-viziton-kliniken-orthodhokse-ungjillezimi-dhe-pritet-me-madheshti-ne-qytetin-e-korces-2009\/#primaryimage\",\"url\":\"https:\/\/lh6.googleusercontent.com\/-PaXm2ZUX624\/VJUvGp6OayI\/AAAAAAAAJPw\/968kYFshZS4\/w900-h600-no\/1.JPG\",\"contentUrl\":\"https:\/\/lh6.googleusercontent.com\/-PaXm2ZUX624\/VJUvGp6OayI\/AAAAAAAAJPw\/968kYFshZS4\/w900-h600-no\/1.JPG\"},{\"@type\":\"BreadcrumbList\",\"@id\":\"https:\/\/orthodoxalbania.org\/2020\/2009\/03\/13\/papa-dhe-patriarku-i-aleksandrise-dhe-gjithe-afrikes-theodhori-ii-viziton-kliniken-orthodhokse-ungjillezimi-dhe-pritet-me-madheshti-ne-qytetin-e-korces-2009\/#breadcrumb\",\"itemListElement\":[{\"@type\":\"ListItem\",\"position\":1,\"name\":\"Home\",\"item\":\"https:\/\/orthodoxalbania.org\/2020\/\"},{\"@type\":\"ListItem\",\"position\":2,\"name\":\"Papa dhe Patriarku i Aleksandris\u00eb dhe gjith\u00eb Afrik\u00ebs, Theodhori II viziton Klinik\u00ebn Orthodhokse \u201cUngjill\u00ebzimi\u201d dhe pritet me madh\u00ebshti n\u00eb qytetin e Kor\u00e7\u00ebs. (2009)\"}]},{\"@type\":\"WebSite\",\"@id\":\"https:\/\/orthodoxalbania.org\/2020\/#website\",\"url\":\"https:\/\/orthodoxalbania.org\/2020\/\",\"name\":\"Kisha Orthodh\u03bfkse Autoqefale e Shqip\u00ebris\u00eb\",\"description\":\"Fqja Zyrtare e Kish\u00ebs Orthodhokse Autoqefale e Shqip\u00ebris\u00eb me lajmet edhe informacionet zyrtare p\u00ebr struktur\u00ebn edhe veprimtarin e saj.\",\"publisher\":{\"@id\":\"https:\/\/orthodoxalbania.org\/2020\/#organization\"},\"potentialAction\":[{\"@type\":\"SearchAction\",\"target\":{\"@type\":\"EntryPoint\",\"urlTemplate\":\"https:\/\/orthodoxalbania.org\/2020\/?s={search_term_string}\"},\"query-input\":{\"@type\":\"PropertyValueSpecification\",\"valueRequired\":true,\"valueName\":\"search_term_string\"}}],\"inLanguage\":\"en-US\"},{\"@type\":\"Organization\",\"@id\":\"https:\/\/orthodoxalbania.org\/2020\/#organization\",\"name\":\"Kisha Orthodhokse Autoqefale e Shqip\u00ebris\u00eb\",\"url\":\"https:\/\/orthodoxalbania.org\/2020\/\",\"logo\":{\"@type\":\"ImageObject\",\"inLanguage\":\"en-US\",\"@id\":\"https:\/\/orthodoxalbania.org\/2020\/#\/schema\/logo\/image\/\",\"url\":\"https:\/\/orthodoxalbania.org\/2020\/wp-content\/uploads\/2020\/05\/albania.jpeg\",\"contentUrl\":\"https:\/\/orthodoxalbania.org\/2020\/wp-content\/uploads\/2020\/05\/albania.jpeg\",\"width\":540,\"height\":540,\"caption\":\"Kisha Orthodhokse Autoqefale e Shqip\u00ebris\u00eb\"},\"image\":{\"@id\":\"https:\/\/orthodoxalbania.org\/2020\/#\/schema\/logo\/image\/\"},\"sameAs\":[\"https:\/\/www.facebook.com\/koash1991\"]},{\"@type\":\"Person\",\"@id\":\"https:\/\/orthodoxalbania.org\/2020\/#\/schema\/person\/0c387634a7063ac612d7ed9ce71c7e86\",\"name\":\"Kisha Orthodhokse\",\"image\":{\"@type\":\"ImageObject\",\"inLanguage\":\"en-US\",\"@id\":\"https:\/\/secure.gravatar.com\/avatar\/596e7c417251e30f2fbb9c00e026fce61a695a00e51c889caded71c96cbbdde5?s=96&d=mm&r=g\",\"url\":\"https:\/\/secure.gravatar.com\/avatar\/596e7c417251e30f2fbb9c00e026fce61a695a00e51c889caded71c96cbbdde5?s=96&d=mm&r=g\",\"contentUrl\":\"https:\/\/secure.gravatar.com\/avatar\/596e7c417251e30f2fbb9c00e026fce61a695a00e51c889caded71c96cbbdde5?s=96&d=mm&r=g\",\"caption\":\"Kisha Orthodhokse\"}}]}<\/script>\n<!-- \/ Yoast SEO plugin. -->","yoast_head_json":{"title":"Papa dhe Patriarku i Aleksandris\u00eb dhe gjith\u00eb Afrik\u00ebs, Theodhori II viziton Klinik\u00ebn Orthodhokse \u201cUngjill\u00ebzimi\u201d dhe pritet me madh\u00ebshti n\u00eb qytetin e Kor\u00e7\u00ebs. (2009) - Kisha Orthodh\u03bfkse Autoqefale e Shqip\u00ebris\u00eb","robots":{"index":"index","follow":"follow","max-snippet":"max-snippet:-1","max-image-preview":"max-image-preview:large","max-video-preview":"max-video-preview:-1"},"canonical":"https:\/\/orthodoxalbania.org\/2020\/2009\/03\/13\/papa-dhe-patriarku-i-aleksandrise-dhe-gjithe-afrikes-theodhori-ii-viziton-kliniken-orthodhokse-ungjillezimi-dhe-pritet-me-madheshti-ne-qytetin-e-korces-2009\/","og_locale":"en_US","og_type":"article","og_title":"Papa dhe Patriarku i Aleksandris\u00eb dhe gjith\u00eb Afrik\u00ebs, Theodhori II viziton Klinik\u00ebn Orthodhokse \u201cUngjill\u00ebzimi\u201d dhe pritet me madh\u00ebshti n\u00eb qytetin e Kor\u00e7\u00ebs. (2009) - Kisha Orthodh\u03bfkse Autoqefale e Shqip\u00ebris\u00eb","og_description":"&nbsp; &nbsp; Foto nga: Mano Kritsotaki &nbsp; &nbsp;&nbsp;&nbsp;&nbsp; Dita e kat\u00ebrt, dat\u00eb 3 N\u00ebntor 2009 &nbsp;&nbsp;&nbsp; N\u00eb vijim t\u00eb vizit\u00ebs s\u00eb tij paq\u00ebsore dhe zyrtare n\u00eb Shqip\u00ebri, Papa dhe Patriarku i Aleksandris\u00eb dhe gjith\u00eb Afrik\u00ebs, Theodhori i II ka par\u00eb nga af\u00ebr institucione dhe departamente t\u00eb ndryshme sh\u00ebrbimi t\u00eb Kish\u00ebs son\u00eb, themeluar dhe nd\u00ebrtuar me iniciativ\u00eb dhe fonde t\u00eb mbledhura nga Kryepiskopi i Tiran\u00ebs, Durr\u00ebsit","og_url":"https:\/\/orthodoxalbania.org\/2020\/2009\/03\/13\/papa-dhe-patriarku-i-aleksandrise-dhe-gjithe-afrikes-theodhori-ii-viziton-kliniken-orthodhokse-ungjillezimi-dhe-pritet-me-madheshti-ne-qytetin-e-korces-2009\/","og_site_name":"Kisha Orthodh\u03bfkse Autoqefale e Shqip\u00ebris\u00eb","article_publisher":"https:\/\/www.facebook.com\/koash1991","article_published_time":"2009-03-13T00:00:00+00:00","article_modified_time":"2020-04-06T20:35:14+00:00","og_image":[{"url":"https:\/\/lh6.googleusercontent.com\/-PaXm2ZUX624\/VJUvGp6OayI\/AAAAAAAAJPw\/968kYFshZS4\/w900-h600-no\/1.JPG","type":"","width":"","height":""}],"author":"Kisha Orthodhokse","twitter_card":"summary_large_image","twitter_misc":{"Written by":"Kisha Orthodhokse","Est. reading time":"6 minutes"},"schema":{"@context":"https:\/\/schema.org","@graph":[{"@type":"Article","@id":"https:\/\/orthodoxalbania.org\/2020\/2009\/03\/13\/papa-dhe-patriarku-i-aleksandrise-dhe-gjithe-afrikes-theodhori-ii-viziton-kliniken-orthodhokse-ungjillezimi-dhe-pritet-me-madheshti-ne-qytetin-e-korces-2009\/#article","isPartOf":{"@id":"https:\/\/orthodoxalbania.org\/2020\/2009\/03\/13\/papa-dhe-patriarku-i-aleksandrise-dhe-gjithe-afrikes-theodhori-ii-viziton-kliniken-orthodhokse-ungjillezimi-dhe-pritet-me-madheshti-ne-qytetin-e-korces-2009\/"},"author":{"name":"Kisha Orthodhokse","@id":"https:\/\/orthodoxalbania.org\/2020\/#\/schema\/person\/0c387634a7063ac612d7ed9ce71c7e86"},"headline":"Papa dhe Patriarku i Aleksandris\u00eb dhe gjith\u00eb Afrik\u00ebs, Theodhori II viziton Klinik\u00ebn Orthodhokse \u201cUngjill\u00ebzimi\u201d dhe pritet me madh\u00ebshti n\u00eb qytetin e Kor\u00e7\u00ebs. (2009)","datePublished":"2009-03-13T00:00:00+00:00","dateModified":"2020-04-06T20:35:14+00:00","mainEntityOfPage":{"@id":"https:\/\/orthodoxalbania.org\/2020\/2009\/03\/13\/papa-dhe-patriarku-i-aleksandrise-dhe-gjithe-afrikes-theodhori-ii-viziton-kliniken-orthodhokse-ungjillezimi-dhe-pritet-me-madheshti-ne-qytetin-e-korces-2009\/"},"wordCount":1171,"commentCount":0,"publisher":{"@id":"https:\/\/orthodoxalbania.org\/2020\/#organization"},"image":{"@id":"https:\/\/orthodoxalbania.org\/2020\/2009\/03\/13\/papa-dhe-patriarku-i-aleksandrise-dhe-gjithe-afrikes-theodhori-ii-viziton-kliniken-orthodhokse-ungjillezimi-dhe-pritet-me-madheshti-ne-qytetin-e-korces-2009\/#primaryimage"},"thumbnailUrl":"https:\/\/lh6.googleusercontent.com\/-PaXm2ZUX624\/VJUvGp6OayI\/AAAAAAAAJPw\/968kYFshZS4\/w900-h600-no\/1.JPG","keywords":["2009","Fondacioni \u201cKlinikat Orthodhokse t\u00eb Ungjill\u00ebzimit\u201d","Katedralja \u201cNgjallja e Krishtit\u201d Tiran\u00eb","Kryepiskopi Anastas","lajme","Papa dhe Patriarku i Aleksandris\u00eb dhe gjith\u00eb Afrik\u00ebs, Imzot Theodhori II","Universiteti \"Logos\""],"articleSection":["Lajme"],"inLanguage":"en-US"},{"@type":"WebPage","@id":"https:\/\/orthodoxalbania.org\/2020\/2009\/03\/13\/papa-dhe-patriarku-i-aleksandrise-dhe-gjithe-afrikes-theodhori-ii-viziton-kliniken-orthodhokse-ungjillezimi-dhe-pritet-me-madheshti-ne-qytetin-e-korces-2009\/","url":"https:\/\/orthodoxalbania.org\/2020\/2009\/03\/13\/papa-dhe-patriarku-i-aleksandrise-dhe-gjithe-afrikes-theodhori-ii-viziton-kliniken-orthodhokse-ungjillezimi-dhe-pritet-me-madheshti-ne-qytetin-e-korces-2009\/","name":"Papa dhe Patriarku i Aleksandris\u00eb dhe gjith\u00eb Afrik\u00ebs, Theodhori II viziton Klinik\u00ebn Orthodhokse \u201cUngjill\u00ebzimi\u201d dhe pritet me madh\u00ebshti n\u00eb qytetin e Kor\u00e7\u00ebs. (2009) - Kisha Orthodh\u03bfkse Autoqefale e Shqip\u00ebris\u00eb","isPartOf":{"@id":"https:\/\/orthodoxalbania.org\/2020\/#website"},"primaryImageOfPage":{"@id":"https:\/\/orthodoxalbania.org\/2020\/2009\/03\/13\/papa-dhe-patriarku-i-aleksandrise-dhe-gjithe-afrikes-theodhori-ii-viziton-kliniken-orthodhokse-ungjillezimi-dhe-pritet-me-madheshti-ne-qytetin-e-korces-2009\/#primaryimage"},"image":{"@id":"https:\/\/orthodoxalbania.org\/2020\/2009\/03\/13\/papa-dhe-patriarku-i-aleksandrise-dhe-gjithe-afrikes-theodhori-ii-viziton-kliniken-orthodhokse-ungjillezimi-dhe-pritet-me-madheshti-ne-qytetin-e-korces-2009\/#primaryimage"},"thumbnailUrl":"https:\/\/lh6.googleusercontent.com\/-PaXm2ZUX624\/VJUvGp6OayI\/AAAAAAAAJPw\/968kYFshZS4\/w900-h600-no\/1.JPG","datePublished":"2009-03-13T00:00:00+00:00","dateModified":"2020-04-06T20:35:14+00:00","breadcrumb":{"@id":"https:\/\/orthodoxalbania.org\/2020\/2009\/03\/13\/papa-dhe-patriarku-i-aleksandrise-dhe-gjithe-afrikes-theodhori-ii-viziton-kliniken-orthodhokse-ungjillezimi-dhe-pritet-me-madheshti-ne-qytetin-e-korces-2009\/#breadcrumb"},"inLanguage":"en-US","potentialAction":[{"@type":"ReadAction","target":["https:\/\/orthodoxalbania.org\/2020\/2009\/03\/13\/papa-dhe-patriarku-i-aleksandrise-dhe-gjithe-afrikes-theodhori-ii-viziton-kliniken-orthodhokse-ungjillezimi-dhe-pritet-me-madheshti-ne-qytetin-e-korces-2009\/"]}]},{"@type":"ImageObject","inLanguage":"en-US","@id":"https:\/\/orthodoxalbania.org\/2020\/2009\/03\/13\/papa-dhe-patriarku-i-aleksandrise-dhe-gjithe-afrikes-theodhori-ii-viziton-kliniken-orthodhokse-ungjillezimi-dhe-pritet-me-madheshti-ne-qytetin-e-korces-2009\/#primaryimage","url":"https:\/\/lh6.googleusercontent.com\/-PaXm2ZUX624\/VJUvGp6OayI\/AAAAAAAAJPw\/968kYFshZS4\/w900-h600-no\/1.JPG","contentUrl":"https:\/\/lh6.googleusercontent.com\/-PaXm2ZUX624\/VJUvGp6OayI\/AAAAAAAAJPw\/968kYFshZS4\/w900-h600-no\/1.JPG"},{"@type":"BreadcrumbList","@id":"https:\/\/orthodoxalbania.org\/2020\/2009\/03\/13\/papa-dhe-patriarku-i-aleksandrise-dhe-gjithe-afrikes-theodhori-ii-viziton-kliniken-orthodhokse-ungjillezimi-dhe-pritet-me-madheshti-ne-qytetin-e-korces-2009\/#breadcrumb","itemListElement":[{"@type":"ListItem","position":1,"name":"Home","item":"https:\/\/orthodoxalbania.org\/2020\/"},{"@type":"ListItem","position":2,"name":"Papa dhe Patriarku i Aleksandris\u00eb dhe gjith\u00eb Afrik\u00ebs, Theodhori II viziton Klinik\u00ebn Orthodhokse \u201cUngjill\u00ebzimi\u201d dhe pritet me madh\u00ebshti n\u00eb qytetin e Kor\u00e7\u00ebs. (2009)"}]},{"@type":"WebSite","@id":"https:\/\/orthodoxalbania.org\/2020\/#website","url":"https:\/\/orthodoxalbania.org\/2020\/","name":"Kisha Orthodh\u03bfkse Autoqefale e Shqip\u00ebris\u00eb","description":"Fqja Zyrtare e Kish\u00ebs Orthodhokse Autoqefale e Shqip\u00ebris\u00eb me lajmet edhe informacionet zyrtare p\u00ebr struktur\u00ebn edhe veprimtarin e saj.","publisher":{"@id":"https:\/\/orthodoxalbania.org\/2020\/#organization"},"potentialAction":[{"@type":"SearchAction","target":{"@type":"EntryPoint","urlTemplate":"https:\/\/orthodoxalbania.org\/2020\/?s={search_term_string}"},"query-input":{"@type":"PropertyValueSpecification","valueRequired":true,"valueName":"search_term_string"}}],"inLanguage":"en-US"},{"@type":"Organization","@id":"https:\/\/orthodoxalbania.org\/2020\/#organization","name":"Kisha Orthodhokse Autoqefale e Shqip\u00ebris\u00eb","url":"https:\/\/orthodoxalbania.org\/2020\/","logo":{"@type":"ImageObject","inLanguage":"en-US","@id":"https:\/\/orthodoxalbania.org\/2020\/#\/schema\/logo\/image\/","url":"https:\/\/orthodoxalbania.org\/2020\/wp-content\/uploads\/2020\/05\/albania.jpeg","contentUrl":"https:\/\/orthodoxalbania.org\/2020\/wp-content\/uploads\/2020\/05\/albania.jpeg","width":540,"height":540,"caption":"Kisha Orthodhokse Autoqefale e Shqip\u00ebris\u00eb"},"image":{"@id":"https:\/\/orthodoxalbania.org\/2020\/#\/schema\/logo\/image\/"},"sameAs":["https:\/\/www.facebook.com\/koash1991"]},{"@type":"Person","@id":"https:\/\/orthodoxalbania.org\/2020\/#\/schema\/person\/0c387634a7063ac612d7ed9ce71c7e86","name":"Kisha Orthodhokse","image":{"@type":"ImageObject","inLanguage":"en-US","@id":"https:\/\/secure.gravatar.com\/avatar\/596e7c417251e30f2fbb9c00e026fce61a695a00e51c889caded71c96cbbdde5?s=96&d=mm&r=g","url":"https:\/\/secure.gravatar.com\/avatar\/596e7c417251e30f2fbb9c00e026fce61a695a00e51c889caded71c96cbbdde5?s=96&d=mm&r=g","contentUrl":"https:\/\/secure.gravatar.com\/avatar\/596e7c417251e30f2fbb9c00e026fce61a695a00e51c889caded71c96cbbdde5?s=96&d=mm&r=g","caption":"Kisha Orthodhokse"}}]}},"_links":{"self":[{"href":"https:\/\/orthodoxalbania.org\/2020\/wp-json\/wp\/v2\/posts\/1057","targetHints":{"allow":["GET"]}}],"collection":[{"href":"https:\/\/orthodoxalbania.org\/2020\/wp-json\/wp\/v2\/posts"}],"about":[{"href":"https:\/\/orthodoxalbania.org\/2020\/wp-json\/wp\/v2\/types\/post"}],"author":[{"embeddable":true,"href":"https:\/\/orthodoxalbania.org\/2020\/wp-json\/wp\/v2\/users\/1"}],"replies":[{"embeddable":true,"href":"https:\/\/orthodoxalbania.org\/2020\/wp-json\/wp\/v2\/comments?post=1057"}],"version-history":[{"count":1,"href":"https:\/\/orthodoxalbania.org\/2020\/wp-json\/wp\/v2\/posts\/1057\/revisions"}],"predecessor-version":[{"id":15625,"href":"https:\/\/orthodoxalbania.org\/2020\/wp-json\/wp\/v2\/posts\/1057\/revisions\/15625"}],"wp:attachment":[{"href":"https:\/\/orthodoxalbania.org\/2020\/wp-json\/wp\/v2\/media?parent=1057"}],"wp:term":[{"taxonomy":"category","embeddable":true,"href":"https:\/\/orthodoxalbania.org\/2020\/wp-json\/wp\/v2\/categories?post=1057"},{"taxonomy":"post_tag","embeddable":true,"href":"https:\/\/orthodoxalbania.org\/2020\/wp-json\/wp\/v2\/tags?post=1057"}],"curies":[{"name":"wp","href":"https:\/\/api.w.org\/{rel}","templated":true}]}}