{"id":1056,"date":"2009-03-13T00:00:00","date_gmt":"2009-03-13T00:00:00","guid":{"rendered":""},"modified":"2020-04-06T22:35:13","modified_gmt":"2020-04-06T20:35:13","slug":"2009-patriku","status":"publish","type":"post","link":"https:\/\/orthodoxalbania.org\/2020\/2009\/03\/13\/2009-patriku\/","title":{"rendered":"Papa dhe Patriarku i Aleksandris\u00eb dhe gjith\u00eb Afrik\u00ebs, Imzot Theodhori II, takohet me krer\u00ebt m\u00eb t\u00eb lart\u00eb t\u00eb shtetit shqiptar. (2009)"},"content":{"rendered":"<div class=\"style3\" style=\"text-align: center;\"><span style=\"color: #b22222;\"><strong><span style=\"font-family: tahoma,geneva,sans-serif;\"><span style=\"font-size: 12px;\">Papa dhe Patriarku i Aleksandris\u00eb dhe gjith\u00eb Afrik\u00ebs, Imzot Theodhori II,<br \/> takohet me krer\u00ebt m\u00eb t\u00eb lart\u00eb t\u00eb shtetit shqiptar<\/span><\/span><\/strong><\/span><\/div>\n<div>\n<table style=\"float: left;\">\n<tbody>\n<tr>\n<th class=\"style4\" style=\"text-align: center;\" scope=\"row\"><span style=\"font-family: tahoma,geneva,sans-serif;\"><span style=\"font-size: 12px;\"><span style=\"color: #000000;\"><img decoding=\"async\" class=\"lazyload HAa Eha\" style=\"height: 133px; width: 200px; border-width: 1px; border-style: solid; margin: 10px;\" alt=\"\" src=\"data:image\/gif;base64,R0lGODlhAQABAAAAACH5BAEKAAEALAAAAAABAAEAAAICTAEAOw==\" data-orig-src=\"https:\/\/lh4.googleusercontent.com\/-eWza46-NJ_E\/VJUo_dd6DXI\/AAAAAAAAJMw\/ZBMNu_3PqkA\/w600-h400-no\/1.jpg\" \/><\/span><\/span><\/span><\/th>\n<\/tr>\n<tr>\n<td class=\"style4\" style=\"text-align: center;\">\n<div><span style=\"font-family: tahoma,geneva,sans-serif;\"><span style=\"font-size: 12px;\"><span style=\"color: #000000;\"><img decoding=\"async\" class=\"lazyload HAa Eha\" style=\"height: 133px; width: 200px; border-width: 1px; border-style: solid; margin: 10px;\" alt=\"\" src=\"data:image\/gif;base64,R0lGODlhAQABAAAAACH5BAEKAAEALAAAAAABAAEAAAICTAEAOw==\" data-orig-src=\"https:\/\/lh3.googleusercontent.com\/-t3frBYSnk4s\/VJUpCDYuUSI\/AAAAAAAAJNg\/zXoFJtxDzqY\/w600-h400-no\/2.jpg\" \/><\/span><\/span><\/span><\/div>\n<\/td>\n<\/tr>\n<tr>\n<th class=\"style4\" style=\"text-align: center;\" scope=\"row\"><span style=\"font-family: tahoma,geneva,sans-serif;\"><span style=\"font-size: 12px;\"><span style=\"color: #000000;\"><img decoding=\"async\" class=\"lazyload HAa Eha\" style=\"border-width: 1px; border-style: solid; margin: 10px; height: 101px; width: 200px;\" alt=\"\" src=\"data:image\/gif;base64,R0lGODlhAQABAAAAACH5BAEKAAEALAAAAAABAAEAAAICTAEAOw==\" data-orig-src=\"https:\/\/lh4.googleusercontent.com\/-8bhdBgXTtjo\/VJUpDMSo9FI\/AAAAAAAAJN8\/SckIjNFvz88\/w958-h485-no\/3.JPG\" \/><\/span><\/span><\/span><\/th>\n<\/tr>\n<tr>\n<th class=\"style4\" style=\"text-align: center;\" scope=\"row\"><span style=\"font-family: tahoma,geneva,sans-serif;\"><span style=\"font-size: 12px;\"><span style=\"color: #000000;\"><img decoding=\"async\" class=\"lazyload HAa Eha\" style=\"height: 203px; width: 200px; border-width: 1px; border-style: solid; margin: 10px;\" alt=\"\" src=\"data:image\/gif;base64,R0lGODlhAQABAAAAACH5BAEKAAEALAAAAAABAAEAAAICTAEAOw==\" data-orig-src=\"https:\/\/lh6.googleusercontent.com\/-QGVmzjW_BnE\/VJUpD3hGvuI\/AAAAAAAAJOM\/EgZ0VbUdeug\/w640-h648-no\/4.JPG\" \/><\/span><\/span><\/span><\/th>\n<\/tr>\n<tr>\n<th class=\"style4\" style=\"text-align: center;\" scope=\"row\"><span style=\"font-family: tahoma,geneva,sans-serif;\"><span style=\"font-size: 12px;\"><span style=\"color: #000000;\"><img decoding=\"async\" class=\"lazyload HAa Eha\" style=\"height: 162px; width: 200px; border-width: 1px; border-style: solid; margin: 10px;\" alt=\"\" src=\"data:image\/gif;base64,R0lGODlhAQABAAAAACH5BAEKAAEALAAAAAABAAEAAAICTAEAOw==\" data-orig-src=\"https:\/\/lh6.googleusercontent.com\/-3TSL_QMhxg4\/VJUpEgQw0xI\/AAAAAAAAJOY\/uDe3EEvEGWc\/w640-h519-no\/5.JPG\" \/><\/span><\/span><\/span><\/th>\n<\/tr>\n<tr>\n<th class=\"style4\" style=\"text-align: center;\" scope=\"row\"><span style=\"font-family: tahoma,geneva,sans-serif;\"><span style=\"font-size: 12px;\"><span style=\"color: #000000;\"><img decoding=\"async\" class=\"lazyload HAa Eha\" style=\"height: 133px; width: 200px; border-width: 1px; border-style: solid; margin: 10px;\" alt=\"\" src=\"data:image\/gif;base64,R0lGODlhAQABAAAAACH5BAEKAAEALAAAAAABAAEAAAICTAEAOw==\" data-orig-src=\"https:\/\/lh4.googleusercontent.com\/-vPaaxHV-Ph4\/VJUpGSS0hVI\/AAAAAAAAJO4\/2sqnTrLXZsE\/w958-h639-no\/i.JPG\" \/><\/span><\/span><\/span><\/th>\n<\/tr>\n<tr>\n<th class=\"style4\" style=\"text-align: center;\" scope=\"row\"><span style=\"font-family: tahoma,geneva,sans-serif;\"><span style=\"font-size: 12px;\"><span style=\"color: #000000;\"><img decoding=\"async\" class=\"lazyload HAa Eha\" style=\"height: 133px; width: 200px; border-width: 1px; border-style: solid; margin: 10px;\" alt=\"\" src=\"data:image\/gif;base64,R0lGODlhAQABAAAAACH5BAEKAAEALAAAAAABAAEAAAICTAEAOw==\" data-orig-src=\"https:\/\/lh5.googleusercontent.com\/-b2tqKR2w_og\/VJUpC6lNprI\/AAAAAAAAJNw\/pJfpJGvXoMI\/w958-h639-no\/2k.JPG\" \/><\/span><\/span><\/span><\/th>\n<\/tr>\n<tr>\n<th class=\"style4\" style=\"text-align: center;\" scope=\"row\"><span style=\"font-family: tahoma,geneva,sans-serif;\"><span style=\"font-size: 12px;\"><span style=\"color: #000000;\"><img decoding=\"async\" class=\"lazyload HAa Eha\" style=\"height: 133px; width: 200px; border-width: 1px; border-style: solid; margin: 10px;\" alt=\"\" src=\"data:image\/gif;base64,R0lGODlhAQABAAAAACH5BAEKAAEALAAAAAABAAEAAAICTAEAOw==\" data-orig-src=\"https:\/\/lh4.googleusercontent.com\/-uwOenDC-d-g\/VJUpDqzt3dI\/AAAAAAAAJOA\/Tu_EUtYrCXk\/w958-h639-no\/3ryr.JPG\" \/><\/span><\/span><\/span><\/th>\n<\/tr>\n<tr>\n<th class=\"style4\" style=\"text-align: center;\" scope=\"row\"><span style=\"font-family: tahoma,geneva,sans-serif;\"><span style=\"font-size: 12px;\"><span style=\"color: #000000;\"><img decoding=\"async\" class=\"lazyload HAa Eha\" style=\"height: 133px; width: 200px; border-width: 1px; border-style: solid; margin: 10px;\" alt=\"\" src=\"data:image\/gif;base64,R0lGODlhAQABAAAAACH5BAEKAAEALAAAAAABAAEAAAICTAEAOw==\" data-orig-src=\"https:\/\/lh6.googleusercontent.com\/-s8nqF_NIsuw\/VJUpEVNc6rI\/AAAAAAAAJOQ\/7XKiqY7O4Ms\/w958-h639-no\/4myu.JPG\" \/><\/span><\/span><\/span><\/th>\n<\/tr>\n<tr>\n<th class=\"style4\" style=\"text-align: center;\" scope=\"row\"><span style=\"font-family: tahoma,geneva,sans-serif;\"><span style=\"font-size: 12px;\"><span style=\"color: #000000;\"><img decoding=\"async\" class=\"lazyload HAa Eha\" style=\"height: 133px; width: 200px; border-width: 1px; border-style: solid; margin: 10px;\" alt=\"\" src=\"data:image\/gif;base64,R0lGODlhAQABAAAAACH5BAEKAAEALAAAAAABAAEAAAICTAEAOw==\" data-orig-src=\"https:\/\/lh6.googleusercontent.com\/-9JfXefrz5nE\/VJUpFCVl4WI\/AAAAAAAAJOg\/AfP8ih8kbPE\/w958-h639-no\/5urmkt.JPG\" \/><\/span><\/span><\/span><\/th>\n<\/tr>\n<tr>\n<th class=\"style4\" style=\"text-align: center;\" scope=\"row\"><span style=\"font-family: tahoma,geneva,sans-serif;\"><span style=\"font-size: 12px;\"><span style=\"color: #000000;\"><img decoding=\"async\" class=\"lazyload HAa Eha\" style=\"height: 133px; width: 200px; border-width: 1px; border-style: solid; margin: 10px;\" alt=\"\" src=\"data:image\/gif;base64,R0lGODlhAQABAAAAACH5BAEKAAEALAAAAAABAAEAAAICTAEAOw==\" data-orig-src=\"https:\/\/lh4.googleusercontent.com\/-G31VKEglZ6M\/VJUpHRc2WdI\/AAAAAAAAJPQ\/AErcwvNA13Y\/w958-h639-no\/ysjy.JPG\" \/><\/span><\/span><\/span><\/th>\n<\/tr>\n<tr>\n<th class=\"style4\" style=\"text-align: center;\" scope=\"row\"><span style=\"font-family: tahoma,geneva,sans-serif;\"><span style=\"font-size: 12px;\"><span style=\"color: #000000;\"><img decoding=\"async\" class=\"lazyload HAa Eha\" style=\"height: 133px; width: 200px; border-width: 1px; border-style: solid; margin: 10px;\" alt=\"\" src=\"data:image\/gif;base64,R0lGODlhAQABAAAAACH5BAEKAAEALAAAAAABAAEAAAICTAEAOw==\" data-orig-src=\"https:\/\/lh3.googleusercontent.com\/-SIpIHcVdl7E\/VJUpFuSyRII\/AAAAAAAAJPE\/rnwb94pUbF4\/w958-h639-no\/7js.JPG\" \/><\/span><\/span><\/span><\/th>\n<\/tr>\n<tr>\n<th class=\"style4\" style=\"text-align: center;\" scope=\"row\"><span style=\"font-family: tahoma,geneva,sans-serif;\"><span style=\"font-size: 12px;\"><span style=\"color: #000000;\"><img decoding=\"async\" class=\"lazyload HAa Eha\" style=\"height: 133px; width: 200px; border-width: 1px; border-style: solid; margin: 10px;\" alt=\"\" src=\"data:image\/gif;base64,R0lGODlhAQABAAAAACH5BAEKAAEALAAAAAABAAEAAAICTAEAOw==\" data-orig-src=\"https:\/\/lh3.googleusercontent.com\/-Blml7eempUc\/VJUpF-cFMDI\/AAAAAAAAJOw\/AyYCt3coCAs\/w958-h639-no\/8.d%2Cytdi%2C.JPG\" \/><\/span><\/span><\/span><\/th>\n<\/tr>\n<tr>\n<th class=\"style4\" style=\"text-align: center;\" scope=\"row\"><span style=\"font-family: tahoma,geneva,sans-serif;\"><span style=\"font-size: 12px;\"><span style=\"color: #000000;\"><img decoding=\"async\" class=\"lazyload HAa Eha\" style=\"height: 133px; width: 200px; border-width: 1px; border-style: solid; margin: 10px;\" alt=\"\" src=\"data:image\/gif;base64,R0lGODlhAQABAAAAACH5BAEKAAEALAAAAAABAAEAAAICTAEAOw==\" data-orig-src=\"https:\/\/lh5.googleusercontent.com\/-Los7RNMxs7w\/VJUpHNC0gLI\/AAAAAAAAJPM\/7W3m9IQA5uk\/w958-h639-no\/mp.JPG\" \/><\/span><\/span><\/span><\/th>\n<\/tr>\n<tr>\n<th class=\"style4\" style=\"text-align: center;\" scope=\"row\"><span style=\"font-family: tahoma,geneva,sans-serif;\"><span style=\"font-size: 12px;\"><span style=\"color: #000000;\"><img decoding=\"async\" class=\"lazyload HAa Eha\" style=\"height: 133px; width: 200px; border-width: 1px; border-style: solid; margin: 10px;\" alt=\"\" src=\"data:image\/gif;base64,R0lGODlhAQABAAAAACH5BAEKAAEALAAAAAABAAEAAAICTAEAOw==\" data-orig-src=\"https:\/\/lh3.googleusercontent.com\/-s8OjWIJGCSg\/VJUo_iK4WsI\/AAAAAAAAJM0\/4p8D8d-gGc8\/w958-h639-no\/10etew.JPG\" \/><\/span><\/span><\/span><\/th>\n<\/tr>\n<tr>\n<th class=\"style4\" style=\"text-align: center;\" scope=\"row\"><span style=\"font-family: tahoma,geneva,sans-serif;\"><span style=\"font-size: 12px;\"><span style=\"color: #000000;\"><img decoding=\"async\" class=\"lazyload HAa Eha\" style=\"height: 133px; width: 200px; border-width: 1px; border-style: solid; margin: 10px;\" alt=\"\" src=\"data:image\/gif;base64,R0lGODlhAQABAAAAACH5BAEKAAEALAAAAAABAAEAAAICTAEAOw==\" data-orig-src=\"https:\/\/lh6.googleusercontent.com\/-3iDa2AGFkAk\/VJUo_QtjRfI\/AAAAAAAAJM4\/CxEcKliKGmI\/w958-h639-no\/11k%2Cg.JPG\" \/><\/span><\/span><\/span><\/th>\n<\/tr>\n<tr>\n<th class=\"style4\" scope=\"row\">&nbsp;<\/th>\n<\/tr>\n<tr>\n<th class=\"style4\" scope=\"row\"><span style=\"font-family: tahoma,geneva,sans-serif;\"><span style=\"font-size: 12px;\"><span style=\"color: #000000;\">Foto nga: Mano Kritsotaki<\/span><\/span><\/span><\/th>\n<\/tr>\n<\/tbody>\n<\/table>\n<\/div>\n<table border=\"0\">\n<tbody>\n<tr>\n<td>\n<div class=\"style9\">\n<div class=\"style10\">&nbsp;<\/div>\n<div style=\"text-align: justify;\"><span style=\"font-family: tahoma,geneva,sans-serif;\"><span style=\"font-size: 12px;\"><span style=\"color: #000000;\">&nbsp;&nbsp;&nbsp;&nbsp; Dita e tret\u00eb, dat\u00eb 2 N\u00ebntor 2009<\/span><\/span><\/span><\/div>\n<div style=\"text-align: justify;\">&nbsp;<\/div>\n<div style=\"text-align: justify;\"><span style=\"font-family: tahoma,geneva,sans-serif;\"><span style=\"font-size: 12px;\"><span style=\"color: #000000;\">&nbsp;&nbsp;&nbsp; Dita e tret\u00eb e vizit\u00ebs zyrtare dhe paq\u00ebsore e Pap\u00ebs dhe Patriarkut t\u00eb Aleksandris\u00eb dhe gjith\u00eb Afrik\u00ebs, Theodhorit II i ishte rezervuar takimeve t\u00eb nj\u00ebpasnj\u00ebshme me krer\u00ebt m\u00eb t\u00eb lart\u00eb t\u00eb shtetit shqiptar. N\u00eb k\u00ebto takime, zyrtar\u00ebt e lart\u00eb shqiptar\u00eb shpreh\u00ebn nderimet m\u00eb t\u00eb larta p\u00ebr Patriarkun e Afrik\u00ebs, i uruan me g\u00ebzim mir\u00ebseardhjen, si dhe vler\u00ebsuan figur\u00ebn e Kryepiskopit Anastas q\u00eb ngjalli dhe ringriti Kish\u00ebn e shkat\u00ebrruar t\u00eb Shqip\u00ebris\u00eb.<\/p>\n<p> &nbsp;&nbsp;&nbsp; Patriarku Theodhor II u takua me Presidentin e Republik\u00ebs, z. Bamir Topi. Kreu i shtetit shqiptar, pasi u uroi mir\u00ebseardhjen shprehu k\u00ebnaq\u00ebsin\u00eb p\u00ebr k\u00ebt\u00eb takim duke v\u00ebn\u00eb n\u00eb pah edhe r\u00ebnd\u00ebsin\u00eb e madhe t\u00eb k\u00ebsaj vizite t\u00eb shum\u00ebpritur t\u00eb prelat\u00ebve t\u00eb lart\u00eb jo vet\u00ebm p\u00ebr besimtar\u00ebt ortodoks\u00eb, por p\u00ebr mbar\u00eb popullin shqiptar. Presidenti Topi theksoi rolin e jasht\u00ebzakonsh\u00ebm t\u00eb luajtur nga udh\u00ebheq\u00ebsit shpirt\u00ebror\u00eb p\u00ebr promovimin e vlerave m\u00eb t\u00eb mira t\u00eb fes\u00eb, p\u00ebr rritjen e besimit ndaj Zotit, p\u00ebr fuqizimin e harmonis\u00eb nd\u00ebrfetare dhe paqes shoq\u00ebrore n\u00eb sh\u00ebrbim t\u00eb arritjes s\u00eb nj\u00eb jete m\u00eb t\u00eb mir\u00eb p\u00ebr t\u00eb gjith\u00eb.<\/p>\n<p> &nbsp;&nbsp;&nbsp; Patriarku i Aleksandris\u00eb dhe gjith\u00eb Afrik\u00ebs, Fortlumturia e Tij, Theodhori II, pasi shprehu mir\u00ebnjohjen p\u00ebr pritjen edhe n\u00eb em\u00ebr t\u00eb delegacionit q\u00eb e shoq\u00ebronte, vuri n\u00eb dukje r\u00ebnd\u00ebsin\u00eb e shembullit t\u00eb rrall\u00eb e t\u00eb vyer q\u00eb ofron Shqip\u00ebria p\u00ebrsa u p\u00ebrket bashk\u00ebjetes\u00ebs dhe toleranc\u00ebs nd\u00ebrfetare duke theksuar se: \u201cZoti \u00ebsht\u00eb dashuri! Zoti \u00ebsht\u00eb paqe p\u00ebr t\u00eb gjith\u00eb, pavar\u00ebsisht p\u00ebrkat\u00ebsive t\u00eb ve\u00e7anta fetare!\u201d<\/p>\n<p> &nbsp;&nbsp;&nbsp; Fortlumturia e Tij, Theodhori II vler\u00ebsoi rolin e Presidentit Topi si simbol i bashkimit t\u00eb popullit shqiptar duke shtuar se vizita t\u00eb tilla t\u00eb nd\u00ebrsjellta, t\u00eb rangjeve m\u00eb t\u00eb larta t\u00eb udh\u00ebheq\u00ebsve qoft\u00eb shpirt\u00ebror\u00eb, qoft\u00eb politik\u00eb, duhet t\u00eb jen\u00eb m\u00eb t\u00eb shpeshta n\u00eb m\u00ebnyr\u00eb q\u00eb tradita e vjet\u00ebr e komunikimit mes popujve, kulturave, feve dhe historive t\u00eb vendeve t\u00eb Mesdheut t\u00eb shtrihet e t\u00eb thellohet akoma edhe m\u00eb tej n\u00eb sh\u00ebrbim t\u00eb nd\u00ebrtimit t\u00eb nj\u00eb bote dhe shoq\u00ebrie njer\u00ebzore m\u00eb t\u00eb mir\u00eb.<\/p>\n<p> &nbsp;&nbsp;&nbsp; Patriarku i Aleksandri\u00ebs n\u00eb vijim u takua me Kryeministrin e Shqip\u00ebris\u00eb, z. Sali Berisha. Kryeministri Berisha vler\u00ebsoi rolin e Kryepeshkopit Anastas n\u00eb ngjalljen e fes\u00eb n\u00eb Shqip\u00ebri dhe n\u00eb krijimin e lidershipit shqiptar n\u00eb drejtimin e Kish\u00ebs Orthodokse Autoqefale Shqiptare. Gjithashtu, ai theksoi rolin e r\u00ebnd\u00ebsish\u00ebm q\u00eb luan Kisha Orthodokse n\u00eb zhvillimin shpirt\u00ebror t\u00eb Afrik\u00ebs. \u201cProgresi i sot\u00ebm i bot\u00ebs varet nga progresi i Afrik\u00ebs. Kjo \u00ebsht\u00eb arsyeja q\u00eb qeveria shqiptare ka vendosur q\u00eb vitin e ardhsh\u00ebm t\u00eb marr\u00eb pjes\u00eb n\u00eb ndihmat q\u00eb i jepen k\u00ebtij kontinenti\u201d, tha Kryeministri Berisha.<\/p>\n<p> &nbsp;&nbsp;&nbsp; Fortlumturia e Tij, Theodori II vler\u00ebsoi rind\u00ebrtimin nga themelet t\u00eb Kish\u00ebs Orthodokse Autoqefale t\u00eb Shqip\u00ebris\u00eb, si dhe ndryshimet e realizuara n\u00eb Shqip\u00ebri n\u00eb vitet e fundit.<\/p>\n<p> &nbsp;&nbsp;&nbsp; Edhe Kryetarja e Parlamentit, znj. Jozefina Topalli, priti n\u00eb takim zyrtar Primatin e Afrik\u00ebs. Duke shprehur k\u00ebnaq\u00ebsin\u00eb p\u00ebr k\u00ebt\u00eb vizit\u00eb&nbsp; Patriarku i Aleksandris\u00eb b\u00ebri p\u00ebrg\u00ebzimet e tij p\u00ebr progresin e arritur nga Shqip\u00ebria. \u201cJu p\u00ebrg\u00ebzoj p\u00ebr hapat e m\u00ebdha q\u00eb Shqip\u00ebria ka b\u00ebr\u00eb,- tha Primati i Kish\u00ebs aleksandriane,- dhe gjithashtu jam i lumtur q\u00eb takohem me ju, pasi personaliteti juaj \u00ebsht\u00eb tep\u00ebr i njohur p\u00ebr veprimtarin\u00eb aktive n\u00eb k\u00ebto vite.\u201d<\/p>\n<p> &nbsp;&nbsp;&nbsp; Kryetarja e Kuvendit pasi u shpreh se ndihet e nderuar q\u00eb pret n\u00eb k\u00ebt\u00eb vizit\u00eb t\u00eb par\u00eb nj\u00eb personalitet kaq t\u00eb lart\u00eb t\u00eb Kish\u00ebs Ortodokse, u ndal n\u00eb marr\u00ebdh\u00ebniet mes besimeve fetare n\u00eb Shqip\u00ebri. Kryetarja e Kuvendit theksoi se harmonia dhe toleranca mes feve n\u00eb vendin ton\u00eb \u00ebsht\u00eb nj\u00eb thesar i rrall\u00eb, q\u00eb e ka shnd\u00ebrruar Shqip\u00ebrin\u00eb n\u00eb nj\u00eb vend model p\u00ebr t\u00eb tjer\u00ebt. \u201cKjo harmoni \u00ebsht\u00eb nj\u00eb aset i yni,- tha ajo,- dhe ne ndihemi krenar\u00eb p\u00ebr k\u00ebt\u00eb vler\u00eb t\u00eb \u00e7muar\u201d. Zonja Jozefina Topalli vler\u00ebsoi kontributin e Kish\u00ebs Orthoodhokse n\u00eb Shqip\u00ebri dhe rolin e ve\u00e7ant\u00eb t\u00eb Kryepeshkopit Anastas, jo vet\u00ebm p\u00ebr pun\u00ebn e tij n\u00eb p\u00ebr\u00e7imin e vlerave humane, por edhe p\u00ebr bashk\u00ebpunimin e shk\u00eblqyer me p\u00ebrfaq\u00ebsuesit e besimeve t\u00eb tjera fetare.<\/p>\n<p> &nbsp;&nbsp;&nbsp; Patriarku i kontinenit afrikan u takua edhe me Kryetarin e Bashkis\u00eb s\u00eb Tiran\u00ebs, z. Edi Rama. Kryebashkiaku i shprehu Patriarkut g\u00ebzimin p\u00ebr vizit\u00ebn e tij dhe i dhuroi atij nj\u00eb ikon\u00eb t\u00eb Sh\u00ebn Theodhorit. Nd\u00ebrsa Kryepiskopit Anastas, me rastin e dit\u00eblindjes i b\u00ebri nj\u00eb dhurat\u00eb q\u00eb mbarte nj\u00eb simbolik\u00eb t\u00eb ve\u00e7ant\u00eb, nj\u00eb lib\u00ebr lutjesh orthodhokse q\u00eb ishte trash\u00ebguar brez pas brezi n\u00eb nj\u00eb familje t\u00eb persekutuar p\u00ebr besimin e tyre gjat\u00eb periudh\u00ebs s\u00eb komunizmit n\u00eb Shqip\u00ebri.<\/p>\n<p> &nbsp;&nbsp;&nbsp; Patriarku Thedhor i shprehu urimet m\u00eb t\u00eb mira z. Rama p\u00ebr pun\u00ebn e b\u00ebr\u00eb n\u00eb zhvillimin e Kryeqytetit dhe e informoi at\u00eb p\u00ebr pun\u00ebn bamir\u00ebse q\u00eb b\u00ebn Kisha Orthodhokse n\u00eb Afrik\u00eb me nd\u00ebrtimin e spitaleve, shkollave dhe qendrave sociale. Ai theksoi edhe rolin kryesor q\u00eb kishte Kryepiskopi Anastas n\u00eb Afris\u00eb n\u00eb p\u00ebrgatitjen e kuadrove kishtar\u00eb lokal\u00eb.<\/p>\n<p> &nbsp;&nbsp;&nbsp; Mbasditen e t\u00eb h\u00ebn\u00ebs u organizua nj\u00eb pritje zyrtare n\u00eb ambjentet e hotel \u201cTirana International\u201d, ku \u00ebsht\u00eb akomoduar edhe delegacioni i Kish\u00ebs aleksandriane, me dhjet\u00ebra t\u00eb ftuar, ku merrnin pjes\u00eb, Kryetarja e Kuvendit, Ministri i Jasht\u00ebm dhe Zv\/Kryeministri, ministra t\u00eb tjer\u00eb t\u00eb kabinetit qeveritar, deputet\u00eb dhe ambasador\u00ebt e Egjitptit, SHBA, Rusis\u00eb, Greqis\u00eb dhe p\u00ebrfaq\u00ebsues t\u00eb trupave t\u00eb tjer\u00eb diplomatik\u00eb t\u00eb akredituar n\u00eb Tiran\u00eb.<\/p>\n<p> &nbsp;&nbsp;&nbsp; Gjat\u00eb k\u00ebsaj pritjeje, Patriarku Theodhor dhe Kryepiskopi Anastas mir\u00ebprit\u00ebn \u00e7do t\u00eb ftuar duke ndar\u00eb me t\u00eb jo vet\u00ebm p\u00ebrsh\u00ebndetjet e rastit, por edhe mendime t\u00eb ndryshme mbi aktualitetin shoq\u00ebror dhe realitetin kishtar n\u00eb Shqip\u00ebri dhe Afrik\u00eb.<\/p>\n<p> &nbsp;&nbsp;&nbsp; N\u00eb fjal\u00ebn e tij, Papa dhe Patriarku i Aleksandris\u00eb dhe gjith\u00eb Afrik\u00ebs, Theodhori II, uroi Kryepiskopin Anastas p\u00ebr 80 vjetorin e dit\u00eblindjes s\u00eb tij duke v\u00ebn\u00eb n\u00eb dukje edhe nj\u00ebher\u00eb faktin q\u00eb Kryepiskopi Anastas ishte m\u00ebsuesi dhe udh\u00ebheq\u00ebsi i tij shpirt\u00ebror. Patriarku vler\u00ebsoi edhe p\u00ebrparimin e Shqip\u00ebris\u00eb, si dhe vlerat e saj t\u00eb \u00e7muara shpirt\u00ebrore n\u00eb bashk\u00ebjetes\u00ebn dhe harmonin\u00eb fetare. \u201cEdhe n\u00eb Egjipt,- n\u00ebnvizoi Patriarku,- jetojm\u00eb n\u00eb harmoni t\u00eb krishter\u00eb e musliman\u00eb dhe falenderojm\u00eb nj\u00ebkoh\u00ebsisht edhe Presidentin z. Mubarak p\u00ebr mb\u00ebshtetjen q\u00eb na ka dh\u00ebn\u00eb n\u00eb kryerjen e pun\u00ebs son\u00eb.<\/span><\/span><\/span><\/div>\n<div style=\"text-align: justify;\"> <span style=\"font-family: tahoma,geneva,sans-serif;\"><span style=\"font-size: 12px;\"><span style=\"color: #000000;\">&nbsp;&nbsp;&nbsp; Kryepiskopi Anastas shprehu fal\u00ebnderimet p\u00ebr urimet e Patriarkut dhe theksoi se p\u00ebrb\u00ebnte nj\u00eb g\u00ebzim t\u00eb ve\u00e7ant\u00eb p\u00ebr t\u00eb fakti q\u00eb nx\u00ebn\u00ebsi i tij ishte b\u00ebr\u00eb m\u00eb i mir\u00eb se m\u00ebsuesi. Ai u uroi t\u00eb gjith\u00ebve paqen, dashurin\u00eb dhe harmonin\u00eb q\u00eb buron vet\u00ebm q\u00eb lartazi, nga Per\u00ebndia.<\/p>\n<p> &nbsp;&nbsp;&nbsp; T\u00eb mart\u00ebn, Papa dhe Patriarku i Aleksandris\u00eb do t\u00eb marr\u00eb pjes\u00eb n\u00eb festimet jubilare me rastin e mbushjes 10 vjet t\u00eb funksionimit t\u00eb qendr\u00ebs diagnostikuese \u201cUngjill\u00ebzimi\u201d n\u00eb Tiran\u00eb. M\u00eb pas ai do t\u00eb niset drejt qytetit t\u00eb Kor\u00e7\u00ebs.<\/span><\/span><\/span><\/div>\n<div style=\"text-align: justify;\">&nbsp;<\/div>\n<div>&nbsp;<\/div>\n<div style=\"text-align: right;\"><span style=\"font-family: tahoma,geneva,sans-serif;\"><span style=\"font-size: 12px;\"><span style=\"color: #000000;\"><strong>Aleks Curi<\/strong><\/span><\/span><\/span><\/div>\n<\/div>\n<\/td>\n<\/tr>\n<\/tbody>\n<\/table>\n<div>\n<p> &nbsp;<\/p><\/div>\n<table border=\"0\">\n<tbody>\n<tr>\n<th scope=\"row\"><span style=\"font-family: tahoma,geneva,sans-serif;\"><span style=\"font-size: 12px;\"><span style=\"color: #000000;\"><img decoding=\"async\" class=\"lazyload HAa Eha\" style=\"height: 127px; width: 190px; border-width: 1px; border-style: solid; margin: 10px;\" alt=\"\" src=\"data:image\/gif;base64,R0lGODlhAQABAAAAACH5BAEKAAEALAAAAAABAAEAAAICTAEAOw==\" data-orig-src=\"https:\/\/lh6.googleusercontent.com\/-ylLxvhlV0P0\/VJUpBaaIPfI\/AAAAAAAAJOo\/deHrhuhplpI\/w958-h639-no\/15hrh.JPG\" \/><\/span><\/span><\/span><\/th>\n<td style=\"text-align: center;\">\n<div><span style=\"font-family: tahoma,geneva,sans-serif;\"><span style=\"font-size: 12px;\"><span style=\"color: #000000;\"><img decoding=\"async\" class=\"lazyload HAa Eha\" style=\"height: 127px; width: 190px; border-width: 1px; border-style: solid; margin: 10px;\" alt=\"\" src=\"data:image\/gif;base64,R0lGODlhAQABAAAAACH5BAEKAAEALAAAAAABAAEAAAICTAEAOw==\" data-orig-src=\"https:\/\/lh5.googleusercontent.com\/-qq4sg_Y_PRM\/VJUpBnFKp0I\/AAAAAAAAJNY\/eJoQARGIlwo\/w958-h639-no\/16.JPG\" \/><\/span><\/span><\/span><\/div>\n<\/td>\n<td style=\"text-align: center;\">\n<div><span style=\"font-family: tahoma,geneva,sans-serif;\"><span style=\"font-size: 12px;\"><span style=\"color: #000000;\"><img decoding=\"async\" class=\"lazyload HAa Eha\" style=\"height: 127px; width: 190px; border-width: 1px; border-style: solid; margin: 10px;\" alt=\"\" src=\"data:image\/gif;base64,R0lGODlhAQABAAAAACH5BAEKAAEALAAAAAABAAEAAAICTAEAOw==\" data-orig-src=\"https:\/\/lh5.googleusercontent.com\/-0l1FoYxQTE8\/VJUpB-YZU0I\/AAAAAAAAJNc\/vt6nguWBCTI\/w958-h639-no\/17.JPG\" \/><\/span><\/span><\/span><\/div>\n<\/td>\n<\/tr>\n<tr>\n<th scope=\"row\"><span style=\"font-family: tahoma,geneva,sans-serif;\"><span style=\"font-size: 12px;\"><span style=\"color: #000000;\"><img decoding=\"async\" class=\"lazyload HAa Eha\" style=\"height: 127px; width: 190px; border-width: 1px; border-style: solid; margin: 10px;\" alt=\"\" src=\"data:image\/gif;base64,R0lGODlhAQABAAAAACH5BAEKAAEALAAAAAABAAEAAAICTAEAOw==\" data-orig-src=\"https:\/\/lh3.googleusercontent.com\/-4Z5MkDslFS4\/VJUpAVv5JpI\/AAAAAAAAJNs\/GIXXqJs9hWk\/w958-h639-no\/12.JPG\" \/><\/span><\/span><\/span><\/th>\n<td style=\"text-align: center;\">\n<div><span style=\"font-family: tahoma,geneva,sans-serif;\"><span style=\"font-size: 12px;\"><span style=\"color: #000000;\"><img decoding=\"async\" class=\"lazyload HAa Eha\" style=\"height: 127px; width: 190px; border-width: 1px; border-style: solid; margin: 10px;\" alt=\"\" src=\"data:image\/gif;base64,R0lGODlhAQABAAAAACH5BAEKAAEALAAAAAABAAEAAAICTAEAOw==\" data-orig-src=\"https:\/\/lh5.googleusercontent.com\/-Bi_J8PRLQTU\/VJUpAhZqWWI\/AAAAAAAAJPI\/_VcvWLvYWPI\/w958-h639-no\/13.JPG\" \/><\/span><\/span><\/span><\/div>\n<\/td>\n<td style=\"text-align: center;\">\n<div><span style=\"font-family: tahoma,geneva,sans-serif;\"><span style=\"font-size: 12px;\"><span style=\"color: #000000;\"><img decoding=\"async\" class=\"lazyload HAa Eha\" style=\"height: 127px; width: 190px; border-width: 1px; border-style: solid; margin: 10px;\" alt=\"\" src=\"data:image\/gif;base64,R0lGODlhAQABAAAAACH5BAEKAAEALAAAAAABAAEAAAICTAEAOw==\" data-orig-src=\"https:\/\/lh3.googleusercontent.com\/-fBAijJOqoy0\/VJUpAn3YPSI\/AAAAAAAAJNM\/wkyfXDB0o14\/w958-h639-no\/14.JPG\" \/><\/span><\/span><\/span><\/div>\n<\/td>\n<\/tr>\n<\/tbody>\n<\/table>\n","protected":false},"excerpt":{"rendered":"<p>Papa dhe Patriarku i Aleksandris\u00eb dhe gjith\u00eb Afrik\u00ebs, Imzot Theodhori II, takohet me krer\u00ebt m\u00eb t\u00eb lart\u00eb t\u00eb shtetit shqiptar &nbsp; Foto nga: Mano Kritsotaki &nbsp; &nbsp;&nbsp;&nbsp;&nbsp; Dita e tret\u00eb, dat\u00eb 2 N\u00ebntor 2009 &nbsp; &nbsp;&nbsp;&nbsp; Dita e tret\u00eb e vizit\u00ebs zyrtare dhe paq\u00ebsore e Pap\u00ebs dhe Patriarkut t\u00eb Aleksandris\u00eb dhe gjith\u00eb Afrik\u00ebs, Theodhorit II i ishte rezervuar takimeve t\u00eb nj\u00ebpasnj\u00ebshme me krer\u00ebt m\u00eb t\u00eb<\/p>\n","protected":false},"author":1,"featured_media":0,"comment_status":"open","ping_status":"open","sticky":false,"template":"","format":"standard","meta":{"_acf_changed":false,"pagelayer_contact_templates":[],"_pagelayer_content":"","inline_featured_image":false,"fifu_image_url":"","fifu_image_alt":"","footnotes":""},"categories":[108],"tags":[145,153,196,201,212,202],"class_list":["post-1056","post","type-post","status-publish","format-standard","hentry","category-lajme","tag-145","tag-deklarata-njoftime-zyrtare-d75","tag-tirane","tag-kryepiskopi-anastas","tag-lajme-d27","tag-papa-dhe-patriarku-i-aleksandrise-dhe-gjithe-afrikes-imzot-theodhori-ii"],"acf":[],"yoast_head":"<!-- This site is optimized with the Yoast SEO plugin v27.2 - https:\/\/yoast.com\/product\/yoast-seo-wordpress\/ -->\n<title>Papa dhe Patriarku i Aleksandris\u00eb dhe gjith\u00eb Afrik\u00ebs, Imzot Theodhori II, takohet me krer\u00ebt m\u00eb t\u00eb lart\u00eb t\u00eb shtetit shqiptar. (2009) - Kisha Orthodh\u03bfkse Autoqefale e Shqip\u00ebris\u00eb<\/title>\n<meta name=\"robots\" content=\"index, follow, max-snippet:-1, max-image-preview:large, max-video-preview:-1\" \/>\n<link rel=\"canonical\" href=\"https:\/\/orthodoxalbania.org\/2020\/2009\/03\/13\/2009-patriku\/\" \/>\n<meta property=\"og:locale\" content=\"en_US\" \/>\n<meta property=\"og:type\" content=\"article\" \/>\n<meta property=\"og:title\" content=\"Papa dhe Patriarku i Aleksandris\u00eb dhe gjith\u00eb Afrik\u00ebs, Imzot Theodhori II, takohet me krer\u00ebt m\u00eb t\u00eb lart\u00eb t\u00eb shtetit shqiptar. (2009) - Kisha Orthodh\u03bfkse Autoqefale e Shqip\u00ebris\u00eb\" \/>\n<meta property=\"og:description\" content=\"Papa dhe Patriarku i Aleksandris\u00eb dhe gjith\u00eb Afrik\u00ebs, Imzot Theodhori II, takohet me krer\u00ebt m\u00eb t\u00eb lart\u00eb t\u00eb shtetit shqiptar &nbsp; Foto nga: Mano Kritsotaki &nbsp; &nbsp;&nbsp;&nbsp;&nbsp; Dita e tret\u00eb, dat\u00eb 2 N\u00ebntor 2009 &nbsp; &nbsp;&nbsp;&nbsp; Dita e tret\u00eb e vizit\u00ebs zyrtare dhe paq\u00ebsore e Pap\u00ebs dhe Patriarkut t\u00eb Aleksandris\u00eb dhe gjith\u00eb Afrik\u00ebs, Theodhorit II i ishte rezervuar takimeve t\u00eb nj\u00ebpasnj\u00ebshme me krer\u00ebt m\u00eb t\u00eb\" \/>\n<meta property=\"og:url\" content=\"https:\/\/orthodoxalbania.org\/2020\/2009\/03\/13\/2009-patriku\/\" \/>\n<meta property=\"og:site_name\" content=\"Kisha Orthodh\u03bfkse Autoqefale e Shqip\u00ebris\u00eb\" \/>\n<meta property=\"article:publisher\" content=\"https:\/\/www.facebook.com\/koash1991\" \/>\n<meta property=\"article:published_time\" content=\"2009-03-13T00:00:00+00:00\" \/>\n<meta property=\"article:modified_time\" content=\"2020-04-06T20:35:13+00:00\" \/>\n<meta property=\"og:image\" content=\"https:\/\/lh4.googleusercontent.com\/-eWza46-NJ_E\/VJUo_dd6DXI\/AAAAAAAAJMw\/ZBMNu_3PqkA\/w600-h400-no\/1.jpg\" \/>\n<meta name=\"author\" content=\"Kisha Orthodhokse\" \/>\n<meta name=\"twitter:card\" content=\"summary_large_image\" \/>\n<meta name=\"twitter:label1\" content=\"Written by\" \/>\n\t<meta name=\"twitter:data1\" content=\"Kisha Orthodhokse\" \/>\n\t<meta name=\"twitter:label2\" content=\"Est. reading time\" \/>\n\t<meta name=\"twitter:data2\" content=\"7 minutes\" \/>\n<script type=\"application\/ld+json\" class=\"yoast-schema-graph\">{\"@context\":\"https:\/\/schema.org\",\"@graph\":[{\"@type\":\"Article\",\"@id\":\"https:\/\/orthodoxalbania.org\/2020\/2009\/03\/13\/2009-patriku\/#article\",\"isPartOf\":{\"@id\":\"https:\/\/orthodoxalbania.org\/2020\/2009\/03\/13\/2009-patriku\/\"},\"author\":{\"name\":\"Kisha Orthodhokse\",\"@id\":\"https:\/\/orthodoxalbania.org\/2020\/#\/schema\/person\/0c387634a7063ac612d7ed9ce71c7e86\"},\"headline\":\"Papa dhe Patriarku i Aleksandris\u00eb dhe gjith\u00eb Afrik\u00ebs, Imzot Theodhori II, takohet me krer\u00ebt m\u00eb t\u00eb lart\u00eb t\u00eb shtetit shqiptar. (2009)\",\"datePublished\":\"2009-03-13T00:00:00+00:00\",\"dateModified\":\"2020-04-06T20:35:13+00:00\",\"mainEntityOfPage\":{\"@id\":\"https:\/\/orthodoxalbania.org\/2020\/2009\/03\/13\/2009-patriku\/\"},\"wordCount\":1366,\"commentCount\":0,\"publisher\":{\"@id\":\"https:\/\/orthodoxalbania.org\/2020\/#organization\"},\"image\":{\"@id\":\"https:\/\/orthodoxalbania.org\/2020\/2009\/03\/13\/2009-patriku\/#primaryimage\"},\"thumbnailUrl\":\"https:\/\/lh4.googleusercontent.com\/-eWza46-NJ_E\/VJUo_dd6DXI\/AAAAAAAAJMw\/ZBMNu_3PqkA\/w600-h400-no\/1.jpg\",\"keywords\":[\"2009\",\"Deklarata - Njoftime Zyrtare\",\"Kryepiskopata Tiran\u00eb\",\"Kryepiskopi Anastas\",\"lajme\",\"Papa dhe Patriarku i Aleksandris\u00eb dhe gjith\u00eb Afrik\u00ebs, Imzot Theodhori II\"],\"articleSection\":[\"Lajme\"],\"inLanguage\":\"en-US\"},{\"@type\":\"WebPage\",\"@id\":\"https:\/\/orthodoxalbania.org\/2020\/2009\/03\/13\/2009-patriku\/\",\"url\":\"https:\/\/orthodoxalbania.org\/2020\/2009\/03\/13\/2009-patriku\/\",\"name\":\"Papa dhe Patriarku i Aleksandris\u00eb dhe gjith\u00eb Afrik\u00ebs, Imzot Theodhori II, takohet me krer\u00ebt m\u00eb t\u00eb lart\u00eb t\u00eb shtetit shqiptar. (2009) - Kisha Orthodh\u03bfkse Autoqefale e Shqip\u00ebris\u00eb\",\"isPartOf\":{\"@id\":\"https:\/\/orthodoxalbania.org\/2020\/#website\"},\"primaryImageOfPage\":{\"@id\":\"https:\/\/orthodoxalbania.org\/2020\/2009\/03\/13\/2009-patriku\/#primaryimage\"},\"image\":{\"@id\":\"https:\/\/orthodoxalbania.org\/2020\/2009\/03\/13\/2009-patriku\/#primaryimage\"},\"thumbnailUrl\":\"https:\/\/lh4.googleusercontent.com\/-eWza46-NJ_E\/VJUo_dd6DXI\/AAAAAAAAJMw\/ZBMNu_3PqkA\/w600-h400-no\/1.jpg\",\"datePublished\":\"2009-03-13T00:00:00+00:00\",\"dateModified\":\"2020-04-06T20:35:13+00:00\",\"breadcrumb\":{\"@id\":\"https:\/\/orthodoxalbania.org\/2020\/2009\/03\/13\/2009-patriku\/#breadcrumb\"},\"inLanguage\":\"en-US\",\"potentialAction\":[{\"@type\":\"ReadAction\",\"target\":[\"https:\/\/orthodoxalbania.org\/2020\/2009\/03\/13\/2009-patriku\/\"]}]},{\"@type\":\"ImageObject\",\"inLanguage\":\"en-US\",\"@id\":\"https:\/\/orthodoxalbania.org\/2020\/2009\/03\/13\/2009-patriku\/#primaryimage\",\"url\":\"https:\/\/lh4.googleusercontent.com\/-eWza46-NJ_E\/VJUo_dd6DXI\/AAAAAAAAJMw\/ZBMNu_3PqkA\/w600-h400-no\/1.jpg\",\"contentUrl\":\"https:\/\/lh4.googleusercontent.com\/-eWza46-NJ_E\/VJUo_dd6DXI\/AAAAAAAAJMw\/ZBMNu_3PqkA\/w600-h400-no\/1.jpg\"},{\"@type\":\"BreadcrumbList\",\"@id\":\"https:\/\/orthodoxalbania.org\/2020\/2009\/03\/13\/2009-patriku\/#breadcrumb\",\"itemListElement\":[{\"@type\":\"ListItem\",\"position\":1,\"name\":\"Home\",\"item\":\"https:\/\/orthodoxalbania.org\/2020\/\"},{\"@type\":\"ListItem\",\"position\":2,\"name\":\"Papa dhe Patriarku i Aleksandris\u00eb dhe gjith\u00eb Afrik\u00ebs, Imzot Theodhori II, takohet me krer\u00ebt m\u00eb t\u00eb lart\u00eb t\u00eb shtetit shqiptar. (2009)\"}]},{\"@type\":\"WebSite\",\"@id\":\"https:\/\/orthodoxalbania.org\/2020\/#website\",\"url\":\"https:\/\/orthodoxalbania.org\/2020\/\",\"name\":\"Kisha Orthodh\u03bfkse Autoqefale e Shqip\u00ebris\u00eb\",\"description\":\"Fqja Zyrtare e Kish\u00ebs Orthodhokse Autoqefale e Shqip\u00ebris\u00eb me lajmet edhe informacionet zyrtare p\u00ebr struktur\u00ebn edhe veprimtarin e saj.\",\"publisher\":{\"@id\":\"https:\/\/orthodoxalbania.org\/2020\/#organization\"},\"potentialAction\":[{\"@type\":\"SearchAction\",\"target\":{\"@type\":\"EntryPoint\",\"urlTemplate\":\"https:\/\/orthodoxalbania.org\/2020\/?s={search_term_string}\"},\"query-input\":{\"@type\":\"PropertyValueSpecification\",\"valueRequired\":true,\"valueName\":\"search_term_string\"}}],\"inLanguage\":\"en-US\"},{\"@type\":\"Organization\",\"@id\":\"https:\/\/orthodoxalbania.org\/2020\/#organization\",\"name\":\"Kisha Orthodhokse Autoqefale e Shqip\u00ebris\u00eb\",\"url\":\"https:\/\/orthodoxalbania.org\/2020\/\",\"logo\":{\"@type\":\"ImageObject\",\"inLanguage\":\"en-US\",\"@id\":\"https:\/\/orthodoxalbania.org\/2020\/#\/schema\/logo\/image\/\",\"url\":\"https:\/\/orthodoxalbania.org\/2020\/wp-content\/uploads\/2020\/05\/albania.jpeg\",\"contentUrl\":\"https:\/\/orthodoxalbania.org\/2020\/wp-content\/uploads\/2020\/05\/albania.jpeg\",\"width\":540,\"height\":540,\"caption\":\"Kisha Orthodhokse Autoqefale e Shqip\u00ebris\u00eb\"},\"image\":{\"@id\":\"https:\/\/orthodoxalbania.org\/2020\/#\/schema\/logo\/image\/\"},\"sameAs\":[\"https:\/\/www.facebook.com\/koash1991\"]},{\"@type\":\"Person\",\"@id\":\"https:\/\/orthodoxalbania.org\/2020\/#\/schema\/person\/0c387634a7063ac612d7ed9ce71c7e86\",\"name\":\"Kisha Orthodhokse\",\"image\":{\"@type\":\"ImageObject\",\"inLanguage\":\"en-US\",\"@id\":\"https:\/\/secure.gravatar.com\/avatar\/596e7c417251e30f2fbb9c00e026fce61a695a00e51c889caded71c96cbbdde5?s=96&d=mm&r=g\",\"url\":\"https:\/\/secure.gravatar.com\/avatar\/596e7c417251e30f2fbb9c00e026fce61a695a00e51c889caded71c96cbbdde5?s=96&d=mm&r=g\",\"contentUrl\":\"https:\/\/secure.gravatar.com\/avatar\/596e7c417251e30f2fbb9c00e026fce61a695a00e51c889caded71c96cbbdde5?s=96&d=mm&r=g\",\"caption\":\"Kisha Orthodhokse\"}}]}<\/script>\n<!-- \/ Yoast SEO plugin. -->","yoast_head_json":{"title":"Papa dhe Patriarku i Aleksandris\u00eb dhe gjith\u00eb Afrik\u00ebs, Imzot Theodhori II, takohet me krer\u00ebt m\u00eb t\u00eb lart\u00eb t\u00eb shtetit shqiptar. (2009) - Kisha Orthodh\u03bfkse Autoqefale e Shqip\u00ebris\u00eb","robots":{"index":"index","follow":"follow","max-snippet":"max-snippet:-1","max-image-preview":"max-image-preview:large","max-video-preview":"max-video-preview:-1"},"canonical":"https:\/\/orthodoxalbania.org\/2020\/2009\/03\/13\/2009-patriku\/","og_locale":"en_US","og_type":"article","og_title":"Papa dhe Patriarku i Aleksandris\u00eb dhe gjith\u00eb Afrik\u00ebs, Imzot Theodhori II, takohet me krer\u00ebt m\u00eb t\u00eb lart\u00eb t\u00eb shtetit shqiptar. (2009) - Kisha Orthodh\u03bfkse Autoqefale e Shqip\u00ebris\u00eb","og_description":"Papa dhe Patriarku i Aleksandris\u00eb dhe gjith\u00eb Afrik\u00ebs, Imzot Theodhori II, takohet me krer\u00ebt m\u00eb t\u00eb lart\u00eb t\u00eb shtetit shqiptar &nbsp; Foto nga: Mano Kritsotaki &nbsp; &nbsp;&nbsp;&nbsp;&nbsp; Dita e tret\u00eb, dat\u00eb 2 N\u00ebntor 2009 &nbsp; &nbsp;&nbsp;&nbsp; Dita e tret\u00eb e vizit\u00ebs zyrtare dhe paq\u00ebsore e Pap\u00ebs dhe Patriarkut t\u00eb Aleksandris\u00eb dhe gjith\u00eb Afrik\u00ebs, Theodhorit II i ishte rezervuar takimeve t\u00eb nj\u00ebpasnj\u00ebshme me krer\u00ebt m\u00eb t\u00eb","og_url":"https:\/\/orthodoxalbania.org\/2020\/2009\/03\/13\/2009-patriku\/","og_site_name":"Kisha Orthodh\u03bfkse Autoqefale e Shqip\u00ebris\u00eb","article_publisher":"https:\/\/www.facebook.com\/koash1991","article_published_time":"2009-03-13T00:00:00+00:00","article_modified_time":"2020-04-06T20:35:13+00:00","og_image":[{"url":"https:\/\/lh4.googleusercontent.com\/-eWza46-NJ_E\/VJUo_dd6DXI\/AAAAAAAAJMw\/ZBMNu_3PqkA\/w600-h400-no\/1.jpg","type":"","width":"","height":""}],"author":"Kisha Orthodhokse","twitter_card":"summary_large_image","twitter_misc":{"Written by":"Kisha Orthodhokse","Est. reading time":"7 minutes"},"schema":{"@context":"https:\/\/schema.org","@graph":[{"@type":"Article","@id":"https:\/\/orthodoxalbania.org\/2020\/2009\/03\/13\/2009-patriku\/#article","isPartOf":{"@id":"https:\/\/orthodoxalbania.org\/2020\/2009\/03\/13\/2009-patriku\/"},"author":{"name":"Kisha Orthodhokse","@id":"https:\/\/orthodoxalbania.org\/2020\/#\/schema\/person\/0c387634a7063ac612d7ed9ce71c7e86"},"headline":"Papa dhe Patriarku i Aleksandris\u00eb dhe gjith\u00eb Afrik\u00ebs, Imzot Theodhori II, takohet me krer\u00ebt m\u00eb t\u00eb lart\u00eb t\u00eb shtetit shqiptar. (2009)","datePublished":"2009-03-13T00:00:00+00:00","dateModified":"2020-04-06T20:35:13+00:00","mainEntityOfPage":{"@id":"https:\/\/orthodoxalbania.org\/2020\/2009\/03\/13\/2009-patriku\/"},"wordCount":1366,"commentCount":0,"publisher":{"@id":"https:\/\/orthodoxalbania.org\/2020\/#organization"},"image":{"@id":"https:\/\/orthodoxalbania.org\/2020\/2009\/03\/13\/2009-patriku\/#primaryimage"},"thumbnailUrl":"https:\/\/lh4.googleusercontent.com\/-eWza46-NJ_E\/VJUo_dd6DXI\/AAAAAAAAJMw\/ZBMNu_3PqkA\/w600-h400-no\/1.jpg","keywords":["2009","Deklarata - Njoftime Zyrtare","Kryepiskopata Tiran\u00eb","Kryepiskopi Anastas","lajme","Papa dhe Patriarku i Aleksandris\u00eb dhe gjith\u00eb Afrik\u00ebs, Imzot Theodhori II"],"articleSection":["Lajme"],"inLanguage":"en-US"},{"@type":"WebPage","@id":"https:\/\/orthodoxalbania.org\/2020\/2009\/03\/13\/2009-patriku\/","url":"https:\/\/orthodoxalbania.org\/2020\/2009\/03\/13\/2009-patriku\/","name":"Papa dhe Patriarku i Aleksandris\u00eb dhe gjith\u00eb Afrik\u00ebs, Imzot Theodhori II, takohet me krer\u00ebt m\u00eb t\u00eb lart\u00eb t\u00eb shtetit shqiptar. (2009) - Kisha Orthodh\u03bfkse Autoqefale e Shqip\u00ebris\u00eb","isPartOf":{"@id":"https:\/\/orthodoxalbania.org\/2020\/#website"},"primaryImageOfPage":{"@id":"https:\/\/orthodoxalbania.org\/2020\/2009\/03\/13\/2009-patriku\/#primaryimage"},"image":{"@id":"https:\/\/orthodoxalbania.org\/2020\/2009\/03\/13\/2009-patriku\/#primaryimage"},"thumbnailUrl":"https:\/\/lh4.googleusercontent.com\/-eWza46-NJ_E\/VJUo_dd6DXI\/AAAAAAAAJMw\/ZBMNu_3PqkA\/w600-h400-no\/1.jpg","datePublished":"2009-03-13T00:00:00+00:00","dateModified":"2020-04-06T20:35:13+00:00","breadcrumb":{"@id":"https:\/\/orthodoxalbania.org\/2020\/2009\/03\/13\/2009-patriku\/#breadcrumb"},"inLanguage":"en-US","potentialAction":[{"@type":"ReadAction","target":["https:\/\/orthodoxalbania.org\/2020\/2009\/03\/13\/2009-patriku\/"]}]},{"@type":"ImageObject","inLanguage":"en-US","@id":"https:\/\/orthodoxalbania.org\/2020\/2009\/03\/13\/2009-patriku\/#primaryimage","url":"https:\/\/lh4.googleusercontent.com\/-eWza46-NJ_E\/VJUo_dd6DXI\/AAAAAAAAJMw\/ZBMNu_3PqkA\/w600-h400-no\/1.jpg","contentUrl":"https:\/\/lh4.googleusercontent.com\/-eWza46-NJ_E\/VJUo_dd6DXI\/AAAAAAAAJMw\/ZBMNu_3PqkA\/w600-h400-no\/1.jpg"},{"@type":"BreadcrumbList","@id":"https:\/\/orthodoxalbania.org\/2020\/2009\/03\/13\/2009-patriku\/#breadcrumb","itemListElement":[{"@type":"ListItem","position":1,"name":"Home","item":"https:\/\/orthodoxalbania.org\/2020\/"},{"@type":"ListItem","position":2,"name":"Papa dhe Patriarku i Aleksandris\u00eb dhe gjith\u00eb Afrik\u00ebs, Imzot Theodhori II, takohet me krer\u00ebt m\u00eb t\u00eb lart\u00eb t\u00eb shtetit shqiptar. (2009)"}]},{"@type":"WebSite","@id":"https:\/\/orthodoxalbania.org\/2020\/#website","url":"https:\/\/orthodoxalbania.org\/2020\/","name":"Kisha Orthodh\u03bfkse Autoqefale e Shqip\u00ebris\u00eb","description":"Fqja Zyrtare e Kish\u00ebs Orthodhokse Autoqefale e Shqip\u00ebris\u00eb me lajmet edhe informacionet zyrtare p\u00ebr struktur\u00ebn edhe veprimtarin e saj.","publisher":{"@id":"https:\/\/orthodoxalbania.org\/2020\/#organization"},"potentialAction":[{"@type":"SearchAction","target":{"@type":"EntryPoint","urlTemplate":"https:\/\/orthodoxalbania.org\/2020\/?s={search_term_string}"},"query-input":{"@type":"PropertyValueSpecification","valueRequired":true,"valueName":"search_term_string"}}],"inLanguage":"en-US"},{"@type":"Organization","@id":"https:\/\/orthodoxalbania.org\/2020\/#organization","name":"Kisha Orthodhokse Autoqefale e Shqip\u00ebris\u00eb","url":"https:\/\/orthodoxalbania.org\/2020\/","logo":{"@type":"ImageObject","inLanguage":"en-US","@id":"https:\/\/orthodoxalbania.org\/2020\/#\/schema\/logo\/image\/","url":"https:\/\/orthodoxalbania.org\/2020\/wp-content\/uploads\/2020\/05\/albania.jpeg","contentUrl":"https:\/\/orthodoxalbania.org\/2020\/wp-content\/uploads\/2020\/05\/albania.jpeg","width":540,"height":540,"caption":"Kisha Orthodhokse Autoqefale e Shqip\u00ebris\u00eb"},"image":{"@id":"https:\/\/orthodoxalbania.org\/2020\/#\/schema\/logo\/image\/"},"sameAs":["https:\/\/www.facebook.com\/koash1991"]},{"@type":"Person","@id":"https:\/\/orthodoxalbania.org\/2020\/#\/schema\/person\/0c387634a7063ac612d7ed9ce71c7e86","name":"Kisha Orthodhokse","image":{"@type":"ImageObject","inLanguage":"en-US","@id":"https:\/\/secure.gravatar.com\/avatar\/596e7c417251e30f2fbb9c00e026fce61a695a00e51c889caded71c96cbbdde5?s=96&d=mm&r=g","url":"https:\/\/secure.gravatar.com\/avatar\/596e7c417251e30f2fbb9c00e026fce61a695a00e51c889caded71c96cbbdde5?s=96&d=mm&r=g","contentUrl":"https:\/\/secure.gravatar.com\/avatar\/596e7c417251e30f2fbb9c00e026fce61a695a00e51c889caded71c96cbbdde5?s=96&d=mm&r=g","caption":"Kisha Orthodhokse"}}]}},"_links":{"self":[{"href":"https:\/\/orthodoxalbania.org\/2020\/wp-json\/wp\/v2\/posts\/1056","targetHints":{"allow":["GET"]}}],"collection":[{"href":"https:\/\/orthodoxalbania.org\/2020\/wp-json\/wp\/v2\/posts"}],"about":[{"href":"https:\/\/orthodoxalbania.org\/2020\/wp-json\/wp\/v2\/types\/post"}],"author":[{"embeddable":true,"href":"https:\/\/orthodoxalbania.org\/2020\/wp-json\/wp\/v2\/users\/1"}],"replies":[{"embeddable":true,"href":"https:\/\/orthodoxalbania.org\/2020\/wp-json\/wp\/v2\/comments?post=1056"}],"version-history":[{"count":1,"href":"https:\/\/orthodoxalbania.org\/2020\/wp-json\/wp\/v2\/posts\/1056\/revisions"}],"predecessor-version":[{"id":15624,"href":"https:\/\/orthodoxalbania.org\/2020\/wp-json\/wp\/v2\/posts\/1056\/revisions\/15624"}],"wp:attachment":[{"href":"https:\/\/orthodoxalbania.org\/2020\/wp-json\/wp\/v2\/media?parent=1056"}],"wp:term":[{"taxonomy":"category","embeddable":true,"href":"https:\/\/orthodoxalbania.org\/2020\/wp-json\/wp\/v2\/categories?post=1056"},{"taxonomy":"post_tag","embeddable":true,"href":"https:\/\/orthodoxalbania.org\/2020\/wp-json\/wp\/v2\/tags?post=1056"}],"curies":[{"name":"wp","href":"https:\/\/api.w.org\/{rel}","templated":true}]}}