{"id":1053,"date":"2006-02-26T00:00:00","date_gmt":"2006-02-26T00:00:00","guid":{"rendered":""},"modified":"2020-04-06T22:41:53","modified_gmt":"2020-04-06T20:41:53","slug":"panairi-i-pare-i-grave-orthodhokse-ne-prag-te-pashkes-se-madhe-prill-06","status":"publish","type":"post","link":"https:\/\/orthodoxalbania.org\/2020\/2006\/02\/26\/panairi-i-pare-i-grave-orthodhokse-ne-prag-te-pashkes-se-madhe-prill-06\/","title":{"rendered":"Panairi i par\u00eb i grave orthodhokse n\u00eb prag  t\u00eb Pashk\u00ebs s\u00eb Madhe. (15 &#8211; 16 Prill 2006)"},"content":{"rendered":"<div style=\"text-align: justify;\"><span style=\"color: #000000;\"><img class=\"lazyload\" decoding=\"async\" style=\"margin: 10px; float: left; border-width: 1px; border-style: solid;\" alt=\"\" src=\"data:image\/svg+xml,%3Csvg%20xmlns%3D%27http%3A%2F%2Fwww.w3.org%2F2000%2Fsvg%27%20width%3D%27244%27%20height%3D%27183%27%20viewBox%3D%270%200%20244%20183%27%3E%3Crect%20width%3D%27244%27%20height%3D%27183%27%20fill-opacity%3D%220%22%2F%3E%3C%2Fsvg%3E\" data-orig-src=\"https:\/\/lh4.googleusercontent.com\/-PNSxUbis7mY\/URy_hGV_imI\/AAAAAAAACBo\/fG0FvADJAZQ\/s350\/panairi1.jpg\" height=\"183\" width=\"244\" \/><span style=\"font-family: tahoma,geneva,sans-serif;\"><span style=\"font-size: 12px;\">&nbsp;&nbsp;&nbsp; N\u00eb datat 15 \u2013 16 prill, p\u00ebrkat\u00ebsisht n\u00eb dit\u00ebn e Sh\u00ebn Llazarit dhe t\u00eb Diel\u00ebn e Dafinave, n\u00eb prag t\u00eb fest\u00ebs s\u00eb Pashk\u00ebs s\u00eb Madhe, Lidhja e Grave Orthodhokse \u201cP\u00ebrhapja e Dashuris\u00eb\u201d Tiran\u00eb, organizoi panairin \u201cPunime artizanale vullnetare\u201d.<br \/> <\/span><\/span><\/span><\/div>\n<div style=\"text-align: justify;\">&nbsp;<\/div>\n<div style=\"text-align: justify;\"><span style=\"color: #000000;\"><span style=\"font-family: tahoma,geneva,sans-serif;\"><span style=\"font-size: 12px;\">&nbsp;&nbsp;&nbsp; Ndryshe nga vitet e m\u00ebparshme, kur grat\u00eb vullnetare vendoseshin me shporta n\u00eb hyrje t\u00eb Kish\u00ebs p\u00ebr t\u00eb mbledhur ndihma, k\u00ebt\u00eb vit u mendua t\u00eb organizohej nj\u00eb panair, n\u00eb t\u00eb cilin do t\u00eb prezantoheshin punimet e tyre. T\u00eb ardhurat e mbledhura nga shitjet e punimeve do t\u00eb shkonin n\u00eb ndihm\u00eb t\u00eb njer\u00ebzve me v\u00ebshtir\u00ebsi ekonomike.<br \/> <\/span><\/span><\/span><\/div>\n<div style=\"text-align: justify;\">&nbsp;<\/div>\n<div style=\"text-align: justify;\"><span style=\"color: #000000;\"><span style=\"font-family: tahoma,geneva,sans-serif;\"><span style=\"font-size: 12px;\">&nbsp;&nbsp;&nbsp; N\u00eb k\u00ebt\u00eb p\u00ebrpjekje bashk\u00eb me lek\u00ebt e dhuruara nga besimtar\u00ebt, grat\u00eb orthodhokse n\u00eb shenj\u00eb mir\u00ebnjohjeje<img decoding=\"async\" class=\"lazyload HAa Eha\" style=\"border-width: 1px; border-style: solid; margin: 10px; float: right;\" alt=\"\" src=\"data:image\/svg+xml,%3Csvg%20xmlns%3D%27http%3A%2F%2Fwww.w3.org%2F2000%2Fsvg%27%20width%3D%27268%27%20height%3D%27201%27%20viewBox%3D%270%200%20268%20201%27%3E%3Crect%20width%3D%27268%27%20height%3D%27201%27%20fill-opacity%3D%220%22%2F%3E%3C%2Fsvg%3E\" data-orig-src=\"https:\/\/lh6.googleusercontent.com\/-z2_qPIIh140\/VIbUmUAN6qI\/AAAAAAAAFTQ\/-KBIOICRGa4\/w360-h270-no\/panairi2.jpg\" height=\"201\" width=\"268\" \/> ofruan edhe materiale t\u00eb punuara me dor\u00eb si mbulesa, jast\u00ebk zbukurimi, \u00e7entro dhe punime t\u00eb tjera me gjilp\u00ebr\u00eb, t\u00eb cilat p\u00ebrb\u00ebnin pjes\u00ebn kryesore t\u00eb sendeve t\u00eb ekspozuara gjat\u00eb dy dit\u00ebve n\u00eb panair. K\u00ebto sende jan\u00eb b\u00ebr\u00eb nga materiale t\u00eb blera dhe t\u00eb dhuruara enkas p\u00ebr k\u00ebt\u00eb aktivitet si edhe nj\u00eb pjes\u00eb e tyre jan\u00eb bler\u00eb n\u00eb dyqanin e Burgut Nr. 325, i cili i ofron tregut punime t\u00eb ndryshme t\u00eb punuara nga grat\u00eb, q\u00eb kryejn\u00eb d\u00ebnimin n\u00eb at\u00eb burg. Grupi i grave orthodhokse ka m\u00eb tep\u00ebr se 8 vjet q\u00eb ofron sh\u00ebrbimet e tij n\u00eb k\u00ebt\u00eb burg me m\u00ebsime katekizmi, ndihma ushqimore etj. Nj\u00eb ndihm\u00eb t\u00eb konsiderueshme dhan\u00eb edhe vajzat e grupit rinor orthodhoks, t\u00eb cilat&nbsp; kontribuan me p\u00ebrgatitjen e kryqeve t\u00eb punuara prej dylli dhe gur\u00ebsh zbukurues, qirinjve dhe kartolinave t\u00eb urimit. Gjithashtu edhe grat\u00eb e ndihmuara ekonomikisht nga Kisha, ofruan falas, n\u00eb shenj\u00eb mir\u00ebnjohjeje, punime dore t\u00eb ndryshme si shall, \u00e7anta etj.<br \/> <\/span><\/span><\/span><\/div>\n<div style=\"text-align: justify;\">&nbsp;<\/div>\n<div style=\"text-align: justify;\"><span style=\"color: #000000;\"><span style=\"font-family: tahoma,geneva,sans-serif;\"><span style=\"font-size: 12px;\">&nbsp;&nbsp;&nbsp; Si \u00e7do vit me rastin e festave t\u00eb m\u00ebdha grupi i grave ka p\u00ebrgatitur shum\u00eb dhurata p\u00ebr njer\u00ebzit n\u00eb nevoj\u00eb. Fondi i akorduar enkas p\u00ebr k\u00ebt\u00eb aktivitet si edhe nj\u00eb fond i ve\u00e7ant\u00eb nga Kryepiskopi Anastas b\u00ebn\u00eb t\u00eb mundur p\u00ebrgatitjen e mjaft ndihmave si edhe shp\u00ebrndarjen e tyre tek t\u00eb gjitha ato familje, t\u00eb cilat p\u00ebrballen me v\u00ebshtir\u00ebsi t\u00eb shumta ekonomike dhe sociale.<\/p>\n<p> &nbsp;<\/p>\n<p> &nbsp;<\/span><\/span><\/span><\/div>\n","protected":false},"excerpt":{"rendered":"<p>&nbsp;&nbsp;&nbsp; N\u00eb datat 15 \u2013 16 prill, p\u00ebrkat\u00ebsisht n\u00eb dit\u00ebn e Sh\u00ebn Llazarit dhe t\u00eb Diel\u00ebn e Dafinave, n\u00eb prag t\u00eb fest\u00ebs s\u00eb Pashk\u00ebs s\u00eb Madhe, Lidhja e Grave Orthodhokse \u201cP\u00ebrhapja e Dashuris\u00eb\u201d Tiran\u00eb, organizoi panairin \u201cPunime artizanale vullnetare\u201d. &nbsp; &nbsp;&nbsp;&nbsp; Ndryshe nga vitet e m\u00ebparshme, kur grat\u00eb vullnetare vendoseshin me shporta n\u00eb hyrje t\u00eb Kish\u00ebs p\u00ebr t\u00eb mbledhur ndihma, k\u00ebt\u00eb vit u mendua t\u00eb<\/p>\n","protected":false},"author":1,"featured_media":0,"comment_status":"open","ping_status":"open","sticky":false,"template":"","format":"standard","meta":{"_acf_changed":false,"pagelayer_contact_templates":[],"_pagelayer_content":"","inline_featured_image":false,"fifu_image_url":"","fifu_image_alt":"","footnotes":""},"categories":[108],"tags":[148,154,196,212,187],"class_list":["post-1053","post","type-post","status-publish","format-standard","hentry","category-lajme","tag-148","tag-aktivitete","tag-tirane","tag-lajme-d27","tag-lidhja-e-grave-orthodhokse"],"acf":[],"yoast_head":"<!-- This site is optimized with the Yoast SEO plugin v27.2 - https:\/\/yoast.com\/product\/yoast-seo-wordpress\/ -->\n<title>Panairi i par\u00eb i grave orthodhokse n\u00eb prag t\u00eb Pashk\u00ebs s\u00eb Madhe. (15 - 16 Prill 2006) - Kisha Orthodh\u03bfkse Autoqefale e Shqip\u00ebris\u00eb<\/title>\n<meta name=\"robots\" content=\"index, follow, max-snippet:-1, max-image-preview:large, max-video-preview:-1\" \/>\n<link rel=\"canonical\" href=\"https:\/\/orthodoxalbania.org\/2020\/2006\/02\/26\/panairi-i-pare-i-grave-orthodhokse-ne-prag-te-pashkes-se-madhe-prill-06\/\" \/>\n<meta property=\"og:locale\" content=\"en_US\" \/>\n<meta property=\"og:type\" content=\"article\" \/>\n<meta property=\"og:title\" content=\"Panairi i par\u00eb i grave orthodhokse n\u00eb prag t\u00eb Pashk\u00ebs s\u00eb Madhe. (15 - 16 Prill 2006) - Kisha Orthodh\u03bfkse Autoqefale e Shqip\u00ebris\u00eb\" \/>\n<meta property=\"og:description\" content=\"&nbsp;&nbsp;&nbsp; N\u00eb datat 15 \u2013 16 prill, p\u00ebrkat\u00ebsisht n\u00eb dit\u00ebn e Sh\u00ebn Llazarit dhe t\u00eb Diel\u00ebn e Dafinave, n\u00eb prag t\u00eb fest\u00ebs s\u00eb Pashk\u00ebs s\u00eb Madhe, Lidhja e Grave Orthodhokse \u201cP\u00ebrhapja e Dashuris\u00eb\u201d Tiran\u00eb, organizoi panairin \u201cPunime artizanale vullnetare\u201d. &nbsp; &nbsp;&nbsp;&nbsp; Ndryshe nga vitet e m\u00ebparshme, kur grat\u00eb vullnetare vendoseshin me shporta n\u00eb hyrje t\u00eb Kish\u00ebs p\u00ebr t\u00eb mbledhur ndihma, k\u00ebt\u00eb vit u mendua t\u00eb\" \/>\n<meta property=\"og:url\" content=\"https:\/\/orthodoxalbania.org\/2020\/2006\/02\/26\/panairi-i-pare-i-grave-orthodhokse-ne-prag-te-pashkes-se-madhe-prill-06\/\" \/>\n<meta property=\"og:site_name\" content=\"Kisha Orthodh\u03bfkse Autoqefale e Shqip\u00ebris\u00eb\" \/>\n<meta property=\"article:publisher\" content=\"https:\/\/www.facebook.com\/koash1991\" \/>\n<meta property=\"article:published_time\" content=\"2006-02-26T00:00:00+00:00\" \/>\n<meta property=\"article:modified_time\" content=\"2020-04-06T20:41:53+00:00\" \/>\n<meta property=\"og:image\" content=\"https:\/\/lh4.googleusercontent.com\/-PNSxUbis7mY\/URy_hGV_imI\/AAAAAAAACBo\/fG0FvADJAZQ\/s350\/panairi1.jpg\" \/>\n<meta name=\"author\" content=\"Kisha Orthodhokse\" \/>\n<meta name=\"twitter:card\" content=\"summary_large_image\" \/>\n<meta name=\"twitter:label1\" content=\"Written by\" \/>\n\t<meta name=\"twitter:data1\" content=\"Kisha Orthodhokse\" \/>\n\t<meta name=\"twitter:label2\" content=\"Est. reading time\" \/>\n\t<meta name=\"twitter:data2\" content=\"2 minutes\" \/>\n<script type=\"application\/ld+json\" class=\"yoast-schema-graph\">{\"@context\":\"https:\/\/schema.org\",\"@graph\":[{\"@type\":\"Article\",\"@id\":\"https:\/\/orthodoxalbania.org\/2020\/2006\/02\/26\/panairi-i-pare-i-grave-orthodhokse-ne-prag-te-pashkes-se-madhe-prill-06\/#article\",\"isPartOf\":{\"@id\":\"https:\/\/orthodoxalbania.org\/2020\/2006\/02\/26\/panairi-i-pare-i-grave-orthodhokse-ne-prag-te-pashkes-se-madhe-prill-06\/\"},\"author\":{\"name\":\"Kisha Orthodhokse\",\"@id\":\"https:\/\/orthodoxalbania.org\/2020\/#\/schema\/person\/0c387634a7063ac612d7ed9ce71c7e86\"},\"headline\":\"Panairi i par\u00eb i grave orthodhokse n\u00eb prag t\u00eb Pashk\u00ebs s\u00eb Madhe. (15 &#8211; 16 Prill 2006)\",\"datePublished\":\"2006-02-26T00:00:00+00:00\",\"dateModified\":\"2020-04-06T20:41:53+00:00\",\"mainEntityOfPage\":{\"@id\":\"https:\/\/orthodoxalbania.org\/2020\/2006\/02\/26\/panairi-i-pare-i-grave-orthodhokse-ne-prag-te-pashkes-se-madhe-prill-06\/\"},\"wordCount\":403,\"commentCount\":0,\"publisher\":{\"@id\":\"https:\/\/orthodoxalbania.org\/2020\/#organization\"},\"image\":{\"@id\":\"https:\/\/orthodoxalbania.org\/2020\/2006\/02\/26\/panairi-i-pare-i-grave-orthodhokse-ne-prag-te-pashkes-se-madhe-prill-06\/#primaryimage\"},\"thumbnailUrl\":\"https:\/\/lh4.googleusercontent.com\/-PNSxUbis7mY\/URy_hGV_imI\/AAAAAAAACBo\/fG0FvADJAZQ\/s350\/panairi1.jpg\",\"keywords\":[\"2006\",\"Aktivitete\",\"Kryepiskopata Tiran\u00eb\",\"lajme\",\"Lidhja e Grave Orthodhokse\"],\"articleSection\":[\"Lajme\"],\"inLanguage\":\"en-US\"},{\"@type\":\"WebPage\",\"@id\":\"https:\/\/orthodoxalbania.org\/2020\/2006\/02\/26\/panairi-i-pare-i-grave-orthodhokse-ne-prag-te-pashkes-se-madhe-prill-06\/\",\"url\":\"https:\/\/orthodoxalbania.org\/2020\/2006\/02\/26\/panairi-i-pare-i-grave-orthodhokse-ne-prag-te-pashkes-se-madhe-prill-06\/\",\"name\":\"Panairi i par\u00eb i grave orthodhokse n\u00eb prag t\u00eb Pashk\u00ebs s\u00eb Madhe. (15 - 16 Prill 2006) - Kisha Orthodh\u03bfkse Autoqefale e Shqip\u00ebris\u00eb\",\"isPartOf\":{\"@id\":\"https:\/\/orthodoxalbania.org\/2020\/#website\"},\"primaryImageOfPage\":{\"@id\":\"https:\/\/orthodoxalbania.org\/2020\/2006\/02\/26\/panairi-i-pare-i-grave-orthodhokse-ne-prag-te-pashkes-se-madhe-prill-06\/#primaryimage\"},\"image\":{\"@id\":\"https:\/\/orthodoxalbania.org\/2020\/2006\/02\/26\/panairi-i-pare-i-grave-orthodhokse-ne-prag-te-pashkes-se-madhe-prill-06\/#primaryimage\"},\"thumbnailUrl\":\"https:\/\/lh4.googleusercontent.com\/-PNSxUbis7mY\/URy_hGV_imI\/AAAAAAAACBo\/fG0FvADJAZQ\/s350\/panairi1.jpg\",\"datePublished\":\"2006-02-26T00:00:00+00:00\",\"dateModified\":\"2020-04-06T20:41:53+00:00\",\"breadcrumb\":{\"@id\":\"https:\/\/orthodoxalbania.org\/2020\/2006\/02\/26\/panairi-i-pare-i-grave-orthodhokse-ne-prag-te-pashkes-se-madhe-prill-06\/#breadcrumb\"},\"inLanguage\":\"en-US\",\"potentialAction\":[{\"@type\":\"ReadAction\",\"target\":[\"https:\/\/orthodoxalbania.org\/2020\/2006\/02\/26\/panairi-i-pare-i-grave-orthodhokse-ne-prag-te-pashkes-se-madhe-prill-06\/\"]}]},{\"@type\":\"ImageObject\",\"inLanguage\":\"en-US\",\"@id\":\"https:\/\/orthodoxalbania.org\/2020\/2006\/02\/26\/panairi-i-pare-i-grave-orthodhokse-ne-prag-te-pashkes-se-madhe-prill-06\/#primaryimage\",\"url\":\"https:\/\/lh4.googleusercontent.com\/-PNSxUbis7mY\/URy_hGV_imI\/AAAAAAAACBo\/fG0FvADJAZQ\/s350\/panairi1.jpg\",\"contentUrl\":\"https:\/\/lh4.googleusercontent.com\/-PNSxUbis7mY\/URy_hGV_imI\/AAAAAAAACBo\/fG0FvADJAZQ\/s350\/panairi1.jpg\"},{\"@type\":\"BreadcrumbList\",\"@id\":\"https:\/\/orthodoxalbania.org\/2020\/2006\/02\/26\/panairi-i-pare-i-grave-orthodhokse-ne-prag-te-pashkes-se-madhe-prill-06\/#breadcrumb\",\"itemListElement\":[{\"@type\":\"ListItem\",\"position\":1,\"name\":\"Home\",\"item\":\"https:\/\/orthodoxalbania.org\/2020\/\"},{\"@type\":\"ListItem\",\"position\":2,\"name\":\"Panairi i par\u00eb i grave orthodhokse n\u00eb prag t\u00eb Pashk\u00ebs s\u00eb Madhe. (15 &#8211; 16 Prill 2006)\"}]},{\"@type\":\"WebSite\",\"@id\":\"https:\/\/orthodoxalbania.org\/2020\/#website\",\"url\":\"https:\/\/orthodoxalbania.org\/2020\/\",\"name\":\"Kisha Orthodh\u03bfkse Autoqefale e Shqip\u00ebris\u00eb\",\"description\":\"Fqja Zyrtare e Kish\u00ebs Orthodhokse Autoqefale e Shqip\u00ebris\u00eb me lajmet edhe informacionet zyrtare p\u00ebr struktur\u00ebn edhe veprimtarin e saj.\",\"publisher\":{\"@id\":\"https:\/\/orthodoxalbania.org\/2020\/#organization\"},\"potentialAction\":[{\"@type\":\"SearchAction\",\"target\":{\"@type\":\"EntryPoint\",\"urlTemplate\":\"https:\/\/orthodoxalbania.org\/2020\/?s={search_term_string}\"},\"query-input\":{\"@type\":\"PropertyValueSpecification\",\"valueRequired\":true,\"valueName\":\"search_term_string\"}}],\"inLanguage\":\"en-US\"},{\"@type\":\"Organization\",\"@id\":\"https:\/\/orthodoxalbania.org\/2020\/#organization\",\"name\":\"Kisha Orthodhokse Autoqefale e Shqip\u00ebris\u00eb\",\"url\":\"https:\/\/orthodoxalbania.org\/2020\/\",\"logo\":{\"@type\":\"ImageObject\",\"inLanguage\":\"en-US\",\"@id\":\"https:\/\/orthodoxalbania.org\/2020\/#\/schema\/logo\/image\/\",\"url\":\"https:\/\/orthodoxalbania.org\/2020\/wp-content\/uploads\/2020\/05\/albania.jpeg\",\"contentUrl\":\"https:\/\/orthodoxalbania.org\/2020\/wp-content\/uploads\/2020\/05\/albania.jpeg\",\"width\":540,\"height\":540,\"caption\":\"Kisha Orthodhokse Autoqefale e Shqip\u00ebris\u00eb\"},\"image\":{\"@id\":\"https:\/\/orthodoxalbania.org\/2020\/#\/schema\/logo\/image\/\"},\"sameAs\":[\"https:\/\/www.facebook.com\/koash1991\"]},{\"@type\":\"Person\",\"@id\":\"https:\/\/orthodoxalbania.org\/2020\/#\/schema\/person\/0c387634a7063ac612d7ed9ce71c7e86\",\"name\":\"Kisha Orthodhokse\",\"image\":{\"@type\":\"ImageObject\",\"inLanguage\":\"en-US\",\"@id\":\"https:\/\/secure.gravatar.com\/avatar\/596e7c417251e30f2fbb9c00e026fce61a695a00e51c889caded71c96cbbdde5?s=96&d=mm&r=g\",\"url\":\"https:\/\/secure.gravatar.com\/avatar\/596e7c417251e30f2fbb9c00e026fce61a695a00e51c889caded71c96cbbdde5?s=96&d=mm&r=g\",\"contentUrl\":\"https:\/\/secure.gravatar.com\/avatar\/596e7c417251e30f2fbb9c00e026fce61a695a00e51c889caded71c96cbbdde5?s=96&d=mm&r=g\",\"caption\":\"Kisha Orthodhokse\"}}]}<\/script>\n<!-- \/ Yoast SEO plugin. -->","yoast_head_json":{"title":"Panairi i par\u00eb i grave orthodhokse n\u00eb prag t\u00eb Pashk\u00ebs s\u00eb Madhe. (15 - 16 Prill 2006) - Kisha Orthodh\u03bfkse Autoqefale e Shqip\u00ebris\u00eb","robots":{"index":"index","follow":"follow","max-snippet":"max-snippet:-1","max-image-preview":"max-image-preview:large","max-video-preview":"max-video-preview:-1"},"canonical":"https:\/\/orthodoxalbania.org\/2020\/2006\/02\/26\/panairi-i-pare-i-grave-orthodhokse-ne-prag-te-pashkes-se-madhe-prill-06\/","og_locale":"en_US","og_type":"article","og_title":"Panairi i par\u00eb i grave orthodhokse n\u00eb prag t\u00eb Pashk\u00ebs s\u00eb Madhe. (15 - 16 Prill 2006) - Kisha Orthodh\u03bfkse Autoqefale e Shqip\u00ebris\u00eb","og_description":"&nbsp;&nbsp;&nbsp; N\u00eb datat 15 \u2013 16 prill, p\u00ebrkat\u00ebsisht n\u00eb dit\u00ebn e Sh\u00ebn Llazarit dhe t\u00eb Diel\u00ebn e Dafinave, n\u00eb prag t\u00eb fest\u00ebs s\u00eb Pashk\u00ebs s\u00eb Madhe, Lidhja e Grave Orthodhokse \u201cP\u00ebrhapja e Dashuris\u00eb\u201d Tiran\u00eb, organizoi panairin \u201cPunime artizanale vullnetare\u201d. &nbsp; &nbsp;&nbsp;&nbsp; Ndryshe nga vitet e m\u00ebparshme, kur grat\u00eb vullnetare vendoseshin me shporta n\u00eb hyrje t\u00eb Kish\u00ebs p\u00ebr t\u00eb mbledhur ndihma, k\u00ebt\u00eb vit u mendua t\u00eb","og_url":"https:\/\/orthodoxalbania.org\/2020\/2006\/02\/26\/panairi-i-pare-i-grave-orthodhokse-ne-prag-te-pashkes-se-madhe-prill-06\/","og_site_name":"Kisha Orthodh\u03bfkse Autoqefale e Shqip\u00ebris\u00eb","article_publisher":"https:\/\/www.facebook.com\/koash1991","article_published_time":"2006-02-26T00:00:00+00:00","article_modified_time":"2020-04-06T20:41:53+00:00","og_image":[{"url":"https:\/\/lh4.googleusercontent.com\/-PNSxUbis7mY\/URy_hGV_imI\/AAAAAAAACBo\/fG0FvADJAZQ\/s350\/panairi1.jpg","type":"","width":"","height":""}],"author":"Kisha Orthodhokse","twitter_card":"summary_large_image","twitter_misc":{"Written by":"Kisha Orthodhokse","Est. reading time":"2 minutes"},"schema":{"@context":"https:\/\/schema.org","@graph":[{"@type":"Article","@id":"https:\/\/orthodoxalbania.org\/2020\/2006\/02\/26\/panairi-i-pare-i-grave-orthodhokse-ne-prag-te-pashkes-se-madhe-prill-06\/#article","isPartOf":{"@id":"https:\/\/orthodoxalbania.org\/2020\/2006\/02\/26\/panairi-i-pare-i-grave-orthodhokse-ne-prag-te-pashkes-se-madhe-prill-06\/"},"author":{"name":"Kisha Orthodhokse","@id":"https:\/\/orthodoxalbania.org\/2020\/#\/schema\/person\/0c387634a7063ac612d7ed9ce71c7e86"},"headline":"Panairi i par\u00eb i grave orthodhokse n\u00eb prag t\u00eb Pashk\u00ebs s\u00eb Madhe. (15 &#8211; 16 Prill 2006)","datePublished":"2006-02-26T00:00:00+00:00","dateModified":"2020-04-06T20:41:53+00:00","mainEntityOfPage":{"@id":"https:\/\/orthodoxalbania.org\/2020\/2006\/02\/26\/panairi-i-pare-i-grave-orthodhokse-ne-prag-te-pashkes-se-madhe-prill-06\/"},"wordCount":403,"commentCount":0,"publisher":{"@id":"https:\/\/orthodoxalbania.org\/2020\/#organization"},"image":{"@id":"https:\/\/orthodoxalbania.org\/2020\/2006\/02\/26\/panairi-i-pare-i-grave-orthodhokse-ne-prag-te-pashkes-se-madhe-prill-06\/#primaryimage"},"thumbnailUrl":"https:\/\/lh4.googleusercontent.com\/-PNSxUbis7mY\/URy_hGV_imI\/AAAAAAAACBo\/fG0FvADJAZQ\/s350\/panairi1.jpg","keywords":["2006","Aktivitete","Kryepiskopata Tiran\u00eb","lajme","Lidhja e Grave Orthodhokse"],"articleSection":["Lajme"],"inLanguage":"en-US"},{"@type":"WebPage","@id":"https:\/\/orthodoxalbania.org\/2020\/2006\/02\/26\/panairi-i-pare-i-grave-orthodhokse-ne-prag-te-pashkes-se-madhe-prill-06\/","url":"https:\/\/orthodoxalbania.org\/2020\/2006\/02\/26\/panairi-i-pare-i-grave-orthodhokse-ne-prag-te-pashkes-se-madhe-prill-06\/","name":"Panairi i par\u00eb i grave orthodhokse n\u00eb prag t\u00eb Pashk\u00ebs s\u00eb Madhe. (15 - 16 Prill 2006) - Kisha Orthodh\u03bfkse Autoqefale e Shqip\u00ebris\u00eb","isPartOf":{"@id":"https:\/\/orthodoxalbania.org\/2020\/#website"},"primaryImageOfPage":{"@id":"https:\/\/orthodoxalbania.org\/2020\/2006\/02\/26\/panairi-i-pare-i-grave-orthodhokse-ne-prag-te-pashkes-se-madhe-prill-06\/#primaryimage"},"image":{"@id":"https:\/\/orthodoxalbania.org\/2020\/2006\/02\/26\/panairi-i-pare-i-grave-orthodhokse-ne-prag-te-pashkes-se-madhe-prill-06\/#primaryimage"},"thumbnailUrl":"https:\/\/lh4.googleusercontent.com\/-PNSxUbis7mY\/URy_hGV_imI\/AAAAAAAACBo\/fG0FvADJAZQ\/s350\/panairi1.jpg","datePublished":"2006-02-26T00:00:00+00:00","dateModified":"2020-04-06T20:41:53+00:00","breadcrumb":{"@id":"https:\/\/orthodoxalbania.org\/2020\/2006\/02\/26\/panairi-i-pare-i-grave-orthodhokse-ne-prag-te-pashkes-se-madhe-prill-06\/#breadcrumb"},"inLanguage":"en-US","potentialAction":[{"@type":"ReadAction","target":["https:\/\/orthodoxalbania.org\/2020\/2006\/02\/26\/panairi-i-pare-i-grave-orthodhokse-ne-prag-te-pashkes-se-madhe-prill-06\/"]}]},{"@type":"ImageObject","inLanguage":"en-US","@id":"https:\/\/orthodoxalbania.org\/2020\/2006\/02\/26\/panairi-i-pare-i-grave-orthodhokse-ne-prag-te-pashkes-se-madhe-prill-06\/#primaryimage","url":"https:\/\/lh4.googleusercontent.com\/-PNSxUbis7mY\/URy_hGV_imI\/AAAAAAAACBo\/fG0FvADJAZQ\/s350\/panairi1.jpg","contentUrl":"https:\/\/lh4.googleusercontent.com\/-PNSxUbis7mY\/URy_hGV_imI\/AAAAAAAACBo\/fG0FvADJAZQ\/s350\/panairi1.jpg"},{"@type":"BreadcrumbList","@id":"https:\/\/orthodoxalbania.org\/2020\/2006\/02\/26\/panairi-i-pare-i-grave-orthodhokse-ne-prag-te-pashkes-se-madhe-prill-06\/#breadcrumb","itemListElement":[{"@type":"ListItem","position":1,"name":"Home","item":"https:\/\/orthodoxalbania.org\/2020\/"},{"@type":"ListItem","position":2,"name":"Panairi i par\u00eb i grave orthodhokse n\u00eb prag t\u00eb Pashk\u00ebs s\u00eb Madhe. (15 &#8211; 16 Prill 2006)"}]},{"@type":"WebSite","@id":"https:\/\/orthodoxalbania.org\/2020\/#website","url":"https:\/\/orthodoxalbania.org\/2020\/","name":"Kisha Orthodh\u03bfkse Autoqefale e Shqip\u00ebris\u00eb","description":"Fqja Zyrtare e Kish\u00ebs Orthodhokse Autoqefale e Shqip\u00ebris\u00eb me lajmet edhe informacionet zyrtare p\u00ebr struktur\u00ebn edhe veprimtarin e saj.","publisher":{"@id":"https:\/\/orthodoxalbania.org\/2020\/#organization"},"potentialAction":[{"@type":"SearchAction","target":{"@type":"EntryPoint","urlTemplate":"https:\/\/orthodoxalbania.org\/2020\/?s={search_term_string}"},"query-input":{"@type":"PropertyValueSpecification","valueRequired":true,"valueName":"search_term_string"}}],"inLanguage":"en-US"},{"@type":"Organization","@id":"https:\/\/orthodoxalbania.org\/2020\/#organization","name":"Kisha Orthodhokse Autoqefale e Shqip\u00ebris\u00eb","url":"https:\/\/orthodoxalbania.org\/2020\/","logo":{"@type":"ImageObject","inLanguage":"en-US","@id":"https:\/\/orthodoxalbania.org\/2020\/#\/schema\/logo\/image\/","url":"https:\/\/orthodoxalbania.org\/2020\/wp-content\/uploads\/2020\/05\/albania.jpeg","contentUrl":"https:\/\/orthodoxalbania.org\/2020\/wp-content\/uploads\/2020\/05\/albania.jpeg","width":540,"height":540,"caption":"Kisha Orthodhokse Autoqefale e Shqip\u00ebris\u00eb"},"image":{"@id":"https:\/\/orthodoxalbania.org\/2020\/#\/schema\/logo\/image\/"},"sameAs":["https:\/\/www.facebook.com\/koash1991"]},{"@type":"Person","@id":"https:\/\/orthodoxalbania.org\/2020\/#\/schema\/person\/0c387634a7063ac612d7ed9ce71c7e86","name":"Kisha Orthodhokse","image":{"@type":"ImageObject","inLanguage":"en-US","@id":"https:\/\/secure.gravatar.com\/avatar\/596e7c417251e30f2fbb9c00e026fce61a695a00e51c889caded71c96cbbdde5?s=96&d=mm&r=g","url":"https:\/\/secure.gravatar.com\/avatar\/596e7c417251e30f2fbb9c00e026fce61a695a00e51c889caded71c96cbbdde5?s=96&d=mm&r=g","contentUrl":"https:\/\/secure.gravatar.com\/avatar\/596e7c417251e30f2fbb9c00e026fce61a695a00e51c889caded71c96cbbdde5?s=96&d=mm&r=g","caption":"Kisha Orthodhokse"}}]}},"_links":{"self":[{"href":"https:\/\/orthodoxalbania.org\/2020\/wp-json\/wp\/v2\/posts\/1053","targetHints":{"allow":["GET"]}}],"collection":[{"href":"https:\/\/orthodoxalbania.org\/2020\/wp-json\/wp\/v2\/posts"}],"about":[{"href":"https:\/\/orthodoxalbania.org\/2020\/wp-json\/wp\/v2\/types\/post"}],"author":[{"embeddable":true,"href":"https:\/\/orthodoxalbania.org\/2020\/wp-json\/wp\/v2\/users\/1"}],"replies":[{"embeddable":true,"href":"https:\/\/orthodoxalbania.org\/2020\/wp-json\/wp\/v2\/comments?post=1053"}],"version-history":[{"count":1,"href":"https:\/\/orthodoxalbania.org\/2020\/wp-json\/wp\/v2\/posts\/1053\/revisions"}],"predecessor-version":[{"id":15855,"href":"https:\/\/orthodoxalbania.org\/2020\/wp-json\/wp\/v2\/posts\/1053\/revisions\/15855"}],"wp:attachment":[{"href":"https:\/\/orthodoxalbania.org\/2020\/wp-json\/wp\/v2\/media?parent=1053"}],"wp:term":[{"taxonomy":"category","embeddable":true,"href":"https:\/\/orthodoxalbania.org\/2020\/wp-json\/wp\/v2\/categories?post=1053"},{"taxonomy":"post_tag","embeddable":true,"href":"https:\/\/orthodoxalbania.org\/2020\/wp-json\/wp\/v2\/tags?post=1053"}],"curies":[{"name":"wp","href":"https:\/\/api.w.org\/{rel}","templated":true}]}}