{"id":1051,"date":"2014-08-21T09:07:28","date_gmt":"2014-08-21T09:07:28","guid":{"rendered":""},"modified":"2020-04-06T22:02:24","modified_gmt":"2020-04-06T20:02:24","slug":"panairi-i-librit-vlora-2014","status":"publish","type":"post","link":"https:\/\/orthodoxalbania.org\/2020\/2014\/08\/21\/panairi-i-librit-vlora-2014\/","title":{"rendered":"Panairi i Librit \u201cVlora 2014\u201d"},"content":{"rendered":"<p style=\"text-align: justify;\">\n\t<span style=\"font-size: 12pt; font-family: helvetica;\"><span style=\"color: #000000;\">&nbsp;&nbsp;&nbsp;<\/span><span style=\"color: #000000;\"> Me bekimin e Kryepiskopit Anastas edhe n\u00ebn kujdesin e Mitropolitit t\u00eb Beratit, Vlor\u00ebs dhe gjith\u00eb Myzeqes\u00eb, Imzot Ignatit, Kisha Orthodhokse mori pjes\u00eb n\u00eb panairin triditor \u201cVlora 2014\u201d, i zhvilluar nga datat 10-13 Gusht, 2014.<\/span><\/span><\/p>\n<p style=\"text-align: justify;\">\n\t<span style=\"color: #000000; font-size: 12pt; font-family: helvetica;\">&nbsp;&nbsp; Kisha Orthodhokse Autoqefale e Shqip\u00ebris\u00eb u prezantua me botimet e saj, punimet kishtare dhe me ekspozit\u00eb fotografish t\u00eb veprimtarive t\u00eb ndryshme si: shkollat 9-vje\u00e7are, t\u00eb mesme e t\u00eb larta, kontributin publik, kujdesin sh\u00ebndet\u00ebsor, p\u00ebrkujdesjet ditore (kopshtet), sht\u00ebpin\u00eb e f\u00ebmij\u00ebve \u201cShpresa\u201d, edukimin e krishter\u00eb, kampet, nd\u00ebrtimet dhe restaurimet e kishave, duke shfaqur k\u00ebshtu nj\u00eb prezantim dinjitoz t\u00eb ringritjes s\u00eb Kish\u00ebs.<\/span><\/p>\n<p style=\"text-align: justify;\">\n\t<span style=\"color: #000000; font-size: 12pt; font-family: helvetica;\">&nbsp;&nbsp;&nbsp; Tenda e Kish\u00ebs Orthodhokse u vizitua nga shum\u00eb pjes\u00ebmarr\u00ebs t\u00eb panairit, t\u00eb cil\u00ebt pat\u00ebn mund\u00ebsin\u00eb t\u00eb merrnin botimet e saj por edhe t\u00eb merrnin m\u00eb shum\u00eb informacion rreth veprimtarive t\u00eb saj. Personalitetet e larta gjithashtu vizituan k\u00ebt\u00eb tend\u00eb. I pranish\u00ebm n\u00eb hapjen e k\u00ebtij panairi ishte edhe Mitropoliti i Beratit, Imzot Ignati.&nbsp;<\/span><\/p>\n<p style=\"text-align: justify;\">\n\t&nbsp;<\/p>\n<p style=\"text-align: justify;\">\n\t&nbsp;<\/p>\n<p style=\"text-align: justify;\">\n\t&nbsp;<\/p>\n<div>\n\t<img decoding=\"async\" alt=\"\" class=\"lazyload HAa Eha\" src=\"data:image\/gif;base64,R0lGODlhAQABAAAAACH5BAEKAAEALAAAAAABAAEAAAICTAEAOw==\" data-orig-src=\"https:\/\/lh6.googleusercontent.com\/-OqRqzBrb7h0\/U_xqGR2kFBI\/AAAAAAAABJs\/a9Ht7QhiS7s\/w480-h720-no\/10378921_832618946762940_6086180224983964914_n.jpg\" style=\"height: 900px; width: 600px; border-width: 1px; border-style: solid; margin: 10px auto; display: block;\" \/><\/div>\n<div>\n\t<img decoding=\"async\" alt=\"\" class=\"lazyload HAa Eha\" src=\"data:image\/gif;base64,R0lGODlhAQABAAAAACH5BAEKAAEALAAAAAABAAEAAAICTAEAOw==\" data-orig-src=\"https:\/\/lh6.googleusercontent.com\/-0tfgfGxKsmw\/U_xqKfzmxDI\/AAAAAAAABJU\/wXYZ6rI2_-4\/w480-h720-no\/kopertina.jpg\" style=\"height: 900px; width: 600px; border-width: 1px; border-style: solid; margin: 10px auto; display: block;\" \/><\/div>\n<div>\n\t<img decoding=\"async\" alt=\"\" class=\"lazyload HAa Eha\" src=\"data:image\/gif;base64,R0lGODlhAQABAAAAACH5BAEKAAEALAAAAAABAAEAAAICTAEAOw==\" data-orig-src=\"https:\/\/lh5.googleusercontent.com\/-PIEAovnBa_A\/U_xqJUp04nI\/AAAAAAAABJQ\/x4ONrQqVQAI\/w958-h639-no\/2.jpg\" style=\"height: 400px; width: 600px; border-width: 1px; border-style: solid; margin: 10px auto; display: block;\" \/><\/div>\n<div>\n\t<img decoding=\"async\" alt=\"\" class=\"lazyload HAa Eha\" src=\"data:image\/gif;base64,R0lGODlhAQABAAAAACH5BAEKAAEALAAAAAABAAEAAAICTAEAOw==\" data-orig-src=\"https:\/\/lh5.googleusercontent.com\/-6X19vS3x_4c\/U_xqHcrXCjI\/AAAAAAAABIs\/VTCQIwhaNgk\/w480-h720-no\/10574235_832618933429608_4873954895350845334_n.jpg\" style=\"height: 900px; width: 600px; border-width: 1px; border-style: solid; margin: 10px auto; display: block;\" \/><\/div>\n<div>\n\t<img decoding=\"async\" alt=\"\" class=\"lazyload HAa Eha\" src=\"data:image\/gif;base64,R0lGODlhAQABAAAAACH5BAEKAAEALAAAAAABAAEAAAICTAEAOw==\" data-orig-src=\"https:\/\/lh5.googleusercontent.com\/-3aaPOFI1tCo\/U_xqGVfufhI\/AAAAAAAABIg\/VO5HjGYS5-Y\/w720-h443-no\/10464298_832618896762945_8386483995562917490_n.jpg\" style=\"height: 369px; width: 600px; border-width: 1px; border-style: solid; margin: 10px auto; display: block;\" \/><\/div>\n<div>\n\t<img decoding=\"async\" alt=\"\" class=\"lazyload HAa Eha\" src=\"data:image\/gif;base64,R0lGODlhAQABAAAAACH5BAEKAAEALAAAAAABAAEAAAICTAEAOw==\" data-orig-src=\"https:\/\/lh6.googleusercontent.com\/-zsKBJrMn92Y\/U_xqG_hMk1I\/AAAAAAAABJA\/HILRb7e43N8\/w958-h652-no\/10525739_832620600096108_1159437099165363813_n.jpg\" style=\"height: 408px; width: 600px; border-width: 1px; border-style: solid; margin: 10px auto; display: block;\" \/><\/div>\n<div>\n\t<img decoding=\"async\" alt=\"\" class=\"lazyload HAa Eha\" src=\"data:image\/gif;base64,R0lGODlhAQABAAAAACH5BAEKAAEALAAAAAABAAEAAAICTAEAOw==\" data-orig-src=\"https:\/\/lh3.googleusercontent.com\/-P4M0Cj8eWWA\/U_xqGfX-9TI\/AAAAAAAABJo\/U7QenKxsEDg\/w958-h712-no\/10472730_832620223429479_7765821521719508986_n.jpg\" style=\"height: 446px; width: 600px; border-width: 1px; border-style: solid; margin: 10px auto; display: block;\" \/><\/div>\n<div>\n\t<img decoding=\"async\" alt=\"\" class=\"lazyload HAa Eha\" src=\"data:image\/gif;base64,R0lGODlhAQABAAAAACH5BAEKAAEALAAAAAABAAEAAAICTAEAOw==\" data-orig-src=\"https:\/\/lh6.googleusercontent.com\/-JeBqXQV17B8\/U_xqH0B6wMI\/AAAAAAAABIw\/HpHLzrG0jZI\/w958-h423-no\/10577138_832619490096219_9091049048454873258_n.jpg\" style=\"height: 265px; width: 600px; border-width: 1px; border-style: solid; margin: 10px auto; display: block;\" \/><\/div>\n<div>\n\t<img decoding=\"async\" alt=\"\" class=\"lazyload HAa Eha\" src=\"data:image\/gif;base64,R0lGODlhAQABAAAAACH5BAEKAAEALAAAAAABAAEAAAICTAEAOw==\" data-orig-src=\"https:\/\/lh4.googleusercontent.com\/-Vx9shKVyYDE\/U_xqI3zRKJI\/AAAAAAAABJc\/QNSINwWdDmc\/w958-h639-no\/1920431_832620316762803_2554242988154375064_n.jpg\" style=\"height: 400px; width: 600px; border-width: 1px; border-style: solid; margin: 10px auto; display: block;\" \/><\/div>\n<div>\n\t<img decoding=\"async\" alt=\"\" class=\"lazyload HAa Eha\" src=\"data:image\/gif;base64,R0lGODlhAQABAAAAACH5BAEKAAEALAAAAAABAAEAAAICTAEAOw==\" data-orig-src=\"https:\/\/lh5.googleusercontent.com\/-8WYlO1FZ9GQ\/U_xqHAYJXmI\/AAAAAAAABJw\/4l3VezsjkVk\/w958-h639-no\/10540359_832620276762807_4955804395595303497_n.jpg\" style=\"height: 400px; width: 600px; border-width: 1px; border-style: solid; margin: 10px auto; display: block;\" \/><\/div>\n<div>\n\t<img decoding=\"async\" alt=\"\" class=\"lazyload HAa Eha\" src=\"data:image\/gif;base64,R0lGODlhAQABAAAAACH5BAEKAAEALAAAAAABAAEAAAICTAEAOw==\" data-orig-src=\"https:\/\/lh5.googleusercontent.com\/-qQKjPkqJUOI\/U_xqJq_lxLI\/AAAAAAAABJY\/MRqPgLYJkxc\/w958-h639-no\/3.jpg\" style=\"height: 400px; width: 600px; border-width: 1px; border-style: solid; margin: 10px auto; display: block;\" \/><\/div>\n<div>\n\t<img decoding=\"async\" alt=\"\" class=\"lazyload HAa Eha\" src=\"data:image\/gif;base64,R0lGODlhAQABAAAAACH5BAEKAAEALAAAAAABAAEAAAICTAEAOw==\" data-orig-src=\"https:\/\/lh4.googleusercontent.com\/-iPhwrB7zPZQ\/U_xqIGEh0fI\/AAAAAAAABI0\/n63gqZa_hbc\/w549-h823-no\/10580260_832619900096178_1038834046716272089_n.jpg\" style=\"height: 899px; width: 600px; border-width: 1px; border-style: solid; margin: 10px auto; display: block;\" \/><\/div>\n<div>\n\t<img decoding=\"async\" alt=\"\" class=\"lazyload HAa Eha\" src=\"data:image\/gif;base64,R0lGODlhAQABAAAAACH5BAEKAAEALAAAAAABAAEAAAICTAEAOw==\" data-orig-src=\"https:\/\/lh3.googleusercontent.com\/-HB0WlvYiYTk\/U_xqI59DCJI\/AAAAAAAABJg\/RxTQwftBqbA\/w958-h599-no\/10606534_832620426762792_4780218800300860940_n.jpg\" style=\"height: 375px; width: 600px; border-width: 1px; border-style: solid; margin: 10px auto; display: block;\" \/><\/div>\n<div style=\"text-align: justify;\">\n\t&nbsp;<\/div>\n<div style=\"text-align: justify;\">\n\t&nbsp;<\/div>\n<div style=\"text-align: justify;\">\n\t&nbsp;<\/div>\n<div style=\"text-align: justify;\">\n\t&nbsp;<\/div>\n<div style=\"text-align: justify;\">\n\t&nbsp;<\/div>\n<div style=\"text-align: justify;\">\n\t&nbsp;<\/div>\n<div style=\"text-align: justify;\">\n\t&nbsp;<\/div>\n<div style=\"text-align: justify;\">\n\t&nbsp;<\/div>\n<div style=\"text-align: justify;\">\n\t&nbsp;<\/div>\n<div style=\"text-align: justify;\">\n\t&nbsp;<\/div>\n<div style=\"text-align: justify;\">\n\t&nbsp;<\/div>\n","protected":false},"excerpt":{"rendered":"<p>&nbsp;&nbsp;&nbsp; Me bekimin e Kryepiskopit Anastas edhe n\u00ebn kujdesin e Mitropolitit t\u00eb Beratit, Vlor\u00ebs dhe gjith\u00eb Myzeqes\u00eb, Imzot Ignatit, Kisha Orthodhokse mori pjes\u00eb n\u00eb panairin triditor \u201cVlora 2014\u201d, i zhvilluar nga datat 10-13 Gusht, 2014. &nbsp;&nbsp; Kisha Orthodhokse Autoqefale e Shqip\u00ebris\u00eb u prezantua me botimet e saj, punimet kishtare dhe me ekspozit\u00eb fotografish t\u00eb veprimtarive t\u00eb ndryshme si: shkollat 9-vje\u00e7are, t\u00eb mesme e t\u00eb larta,<\/p>\n","protected":false},"author":1,"featured_media":1052,"comment_status":"open","ping_status":"open","sticky":false,"template":"","format":"standard","meta":{"_acf_changed":false,"pagelayer_contact_templates":[],"_pagelayer_content":"","inline_featured_image":false,"fifu_image_url":"","fifu_image_alt":"","footnotes":""},"categories":[108],"tags":[140,154,212,197],"class_list":["post-1051","post","type-post","status-publish","format-standard","has-post-thumbnail","hentry","category-lajme","tag-140","tag-aktivitete","tag-lajme-d27","tag-berat"],"acf":[],"yoast_head":"<!-- This site is optimized with the Yoast SEO plugin v27.2 - https:\/\/yoast.com\/product\/yoast-seo-wordpress\/ -->\n<title>Panairi i Librit \u201cVlora 2014\u201d - Kisha Orthodh\u03bfkse Autoqefale e Shqip\u00ebris\u00eb<\/title>\n<meta name=\"robots\" content=\"index, follow, max-snippet:-1, max-image-preview:large, max-video-preview:-1\" \/>\n<link rel=\"canonical\" href=\"https:\/\/orthodoxalbania.org\/2020\/2014\/08\/21\/panairi-i-librit-vlora-2014\/\" \/>\n<meta property=\"og:locale\" content=\"en_US\" \/>\n<meta property=\"og:type\" content=\"article\" \/>\n<meta property=\"og:title\" content=\"Panairi i Librit \u201cVlora 2014\u201d - Kisha Orthodh\u03bfkse Autoqefale e Shqip\u00ebris\u00eb\" \/>\n<meta property=\"og:description\" content=\"&nbsp;&nbsp;&nbsp; Me bekimin e Kryepiskopit Anastas edhe n\u00ebn kujdesin e Mitropolitit t\u00eb Beratit, Vlor\u00ebs dhe gjith\u00eb Myzeqes\u00eb, Imzot Ignatit, Kisha Orthodhokse mori pjes\u00eb n\u00eb panairin triditor \u201cVlora 2014\u201d, i zhvilluar nga datat 10-13 Gusht, 2014. &nbsp;&nbsp; Kisha Orthodhokse Autoqefale e Shqip\u00ebris\u00eb u prezantua me botimet e saj, punimet kishtare dhe me ekspozit\u00eb fotografish t\u00eb veprimtarive t\u00eb ndryshme si: shkollat 9-vje\u00e7are, t\u00eb mesme e t\u00eb larta,\" \/>\n<meta property=\"og:url\" content=\"https:\/\/orthodoxalbania.org\/2020\/2014\/08\/21\/panairi-i-librit-vlora-2014\/\" \/>\n<meta property=\"og:site_name\" content=\"Kisha Orthodh\u03bfkse Autoqefale e Shqip\u00ebris\u00eb\" \/>\n<meta property=\"article:publisher\" content=\"https:\/\/www.facebook.com\/koash1991\" \/>\n<meta property=\"article:published_time\" content=\"2014-08-21T09:07:28+00:00\" \/>\n<meta property=\"article:modified_time\" content=\"2020-04-06T20:02:24+00:00\" \/>\n<meta property=\"og:image\" content=\"https:\/\/orthodoxalbania.org\/2020\/wp-content\/uploads\/2020\/04\/10464298_832618896762945_8386483995562917490_n.jpg\" \/>\n\t<meta property=\"og:image:width\" content=\"150\" \/>\n\t<meta property=\"og:image:height\" content=\"150\" \/>\n\t<meta property=\"og:image:type\" content=\"image\/jpeg\" \/>\n<meta name=\"author\" content=\"Kisha Orthodhokse\" \/>\n<meta name=\"twitter:card\" content=\"summary_large_image\" \/>\n<meta name=\"twitter:label1\" content=\"Written by\" \/>\n\t<meta name=\"twitter:data1\" content=\"Kisha Orthodhokse\" \/>\n\t<meta name=\"twitter:label2\" content=\"Est. reading time\" \/>\n\t<meta name=\"twitter:data2\" content=\"1 minute\" \/>\n<script type=\"application\/ld+json\" class=\"yoast-schema-graph\">{\"@context\":\"https:\/\/schema.org\",\"@graph\":[{\"@type\":\"Article\",\"@id\":\"https:\/\/orthodoxalbania.org\/2020\/2014\/08\/21\/panairi-i-librit-vlora-2014\/#article\",\"isPartOf\":{\"@id\":\"https:\/\/orthodoxalbania.org\/2020\/2014\/08\/21\/panairi-i-librit-vlora-2014\/\"},\"author\":{\"name\":\"Kisha Orthodhokse\",\"@id\":\"https:\/\/orthodoxalbania.org\/2020\/#\/schema\/person\/0c387634a7063ac612d7ed9ce71c7e86\"},\"headline\":\"Panairi i Librit \u201cVlora 2014\u201d\",\"datePublished\":\"2014-08-21T09:07:28+00:00\",\"dateModified\":\"2020-04-06T20:02:24+00:00\",\"mainEntityOfPage\":{\"@id\":\"https:\/\/orthodoxalbania.org\/2020\/2014\/08\/21\/panairi-i-librit-vlora-2014\/\"},\"wordCount\":192,\"commentCount\":0,\"publisher\":{\"@id\":\"https:\/\/orthodoxalbania.org\/2020\/#organization\"},\"image\":{\"@id\":\"https:\/\/orthodoxalbania.org\/2020\/2014\/08\/21\/panairi-i-librit-vlora-2014\/#primaryimage\"},\"thumbnailUrl\":\"https:\/\/orthodoxalbania.org\/2020\/wp-content\/uploads\/2020\/04\/10464298_832618896762945_8386483995562917490_n.jpg\",\"keywords\":[\"2014\",\"Aktivitete\",\"lajme\",\"Mitropolia Berat\"],\"articleSection\":[\"Lajme\"],\"inLanguage\":\"en-US\"},{\"@type\":\"WebPage\",\"@id\":\"https:\/\/orthodoxalbania.org\/2020\/2014\/08\/21\/panairi-i-librit-vlora-2014\/\",\"url\":\"https:\/\/orthodoxalbania.org\/2020\/2014\/08\/21\/panairi-i-librit-vlora-2014\/\",\"name\":\"Panairi i Librit \u201cVlora 2014\u201d - Kisha Orthodh\u03bfkse Autoqefale e Shqip\u00ebris\u00eb\",\"isPartOf\":{\"@id\":\"https:\/\/orthodoxalbania.org\/2020\/#website\"},\"primaryImageOfPage\":{\"@id\":\"https:\/\/orthodoxalbania.org\/2020\/2014\/08\/21\/panairi-i-librit-vlora-2014\/#primaryimage\"},\"image\":{\"@id\":\"https:\/\/orthodoxalbania.org\/2020\/2014\/08\/21\/panairi-i-librit-vlora-2014\/#primaryimage\"},\"thumbnailUrl\":\"https:\/\/orthodoxalbania.org\/2020\/wp-content\/uploads\/2020\/04\/10464298_832618896762945_8386483995562917490_n.jpg\",\"datePublished\":\"2014-08-21T09:07:28+00:00\",\"dateModified\":\"2020-04-06T20:02:24+00:00\",\"breadcrumb\":{\"@id\":\"https:\/\/orthodoxalbania.org\/2020\/2014\/08\/21\/panairi-i-librit-vlora-2014\/#breadcrumb\"},\"inLanguage\":\"en-US\",\"potentialAction\":[{\"@type\":\"ReadAction\",\"target\":[\"https:\/\/orthodoxalbania.org\/2020\/2014\/08\/21\/panairi-i-librit-vlora-2014\/\"]}]},{\"@type\":\"ImageObject\",\"inLanguage\":\"en-US\",\"@id\":\"https:\/\/orthodoxalbania.org\/2020\/2014\/08\/21\/panairi-i-librit-vlora-2014\/#primaryimage\",\"url\":\"https:\/\/orthodoxalbania.org\/2020\/wp-content\/uploads\/2020\/04\/10464298_832618896762945_8386483995562917490_n.jpg\",\"contentUrl\":\"https:\/\/orthodoxalbania.org\/2020\/wp-content\/uploads\/2020\/04\/10464298_832618896762945_8386483995562917490_n.jpg\",\"width\":150,\"height\":150},{\"@type\":\"BreadcrumbList\",\"@id\":\"https:\/\/orthodoxalbania.org\/2020\/2014\/08\/21\/panairi-i-librit-vlora-2014\/#breadcrumb\",\"itemListElement\":[{\"@type\":\"ListItem\",\"position\":1,\"name\":\"Home\",\"item\":\"https:\/\/orthodoxalbania.org\/2020\/\"},{\"@type\":\"ListItem\",\"position\":2,\"name\":\"Panairi i Librit \u201cVlora 2014\u201d\"}]},{\"@type\":\"WebSite\",\"@id\":\"https:\/\/orthodoxalbania.org\/2020\/#website\",\"url\":\"https:\/\/orthodoxalbania.org\/2020\/\",\"name\":\"Kisha Orthodh\u03bfkse Autoqefale e Shqip\u00ebris\u00eb\",\"description\":\"Fqja Zyrtare e Kish\u00ebs Orthodhokse Autoqefale e Shqip\u00ebris\u00eb me lajmet edhe informacionet zyrtare p\u00ebr struktur\u00ebn edhe veprimtarin e saj.\",\"publisher\":{\"@id\":\"https:\/\/orthodoxalbania.org\/2020\/#organization\"},\"potentialAction\":[{\"@type\":\"SearchAction\",\"target\":{\"@type\":\"EntryPoint\",\"urlTemplate\":\"https:\/\/orthodoxalbania.org\/2020\/?s={search_term_string}\"},\"query-input\":{\"@type\":\"PropertyValueSpecification\",\"valueRequired\":true,\"valueName\":\"search_term_string\"}}],\"inLanguage\":\"en-US\"},{\"@type\":\"Organization\",\"@id\":\"https:\/\/orthodoxalbania.org\/2020\/#organization\",\"name\":\"Kisha Orthodhokse Autoqefale e Shqip\u00ebris\u00eb\",\"url\":\"https:\/\/orthodoxalbania.org\/2020\/\",\"logo\":{\"@type\":\"ImageObject\",\"inLanguage\":\"en-US\",\"@id\":\"https:\/\/orthodoxalbania.org\/2020\/#\/schema\/logo\/image\/\",\"url\":\"https:\/\/orthodoxalbania.org\/2020\/wp-content\/uploads\/2020\/05\/albania.jpeg\",\"contentUrl\":\"https:\/\/orthodoxalbania.org\/2020\/wp-content\/uploads\/2020\/05\/albania.jpeg\",\"width\":540,\"height\":540,\"caption\":\"Kisha Orthodhokse Autoqefale e Shqip\u00ebris\u00eb\"},\"image\":{\"@id\":\"https:\/\/orthodoxalbania.org\/2020\/#\/schema\/logo\/image\/\"},\"sameAs\":[\"https:\/\/www.facebook.com\/koash1991\"]},{\"@type\":\"Person\",\"@id\":\"https:\/\/orthodoxalbania.org\/2020\/#\/schema\/person\/0c387634a7063ac612d7ed9ce71c7e86\",\"name\":\"Kisha Orthodhokse\",\"image\":{\"@type\":\"ImageObject\",\"inLanguage\":\"en-US\",\"@id\":\"https:\/\/secure.gravatar.com\/avatar\/596e7c417251e30f2fbb9c00e026fce61a695a00e51c889caded71c96cbbdde5?s=96&d=mm&r=g\",\"url\":\"https:\/\/secure.gravatar.com\/avatar\/596e7c417251e30f2fbb9c00e026fce61a695a00e51c889caded71c96cbbdde5?s=96&d=mm&r=g\",\"contentUrl\":\"https:\/\/secure.gravatar.com\/avatar\/596e7c417251e30f2fbb9c00e026fce61a695a00e51c889caded71c96cbbdde5?s=96&d=mm&r=g\",\"caption\":\"Kisha Orthodhokse\"}}]}<\/script>\n<!-- \/ Yoast SEO plugin. -->","yoast_head_json":{"title":"Panairi i Librit \u201cVlora 2014\u201d - Kisha Orthodh\u03bfkse Autoqefale e Shqip\u00ebris\u00eb","robots":{"index":"index","follow":"follow","max-snippet":"max-snippet:-1","max-image-preview":"max-image-preview:large","max-video-preview":"max-video-preview:-1"},"canonical":"https:\/\/orthodoxalbania.org\/2020\/2014\/08\/21\/panairi-i-librit-vlora-2014\/","og_locale":"en_US","og_type":"article","og_title":"Panairi i Librit \u201cVlora 2014\u201d - Kisha Orthodh\u03bfkse Autoqefale e Shqip\u00ebris\u00eb","og_description":"&nbsp;&nbsp;&nbsp; Me bekimin e Kryepiskopit Anastas edhe n\u00ebn kujdesin e Mitropolitit t\u00eb Beratit, Vlor\u00ebs dhe gjith\u00eb Myzeqes\u00eb, Imzot Ignatit, Kisha Orthodhokse mori pjes\u00eb n\u00eb panairin triditor \u201cVlora 2014\u201d, i zhvilluar nga datat 10-13 Gusht, 2014. &nbsp;&nbsp; Kisha Orthodhokse Autoqefale e Shqip\u00ebris\u00eb u prezantua me botimet e saj, punimet kishtare dhe me ekspozit\u00eb fotografish t\u00eb veprimtarive t\u00eb ndryshme si: shkollat 9-vje\u00e7are, t\u00eb mesme e t\u00eb larta,","og_url":"https:\/\/orthodoxalbania.org\/2020\/2014\/08\/21\/panairi-i-librit-vlora-2014\/","og_site_name":"Kisha Orthodh\u03bfkse Autoqefale e Shqip\u00ebris\u00eb","article_publisher":"https:\/\/www.facebook.com\/koash1991","article_published_time":"2014-08-21T09:07:28+00:00","article_modified_time":"2020-04-06T20:02:24+00:00","og_image":[{"width":150,"height":150,"url":"https:\/\/orthodoxalbania.org\/2020\/wp-content\/uploads\/2020\/04\/10464298_832618896762945_8386483995562917490_n.jpg","type":"image\/jpeg"}],"author":"Kisha Orthodhokse","twitter_card":"summary_large_image","twitter_misc":{"Written by":"Kisha Orthodhokse","Est. reading time":"1 minute"},"schema":{"@context":"https:\/\/schema.org","@graph":[{"@type":"Article","@id":"https:\/\/orthodoxalbania.org\/2020\/2014\/08\/21\/panairi-i-librit-vlora-2014\/#article","isPartOf":{"@id":"https:\/\/orthodoxalbania.org\/2020\/2014\/08\/21\/panairi-i-librit-vlora-2014\/"},"author":{"name":"Kisha Orthodhokse","@id":"https:\/\/orthodoxalbania.org\/2020\/#\/schema\/person\/0c387634a7063ac612d7ed9ce71c7e86"},"headline":"Panairi i Librit \u201cVlora 2014\u201d","datePublished":"2014-08-21T09:07:28+00:00","dateModified":"2020-04-06T20:02:24+00:00","mainEntityOfPage":{"@id":"https:\/\/orthodoxalbania.org\/2020\/2014\/08\/21\/panairi-i-librit-vlora-2014\/"},"wordCount":192,"commentCount":0,"publisher":{"@id":"https:\/\/orthodoxalbania.org\/2020\/#organization"},"image":{"@id":"https:\/\/orthodoxalbania.org\/2020\/2014\/08\/21\/panairi-i-librit-vlora-2014\/#primaryimage"},"thumbnailUrl":"https:\/\/orthodoxalbania.org\/2020\/wp-content\/uploads\/2020\/04\/10464298_832618896762945_8386483995562917490_n.jpg","keywords":["2014","Aktivitete","lajme","Mitropolia Berat"],"articleSection":["Lajme"],"inLanguage":"en-US"},{"@type":"WebPage","@id":"https:\/\/orthodoxalbania.org\/2020\/2014\/08\/21\/panairi-i-librit-vlora-2014\/","url":"https:\/\/orthodoxalbania.org\/2020\/2014\/08\/21\/panairi-i-librit-vlora-2014\/","name":"Panairi i Librit \u201cVlora 2014\u201d - Kisha Orthodh\u03bfkse Autoqefale e Shqip\u00ebris\u00eb","isPartOf":{"@id":"https:\/\/orthodoxalbania.org\/2020\/#website"},"primaryImageOfPage":{"@id":"https:\/\/orthodoxalbania.org\/2020\/2014\/08\/21\/panairi-i-librit-vlora-2014\/#primaryimage"},"image":{"@id":"https:\/\/orthodoxalbania.org\/2020\/2014\/08\/21\/panairi-i-librit-vlora-2014\/#primaryimage"},"thumbnailUrl":"https:\/\/orthodoxalbania.org\/2020\/wp-content\/uploads\/2020\/04\/10464298_832618896762945_8386483995562917490_n.jpg","datePublished":"2014-08-21T09:07:28+00:00","dateModified":"2020-04-06T20:02:24+00:00","breadcrumb":{"@id":"https:\/\/orthodoxalbania.org\/2020\/2014\/08\/21\/panairi-i-librit-vlora-2014\/#breadcrumb"},"inLanguage":"en-US","potentialAction":[{"@type":"ReadAction","target":["https:\/\/orthodoxalbania.org\/2020\/2014\/08\/21\/panairi-i-librit-vlora-2014\/"]}]},{"@type":"ImageObject","inLanguage":"en-US","@id":"https:\/\/orthodoxalbania.org\/2020\/2014\/08\/21\/panairi-i-librit-vlora-2014\/#primaryimage","url":"https:\/\/orthodoxalbania.org\/2020\/wp-content\/uploads\/2020\/04\/10464298_832618896762945_8386483995562917490_n.jpg","contentUrl":"https:\/\/orthodoxalbania.org\/2020\/wp-content\/uploads\/2020\/04\/10464298_832618896762945_8386483995562917490_n.jpg","width":150,"height":150},{"@type":"BreadcrumbList","@id":"https:\/\/orthodoxalbania.org\/2020\/2014\/08\/21\/panairi-i-librit-vlora-2014\/#breadcrumb","itemListElement":[{"@type":"ListItem","position":1,"name":"Home","item":"https:\/\/orthodoxalbania.org\/2020\/"},{"@type":"ListItem","position":2,"name":"Panairi i Librit \u201cVlora 2014\u201d"}]},{"@type":"WebSite","@id":"https:\/\/orthodoxalbania.org\/2020\/#website","url":"https:\/\/orthodoxalbania.org\/2020\/","name":"Kisha Orthodh\u03bfkse Autoqefale e Shqip\u00ebris\u00eb","description":"Fqja Zyrtare e Kish\u00ebs Orthodhokse Autoqefale e Shqip\u00ebris\u00eb me lajmet edhe informacionet zyrtare p\u00ebr struktur\u00ebn edhe veprimtarin e saj.","publisher":{"@id":"https:\/\/orthodoxalbania.org\/2020\/#organization"},"potentialAction":[{"@type":"SearchAction","target":{"@type":"EntryPoint","urlTemplate":"https:\/\/orthodoxalbania.org\/2020\/?s={search_term_string}"},"query-input":{"@type":"PropertyValueSpecification","valueRequired":true,"valueName":"search_term_string"}}],"inLanguage":"en-US"},{"@type":"Organization","@id":"https:\/\/orthodoxalbania.org\/2020\/#organization","name":"Kisha Orthodhokse Autoqefale e Shqip\u00ebris\u00eb","url":"https:\/\/orthodoxalbania.org\/2020\/","logo":{"@type":"ImageObject","inLanguage":"en-US","@id":"https:\/\/orthodoxalbania.org\/2020\/#\/schema\/logo\/image\/","url":"https:\/\/orthodoxalbania.org\/2020\/wp-content\/uploads\/2020\/05\/albania.jpeg","contentUrl":"https:\/\/orthodoxalbania.org\/2020\/wp-content\/uploads\/2020\/05\/albania.jpeg","width":540,"height":540,"caption":"Kisha Orthodhokse Autoqefale e Shqip\u00ebris\u00eb"},"image":{"@id":"https:\/\/orthodoxalbania.org\/2020\/#\/schema\/logo\/image\/"},"sameAs":["https:\/\/www.facebook.com\/koash1991"]},{"@type":"Person","@id":"https:\/\/orthodoxalbania.org\/2020\/#\/schema\/person\/0c387634a7063ac612d7ed9ce71c7e86","name":"Kisha Orthodhokse","image":{"@type":"ImageObject","inLanguage":"en-US","@id":"https:\/\/secure.gravatar.com\/avatar\/596e7c417251e30f2fbb9c00e026fce61a695a00e51c889caded71c96cbbdde5?s=96&d=mm&r=g","url":"https:\/\/secure.gravatar.com\/avatar\/596e7c417251e30f2fbb9c00e026fce61a695a00e51c889caded71c96cbbdde5?s=96&d=mm&r=g","contentUrl":"https:\/\/secure.gravatar.com\/avatar\/596e7c417251e30f2fbb9c00e026fce61a695a00e51c889caded71c96cbbdde5?s=96&d=mm&r=g","caption":"Kisha Orthodhokse"}}]}},"_links":{"self":[{"href":"https:\/\/orthodoxalbania.org\/2020\/wp-json\/wp\/v2\/posts\/1051","targetHints":{"allow":["GET"]}}],"collection":[{"href":"https:\/\/orthodoxalbania.org\/2020\/wp-json\/wp\/v2\/posts"}],"about":[{"href":"https:\/\/orthodoxalbania.org\/2020\/wp-json\/wp\/v2\/types\/post"}],"author":[{"embeddable":true,"href":"https:\/\/orthodoxalbania.org\/2020\/wp-json\/wp\/v2\/users\/1"}],"replies":[{"embeddable":true,"href":"https:\/\/orthodoxalbania.org\/2020\/wp-json\/wp\/v2\/comments?post=1051"}],"version-history":[{"count":1,"href":"https:\/\/orthodoxalbania.org\/2020\/wp-json\/wp\/v2\/posts\/1051\/revisions"}],"predecessor-version":[{"id":15065,"href":"https:\/\/orthodoxalbania.org\/2020\/wp-json\/wp\/v2\/posts\/1051\/revisions\/15065"}],"wp:featuredmedia":[{"embeddable":true,"href":"https:\/\/orthodoxalbania.org\/2020\/wp-json\/wp\/v2\/media\/1052"}],"wp:attachment":[{"href":"https:\/\/orthodoxalbania.org\/2020\/wp-json\/wp\/v2\/media?parent=1051"}],"wp:term":[{"taxonomy":"category","embeddable":true,"href":"https:\/\/orthodoxalbania.org\/2020\/wp-json\/wp\/v2\/categories?post=1051"},{"taxonomy":"post_tag","embeddable":true,"href":"https:\/\/orthodoxalbania.org\/2020\/wp-json\/wp\/v2\/tags?post=1051"}],"curies":[{"name":"wp","href":"https:\/\/api.w.org\/{rel}","templated":true}]}}