{"id":1050,"date":"2008-02-26T00:00:00","date_gmt":"2008-02-26T00:00:00","guid":{"rendered":""},"modified":"2020-04-06T22:35:30","modified_gmt":"2020-04-06T20:35:30","slug":"panair-me-punime-artizanale-nga-grate-orthodhokse-te-tiranes-mars-2008","status":"publish","type":"post","link":"https:\/\/orthodoxalbania.org\/2020\/2008\/02\/26\/panair-me-punime-artizanale-nga-grate-orthodhokse-te-tiranes-mars-2008\/","title":{"rendered":"Panair me punime artizanale nga grat\u00eb orthodhokse t\u00eb Tiran\u00ebs. (Mars 2008)"},"content":{"rendered":"<p><span style=\"color: #000000;\"><span style=\"font-family: tahoma,geneva,sans-serif;\"><span style=\"font-size: 12px;\"><\/span><\/span><\/span><\/p>\n<table id=\"AutoNumber2\" border=\"0\">\n<tbody>\n<tr>\n<td>\n<p><span style=\"color: #000000;\"><span style=\"font-family: tahoma,geneva,sans-serif;\"><span style=\"font-size: 12px;\"><img decoding=\"async\" class=\"lazyload HAa Eha\" style=\"border-width: 1px; border-style: solid; margin: 10px auto; display: block;\" alt=\"\" src=\"data:image\/gif;base64,R0lGODlhAQABAAAAACH5BAEKAAEALAAAAAABAAEAAAICTAEAOw==\" data-orig-src=\"https:\/\/lh6.googleusercontent.com\/-zM0mxC-zRBY\/VIwWwNK3iaI\/AAAAAAAAHfw\/H-ES4MefK2M\/w400-h333-no\/1%2Bpanairi.jpg\" \/><\/span><\/span><\/span><\/p>\n<\/td>\n<td>\n<p style=\"text-align: justify;\"><span style=\"color: #000000;\"><span style=\"font-family: tahoma,geneva,sans-serif;\"><span style=\"font-size: 12px;\">&nbsp;&nbsp;&nbsp;&nbsp;N\u00eb kuadrin e fest\u00ebs s\u00eb Ungjill\u00ebzimit,n\u00eb datat 23-25 marsn\u00eb ambientin hyr\u00ebs t\u00eb kish\u00ebs \u201cUngjill\u00ebzimi i Hyjlind\u00ebses\u201d n\u00eb Tiran\u00eb u zhvillua nj\u00eb panair tre ditor me kontributin vullnetar t\u00eb grave orthodhokse. Organizimi dhe drejtimi i t\u00eb gjitha etapave t\u00eb k\u00ebsaj veprimtarie u krye nga Lidhja e Grave Orthodhokse \u201cP\u00ebrhapja e Dashuris\u00eb\u201d Tiran\u00eb, e cila fillimisht p\u00ebrgatiti njoftimet ku ftoheshin besimtar\u00ebt t\u00eb jepnin ndihmes\u00ebn e tyre p\u00ebrmes blerjes s\u00eb artikujve. T\u00eb ardhurat e siguruara nga panairi do t\u00eb b\u00ebheshin dhurat\u00eb me rastin e Pashk\u00ebs p\u00ebr f\u00ebmij\u00ebt e \u201cSht\u00ebpis\u00eb Orthodhokse t\u00eb Shpres\u00ebs\u201d n\u00eb Sh\u00ebn Vlash, pran\u00eb Durr\u00ebsit.<\/span><\/span><\/span><\/p>\n<\/td>\n<\/tr>\n<tr>\n<td>\n<p style=\"text-align: justify;\"><span style=\"color: #000000;\"><span style=\"font-family: tahoma,geneva,sans-serif;\"><span style=\"font-size: 12px;\">&nbsp;&nbsp;&nbsp; P\u00ebr t\u00eb realizuar k\u00ebt\u00eb q\u00ebllim, u angazhuan shum\u00eb gra vullnetare, t\u00eb cilat ofruan punime dore t\u00eb ndryshme si: kryqe me grep, triko p\u00ebr bebe, pupa, shall, q\u00ebndisje me gjilp\u00ebr\u00eb, etj. dhe disa t\u00eb tjera p\u00ebrgatit\u00ebn lloje t\u00eb ndryshme re\u00e7el\u00ebsh, \u00ebmb\u00eblsira dhe byrek\u00eb kreshmor\u00eb. P\u00ebrve\u00e7 d\u00ebshir\u00ebs p\u00ebr t\u00eb dh\u00ebn\u00eb nj\u00eb kontribut vullnetar personal, ato demonstruan edhe aft\u00ebsit\u00eb e tyre krijuese.<\/span><\/span><\/span><\/p>\n<\/td>\n<td>\n<p><span style=\"color: #000000;\"><span style=\"font-family: tahoma,geneva,sans-serif;\"><span style=\"font-size: 12px;\"><img decoding=\"async\" class=\"lazyload HAa Eha\" style=\"border-width: 1px; border-style: solid; margin: 10px auto; display: block;\" alt=\"\" src=\"data:image\/gif;base64,R0lGODlhAQABAAAAACH5BAEKAAEALAAAAAABAAEAAAICTAEAOw==\" data-orig-src=\"https:\/\/lh4.googleusercontent.com\/-40RLA4L_c2U\/VIwWwJ7hsjI\/AAAAAAAAHf0\/-WbgGRodUx8\/w400-h300-no\/2%2Bpanairi.jpg\" \/><\/span><\/span><\/span><\/p>\n<\/td>\n<\/tr>\n<tr>\n<td>\n<p><span style=\"color: #000000;\"><span style=\"font-family: tahoma,geneva,sans-serif;\"><span style=\"font-size: 12px;\"><img decoding=\"async\" class=\"lazyload HAa Eha\" style=\"border-width: 1px; border-style: solid; margin: 10px auto; display: block;\" alt=\"\" src=\"data:image\/gif;base64,R0lGODlhAQABAAAAACH5BAEKAAEALAAAAAABAAEAAAICTAEAOw==\" data-orig-src=\"https:\/\/lh4.googleusercontent.com\/-UhD_quq-c3o\/VIwWvz7AXoI\/AAAAAAAAHfo\/CPEH-O3Ws2I\/w400-h300-no\/3%2Bpanairi.jpg\" \/><\/span><\/span><\/span><\/p>\n<\/td>\n<td>\n<p style=\"text-align: justify;\"><span style=\"color: #000000;\"><span style=\"font-family: tahoma,geneva,sans-serif;\"><span style=\"font-size: 12px;\">&nbsp;&nbsp;&nbsp; N\u00eb Panair u ekspozuan gjithashtu artikuj fetar\u00eb si: kartolina me ikon\u00ebn e Ungjill\u00ebzimit, ikona druri dhe letre, kryqe, komboskin\u00eb etj. T\u00eb gjitha k\u00ebto u preferuan shum\u00eb nga komuniteti besimtar dhe n\u00eb ve\u00e7anti u frenkuetuan gatimet kreshmore. Pas pun\u00ebs parap\u00ebrgatitore, panairi u hap dit\u00ebn e diel m\u00eb dat\u00eb 23 mars dhe vazhdoi t\u00eb h\u00ebn\u00ebn pasdite.<\/span><\/span><\/span><\/p>\n<\/td>\n<\/tr>\n<tr>\n<td dir=\"ltr\" colspan=\"2\">\n<p style=\"text-align: justify;\"> <span style=\"color: #000000;\"><span style=\"font-family: tahoma,geneva,sans-serif;\"><span style=\"font-size: 12px;\">&nbsp;&nbsp;&nbsp; N\u00eb dat\u00eb 25 mars, t\u00eb kremten e Ungjill\u00ebzimit t\u00eb Sh\u00ebn Maris\u00eb, kisha ishte mbushur plot me besimtar\u00eb, t\u00eb cil\u00ebt n\u00eb p\u00ebrfundim t\u00eb Liturgjise Hyjnore blen\u00eb artikuj t\u00eb ndrysh\u00ebm N\u00eb total u siguruan rreth 30 mij\u00eb lek\u00eb t\u00eb rinj. Sigurisht, m\u00eb i r\u00ebnd\u00ebsish\u00ebm ishte p\u00ebrfitimi shpirt\u00ebror, sepse grat\u00eb treguan edhe nj\u00ebher\u00eb si t\u00eb shprehin me p\u00ebrul\u00ebsi vepra sakifice dhe dashurie. Duke punuar s\u00eb bashku ato fituan nj\u00eb eksperienc\u00eb pozitive ku u v\u00ebrtetua edhe shprehja: \u201cBashkimi b\u00ebn fuqin\u00eb\u201d. Gjithashtu ato fal\u00ebnderuan edhe besimtar\u00ebt, t\u00eb cil\u00ebt me kontributin e tyre p\u00ebrfituan disa mjete t\u00eb k\u00ebndshme p\u00ebr fest\u00ebn dhe me t\u00eb hollat e shpenzuara u grumbullua shuma e nevojshme p\u00ebr t\u00eb b\u00ebr\u00eb dhurata te f\u00ebmij\u00ebt e \u201cSht\u00ebpis\u00eb Orthodhokse t\u00eb Shpres\u00ebs\u201d n\u00eb Sh\u00ebn Vlash.<\/span><\/span><\/span><\/p>\n<p style=\"margin-left: 3.5in;\">&nbsp;<\/p>\n<\/td>\n<\/tr>\n<tr>\n<td dir=\"ltr\" colspan=\"2\">\n<p style=\"text-align: right;\"><span style=\"color: #000000;\"><span style=\"font-family: tahoma,geneva,sans-serif;\"><span style=\"font-size: 12px;\"><strong><em>Rajmonda Shqevi <\/em><\/strong><\/span><\/span><\/span><\/p>\n<\/td>\n<\/tr>\n<\/tbody>\n<\/table>\n","protected":false},"excerpt":{"rendered":"<p>&nbsp;&nbsp;&nbsp;&nbsp;N\u00eb kuadrin e fest\u00ebs s\u00eb Ungjill\u00ebzimit,n\u00eb datat 23-25 marsn\u00eb ambientin hyr\u00ebs t\u00eb kish\u00ebs \u201cUngjill\u00ebzimi i Hyjlind\u00ebses\u201d n\u00eb Tiran\u00eb u zhvillua nj\u00eb panair tre ditor me kontributin vullnetar t\u00eb grave orthodhokse. Organizimi dhe drejtimi i t\u00eb gjitha etapave t\u00eb k\u00ebsaj veprimtarie u krye nga Lidhja e Grave Orthodhokse \u201cP\u00ebrhapja e Dashuris\u00eb\u201d Tiran\u00eb, e cila fillimisht p\u00ebrgatiti njoftimet ku ftoheshin besimtar\u00ebt t\u00eb jepnin ndihmes\u00ebn e tyre p\u00ebrmes<\/p>\n","protected":false},"author":1,"featured_media":0,"comment_status":"open","ping_status":"open","sticky":false,"template":"","format":"standard","meta":{"_acf_changed":false,"pagelayer_contact_templates":[],"_pagelayer_content":"","inline_featured_image":false,"fifu_image_url":"","fifu_image_alt":"","footnotes":""},"categories":[108],"tags":[146,196,212,187],"class_list":["post-1050","post","type-post","status-publish","format-standard","hentry","category-lajme","tag-146","tag-tirane","tag-lajme-d27","tag-lidhja-e-grave-orthodhokse"],"acf":[],"yoast_head":"<!-- This site is optimized with the Yoast SEO plugin v27.2 - https:\/\/yoast.com\/product\/yoast-seo-wordpress\/ -->\n<title>Panair me punime artizanale nga grat\u00eb orthodhokse t\u00eb Tiran\u00ebs. (Mars 2008) - Kisha Orthodh\u03bfkse Autoqefale e Shqip\u00ebris\u00eb<\/title>\n<meta name=\"robots\" content=\"index, follow, max-snippet:-1, max-image-preview:large, max-video-preview:-1\" \/>\n<link rel=\"canonical\" href=\"https:\/\/orthodoxalbania.org\/2020\/2008\/02\/26\/panair-me-punime-artizanale-nga-grate-orthodhokse-te-tiranes-mars-2008\/\" \/>\n<meta property=\"og:locale\" content=\"en_US\" \/>\n<meta property=\"og:type\" content=\"article\" \/>\n<meta property=\"og:title\" content=\"Panair me punime artizanale nga grat\u00eb orthodhokse t\u00eb Tiran\u00ebs. (Mars 2008) - Kisha Orthodh\u03bfkse Autoqefale e Shqip\u00ebris\u00eb\" \/>\n<meta property=\"og:description\" content=\"&nbsp;&nbsp;&nbsp;&nbsp;N\u00eb kuadrin e fest\u00ebs s\u00eb Ungjill\u00ebzimit,n\u00eb datat 23-25 marsn\u00eb ambientin hyr\u00ebs t\u00eb kish\u00ebs \u201cUngjill\u00ebzimi i Hyjlind\u00ebses\u201d n\u00eb Tiran\u00eb u zhvillua nj\u00eb panair tre ditor me kontributin vullnetar t\u00eb grave orthodhokse. Organizimi dhe drejtimi i t\u00eb gjitha etapave t\u00eb k\u00ebsaj veprimtarie u krye nga Lidhja e Grave Orthodhokse \u201cP\u00ebrhapja e Dashuris\u00eb\u201d Tiran\u00eb, e cila fillimisht p\u00ebrgatiti njoftimet ku ftoheshin besimtar\u00ebt t\u00eb jepnin ndihmes\u00ebn e tyre p\u00ebrmes\" \/>\n<meta property=\"og:url\" content=\"https:\/\/orthodoxalbania.org\/2020\/2008\/02\/26\/panair-me-punime-artizanale-nga-grate-orthodhokse-te-tiranes-mars-2008\/\" \/>\n<meta property=\"og:site_name\" content=\"Kisha Orthodh\u03bfkse Autoqefale e Shqip\u00ebris\u00eb\" \/>\n<meta property=\"article:publisher\" content=\"https:\/\/www.facebook.com\/koash1991\" \/>\n<meta property=\"article:published_time\" content=\"2008-02-26T00:00:00+00:00\" \/>\n<meta property=\"article:modified_time\" content=\"2020-04-06T20:35:30+00:00\" \/>\n<meta property=\"og:image\" content=\"https:\/\/lh6.googleusercontent.com\/-zM0mxC-zRBY\/VIwWwNK3iaI\/AAAAAAAAHfw\/H-ES4MefK2M\/w400-h333-no\/1%2Bpanairi.jpg\" \/>\n<meta name=\"author\" content=\"Kisha Orthodhokse\" \/>\n<meta name=\"twitter:card\" content=\"summary_large_image\" \/>\n<meta name=\"twitter:label1\" content=\"Written by\" \/>\n\t<meta name=\"twitter:data1\" content=\"Kisha Orthodhokse\" \/>\n\t<meta name=\"twitter:label2\" content=\"Est. reading time\" \/>\n\t<meta name=\"twitter:data2\" content=\"2 minutes\" \/>\n<script type=\"application\/ld+json\" class=\"yoast-schema-graph\">{\"@context\":\"https:\/\/schema.org\",\"@graph\":[{\"@type\":\"Article\",\"@id\":\"https:\/\/orthodoxalbania.org\/2020\/2008\/02\/26\/panair-me-punime-artizanale-nga-grate-orthodhokse-te-tiranes-mars-2008\/#article\",\"isPartOf\":{\"@id\":\"https:\/\/orthodoxalbania.org\/2020\/2008\/02\/26\/panair-me-punime-artizanale-nga-grate-orthodhokse-te-tiranes-mars-2008\/\"},\"author\":{\"name\":\"Kisha Orthodhokse\",\"@id\":\"https:\/\/orthodoxalbania.org\/2020\/#\/schema\/person\/0c387634a7063ac612d7ed9ce71c7e86\"},\"headline\":\"Panair me punime artizanale nga grat\u00eb orthodhokse t\u00eb Tiran\u00ebs. (Mars 2008)\",\"datePublished\":\"2008-02-26T00:00:00+00:00\",\"dateModified\":\"2020-04-06T20:35:30+00:00\",\"mainEntityOfPage\":{\"@id\":\"https:\/\/orthodoxalbania.org\/2020\/2008\/02\/26\/panair-me-punime-artizanale-nga-grate-orthodhokse-te-tiranes-mars-2008\/\"},\"wordCount\":427,\"commentCount\":0,\"publisher\":{\"@id\":\"https:\/\/orthodoxalbania.org\/2020\/#organization\"},\"image\":{\"@id\":\"https:\/\/orthodoxalbania.org\/2020\/2008\/02\/26\/panair-me-punime-artizanale-nga-grate-orthodhokse-te-tiranes-mars-2008\/#primaryimage\"},\"thumbnailUrl\":\"https:\/\/lh6.googleusercontent.com\/-zM0mxC-zRBY\/VIwWwNK3iaI\/AAAAAAAAHfw\/H-ES4MefK2M\/w400-h333-no\/1%2Bpanairi.jpg\",\"keywords\":[\"2008\",\"Kryepiskopata Tiran\u00eb\",\"lajme\",\"Lidhja e Grave Orthodhokse\"],\"articleSection\":[\"Lajme\"],\"inLanguage\":\"en-US\"},{\"@type\":\"WebPage\",\"@id\":\"https:\/\/orthodoxalbania.org\/2020\/2008\/02\/26\/panair-me-punime-artizanale-nga-grate-orthodhokse-te-tiranes-mars-2008\/\",\"url\":\"https:\/\/orthodoxalbania.org\/2020\/2008\/02\/26\/panair-me-punime-artizanale-nga-grate-orthodhokse-te-tiranes-mars-2008\/\",\"name\":\"Panair me punime artizanale nga grat\u00eb orthodhokse t\u00eb Tiran\u00ebs. (Mars 2008) - Kisha Orthodh\u03bfkse Autoqefale e Shqip\u00ebris\u00eb\",\"isPartOf\":{\"@id\":\"https:\/\/orthodoxalbania.org\/2020\/#website\"},\"primaryImageOfPage\":{\"@id\":\"https:\/\/orthodoxalbania.org\/2020\/2008\/02\/26\/panair-me-punime-artizanale-nga-grate-orthodhokse-te-tiranes-mars-2008\/#primaryimage\"},\"image\":{\"@id\":\"https:\/\/orthodoxalbania.org\/2020\/2008\/02\/26\/panair-me-punime-artizanale-nga-grate-orthodhokse-te-tiranes-mars-2008\/#primaryimage\"},\"thumbnailUrl\":\"https:\/\/lh6.googleusercontent.com\/-zM0mxC-zRBY\/VIwWwNK3iaI\/AAAAAAAAHfw\/H-ES4MefK2M\/w400-h333-no\/1%2Bpanairi.jpg\",\"datePublished\":\"2008-02-26T00:00:00+00:00\",\"dateModified\":\"2020-04-06T20:35:30+00:00\",\"breadcrumb\":{\"@id\":\"https:\/\/orthodoxalbania.org\/2020\/2008\/02\/26\/panair-me-punime-artizanale-nga-grate-orthodhokse-te-tiranes-mars-2008\/#breadcrumb\"},\"inLanguage\":\"en-US\",\"potentialAction\":[{\"@type\":\"ReadAction\",\"target\":[\"https:\/\/orthodoxalbania.org\/2020\/2008\/02\/26\/panair-me-punime-artizanale-nga-grate-orthodhokse-te-tiranes-mars-2008\/\"]}]},{\"@type\":\"ImageObject\",\"inLanguage\":\"en-US\",\"@id\":\"https:\/\/orthodoxalbania.org\/2020\/2008\/02\/26\/panair-me-punime-artizanale-nga-grate-orthodhokse-te-tiranes-mars-2008\/#primaryimage\",\"url\":\"https:\/\/lh6.googleusercontent.com\/-zM0mxC-zRBY\/VIwWwNK3iaI\/AAAAAAAAHfw\/H-ES4MefK2M\/w400-h333-no\/1%2Bpanairi.jpg\",\"contentUrl\":\"https:\/\/lh6.googleusercontent.com\/-zM0mxC-zRBY\/VIwWwNK3iaI\/AAAAAAAAHfw\/H-ES4MefK2M\/w400-h333-no\/1%2Bpanairi.jpg\"},{\"@type\":\"BreadcrumbList\",\"@id\":\"https:\/\/orthodoxalbania.org\/2020\/2008\/02\/26\/panair-me-punime-artizanale-nga-grate-orthodhokse-te-tiranes-mars-2008\/#breadcrumb\",\"itemListElement\":[{\"@type\":\"ListItem\",\"position\":1,\"name\":\"Home\",\"item\":\"https:\/\/orthodoxalbania.org\/2020\/\"},{\"@type\":\"ListItem\",\"position\":2,\"name\":\"Panair me punime artizanale nga grat\u00eb orthodhokse t\u00eb Tiran\u00ebs. (Mars 2008)\"}]},{\"@type\":\"WebSite\",\"@id\":\"https:\/\/orthodoxalbania.org\/2020\/#website\",\"url\":\"https:\/\/orthodoxalbania.org\/2020\/\",\"name\":\"Kisha Orthodh\u03bfkse Autoqefale e Shqip\u00ebris\u00eb\",\"description\":\"Fqja Zyrtare e Kish\u00ebs Orthodhokse Autoqefale e Shqip\u00ebris\u00eb me lajmet edhe informacionet zyrtare p\u00ebr struktur\u00ebn edhe veprimtarin e saj.\",\"publisher\":{\"@id\":\"https:\/\/orthodoxalbania.org\/2020\/#organization\"},\"potentialAction\":[{\"@type\":\"SearchAction\",\"target\":{\"@type\":\"EntryPoint\",\"urlTemplate\":\"https:\/\/orthodoxalbania.org\/2020\/?s={search_term_string}\"},\"query-input\":{\"@type\":\"PropertyValueSpecification\",\"valueRequired\":true,\"valueName\":\"search_term_string\"}}],\"inLanguage\":\"en-US\"},{\"@type\":\"Organization\",\"@id\":\"https:\/\/orthodoxalbania.org\/2020\/#organization\",\"name\":\"Kisha Orthodhokse Autoqefale e Shqip\u00ebris\u00eb\",\"url\":\"https:\/\/orthodoxalbania.org\/2020\/\",\"logo\":{\"@type\":\"ImageObject\",\"inLanguage\":\"en-US\",\"@id\":\"https:\/\/orthodoxalbania.org\/2020\/#\/schema\/logo\/image\/\",\"url\":\"https:\/\/orthodoxalbania.org\/2020\/wp-content\/uploads\/2020\/05\/albania.jpeg\",\"contentUrl\":\"https:\/\/orthodoxalbania.org\/2020\/wp-content\/uploads\/2020\/05\/albania.jpeg\",\"width\":540,\"height\":540,\"caption\":\"Kisha Orthodhokse Autoqefale e Shqip\u00ebris\u00eb\"},\"image\":{\"@id\":\"https:\/\/orthodoxalbania.org\/2020\/#\/schema\/logo\/image\/\"},\"sameAs\":[\"https:\/\/www.facebook.com\/koash1991\"]},{\"@type\":\"Person\",\"@id\":\"https:\/\/orthodoxalbania.org\/2020\/#\/schema\/person\/0c387634a7063ac612d7ed9ce71c7e86\",\"name\":\"Kisha Orthodhokse\",\"image\":{\"@type\":\"ImageObject\",\"inLanguage\":\"en-US\",\"@id\":\"https:\/\/secure.gravatar.com\/avatar\/596e7c417251e30f2fbb9c00e026fce61a695a00e51c889caded71c96cbbdde5?s=96&d=mm&r=g\",\"url\":\"https:\/\/secure.gravatar.com\/avatar\/596e7c417251e30f2fbb9c00e026fce61a695a00e51c889caded71c96cbbdde5?s=96&d=mm&r=g\",\"contentUrl\":\"https:\/\/secure.gravatar.com\/avatar\/596e7c417251e30f2fbb9c00e026fce61a695a00e51c889caded71c96cbbdde5?s=96&d=mm&r=g\",\"caption\":\"Kisha Orthodhokse\"}}]}<\/script>\n<!-- \/ Yoast SEO plugin. -->","yoast_head_json":{"title":"Panair me punime artizanale nga grat\u00eb orthodhokse t\u00eb Tiran\u00ebs. (Mars 2008) - Kisha Orthodh\u03bfkse Autoqefale e Shqip\u00ebris\u00eb","robots":{"index":"index","follow":"follow","max-snippet":"max-snippet:-1","max-image-preview":"max-image-preview:large","max-video-preview":"max-video-preview:-1"},"canonical":"https:\/\/orthodoxalbania.org\/2020\/2008\/02\/26\/panair-me-punime-artizanale-nga-grate-orthodhokse-te-tiranes-mars-2008\/","og_locale":"en_US","og_type":"article","og_title":"Panair me punime artizanale nga grat\u00eb orthodhokse t\u00eb Tiran\u00ebs. (Mars 2008) - Kisha Orthodh\u03bfkse Autoqefale e Shqip\u00ebris\u00eb","og_description":"&nbsp;&nbsp;&nbsp;&nbsp;N\u00eb kuadrin e fest\u00ebs s\u00eb Ungjill\u00ebzimit,n\u00eb datat 23-25 marsn\u00eb ambientin hyr\u00ebs t\u00eb kish\u00ebs \u201cUngjill\u00ebzimi i Hyjlind\u00ebses\u201d n\u00eb Tiran\u00eb u zhvillua nj\u00eb panair tre ditor me kontributin vullnetar t\u00eb grave orthodhokse. Organizimi dhe drejtimi i t\u00eb gjitha etapave t\u00eb k\u00ebsaj veprimtarie u krye nga Lidhja e Grave Orthodhokse \u201cP\u00ebrhapja e Dashuris\u00eb\u201d Tiran\u00eb, e cila fillimisht p\u00ebrgatiti njoftimet ku ftoheshin besimtar\u00ebt t\u00eb jepnin ndihmes\u00ebn e tyre p\u00ebrmes","og_url":"https:\/\/orthodoxalbania.org\/2020\/2008\/02\/26\/panair-me-punime-artizanale-nga-grate-orthodhokse-te-tiranes-mars-2008\/","og_site_name":"Kisha Orthodh\u03bfkse Autoqefale e Shqip\u00ebris\u00eb","article_publisher":"https:\/\/www.facebook.com\/koash1991","article_published_time":"2008-02-26T00:00:00+00:00","article_modified_time":"2020-04-06T20:35:30+00:00","og_image":[{"url":"https:\/\/lh6.googleusercontent.com\/-zM0mxC-zRBY\/VIwWwNK3iaI\/AAAAAAAAHfw\/H-ES4MefK2M\/w400-h333-no\/1%2Bpanairi.jpg","type":"","width":"","height":""}],"author":"Kisha Orthodhokse","twitter_card":"summary_large_image","twitter_misc":{"Written by":"Kisha Orthodhokse","Est. reading time":"2 minutes"},"schema":{"@context":"https:\/\/schema.org","@graph":[{"@type":"Article","@id":"https:\/\/orthodoxalbania.org\/2020\/2008\/02\/26\/panair-me-punime-artizanale-nga-grate-orthodhokse-te-tiranes-mars-2008\/#article","isPartOf":{"@id":"https:\/\/orthodoxalbania.org\/2020\/2008\/02\/26\/panair-me-punime-artizanale-nga-grate-orthodhokse-te-tiranes-mars-2008\/"},"author":{"name":"Kisha Orthodhokse","@id":"https:\/\/orthodoxalbania.org\/2020\/#\/schema\/person\/0c387634a7063ac612d7ed9ce71c7e86"},"headline":"Panair me punime artizanale nga grat\u00eb orthodhokse t\u00eb Tiran\u00ebs. (Mars 2008)","datePublished":"2008-02-26T00:00:00+00:00","dateModified":"2020-04-06T20:35:30+00:00","mainEntityOfPage":{"@id":"https:\/\/orthodoxalbania.org\/2020\/2008\/02\/26\/panair-me-punime-artizanale-nga-grate-orthodhokse-te-tiranes-mars-2008\/"},"wordCount":427,"commentCount":0,"publisher":{"@id":"https:\/\/orthodoxalbania.org\/2020\/#organization"},"image":{"@id":"https:\/\/orthodoxalbania.org\/2020\/2008\/02\/26\/panair-me-punime-artizanale-nga-grate-orthodhokse-te-tiranes-mars-2008\/#primaryimage"},"thumbnailUrl":"https:\/\/lh6.googleusercontent.com\/-zM0mxC-zRBY\/VIwWwNK3iaI\/AAAAAAAAHfw\/H-ES4MefK2M\/w400-h333-no\/1%2Bpanairi.jpg","keywords":["2008","Kryepiskopata Tiran\u00eb","lajme","Lidhja e Grave Orthodhokse"],"articleSection":["Lajme"],"inLanguage":"en-US"},{"@type":"WebPage","@id":"https:\/\/orthodoxalbania.org\/2020\/2008\/02\/26\/panair-me-punime-artizanale-nga-grate-orthodhokse-te-tiranes-mars-2008\/","url":"https:\/\/orthodoxalbania.org\/2020\/2008\/02\/26\/panair-me-punime-artizanale-nga-grate-orthodhokse-te-tiranes-mars-2008\/","name":"Panair me punime artizanale nga grat\u00eb orthodhokse t\u00eb Tiran\u00ebs. (Mars 2008) - Kisha Orthodh\u03bfkse Autoqefale e Shqip\u00ebris\u00eb","isPartOf":{"@id":"https:\/\/orthodoxalbania.org\/2020\/#website"},"primaryImageOfPage":{"@id":"https:\/\/orthodoxalbania.org\/2020\/2008\/02\/26\/panair-me-punime-artizanale-nga-grate-orthodhokse-te-tiranes-mars-2008\/#primaryimage"},"image":{"@id":"https:\/\/orthodoxalbania.org\/2020\/2008\/02\/26\/panair-me-punime-artizanale-nga-grate-orthodhokse-te-tiranes-mars-2008\/#primaryimage"},"thumbnailUrl":"https:\/\/lh6.googleusercontent.com\/-zM0mxC-zRBY\/VIwWwNK3iaI\/AAAAAAAAHfw\/H-ES4MefK2M\/w400-h333-no\/1%2Bpanairi.jpg","datePublished":"2008-02-26T00:00:00+00:00","dateModified":"2020-04-06T20:35:30+00:00","breadcrumb":{"@id":"https:\/\/orthodoxalbania.org\/2020\/2008\/02\/26\/panair-me-punime-artizanale-nga-grate-orthodhokse-te-tiranes-mars-2008\/#breadcrumb"},"inLanguage":"en-US","potentialAction":[{"@type":"ReadAction","target":["https:\/\/orthodoxalbania.org\/2020\/2008\/02\/26\/panair-me-punime-artizanale-nga-grate-orthodhokse-te-tiranes-mars-2008\/"]}]},{"@type":"ImageObject","inLanguage":"en-US","@id":"https:\/\/orthodoxalbania.org\/2020\/2008\/02\/26\/panair-me-punime-artizanale-nga-grate-orthodhokse-te-tiranes-mars-2008\/#primaryimage","url":"https:\/\/lh6.googleusercontent.com\/-zM0mxC-zRBY\/VIwWwNK3iaI\/AAAAAAAAHfw\/H-ES4MefK2M\/w400-h333-no\/1%2Bpanairi.jpg","contentUrl":"https:\/\/lh6.googleusercontent.com\/-zM0mxC-zRBY\/VIwWwNK3iaI\/AAAAAAAAHfw\/H-ES4MefK2M\/w400-h333-no\/1%2Bpanairi.jpg"},{"@type":"BreadcrumbList","@id":"https:\/\/orthodoxalbania.org\/2020\/2008\/02\/26\/panair-me-punime-artizanale-nga-grate-orthodhokse-te-tiranes-mars-2008\/#breadcrumb","itemListElement":[{"@type":"ListItem","position":1,"name":"Home","item":"https:\/\/orthodoxalbania.org\/2020\/"},{"@type":"ListItem","position":2,"name":"Panair me punime artizanale nga grat\u00eb orthodhokse t\u00eb Tiran\u00ebs. (Mars 2008)"}]},{"@type":"WebSite","@id":"https:\/\/orthodoxalbania.org\/2020\/#website","url":"https:\/\/orthodoxalbania.org\/2020\/","name":"Kisha Orthodh\u03bfkse Autoqefale e Shqip\u00ebris\u00eb","description":"Fqja Zyrtare e Kish\u00ebs Orthodhokse Autoqefale e Shqip\u00ebris\u00eb me lajmet edhe informacionet zyrtare p\u00ebr struktur\u00ebn edhe veprimtarin e saj.","publisher":{"@id":"https:\/\/orthodoxalbania.org\/2020\/#organization"},"potentialAction":[{"@type":"SearchAction","target":{"@type":"EntryPoint","urlTemplate":"https:\/\/orthodoxalbania.org\/2020\/?s={search_term_string}"},"query-input":{"@type":"PropertyValueSpecification","valueRequired":true,"valueName":"search_term_string"}}],"inLanguage":"en-US"},{"@type":"Organization","@id":"https:\/\/orthodoxalbania.org\/2020\/#organization","name":"Kisha Orthodhokse Autoqefale e Shqip\u00ebris\u00eb","url":"https:\/\/orthodoxalbania.org\/2020\/","logo":{"@type":"ImageObject","inLanguage":"en-US","@id":"https:\/\/orthodoxalbania.org\/2020\/#\/schema\/logo\/image\/","url":"https:\/\/orthodoxalbania.org\/2020\/wp-content\/uploads\/2020\/05\/albania.jpeg","contentUrl":"https:\/\/orthodoxalbania.org\/2020\/wp-content\/uploads\/2020\/05\/albania.jpeg","width":540,"height":540,"caption":"Kisha Orthodhokse Autoqefale e Shqip\u00ebris\u00eb"},"image":{"@id":"https:\/\/orthodoxalbania.org\/2020\/#\/schema\/logo\/image\/"},"sameAs":["https:\/\/www.facebook.com\/koash1991"]},{"@type":"Person","@id":"https:\/\/orthodoxalbania.org\/2020\/#\/schema\/person\/0c387634a7063ac612d7ed9ce71c7e86","name":"Kisha Orthodhokse","image":{"@type":"ImageObject","inLanguage":"en-US","@id":"https:\/\/secure.gravatar.com\/avatar\/596e7c417251e30f2fbb9c00e026fce61a695a00e51c889caded71c96cbbdde5?s=96&d=mm&r=g","url":"https:\/\/secure.gravatar.com\/avatar\/596e7c417251e30f2fbb9c00e026fce61a695a00e51c889caded71c96cbbdde5?s=96&d=mm&r=g","contentUrl":"https:\/\/secure.gravatar.com\/avatar\/596e7c417251e30f2fbb9c00e026fce61a695a00e51c889caded71c96cbbdde5?s=96&d=mm&r=g","caption":"Kisha Orthodhokse"}}]}},"_links":{"self":[{"href":"https:\/\/orthodoxalbania.org\/2020\/wp-json\/wp\/v2\/posts\/1050","targetHints":{"allow":["GET"]}}],"collection":[{"href":"https:\/\/orthodoxalbania.org\/2020\/wp-json\/wp\/v2\/posts"}],"about":[{"href":"https:\/\/orthodoxalbania.org\/2020\/wp-json\/wp\/v2\/types\/post"}],"author":[{"embeddable":true,"href":"https:\/\/orthodoxalbania.org\/2020\/wp-json\/wp\/v2\/users\/1"}],"replies":[{"embeddable":true,"href":"https:\/\/orthodoxalbania.org\/2020\/wp-json\/wp\/v2\/comments?post=1050"}],"version-history":[{"count":1,"href":"https:\/\/orthodoxalbania.org\/2020\/wp-json\/wp\/v2\/posts\/1050\/revisions"}],"predecessor-version":[{"id":15700,"href":"https:\/\/orthodoxalbania.org\/2020\/wp-json\/wp\/v2\/posts\/1050\/revisions\/15700"}],"wp:attachment":[{"href":"https:\/\/orthodoxalbania.org\/2020\/wp-json\/wp\/v2\/media?parent=1050"}],"wp:term":[{"taxonomy":"category","embeddable":true,"href":"https:\/\/orthodoxalbania.org\/2020\/wp-json\/wp\/v2\/categories?post=1050"},{"taxonomy":"post_tag","embeddable":true,"href":"https:\/\/orthodoxalbania.org\/2020\/wp-json\/wp\/v2\/tags?post=1050"}],"curies":[{"name":"wp","href":"https:\/\/api.w.org\/{rel}","templated":true}]}}