{"id":1043,"date":"2007-02-26T00:00:00","date_gmt":"2007-02-26T00:00:00","guid":{"rendered":""},"modified":"2020-04-06T22:35:47","modified_gmt":"2020-04-06T20:35:47","slug":"paftali-ballkoni-i-beratit-pas-15-vjetesh-zhvillohet-liturgjia-hyjnore-ne-kishen-e-shen-kollit-nikolles-tetor-2007","status":"publish","type":"post","link":"https:\/\/orthodoxalbania.org\/2020\/2007\/02\/26\/paftali-ballkoni-i-beratit-pas-15-vjetesh-zhvillohet-liturgjia-hyjnore-ne-kishen-e-shen-kollit-nikolles-tetor-2007\/","title":{"rendered":"Paftali \u2013 ballkoni i Beratit Pas 15 vjet\u00ebsh zhvillohet Liturgjia Hyjnore n\u00eb kish\u00ebn e sh\u00ebn Kollit (Nikoll\u00ebs). (Tetor 2007)"},"content":{"rendered":"<div style=\"text-align: justify;\"><span style=\"color: #000000;\"><span style=\"font-family: tahoma,geneva,sans-serif;\"><span style=\"font-size: 12px;\">&nbsp;<img decoding=\"async\" class=\"lazyload HAa Eha\" style=\"height: 150px; width: 200px; border-width: 1px; border-style: solid; margin: 10px; float: left;\" alt=\"\" src=\"data:image\/gif;base64,R0lGODlhAQABAAAAACH5BAEKAAEALAAAAAABAAEAAAICTAEAOw==\" data-orig-src=\"https:\/\/lh3.googleusercontent.com\/Eg11jINRIBy5LgKC1KHHxT4junOZ7j1TznfqnOH1tB4=w500-h375-no\" \/>&nbsp;&nbsp; N\u00eb rr\u00ebz\u00eb t\u00eb Shpiragut ndodhet Paftali, fshati piktoresk dhe klimaterik, ku kan\u00eb banuar njer\u00ebz t\u00eb shquar e me tradita t\u00eb vyera arsimdash\u00ebse, fetare dhe kulturore. Shumica e banor\u00ebve ishin orthodhoks\u00eb, prandaj dhe n\u00eb vitin 1875, me ndihm\u00ebn e tyre vetjake, nd\u00ebrtuan mbi nj\u00eb kod\u00ebr t\u00eb bukur kish\u00ebn e famshme t\u00eb sh\u00ebn Kollit (Nikoll\u00ebs). M\u00eb von\u00eb, besimtari Aristotel Kusta solli nga Italia, me shpenzimet e veta, dy kambana. Muret, hajati dhe kambanorja e k\u00ebsaj kishe t\u00eb shenjt\u00eb jan\u00eb ngritur me gur\u00eb t\u00eb nxjerr\u00eb nga mali, t\u00eb skalitur me mjesht\u00ebri t\u00eb rrall\u00eb dhe t\u00eb lidhur aq fort dhe artistikisht, saq\u00eb t\u00eb krijojn\u00eb p\u00ebrshtypjen se jan\u00eb nd\u00ebrtuar tani af\u00ebr.<\/span><\/span><\/span><\/div>\n<div style=\"text-align: justify;\">&nbsp;<\/div>\n<div style=\"text-align: justify;\"><span style=\"color: #000000;\"><span style=\"font-family: tahoma,geneva,sans-serif;\"><span style=\"font-size: 12px;\">&nbsp;&nbsp;&nbsp;&nbsp; <img decoding=\"async\" class=\"lazyload HAa Eha\" style=\"height: 266px; width: 200px; border-width: 1px; border-style: solid; margin: 10px; float: right;\" alt=\"\" src=\"data:image\/gif;base64,R0lGODlhAQABAAAAACH5BAEKAAEALAAAAAABAAEAAAICTAEAOw==\" data-orig-src=\"https:\/\/lh5.googleusercontent.com\/-6ZU3C-k4vT4\/VIrMpL08IhI\/AAAAAAAAG-4\/6NVZkbF5Q50\/w338-h450-no\/untitled2.jpg\" \/>Pran\u00eb kish\u00ebs paftalak\u00ebt nd\u00ebrtuan dy \u00e7ezma, vepra t\u00eb bukura arti. N\u00eb nj\u00ebr\u00ebn prej tyre, n\u00eb at\u00eb m\u00eb t\u00eb vjetr\u00ebn, \u00ebsht\u00eb skalitur mbishkrimi dometh\u00ebn\u00ebs: \u201c\u00c7ezma e Sygjenecit u nd\u00ebrtua m\u00eb 12 korrik 1922, nga Shoq\u00ebria Orthodhokse e Paftalit&#8230;\u201d.<\/span><\/span><\/span><\/div>\n<div style=\"text-align: justify;\">&nbsp;<\/div>\n<div style=\"text-align: justify;\"><span style=\"color: #000000;\"><span style=\"font-family: tahoma,geneva,sans-serif;\"><span style=\"font-size: 12px;\">&nbsp;&nbsp;&nbsp;&nbsp; Jo m\u00eb larg se 20 metra nga kisha, k\u00ebta besimtar\u00eb t\u00eb flakt\u00eb nd\u00ebrtuan shkoll\u00ebn fillore dhe m\u00ebngr\u00ebn p\u00ebr nxjerrjen e vajit nga ullinjt\u00eb e shumt\u00eb.<\/span><\/span><\/span><\/div>\n<div style=\"text-align: justify;\">&nbsp;<\/div>\n<div style=\"text-align: justify;\"><span style=\"color: #000000;\"><span style=\"font-family: tahoma,geneva,sans-serif;\"><span style=\"font-size: 12px;\">&nbsp;&nbsp;&nbsp;&nbsp; N\u00eb k\u00ebt\u00eb kish\u00eb kan\u00eb meshuar i ndjeri Thanas Papa, varri i t\u00eb cilit ndodhet fare pran\u00eb ajodhim\u00ebs, si edhe i ndjeri Spiro Papa, q\u00eb n\u00eb vitin 1964 u fron\u00ebzua si episkop i Mitropolis\u00eb s\u00eb Beratit. N\u00eb territorin e kish\u00ebs ndodhen varret e shum\u00eb besimtar\u00ebve orthodhoks\u00eb t\u00eb k\u00ebtij fshati.<\/span><\/span><\/span><\/div>\n<div style=\"text-align: justify;\">&nbsp;<\/div>\n<div style=\"text-align: justify;\"><span style=\"color: #000000;\"><span style=\"font-family: tahoma,geneva,sans-serif;\"><span style=\"font-size: 12px;\"><img decoding=\"async\" class=\"lazyload HAa Eha\" style=\"height: 131px; width: 200px; border-width: 1px; border-style: solid; margin: 10px; float: left;\" alt=\"\" src=\"data:image\/gif;base64,R0lGODlhAQABAAAAACH5BAEKAAEALAAAAAABAAEAAAICTAEAOw==\" data-orig-src=\"https:\/\/lh3.googleusercontent.com\/-n-4d8EKzPA8\/VIrMpDH9PnI\/AAAAAAAAG_I\/h7V2htmufE0\/w600-h394-no\/untitled3.jpg\" \/>&nbsp;&nbsp;&nbsp;&nbsp; N\u00eb at\u00eb periudh\u00eb, kur orthodhoksia ishte rr\u00ebnjosur thell\u00eb n\u00eb zemrat e besimtar\u00ebve, burrat dhe grat\u00eb e moshuar, t\u00eb rinjt\u00eb dhe t\u00eb rejat, nx\u00ebn\u00ebsit e shkoll\u00ebs, f\u00ebmij\u00ebt njom\u00ebzak\u00eb shkonin t\u00eb g\u00ebzuar pran\u00eb nj\u00ebri-tjetrit \u00e7do t\u00eb diel dhe \u00e7do dit\u00eb t\u00eb sh\u00ebnuar n\u00eb kish\u00ebn e sh\u00ebn Kollit, p\u00ebr t\u00eb ndjekur me v\u00ebmendje Liturgjin\u00eb Hyjnore, p\u00ebr t\u00eb d\u00ebgjuar me kujdes predikimin e prift\u00ebrinjve. Pas Mesh\u00ebs, burrat n\u00eb hajatin e tyre dhe grat\u00eb n\u00eb hajatin tjet\u00ebr, uleshin e bisedonin p\u00ebr problemet e dit\u00ebs.<\/span><\/span><\/span><\/div>\n<div style=\"text-align: justify;\">&nbsp;<\/div>\n<div style=\"text-align: justify;\"><span style=\"color: #000000;\"><span style=\"font-family: tahoma,geneva,sans-serif;\"><span style=\"font-size: 12px;\">&nbsp;&nbsp;&nbsp;&nbsp; Liturgjia e par\u00eb Hyjnore pas shum\u00eb vitesh ndalimi t\u00eb besimit u krye aty m\u00eb 10 maj 1992, nga at\u00eb Vangjel Xoxe.<\/span><\/span><\/span><\/div>\n<div style=\"text-align: justify;\">&nbsp;<\/div>\n<div style=\"text-align: justify;\"><span style=\"color: #000000;\"><span style=\"font-family: tahoma,geneva,sans-serif;\"><span style=\"font-size: 12px;\">&nbsp;&nbsp;&nbsp;&nbsp; Pas 15 vjet\u00ebsh iu k\u00ebrkua Mitropolitit t\u00eb Beratit, Hir\u00ebsis\u00eb s\u00eb Tij Ignatit, p\u00ebr ta falur p\u00ebrs\u00ebri k\u00ebt\u00eb kish\u00eb. Ai priti k\u00ebt\u00eb me k\u00ebnaq\u00ebsi t\u00eb ve\u00e7ant\u00eb dhe caktoi dat\u00ebn 21 tetor p\u00ebr t\u00eb zhvilluar Liturgjin\u00eb Hyjnore.<\/span><\/span><\/span><\/div>\n<div style=\"text-align: justify;\">&nbsp;<\/div>\n<div style=\"text-align: justify;\"><span style=\"color: #000000;\"><span style=\"font-family: tahoma,geneva,sans-serif;\"><span style=\"font-size: 12px;\">&nbsp;&nbsp;&nbsp;&nbsp; Si fillim, u hartua lajm\u00ebrimi p\u00ebr k\u00ebt\u00eb veprimtari, q\u00eb u lexua n\u00eb t\u00eb dy t\u00eb dielat, e dat\u00ebs 7 dhe 14 tetor, n\u00eb \u00e7do kish\u00eb t\u00eb dioqez\u00ebs. Lajm\u00ebrimi u afishua n\u00eb mjedise kishtare edhe n\u00eb qytetet Tiran\u00eb, Berat, Ku\u00e7ov\u00eb, Lushnje, Fier, Vlor\u00eb etj. Qytetar\u00ebt u njoh\u00ebn me k\u00ebt\u00eb ngjarje edhe nga Tv Onufri dhe gazeta \u201cShekulli\u201d.<\/span><\/span><\/span><\/div>\n<div style=\"text-align: justify;\">&nbsp;<\/div>\n<div style=\"text-align: justify;\"><span style=\"color: #000000;\"><span style=\"font-family: tahoma,geneva,sans-serif;\"><span style=\"font-size: 12px;\">&nbsp;&nbsp;&nbsp;&nbsp; U b\u00eb kujdes p\u00ebr rivendosjen e kamban\u00ebs, si edhe u siguruan me ndihm\u00ebn e Bashkis\u00eb Berat 150 ndenj\u00ebse, t\u00eb mbetura nga rikonstruksioni i nj\u00eb mjedisi publik.<\/span><\/span><\/span><\/div>\n<div style=\"text-align: justify;\">&nbsp;<\/div>\n<div style=\"text-align: justify;\"><span style=\"color: #000000;\"><span style=\"font-family: tahoma,geneva,sans-serif;\"><span style=\"font-size: 12px;\">&nbsp;&nbsp;&nbsp; T\u00eb diel\u00ebn, 21 tetor, autobus\u00ebt u nis\u00ebn q\u00eb her\u00ebt. Shum\u00eb t\u00eb tjer\u00eb erdh\u00ebn nga qytete t\u00eb af\u00ebrta me automjete vetjake. Salla e kish\u00ebs dhe mjedisi rrotull saj u mbush plot e p\u00ebrplot me rreth 400 shpres\u00ebtar\u00eb. N\u00eb k\u00ebt\u00eb dit\u00eb t\u00eb sh\u00ebnuar mor\u00ebn pjes\u00eb gjithashtu edhe mjaft banor\u00eb t\u00eb fshatit q\u00eb i p\u00ebrkasin besimit mysliman.<\/span><\/span><\/span><\/div>\n<div style=\"text-align: justify;\">&nbsp;<\/div>\n<div style=\"text-align: justify;\"><span style=\"color: #000000;\"><span style=\"font-family: tahoma,geneva,sans-serif;\"><span style=\"font-size: 12px;\"><img decoding=\"async\" class=\"lazyload HAa Eha\" style=\"height: 150px; width: 200px; border-width: 1px; border-style: solid; margin: 10px; float: right;\" alt=\"\" src=\"data:image\/gif;base64,R0lGODlhAQABAAAAACH5BAEKAAEALAAAAAABAAEAAAICTAEAOw==\" data-orig-src=\"https:\/\/lh4.googleusercontent.com\/-zF0A-co6VzI\/VIrMplMxsFI\/AAAAAAAAG_A\/EME8vDL0BRY\/w533-h400-no\/untitled4.jpg\" \/>&nbsp;&nbsp;&nbsp;&nbsp; Liturgjia Hyjnore u ndoq me p\u00ebrkushtim t\u00eb ve\u00e7ant\u00eb dhe mbas saj Mitropoliti b\u00ebri nj\u00eb predikim ku midis t\u00eb tjerave, tha:<\/span><\/span><\/span><\/div>\n<div style=\"text-align: justify;\"><span style=\"color: #000000;\"><span style=\"font-family: tahoma,geneva,sans-serif;\"><span style=\"font-size: 12px;\">&nbsp;\u201c\u2026Koha e monizmit ka l\u00ebn\u00eb gjurm\u00ebt e saj edhe n\u00eb d\u00ebmtimin e k\u00ebsaj kishe. \u00cbsht\u00eb k\u00ebnaq\u00ebsi e madhe q\u00eb shikojm\u00eb kaq shum\u00eb besimtar\u00eb n\u00eb k\u00ebt\u00eb kish\u00eb t\u00eb k\u00ebtij fshati kaq t\u00eb njohur. \u00cbsht\u00eb e nevojshme q\u00eb ta mbajm\u00eb t\u00eb gjall\u00eb, duke zhvilluar mesh\u00eb t\u00eb tjera. Ashtu si t\u00eb par\u00ebt tuaj, q\u00eb kan\u00eb dhuruar kaq shum\u00eb materiale dhe para p\u00ebr nd\u00ebrtimin dhe mir\u00ebmbajtjen e objekteve kishtare, k\u00ebshtu edhe ju duhet t\u00eb kontribuoni p\u00ebr t\u00eb vendosur xhama n\u00eb dritaret e k\u00ebsaj kishe, p\u00ebr t\u00eb rregulluar \u00e7atin\u00eb, p\u00ebr t\u00eb rikonstruktuar hajatet e saj dhe p\u00ebr t\u00eb kryer nj\u00eb s\u00ebr\u00eb punimesh t\u00eb tjera t\u00eb r\u00ebnd\u00ebsishme \u2026\u201d<\/span><\/span><\/span><\/div>\n<div style=\"text-align: justify;\">&nbsp;<\/div>\n<div style=\"text-align: justify;\"><span style=\"color: #000000;\"><span style=\"font-family: tahoma,geneva,sans-serif;\"><span style=\"font-size: 12px;\">&nbsp;&nbsp;&nbsp;&nbsp; M\u00eb pas Mitropoliti ftoi besimtar\u00ebt t\u00eb marrin pjes\u00eb n\u00eb nj\u00eb p\u00ebrshpirtje p\u00ebr t\u00eb parafjeturit, t\u00eb cil\u00ebn e zhvilloi vet\u00eb, i ndihmuar nga at\u00eb Petraq Simsia dhe at\u00eb Kristaq Subashi.<\/span><\/span><\/span><\/div>\n<div style=\"text-align: justify;\">&nbsp;<\/div>\n<div style=\"text-align: justify;\"><span style=\"color: #000000;\"><span style=\"font-family: tahoma,geneva,sans-serif;\"><span style=\"font-size: 12px;\">&nbsp;&nbsp;&nbsp;&nbsp; Pas Liturgjis\u00eb Hyjnore, besimtar\u00ebt shikuan me shum\u00eb interes dhe pamjet q\u00eb fotografi i talentuar, z. Dhimit\u00ebr Topi, i kishte afishuar n\u00eb muret e hyrjes s\u00eb kish\u00ebs. Ishin disa montazhe fotografish t\u00eb b\u00ebra n\u00eb vite, me pamje nga dit\u00ebt e para t\u00eb ri\u00e7eljes s\u00eb kishave.<\/span><\/span><\/span><\/div>\n<div style=\"text-align: justify;\">&nbsp;<\/div>\n<div style=\"text-align: justify;\"><span style=\"color: #000000;\"><span style=\"font-family: tahoma,geneva,sans-serif;\"><span style=\"font-size: 12px;\">&nbsp;&nbsp;&nbsp;&nbsp; Kujdestari i kish\u00ebs s\u00eb sh\u00ebn Kollit, z. Siku Fani, e vetmja familje orthodhokse e mbetur sot n\u00eb Paftal, ftoi n\u00eb sht\u00ebpin\u00eb e tij Imzot Ignatin, klerik\u00ebt q\u00eb e shoq\u00ebronin dhe besimtar\u00eb t\u00eb tjer\u00eb. K\u00ebtu u zhvillua nj\u00eb bised\u00eb e ngroht\u00eb, gjat\u00eb s\u00eb cil\u00ebs u shk\u00ebmbyen mendime p\u00ebr pun\u00ebt q\u00eb duhen b\u00ebr\u00eb p\u00ebr rregullimin e kish\u00ebs. Imzot Ignati, i g\u00ebzuar nga gjith\u00e7ka q\u00eb ndodhi n\u00eb k\u00ebt\u00eb dit\u00eb, e quajti Paftalin \u201cBallkoni i Beratit\u201d, fal\u00ebnderoi t\u00eb zot\u00ebt e sht\u00ebpis\u00eb p\u00ebr mikpritjen dhe uroi q\u00eb t\u00eb tilla g\u00ebzime t\u00eb ket\u00eb edhe n\u00eb t\u00eb ardhmen.<\/span><\/span><\/span><\/div>\n<div style=\"text-align: justify;\">&nbsp;<\/div>\n<div style=\"text-align: right;\">&nbsp;<\/div>\n<div style=\"text-align: right;\"><span style=\"color: #000000;\"><strong><span style=\"font-family: tahoma,geneva,sans-serif;\"><span style=\"font-size: 12px;\">Ilia Mihal Zaka<\/span><\/span><\/strong><\/span><\/div>\n","protected":false},"excerpt":{"rendered":"<p>&nbsp;&nbsp;&nbsp; N\u00eb rr\u00ebz\u00eb t\u00eb Shpiragut ndodhet Paftali, fshati piktoresk dhe klimaterik, ku kan\u00eb banuar njer\u00ebz t\u00eb shquar e me tradita t\u00eb vyera arsimdash\u00ebse, fetare dhe kulturore. Shumica e banor\u00ebve ishin orthodhoks\u00eb, prandaj dhe n\u00eb vitin 1875, me ndihm\u00ebn e tyre vetjake, nd\u00ebrtuan mbi nj\u00eb kod\u00ebr t\u00eb bukur kish\u00ebn e famshme t\u00eb sh\u00ebn Kollit (Nikoll\u00ebs). M\u00eb von\u00eb, besimtari Aristotel Kusta solli nga Italia, me shpenzimet e<\/p>\n","protected":false},"author":1,"featured_media":0,"comment_status":"open","ping_status":"open","sticky":false,"template":"","format":"standard","meta":{"_acf_changed":false,"pagelayer_contact_templates":[],"_pagelayer_content":"","inline_featured_image":false,"fifu_image_url":"","fifu_image_alt":"","footnotes":""},"categories":[108],"tags":[147,157,212,197],"class_list":["post-1043","post","type-post","status-publish","format-standard","hentry","category-lajme","tag-147","tag-kremtime","tag-lajme-d27","tag-berat"],"acf":[],"yoast_head":"<!-- This site is optimized with the Yoast SEO plugin v27.2 - https:\/\/yoast.com\/product\/yoast-seo-wordpress\/ -->\n<title>Paftali \u2013 ballkoni i Beratit Pas 15 vjet\u00ebsh zhvillohet Liturgjia Hyjnore n\u00eb kish\u00ebn e sh\u00ebn Kollit (Nikoll\u00ebs). (Tetor 2007) - Kisha Orthodh\u03bfkse Autoqefale e Shqip\u00ebris\u00eb<\/title>\n<meta name=\"robots\" content=\"index, follow, max-snippet:-1, max-image-preview:large, max-video-preview:-1\" \/>\n<link rel=\"canonical\" href=\"https:\/\/orthodoxalbania.org\/2020\/2007\/02\/26\/paftali-ballkoni-i-beratit-pas-15-vjetesh-zhvillohet-liturgjia-hyjnore-ne-kishen-e-shen-kollit-nikolles-tetor-2007\/\" \/>\n<meta property=\"og:locale\" content=\"en_US\" \/>\n<meta property=\"og:type\" content=\"article\" \/>\n<meta property=\"og:title\" content=\"Paftali \u2013 ballkoni i Beratit Pas 15 vjet\u00ebsh zhvillohet Liturgjia Hyjnore n\u00eb kish\u00ebn e sh\u00ebn Kollit (Nikoll\u00ebs). (Tetor 2007) - Kisha Orthodh\u03bfkse Autoqefale e Shqip\u00ebris\u00eb\" \/>\n<meta property=\"og:description\" content=\"&nbsp;&nbsp;&nbsp; N\u00eb rr\u00ebz\u00eb t\u00eb Shpiragut ndodhet Paftali, fshati piktoresk dhe klimaterik, ku kan\u00eb banuar njer\u00ebz t\u00eb shquar e me tradita t\u00eb vyera arsimdash\u00ebse, fetare dhe kulturore. Shumica e banor\u00ebve ishin orthodhoks\u00eb, prandaj dhe n\u00eb vitin 1875, me ndihm\u00ebn e tyre vetjake, nd\u00ebrtuan mbi nj\u00eb kod\u00ebr t\u00eb bukur kish\u00ebn e famshme t\u00eb sh\u00ebn Kollit (Nikoll\u00ebs). M\u00eb von\u00eb, besimtari Aristotel Kusta solli nga Italia, me shpenzimet e\" \/>\n<meta property=\"og:url\" content=\"https:\/\/orthodoxalbania.org\/2020\/2007\/02\/26\/paftali-ballkoni-i-beratit-pas-15-vjetesh-zhvillohet-liturgjia-hyjnore-ne-kishen-e-shen-kollit-nikolles-tetor-2007\/\" \/>\n<meta property=\"og:site_name\" content=\"Kisha Orthodh\u03bfkse Autoqefale e Shqip\u00ebris\u00eb\" \/>\n<meta property=\"article:publisher\" content=\"https:\/\/www.facebook.com\/koash1991\" \/>\n<meta property=\"article:published_time\" content=\"2007-02-26T00:00:00+00:00\" \/>\n<meta property=\"article:modified_time\" content=\"2020-04-06T20:35:47+00:00\" \/>\n<meta property=\"og:image\" content=\"https:\/\/lh3.googleusercontent.com\/Eg11jINRIBy5LgKC1KHHxT4junOZ7j1TznfqnOH1tB4=w500-h375-no\" \/>\n<meta name=\"author\" content=\"Kisha Orthodhokse\" \/>\n<meta name=\"twitter:card\" content=\"summary_large_image\" \/>\n<meta name=\"twitter:label1\" content=\"Written by\" \/>\n\t<meta name=\"twitter:data1\" content=\"Kisha Orthodhokse\" \/>\n\t<meta name=\"twitter:label2\" content=\"Est. reading time\" \/>\n\t<meta name=\"twitter:data2\" content=\"5 minutes\" \/>\n<script type=\"application\/ld+json\" class=\"yoast-schema-graph\">{\"@context\":\"https:\/\/schema.org\",\"@graph\":[{\"@type\":\"Article\",\"@id\":\"https:\/\/orthodoxalbania.org\/2020\/2007\/02\/26\/paftali-ballkoni-i-beratit-pas-15-vjetesh-zhvillohet-liturgjia-hyjnore-ne-kishen-e-shen-kollit-nikolles-tetor-2007\/#article\",\"isPartOf\":{\"@id\":\"https:\/\/orthodoxalbania.org\/2020\/2007\/02\/26\/paftali-ballkoni-i-beratit-pas-15-vjetesh-zhvillohet-liturgjia-hyjnore-ne-kishen-e-shen-kollit-nikolles-tetor-2007\/\"},\"author\":{\"name\":\"Kisha Orthodhokse\",\"@id\":\"https:\/\/orthodoxalbania.org\/2020\/#\/schema\/person\/0c387634a7063ac612d7ed9ce71c7e86\"},\"headline\":\"Paftali \u2013 ballkoni i Beratit Pas 15 vjet\u00ebsh zhvillohet Liturgjia Hyjnore n\u00eb kish\u00ebn e sh\u00ebn Kollit (Nikoll\u00ebs). (Tetor 2007)\",\"datePublished\":\"2007-02-26T00:00:00+00:00\",\"dateModified\":\"2020-04-06T20:35:47+00:00\",\"mainEntityOfPage\":{\"@id\":\"https:\/\/orthodoxalbania.org\/2020\/2007\/02\/26\/paftali-ballkoni-i-beratit-pas-15-vjetesh-zhvillohet-liturgjia-hyjnore-ne-kishen-e-shen-kollit-nikolles-tetor-2007\/\"},\"wordCount\":1005,\"commentCount\":0,\"publisher\":{\"@id\":\"https:\/\/orthodoxalbania.org\/2020\/#organization\"},\"image\":{\"@id\":\"https:\/\/orthodoxalbania.org\/2020\/2007\/02\/26\/paftali-ballkoni-i-beratit-pas-15-vjetesh-zhvillohet-liturgjia-hyjnore-ne-kishen-e-shen-kollit-nikolles-tetor-2007\/#primaryimage\"},\"thumbnailUrl\":\"https:\/\/lh3.googleusercontent.com\/Eg11jINRIBy5LgKC1KHHxT4junOZ7j1TznfqnOH1tB4=w500-h375-no\",\"keywords\":[\"2007\",\"Kremtime\",\"lajme\",\"Mitropolia Berat\"],\"articleSection\":[\"Lajme\"],\"inLanguage\":\"en-US\"},{\"@type\":\"WebPage\",\"@id\":\"https:\/\/orthodoxalbania.org\/2020\/2007\/02\/26\/paftali-ballkoni-i-beratit-pas-15-vjetesh-zhvillohet-liturgjia-hyjnore-ne-kishen-e-shen-kollit-nikolles-tetor-2007\/\",\"url\":\"https:\/\/orthodoxalbania.org\/2020\/2007\/02\/26\/paftali-ballkoni-i-beratit-pas-15-vjetesh-zhvillohet-liturgjia-hyjnore-ne-kishen-e-shen-kollit-nikolles-tetor-2007\/\",\"name\":\"Paftali \u2013 ballkoni i Beratit Pas 15 vjet\u00ebsh zhvillohet Liturgjia Hyjnore n\u00eb kish\u00ebn e sh\u00ebn Kollit (Nikoll\u00ebs). (Tetor 2007) - Kisha Orthodh\u03bfkse Autoqefale e Shqip\u00ebris\u00eb\",\"isPartOf\":{\"@id\":\"https:\/\/orthodoxalbania.org\/2020\/#website\"},\"primaryImageOfPage\":{\"@id\":\"https:\/\/orthodoxalbania.org\/2020\/2007\/02\/26\/paftali-ballkoni-i-beratit-pas-15-vjetesh-zhvillohet-liturgjia-hyjnore-ne-kishen-e-shen-kollit-nikolles-tetor-2007\/#primaryimage\"},\"image\":{\"@id\":\"https:\/\/orthodoxalbania.org\/2020\/2007\/02\/26\/paftali-ballkoni-i-beratit-pas-15-vjetesh-zhvillohet-liturgjia-hyjnore-ne-kishen-e-shen-kollit-nikolles-tetor-2007\/#primaryimage\"},\"thumbnailUrl\":\"https:\/\/lh3.googleusercontent.com\/Eg11jINRIBy5LgKC1KHHxT4junOZ7j1TznfqnOH1tB4=w500-h375-no\",\"datePublished\":\"2007-02-26T00:00:00+00:00\",\"dateModified\":\"2020-04-06T20:35:47+00:00\",\"breadcrumb\":{\"@id\":\"https:\/\/orthodoxalbania.org\/2020\/2007\/02\/26\/paftali-ballkoni-i-beratit-pas-15-vjetesh-zhvillohet-liturgjia-hyjnore-ne-kishen-e-shen-kollit-nikolles-tetor-2007\/#breadcrumb\"},\"inLanguage\":\"en-US\",\"potentialAction\":[{\"@type\":\"ReadAction\",\"target\":[\"https:\/\/orthodoxalbania.org\/2020\/2007\/02\/26\/paftali-ballkoni-i-beratit-pas-15-vjetesh-zhvillohet-liturgjia-hyjnore-ne-kishen-e-shen-kollit-nikolles-tetor-2007\/\"]}]},{\"@type\":\"ImageObject\",\"inLanguage\":\"en-US\",\"@id\":\"https:\/\/orthodoxalbania.org\/2020\/2007\/02\/26\/paftali-ballkoni-i-beratit-pas-15-vjetesh-zhvillohet-liturgjia-hyjnore-ne-kishen-e-shen-kollit-nikolles-tetor-2007\/#primaryimage\",\"url\":\"https:\/\/lh3.googleusercontent.com\/Eg11jINRIBy5LgKC1KHHxT4junOZ7j1TznfqnOH1tB4=w500-h375-no\",\"contentUrl\":\"https:\/\/lh3.googleusercontent.com\/Eg11jINRIBy5LgKC1KHHxT4junOZ7j1TznfqnOH1tB4=w500-h375-no\"},{\"@type\":\"BreadcrumbList\",\"@id\":\"https:\/\/orthodoxalbania.org\/2020\/2007\/02\/26\/paftali-ballkoni-i-beratit-pas-15-vjetesh-zhvillohet-liturgjia-hyjnore-ne-kishen-e-shen-kollit-nikolles-tetor-2007\/#breadcrumb\",\"itemListElement\":[{\"@type\":\"ListItem\",\"position\":1,\"name\":\"Home\",\"item\":\"https:\/\/orthodoxalbania.org\/2020\/\"},{\"@type\":\"ListItem\",\"position\":2,\"name\":\"Paftali \u2013 ballkoni i Beratit Pas 15 vjet\u00ebsh zhvillohet Liturgjia Hyjnore n\u00eb kish\u00ebn e sh\u00ebn Kollit (Nikoll\u00ebs). (Tetor 2007)\"}]},{\"@type\":\"WebSite\",\"@id\":\"https:\/\/orthodoxalbania.org\/2020\/#website\",\"url\":\"https:\/\/orthodoxalbania.org\/2020\/\",\"name\":\"Kisha Orthodh\u03bfkse Autoqefale e Shqip\u00ebris\u00eb\",\"description\":\"Fqja Zyrtare e Kish\u00ebs Orthodhokse Autoqefale e Shqip\u00ebris\u00eb me lajmet edhe informacionet zyrtare p\u00ebr struktur\u00ebn edhe veprimtarin e saj.\",\"publisher\":{\"@id\":\"https:\/\/orthodoxalbania.org\/2020\/#organization\"},\"potentialAction\":[{\"@type\":\"SearchAction\",\"target\":{\"@type\":\"EntryPoint\",\"urlTemplate\":\"https:\/\/orthodoxalbania.org\/2020\/?s={search_term_string}\"},\"query-input\":{\"@type\":\"PropertyValueSpecification\",\"valueRequired\":true,\"valueName\":\"search_term_string\"}}],\"inLanguage\":\"en-US\"},{\"@type\":\"Organization\",\"@id\":\"https:\/\/orthodoxalbania.org\/2020\/#organization\",\"name\":\"Kisha Orthodhokse Autoqefale e Shqip\u00ebris\u00eb\",\"url\":\"https:\/\/orthodoxalbania.org\/2020\/\",\"logo\":{\"@type\":\"ImageObject\",\"inLanguage\":\"en-US\",\"@id\":\"https:\/\/orthodoxalbania.org\/2020\/#\/schema\/logo\/image\/\",\"url\":\"https:\/\/orthodoxalbania.org\/2020\/wp-content\/uploads\/2020\/05\/albania.jpeg\",\"contentUrl\":\"https:\/\/orthodoxalbania.org\/2020\/wp-content\/uploads\/2020\/05\/albania.jpeg\",\"width\":540,\"height\":540,\"caption\":\"Kisha Orthodhokse Autoqefale e Shqip\u00ebris\u00eb\"},\"image\":{\"@id\":\"https:\/\/orthodoxalbania.org\/2020\/#\/schema\/logo\/image\/\"},\"sameAs\":[\"https:\/\/www.facebook.com\/koash1991\"]},{\"@type\":\"Person\",\"@id\":\"https:\/\/orthodoxalbania.org\/2020\/#\/schema\/person\/0c387634a7063ac612d7ed9ce71c7e86\",\"name\":\"Kisha Orthodhokse\",\"image\":{\"@type\":\"ImageObject\",\"inLanguage\":\"en-US\",\"@id\":\"https:\/\/secure.gravatar.com\/avatar\/596e7c417251e30f2fbb9c00e026fce61a695a00e51c889caded71c96cbbdde5?s=96&d=mm&r=g\",\"url\":\"https:\/\/secure.gravatar.com\/avatar\/596e7c417251e30f2fbb9c00e026fce61a695a00e51c889caded71c96cbbdde5?s=96&d=mm&r=g\",\"contentUrl\":\"https:\/\/secure.gravatar.com\/avatar\/596e7c417251e30f2fbb9c00e026fce61a695a00e51c889caded71c96cbbdde5?s=96&d=mm&r=g\",\"caption\":\"Kisha Orthodhokse\"}}]}<\/script>\n<!-- \/ Yoast SEO plugin. -->","yoast_head_json":{"title":"Paftali \u2013 ballkoni i Beratit Pas 15 vjet\u00ebsh zhvillohet Liturgjia Hyjnore n\u00eb kish\u00ebn e sh\u00ebn Kollit (Nikoll\u00ebs). (Tetor 2007) - Kisha Orthodh\u03bfkse Autoqefale e Shqip\u00ebris\u00eb","robots":{"index":"index","follow":"follow","max-snippet":"max-snippet:-1","max-image-preview":"max-image-preview:large","max-video-preview":"max-video-preview:-1"},"canonical":"https:\/\/orthodoxalbania.org\/2020\/2007\/02\/26\/paftali-ballkoni-i-beratit-pas-15-vjetesh-zhvillohet-liturgjia-hyjnore-ne-kishen-e-shen-kollit-nikolles-tetor-2007\/","og_locale":"en_US","og_type":"article","og_title":"Paftali \u2013 ballkoni i Beratit Pas 15 vjet\u00ebsh zhvillohet Liturgjia Hyjnore n\u00eb kish\u00ebn e sh\u00ebn Kollit (Nikoll\u00ebs). (Tetor 2007) - Kisha Orthodh\u03bfkse Autoqefale e Shqip\u00ebris\u00eb","og_description":"&nbsp;&nbsp;&nbsp; N\u00eb rr\u00ebz\u00eb t\u00eb Shpiragut ndodhet Paftali, fshati piktoresk dhe klimaterik, ku kan\u00eb banuar njer\u00ebz t\u00eb shquar e me tradita t\u00eb vyera arsimdash\u00ebse, fetare dhe kulturore. Shumica e banor\u00ebve ishin orthodhoks\u00eb, prandaj dhe n\u00eb vitin 1875, me ndihm\u00ebn e tyre vetjake, nd\u00ebrtuan mbi nj\u00eb kod\u00ebr t\u00eb bukur kish\u00ebn e famshme t\u00eb sh\u00ebn Kollit (Nikoll\u00ebs). M\u00eb von\u00eb, besimtari Aristotel Kusta solli nga Italia, me shpenzimet e","og_url":"https:\/\/orthodoxalbania.org\/2020\/2007\/02\/26\/paftali-ballkoni-i-beratit-pas-15-vjetesh-zhvillohet-liturgjia-hyjnore-ne-kishen-e-shen-kollit-nikolles-tetor-2007\/","og_site_name":"Kisha Orthodh\u03bfkse Autoqefale e Shqip\u00ebris\u00eb","article_publisher":"https:\/\/www.facebook.com\/koash1991","article_published_time":"2007-02-26T00:00:00+00:00","article_modified_time":"2020-04-06T20:35:47+00:00","og_image":[{"url":"https:\/\/lh3.googleusercontent.com\/Eg11jINRIBy5LgKC1KHHxT4junOZ7j1TznfqnOH1tB4=w500-h375-no","type":"","width":"","height":""}],"author":"Kisha Orthodhokse","twitter_card":"summary_large_image","twitter_misc":{"Written by":"Kisha Orthodhokse","Est. reading time":"5 minutes"},"schema":{"@context":"https:\/\/schema.org","@graph":[{"@type":"Article","@id":"https:\/\/orthodoxalbania.org\/2020\/2007\/02\/26\/paftali-ballkoni-i-beratit-pas-15-vjetesh-zhvillohet-liturgjia-hyjnore-ne-kishen-e-shen-kollit-nikolles-tetor-2007\/#article","isPartOf":{"@id":"https:\/\/orthodoxalbania.org\/2020\/2007\/02\/26\/paftali-ballkoni-i-beratit-pas-15-vjetesh-zhvillohet-liturgjia-hyjnore-ne-kishen-e-shen-kollit-nikolles-tetor-2007\/"},"author":{"name":"Kisha Orthodhokse","@id":"https:\/\/orthodoxalbania.org\/2020\/#\/schema\/person\/0c387634a7063ac612d7ed9ce71c7e86"},"headline":"Paftali \u2013 ballkoni i Beratit Pas 15 vjet\u00ebsh zhvillohet Liturgjia Hyjnore n\u00eb kish\u00ebn e sh\u00ebn Kollit (Nikoll\u00ebs). (Tetor 2007)","datePublished":"2007-02-26T00:00:00+00:00","dateModified":"2020-04-06T20:35:47+00:00","mainEntityOfPage":{"@id":"https:\/\/orthodoxalbania.org\/2020\/2007\/02\/26\/paftali-ballkoni-i-beratit-pas-15-vjetesh-zhvillohet-liturgjia-hyjnore-ne-kishen-e-shen-kollit-nikolles-tetor-2007\/"},"wordCount":1005,"commentCount":0,"publisher":{"@id":"https:\/\/orthodoxalbania.org\/2020\/#organization"},"image":{"@id":"https:\/\/orthodoxalbania.org\/2020\/2007\/02\/26\/paftali-ballkoni-i-beratit-pas-15-vjetesh-zhvillohet-liturgjia-hyjnore-ne-kishen-e-shen-kollit-nikolles-tetor-2007\/#primaryimage"},"thumbnailUrl":"https:\/\/lh3.googleusercontent.com\/Eg11jINRIBy5LgKC1KHHxT4junOZ7j1TznfqnOH1tB4=w500-h375-no","keywords":["2007","Kremtime","lajme","Mitropolia Berat"],"articleSection":["Lajme"],"inLanguage":"en-US"},{"@type":"WebPage","@id":"https:\/\/orthodoxalbania.org\/2020\/2007\/02\/26\/paftali-ballkoni-i-beratit-pas-15-vjetesh-zhvillohet-liturgjia-hyjnore-ne-kishen-e-shen-kollit-nikolles-tetor-2007\/","url":"https:\/\/orthodoxalbania.org\/2020\/2007\/02\/26\/paftali-ballkoni-i-beratit-pas-15-vjetesh-zhvillohet-liturgjia-hyjnore-ne-kishen-e-shen-kollit-nikolles-tetor-2007\/","name":"Paftali \u2013 ballkoni i Beratit Pas 15 vjet\u00ebsh zhvillohet Liturgjia Hyjnore n\u00eb kish\u00ebn e sh\u00ebn Kollit (Nikoll\u00ebs). (Tetor 2007) - Kisha Orthodh\u03bfkse Autoqefale e Shqip\u00ebris\u00eb","isPartOf":{"@id":"https:\/\/orthodoxalbania.org\/2020\/#website"},"primaryImageOfPage":{"@id":"https:\/\/orthodoxalbania.org\/2020\/2007\/02\/26\/paftali-ballkoni-i-beratit-pas-15-vjetesh-zhvillohet-liturgjia-hyjnore-ne-kishen-e-shen-kollit-nikolles-tetor-2007\/#primaryimage"},"image":{"@id":"https:\/\/orthodoxalbania.org\/2020\/2007\/02\/26\/paftali-ballkoni-i-beratit-pas-15-vjetesh-zhvillohet-liturgjia-hyjnore-ne-kishen-e-shen-kollit-nikolles-tetor-2007\/#primaryimage"},"thumbnailUrl":"https:\/\/lh3.googleusercontent.com\/Eg11jINRIBy5LgKC1KHHxT4junOZ7j1TznfqnOH1tB4=w500-h375-no","datePublished":"2007-02-26T00:00:00+00:00","dateModified":"2020-04-06T20:35:47+00:00","breadcrumb":{"@id":"https:\/\/orthodoxalbania.org\/2020\/2007\/02\/26\/paftali-ballkoni-i-beratit-pas-15-vjetesh-zhvillohet-liturgjia-hyjnore-ne-kishen-e-shen-kollit-nikolles-tetor-2007\/#breadcrumb"},"inLanguage":"en-US","potentialAction":[{"@type":"ReadAction","target":["https:\/\/orthodoxalbania.org\/2020\/2007\/02\/26\/paftali-ballkoni-i-beratit-pas-15-vjetesh-zhvillohet-liturgjia-hyjnore-ne-kishen-e-shen-kollit-nikolles-tetor-2007\/"]}]},{"@type":"ImageObject","inLanguage":"en-US","@id":"https:\/\/orthodoxalbania.org\/2020\/2007\/02\/26\/paftali-ballkoni-i-beratit-pas-15-vjetesh-zhvillohet-liturgjia-hyjnore-ne-kishen-e-shen-kollit-nikolles-tetor-2007\/#primaryimage","url":"https:\/\/lh3.googleusercontent.com\/Eg11jINRIBy5LgKC1KHHxT4junOZ7j1TznfqnOH1tB4=w500-h375-no","contentUrl":"https:\/\/lh3.googleusercontent.com\/Eg11jINRIBy5LgKC1KHHxT4junOZ7j1TznfqnOH1tB4=w500-h375-no"},{"@type":"BreadcrumbList","@id":"https:\/\/orthodoxalbania.org\/2020\/2007\/02\/26\/paftali-ballkoni-i-beratit-pas-15-vjetesh-zhvillohet-liturgjia-hyjnore-ne-kishen-e-shen-kollit-nikolles-tetor-2007\/#breadcrumb","itemListElement":[{"@type":"ListItem","position":1,"name":"Home","item":"https:\/\/orthodoxalbania.org\/2020\/"},{"@type":"ListItem","position":2,"name":"Paftali \u2013 ballkoni i Beratit Pas 15 vjet\u00ebsh zhvillohet Liturgjia Hyjnore n\u00eb kish\u00ebn e sh\u00ebn Kollit (Nikoll\u00ebs). (Tetor 2007)"}]},{"@type":"WebSite","@id":"https:\/\/orthodoxalbania.org\/2020\/#website","url":"https:\/\/orthodoxalbania.org\/2020\/","name":"Kisha Orthodh\u03bfkse Autoqefale e Shqip\u00ebris\u00eb","description":"Fqja Zyrtare e Kish\u00ebs Orthodhokse Autoqefale e Shqip\u00ebris\u00eb me lajmet edhe informacionet zyrtare p\u00ebr struktur\u00ebn edhe veprimtarin e saj.","publisher":{"@id":"https:\/\/orthodoxalbania.org\/2020\/#organization"},"potentialAction":[{"@type":"SearchAction","target":{"@type":"EntryPoint","urlTemplate":"https:\/\/orthodoxalbania.org\/2020\/?s={search_term_string}"},"query-input":{"@type":"PropertyValueSpecification","valueRequired":true,"valueName":"search_term_string"}}],"inLanguage":"en-US"},{"@type":"Organization","@id":"https:\/\/orthodoxalbania.org\/2020\/#organization","name":"Kisha Orthodhokse Autoqefale e Shqip\u00ebris\u00eb","url":"https:\/\/orthodoxalbania.org\/2020\/","logo":{"@type":"ImageObject","inLanguage":"en-US","@id":"https:\/\/orthodoxalbania.org\/2020\/#\/schema\/logo\/image\/","url":"https:\/\/orthodoxalbania.org\/2020\/wp-content\/uploads\/2020\/05\/albania.jpeg","contentUrl":"https:\/\/orthodoxalbania.org\/2020\/wp-content\/uploads\/2020\/05\/albania.jpeg","width":540,"height":540,"caption":"Kisha Orthodhokse Autoqefale e Shqip\u00ebris\u00eb"},"image":{"@id":"https:\/\/orthodoxalbania.org\/2020\/#\/schema\/logo\/image\/"},"sameAs":["https:\/\/www.facebook.com\/koash1991"]},{"@type":"Person","@id":"https:\/\/orthodoxalbania.org\/2020\/#\/schema\/person\/0c387634a7063ac612d7ed9ce71c7e86","name":"Kisha Orthodhokse","image":{"@type":"ImageObject","inLanguage":"en-US","@id":"https:\/\/secure.gravatar.com\/avatar\/596e7c417251e30f2fbb9c00e026fce61a695a00e51c889caded71c96cbbdde5?s=96&d=mm&r=g","url":"https:\/\/secure.gravatar.com\/avatar\/596e7c417251e30f2fbb9c00e026fce61a695a00e51c889caded71c96cbbdde5?s=96&d=mm&r=g","contentUrl":"https:\/\/secure.gravatar.com\/avatar\/596e7c417251e30f2fbb9c00e026fce61a695a00e51c889caded71c96cbbdde5?s=96&d=mm&r=g","caption":"Kisha Orthodhokse"}}]}},"_links":{"self":[{"href":"https:\/\/orthodoxalbania.org\/2020\/wp-json\/wp\/v2\/posts\/1043","targetHints":{"allow":["GET"]}}],"collection":[{"href":"https:\/\/orthodoxalbania.org\/2020\/wp-json\/wp\/v2\/posts"}],"about":[{"href":"https:\/\/orthodoxalbania.org\/2020\/wp-json\/wp\/v2\/types\/post"}],"author":[{"embeddable":true,"href":"https:\/\/orthodoxalbania.org\/2020\/wp-json\/wp\/v2\/users\/1"}],"replies":[{"embeddable":true,"href":"https:\/\/orthodoxalbania.org\/2020\/wp-json\/wp\/v2\/comments?post=1043"}],"version-history":[{"count":1,"href":"https:\/\/orthodoxalbania.org\/2020\/wp-json\/wp\/v2\/posts\/1043\/revisions"}],"predecessor-version":[{"id":15765,"href":"https:\/\/orthodoxalbania.org\/2020\/wp-json\/wp\/v2\/posts\/1043\/revisions\/15765"}],"wp:attachment":[{"href":"https:\/\/orthodoxalbania.org\/2020\/wp-json\/wp\/v2\/media?parent=1043"}],"wp:term":[{"taxonomy":"category","embeddable":true,"href":"https:\/\/orthodoxalbania.org\/2020\/wp-json\/wp\/v2\/categories?post=1043"},{"taxonomy":"post_tag","embeddable":true,"href":"https:\/\/orthodoxalbania.org\/2020\/wp-json\/wp\/v2\/tags?post=1043"}],"curies":[{"name":"wp","href":"https:\/\/api.w.org\/{rel}","templated":true}]}}