{"id":1036,"date":"2013-03-21T11:59:19","date_gmt":"2013-03-21T11:59:19","guid":{"rendered":""},"modified":"2020-04-13T00:30:59","modified_gmt":"2020-04-12T22:30:59","slug":"opened-the-doors-the-new-church-of-all-saints","status":"publish","type":"post","link":"https:\/\/orthodoxalbania.org\/2020\/en\/2013\/03\/21\/opened-the-doors-the-new-church-of-all-saints\/","title":{"rendered":"Opened the Doors the New Church of All Saints. (June 2012)"},"content":{"rendered":"<div style=\"text-align: justify;\">\n\t<span style=\"color: #000000;\"><img class=\"lazyload\" decoding=\"async\" alt=\"\" src=\"data:image\/gif;base64,R0lGODlhAQABAAAAACH5BAEKAAEALAAAAAABAAEAAAICTAEAOw==\" data-orig-src=\"https:\/\/lh5.googleusercontent.com\/-Y5ya7t3-6JY\/T98GNL2ZhuI\/AAAAAAAAAJo\/TOytGuRlGKc\/s720\/faqja%2012%20nazareti.jpg\" style=\"border-width: 1px; border-style: solid; margin: 10px; float: left; width: 280px; height: 221px;\" \/>&nbsp;&nbsp;&nbsp;<span style=\"font-family: tahoma,geneva,sans-serif;\"><span style=\"font-size: 12px;\"> All of us have in our minds the 20-year effort of Archbishop Anastasios to build functional churches and churches close to the believers. And not only in the centers of the cities, but where the believers are. It is intended also in Tirana, with all the difficulties that presents the capital for finding places for this purpose.<\/span><\/span><\/span><\/div>\n<div style=\"text-align: justify;\">\n\t<br \/>\n\t<span style=\"color: #000000;\"><span style=\"font-family: tahoma,geneva,sans-serif;\"><span style=\"font-size: 12px;\">&nbsp;&nbsp;&nbsp; A large Orthodox community has long existed in the suburb of Kombinat and in order to respond to its needs, in the absence of another space, was used the yard of the complex &#8220;Nazareth&#8221; to build their church. This church is close to the public cemeteries of Sharra, and in this way will create better opportunities for a commemorative service for Orthodox people that have past way.&nbsp;&nbsp;<\/span><\/span><\/span><\/div>\n<div style=\"text-align: justify;\">\n\t<br \/>\n\t<span style=\"color: #000000;\"><span style=\"font-family: tahoma,geneva,sans-serif;\"><span style=\"font-size: 12px;\">&nbsp;&nbsp;&nbsp; The church is dedicated to All Saints and is of the style basilica with a dome and portico from three sides. The exaltation of the bells is made with a straight mural construction, with three windows where the bells are situated. Its total area is about 250 m2, with dome 12.5 meters in height. Hand-carved iconostasis and icons are made by the respective craftsmen of the complex &#8220;Nazareth&#8221;.<\/span><\/span><\/span><\/div>\n<div style=\"text-align: justify;\">\n\t<br \/>\n\t<span style=\"color: #000000;\"><span style=\"font-family: tahoma,geneva,sans-serif;\"><span style=\"font-size: 12px;\">&nbsp;&nbsp;&nbsp; The church started to function on the Sunday of All Saints, on June 10, on the day that the church celebrates, with the service of the Opening of the Doors and with the first Divine Liturgy. These services were conducted by Archbishop Anastasios, assisted by the Bishop of Amantias, Nathanaili and other clergy. In his speech, Archbishop Anastasios stressed the importance of this day and thanked all those who contributed to its construction. He focused also on the meaning of the feast and the importance of the testimony of the saints of the Church, all of those who prayed and sacrificed for the preservation and advancement of religion.<\/span><\/span><\/span><\/div>\n<div style=\"text-align: justify;\">\n\t<br \/>\n\t<span style=\"color: #000000;\"><span style=\"font-family: tahoma,geneva,sans-serif;\"><span style=\"font-size: 12px;\">&nbsp;&nbsp;&nbsp;&nbsp; The church will serve regularly, every Sunday and every feast will be Divine Liturgy, as well as all kinds of services.<\/span><\/span><\/span><\/div>\n<p style=\"text-align: center;\">\n<p>\n\t<span style=\"color: #000000;\"><img class=\"lazyload\" decoding=\"async\" alt=\"\" src=\"data:image\/gif;base64,R0lGODlhAQABAAAAACH5BAEKAAEALAAAAAABAAEAAAICTAEAOw==\" data-orig-src=\"https:\/\/lh5.googleusercontent.com\/-kszyZjEWHFk\/T98GCtXnjSI\/AAAAAAAAAJY\/5NRM-f0eCjs\/s720\/faqja%205%20hapja%20e%20dyerve%20nazaret.jpg\" style=\"border-width: 1px; border-style: solid; width: 650px; height: 488px; margin: 10px;\" \/><\/span><\/p>\n<p style=\"text-align: center;\">\n\t<span style=\"color: #000000;\"><img class=\"lazyload\" decoding=\"async\" alt=\"\" src=\"data:image\/gif;base64,R0lGODlhAQABAAAAACH5BAEKAAEALAAAAAABAAEAAAICTAEAOw==\" data-orig-src=\"https:\/\/lh4.googleusercontent.com\/-isdaXjpZyRk\/T98GErJyAjI\/AAAAAAAAAJc\/9PotGHMvYu8\/s800\/kisha%20gjithe%20shenjtoret.jpg\" style=\"border-width: 1px; border-style: solid; width: 650px; height: 451px; margin: 10px;\" \/><\/span><\/p>\n<p style=\"text-align: center;\">\n\t<span style=\"color: #000000;\"><img class=\"lazyload\" decoding=\"async\" alt=\"\" src=\"data:image\/gif;base64,R0lGODlhAQABAAAAACH5BAEKAAEALAAAAAABAAEAAAICTAEAOw==\" data-orig-src=\"https:\/\/lh4.googleusercontent.com\/-bBZZPc097vk\/T98GUwuJk-I\/AAAAAAAAAJw\/6zGszteNc6I\/s576\/faqja%2012%20nazaret2i.jpg\" style=\"width: 656px; height: 663px; border-width: 1px; border-style: solid; margin: 10px;\" \/><\/span><\/p>\n","protected":false},"excerpt":{"rendered":"<p>&nbsp;&nbsp;&nbsp; All of us have in our minds the 20-year effort of Archbishop Anastasios to build functional churches and churches close to the believers. And not only in the centers of the cities, but where the believers are. It is intended also in Tirana, with all the difficulties that presents the capital for finding places for this purpose. &nbsp;&nbsp;&nbsp; A large Orthodox community has long<\/p>\n","protected":false},"author":7,"featured_media":0,"comment_status":"open","ping_status":"open","sticky":false,"template":"","format":"standard","meta":{"_acf_changed":false,"pagelayer_contact_templates":[],"_pagelayer_content":"","inline_featured_image":false,"fifu_image_url":"","fifu_image_alt":"","footnotes":""},"categories":[1455,311],"tags":[1137,1233,1768],"class_list":["post-1036","post","type-post","status-publish","format-standard","hentry","category-news-en","category-news-d25","tag-2012-en","tag-declarations-official-announcements","tag-kryepiskopi-anastas-en"],"acf":[],"yoast_head":"<!-- This site is optimized with the Yoast SEO plugin v27.2 - https:\/\/yoast.com\/product\/yoast-seo-wordpress\/ -->\n<title>Opened the Doors the New Church of All Saints. (June 2012) - Kisha Orthodh\u03bfkse Autoqefale e Shqip\u00ebris\u00eb<\/title>\n<meta name=\"robots\" content=\"index, follow, max-snippet:-1, max-image-preview:large, max-video-preview:-1\" \/>\n<link rel=\"canonical\" href=\"https:\/\/orthodoxalbania.org\/2020\/en\/2013\/03\/21\/opened-the-doors-the-new-church-of-all-saints\/\" \/>\n<meta property=\"og:locale\" content=\"en_US\" \/>\n<meta property=\"og:type\" content=\"article\" \/>\n<meta property=\"og:title\" content=\"Opened the Doors the New Church of All Saints. (June 2012) - Kisha Orthodh\u03bfkse Autoqefale e Shqip\u00ebris\u00eb\" \/>\n<meta property=\"og:description\" content=\"&nbsp;&nbsp;&nbsp; All of us have in our minds the 20-year effort of Archbishop Anastasios to build functional churches and churches close to the believers. And not only in the centers of the cities, but where the believers are. It is intended also in Tirana, with all the difficulties that presents the capital for finding places for this purpose. &nbsp;&nbsp;&nbsp; A large Orthodox community has long\" \/>\n<meta property=\"og:url\" content=\"https:\/\/orthodoxalbania.org\/2020\/en\/2013\/03\/21\/opened-the-doors-the-new-church-of-all-saints\/\" \/>\n<meta property=\"og:site_name\" content=\"Kisha Orthodh\u03bfkse Autoqefale e Shqip\u00ebris\u00eb\" \/>\n<meta property=\"article:publisher\" content=\"https:\/\/www.facebook.com\/koash1991\" \/>\n<meta property=\"article:published_time\" content=\"2013-03-21T11:59:19+00:00\" \/>\n<meta property=\"article:modified_time\" content=\"2020-04-12T22:30:59+00:00\" \/>\n<meta property=\"og:image\" content=\"https:\/\/lh5.googleusercontent.com\/-Y5ya7t3-6JY\/T98GNL2ZhuI\/AAAAAAAAAJo\/TOytGuRlGKc\/s720\/faqja%2012%20nazareti.jpg\" \/>\n<meta name=\"author\" content=\"Kisha Orthodhokse\" \/>\n<meta name=\"twitter:card\" content=\"summary_large_image\" \/>\n<meta name=\"twitter:label1\" content=\"Written by\" \/>\n\t<meta name=\"twitter:data1\" content=\"Kisha Orthodhokse\" \/>\n\t<meta name=\"twitter:label2\" content=\"Est. reading time\" \/>\n\t<meta name=\"twitter:data2\" content=\"2 minutes\" \/>\n<script type=\"application\/ld+json\" class=\"yoast-schema-graph\">{\"@context\":\"https:\/\/schema.org\",\"@graph\":[{\"@type\":\"Article\",\"@id\":\"https:\/\/orthodoxalbania.org\/2020\/en\/2013\/03\/21\/opened-the-doors-the-new-church-of-all-saints\/#article\",\"isPartOf\":{\"@id\":\"https:\/\/orthodoxalbania.org\/2020\/en\/2013\/03\/21\/opened-the-doors-the-new-church-of-all-saints\/\"},\"author\":{\"name\":\"Kisha Orthodhokse\",\"@id\":\"https:\/\/orthodoxalbania.org\/2020\/#\/schema\/person\/df745f942b70e045b3dc05a30211f0de\"},\"headline\":\"Opened the Doors the New Church of All Saints. (June 2012)\",\"datePublished\":\"2013-03-21T11:59:19+00:00\",\"dateModified\":\"2020-04-12T22:30:59+00:00\",\"mainEntityOfPage\":{\"@id\":\"https:\/\/orthodoxalbania.org\/2020\/en\/2013\/03\/21\/opened-the-doors-the-new-church-of-all-saints\/\"},\"wordCount\":346,\"commentCount\":0,\"publisher\":{\"@id\":\"https:\/\/orthodoxalbania.org\/2020\/#organization\"},\"image\":{\"@id\":\"https:\/\/orthodoxalbania.org\/2020\/en\/2013\/03\/21\/opened-the-doors-the-new-church-of-all-saints\/#primaryimage\"},\"thumbnailUrl\":\"https:\/\/lh5.googleusercontent.com\/-Y5ya7t3-6JY\/T98GNL2ZhuI\/AAAAAAAAAJo\/TOytGuRlGKc\/s720\/faqja%2012%20nazareti.jpg\",\"keywords\":[\"2012\",\"Declarations - Official Announcements\",\"Kryepiskopi Anastas\"],\"articleSection\":[\"News - \u0395\u039d\",\"News old page\"],\"inLanguage\":\"en-US\"},{\"@type\":\"WebPage\",\"@id\":\"https:\/\/orthodoxalbania.org\/2020\/en\/2013\/03\/21\/opened-the-doors-the-new-church-of-all-saints\/\",\"url\":\"https:\/\/orthodoxalbania.org\/2020\/en\/2013\/03\/21\/opened-the-doors-the-new-church-of-all-saints\/\",\"name\":\"Opened the Doors the New Church of All Saints. (June 2012) - Kisha Orthodh\u03bfkse Autoqefale e Shqip\u00ebris\u00eb\",\"isPartOf\":{\"@id\":\"https:\/\/orthodoxalbania.org\/2020\/#website\"},\"primaryImageOfPage\":{\"@id\":\"https:\/\/orthodoxalbania.org\/2020\/en\/2013\/03\/21\/opened-the-doors-the-new-church-of-all-saints\/#primaryimage\"},\"image\":{\"@id\":\"https:\/\/orthodoxalbania.org\/2020\/en\/2013\/03\/21\/opened-the-doors-the-new-church-of-all-saints\/#primaryimage\"},\"thumbnailUrl\":\"https:\/\/lh5.googleusercontent.com\/-Y5ya7t3-6JY\/T98GNL2ZhuI\/AAAAAAAAAJo\/TOytGuRlGKc\/s720\/faqja%2012%20nazareti.jpg\",\"datePublished\":\"2013-03-21T11:59:19+00:00\",\"dateModified\":\"2020-04-12T22:30:59+00:00\",\"breadcrumb\":{\"@id\":\"https:\/\/orthodoxalbania.org\/2020\/en\/2013\/03\/21\/opened-the-doors-the-new-church-of-all-saints\/#breadcrumb\"},\"inLanguage\":\"en-US\",\"potentialAction\":[{\"@type\":\"ReadAction\",\"target\":[\"https:\/\/orthodoxalbania.org\/2020\/en\/2013\/03\/21\/opened-the-doors-the-new-church-of-all-saints\/\"]}]},{\"@type\":\"ImageObject\",\"inLanguage\":\"en-US\",\"@id\":\"https:\/\/orthodoxalbania.org\/2020\/en\/2013\/03\/21\/opened-the-doors-the-new-church-of-all-saints\/#primaryimage\",\"url\":\"https:\/\/lh5.googleusercontent.com\/-Y5ya7t3-6JY\/T98GNL2ZhuI\/AAAAAAAAAJo\/TOytGuRlGKc\/s720\/faqja%2012%20nazareti.jpg\",\"contentUrl\":\"https:\/\/lh5.googleusercontent.com\/-Y5ya7t3-6JY\/T98GNL2ZhuI\/AAAAAAAAAJo\/TOytGuRlGKc\/s720\/faqja%2012%20nazareti.jpg\"},{\"@type\":\"BreadcrumbList\",\"@id\":\"https:\/\/orthodoxalbania.org\/2020\/en\/2013\/03\/21\/opened-the-doors-the-new-church-of-all-saints\/#breadcrumb\",\"itemListElement\":[{\"@type\":\"ListItem\",\"position\":1,\"name\":\"Home\",\"item\":\"https:\/\/orthodoxalbania.org\/2020\/\"},{\"@type\":\"ListItem\",\"position\":2,\"name\":\"Opened the Doors the New Church of All Saints. (June 2012)\"}]},{\"@type\":\"WebSite\",\"@id\":\"https:\/\/orthodoxalbania.org\/2020\/#website\",\"url\":\"https:\/\/orthodoxalbania.org\/2020\/\",\"name\":\"Kisha Orthodh\u03bfkse Autoqefale e Shqip\u00ebris\u00eb\",\"description\":\"Fqja Zyrtare e Kish\u00ebs Orthodhokse Autoqefale e Shqip\u00ebris\u00eb me lajmet edhe informacionet zyrtare p\u00ebr struktur\u00ebn edhe veprimtarin e saj.\",\"publisher\":{\"@id\":\"https:\/\/orthodoxalbania.org\/2020\/#organization\"},\"potentialAction\":[{\"@type\":\"SearchAction\",\"target\":{\"@type\":\"EntryPoint\",\"urlTemplate\":\"https:\/\/orthodoxalbania.org\/2020\/?s={search_term_string}\"},\"query-input\":{\"@type\":\"PropertyValueSpecification\",\"valueRequired\":true,\"valueName\":\"search_term_string\"}}],\"inLanguage\":\"en-US\"},{\"@type\":\"Organization\",\"@id\":\"https:\/\/orthodoxalbania.org\/2020\/#organization\",\"name\":\"Kisha Orthodhokse Autoqefale e Shqip\u00ebris\u00eb\",\"url\":\"https:\/\/orthodoxalbania.org\/2020\/\",\"logo\":{\"@type\":\"ImageObject\",\"inLanguage\":\"en-US\",\"@id\":\"https:\/\/orthodoxalbania.org\/2020\/#\/schema\/logo\/image\/\",\"url\":\"https:\/\/orthodoxalbania.org\/2020\/wp-content\/uploads\/2020\/05\/albania.jpeg\",\"contentUrl\":\"https:\/\/orthodoxalbania.org\/2020\/wp-content\/uploads\/2020\/05\/albania.jpeg\",\"width\":540,\"height\":540,\"caption\":\"Kisha Orthodhokse Autoqefale e Shqip\u00ebris\u00eb\"},\"image\":{\"@id\":\"https:\/\/orthodoxalbania.org\/2020\/#\/schema\/logo\/image\/\"},\"sameAs\":[\"https:\/\/www.facebook.com\/koash1991\"]},{\"@type\":\"Person\",\"@id\":\"https:\/\/orthodoxalbania.org\/2020\/#\/schema\/person\/df745f942b70e045b3dc05a30211f0de\",\"name\":\"Kisha Orthodhokse\",\"image\":{\"@type\":\"ImageObject\",\"inLanguage\":\"en-US\",\"@id\":\"https:\/\/secure.gravatar.com\/avatar\/2676eb8d97178435c9f691a7871595a1da6c33542dec218bce40885573150e28?s=96&d=mm&r=g\",\"url\":\"https:\/\/secure.gravatar.com\/avatar\/2676eb8d97178435c9f691a7871595a1da6c33542dec218bce40885573150e28?s=96&d=mm&r=g\",\"contentUrl\":\"https:\/\/secure.gravatar.com\/avatar\/2676eb8d97178435c9f691a7871595a1da6c33542dec218bce40885573150e28?s=96&d=mm&r=g\",\"caption\":\"Kisha Orthodhokse\"}}]}<\/script>\n<!-- \/ Yoast SEO plugin. -->","yoast_head_json":{"title":"Opened the Doors the New Church of All Saints. (June 2012) - Kisha Orthodh\u03bfkse Autoqefale e Shqip\u00ebris\u00eb","robots":{"index":"index","follow":"follow","max-snippet":"max-snippet:-1","max-image-preview":"max-image-preview:large","max-video-preview":"max-video-preview:-1"},"canonical":"https:\/\/orthodoxalbania.org\/2020\/en\/2013\/03\/21\/opened-the-doors-the-new-church-of-all-saints\/","og_locale":"en_US","og_type":"article","og_title":"Opened the Doors the New Church of All Saints. (June 2012) - Kisha Orthodh\u03bfkse Autoqefale e Shqip\u00ebris\u00eb","og_description":"&nbsp;&nbsp;&nbsp; All of us have in our minds the 20-year effort of Archbishop Anastasios to build functional churches and churches close to the believers. And not only in the centers of the cities, but where the believers are. It is intended also in Tirana, with all the difficulties that presents the capital for finding places for this purpose. &nbsp;&nbsp;&nbsp; A large Orthodox community has long","og_url":"https:\/\/orthodoxalbania.org\/2020\/en\/2013\/03\/21\/opened-the-doors-the-new-church-of-all-saints\/","og_site_name":"Kisha Orthodh\u03bfkse Autoqefale e Shqip\u00ebris\u00eb","article_publisher":"https:\/\/www.facebook.com\/koash1991","article_published_time":"2013-03-21T11:59:19+00:00","article_modified_time":"2020-04-12T22:30:59+00:00","og_image":[{"url":"https:\/\/lh5.googleusercontent.com\/-Y5ya7t3-6JY\/T98GNL2ZhuI\/AAAAAAAAAJo\/TOytGuRlGKc\/s720\/faqja%2012%20nazareti.jpg","type":"","width":"","height":""}],"author":"Kisha Orthodhokse","twitter_card":"summary_large_image","twitter_misc":{"Written by":"Kisha Orthodhokse","Est. reading time":"2 minutes"},"schema":{"@context":"https:\/\/schema.org","@graph":[{"@type":"Article","@id":"https:\/\/orthodoxalbania.org\/2020\/en\/2013\/03\/21\/opened-the-doors-the-new-church-of-all-saints\/#article","isPartOf":{"@id":"https:\/\/orthodoxalbania.org\/2020\/en\/2013\/03\/21\/opened-the-doors-the-new-church-of-all-saints\/"},"author":{"name":"Kisha Orthodhokse","@id":"https:\/\/orthodoxalbania.org\/2020\/#\/schema\/person\/df745f942b70e045b3dc05a30211f0de"},"headline":"Opened the Doors the New Church of All Saints. (June 2012)","datePublished":"2013-03-21T11:59:19+00:00","dateModified":"2020-04-12T22:30:59+00:00","mainEntityOfPage":{"@id":"https:\/\/orthodoxalbania.org\/2020\/en\/2013\/03\/21\/opened-the-doors-the-new-church-of-all-saints\/"},"wordCount":346,"commentCount":0,"publisher":{"@id":"https:\/\/orthodoxalbania.org\/2020\/#organization"},"image":{"@id":"https:\/\/orthodoxalbania.org\/2020\/en\/2013\/03\/21\/opened-the-doors-the-new-church-of-all-saints\/#primaryimage"},"thumbnailUrl":"https:\/\/lh5.googleusercontent.com\/-Y5ya7t3-6JY\/T98GNL2ZhuI\/AAAAAAAAAJo\/TOytGuRlGKc\/s720\/faqja%2012%20nazareti.jpg","keywords":["2012","Declarations - Official Announcements","Kryepiskopi Anastas"],"articleSection":["News - \u0395\u039d","News old page"],"inLanguage":"en-US"},{"@type":"WebPage","@id":"https:\/\/orthodoxalbania.org\/2020\/en\/2013\/03\/21\/opened-the-doors-the-new-church-of-all-saints\/","url":"https:\/\/orthodoxalbania.org\/2020\/en\/2013\/03\/21\/opened-the-doors-the-new-church-of-all-saints\/","name":"Opened the Doors the New Church of All Saints. (June 2012) - Kisha Orthodh\u03bfkse Autoqefale e Shqip\u00ebris\u00eb","isPartOf":{"@id":"https:\/\/orthodoxalbania.org\/2020\/#website"},"primaryImageOfPage":{"@id":"https:\/\/orthodoxalbania.org\/2020\/en\/2013\/03\/21\/opened-the-doors-the-new-church-of-all-saints\/#primaryimage"},"image":{"@id":"https:\/\/orthodoxalbania.org\/2020\/en\/2013\/03\/21\/opened-the-doors-the-new-church-of-all-saints\/#primaryimage"},"thumbnailUrl":"https:\/\/lh5.googleusercontent.com\/-Y5ya7t3-6JY\/T98GNL2ZhuI\/AAAAAAAAAJo\/TOytGuRlGKc\/s720\/faqja%2012%20nazareti.jpg","datePublished":"2013-03-21T11:59:19+00:00","dateModified":"2020-04-12T22:30:59+00:00","breadcrumb":{"@id":"https:\/\/orthodoxalbania.org\/2020\/en\/2013\/03\/21\/opened-the-doors-the-new-church-of-all-saints\/#breadcrumb"},"inLanguage":"en-US","potentialAction":[{"@type":"ReadAction","target":["https:\/\/orthodoxalbania.org\/2020\/en\/2013\/03\/21\/opened-the-doors-the-new-church-of-all-saints\/"]}]},{"@type":"ImageObject","inLanguage":"en-US","@id":"https:\/\/orthodoxalbania.org\/2020\/en\/2013\/03\/21\/opened-the-doors-the-new-church-of-all-saints\/#primaryimage","url":"https:\/\/lh5.googleusercontent.com\/-Y5ya7t3-6JY\/T98GNL2ZhuI\/AAAAAAAAAJo\/TOytGuRlGKc\/s720\/faqja%2012%20nazareti.jpg","contentUrl":"https:\/\/lh5.googleusercontent.com\/-Y5ya7t3-6JY\/T98GNL2ZhuI\/AAAAAAAAAJo\/TOytGuRlGKc\/s720\/faqja%2012%20nazareti.jpg"},{"@type":"BreadcrumbList","@id":"https:\/\/orthodoxalbania.org\/2020\/en\/2013\/03\/21\/opened-the-doors-the-new-church-of-all-saints\/#breadcrumb","itemListElement":[{"@type":"ListItem","position":1,"name":"Home","item":"https:\/\/orthodoxalbania.org\/2020\/"},{"@type":"ListItem","position":2,"name":"Opened the Doors the New Church of All Saints. (June 2012)"}]},{"@type":"WebSite","@id":"https:\/\/orthodoxalbania.org\/2020\/#website","url":"https:\/\/orthodoxalbania.org\/2020\/","name":"Kisha Orthodh\u03bfkse Autoqefale e Shqip\u00ebris\u00eb","description":"Fqja Zyrtare e Kish\u00ebs Orthodhokse Autoqefale e Shqip\u00ebris\u00eb me lajmet edhe informacionet zyrtare p\u00ebr struktur\u00ebn edhe veprimtarin e saj.","publisher":{"@id":"https:\/\/orthodoxalbania.org\/2020\/#organization"},"potentialAction":[{"@type":"SearchAction","target":{"@type":"EntryPoint","urlTemplate":"https:\/\/orthodoxalbania.org\/2020\/?s={search_term_string}"},"query-input":{"@type":"PropertyValueSpecification","valueRequired":true,"valueName":"search_term_string"}}],"inLanguage":"en-US"},{"@type":"Organization","@id":"https:\/\/orthodoxalbania.org\/2020\/#organization","name":"Kisha Orthodhokse Autoqefale e Shqip\u00ebris\u00eb","url":"https:\/\/orthodoxalbania.org\/2020\/","logo":{"@type":"ImageObject","inLanguage":"en-US","@id":"https:\/\/orthodoxalbania.org\/2020\/#\/schema\/logo\/image\/","url":"https:\/\/orthodoxalbania.org\/2020\/wp-content\/uploads\/2020\/05\/albania.jpeg","contentUrl":"https:\/\/orthodoxalbania.org\/2020\/wp-content\/uploads\/2020\/05\/albania.jpeg","width":540,"height":540,"caption":"Kisha Orthodhokse Autoqefale e Shqip\u00ebris\u00eb"},"image":{"@id":"https:\/\/orthodoxalbania.org\/2020\/#\/schema\/logo\/image\/"},"sameAs":["https:\/\/www.facebook.com\/koash1991"]},{"@type":"Person","@id":"https:\/\/orthodoxalbania.org\/2020\/#\/schema\/person\/df745f942b70e045b3dc05a30211f0de","name":"Kisha Orthodhokse","image":{"@type":"ImageObject","inLanguage":"en-US","@id":"https:\/\/secure.gravatar.com\/avatar\/2676eb8d97178435c9f691a7871595a1da6c33542dec218bce40885573150e28?s=96&d=mm&r=g","url":"https:\/\/secure.gravatar.com\/avatar\/2676eb8d97178435c9f691a7871595a1da6c33542dec218bce40885573150e28?s=96&d=mm&r=g","contentUrl":"https:\/\/secure.gravatar.com\/avatar\/2676eb8d97178435c9f691a7871595a1da6c33542dec218bce40885573150e28?s=96&d=mm&r=g","caption":"Kisha Orthodhokse"}}]}},"_links":{"self":[{"href":"https:\/\/orthodoxalbania.org\/2020\/wp-json\/wp\/v2\/posts\/1036","targetHints":{"allow":["GET"]}}],"collection":[{"href":"https:\/\/orthodoxalbania.org\/2020\/wp-json\/wp\/v2\/posts"}],"about":[{"href":"https:\/\/orthodoxalbania.org\/2020\/wp-json\/wp\/v2\/types\/post"}],"author":[{"embeddable":true,"href":"https:\/\/orthodoxalbania.org\/2020\/wp-json\/wp\/v2\/users\/7"}],"replies":[{"embeddable":true,"href":"https:\/\/orthodoxalbania.org\/2020\/wp-json\/wp\/v2\/comments?post=1036"}],"version-history":[{"count":1,"href":"https:\/\/orthodoxalbania.org\/2020\/wp-json\/wp\/v2\/posts\/1036\/revisions"}],"predecessor-version":[{"id":17740,"href":"https:\/\/orthodoxalbania.org\/2020\/wp-json\/wp\/v2\/posts\/1036\/revisions\/17740"}],"wp:attachment":[{"href":"https:\/\/orthodoxalbania.org\/2020\/wp-json\/wp\/v2\/media?parent=1036"}],"wp:term":[{"taxonomy":"category","embeddable":true,"href":"https:\/\/orthodoxalbania.org\/2020\/wp-json\/wp\/v2\/categories?post=1036"},{"taxonomy":"post_tag","embeddable":true,"href":"https:\/\/orthodoxalbania.org\/2020\/wp-json\/wp\/v2\/tags?post=1036"}],"curies":[{"name":"wp","href":"https:\/\/api.w.org\/{rel}","templated":true}]}}