{"id":1029,"date":"2013-03-20T13:14:18","date_gmt":"2013-03-20T13:14:18","guid":{"rendered":""},"modified":"2020-04-06T22:32:15","modified_gmt":"2020-04-06T20:32:15","slug":"nxenesit-e-shkolles-protagonistet-festojne-ardhjen-e-krishtlindjes","status":"publish","type":"post","link":"https:\/\/orthodoxalbania.org\/2020\/2013\/03\/20\/nxenesit-e-shkolles-protagonistet-festojne-ardhjen-e-krishtlindjes\/","title":{"rendered":"Nx\u00ebn\u00ebsit e shkoll\u00ebs \u201cProtagonist\u00ebt\u201d festojn\u00eb ardhjen e Krishtlindjes. (20 Dhjetor 2010)"},"content":{"rendered":"<div class=\"style10\" style=\"text-align: justify;\">\n\t<span style=\"color:#000000;\"><img decoding=\"async\" class=\"lazyload HAa Eha\" src=\"data:image\/gif;base64,R0lGODlhAQABAAAAACH5BAEKAAEALAAAAAABAAEAAAICTAEAOw==\" data-orig-src=\"https:\/\/lh5.googleusercontent.com\/-T499ZHl5OkI\/VAAjChT2KII\/AAAAAAAABvc\/S-oYyZeO_q0\/w600-h337-no\/1%2B-%2Bfemijet_600x337.jpg\" style=\"height: 167px; width: 297px; border-width: 1px; border-style: solid; margin: 10px; float: left;\" \/><span style=\"font-family: tahoma,geneva,sans-serif;\"><span style=\"font-size: 12px;\"> &nbsp;&nbsp; Tradita e aktiviteteve n\u00eb prag t\u00eb Krishtlindjes frym\u00ebzoi si \u00e7do vit nx\u00ebn\u00ebsit dhe m\u00ebsuesit e shkoll\u00ebs fillore 9-vje\u00e7are shqiptaro-amerikane \u201cProtagonist\u00ebt\u201d. Ata u shfaq\u00ebn t\u00eb mirorganizuar, duke shprehur me devocion talentin e tyre p\u00ebrgjat\u00eb dy dit\u00ebve festive. Paraditen e 20 dhjetorit ishin f\u00ebmij\u00ebt e klasave fillore (I-IV), t\u00eb cil\u00ebt shfaq\u00ebn programin e tyre t\u00eb p\u00ebrgatitur me p\u00ebrkushtim, nd\u00ebrsa dit\u00ebn tjet\u00ebr, n\u00eb prani edhe t\u00eb Kryepiskopit Anastas, ishin nx\u00ebn\u00ebsit e klasave V-IX q\u00eb me zell e entuziaz\u00ebm paraqit\u00ebn k\u00ebng\u00ebt, vallet, vjershat dhe krijimet e tyre p\u00ebr festat e fundvitit.<\/span><\/span><\/span><\/div>\n<div class=\"style10\" style=\"text-align: justify;\">\n\t<br \/>\n\t<span style=\"color:#000000;\"><span style=\"font-family: tahoma,geneva,sans-serif;\"><span style=\"font-size: 12px;\">&nbsp; &nbsp; N\u00eb k\u00ebt\u00eb atmosfer\u00eb, si gjithmon\u00eb p\u00ebrgatitja e par\u00eb \u00ebsht\u00eb ajo e zbukurimit t\u00eb ambientit. Q\u00eb n\u00eb hyrje t\u00eb sall\u00ebs s\u00eb aktiviteteve n\u00eb ambjentet e shkoll\u00ebs vihej re urimi \u201cG\u00ebzuar Krishtlindjet\u201d. Por nx\u00ebn\u00ebsit ishin zbukuruar <img decoding=\"async\" class=\"lazyload HAa Eha\" src=\"data:image\/gif;base64,R0lGODlhAQABAAAAACH5BAEKAAEALAAAAAABAAEAAAICTAEAOw==\" data-orig-src=\"https:\/\/lh6.googleusercontent.com\/-LxFQOEMulsY\/VAAjC5E8fLI\/AAAAAAAABu8\/lOvI8DizEow\/w600-h337-no\/2%2B-%2Bfemijet_600x337.jpg\" style=\"height: 150px; width: 267px; border-width: 1px; border-style: solid; margin: 10px; float: right;\" \/>edhe m\u00eb shum\u00eb, duke u stolisur enkas p\u00ebr k\u00ebt\u00eb program. Dritat e bukura shum\u00ebngjyr\u00ebshe q\u00eb shprehin madh\u00ebshtin\u00eb e k\u00ebtyre festave, shoq\u00ebruar me pankart\u00ebn \u201cJa Krishti lind, lavd\u00ebrojeni\u201d ishin skena dhe mesazhi kryesor q\u00eb sh\u00ebrbenin si preludi m\u00eb i bukur i Krishtlindjeve. Programi nisi me p\u00ebrcjelljen e mesazheve nga ana e f\u00ebmij\u00ebve si p\u00ebr t\u2019i lajm\u00ebruar njer\u00ebzit se po afron Lindja e Shp\u00ebtimtarit dhe t\u00eb gjith\u00eb duhet t\u00eb b\u00ebhen gati. N\u00eb vazhdim, nx\u00ebn\u00ebsit e k\u00ebsaj shkolle k\u00ebnduan k\u00ebng\u00eb, recituan poezi, luajt\u00ebn n\u00eb piano jo vet\u00ebm n\u00eb shqip, por edhe n\u00eb anglisht dhe greqisht, duke shprehur nj\u00ebkoh\u00ebsisht edhe talentet e tyre n\u00eb fusha t\u00eb ndryshme.<\/span><\/span><\/span><\/div>\n<div class=\"style10\" style=\"text-align: justify;\">\n\t<br \/>\n\t<span style=\"color:#000000;\"><span style=\"font-family: tahoma,geneva,sans-serif;\"><span style=\"font-size: 12px;\">&nbsp;&nbsp;&nbsp; Aktiviteti u shoq\u00ebrua nga prezenca e shum\u00eb prind\u00ebrve, miqve dhe dashamir\u00ebsve t\u00eb shumt\u00eb, t\u00eb cil\u00ebt i duartrokit\u00ebn me k\u00ebrsh\u00ebri dhe i uruan p\u00ebrzem\u00ebrsisht f\u00ebmij\u00ebt e qeshur dhe t\u00eb emocionuar.<\/span><\/span><\/span><\/div>\n<div align=\"right\" class=\"style10\">\n\t&nbsp;<\/div>\n<div align=\"right\" class=\"style10\">\n\t<span style=\"color:#000000;\"><strong>I.Koti<\/strong><\/span><\/div>\n<table align=\"center\" border=\"0\" width=\"750\">\n<tbody>\n<tr>\n<td>\n<div>\n\t\t\t\t\t<span style=\"color:#000000;\"><img decoding=\"async\" class=\"lazyload HAa Eha\" src=\"data:image\/gif;base64,R0lGODlhAQABAAAAACH5BAEKAAEALAAAAAABAAEAAAICTAEAOw==\" data-orig-src=\"https:\/\/lh5.googleusercontent.com\/-QEXLXiiVsFc\/VAAjC_IZJ3I\/AAAAAAAABvY\/h5HgwrciSws\/w600-h337-no\/3%2B-%2Bfemijet_600x337.jpg\" style=\"height: 194px; width: 345px; border-width: 1px; border-style: solid; margin: 10px;\" \/><\/span><\/div>\n<\/td>\n<td>\n<div>\n\t\t\t\t\t<span style=\"color:#000000;\"><img decoding=\"async\" class=\"lazyload HAa Eha\" src=\"data:image\/gif;base64,R0lGODlhAQABAAAAACH5BAEKAAEALAAAAAABAAEAAAICTAEAOw==\" data-orig-src=\"https:\/\/lh6.googleusercontent.com\/-I95KHgRx-A0\/VAAjDu3FdDI\/AAAAAAAABvg\/DzBWG1F1OAE\/w600-h337-no\/4%2Bfemijet_600x337.jpg\" style=\"height: 194px; width: 345px; border-width: 1px; border-style: solid; margin: 10px;\" \/><\/span><\/div>\n<\/td>\n<\/tr>\n<tr>\n<td>\n<div>\n\t\t\t\t\t<span style=\"color:#000000;\"><img decoding=\"async\" class=\"lazyload HAa Eha\" src=\"data:image\/gif;base64,R0lGODlhAQABAAAAACH5BAEKAAEALAAAAAABAAEAAAICTAEAOw==\" data-orig-src=\"https:\/\/lh6.googleusercontent.com\/-tY--u4-ev3g\/VAAjDmizS1I\/AAAAAAAABvI\/6-D6_XACAhM\/w600-h337-no\/5%2B-%2Bfemijet_600x337.jpg\" style=\"height: 194px; width: 345px; border-width: 1px; border-style: solid; margin: 10px;\" \/><\/span><\/div>\n<\/td>\n<td>\n<div>\n\t\t\t\t\t<span style=\"color:#000000;\"><img decoding=\"async\" class=\"lazyload HAa Eha\" src=\"data:image\/gif;base64,R0lGODlhAQABAAAAACH5BAEKAAEALAAAAAABAAEAAAICTAEAOw==\" data-orig-src=\"https:\/\/lh4.googleusercontent.com\/-6guZdO-VMCs\/VAAjD0eKIlI\/AAAAAAAABvQ\/bfJpmTQWa9Q\/w600-h337-no\/6%2Bfemijet_600x337.jpg\" style=\"height: 194px; width: 345px; border-width: 1px; border-style: solid; margin: 10px;\" \/><\/span><\/div>\n<\/td>\n<\/tr>\n<tr>\n<td>\n<div>\n\t\t\t\t\t<span style=\"color:#000000;\"><img decoding=\"async\" class=\"lazyload HAa Eha\" src=\"data:image\/gif;base64,R0lGODlhAQABAAAAACH5BAEKAAEALAAAAAABAAEAAAICTAEAOw==\" data-orig-src=\"https:\/\/lh6.googleusercontent.com\/-cRnN1j_BZ4o\/VAAjEELJDUI\/AAAAAAAABvM\/WZuG6FZyNt0\/w600-h337-no\/8%2B-%2Bfemijet_600x337.jpg\" style=\"height: 194px; width: 345px; border-width: 1px; border-style: solid; margin: 10px;\" \/><\/span><\/div>\n<\/td>\n<td>\n<div>\n\t\t\t\t\t&nbsp;<\/div>\n<\/td>\n<\/tr>\n<\/tbody>\n<\/table>\n<div>\n\t&nbsp;<\/div>\n","protected":false},"excerpt":{"rendered":"<p>&nbsp;&nbsp; Tradita e aktiviteteve n\u00eb prag t\u00eb Krishtlindjes frym\u00ebzoi si \u00e7do vit nx\u00ebn\u00ebsit dhe m\u00ebsuesit e shkoll\u00ebs fillore 9-vje\u00e7are shqiptaro-amerikane \u201cProtagonist\u00ebt\u201d. Ata u shfaq\u00ebn t\u00eb mirorganizuar, duke shprehur me devocion talentin e tyre p\u00ebrgjat\u00eb dy dit\u00ebve festive. Paraditen e 20 dhjetorit ishin f\u00ebmij\u00ebt e klasave fillore (I-IV), t\u00eb cil\u00ebt shfaq\u00ebn programin e tyre t\u00eb p\u00ebrgatitur me p\u00ebrkushtim, nd\u00ebrsa dit\u00ebn tjet\u00ebr, n\u00eb prani edhe t\u00eb Kryepiskopit<\/p>\n","protected":false},"author":1,"featured_media":0,"comment_status":"open","ping_status":"open","sticky":false,"template":"","format":"standard","meta":{"_acf_changed":false,"pagelayer_contact_templates":[],"_pagelayer_content":"","inline_featured_image":false,"fifu_image_url":"","fifu_image_alt":"","footnotes":""},"categories":[108],"tags":[144,175,192,196,201,212],"class_list":["post-1029","post","type-post","status-publish","format-standard","hentry","category-lajme","tag-144","tag-institucione-parashkollore-te-kishes-orthodhokse","tag-krishtlindje","tag-tirane","tag-kryepiskopi-anastas","tag-lajme-d27"],"acf":[],"yoast_head":"<!-- This site is optimized with the Yoast SEO plugin v27.2 - https:\/\/yoast.com\/product\/yoast-seo-wordpress\/ -->\n<title>Nx\u00ebn\u00ebsit e shkoll\u00ebs \u201cProtagonist\u00ebt\u201d festojn\u00eb ardhjen e Krishtlindjes. (20 Dhjetor 2010) - Kisha Orthodh\u03bfkse Autoqefale e Shqip\u00ebris\u00eb<\/title>\n<meta name=\"robots\" content=\"index, follow, max-snippet:-1, max-image-preview:large, max-video-preview:-1\" \/>\n<link rel=\"canonical\" href=\"https:\/\/orthodoxalbania.org\/2020\/2013\/03\/20\/nxenesit-e-shkolles-protagonistet-festojne-ardhjen-e-krishtlindjes\/\" \/>\n<meta property=\"og:locale\" content=\"en_US\" \/>\n<meta property=\"og:type\" content=\"article\" \/>\n<meta property=\"og:title\" content=\"Nx\u00ebn\u00ebsit e shkoll\u00ebs \u201cProtagonist\u00ebt\u201d festojn\u00eb ardhjen e Krishtlindjes. (20 Dhjetor 2010) - Kisha Orthodh\u03bfkse Autoqefale e Shqip\u00ebris\u00eb\" \/>\n<meta property=\"og:description\" content=\"&nbsp;&nbsp; Tradita e aktiviteteve n\u00eb prag t\u00eb Krishtlindjes frym\u00ebzoi si \u00e7do vit nx\u00ebn\u00ebsit dhe m\u00ebsuesit e shkoll\u00ebs fillore 9-vje\u00e7are shqiptaro-amerikane \u201cProtagonist\u00ebt\u201d. Ata u shfaq\u00ebn t\u00eb mirorganizuar, duke shprehur me devocion talentin e tyre p\u00ebrgjat\u00eb dy dit\u00ebve festive. Paraditen e 20 dhjetorit ishin f\u00ebmij\u00ebt e klasave fillore (I-IV), t\u00eb cil\u00ebt shfaq\u00ebn programin e tyre t\u00eb p\u00ebrgatitur me p\u00ebrkushtim, nd\u00ebrsa dit\u00ebn tjet\u00ebr, n\u00eb prani edhe t\u00eb Kryepiskopit\" \/>\n<meta property=\"og:url\" content=\"https:\/\/orthodoxalbania.org\/2020\/2013\/03\/20\/nxenesit-e-shkolles-protagonistet-festojne-ardhjen-e-krishtlindjes\/\" \/>\n<meta property=\"og:site_name\" content=\"Kisha Orthodh\u03bfkse Autoqefale e Shqip\u00ebris\u00eb\" \/>\n<meta property=\"article:publisher\" content=\"https:\/\/www.facebook.com\/koash1991\" \/>\n<meta property=\"article:published_time\" content=\"2013-03-20T13:14:18+00:00\" \/>\n<meta property=\"article:modified_time\" content=\"2020-04-06T20:32:15+00:00\" \/>\n<meta property=\"og:image\" content=\"https:\/\/lh5.googleusercontent.com\/-T499ZHl5OkI\/VAAjChT2KII\/AAAAAAAABvc\/S-oYyZeO_q0\/w600-h337-no\/1%2B-%2Bfemijet_600x337.jpg\" \/>\n<meta name=\"author\" content=\"Kisha Orthodhokse\" \/>\n<meta name=\"twitter:card\" content=\"summary_large_image\" \/>\n<meta name=\"twitter:label1\" content=\"Written by\" \/>\n\t<meta name=\"twitter:data1\" content=\"Kisha Orthodhokse\" \/>\n\t<meta name=\"twitter:label2\" content=\"Est. reading time\" \/>\n\t<meta name=\"twitter:data2\" content=\"2 minutes\" \/>\n<script type=\"application\/ld+json\" class=\"yoast-schema-graph\">{\"@context\":\"https:\/\/schema.org\",\"@graph\":[{\"@type\":\"Article\",\"@id\":\"https:\/\/orthodoxalbania.org\/2020\/2013\/03\/20\/nxenesit-e-shkolles-protagonistet-festojne-ardhjen-e-krishtlindjes\/#article\",\"isPartOf\":{\"@id\":\"https:\/\/orthodoxalbania.org\/2020\/2013\/03\/20\/nxenesit-e-shkolles-protagonistet-festojne-ardhjen-e-krishtlindjes\/\"},\"author\":{\"name\":\"Kisha Orthodhokse\",\"@id\":\"https:\/\/orthodoxalbania.org\/2020\/#\/schema\/person\/0c387634a7063ac612d7ed9ce71c7e86\"},\"headline\":\"Nx\u00ebn\u00ebsit e shkoll\u00ebs \u201cProtagonist\u00ebt\u201d festojn\u00eb ardhjen e Krishtlindjes. (20 Dhjetor 2010)\",\"datePublished\":\"2013-03-20T13:14:18+00:00\",\"dateModified\":\"2020-04-06T20:32:15+00:00\",\"mainEntityOfPage\":{\"@id\":\"https:\/\/orthodoxalbania.org\/2020\/2013\/03\/20\/nxenesit-e-shkolles-protagonistet-festojne-ardhjen-e-krishtlindjes\/\"},\"wordCount\":349,\"commentCount\":0,\"publisher\":{\"@id\":\"https:\/\/orthodoxalbania.org\/2020\/#organization\"},\"image\":{\"@id\":\"https:\/\/orthodoxalbania.org\/2020\/2013\/03\/20\/nxenesit-e-shkolles-protagonistet-festojne-ardhjen-e-krishtlindjes\/#primaryimage\"},\"thumbnailUrl\":\"https:\/\/lh5.googleusercontent.com\/-T499ZHl5OkI\/VAAjChT2KII\/AAAAAAAABvc\/S-oYyZeO_q0\/w600-h337-no\/1%2B-%2Bfemijet_600x337.jpg\",\"keywords\":[\"2010\",\"Institucione Parashkollore t\u00eb Kish\u00ebs Orthodhokse\",\"Krishtlindje\",\"Kryepiskopata Tiran\u00eb\",\"Kryepiskopi Anastas\",\"lajme\"],\"articleSection\":[\"Lajme\"],\"inLanguage\":\"en-US\"},{\"@type\":\"WebPage\",\"@id\":\"https:\/\/orthodoxalbania.org\/2020\/2013\/03\/20\/nxenesit-e-shkolles-protagonistet-festojne-ardhjen-e-krishtlindjes\/\",\"url\":\"https:\/\/orthodoxalbania.org\/2020\/2013\/03\/20\/nxenesit-e-shkolles-protagonistet-festojne-ardhjen-e-krishtlindjes\/\",\"name\":\"Nx\u00ebn\u00ebsit e shkoll\u00ebs \u201cProtagonist\u00ebt\u201d festojn\u00eb ardhjen e Krishtlindjes. (20 Dhjetor 2010) - Kisha Orthodh\u03bfkse Autoqefale e Shqip\u00ebris\u00eb\",\"isPartOf\":{\"@id\":\"https:\/\/orthodoxalbania.org\/2020\/#website\"},\"primaryImageOfPage\":{\"@id\":\"https:\/\/orthodoxalbania.org\/2020\/2013\/03\/20\/nxenesit-e-shkolles-protagonistet-festojne-ardhjen-e-krishtlindjes\/#primaryimage\"},\"image\":{\"@id\":\"https:\/\/orthodoxalbania.org\/2020\/2013\/03\/20\/nxenesit-e-shkolles-protagonistet-festojne-ardhjen-e-krishtlindjes\/#primaryimage\"},\"thumbnailUrl\":\"https:\/\/lh5.googleusercontent.com\/-T499ZHl5OkI\/VAAjChT2KII\/AAAAAAAABvc\/S-oYyZeO_q0\/w600-h337-no\/1%2B-%2Bfemijet_600x337.jpg\",\"datePublished\":\"2013-03-20T13:14:18+00:00\",\"dateModified\":\"2020-04-06T20:32:15+00:00\",\"breadcrumb\":{\"@id\":\"https:\/\/orthodoxalbania.org\/2020\/2013\/03\/20\/nxenesit-e-shkolles-protagonistet-festojne-ardhjen-e-krishtlindjes\/#breadcrumb\"},\"inLanguage\":\"en-US\",\"potentialAction\":[{\"@type\":\"ReadAction\",\"target\":[\"https:\/\/orthodoxalbania.org\/2020\/2013\/03\/20\/nxenesit-e-shkolles-protagonistet-festojne-ardhjen-e-krishtlindjes\/\"]}]},{\"@type\":\"ImageObject\",\"inLanguage\":\"en-US\",\"@id\":\"https:\/\/orthodoxalbania.org\/2020\/2013\/03\/20\/nxenesit-e-shkolles-protagonistet-festojne-ardhjen-e-krishtlindjes\/#primaryimage\",\"url\":\"https:\/\/lh5.googleusercontent.com\/-T499ZHl5OkI\/VAAjChT2KII\/AAAAAAAABvc\/S-oYyZeO_q0\/w600-h337-no\/1%2B-%2Bfemijet_600x337.jpg\",\"contentUrl\":\"https:\/\/lh5.googleusercontent.com\/-T499ZHl5OkI\/VAAjChT2KII\/AAAAAAAABvc\/S-oYyZeO_q0\/w600-h337-no\/1%2B-%2Bfemijet_600x337.jpg\"},{\"@type\":\"BreadcrumbList\",\"@id\":\"https:\/\/orthodoxalbania.org\/2020\/2013\/03\/20\/nxenesit-e-shkolles-protagonistet-festojne-ardhjen-e-krishtlindjes\/#breadcrumb\",\"itemListElement\":[{\"@type\":\"ListItem\",\"position\":1,\"name\":\"Home\",\"item\":\"https:\/\/orthodoxalbania.org\/2020\/\"},{\"@type\":\"ListItem\",\"position\":2,\"name\":\"Nx\u00ebn\u00ebsit e shkoll\u00ebs \u201cProtagonist\u00ebt\u201d festojn\u00eb ardhjen e Krishtlindjes. (20 Dhjetor 2010)\"}]},{\"@type\":\"WebSite\",\"@id\":\"https:\/\/orthodoxalbania.org\/2020\/#website\",\"url\":\"https:\/\/orthodoxalbania.org\/2020\/\",\"name\":\"Kisha Orthodh\u03bfkse Autoqefale e Shqip\u00ebris\u00eb\",\"description\":\"Fqja Zyrtare e Kish\u00ebs Orthodhokse Autoqefale e Shqip\u00ebris\u00eb me lajmet edhe informacionet zyrtare p\u00ebr struktur\u00ebn edhe veprimtarin e saj.\",\"publisher\":{\"@id\":\"https:\/\/orthodoxalbania.org\/2020\/#organization\"},\"potentialAction\":[{\"@type\":\"SearchAction\",\"target\":{\"@type\":\"EntryPoint\",\"urlTemplate\":\"https:\/\/orthodoxalbania.org\/2020\/?s={search_term_string}\"},\"query-input\":{\"@type\":\"PropertyValueSpecification\",\"valueRequired\":true,\"valueName\":\"search_term_string\"}}],\"inLanguage\":\"en-US\"},{\"@type\":\"Organization\",\"@id\":\"https:\/\/orthodoxalbania.org\/2020\/#organization\",\"name\":\"Kisha Orthodhokse Autoqefale e Shqip\u00ebris\u00eb\",\"url\":\"https:\/\/orthodoxalbania.org\/2020\/\",\"logo\":{\"@type\":\"ImageObject\",\"inLanguage\":\"en-US\",\"@id\":\"https:\/\/orthodoxalbania.org\/2020\/#\/schema\/logo\/image\/\",\"url\":\"https:\/\/orthodoxalbania.org\/2020\/wp-content\/uploads\/2020\/05\/albania.jpeg\",\"contentUrl\":\"https:\/\/orthodoxalbania.org\/2020\/wp-content\/uploads\/2020\/05\/albania.jpeg\",\"width\":540,\"height\":540,\"caption\":\"Kisha Orthodhokse Autoqefale e Shqip\u00ebris\u00eb\"},\"image\":{\"@id\":\"https:\/\/orthodoxalbania.org\/2020\/#\/schema\/logo\/image\/\"},\"sameAs\":[\"https:\/\/www.facebook.com\/koash1991\"]},{\"@type\":\"Person\",\"@id\":\"https:\/\/orthodoxalbania.org\/2020\/#\/schema\/person\/0c387634a7063ac612d7ed9ce71c7e86\",\"name\":\"Kisha Orthodhokse\",\"image\":{\"@type\":\"ImageObject\",\"inLanguage\":\"en-US\",\"@id\":\"https:\/\/secure.gravatar.com\/avatar\/596e7c417251e30f2fbb9c00e026fce61a695a00e51c889caded71c96cbbdde5?s=96&d=mm&r=g\",\"url\":\"https:\/\/secure.gravatar.com\/avatar\/596e7c417251e30f2fbb9c00e026fce61a695a00e51c889caded71c96cbbdde5?s=96&d=mm&r=g\",\"contentUrl\":\"https:\/\/secure.gravatar.com\/avatar\/596e7c417251e30f2fbb9c00e026fce61a695a00e51c889caded71c96cbbdde5?s=96&d=mm&r=g\",\"caption\":\"Kisha Orthodhokse\"}}]}<\/script>\n<!-- \/ Yoast SEO plugin. -->","yoast_head_json":{"title":"Nx\u00ebn\u00ebsit e shkoll\u00ebs \u201cProtagonist\u00ebt\u201d festojn\u00eb ardhjen e Krishtlindjes. (20 Dhjetor 2010) - Kisha Orthodh\u03bfkse Autoqefale e Shqip\u00ebris\u00eb","robots":{"index":"index","follow":"follow","max-snippet":"max-snippet:-1","max-image-preview":"max-image-preview:large","max-video-preview":"max-video-preview:-1"},"canonical":"https:\/\/orthodoxalbania.org\/2020\/2013\/03\/20\/nxenesit-e-shkolles-protagonistet-festojne-ardhjen-e-krishtlindjes\/","og_locale":"en_US","og_type":"article","og_title":"Nx\u00ebn\u00ebsit e shkoll\u00ebs \u201cProtagonist\u00ebt\u201d festojn\u00eb ardhjen e Krishtlindjes. (20 Dhjetor 2010) - Kisha Orthodh\u03bfkse Autoqefale e Shqip\u00ebris\u00eb","og_description":"&nbsp;&nbsp; Tradita e aktiviteteve n\u00eb prag t\u00eb Krishtlindjes frym\u00ebzoi si \u00e7do vit nx\u00ebn\u00ebsit dhe m\u00ebsuesit e shkoll\u00ebs fillore 9-vje\u00e7are shqiptaro-amerikane \u201cProtagonist\u00ebt\u201d. Ata u shfaq\u00ebn t\u00eb mirorganizuar, duke shprehur me devocion talentin e tyre p\u00ebrgjat\u00eb dy dit\u00ebve festive. Paraditen e 20 dhjetorit ishin f\u00ebmij\u00ebt e klasave fillore (I-IV), t\u00eb cil\u00ebt shfaq\u00ebn programin e tyre t\u00eb p\u00ebrgatitur me p\u00ebrkushtim, nd\u00ebrsa dit\u00ebn tjet\u00ebr, n\u00eb prani edhe t\u00eb Kryepiskopit","og_url":"https:\/\/orthodoxalbania.org\/2020\/2013\/03\/20\/nxenesit-e-shkolles-protagonistet-festojne-ardhjen-e-krishtlindjes\/","og_site_name":"Kisha Orthodh\u03bfkse Autoqefale e Shqip\u00ebris\u00eb","article_publisher":"https:\/\/www.facebook.com\/koash1991","article_published_time":"2013-03-20T13:14:18+00:00","article_modified_time":"2020-04-06T20:32:15+00:00","og_image":[{"url":"https:\/\/lh5.googleusercontent.com\/-T499ZHl5OkI\/VAAjChT2KII\/AAAAAAAABvc\/S-oYyZeO_q0\/w600-h337-no\/1%2B-%2Bfemijet_600x337.jpg","type":"","width":"","height":""}],"author":"Kisha Orthodhokse","twitter_card":"summary_large_image","twitter_misc":{"Written by":"Kisha Orthodhokse","Est. reading time":"2 minutes"},"schema":{"@context":"https:\/\/schema.org","@graph":[{"@type":"Article","@id":"https:\/\/orthodoxalbania.org\/2020\/2013\/03\/20\/nxenesit-e-shkolles-protagonistet-festojne-ardhjen-e-krishtlindjes\/#article","isPartOf":{"@id":"https:\/\/orthodoxalbania.org\/2020\/2013\/03\/20\/nxenesit-e-shkolles-protagonistet-festojne-ardhjen-e-krishtlindjes\/"},"author":{"name":"Kisha Orthodhokse","@id":"https:\/\/orthodoxalbania.org\/2020\/#\/schema\/person\/0c387634a7063ac612d7ed9ce71c7e86"},"headline":"Nx\u00ebn\u00ebsit e shkoll\u00ebs \u201cProtagonist\u00ebt\u201d festojn\u00eb ardhjen e Krishtlindjes. (20 Dhjetor 2010)","datePublished":"2013-03-20T13:14:18+00:00","dateModified":"2020-04-06T20:32:15+00:00","mainEntityOfPage":{"@id":"https:\/\/orthodoxalbania.org\/2020\/2013\/03\/20\/nxenesit-e-shkolles-protagonistet-festojne-ardhjen-e-krishtlindjes\/"},"wordCount":349,"commentCount":0,"publisher":{"@id":"https:\/\/orthodoxalbania.org\/2020\/#organization"},"image":{"@id":"https:\/\/orthodoxalbania.org\/2020\/2013\/03\/20\/nxenesit-e-shkolles-protagonistet-festojne-ardhjen-e-krishtlindjes\/#primaryimage"},"thumbnailUrl":"https:\/\/lh5.googleusercontent.com\/-T499ZHl5OkI\/VAAjChT2KII\/AAAAAAAABvc\/S-oYyZeO_q0\/w600-h337-no\/1%2B-%2Bfemijet_600x337.jpg","keywords":["2010","Institucione Parashkollore t\u00eb Kish\u00ebs Orthodhokse","Krishtlindje","Kryepiskopata Tiran\u00eb","Kryepiskopi Anastas","lajme"],"articleSection":["Lajme"],"inLanguage":"en-US"},{"@type":"WebPage","@id":"https:\/\/orthodoxalbania.org\/2020\/2013\/03\/20\/nxenesit-e-shkolles-protagonistet-festojne-ardhjen-e-krishtlindjes\/","url":"https:\/\/orthodoxalbania.org\/2020\/2013\/03\/20\/nxenesit-e-shkolles-protagonistet-festojne-ardhjen-e-krishtlindjes\/","name":"Nx\u00ebn\u00ebsit e shkoll\u00ebs \u201cProtagonist\u00ebt\u201d festojn\u00eb ardhjen e Krishtlindjes. (20 Dhjetor 2010) - Kisha Orthodh\u03bfkse Autoqefale e Shqip\u00ebris\u00eb","isPartOf":{"@id":"https:\/\/orthodoxalbania.org\/2020\/#website"},"primaryImageOfPage":{"@id":"https:\/\/orthodoxalbania.org\/2020\/2013\/03\/20\/nxenesit-e-shkolles-protagonistet-festojne-ardhjen-e-krishtlindjes\/#primaryimage"},"image":{"@id":"https:\/\/orthodoxalbania.org\/2020\/2013\/03\/20\/nxenesit-e-shkolles-protagonistet-festojne-ardhjen-e-krishtlindjes\/#primaryimage"},"thumbnailUrl":"https:\/\/lh5.googleusercontent.com\/-T499ZHl5OkI\/VAAjChT2KII\/AAAAAAAABvc\/S-oYyZeO_q0\/w600-h337-no\/1%2B-%2Bfemijet_600x337.jpg","datePublished":"2013-03-20T13:14:18+00:00","dateModified":"2020-04-06T20:32:15+00:00","breadcrumb":{"@id":"https:\/\/orthodoxalbania.org\/2020\/2013\/03\/20\/nxenesit-e-shkolles-protagonistet-festojne-ardhjen-e-krishtlindjes\/#breadcrumb"},"inLanguage":"en-US","potentialAction":[{"@type":"ReadAction","target":["https:\/\/orthodoxalbania.org\/2020\/2013\/03\/20\/nxenesit-e-shkolles-protagonistet-festojne-ardhjen-e-krishtlindjes\/"]}]},{"@type":"ImageObject","inLanguage":"en-US","@id":"https:\/\/orthodoxalbania.org\/2020\/2013\/03\/20\/nxenesit-e-shkolles-protagonistet-festojne-ardhjen-e-krishtlindjes\/#primaryimage","url":"https:\/\/lh5.googleusercontent.com\/-T499ZHl5OkI\/VAAjChT2KII\/AAAAAAAABvc\/S-oYyZeO_q0\/w600-h337-no\/1%2B-%2Bfemijet_600x337.jpg","contentUrl":"https:\/\/lh5.googleusercontent.com\/-T499ZHl5OkI\/VAAjChT2KII\/AAAAAAAABvc\/S-oYyZeO_q0\/w600-h337-no\/1%2B-%2Bfemijet_600x337.jpg"},{"@type":"BreadcrumbList","@id":"https:\/\/orthodoxalbania.org\/2020\/2013\/03\/20\/nxenesit-e-shkolles-protagonistet-festojne-ardhjen-e-krishtlindjes\/#breadcrumb","itemListElement":[{"@type":"ListItem","position":1,"name":"Home","item":"https:\/\/orthodoxalbania.org\/2020\/"},{"@type":"ListItem","position":2,"name":"Nx\u00ebn\u00ebsit e shkoll\u00ebs \u201cProtagonist\u00ebt\u201d festojn\u00eb ardhjen e Krishtlindjes. (20 Dhjetor 2010)"}]},{"@type":"WebSite","@id":"https:\/\/orthodoxalbania.org\/2020\/#website","url":"https:\/\/orthodoxalbania.org\/2020\/","name":"Kisha Orthodh\u03bfkse Autoqefale e Shqip\u00ebris\u00eb","description":"Fqja Zyrtare e Kish\u00ebs Orthodhokse Autoqefale e Shqip\u00ebris\u00eb me lajmet edhe informacionet zyrtare p\u00ebr struktur\u00ebn edhe veprimtarin e saj.","publisher":{"@id":"https:\/\/orthodoxalbania.org\/2020\/#organization"},"potentialAction":[{"@type":"SearchAction","target":{"@type":"EntryPoint","urlTemplate":"https:\/\/orthodoxalbania.org\/2020\/?s={search_term_string}"},"query-input":{"@type":"PropertyValueSpecification","valueRequired":true,"valueName":"search_term_string"}}],"inLanguage":"en-US"},{"@type":"Organization","@id":"https:\/\/orthodoxalbania.org\/2020\/#organization","name":"Kisha Orthodhokse Autoqefale e Shqip\u00ebris\u00eb","url":"https:\/\/orthodoxalbania.org\/2020\/","logo":{"@type":"ImageObject","inLanguage":"en-US","@id":"https:\/\/orthodoxalbania.org\/2020\/#\/schema\/logo\/image\/","url":"https:\/\/orthodoxalbania.org\/2020\/wp-content\/uploads\/2020\/05\/albania.jpeg","contentUrl":"https:\/\/orthodoxalbania.org\/2020\/wp-content\/uploads\/2020\/05\/albania.jpeg","width":540,"height":540,"caption":"Kisha Orthodhokse Autoqefale e Shqip\u00ebris\u00eb"},"image":{"@id":"https:\/\/orthodoxalbania.org\/2020\/#\/schema\/logo\/image\/"},"sameAs":["https:\/\/www.facebook.com\/koash1991"]},{"@type":"Person","@id":"https:\/\/orthodoxalbania.org\/2020\/#\/schema\/person\/0c387634a7063ac612d7ed9ce71c7e86","name":"Kisha Orthodhokse","image":{"@type":"ImageObject","inLanguage":"en-US","@id":"https:\/\/secure.gravatar.com\/avatar\/596e7c417251e30f2fbb9c00e026fce61a695a00e51c889caded71c96cbbdde5?s=96&d=mm&r=g","url":"https:\/\/secure.gravatar.com\/avatar\/596e7c417251e30f2fbb9c00e026fce61a695a00e51c889caded71c96cbbdde5?s=96&d=mm&r=g","contentUrl":"https:\/\/secure.gravatar.com\/avatar\/596e7c417251e30f2fbb9c00e026fce61a695a00e51c889caded71c96cbbdde5?s=96&d=mm&r=g","caption":"Kisha Orthodhokse"}}]}},"_links":{"self":[{"href":"https:\/\/orthodoxalbania.org\/2020\/wp-json\/wp\/v2\/posts\/1029","targetHints":{"allow":["GET"]}}],"collection":[{"href":"https:\/\/orthodoxalbania.org\/2020\/wp-json\/wp\/v2\/posts"}],"about":[{"href":"https:\/\/orthodoxalbania.org\/2020\/wp-json\/wp\/v2\/types\/post"}],"author":[{"embeddable":true,"href":"https:\/\/orthodoxalbania.org\/2020\/wp-json\/wp\/v2\/users\/1"}],"replies":[{"embeddable":true,"href":"https:\/\/orthodoxalbania.org\/2020\/wp-json\/wp\/v2\/comments?post=1029"}],"version-history":[{"count":1,"href":"https:\/\/orthodoxalbania.org\/2020\/wp-json\/wp\/v2\/posts\/1029\/revisions"}],"predecessor-version":[{"id":15441,"href":"https:\/\/orthodoxalbania.org\/2020\/wp-json\/wp\/v2\/posts\/1029\/revisions\/15441"}],"wp:attachment":[{"href":"https:\/\/orthodoxalbania.org\/2020\/wp-json\/wp\/v2\/media?parent=1029"}],"wp:term":[{"taxonomy":"category","embeddable":true,"href":"https:\/\/orthodoxalbania.org\/2020\/wp-json\/wp\/v2\/categories?post=1029"},{"taxonomy":"post_tag","embeddable":true,"href":"https:\/\/orthodoxalbania.org\/2020\/wp-json\/wp\/v2\/tags?post=1029"}],"curies":[{"name":"wp","href":"https:\/\/api.w.org\/{rel}","templated":true}]}}