{"id":1026,"date":"2013-03-20T12:54:06","date_gmt":"2013-03-20T12:54:06","guid":{"rendered":""},"modified":"2020-04-06T22:32:23","modified_gmt":"2020-04-06T20:32:23","slug":"numri-v-i-revistes-kerkim-2010","status":"publish","type":"post","link":"https:\/\/orthodoxalbania.org\/2020\/2013\/03\/20\/numri-v-i-revistes-kerkim-2010\/","title":{"rendered":"Numri V i Revist\u00ebs \u201cK\u00ebrkim\u201d (2010)"},"content":{"rendered":"<p style=\"text-align: center;\"><img decoding=\"async\" class=\"lazyload HAa Eha\" style=\"height: 540px; width: 400px; border-width: 1px; border-style: solid; margin: 10px;\" alt=\"\" src=\"data:image\/gif;base64,R0lGODlhAQABAAAAACH5BAEKAAEALAAAAAABAAEAAAICTAEAOw==\" data-orig-src=\"https:\/\/lh6.googleusercontent.com\/-47LogYvzb4E\/VK0NItXetlI\/AAAAAAAAKPo\/AgrrUvzmXP0\/w564-h761-no\/cop.jpg\" \/><\/p>\n<p class=\"style10\" style=\"text-align: justify;\"><span style=\"color: #000000;\"><span style=\"font-family: tahoma,geneva,sans-serif;\"><span style=\"font-size: 12px;\">&nbsp;&nbsp;&nbsp; Lufta kund\u00ebr varf\u00ebris\u00eb dhe m\u00ebnjanimit social. Kjo \u00ebsht\u00eb tema q\u00ebndrore e numrit t\u00eb ri t\u00eb revist\u00ebs \u201cK\u00ebrkim\u201d p\u00ebr periudh\u00ebn Maj-Gusht 2010. N\u00eb bashk\u00ebkoh\u00ebsi me zhvillimet aktuale, kjo revist\u00eb periodike e Kish\u00ebs son\u00eb hedh drit\u00eb p\u00ebrmes k\u00ebndv\u00ebshtrime theologjike, shkencore dhe kulturore mbi \u00e7\u00ebshtjen q\u00eb po shqet\u00ebson mbar\u00eb njer\u00ebzimin, kriz\u00ebn ekonomike. Autor\u00ebt e artikujve jan\u00eb pena t\u00eb njohura, studiues, personalitete t\u00eb \u00e7\u00ebshtjeve sociale e kulturore.<\/span><\/span><\/span><\/p>\n<p class=\"style10\" style=\"text-align: justify;\"><span style=\"color: #000000;\"><span style=\"font-family: tahoma,geneva,sans-serif;\"><span style=\"font-size: 12px;\">&nbsp;&nbsp;&nbsp; \u201cFet\u00eb dhe varf\u00ebria n\u00eb bot\u00eb\u201d \u00ebsht\u00eb titulli kryesor i k\u00ebtij numri, shkruar nga Kryepiskopi Anastas, i cili pasohet nga z\u00ebra t\u00eb tjer\u00eb t\u00eb shkenc\u00ebs si Prof. Ilia Telo, i cili hedh disa teza p\u00ebr m\u00ebnyr\u00ebn si mund t\u00eb reduktohet varf\u00ebria n\u00eb vendin ton\u00eb, e m\u00eb tej artikulli i Prof. Galantina Canco p\u00ebr zvog\u00eblimin e k\u00ebtij fenomeni si nj\u00eb \u00e7\u00ebshtje p\u00ebr emancipimin shoq\u00ebror. Vlen t\u00eb ve\u00e7ohen edhe artikuj t\u00eb tjer\u00eb q\u00eb vijn\u00eb nga Arkimandrit Justini, i cili shkruan p\u00ebr problemin e paras\u00eb, sociologu i njohur G\u00ebzim Tushi p\u00ebr varf\u00ebrin\u00eb n\u00eb vendin ton\u00eb n\u00eb vitet e tranzicionit, k\u00ebndv\u00ebshtrimi i misionares Anastasia P. Barksdale p\u00ebr kapitalizmin ateist n\u00eb Shqip\u00ebri etj.<\/span><\/span><\/span><\/p>\n<p class=\"style10\" style=\"text-align: justify;\"><span style=\"color: #000000;\"><span style=\"font-family: tahoma,geneva,sans-serif;\"><span style=\"font-size: 12px;\">&nbsp;&nbsp;&nbsp; Gjithashtu n\u00eb k\u00ebt\u00eb botim publikohet edhe raporti mbi situat\u00ebn sociale globale 2010 i Departamentit t\u00eb Ekonomis\u00eb dhe Pun\u00ebs Sociale t\u00eb OKB-s\u00eb si dhe dokumenti i kontributit t\u00eb Kishav\u00eb Europiane p\u00ebr vitin 2010 rreth luft\u00ebs s\u00eb varf\u00ebris\u00eb dhe m\u00ebnjanimit social. Revista \u201cK\u00ebrkim\u201d gjendet n\u00eb t\u00eb gjitha enorit\u00eb e vendit ton\u00eb me nj\u00eb \u00e7min simbolik dhe sh\u00ebrben p\u00ebr informimin dhe formimin e \u00e7do lexuesi q\u00eb k\u00ebrkon t\u00eb gjej\u00eb horizonte t\u00eb reja mbi faktet dhe perspektiv\u00ebn e realitetit q\u00eb na rrethon.<\/span><\/span><\/span><\/p>\n<p class=\"style11\" style=\"text-align: right;\"><strong><span style=\"color: #000000;\"><span style=\"font-family: tahoma,geneva,sans-serif;\"><span style=\"font-size: 12px;\">Isidor Koti<\/span><\/span><\/span><\/strong><\/p>\n<p class=\"style11\" style=\"text-align: right;\">&nbsp;<\/p>\n<div class=\"style11\" style=\"text-align: center;\"><strong><span style=\"font-family: tahoma,geneva,sans-serif;\"><span style=\"font-size: 12px;\"><a><span style=\"color: #000000;\">P\u00ebrmbajtja<\/span><\/a><\/span><\/span><\/strong><\/div>\n<div class=\"style11\" style=\"text-align: center;\">&nbsp;<\/div>\n<div class=\"style11\" style=\"text-align: center;\"><img decoding=\"async\" class=\"lazyload HAa Eha\" style=\"border-width: 1px; border-style: solid; margin: 10px;\" alt=\"\" src=\"data:image\/gif;base64,R0lGODlhAQABAAAAACH5BAEKAAEALAAAAAABAAEAAAICTAEAOw==\" data-orig-src=\"https:\/\/lh6.googleusercontent.com\/-Vbtu1o2ykyw\/VK0NIyrg49I\/AAAAAAAAKPw\/BKwI9L6TwZw\/w582-h823-no\/Pages%2Bfrom%2BPermbajtja1.jpg\" \/><\/div>\n<div class=\"style11\" style=\"text-align: center;\"><img decoding=\"async\" class=\"lazyload HAa Eha\" style=\"border-width: 1px; border-style: solid; margin: 10px;\" alt=\"\" src=\"data:image\/gif;base64,R0lGODlhAQABAAAAACH5BAEKAAEALAAAAAABAAEAAAICTAEAOw==\" data-orig-src=\"https:\/\/lh3.googleusercontent.com\/-TVZauMjg0ik\/VK0NI77xN2I\/AAAAAAAAKP0\/EGynnYmb2rM\/w582-h823-no\/Pages%2Bfrom%2BPermbajtja-2.jpg\" \/><\/div>\n<div class=\"style11\" style=\"text-align: center;\"><strong><span style=\"font-family: tahoma,geneva,sans-serif;\"><span style=\"font-size: 12px;\"><\/span><\/span><\/strong><\/div>\n","protected":false},"excerpt":{"rendered":"<p>&nbsp;&nbsp;&nbsp; Lufta kund\u00ebr varf\u00ebris\u00eb dhe m\u00ebnjanimit social. Kjo \u00ebsht\u00eb tema q\u00ebndrore e numrit t\u00eb ri t\u00eb revist\u00ebs \u201cK\u00ebrkim\u201d p\u00ebr periudh\u00ebn Maj-Gusht 2010. N\u00eb bashk\u00ebkoh\u00ebsi me zhvillimet aktuale, kjo revist\u00eb periodike e Kish\u00ebs son\u00eb hedh drit\u00eb p\u00ebrmes k\u00ebndv\u00ebshtrime theologjike, shkencore dhe kulturore mbi \u00e7\u00ebshtjen q\u00eb po shqet\u00ebson mbar\u00eb njer\u00ebzimin, kriz\u00ebn ekonomike. Autor\u00ebt e artikujve jan\u00eb pena t\u00eb njohura, studiues, personalitete t\u00eb \u00e7\u00ebshtjeve sociale e kulturore. &nbsp;&nbsp;&nbsp;<\/p>\n","protected":false},"author":1,"featured_media":0,"comment_status":"open","ping_status":"open","sticky":false,"template":"","format":"standard","meta":{"_acf_changed":false,"pagelayer_contact_templates":[],"_pagelayer_content":"","inline_featured_image":false,"fifu_image_url":"","fifu_image_alt":"","footnotes":""},"categories":[108],"tags":[144,196,212,607],"class_list":["post-1026","post","type-post","status-publish","format-standard","hentry","category-lajme","tag-144","tag-tirane","tag-lajme-d27","tag-promovimepublikime"],"acf":[],"yoast_head":"<!-- This site is optimized with the Yoast SEO plugin v27.2 - https:\/\/yoast.com\/product\/yoast-seo-wordpress\/ -->\n<title>Numri V i Revist\u00ebs \u201cK\u00ebrkim\u201d (2010) - Kisha Orthodh\u03bfkse Autoqefale e Shqip\u00ebris\u00eb<\/title>\n<meta name=\"robots\" content=\"index, follow, max-snippet:-1, max-image-preview:large, max-video-preview:-1\" \/>\n<link rel=\"canonical\" href=\"https:\/\/orthodoxalbania.org\/2020\/2013\/03\/20\/numri-v-i-revistes-kerkim-2010\/\" \/>\n<meta property=\"og:locale\" content=\"en_US\" \/>\n<meta property=\"og:type\" content=\"article\" \/>\n<meta property=\"og:title\" content=\"Numri V i Revist\u00ebs \u201cK\u00ebrkim\u201d (2010) - Kisha Orthodh\u03bfkse Autoqefale e Shqip\u00ebris\u00eb\" \/>\n<meta property=\"og:description\" content=\"&nbsp;&nbsp;&nbsp; Lufta kund\u00ebr varf\u00ebris\u00eb dhe m\u00ebnjanimit social. Kjo \u00ebsht\u00eb tema q\u00ebndrore e numrit t\u00eb ri t\u00eb revist\u00ebs \u201cK\u00ebrkim\u201d p\u00ebr periudh\u00ebn Maj-Gusht 2010. N\u00eb bashk\u00ebkoh\u00ebsi me zhvillimet aktuale, kjo revist\u00eb periodike e Kish\u00ebs son\u00eb hedh drit\u00eb p\u00ebrmes k\u00ebndv\u00ebshtrime theologjike, shkencore dhe kulturore mbi \u00e7\u00ebshtjen q\u00eb po shqet\u00ebson mbar\u00eb njer\u00ebzimin, kriz\u00ebn ekonomike. Autor\u00ebt e artikujve jan\u00eb pena t\u00eb njohura, studiues, personalitete t\u00eb \u00e7\u00ebshtjeve sociale e kulturore. &nbsp;&nbsp;&nbsp;\" \/>\n<meta property=\"og:url\" content=\"https:\/\/orthodoxalbania.org\/2020\/2013\/03\/20\/numri-v-i-revistes-kerkim-2010\/\" \/>\n<meta property=\"og:site_name\" content=\"Kisha Orthodh\u03bfkse Autoqefale e Shqip\u00ebris\u00eb\" \/>\n<meta property=\"article:publisher\" content=\"https:\/\/www.facebook.com\/koash1991\" \/>\n<meta property=\"article:published_time\" content=\"2013-03-20T12:54:06+00:00\" \/>\n<meta property=\"article:modified_time\" content=\"2020-04-06T20:32:23+00:00\" \/>\n<meta property=\"og:image\" content=\"https:\/\/lh6.googleusercontent.com\/-47LogYvzb4E\/VK0NItXetlI\/AAAAAAAAKPo\/AgrrUvzmXP0\/w564-h761-no\/cop.jpg\" \/>\n<meta name=\"author\" content=\"Kisha Orthodhokse\" \/>\n<meta name=\"twitter:card\" content=\"summary_large_image\" \/>\n<meta name=\"twitter:label1\" content=\"Written by\" \/>\n\t<meta name=\"twitter:data1\" content=\"Kisha Orthodhokse\" \/>\n\t<meta name=\"twitter:label2\" content=\"Est. reading time\" \/>\n\t<meta name=\"twitter:data2\" content=\"2 minutes\" \/>\n<script type=\"application\/ld+json\" class=\"yoast-schema-graph\">{\"@context\":\"https:\/\/schema.org\",\"@graph\":[{\"@type\":\"Article\",\"@id\":\"https:\/\/orthodoxalbania.org\/2020\/2013\/03\/20\/numri-v-i-revistes-kerkim-2010\/#article\",\"isPartOf\":{\"@id\":\"https:\/\/orthodoxalbania.org\/2020\/2013\/03\/20\/numri-v-i-revistes-kerkim-2010\/\"},\"author\":{\"name\":\"Kisha Orthodhokse\",\"@id\":\"https:\/\/orthodoxalbania.org\/2020\/#\/schema\/person\/0c387634a7063ac612d7ed9ce71c7e86\"},\"headline\":\"Numri V i Revist\u00ebs \u201cK\u00ebrkim\u201d (2010)\",\"datePublished\":\"2013-03-20T12:54:06+00:00\",\"dateModified\":\"2020-04-06T20:32:23+00:00\",\"mainEntityOfPage\":{\"@id\":\"https:\/\/orthodoxalbania.org\/2020\/2013\/03\/20\/numri-v-i-revistes-kerkim-2010\/\"},\"wordCount\":319,\"commentCount\":0,\"publisher\":{\"@id\":\"https:\/\/orthodoxalbania.org\/2020\/#organization\"},\"image\":{\"@id\":\"https:\/\/orthodoxalbania.org\/2020\/2013\/03\/20\/numri-v-i-revistes-kerkim-2010\/#primaryimage\"},\"thumbnailUrl\":\"https:\/\/lh6.googleusercontent.com\/-47LogYvzb4E\/VK0NItXetlI\/AAAAAAAAKPo\/AgrrUvzmXP0\/w564-h761-no\/cop.jpg\",\"keywords\":[\"2010\",\"Kryepiskopata Tiran\u00eb\",\"lajme\",\"PromovimePublikime\"],\"articleSection\":[\"Lajme\"],\"inLanguage\":\"en-US\"},{\"@type\":\"WebPage\",\"@id\":\"https:\/\/orthodoxalbania.org\/2020\/2013\/03\/20\/numri-v-i-revistes-kerkim-2010\/\",\"url\":\"https:\/\/orthodoxalbania.org\/2020\/2013\/03\/20\/numri-v-i-revistes-kerkim-2010\/\",\"name\":\"Numri V i Revist\u00ebs \u201cK\u00ebrkim\u201d (2010) - Kisha Orthodh\u03bfkse Autoqefale e Shqip\u00ebris\u00eb\",\"isPartOf\":{\"@id\":\"https:\/\/orthodoxalbania.org\/2020\/#website\"},\"primaryImageOfPage\":{\"@id\":\"https:\/\/orthodoxalbania.org\/2020\/2013\/03\/20\/numri-v-i-revistes-kerkim-2010\/#primaryimage\"},\"image\":{\"@id\":\"https:\/\/orthodoxalbania.org\/2020\/2013\/03\/20\/numri-v-i-revistes-kerkim-2010\/#primaryimage\"},\"thumbnailUrl\":\"https:\/\/lh6.googleusercontent.com\/-47LogYvzb4E\/VK0NItXetlI\/AAAAAAAAKPo\/AgrrUvzmXP0\/w564-h761-no\/cop.jpg\",\"datePublished\":\"2013-03-20T12:54:06+00:00\",\"dateModified\":\"2020-04-06T20:32:23+00:00\",\"breadcrumb\":{\"@id\":\"https:\/\/orthodoxalbania.org\/2020\/2013\/03\/20\/numri-v-i-revistes-kerkim-2010\/#breadcrumb\"},\"inLanguage\":\"en-US\",\"potentialAction\":[{\"@type\":\"ReadAction\",\"target\":[\"https:\/\/orthodoxalbania.org\/2020\/2013\/03\/20\/numri-v-i-revistes-kerkim-2010\/\"]}]},{\"@type\":\"ImageObject\",\"inLanguage\":\"en-US\",\"@id\":\"https:\/\/orthodoxalbania.org\/2020\/2013\/03\/20\/numri-v-i-revistes-kerkim-2010\/#primaryimage\",\"url\":\"https:\/\/lh6.googleusercontent.com\/-47LogYvzb4E\/VK0NItXetlI\/AAAAAAAAKPo\/AgrrUvzmXP0\/w564-h761-no\/cop.jpg\",\"contentUrl\":\"https:\/\/lh6.googleusercontent.com\/-47LogYvzb4E\/VK0NItXetlI\/AAAAAAAAKPo\/AgrrUvzmXP0\/w564-h761-no\/cop.jpg\"},{\"@type\":\"BreadcrumbList\",\"@id\":\"https:\/\/orthodoxalbania.org\/2020\/2013\/03\/20\/numri-v-i-revistes-kerkim-2010\/#breadcrumb\",\"itemListElement\":[{\"@type\":\"ListItem\",\"position\":1,\"name\":\"Home\",\"item\":\"https:\/\/orthodoxalbania.org\/2020\/\"},{\"@type\":\"ListItem\",\"position\":2,\"name\":\"Numri V i Revist\u00ebs \u201cK\u00ebrkim\u201d (2010)\"}]},{\"@type\":\"WebSite\",\"@id\":\"https:\/\/orthodoxalbania.org\/2020\/#website\",\"url\":\"https:\/\/orthodoxalbania.org\/2020\/\",\"name\":\"Kisha Orthodh\u03bfkse Autoqefale e Shqip\u00ebris\u00eb\",\"description\":\"Fqja Zyrtare e Kish\u00ebs Orthodhokse Autoqefale e Shqip\u00ebris\u00eb me lajmet edhe informacionet zyrtare p\u00ebr struktur\u00ebn edhe veprimtarin e saj.\",\"publisher\":{\"@id\":\"https:\/\/orthodoxalbania.org\/2020\/#organization\"},\"potentialAction\":[{\"@type\":\"SearchAction\",\"target\":{\"@type\":\"EntryPoint\",\"urlTemplate\":\"https:\/\/orthodoxalbania.org\/2020\/?s={search_term_string}\"},\"query-input\":{\"@type\":\"PropertyValueSpecification\",\"valueRequired\":true,\"valueName\":\"search_term_string\"}}],\"inLanguage\":\"en-US\"},{\"@type\":\"Organization\",\"@id\":\"https:\/\/orthodoxalbania.org\/2020\/#organization\",\"name\":\"Kisha Orthodhokse Autoqefale e Shqip\u00ebris\u00eb\",\"url\":\"https:\/\/orthodoxalbania.org\/2020\/\",\"logo\":{\"@type\":\"ImageObject\",\"inLanguage\":\"en-US\",\"@id\":\"https:\/\/orthodoxalbania.org\/2020\/#\/schema\/logo\/image\/\",\"url\":\"https:\/\/orthodoxalbania.org\/2020\/wp-content\/uploads\/2020\/05\/albania.jpeg\",\"contentUrl\":\"https:\/\/orthodoxalbania.org\/2020\/wp-content\/uploads\/2020\/05\/albania.jpeg\",\"width\":540,\"height\":540,\"caption\":\"Kisha Orthodhokse Autoqefale e Shqip\u00ebris\u00eb\"},\"image\":{\"@id\":\"https:\/\/orthodoxalbania.org\/2020\/#\/schema\/logo\/image\/\"},\"sameAs\":[\"https:\/\/www.facebook.com\/koash1991\"]},{\"@type\":\"Person\",\"@id\":\"https:\/\/orthodoxalbania.org\/2020\/#\/schema\/person\/0c387634a7063ac612d7ed9ce71c7e86\",\"name\":\"Kisha Orthodhokse\",\"image\":{\"@type\":\"ImageObject\",\"inLanguage\":\"en-US\",\"@id\":\"https:\/\/secure.gravatar.com\/avatar\/596e7c417251e30f2fbb9c00e026fce61a695a00e51c889caded71c96cbbdde5?s=96&d=mm&r=g\",\"url\":\"https:\/\/secure.gravatar.com\/avatar\/596e7c417251e30f2fbb9c00e026fce61a695a00e51c889caded71c96cbbdde5?s=96&d=mm&r=g\",\"contentUrl\":\"https:\/\/secure.gravatar.com\/avatar\/596e7c417251e30f2fbb9c00e026fce61a695a00e51c889caded71c96cbbdde5?s=96&d=mm&r=g\",\"caption\":\"Kisha Orthodhokse\"}}]}<\/script>\n<!-- \/ Yoast SEO plugin. -->","yoast_head_json":{"title":"Numri V i Revist\u00ebs \u201cK\u00ebrkim\u201d (2010) - Kisha Orthodh\u03bfkse Autoqefale e Shqip\u00ebris\u00eb","robots":{"index":"index","follow":"follow","max-snippet":"max-snippet:-1","max-image-preview":"max-image-preview:large","max-video-preview":"max-video-preview:-1"},"canonical":"https:\/\/orthodoxalbania.org\/2020\/2013\/03\/20\/numri-v-i-revistes-kerkim-2010\/","og_locale":"en_US","og_type":"article","og_title":"Numri V i Revist\u00ebs \u201cK\u00ebrkim\u201d (2010) - Kisha Orthodh\u03bfkse Autoqefale e Shqip\u00ebris\u00eb","og_description":"&nbsp;&nbsp;&nbsp; Lufta kund\u00ebr varf\u00ebris\u00eb dhe m\u00ebnjanimit social. Kjo \u00ebsht\u00eb tema q\u00ebndrore e numrit t\u00eb ri t\u00eb revist\u00ebs \u201cK\u00ebrkim\u201d p\u00ebr periudh\u00ebn Maj-Gusht 2010. N\u00eb bashk\u00ebkoh\u00ebsi me zhvillimet aktuale, kjo revist\u00eb periodike e Kish\u00ebs son\u00eb hedh drit\u00eb p\u00ebrmes k\u00ebndv\u00ebshtrime theologjike, shkencore dhe kulturore mbi \u00e7\u00ebshtjen q\u00eb po shqet\u00ebson mbar\u00eb njer\u00ebzimin, kriz\u00ebn ekonomike. Autor\u00ebt e artikujve jan\u00eb pena t\u00eb njohura, studiues, personalitete t\u00eb \u00e7\u00ebshtjeve sociale e kulturore. &nbsp;&nbsp;&nbsp;","og_url":"https:\/\/orthodoxalbania.org\/2020\/2013\/03\/20\/numri-v-i-revistes-kerkim-2010\/","og_site_name":"Kisha Orthodh\u03bfkse Autoqefale e Shqip\u00ebris\u00eb","article_publisher":"https:\/\/www.facebook.com\/koash1991","article_published_time":"2013-03-20T12:54:06+00:00","article_modified_time":"2020-04-06T20:32:23+00:00","og_image":[{"url":"https:\/\/lh6.googleusercontent.com\/-47LogYvzb4E\/VK0NItXetlI\/AAAAAAAAKPo\/AgrrUvzmXP0\/w564-h761-no\/cop.jpg","type":"","width":"","height":""}],"author":"Kisha Orthodhokse","twitter_card":"summary_large_image","twitter_misc":{"Written by":"Kisha Orthodhokse","Est. reading time":"2 minutes"},"schema":{"@context":"https:\/\/schema.org","@graph":[{"@type":"Article","@id":"https:\/\/orthodoxalbania.org\/2020\/2013\/03\/20\/numri-v-i-revistes-kerkim-2010\/#article","isPartOf":{"@id":"https:\/\/orthodoxalbania.org\/2020\/2013\/03\/20\/numri-v-i-revistes-kerkim-2010\/"},"author":{"name":"Kisha Orthodhokse","@id":"https:\/\/orthodoxalbania.org\/2020\/#\/schema\/person\/0c387634a7063ac612d7ed9ce71c7e86"},"headline":"Numri V i Revist\u00ebs \u201cK\u00ebrkim\u201d (2010)","datePublished":"2013-03-20T12:54:06+00:00","dateModified":"2020-04-06T20:32:23+00:00","mainEntityOfPage":{"@id":"https:\/\/orthodoxalbania.org\/2020\/2013\/03\/20\/numri-v-i-revistes-kerkim-2010\/"},"wordCount":319,"commentCount":0,"publisher":{"@id":"https:\/\/orthodoxalbania.org\/2020\/#organization"},"image":{"@id":"https:\/\/orthodoxalbania.org\/2020\/2013\/03\/20\/numri-v-i-revistes-kerkim-2010\/#primaryimage"},"thumbnailUrl":"https:\/\/lh6.googleusercontent.com\/-47LogYvzb4E\/VK0NItXetlI\/AAAAAAAAKPo\/AgrrUvzmXP0\/w564-h761-no\/cop.jpg","keywords":["2010","Kryepiskopata Tiran\u00eb","lajme","PromovimePublikime"],"articleSection":["Lajme"],"inLanguage":"en-US"},{"@type":"WebPage","@id":"https:\/\/orthodoxalbania.org\/2020\/2013\/03\/20\/numri-v-i-revistes-kerkim-2010\/","url":"https:\/\/orthodoxalbania.org\/2020\/2013\/03\/20\/numri-v-i-revistes-kerkim-2010\/","name":"Numri V i Revist\u00ebs \u201cK\u00ebrkim\u201d (2010) - Kisha Orthodh\u03bfkse Autoqefale e Shqip\u00ebris\u00eb","isPartOf":{"@id":"https:\/\/orthodoxalbania.org\/2020\/#website"},"primaryImageOfPage":{"@id":"https:\/\/orthodoxalbania.org\/2020\/2013\/03\/20\/numri-v-i-revistes-kerkim-2010\/#primaryimage"},"image":{"@id":"https:\/\/orthodoxalbania.org\/2020\/2013\/03\/20\/numri-v-i-revistes-kerkim-2010\/#primaryimage"},"thumbnailUrl":"https:\/\/lh6.googleusercontent.com\/-47LogYvzb4E\/VK0NItXetlI\/AAAAAAAAKPo\/AgrrUvzmXP0\/w564-h761-no\/cop.jpg","datePublished":"2013-03-20T12:54:06+00:00","dateModified":"2020-04-06T20:32:23+00:00","breadcrumb":{"@id":"https:\/\/orthodoxalbania.org\/2020\/2013\/03\/20\/numri-v-i-revistes-kerkim-2010\/#breadcrumb"},"inLanguage":"en-US","potentialAction":[{"@type":"ReadAction","target":["https:\/\/orthodoxalbania.org\/2020\/2013\/03\/20\/numri-v-i-revistes-kerkim-2010\/"]}]},{"@type":"ImageObject","inLanguage":"en-US","@id":"https:\/\/orthodoxalbania.org\/2020\/2013\/03\/20\/numri-v-i-revistes-kerkim-2010\/#primaryimage","url":"https:\/\/lh6.googleusercontent.com\/-47LogYvzb4E\/VK0NItXetlI\/AAAAAAAAKPo\/AgrrUvzmXP0\/w564-h761-no\/cop.jpg","contentUrl":"https:\/\/lh6.googleusercontent.com\/-47LogYvzb4E\/VK0NItXetlI\/AAAAAAAAKPo\/AgrrUvzmXP0\/w564-h761-no\/cop.jpg"},{"@type":"BreadcrumbList","@id":"https:\/\/orthodoxalbania.org\/2020\/2013\/03\/20\/numri-v-i-revistes-kerkim-2010\/#breadcrumb","itemListElement":[{"@type":"ListItem","position":1,"name":"Home","item":"https:\/\/orthodoxalbania.org\/2020\/"},{"@type":"ListItem","position":2,"name":"Numri V i Revist\u00ebs \u201cK\u00ebrkim\u201d (2010)"}]},{"@type":"WebSite","@id":"https:\/\/orthodoxalbania.org\/2020\/#website","url":"https:\/\/orthodoxalbania.org\/2020\/","name":"Kisha Orthodh\u03bfkse Autoqefale e Shqip\u00ebris\u00eb","description":"Fqja Zyrtare e Kish\u00ebs Orthodhokse Autoqefale e Shqip\u00ebris\u00eb me lajmet edhe informacionet zyrtare p\u00ebr struktur\u00ebn edhe veprimtarin e saj.","publisher":{"@id":"https:\/\/orthodoxalbania.org\/2020\/#organization"},"potentialAction":[{"@type":"SearchAction","target":{"@type":"EntryPoint","urlTemplate":"https:\/\/orthodoxalbania.org\/2020\/?s={search_term_string}"},"query-input":{"@type":"PropertyValueSpecification","valueRequired":true,"valueName":"search_term_string"}}],"inLanguage":"en-US"},{"@type":"Organization","@id":"https:\/\/orthodoxalbania.org\/2020\/#organization","name":"Kisha Orthodhokse Autoqefale e Shqip\u00ebris\u00eb","url":"https:\/\/orthodoxalbania.org\/2020\/","logo":{"@type":"ImageObject","inLanguage":"en-US","@id":"https:\/\/orthodoxalbania.org\/2020\/#\/schema\/logo\/image\/","url":"https:\/\/orthodoxalbania.org\/2020\/wp-content\/uploads\/2020\/05\/albania.jpeg","contentUrl":"https:\/\/orthodoxalbania.org\/2020\/wp-content\/uploads\/2020\/05\/albania.jpeg","width":540,"height":540,"caption":"Kisha Orthodhokse Autoqefale e Shqip\u00ebris\u00eb"},"image":{"@id":"https:\/\/orthodoxalbania.org\/2020\/#\/schema\/logo\/image\/"},"sameAs":["https:\/\/www.facebook.com\/koash1991"]},{"@type":"Person","@id":"https:\/\/orthodoxalbania.org\/2020\/#\/schema\/person\/0c387634a7063ac612d7ed9ce71c7e86","name":"Kisha Orthodhokse","image":{"@type":"ImageObject","inLanguage":"en-US","@id":"https:\/\/secure.gravatar.com\/avatar\/596e7c417251e30f2fbb9c00e026fce61a695a00e51c889caded71c96cbbdde5?s=96&d=mm&r=g","url":"https:\/\/secure.gravatar.com\/avatar\/596e7c417251e30f2fbb9c00e026fce61a695a00e51c889caded71c96cbbdde5?s=96&d=mm&r=g","contentUrl":"https:\/\/secure.gravatar.com\/avatar\/596e7c417251e30f2fbb9c00e026fce61a695a00e51c889caded71c96cbbdde5?s=96&d=mm&r=g","caption":"Kisha Orthodhokse"}}]}},"_links":{"self":[{"href":"https:\/\/orthodoxalbania.org\/2020\/wp-json\/wp\/v2\/posts\/1026","targetHints":{"allow":["GET"]}}],"collection":[{"href":"https:\/\/orthodoxalbania.org\/2020\/wp-json\/wp\/v2\/posts"}],"about":[{"href":"https:\/\/orthodoxalbania.org\/2020\/wp-json\/wp\/v2\/types\/post"}],"author":[{"embeddable":true,"href":"https:\/\/orthodoxalbania.org\/2020\/wp-json\/wp\/v2\/users\/1"}],"replies":[{"embeddable":true,"href":"https:\/\/orthodoxalbania.org\/2020\/wp-json\/wp\/v2\/comments?post=1026"}],"version-history":[{"count":1,"href":"https:\/\/orthodoxalbania.org\/2020\/wp-json\/wp\/v2\/posts\/1026\/revisions"}],"predecessor-version":[{"id":15482,"href":"https:\/\/orthodoxalbania.org\/2020\/wp-json\/wp\/v2\/posts\/1026\/revisions\/15482"}],"wp:attachment":[{"href":"https:\/\/orthodoxalbania.org\/2020\/wp-json\/wp\/v2\/media?parent=1026"}],"wp:term":[{"taxonomy":"category","embeddable":true,"href":"https:\/\/orthodoxalbania.org\/2020\/wp-json\/wp\/v2\/categories?post=1026"},{"taxonomy":"post_tag","embeddable":true,"href":"https:\/\/orthodoxalbania.org\/2020\/wp-json\/wp\/v2\/tags?post=1026"}],"curies":[{"name":"wp","href":"https:\/\/api.w.org\/{rel}","templated":true}]}}