{"id":1024,"date":"2013-03-21T12:17:27","date_gmt":"2013-03-21T12:17:27","guid":{"rendered":""},"modified":"2020-04-06T22:05:59","modified_gmt":"2020-04-06T20:05:59","slug":"nuk-ka-asnje-prift-orthodhoks-autonom-qe-nuk-ka-lidhje-me-nje-episkop-lokal","status":"publish","type":"post","link":"https:\/\/orthodoxalbania.org\/2020\/2013\/03\/21\/nuk-ka-asnje-prift-orthodhoks-autonom-qe-nuk-ka-lidhje-me-nje-episkop-lokal\/","title":{"rendered":"NUK KA ASNJ\u00cb PRIFT ORTHODHOKS AUTONOM, Q\u00cb NUK KA LIDHJE ME NJ\u00cb EPISKOP LOKAL. (29 Gusht 2012)"},"content":{"rendered":"<div style=\"text-align: center;\">\n\t<span style=\"color:#000000;\"><span style=\"font-family: tahoma,geneva,sans-serif;\"><span style=\"font-size: 12px;\"><img class=\"lazyload\" decoding=\"async\" src=\"data:image\/gif;base64,R0lGODlhAQABAAAAACH5BAEKAAEALAAAAAABAAEAAAICTAEAOw==\" data-orig-src=\"https:\/\/lh6.googleusercontent.com\/-0sh5tte9xjQ\/T_2mER-T47I\/AAAAAAAAAjw\/0kGMtZnXRbY\/s200\/logo4.jpg\" style=\"margin: 10px; float: left; width: 234px; height: 234px; border-width: 1px; border-style: solid;\" \/><strong>Nuk ka asnj\u00eb prift orthodhoks autonom, q\u00eb nuk ka lidhje me nj\u00eb episkop lokal<\/strong><\/span><\/span><\/span><\/div>\n<div style=\"text-align: justify;\">\n<p>\t<span style=\"color:#000000;\"><span style=\"font-family: tahoma,geneva,sans-serif;\"><span style=\"font-size: 12px;\">&nbsp;&nbsp;&nbsp; E nderuar redaksi e Gazeta Shqiptare, ne q\u00eb po ju shkruajm\u00eb, kemi qen\u00eb nd\u00ebr student\u00ebt e par\u00eb t\u00eb Seminarit Orthodhoks dhe nd\u00ebr klerik\u00ebt e par\u00eb t\u00eb dor\u00ebzuar. T\u00eb \u00e7uditur dhe t\u00eb revoltuar nga ato q\u00eb po lexojm\u00eb n\u00eb gazet\u00ebn tuaj, duam edhe ne t\u00eb themi fjal\u00ebn ton\u00eb t\u00eb p\u00ebrgjegjshme.<\/span><\/span><\/span><\/div>\n<div style=\"text-align: justify;\">\n\t<br \/>\n\t<span style=\"color:#000000;\"><span style=\"font-family: tahoma,geneva,sans-serif;\"><span style=\"font-size: 12px;\">&nbsp;&nbsp;&nbsp; N\u00eb p\u00ebrgjigjet e tij t\u00eb p\u00ebr\u00e7artura n\u00eb Gazeta Shqiptare, N. Marku, duke u p\u00ebrpjekur t\u00eb fsheh\u00eb mashtrimet, vazhdon t\u00eb kaloj\u00eb nga gafa n\u00eb gaf\u00eb. K\u00ebshtu, n\u00eb p\u00ebrgjigjen&nbsp; e tij konfuze, ai (ri)botoi nj\u00eb vendim gjykate t\u00eb 30 dhjetorit 1996, me nr. 2634, p\u00ebr t\u00eb mb\u00ebshtetur tez\u00ebn se \u00ebsht\u00eb njohur si Kish\u00eb! Por \u00ebsht\u00eb po ky dokument q\u00eb e nxjerr n\u00eb shesh t\u00eb v\u00ebrtet\u00ebn, q\u00eb ishte v\u00ebn\u00eb n\u00eb dukje m\u00eb par\u00eb n\u00eb deklarat\u00ebn e Kryepiskopat\u00ebs s\u00eb Hirshme: Gjykata e ka njohur vet\u00ebm si shoqat\u00eb q\u00eb ka t\u00eb drejt\u00ebn e ushtrimit t\u00eb aktivitetit privat n\u00eb l\u00ebmin e tregtis\u00eb t\u00eb shitjes me shumic\u00eb dhe pakic\u00eb dhe nuk e njeh aspak si Kish\u00eb (me baz\u00eb ligjin 7512, 11. 8. 1991)&#8230;<\/span><\/span><\/span><\/div>\n<div style=\"text-align: justify;\">\n\t<br \/>\n\t<span style=\"color:#000000;\"><span style=\"font-family: tahoma,geneva,sans-serif;\"><span style=\"font-size: 12px;\">&nbsp;&nbsp;&nbsp; N\u00eb p\u00ebrpjekjen e kot\u00eb q\u00eb t\u00eb faktoj\u00eb se \u00ebsht\u00eb prift kanonik orthodhoks, boton nj\u00eb dokument l\u00ebshuar nga episkopi i nj\u00eb vendi fqinj. Por, s\u00ebrish, po ky dokument e b\u00ebn t\u00eb qart\u00eb se nuk \u00ebsht\u00eb i till\u00eb: N. Marku u dor\u00ebzua nga nj\u00eb episkop sllav p\u00ebr episkopat\u00ebn e tij dhe jo p\u00ebr Elbasanin. Episkopi i Bitol\u00ebs (Manastirit) kishte dhe ka t\u00eb drejt\u00eb t\u00eb dor\u00ebzoj\u00eb prift\u00ebrinj vet\u00ebm p\u00ebr episkopat\u00ebn e tij dhe n\u00eb asnj\u00eb rast p\u00ebr ndonj\u00eb episkopat\u00eb apo Kish\u00eb tjet\u00ebr.<\/span><\/span><\/span><\/div>\n<div style=\"text-align: justify;\">\n\t<br \/>\n\t<span style=\"color:#000000;\"><span style=\"font-family: tahoma,geneva,sans-serif;\"><span style=\"font-size: 12px;\">&nbsp;&nbsp;&nbsp; Dhe, q\u00eb nj\u00eb klerik t\u00eb transferohet n\u00eb nj\u00eb episkopat\u00eb tjet\u00ebr (dhe aq m\u00eb shum\u00eb n\u00eb nj\u00eb Kish\u00eb tjet\u00ebr), duhet t\u00eb kryhet nj\u00eb procedur\u00eb sipas Kanoneve t\u00eb Kish\u00ebs Orthodhokse. Ai duhet t\u00eb pranohet nga episkopi i episkopat\u00ebs tjet\u00ebr. N\u00eb asnj\u00eb rast nuk mund t\u00eb ket\u00eb nj\u00eb prift orthodhoks (sikund\u00ebr edhe asnj\u00eb prift katolik), q\u00eb nuk varet nga episkopi i zon\u00ebn p\u00ebrkat\u00ebse, si\u00e7 edhe e ka qart\u00ebsuar Kryepiskopata n\u00eb deklarat\u00ebn e saj t\u00eb fundit.<\/span><\/span><\/span><\/div>\n<div style=\"text-align: justify;\">\n\t<br \/>\n\t<span style=\"color:#000000;\"><span style=\"font-family: tahoma,geneva,sans-serif;\"><span style=\"font-size: 12px;\">&nbsp;&nbsp;&nbsp; Ndoshta \u201csuperpatrioti\u201d Nikolla Marku dhe grupi i tij q\u00eb s\u2019ka lidhje me Orthodhoksin\u00eb, kan\u00eb vendosur q\u00eb kisha famullitare e t\u00eb T\u00ebr\u00ebshenjt\u00ebs Mari, t\u00eb lagjes Kala t\u00eb Elbasanit t\u00eb&nbsp; zhvendoset n\u00eb Bitola, n\u00eb juridiksionin kishtar t\u00eb Kish\u00ebs sllave t\u00eb shtetit fqinj?!<\/span><\/span><\/span><\/div>\n<div style=\"text-align: justify;\">\n\t<br \/>\n\t<span style=\"color:#000000;\"><span style=\"font-family: tahoma,geneva,sans-serif;\"><span style=\"font-size: 12px;\">&nbsp;&nbsp;&nbsp; M\u00eb tej, N. Marku, p\u00ebr t\u00eb treguar se \u201cka p\u00ebrfunduar\u201d seminarin e Kish\u00ebs Orthodhokse Autoqefale t\u00eb Shqip\u00ebris\u00eb, n\u00eb vend t\u00eb dokumentit zyrtar, diplom\u00ebs, nxjerr p\u00ebrpara lexuesve deklarat\u00ebn e nj\u00eb bashk\u00ebseminaristi, i cili edhe ky nuk i p\u00ebrfundoi studimet, sepse u vet\u00eblargua para se t\u2019i mbaronte, q\u00eb n\u00eb vitin 1992. Mendoni pak dik\u00eb q\u00eb thot\u00eb p\u00ebr veten se ka mbaruar p\u00ebr jurist dhe n\u00eb vend t\u00eb paraqes\u00eb diplom\u00ebn e l\u00ebshuar nga universiteti, nxjerr nj\u00eb deklarat\u00eb t\u00eb nj\u00eb bashk\u00ebnx\u00ebn\u00ebsi, se p\u00ebr nj\u00eb far\u00eb kohe ndoq\u00ebn t\u00eb dy bashk\u00eb leksionet!&#8230;&nbsp; Ne q\u00eb kemi qen\u00eb bashk\u00ebseminarist\u00eb me t\u00eb, e mbajm\u00eb mend se q\u00eb n\u00eb fillim n\u00eb seminar m\u00eb shum\u00eb nuk vinte, se&nbsp; \u201ce d\u00ebmtonte lag\u00ebshtia e detit\u201d, derisa&nbsp; u largua fare dhe nuk e mbaroi, p\u00ebr shkeljet q\u00eb i dim\u00eb shum\u00eb mir\u00eb ai dhe ne&#8230;.<\/span><\/span><\/span><\/div>\n<div style=\"text-align: justify;\">\n\t<br \/>\n\t<span style=\"color:#000000;\"><span style=\"font-family: tahoma,geneva,sans-serif;\"><span style=\"font-size: 12px;\">&nbsp;&nbsp;&nbsp; Nd\u00ebrsa dokumentet q\u00eb boton, t\u00eb l\u00ebshuara nga sekretari i at\u00ebhersh\u00ebm Aleko Dhima, tregojn\u00eb vet\u00ebm se punonte si katekist n\u00eb Elbasan deri n\u00eb vitin 1994 (dhe jo se kishte mbaruar seminarin dhe as se ishte klerik). Madje, kjo tregon se N. Marku n\u00eb vitet e para nuk kishte kurrfar\u00eb problemi me origjin\u00ebn e Kryepiskopit.<\/span><\/span><\/span><\/div>\n<div style=\"text-align: justify;\">\n\t<br \/>\n\t<span style=\"color:#000000;\"><span style=\"font-family: tahoma,geneva,sans-serif;\"><span style=\"font-size: 12px;\">&nbsp;&nbsp;&nbsp; Gjithashtu, N. Marku p\u00ebrpiqet t\u00eb b\u00ebj\u00eb edhe \u201cteologun\u201d, duke shpjeguar statutin e Kish\u00ebs. Statuti i vitit 1929, q\u00eb ai paraqet, ishte hartuar p\u00ebr epok\u00ebn kur Shqip\u00ebria ishte mbret\u00ebri. Kur ra mbret\u00ebria dhe Shqip\u00ebria u b\u00eb Republik\u00eb edhe Statuti duhej t\u2019i p\u00ebrshtatej k\u00ebtij ndryshimi. K\u00ebshtu, pas hartimit t\u00eb Kushtetut\u00ebs s\u00eb re demokratike, n\u00eb vitin 1998, u hartua nj\u00eb statut i ri, i cili p\u00ebrcaktonte marr\u00ebdh\u00ebniet e reja me Republik\u00ebn. P\u00ebr k\u00ebt\u00eb arsye, ky Statut i ri u miratua edhe nga organet kompetente shtet\u00ebrore dhe gjykatat (si Kuvendi i Republik\u00ebs, K\u00ebshilli i Ministrave, Presidenti i Republik\u00ebs). Ai u b\u00eb Ligj i Shtetit, nr. 10057,dt. 22.1.2009.<\/span><\/span><\/span><\/div>\n<div style=\"text-align: justify;\">\n\t<br \/>\n\t<span style=\"color:#000000;\"><span style=\"font-family: tahoma,geneva,sans-serif;\"><span style=\"font-size: 12px;\">&nbsp;&nbsp;&nbsp; Deklaratat e Kryepiskopat\u00ebs qart\u00ebsojn\u00eb faktet kishtare dhe zbulojn\u00eb, sipas detyrimit q\u00eb Kisha ka p\u00ebrpara opinionit publik, p\u00ebrdhosjen dhe mashtrimin, q\u00eb \u00ebsht\u00eb kryer gjat\u00eb gjith\u00eb k\u00ebtyre viteve. Ndaj, p\u00ebr t\u00eb mbuluar k\u00ebto fakte, N. Marku, duke e ditur se nuk ka argumente kishtare, p\u00ebrdor n\u00eb m\u00ebnyr\u00eb spekulative, pyetje retorike, politike dhe populiste dhe shpifje t\u00eb ul\u00ebta, pjell\u00eb e fantazis\u00eb s\u00eb tij t\u00eb s\u00ebmur\u00eb dhe i p\u00ebrs\u00ebrit ato n\u00eb m\u00ebnyr\u00eb monotone, me shpres\u00ebn se di\u00e7ka do mbetet.&nbsp; Ndaj e quajt\u00ebm me vend t\u00eb sjellim k\u00ebto argumente, q\u00eb qart\u00ebsojn\u00eb mashtrimin e tij, q\u00eb t\u00eb njohim lexuesin me t\u00eb v\u00ebrtet\u00ebn.<\/span><\/span><\/span><\/div>\n<div style=\"text-align: center;\">\n<p>\t<span style=\"color:#000000;\"><span style=\"font-family: tahoma,geneva,sans-serif;\"><span style=\"font-size: 12px;\"><strong>Protopresviter Jani Trebicka,<br \/>\n\tKryesekretar i Sinodit t\u00eb Shenjt\u00eb<br \/>\n\tIkonom Stavrofor Joan Koroveshi<br \/>\n\tDt. 29.08.2012<br \/>\n\t<\/strong><\/span><\/span><\/span><\/div>\n","protected":false},"excerpt":{"rendered":"<p>Nuk ka asnj\u00eb prift orthodhoks autonom, q\u00eb nuk ka lidhje me nj\u00eb episkop lokal &nbsp;&nbsp;&nbsp; E nderuar redaksi e Gazeta Shqiptare, ne q\u00eb po ju shkruajm\u00eb, kemi qen\u00eb nd\u00ebr student\u00ebt e par\u00eb t\u00eb Seminarit Orthodhoks dhe nd\u00ebr klerik\u00ebt e par\u00eb t\u00eb dor\u00ebzuar. T\u00eb \u00e7uditur dhe t\u00eb revoltuar nga ato q\u00eb po lexojm\u00eb n\u00eb gazet\u00ebn tuaj, duam edhe ne t\u00eb themi fjal\u00ebn ton\u00eb t\u00eb p\u00ebrgjegjshme. &nbsp;&nbsp;&nbsp;<\/p>\n","protected":false},"author":1,"featured_media":0,"comment_status":"open","ping_status":"open","sticky":false,"template":"","format":"standard","meta":{"_acf_changed":false,"pagelayer_contact_templates":[],"_pagelayer_content":"","inline_featured_image":false,"fifu_image_url":"","fifu_image_alt":"","footnotes":""},"categories":[108],"tags":[142,196,212,203],"class_list":["post-1024","post","type-post","status-publish","format-standard","hentry","category-lajme","tag-142","tag-tirane","tag-lajme-d27","tag-pergjigje-ndaj-akuzave"],"acf":[],"yoast_head":"<!-- This site is optimized with the Yoast SEO plugin v27.2 - https:\/\/yoast.com\/product\/yoast-seo-wordpress\/ -->\n<title>NUK KA ASNJ\u00cb PRIFT ORTHODHOKS AUTONOM, Q\u00cb NUK KA LIDHJE ME NJ\u00cb EPISKOP LOKAL. (29 Gusht 2012) - Kisha Orthodh\u03bfkse Autoqefale e Shqip\u00ebris\u00eb<\/title>\n<meta name=\"robots\" content=\"index, follow, max-snippet:-1, max-image-preview:large, max-video-preview:-1\" \/>\n<link rel=\"canonical\" href=\"https:\/\/orthodoxalbania.org\/2020\/2013\/03\/21\/nuk-ka-asnje-prift-orthodhoks-autonom-qe-nuk-ka-lidhje-me-nje-episkop-lokal\/\" \/>\n<meta property=\"og:locale\" content=\"en_US\" \/>\n<meta property=\"og:type\" content=\"article\" \/>\n<meta property=\"og:title\" content=\"NUK KA ASNJ\u00cb PRIFT ORTHODHOKS AUTONOM, Q\u00cb NUK KA LIDHJE ME NJ\u00cb EPISKOP LOKAL. (29 Gusht 2012) - Kisha Orthodh\u03bfkse Autoqefale e Shqip\u00ebris\u00eb\" \/>\n<meta property=\"og:description\" content=\"Nuk ka asnj\u00eb prift orthodhoks autonom, q\u00eb nuk ka lidhje me nj\u00eb episkop lokal &nbsp;&nbsp;&nbsp; E nderuar redaksi e Gazeta Shqiptare, ne q\u00eb po ju shkruajm\u00eb, kemi qen\u00eb nd\u00ebr student\u00ebt e par\u00eb t\u00eb Seminarit Orthodhoks dhe nd\u00ebr klerik\u00ebt e par\u00eb t\u00eb dor\u00ebzuar. T\u00eb \u00e7uditur dhe t\u00eb revoltuar nga ato q\u00eb po lexojm\u00eb n\u00eb gazet\u00ebn tuaj, duam edhe ne t\u00eb themi fjal\u00ebn ton\u00eb t\u00eb p\u00ebrgjegjshme. &nbsp;&nbsp;&nbsp;\" \/>\n<meta property=\"og:url\" content=\"https:\/\/orthodoxalbania.org\/2020\/2013\/03\/21\/nuk-ka-asnje-prift-orthodhoks-autonom-qe-nuk-ka-lidhje-me-nje-episkop-lokal\/\" \/>\n<meta property=\"og:site_name\" content=\"Kisha Orthodh\u03bfkse Autoqefale e Shqip\u00ebris\u00eb\" \/>\n<meta property=\"article:publisher\" content=\"https:\/\/www.facebook.com\/koash1991\" \/>\n<meta property=\"article:published_time\" content=\"2013-03-21T12:17:27+00:00\" \/>\n<meta property=\"article:modified_time\" content=\"2020-04-06T20:05:59+00:00\" \/>\n<meta property=\"og:image\" content=\"https:\/\/lh6.googleusercontent.com\/-0sh5tte9xjQ\/T_2mER-T47I\/AAAAAAAAAjw\/0kGMtZnXRbY\/s200\/logo4.jpg\" \/>\n<meta name=\"author\" content=\"Kisha Orthodhokse\" \/>\n<meta name=\"twitter:card\" content=\"summary_large_image\" \/>\n<meta name=\"twitter:label1\" content=\"Written by\" \/>\n\t<meta name=\"twitter:data1\" content=\"Kisha Orthodhokse\" \/>\n\t<meta name=\"twitter:label2\" content=\"Est. reading time\" \/>\n\t<meta name=\"twitter:data2\" content=\"5 minutes\" \/>\n<script type=\"application\/ld+json\" class=\"yoast-schema-graph\">{\"@context\":\"https:\/\/schema.org\",\"@graph\":[{\"@type\":\"Article\",\"@id\":\"https:\/\/orthodoxalbania.org\/2020\/2013\/03\/21\/nuk-ka-asnje-prift-orthodhoks-autonom-qe-nuk-ka-lidhje-me-nje-episkop-lokal\/#article\",\"isPartOf\":{\"@id\":\"https:\/\/orthodoxalbania.org\/2020\/2013\/03\/21\/nuk-ka-asnje-prift-orthodhoks-autonom-qe-nuk-ka-lidhje-me-nje-episkop-lokal\/\"},\"author\":{\"name\":\"Kisha Orthodhokse\",\"@id\":\"https:\/\/orthodoxalbania.org\/2020\/#\/schema\/person\/0c387634a7063ac612d7ed9ce71c7e86\"},\"headline\":\"NUK KA ASNJ\u00cb PRIFT ORTHODHOKS AUTONOM, Q\u00cb NUK KA LIDHJE ME NJ\u00cb EPISKOP LOKAL. (29 Gusht 2012)\",\"datePublished\":\"2013-03-21T12:17:27+00:00\",\"dateModified\":\"2020-04-06T20:05:59+00:00\",\"mainEntityOfPage\":{\"@id\":\"https:\/\/orthodoxalbania.org\/2020\/2013\/03\/21\/nuk-ka-asnje-prift-orthodhoks-autonom-qe-nuk-ka-lidhje-me-nje-episkop-lokal\/\"},\"wordCount\":935,\"commentCount\":0,\"publisher\":{\"@id\":\"https:\/\/orthodoxalbania.org\/2020\/#organization\"},\"image\":{\"@id\":\"https:\/\/orthodoxalbania.org\/2020\/2013\/03\/21\/nuk-ka-asnje-prift-orthodhoks-autonom-qe-nuk-ka-lidhje-me-nje-episkop-lokal\/#primaryimage\"},\"thumbnailUrl\":\"https:\/\/lh6.googleusercontent.com\/-0sh5tte9xjQ\/T_2mER-T47I\/AAAAAAAAAjw\/0kGMtZnXRbY\/s200\/logo4.jpg\",\"keywords\":[\"2012\",\"Kryepiskopata Tiran\u00eb\",\"lajme\",\"P\u00ebrgjigje ndaj akuzave\"],\"articleSection\":[\"Lajme\"],\"inLanguage\":\"en-US\"},{\"@type\":\"WebPage\",\"@id\":\"https:\/\/orthodoxalbania.org\/2020\/2013\/03\/21\/nuk-ka-asnje-prift-orthodhoks-autonom-qe-nuk-ka-lidhje-me-nje-episkop-lokal\/\",\"url\":\"https:\/\/orthodoxalbania.org\/2020\/2013\/03\/21\/nuk-ka-asnje-prift-orthodhoks-autonom-qe-nuk-ka-lidhje-me-nje-episkop-lokal\/\",\"name\":\"NUK KA ASNJ\u00cb PRIFT ORTHODHOKS AUTONOM, Q\u00cb NUK KA LIDHJE ME NJ\u00cb EPISKOP LOKAL. (29 Gusht 2012) - Kisha Orthodh\u03bfkse Autoqefale e Shqip\u00ebris\u00eb\",\"isPartOf\":{\"@id\":\"https:\/\/orthodoxalbania.org\/2020\/#website\"},\"primaryImageOfPage\":{\"@id\":\"https:\/\/orthodoxalbania.org\/2020\/2013\/03\/21\/nuk-ka-asnje-prift-orthodhoks-autonom-qe-nuk-ka-lidhje-me-nje-episkop-lokal\/#primaryimage\"},\"image\":{\"@id\":\"https:\/\/orthodoxalbania.org\/2020\/2013\/03\/21\/nuk-ka-asnje-prift-orthodhoks-autonom-qe-nuk-ka-lidhje-me-nje-episkop-lokal\/#primaryimage\"},\"thumbnailUrl\":\"https:\/\/lh6.googleusercontent.com\/-0sh5tte9xjQ\/T_2mER-T47I\/AAAAAAAAAjw\/0kGMtZnXRbY\/s200\/logo4.jpg\",\"datePublished\":\"2013-03-21T12:17:27+00:00\",\"dateModified\":\"2020-04-06T20:05:59+00:00\",\"breadcrumb\":{\"@id\":\"https:\/\/orthodoxalbania.org\/2020\/2013\/03\/21\/nuk-ka-asnje-prift-orthodhoks-autonom-qe-nuk-ka-lidhje-me-nje-episkop-lokal\/#breadcrumb\"},\"inLanguage\":\"en-US\",\"potentialAction\":[{\"@type\":\"ReadAction\",\"target\":[\"https:\/\/orthodoxalbania.org\/2020\/2013\/03\/21\/nuk-ka-asnje-prift-orthodhoks-autonom-qe-nuk-ka-lidhje-me-nje-episkop-lokal\/\"]}]},{\"@type\":\"ImageObject\",\"inLanguage\":\"en-US\",\"@id\":\"https:\/\/orthodoxalbania.org\/2020\/2013\/03\/21\/nuk-ka-asnje-prift-orthodhoks-autonom-qe-nuk-ka-lidhje-me-nje-episkop-lokal\/#primaryimage\",\"url\":\"https:\/\/lh6.googleusercontent.com\/-0sh5tte9xjQ\/T_2mER-T47I\/AAAAAAAAAjw\/0kGMtZnXRbY\/s200\/logo4.jpg\",\"contentUrl\":\"https:\/\/lh6.googleusercontent.com\/-0sh5tte9xjQ\/T_2mER-T47I\/AAAAAAAAAjw\/0kGMtZnXRbY\/s200\/logo4.jpg\"},{\"@type\":\"BreadcrumbList\",\"@id\":\"https:\/\/orthodoxalbania.org\/2020\/2013\/03\/21\/nuk-ka-asnje-prift-orthodhoks-autonom-qe-nuk-ka-lidhje-me-nje-episkop-lokal\/#breadcrumb\",\"itemListElement\":[{\"@type\":\"ListItem\",\"position\":1,\"name\":\"Home\",\"item\":\"https:\/\/orthodoxalbania.org\/2020\/\"},{\"@type\":\"ListItem\",\"position\":2,\"name\":\"NUK KA ASNJ\u00cb PRIFT ORTHODHOKS AUTONOM, Q\u00cb NUK KA LIDHJE ME NJ\u00cb EPISKOP LOKAL. (29 Gusht 2012)\"}]},{\"@type\":\"WebSite\",\"@id\":\"https:\/\/orthodoxalbania.org\/2020\/#website\",\"url\":\"https:\/\/orthodoxalbania.org\/2020\/\",\"name\":\"Kisha Orthodh\u03bfkse Autoqefale e Shqip\u00ebris\u00eb\",\"description\":\"Fqja Zyrtare e Kish\u00ebs Orthodhokse Autoqefale e Shqip\u00ebris\u00eb me lajmet edhe informacionet zyrtare p\u00ebr struktur\u00ebn edhe veprimtarin e saj.\",\"publisher\":{\"@id\":\"https:\/\/orthodoxalbania.org\/2020\/#organization\"},\"potentialAction\":[{\"@type\":\"SearchAction\",\"target\":{\"@type\":\"EntryPoint\",\"urlTemplate\":\"https:\/\/orthodoxalbania.org\/2020\/?s={search_term_string}\"},\"query-input\":{\"@type\":\"PropertyValueSpecification\",\"valueRequired\":true,\"valueName\":\"search_term_string\"}}],\"inLanguage\":\"en-US\"},{\"@type\":\"Organization\",\"@id\":\"https:\/\/orthodoxalbania.org\/2020\/#organization\",\"name\":\"Kisha Orthodhokse Autoqefale e Shqip\u00ebris\u00eb\",\"url\":\"https:\/\/orthodoxalbania.org\/2020\/\",\"logo\":{\"@type\":\"ImageObject\",\"inLanguage\":\"en-US\",\"@id\":\"https:\/\/orthodoxalbania.org\/2020\/#\/schema\/logo\/image\/\",\"url\":\"https:\/\/orthodoxalbania.org\/2020\/wp-content\/uploads\/2020\/05\/albania.jpeg\",\"contentUrl\":\"https:\/\/orthodoxalbania.org\/2020\/wp-content\/uploads\/2020\/05\/albania.jpeg\",\"width\":540,\"height\":540,\"caption\":\"Kisha Orthodhokse Autoqefale e Shqip\u00ebris\u00eb\"},\"image\":{\"@id\":\"https:\/\/orthodoxalbania.org\/2020\/#\/schema\/logo\/image\/\"},\"sameAs\":[\"https:\/\/www.facebook.com\/koash1991\"]},{\"@type\":\"Person\",\"@id\":\"https:\/\/orthodoxalbania.org\/2020\/#\/schema\/person\/0c387634a7063ac612d7ed9ce71c7e86\",\"name\":\"Kisha Orthodhokse\",\"image\":{\"@type\":\"ImageObject\",\"inLanguage\":\"en-US\",\"@id\":\"https:\/\/secure.gravatar.com\/avatar\/596e7c417251e30f2fbb9c00e026fce61a695a00e51c889caded71c96cbbdde5?s=96&d=mm&r=g\",\"url\":\"https:\/\/secure.gravatar.com\/avatar\/596e7c417251e30f2fbb9c00e026fce61a695a00e51c889caded71c96cbbdde5?s=96&d=mm&r=g\",\"contentUrl\":\"https:\/\/secure.gravatar.com\/avatar\/596e7c417251e30f2fbb9c00e026fce61a695a00e51c889caded71c96cbbdde5?s=96&d=mm&r=g\",\"caption\":\"Kisha Orthodhokse\"}}]}<\/script>\n<!-- \/ Yoast SEO plugin. -->","yoast_head_json":{"title":"NUK KA ASNJ\u00cb PRIFT ORTHODHOKS AUTONOM, Q\u00cb NUK KA LIDHJE ME NJ\u00cb EPISKOP LOKAL. (29 Gusht 2012) - Kisha Orthodh\u03bfkse Autoqefale e Shqip\u00ebris\u00eb","robots":{"index":"index","follow":"follow","max-snippet":"max-snippet:-1","max-image-preview":"max-image-preview:large","max-video-preview":"max-video-preview:-1"},"canonical":"https:\/\/orthodoxalbania.org\/2020\/2013\/03\/21\/nuk-ka-asnje-prift-orthodhoks-autonom-qe-nuk-ka-lidhje-me-nje-episkop-lokal\/","og_locale":"en_US","og_type":"article","og_title":"NUK KA ASNJ\u00cb PRIFT ORTHODHOKS AUTONOM, Q\u00cb NUK KA LIDHJE ME NJ\u00cb EPISKOP LOKAL. (29 Gusht 2012) - Kisha Orthodh\u03bfkse Autoqefale e Shqip\u00ebris\u00eb","og_description":"Nuk ka asnj\u00eb prift orthodhoks autonom, q\u00eb nuk ka lidhje me nj\u00eb episkop lokal &nbsp;&nbsp;&nbsp; E nderuar redaksi e Gazeta Shqiptare, ne q\u00eb po ju shkruajm\u00eb, kemi qen\u00eb nd\u00ebr student\u00ebt e par\u00eb t\u00eb Seminarit Orthodhoks dhe nd\u00ebr klerik\u00ebt e par\u00eb t\u00eb dor\u00ebzuar. T\u00eb \u00e7uditur dhe t\u00eb revoltuar nga ato q\u00eb po lexojm\u00eb n\u00eb gazet\u00ebn tuaj, duam edhe ne t\u00eb themi fjal\u00ebn ton\u00eb t\u00eb p\u00ebrgjegjshme. &nbsp;&nbsp;&nbsp;","og_url":"https:\/\/orthodoxalbania.org\/2020\/2013\/03\/21\/nuk-ka-asnje-prift-orthodhoks-autonom-qe-nuk-ka-lidhje-me-nje-episkop-lokal\/","og_site_name":"Kisha Orthodh\u03bfkse Autoqefale e Shqip\u00ebris\u00eb","article_publisher":"https:\/\/www.facebook.com\/koash1991","article_published_time":"2013-03-21T12:17:27+00:00","article_modified_time":"2020-04-06T20:05:59+00:00","og_image":[{"url":"https:\/\/lh6.googleusercontent.com\/-0sh5tte9xjQ\/T_2mER-T47I\/AAAAAAAAAjw\/0kGMtZnXRbY\/s200\/logo4.jpg","type":"","width":"","height":""}],"author":"Kisha Orthodhokse","twitter_card":"summary_large_image","twitter_misc":{"Written by":"Kisha Orthodhokse","Est. reading time":"5 minutes"},"schema":{"@context":"https:\/\/schema.org","@graph":[{"@type":"Article","@id":"https:\/\/orthodoxalbania.org\/2020\/2013\/03\/21\/nuk-ka-asnje-prift-orthodhoks-autonom-qe-nuk-ka-lidhje-me-nje-episkop-lokal\/#article","isPartOf":{"@id":"https:\/\/orthodoxalbania.org\/2020\/2013\/03\/21\/nuk-ka-asnje-prift-orthodhoks-autonom-qe-nuk-ka-lidhje-me-nje-episkop-lokal\/"},"author":{"name":"Kisha Orthodhokse","@id":"https:\/\/orthodoxalbania.org\/2020\/#\/schema\/person\/0c387634a7063ac612d7ed9ce71c7e86"},"headline":"NUK KA ASNJ\u00cb PRIFT ORTHODHOKS AUTONOM, Q\u00cb NUK KA LIDHJE ME NJ\u00cb EPISKOP LOKAL. (29 Gusht 2012)","datePublished":"2013-03-21T12:17:27+00:00","dateModified":"2020-04-06T20:05:59+00:00","mainEntityOfPage":{"@id":"https:\/\/orthodoxalbania.org\/2020\/2013\/03\/21\/nuk-ka-asnje-prift-orthodhoks-autonom-qe-nuk-ka-lidhje-me-nje-episkop-lokal\/"},"wordCount":935,"commentCount":0,"publisher":{"@id":"https:\/\/orthodoxalbania.org\/2020\/#organization"},"image":{"@id":"https:\/\/orthodoxalbania.org\/2020\/2013\/03\/21\/nuk-ka-asnje-prift-orthodhoks-autonom-qe-nuk-ka-lidhje-me-nje-episkop-lokal\/#primaryimage"},"thumbnailUrl":"https:\/\/lh6.googleusercontent.com\/-0sh5tte9xjQ\/T_2mER-T47I\/AAAAAAAAAjw\/0kGMtZnXRbY\/s200\/logo4.jpg","keywords":["2012","Kryepiskopata Tiran\u00eb","lajme","P\u00ebrgjigje ndaj akuzave"],"articleSection":["Lajme"],"inLanguage":"en-US"},{"@type":"WebPage","@id":"https:\/\/orthodoxalbania.org\/2020\/2013\/03\/21\/nuk-ka-asnje-prift-orthodhoks-autonom-qe-nuk-ka-lidhje-me-nje-episkop-lokal\/","url":"https:\/\/orthodoxalbania.org\/2020\/2013\/03\/21\/nuk-ka-asnje-prift-orthodhoks-autonom-qe-nuk-ka-lidhje-me-nje-episkop-lokal\/","name":"NUK KA ASNJ\u00cb PRIFT ORTHODHOKS AUTONOM, Q\u00cb NUK KA LIDHJE ME NJ\u00cb EPISKOP LOKAL. (29 Gusht 2012) - Kisha Orthodh\u03bfkse Autoqefale e Shqip\u00ebris\u00eb","isPartOf":{"@id":"https:\/\/orthodoxalbania.org\/2020\/#website"},"primaryImageOfPage":{"@id":"https:\/\/orthodoxalbania.org\/2020\/2013\/03\/21\/nuk-ka-asnje-prift-orthodhoks-autonom-qe-nuk-ka-lidhje-me-nje-episkop-lokal\/#primaryimage"},"image":{"@id":"https:\/\/orthodoxalbania.org\/2020\/2013\/03\/21\/nuk-ka-asnje-prift-orthodhoks-autonom-qe-nuk-ka-lidhje-me-nje-episkop-lokal\/#primaryimage"},"thumbnailUrl":"https:\/\/lh6.googleusercontent.com\/-0sh5tte9xjQ\/T_2mER-T47I\/AAAAAAAAAjw\/0kGMtZnXRbY\/s200\/logo4.jpg","datePublished":"2013-03-21T12:17:27+00:00","dateModified":"2020-04-06T20:05:59+00:00","breadcrumb":{"@id":"https:\/\/orthodoxalbania.org\/2020\/2013\/03\/21\/nuk-ka-asnje-prift-orthodhoks-autonom-qe-nuk-ka-lidhje-me-nje-episkop-lokal\/#breadcrumb"},"inLanguage":"en-US","potentialAction":[{"@type":"ReadAction","target":["https:\/\/orthodoxalbania.org\/2020\/2013\/03\/21\/nuk-ka-asnje-prift-orthodhoks-autonom-qe-nuk-ka-lidhje-me-nje-episkop-lokal\/"]}]},{"@type":"ImageObject","inLanguage":"en-US","@id":"https:\/\/orthodoxalbania.org\/2020\/2013\/03\/21\/nuk-ka-asnje-prift-orthodhoks-autonom-qe-nuk-ka-lidhje-me-nje-episkop-lokal\/#primaryimage","url":"https:\/\/lh6.googleusercontent.com\/-0sh5tte9xjQ\/T_2mER-T47I\/AAAAAAAAAjw\/0kGMtZnXRbY\/s200\/logo4.jpg","contentUrl":"https:\/\/lh6.googleusercontent.com\/-0sh5tte9xjQ\/T_2mER-T47I\/AAAAAAAAAjw\/0kGMtZnXRbY\/s200\/logo4.jpg"},{"@type":"BreadcrumbList","@id":"https:\/\/orthodoxalbania.org\/2020\/2013\/03\/21\/nuk-ka-asnje-prift-orthodhoks-autonom-qe-nuk-ka-lidhje-me-nje-episkop-lokal\/#breadcrumb","itemListElement":[{"@type":"ListItem","position":1,"name":"Home","item":"https:\/\/orthodoxalbania.org\/2020\/"},{"@type":"ListItem","position":2,"name":"NUK KA ASNJ\u00cb PRIFT ORTHODHOKS AUTONOM, Q\u00cb NUK KA LIDHJE ME NJ\u00cb EPISKOP LOKAL. (29 Gusht 2012)"}]},{"@type":"WebSite","@id":"https:\/\/orthodoxalbania.org\/2020\/#website","url":"https:\/\/orthodoxalbania.org\/2020\/","name":"Kisha Orthodh\u03bfkse Autoqefale e Shqip\u00ebris\u00eb","description":"Fqja Zyrtare e Kish\u00ebs Orthodhokse Autoqefale e Shqip\u00ebris\u00eb me lajmet edhe informacionet zyrtare p\u00ebr struktur\u00ebn edhe veprimtarin e saj.","publisher":{"@id":"https:\/\/orthodoxalbania.org\/2020\/#organization"},"potentialAction":[{"@type":"SearchAction","target":{"@type":"EntryPoint","urlTemplate":"https:\/\/orthodoxalbania.org\/2020\/?s={search_term_string}"},"query-input":{"@type":"PropertyValueSpecification","valueRequired":true,"valueName":"search_term_string"}}],"inLanguage":"en-US"},{"@type":"Organization","@id":"https:\/\/orthodoxalbania.org\/2020\/#organization","name":"Kisha Orthodhokse Autoqefale e Shqip\u00ebris\u00eb","url":"https:\/\/orthodoxalbania.org\/2020\/","logo":{"@type":"ImageObject","inLanguage":"en-US","@id":"https:\/\/orthodoxalbania.org\/2020\/#\/schema\/logo\/image\/","url":"https:\/\/orthodoxalbania.org\/2020\/wp-content\/uploads\/2020\/05\/albania.jpeg","contentUrl":"https:\/\/orthodoxalbania.org\/2020\/wp-content\/uploads\/2020\/05\/albania.jpeg","width":540,"height":540,"caption":"Kisha Orthodhokse Autoqefale e Shqip\u00ebris\u00eb"},"image":{"@id":"https:\/\/orthodoxalbania.org\/2020\/#\/schema\/logo\/image\/"},"sameAs":["https:\/\/www.facebook.com\/koash1991"]},{"@type":"Person","@id":"https:\/\/orthodoxalbania.org\/2020\/#\/schema\/person\/0c387634a7063ac612d7ed9ce71c7e86","name":"Kisha Orthodhokse","image":{"@type":"ImageObject","inLanguage":"en-US","@id":"https:\/\/secure.gravatar.com\/avatar\/596e7c417251e30f2fbb9c00e026fce61a695a00e51c889caded71c96cbbdde5?s=96&d=mm&r=g","url":"https:\/\/secure.gravatar.com\/avatar\/596e7c417251e30f2fbb9c00e026fce61a695a00e51c889caded71c96cbbdde5?s=96&d=mm&r=g","contentUrl":"https:\/\/secure.gravatar.com\/avatar\/596e7c417251e30f2fbb9c00e026fce61a695a00e51c889caded71c96cbbdde5?s=96&d=mm&r=g","caption":"Kisha Orthodhokse"}}]}},"_links":{"self":[{"href":"https:\/\/orthodoxalbania.org\/2020\/wp-json\/wp\/v2\/posts\/1024","targetHints":{"allow":["GET"]}}],"collection":[{"href":"https:\/\/orthodoxalbania.org\/2020\/wp-json\/wp\/v2\/posts"}],"about":[{"href":"https:\/\/orthodoxalbania.org\/2020\/wp-json\/wp\/v2\/types\/post"}],"author":[{"embeddable":true,"href":"https:\/\/orthodoxalbania.org\/2020\/wp-json\/wp\/v2\/users\/1"}],"replies":[{"embeddable":true,"href":"https:\/\/orthodoxalbania.org\/2020\/wp-json\/wp\/v2\/comments?post=1024"}],"version-history":[{"count":1,"href":"https:\/\/orthodoxalbania.org\/2020\/wp-json\/wp\/v2\/posts\/1024\/revisions"}],"predecessor-version":[{"id":15298,"href":"https:\/\/orthodoxalbania.org\/2020\/wp-json\/wp\/v2\/posts\/1024\/revisions\/15298"}],"wp:attachment":[{"href":"https:\/\/orthodoxalbania.org\/2020\/wp-json\/wp\/v2\/media?parent=1024"}],"wp:term":[{"taxonomy":"category","embeddable":true,"href":"https:\/\/orthodoxalbania.org\/2020\/wp-json\/wp\/v2\/categories?post=1024"},{"taxonomy":"post_tag","embeddable":true,"href":"https:\/\/orthodoxalbania.org\/2020\/wp-json\/wp\/v2\/tags?post=1024"}],"curies":[{"name":"wp","href":"https:\/\/api.w.org\/{rel}","templated":true}]}}