{"id":1023,"date":"2013-03-21T12:31:02","date_gmt":"2013-03-21T12:31:02","guid":{"rendered":""},"modified":"2020-04-13T00:30:55","modified_gmt":"2020-04-12T22:30:55","slug":"november-28th-is-celebrated-in-vlora-with-majesty","status":"publish","type":"post","link":"https:\/\/orthodoxalbania.org\/2020\/en\/2013\/03\/21\/november-28th-is-celebrated-in-vlora-with-majesty\/","title":{"rendered":"November 28th 2012 is Celebrated in Vlora with Majesty."},"content":{"rendered":"<div style=\"text-align: justify;\"><span style=\"color: #000000;\"><img class=\"lazyload\" decoding=\"async\" style=\"width: 300px; height: 225px; border-width: 1px; border-style: solid; margin: 10px; float: left;\" alt=\"\" src=\"data:image\/gif;base64,R0lGODlhAQABAAAAACH5BAEKAAEALAAAAAABAAEAAAICTAEAOw==\" data-orig-src=\"https:\/\/lh5.googleusercontent.com\/-9kx_1K2p7yk\/ULcpr32yhyI\/AAAAAAAABSU\/isd7ZYmo1f0\/s640\/PB080047.JPG\" \/>&nbsp;&nbsp;&nbsp; <span style=\"font-family: tahoma,geneva,sans-serif;\"><span style=\"font-size: 12px;\">The Birthday of the Albanian state, November 28th. One hundred years ago the old man of Vlora,&nbsp; Ismail Qemal Bey Vlora made the dream and the efforts of many Albanians to have an independent state a reality. It was on this day that delegates from all the regions of Albania came together under the direction of the Elder of Vlora and signed the Declaration of Independence and raised the national flag. On that day Muslim, Orthodox, Catholic and Bektashi come together. Today, we are proud of all of those people that are signators. We feel good also when we see among them Orthodox people such as Dhimit\u00ebr Tutulani, Jorgji Karbunara, Lef Nosi, Petro Poga , Aristidh Ruci, Pandeli Cale, Thanas Floqi, Spiridon Ilo, Jani Minga, Dhimit\u00ebr Zografi, Dhimit\u00ebr Mborja, Dhimit\u00ebr Berati e Dhimit\u00ebr Ilo. This reveals that the Orthodox were always found ready to give their assistance when the nation was in difficult moments. Three of the Orthodox signatures: Lef Nosi, Petro Poga and Pandeli Cale were elected members of the first Albanian government led by Ismail Qemal.<\/span><\/span><\/span><\/div>\n<div style=\"text-align: justify;\"> <span style=\"color: #000000;\"><span style=\"font-family: tahoma,geneva,sans-serif;\"><span style=\"font-size: 12px;\">&nbsp;&nbsp; &nbsp;Today, after 100 years in the Square of the Flag in Vlora, as then, Muslim, Orthodox, Catholic and Bektashi from all the regions were Albanians live gathered together to commemorate the birthday of the Albanian state, and to enjoy and celebrate together. Celebrations in Vlora have been underway for days and the guests approved once again of the generosity and hospitality of the citizens of Vlora.<\/span><\/span><\/span><\/div>\n<div style=\"text-align: justify;\"> <span style=\"color: #000000;\"><span style=\"font-family: tahoma,geneva,sans-serif;\"><span style=\"font-size: 12px;\">&nbsp;&nbsp; &nbsp;Thousands of people in the early hours of the morning filled the Flag\u2019s Square and the surrounding streets. Attending were the President of the Republic Mr. Bujar Nishani, Prime Minister Mr. Sali Berisha, Parliament Speaker Mrs. Jozefina Topalli, the President of Kosovo Mrs. Atifete Jahjaga, the Prime Minister of Kosovo Mr. Hashim Thaci, the diplomatic corps, President of the Opposition Mr. Edi Rama, members of the Albanian government, intellectuals and many other invited guests. Also present were representatives of the Muslim, Bektashi, Roman Catholic and Orthodox Communities. The Orthodox Church was represented by the Bishop of Berati, Vlora and Kanina, His Grace Ignati.<\/span><\/span><\/span><\/div>\n<div style=\"text-align: justify;\"> <span style=\"color: #000000;\"><span style=\"font-family: tahoma,geneva,sans-serif;\"><span style=\"font-size: 12px;\">&nbsp; &nbsp; At 10:00 the official ceremony began. The President, Mr.Bujar Nishani raised the flag and then laid a wreath of flowers at the monument tomb of Ismail Qemali. Then the Mayor, Mr. Shp\u00ebtim Gjika, offered his greetings for this event in which he welcomed all the people present. After the Mayor\u2019s speech, came the speech of the president Bujar Nishani. After this ceremony, everyone headed to the sports palace to attend the festive concert prepared for this occasion. At this concert the Bishop of Berati, Vlora and Kanina, His Grace Ignati was present..<\/span><\/span><\/span><\/div>\n<div style=\"text-align: justify;\"> <span style=\"color: #000000;\"><span style=\"font-family: tahoma,geneva,sans-serif;\"><span style=\"font-size: 12px;\">&nbsp;&nbsp; &nbsp;The feast in Vlora continued throughout the day. Singers and groups of dancers from all the regions of Albania were seen in all the streets singing and dancing. It was truly a great joy. With this article we wish everyone Happy 100th Anniversary of Independence.<\/span><\/span><\/span><\/div>\n<div style=\"text-align: justify;\">&nbsp;<\/div>\n<div style=\"text-align: right;\"><span style=\"color: #000000;\"><span style=\"font-family: tahoma,geneva,sans-serif;\"><span style=\"font-size: 12px;\"><strong>At\u00eb Spiro Bulika<\/strong><\/span><\/span><\/span><\/div>\n<p><span style=\"color: #000000;\"><img class=\"lazyload\" decoding=\"async\" style=\"width: 600px; height: 450px; border-width: 1px; border-style: solid; margin: 10px; float: left;\" alt=\"\" src=\"data:image\/gif;base64,R0lGODlhAQABAAAAACH5BAEKAAEALAAAAAABAAEAAAICTAEAOw==\" data-orig-src=\"https:\/\/lh5.googleusercontent.com\/-9kx_1K2p7yk\/ULcpr32yhyI\/AAAAAAAABSU\/isd7ZYmo1f0\/s640\/PB080047.JPG\" \/><\/span><\/p>\n<p><span style=\"color: #000000;\"><img class=\"lazyload\" decoding=\"async\" style=\"width: 600px; height: 450px; border-width: 1px; border-style: solid; margin: 10px; float: left;\" alt=\"\" src=\"data:image\/gif;base64,R0lGODlhAQABAAAAACH5BAEKAAEALAAAAAABAAEAAAICTAEAOw==\" data-orig-src=\"https:\/\/lh4.googleusercontent.com\/-4TDylJsWrhI\/ULcprjW2FBI\/AAAAAAAABSQ\/p1tzNU1TB70\/s640\/PB080023.JPG\" \/><\/span><\/p>\n<p><span style=\"color: #000000;\"><img class=\"lazyload\" decoding=\"async\" style=\"width: 600px; height: 480px; border-width: 1px; border-style: solid; margin: 10px; float: left;\" alt=\"\" src=\"data:image\/gif;base64,R0lGODlhAQABAAAAACH5BAEKAAEALAAAAAABAAEAAAICTAEAOw==\" data-orig-src=\"https:\/\/lh4.googleusercontent.com\/--RhvWbRV12s\/ULcpyA-sPfI\/AAAAAAAABS4\/2s0FdI5wB1Y\/s640\/Photo-0011.jpg\" \/><\/span><\/p>\n<p><span style=\"color: #000000;\"><img class=\"lazyload\" decoding=\"async\" style=\"width: 600px; height: 480px; border-width: 1px; border-style: solid; margin: 10px; float: left;\" alt=\"\" src=\"data:image\/gif;base64,R0lGODlhAQABAAAAACH5BAEKAAEALAAAAAABAAEAAAICTAEAOw==\" data-orig-src=\"https:\/\/lh5.googleusercontent.com\/-Z3_JrSqW7O8\/ULcpvfAoPzI\/AAAAAAAABSo\/sEyvwM8SViM\/s640\/Photo-0009.jpg\" \/><\/span><\/p>\n<p><span style=\"color: #000000;\"><img class=\"lazyload\" decoding=\"async\" style=\"width: 600px; height: 450px; border-width: 1px; border-style: solid; margin: 10px; float: left;\" alt=\"\" src=\"data:image\/gif;base64,R0lGODlhAQABAAAAACH5BAEKAAEALAAAAAABAAEAAAICTAEAOw==\" data-orig-src=\"https:\/\/lh5.googleusercontent.com\/-qOvvF0EJxiw\/ULcp7QNUCnI\/AAAAAAAABTA\/1h3FnX5ia20\/s640\/PB080053.JPG\" \/><\/span><\/p>\n<p> &nbsp;<\/p>\n","protected":false},"excerpt":{"rendered":"<p>&nbsp;&nbsp;&nbsp; The Birthday of the Albanian state, November 28th. One hundred years ago the old man of Vlora,&nbsp; Ismail Qemal Bey Vlora made the dream and the efforts of many Albanians to have an independent state a reality. It was on this day that delegates from all the regions of Albania came together under the direction of the Elder of Vlora and signed the Declaration<\/p>\n","protected":false},"author":7,"featured_media":0,"comment_status":"open","ping_status":"open","sticky":false,"template":"","format":"standard","meta":{"_acf_changed":false,"pagelayer_contact_templates":[],"_pagelayer_content":"","inline_featured_image":false,"fifu_image_url":"","fifu_image_alt":"","footnotes":""},"categories":[1455,311],"tags":[1137,1185],"class_list":["post-1023","post","type-post","status-publish","format-standard","hentry","category-news-en","category-news-d25","tag-2012-en","tag-events"],"acf":[],"yoast_head":"<!-- This site is optimized with the Yoast SEO plugin v27.2 - https:\/\/yoast.com\/product\/yoast-seo-wordpress\/ -->\n<title>November 28th 2012 is Celebrated in Vlora with Majesty. - Kisha Orthodh\u03bfkse Autoqefale e Shqip\u00ebris\u00eb<\/title>\n<meta name=\"robots\" content=\"index, follow, max-snippet:-1, max-image-preview:large, max-video-preview:-1\" \/>\n<link rel=\"canonical\" href=\"https:\/\/orthodoxalbania.org\/2020\/en\/2013\/03\/21\/november-28th-is-celebrated-in-vlora-with-majesty\/\" \/>\n<meta property=\"og:locale\" content=\"en_US\" \/>\n<meta property=\"og:type\" content=\"article\" \/>\n<meta property=\"og:title\" content=\"November 28th 2012 is Celebrated in Vlora with Majesty. - Kisha Orthodh\u03bfkse Autoqefale e Shqip\u00ebris\u00eb\" \/>\n<meta property=\"og:description\" content=\"&nbsp;&nbsp;&nbsp; The Birthday of the Albanian state, November 28th. One hundred years ago the old man of Vlora,&nbsp; Ismail Qemal Bey Vlora made the dream and the efforts of many Albanians to have an independent state a reality. It was on this day that delegates from all the regions of Albania came together under the direction of the Elder of Vlora and signed the Declaration\" \/>\n<meta property=\"og:url\" content=\"https:\/\/orthodoxalbania.org\/2020\/en\/2013\/03\/21\/november-28th-is-celebrated-in-vlora-with-majesty\/\" \/>\n<meta property=\"og:site_name\" content=\"Kisha Orthodh\u03bfkse Autoqefale e Shqip\u00ebris\u00eb\" \/>\n<meta property=\"article:publisher\" content=\"https:\/\/www.facebook.com\/koash1991\" \/>\n<meta property=\"article:published_time\" content=\"2013-03-21T12:31:02+00:00\" \/>\n<meta property=\"article:modified_time\" content=\"2020-04-12T22:30:55+00:00\" \/>\n<meta property=\"og:image\" content=\"https:\/\/lh5.googleusercontent.com\/-9kx_1K2p7yk\/ULcpr32yhyI\/AAAAAAAABSU\/isd7ZYmo1f0\/s640\/PB080047.JPG\" \/>\n<meta name=\"author\" content=\"Kisha Orthodhokse\" \/>\n<meta name=\"twitter:card\" content=\"summary_large_image\" \/>\n<meta name=\"twitter:label1\" content=\"Written by\" \/>\n\t<meta name=\"twitter:data1\" content=\"Kisha Orthodhokse\" \/>\n\t<meta name=\"twitter:label2\" content=\"Est. reading time\" \/>\n\t<meta name=\"twitter:data2\" content=\"3 minutes\" \/>\n<script type=\"application\/ld+json\" class=\"yoast-schema-graph\">{\"@context\":\"https:\/\/schema.org\",\"@graph\":[{\"@type\":\"Article\",\"@id\":\"https:\/\/orthodoxalbania.org\/2020\/en\/2013\/03\/21\/november-28th-is-celebrated-in-vlora-with-majesty\/#article\",\"isPartOf\":{\"@id\":\"https:\/\/orthodoxalbania.org\/2020\/en\/2013\/03\/21\/november-28th-is-celebrated-in-vlora-with-majesty\/\"},\"author\":{\"name\":\"Kisha Orthodhokse\",\"@id\":\"https:\/\/orthodoxalbania.org\/2020\/#\/schema\/person\/df745f942b70e045b3dc05a30211f0de\"},\"headline\":\"November 28th 2012 is Celebrated in Vlora with Majesty.\",\"datePublished\":\"2013-03-21T12:31:02+00:00\",\"dateModified\":\"2020-04-12T22:30:55+00:00\",\"mainEntityOfPage\":{\"@id\":\"https:\/\/orthodoxalbania.org\/2020\/en\/2013\/03\/21\/november-28th-is-celebrated-in-vlora-with-majesty\/\"},\"wordCount\":518,\"commentCount\":0,\"publisher\":{\"@id\":\"https:\/\/orthodoxalbania.org\/2020\/#organization\"},\"image\":{\"@id\":\"https:\/\/orthodoxalbania.org\/2020\/en\/2013\/03\/21\/november-28th-is-celebrated-in-vlora-with-majesty\/#primaryimage\"},\"thumbnailUrl\":\"https:\/\/lh5.googleusercontent.com\/-9kx_1K2p7yk\/ULcpr32yhyI\/AAAAAAAABSU\/isd7ZYmo1f0\/s640\/PB080047.JPG\",\"keywords\":[\"2012\",\"Events\"],\"articleSection\":[\"News - \u0395\u039d\",\"News old page\"],\"inLanguage\":\"en-US\"},{\"@type\":\"WebPage\",\"@id\":\"https:\/\/orthodoxalbania.org\/2020\/en\/2013\/03\/21\/november-28th-is-celebrated-in-vlora-with-majesty\/\",\"url\":\"https:\/\/orthodoxalbania.org\/2020\/en\/2013\/03\/21\/november-28th-is-celebrated-in-vlora-with-majesty\/\",\"name\":\"November 28th 2012 is Celebrated in Vlora with Majesty. - Kisha Orthodh\u03bfkse Autoqefale e Shqip\u00ebris\u00eb\",\"isPartOf\":{\"@id\":\"https:\/\/orthodoxalbania.org\/2020\/#website\"},\"primaryImageOfPage\":{\"@id\":\"https:\/\/orthodoxalbania.org\/2020\/en\/2013\/03\/21\/november-28th-is-celebrated-in-vlora-with-majesty\/#primaryimage\"},\"image\":{\"@id\":\"https:\/\/orthodoxalbania.org\/2020\/en\/2013\/03\/21\/november-28th-is-celebrated-in-vlora-with-majesty\/#primaryimage\"},\"thumbnailUrl\":\"https:\/\/lh5.googleusercontent.com\/-9kx_1K2p7yk\/ULcpr32yhyI\/AAAAAAAABSU\/isd7ZYmo1f0\/s640\/PB080047.JPG\",\"datePublished\":\"2013-03-21T12:31:02+00:00\",\"dateModified\":\"2020-04-12T22:30:55+00:00\",\"breadcrumb\":{\"@id\":\"https:\/\/orthodoxalbania.org\/2020\/en\/2013\/03\/21\/november-28th-is-celebrated-in-vlora-with-majesty\/#breadcrumb\"},\"inLanguage\":\"en-US\",\"potentialAction\":[{\"@type\":\"ReadAction\",\"target\":[\"https:\/\/orthodoxalbania.org\/2020\/en\/2013\/03\/21\/november-28th-is-celebrated-in-vlora-with-majesty\/\"]}]},{\"@type\":\"ImageObject\",\"inLanguage\":\"en-US\",\"@id\":\"https:\/\/orthodoxalbania.org\/2020\/en\/2013\/03\/21\/november-28th-is-celebrated-in-vlora-with-majesty\/#primaryimage\",\"url\":\"https:\/\/lh5.googleusercontent.com\/-9kx_1K2p7yk\/ULcpr32yhyI\/AAAAAAAABSU\/isd7ZYmo1f0\/s640\/PB080047.JPG\",\"contentUrl\":\"https:\/\/lh5.googleusercontent.com\/-9kx_1K2p7yk\/ULcpr32yhyI\/AAAAAAAABSU\/isd7ZYmo1f0\/s640\/PB080047.JPG\"},{\"@type\":\"BreadcrumbList\",\"@id\":\"https:\/\/orthodoxalbania.org\/2020\/en\/2013\/03\/21\/november-28th-is-celebrated-in-vlora-with-majesty\/#breadcrumb\",\"itemListElement\":[{\"@type\":\"ListItem\",\"position\":1,\"name\":\"Home\",\"item\":\"https:\/\/orthodoxalbania.org\/2020\/\"},{\"@type\":\"ListItem\",\"position\":2,\"name\":\"November 28th 2012 is Celebrated in Vlora with Majesty.\"}]},{\"@type\":\"WebSite\",\"@id\":\"https:\/\/orthodoxalbania.org\/2020\/#website\",\"url\":\"https:\/\/orthodoxalbania.org\/2020\/\",\"name\":\"Kisha Orthodh\u03bfkse Autoqefale e Shqip\u00ebris\u00eb\",\"description\":\"Fqja Zyrtare e Kish\u00ebs Orthodhokse Autoqefale e Shqip\u00ebris\u00eb me lajmet edhe informacionet zyrtare p\u00ebr struktur\u00ebn edhe veprimtarin e saj.\",\"publisher\":{\"@id\":\"https:\/\/orthodoxalbania.org\/2020\/#organization\"},\"potentialAction\":[{\"@type\":\"SearchAction\",\"target\":{\"@type\":\"EntryPoint\",\"urlTemplate\":\"https:\/\/orthodoxalbania.org\/2020\/?s={search_term_string}\"},\"query-input\":{\"@type\":\"PropertyValueSpecification\",\"valueRequired\":true,\"valueName\":\"search_term_string\"}}],\"inLanguage\":\"en-US\"},{\"@type\":\"Organization\",\"@id\":\"https:\/\/orthodoxalbania.org\/2020\/#organization\",\"name\":\"Kisha Orthodhokse Autoqefale e Shqip\u00ebris\u00eb\",\"url\":\"https:\/\/orthodoxalbania.org\/2020\/\",\"logo\":{\"@type\":\"ImageObject\",\"inLanguage\":\"en-US\",\"@id\":\"https:\/\/orthodoxalbania.org\/2020\/#\/schema\/logo\/image\/\",\"url\":\"https:\/\/orthodoxalbania.org\/2020\/wp-content\/uploads\/2020\/05\/albania.jpeg\",\"contentUrl\":\"https:\/\/orthodoxalbania.org\/2020\/wp-content\/uploads\/2020\/05\/albania.jpeg\",\"width\":540,\"height\":540,\"caption\":\"Kisha Orthodhokse Autoqefale e Shqip\u00ebris\u00eb\"},\"image\":{\"@id\":\"https:\/\/orthodoxalbania.org\/2020\/#\/schema\/logo\/image\/\"},\"sameAs\":[\"https:\/\/www.facebook.com\/koash1991\"]},{\"@type\":\"Person\",\"@id\":\"https:\/\/orthodoxalbania.org\/2020\/#\/schema\/person\/df745f942b70e045b3dc05a30211f0de\",\"name\":\"Kisha Orthodhokse\",\"image\":{\"@type\":\"ImageObject\",\"inLanguage\":\"en-US\",\"@id\":\"https:\/\/secure.gravatar.com\/avatar\/2676eb8d97178435c9f691a7871595a1da6c33542dec218bce40885573150e28?s=96&d=mm&r=g\",\"url\":\"https:\/\/secure.gravatar.com\/avatar\/2676eb8d97178435c9f691a7871595a1da6c33542dec218bce40885573150e28?s=96&d=mm&r=g\",\"contentUrl\":\"https:\/\/secure.gravatar.com\/avatar\/2676eb8d97178435c9f691a7871595a1da6c33542dec218bce40885573150e28?s=96&d=mm&r=g\",\"caption\":\"Kisha Orthodhokse\"}}]}<\/script>\n<!-- \/ Yoast SEO plugin. -->","yoast_head_json":{"title":"November 28th 2012 is Celebrated in Vlora with Majesty. - Kisha Orthodh\u03bfkse Autoqefale e Shqip\u00ebris\u00eb","robots":{"index":"index","follow":"follow","max-snippet":"max-snippet:-1","max-image-preview":"max-image-preview:large","max-video-preview":"max-video-preview:-1"},"canonical":"https:\/\/orthodoxalbania.org\/2020\/en\/2013\/03\/21\/november-28th-is-celebrated-in-vlora-with-majesty\/","og_locale":"en_US","og_type":"article","og_title":"November 28th 2012 is Celebrated in Vlora with Majesty. - Kisha Orthodh\u03bfkse Autoqefale e Shqip\u00ebris\u00eb","og_description":"&nbsp;&nbsp;&nbsp; The Birthday of the Albanian state, November 28th. One hundred years ago the old man of Vlora,&nbsp; Ismail Qemal Bey Vlora made the dream and the efforts of many Albanians to have an independent state a reality. It was on this day that delegates from all the regions of Albania came together under the direction of the Elder of Vlora and signed the Declaration","og_url":"https:\/\/orthodoxalbania.org\/2020\/en\/2013\/03\/21\/november-28th-is-celebrated-in-vlora-with-majesty\/","og_site_name":"Kisha Orthodh\u03bfkse Autoqefale e Shqip\u00ebris\u00eb","article_publisher":"https:\/\/www.facebook.com\/koash1991","article_published_time":"2013-03-21T12:31:02+00:00","article_modified_time":"2020-04-12T22:30:55+00:00","og_image":[{"url":"https:\/\/lh5.googleusercontent.com\/-9kx_1K2p7yk\/ULcpr32yhyI\/AAAAAAAABSU\/isd7ZYmo1f0\/s640\/PB080047.JPG","type":"","width":"","height":""}],"author":"Kisha Orthodhokse","twitter_card":"summary_large_image","twitter_misc":{"Written by":"Kisha Orthodhokse","Est. reading time":"3 minutes"},"schema":{"@context":"https:\/\/schema.org","@graph":[{"@type":"Article","@id":"https:\/\/orthodoxalbania.org\/2020\/en\/2013\/03\/21\/november-28th-is-celebrated-in-vlora-with-majesty\/#article","isPartOf":{"@id":"https:\/\/orthodoxalbania.org\/2020\/en\/2013\/03\/21\/november-28th-is-celebrated-in-vlora-with-majesty\/"},"author":{"name":"Kisha Orthodhokse","@id":"https:\/\/orthodoxalbania.org\/2020\/#\/schema\/person\/df745f942b70e045b3dc05a30211f0de"},"headline":"November 28th 2012 is Celebrated in Vlora with Majesty.","datePublished":"2013-03-21T12:31:02+00:00","dateModified":"2020-04-12T22:30:55+00:00","mainEntityOfPage":{"@id":"https:\/\/orthodoxalbania.org\/2020\/en\/2013\/03\/21\/november-28th-is-celebrated-in-vlora-with-majesty\/"},"wordCount":518,"commentCount":0,"publisher":{"@id":"https:\/\/orthodoxalbania.org\/2020\/#organization"},"image":{"@id":"https:\/\/orthodoxalbania.org\/2020\/en\/2013\/03\/21\/november-28th-is-celebrated-in-vlora-with-majesty\/#primaryimage"},"thumbnailUrl":"https:\/\/lh5.googleusercontent.com\/-9kx_1K2p7yk\/ULcpr32yhyI\/AAAAAAAABSU\/isd7ZYmo1f0\/s640\/PB080047.JPG","keywords":["2012","Events"],"articleSection":["News - \u0395\u039d","News old page"],"inLanguage":"en-US"},{"@type":"WebPage","@id":"https:\/\/orthodoxalbania.org\/2020\/en\/2013\/03\/21\/november-28th-is-celebrated-in-vlora-with-majesty\/","url":"https:\/\/orthodoxalbania.org\/2020\/en\/2013\/03\/21\/november-28th-is-celebrated-in-vlora-with-majesty\/","name":"November 28th 2012 is Celebrated in Vlora with Majesty. - Kisha Orthodh\u03bfkse Autoqefale e Shqip\u00ebris\u00eb","isPartOf":{"@id":"https:\/\/orthodoxalbania.org\/2020\/#website"},"primaryImageOfPage":{"@id":"https:\/\/orthodoxalbania.org\/2020\/en\/2013\/03\/21\/november-28th-is-celebrated-in-vlora-with-majesty\/#primaryimage"},"image":{"@id":"https:\/\/orthodoxalbania.org\/2020\/en\/2013\/03\/21\/november-28th-is-celebrated-in-vlora-with-majesty\/#primaryimage"},"thumbnailUrl":"https:\/\/lh5.googleusercontent.com\/-9kx_1K2p7yk\/ULcpr32yhyI\/AAAAAAAABSU\/isd7ZYmo1f0\/s640\/PB080047.JPG","datePublished":"2013-03-21T12:31:02+00:00","dateModified":"2020-04-12T22:30:55+00:00","breadcrumb":{"@id":"https:\/\/orthodoxalbania.org\/2020\/en\/2013\/03\/21\/november-28th-is-celebrated-in-vlora-with-majesty\/#breadcrumb"},"inLanguage":"en-US","potentialAction":[{"@type":"ReadAction","target":["https:\/\/orthodoxalbania.org\/2020\/en\/2013\/03\/21\/november-28th-is-celebrated-in-vlora-with-majesty\/"]}]},{"@type":"ImageObject","inLanguage":"en-US","@id":"https:\/\/orthodoxalbania.org\/2020\/en\/2013\/03\/21\/november-28th-is-celebrated-in-vlora-with-majesty\/#primaryimage","url":"https:\/\/lh5.googleusercontent.com\/-9kx_1K2p7yk\/ULcpr32yhyI\/AAAAAAAABSU\/isd7ZYmo1f0\/s640\/PB080047.JPG","contentUrl":"https:\/\/lh5.googleusercontent.com\/-9kx_1K2p7yk\/ULcpr32yhyI\/AAAAAAAABSU\/isd7ZYmo1f0\/s640\/PB080047.JPG"},{"@type":"BreadcrumbList","@id":"https:\/\/orthodoxalbania.org\/2020\/en\/2013\/03\/21\/november-28th-is-celebrated-in-vlora-with-majesty\/#breadcrumb","itemListElement":[{"@type":"ListItem","position":1,"name":"Home","item":"https:\/\/orthodoxalbania.org\/2020\/"},{"@type":"ListItem","position":2,"name":"November 28th 2012 is Celebrated in Vlora with Majesty."}]},{"@type":"WebSite","@id":"https:\/\/orthodoxalbania.org\/2020\/#website","url":"https:\/\/orthodoxalbania.org\/2020\/","name":"Kisha Orthodh\u03bfkse Autoqefale e Shqip\u00ebris\u00eb","description":"Fqja Zyrtare e Kish\u00ebs Orthodhokse Autoqefale e Shqip\u00ebris\u00eb me lajmet edhe informacionet zyrtare p\u00ebr struktur\u00ebn edhe veprimtarin e saj.","publisher":{"@id":"https:\/\/orthodoxalbania.org\/2020\/#organization"},"potentialAction":[{"@type":"SearchAction","target":{"@type":"EntryPoint","urlTemplate":"https:\/\/orthodoxalbania.org\/2020\/?s={search_term_string}"},"query-input":{"@type":"PropertyValueSpecification","valueRequired":true,"valueName":"search_term_string"}}],"inLanguage":"en-US"},{"@type":"Organization","@id":"https:\/\/orthodoxalbania.org\/2020\/#organization","name":"Kisha Orthodhokse Autoqefale e Shqip\u00ebris\u00eb","url":"https:\/\/orthodoxalbania.org\/2020\/","logo":{"@type":"ImageObject","inLanguage":"en-US","@id":"https:\/\/orthodoxalbania.org\/2020\/#\/schema\/logo\/image\/","url":"https:\/\/orthodoxalbania.org\/2020\/wp-content\/uploads\/2020\/05\/albania.jpeg","contentUrl":"https:\/\/orthodoxalbania.org\/2020\/wp-content\/uploads\/2020\/05\/albania.jpeg","width":540,"height":540,"caption":"Kisha Orthodhokse Autoqefale e Shqip\u00ebris\u00eb"},"image":{"@id":"https:\/\/orthodoxalbania.org\/2020\/#\/schema\/logo\/image\/"},"sameAs":["https:\/\/www.facebook.com\/koash1991"]},{"@type":"Person","@id":"https:\/\/orthodoxalbania.org\/2020\/#\/schema\/person\/df745f942b70e045b3dc05a30211f0de","name":"Kisha Orthodhokse","image":{"@type":"ImageObject","inLanguage":"en-US","@id":"https:\/\/secure.gravatar.com\/avatar\/2676eb8d97178435c9f691a7871595a1da6c33542dec218bce40885573150e28?s=96&d=mm&r=g","url":"https:\/\/secure.gravatar.com\/avatar\/2676eb8d97178435c9f691a7871595a1da6c33542dec218bce40885573150e28?s=96&d=mm&r=g","contentUrl":"https:\/\/secure.gravatar.com\/avatar\/2676eb8d97178435c9f691a7871595a1da6c33542dec218bce40885573150e28?s=96&d=mm&r=g","caption":"Kisha Orthodhokse"}}]}},"_links":{"self":[{"href":"https:\/\/orthodoxalbania.org\/2020\/wp-json\/wp\/v2\/posts\/1023","targetHints":{"allow":["GET"]}}],"collection":[{"href":"https:\/\/orthodoxalbania.org\/2020\/wp-json\/wp\/v2\/posts"}],"about":[{"href":"https:\/\/orthodoxalbania.org\/2020\/wp-json\/wp\/v2\/types\/post"}],"author":[{"embeddable":true,"href":"https:\/\/orthodoxalbania.org\/2020\/wp-json\/wp\/v2\/users\/7"}],"replies":[{"embeddable":true,"href":"https:\/\/orthodoxalbania.org\/2020\/wp-json\/wp\/v2\/comments?post=1023"}],"version-history":[{"count":1,"href":"https:\/\/orthodoxalbania.org\/2020\/wp-json\/wp\/v2\/posts\/1023\/revisions"}],"predecessor-version":[{"id":17725,"href":"https:\/\/orthodoxalbania.org\/2020\/wp-json\/wp\/v2\/posts\/1023\/revisions\/17725"}],"wp:attachment":[{"href":"https:\/\/orthodoxalbania.org\/2020\/wp-json\/wp\/v2\/media?parent=1023"}],"wp:term":[{"taxonomy":"category","embeddable":true,"href":"https:\/\/orthodoxalbania.org\/2020\/wp-json\/wp\/v2\/categories?post=1023"},{"taxonomy":"post_tag","embeddable":true,"href":"https:\/\/orthodoxalbania.org\/2020\/wp-json\/wp\/v2\/tags?post=1023"}],"curies":[{"name":"wp","href":"https:\/\/api.w.org\/{rel}","templated":true}]}}