{"id":1021,"date":"2008-02-26T00:00:12","date_gmt":"2008-02-26T00:00:12","guid":{"rendered":""},"modified":"2020-04-13T00:31:23","modified_gmt":"2020-04-12T22:31:23","slug":"notable-people-of-albania-extend-paschal-congratulations-to-the-orthodox-faithful-april-2008","status":"publish","type":"post","link":"https:\/\/orthodoxalbania.org\/2020\/en\/2008\/02\/26\/notable-people-of-albania-extend-paschal-congratulations-to-the-orthodox-faithful-april-2008\/","title":{"rendered":"Notable People of Albania Extend Paschal Congratulations to the Orthodox Faithful. (April 2008)"},"content":{"rendered":"<table id=\"AutoNumber1\" style=\"width: 698px; height: 2829px;\" border=\"0\">\n<tbody>\n<tr>\n<td>\n<div>&nbsp;<\/div>\n<\/td>\n<td>\n<table id=\"AutoNumber3\" border=\"0\">\n<tbody>\n<tr>\n<td rowspan=\"5\">\n<table id=\"AutoNumber4\" style=\"width: 668px; height: 2776px;\" border=\"0\">\n<tbody>\n<tr>\n<td>\n<div style=\"text-align: justify;\"><span style=\"color: #000000;\"><span style=\"font-family: tahoma,geneva,sans-serif;\"><span style=\"font-size: 12px;\">&nbsp;&nbsp;&nbsp; On Pascha, April 27th, His Beatitude Archbishop Anastasios, joined by Assistant Bishops Nikolla and Andoni, held a reception at the Holy Metropolis in honor of the Orthodox Feastday.<\/span><\/span><\/span><\/div>\n<\/td>\n<td>\n<div><span style=\"color: #000000;\"><span style=\"font-family: tahoma,geneva,sans-serif;\"><span style=\"font-size: 12px;\"><img decoding=\"async\" class=\"lazyload HAa Eha\" style=\"border-width: 1px; border-style: solid; margin: 10px auto; display: block;\" alt=\"\" src=\"data:image\/svg+xml,%3Csvg%20xmlns%3D%27http%3A%2F%2Fwww.w3.org%2F2000%2Fsvg%27%20width%3D%27319%27%20height%3D%27193%27%20viewBox%3D%270%200%20319%20193%27%3E%3Crect%20width%3D%27319%27%20height%3D%27193%27%20fill-opacity%3D%220%22%2F%3E%3C%2Fsvg%3E\" data-orig-src=\"https:\/\/lh4.googleusercontent.com\/-X1MG2nDko9w\/VI67rZ15TkI\/AAAAAAAAHnI\/AnqBZtrGxbo\/w400-h242-no\/pritja%2B1.jpg\" height=\"193\" width=\"319\" \/><\/span><\/span><\/span><\/div>\n<\/td>\n<\/tr>\n<tr>\n<td>\n<div><span style=\"color: #000000;\"><span style=\"font-family: tahoma,geneva,sans-serif;\"><span style=\"font-size: 12px;\"><img decoding=\"async\" class=\"lazyload HAa Eha\" style=\"border-width: 1px; border-style: solid; margin: 10px auto; display: block;\" alt=\"\" src=\"data:image\/svg+xml,%3Csvg%20xmlns%3D%27http%3A%2F%2Fwww.w3.org%2F2000%2Fsvg%27%20width%3D%27274%27%20height%3D%27206%27%20viewBox%3D%270%200%20274%20206%27%3E%3Crect%20width%3D%27274%27%20height%3D%27206%27%20fill-opacity%3D%220%22%2F%3E%3C%2Fsvg%3E\" data-orig-src=\"https:\/\/lh3.googleusercontent.com\/-D0-eTMy7r24\/VI67pZhtfnI\/AAAAAAAAHng\/g2ZzpBgSV4E\/w400-h300-no\/Pritja%2B2.jpg\" height=\"206\" width=\"274\" \/><\/span><\/span><\/span><\/div>\n<\/td>\n<td>\n<div style=\"text-align: justify;\"><span style=\"color: #000000;\"><span style=\"font-family: tahoma,geneva,sans-serif;\"><span style=\"font-size: 12px;\">&nbsp;&nbsp;&nbsp; The reception was attended by representatives from the other religious communities including the Suni Muslim, Bektashi Muslim, Roman Catholic, and Alevian Mulism Communities. Many politicians, diplomats, distinguished intellectuals and faithful also attended.<\/span><\/span><\/span><\/div>\n<\/td>\n<\/tr>\n<tr>\n<td>\n<div style=\"text-align: justify;\"><span style=\"color: #000000;\"><span style=\"font-family: tahoma,geneva,sans-serif;\"><span style=\"font-size: 12px;\">&nbsp;&nbsp;&nbsp; President Bamir Topi and his wife were among those present and he expressed his warmest Paschal wishes to Archbishop Anastasios and all Albanian Orthodox Christians all over the world. Before the media in attendance, he declared;<\/span><\/span><\/span><\/div>\n<div>&nbsp;<\/div>\n<\/td>\n<td>\n<div><span style=\"color: #000000;\"><span style=\"font-family: tahoma,geneva,sans-serif;\"><span style=\"font-size: 12px;\"><img decoding=\"async\" class=\"lazyload HAa Eha\" style=\"border-width: 1px; border-style: solid; margin: 10px auto; display: block;\" alt=\"\" src=\"data:image\/svg+xml,%3Csvg%20xmlns%3D%27http%3A%2F%2Fwww.w3.org%2F2000%2Fsvg%27%20width%3D%27333%27%20height%3D%27250%27%20viewBox%3D%270%200%20333%20250%27%3E%3Crect%20width%3D%27333%27%20height%3D%27250%27%20fill-opacity%3D%220%22%2F%3E%3C%2Fsvg%3E\" data-orig-src=\"https:\/\/lh4.googleusercontent.com\/-jzF-1WAFfDk\/VI67pV7i_VI\/AAAAAAAAHmw\/8R2AszsgwAo\/w400-h300-no\/Pritja%2B3.jpg\" height=\"250\" width=\"333\" \/><\/span><\/span><\/span><\/div>\n<\/td>\n<\/tr>\n<tr>\n<td>\n<div><span style=\"color: #000000;\"><span style=\"font-family: tahoma,geneva,sans-serif;\"><span style=\"font-size: 12px;\"><img decoding=\"async\" class=\"lazyload HAa Eha\" style=\"border-width: 1px; border-style: solid; margin: 10px auto; display: block;\" alt=\"\" src=\"data:image\/svg+xml,%3Csvg%20xmlns%3D%27http%3A%2F%2Fwww.w3.org%2F2000%2Fsvg%27%20width%3D%27265%27%20height%3D%27199%27%20viewBox%3D%270%200%20265%20199%27%3E%3Crect%20width%3D%27265%27%20height%3D%27199%27%20fill-opacity%3D%220%22%2F%3E%3C%2Fsvg%3E\" data-orig-src=\"https:\/\/lh4.googleusercontent.com\/-q_H159ZTmqM\/VI67pavqx2I\/AAAAAAAAHmk\/IevOLAmG0qE\/w400-h300-no\/Pritja%2B4.jpg\" height=\"199\" width=\"265\" \/><\/span><\/span><\/span><\/div>\n<\/td>\n<td>\n<div style=\"text-align: justify;\"><span style=\"color: #000000;\"><span style=\"font-family: tahoma,geneva,sans-serif;\"><span style=\"font-size: 12px;\">&nbsp;&nbsp;&nbsp; \u201cToday is a notable day, first of all for Orthodox Faithful to whom I wish a \u2018Happy Pascha\u2019, but it is also a feastday for all Albanians who are known for celebrating well each other\u2019s feasts. &#8230; I believe this is a day when everyone should be inspired to return to the true spiritual values of the Albanian society. &#8230; It is a day for hope to dominate over despair and altruism over egoism. &#8230; Once again, to everyone I wish \u2018Happy Pascha\u2019.\u201d<\/span><\/span><\/span><\/div>\n<\/td>\n<\/tr>\n<tr>\n<td>\n<div style=\"text-align: justify;\"><span style=\"color: #000000;\"><span style=\"font-family: tahoma,geneva,sans-serif;\"><span style=\"font-size: 12px;\">&nbsp;&nbsp;&nbsp; Prime Minister Sali Berisha also came with his wife to offer their congratulations and had a warm discussion with His Beatitude.&nbsp; In his words to those present at the reception, including the media, he brought to light some of the contributions which Archbishop Anastasios made this year.<\/span><\/span><\/span><\/div>\n<\/td>\n<td>\n<div><span style=\"color: #000000;\"><span style=\"font-family: tahoma,geneva,sans-serif;\"><span style=\"font-size: 12px;\"><img decoding=\"async\" class=\"lazyload HAa Eha\" style=\"border-width: 1px; border-style: solid; margin: 10px auto; display: block;\" alt=\"\" src=\"data:image\/svg+xml,%3Csvg%20xmlns%3D%27http%3A%2F%2Fwww.w3.org%2F2000%2Fsvg%27%20width%3D%27325%27%20height%3D%27244%27%20viewBox%3D%270%200%20325%20244%27%3E%3Crect%20width%3D%27325%27%20height%3D%27244%27%20fill-opacity%3D%220%22%2F%3E%3C%2Fsvg%3E\" data-orig-src=\"https:\/\/lh3.googleusercontent.com\/-M3hk_AnrrQg\/VI67qHnSDDI\/AAAAAAAAHnY\/hrBQryfBy5o\/w400-h300-no\/Pritja%2B5.jpg\" height=\"244\" width=\"325\" \/><\/span><\/span><\/span><\/div>\n<\/td>\n<\/tr>\n<tr>\n<td>\n<div><span style=\"color: #000000;\"><span style=\"font-family: tahoma,geneva,sans-serif;\"><span style=\"font-size: 12px;\"><img decoding=\"async\" class=\"lazyload HAa Eha\" style=\"border-width: 1px; border-style: solid; margin: 10px auto; display: block;\" alt=\"\" src=\"data:image\/svg+xml,%3Csvg%20xmlns%3D%27http%3A%2F%2Fwww.w3.org%2F2000%2Fsvg%27%20width%3D%27272%27%20height%3D%27176%27%20viewBox%3D%270%200%20272%20176%27%3E%3Crect%20width%3D%27272%27%20height%3D%27176%27%20fill-opacity%3D%220%22%2F%3E%3C%2Fsvg%3E\" data-orig-src=\"https:\/\/lh3.googleusercontent.com\/-MVFCYVoY488\/VI67qe8CgaI\/AAAAAAAAHm4\/PRtg6B-gAHc\/w400-h259-no\/Pritja%2B6.jpg\" height=\"176\" width=\"272\" \/><\/span><\/span><\/span><\/div>\n<\/td>\n<td>\n<div style=\"text-align: justify;\"><span style=\"color: #000000;\"><span style=\"font-family: tahoma,geneva,sans-serif;\"><span style=\"font-size: 12px;\">&nbsp;&nbsp;&nbsp; As he left the Metropolis he declared to the journalists:&nbsp; \u201cMy most heartfelt congratulations to all Albanian Christian faithful for this day of the Resurrection of Christ, a day which represents the light of mankind\u2019s eternity, the great hope of faith in the Lord, and the future.&nbsp;<\/span><\/span><\/span><\/div>\n<\/td>\n<\/tr>\n<tr>\n<td>\n<div style=\"text-align: justify;\"><span style=\"color: #000000;\"><span style=\"font-family: tahoma,geneva,sans-serif;\"><span style=\"font-size: 12px;\">&nbsp;&nbsp;&nbsp; A deep thanks to the nations spiritual leaders &#8230; who have made vital contributions towards all the nation\u2019s accomplishments, have built national spiritual infrastructure, who have stayed and continue to stay closer than anyone else to those in pain and need and who protect religious faith in its most shining tradition &#8230; of religious tolerance.<\/span><\/span><\/span><\/div>\n<\/td>\n<td>\n<div><span style=\"color: #000000;\"><span style=\"font-family: tahoma,geneva,sans-serif;\"><span style=\"font-size: 12px;\"><img decoding=\"async\" class=\"lazyload HAa Eha\" style=\"border-width: 1px; border-style: solid; margin: 10px auto; display: block;\" alt=\"\" src=\"data:image\/svg+xml,%3Csvg%20xmlns%3D%27http%3A%2F%2Fwww.w3.org%2F2000%2Fsvg%27%20width%3D%27326%27%20height%3D%27217%27%20viewBox%3D%270%200%20326%20217%27%3E%3Crect%20width%3D%27326%27%20height%3D%27217%27%20fill-opacity%3D%220%22%2F%3E%3C%2Fsvg%3E\" data-orig-src=\"https:\/\/lh3.googleusercontent.com\/-PnBPcy9_dK4\/VI67r-0QHEI\/AAAAAAAAHnQ\/nC7Df9qlHd4\/w400-h266-no\/pritja%2B7.jpg\" height=\"217\" width=\"326\" \/><\/span><\/span><\/span><\/div>\n<\/td>\n<\/tr>\n<tr>\n<td>\n<div><span style=\"color: #000000;\"><span style=\"font-family: tahoma,geneva,sans-serif;\"><span style=\"font-size: 12px;\"><img decoding=\"async\" class=\"lazyload HAa Eha\" style=\"border-width: 1px; border-style: solid; margin: 10px auto; display: block;\" alt=\"\" src=\"data:image\/svg+xml,%3Csvg%20xmlns%3D%27http%3A%2F%2Fwww.w3.org%2F2000%2Fsvg%27%20width%3D%27275%27%20height%3D%27183%27%20viewBox%3D%270%200%20275%20183%27%3E%3Crect%20width%3D%27275%27%20height%3D%27183%27%20fill-opacity%3D%220%22%2F%3E%3C%2Fsvg%3E\" data-orig-src=\"https:\/\/lh6.googleusercontent.com\/-O9yXj-rC4UA\/VI67q6tzX2I\/AAAAAAAAHnM\/Z9Gtl3eNtGE\/w400-h266-no\/Pritja%2B8.jpg\" height=\"183\" width=\"275\" \/><\/span><\/span><\/span><\/div>\n<\/td>\n<td>\n<div dir=\"ltr\" style=\"text-align: justify;\"><span style=\"color: #000000;\"><span style=\"font-family: tahoma,geneva,sans-serif;\"><span style=\"font-size: 12px;\">&nbsp;&nbsp;&nbsp; This is a day which is celebrated not only by Orthodox faithful, but also by Catholic and Muslim believers and others.&nbsp; Happy Pascha!\u201d<\/span><\/span><\/span><br \/> &nbsp;<\/div>\n<\/td>\n<\/tr>\n<tr>\n<td>\n<div style=\"text-align: justify;\"><span style=\"color: #000000;\"><span style=\"font-family: tahoma,geneva,sans-serif;\"><span style=\"font-size: 12px;\">&nbsp;&nbsp;&nbsp; Jozefina Topalli, leader of the Parliament also came and said \u201cThe Resurrection of Christ is an important event.&nbsp; This day has a deep inner meaning, the preservation of hopes, dreams, and faith for more beautiful days and for a time we desire and dream about for our generation and our children\u2019s.&nbsp; I wish all Albanians of every religion: Happy Orthodox Pascha!\u201d<\/span><\/span><\/span><\/div>\n<\/td>\n<td>\n<div><span style=\"color: #000000;\"><span style=\"font-family: tahoma,geneva,sans-serif;\"><span style=\"font-size: 12px;\"><img decoding=\"async\" class=\"lazyload HAa Eha\" style=\"border-width: 1px; border-style: solid; margin: 10px auto; display: block;\" alt=\"\" src=\"data:image\/svg+xml,%3Csvg%20xmlns%3D%27http%3A%2F%2Fwww.w3.org%2F2000%2Fsvg%27%20width%3D%27330%27%20height%3D%27233%27%20viewBox%3D%270%200%20330%20233%27%3E%3Crect%20width%3D%27330%27%20height%3D%27233%27%20fill-opacity%3D%220%22%2F%3E%3C%2Fsvg%3E\" data-orig-src=\"https:\/\/lh3.googleusercontent.com\/-W7v1r0WYZNQ\/VI67q-S9kGI\/AAAAAAAAHnU\/qL2q5smZ6r4\/w400-h283-no\/Pritja%2B9.jpg\" height=\"233\" width=\"330\" \/><\/span><\/span><\/span><\/div>\n<\/td>\n<\/tr>\n<tr>\n<td colspan=\"2\">\n<div>&nbsp;<\/div>\n<\/td>\n<\/tr>\n<tr>\n<td>\n<div><span style=\"color: #000000;\"><span style=\"font-family: tahoma,geneva,sans-serif;\"><span style=\"font-size: 12px;\"><strong>Thoma Dhima<\/strong><\/span><\/span><\/span><\/div>\n<div>&nbsp;<\/div>\n<div><span style=\"color: #000000;\"><span style=\"font-family: tahoma,geneva,sans-serif;\"><span style=\"font-size: 12px;\">Translated and edited by<strong> Georgia Bendo<\/strong><\/span><\/span><\/span><\/div>\n<\/td>\n<td>\n<div>&nbsp;<\/div>\n<\/td>\n<\/tr>\n<\/tbody>\n<\/table>\n<div>&nbsp;<\/div>\n<\/td>\n<td>\n<div>&nbsp;<\/div>\n<\/td>\n<\/tr>\n<tr>\n<td>\n<div>&nbsp;<\/div>\n<\/td>\n<\/tr>\n<tr>\n<td>\n<div>&nbsp;<\/div>\n<\/td>\n<\/tr>\n<tr>\n<td>\n<div>&nbsp;<\/div>\n<\/td>\n<\/tr>\n<tr>\n<td>\n<div>&nbsp;<\/div>\n<\/td>\n<\/tr>\n<\/tbody>\n<\/table>\n<div><span style=\"color: #000000;\"><span style=\"font-family: tahoma,geneva,sans-serif;\"><span style=\"font-size: 12px;\">&nbsp;&nbsp;&nbsp;&nbsp;&nbsp;&nbsp;&nbsp;&nbsp;&nbsp;&nbsp;&nbsp;&nbsp;&nbsp;&nbsp;&nbsp;&nbsp;&nbsp;&nbsp;&nbsp;&nbsp;&nbsp;&nbsp;&nbsp;&nbsp;&nbsp;&nbsp;&nbsp;&nbsp;&nbsp;&nbsp;&nbsp;&nbsp;&nbsp;&nbsp;&nbsp;&nbsp;&nbsp;&nbsp;&nbsp;&nbsp;&nbsp;&nbsp;&nbsp;&nbsp;&nbsp;&nbsp;&nbsp;&nbsp;&nbsp;&nbsp;&nbsp;&nbsp;&nbsp;&nbsp;&nbsp;&nbsp;&nbsp;&nbsp;&nbsp;&nbsp;&nbsp;&nbsp;&nbsp;&nbsp;&nbsp;&nbsp;&nbsp;&nbsp;&nbsp;&nbsp;&nbsp;&nbsp;&nbsp;&nbsp;&nbsp;&nbsp;&nbsp;&nbsp;&nbsp;&nbsp;&nbsp;<\/span><\/span><\/span><\/div>\n<\/td>\n<\/tr>\n<\/tbody>\n<\/table>\n","protected":false},"excerpt":{"rendered":"<p>&nbsp; &nbsp;&nbsp;&nbsp; On Pascha, April 27th, His Beatitude Archbishop Anastasios, joined by Assistant Bishops Nikolla and Andoni, held a reception at the Holy Metropolis in honor of the Orthodox Feastday. &nbsp;&nbsp;&nbsp; The reception was attended by representatives from the other religious communities including the Suni Muslim, Bektashi Muslim, Roman Catholic, and Alevian Mulism Communities. Many politicians, diplomats, distinguished intellectuals and faithful also attended. &nbsp;&nbsp;&nbsp; President<\/p>\n","protected":false},"author":7,"featured_media":0,"comment_status":"open","ping_status":"open","sticky":false,"template":"","format":"standard","meta":{"_acf_changed":false,"pagelayer_contact_templates":[],"_pagelayer_content":"","inline_featured_image":false,"fifu_image_url":"","fifu_image_alt":"","footnotes":""},"categories":[1455,311],"tags":[1121,1768,1816],"class_list":["post-1021","post","type-post","status-publish","format-standard","hentry","category-news-en","category-news-d25","tag-2008-en","tag-kryepiskopi-anastas-en","tag-pashke-en"],"acf":[],"yoast_head":"<!-- This site is optimized with the Yoast SEO plugin v27.2 - https:\/\/yoast.com\/product\/yoast-seo-wordpress\/ -->\n<title>Notable People of Albania Extend Paschal Congratulations to the Orthodox Faithful. (April 2008) - Kisha Orthodh\u03bfkse Autoqefale e Shqip\u00ebris\u00eb<\/title>\n<meta name=\"robots\" content=\"index, follow, max-snippet:-1, max-image-preview:large, max-video-preview:-1\" \/>\n<link rel=\"canonical\" href=\"https:\/\/orthodoxalbania.org\/2020\/en\/2008\/02\/26\/notable-people-of-albania-extend-paschal-congratulations-to-the-orthodox-faithful-april-2008\/\" \/>\n<meta property=\"og:locale\" content=\"en_US\" \/>\n<meta property=\"og:type\" content=\"article\" \/>\n<meta property=\"og:title\" content=\"Notable People of Albania Extend Paschal Congratulations to the Orthodox Faithful. (April 2008) - Kisha Orthodh\u03bfkse Autoqefale e Shqip\u00ebris\u00eb\" \/>\n<meta property=\"og:description\" content=\"&nbsp; &nbsp;&nbsp;&nbsp; On Pascha, April 27th, His Beatitude Archbishop Anastasios, joined by Assistant Bishops Nikolla and Andoni, held a reception at the Holy Metropolis in honor of the Orthodox Feastday. &nbsp;&nbsp;&nbsp; The reception was attended by representatives from the other religious communities including the Suni Muslim, Bektashi Muslim, Roman Catholic, and Alevian Mulism Communities. Many politicians, diplomats, distinguished intellectuals and faithful also attended. &nbsp;&nbsp;&nbsp; President\" \/>\n<meta property=\"og:url\" content=\"https:\/\/orthodoxalbania.org\/2020\/en\/2008\/02\/26\/notable-people-of-albania-extend-paschal-congratulations-to-the-orthodox-faithful-april-2008\/\" \/>\n<meta property=\"og:site_name\" content=\"Kisha Orthodh\u03bfkse Autoqefale e Shqip\u00ebris\u00eb\" \/>\n<meta property=\"article:publisher\" content=\"https:\/\/www.facebook.com\/koash1991\" \/>\n<meta property=\"article:published_time\" content=\"2008-02-26T00:00:12+00:00\" \/>\n<meta property=\"article:modified_time\" content=\"2020-04-12T22:31:23+00:00\" \/>\n<meta property=\"og:image\" content=\"https:\/\/lh4.googleusercontent.com\/-X1MG2nDko9w\/VI67rZ15TkI\/AAAAAAAAHnI\/AnqBZtrGxbo\/w400-h242-no\/pritja%2B1.jpg\" \/>\n<meta name=\"author\" content=\"Kisha Orthodhokse\" \/>\n<meta name=\"twitter:card\" content=\"summary_large_image\" \/>\n<meta name=\"twitter:label1\" content=\"Written by\" \/>\n\t<meta name=\"twitter:data1\" content=\"Kisha Orthodhokse\" \/>\n\t<meta name=\"twitter:label2\" content=\"Est. reading time\" \/>\n\t<meta name=\"twitter:data2\" content=\"3 minutes\" \/>\n<script type=\"application\/ld+json\" class=\"yoast-schema-graph\">{\"@context\":\"https:\/\/schema.org\",\"@graph\":[{\"@type\":\"Article\",\"@id\":\"https:\/\/orthodoxalbania.org\/2020\/en\/2008\/02\/26\/notable-people-of-albania-extend-paschal-congratulations-to-the-orthodox-faithful-april-2008\/#article\",\"isPartOf\":{\"@id\":\"https:\/\/orthodoxalbania.org\/2020\/en\/2008\/02\/26\/notable-people-of-albania-extend-paschal-congratulations-to-the-orthodox-faithful-april-2008\/\"},\"author\":{\"name\":\"Kisha Orthodhokse\",\"@id\":\"https:\/\/orthodoxalbania.org\/2020\/#\/schema\/person\/df745f942b70e045b3dc05a30211f0de\"},\"headline\":\"Notable People of Albania Extend Paschal Congratulations to the Orthodox Faithful. (April 2008)\",\"datePublished\":\"2008-02-26T00:00:12+00:00\",\"dateModified\":\"2020-04-12T22:31:23+00:00\",\"mainEntityOfPage\":{\"@id\":\"https:\/\/orthodoxalbania.org\/2020\/en\/2008\/02\/26\/notable-people-of-albania-extend-paschal-congratulations-to-the-orthodox-faithful-april-2008\/\"},\"wordCount\":557,\"commentCount\":0,\"publisher\":{\"@id\":\"https:\/\/orthodoxalbania.org\/2020\/#organization\"},\"image\":{\"@id\":\"https:\/\/orthodoxalbania.org\/2020\/en\/2008\/02\/26\/notable-people-of-albania-extend-paschal-congratulations-to-the-orthodox-faithful-april-2008\/#primaryimage\"},\"thumbnailUrl\":\"https:\/\/lh4.googleusercontent.com\/-X1MG2nDko9w\/VI67rZ15TkI\/AAAAAAAAHnI\/AnqBZtrGxbo\/w400-h242-no\/pritja%2B1.jpg\",\"keywords\":[\"2008\",\"Kryepiskopi Anastas\",\"Pashk\u00eb\"],\"articleSection\":[\"News - \u0395\u039d\",\"News old page\"],\"inLanguage\":\"en-US\"},{\"@type\":\"WebPage\",\"@id\":\"https:\/\/orthodoxalbania.org\/2020\/en\/2008\/02\/26\/notable-people-of-albania-extend-paschal-congratulations-to-the-orthodox-faithful-april-2008\/\",\"url\":\"https:\/\/orthodoxalbania.org\/2020\/en\/2008\/02\/26\/notable-people-of-albania-extend-paschal-congratulations-to-the-orthodox-faithful-april-2008\/\",\"name\":\"Notable People of Albania Extend Paschal Congratulations to the Orthodox Faithful. (April 2008) - Kisha Orthodh\u03bfkse Autoqefale e Shqip\u00ebris\u00eb\",\"isPartOf\":{\"@id\":\"https:\/\/orthodoxalbania.org\/2020\/#website\"},\"primaryImageOfPage\":{\"@id\":\"https:\/\/orthodoxalbania.org\/2020\/en\/2008\/02\/26\/notable-people-of-albania-extend-paschal-congratulations-to-the-orthodox-faithful-april-2008\/#primaryimage\"},\"image\":{\"@id\":\"https:\/\/orthodoxalbania.org\/2020\/en\/2008\/02\/26\/notable-people-of-albania-extend-paschal-congratulations-to-the-orthodox-faithful-april-2008\/#primaryimage\"},\"thumbnailUrl\":\"https:\/\/lh4.googleusercontent.com\/-X1MG2nDko9w\/VI67rZ15TkI\/AAAAAAAAHnI\/AnqBZtrGxbo\/w400-h242-no\/pritja%2B1.jpg\",\"datePublished\":\"2008-02-26T00:00:12+00:00\",\"dateModified\":\"2020-04-12T22:31:23+00:00\",\"breadcrumb\":{\"@id\":\"https:\/\/orthodoxalbania.org\/2020\/en\/2008\/02\/26\/notable-people-of-albania-extend-paschal-congratulations-to-the-orthodox-faithful-april-2008\/#breadcrumb\"},\"inLanguage\":\"en-US\",\"potentialAction\":[{\"@type\":\"ReadAction\",\"target\":[\"https:\/\/orthodoxalbania.org\/2020\/en\/2008\/02\/26\/notable-people-of-albania-extend-paschal-congratulations-to-the-orthodox-faithful-april-2008\/\"]}]},{\"@type\":\"ImageObject\",\"inLanguage\":\"en-US\",\"@id\":\"https:\/\/orthodoxalbania.org\/2020\/en\/2008\/02\/26\/notable-people-of-albania-extend-paschal-congratulations-to-the-orthodox-faithful-april-2008\/#primaryimage\",\"url\":\"https:\/\/lh4.googleusercontent.com\/-X1MG2nDko9w\/VI67rZ15TkI\/AAAAAAAAHnI\/AnqBZtrGxbo\/w400-h242-no\/pritja%2B1.jpg\",\"contentUrl\":\"https:\/\/lh4.googleusercontent.com\/-X1MG2nDko9w\/VI67rZ15TkI\/AAAAAAAAHnI\/AnqBZtrGxbo\/w400-h242-no\/pritja%2B1.jpg\"},{\"@type\":\"BreadcrumbList\",\"@id\":\"https:\/\/orthodoxalbania.org\/2020\/en\/2008\/02\/26\/notable-people-of-albania-extend-paschal-congratulations-to-the-orthodox-faithful-april-2008\/#breadcrumb\",\"itemListElement\":[{\"@type\":\"ListItem\",\"position\":1,\"name\":\"Home\",\"item\":\"https:\/\/orthodoxalbania.org\/2020\/\"},{\"@type\":\"ListItem\",\"position\":2,\"name\":\"Notable People of Albania Extend Paschal Congratulations to the Orthodox Faithful. (April 2008)\"}]},{\"@type\":\"WebSite\",\"@id\":\"https:\/\/orthodoxalbania.org\/2020\/#website\",\"url\":\"https:\/\/orthodoxalbania.org\/2020\/\",\"name\":\"Kisha Orthodh\u03bfkse Autoqefale e Shqip\u00ebris\u00eb\",\"description\":\"Fqja Zyrtare e Kish\u00ebs Orthodhokse Autoqefale e Shqip\u00ebris\u00eb me lajmet edhe informacionet zyrtare p\u00ebr struktur\u00ebn edhe veprimtarin e saj.\",\"publisher\":{\"@id\":\"https:\/\/orthodoxalbania.org\/2020\/#organization\"},\"potentialAction\":[{\"@type\":\"SearchAction\",\"target\":{\"@type\":\"EntryPoint\",\"urlTemplate\":\"https:\/\/orthodoxalbania.org\/2020\/?s={search_term_string}\"},\"query-input\":{\"@type\":\"PropertyValueSpecification\",\"valueRequired\":true,\"valueName\":\"search_term_string\"}}],\"inLanguage\":\"en-US\"},{\"@type\":\"Organization\",\"@id\":\"https:\/\/orthodoxalbania.org\/2020\/#organization\",\"name\":\"Kisha Orthodhokse Autoqefale e Shqip\u00ebris\u00eb\",\"url\":\"https:\/\/orthodoxalbania.org\/2020\/\",\"logo\":{\"@type\":\"ImageObject\",\"inLanguage\":\"en-US\",\"@id\":\"https:\/\/orthodoxalbania.org\/2020\/#\/schema\/logo\/image\/\",\"url\":\"https:\/\/orthodoxalbania.org\/2020\/wp-content\/uploads\/2020\/05\/albania.jpeg\",\"contentUrl\":\"https:\/\/orthodoxalbania.org\/2020\/wp-content\/uploads\/2020\/05\/albania.jpeg\",\"width\":540,\"height\":540,\"caption\":\"Kisha Orthodhokse Autoqefale e Shqip\u00ebris\u00eb\"},\"image\":{\"@id\":\"https:\/\/orthodoxalbania.org\/2020\/#\/schema\/logo\/image\/\"},\"sameAs\":[\"https:\/\/www.facebook.com\/koash1991\"]},{\"@type\":\"Person\",\"@id\":\"https:\/\/orthodoxalbania.org\/2020\/#\/schema\/person\/df745f942b70e045b3dc05a30211f0de\",\"name\":\"Kisha Orthodhokse\",\"image\":{\"@type\":\"ImageObject\",\"inLanguage\":\"en-US\",\"@id\":\"https:\/\/secure.gravatar.com\/avatar\/2676eb8d97178435c9f691a7871595a1da6c33542dec218bce40885573150e28?s=96&d=mm&r=g\",\"url\":\"https:\/\/secure.gravatar.com\/avatar\/2676eb8d97178435c9f691a7871595a1da6c33542dec218bce40885573150e28?s=96&d=mm&r=g\",\"contentUrl\":\"https:\/\/secure.gravatar.com\/avatar\/2676eb8d97178435c9f691a7871595a1da6c33542dec218bce40885573150e28?s=96&d=mm&r=g\",\"caption\":\"Kisha Orthodhokse\"}}]}<\/script>\n<!-- \/ Yoast SEO plugin. -->","yoast_head_json":{"title":"Notable People of Albania Extend Paschal Congratulations to the Orthodox Faithful. (April 2008) - Kisha Orthodh\u03bfkse Autoqefale e Shqip\u00ebris\u00eb","robots":{"index":"index","follow":"follow","max-snippet":"max-snippet:-1","max-image-preview":"max-image-preview:large","max-video-preview":"max-video-preview:-1"},"canonical":"https:\/\/orthodoxalbania.org\/2020\/en\/2008\/02\/26\/notable-people-of-albania-extend-paschal-congratulations-to-the-orthodox-faithful-april-2008\/","og_locale":"en_US","og_type":"article","og_title":"Notable People of Albania Extend Paschal Congratulations to the Orthodox Faithful. (April 2008) - Kisha Orthodh\u03bfkse Autoqefale e Shqip\u00ebris\u00eb","og_description":"&nbsp; &nbsp;&nbsp;&nbsp; On Pascha, April 27th, His Beatitude Archbishop Anastasios, joined by Assistant Bishops Nikolla and Andoni, held a reception at the Holy Metropolis in honor of the Orthodox Feastday. &nbsp;&nbsp;&nbsp; The reception was attended by representatives from the other religious communities including the Suni Muslim, Bektashi Muslim, Roman Catholic, and Alevian Mulism Communities. Many politicians, diplomats, distinguished intellectuals and faithful also attended. &nbsp;&nbsp;&nbsp; President","og_url":"https:\/\/orthodoxalbania.org\/2020\/en\/2008\/02\/26\/notable-people-of-albania-extend-paschal-congratulations-to-the-orthodox-faithful-april-2008\/","og_site_name":"Kisha Orthodh\u03bfkse Autoqefale e Shqip\u00ebris\u00eb","article_publisher":"https:\/\/www.facebook.com\/koash1991","article_published_time":"2008-02-26T00:00:12+00:00","article_modified_time":"2020-04-12T22:31:23+00:00","og_image":[{"url":"https:\/\/lh4.googleusercontent.com\/-X1MG2nDko9w\/VI67rZ15TkI\/AAAAAAAAHnI\/AnqBZtrGxbo\/w400-h242-no\/pritja%2B1.jpg","type":"","width":"","height":""}],"author":"Kisha Orthodhokse","twitter_card":"summary_large_image","twitter_misc":{"Written by":"Kisha Orthodhokse","Est. reading time":"3 minutes"},"schema":{"@context":"https:\/\/schema.org","@graph":[{"@type":"Article","@id":"https:\/\/orthodoxalbania.org\/2020\/en\/2008\/02\/26\/notable-people-of-albania-extend-paschal-congratulations-to-the-orthodox-faithful-april-2008\/#article","isPartOf":{"@id":"https:\/\/orthodoxalbania.org\/2020\/en\/2008\/02\/26\/notable-people-of-albania-extend-paschal-congratulations-to-the-orthodox-faithful-april-2008\/"},"author":{"name":"Kisha Orthodhokse","@id":"https:\/\/orthodoxalbania.org\/2020\/#\/schema\/person\/df745f942b70e045b3dc05a30211f0de"},"headline":"Notable People of Albania Extend Paschal Congratulations to the Orthodox Faithful. (April 2008)","datePublished":"2008-02-26T00:00:12+00:00","dateModified":"2020-04-12T22:31:23+00:00","mainEntityOfPage":{"@id":"https:\/\/orthodoxalbania.org\/2020\/en\/2008\/02\/26\/notable-people-of-albania-extend-paschal-congratulations-to-the-orthodox-faithful-april-2008\/"},"wordCount":557,"commentCount":0,"publisher":{"@id":"https:\/\/orthodoxalbania.org\/2020\/#organization"},"image":{"@id":"https:\/\/orthodoxalbania.org\/2020\/en\/2008\/02\/26\/notable-people-of-albania-extend-paschal-congratulations-to-the-orthodox-faithful-april-2008\/#primaryimage"},"thumbnailUrl":"https:\/\/lh4.googleusercontent.com\/-X1MG2nDko9w\/VI67rZ15TkI\/AAAAAAAAHnI\/AnqBZtrGxbo\/w400-h242-no\/pritja%2B1.jpg","keywords":["2008","Kryepiskopi Anastas","Pashk\u00eb"],"articleSection":["News - \u0395\u039d","News old page"],"inLanguage":"en-US"},{"@type":"WebPage","@id":"https:\/\/orthodoxalbania.org\/2020\/en\/2008\/02\/26\/notable-people-of-albania-extend-paschal-congratulations-to-the-orthodox-faithful-april-2008\/","url":"https:\/\/orthodoxalbania.org\/2020\/en\/2008\/02\/26\/notable-people-of-albania-extend-paschal-congratulations-to-the-orthodox-faithful-april-2008\/","name":"Notable People of Albania Extend Paschal Congratulations to the Orthodox Faithful. (April 2008) - Kisha Orthodh\u03bfkse Autoqefale e Shqip\u00ebris\u00eb","isPartOf":{"@id":"https:\/\/orthodoxalbania.org\/2020\/#website"},"primaryImageOfPage":{"@id":"https:\/\/orthodoxalbania.org\/2020\/en\/2008\/02\/26\/notable-people-of-albania-extend-paschal-congratulations-to-the-orthodox-faithful-april-2008\/#primaryimage"},"image":{"@id":"https:\/\/orthodoxalbania.org\/2020\/en\/2008\/02\/26\/notable-people-of-albania-extend-paschal-congratulations-to-the-orthodox-faithful-april-2008\/#primaryimage"},"thumbnailUrl":"https:\/\/lh4.googleusercontent.com\/-X1MG2nDko9w\/VI67rZ15TkI\/AAAAAAAAHnI\/AnqBZtrGxbo\/w400-h242-no\/pritja%2B1.jpg","datePublished":"2008-02-26T00:00:12+00:00","dateModified":"2020-04-12T22:31:23+00:00","breadcrumb":{"@id":"https:\/\/orthodoxalbania.org\/2020\/en\/2008\/02\/26\/notable-people-of-albania-extend-paschal-congratulations-to-the-orthodox-faithful-april-2008\/#breadcrumb"},"inLanguage":"en-US","potentialAction":[{"@type":"ReadAction","target":["https:\/\/orthodoxalbania.org\/2020\/en\/2008\/02\/26\/notable-people-of-albania-extend-paschal-congratulations-to-the-orthodox-faithful-april-2008\/"]}]},{"@type":"ImageObject","inLanguage":"en-US","@id":"https:\/\/orthodoxalbania.org\/2020\/en\/2008\/02\/26\/notable-people-of-albania-extend-paschal-congratulations-to-the-orthodox-faithful-april-2008\/#primaryimage","url":"https:\/\/lh4.googleusercontent.com\/-X1MG2nDko9w\/VI67rZ15TkI\/AAAAAAAAHnI\/AnqBZtrGxbo\/w400-h242-no\/pritja%2B1.jpg","contentUrl":"https:\/\/lh4.googleusercontent.com\/-X1MG2nDko9w\/VI67rZ15TkI\/AAAAAAAAHnI\/AnqBZtrGxbo\/w400-h242-no\/pritja%2B1.jpg"},{"@type":"BreadcrumbList","@id":"https:\/\/orthodoxalbania.org\/2020\/en\/2008\/02\/26\/notable-people-of-albania-extend-paschal-congratulations-to-the-orthodox-faithful-april-2008\/#breadcrumb","itemListElement":[{"@type":"ListItem","position":1,"name":"Home","item":"https:\/\/orthodoxalbania.org\/2020\/"},{"@type":"ListItem","position":2,"name":"Notable People of Albania Extend Paschal Congratulations to the Orthodox Faithful. (April 2008)"}]},{"@type":"WebSite","@id":"https:\/\/orthodoxalbania.org\/2020\/#website","url":"https:\/\/orthodoxalbania.org\/2020\/","name":"Kisha Orthodh\u03bfkse Autoqefale e Shqip\u00ebris\u00eb","description":"Fqja Zyrtare e Kish\u00ebs Orthodhokse Autoqefale e Shqip\u00ebris\u00eb me lajmet edhe informacionet zyrtare p\u00ebr struktur\u00ebn edhe veprimtarin e saj.","publisher":{"@id":"https:\/\/orthodoxalbania.org\/2020\/#organization"},"potentialAction":[{"@type":"SearchAction","target":{"@type":"EntryPoint","urlTemplate":"https:\/\/orthodoxalbania.org\/2020\/?s={search_term_string}"},"query-input":{"@type":"PropertyValueSpecification","valueRequired":true,"valueName":"search_term_string"}}],"inLanguage":"en-US"},{"@type":"Organization","@id":"https:\/\/orthodoxalbania.org\/2020\/#organization","name":"Kisha Orthodhokse Autoqefale e Shqip\u00ebris\u00eb","url":"https:\/\/orthodoxalbania.org\/2020\/","logo":{"@type":"ImageObject","inLanguage":"en-US","@id":"https:\/\/orthodoxalbania.org\/2020\/#\/schema\/logo\/image\/","url":"https:\/\/orthodoxalbania.org\/2020\/wp-content\/uploads\/2020\/05\/albania.jpeg","contentUrl":"https:\/\/orthodoxalbania.org\/2020\/wp-content\/uploads\/2020\/05\/albania.jpeg","width":540,"height":540,"caption":"Kisha Orthodhokse Autoqefale e Shqip\u00ebris\u00eb"},"image":{"@id":"https:\/\/orthodoxalbania.org\/2020\/#\/schema\/logo\/image\/"},"sameAs":["https:\/\/www.facebook.com\/koash1991"]},{"@type":"Person","@id":"https:\/\/orthodoxalbania.org\/2020\/#\/schema\/person\/df745f942b70e045b3dc05a30211f0de","name":"Kisha Orthodhokse","image":{"@type":"ImageObject","inLanguage":"en-US","@id":"https:\/\/secure.gravatar.com\/avatar\/2676eb8d97178435c9f691a7871595a1da6c33542dec218bce40885573150e28?s=96&d=mm&r=g","url":"https:\/\/secure.gravatar.com\/avatar\/2676eb8d97178435c9f691a7871595a1da6c33542dec218bce40885573150e28?s=96&d=mm&r=g","contentUrl":"https:\/\/secure.gravatar.com\/avatar\/2676eb8d97178435c9f691a7871595a1da6c33542dec218bce40885573150e28?s=96&d=mm&r=g","caption":"Kisha Orthodhokse"}}]}},"_links":{"self":[{"href":"https:\/\/orthodoxalbania.org\/2020\/wp-json\/wp\/v2\/posts\/1021","targetHints":{"allow":["GET"]}}],"collection":[{"href":"https:\/\/orthodoxalbania.org\/2020\/wp-json\/wp\/v2\/posts"}],"about":[{"href":"https:\/\/orthodoxalbania.org\/2020\/wp-json\/wp\/v2\/types\/post"}],"author":[{"embeddable":true,"href":"https:\/\/orthodoxalbania.org\/2020\/wp-json\/wp\/v2\/users\/7"}],"replies":[{"embeddable":true,"href":"https:\/\/orthodoxalbania.org\/2020\/wp-json\/wp\/v2\/comments?post=1021"}],"version-history":[{"count":1,"href":"https:\/\/orthodoxalbania.org\/2020\/wp-json\/wp\/v2\/posts\/1021\/revisions"}],"predecessor-version":[{"id":18004,"href":"https:\/\/orthodoxalbania.org\/2020\/wp-json\/wp\/v2\/posts\/1021\/revisions\/18004"}],"wp:attachment":[{"href":"https:\/\/orthodoxalbania.org\/2020\/wp-json\/wp\/v2\/media?parent=1021"}],"wp:term":[{"taxonomy":"category","embeddable":true,"href":"https:\/\/orthodoxalbania.org\/2020\/wp-json\/wp\/v2\/categories?post=1021"},{"taxonomy":"post_tag","embeddable":true,"href":"https:\/\/orthodoxalbania.org\/2020\/wp-json\/wp\/v2\/tags?post=1021"}],"curies":[{"name":"wp","href":"https:\/\/api.w.org\/{rel}","templated":true}]}}