{"id":1018,"date":"2014-04-09T08:13:03","date_gmt":"2014-04-09T08:13:03","guid":{"rendered":""},"modified":"2020-04-06T22:05:19","modified_gmt":"2020-04-06T20:05:19","slug":"njoftim-komentet-e-z-fatos-klosi-jane-te-papergjegjshme-fyese-dhe-corientuese","status":"publish","type":"post","link":"https:\/\/orthodoxalbania.org\/2020\/2014\/04\/09\/njoftim-komentet-e-z-fatos-klosi-jane-te-papergjegjshme-fyese-dhe-corientuese\/","title":{"rendered":"NJOFTIM:  Komentet e Z. Fatos Klosi jan\u00eb t\u00eb pap\u00ebrgjegjshme, fyese dhe \u00e7orientuese. (9 Prill 2014)"},"content":{"rendered":"<div style=\"text-align: center;\"><span style=\"font-size: 12pt; font-family: helvetica;\"><\/span>  <\/div>\n<div style=\"text-align: center;\">\n<p><span style=\"font-family: helvetica; font-size: 12pt;\"><span style=\"color: #000000;\"><img class=\"lazyload\" decoding=\"async\" style=\"display: block; margin-left: auto; margin-right: auto;\" src=\"data:image\/svg+xml,%3Csvg%20xmlns%3D%27http%3A%2F%2Fwww.w3.org%2F2000%2Fsvg%27%20width%3D%2752%27%20height%3D%2752%27%20viewBox%3D%270%200%2052%2052%27%3E%3Crect%20width%3D%2752%27%20height%3D%2752%27%20fill-opacity%3D%220%22%2F%3E%3C%2Fsvg%3E\" data-orig-src=\"https:\/\/lh4.googleusercontent.com\/-p6oTSlUmOrM\/U0UABsfjknI\/AAAAAAAAATs\/zlJeoFRksRE\/s577-no\/logo.png\" height=\"52\" width=\"52\" \/><\/span><\/span><\/p>\n<\/div>\n<p style=\"text-align: center;\"><span style=\"font-family: helvetica; font-size: 12pt;\"><span style=\"color: #000000;\"><strong>Kisha Orthodhokse Autoqefale e Shqip\u00ebris\u00eb<\/strong><\/span><\/span><\/p>\n<p style=\"text-align: center;\"><span style=\"font-size: 12pt; font-family: helvetica;\"><\/span><\/p>\n<div style=\"text-align: center;\">&nbsp;<\/div>\n<div style=\"text-align: center;\"><span style=\"font-family: helvetica; font-size: 12pt;\"><span style=\"color: #000000;\"><strong>Sinodi i Shenjt\u00eb<\/strong><\/span><\/span><\/div>\n<div style=\"text-align: center;\">&nbsp;<\/div>\n<div style=\"text-align: center;\"><span style=\"font-size: 12pt; font-family: helvetica;\"><\/span><\/div>\n<div style=\"text-align: center;\"><span style=\"font-family: helvetica; font-size: 12pt;\"><span style=\"color: #000000;\"><strong>NJOFTIM<\/strong><\/span><\/span><\/div>\n<div style=\"text-align: center;\">&nbsp;<\/div>\n<div style=\"text-align: center;\"><span style=\"font-size: 12pt; font-family: helvetica;\"><\/span><\/div>\n<div style=\"text-align: center;\"><span style=\"color: #b22222; font-size: 12pt; font-family: helvetica;\"><strong>Komentet e z. Fatos Klosi&nbsp;jan\u00eb t\u00eb pap\u00ebrgjegjshme, fyese dhe \u00e7orientuese<\/strong><\/span><\/div>\n<div style=\"text-align: center;\">&nbsp;<\/div>\n<div style=\"text-align: center;\">&nbsp;<\/div>\n<p><span style=\"font-size: 12pt; font-family: helvetica;\"><\/span><\/p>\n<p style=\"text-align: justify;\"><span style=\"font-family: helvetica; font-size: 12pt;\"><span style=\"color: #000000;\">&nbsp;&nbsp;&nbsp; N\u00eb intervist\u00ebn e z. Fatos Klosi n\u00eb gazet\u00ebn \u201cIllyria\u201d t\u00eb ShBA, m\u00eb 31 mars 2014, q\u00eb u ribotua edhe n\u00eb gazetat \u201cPanorama\u201d e \u201cTema\u201d (1 prill 2014) etj., dhe n\u00eb disa faqe elektronike, duke iu p\u00ebrgjigjur pyetjes tendencioze t\u00eb gazetarit mbi organizatat xhihadiste dhe ekstremiste, si dhe mbi rolin e Kish\u00ebs Orthodhokse Autoqefale t\u00eb Shqip\u00ebris\u00eb e ve\u00e7an\u00ebrisht t\u00eb Kryepiskopitt\u00eb saj Anastas, ai p\u00ebrgjigjet:<em>\u201cm\u00eb i r\u00ebnd\u00eb se ky i pari \u00ebsht\u00eb problemi i nd\u00ebrhyrjes s\u00eb Kish\u00ebs Greke n\u00eb problemet e Kish\u00ebs Autoqefale Shqiptare\u201d<\/em>. Sigurisht, b\u00ebhet fjal\u00eb p\u00ebr komente arbitrare, \u00e7orientuese dhe t\u00eb pabazuara p\u00ebr Kish\u00ebn Orthodhokse Autoqefale t\u00eb Shqip\u00ebris\u00eb, q\u00eb p\u00ebrpiqen t\u00eb helmojn\u00eb opinionin publik dhe nj\u00ebkoh\u00ebsisht t\u00eb t\u00ebrheqin v\u00ebmendjen nga serioziteti q\u00eb mbartin ngjarjet e fundit. Duke rip\u00ebrtypur dyshime t\u00eb shprehura me fjal\u00eb t\u00eb p\u00ebrgjithshme dhe duke mos e njohur aspak Tradit\u00ebn dhe t\u00eb Drejt\u00ebn Kanonike t\u00eb Orthodhoksis\u00eb bot\u00ebrore, si edhe ato q\u00eb sot kan\u00eb vler\u00eb n\u00eb L\u00ebvizjen e krishter\u00eb Ekumenike, mb\u00ebshtet tez\u00ebn, se Kisha Orthodhokse e Shqip\u00ebris\u00eb <em>\u201csot \u00ebsht\u00eb pjes\u00eb e Kish\u00ebs Greke fatkeq\u00ebsisht!\u201d<\/em>.<\/span><\/span><\/p>\n<p style=\"text-align: justify;\"><span style=\"font-family: helvetica; font-size: 12pt;\"><span style=\"color: #000000;\">&nbsp; &nbsp; 1. Jemi t\u00eb detyruar t\u00eb rikujtojm\u00eb se iniciativ\u00ebn p\u00ebr ringritjen e Kish\u00ebs s\u00eb Shqip\u00ebris\u00eb e mori PatriarkanaEkumenike e Konstandinopoj\u00ebs (dhe jo Kisha Autoqefale e Greqis\u00eb), e cila ka p\u00ebrgjegj\u00ebsin\u00eb t\u00eb mb\u00ebshtes\u00eb Kishat Orthodhokse t\u00eb ndodhura n\u00eb sprov\u00eb. Me autoritetin kompetent kishtar, ishte ajo q\u00eb n\u00eb vitin 1937&nbsp; i dha autoqefalin\u00eb Kish\u00ebs s\u00eb Shqip\u00ebris\u00eb (ashtu si dhe m\u00eb par\u00eb i kishte dh\u00ebn\u00eb autoqefalin\u00eb Kish\u00ebs s\u00eb Greqis\u00eb, n\u00eb vitin 1850).<\/span><\/span><\/p>\n<p style=\"text-align: justify;\"><span style=\"font-family: helvetica; font-size: 12pt;\">&nbsp;<span style=\"color: #000000;\">&nbsp; &nbsp; N\u00eb aktivitetin e Kish\u00ebs Orthodhokse Autoqefale t\u00eb Shqip\u00ebris\u00eb, q\u00eb \u00ebsht\u00eb krejt\u00ebsisht e pavarur nga Kisha e Greqis\u00eb, kan\u00eb kontribuuar p\u00ebrve\u00e7 kuadrove vendas dhe grupe bashk\u00ebpun\u00ebtor\u00ebsh t\u00eb huaj nga Greqia e ShBA, numri i t\u00eb cil\u00ebve l\u00ebvizte n\u00eb periudha t\u00eb ndryshme nga 3 deri n\u00eb 5 klerik\u00eb dhe nga 5 deri n\u00eb 8 laik\u00eb, burra e gra. Nuk duhet harruar fakti se t\u00eb huajt q\u00eb punojn\u00eb n\u00eb komunitetet e tjera fetare jan\u00eb me qindra.<\/span><\/span><\/p>\n<p style=\"text-align: justify;\"><span style=\"font-family: helvetica; font-size: 12pt;\">&nbsp;<span style=\"color: #000000;\">&nbsp;&nbsp;&nbsp; 2. Zhvillimi i jasht\u00ebzakonsh\u00ebm n\u00eb nj\u00eb koh\u00eb t\u00eb shkurt\u00ebr e n\u00eb cil\u00ebsi i Kish\u00ebs Orthodhokse Autoqefale t\u00eb Shqip\u00ebris\u00eb, sipas pohimit t\u00eb p\u00ebrgjithsh\u00ebm, lidhet me autoritetin dhe p\u00ebrpjekjet e KryepiskopitAnastas dhe me besimin e p\u00ebrgjithsh\u00ebm q\u00eb ushqejn\u00eb ndaj tij jo vet\u00ebm grek\u00ebt, por n\u00eb t\u00ebr\u00ebsi t\u00eb gjith\u00eb orthodhoks\u00ebt dhe m\u00eb gjer\u00eb t\u00eb krishter\u00ebt anemban\u00eb bot\u00ebs. Ai vet\u00eb, \u00ebsht\u00eb Z\u00ebvend\u00ebspresident i Konferenc\u00ebs s\u00eb Kishave t\u00eb Evrop\u00ebs, President i K\u00ebshillit Bot\u00ebror t\u00eb Kishave dhe President Nderi i organizat\u00ebs m\u00eb t\u00eb madhe nd\u00ebrfetaren\u00eb bot\u00eb \u201cFet\u00eb p\u00ebr Paqen\u201d. K\u00ebta miq t\u00eb Kryepiskopit, t\u00eb shumt\u00eb n\u00eb num\u00ebr, kan\u00eb mb\u00ebshtetur p\u00ebrpjekjet e tij n\u00eb Shqip\u00ebri. Karakteristike \u00ebsht\u00eb se ndihma e par\u00eb e madhe erdhi nga nj\u00eb fondacion i krishter\u00eb i Danimark\u00ebs (DanChurchAid). Sektori i Kish\u00ebs son\u00eb \u201cSh\u00ebrbimi i Dashuris\u00eb\u201d, q\u00eb ka p\u00ebrgjegj\u00ebsin\u00eb e programeve t\u00eb ndryshme filantropike dhe sociale, gjat\u00eb gjith\u00eb k\u00ebtyre viteve mb\u00ebshtetet ekskluzivisht n\u00eb ndihm\u00ebn e Kishave evropiane (t\u00eb Gjermanis\u00eb, Holand\u00ebs, Zvicr\u00ebs, Mbret\u00ebris\u00eb s\u00eb Bashkuar, Norvegjis\u00eb, ShBA-ve dhe vendeve t\u00eb tjera). Programi i madh i mb\u00ebshtetjes ndaj 33.000 refugjat\u00ebve kosovar\u00eb t\u00eb besimit mysliman, n\u00eb vitin 1999, i realizuar me iniciativ\u00ebn e KryepiskopitAnastas, me nj\u00eb vler\u00eb 13 milion\u00eb dollar\u00eb, u mund\u00ebsua me ndihm\u00ebn financiare t\u00eb K\u00ebshillit Bot\u00ebror t\u00eb Kishave dhe t\u00eb organizmave t\u00eb tjer\u00eb t\u00eb krishter\u00eb.<\/span><\/span><\/p>\n<p style=\"text-align: justify;\"><span style=\"font-family: helvetica; font-size: 12pt;\">&nbsp;<span style=\"color: #000000;\">&nbsp;&nbsp;&nbsp; 3. Veprat e ndryshme investuese t\u00eb Kish\u00ebs s\u00eb Shqip\u00ebris\u00eb u realizuan me ofertat bujare t\u00eb shum\u00eb miliona eurove nga burime t\u00eb ndryshme, t\u00eb cilave Kryepiskopi iu drejtua p\u00ebr realizimin e programeve konkrete. T\u00eb qenurit e tij pa interes dhe efektiviteti tashm\u00eb i pohuar gjer\u00ebsisht, soll\u00ebn shum\u00eb oferta t\u00eb njohura (si p.sh. nga Fondacionet Onasis, Niarko, Laci), por edhe t\u00eb panjohura (shembull p\u00ebr k\u00ebt\u00eb \u00ebsht\u00eb testamenti i avokatit athinas P. K, q\u00eb la t\u00eb gjith\u00eb pasurin\u00eb e tij prej 3 milion\u00eb euro p\u00ebr vepr\u00ebn shpirt\u00ebrore dhe filantropike t\u00eb Kish\u00ebs Orthodhokse t\u00eb Shqip\u00ebris\u00eb). Q\u00eb n\u00eb fillim t\u00eb viteve \u201990, u krijuan shum\u00eb grupe miqsh t\u00eb Kryepiskopit n\u00eb Athin\u00eb, Selanik, dhe n\u00eb qytete t\u00eb tjera t\u00eb m\u00ebdha t\u00eb Greqis\u00eb e t\u00eb SHBA-ve dhe vendeve t\u00eb tjera, q\u00eb u p\u00ebrkujdes\u00ebn p\u00ebr mbledhjen e ushqimeve, veshjeve, medikamenteve dhe gj\u00ebrave t\u00eb tjera t\u00eb domosdoshme p\u00ebr kryerjen e nj\u00eb vepre t\u00eb gjer\u00eb sociale. Ajo nuk u kufizua vet\u00ebm tek orthodhoks\u00ebt, por preku njer\u00ebzit n\u00eb nevoj\u00eb, pavar\u00ebsisht bindjeve fetare. U jemi p\u00ebrher\u00eb mir\u00ebnjoh\u00ebs mij\u00ebra njer\u00ebzve q\u00eb dhan\u00eb mb\u00ebshtetjen e tyre.<\/span><\/span><\/p>\n<p style=\"text-align: justify;\"><span style=\"font-family: helvetica; font-size: 12pt;\">&nbsp;<span style=\"color: #000000;\">&nbsp;&nbsp;&nbsp; Ndihma ekonomike q\u00eb ka ardhur prej vendeve dhe burimeve t\u00eb ndryshme, u p\u00ebrdor n\u00eb nd\u00ebrtimin e kishave t\u00eb shkat\u00ebrruara, si dhe atyre t\u00eb reja, n\u00eb edukimin brenda vendit t\u00eb&nbsp; qytetar\u00ebve serioz\u00eb shqiptar\u00eb q\u00eb t\u00eb b\u00ebhen klerik\u00eb, n\u00eb arsimin e p\u00ebrgjithsh\u00ebm, por edhe n\u00eb vepra filantropike sh\u00ebndet\u00ebsore e kulturore, t\u00eb r\u00ebnd\u00ebsishme p\u00ebr progresin e p\u00ebrgjithsh\u00ebm t\u00eb vendit. Sigurisht, nuk \u00ebsht\u00eb <em>\u201ce rrezikshme\u201d<\/em> q\u00eb mij\u00ebra njer\u00ebz n\u00eb zona t\u00eb ndryshme t\u00eb vendit jan\u00eb ndihmuar n\u00eb \u00e7aste kritike me vepra t\u00eb p\u00ebrkujdesjes shoq\u00ebrore dhe t\u00eb zhvillimit rural dhe se kjo vep\u00ebr e gjer\u00eb ka ndihmuar me mij\u00ebra familje, si dhe \u00ebsht\u00eb mb\u00ebshtetur n\u00eb k\u00ebt\u00eb m\u00ebnyr\u00eb ekonomia e p\u00ebrgjithshme e vendit.<\/span><\/span><\/p>\n<p style=\"text-align: justify;\"><span style=\"font-family: helvetica; font-size: 12pt;\">&nbsp;<span style=\"color: #000000;\">&nbsp;&nbsp;&nbsp; 4. Z. Klosi formulon teorin\u00eb se \u201c<em>nuk kishte ngut q\u00eb t\u00eb vinte k\u00ebtu nj\u00eb prift, me t\u00eb v\u00ebrtet\u00eb shum\u00eb i ditur, shum\u00eb v\u00ebrtet\u00eb, nj\u00eb intelektual i v\u00ebrtet\u00eb, q\u00eb t\u00eb organizonte Kish\u00ebn Shqiptare. Le t\u00eb organizohej nj\u00eb \u00e7ik\u00eb m\u00eb ngadal\u00eb, por t\u00eb mbante si t\u00eb thuash pamjen&#8230; Sot \u00ebsht\u00eb pjes\u00eb e Kish\u00ebs Greke fatkeq\u00ebsisht!\u201d<\/em>. Kjo teori e \u00e7uditshme mund t\u00eb shpreh\u00eb d\u00ebshir\u00ebn e nj\u00eb qytetari q\u00eb ka&nbsp; bindje t\u00eb ndryshme fetare dhe filozofike, por jo pik\u00ebpamjet e orthodhoks\u00ebve t\u00eb Shqip\u00ebris\u00eb.<\/span><\/span><\/p>\n<p style=\"text-align: justify;\"><span style=\"font-family: helvetica; font-size: 12pt;\">&nbsp;<span style=\"color: #000000;\">&nbsp; &nbsp; Vizioni dhe p\u00ebrpjekja e KryepiskopitAnastas ishin t\u00eb organizonte nj\u00eb Kish\u00eb Autoqefale Orthodhokse t\u00eb Shqip\u00ebris\u00eb me nivel t\u00eb lart\u00eb, t\u00eb bashkuar, me klerik\u00eb serioz\u00eb t\u00eb arsimuar, qytetar\u00eb shqiptar\u00eb, me struktura administrative orthodhokse, nj\u00eb Kish\u00eb t\u00eb pavarur nga \u00e7do nd\u00ebrhyrje politike, e jashtme apo e brendshme, madje t\u00eb vet\u00ebfinancuar nga ana ekonomike, dhe jo <em>\u201cpjes\u00eb t\u00eb Kish\u00ebs Greke\u201d<\/em>. Nj\u00eb Kish\u00eb Autoqefale Orthodhokse t\u00eb Shqip\u00ebris\u00eb t\u00eb hapur dhe t\u00eb vlefshme n\u00eb shoq\u00ebrin\u00eb shqiptare, t\u00eb nderuar n\u00eb familjen panorthodhokse, duke marr\u00eb pjes\u00eb n\u00eb m\u00ebnyr\u00eb t\u00eb barabart\u00eb n\u00eb L\u00ebvizjen e krishter\u00eb Ekumenike dhe n\u00eb dialog\u00ebt nd\u00ebr t\u00eb krishter\u00eb e nd\u00ebrfetar\u00eb, duke kontribuuar n\u00eb pajtimin e popujve dhe p\u00ebr paqen n\u00eb rajonin ton\u00eb; duke e nderuar Shqip\u00ebrin\u00eb n\u00eb rang nd\u00ebrkomb\u00ebtar. Kjo arritje njihet sot nga t\u00eb gjitha Kishat Orthodhokse Autoqefale dhe m\u00eb gjer\u00eb nga bota e krishter\u00eb. &nbsp;<\/span><\/span><\/p>\n<p style=\"text-align: justify;\"><span style=\"font-family: helvetica; font-size: 12pt;\">&nbsp;<span style=\"color: #000000;\">&nbsp;&nbsp;&nbsp; 5. Pohimi i tij se vet\u00ebm Kisha Orthodhokse e Shqip\u00ebris\u00eb ndihmohet nga jasht\u00eb, nd\u00ebrsa komunitetet e tjera fetare nuk kan\u00eb asnj\u00eb shtet q\u00eb t\u2019i mb\u00ebshtes\u00eb, m\u00eb s\u00eb pakti \u00ebsht\u00eb naiv. \u00cbsht\u00eb nj\u00eb fakt q\u00eb njihet nga t\u00eb gjith\u00eb se komunitetet fetare t\u00eb m\u00ebdha e t\u00eb vogla kan\u00eb marr\u00eb kapitalet\u00eb shumta nga shum\u00eb shtete, jo vet\u00ebm evropiane, por edhe t\u00eb kontinenteve t\u00eb tjera. Sipas z. Klosi, vet\u00ebm Kisha Orthodhokse duhej t\u00eb p\u00ebrjashtohej nga kjo ndihm\u00eb!<\/span><\/span><\/p>\n<p style=\"text-align: justify;\"><span style=\"font-family: helvetica; font-size: 12pt;\">&nbsp;<span style=\"color: #000000;\">&nbsp;&nbsp;&nbsp; 6. N\u00eb komentet e z. Klosi duket qart\u00eb koncepti se e konsideron Greqin\u00eb, n\u00ebse jo nj\u00eb shtet armik, t\u00eb pakt\u00ebn nj\u00eb shtet t\u00eb rreziksh\u00ebm dhe \u00e7do gj\u00eb q\u00eb mund t\u00eb vij\u00eb nga shtetasit me besim t\u00eb nj\u00ebjt\u00eb nga ky vend, shikohet si e dyshimt\u00eb. Por, faktet nuk v\u00ebrtetojn\u00eb bindjet e tij \u201ct\u00eb fshehta\u201d. Greqia dhe Shqip\u00ebria jan\u00eb vende t\u00eb NATO-s, t\u00eb shum\u00eb organizmave nd\u00ebrkomb\u00ebtar\u00eb dhe shpresa e t\u00eb gjith\u00ebve \u00ebsht\u00eb se s\u00eb shpejti Shqip\u00ebria do t\u00eb jet\u00eb brenda Bashkimit Evropian, gj\u00eb p\u00ebr t\u00eb cil\u00ebn edhe Greqia qartazi po ofron ndihm\u00ebn e saj.<\/span><\/span><\/p>\n<p style=\"text-align: justify;\"><span style=\"font-family: helvetica; font-size: 12pt;\">&nbsp;<span style=\"color: #000000;\">&nbsp;&nbsp;&nbsp; Nga ana tjet\u00ebr, pohimi i tij se \u201c<em>Kisha Orthodhokse ka para pa fund! Ka parat\u00eb e Greqis\u00eb, t\u00eb cilat jan\u00eb parat\u00eb e Evrop\u00ebs\u201d <\/em>\u00ebsht\u00eb po aq paradoksal. Si fraza e par\u00eb dhe ajo e dyt\u00eb, jan\u00eb t\u00eb pasakta dhe pa lidhje midis tyre. Kisha Orthodhokse e Shqip\u00ebris\u00eb vazhdon t\u00eb ket\u00eb burime financiare shum\u00eb t\u00eb kufizuara. Gjithashtu, Evropa nuk i jep para Greqis\u00eb p\u00ebr q\u00ebllime fetare.<\/span><\/span><\/p>\n<p><span style=\"font-family: helvetica; font-size: 12pt;\">&nbsp;<span style=\"color: #000000;\">&nbsp; &nbsp; Por, aty ku kulmon kap\u00ebrcimi i s\u00eb logjikshmes, bashk\u00eb me predispozit\u00ebn p\u00ebr t\u00eb shpifur t\u00eb z. Klosi, \u00ebsht\u00eb k\u00ebshilla e tij se <em>\u201cshteti shqiptar duhet t\u00eb jet\u00eb m\u00eb i kujdessh\u00ebm me Kish\u00ebn Greke sesa me k\u00ebta islamik\u00ebt\u201d.<\/em> Institucionet e shtetit dhe kryesisht qindra &#8211; mij\u00ebra orthodhoks\u00ebt e Shqip\u00ebris\u00eb, jan\u00eb n\u00eb gjendje t\u00eb ndjekin dhe t\u00eb gjykojn\u00eb sa kan\u00eb ngjar\u00eb k\u00ebta 22 vjet brenda Kish\u00ebs Orthodhokse dhe me siguri nuk presin t\u00eb mbrohet shteti dhe Kisha me t\u00eb tilla dyshime personale, teori t\u00eb pabazuara dhe k\u00ebshilla \u00e7orientuese.<\/span><\/span><\/p>\n<p>&nbsp;<\/p>\n<p style=\"text-align: right;\"><span style=\"font-family: helvetica; font-size: 12pt;\"><span style=\"color: #000000;\">Tiran\u00eb, 8 prill 2014<\/span><\/span><\/p>\n<p style=\"text-align: right;\">&nbsp;<\/p>\n<p><span style=\"font-family: helvetica; font-size: 12pt;\"><span style=\"color: #000000;\"><strong>&nbsp;&nbsp;&nbsp; (Nga Sekretariati i Sinodit)<\/strong><\/span><\/span><\/p>\n","protected":false},"excerpt":{"rendered":"<p>Kisha Orthodhokse Autoqefale e Shqip\u00ebris\u00eb &nbsp; Sinodi i Shenjt\u00eb &nbsp; NJOFTIM &nbsp; Komentet e z. Fatos Klosi&nbsp;jan\u00eb t\u00eb pap\u00ebrgjegjshme, fyese dhe \u00e7orientuese &nbsp; &nbsp; &nbsp;&nbsp;&nbsp; N\u00eb intervist\u00ebn e z. Fatos Klosi n\u00eb gazet\u00ebn \u201cIllyria\u201d t\u00eb ShBA, m\u00eb 31 mars 2014, q\u00eb u ribotua edhe n\u00eb gazetat \u201cPanorama\u201d e \u201cTema\u201d (1 prill 2014) etj., dhe n\u00eb disa faqe elektronike, duke iu p\u00ebrgjigjur pyetjes tendencioze t\u00eb gazetarit<\/p>\n","protected":false},"author":14,"featured_media":0,"comment_status":"open","ping_status":"open","sticky":false,"template":"","format":"standard","meta":{"_acf_changed":false,"pagelayer_contact_templates":[],"_pagelayer_content":"","inline_featured_image":false,"fifu_image_url":"","fifu_image_alt":"","footnotes":""},"categories":[108],"tags":[140,153,196,212,203],"class_list":["post-1018","post","type-post","status-publish","format-standard","hentry","category-lajme","tag-140","tag-deklarata-njoftime-zyrtare-d75","tag-tirane","tag-lajme-d27","tag-pergjigje-ndaj-akuzave"],"acf":[],"yoast_head":"<!-- This site is optimized with the Yoast SEO plugin v27.2 - https:\/\/yoast.com\/product\/yoast-seo-wordpress\/ -->\n<title>NJOFTIM: Komentet e Z. Fatos Klosi jan\u00eb t\u00eb pap\u00ebrgjegjshme, fyese dhe \u00e7orientuese. (9 Prill 2014) - Kisha Orthodh\u03bfkse Autoqefale e Shqip\u00ebris\u00eb<\/title>\n<meta name=\"robots\" content=\"index, follow, max-snippet:-1, max-image-preview:large, max-video-preview:-1\" \/>\n<link rel=\"canonical\" href=\"https:\/\/orthodoxalbania.org\/2020\/2014\/04\/09\/njoftim-komentet-e-z-fatos-klosi-jane-te-papergjegjshme-fyese-dhe-corientuese\/\" \/>\n<meta property=\"og:locale\" content=\"en_US\" \/>\n<meta property=\"og:type\" content=\"article\" \/>\n<meta property=\"og:title\" content=\"NJOFTIM: Komentet e Z. Fatos Klosi jan\u00eb t\u00eb pap\u00ebrgjegjshme, fyese dhe \u00e7orientuese. (9 Prill 2014) - Kisha Orthodh\u03bfkse Autoqefale e Shqip\u00ebris\u00eb\" \/>\n<meta property=\"og:description\" content=\"Kisha Orthodhokse Autoqefale e Shqip\u00ebris\u00eb &nbsp; Sinodi i Shenjt\u00eb &nbsp; NJOFTIM &nbsp; Komentet e z. Fatos Klosi&nbsp;jan\u00eb t\u00eb pap\u00ebrgjegjshme, fyese dhe \u00e7orientuese &nbsp; &nbsp; &nbsp;&nbsp;&nbsp; N\u00eb intervist\u00ebn e z. Fatos Klosi n\u00eb gazet\u00ebn \u201cIllyria\u201d t\u00eb ShBA, m\u00eb 31 mars 2014, q\u00eb u ribotua edhe n\u00eb gazetat \u201cPanorama\u201d e \u201cTema\u201d (1 prill 2014) etj., dhe n\u00eb disa faqe elektronike, duke iu p\u00ebrgjigjur pyetjes tendencioze t\u00eb gazetarit\" \/>\n<meta property=\"og:url\" content=\"https:\/\/orthodoxalbania.org\/2020\/2014\/04\/09\/njoftim-komentet-e-z-fatos-klosi-jane-te-papergjegjshme-fyese-dhe-corientuese\/\" \/>\n<meta property=\"og:site_name\" content=\"Kisha Orthodh\u03bfkse Autoqefale e Shqip\u00ebris\u00eb\" \/>\n<meta property=\"article:publisher\" content=\"https:\/\/www.facebook.com\/koash1991\" \/>\n<meta property=\"article:published_time\" content=\"2014-04-09T08:13:03+00:00\" \/>\n<meta property=\"article:modified_time\" content=\"2020-04-06T20:05:19+00:00\" \/>\n<meta property=\"og:image\" content=\"https:\/\/lh4.googleusercontent.com\/-p6oTSlUmOrM\/U0UABsfjknI\/AAAAAAAAATs\/zlJeoFRksRE\/s577-no\/logo.png\" \/>\n<meta name=\"author\" content=\"neo_admin\" \/>\n<meta name=\"twitter:card\" content=\"summary_large_image\" \/>\n<meta name=\"twitter:label1\" content=\"Written by\" \/>\n\t<meta name=\"twitter:data1\" content=\"neo_admin\" \/>\n\t<meta name=\"twitter:label2\" content=\"Est. reading time\" \/>\n\t<meta name=\"twitter:data2\" content=\"8 minutes\" \/>\n<script type=\"application\/ld+json\" class=\"yoast-schema-graph\">{\"@context\":\"https:\/\/schema.org\",\"@graph\":[{\"@type\":\"Article\",\"@id\":\"https:\/\/orthodoxalbania.org\/2020\/2014\/04\/09\/njoftim-komentet-e-z-fatos-klosi-jane-te-papergjegjshme-fyese-dhe-corientuese\/#article\",\"isPartOf\":{\"@id\":\"https:\/\/orthodoxalbania.org\/2020\/2014\/04\/09\/njoftim-komentet-e-z-fatos-klosi-jane-te-papergjegjshme-fyese-dhe-corientuese\/\"},\"author\":{\"name\":\"neo_admin\",\"@id\":\"https:\/\/orthodoxalbania.org\/2020\/#\/schema\/person\/dd2bdc135b53c60d45b8bb329565cf6d\"},\"headline\":\"NJOFTIM: Komentet e Z. Fatos Klosi jan\u00eb t\u00eb pap\u00ebrgjegjshme, fyese dhe \u00e7orientuese. (9 Prill 2014)\",\"datePublished\":\"2014-04-09T08:13:03+00:00\",\"dateModified\":\"2020-04-06T20:05:19+00:00\",\"mainEntityOfPage\":{\"@id\":\"https:\/\/orthodoxalbania.org\/2020\/2014\/04\/09\/njoftim-komentet-e-z-fatos-klosi-jane-te-papergjegjshme-fyese-dhe-corientuese\/\"},\"wordCount\":1616,\"commentCount\":0,\"publisher\":{\"@id\":\"https:\/\/orthodoxalbania.org\/2020\/#organization\"},\"image\":{\"@id\":\"https:\/\/orthodoxalbania.org\/2020\/2014\/04\/09\/njoftim-komentet-e-z-fatos-klosi-jane-te-papergjegjshme-fyese-dhe-corientuese\/#primaryimage\"},\"thumbnailUrl\":\"https:\/\/lh4.googleusercontent.com\/-p6oTSlUmOrM\/U0UABsfjknI\/AAAAAAAAATs\/zlJeoFRksRE\/s577-no\/logo.png\",\"keywords\":[\"2014\",\"Deklarata - Njoftime Zyrtare\",\"Kryepiskopata Tiran\u00eb\",\"lajme\",\"P\u00ebrgjigje ndaj akuzave\"],\"articleSection\":[\"Lajme\"],\"inLanguage\":\"en-US\"},{\"@type\":\"WebPage\",\"@id\":\"https:\/\/orthodoxalbania.org\/2020\/2014\/04\/09\/njoftim-komentet-e-z-fatos-klosi-jane-te-papergjegjshme-fyese-dhe-corientuese\/\",\"url\":\"https:\/\/orthodoxalbania.org\/2020\/2014\/04\/09\/njoftim-komentet-e-z-fatos-klosi-jane-te-papergjegjshme-fyese-dhe-corientuese\/\",\"name\":\"NJOFTIM: Komentet e Z. Fatos Klosi jan\u00eb t\u00eb pap\u00ebrgjegjshme, fyese dhe \u00e7orientuese. (9 Prill 2014) - Kisha Orthodh\u03bfkse Autoqefale e Shqip\u00ebris\u00eb\",\"isPartOf\":{\"@id\":\"https:\/\/orthodoxalbania.org\/2020\/#website\"},\"primaryImageOfPage\":{\"@id\":\"https:\/\/orthodoxalbania.org\/2020\/2014\/04\/09\/njoftim-komentet-e-z-fatos-klosi-jane-te-papergjegjshme-fyese-dhe-corientuese\/#primaryimage\"},\"image\":{\"@id\":\"https:\/\/orthodoxalbania.org\/2020\/2014\/04\/09\/njoftim-komentet-e-z-fatos-klosi-jane-te-papergjegjshme-fyese-dhe-corientuese\/#primaryimage\"},\"thumbnailUrl\":\"https:\/\/lh4.googleusercontent.com\/-p6oTSlUmOrM\/U0UABsfjknI\/AAAAAAAAATs\/zlJeoFRksRE\/s577-no\/logo.png\",\"datePublished\":\"2014-04-09T08:13:03+00:00\",\"dateModified\":\"2020-04-06T20:05:19+00:00\",\"breadcrumb\":{\"@id\":\"https:\/\/orthodoxalbania.org\/2020\/2014\/04\/09\/njoftim-komentet-e-z-fatos-klosi-jane-te-papergjegjshme-fyese-dhe-corientuese\/#breadcrumb\"},\"inLanguage\":\"en-US\",\"potentialAction\":[{\"@type\":\"ReadAction\",\"target\":[\"https:\/\/orthodoxalbania.org\/2020\/2014\/04\/09\/njoftim-komentet-e-z-fatos-klosi-jane-te-papergjegjshme-fyese-dhe-corientuese\/\"]}]},{\"@type\":\"ImageObject\",\"inLanguage\":\"en-US\",\"@id\":\"https:\/\/orthodoxalbania.org\/2020\/2014\/04\/09\/njoftim-komentet-e-z-fatos-klosi-jane-te-papergjegjshme-fyese-dhe-corientuese\/#primaryimage\",\"url\":\"https:\/\/lh4.googleusercontent.com\/-p6oTSlUmOrM\/U0UABsfjknI\/AAAAAAAAATs\/zlJeoFRksRE\/s577-no\/logo.png\",\"contentUrl\":\"https:\/\/lh4.googleusercontent.com\/-p6oTSlUmOrM\/U0UABsfjknI\/AAAAAAAAATs\/zlJeoFRksRE\/s577-no\/logo.png\"},{\"@type\":\"BreadcrumbList\",\"@id\":\"https:\/\/orthodoxalbania.org\/2020\/2014\/04\/09\/njoftim-komentet-e-z-fatos-klosi-jane-te-papergjegjshme-fyese-dhe-corientuese\/#breadcrumb\",\"itemListElement\":[{\"@type\":\"ListItem\",\"position\":1,\"name\":\"Home\",\"item\":\"https:\/\/orthodoxalbania.org\/2020\/\"},{\"@type\":\"ListItem\",\"position\":2,\"name\":\"NJOFTIM: Komentet e Z. Fatos Klosi jan\u00eb t\u00eb pap\u00ebrgjegjshme, fyese dhe \u00e7orientuese. (9 Prill 2014)\"}]},{\"@type\":\"WebSite\",\"@id\":\"https:\/\/orthodoxalbania.org\/2020\/#website\",\"url\":\"https:\/\/orthodoxalbania.org\/2020\/\",\"name\":\"Kisha Orthodh\u03bfkse Autoqefale e Shqip\u00ebris\u00eb\",\"description\":\"Fqja Zyrtare e Kish\u00ebs Orthodhokse Autoqefale e Shqip\u00ebris\u00eb me lajmet edhe informacionet zyrtare p\u00ebr struktur\u00ebn edhe veprimtarin e saj.\",\"publisher\":{\"@id\":\"https:\/\/orthodoxalbania.org\/2020\/#organization\"},\"potentialAction\":[{\"@type\":\"SearchAction\",\"target\":{\"@type\":\"EntryPoint\",\"urlTemplate\":\"https:\/\/orthodoxalbania.org\/2020\/?s={search_term_string}\"},\"query-input\":{\"@type\":\"PropertyValueSpecification\",\"valueRequired\":true,\"valueName\":\"search_term_string\"}}],\"inLanguage\":\"en-US\"},{\"@type\":\"Organization\",\"@id\":\"https:\/\/orthodoxalbania.org\/2020\/#organization\",\"name\":\"Kisha Orthodhokse Autoqefale e Shqip\u00ebris\u00eb\",\"url\":\"https:\/\/orthodoxalbania.org\/2020\/\",\"logo\":{\"@type\":\"ImageObject\",\"inLanguage\":\"en-US\",\"@id\":\"https:\/\/orthodoxalbania.org\/2020\/#\/schema\/logo\/image\/\",\"url\":\"https:\/\/orthodoxalbania.org\/2020\/wp-content\/uploads\/2020\/05\/albania.jpeg\",\"contentUrl\":\"https:\/\/orthodoxalbania.org\/2020\/wp-content\/uploads\/2020\/05\/albania.jpeg\",\"width\":540,\"height\":540,\"caption\":\"Kisha Orthodhokse Autoqefale e Shqip\u00ebris\u00eb\"},\"image\":{\"@id\":\"https:\/\/orthodoxalbania.org\/2020\/#\/schema\/logo\/image\/\"},\"sameAs\":[\"https:\/\/www.facebook.com\/koash1991\"]},{\"@type\":\"Person\",\"@id\":\"https:\/\/orthodoxalbania.org\/2020\/#\/schema\/person\/dd2bdc135b53c60d45b8bb329565cf6d\",\"name\":\"neo_admin\",\"image\":{\"@type\":\"ImageObject\",\"inLanguage\":\"en-US\",\"@id\":\"https:\/\/secure.gravatar.com\/avatar\/53e6cdc30765aade0129f85e5aeb50124b1d3f5bb9a70373be31e4eb328371e0?s=96&d=mm&r=g\",\"url\":\"https:\/\/secure.gravatar.com\/avatar\/53e6cdc30765aade0129f85e5aeb50124b1d3f5bb9a70373be31e4eb328371e0?s=96&d=mm&r=g\",\"contentUrl\":\"https:\/\/secure.gravatar.com\/avatar\/53e6cdc30765aade0129f85e5aeb50124b1d3f5bb9a70373be31e4eb328371e0?s=96&d=mm&r=g\",\"caption\":\"neo_admin\"}}]}<\/script>\n<!-- \/ Yoast SEO plugin. -->","yoast_head_json":{"title":"NJOFTIM: Komentet e Z. Fatos Klosi jan\u00eb t\u00eb pap\u00ebrgjegjshme, fyese dhe \u00e7orientuese. (9 Prill 2014) - Kisha Orthodh\u03bfkse Autoqefale e Shqip\u00ebris\u00eb","robots":{"index":"index","follow":"follow","max-snippet":"max-snippet:-1","max-image-preview":"max-image-preview:large","max-video-preview":"max-video-preview:-1"},"canonical":"https:\/\/orthodoxalbania.org\/2020\/2014\/04\/09\/njoftim-komentet-e-z-fatos-klosi-jane-te-papergjegjshme-fyese-dhe-corientuese\/","og_locale":"en_US","og_type":"article","og_title":"NJOFTIM: Komentet e Z. Fatos Klosi jan\u00eb t\u00eb pap\u00ebrgjegjshme, fyese dhe \u00e7orientuese. (9 Prill 2014) - Kisha Orthodh\u03bfkse Autoqefale e Shqip\u00ebris\u00eb","og_description":"Kisha Orthodhokse Autoqefale e Shqip\u00ebris\u00eb &nbsp; Sinodi i Shenjt\u00eb &nbsp; NJOFTIM &nbsp; Komentet e z. Fatos Klosi&nbsp;jan\u00eb t\u00eb pap\u00ebrgjegjshme, fyese dhe \u00e7orientuese &nbsp; &nbsp; &nbsp;&nbsp;&nbsp; N\u00eb intervist\u00ebn e z. Fatos Klosi n\u00eb gazet\u00ebn \u201cIllyria\u201d t\u00eb ShBA, m\u00eb 31 mars 2014, q\u00eb u ribotua edhe n\u00eb gazetat \u201cPanorama\u201d e \u201cTema\u201d (1 prill 2014) etj., dhe n\u00eb disa faqe elektronike, duke iu p\u00ebrgjigjur pyetjes tendencioze t\u00eb gazetarit","og_url":"https:\/\/orthodoxalbania.org\/2020\/2014\/04\/09\/njoftim-komentet-e-z-fatos-klosi-jane-te-papergjegjshme-fyese-dhe-corientuese\/","og_site_name":"Kisha Orthodh\u03bfkse Autoqefale e Shqip\u00ebris\u00eb","article_publisher":"https:\/\/www.facebook.com\/koash1991","article_published_time":"2014-04-09T08:13:03+00:00","article_modified_time":"2020-04-06T20:05:19+00:00","og_image":[{"url":"https:\/\/lh4.googleusercontent.com\/-p6oTSlUmOrM\/U0UABsfjknI\/AAAAAAAAATs\/zlJeoFRksRE\/s577-no\/logo.png","type":"","width":"","height":""}],"author":"neo_admin","twitter_card":"summary_large_image","twitter_misc":{"Written by":"neo_admin","Est. reading time":"8 minutes"},"schema":{"@context":"https:\/\/schema.org","@graph":[{"@type":"Article","@id":"https:\/\/orthodoxalbania.org\/2020\/2014\/04\/09\/njoftim-komentet-e-z-fatos-klosi-jane-te-papergjegjshme-fyese-dhe-corientuese\/#article","isPartOf":{"@id":"https:\/\/orthodoxalbania.org\/2020\/2014\/04\/09\/njoftim-komentet-e-z-fatos-klosi-jane-te-papergjegjshme-fyese-dhe-corientuese\/"},"author":{"name":"neo_admin","@id":"https:\/\/orthodoxalbania.org\/2020\/#\/schema\/person\/dd2bdc135b53c60d45b8bb329565cf6d"},"headline":"NJOFTIM: Komentet e Z. Fatos Klosi jan\u00eb t\u00eb pap\u00ebrgjegjshme, fyese dhe \u00e7orientuese. (9 Prill 2014)","datePublished":"2014-04-09T08:13:03+00:00","dateModified":"2020-04-06T20:05:19+00:00","mainEntityOfPage":{"@id":"https:\/\/orthodoxalbania.org\/2020\/2014\/04\/09\/njoftim-komentet-e-z-fatos-klosi-jane-te-papergjegjshme-fyese-dhe-corientuese\/"},"wordCount":1616,"commentCount":0,"publisher":{"@id":"https:\/\/orthodoxalbania.org\/2020\/#organization"},"image":{"@id":"https:\/\/orthodoxalbania.org\/2020\/2014\/04\/09\/njoftim-komentet-e-z-fatos-klosi-jane-te-papergjegjshme-fyese-dhe-corientuese\/#primaryimage"},"thumbnailUrl":"https:\/\/lh4.googleusercontent.com\/-p6oTSlUmOrM\/U0UABsfjknI\/AAAAAAAAATs\/zlJeoFRksRE\/s577-no\/logo.png","keywords":["2014","Deklarata - Njoftime Zyrtare","Kryepiskopata Tiran\u00eb","lajme","P\u00ebrgjigje ndaj akuzave"],"articleSection":["Lajme"],"inLanguage":"en-US"},{"@type":"WebPage","@id":"https:\/\/orthodoxalbania.org\/2020\/2014\/04\/09\/njoftim-komentet-e-z-fatos-klosi-jane-te-papergjegjshme-fyese-dhe-corientuese\/","url":"https:\/\/orthodoxalbania.org\/2020\/2014\/04\/09\/njoftim-komentet-e-z-fatos-klosi-jane-te-papergjegjshme-fyese-dhe-corientuese\/","name":"NJOFTIM: Komentet e Z. Fatos Klosi jan\u00eb t\u00eb pap\u00ebrgjegjshme, fyese dhe \u00e7orientuese. (9 Prill 2014) - Kisha Orthodh\u03bfkse Autoqefale e Shqip\u00ebris\u00eb","isPartOf":{"@id":"https:\/\/orthodoxalbania.org\/2020\/#website"},"primaryImageOfPage":{"@id":"https:\/\/orthodoxalbania.org\/2020\/2014\/04\/09\/njoftim-komentet-e-z-fatos-klosi-jane-te-papergjegjshme-fyese-dhe-corientuese\/#primaryimage"},"image":{"@id":"https:\/\/orthodoxalbania.org\/2020\/2014\/04\/09\/njoftim-komentet-e-z-fatos-klosi-jane-te-papergjegjshme-fyese-dhe-corientuese\/#primaryimage"},"thumbnailUrl":"https:\/\/lh4.googleusercontent.com\/-p6oTSlUmOrM\/U0UABsfjknI\/AAAAAAAAATs\/zlJeoFRksRE\/s577-no\/logo.png","datePublished":"2014-04-09T08:13:03+00:00","dateModified":"2020-04-06T20:05:19+00:00","breadcrumb":{"@id":"https:\/\/orthodoxalbania.org\/2020\/2014\/04\/09\/njoftim-komentet-e-z-fatos-klosi-jane-te-papergjegjshme-fyese-dhe-corientuese\/#breadcrumb"},"inLanguage":"en-US","potentialAction":[{"@type":"ReadAction","target":["https:\/\/orthodoxalbania.org\/2020\/2014\/04\/09\/njoftim-komentet-e-z-fatos-klosi-jane-te-papergjegjshme-fyese-dhe-corientuese\/"]}]},{"@type":"ImageObject","inLanguage":"en-US","@id":"https:\/\/orthodoxalbania.org\/2020\/2014\/04\/09\/njoftim-komentet-e-z-fatos-klosi-jane-te-papergjegjshme-fyese-dhe-corientuese\/#primaryimage","url":"https:\/\/lh4.googleusercontent.com\/-p6oTSlUmOrM\/U0UABsfjknI\/AAAAAAAAATs\/zlJeoFRksRE\/s577-no\/logo.png","contentUrl":"https:\/\/lh4.googleusercontent.com\/-p6oTSlUmOrM\/U0UABsfjknI\/AAAAAAAAATs\/zlJeoFRksRE\/s577-no\/logo.png"},{"@type":"BreadcrumbList","@id":"https:\/\/orthodoxalbania.org\/2020\/2014\/04\/09\/njoftim-komentet-e-z-fatos-klosi-jane-te-papergjegjshme-fyese-dhe-corientuese\/#breadcrumb","itemListElement":[{"@type":"ListItem","position":1,"name":"Home","item":"https:\/\/orthodoxalbania.org\/2020\/"},{"@type":"ListItem","position":2,"name":"NJOFTIM: Komentet e Z. Fatos Klosi jan\u00eb t\u00eb pap\u00ebrgjegjshme, fyese dhe \u00e7orientuese. (9 Prill 2014)"}]},{"@type":"WebSite","@id":"https:\/\/orthodoxalbania.org\/2020\/#website","url":"https:\/\/orthodoxalbania.org\/2020\/","name":"Kisha Orthodh\u03bfkse Autoqefale e Shqip\u00ebris\u00eb","description":"Fqja Zyrtare e Kish\u00ebs Orthodhokse Autoqefale e Shqip\u00ebris\u00eb me lajmet edhe informacionet zyrtare p\u00ebr struktur\u00ebn edhe veprimtarin e saj.","publisher":{"@id":"https:\/\/orthodoxalbania.org\/2020\/#organization"},"potentialAction":[{"@type":"SearchAction","target":{"@type":"EntryPoint","urlTemplate":"https:\/\/orthodoxalbania.org\/2020\/?s={search_term_string}"},"query-input":{"@type":"PropertyValueSpecification","valueRequired":true,"valueName":"search_term_string"}}],"inLanguage":"en-US"},{"@type":"Organization","@id":"https:\/\/orthodoxalbania.org\/2020\/#organization","name":"Kisha Orthodhokse Autoqefale e Shqip\u00ebris\u00eb","url":"https:\/\/orthodoxalbania.org\/2020\/","logo":{"@type":"ImageObject","inLanguage":"en-US","@id":"https:\/\/orthodoxalbania.org\/2020\/#\/schema\/logo\/image\/","url":"https:\/\/orthodoxalbania.org\/2020\/wp-content\/uploads\/2020\/05\/albania.jpeg","contentUrl":"https:\/\/orthodoxalbania.org\/2020\/wp-content\/uploads\/2020\/05\/albania.jpeg","width":540,"height":540,"caption":"Kisha Orthodhokse Autoqefale e Shqip\u00ebris\u00eb"},"image":{"@id":"https:\/\/orthodoxalbania.org\/2020\/#\/schema\/logo\/image\/"},"sameAs":["https:\/\/www.facebook.com\/koash1991"]},{"@type":"Person","@id":"https:\/\/orthodoxalbania.org\/2020\/#\/schema\/person\/dd2bdc135b53c60d45b8bb329565cf6d","name":"neo_admin","image":{"@type":"ImageObject","inLanguage":"en-US","@id":"https:\/\/secure.gravatar.com\/avatar\/53e6cdc30765aade0129f85e5aeb50124b1d3f5bb9a70373be31e4eb328371e0?s=96&d=mm&r=g","url":"https:\/\/secure.gravatar.com\/avatar\/53e6cdc30765aade0129f85e5aeb50124b1d3f5bb9a70373be31e4eb328371e0?s=96&d=mm&r=g","contentUrl":"https:\/\/secure.gravatar.com\/avatar\/53e6cdc30765aade0129f85e5aeb50124b1d3f5bb9a70373be31e4eb328371e0?s=96&d=mm&r=g","caption":"neo_admin"}}]}},"_links":{"self":[{"href":"https:\/\/orthodoxalbania.org\/2020\/wp-json\/wp\/v2\/posts\/1018","targetHints":{"allow":["GET"]}}],"collection":[{"href":"https:\/\/orthodoxalbania.org\/2020\/wp-json\/wp\/v2\/posts"}],"about":[{"href":"https:\/\/orthodoxalbania.org\/2020\/wp-json\/wp\/v2\/types\/post"}],"author":[{"embeddable":true,"href":"https:\/\/orthodoxalbania.org\/2020\/wp-json\/wp\/v2\/users\/14"}],"replies":[{"embeddable":true,"href":"https:\/\/orthodoxalbania.org\/2020\/wp-json\/wp\/v2\/comments?post=1018"}],"version-history":[{"count":1,"href":"https:\/\/orthodoxalbania.org\/2020\/wp-json\/wp\/v2\/posts\/1018\/revisions"}],"predecessor-version":[{"id":15113,"href":"https:\/\/orthodoxalbania.org\/2020\/wp-json\/wp\/v2\/posts\/1018\/revisions\/15113"}],"wp:attachment":[{"href":"https:\/\/orthodoxalbania.org\/2020\/wp-json\/wp\/v2\/media?parent=1018"}],"wp:term":[{"taxonomy":"category","embeddable":true,"href":"https:\/\/orthodoxalbania.org\/2020\/wp-json\/wp\/v2\/categories?post=1018"},{"taxonomy":"post_tag","embeddable":true,"href":"https:\/\/orthodoxalbania.org\/2020\/wp-json\/wp\/v2\/tags?post=1018"}],"curies":[{"name":"wp","href":"https:\/\/api.w.org\/{rel}","templated":true}]}}