{"id":1016,"date":"2014-10-13T18:03:34","date_gmt":"2014-10-13T18:03:34","guid":{"rendered":""},"modified":"2020-04-06T22:02:21","modified_gmt":"2020-04-06T20:02:21","slug":"njoftim-shtypi-u-zhvillua-asambleja-e-lidhjes-se-intelektualeve-orthodhokse","status":"publish","type":"post","link":"https:\/\/orthodoxalbania.org\/2020\/2014\/10\/13\/njoftim-shtypi-u-zhvillua-asambleja-e-lidhjes-se-intelektualeve-orthodhokse\/","title":{"rendered":"Njoftim Shtypi: U zhvillua Asambleja e Lidhjes s\u00eb Intelektual\u00ebve Orthodhoks\u00eb"},"content":{"rendered":"<p style=\"text-align: center;\">\n\t<span style=\"font-family: helvetica; font-size: 12pt;\"><span style=\"color: #000000;\"><strong>KISHA ORTHODHOKSE AUTOQEFALE E SHQIPERISE<\/strong><\/span><\/span><\/p>\n<p style=\"text-align: right;\">\n\t<span style=\"font-family: helvetica; font-size: 12pt;\"><span style=\"color: #000000;\">Tiran\u00eb, 13 tetor 2014<\/span><\/span><\/p>\n<p style=\"text-align: center;\">\n\t<span style=\"font-family: helvetica; font-size: 12pt;\"><span style=\"color: #000000;\"><strong>Njoftim Shtypi<\/strong><\/span><\/span><\/p>\n<p style=\"text-align: center;\">\n\t&nbsp;<\/p>\n<p style=\"text-align: center;\">\n\t<span style=\"font-family: helvetica; font-size: 12pt;\"><span style=\"color: #ff0000;\"><strong>U zhvillua Asambleja e Lidhjes s\u00eb Intelektual\u00ebve Orthodhoks\u00eb<\/strong>&nbsp;&nbsp;<\/span><\/span><\/p>\n<p style=\"text-align: center;\">\n\t&nbsp;<\/p>\n<p style=\"text-align: justify;\">\n\t<span style=\"font-family: helvetica; font-size: 12pt;\">&nbsp;&nbsp;<span style=\"color: #000000;\"> T\u00eb ardhur nga qytete t\u00eb ndryshme t\u00eb vendit, mbi 400 t\u00eb diplomuar t\u00eb shkollave t\u00eb larta, an\u00ebtar\u00eb aktiv\u00eb t\u00eb Kish\u00ebs Orthodhokse Autoqefale t\u00eb Shqip\u00ebris\u00eb, u mblodh\u00ebn t\u00eb shtun\u00ebn, 11 tetor, n\u00eb sall\u00ebn e Qendr\u00ebs Kulturore t\u00eb Katedrales s\u00eb Tiran\u00ebs \u201cNgjallja e Krishtit\u201d, n\u00eb Asamblen\u00eb e Lidhjes s\u00eb Intelektual\u00ebve Orthodhoks\u00eb t\u00eb Shqip\u00ebris\u00eb. Lidhja funksionon n\u00eb kuadrin e Statutit t\u00eb Kish\u00ebs Orthodhokse Autoqefale t\u00eb Shqip\u00ebris\u00eb dhe ka p\u00ebr q\u00ebllim kultivimin shpirt\u00ebror t\u00eb an\u00ebtar\u00ebve t\u00eb saj, zhvillimin e marr\u00ebdh\u00ebnieve nd\u00ebrpersonale, d\u00ebshmin\u00eb e s\u00eb v\u00ebrtet\u00ebs Orthodhokse, sh\u00ebrbimin social, p\u00ebr mb\u00ebshtetjen e njer\u00ebzve n\u00eb nevoj\u00eb etj.<\/span><\/span><\/p>\n<p style=\"text-align: justify;\">\n\t<span style=\"font-family: helvetica; font-size: 12pt;\"><span style=\"color: #000000;\">&nbsp;&nbsp;&nbsp; Fjal\u00ebn e hapjes e mbajti Kryepiskopit Anastas, i cili foli rreth tem\u00ebs \u201cK\u00ebrkimi fetar n\u00eb Evrop\u00eb. R\u00ebnd\u00ebsia e pakicave krijuese\u201d. N\u00eb t\u00eb nd\u00ebr t\u00eb tjera u theksua se <em>\u201c\u2026Q\u00eb Kisha Orthodhokse t\u2019i p\u00ebrgjigjet rolit historik t\u00eb saj dhe q\u00eb t\u00eb kontribuoj\u00eb n\u00eb ecurin\u00eb shpirt\u00ebrore t\u00eb Shqip\u00ebris\u00eb dhe m\u00eb gjer\u00eb t\u00eb Evrop\u00ebs, nevojitet para s\u00eb gjithash q\u00eb t\u00eb jet\u00eb besnike ndaj karakterit t\u00eb saj misterial-sotiriologjik.&nbsp; T\u00eb mbetet ajo q\u00eb \u00ebsht\u00eb n\u00eb thelb \u201cArka e s\u00eb v\u00ebrtet\u00ebs\u201d, &#8211; t\u00eb cil\u00ebn e zbuloi Per\u00ebndia Triadik- shfaqja e misterit t\u00eb ekonomis\u00eb s\u00eb Per\u00ebndis\u00eb n\u00eb Krishtin me an\u00ebn e Shpirtit t\u00eb Shenjt\u00eb. Vendi ku kryhet metamorfoza e njeriut, kap\u00ebrcimi i ankthit ekzistencial, bashkimi i tij me Per\u00ebndin\u00eb e dashuris\u00eb. K\u00ebt\u00eb Orthodhoksi duhet t\u00eb p\u00ebrfaq\u00ebsojm\u00eb n\u00eb Shqip\u00ebri dhe n\u00eb t\u00ebr\u00eb bot\u00ebn. Le t\u00eb mos shqet\u00ebsohemi pse nuk b\u00ebjm\u00eb pjes\u00eb n\u00eb shumic\u00ebn. Ajo q\u00eb k\u00ebrkohet \u00ebsht\u00eb t\u00eb b\u00ebhemi nj\u00eb b\u00ebrtham\u00eb krijuese, q\u00eb do t\u00eb ndihmoj\u00eb vendin ton\u00eb, q\u00eb do t\u00eb zbuloj\u00eb dhe do t\u00eb zhvilloj\u00eb element\u00ebt m\u00eb t\u00eb mir\u00eb t\u00eb trash\u00ebgimis\u00eb evropiane si dhe do t\u00eb ec\u00eb drejt nj\u00eb lul\u00ebzimi t\u00eb ri shpirt\u00ebror.\u201d&nbsp;&nbsp;<\/em><\/span><\/span><\/p>\n<p style=\"text-align: justify;\">\n\t<span style=\"font-family: helvetica; font-size: 12pt;\"><span style=\"color: #000000;\">&nbsp;&nbsp;&nbsp; N\u00eb pjes\u00ebn e dyt\u00eb t\u00eb veprimtaris\u00eb u mbajt\u00ebn disa referate nga an\u00ebtar\u00eb t\u00eb Lidhjes s\u00eb Intelektual\u00ebve Orthodhoks\u00eb: Nga Prof. dr. Robert Andoni \u201cMjek\u00eb t\u00eb shquar orthodhoks\u00eb\u201d; nga Anastasia Pite \u201cGruaja Orthodhokse dhe besimi\u201d, nga Prof.as dr. Pirro Prifti \u201cVe\u00e7ori t\u00eb bashk\u00ebjetes\u00ebs fetare\u201d dhe nga Dr. Dritan Shano \u201cZhvillimet ekonomike dhe sfidat me t\u00eb cilat p\u00ebrballemi\u201d. Veprimtaria vijoi me diskutime, ku u b\u00ebn\u00eb propozime konkrete p\u00ebr veprimtarin\u00eb e ardhshme t\u00eb Lidhjes.<\/span><\/span><\/p>\n<p style=\"text-align: justify;\">\n\t<span style=\"font-family: helvetica; font-size: 12pt;\"><span style=\"color: #000000;\">&nbsp;&nbsp;&nbsp; N\u00eb kuadrin e Asambles\u00eb, u b\u00eb zgjedhja e an\u00ebtar\u00ebve t\u00eb K\u00ebshillit Ekzekutiv t\u00eb saj, me procedura krejt\u00ebsisht transparente, &nbsp;nga nj\u00eb list\u00eb kandidat\u00ebsh q\u00eb u propozuan drejtp\u00ebrdrejt nga an\u00ebtar\u00ebt e Lidhjes gjat\u00eb procesit t\u00eb votimit (t\u00eb ndar\u00eb n\u00eb 4 grupe, t\u00eb Kryepiskopat\u00ebs dhe t\u00eb 3 Mitropolive).<\/span><\/span><\/p>\n<p style=\"text-align: justify;\">\n\t<span style=\"font-family: helvetica; font-size: 12pt;\"><span style=\"color: #000000;\">&nbsp;&nbsp;&nbsp; Gjat\u00eb koh\u00ebs s\u00eb mbajtjes s\u00eb referateve p\u00ebrfundoi num\u00ebrimi i votave dhe m\u00eb pas u b\u00ebn\u00eb t\u00eb ditura rezultatet. N\u00eb K\u00ebshillin Ekzekutiv u zgjodh\u00ebn 4 an\u00ebtar\u00eb nga Kryepiskopata dhe 3 an\u00ebtar\u00eb p\u00ebr \u00e7do Mitropoli (nga 13 an\u00ebtar\u00ebt 8 jan\u00eb burra dhe 5 jan\u00eb gra).<\/span><\/span><\/p>\n<p>\n\t<span style=\"font-family: helvetica; font-size: 12pt;\"><span style=\"color: #000000;\">&nbsp;&nbsp;&nbsp; Lidhja shprehu qart\u00eb nevoj\u00ebn e pjes\u00ebmarrjes aktive dhe krijuese t\u00eb Orthodhoks\u00ebve q\u00eb kan\u00eb formim universitar n\u00eb jet\u00ebn e Kish\u00ebs son\u00eb, brenda shoq\u00ebris\u00eb bashk\u00ebkohore shqiptare.<\/span><\/span><\/p>\n<p>\n\t&nbsp;<\/p>\n<p style=\"text-align: center;\">\n\t<span style=\"font-family: helvetica; font-size: 12pt;\"><span style=\"color: #000000;\"><strong>Zyra e Shtypit<\/strong><\/span><\/span><\/p>\n<p style=\"text-align: center;\">\n\t<span style=\"font-family: helvetica; font-size: 12pt;\"><span style=\"color: #000000;\"><strong>e Kish\u00ebs Orthodhokse Autoqefale t\u00eb Shqip\u00ebris\u00eb<\/strong><\/span><\/span><\/p>\n<p>\n\t&nbsp;<\/p>\n<p>\n\t<span style=\"font-family: tahoma,geneva,sans-serif;\"><span style=\"font-size: 12px;\"><img class=\"lazyload\" decoding=\"async\" alt=\"\" src=\"data:image\/gif;base64,R0lGODlhAQABAAAAACH5BAEKAAEALAAAAAABAAEAAAICTAEAOw==\" data-orig-src=\"https:\/\/lh4.googleusercontent.com\/-_QZo04z01PI\/VDwSPJ9ERqI\/AAAAAAAACT8\/aGlr7MxdbhI\/w958-h639-no\/IC2014-8.jpg\" style=\"border-width: 1px; border-style: solid; margin: 10px auto; display: block;\" \/><\/span><\/span><\/p>\n<p>\n\t<span style=\"font-family: tahoma,geneva,sans-serif;\"><span style=\"font-size: 12px;\"><img class=\"lazyload\" decoding=\"async\" alt=\"\" src=\"data:image\/gif;base64,R0lGODlhAQABAAAAACH5BAEKAAEALAAAAAABAAEAAAICTAEAOw==\" data-orig-src=\"https:\/\/lh5.googleusercontent.com\/-BJEuasThPJ4\/VDwZ1MQuPLI\/AAAAAAAACUs\/T3kHCv0TdEw\/w958-h577-no\/IC2014-29.jpg\" style=\"margin: 10px auto; border-width: 1px; border-style: solid; display: block;\" \/><\/span><\/span><\/p>\n<p>\n\t<span style=\"font-family: tahoma,geneva,sans-serif;\"><span style=\"font-size: 12px;\"><img class=\"lazyload\" decoding=\"async\" alt=\"\" src=\"data:image\/gif;base64,R0lGODlhAQABAAAAACH5BAEKAAEALAAAAAABAAEAAAICTAEAOw==\" data-orig-src=\"https:\/\/lh5.googleusercontent.com\/-yFh0NQSs2-4\/VDwSPOdnqHI\/AAAAAAAACT4\/HXf2VzZmapM\/w958-h611-no\/IC2014-50.jpg\" style=\"border-width: 1px; border-style: solid; margin: 10px auto; display: block;\" \/><\/span><\/span><\/p>\n<p>\n\t&nbsp;<\/p>\n<p>\n\t&nbsp;<\/p>\n","protected":false},"excerpt":{"rendered":"<p>KISHA ORTHODHOKSE AUTOQEFALE E SHQIPERISE Tiran\u00eb, 13 tetor 2014 Njoftim Shtypi &nbsp; U zhvillua Asambleja e Lidhjes s\u00eb Intelektual\u00ebve Orthodhoks\u00eb&nbsp;&nbsp; &nbsp; &nbsp;&nbsp; T\u00eb ardhur nga qytete t\u00eb ndryshme t\u00eb vendit, mbi 400 t\u00eb diplomuar t\u00eb shkollave t\u00eb larta, an\u00ebtar\u00eb aktiv\u00eb t\u00eb Kish\u00ebs Orthodhokse Autoqefale t\u00eb Shqip\u00ebris\u00eb, u mblodh\u00ebn t\u00eb shtun\u00ebn, 11 tetor, n\u00eb sall\u00ebn e Qendr\u00ebs Kulturore t\u00eb Katedrales s\u00eb Tiran\u00ebs \u201cNgjallja e Krishtit\u201d, n\u00eb<\/p>\n","protected":false},"author":14,"featured_media":1017,"comment_status":"open","ping_status":"open","sticky":false,"template":"","format":"standard","meta":{"_acf_changed":false,"pagelayer_contact_templates":[],"_pagelayer_content":"","inline_featured_image":false,"fifu_image_url":"","fifu_image_alt":"","footnotes":""},"categories":[108],"tags":[140,154,153,184,196,212,160],"class_list":["post-1016","post","type-post","status-publish","format-standard","has-post-thumbnail","hentry","category-lajme","tag-140","tag-aktivitete","tag-deklarata-njoftime-zyrtare-d75","tag-katedralja-ngjallja-e-krishtit-tirane","tag-tirane","tag-lajme-d27","tag-lidhja-e-intelektualeve-orthodhokse"],"acf":[],"yoast_head":"<!-- This site is optimized with the Yoast SEO plugin v27.2 - https:\/\/yoast.com\/product\/yoast-seo-wordpress\/ -->\n<title>Njoftim Shtypi: U zhvillua Asambleja e Lidhjes s\u00eb Intelektual\u00ebve Orthodhoks\u00eb - Kisha Orthodh\u03bfkse Autoqefale e Shqip\u00ebris\u00eb<\/title>\n<meta name=\"robots\" content=\"index, follow, max-snippet:-1, max-image-preview:large, max-video-preview:-1\" \/>\n<link rel=\"canonical\" href=\"https:\/\/orthodoxalbania.org\/2020\/2014\/10\/13\/njoftim-shtypi-u-zhvillua-asambleja-e-lidhjes-se-intelektualeve-orthodhokse\/\" \/>\n<meta property=\"og:locale\" content=\"en_US\" \/>\n<meta property=\"og:type\" content=\"article\" \/>\n<meta property=\"og:title\" content=\"Njoftim Shtypi: U zhvillua Asambleja e Lidhjes s\u00eb Intelektual\u00ebve Orthodhoks\u00eb - Kisha Orthodh\u03bfkse Autoqefale e Shqip\u00ebris\u00eb\" \/>\n<meta property=\"og:description\" content=\"KISHA ORTHODHOKSE AUTOQEFALE E SHQIPERISE Tiran\u00eb, 13 tetor 2014 Njoftim Shtypi &nbsp; U zhvillua Asambleja e Lidhjes s\u00eb Intelektual\u00ebve Orthodhoks\u00eb&nbsp;&nbsp; &nbsp; &nbsp;&nbsp; T\u00eb ardhur nga qytete t\u00eb ndryshme t\u00eb vendit, mbi 400 t\u00eb diplomuar t\u00eb shkollave t\u00eb larta, an\u00ebtar\u00eb aktiv\u00eb t\u00eb Kish\u00ebs Orthodhokse Autoqefale t\u00eb Shqip\u00ebris\u00eb, u mblodh\u00ebn t\u00eb shtun\u00ebn, 11 tetor, n\u00eb sall\u00ebn e Qendr\u00ebs Kulturore t\u00eb Katedrales s\u00eb Tiran\u00ebs \u201cNgjallja e Krishtit\u201d, n\u00eb\" \/>\n<meta property=\"og:url\" content=\"https:\/\/orthodoxalbania.org\/2020\/2014\/10\/13\/njoftim-shtypi-u-zhvillua-asambleja-e-lidhjes-se-intelektualeve-orthodhokse\/\" \/>\n<meta property=\"og:site_name\" content=\"Kisha Orthodh\u03bfkse Autoqefale e Shqip\u00ebris\u00eb\" \/>\n<meta property=\"article:publisher\" content=\"https:\/\/www.facebook.com\/koash1991\" \/>\n<meta property=\"article:published_time\" content=\"2014-10-13T18:03:34+00:00\" \/>\n<meta property=\"article:modified_time\" content=\"2020-04-06T20:02:21+00:00\" \/>\n<meta property=\"og:image\" content=\"https:\/\/orthodoxalbania.org\/2020\/wp-content\/uploads\/2020\/04\/IC2014-8.jpg\" \/>\n\t<meta property=\"og:image:width\" content=\"150\" \/>\n\t<meta property=\"og:image:height\" content=\"150\" \/>\n\t<meta property=\"og:image:type\" content=\"image\/jpeg\" \/>\n<meta name=\"author\" content=\"neo_admin\" \/>\n<meta name=\"twitter:card\" content=\"summary_large_image\" \/>\n<meta name=\"twitter:label1\" content=\"Written by\" \/>\n\t<meta name=\"twitter:data1\" content=\"neo_admin\" \/>\n\t<meta name=\"twitter:label2\" content=\"Est. reading time\" \/>\n\t<meta name=\"twitter:data2\" content=\"3 minutes\" \/>\n<script type=\"application\/ld+json\" class=\"yoast-schema-graph\">{\"@context\":\"https:\/\/schema.org\",\"@graph\":[{\"@type\":\"Article\",\"@id\":\"https:\/\/orthodoxalbania.org\/2020\/2014\/10\/13\/njoftim-shtypi-u-zhvillua-asambleja-e-lidhjes-se-intelektualeve-orthodhokse\/#article\",\"isPartOf\":{\"@id\":\"https:\/\/orthodoxalbania.org\/2020\/2014\/10\/13\/njoftim-shtypi-u-zhvillua-asambleja-e-lidhjes-se-intelektualeve-orthodhokse\/\"},\"author\":{\"name\":\"neo_admin\",\"@id\":\"https:\/\/orthodoxalbania.org\/2020\/#\/schema\/person\/dd2bdc135b53c60d45b8bb329565cf6d\"},\"headline\":\"Njoftim Shtypi: U zhvillua Asambleja e Lidhjes s\u00eb Intelektual\u00ebve Orthodhoks\u00eb\",\"datePublished\":\"2014-10-13T18:03:34+00:00\",\"dateModified\":\"2020-04-06T20:02:21+00:00\",\"mainEntityOfPage\":{\"@id\":\"https:\/\/orthodoxalbania.org\/2020\/2014\/10\/13\/njoftim-shtypi-u-zhvillua-asambleja-e-lidhjes-se-intelektualeve-orthodhokse\/\"},\"wordCount\":609,\"commentCount\":0,\"publisher\":{\"@id\":\"https:\/\/orthodoxalbania.org\/2020\/#organization\"},\"image\":{\"@id\":\"https:\/\/orthodoxalbania.org\/2020\/2014\/10\/13\/njoftim-shtypi-u-zhvillua-asambleja-e-lidhjes-se-intelektualeve-orthodhokse\/#primaryimage\"},\"thumbnailUrl\":\"https:\/\/orthodoxalbania.org\/2020\/wp-content\/uploads\/2020\/04\/IC2014-8.jpg\",\"keywords\":[\"2014\",\"Aktivitete\",\"Deklarata - Njoftime Zyrtare\",\"Katedralja \u201cNgjallja e Krishtit\u201d Tiran\u00eb\",\"Kryepiskopata Tiran\u00eb\",\"lajme\",\"Lidhja e Intelektual\u00ebve Orthodhoks\u00eb\"],\"articleSection\":[\"Lajme\"],\"inLanguage\":\"en-US\"},{\"@type\":\"WebPage\",\"@id\":\"https:\/\/orthodoxalbania.org\/2020\/2014\/10\/13\/njoftim-shtypi-u-zhvillua-asambleja-e-lidhjes-se-intelektualeve-orthodhokse\/\",\"url\":\"https:\/\/orthodoxalbania.org\/2020\/2014\/10\/13\/njoftim-shtypi-u-zhvillua-asambleja-e-lidhjes-se-intelektualeve-orthodhokse\/\",\"name\":\"Njoftim Shtypi: U zhvillua Asambleja e Lidhjes s\u00eb Intelektual\u00ebve Orthodhoks\u00eb - Kisha Orthodh\u03bfkse Autoqefale e Shqip\u00ebris\u00eb\",\"isPartOf\":{\"@id\":\"https:\/\/orthodoxalbania.org\/2020\/#website\"},\"primaryImageOfPage\":{\"@id\":\"https:\/\/orthodoxalbania.org\/2020\/2014\/10\/13\/njoftim-shtypi-u-zhvillua-asambleja-e-lidhjes-se-intelektualeve-orthodhokse\/#primaryimage\"},\"image\":{\"@id\":\"https:\/\/orthodoxalbania.org\/2020\/2014\/10\/13\/njoftim-shtypi-u-zhvillua-asambleja-e-lidhjes-se-intelektualeve-orthodhokse\/#primaryimage\"},\"thumbnailUrl\":\"https:\/\/orthodoxalbania.org\/2020\/wp-content\/uploads\/2020\/04\/IC2014-8.jpg\",\"datePublished\":\"2014-10-13T18:03:34+00:00\",\"dateModified\":\"2020-04-06T20:02:21+00:00\",\"breadcrumb\":{\"@id\":\"https:\/\/orthodoxalbania.org\/2020\/2014\/10\/13\/njoftim-shtypi-u-zhvillua-asambleja-e-lidhjes-se-intelektualeve-orthodhokse\/#breadcrumb\"},\"inLanguage\":\"en-US\",\"potentialAction\":[{\"@type\":\"ReadAction\",\"target\":[\"https:\/\/orthodoxalbania.org\/2020\/2014\/10\/13\/njoftim-shtypi-u-zhvillua-asambleja-e-lidhjes-se-intelektualeve-orthodhokse\/\"]}]},{\"@type\":\"ImageObject\",\"inLanguage\":\"en-US\",\"@id\":\"https:\/\/orthodoxalbania.org\/2020\/2014\/10\/13\/njoftim-shtypi-u-zhvillua-asambleja-e-lidhjes-se-intelektualeve-orthodhokse\/#primaryimage\",\"url\":\"https:\/\/orthodoxalbania.org\/2020\/wp-content\/uploads\/2020\/04\/IC2014-8.jpg\",\"contentUrl\":\"https:\/\/orthodoxalbania.org\/2020\/wp-content\/uploads\/2020\/04\/IC2014-8.jpg\",\"width\":150,\"height\":150},{\"@type\":\"BreadcrumbList\",\"@id\":\"https:\/\/orthodoxalbania.org\/2020\/2014\/10\/13\/njoftim-shtypi-u-zhvillua-asambleja-e-lidhjes-se-intelektualeve-orthodhokse\/#breadcrumb\",\"itemListElement\":[{\"@type\":\"ListItem\",\"position\":1,\"name\":\"Home\",\"item\":\"https:\/\/orthodoxalbania.org\/2020\/\"},{\"@type\":\"ListItem\",\"position\":2,\"name\":\"Njoftim Shtypi: U zhvillua Asambleja e Lidhjes s\u00eb Intelektual\u00ebve Orthodhoks\u00eb\"}]},{\"@type\":\"WebSite\",\"@id\":\"https:\/\/orthodoxalbania.org\/2020\/#website\",\"url\":\"https:\/\/orthodoxalbania.org\/2020\/\",\"name\":\"Kisha Orthodh\u03bfkse Autoqefale e Shqip\u00ebris\u00eb\",\"description\":\"Fqja Zyrtare e Kish\u00ebs Orthodhokse Autoqefale e Shqip\u00ebris\u00eb me lajmet edhe informacionet zyrtare p\u00ebr struktur\u00ebn edhe veprimtarin e saj.\",\"publisher\":{\"@id\":\"https:\/\/orthodoxalbania.org\/2020\/#organization\"},\"potentialAction\":[{\"@type\":\"SearchAction\",\"target\":{\"@type\":\"EntryPoint\",\"urlTemplate\":\"https:\/\/orthodoxalbania.org\/2020\/?s={search_term_string}\"},\"query-input\":{\"@type\":\"PropertyValueSpecification\",\"valueRequired\":true,\"valueName\":\"search_term_string\"}}],\"inLanguage\":\"en-US\"},{\"@type\":\"Organization\",\"@id\":\"https:\/\/orthodoxalbania.org\/2020\/#organization\",\"name\":\"Kisha Orthodhokse Autoqefale e Shqip\u00ebris\u00eb\",\"url\":\"https:\/\/orthodoxalbania.org\/2020\/\",\"logo\":{\"@type\":\"ImageObject\",\"inLanguage\":\"en-US\",\"@id\":\"https:\/\/orthodoxalbania.org\/2020\/#\/schema\/logo\/image\/\",\"url\":\"https:\/\/orthodoxalbania.org\/2020\/wp-content\/uploads\/2020\/05\/albania.jpeg\",\"contentUrl\":\"https:\/\/orthodoxalbania.org\/2020\/wp-content\/uploads\/2020\/05\/albania.jpeg\",\"width\":540,\"height\":540,\"caption\":\"Kisha Orthodhokse Autoqefale e Shqip\u00ebris\u00eb\"},\"image\":{\"@id\":\"https:\/\/orthodoxalbania.org\/2020\/#\/schema\/logo\/image\/\"},\"sameAs\":[\"https:\/\/www.facebook.com\/koash1991\"]},{\"@type\":\"Person\",\"@id\":\"https:\/\/orthodoxalbania.org\/2020\/#\/schema\/person\/dd2bdc135b53c60d45b8bb329565cf6d\",\"name\":\"neo_admin\",\"image\":{\"@type\":\"ImageObject\",\"inLanguage\":\"en-US\",\"@id\":\"https:\/\/secure.gravatar.com\/avatar\/53e6cdc30765aade0129f85e5aeb50124b1d3f5bb9a70373be31e4eb328371e0?s=96&d=mm&r=g\",\"url\":\"https:\/\/secure.gravatar.com\/avatar\/53e6cdc30765aade0129f85e5aeb50124b1d3f5bb9a70373be31e4eb328371e0?s=96&d=mm&r=g\",\"contentUrl\":\"https:\/\/secure.gravatar.com\/avatar\/53e6cdc30765aade0129f85e5aeb50124b1d3f5bb9a70373be31e4eb328371e0?s=96&d=mm&r=g\",\"caption\":\"neo_admin\"}}]}<\/script>\n<!-- \/ Yoast SEO plugin. -->","yoast_head_json":{"title":"Njoftim Shtypi: U zhvillua Asambleja e Lidhjes s\u00eb Intelektual\u00ebve Orthodhoks\u00eb - Kisha Orthodh\u03bfkse Autoqefale e Shqip\u00ebris\u00eb","robots":{"index":"index","follow":"follow","max-snippet":"max-snippet:-1","max-image-preview":"max-image-preview:large","max-video-preview":"max-video-preview:-1"},"canonical":"https:\/\/orthodoxalbania.org\/2020\/2014\/10\/13\/njoftim-shtypi-u-zhvillua-asambleja-e-lidhjes-se-intelektualeve-orthodhokse\/","og_locale":"en_US","og_type":"article","og_title":"Njoftim Shtypi: U zhvillua Asambleja e Lidhjes s\u00eb Intelektual\u00ebve Orthodhoks\u00eb - Kisha Orthodh\u03bfkse Autoqefale e Shqip\u00ebris\u00eb","og_description":"KISHA ORTHODHOKSE AUTOQEFALE E SHQIPERISE Tiran\u00eb, 13 tetor 2014 Njoftim Shtypi &nbsp; U zhvillua Asambleja e Lidhjes s\u00eb Intelektual\u00ebve Orthodhoks\u00eb&nbsp;&nbsp; &nbsp; &nbsp;&nbsp; T\u00eb ardhur nga qytete t\u00eb ndryshme t\u00eb vendit, mbi 400 t\u00eb diplomuar t\u00eb shkollave t\u00eb larta, an\u00ebtar\u00eb aktiv\u00eb t\u00eb Kish\u00ebs Orthodhokse Autoqefale t\u00eb Shqip\u00ebris\u00eb, u mblodh\u00ebn t\u00eb shtun\u00ebn, 11 tetor, n\u00eb sall\u00ebn e Qendr\u00ebs Kulturore t\u00eb Katedrales s\u00eb Tiran\u00ebs \u201cNgjallja e Krishtit\u201d, n\u00eb","og_url":"https:\/\/orthodoxalbania.org\/2020\/2014\/10\/13\/njoftim-shtypi-u-zhvillua-asambleja-e-lidhjes-se-intelektualeve-orthodhokse\/","og_site_name":"Kisha Orthodh\u03bfkse Autoqefale e Shqip\u00ebris\u00eb","article_publisher":"https:\/\/www.facebook.com\/koash1991","article_published_time":"2014-10-13T18:03:34+00:00","article_modified_time":"2020-04-06T20:02:21+00:00","og_image":[{"width":150,"height":150,"url":"https:\/\/orthodoxalbania.org\/2020\/wp-content\/uploads\/2020\/04\/IC2014-8.jpg","type":"image\/jpeg"}],"author":"neo_admin","twitter_card":"summary_large_image","twitter_misc":{"Written by":"neo_admin","Est. reading time":"3 minutes"},"schema":{"@context":"https:\/\/schema.org","@graph":[{"@type":"Article","@id":"https:\/\/orthodoxalbania.org\/2020\/2014\/10\/13\/njoftim-shtypi-u-zhvillua-asambleja-e-lidhjes-se-intelektualeve-orthodhokse\/#article","isPartOf":{"@id":"https:\/\/orthodoxalbania.org\/2020\/2014\/10\/13\/njoftim-shtypi-u-zhvillua-asambleja-e-lidhjes-se-intelektualeve-orthodhokse\/"},"author":{"name":"neo_admin","@id":"https:\/\/orthodoxalbania.org\/2020\/#\/schema\/person\/dd2bdc135b53c60d45b8bb329565cf6d"},"headline":"Njoftim Shtypi: U zhvillua Asambleja e Lidhjes s\u00eb Intelektual\u00ebve Orthodhoks\u00eb","datePublished":"2014-10-13T18:03:34+00:00","dateModified":"2020-04-06T20:02:21+00:00","mainEntityOfPage":{"@id":"https:\/\/orthodoxalbania.org\/2020\/2014\/10\/13\/njoftim-shtypi-u-zhvillua-asambleja-e-lidhjes-se-intelektualeve-orthodhokse\/"},"wordCount":609,"commentCount":0,"publisher":{"@id":"https:\/\/orthodoxalbania.org\/2020\/#organization"},"image":{"@id":"https:\/\/orthodoxalbania.org\/2020\/2014\/10\/13\/njoftim-shtypi-u-zhvillua-asambleja-e-lidhjes-se-intelektualeve-orthodhokse\/#primaryimage"},"thumbnailUrl":"https:\/\/orthodoxalbania.org\/2020\/wp-content\/uploads\/2020\/04\/IC2014-8.jpg","keywords":["2014","Aktivitete","Deklarata - Njoftime Zyrtare","Katedralja \u201cNgjallja e Krishtit\u201d Tiran\u00eb","Kryepiskopata Tiran\u00eb","lajme","Lidhja e Intelektual\u00ebve Orthodhoks\u00eb"],"articleSection":["Lajme"],"inLanguage":"en-US"},{"@type":"WebPage","@id":"https:\/\/orthodoxalbania.org\/2020\/2014\/10\/13\/njoftim-shtypi-u-zhvillua-asambleja-e-lidhjes-se-intelektualeve-orthodhokse\/","url":"https:\/\/orthodoxalbania.org\/2020\/2014\/10\/13\/njoftim-shtypi-u-zhvillua-asambleja-e-lidhjes-se-intelektualeve-orthodhokse\/","name":"Njoftim Shtypi: U zhvillua Asambleja e Lidhjes s\u00eb Intelektual\u00ebve Orthodhoks\u00eb - Kisha Orthodh\u03bfkse Autoqefale e Shqip\u00ebris\u00eb","isPartOf":{"@id":"https:\/\/orthodoxalbania.org\/2020\/#website"},"primaryImageOfPage":{"@id":"https:\/\/orthodoxalbania.org\/2020\/2014\/10\/13\/njoftim-shtypi-u-zhvillua-asambleja-e-lidhjes-se-intelektualeve-orthodhokse\/#primaryimage"},"image":{"@id":"https:\/\/orthodoxalbania.org\/2020\/2014\/10\/13\/njoftim-shtypi-u-zhvillua-asambleja-e-lidhjes-se-intelektualeve-orthodhokse\/#primaryimage"},"thumbnailUrl":"https:\/\/orthodoxalbania.org\/2020\/wp-content\/uploads\/2020\/04\/IC2014-8.jpg","datePublished":"2014-10-13T18:03:34+00:00","dateModified":"2020-04-06T20:02:21+00:00","breadcrumb":{"@id":"https:\/\/orthodoxalbania.org\/2020\/2014\/10\/13\/njoftim-shtypi-u-zhvillua-asambleja-e-lidhjes-se-intelektualeve-orthodhokse\/#breadcrumb"},"inLanguage":"en-US","potentialAction":[{"@type":"ReadAction","target":["https:\/\/orthodoxalbania.org\/2020\/2014\/10\/13\/njoftim-shtypi-u-zhvillua-asambleja-e-lidhjes-se-intelektualeve-orthodhokse\/"]}]},{"@type":"ImageObject","inLanguage":"en-US","@id":"https:\/\/orthodoxalbania.org\/2020\/2014\/10\/13\/njoftim-shtypi-u-zhvillua-asambleja-e-lidhjes-se-intelektualeve-orthodhokse\/#primaryimage","url":"https:\/\/orthodoxalbania.org\/2020\/wp-content\/uploads\/2020\/04\/IC2014-8.jpg","contentUrl":"https:\/\/orthodoxalbania.org\/2020\/wp-content\/uploads\/2020\/04\/IC2014-8.jpg","width":150,"height":150},{"@type":"BreadcrumbList","@id":"https:\/\/orthodoxalbania.org\/2020\/2014\/10\/13\/njoftim-shtypi-u-zhvillua-asambleja-e-lidhjes-se-intelektualeve-orthodhokse\/#breadcrumb","itemListElement":[{"@type":"ListItem","position":1,"name":"Home","item":"https:\/\/orthodoxalbania.org\/2020\/"},{"@type":"ListItem","position":2,"name":"Njoftim Shtypi: U zhvillua Asambleja e Lidhjes s\u00eb Intelektual\u00ebve Orthodhoks\u00eb"}]},{"@type":"WebSite","@id":"https:\/\/orthodoxalbania.org\/2020\/#website","url":"https:\/\/orthodoxalbania.org\/2020\/","name":"Kisha Orthodh\u03bfkse Autoqefale e Shqip\u00ebris\u00eb","description":"Fqja Zyrtare e Kish\u00ebs Orthodhokse Autoqefale e Shqip\u00ebris\u00eb me lajmet edhe informacionet zyrtare p\u00ebr struktur\u00ebn edhe veprimtarin e saj.","publisher":{"@id":"https:\/\/orthodoxalbania.org\/2020\/#organization"},"potentialAction":[{"@type":"SearchAction","target":{"@type":"EntryPoint","urlTemplate":"https:\/\/orthodoxalbania.org\/2020\/?s={search_term_string}"},"query-input":{"@type":"PropertyValueSpecification","valueRequired":true,"valueName":"search_term_string"}}],"inLanguage":"en-US"},{"@type":"Organization","@id":"https:\/\/orthodoxalbania.org\/2020\/#organization","name":"Kisha Orthodhokse Autoqefale e Shqip\u00ebris\u00eb","url":"https:\/\/orthodoxalbania.org\/2020\/","logo":{"@type":"ImageObject","inLanguage":"en-US","@id":"https:\/\/orthodoxalbania.org\/2020\/#\/schema\/logo\/image\/","url":"https:\/\/orthodoxalbania.org\/2020\/wp-content\/uploads\/2020\/05\/albania.jpeg","contentUrl":"https:\/\/orthodoxalbania.org\/2020\/wp-content\/uploads\/2020\/05\/albania.jpeg","width":540,"height":540,"caption":"Kisha Orthodhokse Autoqefale e Shqip\u00ebris\u00eb"},"image":{"@id":"https:\/\/orthodoxalbania.org\/2020\/#\/schema\/logo\/image\/"},"sameAs":["https:\/\/www.facebook.com\/koash1991"]},{"@type":"Person","@id":"https:\/\/orthodoxalbania.org\/2020\/#\/schema\/person\/dd2bdc135b53c60d45b8bb329565cf6d","name":"neo_admin","image":{"@type":"ImageObject","inLanguage":"en-US","@id":"https:\/\/secure.gravatar.com\/avatar\/53e6cdc30765aade0129f85e5aeb50124b1d3f5bb9a70373be31e4eb328371e0?s=96&d=mm&r=g","url":"https:\/\/secure.gravatar.com\/avatar\/53e6cdc30765aade0129f85e5aeb50124b1d3f5bb9a70373be31e4eb328371e0?s=96&d=mm&r=g","contentUrl":"https:\/\/secure.gravatar.com\/avatar\/53e6cdc30765aade0129f85e5aeb50124b1d3f5bb9a70373be31e4eb328371e0?s=96&d=mm&r=g","caption":"neo_admin"}}]}},"_links":{"self":[{"href":"https:\/\/orthodoxalbania.org\/2020\/wp-json\/wp\/v2\/posts\/1016","targetHints":{"allow":["GET"]}}],"collection":[{"href":"https:\/\/orthodoxalbania.org\/2020\/wp-json\/wp\/v2\/posts"}],"about":[{"href":"https:\/\/orthodoxalbania.org\/2020\/wp-json\/wp\/v2\/types\/post"}],"author":[{"embeddable":true,"href":"https:\/\/orthodoxalbania.org\/2020\/wp-json\/wp\/v2\/users\/14"}],"replies":[{"embeddable":true,"href":"https:\/\/orthodoxalbania.org\/2020\/wp-json\/wp\/v2\/comments?post=1016"}],"version-history":[{"count":1,"href":"https:\/\/orthodoxalbania.org\/2020\/wp-json\/wp\/v2\/posts\/1016\/revisions"}],"predecessor-version":[{"id":15049,"href":"https:\/\/orthodoxalbania.org\/2020\/wp-json\/wp\/v2\/posts\/1016\/revisions\/15049"}],"wp:featuredmedia":[{"embeddable":true,"href":"https:\/\/orthodoxalbania.org\/2020\/wp-json\/wp\/v2\/media\/1017"}],"wp:attachment":[{"href":"https:\/\/orthodoxalbania.org\/2020\/wp-json\/wp\/v2\/media?parent=1016"}],"wp:term":[{"taxonomy":"category","embeddable":true,"href":"https:\/\/orthodoxalbania.org\/2020\/wp-json\/wp\/v2\/categories?post=1016"},{"taxonomy":"post_tag","embeddable":true,"href":"https:\/\/orthodoxalbania.org\/2020\/wp-json\/wp\/v2\/tags?post=1016"}],"curies":[{"name":"wp","href":"https:\/\/api.w.org\/{rel}","templated":true}]}}