{"id":1013,"date":"2008-02-26T00:00:00","date_gmt":"2008-02-26T00:00:00","guid":{"rendered":""},"modified":"2020-04-06T22:35:30","modified_gmt":"2020-04-06T20:35:30","slug":"njoftim-per-shtyp-kremtohet-100-vjetori-i-dorezimit-ne-prift-te-imzot-theofanit-nolit-dhe-i-meshes-se-pare-ne-shqip-deklarate-e-perbashket-mirekuptimi-e-bashkepunimi-midis-dy-qendrave-te-orthodhoksise","status":"publish","type":"post","link":"https:\/\/orthodoxalbania.org\/2020\/2008\/02\/26\/njoftim-per-shtyp-kremtohet-100-vjetori-i-dorezimit-ne-prift-te-imzot-theofanit-nolit-dhe-i-meshes-se-pare-ne-shqip-deklarate-e-perbashket-mirekuptimi-e-bashkepunimi-midis-dy-qendrave-te-orthodhoksise\/","title":{"rendered":"NJOFTIM PER SHTYP Kremtohet 100-vjetori i dor\u00ebzimit n\u00eb prift t\u00eb Imzot Theofanit (Nolit) dhe i Mesh\u00ebs s\u00eb par\u00eb n\u00eb shqip. (Mars 2008)"},"content":{"rendered":"<div style=\"text-align: center;\"><span style=\"color: #b22222;\"><strong><span style=\"font-family: tahoma,geneva,sans-serif;\"><span style=\"font-size: 12px;\">Deklarat\u00eb e p\u00ebrbashk\u00ebt mir\u00ebkuptimi e bashk\u00ebpunimi midis dy qendrave t\u00eb Orthodhoksis\u00eb shqiptare n\u00eb SHBA.<\/span><\/span><\/strong><\/span><\/div>\n<div style=\"text-align: center;\">&nbsp;<\/div>\n<div style=\"text-align: justify;\">&nbsp;<\/div>\n<div style=\"text-align: justify;\"><span style=\"color: #000000;\"><span style=\"font-family: tahoma,geneva,sans-serif;\"><span style=\"font-size: 12px;\"><strong><em>&nbsp;&nbsp;&nbsp; Marsi sh\u00ebnon 3 p\u00ebrvjetor\u00eb tep\u00ebr t\u00eb r\u00ebnd\u00ebsish\u00ebm dhe dometh\u00ebn\u00ebs p\u00ebr Kish\u00ebn ton\u00eb: 8 Marsi \u00ebsht\u00eb 100-vjetori i dor\u00ebzimit t\u00eb Theofan Nolit n\u00eb prift. 22 Marsi \u00ebsht\u00eb 100-vjetori i t\u00eb par\u00ebs Liturgji Hyjnore n\u00eb gjuh\u00ebn shqipe nga At\u00eb Theofani dhe i themelimit t\u00eb kish\u00ebs shqiptare t\u00eb Sh\u00ebn Gjegjit, n\u00eb Boston. 13 Marsi \u00ebsht\u00eb p\u00ebrvjetori i fjetjes s\u00eb Hir\u00ebsis\u00eb s\u00eb Tij Theofan Nolit (1965).<\/em><\/strong><\/span><\/span><\/span><\/div>\n<table id=\"AutoNumber2\" style=\"width: 728px; height: 1829px; margin-right: auto; margin-left: auto;\">\n<tbody>\n<tr>\n<td>\n<div><span style=\"color: #000000;\"><span style=\"font-family: tahoma,geneva,sans-serif;\"><span style=\"font-size: 12px;\"><img decoding=\"async\" class=\"lazyload HAa Eha\" style=\"border-width: 1px; border-style: solid; margin: 10px auto; display: block;\" alt=\"\" src=\"data:image\/svg+xml,%3Csvg%20xmlns%3D%27http%3A%2F%2Fwww.w3.org%2F2000%2Fsvg%27%20width%3D%27301%27%20height%3D%27226%27%20viewBox%3D%270%200%20301%20226%27%3E%3Crect%20width%3D%27301%27%20height%3D%27226%27%20fill-opacity%3D%220%22%2F%3E%3C%2Fsvg%3E\" data-orig-src=\"https:\/\/lh5.googleusercontent.com\/-pgrTnDiR1qE\/VI6lnr2E_4I\/AAAAAAAAHhU\/ep_A7oOHpng\/w450-h338-no\/Foto%2B1.jpg\" height=\"226\" width=\"301\" \/><\/span><\/span><\/span><\/div>\n<\/td>\n<td>\n<div style=\"text-align: justify;\"><span style=\"color: #000000;\"><span style=\"font-family: tahoma,geneva,sans-serif;\"><span style=\"font-size: 12px;\">&nbsp;&nbsp; T\u00eb diel\u00ebn, 9 Mars, n\u00eb Kish\u00ebn Katedrale t\u00eb Sh\u00ebn Gjergjit, Boston, SHBA, n\u00eb prani t\u00eb qindra besimtar\u00ebve q\u00eb e kishin mbushur p\u00ebrplot vendin e shenjt\u00eb, u krye Liturgjia Hyjnore festive jubilare. Ajo u drejtua nga dy episkop\u00ebt e shqiptar\u00ebve t\u00eb SHBA, Hir\u00ebsia e Tij Nikoni (Liolin) dhe Hir\u00ebsia e Tij Ilia (Ketri). Ishte i ftuar dhe mori pjes\u00eb edhe Kryepiskopi i Tiran\u00ebs dhe i gjith\u00eb Shqip\u00ebris\u00eb, Fortlumturia e Tij Anastasi.<\/span><\/span><\/span><\/div>\n<\/td>\n<\/tr>\n<tr>\n<td dir=\"ltr\" colspan=\"2\">\n<div style=\"text-align: justify;\"><span style=\"color: #000000;\"><span style=\"font-family: tahoma,geneva,sans-serif;\"><span style=\"font-size: 12px;\">&nbsp;&nbsp;&nbsp; Binte n\u00eb sy organizimi i p\u00ebrkryer dhe p\u00ebrkushtimi e qet\u00ebsia n\u00eb ndjekjen e sh\u00ebrbes\u00ebs, me gjith\u00eb pjes\u00ebmarrjen tep\u00ebr t\u00eb madhe (asnj\u00ebher\u00eb kisha nuk kishte par\u00eb kaq klerik\u00eb, besimtar\u00eb e miq t\u00eb ftuar). I ve\u00e7ant\u00eb ishte edhe kori q\u00eb shoq\u00ebroi sh\u00ebrbesat, sepse n\u00eb t\u00eb k\u00ebnduan m\u00eb shum\u00eb besimtar\u00eb se asnj\u00ebher\u00eb tjet\u00ebr. N\u00eb fund nj\u00eb grup f\u00ebmij\u00ebsh dha nj\u00eb program t\u00eb vog\u00ebl festiv.&nbsp; At\u00eb Artur Liolini tha n\u00eb p\u00ebrsh\u00ebndetjen e tij, se vazhdim\u00ebsia pa nd\u00ebrprerje e veprimtaris\u00eb s\u00eb k\u00ebtij institucioni shpirt\u00ebror fetar v\u00ebrteton at\u00eb vizion e largpam\u00ebsi q\u00eb kishte Fan Noli kur filloi p\u00ebrpjekjet p\u00ebr autoqefalin\u00eb e kish\u00ebs ortodokse shqiptare t\u00eb Amerik\u00ebs.<\/span><\/span><\/span><\/div>\n<\/td>\n<\/tr>\n<tr>\n<td>\n<div style=\"text-align: justify;\"><span style=\"color: #000000;\"><span style=\"font-family: tahoma,geneva,sans-serif;\"><span style=\"font-size: 12px;\">&nbsp;&nbsp;&nbsp; Pastaj p\u00ebrsh\u00ebndeti t\u00eb pranishmit shqip dhe anglisht dhe nderoi kujtimin dhe vepr\u00ebn e Imzot Theofanit, Fortlumturia e Tij Anastasi. Ai tha se ngjarje si kjo e nxisin njeriun jo vet\u00ebm t\u00eb kujtoj\u00eb, por edhe t\u00eb mendoj\u00eb p\u00ebr Fan Nolin dhe t\u00eb arrij\u00eb n\u00eb p\u00ebrfundimin se ai ishte nj\u00eb personalitet me talent t\u00eb jasht\u00ebzakonsh\u00ebm.<\/span><\/span><\/span><\/div>\n<\/td>\n<td>\n<div><span style=\"color: #000000;\"><span style=\"font-family: tahoma,geneva,sans-serif;\"><span style=\"font-size: 12px;\"><img decoding=\"async\" class=\"lazyload HAa Eha\" style=\"border-width: 1px; border-style: solid; margin: 10px auto; display: block;\" alt=\"\" src=\"data:image\/svg+xml,%3Csvg%20xmlns%3D%27http%3A%2F%2Fwww.w3.org%2F2000%2Fsvg%27%20width%3D%27362%27%20height%3D%27272%27%20viewBox%3D%270%200%20362%20272%27%3E%3Crect%20width%3D%27362%27%20height%3D%27272%27%20fill-opacity%3D%220%22%2F%3E%3C%2Fsvg%3E\" data-orig-src=\"https:\/\/lh5.googleusercontent.com\/-_JU-KtiMNFc\/VI6lngPIXUI\/AAAAAAAAHhM\/HMQ1RGekvXY\/w450-h338-no\/Foto%2B2.jpg\" height=\"272\" width=\"362\" \/><\/span><\/span><\/span><\/div>\n<\/td>\n<\/tr>\n<tr>\n<td colspan=\"2\">\n<div style=\"text-align: justify;\"><span style=\"color: #000000;\"><span style=\"font-family: tahoma,geneva,sans-serif;\"><span style=\"font-size: 12px;\">&nbsp;&nbsp;&nbsp; M\u00eb pas, Hir\u00ebsi Ilia dhe Hir\u00ebsi Nikoni, dol\u00ebn p\u00ebrpara t\u00eb pranishm\u00ebve dhe lexuan nj\u00eb deklarat\u00eb t\u00eb p\u00ebrbashk\u00ebt mir\u00ebkuptimi e bashk\u00ebpunimi midis dy qendrave t\u00eb orthodhoksis\u00eb shqiptare n\u00eb SHBA.<\/span><\/span><\/span><\/div>\n<\/td>\n<\/tr>\n<tr>\n<td>\n<div><span style=\"color: #000000;\"><span style=\"font-family: tahoma,geneva,sans-serif;\"><span style=\"font-size: 12px;\"><img decoding=\"async\" class=\"lazyload HAa Eha\" style=\"border-width: 1px; border-style: solid; margin: 10px auto; display: block;\" alt=\"\" src=\"data:image\/svg+xml,%3Csvg%20xmlns%3D%27http%3A%2F%2Fwww.w3.org%2F2000%2Fsvg%27%20width%3D%27324%27%20height%3D%27221%27%20viewBox%3D%270%200%20324%20221%27%3E%3Crect%20width%3D%27324%27%20height%3D%27221%27%20fill-opacity%3D%220%22%2F%3E%3C%2Fsvg%3E\" data-orig-src=\"https:\/\/lh6.googleusercontent.com\/-TyZKKV14xS8\/VI6lnk6TUXI\/AAAAAAAAHhY\/o6mrnBwgraY\/w450-h307-no\/Foto%2B3.jpg\" height=\"221\" width=\"324\" \/><\/span><\/span><\/span><\/div>\n<\/td>\n<td>\n<div style=\"text-align: justify;\"><span style=\"color: #000000;\"><span style=\"font-family: tahoma,geneva,sans-serif;\"><span style=\"font-size: 12px;\">&nbsp;&nbsp;&nbsp; N\u00eb p\u00ebrsh\u00ebndetjen e tij, Imzot Ilia Ketri tha se mbar\u00ebvajtja e Orthodhoksis\u00eb shqiptare ishte edhe \u00ebndrra e Nolit, dhe e quajti n\u00ebnshkrimin e deklarat\u00ebs vazhdim\u00ebsi t\u00eb vepr\u00ebs dhe d\u00ebshir\u00ebs s\u00eb kryepeshkop Nolit p\u00ebr mir\u00ebkuptim, ndjes\u00eb e bashk\u00ebpunim.<\/span><\/span><\/span><\/div>\n<div style=\"text-align: justify;\">&nbsp;<\/div>\n<div style=\"text-align: justify;\"><span style=\"color: #000000;\"><span style=\"font-family: tahoma,geneva,sans-serif;\"><span style=\"font-size: 12px;\">&nbsp;&nbsp;&nbsp; Gjithashtu, Kryepiskopi Anastas, Hir\u00ebsi Nikoni dhe Hir\u00ebsi Ilia b\u00ebn\u00eb homazh dhe vendos\u00ebn lule te fotografia e Imzot Theofanit.<\/span><\/span><\/span><\/div>\n<\/td>\n<\/tr>\n<tr>\n<td colspan=\"2\">\n<div><span style=\"color: #000000;\"><span style=\"color: #000000;\"><span style=\"font-family: tahoma,geneva,sans-serif;\"><span style=\"font-size: 12px;\"><\/span><\/span><\/span><\/span><\/p>\n<div style=\"text-align: justify;\"><span><span style=\"font-family: tahoma,geneva,sans-serif;\"><span style=\"font-size: 12px;\">&nbsp;<span style=\"color: #000000;\">Pas k\u00ebsaj, n\u00eb mjediset e restorantit t\u00eb njohur Pier 4, i themeluar nga Antoni Athanas, u shtrua dreka festive e rastit, ku mor\u00ebn pjes\u00eb rreth 400 vet\u00eb. Edhe k\u00ebtu pati p\u00ebrsh\u00ebndetje, si dhe u shfaq nj\u00eb kolazh i p\u00ebrgatitur nga pjes\u00ebtar\u00eb t\u00eb enoris\u00eb s\u00eb kish\u00ebs s\u00eb Sh\u00ebn Gjergjit, t\u00eb cil\u00ebt shkurtimisht fol\u00ebn p\u00ebr historin\u00eb, t\u00eb tashmen dhe t\u00eb ardhmen e k\u00ebsaj trash\u00ebgimie t\u00eb pasur, q\u00eb Fan S. Noli e themeloi 100 vjet m\u00eb par\u00eb. Kolazhi shoq\u00ebrohej me nj\u00eb sfond muzikor dhe fotografi t\u00eb ndryshme t\u00eb komunitetit orthodhoks shqiptaro-amerikan n\u00eb vite.<\/span><\/span><\/span><\/span><\/div>\n<p><span style=\"color: #000000;\"><span style=\"font-family: tahoma,geneva,sans-serif;\"><span style=\"font-size: 12px;\"><\/span><\/span><\/span><\/p>\n<div style=\"text-align: justify;\"><span style=\"color: #000000;\"><\/span><\/div>\n<p><span style=\"color: #000000;\"><span style=\"font-family: tahoma,geneva,sans-serif;\"><span style=\"font-size: 12px;\"><\/span><\/span><\/span><\/p>\n<div style=\"text-align: justify;\"><span style=\"color: #000000;\"><span style=\"font-family: tahoma,geneva,sans-serif;\"><span style=\"font-size: 12px;\">&nbsp;&nbsp;&nbsp; Kremtime festive do t\u00eb mbahen edhe m\u00eb 22 mars, por edhe i gjith\u00eb viti \u00ebsht\u00eb konceptuar si nj\u00eb vit jubilar, q\u00eb do kulmoj\u00eb n\u00eb shtator me nj\u00eb mbr\u00ebmje-gala.<\/span><\/span><\/span><\/div>\n<div style=\"text-align: justify;\">&nbsp;<\/div>\n<p><span style=\"color: #000000;\"><span style=\"font-family: tahoma,geneva,sans-serif;\"><span style=\"font-size: 12px;\"><\/span><\/span><\/span><\/p>\n<div style=\"font-family: Verdana, Arial, Helvetica, sans-serif; font-size: 11px; line-height: 24px; text-align: start;\"><span style=\"color: #000000;\"><\/span><\/div>\n<p><span style=\"color: #000000;\"><span style=\"font-family: tahoma,geneva,sans-serif;\"><span style=\"font-size: 12px;\"><\/span><\/span><\/span><span style=\"font-size: 12px; font-family: tahoma, geneva, sans-serif; line-height: 24px; text-align: center;\">&nbsp; &nbsp; &nbsp; &nbsp; &nbsp; &nbsp; &nbsp; &nbsp; &nbsp; &nbsp; &nbsp; &nbsp; &nbsp; &nbsp; &nbsp; &nbsp; &nbsp; &nbsp; &nbsp; &nbsp; &nbsp; &nbsp; &nbsp; &nbsp; &nbsp; &nbsp; &nbsp; &nbsp; &nbsp; &nbsp; &nbsp; &nbsp; &nbsp; &nbsp; &nbsp; &nbsp; &nbsp; &nbsp;<span style=\"color: #000000;\"> &nbsp; &nbsp; &nbsp; &nbsp;* * *<\/span><\/span><span style=\"color: #000000;\"><span style=\"font-family: tahoma,geneva,sans-serif;\"><span style=\"font-size: 12px;\"><br \/><\/span><\/span><\/span><span style=\"color: #000000;\"><span style=\"font-family: tahoma,geneva,sans-serif;\"><span style=\"font-size: 12px;\">&nbsp;<br \/><\/span><\/span><\/span><span style=\"color: #000000;\"><span style=\"font-family: tahoma,geneva,sans-serif;\"><span style=\"font-size: 12px;\"><\/span><\/span><\/span><\/p>\n<div style=\"text-align: center;\"><span style=\"color: #000000;\"><span style=\"font-family: tahoma,geneva,sans-serif;\"><span style=\"font-size: 12px;\"><strong>Disa media p\u00ebrpiqen<\/strong><\/span><\/span><\/span><\/div>\n<p><span style=\"color: #000000;\"><span style=\"font-family: tahoma,geneva,sans-serif;\"><span style=\"font-size: 12px;\"><\/span><\/span><\/span><\/p>\n<div style=\"text-align: center;\"><span style=\"color: #000000;\"><span style=\"font-family: tahoma,geneva,sans-serif;\"><span style=\"font-size: 12px;\"><strong>t\u00eb prishin fest\u00ebn dhe injorojn\u00eb p\u00ebrvjetorin<\/strong><\/span><\/span><\/span><\/div>\n<div style=\"text-align: center;\">&nbsp;<\/div>\n<p><span style=\"color: #000000;\"><span style=\"font-family: tahoma,geneva,sans-serif;\"><span style=\"font-size: 12px;\"><\/span><\/span><\/span><\/p>\n<div style=\"text-align: center;\"><span style=\"color: #000000;\"><\/span><\/div>\n<p><span style=\"color: #000000;\"><span style=\"font-family: tahoma,geneva,sans-serif;\"><span style=\"font-size: 12px;\"><\/span><\/span><\/span><\/p>\n<div style=\"text-align: justify;\"><span style=\"color: #000000;\"><span style=\"font-family: tahoma,geneva,sans-serif;\"><span style=\"font-size: 12px;\">&nbsp;&nbsp;&nbsp; N\u00eb k\u00ebt\u00eb atmosfer\u00eb jubilare u pan\u00eb edhe tentativa p\u00ebr ta prishur festimin. Disa media vizive, por sidomos t\u00eb shkruara, dit\u00eb p\u00ebrpara kremtimit historik, filluan nj\u00eb fushat\u00eb kund\u00ebr Kish\u00ebs dhe Kryepiskopit Anastas. Si p\u00ebrher\u00eb, me pretekstin se ishin t\u00eb shqet\u00ebsuar p\u00ebr Kish\u00ebn, p\u00ebr festimet dhe p\u00ebr Imzot Theofanin (Nolin).<\/span><\/span><\/span><\/div>\n<div style=\"text-align: justify;\">&nbsp;<\/div>\n<p><span style=\"color: #000000;\"><span style=\"font-family: tahoma,geneva,sans-serif;\"><span style=\"font-size: 12px;\"><\/span><\/span><\/span><\/p>\n<div style=\"text-align: justify;\"><span style=\"color: #000000;\"><\/span><\/div>\n<p><span style=\"color: #000000;\"><span style=\"font-family: tahoma,geneva,sans-serif;\"><span style=\"font-size: 12px;\"><\/span><\/span><\/span><\/p>\n<div style=\"text-align: justify;\"><span style=\"color: #000000;\"><span style=\"font-family: tahoma,geneva,sans-serif;\"><span style=\"font-size: 12px;\">&nbsp;&nbsp;&nbsp; Nuk k\u00ebrkuan informacion e prononcim nga burime orthodhokse, si n\u00eb Shqip\u00ebri ashtu edhe n\u00eb SHBA, si\u00e7 e k\u00ebrkonte profesionalizmi, por disa shkuan te mashtruesi N. Marku, dhe m\u00eb pas voll\u00ebn vrer, me nj\u00eb q\u00ebllim t\u00eb vet\u00ebm: Tentuan si donkishot\u00eb t\u00eb nxisnin besimtar\u00ebt orthodhoks\u00eb t\u00eb Amerik\u00ebs q\u00eb ta ndynin fest\u00ebn e tyre. Por realiteti ishte krejt ndryshe.<\/span><\/span><\/span><\/div>\n<div style=\"text-align: justify;\">&nbsp;<\/div>\n<p><span style=\"color: #000000;\"><span style=\"font-family: tahoma,geneva,sans-serif;\"><span style=\"font-size: 12px;\"><\/span><\/span><\/span><\/p>\n<div style=\"text-align: justify;\"><span style=\"color: #000000;\"><\/span><\/div>\n<p><span style=\"color: #000000;\"><span style=\"font-family: tahoma,geneva,sans-serif;\"><span style=\"font-size: 12px;\"><\/span><\/span><\/span><\/p>\n<div style=\"text-align: justify;\"><span style=\"color: #000000;\"><span style=\"font-family: tahoma,geneva,sans-serif;\"><span style=\"font-size: 12px;\">&nbsp;&nbsp;&nbsp; Kremtimi qe nj\u00eb sukses i plot\u00eb, si\u00e7 e meritonte Imzot Noli, p\u00ebr t\u00eb cilin harrohet leht\u00eb dhe q\u00ebllimsh\u00ebm, se p\u00ebrve\u00e7se nj\u00eb patriot i madh ishte edhe klerik dhe besimtar orthodhoks, i p\u00ebrkushtuar p\u00ebr Kish\u00ebn e tij. Dhe duke fyer Kish\u00ebn Orthodhokse Autoqefale t\u00eb Shqip\u00ebris\u00eb, Sinodin, klerik\u00ebt dhe besimtar\u00ebt e saj, p\u00ebrbaltin edhe vet\u00eb Orthodhoksin e madh Theofan Noli.<\/span><\/span><\/span><\/div>\n<div style=\"text-align: justify;\">&nbsp;<\/div>\n<p><span style=\"color: #000000;\"><span style=\"font-family: tahoma,geneva,sans-serif;\"><span style=\"font-size: 12px;\"><\/span><\/span><\/span><\/p>\n<div style=\"text-align: justify;\"><span style=\"color: #000000;\"><\/span><\/div>\n<p><span style=\"color: #000000;\"><span style=\"font-family: tahoma,geneva,sans-serif;\"><span style=\"font-size: 12px;\"><\/span><\/span><\/span><\/p>\n<div style=\"text-align: justify;\"><span style=\"color: #000000;\"><span style=\"font-family: tahoma,geneva,sans-serif;\"><span style=\"font-size: 12px;\">&nbsp;&nbsp;&nbsp; Gjithashtu, nuk u fol fare p\u00ebr faktin e madh historik t\u00eb bashk\u00ebmeshimit pas disa dekadash dhe deklarat\u00ebn e p\u00ebrbashk\u00ebt t\u00eb pajtimit t\u00eb episkop\u00ebve t\u00eb t\u00eb dy Komuniteteve shqiptare-orthodhokse t\u00eb SHBA, sepse nuk k\u00ebrkohej afrimi, por p\u00ebr\u00e7arja.<\/span><\/span><\/span><\/div>\n<div style=\"text-align: justify;\">&nbsp;<\/div>\n<p><span style=\"color: #000000;\"><span style=\"font-family: tahoma,geneva,sans-serif;\"><span style=\"font-size: 12px;\"><\/span><\/span><\/span><\/p>\n<div style=\"text-align: justify;\"><span style=\"color: #000000;\"><\/span><\/div>\n<p><span style=\"color: #000000;\"><span style=\"font-family: tahoma,geneva,sans-serif;\"><span style=\"font-size: 12px;\"><\/span><\/span><\/span><\/p>\n<div style=\"text-align: justify;\"><span style=\"color: #000000;\"><span style=\"font-family: tahoma,geneva,sans-serif;\"><span style=\"font-size: 12px;\">&nbsp;&nbsp;&nbsp; D\u00ebshmi e k\u00ebtij provokacioni t\u00eb ul\u00ebt ishte dhe fakti se m\u00eb pas, mbas festimeve, pothuajse nuk u fol m\u00eb p\u00ebr p\u00ebrvjetorin dhe sidomos p\u00ebr festimin e tij madh\u00ebshtor n\u00eb Katedralen e Sh\u00ebn Gjergjit.<\/span><\/span><\/span><\/div>\n<div style=\"text-align: justify;\">&nbsp;<\/div>\n<p><span style=\"color: #000000;\"><span style=\"font-family: tahoma,geneva,sans-serif;\"><span style=\"font-size: 12px;\"><\/span><\/span><\/span><\/p>\n<div style=\"text-align: justify;\"><span style=\"color: #000000;\"><\/span><\/div>\n<p><span style=\"color: #000000;\"><span style=\"font-family: tahoma,geneva,sans-serif;\"><span style=\"font-size: 12px;\"><\/span><\/span><\/span><\/p>\n<div style=\"text-align: justify;\"><span style=\"color: #000000;\"><span style=\"font-family: tahoma,geneva,sans-serif;\"><span style=\"font-size: 12px;\">&nbsp;&nbsp;&nbsp; K\u00ebt\u00eb e d\u00ebshmon edhe fakti se u injoruan vler\u00ebsimet pozitive p\u00ebr Kryepiskopin Anastas nga At\u00eb Artur Liolini, Presidenti, Kryeministri dhe nga intelektual\u00eb t\u00eb shquar shqiptar\u00eb, duke iu dh\u00ebn\u00eb jehon\u00eb vet\u00ebm fjal\u00ebve t\u00eb fandaksura t\u00eb nj\u00eb individi apo t\u00eb disa gazetar\u00ebve hapur dhe krenarisht tendencioz\u00eb.<\/span><\/span><\/span><\/div>\n<div style=\"text-align: justify;\">&nbsp;<\/div>\n<p><span style=\"color: #000000;\"><span style=\"font-family: tahoma,geneva,sans-serif;\"><span style=\"font-size: 12px;\"><\/span><\/span><\/span><\/p>\n<div style=\"text-align: justify;\"><span style=\"color: #000000;\"><\/span><\/div>\n<p><span style=\"color: #000000;\"><span style=\"font-family: tahoma,geneva,sans-serif;\"><span style=\"font-size: 12px;\"><\/span><\/span><\/span><\/p>\n<div style=\"text-align: justify;\"><span style=\"color: #000000;\"><span style=\"font-family: tahoma,geneva,sans-serif;\"><span style=\"font-size: 12px;\">&nbsp;&nbsp;&nbsp; Kujtojm\u00eb se At\u00eb Artur Liolini do t\u00eb theksonte se \u201c<em>Kjo \u00ebsht\u00eb nj\u00eb koh\u00eb p\u00ebr pajtim dhe negociata paq\u00ebsore dhe nj\u00eb koh\u00eb p\u00ebr t\u00eb l\u00ebn\u00eb m\u00ebnjan\u00eb diferencat p\u00ebr t\u00eb mir\u00ebn ton\u00eb t\u00eb p\u00ebrbashk\u00ebt. N\u00ebse b\u00ebjm\u00eb k\u00ebt\u00eb me ndihm\u00ebn e Zotit, mund\u00ebsit\u00eb p\u00ebr progres n\u00eb t\u00eb ardhmen do t\u00eb hapen. Ky \u00ebsht\u00eb opinioni i episkopit Nikon, i pjes\u00ebs m\u00eb t\u00eb madhe t\u00eb krer\u00ebve t\u00eb Kish\u00ebs Ortodokse Shqiptare n\u00eb Amerik\u00eb dhe, gjithashtu, pozicioni im personal.<\/em>\u201dAt\u00ebher\u00eb, kush e k\u00ebrkon ndarjen dhe p\u00ebr\u00e7arjen? Sigurisht, jo vet\u00eb orthodhoks\u00ebt!<\/span><\/span><\/span><\/div>\n<div style=\"text-align: justify;\"><span style=\"color: #000000;\"><span style=\"font-family: tahoma,geneva,sans-serif;\"><span style=\"font-size: 12px;\"><br \/>&nbsp; &nbsp; Sa p\u00ebr z. Marku, megjith\u00ebse ai nuk \u00ebsht\u00eb klerik as p\u00ebr Kish\u00ebn ton\u00eb, dhe p\u00ebr asnj\u00eb Kish\u00eb orthodhokse n\u00eb bot\u00eb, por vet\u00ebm nj\u00eb uzurpues dhe abuzues me mjedise kishtare, nga disa gazetar\u00eb k\u00ebmb\u00ebngulet t\u00eb quhet si i till\u00eb, duke injoruar hapur besimin orthodhoks dhe duke treguar qart\u00eb se shtyhen nga q\u00ebllime t\u00eb tjera dhe jo se u djeg zemra p\u00ebr fatet e Komunitetit ton\u00eb, q\u00eb jan\u00eb t\u00eb sigurta e n\u00eb rrug\u00eb t\u00eb mbar\u00eb.<\/span><\/span><\/span><\/div>\n<p><span style=\"color: #000000;\"><span style=\"font-family: tahoma,geneva,sans-serif;\"><span style=\"font-size: 12px;\"><\/span><\/span><\/span><\/div>\n<\/td>\n<\/tr>\n<\/tbody>\n<\/table>\n<div style=\"text-align: justify;\"><span style=\"color: #000000;\"><span style=\"font-family: tahoma,geneva,sans-serif;\"><span style=\"font-size: 12px;\">&nbsp; &nbsp;<\/span><\/span><\/span><\/div>\n<div><span style=\"color: #000000;\"><\/span><\/div>\n","protected":false},"excerpt":{"rendered":"<p>Deklarat\u00eb e p\u00ebrbashk\u00ebt mir\u00ebkuptimi e bashk\u00ebpunimi midis dy qendrave t\u00eb Orthodhoksis\u00eb shqiptare n\u00eb SHBA. &nbsp; &nbsp; &nbsp;&nbsp;&nbsp; Marsi sh\u00ebnon 3 p\u00ebrvjetor\u00eb tep\u00ebr t\u00eb r\u00ebnd\u00ebsish\u00ebm dhe dometh\u00ebn\u00ebs p\u00ebr Kish\u00ebn ton\u00eb: 8 Marsi \u00ebsht\u00eb 100-vjetori i dor\u00ebzimit t\u00eb Theofan Nolit n\u00eb prift. 22 Marsi \u00ebsht\u00eb 100-vjetori i t\u00eb par\u00ebs Liturgji Hyjnore n\u00eb gjuh\u00ebn shqipe nga At\u00eb Theofani dhe i themelimit t\u00eb kish\u00ebs shqiptare t\u00eb Sh\u00ebn Gjegjit, n\u00eb<\/p>\n","protected":false},"author":1,"featured_media":0,"comment_status":"open","ping_status":"open","sticky":false,"template":"","format":"standard","meta":{"_acf_changed":false,"pagelayer_contact_templates":[],"_pagelayer_content":"","inline_featured_image":false,"fifu_image_url":"","fifu_image_alt":"","footnotes":""},"categories":[108],"tags":[146,153,196,212,203],"class_list":["post-1013","post","type-post","status-publish","format-standard","hentry","category-lajme","tag-146","tag-deklarata-njoftime-zyrtare-d75","tag-tirane","tag-lajme-d27","tag-pergjigje-ndaj-akuzave"],"acf":[],"yoast_head":"<!-- This site is optimized with the Yoast SEO plugin v27.2 - https:\/\/yoast.com\/product\/yoast-seo-wordpress\/ -->\n<title>NJOFTIM PER SHTYP Kremtohet 100-vjetori i dor\u00ebzimit n\u00eb prift t\u00eb Imzot Theofanit (Nolit) dhe i Mesh\u00ebs s\u00eb par\u00eb n\u00eb shqip. (Mars 2008) - Kisha Orthodh\u03bfkse Autoqefale e Shqip\u00ebris\u00eb<\/title>\n<meta name=\"robots\" content=\"index, follow, max-snippet:-1, max-image-preview:large, max-video-preview:-1\" \/>\n<link rel=\"canonical\" href=\"https:\/\/orthodoxalbania.org\/2020\/2008\/02\/26\/njoftim-per-shtyp-kremtohet-100-vjetori-i-dorezimit-ne-prift-te-imzot-theofanit-nolit-dhe-i-meshes-se-pare-ne-shqip-deklarate-e-perbashket-mirekuptimi-e-bashkepunimi-midis-dy-qendrave-te-orthodhoksise\/\" \/>\n<meta property=\"og:locale\" content=\"en_US\" \/>\n<meta property=\"og:type\" content=\"article\" \/>\n<meta property=\"og:title\" content=\"NJOFTIM PER SHTYP Kremtohet 100-vjetori i dor\u00ebzimit n\u00eb prift t\u00eb Imzot Theofanit (Nolit) dhe i Mesh\u00ebs s\u00eb par\u00eb n\u00eb shqip. (Mars 2008) - Kisha Orthodh\u03bfkse Autoqefale e Shqip\u00ebris\u00eb\" \/>\n<meta property=\"og:description\" content=\"Deklarat\u00eb e p\u00ebrbashk\u00ebt mir\u00ebkuptimi e bashk\u00ebpunimi midis dy qendrave t\u00eb Orthodhoksis\u00eb shqiptare n\u00eb SHBA. &nbsp; &nbsp; &nbsp;&nbsp;&nbsp; Marsi sh\u00ebnon 3 p\u00ebrvjetor\u00eb tep\u00ebr t\u00eb r\u00ebnd\u00ebsish\u00ebm dhe dometh\u00ebn\u00ebs p\u00ebr Kish\u00ebn ton\u00eb: 8 Marsi \u00ebsht\u00eb 100-vjetori i dor\u00ebzimit t\u00eb Theofan Nolit n\u00eb prift. 22 Marsi \u00ebsht\u00eb 100-vjetori i t\u00eb par\u00ebs Liturgji Hyjnore n\u00eb gjuh\u00ebn shqipe nga At\u00eb Theofani dhe i themelimit t\u00eb kish\u00ebs shqiptare t\u00eb Sh\u00ebn Gjegjit, n\u00eb\" \/>\n<meta property=\"og:url\" content=\"https:\/\/orthodoxalbania.org\/2020\/2008\/02\/26\/njoftim-per-shtyp-kremtohet-100-vjetori-i-dorezimit-ne-prift-te-imzot-theofanit-nolit-dhe-i-meshes-se-pare-ne-shqip-deklarate-e-perbashket-mirekuptimi-e-bashkepunimi-midis-dy-qendrave-te-orthodhoksise\/\" \/>\n<meta property=\"og:site_name\" content=\"Kisha Orthodh\u03bfkse Autoqefale e Shqip\u00ebris\u00eb\" \/>\n<meta property=\"article:publisher\" content=\"https:\/\/www.facebook.com\/koash1991\" \/>\n<meta property=\"article:published_time\" content=\"2008-02-26T00:00:00+00:00\" \/>\n<meta property=\"article:modified_time\" content=\"2020-04-06T20:35:30+00:00\" \/>\n<meta property=\"og:image\" content=\"https:\/\/lh5.googleusercontent.com\/-pgrTnDiR1qE\/VI6lnr2E_4I\/AAAAAAAAHhU\/ep_A7oOHpng\/w450-h338-no\/Foto%2B1.jpg\" \/>\n<meta name=\"author\" content=\"Kisha Orthodhokse\" \/>\n<meta name=\"twitter:card\" content=\"summary_large_image\" \/>\n<meta name=\"twitter:label1\" content=\"Written by\" \/>\n\t<meta name=\"twitter:data1\" content=\"Kisha Orthodhokse\" \/>\n\t<meta name=\"twitter:label2\" content=\"Est. reading time\" \/>\n\t<meta name=\"twitter:data2\" content=\"6 minutes\" \/>\n<script type=\"application\/ld+json\" class=\"yoast-schema-graph\">{\"@context\":\"https:\/\/schema.org\",\"@graph\":[{\"@type\":\"Article\",\"@id\":\"https:\/\/orthodoxalbania.org\/2020\/2008\/02\/26\/njoftim-per-shtyp-kremtohet-100-vjetori-i-dorezimit-ne-prift-te-imzot-theofanit-nolit-dhe-i-meshes-se-pare-ne-shqip-deklarate-e-perbashket-mirekuptimi-e-bashkepunimi-midis-dy-qendrave-te-orthodhoksise\/#article\",\"isPartOf\":{\"@id\":\"https:\/\/orthodoxalbania.org\/2020\/2008\/02\/26\/njoftim-per-shtyp-kremtohet-100-vjetori-i-dorezimit-ne-prift-te-imzot-theofanit-nolit-dhe-i-meshes-se-pare-ne-shqip-deklarate-e-perbashket-mirekuptimi-e-bashkepunimi-midis-dy-qendrave-te-orthodhoksise\/\"},\"author\":{\"name\":\"Kisha Orthodhokse\",\"@id\":\"https:\/\/orthodoxalbania.org\/2020\/#\/schema\/person\/0c387634a7063ac612d7ed9ce71c7e86\"},\"headline\":\"NJOFTIM PER SHTYP Kremtohet 100-vjetori i dor\u00ebzimit n\u00eb prift t\u00eb Imzot Theofanit (Nolit) dhe i Mesh\u00ebs s\u00eb par\u00eb n\u00eb shqip. (Mars 2008)\",\"datePublished\":\"2008-02-26T00:00:00+00:00\",\"dateModified\":\"2020-04-06T20:35:30+00:00\",\"mainEntityOfPage\":{\"@id\":\"https:\/\/orthodoxalbania.org\/2020\/2008\/02\/26\/njoftim-per-shtyp-kremtohet-100-vjetori-i-dorezimit-ne-prift-te-imzot-theofanit-nolit-dhe-i-meshes-se-pare-ne-shqip-deklarate-e-perbashket-mirekuptimi-e-bashkepunimi-midis-dy-qendrave-te-orthodhoksise\/\"},\"wordCount\":1261,\"commentCount\":0,\"publisher\":{\"@id\":\"https:\/\/orthodoxalbania.org\/2020\/#organization\"},\"image\":{\"@id\":\"https:\/\/orthodoxalbania.org\/2020\/2008\/02\/26\/njoftim-per-shtyp-kremtohet-100-vjetori-i-dorezimit-ne-prift-te-imzot-theofanit-nolit-dhe-i-meshes-se-pare-ne-shqip-deklarate-e-perbashket-mirekuptimi-e-bashkepunimi-midis-dy-qendrave-te-orthodhoksise\/#primaryimage\"},\"thumbnailUrl\":\"https:\/\/lh5.googleusercontent.com\/-pgrTnDiR1qE\/VI6lnr2E_4I\/AAAAAAAAHhU\/ep_A7oOHpng\/w450-h338-no\/Foto%2B1.jpg\",\"keywords\":[\"2008\",\"Deklarata - Njoftime Zyrtare\",\"Kryepiskopata Tiran\u00eb\",\"lajme\",\"P\u00ebrgjigje ndaj akuzave\"],\"articleSection\":[\"Lajme\"],\"inLanguage\":\"en-US\"},{\"@type\":\"WebPage\",\"@id\":\"https:\/\/orthodoxalbania.org\/2020\/2008\/02\/26\/njoftim-per-shtyp-kremtohet-100-vjetori-i-dorezimit-ne-prift-te-imzot-theofanit-nolit-dhe-i-meshes-se-pare-ne-shqip-deklarate-e-perbashket-mirekuptimi-e-bashkepunimi-midis-dy-qendrave-te-orthodhoksise\/\",\"url\":\"https:\/\/orthodoxalbania.org\/2020\/2008\/02\/26\/njoftim-per-shtyp-kremtohet-100-vjetori-i-dorezimit-ne-prift-te-imzot-theofanit-nolit-dhe-i-meshes-se-pare-ne-shqip-deklarate-e-perbashket-mirekuptimi-e-bashkepunimi-midis-dy-qendrave-te-orthodhoksise\/\",\"name\":\"NJOFTIM PER SHTYP Kremtohet 100-vjetori i dor\u00ebzimit n\u00eb prift t\u00eb Imzot Theofanit (Nolit) dhe i Mesh\u00ebs s\u00eb par\u00eb n\u00eb shqip. (Mars 2008) - Kisha Orthodh\u03bfkse Autoqefale e Shqip\u00ebris\u00eb\",\"isPartOf\":{\"@id\":\"https:\/\/orthodoxalbania.org\/2020\/#website\"},\"primaryImageOfPage\":{\"@id\":\"https:\/\/orthodoxalbania.org\/2020\/2008\/02\/26\/njoftim-per-shtyp-kremtohet-100-vjetori-i-dorezimit-ne-prift-te-imzot-theofanit-nolit-dhe-i-meshes-se-pare-ne-shqip-deklarate-e-perbashket-mirekuptimi-e-bashkepunimi-midis-dy-qendrave-te-orthodhoksise\/#primaryimage\"},\"image\":{\"@id\":\"https:\/\/orthodoxalbania.org\/2020\/2008\/02\/26\/njoftim-per-shtyp-kremtohet-100-vjetori-i-dorezimit-ne-prift-te-imzot-theofanit-nolit-dhe-i-meshes-se-pare-ne-shqip-deklarate-e-perbashket-mirekuptimi-e-bashkepunimi-midis-dy-qendrave-te-orthodhoksise\/#primaryimage\"},\"thumbnailUrl\":\"https:\/\/lh5.googleusercontent.com\/-pgrTnDiR1qE\/VI6lnr2E_4I\/AAAAAAAAHhU\/ep_A7oOHpng\/w450-h338-no\/Foto%2B1.jpg\",\"datePublished\":\"2008-02-26T00:00:00+00:00\",\"dateModified\":\"2020-04-06T20:35:30+00:00\",\"breadcrumb\":{\"@id\":\"https:\/\/orthodoxalbania.org\/2020\/2008\/02\/26\/njoftim-per-shtyp-kremtohet-100-vjetori-i-dorezimit-ne-prift-te-imzot-theofanit-nolit-dhe-i-meshes-se-pare-ne-shqip-deklarate-e-perbashket-mirekuptimi-e-bashkepunimi-midis-dy-qendrave-te-orthodhoksise\/#breadcrumb\"},\"inLanguage\":\"en-US\",\"potentialAction\":[{\"@type\":\"ReadAction\",\"target\":[\"https:\/\/orthodoxalbania.org\/2020\/2008\/02\/26\/njoftim-per-shtyp-kremtohet-100-vjetori-i-dorezimit-ne-prift-te-imzot-theofanit-nolit-dhe-i-meshes-se-pare-ne-shqip-deklarate-e-perbashket-mirekuptimi-e-bashkepunimi-midis-dy-qendrave-te-orthodhoksise\/\"]}]},{\"@type\":\"ImageObject\",\"inLanguage\":\"en-US\",\"@id\":\"https:\/\/orthodoxalbania.org\/2020\/2008\/02\/26\/njoftim-per-shtyp-kremtohet-100-vjetori-i-dorezimit-ne-prift-te-imzot-theofanit-nolit-dhe-i-meshes-se-pare-ne-shqip-deklarate-e-perbashket-mirekuptimi-e-bashkepunimi-midis-dy-qendrave-te-orthodhoksise\/#primaryimage\",\"url\":\"https:\/\/lh5.googleusercontent.com\/-pgrTnDiR1qE\/VI6lnr2E_4I\/AAAAAAAAHhU\/ep_A7oOHpng\/w450-h338-no\/Foto%2B1.jpg\",\"contentUrl\":\"https:\/\/lh5.googleusercontent.com\/-pgrTnDiR1qE\/VI6lnr2E_4I\/AAAAAAAAHhU\/ep_A7oOHpng\/w450-h338-no\/Foto%2B1.jpg\"},{\"@type\":\"BreadcrumbList\",\"@id\":\"https:\/\/orthodoxalbania.org\/2020\/2008\/02\/26\/njoftim-per-shtyp-kremtohet-100-vjetori-i-dorezimit-ne-prift-te-imzot-theofanit-nolit-dhe-i-meshes-se-pare-ne-shqip-deklarate-e-perbashket-mirekuptimi-e-bashkepunimi-midis-dy-qendrave-te-orthodhoksise\/#breadcrumb\",\"itemListElement\":[{\"@type\":\"ListItem\",\"position\":1,\"name\":\"Home\",\"item\":\"https:\/\/orthodoxalbania.org\/2020\/\"},{\"@type\":\"ListItem\",\"position\":2,\"name\":\"NJOFTIM PER SHTYP Kremtohet 100-vjetori i dor\u00ebzimit n\u00eb prift t\u00eb Imzot Theofanit (Nolit) dhe i Mesh\u00ebs s\u00eb par\u00eb n\u00eb shqip. (Mars 2008)\"}]},{\"@type\":\"WebSite\",\"@id\":\"https:\/\/orthodoxalbania.org\/2020\/#website\",\"url\":\"https:\/\/orthodoxalbania.org\/2020\/\",\"name\":\"Kisha Orthodh\u03bfkse Autoqefale e Shqip\u00ebris\u00eb\",\"description\":\"Fqja Zyrtare e Kish\u00ebs Orthodhokse Autoqefale e Shqip\u00ebris\u00eb me lajmet edhe informacionet zyrtare p\u00ebr struktur\u00ebn edhe veprimtarin e saj.\",\"publisher\":{\"@id\":\"https:\/\/orthodoxalbania.org\/2020\/#organization\"},\"potentialAction\":[{\"@type\":\"SearchAction\",\"target\":{\"@type\":\"EntryPoint\",\"urlTemplate\":\"https:\/\/orthodoxalbania.org\/2020\/?s={search_term_string}\"},\"query-input\":{\"@type\":\"PropertyValueSpecification\",\"valueRequired\":true,\"valueName\":\"search_term_string\"}}],\"inLanguage\":\"en-US\"},{\"@type\":\"Organization\",\"@id\":\"https:\/\/orthodoxalbania.org\/2020\/#organization\",\"name\":\"Kisha Orthodhokse Autoqefale e Shqip\u00ebris\u00eb\",\"url\":\"https:\/\/orthodoxalbania.org\/2020\/\",\"logo\":{\"@type\":\"ImageObject\",\"inLanguage\":\"en-US\",\"@id\":\"https:\/\/orthodoxalbania.org\/2020\/#\/schema\/logo\/image\/\",\"url\":\"https:\/\/orthodoxalbania.org\/2020\/wp-content\/uploads\/2020\/05\/albania.jpeg\",\"contentUrl\":\"https:\/\/orthodoxalbania.org\/2020\/wp-content\/uploads\/2020\/05\/albania.jpeg\",\"width\":540,\"height\":540,\"caption\":\"Kisha Orthodhokse Autoqefale e Shqip\u00ebris\u00eb\"},\"image\":{\"@id\":\"https:\/\/orthodoxalbania.org\/2020\/#\/schema\/logo\/image\/\"},\"sameAs\":[\"https:\/\/www.facebook.com\/koash1991\"]},{\"@type\":\"Person\",\"@id\":\"https:\/\/orthodoxalbania.org\/2020\/#\/schema\/person\/0c387634a7063ac612d7ed9ce71c7e86\",\"name\":\"Kisha Orthodhokse\",\"image\":{\"@type\":\"ImageObject\",\"inLanguage\":\"en-US\",\"@id\":\"https:\/\/secure.gravatar.com\/avatar\/596e7c417251e30f2fbb9c00e026fce61a695a00e51c889caded71c96cbbdde5?s=96&d=mm&r=g\",\"url\":\"https:\/\/secure.gravatar.com\/avatar\/596e7c417251e30f2fbb9c00e026fce61a695a00e51c889caded71c96cbbdde5?s=96&d=mm&r=g\",\"contentUrl\":\"https:\/\/secure.gravatar.com\/avatar\/596e7c417251e30f2fbb9c00e026fce61a695a00e51c889caded71c96cbbdde5?s=96&d=mm&r=g\",\"caption\":\"Kisha Orthodhokse\"}}]}<\/script>\n<!-- \/ Yoast SEO plugin. -->","yoast_head_json":{"title":"NJOFTIM PER SHTYP Kremtohet 100-vjetori i dor\u00ebzimit n\u00eb prift t\u00eb Imzot Theofanit (Nolit) dhe i Mesh\u00ebs s\u00eb par\u00eb n\u00eb shqip. (Mars 2008) - Kisha Orthodh\u03bfkse Autoqefale e Shqip\u00ebris\u00eb","robots":{"index":"index","follow":"follow","max-snippet":"max-snippet:-1","max-image-preview":"max-image-preview:large","max-video-preview":"max-video-preview:-1"},"canonical":"https:\/\/orthodoxalbania.org\/2020\/2008\/02\/26\/njoftim-per-shtyp-kremtohet-100-vjetori-i-dorezimit-ne-prift-te-imzot-theofanit-nolit-dhe-i-meshes-se-pare-ne-shqip-deklarate-e-perbashket-mirekuptimi-e-bashkepunimi-midis-dy-qendrave-te-orthodhoksise\/","og_locale":"en_US","og_type":"article","og_title":"NJOFTIM PER SHTYP Kremtohet 100-vjetori i dor\u00ebzimit n\u00eb prift t\u00eb Imzot Theofanit (Nolit) dhe i Mesh\u00ebs s\u00eb par\u00eb n\u00eb shqip. (Mars 2008) - Kisha Orthodh\u03bfkse Autoqefale e Shqip\u00ebris\u00eb","og_description":"Deklarat\u00eb e p\u00ebrbashk\u00ebt mir\u00ebkuptimi e bashk\u00ebpunimi midis dy qendrave t\u00eb Orthodhoksis\u00eb shqiptare n\u00eb SHBA. &nbsp; &nbsp; &nbsp;&nbsp;&nbsp; Marsi sh\u00ebnon 3 p\u00ebrvjetor\u00eb tep\u00ebr t\u00eb r\u00ebnd\u00ebsish\u00ebm dhe dometh\u00ebn\u00ebs p\u00ebr Kish\u00ebn ton\u00eb: 8 Marsi \u00ebsht\u00eb 100-vjetori i dor\u00ebzimit t\u00eb Theofan Nolit n\u00eb prift. 22 Marsi \u00ebsht\u00eb 100-vjetori i t\u00eb par\u00ebs Liturgji Hyjnore n\u00eb gjuh\u00ebn shqipe nga At\u00eb Theofani dhe i themelimit t\u00eb kish\u00ebs shqiptare t\u00eb Sh\u00ebn Gjegjit, n\u00eb","og_url":"https:\/\/orthodoxalbania.org\/2020\/2008\/02\/26\/njoftim-per-shtyp-kremtohet-100-vjetori-i-dorezimit-ne-prift-te-imzot-theofanit-nolit-dhe-i-meshes-se-pare-ne-shqip-deklarate-e-perbashket-mirekuptimi-e-bashkepunimi-midis-dy-qendrave-te-orthodhoksise\/","og_site_name":"Kisha Orthodh\u03bfkse Autoqefale e Shqip\u00ebris\u00eb","article_publisher":"https:\/\/www.facebook.com\/koash1991","article_published_time":"2008-02-26T00:00:00+00:00","article_modified_time":"2020-04-06T20:35:30+00:00","og_image":[{"url":"https:\/\/lh5.googleusercontent.com\/-pgrTnDiR1qE\/VI6lnr2E_4I\/AAAAAAAAHhU\/ep_A7oOHpng\/w450-h338-no\/Foto%2B1.jpg","type":"","width":"","height":""}],"author":"Kisha Orthodhokse","twitter_card":"summary_large_image","twitter_misc":{"Written by":"Kisha Orthodhokse","Est. reading time":"6 minutes"},"schema":{"@context":"https:\/\/schema.org","@graph":[{"@type":"Article","@id":"https:\/\/orthodoxalbania.org\/2020\/2008\/02\/26\/njoftim-per-shtyp-kremtohet-100-vjetori-i-dorezimit-ne-prift-te-imzot-theofanit-nolit-dhe-i-meshes-se-pare-ne-shqip-deklarate-e-perbashket-mirekuptimi-e-bashkepunimi-midis-dy-qendrave-te-orthodhoksise\/#article","isPartOf":{"@id":"https:\/\/orthodoxalbania.org\/2020\/2008\/02\/26\/njoftim-per-shtyp-kremtohet-100-vjetori-i-dorezimit-ne-prift-te-imzot-theofanit-nolit-dhe-i-meshes-se-pare-ne-shqip-deklarate-e-perbashket-mirekuptimi-e-bashkepunimi-midis-dy-qendrave-te-orthodhoksise\/"},"author":{"name":"Kisha Orthodhokse","@id":"https:\/\/orthodoxalbania.org\/2020\/#\/schema\/person\/0c387634a7063ac612d7ed9ce71c7e86"},"headline":"NJOFTIM PER SHTYP Kremtohet 100-vjetori i dor\u00ebzimit n\u00eb prift t\u00eb Imzot Theofanit (Nolit) dhe i Mesh\u00ebs s\u00eb par\u00eb n\u00eb shqip. (Mars 2008)","datePublished":"2008-02-26T00:00:00+00:00","dateModified":"2020-04-06T20:35:30+00:00","mainEntityOfPage":{"@id":"https:\/\/orthodoxalbania.org\/2020\/2008\/02\/26\/njoftim-per-shtyp-kremtohet-100-vjetori-i-dorezimit-ne-prift-te-imzot-theofanit-nolit-dhe-i-meshes-se-pare-ne-shqip-deklarate-e-perbashket-mirekuptimi-e-bashkepunimi-midis-dy-qendrave-te-orthodhoksise\/"},"wordCount":1261,"commentCount":0,"publisher":{"@id":"https:\/\/orthodoxalbania.org\/2020\/#organization"},"image":{"@id":"https:\/\/orthodoxalbania.org\/2020\/2008\/02\/26\/njoftim-per-shtyp-kremtohet-100-vjetori-i-dorezimit-ne-prift-te-imzot-theofanit-nolit-dhe-i-meshes-se-pare-ne-shqip-deklarate-e-perbashket-mirekuptimi-e-bashkepunimi-midis-dy-qendrave-te-orthodhoksise\/#primaryimage"},"thumbnailUrl":"https:\/\/lh5.googleusercontent.com\/-pgrTnDiR1qE\/VI6lnr2E_4I\/AAAAAAAAHhU\/ep_A7oOHpng\/w450-h338-no\/Foto%2B1.jpg","keywords":["2008","Deklarata - Njoftime Zyrtare","Kryepiskopata Tiran\u00eb","lajme","P\u00ebrgjigje ndaj akuzave"],"articleSection":["Lajme"],"inLanguage":"en-US"},{"@type":"WebPage","@id":"https:\/\/orthodoxalbania.org\/2020\/2008\/02\/26\/njoftim-per-shtyp-kremtohet-100-vjetori-i-dorezimit-ne-prift-te-imzot-theofanit-nolit-dhe-i-meshes-se-pare-ne-shqip-deklarate-e-perbashket-mirekuptimi-e-bashkepunimi-midis-dy-qendrave-te-orthodhoksise\/","url":"https:\/\/orthodoxalbania.org\/2020\/2008\/02\/26\/njoftim-per-shtyp-kremtohet-100-vjetori-i-dorezimit-ne-prift-te-imzot-theofanit-nolit-dhe-i-meshes-se-pare-ne-shqip-deklarate-e-perbashket-mirekuptimi-e-bashkepunimi-midis-dy-qendrave-te-orthodhoksise\/","name":"NJOFTIM PER SHTYP Kremtohet 100-vjetori i dor\u00ebzimit n\u00eb prift t\u00eb Imzot Theofanit (Nolit) dhe i Mesh\u00ebs s\u00eb par\u00eb n\u00eb shqip. (Mars 2008) - Kisha Orthodh\u03bfkse Autoqefale e Shqip\u00ebris\u00eb","isPartOf":{"@id":"https:\/\/orthodoxalbania.org\/2020\/#website"},"primaryImageOfPage":{"@id":"https:\/\/orthodoxalbania.org\/2020\/2008\/02\/26\/njoftim-per-shtyp-kremtohet-100-vjetori-i-dorezimit-ne-prift-te-imzot-theofanit-nolit-dhe-i-meshes-se-pare-ne-shqip-deklarate-e-perbashket-mirekuptimi-e-bashkepunimi-midis-dy-qendrave-te-orthodhoksise\/#primaryimage"},"image":{"@id":"https:\/\/orthodoxalbania.org\/2020\/2008\/02\/26\/njoftim-per-shtyp-kremtohet-100-vjetori-i-dorezimit-ne-prift-te-imzot-theofanit-nolit-dhe-i-meshes-se-pare-ne-shqip-deklarate-e-perbashket-mirekuptimi-e-bashkepunimi-midis-dy-qendrave-te-orthodhoksise\/#primaryimage"},"thumbnailUrl":"https:\/\/lh5.googleusercontent.com\/-pgrTnDiR1qE\/VI6lnr2E_4I\/AAAAAAAAHhU\/ep_A7oOHpng\/w450-h338-no\/Foto%2B1.jpg","datePublished":"2008-02-26T00:00:00+00:00","dateModified":"2020-04-06T20:35:30+00:00","breadcrumb":{"@id":"https:\/\/orthodoxalbania.org\/2020\/2008\/02\/26\/njoftim-per-shtyp-kremtohet-100-vjetori-i-dorezimit-ne-prift-te-imzot-theofanit-nolit-dhe-i-meshes-se-pare-ne-shqip-deklarate-e-perbashket-mirekuptimi-e-bashkepunimi-midis-dy-qendrave-te-orthodhoksise\/#breadcrumb"},"inLanguage":"en-US","potentialAction":[{"@type":"ReadAction","target":["https:\/\/orthodoxalbania.org\/2020\/2008\/02\/26\/njoftim-per-shtyp-kremtohet-100-vjetori-i-dorezimit-ne-prift-te-imzot-theofanit-nolit-dhe-i-meshes-se-pare-ne-shqip-deklarate-e-perbashket-mirekuptimi-e-bashkepunimi-midis-dy-qendrave-te-orthodhoksise\/"]}]},{"@type":"ImageObject","inLanguage":"en-US","@id":"https:\/\/orthodoxalbania.org\/2020\/2008\/02\/26\/njoftim-per-shtyp-kremtohet-100-vjetori-i-dorezimit-ne-prift-te-imzot-theofanit-nolit-dhe-i-meshes-se-pare-ne-shqip-deklarate-e-perbashket-mirekuptimi-e-bashkepunimi-midis-dy-qendrave-te-orthodhoksise\/#primaryimage","url":"https:\/\/lh5.googleusercontent.com\/-pgrTnDiR1qE\/VI6lnr2E_4I\/AAAAAAAAHhU\/ep_A7oOHpng\/w450-h338-no\/Foto%2B1.jpg","contentUrl":"https:\/\/lh5.googleusercontent.com\/-pgrTnDiR1qE\/VI6lnr2E_4I\/AAAAAAAAHhU\/ep_A7oOHpng\/w450-h338-no\/Foto%2B1.jpg"},{"@type":"BreadcrumbList","@id":"https:\/\/orthodoxalbania.org\/2020\/2008\/02\/26\/njoftim-per-shtyp-kremtohet-100-vjetori-i-dorezimit-ne-prift-te-imzot-theofanit-nolit-dhe-i-meshes-se-pare-ne-shqip-deklarate-e-perbashket-mirekuptimi-e-bashkepunimi-midis-dy-qendrave-te-orthodhoksise\/#breadcrumb","itemListElement":[{"@type":"ListItem","position":1,"name":"Home","item":"https:\/\/orthodoxalbania.org\/2020\/"},{"@type":"ListItem","position":2,"name":"NJOFTIM PER SHTYP Kremtohet 100-vjetori i dor\u00ebzimit n\u00eb prift t\u00eb Imzot Theofanit (Nolit) dhe i Mesh\u00ebs s\u00eb par\u00eb n\u00eb shqip. (Mars 2008)"}]},{"@type":"WebSite","@id":"https:\/\/orthodoxalbania.org\/2020\/#website","url":"https:\/\/orthodoxalbania.org\/2020\/","name":"Kisha Orthodh\u03bfkse Autoqefale e Shqip\u00ebris\u00eb","description":"Fqja Zyrtare e Kish\u00ebs Orthodhokse Autoqefale e Shqip\u00ebris\u00eb me lajmet edhe informacionet zyrtare p\u00ebr struktur\u00ebn edhe veprimtarin e saj.","publisher":{"@id":"https:\/\/orthodoxalbania.org\/2020\/#organization"},"potentialAction":[{"@type":"SearchAction","target":{"@type":"EntryPoint","urlTemplate":"https:\/\/orthodoxalbania.org\/2020\/?s={search_term_string}"},"query-input":{"@type":"PropertyValueSpecification","valueRequired":true,"valueName":"search_term_string"}}],"inLanguage":"en-US"},{"@type":"Organization","@id":"https:\/\/orthodoxalbania.org\/2020\/#organization","name":"Kisha Orthodhokse Autoqefale e Shqip\u00ebris\u00eb","url":"https:\/\/orthodoxalbania.org\/2020\/","logo":{"@type":"ImageObject","inLanguage":"en-US","@id":"https:\/\/orthodoxalbania.org\/2020\/#\/schema\/logo\/image\/","url":"https:\/\/orthodoxalbania.org\/2020\/wp-content\/uploads\/2020\/05\/albania.jpeg","contentUrl":"https:\/\/orthodoxalbania.org\/2020\/wp-content\/uploads\/2020\/05\/albania.jpeg","width":540,"height":540,"caption":"Kisha Orthodhokse Autoqefale e Shqip\u00ebris\u00eb"},"image":{"@id":"https:\/\/orthodoxalbania.org\/2020\/#\/schema\/logo\/image\/"},"sameAs":["https:\/\/www.facebook.com\/koash1991"]},{"@type":"Person","@id":"https:\/\/orthodoxalbania.org\/2020\/#\/schema\/person\/0c387634a7063ac612d7ed9ce71c7e86","name":"Kisha Orthodhokse","image":{"@type":"ImageObject","inLanguage":"en-US","@id":"https:\/\/secure.gravatar.com\/avatar\/596e7c417251e30f2fbb9c00e026fce61a695a00e51c889caded71c96cbbdde5?s=96&d=mm&r=g","url":"https:\/\/secure.gravatar.com\/avatar\/596e7c417251e30f2fbb9c00e026fce61a695a00e51c889caded71c96cbbdde5?s=96&d=mm&r=g","contentUrl":"https:\/\/secure.gravatar.com\/avatar\/596e7c417251e30f2fbb9c00e026fce61a695a00e51c889caded71c96cbbdde5?s=96&d=mm&r=g","caption":"Kisha Orthodhokse"}}]}},"_links":{"self":[{"href":"https:\/\/orthodoxalbania.org\/2020\/wp-json\/wp\/v2\/posts\/1013","targetHints":{"allow":["GET"]}}],"collection":[{"href":"https:\/\/orthodoxalbania.org\/2020\/wp-json\/wp\/v2\/posts"}],"about":[{"href":"https:\/\/orthodoxalbania.org\/2020\/wp-json\/wp\/v2\/types\/post"}],"author":[{"embeddable":true,"href":"https:\/\/orthodoxalbania.org\/2020\/wp-json\/wp\/v2\/users\/1"}],"replies":[{"embeddable":true,"href":"https:\/\/orthodoxalbania.org\/2020\/wp-json\/wp\/v2\/comments?post=1013"}],"version-history":[{"count":1,"href":"https:\/\/orthodoxalbania.org\/2020\/wp-json\/wp\/v2\/posts\/1013\/revisions"}],"predecessor-version":[{"id":15699,"href":"https:\/\/orthodoxalbania.org\/2020\/wp-json\/wp\/v2\/posts\/1013\/revisions\/15699"}],"wp:attachment":[{"href":"https:\/\/orthodoxalbania.org\/2020\/wp-json\/wp\/v2\/media?parent=1013"}],"wp:term":[{"taxonomy":"category","embeddable":true,"href":"https:\/\/orthodoxalbania.org\/2020\/wp-json\/wp\/v2\/categories?post=1013"},{"taxonomy":"post_tag","embeddable":true,"href":"https:\/\/orthodoxalbania.org\/2020\/wp-json\/wp\/v2\/tags?post=1013"}],"curies":[{"name":"wp","href":"https:\/\/api.w.org\/{rel}","templated":true}]}}