{"id":1012,"date":"2013-03-22T10:40:29","date_gmt":"2013-03-22T10:40:29","guid":{"rendered":""},"modified":"2020-04-06T22:05:47","modified_gmt":"2020-04-06T20:05:47","slug":"njoftim-per-media-demtohet-kryqi-ne-fshatin-fikas-te-elbasanit","status":"publish","type":"post","link":"https:\/\/orthodoxalbania.org\/2020\/2013\/03\/22\/njoftim-per-media-demtohet-kryqi-ne-fshatin-fikas-te-elbasanit\/","title":{"rendered":"Njoftim p\u00ebr media &#8211; D\u00ebmtohet Kryqi n\u00eb fshatin Fikas t\u00eb Elbasanit. (13 Shkurt 2013)"},"content":{"rendered":"<div style=\"text-align: justify;\">\n\t<span style=\"color:#000000;\"><span style=\"font-size: 12px;\"><span style=\"font-family: tahoma,geneva,sans-serif;\"><img class=\"lazyload\" decoding=\"async\" src=\"data:image\/gif;base64,R0lGODlhAQABAAAAACH5BAEKAAEALAAAAAABAAEAAAICTAEAOw==\" data-orig-src=\"https:\/\/lh6.googleusercontent.com\/-xyQr3OiKzsI\/URt7VCUOD-I\/AAAAAAAAB-E\/_OSyG2xE5wU\/s640\/miks.jpg\" style=\"width: 300px; height: 150px; border-width: 1px; border-style: solid; margin: 10px; float: left;\" \/>&nbsp;&nbsp;&nbsp; Ne, klerik\u00ebt dhe besimtar\u00ebt orthodhoks\u00eb t\u00eb Elbasanit jemi duke ndjekur me shum\u00eb shqet\u00ebsim dhe jemi t\u00eb tronditur prej trysnis\u00eb q\u00eb po ushtrohet n\u00eb vijim\u00ebsi ndaj komunitetit ton\u00eb orthodhoks dhe nuk mund t\u00eb heshtim p\u00ebrball\u00eb k\u00ebsaj gjendje q\u00eb sa vjen e po r\u00ebndohet.<\/span><\/span><\/span><\/div>\n<div style=\"text-align: justify;\">\n\t<br \/>\n\t<span style=\"color:#000000;\"><span style=\"font-size: 12px;\"><span style=\"font-family: tahoma,geneva,sans-serif;\">&nbsp;&nbsp;&nbsp; Pas d\u00ebmtimit t\u00eb afreskeve t\u00eb Onufrit, n\u00eb Kish\u00ebn e Sh\u00ebn e Premtes, n\u00eb Val\u00ebsh t\u00eb Shpatit t\u00eb Elbasanit, para nj\u00eb muaji, i cili ka mbetur ende pa autor\u00eb, nj\u00eb tjet\u00ebr sulm iu b\u00eb simbolit orthodhoks, Kryqit n\u00eb fshatin Fikas t\u00eb Komun\u00ebs s\u00eb Bradasheshit. M\u00eb konkretisht, m\u00eb dat\u00ebn 12 shkurt 2013 u konstatua prej banoreve t\u00eb zon\u00ebs si dhe nga kalimtar\u00ebt e rast\u00ebsish\u00ebm, d\u00ebmtimi i q\u00ebllimsh\u00ebm i kryqit, i cili q\u00ebndron n\u00eb vendin e shenjt\u00eb, ku m\u00eb par\u00eb ndodhej kisha.<\/span><\/span><\/span><\/div>\n<div style=\"text-align: justify;\">\n\t<br \/>\n\t<span style=\"color:#000000;\"><span style=\"font-size: 12px;\"><span style=\"font-family: tahoma,geneva,sans-serif;\">&nbsp;&nbsp;&nbsp; P\u00ebrpara k\u00ebtyre sulmeve dhe akteve barbare ndjehemi gjithnj\u00eb e m\u00eb shum\u00eb t\u00eb k\u00ebrc\u00ebnuar dhe t\u00eb l\u00ebnduar n\u00eb ndjenjat dhe besimin ton\u00eb. Simbolet dhe objektet fetare, si shprehje t\u00eb liris\u00eb s\u00eb besimit dhe t\u00eb respektit reciprok, duhet t\u00eb g\u00ebzojn\u00eb respektin dhe mbrojtjen e duhur nga t\u00eb gjith\u00eb, pa dallim. Harmonia fetare shprehet pik\u00ebrisht n\u00eb k\u00ebto vlera q\u00eb ne si popull kemi ditur shum\u00eb mir\u00eb t\u2019i ruajm\u00eb e q\u00eb vazhdimisht duhet t\u00eb mos lejojm\u00eb q\u00eb t\u00eb cenohen n\u00eb t\u00eb ardhmen.<\/span><\/span><\/span><\/div>\n<div style=\"text-align: justify;\">\n\t<br \/>\n\t<span style=\"color:#000000;\"><span style=\"font-size: 12px;\"><span style=\"font-family: tahoma,geneva,sans-serif;\">&nbsp;&nbsp;&nbsp; S\u00eb fundmi, k\u00ebrkojm\u00eb nga organet e rendit dhe strukturat shtet\u00ebrore, t\u00eb tregojn\u00eb v\u00ebmendjen dhe efikasitetin e duhur n\u00eb zbulimin dhe parandalimin e akteve t\u00eb tilla, duke ndalur duart shkat\u00ebrruese dhe mendjet e mbrapshta.<\/span><\/span><\/span><\/div>\n<div style=\"text-align: right;\">\n<p>\t<span style=\"color:#000000;\"><span style=\"font-size: 12px;\"><span style=\"font-family: tahoma,geneva,sans-serif;\"><strong>Klerik\u00eb dhe besimtar\u00eb orthodhoks\u00eb t\u00eb Elbasanit<br \/>\n\t13 shkurt 2013<\/strong><\/span><\/span><\/span><\/div>\n<p style=\"text-align: justify;\">\n\t<span style=\"color:#000000;\"><span style=\"font-size: 12px;\"><span style=\"font-family: tahoma,geneva,sans-serif;\"><img class=\"lazyload\" decoding=\"async\" src=\"data:image\/gif;base64,R0lGODlhAQABAAAAACH5BAEKAAEALAAAAAABAAEAAAICTAEAOw==\" data-orig-src=\"https:\/\/lh6.googleusercontent.com\/-xyQr3OiKzsI\/URt7VCUOD-I\/AAAAAAAAB-E\/_OSyG2xE5wU\/s640\/miks.jpg\" style=\"width: 600px; height: 288px; border-width: 1px; border-style: solid; margin: 10px; float: left;\" \/><\/span><\/span><\/span><\/p>\n<p style=\"text-align: justify;\">\n\t<span style=\"color:#000000;\"><span style=\"font-size: 12px;\"><span style=\"font-family: tahoma,geneva,sans-serif;\"><img class=\"lazyload\" decoding=\"async\" src=\"data:image\/gif;base64,R0lGODlhAQABAAAAACH5BAEKAAEALAAAAAABAAEAAAICTAEAOw==\" data-orig-src=\"https:\/\/lh6.googleusercontent.com\/-ke-Sd5qhXgU\/URt7aMtiP5I\/AAAAAAAAB-M\/Fi-jumUsU9o\/s640\/529411_2836995419841_28919773_n.jpg\" style=\"width: 600px; height: 450px; border-width: 1px; border-style: solid; margin: 10px; float: left;\" \/><\/span><\/span><\/span><br \/>\n\t&nbsp;<\/p>\n","protected":false},"excerpt":{"rendered":"<p>&nbsp;&nbsp;&nbsp; Ne, klerik\u00ebt dhe besimtar\u00ebt orthodhoks\u00eb t\u00eb Elbasanit jemi duke ndjekur me shum\u00eb shqet\u00ebsim dhe jemi t\u00eb tronditur prej trysnis\u00eb q\u00eb po ushtrohet n\u00eb vijim\u00ebsi ndaj komunitetit ton\u00eb orthodhoks dhe nuk mund t\u00eb heshtim p\u00ebrball\u00eb k\u00ebsaj gjendje q\u00eb sa vjen e po r\u00ebndohet. &nbsp;&nbsp;&nbsp; Pas d\u00ebmtimit t\u00eb afreskeve t\u00eb Onufrit, n\u00eb Kish\u00ebn e Sh\u00ebn e Premtes, n\u00eb Val\u00ebsh t\u00eb Shpatit t\u00eb Elbasanit, para nj\u00eb muaji,<\/p>\n","protected":false},"author":1,"featured_media":0,"comment_status":"open","ping_status":"open","sticky":false,"template":"","format":"standard","meta":{"_acf_changed":false,"pagelayer_contact_templates":[],"_pagelayer_content":"","inline_featured_image":false,"fifu_image_url":"","fifu_image_alt":"","footnotes":""},"categories":[108],"tags":[141,196,212],"class_list":["post-1012","post","type-post","status-publish","format-standard","hentry","category-lajme","tag-141","tag-tirane","tag-lajme-d27"],"acf":[],"yoast_head":"<!-- This site is optimized with the Yoast SEO plugin v27.2 - https:\/\/yoast.com\/product\/yoast-seo-wordpress\/ -->\n<title>Njoftim p\u00ebr media - D\u00ebmtohet Kryqi n\u00eb fshatin Fikas t\u00eb Elbasanit. (13 Shkurt 2013) - Kisha Orthodh\u03bfkse Autoqefale e Shqip\u00ebris\u00eb<\/title>\n<meta name=\"robots\" content=\"index, follow, max-snippet:-1, max-image-preview:large, max-video-preview:-1\" \/>\n<link rel=\"canonical\" href=\"https:\/\/orthodoxalbania.org\/2020\/2013\/03\/22\/njoftim-per-media-demtohet-kryqi-ne-fshatin-fikas-te-elbasanit\/\" \/>\n<meta property=\"og:locale\" content=\"en_US\" \/>\n<meta property=\"og:type\" content=\"article\" \/>\n<meta property=\"og:title\" content=\"Njoftim p\u00ebr media - D\u00ebmtohet Kryqi n\u00eb fshatin Fikas t\u00eb Elbasanit. (13 Shkurt 2013) - Kisha Orthodh\u03bfkse Autoqefale e Shqip\u00ebris\u00eb\" \/>\n<meta property=\"og:description\" content=\"&nbsp;&nbsp;&nbsp; Ne, klerik\u00ebt dhe besimtar\u00ebt orthodhoks\u00eb t\u00eb Elbasanit jemi duke ndjekur me shum\u00eb shqet\u00ebsim dhe jemi t\u00eb tronditur prej trysnis\u00eb q\u00eb po ushtrohet n\u00eb vijim\u00ebsi ndaj komunitetit ton\u00eb orthodhoks dhe nuk mund t\u00eb heshtim p\u00ebrball\u00eb k\u00ebsaj gjendje q\u00eb sa vjen e po r\u00ebndohet. &nbsp;&nbsp;&nbsp; Pas d\u00ebmtimit t\u00eb afreskeve t\u00eb Onufrit, n\u00eb Kish\u00ebn e Sh\u00ebn e Premtes, n\u00eb Val\u00ebsh t\u00eb Shpatit t\u00eb Elbasanit, para nj\u00eb muaji,\" \/>\n<meta property=\"og:url\" content=\"https:\/\/orthodoxalbania.org\/2020\/2013\/03\/22\/njoftim-per-media-demtohet-kryqi-ne-fshatin-fikas-te-elbasanit\/\" \/>\n<meta property=\"og:site_name\" content=\"Kisha Orthodh\u03bfkse Autoqefale e Shqip\u00ebris\u00eb\" \/>\n<meta property=\"article:publisher\" content=\"https:\/\/www.facebook.com\/koash1991\" \/>\n<meta property=\"article:published_time\" content=\"2013-03-22T10:40:29+00:00\" \/>\n<meta property=\"article:modified_time\" content=\"2020-04-06T20:05:47+00:00\" \/>\n<meta property=\"og:image\" content=\"https:\/\/lh6.googleusercontent.com\/-xyQr3OiKzsI\/URt7VCUOD-I\/AAAAAAAAB-E\/_OSyG2xE5wU\/s640\/miks.jpg\" \/>\n<meta name=\"author\" content=\"Kisha Orthodhokse\" \/>\n<meta name=\"twitter:card\" content=\"summary_large_image\" \/>\n<meta name=\"twitter:label1\" content=\"Written by\" \/>\n\t<meta name=\"twitter:data1\" content=\"Kisha Orthodhokse\" \/>\n\t<meta name=\"twitter:label2\" content=\"Est. reading time\" \/>\n\t<meta name=\"twitter:data2\" content=\"1 minute\" \/>\n<script type=\"application\/ld+json\" class=\"yoast-schema-graph\">{\"@context\":\"https:\/\/schema.org\",\"@graph\":[{\"@type\":\"Article\",\"@id\":\"https:\/\/orthodoxalbania.org\/2020\/2013\/03\/22\/njoftim-per-media-demtohet-kryqi-ne-fshatin-fikas-te-elbasanit\/#article\",\"isPartOf\":{\"@id\":\"https:\/\/orthodoxalbania.org\/2020\/2013\/03\/22\/njoftim-per-media-demtohet-kryqi-ne-fshatin-fikas-te-elbasanit\/\"},\"author\":{\"name\":\"Kisha Orthodhokse\",\"@id\":\"https:\/\/orthodoxalbania.org\/2020\/#\/schema\/person\/0c387634a7063ac612d7ed9ce71c7e86\"},\"headline\":\"Njoftim p\u00ebr media &#8211; D\u00ebmtohet Kryqi n\u00eb fshatin Fikas t\u00eb Elbasanit. (13 Shkurt 2013)\",\"datePublished\":\"2013-03-22T10:40:29+00:00\",\"dateModified\":\"2020-04-06T20:05:47+00:00\",\"mainEntityOfPage\":{\"@id\":\"https:\/\/orthodoxalbania.org\/2020\/2013\/03\/22\/njoftim-per-media-demtohet-kryqi-ne-fshatin-fikas-te-elbasanit\/\"},\"wordCount\":299,\"commentCount\":0,\"publisher\":{\"@id\":\"https:\/\/orthodoxalbania.org\/2020\/#organization\"},\"image\":{\"@id\":\"https:\/\/orthodoxalbania.org\/2020\/2013\/03\/22\/njoftim-per-media-demtohet-kryqi-ne-fshatin-fikas-te-elbasanit\/#primaryimage\"},\"thumbnailUrl\":\"https:\/\/lh6.googleusercontent.com\/-xyQr3OiKzsI\/URt7VCUOD-I\/AAAAAAAAB-E\/_OSyG2xE5wU\/s640\/miks.jpg\",\"keywords\":[\"2013\",\"Kryepiskopata Tiran\u00eb\",\"lajme\"],\"articleSection\":[\"Lajme\"],\"inLanguage\":\"en-US\"},{\"@type\":\"WebPage\",\"@id\":\"https:\/\/orthodoxalbania.org\/2020\/2013\/03\/22\/njoftim-per-media-demtohet-kryqi-ne-fshatin-fikas-te-elbasanit\/\",\"url\":\"https:\/\/orthodoxalbania.org\/2020\/2013\/03\/22\/njoftim-per-media-demtohet-kryqi-ne-fshatin-fikas-te-elbasanit\/\",\"name\":\"Njoftim p\u00ebr media - D\u00ebmtohet Kryqi n\u00eb fshatin Fikas t\u00eb Elbasanit. (13 Shkurt 2013) - Kisha Orthodh\u03bfkse Autoqefale e Shqip\u00ebris\u00eb\",\"isPartOf\":{\"@id\":\"https:\/\/orthodoxalbania.org\/2020\/#website\"},\"primaryImageOfPage\":{\"@id\":\"https:\/\/orthodoxalbania.org\/2020\/2013\/03\/22\/njoftim-per-media-demtohet-kryqi-ne-fshatin-fikas-te-elbasanit\/#primaryimage\"},\"image\":{\"@id\":\"https:\/\/orthodoxalbania.org\/2020\/2013\/03\/22\/njoftim-per-media-demtohet-kryqi-ne-fshatin-fikas-te-elbasanit\/#primaryimage\"},\"thumbnailUrl\":\"https:\/\/lh6.googleusercontent.com\/-xyQr3OiKzsI\/URt7VCUOD-I\/AAAAAAAAB-E\/_OSyG2xE5wU\/s640\/miks.jpg\",\"datePublished\":\"2013-03-22T10:40:29+00:00\",\"dateModified\":\"2020-04-06T20:05:47+00:00\",\"breadcrumb\":{\"@id\":\"https:\/\/orthodoxalbania.org\/2020\/2013\/03\/22\/njoftim-per-media-demtohet-kryqi-ne-fshatin-fikas-te-elbasanit\/#breadcrumb\"},\"inLanguage\":\"en-US\",\"potentialAction\":[{\"@type\":\"ReadAction\",\"target\":[\"https:\/\/orthodoxalbania.org\/2020\/2013\/03\/22\/njoftim-per-media-demtohet-kryqi-ne-fshatin-fikas-te-elbasanit\/\"]}]},{\"@type\":\"ImageObject\",\"inLanguage\":\"en-US\",\"@id\":\"https:\/\/orthodoxalbania.org\/2020\/2013\/03\/22\/njoftim-per-media-demtohet-kryqi-ne-fshatin-fikas-te-elbasanit\/#primaryimage\",\"url\":\"https:\/\/lh6.googleusercontent.com\/-xyQr3OiKzsI\/URt7VCUOD-I\/AAAAAAAAB-E\/_OSyG2xE5wU\/s640\/miks.jpg\",\"contentUrl\":\"https:\/\/lh6.googleusercontent.com\/-xyQr3OiKzsI\/URt7VCUOD-I\/AAAAAAAAB-E\/_OSyG2xE5wU\/s640\/miks.jpg\"},{\"@type\":\"BreadcrumbList\",\"@id\":\"https:\/\/orthodoxalbania.org\/2020\/2013\/03\/22\/njoftim-per-media-demtohet-kryqi-ne-fshatin-fikas-te-elbasanit\/#breadcrumb\",\"itemListElement\":[{\"@type\":\"ListItem\",\"position\":1,\"name\":\"Home\",\"item\":\"https:\/\/orthodoxalbania.org\/2020\/\"},{\"@type\":\"ListItem\",\"position\":2,\"name\":\"Njoftim p\u00ebr media &#8211; D\u00ebmtohet Kryqi n\u00eb fshatin Fikas t\u00eb Elbasanit. (13 Shkurt 2013)\"}]},{\"@type\":\"WebSite\",\"@id\":\"https:\/\/orthodoxalbania.org\/2020\/#website\",\"url\":\"https:\/\/orthodoxalbania.org\/2020\/\",\"name\":\"Kisha Orthodh\u03bfkse Autoqefale e Shqip\u00ebris\u00eb\",\"description\":\"Fqja Zyrtare e Kish\u00ebs Orthodhokse Autoqefale e Shqip\u00ebris\u00eb me lajmet edhe informacionet zyrtare p\u00ebr struktur\u00ebn edhe veprimtarin e saj.\",\"publisher\":{\"@id\":\"https:\/\/orthodoxalbania.org\/2020\/#organization\"},\"potentialAction\":[{\"@type\":\"SearchAction\",\"target\":{\"@type\":\"EntryPoint\",\"urlTemplate\":\"https:\/\/orthodoxalbania.org\/2020\/?s={search_term_string}\"},\"query-input\":{\"@type\":\"PropertyValueSpecification\",\"valueRequired\":true,\"valueName\":\"search_term_string\"}}],\"inLanguage\":\"en-US\"},{\"@type\":\"Organization\",\"@id\":\"https:\/\/orthodoxalbania.org\/2020\/#organization\",\"name\":\"Kisha Orthodhokse Autoqefale e Shqip\u00ebris\u00eb\",\"url\":\"https:\/\/orthodoxalbania.org\/2020\/\",\"logo\":{\"@type\":\"ImageObject\",\"inLanguage\":\"en-US\",\"@id\":\"https:\/\/orthodoxalbania.org\/2020\/#\/schema\/logo\/image\/\",\"url\":\"https:\/\/orthodoxalbania.org\/2020\/wp-content\/uploads\/2020\/05\/albania.jpeg\",\"contentUrl\":\"https:\/\/orthodoxalbania.org\/2020\/wp-content\/uploads\/2020\/05\/albania.jpeg\",\"width\":540,\"height\":540,\"caption\":\"Kisha Orthodhokse Autoqefale e Shqip\u00ebris\u00eb\"},\"image\":{\"@id\":\"https:\/\/orthodoxalbania.org\/2020\/#\/schema\/logo\/image\/\"},\"sameAs\":[\"https:\/\/www.facebook.com\/koash1991\"]},{\"@type\":\"Person\",\"@id\":\"https:\/\/orthodoxalbania.org\/2020\/#\/schema\/person\/0c387634a7063ac612d7ed9ce71c7e86\",\"name\":\"Kisha Orthodhokse\",\"image\":{\"@type\":\"ImageObject\",\"inLanguage\":\"en-US\",\"@id\":\"https:\/\/secure.gravatar.com\/avatar\/596e7c417251e30f2fbb9c00e026fce61a695a00e51c889caded71c96cbbdde5?s=96&d=mm&r=g\",\"url\":\"https:\/\/secure.gravatar.com\/avatar\/596e7c417251e30f2fbb9c00e026fce61a695a00e51c889caded71c96cbbdde5?s=96&d=mm&r=g\",\"contentUrl\":\"https:\/\/secure.gravatar.com\/avatar\/596e7c417251e30f2fbb9c00e026fce61a695a00e51c889caded71c96cbbdde5?s=96&d=mm&r=g\",\"caption\":\"Kisha Orthodhokse\"}}]}<\/script>\n<!-- \/ Yoast SEO plugin. -->","yoast_head_json":{"title":"Njoftim p\u00ebr media - D\u00ebmtohet Kryqi n\u00eb fshatin Fikas t\u00eb Elbasanit. (13 Shkurt 2013) - Kisha Orthodh\u03bfkse Autoqefale e Shqip\u00ebris\u00eb","robots":{"index":"index","follow":"follow","max-snippet":"max-snippet:-1","max-image-preview":"max-image-preview:large","max-video-preview":"max-video-preview:-1"},"canonical":"https:\/\/orthodoxalbania.org\/2020\/2013\/03\/22\/njoftim-per-media-demtohet-kryqi-ne-fshatin-fikas-te-elbasanit\/","og_locale":"en_US","og_type":"article","og_title":"Njoftim p\u00ebr media - D\u00ebmtohet Kryqi n\u00eb fshatin Fikas t\u00eb Elbasanit. (13 Shkurt 2013) - Kisha Orthodh\u03bfkse Autoqefale e Shqip\u00ebris\u00eb","og_description":"&nbsp;&nbsp;&nbsp; Ne, klerik\u00ebt dhe besimtar\u00ebt orthodhoks\u00eb t\u00eb Elbasanit jemi duke ndjekur me shum\u00eb shqet\u00ebsim dhe jemi t\u00eb tronditur prej trysnis\u00eb q\u00eb po ushtrohet n\u00eb vijim\u00ebsi ndaj komunitetit ton\u00eb orthodhoks dhe nuk mund t\u00eb heshtim p\u00ebrball\u00eb k\u00ebsaj gjendje q\u00eb sa vjen e po r\u00ebndohet. &nbsp;&nbsp;&nbsp; Pas d\u00ebmtimit t\u00eb afreskeve t\u00eb Onufrit, n\u00eb Kish\u00ebn e Sh\u00ebn e Premtes, n\u00eb Val\u00ebsh t\u00eb Shpatit t\u00eb Elbasanit, para nj\u00eb muaji,","og_url":"https:\/\/orthodoxalbania.org\/2020\/2013\/03\/22\/njoftim-per-media-demtohet-kryqi-ne-fshatin-fikas-te-elbasanit\/","og_site_name":"Kisha Orthodh\u03bfkse Autoqefale e Shqip\u00ebris\u00eb","article_publisher":"https:\/\/www.facebook.com\/koash1991","article_published_time":"2013-03-22T10:40:29+00:00","article_modified_time":"2020-04-06T20:05:47+00:00","og_image":[{"url":"https:\/\/lh6.googleusercontent.com\/-xyQr3OiKzsI\/URt7VCUOD-I\/AAAAAAAAB-E\/_OSyG2xE5wU\/s640\/miks.jpg","type":"","width":"","height":""}],"author":"Kisha Orthodhokse","twitter_card":"summary_large_image","twitter_misc":{"Written by":"Kisha Orthodhokse","Est. reading time":"1 minute"},"schema":{"@context":"https:\/\/schema.org","@graph":[{"@type":"Article","@id":"https:\/\/orthodoxalbania.org\/2020\/2013\/03\/22\/njoftim-per-media-demtohet-kryqi-ne-fshatin-fikas-te-elbasanit\/#article","isPartOf":{"@id":"https:\/\/orthodoxalbania.org\/2020\/2013\/03\/22\/njoftim-per-media-demtohet-kryqi-ne-fshatin-fikas-te-elbasanit\/"},"author":{"name":"Kisha Orthodhokse","@id":"https:\/\/orthodoxalbania.org\/2020\/#\/schema\/person\/0c387634a7063ac612d7ed9ce71c7e86"},"headline":"Njoftim p\u00ebr media &#8211; D\u00ebmtohet Kryqi n\u00eb fshatin Fikas t\u00eb Elbasanit. (13 Shkurt 2013)","datePublished":"2013-03-22T10:40:29+00:00","dateModified":"2020-04-06T20:05:47+00:00","mainEntityOfPage":{"@id":"https:\/\/orthodoxalbania.org\/2020\/2013\/03\/22\/njoftim-per-media-demtohet-kryqi-ne-fshatin-fikas-te-elbasanit\/"},"wordCount":299,"commentCount":0,"publisher":{"@id":"https:\/\/orthodoxalbania.org\/2020\/#organization"},"image":{"@id":"https:\/\/orthodoxalbania.org\/2020\/2013\/03\/22\/njoftim-per-media-demtohet-kryqi-ne-fshatin-fikas-te-elbasanit\/#primaryimage"},"thumbnailUrl":"https:\/\/lh6.googleusercontent.com\/-xyQr3OiKzsI\/URt7VCUOD-I\/AAAAAAAAB-E\/_OSyG2xE5wU\/s640\/miks.jpg","keywords":["2013","Kryepiskopata Tiran\u00eb","lajme"],"articleSection":["Lajme"],"inLanguage":"en-US"},{"@type":"WebPage","@id":"https:\/\/orthodoxalbania.org\/2020\/2013\/03\/22\/njoftim-per-media-demtohet-kryqi-ne-fshatin-fikas-te-elbasanit\/","url":"https:\/\/orthodoxalbania.org\/2020\/2013\/03\/22\/njoftim-per-media-demtohet-kryqi-ne-fshatin-fikas-te-elbasanit\/","name":"Njoftim p\u00ebr media - D\u00ebmtohet Kryqi n\u00eb fshatin Fikas t\u00eb Elbasanit. (13 Shkurt 2013) - Kisha Orthodh\u03bfkse Autoqefale e Shqip\u00ebris\u00eb","isPartOf":{"@id":"https:\/\/orthodoxalbania.org\/2020\/#website"},"primaryImageOfPage":{"@id":"https:\/\/orthodoxalbania.org\/2020\/2013\/03\/22\/njoftim-per-media-demtohet-kryqi-ne-fshatin-fikas-te-elbasanit\/#primaryimage"},"image":{"@id":"https:\/\/orthodoxalbania.org\/2020\/2013\/03\/22\/njoftim-per-media-demtohet-kryqi-ne-fshatin-fikas-te-elbasanit\/#primaryimage"},"thumbnailUrl":"https:\/\/lh6.googleusercontent.com\/-xyQr3OiKzsI\/URt7VCUOD-I\/AAAAAAAAB-E\/_OSyG2xE5wU\/s640\/miks.jpg","datePublished":"2013-03-22T10:40:29+00:00","dateModified":"2020-04-06T20:05:47+00:00","breadcrumb":{"@id":"https:\/\/orthodoxalbania.org\/2020\/2013\/03\/22\/njoftim-per-media-demtohet-kryqi-ne-fshatin-fikas-te-elbasanit\/#breadcrumb"},"inLanguage":"en-US","potentialAction":[{"@type":"ReadAction","target":["https:\/\/orthodoxalbania.org\/2020\/2013\/03\/22\/njoftim-per-media-demtohet-kryqi-ne-fshatin-fikas-te-elbasanit\/"]}]},{"@type":"ImageObject","inLanguage":"en-US","@id":"https:\/\/orthodoxalbania.org\/2020\/2013\/03\/22\/njoftim-per-media-demtohet-kryqi-ne-fshatin-fikas-te-elbasanit\/#primaryimage","url":"https:\/\/lh6.googleusercontent.com\/-xyQr3OiKzsI\/URt7VCUOD-I\/AAAAAAAAB-E\/_OSyG2xE5wU\/s640\/miks.jpg","contentUrl":"https:\/\/lh6.googleusercontent.com\/-xyQr3OiKzsI\/URt7VCUOD-I\/AAAAAAAAB-E\/_OSyG2xE5wU\/s640\/miks.jpg"},{"@type":"BreadcrumbList","@id":"https:\/\/orthodoxalbania.org\/2020\/2013\/03\/22\/njoftim-per-media-demtohet-kryqi-ne-fshatin-fikas-te-elbasanit\/#breadcrumb","itemListElement":[{"@type":"ListItem","position":1,"name":"Home","item":"https:\/\/orthodoxalbania.org\/2020\/"},{"@type":"ListItem","position":2,"name":"Njoftim p\u00ebr media &#8211; D\u00ebmtohet Kryqi n\u00eb fshatin Fikas t\u00eb Elbasanit. (13 Shkurt 2013)"}]},{"@type":"WebSite","@id":"https:\/\/orthodoxalbania.org\/2020\/#website","url":"https:\/\/orthodoxalbania.org\/2020\/","name":"Kisha Orthodh\u03bfkse Autoqefale e Shqip\u00ebris\u00eb","description":"Fqja Zyrtare e Kish\u00ebs Orthodhokse Autoqefale e Shqip\u00ebris\u00eb me lajmet edhe informacionet zyrtare p\u00ebr struktur\u00ebn edhe veprimtarin e saj.","publisher":{"@id":"https:\/\/orthodoxalbania.org\/2020\/#organization"},"potentialAction":[{"@type":"SearchAction","target":{"@type":"EntryPoint","urlTemplate":"https:\/\/orthodoxalbania.org\/2020\/?s={search_term_string}"},"query-input":{"@type":"PropertyValueSpecification","valueRequired":true,"valueName":"search_term_string"}}],"inLanguage":"en-US"},{"@type":"Organization","@id":"https:\/\/orthodoxalbania.org\/2020\/#organization","name":"Kisha Orthodhokse Autoqefale e Shqip\u00ebris\u00eb","url":"https:\/\/orthodoxalbania.org\/2020\/","logo":{"@type":"ImageObject","inLanguage":"en-US","@id":"https:\/\/orthodoxalbania.org\/2020\/#\/schema\/logo\/image\/","url":"https:\/\/orthodoxalbania.org\/2020\/wp-content\/uploads\/2020\/05\/albania.jpeg","contentUrl":"https:\/\/orthodoxalbania.org\/2020\/wp-content\/uploads\/2020\/05\/albania.jpeg","width":540,"height":540,"caption":"Kisha Orthodhokse Autoqefale e Shqip\u00ebris\u00eb"},"image":{"@id":"https:\/\/orthodoxalbania.org\/2020\/#\/schema\/logo\/image\/"},"sameAs":["https:\/\/www.facebook.com\/koash1991"]},{"@type":"Person","@id":"https:\/\/orthodoxalbania.org\/2020\/#\/schema\/person\/0c387634a7063ac612d7ed9ce71c7e86","name":"Kisha Orthodhokse","image":{"@type":"ImageObject","inLanguage":"en-US","@id":"https:\/\/secure.gravatar.com\/avatar\/596e7c417251e30f2fbb9c00e026fce61a695a00e51c889caded71c96cbbdde5?s=96&d=mm&r=g","url":"https:\/\/secure.gravatar.com\/avatar\/596e7c417251e30f2fbb9c00e026fce61a695a00e51c889caded71c96cbbdde5?s=96&d=mm&r=g","contentUrl":"https:\/\/secure.gravatar.com\/avatar\/596e7c417251e30f2fbb9c00e026fce61a695a00e51c889caded71c96cbbdde5?s=96&d=mm&r=g","caption":"Kisha Orthodhokse"}}]}},"_links":{"self":[{"href":"https:\/\/orthodoxalbania.org\/2020\/wp-json\/wp\/v2\/posts\/1012","targetHints":{"allow":["GET"]}}],"collection":[{"href":"https:\/\/orthodoxalbania.org\/2020\/wp-json\/wp\/v2\/posts"}],"about":[{"href":"https:\/\/orthodoxalbania.org\/2020\/wp-json\/wp\/v2\/types\/post"}],"author":[{"embeddable":true,"href":"https:\/\/orthodoxalbania.org\/2020\/wp-json\/wp\/v2\/users\/1"}],"replies":[{"embeddable":true,"href":"https:\/\/orthodoxalbania.org\/2020\/wp-json\/wp\/v2\/comments?post=1012"}],"version-history":[{"count":1,"href":"https:\/\/orthodoxalbania.org\/2020\/wp-json\/wp\/v2\/posts\/1012\/revisions"}],"predecessor-version":[{"id":15242,"href":"https:\/\/orthodoxalbania.org\/2020\/wp-json\/wp\/v2\/posts\/1012\/revisions\/15242"}],"wp:attachment":[{"href":"https:\/\/orthodoxalbania.org\/2020\/wp-json\/wp\/v2\/media?parent=1012"}],"wp:term":[{"taxonomy":"category","embeddable":true,"href":"https:\/\/orthodoxalbania.org\/2020\/wp-json\/wp\/v2\/categories?post=1012"},{"taxonomy":"post_tag","embeddable":true,"href":"https:\/\/orthodoxalbania.org\/2020\/wp-json\/wp\/v2\/tags?post=1012"}],"curies":[{"name":"wp","href":"https:\/\/api.w.org\/{rel}","templated":true}]}}