{"id":1010,"date":"2007-02-26T00:00:00","date_gmt":"2007-02-26T00:00:00","guid":{"rendered":""},"modified":"2020-04-06T22:35:49","modified_gmt":"2020-04-06T20:35:49","slug":"nje-tjeter-mundesi-edukimi-per-te-rinjte-hapet-shkolla-e-re-e-mesme-kishtare-kryqi-i-nderuar-ne-sukth-durres-shtator-2007","status":"publish","type":"post","link":"https:\/\/orthodoxalbania.org\/2020\/2007\/02\/26\/nje-tjeter-mundesi-edukimi-per-te-rinjte-hapet-shkolla-e-re-e-mesme-kishtare-kryqi-i-nderuar-ne-sukth-durres-shtator-2007\/","title":{"rendered":"Nj\u00eb tjet\u00ebr mund\u00ebsi edukimi p\u00ebr t\u00eb rinjt\u00eb Hapet Shkolla e re e Mesme Kishtare \u201cKryqi i Nderuar\u201d, n\u00eb Sukth, Durr\u00ebs. (2007)"},"content":{"rendered":"<div style=\"text-align: justify;\"><span style=\"color: #000000;\"><span style=\"font-family: tahoma,geneva,sans-serif;\"><span style=\"font-size: 12px;\"><img decoding=\"async\" class=\"lazyload HAa Eha\" style=\"border-width: 1px; border-style: solid; margin: 10px; height: 150px; width: 200px; float: left;\" alt=\"\" src=\"data:image\/gif;base64,R0lGODlhAQABAAAAACH5BAEKAAEALAAAAAABAAEAAAICTAEAOw==\" data-orig-src=\"https:\/\/lh3.googleusercontent.com\/-oWlijNPGfgw\/VIq9SBDOv8I\/AAAAAAAAG3U\/oFsAonhYSUA\/w400-h300-no\/pic1.jpg\" \/>&nbsp;&nbsp;&nbsp; Si rrjedhoj\u00eb e nivelit t\u00eb ul\u00ebt q\u00eb ofrojn\u00eb shum\u00eb prej shkollave, edukimi i f\u00ebmij\u00ebve \u00ebsht\u00eb kthyer n\u00eb nj\u00eb nga shqet\u00ebsimet kryesore t\u00eb prind\u00ebrve. Nj\u00eb shqet\u00ebsim tjet\u00ebr jan\u00eb edhe mjediset jo t\u00eb p\u00ebrshtatshme ku zhvillohet m\u00ebsimi, sidomos n\u00eb shkollat 9-vje\u00e7are edhe t\u00eb mesme n\u00ebp\u00ebr rrethe. Duke par\u00eb k\u00ebt\u00eb situat\u00eb, n\u00eb vazhdim t\u00eb investimeve t\u00eb r\u00ebnd\u00ebsishme q\u00eb ka b\u00ebr\u00eb n\u00eb vazhdim\u00ebsi p\u00ebr edukimin, Kisha Orthodhokse Autoqefale e Shqip\u00ebris\u00eb nd\u00ebrmori nj\u00eb iniciativ\u00eb t\u00eb re: Hapjen e shkoll\u00ebs s\u00eb Mesme Kishtare Jopublike \u201cKryqi i Nderuar\u201d, n\u00eb Sukth t\u00eb Durr\u00ebsit. Kjo u b\u00eb e mundur me fondet q\u00eb siguroi Kryepiskopi Anastas nga donator\u00eb t\u00eb huaj, miq tij dashamir\u00ebs t\u00eb Kish\u00ebs son\u00eb, si p\u00ebr blerjen e godin\u00ebs t\u00eb bollshme dhe piktoreske, ashtu edhe mbar\u00ebvajtjen dhe pajisjen e saj.<\/span><\/span><\/span><\/div>\n<div style=\"text-align: justify;\">&nbsp;<\/div>\n<div style=\"text-align: justify;\"><span style=\"color: #000000;\"><span style=\"font-family: tahoma,geneva,sans-serif;\"><span style=\"font-size: 12px;\">&nbsp;&nbsp;&nbsp; <img decoding=\"async\" class=\"lazyload HAa Eha\" style=\"height: 150px; width: 200px; border-width: 1px; border-style: solid; margin: 10px; float: right;\" alt=\"\" src=\"data:image\/gif;base64,R0lGODlhAQABAAAAACH5BAEKAAEALAAAAAABAAEAAAICTAEAOw==\" data-orig-src=\"https:\/\/lh5.googleusercontent.com\/-kZCGO0HcqKQ\/VIq9SId0XaI\/AAAAAAAAG3g\/L8pFUxKbwwg\/w400-h300-no\/pic2.jpg\" \/>Sipas drejtorit, z. Anastas Dodbiba, \u201cshkolla ofron vlera t\u00eb m\u00ebdha shpirt\u00ebrore, duke i harmonizuar ato me informacionin shkencor dhe akademik q\u00eb k\u00ebta t\u00eb rinj do t\u00eb marrin.\u201d Shkolla ndodhet n\u00eb nj\u00eb pozicion shum\u00eb t\u00eb bukur edhe \u00ebsht\u00eb nj\u00eb nga m\u00eb modernet n\u00eb Shqip\u00ebri.<\/span><\/span><\/span><\/div>\n<div style=\"text-align: justify;\">&nbsp;<\/div>\n<div style=\"text-align: justify;\"><span style=\"color: #000000;\"><span style=\"font-family: tahoma,geneva,sans-serif;\"><span style=\"font-size: 12px;\">&nbsp;&nbsp;&nbsp; Programi \u00ebsht\u00eb i nj\u00ebjt\u00eb si shkollat e tjera t\u00eb mesme t\u00eb p\u00ebrgjithshme, me t\u00eb nj\u00ebjtin informacion shkencor. Krahas tij do t\u00eb ket\u00eb edhe l\u00ebnd\u00eb fetare, si p.sh. etika e krishter\u00eb, katekiz\u00ebm, muzik\u00eb kishtare, ikonografi etj. E ve\u00e7anta e k\u00ebsaj shkolle \u00ebsht\u00eb se do t\u00eb punoj\u00eb mjaft edhe p\u00ebr krijimin e nj\u00eb personaliteti t\u00eb sh\u00ebndosh\u00eb t\u00eb nx\u00ebn\u00ebsve dhe gjithashtu do t\u2019i ndihmoj\u00eb n\u00eb formimin dhe rritjen e tyre shpirt\u00ebrore.<\/span><\/span><\/span><\/div>\n<div style=\"text-align: justify;\"><span style=\"color: #000000;\"><span style=\"font-family: tahoma,geneva,sans-serif;\"><span style=\"font-size: 12px;\">&nbsp;&nbsp;&nbsp;&nbsp;&nbsp;&nbsp;&nbsp;&nbsp;&nbsp;&nbsp;&nbsp;&nbsp;&nbsp;&nbsp;&nbsp;<\/span><\/span><\/span><\/div>\n<div style=\"text-align: justify;\"><span style=\"color: #000000;\"><span style=\"font-family: tahoma,geneva,sans-serif;\"><span style=\"font-size: 12px;\">&nbsp;&nbsp;&nbsp; Shkolla \u00ebsht\u00eb e pajisur edhe me konvikt, ku kushtet ashtu si n\u00eb gjith\u00eb mjediset e saj, jan\u00eb nga m\u00eb modernet.<\/span><\/span><\/span><\/div>\n<div style=\"text-align: justify;\">&nbsp;<\/div>\n<div style=\"text-align: justify;\"><span style=\"color: #000000;\"><span style=\"font-family: tahoma,geneva,sans-serif;\"><span style=\"font-size: 12px;\">&nbsp;&nbsp;&nbsp; P\u00ebr t\u00eb p\u00ebrzgjedhur nx\u00ebn\u00ebs me nivel t\u00eb lart\u00eb, u organizuan konkurse n\u00ebp\u00ebr dioqeza, ku nx\u00ebn\u00ebsit iu n\u00ebnshtruan testimit n\u00eb matematik\u00eb dhe n\u00eb gjuh\u00ebn shqipe. M\u00eb pas u zhvillua nj\u00eb intervist\u00eb me secilin, p\u00ebr t\u00eb kuptuar m\u00eb shum\u00eb rreth karakterit dhe formimit. Rekomandimet e m\u00ebsuesve t\u00eb m\u00ebparsh\u00ebm, si edhe t\u00eb klerik\u00ebve, ishin nj\u00eb kriter mjaft i r\u00ebnd\u00ebsish\u00ebm n\u00eb p\u00ebrzgjedhjen e kandidat\u00ebve. Pas k\u00ebtyre vler\u00ebsimeve fituan 37 nx\u00ebn\u00ebs, 22 prej t\u00eb cil\u00ebve hyn\u00eb n\u00eb vitin e par\u00eb, edhe 15 n\u00eb vitin e dyt\u00eb.<\/span><\/span><\/span><\/div>\n<div style=\"text-align: justify;\"><span style=\"color: #000000;\"><span style=\"font-family: tahoma,geneva,sans-serif;\"><span style=\"font-size: 12px;\">&nbsp;&nbsp;&nbsp;&nbsp;&nbsp;&nbsp;&nbsp;&nbsp;&nbsp;&nbsp;&nbsp;&nbsp;&nbsp;&nbsp;&nbsp;<\/span><\/span><\/span><\/div>\n<div style=\"text-align: justify;\"><span style=\"color: #000000;\"><span style=\"font-family: tahoma,geneva,sans-serif;\"><span style=\"font-size: 12px;\">&nbsp;&nbsp;&nbsp; T\u00eb gjith\u00eb nx\u00ebn\u00ebsit do t\u00eb vazhdojn\u00eb shkoll\u00ebn me burs\u00eb t\u00eb dh\u00ebn\u00eb nga Kryepiskopi Anastas.<\/span><\/span><\/span><\/div>\n<div style=\"text-align: justify;\">&nbsp;<\/div>\n<div style=\"text-align: justify;\"><span style=\"color: #000000;\"><span style=\"font-family: tahoma,geneva,sans-serif;\"><span style=\"font-size: 12px;\"><img decoding=\"async\" class=\"lazyload HAa Eha\" style=\"height: 150px; width: 200px; border-width: 1px; border-style: solid; margin: 10px; float: left;\" alt=\"\" src=\"data:image\/gif;base64,R0lGODlhAQABAAAAACH5BAEKAAEALAAAAAABAAEAAAICTAEAOw==\" data-orig-src=\"https:\/\/lh5.googleusercontent.com\/-kK9VwNiSvDc\/VIq9R1JZULI\/AAAAAAAAG3M\/g5jb2oLb0b8\/w400-h300-no\/pic3.jpg\" \/>&nbsp;&nbsp;&nbsp; Enea Andoni, nj\u00eb nga nx\u00ebn\u00ebsit e vitit t\u00eb par\u00eb, tha se: \u201cMund\u00ebsia q\u00eb m\u00eb jepet p\u00ebr t\u00eb vazhduar k\u00ebt\u00eb shkoll\u00eb \u00ebsht\u00eb mjaft e \u00e7muar p\u00ebr mua, pasi besoj se kjo ajo do t\u00eb m\u00eb ndihmoj\u00eb t\u00eb shtoj\u00eb dijet e mia, por gjithashtu do t\u00eb m\u00eb ndihmoj\u00eb edhe n\u00eb jet\u00ebn time shpirt\u00ebrore.\u201d<\/span><\/span><\/span><\/div>\n<div style=\"text-align: justify;\">&nbsp;<\/div>\n<div style=\"text-align: justify;\"><span style=\"color: #000000;\"><span style=\"font-family: tahoma,geneva,sans-serif;\"><span style=\"font-size: 12px;\">&nbsp;&nbsp;&nbsp; <img decoding=\"async\" class=\"lazyload HAa Eha\" style=\"height: 150px; width: 200px; border-width: 1px; border-style: solid; margin: 10px; float: right;\" alt=\"\" src=\"data:image\/gif;base64,R0lGODlhAQABAAAAACH5BAEKAAEALAAAAAABAAEAAAICTAEAOw==\" data-orig-src=\"https:\/\/lh3.googleusercontent.com\/-ckZ-2g08A1I\/VIq9ShG4qvI\/AAAAAAAAG3c\/sSLTi4l22Ag\/w400-h300-no\/pic4.jpg\" \/>Shkolla \u201cKryqi i Nderuar\u201d n\u00eb Sukth, hapet pas nj\u00eb p\u00ebrvoje t\u00eb gjat\u00eb e t\u00eb bukur dhe shum\u00eb pozitive t\u00eb shkoll\u00ebs s\u00eb par\u00eb t\u00eb mesme kishtare \u201cKryqi i Nderuar\u201d, n\u00eb Gjirokast\u00ebr, t\u00eb hapur q\u00eb n\u00eb shtator t\u00eb vitit 1998. Stafi m\u00ebsimor e administrativ i k\u00ebsaj shkolle \u00ebsht\u00eb mjaft i p\u00ebrgatitur dhe jan\u00eb mjaft t\u00eb p\u00ebrgjegjsh\u00ebm ndaj detyr\u00ebs s\u00eb tyre kryesore, n\u00eb formimin edukativ dhe shpirt\u00ebror t\u00eb t\u00eb rinjve.<\/span><\/span><\/span><\/div>\n<div style=\"text-align: justify;\">&nbsp;<\/div>\n<div style=\"text-align: justify;\"><span style=\"color: #000000;\"><span style=\"font-family: tahoma,geneva,sans-serif;\"><span style=\"font-size: 12px;\">&nbsp;&nbsp;&nbsp; \u201cP\u00ebr mua \u00ebsht\u00eb nj\u00eb ngjarje e ve\u00e7ant\u00eb e jet\u00ebs time q\u00eb jam p\u00ebrzgjedhur t\u00eb punoj n\u00eb k\u00ebt\u00eb shkoll\u00eb, nj\u00eb shkoll\u00eb q\u00eb besoj se do t\u00eb funksionoj\u00eb p\u00ebr t\u00eb p\u00ebrgatitur breza t\u00eb cil\u00ebt do t\u2019i sh\u00ebrbejn\u00eb shoq\u00ebris\u00eb dhe Kish\u00ebs son\u00eb Orthodhokse\u201d, &#8211; tha z. Ko\u00e7o Josifi, m\u00ebsues i matematik\u00ebs dhe fizik\u00ebs.<\/span><\/span><\/span><\/div>\n<div style=\"text-align: justify;\">&nbsp;<\/div>\n<div style=\"text-align: justify;\"><span style=\"color: #000000;\"><span style=\"font-family: tahoma,geneva,sans-serif;\"><span style=\"font-size: 12px;\">&nbsp;&nbsp;&nbsp; Ashtu si\u00e7 u shpreh edhe drejtori, kjo shkoll\u00eb \u00ebsht\u00eb nj\u00eb gur tjet\u00ebr i \u00e7muar q\u00eb do t\u2019i shtohet gjerdanit t\u00eb art\u00eb veprave t\u00eb Fortlumturis\u00eb s\u00eb tij, Kryepiskopit ton\u00eb Anastasit, q\u00eb n\u00eb historin\u00eb e vendit ton\u00eb do t\u00eb shk\u00eblqej\u00eb edhe ndri\u00e7oj\u00eb brezat e ardhsh\u00ebm t\u00eb rinis\u00eb.<\/span><\/span><\/span><\/div>\n<div style=\"text-align: justify;\">&nbsp;<\/div>\n<div style=\"text-align: justify;\"><span style=\"color: #000000;\"><span style=\"font-family: tahoma,geneva,sans-serif;\"><span style=\"font-size: 12px;\">&nbsp;&nbsp;&nbsp; Tashm\u00eb me k\u00ebt\u00eb shkoll\u00eb t\u00eb re n\u00eb Sukth t\u00eb Durr\u00ebsit Kisha Orthodhokse Autoqefale e Shqip\u00ebris\u00eb ka dy shkolla t\u00eb mesme kishtare.<\/span><\/span><\/span><\/div>\n<div style=\"text-align: justify;\">&nbsp;<\/div>\n<div style=\"text-align: justify;\">&nbsp;<\/div>\n<div style=\"text-align: justify;\">&nbsp;<\/div>\n<div style=\"text-align: right;\"><span style=\"color: #000000;\"><strong><span style=\"font-family: tahoma,geneva,sans-serif;\"><span style=\"font-size: 12px;\">Marina Marini<\/span><\/span><\/strong><\/span><\/div>\n","protected":false},"excerpt":{"rendered":"<p>&nbsp;&nbsp;&nbsp; Si rrjedhoj\u00eb e nivelit t\u00eb ul\u00ebt q\u00eb ofrojn\u00eb shum\u00eb prej shkollave, edukimi i f\u00ebmij\u00ebve \u00ebsht\u00eb kthyer n\u00eb nj\u00eb nga shqet\u00ebsimet kryesore t\u00eb prind\u00ebrve. Nj\u00eb shqet\u00ebsim tjet\u00ebr jan\u00eb edhe mjediset jo t\u00eb p\u00ebrshtatshme ku zhvillohet m\u00ebsimi, sidomos n\u00eb shkollat 9-vje\u00e7are edhe t\u00eb mesme n\u00ebp\u00ebr rrethe. Duke par\u00eb k\u00ebt\u00eb situat\u00eb, n\u00eb vazhdim t\u00eb investimeve t\u00eb r\u00ebnd\u00ebsishme q\u00eb ka b\u00ebr\u00eb n\u00eb vazhdim\u00ebsi p\u00ebr edukimin, Kisha Orthodhokse Autoqefale<\/p>\n","protected":false},"author":1,"featured_media":0,"comment_status":"open","ping_status":"open","sticky":false,"template":"","format":"standard","meta":{"_acf_changed":false,"pagelayer_contact_templates":[],"_pagelayer_content":"","inline_featured_image":false,"fifu_image_url":"","fifu_image_alt":"","footnotes":""},"categories":[108],"tags":[147,175,196,212],"class_list":["post-1010","post","type-post","status-publish","format-standard","hentry","category-lajme","tag-147","tag-institucione-parashkollore-te-kishes-orthodhokse","tag-tirane","tag-lajme-d27"],"acf":[],"yoast_head":"<!-- This site is optimized with the Yoast SEO plugin v27.2 - https:\/\/yoast.com\/product\/yoast-seo-wordpress\/ -->\n<title>Nj\u00eb tjet\u00ebr mund\u00ebsi edukimi p\u00ebr t\u00eb rinjt\u00eb Hapet Shkolla e re e Mesme Kishtare \u201cKryqi i Nderuar\u201d, n\u00eb Sukth, Durr\u00ebs. (2007) - Kisha Orthodh\u03bfkse Autoqefale e Shqip\u00ebris\u00eb<\/title>\n<meta name=\"robots\" content=\"index, follow, max-snippet:-1, max-image-preview:large, max-video-preview:-1\" \/>\n<link rel=\"canonical\" href=\"https:\/\/orthodoxalbania.org\/2020\/2007\/02\/26\/nje-tjeter-mundesi-edukimi-per-te-rinjte-hapet-shkolla-e-re-e-mesme-kishtare-kryqi-i-nderuar-ne-sukth-durres-shtator-2007\/\" \/>\n<meta property=\"og:locale\" content=\"en_US\" \/>\n<meta property=\"og:type\" content=\"article\" \/>\n<meta property=\"og:title\" content=\"Nj\u00eb tjet\u00ebr mund\u00ebsi edukimi p\u00ebr t\u00eb rinjt\u00eb Hapet Shkolla e re e Mesme Kishtare \u201cKryqi i Nderuar\u201d, n\u00eb Sukth, Durr\u00ebs. (2007) - Kisha Orthodh\u03bfkse Autoqefale e Shqip\u00ebris\u00eb\" \/>\n<meta property=\"og:description\" content=\"&nbsp;&nbsp;&nbsp; Si rrjedhoj\u00eb e nivelit t\u00eb ul\u00ebt q\u00eb ofrojn\u00eb shum\u00eb prej shkollave, edukimi i f\u00ebmij\u00ebve \u00ebsht\u00eb kthyer n\u00eb nj\u00eb nga shqet\u00ebsimet kryesore t\u00eb prind\u00ebrve. Nj\u00eb shqet\u00ebsim tjet\u00ebr jan\u00eb edhe mjediset jo t\u00eb p\u00ebrshtatshme ku zhvillohet m\u00ebsimi, sidomos n\u00eb shkollat 9-vje\u00e7are edhe t\u00eb mesme n\u00ebp\u00ebr rrethe. Duke par\u00eb k\u00ebt\u00eb situat\u00eb, n\u00eb vazhdim t\u00eb investimeve t\u00eb r\u00ebnd\u00ebsishme q\u00eb ka b\u00ebr\u00eb n\u00eb vazhdim\u00ebsi p\u00ebr edukimin, Kisha Orthodhokse Autoqefale\" \/>\n<meta property=\"og:url\" content=\"https:\/\/orthodoxalbania.org\/2020\/2007\/02\/26\/nje-tjeter-mundesi-edukimi-per-te-rinjte-hapet-shkolla-e-re-e-mesme-kishtare-kryqi-i-nderuar-ne-sukth-durres-shtator-2007\/\" \/>\n<meta property=\"og:site_name\" content=\"Kisha Orthodh\u03bfkse Autoqefale e Shqip\u00ebris\u00eb\" \/>\n<meta property=\"article:publisher\" content=\"https:\/\/www.facebook.com\/koash1991\" \/>\n<meta property=\"article:published_time\" content=\"2007-02-26T00:00:00+00:00\" \/>\n<meta property=\"article:modified_time\" content=\"2020-04-06T20:35:49+00:00\" \/>\n<meta property=\"og:image\" content=\"https:\/\/lh3.googleusercontent.com\/-oWlijNPGfgw\/VIq9SBDOv8I\/AAAAAAAAG3U\/oFsAonhYSUA\/w400-h300-no\/pic1.jpg\" \/>\n<meta name=\"author\" content=\"Kisha Orthodhokse\" \/>\n<meta name=\"twitter:card\" content=\"summary_large_image\" \/>\n<meta name=\"twitter:label1\" content=\"Written by\" \/>\n\t<meta name=\"twitter:data1\" content=\"Kisha Orthodhokse\" \/>\n\t<meta name=\"twitter:label2\" content=\"Est. reading time\" \/>\n\t<meta name=\"twitter:data2\" content=\"4 minutes\" \/>\n<script type=\"application\/ld+json\" class=\"yoast-schema-graph\">{\"@context\":\"https:\/\/schema.org\",\"@graph\":[{\"@type\":\"Article\",\"@id\":\"https:\/\/orthodoxalbania.org\/2020\/2007\/02\/26\/nje-tjeter-mundesi-edukimi-per-te-rinjte-hapet-shkolla-e-re-e-mesme-kishtare-kryqi-i-nderuar-ne-sukth-durres-shtator-2007\/#article\",\"isPartOf\":{\"@id\":\"https:\/\/orthodoxalbania.org\/2020\/2007\/02\/26\/nje-tjeter-mundesi-edukimi-per-te-rinjte-hapet-shkolla-e-re-e-mesme-kishtare-kryqi-i-nderuar-ne-sukth-durres-shtator-2007\/\"},\"author\":{\"name\":\"Kisha Orthodhokse\",\"@id\":\"https:\/\/orthodoxalbania.org\/2020\/#\/schema\/person\/0c387634a7063ac612d7ed9ce71c7e86\"},\"headline\":\"Nj\u00eb tjet\u00ebr mund\u00ebsi edukimi p\u00ebr t\u00eb rinjt\u00eb Hapet Shkolla e re e Mesme Kishtare \u201cKryqi i Nderuar\u201d, n\u00eb Sukth, Durr\u00ebs. (2007)\",\"datePublished\":\"2007-02-26T00:00:00+00:00\",\"dateModified\":\"2020-04-06T20:35:49+00:00\",\"mainEntityOfPage\":{\"@id\":\"https:\/\/orthodoxalbania.org\/2020\/2007\/02\/26\/nje-tjeter-mundesi-edukimi-per-te-rinjte-hapet-shkolla-e-re-e-mesme-kishtare-kryqi-i-nderuar-ne-sukth-durres-shtator-2007\/\"},\"wordCount\":794,\"commentCount\":0,\"publisher\":{\"@id\":\"https:\/\/orthodoxalbania.org\/2020\/#organization\"},\"image\":{\"@id\":\"https:\/\/orthodoxalbania.org\/2020\/2007\/02\/26\/nje-tjeter-mundesi-edukimi-per-te-rinjte-hapet-shkolla-e-re-e-mesme-kishtare-kryqi-i-nderuar-ne-sukth-durres-shtator-2007\/#primaryimage\"},\"thumbnailUrl\":\"https:\/\/lh3.googleusercontent.com\/-oWlijNPGfgw\/VIq9SBDOv8I\/AAAAAAAAG3U\/oFsAonhYSUA\/w400-h300-no\/pic1.jpg\",\"keywords\":[\"2007\",\"Institucione Parashkollore t\u00eb Kish\u00ebs Orthodhokse\",\"Kryepiskopata Tiran\u00eb\",\"lajme\"],\"articleSection\":[\"Lajme\"],\"inLanguage\":\"en-US\"},{\"@type\":\"WebPage\",\"@id\":\"https:\/\/orthodoxalbania.org\/2020\/2007\/02\/26\/nje-tjeter-mundesi-edukimi-per-te-rinjte-hapet-shkolla-e-re-e-mesme-kishtare-kryqi-i-nderuar-ne-sukth-durres-shtator-2007\/\",\"url\":\"https:\/\/orthodoxalbania.org\/2020\/2007\/02\/26\/nje-tjeter-mundesi-edukimi-per-te-rinjte-hapet-shkolla-e-re-e-mesme-kishtare-kryqi-i-nderuar-ne-sukth-durres-shtator-2007\/\",\"name\":\"Nj\u00eb tjet\u00ebr mund\u00ebsi edukimi p\u00ebr t\u00eb rinjt\u00eb Hapet Shkolla e re e Mesme Kishtare \u201cKryqi i Nderuar\u201d, n\u00eb Sukth, Durr\u00ebs. (2007) - Kisha Orthodh\u03bfkse Autoqefale e Shqip\u00ebris\u00eb\",\"isPartOf\":{\"@id\":\"https:\/\/orthodoxalbania.org\/2020\/#website\"},\"primaryImageOfPage\":{\"@id\":\"https:\/\/orthodoxalbania.org\/2020\/2007\/02\/26\/nje-tjeter-mundesi-edukimi-per-te-rinjte-hapet-shkolla-e-re-e-mesme-kishtare-kryqi-i-nderuar-ne-sukth-durres-shtator-2007\/#primaryimage\"},\"image\":{\"@id\":\"https:\/\/orthodoxalbania.org\/2020\/2007\/02\/26\/nje-tjeter-mundesi-edukimi-per-te-rinjte-hapet-shkolla-e-re-e-mesme-kishtare-kryqi-i-nderuar-ne-sukth-durres-shtator-2007\/#primaryimage\"},\"thumbnailUrl\":\"https:\/\/lh3.googleusercontent.com\/-oWlijNPGfgw\/VIq9SBDOv8I\/AAAAAAAAG3U\/oFsAonhYSUA\/w400-h300-no\/pic1.jpg\",\"datePublished\":\"2007-02-26T00:00:00+00:00\",\"dateModified\":\"2020-04-06T20:35:49+00:00\",\"breadcrumb\":{\"@id\":\"https:\/\/orthodoxalbania.org\/2020\/2007\/02\/26\/nje-tjeter-mundesi-edukimi-per-te-rinjte-hapet-shkolla-e-re-e-mesme-kishtare-kryqi-i-nderuar-ne-sukth-durres-shtator-2007\/#breadcrumb\"},\"inLanguage\":\"en-US\",\"potentialAction\":[{\"@type\":\"ReadAction\",\"target\":[\"https:\/\/orthodoxalbania.org\/2020\/2007\/02\/26\/nje-tjeter-mundesi-edukimi-per-te-rinjte-hapet-shkolla-e-re-e-mesme-kishtare-kryqi-i-nderuar-ne-sukth-durres-shtator-2007\/\"]}]},{\"@type\":\"ImageObject\",\"inLanguage\":\"en-US\",\"@id\":\"https:\/\/orthodoxalbania.org\/2020\/2007\/02\/26\/nje-tjeter-mundesi-edukimi-per-te-rinjte-hapet-shkolla-e-re-e-mesme-kishtare-kryqi-i-nderuar-ne-sukth-durres-shtator-2007\/#primaryimage\",\"url\":\"https:\/\/lh3.googleusercontent.com\/-oWlijNPGfgw\/VIq9SBDOv8I\/AAAAAAAAG3U\/oFsAonhYSUA\/w400-h300-no\/pic1.jpg\",\"contentUrl\":\"https:\/\/lh3.googleusercontent.com\/-oWlijNPGfgw\/VIq9SBDOv8I\/AAAAAAAAG3U\/oFsAonhYSUA\/w400-h300-no\/pic1.jpg\"},{\"@type\":\"BreadcrumbList\",\"@id\":\"https:\/\/orthodoxalbania.org\/2020\/2007\/02\/26\/nje-tjeter-mundesi-edukimi-per-te-rinjte-hapet-shkolla-e-re-e-mesme-kishtare-kryqi-i-nderuar-ne-sukth-durres-shtator-2007\/#breadcrumb\",\"itemListElement\":[{\"@type\":\"ListItem\",\"position\":1,\"name\":\"Home\",\"item\":\"https:\/\/orthodoxalbania.org\/2020\/\"},{\"@type\":\"ListItem\",\"position\":2,\"name\":\"Nj\u00eb tjet\u00ebr mund\u00ebsi edukimi p\u00ebr t\u00eb rinjt\u00eb Hapet Shkolla e re e Mesme Kishtare \u201cKryqi i Nderuar\u201d, n\u00eb Sukth, Durr\u00ebs. (2007)\"}]},{\"@type\":\"WebSite\",\"@id\":\"https:\/\/orthodoxalbania.org\/2020\/#website\",\"url\":\"https:\/\/orthodoxalbania.org\/2020\/\",\"name\":\"Kisha Orthodh\u03bfkse Autoqefale e Shqip\u00ebris\u00eb\",\"description\":\"Fqja Zyrtare e Kish\u00ebs Orthodhokse Autoqefale e Shqip\u00ebris\u00eb me lajmet edhe informacionet zyrtare p\u00ebr struktur\u00ebn edhe veprimtarin e saj.\",\"publisher\":{\"@id\":\"https:\/\/orthodoxalbania.org\/2020\/#organization\"},\"potentialAction\":[{\"@type\":\"SearchAction\",\"target\":{\"@type\":\"EntryPoint\",\"urlTemplate\":\"https:\/\/orthodoxalbania.org\/2020\/?s={search_term_string}\"},\"query-input\":{\"@type\":\"PropertyValueSpecification\",\"valueRequired\":true,\"valueName\":\"search_term_string\"}}],\"inLanguage\":\"en-US\"},{\"@type\":\"Organization\",\"@id\":\"https:\/\/orthodoxalbania.org\/2020\/#organization\",\"name\":\"Kisha Orthodhokse Autoqefale e Shqip\u00ebris\u00eb\",\"url\":\"https:\/\/orthodoxalbania.org\/2020\/\",\"logo\":{\"@type\":\"ImageObject\",\"inLanguage\":\"en-US\",\"@id\":\"https:\/\/orthodoxalbania.org\/2020\/#\/schema\/logo\/image\/\",\"url\":\"https:\/\/orthodoxalbania.org\/2020\/wp-content\/uploads\/2020\/05\/albania.jpeg\",\"contentUrl\":\"https:\/\/orthodoxalbania.org\/2020\/wp-content\/uploads\/2020\/05\/albania.jpeg\",\"width\":540,\"height\":540,\"caption\":\"Kisha Orthodhokse Autoqefale e Shqip\u00ebris\u00eb\"},\"image\":{\"@id\":\"https:\/\/orthodoxalbania.org\/2020\/#\/schema\/logo\/image\/\"},\"sameAs\":[\"https:\/\/www.facebook.com\/koash1991\"]},{\"@type\":\"Person\",\"@id\":\"https:\/\/orthodoxalbania.org\/2020\/#\/schema\/person\/0c387634a7063ac612d7ed9ce71c7e86\",\"name\":\"Kisha Orthodhokse\",\"image\":{\"@type\":\"ImageObject\",\"inLanguage\":\"en-US\",\"@id\":\"https:\/\/secure.gravatar.com\/avatar\/596e7c417251e30f2fbb9c00e026fce61a695a00e51c889caded71c96cbbdde5?s=96&d=mm&r=g\",\"url\":\"https:\/\/secure.gravatar.com\/avatar\/596e7c417251e30f2fbb9c00e026fce61a695a00e51c889caded71c96cbbdde5?s=96&d=mm&r=g\",\"contentUrl\":\"https:\/\/secure.gravatar.com\/avatar\/596e7c417251e30f2fbb9c00e026fce61a695a00e51c889caded71c96cbbdde5?s=96&d=mm&r=g\",\"caption\":\"Kisha Orthodhokse\"}}]}<\/script>\n<!-- \/ Yoast SEO plugin. -->","yoast_head_json":{"title":"Nj\u00eb tjet\u00ebr mund\u00ebsi edukimi p\u00ebr t\u00eb rinjt\u00eb Hapet Shkolla e re e Mesme Kishtare \u201cKryqi i Nderuar\u201d, n\u00eb Sukth, Durr\u00ebs. (2007) - Kisha Orthodh\u03bfkse Autoqefale e Shqip\u00ebris\u00eb","robots":{"index":"index","follow":"follow","max-snippet":"max-snippet:-1","max-image-preview":"max-image-preview:large","max-video-preview":"max-video-preview:-1"},"canonical":"https:\/\/orthodoxalbania.org\/2020\/2007\/02\/26\/nje-tjeter-mundesi-edukimi-per-te-rinjte-hapet-shkolla-e-re-e-mesme-kishtare-kryqi-i-nderuar-ne-sukth-durres-shtator-2007\/","og_locale":"en_US","og_type":"article","og_title":"Nj\u00eb tjet\u00ebr mund\u00ebsi edukimi p\u00ebr t\u00eb rinjt\u00eb Hapet Shkolla e re e Mesme Kishtare \u201cKryqi i Nderuar\u201d, n\u00eb Sukth, Durr\u00ebs. (2007) - Kisha Orthodh\u03bfkse Autoqefale e Shqip\u00ebris\u00eb","og_description":"&nbsp;&nbsp;&nbsp; Si rrjedhoj\u00eb e nivelit t\u00eb ul\u00ebt q\u00eb ofrojn\u00eb shum\u00eb prej shkollave, edukimi i f\u00ebmij\u00ebve \u00ebsht\u00eb kthyer n\u00eb nj\u00eb nga shqet\u00ebsimet kryesore t\u00eb prind\u00ebrve. Nj\u00eb shqet\u00ebsim tjet\u00ebr jan\u00eb edhe mjediset jo t\u00eb p\u00ebrshtatshme ku zhvillohet m\u00ebsimi, sidomos n\u00eb shkollat 9-vje\u00e7are edhe t\u00eb mesme n\u00ebp\u00ebr rrethe. Duke par\u00eb k\u00ebt\u00eb situat\u00eb, n\u00eb vazhdim t\u00eb investimeve t\u00eb r\u00ebnd\u00ebsishme q\u00eb ka b\u00ebr\u00eb n\u00eb vazhdim\u00ebsi p\u00ebr edukimin, Kisha Orthodhokse Autoqefale","og_url":"https:\/\/orthodoxalbania.org\/2020\/2007\/02\/26\/nje-tjeter-mundesi-edukimi-per-te-rinjte-hapet-shkolla-e-re-e-mesme-kishtare-kryqi-i-nderuar-ne-sukth-durres-shtator-2007\/","og_site_name":"Kisha Orthodh\u03bfkse Autoqefale e Shqip\u00ebris\u00eb","article_publisher":"https:\/\/www.facebook.com\/koash1991","article_published_time":"2007-02-26T00:00:00+00:00","article_modified_time":"2020-04-06T20:35:49+00:00","og_image":[{"url":"https:\/\/lh3.googleusercontent.com\/-oWlijNPGfgw\/VIq9SBDOv8I\/AAAAAAAAG3U\/oFsAonhYSUA\/w400-h300-no\/pic1.jpg","type":"","width":"","height":""}],"author":"Kisha Orthodhokse","twitter_card":"summary_large_image","twitter_misc":{"Written by":"Kisha Orthodhokse","Est. reading time":"4 minutes"},"schema":{"@context":"https:\/\/schema.org","@graph":[{"@type":"Article","@id":"https:\/\/orthodoxalbania.org\/2020\/2007\/02\/26\/nje-tjeter-mundesi-edukimi-per-te-rinjte-hapet-shkolla-e-re-e-mesme-kishtare-kryqi-i-nderuar-ne-sukth-durres-shtator-2007\/#article","isPartOf":{"@id":"https:\/\/orthodoxalbania.org\/2020\/2007\/02\/26\/nje-tjeter-mundesi-edukimi-per-te-rinjte-hapet-shkolla-e-re-e-mesme-kishtare-kryqi-i-nderuar-ne-sukth-durres-shtator-2007\/"},"author":{"name":"Kisha Orthodhokse","@id":"https:\/\/orthodoxalbania.org\/2020\/#\/schema\/person\/0c387634a7063ac612d7ed9ce71c7e86"},"headline":"Nj\u00eb tjet\u00ebr mund\u00ebsi edukimi p\u00ebr t\u00eb rinjt\u00eb Hapet Shkolla e re e Mesme Kishtare \u201cKryqi i Nderuar\u201d, n\u00eb Sukth, Durr\u00ebs. (2007)","datePublished":"2007-02-26T00:00:00+00:00","dateModified":"2020-04-06T20:35:49+00:00","mainEntityOfPage":{"@id":"https:\/\/orthodoxalbania.org\/2020\/2007\/02\/26\/nje-tjeter-mundesi-edukimi-per-te-rinjte-hapet-shkolla-e-re-e-mesme-kishtare-kryqi-i-nderuar-ne-sukth-durres-shtator-2007\/"},"wordCount":794,"commentCount":0,"publisher":{"@id":"https:\/\/orthodoxalbania.org\/2020\/#organization"},"image":{"@id":"https:\/\/orthodoxalbania.org\/2020\/2007\/02\/26\/nje-tjeter-mundesi-edukimi-per-te-rinjte-hapet-shkolla-e-re-e-mesme-kishtare-kryqi-i-nderuar-ne-sukth-durres-shtator-2007\/#primaryimage"},"thumbnailUrl":"https:\/\/lh3.googleusercontent.com\/-oWlijNPGfgw\/VIq9SBDOv8I\/AAAAAAAAG3U\/oFsAonhYSUA\/w400-h300-no\/pic1.jpg","keywords":["2007","Institucione Parashkollore t\u00eb Kish\u00ebs Orthodhokse","Kryepiskopata Tiran\u00eb","lajme"],"articleSection":["Lajme"],"inLanguage":"en-US"},{"@type":"WebPage","@id":"https:\/\/orthodoxalbania.org\/2020\/2007\/02\/26\/nje-tjeter-mundesi-edukimi-per-te-rinjte-hapet-shkolla-e-re-e-mesme-kishtare-kryqi-i-nderuar-ne-sukth-durres-shtator-2007\/","url":"https:\/\/orthodoxalbania.org\/2020\/2007\/02\/26\/nje-tjeter-mundesi-edukimi-per-te-rinjte-hapet-shkolla-e-re-e-mesme-kishtare-kryqi-i-nderuar-ne-sukth-durres-shtator-2007\/","name":"Nj\u00eb tjet\u00ebr mund\u00ebsi edukimi p\u00ebr t\u00eb rinjt\u00eb Hapet Shkolla e re e Mesme Kishtare \u201cKryqi i Nderuar\u201d, n\u00eb Sukth, Durr\u00ebs. (2007) - Kisha Orthodh\u03bfkse Autoqefale e Shqip\u00ebris\u00eb","isPartOf":{"@id":"https:\/\/orthodoxalbania.org\/2020\/#website"},"primaryImageOfPage":{"@id":"https:\/\/orthodoxalbania.org\/2020\/2007\/02\/26\/nje-tjeter-mundesi-edukimi-per-te-rinjte-hapet-shkolla-e-re-e-mesme-kishtare-kryqi-i-nderuar-ne-sukth-durres-shtator-2007\/#primaryimage"},"image":{"@id":"https:\/\/orthodoxalbania.org\/2020\/2007\/02\/26\/nje-tjeter-mundesi-edukimi-per-te-rinjte-hapet-shkolla-e-re-e-mesme-kishtare-kryqi-i-nderuar-ne-sukth-durres-shtator-2007\/#primaryimage"},"thumbnailUrl":"https:\/\/lh3.googleusercontent.com\/-oWlijNPGfgw\/VIq9SBDOv8I\/AAAAAAAAG3U\/oFsAonhYSUA\/w400-h300-no\/pic1.jpg","datePublished":"2007-02-26T00:00:00+00:00","dateModified":"2020-04-06T20:35:49+00:00","breadcrumb":{"@id":"https:\/\/orthodoxalbania.org\/2020\/2007\/02\/26\/nje-tjeter-mundesi-edukimi-per-te-rinjte-hapet-shkolla-e-re-e-mesme-kishtare-kryqi-i-nderuar-ne-sukth-durres-shtator-2007\/#breadcrumb"},"inLanguage":"en-US","potentialAction":[{"@type":"ReadAction","target":["https:\/\/orthodoxalbania.org\/2020\/2007\/02\/26\/nje-tjeter-mundesi-edukimi-per-te-rinjte-hapet-shkolla-e-re-e-mesme-kishtare-kryqi-i-nderuar-ne-sukth-durres-shtator-2007\/"]}]},{"@type":"ImageObject","inLanguage":"en-US","@id":"https:\/\/orthodoxalbania.org\/2020\/2007\/02\/26\/nje-tjeter-mundesi-edukimi-per-te-rinjte-hapet-shkolla-e-re-e-mesme-kishtare-kryqi-i-nderuar-ne-sukth-durres-shtator-2007\/#primaryimage","url":"https:\/\/lh3.googleusercontent.com\/-oWlijNPGfgw\/VIq9SBDOv8I\/AAAAAAAAG3U\/oFsAonhYSUA\/w400-h300-no\/pic1.jpg","contentUrl":"https:\/\/lh3.googleusercontent.com\/-oWlijNPGfgw\/VIq9SBDOv8I\/AAAAAAAAG3U\/oFsAonhYSUA\/w400-h300-no\/pic1.jpg"},{"@type":"BreadcrumbList","@id":"https:\/\/orthodoxalbania.org\/2020\/2007\/02\/26\/nje-tjeter-mundesi-edukimi-per-te-rinjte-hapet-shkolla-e-re-e-mesme-kishtare-kryqi-i-nderuar-ne-sukth-durres-shtator-2007\/#breadcrumb","itemListElement":[{"@type":"ListItem","position":1,"name":"Home","item":"https:\/\/orthodoxalbania.org\/2020\/"},{"@type":"ListItem","position":2,"name":"Nj\u00eb tjet\u00ebr mund\u00ebsi edukimi p\u00ebr t\u00eb rinjt\u00eb Hapet Shkolla e re e Mesme Kishtare \u201cKryqi i Nderuar\u201d, n\u00eb Sukth, Durr\u00ebs. (2007)"}]},{"@type":"WebSite","@id":"https:\/\/orthodoxalbania.org\/2020\/#website","url":"https:\/\/orthodoxalbania.org\/2020\/","name":"Kisha Orthodh\u03bfkse Autoqefale e Shqip\u00ebris\u00eb","description":"Fqja Zyrtare e Kish\u00ebs Orthodhokse Autoqefale e Shqip\u00ebris\u00eb me lajmet edhe informacionet zyrtare p\u00ebr struktur\u00ebn edhe veprimtarin e saj.","publisher":{"@id":"https:\/\/orthodoxalbania.org\/2020\/#organization"},"potentialAction":[{"@type":"SearchAction","target":{"@type":"EntryPoint","urlTemplate":"https:\/\/orthodoxalbania.org\/2020\/?s={search_term_string}"},"query-input":{"@type":"PropertyValueSpecification","valueRequired":true,"valueName":"search_term_string"}}],"inLanguage":"en-US"},{"@type":"Organization","@id":"https:\/\/orthodoxalbania.org\/2020\/#organization","name":"Kisha Orthodhokse Autoqefale e Shqip\u00ebris\u00eb","url":"https:\/\/orthodoxalbania.org\/2020\/","logo":{"@type":"ImageObject","inLanguage":"en-US","@id":"https:\/\/orthodoxalbania.org\/2020\/#\/schema\/logo\/image\/","url":"https:\/\/orthodoxalbania.org\/2020\/wp-content\/uploads\/2020\/05\/albania.jpeg","contentUrl":"https:\/\/orthodoxalbania.org\/2020\/wp-content\/uploads\/2020\/05\/albania.jpeg","width":540,"height":540,"caption":"Kisha Orthodhokse Autoqefale e Shqip\u00ebris\u00eb"},"image":{"@id":"https:\/\/orthodoxalbania.org\/2020\/#\/schema\/logo\/image\/"},"sameAs":["https:\/\/www.facebook.com\/koash1991"]},{"@type":"Person","@id":"https:\/\/orthodoxalbania.org\/2020\/#\/schema\/person\/0c387634a7063ac612d7ed9ce71c7e86","name":"Kisha Orthodhokse","image":{"@type":"ImageObject","inLanguage":"en-US","@id":"https:\/\/secure.gravatar.com\/avatar\/596e7c417251e30f2fbb9c00e026fce61a695a00e51c889caded71c96cbbdde5?s=96&d=mm&r=g","url":"https:\/\/secure.gravatar.com\/avatar\/596e7c417251e30f2fbb9c00e026fce61a695a00e51c889caded71c96cbbdde5?s=96&d=mm&r=g","contentUrl":"https:\/\/secure.gravatar.com\/avatar\/596e7c417251e30f2fbb9c00e026fce61a695a00e51c889caded71c96cbbdde5?s=96&d=mm&r=g","caption":"Kisha Orthodhokse"}}]}},"_links":{"self":[{"href":"https:\/\/orthodoxalbania.org\/2020\/wp-json\/wp\/v2\/posts\/1010","targetHints":{"allow":["GET"]}}],"collection":[{"href":"https:\/\/orthodoxalbania.org\/2020\/wp-json\/wp\/v2\/posts"}],"about":[{"href":"https:\/\/orthodoxalbania.org\/2020\/wp-json\/wp\/v2\/types\/post"}],"author":[{"embeddable":true,"href":"https:\/\/orthodoxalbania.org\/2020\/wp-json\/wp\/v2\/users\/1"}],"replies":[{"embeddable":true,"href":"https:\/\/orthodoxalbania.org\/2020\/wp-json\/wp\/v2\/comments?post=1010"}],"version-history":[{"count":1,"href":"https:\/\/orthodoxalbania.org\/2020\/wp-json\/wp\/v2\/posts\/1010\/revisions"}],"predecessor-version":[{"id":15772,"href":"https:\/\/orthodoxalbania.org\/2020\/wp-json\/wp\/v2\/posts\/1010\/revisions\/15772"}],"wp:attachment":[{"href":"https:\/\/orthodoxalbania.org\/2020\/wp-json\/wp\/v2\/media?parent=1010"}],"wp:term":[{"taxonomy":"category","embeddable":true,"href":"https:\/\/orthodoxalbania.org\/2020\/wp-json\/wp\/v2\/categories?post=1010"},{"taxonomy":"post_tag","embeddable":true,"href":"https:\/\/orthodoxalbania.org\/2020\/wp-json\/wp\/v2\/tags?post=1010"}],"curies":[{"name":"wp","href":"https:\/\/api.w.org\/{rel}","templated":true}]}}