{"id":1009,"date":"2013-03-20T13:02:15","date_gmt":"2013-03-20T13:02:15","guid":{"rendered":""},"modified":"2020-04-06T22:32:20","modified_gmt":"2020-04-06T20:32:20","slug":"nje-sqarim-i-detyrueshem-nga-berati-drejtuar-gazetes-shqiptare","status":"publish","type":"post","link":"https:\/\/orthodoxalbania.org\/2020\/2013\/03\/20\/nje-sqarim-i-detyrueshem-nga-berati-drejtuar-gazetes-shqiptare\/","title":{"rendered":"Nj\u00eb sqarim i detyruesh\u00ebm nga Berati drejtuar Gazet\u00ebs Shqiptare. (Shtator 2010)"},"content":{"rendered":"<p class=\"style8\" style=\"text-align: justify;\">\n\t<span style=\"color:#000000;\"><span style=\"font-family: tahoma,geneva,sans-serif;\"><span style=\"font-size: 12px;\"><span class=\"style8\">&nbsp;&nbsp;&nbsp; Koh\u00ebt e fundit kemi lexuar me v\u00ebmendje artikujt n\u00eb &#8220;Gazet\u00ebn Shqiptare&#8221; t\u00eb historianit Kristo Frash\u00ebri, p\u00ebr t\u00eb cilin kemi pasur konsiderat\u00eb lidhur me kontributin q\u00eb ka dh\u00ebn\u00eb n\u00eb fush\u00ebn e historiografis\u00eb. Me keqardhje v\u00ebrejm\u00eb se n\u00eb shkrimet e lartp\u00ebrmendura z. Frash\u00ebri keqinterpreton problemet e Kish\u00ebs son\u00eb, duke i trajtuar ato politikisht. Kisha Ortodokse Autoqefale e Shqip\u00ebris\u00eb ka qen\u00eb, \u00ebsht\u00eb dhe do t\u00eb jet\u00eb e ortodoks\u00ebve t\u00eb Shqip\u00ebris\u00eb. At\u00eb nuk mund ta keqp\u00ebrdorin as persona t\u00eb besimeve t\u00eb tjera, as ndonj\u00eb me origjin\u00eb ortodokse, por q\u00eb ateizmi i rr\u00ebnjosur n\u00eb shpirt gjat\u00eb monizmit e ka larguar me koh\u00eb nga komuniteti yn\u00eb.<\/span><\/span><\/span><\/span><\/p>\n<p class=\"style8\" style=\"text-align: justify;\">\n\t<span style=\"color:#000000;\"><span style=\"font-family: tahoma,geneva,sans-serif;\"><span style=\"font-size: 12px;\">&nbsp;&nbsp;&nbsp; Kryepiskopi Anastas, p\u00ebr munges\u00ebn e jasht\u00ebzakonshme t\u00eb kuadrove fetar\u00eb, erdhi n\u00eb Shqip\u00ebri me k\u00ebrkes\u00ebn e besimtar\u00ebve ortodoks\u00eb dhe p\u00ebr k\u00ebt\u00eb mori edhe miratimin zyrtar t\u00eb kryetarit t\u00eb shtetit, Presidentit t\u00eb Republik\u00ebs. Ardhja e Tij u p\u00ebrsh\u00ebndet nga Patriarkana e Kostandinopoj\u00ebs, nga Kishat motra, nga Kishat e tjera t\u00eb Krishtera q\u00eb e njihnin mir\u00eb vepr\u00ebn e tij Ekumenike, si edhe nga autoritetet e larta t\u00eb Parlamentit Evropian. <\/span><\/span><\/span><\/p>\n<p class=\"style8\" style=\"text-align: justify;\">\n\t<span style=\"color:#000000;\"><span style=\"font-family: tahoma,geneva,sans-serif;\"><span style=\"font-size: 12px;\">&nbsp;&nbsp;&nbsp; N\u00eb numrin e gazet\u00ebs s\u00eb m\u00ebsip\u00ebrme m\u00eb 20 shtator 2010, z. Frash\u00ebri kishte botuar nj\u00eb p\u00ebrgjigje ndaj nj\u00eb shkrimi t\u00eb Kryepiskopit Anastas, n\u00eb t\u00eb cil\u00ebn ky i fundit hidhte drit\u00eb mbi nj\u00eb s\u00ebr\u00eb akuzash t\u00eb pabazuara t\u00eb b\u00ebra ndaj tij. N\u00eb dit\u00ebt q\u00eb vijuan, gazeta ribotoi tekste t\u00eb viteve t\u00eb kaluara p\u00ebr t\u00eb mb\u00ebshtetur, qoft\u00eb edhe fare pak, mendimin e z. Frash\u00ebri se Fron\u00ebzimi i Kryepiskopit Anastas nuk u krye rregullisht n\u00eb kish\u00ebn katedrale t\u00eb Tiran\u00ebs. K\u00ebshtu, z. Frash\u00ebri shkruan: &#8220;T\u00eb gjith\u00eb e mbajn\u00eb mend se ceremonia solemne p\u00ebr fron\u00ebzimin e tij n\u00eb kish\u00ebn katedrale t\u00eb Hyjlind\u00ebses n\u00eb Tiran\u00eb, d\u00ebshtoi p\u00ebr shkak t\u00eb kund\u00ebrshtimit t\u00eb besnik\u00ebve t\u00eb krishter\u00eb, t\u00eb pranish\u00ebm n\u00eb ceremoni&#8221;.<\/span><\/span><\/span><\/p>\n<p class=\"style8\" style=\"text-align: justify;\">\n\t<span style=\"color:#000000;\"><span style=\"font-family: tahoma,geneva,sans-serif;\"><span style=\"font-size: 12px;\">&nbsp;&nbsp;&nbsp; Por, e v\u00ebrteta q\u00ebndron krejt ndryshe dhe besimtar\u00ebt e pranish\u00ebm n\u00eb kish\u00eb kujtojn\u00eb t\u00eb tjera fakte nga k\u00ebto q\u00eb duan t\u00eb na servirin! N\u00eb k\u00ebt\u00eb ceremoni mor\u00ebn pjes\u00eb shum\u00eb t\u00eb krishter\u00eb ortodoks\u00eb, t\u00eb ardhur nga t\u00eb gjitha trevat e Shqip\u00ebris\u00eb, si dhe Trupi Diplomatik i akredituar n\u00eb Tiran\u00eb. Si qytetar\u00eb t\u00eb p\u00ebrgjegjsh\u00ebm t\u00eb k\u00ebtij vendi dhe an\u00ebtar\u00eb t\u00eb Kish\u00ebs Orthodhokse, duam t\u00eb theksojm\u00eb vet\u00ebm dy t\u00eb v\u00ebrteta t\u00eb thjeshta: S\u00eb pari se disa nga ne q\u00eb n\u00ebnshkruajm\u00eb k\u00ebt\u00eb artikull, jemi d\u00ebshmitar\u00eb okular\u00eb, prezent\u00eb n\u00eb Fron\u00ebzimin e Kryepeshkopit Anastas, m\u00eb 2 gusht 1992 dhe, kemi thirrur nga zemra \u201ci denj\u00eb\u201d. <\/span><\/span><\/span><\/p>\n<p style=\"text-align: justify;\">\n\t<span style=\"color:#000000;\"><span style=\"font-family: tahoma,geneva,sans-serif;\"><span style=\"font-size: 12px;\"><span class=\"style8\">&nbsp;&nbsp;&nbsp; N\u00eb fund t\u00eb ceremonis\u00eb, nj\u00eb grup i vog\u00ebl, n\u00ebn drejtimin e deputetit t\u00eb asaj kohe, z. Butka, pinjoll i nj\u00eb familjeje t\u00eb njohur anti-orthodhokse, t\u00eb mb\u00ebshtetur jasht\u00eb kish\u00ebs edhe nga deputet\u00ebt joorthodhoks\u00eb, t\u00eb njohur p\u00ebr q\u00ebndrime ekstremiste Baleta e Reso, u p\u00ebrpoq\u00ebn pa sukses t\u00eb turbullojn\u00eb ceremonin\u00eb q\u00eb ishte kryer dhe kishte p\u00ebrfunduar. Ata kryen k\u00ebshtu vet\u00ebm nj\u00eb p\u00ebrdhosje t\u00eb papranueshme ndaj besimit ton\u00eb t\u00eb nj\u00eb vendi t\u00eb shenjt\u00eb. Nisur edhe nga artikulli i z. Xoxe, q\u00eb e ribotoi \u201cGazeta Shqiptare\u201d (22.9.2010), por edhe nga intervista e z. Bardhyl Fico, zbulohet se ky veprim nuk ishte aspak spontan por ishte planifikuar nj\u00eb dit\u00eb m\u00eb par\u00eb n\u00eb ambiente jo orthodhokse. S\u00eb dyti, ne d\u00ebshmojm\u00eb se ceremonia e Fron\u00ebzimit filloi dhe mbaroi n\u00eb kish\u00ebn &#8220;Ungjill\u00ebzimi i Hyjlind\u00ebses&#8221; n\u00eb Tiran\u00eb, sipas kanoneve t\u00eb Kish\u00ebs Orthodhokse. <\/span><\/span><\/span><\/span><\/p>\n<p class=\"style8\" style=\"text-align: justify;\">\n\t<span style=\"color:#000000;\"><span style=\"font-family: tahoma,geneva,sans-serif;\"><span style=\"font-size: 12px;\">&nbsp;&nbsp;&nbsp; N\u00eb nderim t\u00eb Fron\u00ebzimit t\u00eb Kryepeshkopit Anastas u shtrua vet\u00ebm nj\u00eb drek\u00eb n\u00eb Hotel Tirana Internacional, q\u00eb \u00ebsht\u00eb nd\u00ebrtuar pik\u00ebrisht n\u00eb at\u00eb vend ku dikur ka qen\u00eb kisha katedrale e Tiran\u00ebs. Theksojm\u00eb k\u00ebtu se z. Frash\u00ebri, duke mos qen\u00eb pjes\u00ebmarr\u00ebs vet\u00eb n\u00eb k\u00ebt\u00eb ceremoni, shtremb\u00ebron t\u00eb v\u00ebrtet\u00ebn, duke p\u00ebrdorur copa artikujsh antiortodoks\u00eb, duke u p\u00ebrpjekur t\u00eb ngat\u00ebrroj\u00eb drek\u00ebn n\u00eb hotel me \u00e7astin e fron\u00ebzimit n\u00eb kish\u00eb. \u00cbsht\u00eb p\u00ebr t\u00eb ardhur keq q\u00eb nj\u00eb historian, i cili n\u00eb vend t\u00eb merret me faktet, e mb\u00ebshtet artikullin e tij mbi shkrime ekstremiste me akuza ordinere, si\u00e7 \u00ebsht\u00eb rasti i pamfletit qesharak p\u00ebr Himar\u00ebn, dhe b\u00ebn t\u00eb vetat pozicione t\u00eb kap\u00ebrcyera nga historia, diskriminuese p\u00ebr kategori t\u00eb caktuara t\u00eb shoq\u00ebris\u00eb e minorancat, t\u00eb cilat jan\u00eb n\u00eb kund\u00ebrshtim t\u00eb plot\u00eb me parametrat e nj\u00eb shoq\u00ebrie demokratike dhe me \u00ebndrr\u00ebn e shqiptar\u00ebve p\u00ebr t\u2019u rikthyer p\u00ebrs\u00ebri pas m\u00eb shum\u00eb se 500 vjet\u00ebsh n\u00eb gjirin e familjes evropiane.<\/span><\/span><\/span><\/p>\n<p class=\"style8\" style=\"text-align: justify;\">\n\t<span style=\"color:#000000;\"><span style=\"font-family: tahoma,geneva,sans-serif;\"><span style=\"font-size: 12px;\">&nbsp;&nbsp;&nbsp; Duke u nisur nga emri dhe origjina, \u00e7uditemi se si z. Frash\u00ebri, ky p\u00ebrmetar me prejardhje ortodokse, k\u00ebrkon q\u00eb nj\u00eb vend i shenjt\u00eb p\u00ebr ne orthodhoks\u00ebt, kisha e vjet\u00ebr shekullore ortodokse &#8220;Sh\u00ebn Maria e Pazarit&#8221;, n\u00eb P\u00ebrmet, t\u00eb kthehet n\u00eb pallat kulture. \u00cbsht\u00eb e ditur se, pas vitit 1967, kjo kish\u00eb u kthye n\u00eb pallat kulture, por k\u00ebt\u00eb fakt z. Kristo Frash\u00ebri, p\u00ebr arsye t\u00eb bot\u00ebkuptimit t\u00eb tij ateist, nuk i vjen mir\u00eb ta p\u00ebrmend\u00eb. Ne ortodoks\u00ebt e Beratit, ashtu si dhe qytetar\u00ebt ortodoks\u00eb t\u00eb P\u00ebrmetit dhe t\u00eb gjith\u00eb Shqip\u00ebris\u00eb jemi t\u00eb sigurt se kjo godin\u00eb do t&#8217;i kthehet pronarit t\u00eb ligjsh\u00ebm, Kish\u00ebs Ortodokse Autoqefale t\u00eb Shqip\u00ebris\u00eb dhe besimtar\u00ebve t\u00eb saj, ashtu si\u00e7 i jan\u00eb kthyer kisha e Sh\u00ebn Prokopit n\u00eb Tiran\u00eb, e Sh\u00ebn Nikoll\u00ebs n\u00eb Kavaj\u00eb, Manastiri i Ardenic\u00ebs n\u00eb Lushnj\u00eb, si edhe shum\u00eb kisha t\u00eb tjera n\u00eb t\u00eb gjith\u00eb Shqip\u00ebrin\u00eb. Nga z. Frash\u00ebri, n\u00eb gjurm\u00eb t\u00eb t\u00eb par\u00ebve t\u00eb tij, ne do prisnim prej tij t\u00eb kund\u00ebrt\u00ebn, pra q\u00eb ai t\u00eb interesohej dhe t\u00eb mbronte t\u00eb drejt\u00ebn e Komunitetit Orthodhoks p\u00ebr t\u00eb rimarr\u00eb vendet e shenjta q\u00eb u shkat\u00ebrruan nga regjimi monist. T\u00eb b\u00ebn p\u00ebrshtypje frazeologjia plot urrejtje patologjike kur n\u00eb shkrimin e tij ai shprehet: \u201cA. Janullatusi \u00ebsht\u00eb Kryepiskopi i pleqve dhe i plakave\u201d. K\u00ebtu, z. Frash\u00ebri tregon se nuk ka respekt p\u00ebr t\u00eb moshuarit duke harruar se edhe ai vet\u00eb \u00ebsht\u00eb nj\u00eb 88t\u00eb vje\u00e7ar i moshuar. I b\u00ebjm\u00eb t\u00eb ditur z. Frash\u00ebri se Kryepiskopi Anastas \u00ebsht\u00eb jo vet\u00ebm i t\u00eb moshuarve por, i besimtar\u00ebve ortodoks\u00eb shqiptar\u00eb t\u00eb gjitha moshave, q\u00eb nga f\u00ebmij\u00ebt, t\u00eb rinjt\u00eb dhe t\u00eb rriturit.<\/span><\/span><\/span><\/p>\n<p class=\"style8\" style=\"text-align: justify;\">\n\t<span style=\"color:#000000;\"><span style=\"font-family: tahoma,geneva,sans-serif;\"><span style=\"font-size: 12px;\">&nbsp;&nbsp;&nbsp; Z. Frash\u00ebri duhet t\u00eb qart\u00ebsohet edhe kur ai thot\u00eb se \u201cu mblodh\u00ebn 400 vet\u00eb\u201d, (shif\u00ebr q\u00eb nuk \u00ebsht\u00eb e v\u00ebrtet\u00eb), n\u00eb t\u00eb ashtuquajturin \u201cKomitet t\u00eb Autoqefalis\u00eb\u201d, t\u00eb organizuar dhe t\u00eb drejtuar nga Butka e Baleta, -gjith\u00eb k\u00ebta jan\u00eb nj\u00eb pik\u00eb uj\u00eb n\u00eb oqeanin e dhjet\u00ebra mij\u00ebrave ortodoks\u00eb beratas, kor\u00e7ar\u00eb dhe t\u00eb gjith\u00eb Shqip\u00ebris\u00eb, t\u00eb cil\u00ebt n\u00ebnshkruan n\u00eb mb\u00ebshtetje t\u00eb Kryepeshkopit Anastas. K\u00ebtu gjejm\u00eb rastin t\u00eb p\u00ebrmendim se m\u00eb 17,09,1992, nj\u00eb \u201ckomision fantazm\u00eb i autoqefalis\u00eb\u201d, i p\u00ebrfaq\u00ebsuar nga z. Petrit Bidoshi dhe z. Arjan Koja, n\u00eb hajatin e kish\u00ebs s\u00eb Sh\u00ebn Spiridhonit n\u00eb lagjen Goric\u00eb t\u00eb Beratit, mor\u00ebn p\u00ebrgjigjen e merituar nga qindra besimtar\u00eb Ortodoks\u00eb beratas, t\u00eb cil\u00ebt mb\u00ebshtet\u00ebn pa asnj\u00eb rezerv\u00eb fron\u00ebzimin e Kryepiskopit Anastas. P\u00ebrfaq\u00ebsuesit e komisionit fantazm\u00eb, u larguan t\u00eb turp\u00ebruar nga q\u00ebndrimi i vendosur i besimtar\u00ebve t\u00eb qytetit ton\u00eb mij\u00ebra vje\u00e7ar, i k\u00ebtij djepi t\u00eb ortodoksis\u00eb dhe patriotizmit shqiptar. Dy vjet m\u00eb von\u00eb, para referendumit t\u00eb 4 n\u00ebntori t\u00eb vitit 1994, ortodoks\u00ebt beratas k\u00ebrkuan zyrtarisht Presidentit t\u00eb Republik\u00ebs, q\u00eb t\u00eb hiqte pik\u00ebn 4 t\u00eb nenit 7 t\u00eb projektkushtetut\u00ebs shqiptare, e cila e largonte Kryepiskopin nga Shqip\u00ebria, duke deklaruar bot\u00ebrisht se do t\u00eb votonin kund\u00ebr. Dhe me t\u00eb v\u00ebrtet\u00eb k\u00ebshtu ndodhi: n\u00eb mb\u00ebshtetje t\u00eb Kryepeshkopit Anastas u mblodh\u00ebn mbi 80 mij\u00eb firma dhe k\u00ebto ndikuan q\u00eb nd\u00ebrmjet shkaqeve t\u00eb tjera projekt-kushtetuta t\u00eb rr\u00ebzohej.<\/span><\/span><\/span><\/p>\n<p class=\"style8\" style=\"text-align: justify;\">\n\t<span style=\"color:#000000;\"><span style=\"font-family: tahoma,geneva,sans-serif;\"><span style=\"font-size: 12px;\">&nbsp;&nbsp;&nbsp; At\u00ebher\u00eb n\u00eb em\u00ebr t\u00eb kujt flisni ju z. Frash\u00ebri?!<br \/>\n\t&nbsp;&nbsp;&nbsp; Na vjen keq q\u00eb z. Frash\u00ebri, n\u00eb vend q\u00eb t\u00eb nxjerr\u00eb n\u00eb dukje p\u00ebrparimet e gjithanshme q\u00eb ka arritur Kisha Ortodokse Autoqefale e Shqip\u00ebris\u00eb gjat\u00eb k\u00ebtyre 20 viteve, n\u00ebn drejtimin e Prof. Dr. Anastasit, b\u00ebn t\u00eb kund\u00ebrt\u00ebn, duke u p\u00ebrpjekur t\u00eb denigroj\u00eb dhe t\u00eb mohoj\u00eb t\u00eb gjitha vlerat dhe veprat madh\u00ebshtore t\u00eb Kryepiskopit. Vet\u00ebm n\u00eb Berat n\u00eb saj\u00eb t\u00eb kontributit t\u00eb tij \u00ebsht\u00eb nd\u00ebrtuar katedralja e madhe e Sh\u00ebn Dhimitrit n\u00eb qend\u00ebr t\u00eb qytetit, ngritur nga themelet kisha e Sh\u00ebn Thomait, jan\u00eb restauruar: katedralja e Sh\u00ebn Spiridhonit, kisha e Sh\u00ebnd\u00eblliut, kisha e Sh\u00ebn Triadh\u00ebs, etj. n\u00eb Berat, manastiri i Sh\u00ebn Maris\u00eb s\u00eb Vodic\u00ebs, kisha e Sh\u00ebn Maris\u00eb n\u00eb Vokopol\u00eb, kisha e Ngjalljes s\u00eb Krishtit n\u00eb qend\u00ebr t\u00eb Ku\u00e7ov\u00ebs, kopshti i f\u00ebmij\u00ebve dhe mensa e t\u00eb varf\u00ebrve, ndihma n\u00eb medikamente, ushqime e veshmbathje etj. <\/span><\/span><\/span><\/p>\n<p class=\"style8\" style=\"text-align: justify;\">\n\t<span style=\"color:#000000;\"><span style=\"font-family: tahoma,geneva,sans-serif;\"><span style=\"font-size: 12px;\">&nbsp;&nbsp;&nbsp; A do t\u00eb kishit mund\u00ebsi ju z. Frash\u00ebri me pasuesit tuaj t\u2019i realizonit k\u00ebto n\u00eb qytetin ton\u00eb?Por, po t\u00eb flasim p\u00ebr gjith\u00eb Shqip\u00ebrin\u00eb t\u00eb gjith\u00eb jemi d\u00ebshmitar\u00eb se Kryepiskopi Anastas, me p\u00ebrkrahjen e shum\u00eb institucioneve nd\u00ebrkomb\u00ebtare dhe t\u00eb personaliteteve t\u00eb fuqish\u00ebm bot\u00ebror\u00eb, ka kryer dhe vazhdon t\u00eb kryej\u00eb pun\u00eb t\u00eb r\u00ebnd\u00ebsishme si\u00e7 jan\u00eb: nd\u00ebrtimi dhe restaurimi i shum\u00eb kishave e manastireve, i objekteve sociale, kulturore, arsimore, sh\u00ebndet\u00ebsore n\u00eb mbar\u00eb vendin ton\u00eb, t\u00eb cilat jan\u00eb v\u00ebn\u00eb n\u00eb sh\u00ebrbim t\u00eb t\u00eb gjith\u00eb shqiptar\u00ebve, pa b\u00ebr\u00eb dallim n\u00eb besimin e tyre. Ato q\u00eb p\u00ebrmend Fortlumturia e Tij n\u00eb fund t\u00eb artikullit t\u00eb tij, n\u00eb lidhje me kontributin e tij p\u00ebr Kish\u00ebn ton\u00eb Ortodokse, n\u00eb fillim t\u00eb viteve 90 e rr\u00ebnuar, -\u00ebsht\u00eb vet\u00ebm nj\u00eb panoram\u00eb modeste, e krahasuar me kontributin e tij gjigant n\u00eb Kish\u00eb dhe m\u00eb gjer\u00eb n\u00eb shoq\u00ebrin\u00eb shqiptare, gjat\u00eb epok\u00ebs kritike t\u00eb 19 viteve t\u00eb fundit. T\u00eb gjith\u00eb ne, bashk\u00eb me ortodoks\u00ebt e tjer\u00eb, jemi d\u00ebshmitar\u00eb t\u00eb kontributit t\u00eb tij unikal shum\u00ebdimensional. Z. Frash\u00ebri duke mohuar gjith\u00eb k\u00ebto arritje tregon se i mungon mir\u00ebnjohja, ky tipar themelor i moralit njer\u00ebzor. <\/span><\/span><\/span><\/p>\n<p class=\"style8\" style=\"text-align: justify;\">\n\t<span style=\"color:#000000;\"><span style=\"font-family: tahoma,geneva,sans-serif;\"><span style=\"font-size: 12px;\">&nbsp;&nbsp;&nbsp; N\u00eb k\u00ebt\u00eb m\u00ebnyr\u00eb, Kryepeshkopi Anastas po kryen me sukses misionin apostolik, dometh\u00ebn\u00eb edukimin fetar dhe ngritjen e nivelit shpirt\u00ebror t\u00eb besimtar\u00ebve. Ai vazhdimisht ka pasur dhe ka n\u00eb qend\u00ebr t\u00eb v\u00ebmendjes s\u00eb tij forcimin e harmonis\u00eb midis komuniteteve fetare n\u00eb Shqip\u00ebri, konsolidimin e miq\u00ebsis\u00eb v\u00ebllaz\u00ebrore midis popullit shqiptar dhe fqinj\u00ebve t\u00eb tij, si dhe p\u00ebrfaq\u00ebsimin dinjitoz t\u00eb Kish\u00ebs Ortodokse Autoqefale t\u00eb Shqip\u00ebris\u00eb n\u00eb forumet nd\u00ebrkomb\u00ebtare fetare dhe laike. Zgjedhja e Kryepiskopit Anastas si President i K\u00ebshillit Bot\u00ebror t\u00eb Kishave, si Z\u00ebvend\u00ebspresident i Konferenc\u00ebs Evropiane t\u00eb Kishave, si dhe zgjedhja, n\u00eb vitin 2006, si President nderi n\u00eb Konferenc\u00ebn e Feve p\u00ebr Paqen, organizata m\u00eb e madhe fetare n\u00eb bot\u00eb, tregon m\u00eb s\u00eb miri personalitetin e tij t\u00eb padiskutuesh\u00ebm, me t\u00eb cilin ne besimtar\u00ebt orthodhoks\u00eb krenohemi q\u00eb e kemi n\u00eb krye t\u00eb Kish\u00ebs son\u00eb. <\/span><\/span><\/span><\/p>\n<p class=\"style8\" style=\"text-align: justify;\">\n\t<span style=\"color:#000000;\"><span style=\"font-family: tahoma,geneva,sans-serif;\"><span style=\"font-size: 12px;\">&nbsp;&nbsp;&nbsp; Sot Kisha Orthodhokse, Kryepeshkopi, Sinodi i Shenjt\u00eb, Statuti dhe organizmat e saj njihen nga Kushtetuta dhe shteti si t\u00eb vetmit p\u00ebrfaq\u00ebsues t\u00eb besimtar\u00ebve orthodhoks\u00eb t\u00eb Shqip\u00ebris\u00eb. Po k\u00ebshtu, Kisha jon\u00eb dhe Kryepeshkopi i saj njihen si asnj\u00ebher\u00eb tjet\u00ebr n\u00eb histori nga t\u00eb gjitha Kishat motra Ortodokse, nga t\u00eb gjitha Kishat e Krishtera t\u00eb Bot\u00ebs, por edhe m\u00eb gjer\u00eb.<\/span><\/span><\/span><\/p>\n<p class=\"style8\" style=\"text-align: justify;\">\n\t<span style=\"color:#000000;\"><span style=\"font-family: tahoma,geneva,sans-serif;\"><span style=\"font-size: 12px;\">&nbsp;&nbsp;&nbsp; <strong>Qytetar\u00ebt Ortodoks\u00eb t\u00eb Beratit:<\/strong><br \/>\n\t&nbsp;&nbsp;&nbsp; Ilia Zaka, Ki\u00e7o Kolani, Miltiadh Veve\u00e7ka, Xhovan Kajana, Arqile Shyti, Anxhelo Simsia, Ilia Ko\u00e7i, Albano Subashi, Niko Fani, Gabriel Shani, Spiro Vogli, Petraq La\u00e7ka, Stela Qako, Joan Qako, Kozma Shyti, Thanas Cimbidhi, Sotiraq Tapia, Pali Vishnja, Lina Simsia, Fanie Mingo, Sifi Angjeliu, Aneta Bushamaku, Valentina Baba, Qiriako Stefani, Dhori Sinjari, Mihallaq Kote, Ferdinant Janinoti, Miron Liko, Nasi Fero, Vsilika Garuli, Marjana Garuli, Elpiniqi Filipi, Edmond Filipi, Ariola Gallani, Sotiraq Mishaxhiu, Mihal Pjetri, Anstas Xhymerteka, Xhulieta Ko\u00e7i, Vladimir Prendi, Elenita Andoni, Kozma Nikolla, Anastasi Dodi, Stavri Garuli, Llambi Proko, Vasili Sinjari, Ilia Gjogu, Vangjeli Kolani, Sotir Gjoka, Xhoxhi Stefa, Llambi Teneqexhi, Elion Kosica, Sotiraq Frash\u00ebri, Liri Shulla, Margarita Mihali, Llambrini Sinjari, Vasil Zaka, Kosta Leka, Gjinovefa Sako, Elena Teneqexhiu, Dhimit\u00ebr Tapia, Aneta Tapia, Luena Golemi, Lefteri Kosova, Irena Dervishi, Lisobie Kosova, Thomaidha Gjoka, Theodhor Teneqexhiu, Aurela Kullau, Samson Lako, Llazar Kajana, Romeo \u00c7ilingire, Marie \u00c7ilingiri, Sokrat Tanku, Irakli Meroli, Pandi Shulla, Xhoxhi Saveta, Xhovan Doga.<\/span><\/span><\/span><\/p>\n<p class=\"style8\" style=\"text-align: justify;\">\n\t&nbsp;<\/p>\n<p class=\"style8\" style=\"text-align: center;\">\n\t<span style=\"color:#000000;\"><img decoding=\"async\" class=\"lazyload HAa Eha\" src=\"data:image\/gif;base64,R0lGODlhAQABAAAAACH5BAEKAAEALAAAAAABAAEAAAICTAEAOw==\" data-orig-src=\"https:\/\/lh6.googleusercontent.com\/-NN4yJjmR47c\/VKpV9dgr3OI\/AAAAAAAAJ0Y\/PfWqtRO95J8\/w590-h823-no\/Berati%2Cfirmat1.jpg\" style=\"border-width: 1px; border-style: solid; margin: 10px;\" \/><\/span><\/p>\n<p class=\"style8\" style=\"text-align: justify;\">\n\t&nbsp;<\/p>\n<p class=\"style8\" style=\"text-align: center;\">\n\t<span style=\"color:#000000;\"><span style=\"font-family: tahoma,geneva,sans-serif;\"><span style=\"font-size: 12px;\"><img decoding=\"async\" class=\"lazyload HAa Eha\" src=\"data:image\/gif;base64,R0lGODlhAQABAAAAACH5BAEKAAEALAAAAAABAAEAAAICTAEAOw==\" data-orig-src=\"https:\/\/lh5.googleusercontent.com\/-c5ogzddp3As\/VKpV9JXJB8I\/AAAAAAAAJ0U\/3bG1b2hU1nA\/w958-h335-no\/Berat%2Cfirmat2.jpg\" style=\"border-width: 1px; border-style: solid; margin: 10px;\" \/><\/span><\/span><\/span><\/p>\n","protected":false},"excerpt":{"rendered":"<p>&nbsp;&nbsp;&nbsp; Koh\u00ebt e fundit kemi lexuar me v\u00ebmendje artikujt n\u00eb &#8220;Gazet\u00ebn Shqiptare&#8221; t\u00eb historianit Kristo Frash\u00ebri, p\u00ebr t\u00eb cilin kemi pasur konsiderat\u00eb lidhur me kontributin q\u00eb ka dh\u00ebn\u00eb n\u00eb fush\u00ebn e historiografis\u00eb. Me keqardhje v\u00ebrejm\u00eb se n\u00eb shkrimet e lartp\u00ebrmendura z. Frash\u00ebri keqinterpreton problemet e Kish\u00ebs son\u00eb, duke i trajtuar ato politikisht. Kisha Ortodokse Autoqefale e Shqip\u00ebris\u00eb ka qen\u00eb, \u00ebsht\u00eb dhe do t\u00eb jet\u00eb e<\/p>\n","protected":false},"author":1,"featured_media":0,"comment_status":"open","ping_status":"open","sticky":false,"template":"","format":"standard","meta":{"_acf_changed":false,"pagelayer_contact_templates":[],"_pagelayer_content":"","inline_featured_image":false,"fifu_image_url":"","fifu_image_alt":"","footnotes":""},"categories":[108],"tags":[144,153,212,197,203],"class_list":["post-1009","post","type-post","status-publish","format-standard","hentry","category-lajme","tag-144","tag-deklarata-njoftime-zyrtare-d75","tag-lajme-d27","tag-berat","tag-pergjigje-ndaj-akuzave"],"acf":[],"yoast_head":"<!-- This site is optimized with the Yoast SEO plugin v27.2 - https:\/\/yoast.com\/product\/yoast-seo-wordpress\/ -->\n<title>Nj\u00eb sqarim i detyruesh\u00ebm nga Berati drejtuar Gazet\u00ebs Shqiptare. (Shtator 2010) - Kisha Orthodh\u03bfkse Autoqefale e Shqip\u00ebris\u00eb<\/title>\n<meta name=\"robots\" content=\"index, follow, max-snippet:-1, max-image-preview:large, max-video-preview:-1\" \/>\n<link rel=\"canonical\" href=\"https:\/\/orthodoxalbania.org\/2020\/2013\/03\/20\/nje-sqarim-i-detyrueshem-nga-berati-drejtuar-gazetes-shqiptare\/\" \/>\n<meta property=\"og:locale\" content=\"en_US\" \/>\n<meta property=\"og:type\" content=\"article\" \/>\n<meta property=\"og:title\" content=\"Nj\u00eb sqarim i detyruesh\u00ebm nga Berati drejtuar Gazet\u00ebs Shqiptare. (Shtator 2010) - Kisha Orthodh\u03bfkse Autoqefale e Shqip\u00ebris\u00eb\" \/>\n<meta property=\"og:description\" content=\"&nbsp;&nbsp;&nbsp; Koh\u00ebt e fundit kemi lexuar me v\u00ebmendje artikujt n\u00eb &#8220;Gazet\u00ebn Shqiptare&#8221; t\u00eb historianit Kristo Frash\u00ebri, p\u00ebr t\u00eb cilin kemi pasur konsiderat\u00eb lidhur me kontributin q\u00eb ka dh\u00ebn\u00eb n\u00eb fush\u00ebn e historiografis\u00eb. Me keqardhje v\u00ebrejm\u00eb se n\u00eb shkrimet e lartp\u00ebrmendura z. Frash\u00ebri keqinterpreton problemet e Kish\u00ebs son\u00eb, duke i trajtuar ato politikisht. Kisha Ortodokse Autoqefale e Shqip\u00ebris\u00eb ka qen\u00eb, \u00ebsht\u00eb dhe do t\u00eb jet\u00eb e\" \/>\n<meta property=\"og:url\" content=\"https:\/\/orthodoxalbania.org\/2020\/2013\/03\/20\/nje-sqarim-i-detyrueshem-nga-berati-drejtuar-gazetes-shqiptare\/\" \/>\n<meta property=\"og:site_name\" content=\"Kisha Orthodh\u03bfkse Autoqefale e Shqip\u00ebris\u00eb\" \/>\n<meta property=\"article:publisher\" content=\"https:\/\/www.facebook.com\/koash1991\" \/>\n<meta property=\"article:published_time\" content=\"2013-03-20T13:02:15+00:00\" \/>\n<meta property=\"article:modified_time\" content=\"2020-04-06T20:32:20+00:00\" \/>\n<meta property=\"og:image\" content=\"https:\/\/lh6.googleusercontent.com\/-NN4yJjmR47c\/VKpV9dgr3OI\/AAAAAAAAJ0Y\/PfWqtRO95J8\/w590-h823-no\/Berati%2Cfirmat1.jpg\" \/>\n<meta name=\"author\" content=\"Kisha Orthodhokse\" \/>\n<meta name=\"twitter:card\" content=\"summary_large_image\" \/>\n<meta name=\"twitter:label1\" content=\"Written by\" \/>\n\t<meta name=\"twitter:data1\" content=\"Kisha Orthodhokse\" \/>\n\t<meta name=\"twitter:label2\" content=\"Est. reading time\" \/>\n\t<meta name=\"twitter:data2\" content=\"11 minutes\" \/>\n<script type=\"application\/ld+json\" class=\"yoast-schema-graph\">{\"@context\":\"https:\/\/schema.org\",\"@graph\":[{\"@type\":\"Article\",\"@id\":\"https:\/\/orthodoxalbania.org\/2020\/2013\/03\/20\/nje-sqarim-i-detyrueshem-nga-berati-drejtuar-gazetes-shqiptare\/#article\",\"isPartOf\":{\"@id\":\"https:\/\/orthodoxalbania.org\/2020\/2013\/03\/20\/nje-sqarim-i-detyrueshem-nga-berati-drejtuar-gazetes-shqiptare\/\"},\"author\":{\"name\":\"Kisha Orthodhokse\",\"@id\":\"https:\/\/orthodoxalbania.org\/2020\/#\/schema\/person\/0c387634a7063ac612d7ed9ce71c7e86\"},\"headline\":\"Nj\u00eb sqarim i detyruesh\u00ebm nga Berati drejtuar Gazet\u00ebs Shqiptare. (Shtator 2010)\",\"datePublished\":\"2013-03-20T13:02:15+00:00\",\"dateModified\":\"2020-04-06T20:32:20+00:00\",\"mainEntityOfPage\":{\"@id\":\"https:\/\/orthodoxalbania.org\/2020\/2013\/03\/20\/nje-sqarim-i-detyrueshem-nga-berati-drejtuar-gazetes-shqiptare\/\"},\"wordCount\":2183,\"commentCount\":0,\"publisher\":{\"@id\":\"https:\/\/orthodoxalbania.org\/2020\/#organization\"},\"image\":{\"@id\":\"https:\/\/orthodoxalbania.org\/2020\/2013\/03\/20\/nje-sqarim-i-detyrueshem-nga-berati-drejtuar-gazetes-shqiptare\/#primaryimage\"},\"thumbnailUrl\":\"https:\/\/lh6.googleusercontent.com\/-NN4yJjmR47c\/VKpV9dgr3OI\/AAAAAAAAJ0Y\/PfWqtRO95J8\/w590-h823-no\/Berati%2Cfirmat1.jpg\",\"keywords\":[\"2010\",\"Deklarata - Njoftime Zyrtare\",\"lajme\",\"Mitropolia Berat\",\"P\u00ebrgjigje ndaj akuzave\"],\"articleSection\":[\"Lajme\"],\"inLanguage\":\"en-US\"},{\"@type\":\"WebPage\",\"@id\":\"https:\/\/orthodoxalbania.org\/2020\/2013\/03\/20\/nje-sqarim-i-detyrueshem-nga-berati-drejtuar-gazetes-shqiptare\/\",\"url\":\"https:\/\/orthodoxalbania.org\/2020\/2013\/03\/20\/nje-sqarim-i-detyrueshem-nga-berati-drejtuar-gazetes-shqiptare\/\",\"name\":\"Nj\u00eb sqarim i detyruesh\u00ebm nga Berati drejtuar Gazet\u00ebs Shqiptare. (Shtator 2010) - Kisha Orthodh\u03bfkse Autoqefale e Shqip\u00ebris\u00eb\",\"isPartOf\":{\"@id\":\"https:\/\/orthodoxalbania.org\/2020\/#website\"},\"primaryImageOfPage\":{\"@id\":\"https:\/\/orthodoxalbania.org\/2020\/2013\/03\/20\/nje-sqarim-i-detyrueshem-nga-berati-drejtuar-gazetes-shqiptare\/#primaryimage\"},\"image\":{\"@id\":\"https:\/\/orthodoxalbania.org\/2020\/2013\/03\/20\/nje-sqarim-i-detyrueshem-nga-berati-drejtuar-gazetes-shqiptare\/#primaryimage\"},\"thumbnailUrl\":\"https:\/\/lh6.googleusercontent.com\/-NN4yJjmR47c\/VKpV9dgr3OI\/AAAAAAAAJ0Y\/PfWqtRO95J8\/w590-h823-no\/Berati%2Cfirmat1.jpg\",\"datePublished\":\"2013-03-20T13:02:15+00:00\",\"dateModified\":\"2020-04-06T20:32:20+00:00\",\"breadcrumb\":{\"@id\":\"https:\/\/orthodoxalbania.org\/2020\/2013\/03\/20\/nje-sqarim-i-detyrueshem-nga-berati-drejtuar-gazetes-shqiptare\/#breadcrumb\"},\"inLanguage\":\"en-US\",\"potentialAction\":[{\"@type\":\"ReadAction\",\"target\":[\"https:\/\/orthodoxalbania.org\/2020\/2013\/03\/20\/nje-sqarim-i-detyrueshem-nga-berati-drejtuar-gazetes-shqiptare\/\"]}]},{\"@type\":\"ImageObject\",\"inLanguage\":\"en-US\",\"@id\":\"https:\/\/orthodoxalbania.org\/2020\/2013\/03\/20\/nje-sqarim-i-detyrueshem-nga-berati-drejtuar-gazetes-shqiptare\/#primaryimage\",\"url\":\"https:\/\/lh6.googleusercontent.com\/-NN4yJjmR47c\/VKpV9dgr3OI\/AAAAAAAAJ0Y\/PfWqtRO95J8\/w590-h823-no\/Berati%2Cfirmat1.jpg\",\"contentUrl\":\"https:\/\/lh6.googleusercontent.com\/-NN4yJjmR47c\/VKpV9dgr3OI\/AAAAAAAAJ0Y\/PfWqtRO95J8\/w590-h823-no\/Berati%2Cfirmat1.jpg\"},{\"@type\":\"BreadcrumbList\",\"@id\":\"https:\/\/orthodoxalbania.org\/2020\/2013\/03\/20\/nje-sqarim-i-detyrueshem-nga-berati-drejtuar-gazetes-shqiptare\/#breadcrumb\",\"itemListElement\":[{\"@type\":\"ListItem\",\"position\":1,\"name\":\"Home\",\"item\":\"https:\/\/orthodoxalbania.org\/2020\/\"},{\"@type\":\"ListItem\",\"position\":2,\"name\":\"Nj\u00eb sqarim i detyruesh\u00ebm nga Berati drejtuar Gazet\u00ebs Shqiptare. (Shtator 2010)\"}]},{\"@type\":\"WebSite\",\"@id\":\"https:\/\/orthodoxalbania.org\/2020\/#website\",\"url\":\"https:\/\/orthodoxalbania.org\/2020\/\",\"name\":\"Kisha Orthodh\u03bfkse Autoqefale e Shqip\u00ebris\u00eb\",\"description\":\"Fqja Zyrtare e Kish\u00ebs Orthodhokse Autoqefale e Shqip\u00ebris\u00eb me lajmet edhe informacionet zyrtare p\u00ebr struktur\u00ebn edhe veprimtarin e saj.\",\"publisher\":{\"@id\":\"https:\/\/orthodoxalbania.org\/2020\/#organization\"},\"potentialAction\":[{\"@type\":\"SearchAction\",\"target\":{\"@type\":\"EntryPoint\",\"urlTemplate\":\"https:\/\/orthodoxalbania.org\/2020\/?s={search_term_string}\"},\"query-input\":{\"@type\":\"PropertyValueSpecification\",\"valueRequired\":true,\"valueName\":\"search_term_string\"}}],\"inLanguage\":\"en-US\"},{\"@type\":\"Organization\",\"@id\":\"https:\/\/orthodoxalbania.org\/2020\/#organization\",\"name\":\"Kisha Orthodhokse Autoqefale e Shqip\u00ebris\u00eb\",\"url\":\"https:\/\/orthodoxalbania.org\/2020\/\",\"logo\":{\"@type\":\"ImageObject\",\"inLanguage\":\"en-US\",\"@id\":\"https:\/\/orthodoxalbania.org\/2020\/#\/schema\/logo\/image\/\",\"url\":\"https:\/\/orthodoxalbania.org\/2020\/wp-content\/uploads\/2020\/05\/albania.jpeg\",\"contentUrl\":\"https:\/\/orthodoxalbania.org\/2020\/wp-content\/uploads\/2020\/05\/albania.jpeg\",\"width\":540,\"height\":540,\"caption\":\"Kisha Orthodhokse Autoqefale e Shqip\u00ebris\u00eb\"},\"image\":{\"@id\":\"https:\/\/orthodoxalbania.org\/2020\/#\/schema\/logo\/image\/\"},\"sameAs\":[\"https:\/\/www.facebook.com\/koash1991\"]},{\"@type\":\"Person\",\"@id\":\"https:\/\/orthodoxalbania.org\/2020\/#\/schema\/person\/0c387634a7063ac612d7ed9ce71c7e86\",\"name\":\"Kisha Orthodhokse\",\"image\":{\"@type\":\"ImageObject\",\"inLanguage\":\"en-US\",\"@id\":\"https:\/\/secure.gravatar.com\/avatar\/596e7c417251e30f2fbb9c00e026fce61a695a00e51c889caded71c96cbbdde5?s=96&d=mm&r=g\",\"url\":\"https:\/\/secure.gravatar.com\/avatar\/596e7c417251e30f2fbb9c00e026fce61a695a00e51c889caded71c96cbbdde5?s=96&d=mm&r=g\",\"contentUrl\":\"https:\/\/secure.gravatar.com\/avatar\/596e7c417251e30f2fbb9c00e026fce61a695a00e51c889caded71c96cbbdde5?s=96&d=mm&r=g\",\"caption\":\"Kisha Orthodhokse\"}}]}<\/script>\n<!-- \/ Yoast SEO plugin. -->","yoast_head_json":{"title":"Nj\u00eb sqarim i detyruesh\u00ebm nga Berati drejtuar Gazet\u00ebs Shqiptare. (Shtator 2010) - Kisha Orthodh\u03bfkse Autoqefale e Shqip\u00ebris\u00eb","robots":{"index":"index","follow":"follow","max-snippet":"max-snippet:-1","max-image-preview":"max-image-preview:large","max-video-preview":"max-video-preview:-1"},"canonical":"https:\/\/orthodoxalbania.org\/2020\/2013\/03\/20\/nje-sqarim-i-detyrueshem-nga-berati-drejtuar-gazetes-shqiptare\/","og_locale":"en_US","og_type":"article","og_title":"Nj\u00eb sqarim i detyruesh\u00ebm nga Berati drejtuar Gazet\u00ebs Shqiptare. (Shtator 2010) - Kisha Orthodh\u03bfkse Autoqefale e Shqip\u00ebris\u00eb","og_description":"&nbsp;&nbsp;&nbsp; Koh\u00ebt e fundit kemi lexuar me v\u00ebmendje artikujt n\u00eb &#8220;Gazet\u00ebn Shqiptare&#8221; t\u00eb historianit Kristo Frash\u00ebri, p\u00ebr t\u00eb cilin kemi pasur konsiderat\u00eb lidhur me kontributin q\u00eb ka dh\u00ebn\u00eb n\u00eb fush\u00ebn e historiografis\u00eb. Me keqardhje v\u00ebrejm\u00eb se n\u00eb shkrimet e lartp\u00ebrmendura z. Frash\u00ebri keqinterpreton problemet e Kish\u00ebs son\u00eb, duke i trajtuar ato politikisht. Kisha Ortodokse Autoqefale e Shqip\u00ebris\u00eb ka qen\u00eb, \u00ebsht\u00eb dhe do t\u00eb jet\u00eb e","og_url":"https:\/\/orthodoxalbania.org\/2020\/2013\/03\/20\/nje-sqarim-i-detyrueshem-nga-berati-drejtuar-gazetes-shqiptare\/","og_site_name":"Kisha Orthodh\u03bfkse Autoqefale e Shqip\u00ebris\u00eb","article_publisher":"https:\/\/www.facebook.com\/koash1991","article_published_time":"2013-03-20T13:02:15+00:00","article_modified_time":"2020-04-06T20:32:20+00:00","og_image":[{"url":"https:\/\/lh6.googleusercontent.com\/-NN4yJjmR47c\/VKpV9dgr3OI\/AAAAAAAAJ0Y\/PfWqtRO95J8\/w590-h823-no\/Berati%2Cfirmat1.jpg","type":"","width":"","height":""}],"author":"Kisha Orthodhokse","twitter_card":"summary_large_image","twitter_misc":{"Written by":"Kisha Orthodhokse","Est. reading time":"11 minutes"},"schema":{"@context":"https:\/\/schema.org","@graph":[{"@type":"Article","@id":"https:\/\/orthodoxalbania.org\/2020\/2013\/03\/20\/nje-sqarim-i-detyrueshem-nga-berati-drejtuar-gazetes-shqiptare\/#article","isPartOf":{"@id":"https:\/\/orthodoxalbania.org\/2020\/2013\/03\/20\/nje-sqarim-i-detyrueshem-nga-berati-drejtuar-gazetes-shqiptare\/"},"author":{"name":"Kisha Orthodhokse","@id":"https:\/\/orthodoxalbania.org\/2020\/#\/schema\/person\/0c387634a7063ac612d7ed9ce71c7e86"},"headline":"Nj\u00eb sqarim i detyruesh\u00ebm nga Berati drejtuar Gazet\u00ebs Shqiptare. (Shtator 2010)","datePublished":"2013-03-20T13:02:15+00:00","dateModified":"2020-04-06T20:32:20+00:00","mainEntityOfPage":{"@id":"https:\/\/orthodoxalbania.org\/2020\/2013\/03\/20\/nje-sqarim-i-detyrueshem-nga-berati-drejtuar-gazetes-shqiptare\/"},"wordCount":2183,"commentCount":0,"publisher":{"@id":"https:\/\/orthodoxalbania.org\/2020\/#organization"},"image":{"@id":"https:\/\/orthodoxalbania.org\/2020\/2013\/03\/20\/nje-sqarim-i-detyrueshem-nga-berati-drejtuar-gazetes-shqiptare\/#primaryimage"},"thumbnailUrl":"https:\/\/lh6.googleusercontent.com\/-NN4yJjmR47c\/VKpV9dgr3OI\/AAAAAAAAJ0Y\/PfWqtRO95J8\/w590-h823-no\/Berati%2Cfirmat1.jpg","keywords":["2010","Deklarata - Njoftime Zyrtare","lajme","Mitropolia Berat","P\u00ebrgjigje ndaj akuzave"],"articleSection":["Lajme"],"inLanguage":"en-US"},{"@type":"WebPage","@id":"https:\/\/orthodoxalbania.org\/2020\/2013\/03\/20\/nje-sqarim-i-detyrueshem-nga-berati-drejtuar-gazetes-shqiptare\/","url":"https:\/\/orthodoxalbania.org\/2020\/2013\/03\/20\/nje-sqarim-i-detyrueshem-nga-berati-drejtuar-gazetes-shqiptare\/","name":"Nj\u00eb sqarim i detyruesh\u00ebm nga Berati drejtuar Gazet\u00ebs Shqiptare. (Shtator 2010) - Kisha Orthodh\u03bfkse Autoqefale e Shqip\u00ebris\u00eb","isPartOf":{"@id":"https:\/\/orthodoxalbania.org\/2020\/#website"},"primaryImageOfPage":{"@id":"https:\/\/orthodoxalbania.org\/2020\/2013\/03\/20\/nje-sqarim-i-detyrueshem-nga-berati-drejtuar-gazetes-shqiptare\/#primaryimage"},"image":{"@id":"https:\/\/orthodoxalbania.org\/2020\/2013\/03\/20\/nje-sqarim-i-detyrueshem-nga-berati-drejtuar-gazetes-shqiptare\/#primaryimage"},"thumbnailUrl":"https:\/\/lh6.googleusercontent.com\/-NN4yJjmR47c\/VKpV9dgr3OI\/AAAAAAAAJ0Y\/PfWqtRO95J8\/w590-h823-no\/Berati%2Cfirmat1.jpg","datePublished":"2013-03-20T13:02:15+00:00","dateModified":"2020-04-06T20:32:20+00:00","breadcrumb":{"@id":"https:\/\/orthodoxalbania.org\/2020\/2013\/03\/20\/nje-sqarim-i-detyrueshem-nga-berati-drejtuar-gazetes-shqiptare\/#breadcrumb"},"inLanguage":"en-US","potentialAction":[{"@type":"ReadAction","target":["https:\/\/orthodoxalbania.org\/2020\/2013\/03\/20\/nje-sqarim-i-detyrueshem-nga-berati-drejtuar-gazetes-shqiptare\/"]}]},{"@type":"ImageObject","inLanguage":"en-US","@id":"https:\/\/orthodoxalbania.org\/2020\/2013\/03\/20\/nje-sqarim-i-detyrueshem-nga-berati-drejtuar-gazetes-shqiptare\/#primaryimage","url":"https:\/\/lh6.googleusercontent.com\/-NN4yJjmR47c\/VKpV9dgr3OI\/AAAAAAAAJ0Y\/PfWqtRO95J8\/w590-h823-no\/Berati%2Cfirmat1.jpg","contentUrl":"https:\/\/lh6.googleusercontent.com\/-NN4yJjmR47c\/VKpV9dgr3OI\/AAAAAAAAJ0Y\/PfWqtRO95J8\/w590-h823-no\/Berati%2Cfirmat1.jpg"},{"@type":"BreadcrumbList","@id":"https:\/\/orthodoxalbania.org\/2020\/2013\/03\/20\/nje-sqarim-i-detyrueshem-nga-berati-drejtuar-gazetes-shqiptare\/#breadcrumb","itemListElement":[{"@type":"ListItem","position":1,"name":"Home","item":"https:\/\/orthodoxalbania.org\/2020\/"},{"@type":"ListItem","position":2,"name":"Nj\u00eb sqarim i detyruesh\u00ebm nga Berati drejtuar Gazet\u00ebs Shqiptare. (Shtator 2010)"}]},{"@type":"WebSite","@id":"https:\/\/orthodoxalbania.org\/2020\/#website","url":"https:\/\/orthodoxalbania.org\/2020\/","name":"Kisha Orthodh\u03bfkse Autoqefale e Shqip\u00ebris\u00eb","description":"Fqja Zyrtare e Kish\u00ebs Orthodhokse Autoqefale e Shqip\u00ebris\u00eb me lajmet edhe informacionet zyrtare p\u00ebr struktur\u00ebn edhe veprimtarin e saj.","publisher":{"@id":"https:\/\/orthodoxalbania.org\/2020\/#organization"},"potentialAction":[{"@type":"SearchAction","target":{"@type":"EntryPoint","urlTemplate":"https:\/\/orthodoxalbania.org\/2020\/?s={search_term_string}"},"query-input":{"@type":"PropertyValueSpecification","valueRequired":true,"valueName":"search_term_string"}}],"inLanguage":"en-US"},{"@type":"Organization","@id":"https:\/\/orthodoxalbania.org\/2020\/#organization","name":"Kisha Orthodhokse Autoqefale e Shqip\u00ebris\u00eb","url":"https:\/\/orthodoxalbania.org\/2020\/","logo":{"@type":"ImageObject","inLanguage":"en-US","@id":"https:\/\/orthodoxalbania.org\/2020\/#\/schema\/logo\/image\/","url":"https:\/\/orthodoxalbania.org\/2020\/wp-content\/uploads\/2020\/05\/albania.jpeg","contentUrl":"https:\/\/orthodoxalbania.org\/2020\/wp-content\/uploads\/2020\/05\/albania.jpeg","width":540,"height":540,"caption":"Kisha Orthodhokse Autoqefale e Shqip\u00ebris\u00eb"},"image":{"@id":"https:\/\/orthodoxalbania.org\/2020\/#\/schema\/logo\/image\/"},"sameAs":["https:\/\/www.facebook.com\/koash1991"]},{"@type":"Person","@id":"https:\/\/orthodoxalbania.org\/2020\/#\/schema\/person\/0c387634a7063ac612d7ed9ce71c7e86","name":"Kisha Orthodhokse","image":{"@type":"ImageObject","inLanguage":"en-US","@id":"https:\/\/secure.gravatar.com\/avatar\/596e7c417251e30f2fbb9c00e026fce61a695a00e51c889caded71c96cbbdde5?s=96&d=mm&r=g","url":"https:\/\/secure.gravatar.com\/avatar\/596e7c417251e30f2fbb9c00e026fce61a695a00e51c889caded71c96cbbdde5?s=96&d=mm&r=g","contentUrl":"https:\/\/secure.gravatar.com\/avatar\/596e7c417251e30f2fbb9c00e026fce61a695a00e51c889caded71c96cbbdde5?s=96&d=mm&r=g","caption":"Kisha Orthodhokse"}}]}},"_links":{"self":[{"href":"https:\/\/orthodoxalbania.org\/2020\/wp-json\/wp\/v2\/posts\/1009","targetHints":{"allow":["GET"]}}],"collection":[{"href":"https:\/\/orthodoxalbania.org\/2020\/wp-json\/wp\/v2\/posts"}],"about":[{"href":"https:\/\/orthodoxalbania.org\/2020\/wp-json\/wp\/v2\/types\/post"}],"author":[{"embeddable":true,"href":"https:\/\/orthodoxalbania.org\/2020\/wp-json\/wp\/v2\/users\/1"}],"replies":[{"embeddable":true,"href":"https:\/\/orthodoxalbania.org\/2020\/wp-json\/wp\/v2\/comments?post=1009"}],"version-history":[{"count":1,"href":"https:\/\/orthodoxalbania.org\/2020\/wp-json\/wp\/v2\/posts\/1009\/revisions"}],"predecessor-version":[{"id":15466,"href":"https:\/\/orthodoxalbania.org\/2020\/wp-json\/wp\/v2\/posts\/1009\/revisions\/15466"}],"wp:attachment":[{"href":"https:\/\/orthodoxalbania.org\/2020\/wp-json\/wp\/v2\/media?parent=1009"}],"wp:term":[{"taxonomy":"category","embeddable":true,"href":"https:\/\/orthodoxalbania.org\/2020\/wp-json\/wp\/v2\/categories?post=1009"},{"taxonomy":"post_tag","embeddable":true,"href":"https:\/\/orthodoxalbania.org\/2020\/wp-json\/wp\/v2\/tags?post=1009"}],"curies":[{"name":"wp","href":"https:\/\/api.w.org\/{rel}","templated":true}]}}