{"id":1008,"date":"2013-03-20T12:49:46","date_gmt":"2013-03-20T12:49:46","guid":{"rendered":""},"modified":"2020-04-06T22:32:25","modified_gmt":"2020-04-06T20:32:25","slug":"nje-rruge-me-emrin-e-kryepiskopit-anastas-ne-kelcyre","status":"publish","type":"post","link":"https:\/\/orthodoxalbania.org\/2020\/2013\/03\/20\/nje-rruge-me-emrin-e-kryepiskopit-anastas-ne-kelcyre\/","title":{"rendered":"Nj\u00eb rrug\u00eb me emrin e Kryepiskopit Anastas, n\u00eb K\u00eblcyr\u00eb. (Korrik 2010)"},"content":{"rendered":"<div style=\"text-align: -webkit-center;\">&nbsp;<\/div>\n<table style=\"margin-right: auto; margin-left: auto;\">\n<tbody>\n<tr>\n<td>\n<div class=\"style7\">\n<p class=\"style8\" style=\"text-align: justify;\"><span style=\"color: #000000;\"><span style=\"font-family: tahoma,geneva,sans-serif;\"><span style=\"font-size: 12px;\"><img decoding=\"async\" class=\"lazyload HAa Eha\" style=\"height: 259px; width: 310px; border-width: 1px; border-style: solid; margin: 10px; float: left;\" alt=\"\" src=\"data:image\/gif;base64,R0lGODlhAQABAAAAACH5BAEKAAEALAAAAAABAAEAAAICTAEAOw==\" data-orig-src=\"https:\/\/lh4.googleusercontent.com\/-H-OanfIXARo\/U_7gq_cPoXI\/AAAAAAAABjk\/umG4l2l9eHA\/w600-h501-no\/3.jpg\" \/> &nbsp; &nbsp; K\u00ebshilli Bashkiak i qytez\u00ebs s\u00eb K\u00eblcyr\u00ebs ruante nj\u00eb surpriz\u00eb t\u00eb k\u00ebndshme p\u00ebr Kryepiskopin Anastas: me vendim nj\u00ebz\u00ebri t\u00eb tij nj\u00eb nga rrug\u00ebt n\u00eb qend\u00ebr t\u00eb qytez\u00ebs mori emrin e Kryepiskopit Anastas. N\u00eb ceremonin\u00eb e vendosjes s\u00eb pllak\u00ebs s\u00eb mermert\u00eb me emrin e rrug\u00ebs mori pjes\u00eb edhe vet\u00eb Fortlumturia e Tij.<\/span><\/span><\/span><\/p>\n<p class=\"style8\" style=\"text-align: justify;\"> <span style=\"color: #000000;\"><span style=\"font-family: tahoma,geneva,sans-serif;\"><span style=\"font-size: 12px;\">&nbsp;&nbsp;&nbsp; Shum\u00eb besimtar\u00eb, s\u00eb bashku me prift\u00ebrinjt\u00eb e tyre, si dhe autoritetet lokale t\u00eb qytetit organizuan nj\u00eb pritje t\u00eb ngroht\u00eb p\u00ebr Kryepiskopin. N\u00eb kish\u00ebn e Ungjill\u00ebzimit t\u00eb Per\u00ebndilind\u00ebses dhe Ngjalljes s\u00eb Zotit u b\u00eb nj\u00eb lutje e shkurt\u00ebr dhe Kryepiskopi, i shoq\u00ebruar gjithmon\u00eb nga Hir\u00ebsia e Tij Dhimitri, b\u00ebri nj\u00eb p\u00ebrsh\u00ebndetje t\u00eb ngroht\u00eb, duke iu referuar si p\u00ebrparimit t\u00eb jasht\u00ebzakonsh\u00ebm q\u00eb \u00ebsht\u00eb sh\u00ebnuar n\u00eb Kish\u00ebn Orthodhokse n\u00eb p\u00ebrpjekjen p\u00ebr ringjalljen e saj pas persekutimit ateist shum\u00ebvje\u00e7ar, ashtu dhe p\u00ebrpjekjes q\u00eb duhet t\u00eb vazhdoj\u00eb secili besimtar n\u00eb ve\u00e7anti q\u00eb t\u00eb rinovohet shpirt\u00ebrisht dhe t\u00eb p\u00ebrforcoj\u00eb besimin e tij te Per\u00ebndia.<img decoding=\"async\" class=\"lazyload HAa Eha\" style=\"height: 260px; width: 342px; border-width: 1px; border-style: solid; margin: 10px; float: right;\" alt=\"\" src=\"data:image\/gif;base64,R0lGODlhAQABAAAAACH5BAEKAAEALAAAAAABAAEAAAICTAEAOw==\" data-orig-src=\"https:\/\/lh6.googleusercontent.com\/-3RERDVH1CLw\/U_7gq93TLQI\/AAAAAAAABjU\/mj6Dw1UxkoI\/w600-h457-no\/4.jpg\" \/><\/span><\/span><\/span><\/p>\n<p class=\"style8\" style=\"text-align: justify;\"> <span style=\"color: #000000;\"><span style=\"font-family: tahoma,geneva,sans-serif;\"><span style=\"font-size: 12px;\">&nbsp;&nbsp;&nbsp; Kryetari i Bashkis\u00eb s\u00eb K\u00eblcyr\u00ebs, z. Agron Tahiri, n\u00eb sheshin para Bashkis\u00eb lexoi vendimin lidhur me nderimin e Fortlumturis\u00eb s\u00eb Tij. Ky nderim b\u00ebhet n\u00eb personin e Kryepiskopit Anastas p\u00ebr pun\u00ebn dhe vepr\u00ebn e tij shum\u00ebdimensionale p\u00ebr ringjalljen e Kish\u00ebs Orthodhokse, promovimin e bashkekzistenc\u00ebs paq\u00ebsore dhe bashk\u00ebpunimit mes komuniteteve fetare n\u00eb vend, por n\u00eb ve\u00e7anti p\u00ebr kujdesin e Tij p\u00ebr K\u00eblcyr\u00ebn.<\/span><\/span><\/span><\/p>\n<p class=\"style8\" style=\"text-align: justify;\"> <span style=\"color: #000000;\"><span style=\"font-family: tahoma,geneva,sans-serif;\"><span style=\"font-size: 12px;\">&nbsp;&nbsp;&nbsp;&nbsp; N\u00eb K\u00eblcyr\u00eb kisha madh\u00ebshtore n\u00eb qend\u00ebr t\u00eb qytetit, q\u00eb nderon Ungjill\u00ebzimin e Per\u00ebndilind\u00ebses dhe Ngjalljen e Zotit, ka qen\u00eb nd\u00ebr veprat e para q\u00eb realizoi Kryepiskopi. Gjithashtu, nd\u00ebr klerik\u00ebt e par\u00eb q\u00eb ai hirotonisi \u00ebsht\u00eb prifti famullitar i K\u00eblcyr\u00ebs. N\u00eb vazhdim, Fortlumturia e Tij u kujdes edhe p\u00ebr pajisjen e brendshme dhe zbukurimin e kish\u00ebs. Me kujdesin dhe burimet financiare t\u00eb Kryepiskopit gjithashtu u ble n\u00eb krah t\u00eb saj nj\u00eb godin\u00eb, q\u00eb sh\u00ebrben si qend\u00ebr rinore dhe shpirt\u00ebrore. Shum\u00eb af\u00ebr me qytez\u00ebn, n\u00eb Gryk\u00ebn e K\u00eblcyr\u00ebs, nga ana e Kryepiskopit u ngrit nga themelet manastiri i ri i Sh\u00ebn Nikoll\u00ebs, i cili ishte shkat\u00ebrruar plot\u00ebsisht. Ai p\u00ebrb\u00ebn vend lutjeje p\u00ebr banor\u00ebt e zon\u00ebs (jo vet\u00ebm p\u00ebr t\u00eb krishter\u00ebt).<\/span><\/span><\/span><\/p>\n<p class=\"style8\" style=\"text-align: justify;\"> <span style=\"color: #000000;\"><span style=\"font-family: tahoma,geneva,sans-serif;\"><span style=\"font-size: 12px;\">&nbsp;&nbsp;&nbsp; M\u00eb e r\u00ebnd\u00ebsishme nd\u00ebr t\u00eb gjitha k\u00ebto p\u00ebr Kish\u00ebn Orthodhokse dhe Kryepiskopin Anastas mbetet ndihma q\u00eb \u00ebsht\u00eb dh\u00ebn\u00eb n\u00eb mb\u00ebshtetje t\u00eb rinis\u00eb. Shum\u00eb t\u00eb rinj dhe t\u00eb reja nga zona kan\u00eb vazhduar ose vazhdojn\u00eb shkoll\u00ebn me burs\u00eb t\u00eb dh\u00ebn\u00eb nga Kryepiskopi n\u00eb vatrat arsimore t\u00eb Kish\u00ebs, nd\u00ebrsa dhjet\u00ebra t\u00eb tjer\u00eb vit pas viti marrin pjes\u00eb n\u00eb kampingjet rinore.<\/span><\/span><\/span><\/p>\n<p class=\"style8\" style=\"text-align: justify;\"> <span style=\"color: #000000;\"><span style=\"font-family: tahoma,geneva,sans-serif;\"><span style=\"font-size: 12px;\">&nbsp;&nbsp;&nbsp;&nbsp; N\u00eb vazhdim vijoi nj\u00eb pritje simbolike n\u00eb qendr\u00ebn shpirt\u00ebrore, ku u shk\u00ebmbyen p\u00ebrsh\u00ebndetje dhe u dha nj\u00eb program i shkurt\u00ebr me saze popullore tradicionale nga t\u00eb rinjt\u00eb e Qendr\u00ebs Shpirt\u00ebrore Orthodhokse t\u00eb K\u00eblcyr\u00ebs.<\/span><\/span><\/span><\/p>\n<p class=\"style8\" style=\"text-align: justify;\">&nbsp;<\/p>\n<table style=\"margin-right: auto; margin-left: auto; width: 685px; height: 251px;\">\n<tbody>\n<tr>\n<td>\n<p class=\"style8\"><span style=\"color: #000000;\"><span style=\"font-family: tahoma,geneva,sans-serif;\"><span style=\"font-size: 12px;\"><img decoding=\"async\" class=\"lazyload HAa Eha\" style=\"height: 218px; width: 300px; margin: 10px auto; display: block; border: 1px solid;\" alt=\"\" src=\"data:image\/svg+xml,%3Csvg%20xmlns%3D%27http%3A%2F%2Fwww.w3.org%2F2000%2Fsvg%27%20width%3D%27300%27%20height%3D%27218%27%20viewBox%3D%270%200%20300%20218%27%3E%3Crect%20width%3D%27300%27%20height%3D%27218%27%20fill-opacity%3D%220%22%2F%3E%3C%2Fsvg%3E\" data-orig-src=\"https:\/\/lh5.googleusercontent.com\/-8sGv_6ulwlw\/U_7gq5VOxTI\/AAAAAAAABjg\/WCzyRpTvpLk\/w600-h435-no\/5.jpg\" height=\"218px\" width=\"300px\" \/><\/span><\/span><\/span><\/p>\n<\/td>\n<td>\n<p class=\"style8\"><span style=\"color: #000000;\"><span style=\"font-family: tahoma,geneva,sans-serif;\"><span style=\"font-size: 12px;\"><\/span><\/span><\/span><\/p>\n<p class=\"style8\"><span style=\"color: #000000;\"><span style=\"font-family: tahoma,geneva,sans-serif;\"><span style=\"font-size: 12px;\"><\/span><\/span><\/span><\/p>\n<p class=\"style8\"><span style=\"color: #000000;\"><span style=\"font-family: tahoma,geneva,sans-serif;\"><span style=\"font-size: 12px;\"><img decoding=\"async\" class=\"lazyload HAa Eha\" style=\"margin: 10px auto; display: block; border: 1px solid;\" alt=\"\" src=\"data:image\/svg+xml,%3Csvg%20xmlns%3D%27http%3A%2F%2Fwww.w3.org%2F2000%2Fsvg%27%20width%3D%27331%27%20height%3D%27218%27%20viewBox%3D%270%200%20331%20218%27%3E%3Crect%20width%3D%27331%27%20height%3D%27218%27%20fill-opacity%3D%220%22%2F%3E%3C%2Fsvg%3E\" data-orig-src=\"https:\/\/lh4.googleusercontent.com\/-1c9TNTcR_zc\/U_7grpvi71I\/AAAAAAAABjc\/xSebu7aCafo\/w600-h400-no\/6.jpg\" height=\"218\" width=\"331\" \/><\/span><\/span><\/span><\/p>\n<\/td>\n<\/tr>\n<\/tbody>\n<\/table>\n<p class=\"style8\" style=\"text-align: justify;\">&nbsp;<\/p>\n<p class=\"style8\"><span style=\"color: #000000;\"><span style=\"font-family: tahoma,geneva,sans-serif;\"><span style=\"font-size: 12px;\"><\/span><\/span><\/span><\/p>\n<p class=\"style8\"><span style=\"color: #000000;\"><span style=\"font-family: tahoma,geneva,sans-serif;\"><span style=\"font-size: 12px;\"><\/span><\/span><\/span><\/p>\n<\/div>\n<\/td>\n<\/tr>\n<\/tbody>\n<\/table>\n","protected":false},"excerpt":{"rendered":"<p>&nbsp; &nbsp; &nbsp; K\u00ebshilli Bashkiak i qytez\u00ebs s\u00eb K\u00eblcyr\u00ebs ruante nj\u00eb surpriz\u00eb t\u00eb k\u00ebndshme p\u00ebr Kryepiskopin Anastas: me vendim nj\u00ebz\u00ebri t\u00eb tij nj\u00eb nga rrug\u00ebt n\u00eb qend\u00ebr t\u00eb qytez\u00ebs mori emrin e Kryepiskopit Anastas. N\u00eb ceremonin\u00eb e vendosjes s\u00eb pllak\u00ebs s\u00eb mermert\u00eb me emrin e rrug\u00ebs mori pjes\u00eb edhe vet\u00eb Fortlumturia e Tij. &nbsp;&nbsp;&nbsp; Shum\u00eb besimtar\u00eb, s\u00eb bashku me prift\u00ebrinjt\u00eb e tyre, si dhe autoritetet<\/p>\n","protected":false},"author":1,"featured_media":0,"comment_status":"open","ping_status":"open","sticky":false,"template":"","format":"standard","meta":{"_acf_changed":false,"pagelayer_contact_templates":[],"_pagelayer_content":"","inline_featured_image":false,"fifu_image_url":"","fifu_image_alt":"","footnotes":""},"categories":[108],"tags":[144,196,201,212,198],"class_list":["post-1008","post","type-post","status-publish","format-standard","hentry","category-lajme","tag-144","tag-tirane","tag-kryepiskopi-anastas","tag-lajme-d27","tag-gjirokaster"],"acf":[],"yoast_head":"<!-- This site is optimized with the Yoast SEO plugin v27.2 - https:\/\/yoast.com\/product\/yoast-seo-wordpress\/ -->\n<title>Nj\u00eb rrug\u00eb me emrin e Kryepiskopit Anastas, n\u00eb K\u00eblcyr\u00eb. (Korrik 2010) - Kisha Orthodh\u03bfkse Autoqefale e Shqip\u00ebris\u00eb<\/title>\n<meta name=\"robots\" content=\"index, follow, max-snippet:-1, max-image-preview:large, max-video-preview:-1\" \/>\n<link rel=\"canonical\" href=\"https:\/\/orthodoxalbania.org\/2020\/2013\/03\/20\/nje-rruge-me-emrin-e-kryepiskopit-anastas-ne-kelcyre\/\" \/>\n<meta property=\"og:locale\" content=\"en_US\" \/>\n<meta property=\"og:type\" content=\"article\" \/>\n<meta property=\"og:title\" content=\"Nj\u00eb rrug\u00eb me emrin e Kryepiskopit Anastas, n\u00eb K\u00eblcyr\u00eb. (Korrik 2010) - Kisha Orthodh\u03bfkse Autoqefale e Shqip\u00ebris\u00eb\" \/>\n<meta property=\"og:description\" content=\"&nbsp; &nbsp; &nbsp; K\u00ebshilli Bashkiak i qytez\u00ebs s\u00eb K\u00eblcyr\u00ebs ruante nj\u00eb surpriz\u00eb t\u00eb k\u00ebndshme p\u00ebr Kryepiskopin Anastas: me vendim nj\u00ebz\u00ebri t\u00eb tij nj\u00eb nga rrug\u00ebt n\u00eb qend\u00ebr t\u00eb qytez\u00ebs mori emrin e Kryepiskopit Anastas. N\u00eb ceremonin\u00eb e vendosjes s\u00eb pllak\u00ebs s\u00eb mermert\u00eb me emrin e rrug\u00ebs mori pjes\u00eb edhe vet\u00eb Fortlumturia e Tij. &nbsp;&nbsp;&nbsp; Shum\u00eb besimtar\u00eb, s\u00eb bashku me prift\u00ebrinjt\u00eb e tyre, si dhe autoritetet\" \/>\n<meta property=\"og:url\" content=\"https:\/\/orthodoxalbania.org\/2020\/2013\/03\/20\/nje-rruge-me-emrin-e-kryepiskopit-anastas-ne-kelcyre\/\" \/>\n<meta property=\"og:site_name\" content=\"Kisha Orthodh\u03bfkse Autoqefale e Shqip\u00ebris\u00eb\" \/>\n<meta property=\"article:publisher\" content=\"https:\/\/www.facebook.com\/koash1991\" \/>\n<meta property=\"article:published_time\" content=\"2013-03-20T12:49:46+00:00\" \/>\n<meta property=\"article:modified_time\" content=\"2020-04-06T20:32:25+00:00\" \/>\n<meta property=\"og:image\" content=\"https:\/\/lh4.googleusercontent.com\/-H-OanfIXARo\/U_7gq_cPoXI\/AAAAAAAABjk\/umG4l2l9eHA\/w600-h501-no\/3.jpg\" \/>\n<meta name=\"author\" content=\"Kisha Orthodhokse\" \/>\n<meta name=\"twitter:card\" content=\"summary_large_image\" \/>\n<meta name=\"twitter:label1\" content=\"Written by\" \/>\n\t<meta name=\"twitter:data1\" content=\"Kisha Orthodhokse\" \/>\n\t<meta name=\"twitter:label2\" content=\"Est. reading time\" \/>\n\t<meta name=\"twitter:data2\" content=\"3 minutes\" \/>\n<script type=\"application\/ld+json\" class=\"yoast-schema-graph\">{\"@context\":\"https:\/\/schema.org\",\"@graph\":[{\"@type\":\"Article\",\"@id\":\"https:\/\/orthodoxalbania.org\/2020\/2013\/03\/20\/nje-rruge-me-emrin-e-kryepiskopit-anastas-ne-kelcyre\/#article\",\"isPartOf\":{\"@id\":\"https:\/\/orthodoxalbania.org\/2020\/2013\/03\/20\/nje-rruge-me-emrin-e-kryepiskopit-anastas-ne-kelcyre\/\"},\"author\":{\"name\":\"Kisha Orthodhokse\",\"@id\":\"https:\/\/orthodoxalbania.org\/2020\/#\/schema\/person\/0c387634a7063ac612d7ed9ce71c7e86\"},\"headline\":\"Nj\u00eb rrug\u00eb me emrin e Kryepiskopit Anastas, n\u00eb K\u00eblcyr\u00eb. (Korrik 2010)\",\"datePublished\":\"2013-03-20T12:49:46+00:00\",\"dateModified\":\"2020-04-06T20:32:25+00:00\",\"mainEntityOfPage\":{\"@id\":\"https:\/\/orthodoxalbania.org\/2020\/2013\/03\/20\/nje-rruge-me-emrin-e-kryepiskopit-anastas-ne-kelcyre\/\"},\"wordCount\":563,\"commentCount\":0,\"publisher\":{\"@id\":\"https:\/\/orthodoxalbania.org\/2020\/#organization\"},\"image\":{\"@id\":\"https:\/\/orthodoxalbania.org\/2020\/2013\/03\/20\/nje-rruge-me-emrin-e-kryepiskopit-anastas-ne-kelcyre\/#primaryimage\"},\"thumbnailUrl\":\"https:\/\/lh4.googleusercontent.com\/-H-OanfIXARo\/U_7gq_cPoXI\/AAAAAAAABjk\/umG4l2l9eHA\/w600-h501-no\/3.jpg\",\"keywords\":[\"2010\",\"Kryepiskopata Tiran\u00eb\",\"Kryepiskopi Anastas\",\"lajme\",\"Mitropolia Gjirokast\u00ebr\"],\"articleSection\":[\"Lajme\"],\"inLanguage\":\"en-US\"},{\"@type\":\"WebPage\",\"@id\":\"https:\/\/orthodoxalbania.org\/2020\/2013\/03\/20\/nje-rruge-me-emrin-e-kryepiskopit-anastas-ne-kelcyre\/\",\"url\":\"https:\/\/orthodoxalbania.org\/2020\/2013\/03\/20\/nje-rruge-me-emrin-e-kryepiskopit-anastas-ne-kelcyre\/\",\"name\":\"Nj\u00eb rrug\u00eb me emrin e Kryepiskopit Anastas, n\u00eb K\u00eblcyr\u00eb. (Korrik 2010) - Kisha Orthodh\u03bfkse Autoqefale e Shqip\u00ebris\u00eb\",\"isPartOf\":{\"@id\":\"https:\/\/orthodoxalbania.org\/2020\/#website\"},\"primaryImageOfPage\":{\"@id\":\"https:\/\/orthodoxalbania.org\/2020\/2013\/03\/20\/nje-rruge-me-emrin-e-kryepiskopit-anastas-ne-kelcyre\/#primaryimage\"},\"image\":{\"@id\":\"https:\/\/orthodoxalbania.org\/2020\/2013\/03\/20\/nje-rruge-me-emrin-e-kryepiskopit-anastas-ne-kelcyre\/#primaryimage\"},\"thumbnailUrl\":\"https:\/\/lh4.googleusercontent.com\/-H-OanfIXARo\/U_7gq_cPoXI\/AAAAAAAABjk\/umG4l2l9eHA\/w600-h501-no\/3.jpg\",\"datePublished\":\"2013-03-20T12:49:46+00:00\",\"dateModified\":\"2020-04-06T20:32:25+00:00\",\"breadcrumb\":{\"@id\":\"https:\/\/orthodoxalbania.org\/2020\/2013\/03\/20\/nje-rruge-me-emrin-e-kryepiskopit-anastas-ne-kelcyre\/#breadcrumb\"},\"inLanguage\":\"en-US\",\"potentialAction\":[{\"@type\":\"ReadAction\",\"target\":[\"https:\/\/orthodoxalbania.org\/2020\/2013\/03\/20\/nje-rruge-me-emrin-e-kryepiskopit-anastas-ne-kelcyre\/\"]}]},{\"@type\":\"ImageObject\",\"inLanguage\":\"en-US\",\"@id\":\"https:\/\/orthodoxalbania.org\/2020\/2013\/03\/20\/nje-rruge-me-emrin-e-kryepiskopit-anastas-ne-kelcyre\/#primaryimage\",\"url\":\"https:\/\/lh4.googleusercontent.com\/-H-OanfIXARo\/U_7gq_cPoXI\/AAAAAAAABjk\/umG4l2l9eHA\/w600-h501-no\/3.jpg\",\"contentUrl\":\"https:\/\/lh4.googleusercontent.com\/-H-OanfIXARo\/U_7gq_cPoXI\/AAAAAAAABjk\/umG4l2l9eHA\/w600-h501-no\/3.jpg\"},{\"@type\":\"BreadcrumbList\",\"@id\":\"https:\/\/orthodoxalbania.org\/2020\/2013\/03\/20\/nje-rruge-me-emrin-e-kryepiskopit-anastas-ne-kelcyre\/#breadcrumb\",\"itemListElement\":[{\"@type\":\"ListItem\",\"position\":1,\"name\":\"Home\",\"item\":\"https:\/\/orthodoxalbania.org\/2020\/\"},{\"@type\":\"ListItem\",\"position\":2,\"name\":\"Nj\u00eb rrug\u00eb me emrin e Kryepiskopit Anastas, n\u00eb K\u00eblcyr\u00eb. (Korrik 2010)\"}]},{\"@type\":\"WebSite\",\"@id\":\"https:\/\/orthodoxalbania.org\/2020\/#website\",\"url\":\"https:\/\/orthodoxalbania.org\/2020\/\",\"name\":\"Kisha Orthodh\u03bfkse Autoqefale e Shqip\u00ebris\u00eb\",\"description\":\"Fqja Zyrtare e Kish\u00ebs Orthodhokse Autoqefale e Shqip\u00ebris\u00eb me lajmet edhe informacionet zyrtare p\u00ebr struktur\u00ebn edhe veprimtarin e saj.\",\"publisher\":{\"@id\":\"https:\/\/orthodoxalbania.org\/2020\/#organization\"},\"potentialAction\":[{\"@type\":\"SearchAction\",\"target\":{\"@type\":\"EntryPoint\",\"urlTemplate\":\"https:\/\/orthodoxalbania.org\/2020\/?s={search_term_string}\"},\"query-input\":{\"@type\":\"PropertyValueSpecification\",\"valueRequired\":true,\"valueName\":\"search_term_string\"}}],\"inLanguage\":\"en-US\"},{\"@type\":\"Organization\",\"@id\":\"https:\/\/orthodoxalbania.org\/2020\/#organization\",\"name\":\"Kisha Orthodhokse Autoqefale e Shqip\u00ebris\u00eb\",\"url\":\"https:\/\/orthodoxalbania.org\/2020\/\",\"logo\":{\"@type\":\"ImageObject\",\"inLanguage\":\"en-US\",\"@id\":\"https:\/\/orthodoxalbania.org\/2020\/#\/schema\/logo\/image\/\",\"url\":\"https:\/\/orthodoxalbania.org\/2020\/wp-content\/uploads\/2020\/05\/albania.jpeg\",\"contentUrl\":\"https:\/\/orthodoxalbania.org\/2020\/wp-content\/uploads\/2020\/05\/albania.jpeg\",\"width\":540,\"height\":540,\"caption\":\"Kisha Orthodhokse Autoqefale e Shqip\u00ebris\u00eb\"},\"image\":{\"@id\":\"https:\/\/orthodoxalbania.org\/2020\/#\/schema\/logo\/image\/\"},\"sameAs\":[\"https:\/\/www.facebook.com\/koash1991\"]},{\"@type\":\"Person\",\"@id\":\"https:\/\/orthodoxalbania.org\/2020\/#\/schema\/person\/0c387634a7063ac612d7ed9ce71c7e86\",\"name\":\"Kisha Orthodhokse\",\"image\":{\"@type\":\"ImageObject\",\"inLanguage\":\"en-US\",\"@id\":\"https:\/\/secure.gravatar.com\/avatar\/596e7c417251e30f2fbb9c00e026fce61a695a00e51c889caded71c96cbbdde5?s=96&d=mm&r=g\",\"url\":\"https:\/\/secure.gravatar.com\/avatar\/596e7c417251e30f2fbb9c00e026fce61a695a00e51c889caded71c96cbbdde5?s=96&d=mm&r=g\",\"contentUrl\":\"https:\/\/secure.gravatar.com\/avatar\/596e7c417251e30f2fbb9c00e026fce61a695a00e51c889caded71c96cbbdde5?s=96&d=mm&r=g\",\"caption\":\"Kisha Orthodhokse\"}}]}<\/script>\n<!-- \/ Yoast SEO plugin. -->","yoast_head_json":{"title":"Nj\u00eb rrug\u00eb me emrin e Kryepiskopit Anastas, n\u00eb K\u00eblcyr\u00eb. (Korrik 2010) - Kisha Orthodh\u03bfkse Autoqefale e Shqip\u00ebris\u00eb","robots":{"index":"index","follow":"follow","max-snippet":"max-snippet:-1","max-image-preview":"max-image-preview:large","max-video-preview":"max-video-preview:-1"},"canonical":"https:\/\/orthodoxalbania.org\/2020\/2013\/03\/20\/nje-rruge-me-emrin-e-kryepiskopit-anastas-ne-kelcyre\/","og_locale":"en_US","og_type":"article","og_title":"Nj\u00eb rrug\u00eb me emrin e Kryepiskopit Anastas, n\u00eb K\u00eblcyr\u00eb. (Korrik 2010) - Kisha Orthodh\u03bfkse Autoqefale e Shqip\u00ebris\u00eb","og_description":"&nbsp; &nbsp; &nbsp; K\u00ebshilli Bashkiak i qytez\u00ebs s\u00eb K\u00eblcyr\u00ebs ruante nj\u00eb surpriz\u00eb t\u00eb k\u00ebndshme p\u00ebr Kryepiskopin Anastas: me vendim nj\u00ebz\u00ebri t\u00eb tij nj\u00eb nga rrug\u00ebt n\u00eb qend\u00ebr t\u00eb qytez\u00ebs mori emrin e Kryepiskopit Anastas. N\u00eb ceremonin\u00eb e vendosjes s\u00eb pllak\u00ebs s\u00eb mermert\u00eb me emrin e rrug\u00ebs mori pjes\u00eb edhe vet\u00eb Fortlumturia e Tij. &nbsp;&nbsp;&nbsp; Shum\u00eb besimtar\u00eb, s\u00eb bashku me prift\u00ebrinjt\u00eb e tyre, si dhe autoritetet","og_url":"https:\/\/orthodoxalbania.org\/2020\/2013\/03\/20\/nje-rruge-me-emrin-e-kryepiskopit-anastas-ne-kelcyre\/","og_site_name":"Kisha Orthodh\u03bfkse Autoqefale e Shqip\u00ebris\u00eb","article_publisher":"https:\/\/www.facebook.com\/koash1991","article_published_time":"2013-03-20T12:49:46+00:00","article_modified_time":"2020-04-06T20:32:25+00:00","og_image":[{"url":"https:\/\/lh4.googleusercontent.com\/-H-OanfIXARo\/U_7gq_cPoXI\/AAAAAAAABjk\/umG4l2l9eHA\/w600-h501-no\/3.jpg","type":"","width":"","height":""}],"author":"Kisha Orthodhokse","twitter_card":"summary_large_image","twitter_misc":{"Written by":"Kisha Orthodhokse","Est. reading time":"3 minutes"},"schema":{"@context":"https:\/\/schema.org","@graph":[{"@type":"Article","@id":"https:\/\/orthodoxalbania.org\/2020\/2013\/03\/20\/nje-rruge-me-emrin-e-kryepiskopit-anastas-ne-kelcyre\/#article","isPartOf":{"@id":"https:\/\/orthodoxalbania.org\/2020\/2013\/03\/20\/nje-rruge-me-emrin-e-kryepiskopit-anastas-ne-kelcyre\/"},"author":{"name":"Kisha Orthodhokse","@id":"https:\/\/orthodoxalbania.org\/2020\/#\/schema\/person\/0c387634a7063ac612d7ed9ce71c7e86"},"headline":"Nj\u00eb rrug\u00eb me emrin e Kryepiskopit Anastas, n\u00eb K\u00eblcyr\u00eb. (Korrik 2010)","datePublished":"2013-03-20T12:49:46+00:00","dateModified":"2020-04-06T20:32:25+00:00","mainEntityOfPage":{"@id":"https:\/\/orthodoxalbania.org\/2020\/2013\/03\/20\/nje-rruge-me-emrin-e-kryepiskopit-anastas-ne-kelcyre\/"},"wordCount":563,"commentCount":0,"publisher":{"@id":"https:\/\/orthodoxalbania.org\/2020\/#organization"},"image":{"@id":"https:\/\/orthodoxalbania.org\/2020\/2013\/03\/20\/nje-rruge-me-emrin-e-kryepiskopit-anastas-ne-kelcyre\/#primaryimage"},"thumbnailUrl":"https:\/\/lh4.googleusercontent.com\/-H-OanfIXARo\/U_7gq_cPoXI\/AAAAAAAABjk\/umG4l2l9eHA\/w600-h501-no\/3.jpg","keywords":["2010","Kryepiskopata Tiran\u00eb","Kryepiskopi Anastas","lajme","Mitropolia Gjirokast\u00ebr"],"articleSection":["Lajme"],"inLanguage":"en-US"},{"@type":"WebPage","@id":"https:\/\/orthodoxalbania.org\/2020\/2013\/03\/20\/nje-rruge-me-emrin-e-kryepiskopit-anastas-ne-kelcyre\/","url":"https:\/\/orthodoxalbania.org\/2020\/2013\/03\/20\/nje-rruge-me-emrin-e-kryepiskopit-anastas-ne-kelcyre\/","name":"Nj\u00eb rrug\u00eb me emrin e Kryepiskopit Anastas, n\u00eb K\u00eblcyr\u00eb. (Korrik 2010) - Kisha Orthodh\u03bfkse Autoqefale e Shqip\u00ebris\u00eb","isPartOf":{"@id":"https:\/\/orthodoxalbania.org\/2020\/#website"},"primaryImageOfPage":{"@id":"https:\/\/orthodoxalbania.org\/2020\/2013\/03\/20\/nje-rruge-me-emrin-e-kryepiskopit-anastas-ne-kelcyre\/#primaryimage"},"image":{"@id":"https:\/\/orthodoxalbania.org\/2020\/2013\/03\/20\/nje-rruge-me-emrin-e-kryepiskopit-anastas-ne-kelcyre\/#primaryimage"},"thumbnailUrl":"https:\/\/lh4.googleusercontent.com\/-H-OanfIXARo\/U_7gq_cPoXI\/AAAAAAAABjk\/umG4l2l9eHA\/w600-h501-no\/3.jpg","datePublished":"2013-03-20T12:49:46+00:00","dateModified":"2020-04-06T20:32:25+00:00","breadcrumb":{"@id":"https:\/\/orthodoxalbania.org\/2020\/2013\/03\/20\/nje-rruge-me-emrin-e-kryepiskopit-anastas-ne-kelcyre\/#breadcrumb"},"inLanguage":"en-US","potentialAction":[{"@type":"ReadAction","target":["https:\/\/orthodoxalbania.org\/2020\/2013\/03\/20\/nje-rruge-me-emrin-e-kryepiskopit-anastas-ne-kelcyre\/"]}]},{"@type":"ImageObject","inLanguage":"en-US","@id":"https:\/\/orthodoxalbania.org\/2020\/2013\/03\/20\/nje-rruge-me-emrin-e-kryepiskopit-anastas-ne-kelcyre\/#primaryimage","url":"https:\/\/lh4.googleusercontent.com\/-H-OanfIXARo\/U_7gq_cPoXI\/AAAAAAAABjk\/umG4l2l9eHA\/w600-h501-no\/3.jpg","contentUrl":"https:\/\/lh4.googleusercontent.com\/-H-OanfIXARo\/U_7gq_cPoXI\/AAAAAAAABjk\/umG4l2l9eHA\/w600-h501-no\/3.jpg"},{"@type":"BreadcrumbList","@id":"https:\/\/orthodoxalbania.org\/2020\/2013\/03\/20\/nje-rruge-me-emrin-e-kryepiskopit-anastas-ne-kelcyre\/#breadcrumb","itemListElement":[{"@type":"ListItem","position":1,"name":"Home","item":"https:\/\/orthodoxalbania.org\/2020\/"},{"@type":"ListItem","position":2,"name":"Nj\u00eb rrug\u00eb me emrin e Kryepiskopit Anastas, n\u00eb K\u00eblcyr\u00eb. (Korrik 2010)"}]},{"@type":"WebSite","@id":"https:\/\/orthodoxalbania.org\/2020\/#website","url":"https:\/\/orthodoxalbania.org\/2020\/","name":"Kisha Orthodh\u03bfkse Autoqefale e Shqip\u00ebris\u00eb","description":"Fqja Zyrtare e Kish\u00ebs Orthodhokse Autoqefale e Shqip\u00ebris\u00eb me lajmet edhe informacionet zyrtare p\u00ebr struktur\u00ebn edhe veprimtarin e saj.","publisher":{"@id":"https:\/\/orthodoxalbania.org\/2020\/#organization"},"potentialAction":[{"@type":"SearchAction","target":{"@type":"EntryPoint","urlTemplate":"https:\/\/orthodoxalbania.org\/2020\/?s={search_term_string}"},"query-input":{"@type":"PropertyValueSpecification","valueRequired":true,"valueName":"search_term_string"}}],"inLanguage":"en-US"},{"@type":"Organization","@id":"https:\/\/orthodoxalbania.org\/2020\/#organization","name":"Kisha Orthodhokse Autoqefale e Shqip\u00ebris\u00eb","url":"https:\/\/orthodoxalbania.org\/2020\/","logo":{"@type":"ImageObject","inLanguage":"en-US","@id":"https:\/\/orthodoxalbania.org\/2020\/#\/schema\/logo\/image\/","url":"https:\/\/orthodoxalbania.org\/2020\/wp-content\/uploads\/2020\/05\/albania.jpeg","contentUrl":"https:\/\/orthodoxalbania.org\/2020\/wp-content\/uploads\/2020\/05\/albania.jpeg","width":540,"height":540,"caption":"Kisha Orthodhokse Autoqefale e Shqip\u00ebris\u00eb"},"image":{"@id":"https:\/\/orthodoxalbania.org\/2020\/#\/schema\/logo\/image\/"},"sameAs":["https:\/\/www.facebook.com\/koash1991"]},{"@type":"Person","@id":"https:\/\/orthodoxalbania.org\/2020\/#\/schema\/person\/0c387634a7063ac612d7ed9ce71c7e86","name":"Kisha Orthodhokse","image":{"@type":"ImageObject","inLanguage":"en-US","@id":"https:\/\/secure.gravatar.com\/avatar\/596e7c417251e30f2fbb9c00e026fce61a695a00e51c889caded71c96cbbdde5?s=96&d=mm&r=g","url":"https:\/\/secure.gravatar.com\/avatar\/596e7c417251e30f2fbb9c00e026fce61a695a00e51c889caded71c96cbbdde5?s=96&d=mm&r=g","contentUrl":"https:\/\/secure.gravatar.com\/avatar\/596e7c417251e30f2fbb9c00e026fce61a695a00e51c889caded71c96cbbdde5?s=96&d=mm&r=g","caption":"Kisha Orthodhokse"}}]}},"_links":{"self":[{"href":"https:\/\/orthodoxalbania.org\/2020\/wp-json\/wp\/v2\/posts\/1008","targetHints":{"allow":["GET"]}}],"collection":[{"href":"https:\/\/orthodoxalbania.org\/2020\/wp-json\/wp\/v2\/posts"}],"about":[{"href":"https:\/\/orthodoxalbania.org\/2020\/wp-json\/wp\/v2\/types\/post"}],"author":[{"embeddable":true,"href":"https:\/\/orthodoxalbania.org\/2020\/wp-json\/wp\/v2\/users\/1"}],"replies":[{"embeddable":true,"href":"https:\/\/orthodoxalbania.org\/2020\/wp-json\/wp\/v2\/comments?post=1008"}],"version-history":[{"count":1,"href":"https:\/\/orthodoxalbania.org\/2020\/wp-json\/wp\/v2\/posts\/1008\/revisions"}],"predecessor-version":[{"id":15493,"href":"https:\/\/orthodoxalbania.org\/2020\/wp-json\/wp\/v2\/posts\/1008\/revisions\/15493"}],"wp:attachment":[{"href":"https:\/\/orthodoxalbania.org\/2020\/wp-json\/wp\/v2\/media?parent=1008"}],"wp:term":[{"taxonomy":"category","embeddable":true,"href":"https:\/\/orthodoxalbania.org\/2020\/wp-json\/wp\/v2\/categories?post=1008"},{"taxonomy":"post_tag","embeddable":true,"href":"https:\/\/orthodoxalbania.org\/2020\/wp-json\/wp\/v2\/tags?post=1008"}],"curies":[{"name":"wp","href":"https:\/\/api.w.org\/{rel}","templated":true}]}}