{"id":1006,"date":"2006-02-26T00:00:00","date_gmt":"2006-02-26T00:00:00","guid":{"rendered":""},"modified":"2020-04-06T22:36:03","modified_gmt":"2020-04-06T20:36:03","slug":"nje-dreke-dashurie-per-azilantet-e-azileve-te-motrave-te-nene-terezes-ne-tirane-gusht-06","status":"publish","type":"post","link":"https:\/\/orthodoxalbania.org\/2020\/2006\/02\/26\/nje-dreke-dashurie-per-azilantet-e-azileve-te-motrave-te-nene-terezes-ne-tirane-gusht-06\/","title":{"rendered":"Nj\u00eb drek\u00eb dashurie p\u00ebr azilant\u00ebt e azileve t\u00eb motrave t\u00eb N\u00ebn\u00eb Terez\u00ebs, n\u00eb Tiran\u00eb. (16 Gusht 2006)"},"content":{"rendered":"<table id=\"AutoNumber4\" border=\"0\">\n<tbody>\n<tr>\n<td>\n<div style=\"text-align: justify;\"><span style=\"color: #000000;\"><span style=\"font-family: tahoma,geneva,sans-serif;\"><span style=\"font-size: 12px;\">&nbsp;&nbsp;&nbsp; Prej syve t\u00eb vuajtur, prej zemrash me brenga, me shum\u00eb halle deri n\u00eb vitet e fundit t\u00eb jet\u00ebs. Ravij\u00ebzohen n\u00eb rrudhat e tyre nj\u00eb mij\u00eb e nj\u00eb probleme dhe shpresa t\u00eb pasosura. Gjithsesi ata nuk jan\u00eb vet\u00ebm. Gjithmon\u00eb pran\u00eb tyre ndodhen njer\u00ebz zem\u00ebrdhembshur, jo thjesht p\u00ebr t\u2019i ngush\u00eblluar n\u00eb nj\u00eb dit\u00eb t\u00eb zakonshme, duke mposhtur disi vetmin\u00eb e tyre, por p\u00ebr t\u2019iu treguar dashurin\u00eb e v\u00ebrtet\u00eb t\u00eb krishter\u00eb q\u00eb nis k\u00ebtu n\u00eb tok\u00eb e p\u00ebrfundon n\u00eb p\u00ebrjet\u00ebsi.<br \/> <\/span><\/span><\/span><\/div>\n<div style=\"text-align: justify;\">&nbsp;<\/div>\n<div style=\"text-align: justify;\"><span style=\"color: #000000;\"><span style=\"font-family: tahoma,geneva,sans-serif;\"><span style=\"font-size: 12px;\">&nbsp;&nbsp;&nbsp; Kisha Orthodhokse Autoqefale e Shqip\u00ebris\u00eb \u00ebsht\u00eb rreshtuar p\u00ebrher\u00eb n\u00eb radh\u00ebt e para n\u00eb ndihm\u00eb t\u00eb njer\u00ebzve me nevoja t\u00eb theksuara jetike. N\u00eb t\u00eb kremtet festive t\u00eb Kish\u00ebs, madje n\u00eb cil\u00ebndo dit\u00eb t\u00eb vitit, Kryepiskopi Anastas ka dh\u00ebn\u00eb nj\u00eb kontribut t\u00eb jasht\u00ebzakonsh\u00ebm me ndihma shpirt\u00ebrore e materiale.<\/span><\/span><\/span><\/div>\n<\/td>\n<td>\n<div style=\"text-align: center;\"><span style=\"color: #000000;\"><span style=\"font-family: tahoma,geneva,sans-serif;\"><span style=\"font-size: 12px;\"><img decoding=\"async\" class=\"lazyload HAa Eha\" style=\"height: 225px; width: 300px; border-width: 1px; border-style: solid; margin: 10px;\" alt=\"\" src=\"data:image\/gif;base64,R0lGODlhAQABAAAAACH5BAEKAAEALAAAAAABAAEAAAICTAEAOw==\" data-orig-src=\"https:\/\/lh6.googleusercontent.com\/-AQ6xpiq19WU\/VIgewora-4I\/AAAAAAAAFv4\/Kvcl9THPEqU\/w350-h262-no\/l.jpg\" \/><\/span><\/span><\/span><\/div>\n<\/td>\n<\/tr>\n<tr>\n<td>\n<div style=\"text-align: center;\"><span style=\"color: #000000;\"><span style=\"font-family: tahoma,geneva,sans-serif;\"><span style=\"font-size: 12px;\"><img decoding=\"async\" class=\"lazyload HAa Eha\" style=\"height: 225px; width: 300px; border-width: 1px; border-style: solid; margin: 10px;\" alt=\"\" src=\"data:image\/gif;base64,R0lGODlhAQABAAAAACH5BAEKAAEALAAAAAABAAEAAAICTAEAOw==\" data-orig-src=\"https:\/\/lh5.googleusercontent.com\/-npzbMKbf4T4\/VIgevmRnMmI\/AAAAAAAAFwI\/8YLruxFs_2g\/w350-h262-no\/2text.jpg\" \/><\/span><\/span><\/span><\/div>\n<\/td>\n<td>\n<div style=\"text-align: justify;\"><span style=\"color: #000000;\"><span style=\"font-family: tahoma,geneva,sans-serif;\"><span style=\"font-size: 12px;\">&nbsp;&nbsp;&nbsp;&nbsp; Edhe k\u00ebt\u00eb sezon vere, pik\u00ebrisht n\u00eb kuad\u00ebr t\u00eb s\u00eb kremtes s\u00eb Hyjlind\u00ebses Mari, t\u00eb fest\u00ebs s\u00eb 15 gushtit, n\u00eb qendr\u00ebn e re t\u00eb Kish\u00ebs son\u00eb n\u00eb Tiran\u00eb, t\u00eb pag\u00ebzuar me emrin \u201cThavor\u201d, ne dt. 16 gusht u shtrua nj\u00eb drek\u00eb dashurie me t\u00eb moshuarit dhe njer\u00ebzit me probleme sh\u00ebndetsore t\u00eb azileve t\u00eb burrave dhe grave, p\u00ebr t\u00eb cil\u00ebt p\u00ebrkujdesen motrat e N\u00ebn\u00eb Terez\u00ebs. Rreth 60 persona h\u00ebngr\u00ebn nj\u00eb drek\u00eb me menu t\u00eb pasur dhe ushqime t\u00eb bollshme, aq sa dikush prej tyre e quajti \u201cdasm\u00eb\u201d. G\u00ebzimi dhe harmonia e \u00e7do gj\u00ebje n\u00eb k\u00ebt\u00eb \u201cdasm\u00eb\u201d ishin t\u00eb pranishme kudo, ve\u00e7an\u00ebrisht n\u00eb zemrat e lodhura t\u00eb azilant\u00ebve.<\/span><\/span><\/span><\/div>\n<\/td>\n<\/tr>\n<tr>\n<td>\n<div style=\"text-align: justify;\"><span style=\"color: #000000;\"><span style=\"font-family: tahoma,geneva,sans-serif;\"><span style=\"font-size: 12px;\">&nbsp;&nbsp;&nbsp;&nbsp; T\u00eb shoq\u00ebruar nga nj\u00eb grup i grave dhe rinis\u00eb orthodhokse t\u00eb Tiran\u00ebs ata u prit\u00ebn dhe u p\u00ebrcoll\u00ebn me shum\u00eb dashamir\u00ebsi dhe kujdes, duke mbetur t\u00eb k\u00ebnaqur nga kjo dit\u00eb kaq e ve\u00e7ant\u00eb e jet\u00ebs s\u00eb tyre. Madje, nj\u00eb nga grat\u00eb e moshuara, pasi u ngrit nga tryeza nxori nga zemra e saj p\u00ebrshtypjet m\u00eb dometh\u00ebn\u00ebse: \u201cNj\u00eb drek\u00eb q\u00eb nuk do ta harrojm\u00eb kurr\u00eb\u201d.<\/span><\/span><\/span><\/div>\n<\/td>\n<td>\n<div style=\"text-align: center;\"><span style=\"color: #000000;\"><span style=\"font-family: tahoma,geneva,sans-serif;\"><span style=\"font-size: 12px;\"><img decoding=\"async\" class=\"lazyload HAa Eha\" style=\"height: 225px; width: 300px; border-width: 1px; border-style: solid; margin: 10px;\" alt=\"\" src=\"data:image\/gif;base64,R0lGODlhAQABAAAAACH5BAEKAAEALAAAAAABAAEAAAICTAEAOw==\" data-orig-src=\"https:\/\/lh4.googleusercontent.com\/-H_YBPGiIecY\/VIgevhPi26I\/AAAAAAAAFwA\/71VLlp0Qzjk\/w350-h262-no\/3text.jpg\" \/><\/span><\/span><\/span><\/div>\n<\/td>\n<\/tr>\n<tr>\n<td>\n<div style=\"text-align: center;\"><span style=\"color: #000000;\"><span style=\"font-family: tahoma,geneva,sans-serif;\"><span style=\"font-size: 12px;\"><img decoding=\"async\" class=\"lazyload HAa Eha\" style=\"height: 225px; width: 300px; border-width: 1px; border-style: solid; margin: 10px;\" alt=\"\" src=\"data:image\/gif;base64,R0lGODlhAQABAAAAACH5BAEKAAEALAAAAAABAAEAAAICTAEAOw==\" data-orig-src=\"https:\/\/lh3.googleusercontent.com\/-IiqZWQDgknE\/VIgev2Y-4mI\/AAAAAAAAFv0\/HxRa8nM-A44\/w350-h262-no\/4text.jpg\" \/><\/span><\/span><\/span><\/div>\n<\/td>\n<td>\n<div style=\"text-align: justify;\"><span style=\"color: #000000;\"><span style=\"font-family: tahoma,geneva,sans-serif;\"><span style=\"font-size: 12px;\">&nbsp;&nbsp;&nbsp;&nbsp; Shum\u00eb prej k\u00ebtyre njer\u00ebzve me shpirt t\u00eb pasur fal\u00ebnderuan organizator\u00ebt, por n\u00eb ve\u00e7anti Per\u00ebndin\u00eb, duke u lutur s\u00eb bashku p\u00ebr mbar\u00ebshtimin e ushqimit dhe p\u00ebr nj\u00eb jet\u00eb t\u00eb pasosur m\u00eb Krishtin. Shum\u00eb fal\u00ebnderime ata p\u00ebrcoll\u00ebn edhe p\u00ebr Kryepiskopin Anastas, i cili shpenzoi nj\u00eb shum\u00eb t\u00eb konsiderueshme p\u00ebr k\u00ebt\u00eb drek\u00eb.<\/span><\/span><\/span><\/div>\n<\/td>\n<\/tr>\n<tr>\n<td>\n<div style=\"text-align: justify;\"><span style=\"color: #000000;\"><span style=\"font-family: tahoma,geneva,sans-serif;\"><span style=\"font-size: 12px;\">&nbsp;&nbsp;&nbsp; Gjat\u00eb koh\u00ebs s\u00eb ngr\u00ebnies s\u00eb drek\u00ebs, nj\u00eb fal\u00ebnderim t\u00eb ve\u00e7ant\u00eb p\u00ebrcolli edhe drejtuesja e Lidhjes s\u00eb Grave Orthodhokse t\u00eb Tiran\u00ebs, znj. Rajmonda Shqevi, e cila theksoi r\u00ebnd\u00ebsin\u00eb e frym\u00ebs s\u00eb dashuris\u00eb s\u00eb krishter\u00eb n\u00eb jet\u00ebn e gjithsecilit. Gjithashtu mes pjes\u00ebmarr\u00ebsve ndodheshin edhe dy klerik\u00eb t\u00eb dashur t\u00eb Kish\u00ebs son\u00eb, Arkimandrit Nikolla dhe At Kozmai, t\u00eb cil\u00ebt dhan\u00eb nj\u00eb kontribut shum\u00eb t\u00eb \u00e7muar nga ana shpirt\u00ebrore p\u00ebr mbar\u00ebvajtjen e k\u00ebsaj dreke me t\u00eb moshuarit e azileve t\u00eb motrave t\u00eb N\u00ebn\u00eb Terez\u00ebs, n\u00eb Tiran\u00eb. Lidhja e Grave Orthodhokse bashk\u00eb me Rinin\u00eb Orthodhokse kan\u00eb nj\u00eb bashk\u00ebpunim humanitar mjaft t\u00eb mir\u00eb me azilet e motrave t\u00eb N\u00ebn\u00eb Terez\u00ebs n\u00eb Tiran\u00eb, duke ndihmuar njer\u00ebz shum\u00eb t\u00eb varf\u00ebr dhe t\u00eb s\u00ebmur\u00eb n\u00eb \u00e7do form\u00eb q\u00eb t\u00eb jet\u00eb e mundur: me ushqime, veshmbathje, strehime, kurime sh\u00ebndet\u00ebsore, ndihm\u00eb shpirt\u00ebrore etj.<\/span><\/span><\/span><\/div>\n<\/td>\n<td>\n<div style=\"text-align: center;\"><span style=\"color: #000000;\"><span style=\"font-family: tahoma,geneva,sans-serif;\"><span style=\"font-size: 12px;\"><img decoding=\"async\" class=\"lazyload HAa Eha\" style=\"height: 225px; width: 300px; border-width: 1px; border-style: solid; margin: 10px;\" alt=\"\" src=\"data:image\/gif;base64,R0lGODlhAQABAAAAACH5BAEKAAEALAAAAAABAAEAAAICTAEAOw==\" data-orig-src=\"https:\/\/lh5.googleusercontent.com\/-Qa-oyenMSkw\/VIgewQLui_I\/AAAAAAAAFv8\/AF0X6bi615g\/w350-h262-no\/5text.jpg\" \/><\/span><\/span><\/span><\/div>\n<\/td>\n<\/tr>\n<tr>\n<td style=\"text-align: justify;\">\n<div>&nbsp;<\/div>\n<\/td>\n<td style=\"text-align: justify;\">\n<div>&nbsp;<\/div>\n<\/td>\n<\/tr>\n<\/tbody>\n<\/table>\n<div style=\"text-align: justify;\">&nbsp;<\/div>\n<div style=\"text-align: justify;\">&nbsp;<\/div>\n<div style=\"text-align: justify;\"><span style=\"color: #000000;\"><span style=\"font-family: tahoma,geneva,sans-serif;\"><span style=\"font-size: 12px;\">&nbsp;&nbsp;&nbsp; Isidor Koti<\/span><\/span><\/span><\/div>\n","protected":false},"excerpt":{"rendered":"<p>&nbsp;&nbsp;&nbsp; Prej syve t\u00eb vuajtur, prej zemrash me brenga, me shum\u00eb halle deri n\u00eb vitet e fundit t\u00eb jet\u00ebs. Ravij\u00ebzohen n\u00eb rrudhat e tyre nj\u00eb mij\u00eb e nj\u00eb probleme dhe shpresa t\u00eb pasosura. Gjithsesi ata nuk jan\u00eb vet\u00ebm. Gjithmon\u00eb pran\u00eb tyre ndodhen njer\u00ebz zem\u00ebrdhembshur, jo thjesht p\u00ebr t\u2019i ngush\u00eblluar n\u00eb nj\u00eb dit\u00eb t\u00eb zakonshme, duke mposhtur disi vetmin\u00eb e tyre, por p\u00ebr t\u2019iu treguar dashurin\u00eb<\/p>\n","protected":false},"author":1,"featured_media":0,"comment_status":"open","ping_status":"open","sticky":false,"template":"","format":"standard","meta":{"_acf_changed":false,"pagelayer_contact_templates":[],"_pagelayer_content":"","inline_featured_image":false,"fifu_image_url":"","fifu_image_alt":"","footnotes":""},"categories":[108],"tags":[148,633,196,212],"class_list":["post-1006","post","type-post","status-publish","format-standard","hentry","category-lajme","tag-148","tag-donacionendihma","tag-tirane","tag-lajme-d27"],"acf":[],"yoast_head":"<!-- This site is optimized with the Yoast SEO plugin v27.2 - https:\/\/yoast.com\/product\/yoast-seo-wordpress\/ -->\n<title>Nj\u00eb drek\u00eb dashurie p\u00ebr azilant\u00ebt e azileve t\u00eb motrave t\u00eb N\u00ebn\u00eb Terez\u00ebs, n\u00eb Tiran\u00eb. (16 Gusht 2006) - Kisha Orthodh\u03bfkse Autoqefale e Shqip\u00ebris\u00eb<\/title>\n<meta name=\"robots\" content=\"index, follow, max-snippet:-1, max-image-preview:large, max-video-preview:-1\" \/>\n<link rel=\"canonical\" href=\"https:\/\/orthodoxalbania.org\/2020\/2006\/02\/26\/nje-dreke-dashurie-per-azilantet-e-azileve-te-motrave-te-nene-terezes-ne-tirane-gusht-06\/\" \/>\n<meta property=\"og:locale\" content=\"en_US\" \/>\n<meta property=\"og:type\" content=\"article\" \/>\n<meta property=\"og:title\" content=\"Nj\u00eb drek\u00eb dashurie p\u00ebr azilant\u00ebt e azileve t\u00eb motrave t\u00eb N\u00ebn\u00eb Terez\u00ebs, n\u00eb Tiran\u00eb. (16 Gusht 2006) - Kisha Orthodh\u03bfkse Autoqefale e Shqip\u00ebris\u00eb\" \/>\n<meta property=\"og:description\" content=\"&nbsp;&nbsp;&nbsp; Prej syve t\u00eb vuajtur, prej zemrash me brenga, me shum\u00eb halle deri n\u00eb vitet e fundit t\u00eb jet\u00ebs. Ravij\u00ebzohen n\u00eb rrudhat e tyre nj\u00eb mij\u00eb e nj\u00eb probleme dhe shpresa t\u00eb pasosura. Gjithsesi ata nuk jan\u00eb vet\u00ebm. Gjithmon\u00eb pran\u00eb tyre ndodhen njer\u00ebz zem\u00ebrdhembshur, jo thjesht p\u00ebr t\u2019i ngush\u00eblluar n\u00eb nj\u00eb dit\u00eb t\u00eb zakonshme, duke mposhtur disi vetmin\u00eb e tyre, por p\u00ebr t\u2019iu treguar dashurin\u00eb\" \/>\n<meta property=\"og:url\" content=\"https:\/\/orthodoxalbania.org\/2020\/2006\/02\/26\/nje-dreke-dashurie-per-azilantet-e-azileve-te-motrave-te-nene-terezes-ne-tirane-gusht-06\/\" \/>\n<meta property=\"og:site_name\" content=\"Kisha Orthodh\u03bfkse Autoqefale e Shqip\u00ebris\u00eb\" \/>\n<meta property=\"article:publisher\" content=\"https:\/\/www.facebook.com\/koash1991\" \/>\n<meta property=\"article:published_time\" content=\"2006-02-26T00:00:00+00:00\" \/>\n<meta property=\"article:modified_time\" content=\"2020-04-06T20:36:03+00:00\" \/>\n<meta property=\"og:image\" content=\"https:\/\/lh6.googleusercontent.com\/-AQ6xpiq19WU\/VIgewora-4I\/AAAAAAAAFv4\/Kvcl9THPEqU\/w350-h262-no\/l.jpg\" \/>\n<meta name=\"author\" content=\"Kisha Orthodhokse\" \/>\n<meta name=\"twitter:card\" content=\"summary_large_image\" \/>\n<meta name=\"twitter:label1\" content=\"Written by\" \/>\n\t<meta name=\"twitter:data1\" content=\"Kisha Orthodhokse\" \/>\n\t<meta name=\"twitter:label2\" content=\"Est. reading time\" \/>\n\t<meta name=\"twitter:data2\" content=\"3 minutes\" \/>\n<script type=\"application\/ld+json\" class=\"yoast-schema-graph\">{\"@context\":\"https:\/\/schema.org\",\"@graph\":[{\"@type\":\"Article\",\"@id\":\"https:\/\/orthodoxalbania.org\/2020\/2006\/02\/26\/nje-dreke-dashurie-per-azilantet-e-azileve-te-motrave-te-nene-terezes-ne-tirane-gusht-06\/#article\",\"isPartOf\":{\"@id\":\"https:\/\/orthodoxalbania.org\/2020\/2006\/02\/26\/nje-dreke-dashurie-per-azilantet-e-azileve-te-motrave-te-nene-terezes-ne-tirane-gusht-06\/\"},\"author\":{\"name\":\"Kisha Orthodhokse\",\"@id\":\"https:\/\/orthodoxalbania.org\/2020\/#\/schema\/person\/0c387634a7063ac612d7ed9ce71c7e86\"},\"headline\":\"Nj\u00eb drek\u00eb dashurie p\u00ebr azilant\u00ebt e azileve t\u00eb motrave t\u00eb N\u00ebn\u00eb Terez\u00ebs, n\u00eb Tiran\u00eb. (16 Gusht 2006)\",\"datePublished\":\"2006-02-26T00:00:00+00:00\",\"dateModified\":\"2020-04-06T20:36:03+00:00\",\"mainEntityOfPage\":{\"@id\":\"https:\/\/orthodoxalbania.org\/2020\/2006\/02\/26\/nje-dreke-dashurie-per-azilantet-e-azileve-te-motrave-te-nene-terezes-ne-tirane-gusht-06\/\"},\"wordCount\":625,\"commentCount\":0,\"publisher\":{\"@id\":\"https:\/\/orthodoxalbania.org\/2020\/#organization\"},\"image\":{\"@id\":\"https:\/\/orthodoxalbania.org\/2020\/2006\/02\/26\/nje-dreke-dashurie-per-azilantet-e-azileve-te-motrave-te-nene-terezes-ne-tirane-gusht-06\/#primaryimage\"},\"thumbnailUrl\":\"https:\/\/lh6.googleusercontent.com\/-AQ6xpiq19WU\/VIgewora-4I\/AAAAAAAAFv4\/Kvcl9THPEqU\/w350-h262-no\/l.jpg\",\"keywords\":[\"2006\",\"DonacioneNdihma\",\"Kryepiskopata Tiran\u00eb\",\"lajme\"],\"articleSection\":[\"Lajme\"],\"inLanguage\":\"en-US\"},{\"@type\":\"WebPage\",\"@id\":\"https:\/\/orthodoxalbania.org\/2020\/2006\/02\/26\/nje-dreke-dashurie-per-azilantet-e-azileve-te-motrave-te-nene-terezes-ne-tirane-gusht-06\/\",\"url\":\"https:\/\/orthodoxalbania.org\/2020\/2006\/02\/26\/nje-dreke-dashurie-per-azilantet-e-azileve-te-motrave-te-nene-terezes-ne-tirane-gusht-06\/\",\"name\":\"Nj\u00eb drek\u00eb dashurie p\u00ebr azilant\u00ebt e azileve t\u00eb motrave t\u00eb N\u00ebn\u00eb Terez\u00ebs, n\u00eb Tiran\u00eb. (16 Gusht 2006) - Kisha Orthodh\u03bfkse Autoqefale e Shqip\u00ebris\u00eb\",\"isPartOf\":{\"@id\":\"https:\/\/orthodoxalbania.org\/2020\/#website\"},\"primaryImageOfPage\":{\"@id\":\"https:\/\/orthodoxalbania.org\/2020\/2006\/02\/26\/nje-dreke-dashurie-per-azilantet-e-azileve-te-motrave-te-nene-terezes-ne-tirane-gusht-06\/#primaryimage\"},\"image\":{\"@id\":\"https:\/\/orthodoxalbania.org\/2020\/2006\/02\/26\/nje-dreke-dashurie-per-azilantet-e-azileve-te-motrave-te-nene-terezes-ne-tirane-gusht-06\/#primaryimage\"},\"thumbnailUrl\":\"https:\/\/lh6.googleusercontent.com\/-AQ6xpiq19WU\/VIgewora-4I\/AAAAAAAAFv4\/Kvcl9THPEqU\/w350-h262-no\/l.jpg\",\"datePublished\":\"2006-02-26T00:00:00+00:00\",\"dateModified\":\"2020-04-06T20:36:03+00:00\",\"breadcrumb\":{\"@id\":\"https:\/\/orthodoxalbania.org\/2020\/2006\/02\/26\/nje-dreke-dashurie-per-azilantet-e-azileve-te-motrave-te-nene-terezes-ne-tirane-gusht-06\/#breadcrumb\"},\"inLanguage\":\"en-US\",\"potentialAction\":[{\"@type\":\"ReadAction\",\"target\":[\"https:\/\/orthodoxalbania.org\/2020\/2006\/02\/26\/nje-dreke-dashurie-per-azilantet-e-azileve-te-motrave-te-nene-terezes-ne-tirane-gusht-06\/\"]}]},{\"@type\":\"ImageObject\",\"inLanguage\":\"en-US\",\"@id\":\"https:\/\/orthodoxalbania.org\/2020\/2006\/02\/26\/nje-dreke-dashurie-per-azilantet-e-azileve-te-motrave-te-nene-terezes-ne-tirane-gusht-06\/#primaryimage\",\"url\":\"https:\/\/lh6.googleusercontent.com\/-AQ6xpiq19WU\/VIgewora-4I\/AAAAAAAAFv4\/Kvcl9THPEqU\/w350-h262-no\/l.jpg\",\"contentUrl\":\"https:\/\/lh6.googleusercontent.com\/-AQ6xpiq19WU\/VIgewora-4I\/AAAAAAAAFv4\/Kvcl9THPEqU\/w350-h262-no\/l.jpg\"},{\"@type\":\"BreadcrumbList\",\"@id\":\"https:\/\/orthodoxalbania.org\/2020\/2006\/02\/26\/nje-dreke-dashurie-per-azilantet-e-azileve-te-motrave-te-nene-terezes-ne-tirane-gusht-06\/#breadcrumb\",\"itemListElement\":[{\"@type\":\"ListItem\",\"position\":1,\"name\":\"Home\",\"item\":\"https:\/\/orthodoxalbania.org\/2020\/\"},{\"@type\":\"ListItem\",\"position\":2,\"name\":\"Nj\u00eb drek\u00eb dashurie p\u00ebr azilant\u00ebt e azileve t\u00eb motrave t\u00eb N\u00ebn\u00eb Terez\u00ebs, n\u00eb Tiran\u00eb. (16 Gusht 2006)\"}]},{\"@type\":\"WebSite\",\"@id\":\"https:\/\/orthodoxalbania.org\/2020\/#website\",\"url\":\"https:\/\/orthodoxalbania.org\/2020\/\",\"name\":\"Kisha Orthodh\u03bfkse Autoqefale e Shqip\u00ebris\u00eb\",\"description\":\"Fqja Zyrtare e Kish\u00ebs Orthodhokse Autoqefale e Shqip\u00ebris\u00eb me lajmet edhe informacionet zyrtare p\u00ebr struktur\u00ebn edhe veprimtarin e saj.\",\"publisher\":{\"@id\":\"https:\/\/orthodoxalbania.org\/2020\/#organization\"},\"potentialAction\":[{\"@type\":\"SearchAction\",\"target\":{\"@type\":\"EntryPoint\",\"urlTemplate\":\"https:\/\/orthodoxalbania.org\/2020\/?s={search_term_string}\"},\"query-input\":{\"@type\":\"PropertyValueSpecification\",\"valueRequired\":true,\"valueName\":\"search_term_string\"}}],\"inLanguage\":\"en-US\"},{\"@type\":\"Organization\",\"@id\":\"https:\/\/orthodoxalbania.org\/2020\/#organization\",\"name\":\"Kisha Orthodhokse Autoqefale e Shqip\u00ebris\u00eb\",\"url\":\"https:\/\/orthodoxalbania.org\/2020\/\",\"logo\":{\"@type\":\"ImageObject\",\"inLanguage\":\"en-US\",\"@id\":\"https:\/\/orthodoxalbania.org\/2020\/#\/schema\/logo\/image\/\",\"url\":\"https:\/\/orthodoxalbania.org\/2020\/wp-content\/uploads\/2020\/05\/albania.jpeg\",\"contentUrl\":\"https:\/\/orthodoxalbania.org\/2020\/wp-content\/uploads\/2020\/05\/albania.jpeg\",\"width\":540,\"height\":540,\"caption\":\"Kisha Orthodhokse Autoqefale e Shqip\u00ebris\u00eb\"},\"image\":{\"@id\":\"https:\/\/orthodoxalbania.org\/2020\/#\/schema\/logo\/image\/\"},\"sameAs\":[\"https:\/\/www.facebook.com\/koash1991\"]},{\"@type\":\"Person\",\"@id\":\"https:\/\/orthodoxalbania.org\/2020\/#\/schema\/person\/0c387634a7063ac612d7ed9ce71c7e86\",\"name\":\"Kisha Orthodhokse\",\"image\":{\"@type\":\"ImageObject\",\"inLanguage\":\"en-US\",\"@id\":\"https:\/\/secure.gravatar.com\/avatar\/596e7c417251e30f2fbb9c00e026fce61a695a00e51c889caded71c96cbbdde5?s=96&d=mm&r=g\",\"url\":\"https:\/\/secure.gravatar.com\/avatar\/596e7c417251e30f2fbb9c00e026fce61a695a00e51c889caded71c96cbbdde5?s=96&d=mm&r=g\",\"contentUrl\":\"https:\/\/secure.gravatar.com\/avatar\/596e7c417251e30f2fbb9c00e026fce61a695a00e51c889caded71c96cbbdde5?s=96&d=mm&r=g\",\"caption\":\"Kisha Orthodhokse\"}}]}<\/script>\n<!-- \/ Yoast SEO plugin. -->","yoast_head_json":{"title":"Nj\u00eb drek\u00eb dashurie p\u00ebr azilant\u00ebt e azileve t\u00eb motrave t\u00eb N\u00ebn\u00eb Terez\u00ebs, n\u00eb Tiran\u00eb. (16 Gusht 2006) - Kisha Orthodh\u03bfkse Autoqefale e Shqip\u00ebris\u00eb","robots":{"index":"index","follow":"follow","max-snippet":"max-snippet:-1","max-image-preview":"max-image-preview:large","max-video-preview":"max-video-preview:-1"},"canonical":"https:\/\/orthodoxalbania.org\/2020\/2006\/02\/26\/nje-dreke-dashurie-per-azilantet-e-azileve-te-motrave-te-nene-terezes-ne-tirane-gusht-06\/","og_locale":"en_US","og_type":"article","og_title":"Nj\u00eb drek\u00eb dashurie p\u00ebr azilant\u00ebt e azileve t\u00eb motrave t\u00eb N\u00ebn\u00eb Terez\u00ebs, n\u00eb Tiran\u00eb. (16 Gusht 2006) - Kisha Orthodh\u03bfkse Autoqefale e Shqip\u00ebris\u00eb","og_description":"&nbsp;&nbsp;&nbsp; Prej syve t\u00eb vuajtur, prej zemrash me brenga, me shum\u00eb halle deri n\u00eb vitet e fundit t\u00eb jet\u00ebs. Ravij\u00ebzohen n\u00eb rrudhat e tyre nj\u00eb mij\u00eb e nj\u00eb probleme dhe shpresa t\u00eb pasosura. Gjithsesi ata nuk jan\u00eb vet\u00ebm. Gjithmon\u00eb pran\u00eb tyre ndodhen njer\u00ebz zem\u00ebrdhembshur, jo thjesht p\u00ebr t\u2019i ngush\u00eblluar n\u00eb nj\u00eb dit\u00eb t\u00eb zakonshme, duke mposhtur disi vetmin\u00eb e tyre, por p\u00ebr t\u2019iu treguar dashurin\u00eb","og_url":"https:\/\/orthodoxalbania.org\/2020\/2006\/02\/26\/nje-dreke-dashurie-per-azilantet-e-azileve-te-motrave-te-nene-terezes-ne-tirane-gusht-06\/","og_site_name":"Kisha Orthodh\u03bfkse Autoqefale e Shqip\u00ebris\u00eb","article_publisher":"https:\/\/www.facebook.com\/koash1991","article_published_time":"2006-02-26T00:00:00+00:00","article_modified_time":"2020-04-06T20:36:03+00:00","og_image":[{"url":"https:\/\/lh6.googleusercontent.com\/-AQ6xpiq19WU\/VIgewora-4I\/AAAAAAAAFv4\/Kvcl9THPEqU\/w350-h262-no\/l.jpg","type":"","width":"","height":""}],"author":"Kisha Orthodhokse","twitter_card":"summary_large_image","twitter_misc":{"Written by":"Kisha Orthodhokse","Est. reading time":"3 minutes"},"schema":{"@context":"https:\/\/schema.org","@graph":[{"@type":"Article","@id":"https:\/\/orthodoxalbania.org\/2020\/2006\/02\/26\/nje-dreke-dashurie-per-azilantet-e-azileve-te-motrave-te-nene-terezes-ne-tirane-gusht-06\/#article","isPartOf":{"@id":"https:\/\/orthodoxalbania.org\/2020\/2006\/02\/26\/nje-dreke-dashurie-per-azilantet-e-azileve-te-motrave-te-nene-terezes-ne-tirane-gusht-06\/"},"author":{"name":"Kisha Orthodhokse","@id":"https:\/\/orthodoxalbania.org\/2020\/#\/schema\/person\/0c387634a7063ac612d7ed9ce71c7e86"},"headline":"Nj\u00eb drek\u00eb dashurie p\u00ebr azilant\u00ebt e azileve t\u00eb motrave t\u00eb N\u00ebn\u00eb Terez\u00ebs, n\u00eb Tiran\u00eb. (16 Gusht 2006)","datePublished":"2006-02-26T00:00:00+00:00","dateModified":"2020-04-06T20:36:03+00:00","mainEntityOfPage":{"@id":"https:\/\/orthodoxalbania.org\/2020\/2006\/02\/26\/nje-dreke-dashurie-per-azilantet-e-azileve-te-motrave-te-nene-terezes-ne-tirane-gusht-06\/"},"wordCount":625,"commentCount":0,"publisher":{"@id":"https:\/\/orthodoxalbania.org\/2020\/#organization"},"image":{"@id":"https:\/\/orthodoxalbania.org\/2020\/2006\/02\/26\/nje-dreke-dashurie-per-azilantet-e-azileve-te-motrave-te-nene-terezes-ne-tirane-gusht-06\/#primaryimage"},"thumbnailUrl":"https:\/\/lh6.googleusercontent.com\/-AQ6xpiq19WU\/VIgewora-4I\/AAAAAAAAFv4\/Kvcl9THPEqU\/w350-h262-no\/l.jpg","keywords":["2006","DonacioneNdihma","Kryepiskopata Tiran\u00eb","lajme"],"articleSection":["Lajme"],"inLanguage":"en-US"},{"@type":"WebPage","@id":"https:\/\/orthodoxalbania.org\/2020\/2006\/02\/26\/nje-dreke-dashurie-per-azilantet-e-azileve-te-motrave-te-nene-terezes-ne-tirane-gusht-06\/","url":"https:\/\/orthodoxalbania.org\/2020\/2006\/02\/26\/nje-dreke-dashurie-per-azilantet-e-azileve-te-motrave-te-nene-terezes-ne-tirane-gusht-06\/","name":"Nj\u00eb drek\u00eb dashurie p\u00ebr azilant\u00ebt e azileve t\u00eb motrave t\u00eb N\u00ebn\u00eb Terez\u00ebs, n\u00eb Tiran\u00eb. (16 Gusht 2006) - Kisha Orthodh\u03bfkse Autoqefale e Shqip\u00ebris\u00eb","isPartOf":{"@id":"https:\/\/orthodoxalbania.org\/2020\/#website"},"primaryImageOfPage":{"@id":"https:\/\/orthodoxalbania.org\/2020\/2006\/02\/26\/nje-dreke-dashurie-per-azilantet-e-azileve-te-motrave-te-nene-terezes-ne-tirane-gusht-06\/#primaryimage"},"image":{"@id":"https:\/\/orthodoxalbania.org\/2020\/2006\/02\/26\/nje-dreke-dashurie-per-azilantet-e-azileve-te-motrave-te-nene-terezes-ne-tirane-gusht-06\/#primaryimage"},"thumbnailUrl":"https:\/\/lh6.googleusercontent.com\/-AQ6xpiq19WU\/VIgewora-4I\/AAAAAAAAFv4\/Kvcl9THPEqU\/w350-h262-no\/l.jpg","datePublished":"2006-02-26T00:00:00+00:00","dateModified":"2020-04-06T20:36:03+00:00","breadcrumb":{"@id":"https:\/\/orthodoxalbania.org\/2020\/2006\/02\/26\/nje-dreke-dashurie-per-azilantet-e-azileve-te-motrave-te-nene-terezes-ne-tirane-gusht-06\/#breadcrumb"},"inLanguage":"en-US","potentialAction":[{"@type":"ReadAction","target":["https:\/\/orthodoxalbania.org\/2020\/2006\/02\/26\/nje-dreke-dashurie-per-azilantet-e-azileve-te-motrave-te-nene-terezes-ne-tirane-gusht-06\/"]}]},{"@type":"ImageObject","inLanguage":"en-US","@id":"https:\/\/orthodoxalbania.org\/2020\/2006\/02\/26\/nje-dreke-dashurie-per-azilantet-e-azileve-te-motrave-te-nene-terezes-ne-tirane-gusht-06\/#primaryimage","url":"https:\/\/lh6.googleusercontent.com\/-AQ6xpiq19WU\/VIgewora-4I\/AAAAAAAAFv4\/Kvcl9THPEqU\/w350-h262-no\/l.jpg","contentUrl":"https:\/\/lh6.googleusercontent.com\/-AQ6xpiq19WU\/VIgewora-4I\/AAAAAAAAFv4\/Kvcl9THPEqU\/w350-h262-no\/l.jpg"},{"@type":"BreadcrumbList","@id":"https:\/\/orthodoxalbania.org\/2020\/2006\/02\/26\/nje-dreke-dashurie-per-azilantet-e-azileve-te-motrave-te-nene-terezes-ne-tirane-gusht-06\/#breadcrumb","itemListElement":[{"@type":"ListItem","position":1,"name":"Home","item":"https:\/\/orthodoxalbania.org\/2020\/"},{"@type":"ListItem","position":2,"name":"Nj\u00eb drek\u00eb dashurie p\u00ebr azilant\u00ebt e azileve t\u00eb motrave t\u00eb N\u00ebn\u00eb Terez\u00ebs, n\u00eb Tiran\u00eb. (16 Gusht 2006)"}]},{"@type":"WebSite","@id":"https:\/\/orthodoxalbania.org\/2020\/#website","url":"https:\/\/orthodoxalbania.org\/2020\/","name":"Kisha Orthodh\u03bfkse Autoqefale e Shqip\u00ebris\u00eb","description":"Fqja Zyrtare e Kish\u00ebs Orthodhokse Autoqefale e Shqip\u00ebris\u00eb me lajmet edhe informacionet zyrtare p\u00ebr struktur\u00ebn edhe veprimtarin e saj.","publisher":{"@id":"https:\/\/orthodoxalbania.org\/2020\/#organization"},"potentialAction":[{"@type":"SearchAction","target":{"@type":"EntryPoint","urlTemplate":"https:\/\/orthodoxalbania.org\/2020\/?s={search_term_string}"},"query-input":{"@type":"PropertyValueSpecification","valueRequired":true,"valueName":"search_term_string"}}],"inLanguage":"en-US"},{"@type":"Organization","@id":"https:\/\/orthodoxalbania.org\/2020\/#organization","name":"Kisha Orthodhokse Autoqefale e Shqip\u00ebris\u00eb","url":"https:\/\/orthodoxalbania.org\/2020\/","logo":{"@type":"ImageObject","inLanguage":"en-US","@id":"https:\/\/orthodoxalbania.org\/2020\/#\/schema\/logo\/image\/","url":"https:\/\/orthodoxalbania.org\/2020\/wp-content\/uploads\/2020\/05\/albania.jpeg","contentUrl":"https:\/\/orthodoxalbania.org\/2020\/wp-content\/uploads\/2020\/05\/albania.jpeg","width":540,"height":540,"caption":"Kisha Orthodhokse Autoqefale e Shqip\u00ebris\u00eb"},"image":{"@id":"https:\/\/orthodoxalbania.org\/2020\/#\/schema\/logo\/image\/"},"sameAs":["https:\/\/www.facebook.com\/koash1991"]},{"@type":"Person","@id":"https:\/\/orthodoxalbania.org\/2020\/#\/schema\/person\/0c387634a7063ac612d7ed9ce71c7e86","name":"Kisha Orthodhokse","image":{"@type":"ImageObject","inLanguage":"en-US","@id":"https:\/\/secure.gravatar.com\/avatar\/596e7c417251e30f2fbb9c00e026fce61a695a00e51c889caded71c96cbbdde5?s=96&d=mm&r=g","url":"https:\/\/secure.gravatar.com\/avatar\/596e7c417251e30f2fbb9c00e026fce61a695a00e51c889caded71c96cbbdde5?s=96&d=mm&r=g","contentUrl":"https:\/\/secure.gravatar.com\/avatar\/596e7c417251e30f2fbb9c00e026fce61a695a00e51c889caded71c96cbbdde5?s=96&d=mm&r=g","caption":"Kisha Orthodhokse"}}]}},"_links":{"self":[{"href":"https:\/\/orthodoxalbania.org\/2020\/wp-json\/wp\/v2\/posts\/1006","targetHints":{"allow":["GET"]}}],"collection":[{"href":"https:\/\/orthodoxalbania.org\/2020\/wp-json\/wp\/v2\/posts"}],"about":[{"href":"https:\/\/orthodoxalbania.org\/2020\/wp-json\/wp\/v2\/types\/post"}],"author":[{"embeddable":true,"href":"https:\/\/orthodoxalbania.org\/2020\/wp-json\/wp\/v2\/users\/1"}],"replies":[{"embeddable":true,"href":"https:\/\/orthodoxalbania.org\/2020\/wp-json\/wp\/v2\/comments?post=1006"}],"version-history":[{"count":1,"href":"https:\/\/orthodoxalbania.org\/2020\/wp-json\/wp\/v2\/posts\/1006\/revisions"}],"predecessor-version":[{"id":15833,"href":"https:\/\/orthodoxalbania.org\/2020\/wp-json\/wp\/v2\/posts\/1006\/revisions\/15833"}],"wp:attachment":[{"href":"https:\/\/orthodoxalbania.org\/2020\/wp-json\/wp\/v2\/media?parent=1006"}],"wp:term":[{"taxonomy":"category","embeddable":true,"href":"https:\/\/orthodoxalbania.org\/2020\/wp-json\/wp\/v2\/categories?post=1006"},{"taxonomy":"post_tag","embeddable":true,"href":"https:\/\/orthodoxalbania.org\/2020\/wp-json\/wp\/v2\/tags?post=1006"}],"curies":[{"name":"wp","href":"https:\/\/api.w.org\/{rel}","templated":true}]}}