{"id":1005,"date":"2013-03-21T09:35:18","date_gmt":"2013-03-21T09:35:18","guid":{"rendered":""},"modified":"2020-04-06T22:32:04","modified_gmt":"2020-04-06T20:32:04","slug":"nje-dite-e-vecante-me-aktivitete-ne-qendren-studentore","status":"publish","type":"post","link":"https:\/\/orthodoxalbania.org\/2020\/2013\/03\/21\/nje-dite-e-vecante-me-aktivitete-ne-qendren-studentore\/","title":{"rendered":"Nj\u00eb dit\u00eb e ve\u00e7ant\u00eb me aktivitete n\u00eb Qendr\u00ebn Studentore. (10 Maj 2011)"},"content":{"rendered":"<div class=\"style10\" style=\"text-align: justify;\"><span style=\"color: #000000;\"><span style=\"font-family: tahoma,geneva,sans-serif;\"><span style=\"font-size: 12px;\"><img decoding=\"async\" class=\"lazyload HAa Eha\" style=\"border-width: 1px; border-style: solid; margin: 10px; float: left;\" alt=\"\" src=\"data:image\/svg+xml,%3Csvg%20xmlns%3D%27http%3A%2F%2Fwww.w3.org%2F2000%2Fsvg%27%20width%3D%27291%27%20height%3D%27219%27%20viewBox%3D%270%200%20291%20219%27%3E%3Crect%20width%3D%27291%27%20height%3D%27219%27%20fill-opacity%3D%220%22%2F%3E%3C%2Fsvg%3E\" data-orig-src=\"https:\/\/lh6.googleusercontent.com\/-tU06BOMiqt4\/VAGDBKuHskI\/AAAAAAAACWs\/x9vlwhOlw_w\/w720-h540-no\/1.jpg\" height=\"219\" width=\"291\" \/> &nbsp; &nbsp; T\u00eb mart\u00ebn, m\u00eb 10 maj te Qendra Studentore e Kish\u00ebs Orthodhokse u zhvillua trajnimi me tem\u00eb, \u201cNdihma e par\u00eb\u201d i zhvilluar nga Kryqi i Kuq Shqiptar. N\u00eb k\u00ebt\u00eb trajnim mor\u00ebn pjes\u00eb an\u00ebtar\u00eb t\u00eb stafit t\u00eb Zyr\u00ebs s\u00eb F\u00ebmij\u00ebve dhe student\u00eb t\u00eb Qendr\u00ebs Studentore. Trajnimi u zhvillua nga dhe u organizua n\u00eb kuad\u00ebr t\u00eb nevojave t\u00eb ndryshme q\u00eb dalin gjat\u00eb zhvillimit t\u00eb aktiviteteve me f\u00ebmij\u00eb dhe t\u00eb rinj.<\/span><\/span><\/span><\/div>\n<div class=\"style10\" style=\"text-align: justify;\"> <span style=\"color: #000000;\"><span style=\"font-family: tahoma,geneva,sans-serif;\"><span style=\"font-size: 12px;\">&nbsp;&nbsp;&nbsp; T\u00eb pranishmit u pajis\u00ebn me nj\u00eb manual p\u00ebrkat\u00ebs t\u00eb p\u00ebrgatitur nga Kryqi i Kuq, i cili mb\u00ebshtetej n\u00eb udh\u00ebzimet e reja t\u00eb K\u00ebshillit Evropian t\u00eb shp\u00ebtimit t\u00eb jet\u00ebs p\u00ebr ndihm\u00ebn e par\u00eb jet\u00ebsore.<\/span><\/span><\/span><\/div>\n<div class=\"style10\" style=\"text-align: justify;\">&nbsp;<\/div>\n<div class=\"style10\" style=\"text-align: justify;\"><span style=\"color: #000000;\"><span style=\"font-family: tahoma,geneva,sans-serif;\"><span style=\"font-size: 12px;\">&nbsp;&nbsp;&nbsp; Pasditen e po asaj dite student\u00ebt pat\u00ebn bekimin t\u00eb ken\u00eb te Qendra e tyre Studentore at\u00eb Jani Trebickan. Ai u foli student\u00ebve p\u00ebr disa ngjarje t\u00eb jetuara n\u00eb vitet e para t\u00eb rihapjes s\u00eb Kish\u00ebs dhe liris\u00eb s\u00eb besimit. Nd\u00ebr t\u00eb tjera ai theksoi q\u00eb duhet t\u00eb jemi t\u00eb hapur p\u00ebr t\u00eb ofruar veten dhe sh\u00ebrbimin ton\u00eb n\u00eb nevojat e Kish\u00ebs \u201c<strong><em>Tani jemi t\u00eb lir\u00eb ta ndjekim ose jo Krishtin, vitet m\u00eb p\u00ebrpara ishin m\u00eb t\u00eb v\u00ebshtira sepse t\u00eb futnin n\u00eb burg, t\u00eb persekutonin, etj. Madje edhe mund\u00ebsit\u00eb tani jan\u00eb m\u00eb t\u00eb shumta, sepse nuk mungon as liria, as njohurit\u00eb, as mund\u00ebsit\u00eb, mjafton t\u00eb d\u00ebshirosh ta ndjek\u00ebsh Zotin<\/em>\u201d, <\/strong>theksoi at\u00eb Jani<strong>.<\/strong><\/span><\/span><\/span><\/div>\n<div class=\"style10\" style=\"text-align: justify;\"><span style=\"color: #000000;\"><span style=\"font-family: tahoma,geneva,sans-serif;\"><span style=\"font-size: 12px;\"><strong><img decoding=\"async\" class=\"lazyload HAa Eha\" style=\"border-width: 1px; border-style: solid; margin: 10px; float: right;\" alt=\"\" src=\"data:image\/svg+xml,%3Csvg%20xmlns%3D%27http%3A%2F%2Fwww.w3.org%2F2000%2Fsvg%27%20width%3D%27253%27%20height%3D%27190%27%20viewBox%3D%270%200%20253%20190%27%3E%3Crect%20width%3D%27253%27%20height%3D%27190%27%20fill-opacity%3D%220%22%2F%3E%3C%2Fsvg%3E\" data-orig-src=\"https:\/\/lh6.googleusercontent.com\/-AbH8rIvduJg\/VAGDBRukNTI\/AAAAAAAACW8\/aANEgRNY6bo\/w720-h540-no\/2.jpg\" height=\"190\" width=\"253\" \/><\/strong><br \/> &nbsp;&nbsp;&nbsp;&nbsp; Nd\u00ebrsa n\u00eb pjes\u00ebn e dyt\u00eb t\u00eb bised\u00ebs at\u00eb Jani u p\u00ebrqendrua te Misteri i Pendim-Rr\u00ebfimit t\u00eb Shenjt\u00eb. Me fjal\u00ebn e tij ai theksoi se: <strong>\u201c<em>T\u00eb gjith\u00eb ne duhet t\u00eb kemi nj\u00eb drejtues n\u00eb jet\u00ebn ton\u00eb shpirt\u00ebrore n\u00eb m\u00ebnyr\u00eb q\u00eb t\u00eb rritemi n\u00eb Krishtin<\/em>\u201d<\/strong>. Njer\u00ebzit kryejn\u00eb Misterin e Pag\u00ebzimin, Mirosjes dhe Kungimit, por misterin e Rr\u00ebfimit e l\u00ebn\u00eb pas dore. Misteri i Rr\u00ebfimit na rip\u00ebrt\u00ebrin hirin e Pag\u00ebzimit dhe nuk lejon q\u00eb t\u00eb jetojm\u00eb jet\u00ebn me shpirt t\u00eb nxir\u00eb. \u201c<strong><em>Ky Mister<\/em><\/strong>, &#8211; <strong><em>theksoi ai<\/em> &#8211; <em>\u00ebsht\u00eb bazuar n\u00eb Shkrimin e Shenjt\u00eb, ku vet\u00eb Zoti i porosit Apostujt, q\u00eb \u00e7\u2019t\u00eb lidhni n\u00eb tok\u00eb do t\u00eb jet\u00eb e lidhur dhe \u00e7&#8217;t\u00eb zgjidhni do t\u00eb jet\u00eb e zgjidhur<\/em><\/strong>\u201d.<\/span><\/span><\/span><\/div>\n<div class=\"style10\" style=\"text-align: justify;\">&nbsp;<\/div>\n<div class=\"style10\" style=\"text-align: justify;\">&nbsp;<\/div>\n<div class=\"style10\" style=\"text-align: justify;\">&nbsp;<\/div>\n<div class=\"style10\" style=\"text-align: justify;\">&nbsp;<\/div>\n<div class=\"style10\">&nbsp;<\/div>\n<table style=\"width: 834px; height: 659px;\" border=\"0\">\n<tbody>\n<tr>\n<td>\n<div><span style=\"color: #000000;\"><span style=\"font-family: tahoma,geneva,sans-serif;\"><span style=\"font-size: 12px;\"><img decoding=\"async\" class=\"lazyload HAa Eha\" style=\"width: 400px; border-width: 1px; border-style: solid; margin: 10px auto; height: 300px; display: block;\" alt=\"\" src=\"data:image\/gif;base64,R0lGODlhAQABAAAAACH5BAEKAAEALAAAAAABAAEAAAICTAEAOw==\" data-orig-src=\"https:\/\/lh4.googleusercontent.com\/-uaik_qHsxxo\/VAGDBCR_L4I\/AAAAAAAACXE\/bqQEB1UBgbY\/w720-h540-no\/3.jpg\" \/><\/span><\/span><\/span><\/div>\n<\/td>\n<td>\n<div><span style=\"color: #000000;\"><span style=\"font-family: tahoma,geneva,sans-serif;\"><span style=\"font-size: 12px;\"><img decoding=\"async\" class=\"lazyload HAa Eha\" style=\"height: 300px; width: 400px; border-width: 1px; border-style: solid; margin: 10px auto; display: block;\" alt=\"\" src=\"data:image\/gif;base64,R0lGODlhAQABAAAAACH5BAEKAAEALAAAAAABAAEAAAICTAEAOw==\" data-orig-src=\"https:\/\/lh4.googleusercontent.com\/-bcftMypyg8k\/VAGDCE__KoI\/AAAAAAAACW0\/67RYYRkNjyM\/w720-h540-no\/4.jpg\" \/><\/span><\/span><\/span><\/div>\n<\/td>\n<\/tr>\n<tr>\n<td>\n<div><span style=\"color: #000000;\"><span style=\"font-family: tahoma,geneva,sans-serif;\"><span style=\"font-size: 12px;\"><img decoding=\"async\" class=\"lazyload HAa Eha\" style=\"height: 300px; width: 400px; border-width: 1px; border-style: solid; margin: 10px auto; display: block;\" alt=\"\" src=\"data:image\/gif;base64,R0lGODlhAQABAAAAACH5BAEKAAEALAAAAAABAAEAAAICTAEAOw==\" data-orig-src=\"https:\/\/lh3.googleusercontent.com\/-0wcBBDb_QiE\/VAGDCokqU-I\/AAAAAAAACW4\/Cn6ZyYHIB1k\/w720-h540-no\/5.jpg\" \/><\/span><\/span><\/span><\/div>\n<\/td>\n<td>\n<div>&nbsp;<\/div>\n<\/td>\n<\/tr>\n<\/tbody>\n<\/table>\n","protected":false},"excerpt":{"rendered":"<p>&nbsp; &nbsp; T\u00eb mart\u00ebn, m\u00eb 10 maj te Qendra Studentore e Kish\u00ebs Orthodhokse u zhvillua trajnimi me tem\u00eb, \u201cNdihma e par\u00eb\u201d i zhvilluar nga Kryqi i Kuq Shqiptar. N\u00eb k\u00ebt\u00eb trajnim mor\u00ebn pjes\u00eb an\u00ebtar\u00eb t\u00eb stafit t\u00eb Zyr\u00ebs s\u00eb F\u00ebmij\u00ebve dhe student\u00eb t\u00eb Qendr\u00ebs Studentore. Trajnimi u zhvillua nga dhe u organizua n\u00eb kuad\u00ebr t\u00eb nevojave t\u00eb ndryshme q\u00eb dalin gjat\u00eb zhvillimit t\u00eb aktiviteteve me<\/p>\n","protected":false},"author":1,"featured_media":0,"comment_status":"open","ping_status":"open","sticky":false,"template":"","format":"standard","meta":{"_acf_changed":false,"pagelayer_contact_templates":[],"_pagelayer_content":"","inline_featured_image":false,"fifu_image_url":"","fifu_image_alt":"","footnotes":""},"categories":[108],"tags":[143,154,196,212],"class_list":["post-1005","post","type-post","status-publish","format-standard","hentry","category-lajme","tag-143","tag-aktivitete","tag-tirane","tag-lajme-d27"],"acf":[],"yoast_head":"<!-- This site is optimized with the Yoast SEO plugin v27.2 - https:\/\/yoast.com\/product\/yoast-seo-wordpress\/ -->\n<title>Nj\u00eb dit\u00eb e ve\u00e7ant\u00eb me aktivitete n\u00eb Qendr\u00ebn Studentore. (10 Maj 2011) - Kisha Orthodh\u03bfkse Autoqefale e Shqip\u00ebris\u00eb<\/title>\n<meta name=\"robots\" content=\"index, follow, max-snippet:-1, max-image-preview:large, max-video-preview:-1\" \/>\n<link rel=\"canonical\" href=\"https:\/\/orthodoxalbania.org\/2020\/2013\/03\/21\/nje-dite-e-vecante-me-aktivitete-ne-qendren-studentore\/\" \/>\n<meta property=\"og:locale\" content=\"en_US\" \/>\n<meta property=\"og:type\" content=\"article\" \/>\n<meta property=\"og:title\" content=\"Nj\u00eb dit\u00eb e ve\u00e7ant\u00eb me aktivitete n\u00eb Qendr\u00ebn Studentore. (10 Maj 2011) - Kisha Orthodh\u03bfkse Autoqefale e Shqip\u00ebris\u00eb\" \/>\n<meta property=\"og:description\" content=\"&nbsp; &nbsp; T\u00eb mart\u00ebn, m\u00eb 10 maj te Qendra Studentore e Kish\u00ebs Orthodhokse u zhvillua trajnimi me tem\u00eb, \u201cNdihma e par\u00eb\u201d i zhvilluar nga Kryqi i Kuq Shqiptar. N\u00eb k\u00ebt\u00eb trajnim mor\u00ebn pjes\u00eb an\u00ebtar\u00eb t\u00eb stafit t\u00eb Zyr\u00ebs s\u00eb F\u00ebmij\u00ebve dhe student\u00eb t\u00eb Qendr\u00ebs Studentore. Trajnimi u zhvillua nga dhe u organizua n\u00eb kuad\u00ebr t\u00eb nevojave t\u00eb ndryshme q\u00eb dalin gjat\u00eb zhvillimit t\u00eb aktiviteteve me\" \/>\n<meta property=\"og:url\" content=\"https:\/\/orthodoxalbania.org\/2020\/2013\/03\/21\/nje-dite-e-vecante-me-aktivitete-ne-qendren-studentore\/\" \/>\n<meta property=\"og:site_name\" content=\"Kisha Orthodh\u03bfkse Autoqefale e Shqip\u00ebris\u00eb\" \/>\n<meta property=\"article:publisher\" content=\"https:\/\/www.facebook.com\/koash1991\" \/>\n<meta property=\"article:published_time\" content=\"2013-03-21T09:35:18+00:00\" \/>\n<meta property=\"article:modified_time\" content=\"2020-04-06T20:32:04+00:00\" \/>\n<meta property=\"og:image\" content=\"https:\/\/lh6.googleusercontent.com\/-tU06BOMiqt4\/VAGDBKuHskI\/AAAAAAAACWs\/x9vlwhOlw_w\/w720-h540-no\/1.jpg\" \/>\n<meta name=\"author\" content=\"Kisha Orthodhokse\" \/>\n<meta name=\"twitter:card\" content=\"summary_large_image\" \/>\n<meta name=\"twitter:label1\" content=\"Written by\" \/>\n\t<meta name=\"twitter:data1\" content=\"Kisha Orthodhokse\" \/>\n\t<meta name=\"twitter:label2\" content=\"Est. reading time\" \/>\n\t<meta name=\"twitter:data2\" content=\"2 minutes\" \/>\n<script type=\"application\/ld+json\" class=\"yoast-schema-graph\">{\"@context\":\"https:\/\/schema.org\",\"@graph\":[{\"@type\":\"Article\",\"@id\":\"https:\/\/orthodoxalbania.org\/2020\/2013\/03\/21\/nje-dite-e-vecante-me-aktivitete-ne-qendren-studentore\/#article\",\"isPartOf\":{\"@id\":\"https:\/\/orthodoxalbania.org\/2020\/2013\/03\/21\/nje-dite-e-vecante-me-aktivitete-ne-qendren-studentore\/\"},\"author\":{\"name\":\"Kisha Orthodhokse\",\"@id\":\"https:\/\/orthodoxalbania.org\/2020\/#\/schema\/person\/0c387634a7063ac612d7ed9ce71c7e86\"},\"headline\":\"Nj\u00eb dit\u00eb e ve\u00e7ant\u00eb me aktivitete n\u00eb Qendr\u00ebn Studentore. (10 Maj 2011)\",\"datePublished\":\"2013-03-21T09:35:18+00:00\",\"dateModified\":\"2020-04-06T20:32:04+00:00\",\"mainEntityOfPage\":{\"@id\":\"https:\/\/orthodoxalbania.org\/2020\/2013\/03\/21\/nje-dite-e-vecante-me-aktivitete-ne-qendren-studentore\/\"},\"wordCount\":411,\"commentCount\":0,\"publisher\":{\"@id\":\"https:\/\/orthodoxalbania.org\/2020\/#organization\"},\"image\":{\"@id\":\"https:\/\/orthodoxalbania.org\/2020\/2013\/03\/21\/nje-dite-e-vecante-me-aktivitete-ne-qendren-studentore\/#primaryimage\"},\"thumbnailUrl\":\"https:\/\/lh6.googleusercontent.com\/-tU06BOMiqt4\/VAGDBKuHskI\/AAAAAAAACWs\/x9vlwhOlw_w\/w720-h540-no\/1.jpg\",\"keywords\":[\"2011\",\"Aktivitete\",\"Kryepiskopata Tiran\u00eb\",\"lajme\"],\"articleSection\":[\"Lajme\"],\"inLanguage\":\"en-US\"},{\"@type\":\"WebPage\",\"@id\":\"https:\/\/orthodoxalbania.org\/2020\/2013\/03\/21\/nje-dite-e-vecante-me-aktivitete-ne-qendren-studentore\/\",\"url\":\"https:\/\/orthodoxalbania.org\/2020\/2013\/03\/21\/nje-dite-e-vecante-me-aktivitete-ne-qendren-studentore\/\",\"name\":\"Nj\u00eb dit\u00eb e ve\u00e7ant\u00eb me aktivitete n\u00eb Qendr\u00ebn Studentore. (10 Maj 2011) - Kisha Orthodh\u03bfkse Autoqefale e Shqip\u00ebris\u00eb\",\"isPartOf\":{\"@id\":\"https:\/\/orthodoxalbania.org\/2020\/#website\"},\"primaryImageOfPage\":{\"@id\":\"https:\/\/orthodoxalbania.org\/2020\/2013\/03\/21\/nje-dite-e-vecante-me-aktivitete-ne-qendren-studentore\/#primaryimage\"},\"image\":{\"@id\":\"https:\/\/orthodoxalbania.org\/2020\/2013\/03\/21\/nje-dite-e-vecante-me-aktivitete-ne-qendren-studentore\/#primaryimage\"},\"thumbnailUrl\":\"https:\/\/lh6.googleusercontent.com\/-tU06BOMiqt4\/VAGDBKuHskI\/AAAAAAAACWs\/x9vlwhOlw_w\/w720-h540-no\/1.jpg\",\"datePublished\":\"2013-03-21T09:35:18+00:00\",\"dateModified\":\"2020-04-06T20:32:04+00:00\",\"breadcrumb\":{\"@id\":\"https:\/\/orthodoxalbania.org\/2020\/2013\/03\/21\/nje-dite-e-vecante-me-aktivitete-ne-qendren-studentore\/#breadcrumb\"},\"inLanguage\":\"en-US\",\"potentialAction\":[{\"@type\":\"ReadAction\",\"target\":[\"https:\/\/orthodoxalbania.org\/2020\/2013\/03\/21\/nje-dite-e-vecante-me-aktivitete-ne-qendren-studentore\/\"]}]},{\"@type\":\"ImageObject\",\"inLanguage\":\"en-US\",\"@id\":\"https:\/\/orthodoxalbania.org\/2020\/2013\/03\/21\/nje-dite-e-vecante-me-aktivitete-ne-qendren-studentore\/#primaryimage\",\"url\":\"https:\/\/lh6.googleusercontent.com\/-tU06BOMiqt4\/VAGDBKuHskI\/AAAAAAAACWs\/x9vlwhOlw_w\/w720-h540-no\/1.jpg\",\"contentUrl\":\"https:\/\/lh6.googleusercontent.com\/-tU06BOMiqt4\/VAGDBKuHskI\/AAAAAAAACWs\/x9vlwhOlw_w\/w720-h540-no\/1.jpg\"},{\"@type\":\"BreadcrumbList\",\"@id\":\"https:\/\/orthodoxalbania.org\/2020\/2013\/03\/21\/nje-dite-e-vecante-me-aktivitete-ne-qendren-studentore\/#breadcrumb\",\"itemListElement\":[{\"@type\":\"ListItem\",\"position\":1,\"name\":\"Home\",\"item\":\"https:\/\/orthodoxalbania.org\/2020\/\"},{\"@type\":\"ListItem\",\"position\":2,\"name\":\"Nj\u00eb dit\u00eb e ve\u00e7ant\u00eb me aktivitete n\u00eb Qendr\u00ebn Studentore. (10 Maj 2011)\"}]},{\"@type\":\"WebSite\",\"@id\":\"https:\/\/orthodoxalbania.org\/2020\/#website\",\"url\":\"https:\/\/orthodoxalbania.org\/2020\/\",\"name\":\"Kisha Orthodh\u03bfkse Autoqefale e Shqip\u00ebris\u00eb\",\"description\":\"Fqja Zyrtare e Kish\u00ebs Orthodhokse Autoqefale e Shqip\u00ebris\u00eb me lajmet edhe informacionet zyrtare p\u00ebr struktur\u00ebn edhe veprimtarin e saj.\",\"publisher\":{\"@id\":\"https:\/\/orthodoxalbania.org\/2020\/#organization\"},\"potentialAction\":[{\"@type\":\"SearchAction\",\"target\":{\"@type\":\"EntryPoint\",\"urlTemplate\":\"https:\/\/orthodoxalbania.org\/2020\/?s={search_term_string}\"},\"query-input\":{\"@type\":\"PropertyValueSpecification\",\"valueRequired\":true,\"valueName\":\"search_term_string\"}}],\"inLanguage\":\"en-US\"},{\"@type\":\"Organization\",\"@id\":\"https:\/\/orthodoxalbania.org\/2020\/#organization\",\"name\":\"Kisha Orthodhokse Autoqefale e Shqip\u00ebris\u00eb\",\"url\":\"https:\/\/orthodoxalbania.org\/2020\/\",\"logo\":{\"@type\":\"ImageObject\",\"inLanguage\":\"en-US\",\"@id\":\"https:\/\/orthodoxalbania.org\/2020\/#\/schema\/logo\/image\/\",\"url\":\"https:\/\/orthodoxalbania.org\/2020\/wp-content\/uploads\/2020\/05\/albania.jpeg\",\"contentUrl\":\"https:\/\/orthodoxalbania.org\/2020\/wp-content\/uploads\/2020\/05\/albania.jpeg\",\"width\":540,\"height\":540,\"caption\":\"Kisha Orthodhokse Autoqefale e Shqip\u00ebris\u00eb\"},\"image\":{\"@id\":\"https:\/\/orthodoxalbania.org\/2020\/#\/schema\/logo\/image\/\"},\"sameAs\":[\"https:\/\/www.facebook.com\/koash1991\"]},{\"@type\":\"Person\",\"@id\":\"https:\/\/orthodoxalbania.org\/2020\/#\/schema\/person\/0c387634a7063ac612d7ed9ce71c7e86\",\"name\":\"Kisha Orthodhokse\",\"image\":{\"@type\":\"ImageObject\",\"inLanguage\":\"en-US\",\"@id\":\"https:\/\/secure.gravatar.com\/avatar\/596e7c417251e30f2fbb9c00e026fce61a695a00e51c889caded71c96cbbdde5?s=96&d=mm&r=g\",\"url\":\"https:\/\/secure.gravatar.com\/avatar\/596e7c417251e30f2fbb9c00e026fce61a695a00e51c889caded71c96cbbdde5?s=96&d=mm&r=g\",\"contentUrl\":\"https:\/\/secure.gravatar.com\/avatar\/596e7c417251e30f2fbb9c00e026fce61a695a00e51c889caded71c96cbbdde5?s=96&d=mm&r=g\",\"caption\":\"Kisha Orthodhokse\"}}]}<\/script>\n<!-- \/ Yoast SEO plugin. -->","yoast_head_json":{"title":"Nj\u00eb dit\u00eb e ve\u00e7ant\u00eb me aktivitete n\u00eb Qendr\u00ebn Studentore. (10 Maj 2011) - Kisha Orthodh\u03bfkse Autoqefale e Shqip\u00ebris\u00eb","robots":{"index":"index","follow":"follow","max-snippet":"max-snippet:-1","max-image-preview":"max-image-preview:large","max-video-preview":"max-video-preview:-1"},"canonical":"https:\/\/orthodoxalbania.org\/2020\/2013\/03\/21\/nje-dite-e-vecante-me-aktivitete-ne-qendren-studentore\/","og_locale":"en_US","og_type":"article","og_title":"Nj\u00eb dit\u00eb e ve\u00e7ant\u00eb me aktivitete n\u00eb Qendr\u00ebn Studentore. (10 Maj 2011) - Kisha Orthodh\u03bfkse Autoqefale e Shqip\u00ebris\u00eb","og_description":"&nbsp; &nbsp; T\u00eb mart\u00ebn, m\u00eb 10 maj te Qendra Studentore e Kish\u00ebs Orthodhokse u zhvillua trajnimi me tem\u00eb, \u201cNdihma e par\u00eb\u201d i zhvilluar nga Kryqi i Kuq Shqiptar. N\u00eb k\u00ebt\u00eb trajnim mor\u00ebn pjes\u00eb an\u00ebtar\u00eb t\u00eb stafit t\u00eb Zyr\u00ebs s\u00eb F\u00ebmij\u00ebve dhe student\u00eb t\u00eb Qendr\u00ebs Studentore. Trajnimi u zhvillua nga dhe u organizua n\u00eb kuad\u00ebr t\u00eb nevojave t\u00eb ndryshme q\u00eb dalin gjat\u00eb zhvillimit t\u00eb aktiviteteve me","og_url":"https:\/\/orthodoxalbania.org\/2020\/2013\/03\/21\/nje-dite-e-vecante-me-aktivitete-ne-qendren-studentore\/","og_site_name":"Kisha Orthodh\u03bfkse Autoqefale e Shqip\u00ebris\u00eb","article_publisher":"https:\/\/www.facebook.com\/koash1991","article_published_time":"2013-03-21T09:35:18+00:00","article_modified_time":"2020-04-06T20:32:04+00:00","og_image":[{"url":"https:\/\/lh6.googleusercontent.com\/-tU06BOMiqt4\/VAGDBKuHskI\/AAAAAAAACWs\/x9vlwhOlw_w\/w720-h540-no\/1.jpg","type":"","width":"","height":""}],"author":"Kisha Orthodhokse","twitter_card":"summary_large_image","twitter_misc":{"Written by":"Kisha Orthodhokse","Est. reading time":"2 minutes"},"schema":{"@context":"https:\/\/schema.org","@graph":[{"@type":"Article","@id":"https:\/\/orthodoxalbania.org\/2020\/2013\/03\/21\/nje-dite-e-vecante-me-aktivitete-ne-qendren-studentore\/#article","isPartOf":{"@id":"https:\/\/orthodoxalbania.org\/2020\/2013\/03\/21\/nje-dite-e-vecante-me-aktivitete-ne-qendren-studentore\/"},"author":{"name":"Kisha Orthodhokse","@id":"https:\/\/orthodoxalbania.org\/2020\/#\/schema\/person\/0c387634a7063ac612d7ed9ce71c7e86"},"headline":"Nj\u00eb dit\u00eb e ve\u00e7ant\u00eb me aktivitete n\u00eb Qendr\u00ebn Studentore. (10 Maj 2011)","datePublished":"2013-03-21T09:35:18+00:00","dateModified":"2020-04-06T20:32:04+00:00","mainEntityOfPage":{"@id":"https:\/\/orthodoxalbania.org\/2020\/2013\/03\/21\/nje-dite-e-vecante-me-aktivitete-ne-qendren-studentore\/"},"wordCount":411,"commentCount":0,"publisher":{"@id":"https:\/\/orthodoxalbania.org\/2020\/#organization"},"image":{"@id":"https:\/\/orthodoxalbania.org\/2020\/2013\/03\/21\/nje-dite-e-vecante-me-aktivitete-ne-qendren-studentore\/#primaryimage"},"thumbnailUrl":"https:\/\/lh6.googleusercontent.com\/-tU06BOMiqt4\/VAGDBKuHskI\/AAAAAAAACWs\/x9vlwhOlw_w\/w720-h540-no\/1.jpg","keywords":["2011","Aktivitete","Kryepiskopata Tiran\u00eb","lajme"],"articleSection":["Lajme"],"inLanguage":"en-US"},{"@type":"WebPage","@id":"https:\/\/orthodoxalbania.org\/2020\/2013\/03\/21\/nje-dite-e-vecante-me-aktivitete-ne-qendren-studentore\/","url":"https:\/\/orthodoxalbania.org\/2020\/2013\/03\/21\/nje-dite-e-vecante-me-aktivitete-ne-qendren-studentore\/","name":"Nj\u00eb dit\u00eb e ve\u00e7ant\u00eb me aktivitete n\u00eb Qendr\u00ebn Studentore. (10 Maj 2011) - Kisha Orthodh\u03bfkse Autoqefale e Shqip\u00ebris\u00eb","isPartOf":{"@id":"https:\/\/orthodoxalbania.org\/2020\/#website"},"primaryImageOfPage":{"@id":"https:\/\/orthodoxalbania.org\/2020\/2013\/03\/21\/nje-dite-e-vecante-me-aktivitete-ne-qendren-studentore\/#primaryimage"},"image":{"@id":"https:\/\/orthodoxalbania.org\/2020\/2013\/03\/21\/nje-dite-e-vecante-me-aktivitete-ne-qendren-studentore\/#primaryimage"},"thumbnailUrl":"https:\/\/lh6.googleusercontent.com\/-tU06BOMiqt4\/VAGDBKuHskI\/AAAAAAAACWs\/x9vlwhOlw_w\/w720-h540-no\/1.jpg","datePublished":"2013-03-21T09:35:18+00:00","dateModified":"2020-04-06T20:32:04+00:00","breadcrumb":{"@id":"https:\/\/orthodoxalbania.org\/2020\/2013\/03\/21\/nje-dite-e-vecante-me-aktivitete-ne-qendren-studentore\/#breadcrumb"},"inLanguage":"en-US","potentialAction":[{"@type":"ReadAction","target":["https:\/\/orthodoxalbania.org\/2020\/2013\/03\/21\/nje-dite-e-vecante-me-aktivitete-ne-qendren-studentore\/"]}]},{"@type":"ImageObject","inLanguage":"en-US","@id":"https:\/\/orthodoxalbania.org\/2020\/2013\/03\/21\/nje-dite-e-vecante-me-aktivitete-ne-qendren-studentore\/#primaryimage","url":"https:\/\/lh6.googleusercontent.com\/-tU06BOMiqt4\/VAGDBKuHskI\/AAAAAAAACWs\/x9vlwhOlw_w\/w720-h540-no\/1.jpg","contentUrl":"https:\/\/lh6.googleusercontent.com\/-tU06BOMiqt4\/VAGDBKuHskI\/AAAAAAAACWs\/x9vlwhOlw_w\/w720-h540-no\/1.jpg"},{"@type":"BreadcrumbList","@id":"https:\/\/orthodoxalbania.org\/2020\/2013\/03\/21\/nje-dite-e-vecante-me-aktivitete-ne-qendren-studentore\/#breadcrumb","itemListElement":[{"@type":"ListItem","position":1,"name":"Home","item":"https:\/\/orthodoxalbania.org\/2020\/"},{"@type":"ListItem","position":2,"name":"Nj\u00eb dit\u00eb e ve\u00e7ant\u00eb me aktivitete n\u00eb Qendr\u00ebn Studentore. (10 Maj 2011)"}]},{"@type":"WebSite","@id":"https:\/\/orthodoxalbania.org\/2020\/#website","url":"https:\/\/orthodoxalbania.org\/2020\/","name":"Kisha Orthodh\u03bfkse Autoqefale e Shqip\u00ebris\u00eb","description":"Fqja Zyrtare e Kish\u00ebs Orthodhokse Autoqefale e Shqip\u00ebris\u00eb me lajmet edhe informacionet zyrtare p\u00ebr struktur\u00ebn edhe veprimtarin e saj.","publisher":{"@id":"https:\/\/orthodoxalbania.org\/2020\/#organization"},"potentialAction":[{"@type":"SearchAction","target":{"@type":"EntryPoint","urlTemplate":"https:\/\/orthodoxalbania.org\/2020\/?s={search_term_string}"},"query-input":{"@type":"PropertyValueSpecification","valueRequired":true,"valueName":"search_term_string"}}],"inLanguage":"en-US"},{"@type":"Organization","@id":"https:\/\/orthodoxalbania.org\/2020\/#organization","name":"Kisha Orthodhokse Autoqefale e Shqip\u00ebris\u00eb","url":"https:\/\/orthodoxalbania.org\/2020\/","logo":{"@type":"ImageObject","inLanguage":"en-US","@id":"https:\/\/orthodoxalbania.org\/2020\/#\/schema\/logo\/image\/","url":"https:\/\/orthodoxalbania.org\/2020\/wp-content\/uploads\/2020\/05\/albania.jpeg","contentUrl":"https:\/\/orthodoxalbania.org\/2020\/wp-content\/uploads\/2020\/05\/albania.jpeg","width":540,"height":540,"caption":"Kisha Orthodhokse Autoqefale e Shqip\u00ebris\u00eb"},"image":{"@id":"https:\/\/orthodoxalbania.org\/2020\/#\/schema\/logo\/image\/"},"sameAs":["https:\/\/www.facebook.com\/koash1991"]},{"@type":"Person","@id":"https:\/\/orthodoxalbania.org\/2020\/#\/schema\/person\/0c387634a7063ac612d7ed9ce71c7e86","name":"Kisha Orthodhokse","image":{"@type":"ImageObject","inLanguage":"en-US","@id":"https:\/\/secure.gravatar.com\/avatar\/596e7c417251e30f2fbb9c00e026fce61a695a00e51c889caded71c96cbbdde5?s=96&d=mm&r=g","url":"https:\/\/secure.gravatar.com\/avatar\/596e7c417251e30f2fbb9c00e026fce61a695a00e51c889caded71c96cbbdde5?s=96&d=mm&r=g","contentUrl":"https:\/\/secure.gravatar.com\/avatar\/596e7c417251e30f2fbb9c00e026fce61a695a00e51c889caded71c96cbbdde5?s=96&d=mm&r=g","caption":"Kisha Orthodhokse"}}]}},"_links":{"self":[{"href":"https:\/\/orthodoxalbania.org\/2020\/wp-json\/wp\/v2\/posts\/1005","targetHints":{"allow":["GET"]}}],"collection":[{"href":"https:\/\/orthodoxalbania.org\/2020\/wp-json\/wp\/v2\/posts"}],"about":[{"href":"https:\/\/orthodoxalbania.org\/2020\/wp-json\/wp\/v2\/types\/post"}],"author":[{"embeddable":true,"href":"https:\/\/orthodoxalbania.org\/2020\/wp-json\/wp\/v2\/users\/1"}],"replies":[{"embeddable":true,"href":"https:\/\/orthodoxalbania.org\/2020\/wp-json\/wp\/v2\/comments?post=1005"}],"version-history":[{"count":1,"href":"https:\/\/orthodoxalbania.org\/2020\/wp-json\/wp\/v2\/posts\/1005\/revisions"}],"predecessor-version":[{"id":15390,"href":"https:\/\/orthodoxalbania.org\/2020\/wp-json\/wp\/v2\/posts\/1005\/revisions\/15390"}],"wp:attachment":[{"href":"https:\/\/orthodoxalbania.org\/2020\/wp-json\/wp\/v2\/media?parent=1005"}],"wp:term":[{"taxonomy":"category","embeddable":true,"href":"https:\/\/orthodoxalbania.org\/2020\/wp-json\/wp\/v2\/categories?post=1005"},{"taxonomy":"post_tag","embeddable":true,"href":"https:\/\/orthodoxalbania.org\/2020\/wp-json\/wp\/v2\/tags?post=1005"}],"curies":[{"name":"wp","href":"https:\/\/api.w.org\/{rel}","templated":true}]}}