{"id":1003,"date":"2013-12-28T09:43:21","date_gmt":"2013-12-28T09:43:21","guid":{"rendered":""},"modified":"2020-04-06T22:05:23","modified_gmt":"2020-04-06T20:05:23","slug":"nisme-humane-nga-te-rinjte-orthodhokse-per-njerezit-ne-nevoje","status":"publish","type":"post","link":"https:\/\/orthodoxalbania.org\/2020\/2013\/12\/28\/nisme-humane-nga-te-rinjte-orthodhokse-per-njerezit-ne-nevoje\/","title":{"rendered":"Nism\u00eb humane nga t\u00eb rinjt\u00eb orthodhoks\u00eb p\u00ebr njer\u00ebzit n\u00eb nevoj\u00eb. (N\u00ebntor &#8211; Dhjetor 2013)"},"content":{"rendered":"<p style=\"text-align: justify;\"><span style=\"font-family: tahoma,geneva,sans-serif;\"><span style=\"font-size: 12px;\"><img decoding=\"async\" class=\"lazyload HAa Eha\" style=\"height: 225px; width: 300px; margin: 10px; float: left; border-width: 1px; border-style: solid;\" alt=\"\" src=\"data:image\/gif;base64,R0lGODlhAQABAAAAACH5BAEKAAEALAAAAAABAAEAAAICTAEAOw==\" data-orig-src=\"https:\/\/lh6.googleusercontent.com\/-Q5BXF4UTH-o\/UtpE4QvIufI\/AAAAAAAAHYg\/vW-Cbf-85Ww\/w702-h527-no\/foti+1.JPG\" \/><span style=\"font-size: 12pt; font-family: helvetica;\">&nbsp;&nbsp; <span style=\"color: #000000;\">Lidhja Rinore Orthodhokse \u201cBijt\u00eb e Drit\u00ebs\u201d Tiran\u00eb, n\u00eb kuad\u00ebr t\u00eb Krishtlindjeve, gjat\u00eb periudh\u00ebs n\u00ebntor \u2013 dhjetor 2013, nd\u00ebrmori nj\u00eb nism\u00eb n\u00eb bashk\u00ebpunim me besimtar\u00ebt orthodhoks\u00eb t\u00eb Tiran\u00ebs dhe p\u00ebrgatiti rreth 120 pako ushqimore. Ato iu shp\u00ebrndan\u00eb 120 familjeve shum\u00eb t\u00eb varf\u00ebra. P\u00ebrkat\u00ebsisht, 84 pako n\u00eb Tiran\u00eb dhe 36 pako ushqimore p\u00ebr familjet e polic\u00ebve t\u00eb r\u00ebn\u00eb n\u00eb krye t\u00eb detyr\u00ebs n\u00eb qarkun e Shkodr\u00ebs.<\/span><\/span> <\/span> <\/span><\/p>\n<p style=\"text-align: justify;\"><span style=\"font-family: helvetica; font-size: 12pt;\"><span style=\"color: #000000;\">&nbsp;&nbsp;&nbsp; Kjo nism\u00eb u prezantua edhe nga Kryepiskopi Anastas n\u00eb fund t\u00eb Liturgjis\u00eb Hyjnore p\u00ebrpara besimtar\u00ebve, ku u b\u00ebri&nbsp; thirrje atyre t\u00eb mb\u00ebshtesnin t\u00eb rinjt\u00eb dhe t\u00eb kontribuonin me ushqime t\u00eb ndryshme, veshmbathje, ila\u00e7e, si dhe n\u00eb mjete monetare. Nj\u00eb pako ushqimore p\u00ebrb\u00ebhej nga ushqime baz\u00eb si: miell, sheqer, vaj, fasule, oriz, makarona etj.<\/span><\/span><\/p>\n<p style=\"text-align: justify;\"><span style=\"font-family: helvetica; font-size: 12pt;\"><span style=\"color: #000000;\">&nbsp;&nbsp;&nbsp; Dhe besimtar\u00ebt nuk nguruan ta mb\u00ebshtesnin k\u00ebt\u00eb ndihm\u00eb dhe menj\u00ebher\u00eb filluan t\u00eb kontaktonin me personat e caktuar n\u00eb k\u00ebt\u00eb nism\u00eb. Mbledhja e ndihmave p\u00ebrfundoi m\u00eb 22 dhjetor dhe menj\u00ebher\u00eb u p\u00ebrgatit\u00ebn pakot dhe u b\u00eb shp\u00ebrndarja e tyre p\u00ebr familjet n\u00eb nevoj\u00eb. N\u00eb Tiran\u00eb, kjo u realizua p\u00ebrpara dit\u00ebs s\u00eb Krishtlindjeve, me nj\u00eb aktivitet festiv n\u00eb mjediset e Katedrales \u201cNgjallja e Krishtit\u201d, Tiran\u00eb.<\/span><\/span><\/p>\n<p style=\"text-align: justify;\"><span style=\"font-family: helvetica; font-size: 12pt;\"><span style=\"color: #000000;\">&nbsp;&nbsp;&nbsp; P\u00ebr ato familje t\u00eb cilat p\u00ebr shkak t\u00eb v\u00ebshtir\u00ebsive t\u00eb ndryshme, larg\u00ebsis\u00eb, s\u00ebmundjeve apo mosh\u00ebs s\u00eb madhe nuk pat\u00ebn mund\u00ebsin\u00eb t\u00eb vinin dhe ta merrnin vet\u00eb k\u00ebt\u00eb dhurat\u00eb, t\u00eb rinjt\u00eb ua \u00e7uan n\u00eb sht\u00ebpi.<\/span><\/span><\/p>\n<p style=\"text-align: justify;\"><span style=\"font-family: helvetica; font-size: 12pt;\"><span style=\"color: #000000;\">&nbsp;&nbsp;&nbsp; Kjo nism\u00eb ishte gjithashtu ishte edhe nj\u00eb finalizim i trajnimeve t\u00eb ndryshme q\u00eb jan\u00eb b\u00ebr\u00eb p\u00ebr k\u00ebt\u00eb q\u00ebllim, n\u00eb bashk\u00ebpunim me Zyr\u00ebn Diakonia Agapes \u2013 Sh\u00ebrbimi dashuris\u00eb t\u00eb Kish\u00ebs, me tema si \u201cMobilizimi i komunitetit\u201d dhe \u201cNgritja e fondeve\u201d etj. Q\u00ebllimi \u00ebsht\u00eb q\u00eb t\u00eb rinjt\u00eb t\u00eb b\u00ebhen an\u00ebtar\u00eb aktiv\u00eb n\u00eb komunitet, si dhe t\u00eb leht\u00ebsojn\u00eb sadopak dhimbjen dhe varf\u00ebrin\u00eb e njer\u00ebzve n\u00eb nevoj\u00eb.<\/span><\/span><\/p>\n<p style=\"text-align: justify;\"><span style=\"font-family: helvetica; font-size: 12pt;\"><span style=\"color: #000000;\">&nbsp;&nbsp;&nbsp; T\u00eb nj\u00ebjt\u00ebn nism\u00eb nd\u00ebrmor\u00ebn edhe t\u00eb rinjt\u00eb e Dioqez\u00ebs s\u00eb Kor\u00e7\u00ebs, ku u p\u00ebrgatit\u00ebn 30 pako ushqimore, si dhe t\u00eb rinjt\u00eb e Dioqez\u00ebs s\u00eb Beratit me 35 pako ushqimore.<\/p>\n<p> <strong>&nbsp;&nbsp;&nbsp;&nbsp; Jani Meni<\/strong><\/span><\/span><\/p>\n<p style=\"text-align: justify;\"><span style=\"font-family: helvetica; font-size: 12pt;\"> <span style=\"color: #000000;\"><strong>&nbsp;&nbsp;&nbsp;&nbsp; Koordinator i Zyr\u00ebs s\u00eb Rinis\u00eb<\/strong><\/span><\/span><\/p>\n<p style=\"text-align: justify;\"><span style=\"font-family: tahoma,geneva,sans-serif;\"><span style=\"font-size: 12px;\"><strong><img decoding=\"async\" class=\"lazyload HAa Eha\" style=\"height: 450px; width: 600px; margin: 10px; border-width: 1px; border-style: solid;\" alt=\"\" src=\"data:image\/gif;base64,R0lGODlhAQABAAAAACH5BAEKAAEALAAAAAABAAEAAAICTAEAOw==\" data-orig-src=\"https:\/\/lh6.googleusercontent.com\/-Q5BXF4UTH-o\/UtpE4QvIufI\/AAAAAAAAHYg\/vW-Cbf-85Ww\/w702-h527-no\/foti+1.JPG\" \/><\/strong><\/span><\/span><\/p>\n<p style=\"text-align: justify;\"><span style=\"font-family: tahoma,geneva,sans-serif;\"><span style=\"font-size: 12px;\"><strong><img decoding=\"async\" class=\"lazyload HAa Eha\" style=\"height: 400px; width: 600px; margin: 10px; border-width: 1px; border-style: solid;\" alt=\"\" src=\"data:image\/gif;base64,R0lGODlhAQABAAAAACH5BAEKAAEALAAAAAABAAEAAAICTAEAOw==\" data-orig-src=\"https:\/\/lh6.googleusercontent.com\/-MN42p0cV6wM\/UtpE4p8vYVI\/AAAAAAAAHYk\/E7L9-NJEpbA\/w702-h468-no\/foto+3.JPG\" \/><\/strong><\/span><\/span><\/p>\n<p style=\"text-align: justify;\"><span style=\"font-family: tahoma,geneva,sans-serif;\"><span style=\"font-size: 12px;\"><strong><img decoding=\"async\" class=\"lazyload HAa Eha\" style=\"height: 601px; width: 400px; margin: 10px; border-width: 1px; border-style: solid;\" alt=\"\" src=\"data:image\/gif;base64,R0lGODlhAQABAAAAACH5BAEKAAEALAAAAAABAAEAAAICTAEAOw==\" data-orig-src=\"https:\/\/lh4.googleusercontent.com\/-bAABXE32184\/UtpE5LGF5hI\/AAAAAAAAHYo\/dIcSWWh9FtY\/w365-h548-no\/foto+2.JPG\" \/><\/strong><\/span><\/span><\/p>\n","protected":false},"excerpt":{"rendered":"<p>&nbsp;&nbsp; Lidhja Rinore Orthodhokse \u201cBijt\u00eb e Drit\u00ebs\u201d Tiran\u00eb, n\u00eb kuad\u00ebr t\u00eb Krishtlindjeve, gjat\u00eb periudh\u00ebs n\u00ebntor \u2013 dhjetor 2013, nd\u00ebrmori nj\u00eb nism\u00eb n\u00eb bashk\u00ebpunim me besimtar\u00ebt orthodhoks\u00eb t\u00eb Tiran\u00ebs dhe p\u00ebrgatiti rreth 120 pako ushqimore. Ato iu shp\u00ebrndan\u00eb 120 familjeve shum\u00eb t\u00eb varf\u00ebra. P\u00ebrkat\u00ebsisht, 84 pako n\u00eb Tiran\u00eb dhe 36 pako ushqimore p\u00ebr familjet e polic\u00ebve t\u00eb r\u00ebn\u00eb n\u00eb krye t\u00eb detyr\u00ebs n\u00eb qarkun e Shkodr\u00ebs.<\/p>\n","protected":false},"author":1,"featured_media":631,"comment_status":"open","ping_status":"open","sticky":false,"template":"","format":"standard","meta":{"_acf_changed":false,"pagelayer_contact_templates":[],"_pagelayer_content":"","inline_featured_image":false,"fifu_image_url":"","fifu_image_alt":"","footnotes":""},"categories":[108],"tags":[141,633,196,212,176],"class_list":["post-1003","post","type-post","status-publish","format-standard","has-post-thumbnail","hentry","category-lajme","tag-141","tag-donacionendihma","tag-tirane","tag-lajme-d27","tag-rinia-orthodhokse"],"acf":[],"yoast_head":"<!-- This site is optimized with the Yoast SEO plugin v27.2 - https:\/\/yoast.com\/product\/yoast-seo-wordpress\/ -->\n<title>Nism\u00eb humane nga t\u00eb rinjt\u00eb orthodhoks\u00eb p\u00ebr njer\u00ebzit n\u00eb nevoj\u00eb. (N\u00ebntor - Dhjetor 2013) - Kisha Orthodh\u03bfkse Autoqefale e Shqip\u00ebris\u00eb<\/title>\n<meta name=\"robots\" content=\"index, follow, max-snippet:-1, max-image-preview:large, max-video-preview:-1\" \/>\n<link rel=\"canonical\" href=\"https:\/\/orthodoxalbania.org\/2020\/2013\/12\/28\/nisme-humane-nga-te-rinjte-orthodhokse-per-njerezit-ne-nevoje\/\" \/>\n<meta property=\"og:locale\" content=\"en_US\" \/>\n<meta property=\"og:type\" content=\"article\" \/>\n<meta property=\"og:title\" content=\"Nism\u00eb humane nga t\u00eb rinjt\u00eb orthodhoks\u00eb p\u00ebr njer\u00ebzit n\u00eb nevoj\u00eb. (N\u00ebntor - Dhjetor 2013) - Kisha Orthodh\u03bfkse Autoqefale e Shqip\u00ebris\u00eb\" \/>\n<meta property=\"og:description\" content=\"&nbsp;&nbsp; Lidhja Rinore Orthodhokse \u201cBijt\u00eb e Drit\u00ebs\u201d Tiran\u00eb, n\u00eb kuad\u00ebr t\u00eb Krishtlindjeve, gjat\u00eb periudh\u00ebs n\u00ebntor \u2013 dhjetor 2013, nd\u00ebrmori nj\u00eb nism\u00eb n\u00eb bashk\u00ebpunim me besimtar\u00ebt orthodhoks\u00eb t\u00eb Tiran\u00ebs dhe p\u00ebrgatiti rreth 120 pako ushqimore. Ato iu shp\u00ebrndan\u00eb 120 familjeve shum\u00eb t\u00eb varf\u00ebra. P\u00ebrkat\u00ebsisht, 84 pako n\u00eb Tiran\u00eb dhe 36 pako ushqimore p\u00ebr familjet e polic\u00ebve t\u00eb r\u00ebn\u00eb n\u00eb krye t\u00eb detyr\u00ebs n\u00eb qarkun e Shkodr\u00ebs.\" \/>\n<meta property=\"og:url\" content=\"https:\/\/orthodoxalbania.org\/2020\/2013\/12\/28\/nisme-humane-nga-te-rinjte-orthodhokse-per-njerezit-ne-nevoje\/\" \/>\n<meta property=\"og:site_name\" content=\"Kisha Orthodh\u03bfkse Autoqefale e Shqip\u00ebris\u00eb\" \/>\n<meta property=\"article:publisher\" content=\"https:\/\/www.facebook.com\/koash1991\" \/>\n<meta property=\"article:published_time\" content=\"2013-12-28T09:43:21+00:00\" \/>\n<meta property=\"article:modified_time\" content=\"2020-04-06T20:05:23+00:00\" \/>\n<meta property=\"og:image\" content=\"https:\/\/orthodoxalbania.org\/2020\/wp-content\/uploads\/2020\/04\/foti-1.JPG\" \/>\n\t<meta property=\"og:image:width\" content=\"702\" \/>\n\t<meta property=\"og:image:height\" content=\"526\" \/>\n\t<meta property=\"og:image:type\" content=\"image\/jpeg\" \/>\n<meta name=\"author\" content=\"Kisha Orthodhokse\" \/>\n<meta name=\"twitter:card\" content=\"summary_large_image\" \/>\n<meta name=\"twitter:label1\" content=\"Written by\" \/>\n\t<meta name=\"twitter:data1\" content=\"Kisha Orthodhokse\" \/>\n\t<meta name=\"twitter:label2\" content=\"Est. reading time\" \/>\n\t<meta name=\"twitter:data2\" content=\"2 minutes\" \/>\n<script type=\"application\/ld+json\" class=\"yoast-schema-graph\">{\"@context\":\"https:\/\/schema.org\",\"@graph\":[{\"@type\":\"Article\",\"@id\":\"https:\/\/orthodoxalbania.org\/2020\/2013\/12\/28\/nisme-humane-nga-te-rinjte-orthodhokse-per-njerezit-ne-nevoje\/#article\",\"isPartOf\":{\"@id\":\"https:\/\/orthodoxalbania.org\/2020\/2013\/12\/28\/nisme-humane-nga-te-rinjte-orthodhokse-per-njerezit-ne-nevoje\/\"},\"author\":{\"name\":\"Kisha Orthodhokse\",\"@id\":\"https:\/\/orthodoxalbania.org\/2020\/#\/schema\/person\/0c387634a7063ac612d7ed9ce71c7e86\"},\"headline\":\"Nism\u00eb humane nga t\u00eb rinjt\u00eb orthodhoks\u00eb p\u00ebr njer\u00ebzit n\u00eb nevoj\u00eb. (N\u00ebntor &#8211; Dhjetor 2013)\",\"datePublished\":\"2013-12-28T09:43:21+00:00\",\"dateModified\":\"2020-04-06T20:05:23+00:00\",\"mainEntityOfPage\":{\"@id\":\"https:\/\/orthodoxalbania.org\/2020\/2013\/12\/28\/nisme-humane-nga-te-rinjte-orthodhokse-per-njerezit-ne-nevoje\/\"},\"wordCount\":418,\"commentCount\":0,\"publisher\":{\"@id\":\"https:\/\/orthodoxalbania.org\/2020\/#organization\"},\"image\":{\"@id\":\"https:\/\/orthodoxalbania.org\/2020\/2013\/12\/28\/nisme-humane-nga-te-rinjte-orthodhokse-per-njerezit-ne-nevoje\/#primaryimage\"},\"thumbnailUrl\":\"https:\/\/orthodoxalbania.org\/2020\/wp-content\/uploads\/2020\/04\/foti-1.JPG\",\"keywords\":[\"2013\",\"DonacioneNdihma\",\"Kryepiskopata Tiran\u00eb\",\"lajme\",\"Rinia Orthodhokse\"],\"articleSection\":[\"Lajme\"],\"inLanguage\":\"en-US\"},{\"@type\":\"WebPage\",\"@id\":\"https:\/\/orthodoxalbania.org\/2020\/2013\/12\/28\/nisme-humane-nga-te-rinjte-orthodhokse-per-njerezit-ne-nevoje\/\",\"url\":\"https:\/\/orthodoxalbania.org\/2020\/2013\/12\/28\/nisme-humane-nga-te-rinjte-orthodhokse-per-njerezit-ne-nevoje\/\",\"name\":\"Nism\u00eb humane nga t\u00eb rinjt\u00eb orthodhoks\u00eb p\u00ebr njer\u00ebzit n\u00eb nevoj\u00eb. (N\u00ebntor - Dhjetor 2013) - Kisha Orthodh\u03bfkse Autoqefale e Shqip\u00ebris\u00eb\",\"isPartOf\":{\"@id\":\"https:\/\/orthodoxalbania.org\/2020\/#website\"},\"primaryImageOfPage\":{\"@id\":\"https:\/\/orthodoxalbania.org\/2020\/2013\/12\/28\/nisme-humane-nga-te-rinjte-orthodhokse-per-njerezit-ne-nevoje\/#primaryimage\"},\"image\":{\"@id\":\"https:\/\/orthodoxalbania.org\/2020\/2013\/12\/28\/nisme-humane-nga-te-rinjte-orthodhokse-per-njerezit-ne-nevoje\/#primaryimage\"},\"thumbnailUrl\":\"https:\/\/orthodoxalbania.org\/2020\/wp-content\/uploads\/2020\/04\/foti-1.JPG\",\"datePublished\":\"2013-12-28T09:43:21+00:00\",\"dateModified\":\"2020-04-06T20:05:23+00:00\",\"breadcrumb\":{\"@id\":\"https:\/\/orthodoxalbania.org\/2020\/2013\/12\/28\/nisme-humane-nga-te-rinjte-orthodhokse-per-njerezit-ne-nevoje\/#breadcrumb\"},\"inLanguage\":\"en-US\",\"potentialAction\":[{\"@type\":\"ReadAction\",\"target\":[\"https:\/\/orthodoxalbania.org\/2020\/2013\/12\/28\/nisme-humane-nga-te-rinjte-orthodhokse-per-njerezit-ne-nevoje\/\"]}]},{\"@type\":\"ImageObject\",\"inLanguage\":\"en-US\",\"@id\":\"https:\/\/orthodoxalbania.org\/2020\/2013\/12\/28\/nisme-humane-nga-te-rinjte-orthodhokse-per-njerezit-ne-nevoje\/#primaryimage\",\"url\":\"https:\/\/orthodoxalbania.org\/2020\/wp-content\/uploads\/2020\/04\/foti-1.JPG\",\"contentUrl\":\"https:\/\/orthodoxalbania.org\/2020\/wp-content\/uploads\/2020\/04\/foti-1.JPG\",\"width\":702,\"height\":526},{\"@type\":\"BreadcrumbList\",\"@id\":\"https:\/\/orthodoxalbania.org\/2020\/2013\/12\/28\/nisme-humane-nga-te-rinjte-orthodhokse-per-njerezit-ne-nevoje\/#breadcrumb\",\"itemListElement\":[{\"@type\":\"ListItem\",\"position\":1,\"name\":\"Home\",\"item\":\"https:\/\/orthodoxalbania.org\/2020\/\"},{\"@type\":\"ListItem\",\"position\":2,\"name\":\"Nism\u00eb humane nga t\u00eb rinjt\u00eb orthodhoks\u00eb p\u00ebr njer\u00ebzit n\u00eb nevoj\u00eb. (N\u00ebntor &#8211; Dhjetor 2013)\"}]},{\"@type\":\"WebSite\",\"@id\":\"https:\/\/orthodoxalbania.org\/2020\/#website\",\"url\":\"https:\/\/orthodoxalbania.org\/2020\/\",\"name\":\"Kisha Orthodh\u03bfkse Autoqefale e Shqip\u00ebris\u00eb\",\"description\":\"Fqja Zyrtare e Kish\u00ebs Orthodhokse Autoqefale e Shqip\u00ebris\u00eb me lajmet edhe informacionet zyrtare p\u00ebr struktur\u00ebn edhe veprimtarin e saj.\",\"publisher\":{\"@id\":\"https:\/\/orthodoxalbania.org\/2020\/#organization\"},\"potentialAction\":[{\"@type\":\"SearchAction\",\"target\":{\"@type\":\"EntryPoint\",\"urlTemplate\":\"https:\/\/orthodoxalbania.org\/2020\/?s={search_term_string}\"},\"query-input\":{\"@type\":\"PropertyValueSpecification\",\"valueRequired\":true,\"valueName\":\"search_term_string\"}}],\"inLanguage\":\"en-US\"},{\"@type\":\"Organization\",\"@id\":\"https:\/\/orthodoxalbania.org\/2020\/#organization\",\"name\":\"Kisha Orthodhokse Autoqefale e Shqip\u00ebris\u00eb\",\"url\":\"https:\/\/orthodoxalbania.org\/2020\/\",\"logo\":{\"@type\":\"ImageObject\",\"inLanguage\":\"en-US\",\"@id\":\"https:\/\/orthodoxalbania.org\/2020\/#\/schema\/logo\/image\/\",\"url\":\"https:\/\/orthodoxalbania.org\/2020\/wp-content\/uploads\/2020\/05\/albania.jpeg\",\"contentUrl\":\"https:\/\/orthodoxalbania.org\/2020\/wp-content\/uploads\/2020\/05\/albania.jpeg\",\"width\":540,\"height\":540,\"caption\":\"Kisha Orthodhokse Autoqefale e Shqip\u00ebris\u00eb\"},\"image\":{\"@id\":\"https:\/\/orthodoxalbania.org\/2020\/#\/schema\/logo\/image\/\"},\"sameAs\":[\"https:\/\/www.facebook.com\/koash1991\"]},{\"@type\":\"Person\",\"@id\":\"https:\/\/orthodoxalbania.org\/2020\/#\/schema\/person\/0c387634a7063ac612d7ed9ce71c7e86\",\"name\":\"Kisha Orthodhokse\",\"image\":{\"@type\":\"ImageObject\",\"inLanguage\":\"en-US\",\"@id\":\"https:\/\/secure.gravatar.com\/avatar\/596e7c417251e30f2fbb9c00e026fce61a695a00e51c889caded71c96cbbdde5?s=96&d=mm&r=g\",\"url\":\"https:\/\/secure.gravatar.com\/avatar\/596e7c417251e30f2fbb9c00e026fce61a695a00e51c889caded71c96cbbdde5?s=96&d=mm&r=g\",\"contentUrl\":\"https:\/\/secure.gravatar.com\/avatar\/596e7c417251e30f2fbb9c00e026fce61a695a00e51c889caded71c96cbbdde5?s=96&d=mm&r=g\",\"caption\":\"Kisha Orthodhokse\"}}]}<\/script>\n<!-- \/ Yoast SEO plugin. -->","yoast_head_json":{"title":"Nism\u00eb humane nga t\u00eb rinjt\u00eb orthodhoks\u00eb p\u00ebr njer\u00ebzit n\u00eb nevoj\u00eb. (N\u00ebntor - Dhjetor 2013) - Kisha Orthodh\u03bfkse Autoqefale e Shqip\u00ebris\u00eb","robots":{"index":"index","follow":"follow","max-snippet":"max-snippet:-1","max-image-preview":"max-image-preview:large","max-video-preview":"max-video-preview:-1"},"canonical":"https:\/\/orthodoxalbania.org\/2020\/2013\/12\/28\/nisme-humane-nga-te-rinjte-orthodhokse-per-njerezit-ne-nevoje\/","og_locale":"en_US","og_type":"article","og_title":"Nism\u00eb humane nga t\u00eb rinjt\u00eb orthodhoks\u00eb p\u00ebr njer\u00ebzit n\u00eb nevoj\u00eb. (N\u00ebntor - Dhjetor 2013) - Kisha Orthodh\u03bfkse Autoqefale e Shqip\u00ebris\u00eb","og_description":"&nbsp;&nbsp; Lidhja Rinore Orthodhokse \u201cBijt\u00eb e Drit\u00ebs\u201d Tiran\u00eb, n\u00eb kuad\u00ebr t\u00eb Krishtlindjeve, gjat\u00eb periudh\u00ebs n\u00ebntor \u2013 dhjetor 2013, nd\u00ebrmori nj\u00eb nism\u00eb n\u00eb bashk\u00ebpunim me besimtar\u00ebt orthodhoks\u00eb t\u00eb Tiran\u00ebs dhe p\u00ebrgatiti rreth 120 pako ushqimore. Ato iu shp\u00ebrndan\u00eb 120 familjeve shum\u00eb t\u00eb varf\u00ebra. P\u00ebrkat\u00ebsisht, 84 pako n\u00eb Tiran\u00eb dhe 36 pako ushqimore p\u00ebr familjet e polic\u00ebve t\u00eb r\u00ebn\u00eb n\u00eb krye t\u00eb detyr\u00ebs n\u00eb qarkun e Shkodr\u00ebs.","og_url":"https:\/\/orthodoxalbania.org\/2020\/2013\/12\/28\/nisme-humane-nga-te-rinjte-orthodhokse-per-njerezit-ne-nevoje\/","og_site_name":"Kisha Orthodh\u03bfkse Autoqefale e Shqip\u00ebris\u00eb","article_publisher":"https:\/\/www.facebook.com\/koash1991","article_published_time":"2013-12-28T09:43:21+00:00","article_modified_time":"2020-04-06T20:05:23+00:00","og_image":[{"width":702,"height":526,"url":"https:\/\/orthodoxalbania.org\/2020\/wp-content\/uploads\/2020\/04\/foti-1.JPG","type":"image\/jpeg"}],"author":"Kisha Orthodhokse","twitter_card":"summary_large_image","twitter_misc":{"Written by":"Kisha Orthodhokse","Est. reading time":"2 minutes"},"schema":{"@context":"https:\/\/schema.org","@graph":[{"@type":"Article","@id":"https:\/\/orthodoxalbania.org\/2020\/2013\/12\/28\/nisme-humane-nga-te-rinjte-orthodhokse-per-njerezit-ne-nevoje\/#article","isPartOf":{"@id":"https:\/\/orthodoxalbania.org\/2020\/2013\/12\/28\/nisme-humane-nga-te-rinjte-orthodhokse-per-njerezit-ne-nevoje\/"},"author":{"name":"Kisha Orthodhokse","@id":"https:\/\/orthodoxalbania.org\/2020\/#\/schema\/person\/0c387634a7063ac612d7ed9ce71c7e86"},"headline":"Nism\u00eb humane nga t\u00eb rinjt\u00eb orthodhoks\u00eb p\u00ebr njer\u00ebzit n\u00eb nevoj\u00eb. (N\u00ebntor &#8211; Dhjetor 2013)","datePublished":"2013-12-28T09:43:21+00:00","dateModified":"2020-04-06T20:05:23+00:00","mainEntityOfPage":{"@id":"https:\/\/orthodoxalbania.org\/2020\/2013\/12\/28\/nisme-humane-nga-te-rinjte-orthodhokse-per-njerezit-ne-nevoje\/"},"wordCount":418,"commentCount":0,"publisher":{"@id":"https:\/\/orthodoxalbania.org\/2020\/#organization"},"image":{"@id":"https:\/\/orthodoxalbania.org\/2020\/2013\/12\/28\/nisme-humane-nga-te-rinjte-orthodhokse-per-njerezit-ne-nevoje\/#primaryimage"},"thumbnailUrl":"https:\/\/orthodoxalbania.org\/2020\/wp-content\/uploads\/2020\/04\/foti-1.JPG","keywords":["2013","DonacioneNdihma","Kryepiskopata Tiran\u00eb","lajme","Rinia Orthodhokse"],"articleSection":["Lajme"],"inLanguage":"en-US"},{"@type":"WebPage","@id":"https:\/\/orthodoxalbania.org\/2020\/2013\/12\/28\/nisme-humane-nga-te-rinjte-orthodhokse-per-njerezit-ne-nevoje\/","url":"https:\/\/orthodoxalbania.org\/2020\/2013\/12\/28\/nisme-humane-nga-te-rinjte-orthodhokse-per-njerezit-ne-nevoje\/","name":"Nism\u00eb humane nga t\u00eb rinjt\u00eb orthodhoks\u00eb p\u00ebr njer\u00ebzit n\u00eb nevoj\u00eb. (N\u00ebntor - Dhjetor 2013) - Kisha Orthodh\u03bfkse Autoqefale e Shqip\u00ebris\u00eb","isPartOf":{"@id":"https:\/\/orthodoxalbania.org\/2020\/#website"},"primaryImageOfPage":{"@id":"https:\/\/orthodoxalbania.org\/2020\/2013\/12\/28\/nisme-humane-nga-te-rinjte-orthodhokse-per-njerezit-ne-nevoje\/#primaryimage"},"image":{"@id":"https:\/\/orthodoxalbania.org\/2020\/2013\/12\/28\/nisme-humane-nga-te-rinjte-orthodhokse-per-njerezit-ne-nevoje\/#primaryimage"},"thumbnailUrl":"https:\/\/orthodoxalbania.org\/2020\/wp-content\/uploads\/2020\/04\/foti-1.JPG","datePublished":"2013-12-28T09:43:21+00:00","dateModified":"2020-04-06T20:05:23+00:00","breadcrumb":{"@id":"https:\/\/orthodoxalbania.org\/2020\/2013\/12\/28\/nisme-humane-nga-te-rinjte-orthodhokse-per-njerezit-ne-nevoje\/#breadcrumb"},"inLanguage":"en-US","potentialAction":[{"@type":"ReadAction","target":["https:\/\/orthodoxalbania.org\/2020\/2013\/12\/28\/nisme-humane-nga-te-rinjte-orthodhokse-per-njerezit-ne-nevoje\/"]}]},{"@type":"ImageObject","inLanguage":"en-US","@id":"https:\/\/orthodoxalbania.org\/2020\/2013\/12\/28\/nisme-humane-nga-te-rinjte-orthodhokse-per-njerezit-ne-nevoje\/#primaryimage","url":"https:\/\/orthodoxalbania.org\/2020\/wp-content\/uploads\/2020\/04\/foti-1.JPG","contentUrl":"https:\/\/orthodoxalbania.org\/2020\/wp-content\/uploads\/2020\/04\/foti-1.JPG","width":702,"height":526},{"@type":"BreadcrumbList","@id":"https:\/\/orthodoxalbania.org\/2020\/2013\/12\/28\/nisme-humane-nga-te-rinjte-orthodhokse-per-njerezit-ne-nevoje\/#breadcrumb","itemListElement":[{"@type":"ListItem","position":1,"name":"Home","item":"https:\/\/orthodoxalbania.org\/2020\/"},{"@type":"ListItem","position":2,"name":"Nism\u00eb humane nga t\u00eb rinjt\u00eb orthodhoks\u00eb p\u00ebr njer\u00ebzit n\u00eb nevoj\u00eb. (N\u00ebntor &#8211; Dhjetor 2013)"}]},{"@type":"WebSite","@id":"https:\/\/orthodoxalbania.org\/2020\/#website","url":"https:\/\/orthodoxalbania.org\/2020\/","name":"Kisha Orthodh\u03bfkse Autoqefale e Shqip\u00ebris\u00eb","description":"Fqja Zyrtare e Kish\u00ebs Orthodhokse Autoqefale e Shqip\u00ebris\u00eb me lajmet edhe informacionet zyrtare p\u00ebr struktur\u00ebn edhe veprimtarin e saj.","publisher":{"@id":"https:\/\/orthodoxalbania.org\/2020\/#organization"},"potentialAction":[{"@type":"SearchAction","target":{"@type":"EntryPoint","urlTemplate":"https:\/\/orthodoxalbania.org\/2020\/?s={search_term_string}"},"query-input":{"@type":"PropertyValueSpecification","valueRequired":true,"valueName":"search_term_string"}}],"inLanguage":"en-US"},{"@type":"Organization","@id":"https:\/\/orthodoxalbania.org\/2020\/#organization","name":"Kisha Orthodhokse Autoqefale e Shqip\u00ebris\u00eb","url":"https:\/\/orthodoxalbania.org\/2020\/","logo":{"@type":"ImageObject","inLanguage":"en-US","@id":"https:\/\/orthodoxalbania.org\/2020\/#\/schema\/logo\/image\/","url":"https:\/\/orthodoxalbania.org\/2020\/wp-content\/uploads\/2020\/05\/albania.jpeg","contentUrl":"https:\/\/orthodoxalbania.org\/2020\/wp-content\/uploads\/2020\/05\/albania.jpeg","width":540,"height":540,"caption":"Kisha Orthodhokse Autoqefale e Shqip\u00ebris\u00eb"},"image":{"@id":"https:\/\/orthodoxalbania.org\/2020\/#\/schema\/logo\/image\/"},"sameAs":["https:\/\/www.facebook.com\/koash1991"]},{"@type":"Person","@id":"https:\/\/orthodoxalbania.org\/2020\/#\/schema\/person\/0c387634a7063ac612d7ed9ce71c7e86","name":"Kisha Orthodhokse","image":{"@type":"ImageObject","inLanguage":"en-US","@id":"https:\/\/secure.gravatar.com\/avatar\/596e7c417251e30f2fbb9c00e026fce61a695a00e51c889caded71c96cbbdde5?s=96&d=mm&r=g","url":"https:\/\/secure.gravatar.com\/avatar\/596e7c417251e30f2fbb9c00e026fce61a695a00e51c889caded71c96cbbdde5?s=96&d=mm&r=g","contentUrl":"https:\/\/secure.gravatar.com\/avatar\/596e7c417251e30f2fbb9c00e026fce61a695a00e51c889caded71c96cbbdde5?s=96&d=mm&r=g","caption":"Kisha Orthodhokse"}}]}},"_links":{"self":[{"href":"https:\/\/orthodoxalbania.org\/2020\/wp-json\/wp\/v2\/posts\/1003","targetHints":{"allow":["GET"]}}],"collection":[{"href":"https:\/\/orthodoxalbania.org\/2020\/wp-json\/wp\/v2\/posts"}],"about":[{"href":"https:\/\/orthodoxalbania.org\/2020\/wp-json\/wp\/v2\/types\/post"}],"author":[{"embeddable":true,"href":"https:\/\/orthodoxalbania.org\/2020\/wp-json\/wp\/v2\/users\/1"}],"replies":[{"embeddable":true,"href":"https:\/\/orthodoxalbania.org\/2020\/wp-json\/wp\/v2\/comments?post=1003"}],"version-history":[{"count":1,"href":"https:\/\/orthodoxalbania.org\/2020\/wp-json\/wp\/v2\/posts\/1003\/revisions"}],"predecessor-version":[{"id":15133,"href":"https:\/\/orthodoxalbania.org\/2020\/wp-json\/wp\/v2\/posts\/1003\/revisions\/15133"}],"wp:featuredmedia":[{"embeddable":true,"href":"https:\/\/orthodoxalbania.org\/2020\/wp-json\/wp\/v2\/media\/631"}],"wp:attachment":[{"href":"https:\/\/orthodoxalbania.org\/2020\/wp-json\/wp\/v2\/media?parent=1003"}],"wp:term":[{"taxonomy":"category","embeddable":true,"href":"https:\/\/orthodoxalbania.org\/2020\/wp-json\/wp\/v2\/categories?post=1003"},{"taxonomy":"post_tag","embeddable":true,"href":"https:\/\/orthodoxalbania.org\/2020\/wp-json\/wp\/v2\/tags?post=1003"}],"curies":[{"name":"wp","href":"https:\/\/api.w.org\/{rel}","templated":true}]}}