{"id":1002,"date":"2007-02-26T00:00:00","date_gmt":"2007-02-26T00:00:00","guid":{"rendered":""},"modified":"2020-04-06T22:35:37","modified_gmt":"2020-04-06T20:35:37","slug":"nisin-takimet-ne-qendren-studentore-orthodhokse-ne-tirane-nentor-2007","status":"publish","type":"post","link":"https:\/\/orthodoxalbania.org\/2020\/2007\/02\/26\/nisin-takimet-ne-qendren-studentore-orthodhokse-ne-tirane-nentor-2007\/","title":{"rendered":"Nisin takimet n\u00eb Qendr\u00ebn Studentore Orthodhokse n\u00eb Tiran\u00eb. (N\u00ebntor 2007)"},"content":{"rendered":"<div style=\"text-align: center;\"><span style=\"color: #000000;\"><span style=\"font-family: tahoma,geneva,sans-serif;\"><span style=\"font-size: 12px;\"><strong>Dashuria, ligji i jet\u00ebs!<\/strong><\/span><\/span><\/span><\/div>\n<div style=\"text-align: justify;\">&nbsp;<\/div>\n<div style=\"text-align: justify;\"><span style=\"color: #000000;\"><span style=\"font-family: tahoma,geneva,sans-serif;\"><span style=\"font-size: 12px;\">&nbsp;&nbsp;&nbsp; Kjo, do t\u00eb jet\u00eb tema, e cila do t\u00eb mbledh\u00eb s\u00eb bashku t\u00eb rinj, student\u00eb t\u00eb fakulteteve t\u00eb ndryshme, p\u00ebr gjith\u00eb vitin akademik, n\u00eb Qendr\u00ebn Studentore t\u00eb Kish\u00ebs Orthodhokse Autoqefale t\u00eb Shqip\u00ebris\u00eb.<\/span><\/span><\/span><\/div>\n<div style=\"text-align: justify;\"><span style=\"color: #000000;\"><span style=\"font-family: tahoma,geneva,sans-serif;\"><span style=\"font-size: 12px;\">&nbsp;&nbsp;&nbsp; Nd\u00ebrtesa e k\u00ebsaj Qendre Studentore u ble me fondet e Kryepiskopit Anastas n\u00eb n\u00ebntor t\u00eb viti 2005 dhe filloi t\u00eb funksionoj\u00eb n\u00eb janar t\u00eb vitit 2006.&nbsp;<\/span><\/span><\/span><\/div>\n<div>&nbsp;<\/div>\n<table id=\"AutoNumber2\" border=\"0\">\n<tbody>\n<tr>\n<td>\n<div><span style=\"color: #000000;\"><span style=\"font-family: tahoma,geneva,sans-serif;\"><span style=\"font-size: 12px;\"><img decoding=\"async\" class=\"lazyload HAa Eha\" style=\"border-width: 1px; border-style: solid; margin: 10px;\" alt=\"\" src=\"data:image\/gif;base64,R0lGODlhAQABAAAAACH5BAEKAAEALAAAAAABAAEAAAICTAEAOw==\" data-orig-src=\"https:\/\/lh3.googleusercontent.com\/-IXmaiI8mJ3E\/VIrWRsCBY5I\/AAAAAAAAHEU\/0_H9fzSb1T0\/w400-h314-no\/1-2.jpg\" \/><\/span><\/span><\/span><\/div>\n<\/td>\n<td>\n<div style=\"text-align: justify;\"><span style=\"color: #000000;\"><span style=\"font-family: tahoma,geneva,sans-serif;\"><span style=\"font-size: 12px;\">&nbsp;&nbsp;&nbsp; Takimi i par\u00eb p\u00ebr k\u00ebt\u00eb vit t\u00eb ri akademik u zhvillua n\u00eb dat\u00eb 30 tetor, i cili mbodhi shum\u00eb student\u00eb t\u00eb rinj, t\u00eb cil\u00ebt e vizitonin p\u00ebr her\u00eb t\u00eb par\u00eb k\u00ebt\u00eb Qend\u00ebr.<\/span><\/span><\/span><\/div>\n<\/td>\n<\/tr>\n<tr>\n<td>\n<div style=\"text-align: justify;\"><span style=\"color: #000000;\"><span style=\"font-family: tahoma,geneva,sans-serif;\"><span style=\"font-size: 12px;\">&nbsp;&nbsp;&nbsp; Takimi filloi me p\u00ebrsh\u00ebndetjen dhe mir\u00ebseardhjen drejtuar t\u00eb rinjve, nga stafi i k\u00ebsaj qendre, i cili do t\u00eb jet\u00eb pran\u00eb k\u00ebtyre t\u00eb rinjve me sh\u00ebrbime t\u00eb ndryshme.<\/span><\/span><\/span><\/div>\n<\/td>\n<td>\n<div><span style=\"color: #000000;\"><span style=\"font-family: tahoma,geneva,sans-serif;\"><span style=\"font-size: 12px;\"><img decoding=\"async\" class=\"lazyload HAa Eha\" style=\"border-width: 1px; border-style: solid; margin: 10px;\" alt=\"\" src=\"data:image\/gif;base64,R0lGODlhAQABAAAAACH5BAEKAAEALAAAAAABAAEAAAICTAEAOw==\" data-orig-src=\"https:\/\/lh6.googleusercontent.com\/-9pZg98fNtU4\/VIrWRniSrDI\/AAAAAAAAHEM\/-wnkdczn4cU\/w400-h251-no\/2-2.jpg\" \/><\/span><\/span><\/span><\/div>\n<\/td>\n<\/tr>\n<tr>\n<td>\n<div><span style=\"color: #000000;\"><span style=\"font-family: tahoma,geneva,sans-serif;\"><span style=\"font-size: 12px;\"><img decoding=\"async\" class=\"lazyload HAa Eha\" style=\"border-width: 1px; border-style: solid; margin: 10px;\" alt=\"\" src=\"data:image\/gif;base64,R0lGODlhAQABAAAAACH5BAEKAAEALAAAAAABAAEAAAICTAEAOw==\" data-orig-src=\"https:\/\/lh5.googleusercontent.com\/-OteAzHsj3Ig\/VIrWRgYDGqI\/AAAAAAAAHEI\/3mQa_8AqPrg\/w400-h305-no\/3-2.jpg\" \/><\/span><\/span><\/span><\/div>\n<\/td>\n<td>\n<div style=\"text-align: justify;\"><span style=\"color: #000000;\"><span style=\"font-family: tahoma,geneva,sans-serif;\"><span style=\"font-size: 12px;\">&nbsp;&nbsp;&nbsp; M\u00eb pas fjal\u00ebn e mori Hir\u00ebsi Andoni, Episkop i Kruj\u00ebs, i cili theksoi r\u00ebnd\u00ebsin\u00eb e jet\u00ebs me Per\u00ebndin\u00eb, duke n\u00ebnvizuar q\u00eb Per\u00ebndia \u00ebsht\u00eb Dashuri dhe n\u00eb k\u00ebt\u00eb frym\u00eb duhet t\u00eb jetojn\u00eb t\u00eb krishter\u00ebt.<\/span><\/span><\/span><\/div>\n<\/td>\n<\/tr>\n<tr>\n<td>\n<div style=\"text-align: justify;\"><span style=\"color: #000000;\"><span style=\"font-family: tahoma,geneva,sans-serif;\"><span style=\"font-size: 12px;\">&nbsp;&nbsp;&nbsp; N\u00eb fund t\u00eb takimit student\u00ebt u njoh\u00ebn me programin e k\u00ebsaj qendre si edhe me tekstin e p\u00ebrgatitur posa\u00e7\u00ebrisht p\u00ebr takimin e par\u00eb, me tem\u00eb <strong>\u201cDashuria ligji i jet\u00ebs!\u201d<\/strong>.<\/span><\/span><\/span><\/div>\n<\/td>\n<td>\n<div><span style=\"color: #000000;\"><span style=\"font-family: tahoma,geneva,sans-serif;\"><span style=\"font-size: 12px;\"><img decoding=\"async\" class=\"lazyload HAa Eha\" style=\"border-width: 1px; border-style: solid; margin: 10px;\" alt=\"\" src=\"data:image\/gif;base64,R0lGODlhAQABAAAAACH5BAEKAAEALAAAAAABAAEAAAICTAEAOw==\" data-orig-src=\"https:\/\/lh3.googleusercontent.com\/-pxBjRG7RrFo\/VIrWSOesgdI\/AAAAAAAAHEA\/QxEgyYeULvE\/w400-h283-no\/4-2.jpg\" \/><\/span><\/span><\/span><\/div>\n<\/td>\n<\/tr>\n<tr>\n<td>\n<div><span style=\"color: #000000;\"><span style=\"font-family: tahoma,geneva,sans-serif;\"><span style=\"font-size: 12px;\"><img decoding=\"async\" class=\"lazyload HAa Eha\" style=\"border-width: 1px; border-style: solid; margin: 10px;\" alt=\"\" src=\"data:image\/gif;base64,R0lGODlhAQABAAAAACH5BAEKAAEALAAAAAABAAEAAAICTAEAOw==\" data-orig-src=\"https:\/\/lh3.googleusercontent.com\/-jEKH7oj_E08\/VIrWSVhQSPI\/AAAAAAAAHEY\/3hz5kXDjgK8\/w400-h288-no\/5-1.jpg\" \/><\/span><\/span><\/span><\/div>\n<\/td>\n<td>\n<div style=\"text-align: justify;\"><span style=\"color: #000000;\"><span style=\"font-family: tahoma,geneva,sans-serif;\"><span style=\"font-size: 12px;\">&nbsp;&nbsp;&nbsp; Ky aktivitet u mbyll me koktejin e shtruar p\u00ebr t\u00eb gjith\u00eb pjes\u00ebmarr\u00ebsit, p\u00ebr t\u00eb vijuar m\u00eb tej me takimet e p\u00ebrjavshme shpirt\u00ebrore, sociale dhe arg\u00ebtuese.<\/span><\/span><\/span><\/div>\n<\/td>\n<\/tr>\n<tr>\n<td>\n<div style=\"text-align: justify;\"><span style=\"color: #000000;\"><span style=\"font-family: tahoma,geneva,sans-serif;\"><span style=\"font-size: 12px;\"><strong>\u201cT\u00eb mos duam me fjal\u00eb, as me gjuh\u00eb, por me vepra e me t\u00eb v\u00ebrtet\u00eb\u201d<\/strong><\/span><\/span><\/span><\/div>\n<div style=\"text-align: justify;\">&nbsp;<\/div>\n<div style=\"text-align: justify;\"><span style=\"color: #000000;\"><span style=\"font-family: tahoma,geneva,sans-serif;\"><span style=\"font-size: 12px;\">(1 Joani .3:18)<\/span><\/span><\/span><\/div>\n<div style=\"text-align: justify;\">&nbsp;<\/div>\n<div style=\"text-align: justify;\"><span style=\"color: #000000;\"><span style=\"font-family: tahoma,geneva,sans-serif;\"><span style=\"font-size: 12px;\">&nbsp;&nbsp;&nbsp; T\u00eb dashur student\u00eb, le t\u00eb p\u00ebrfitojm\u00eb n\u00eb zemr\u00ebn ton\u00eb dashurin\u00eb p\u00ebr Per\u00ebndin\u00eb dhe dashurin\u00eb p\u00ebr t\u00eb af\u00ebrmin! Ne t\u00eb jemi ata q\u00eb ta rrezatojm\u00eb dashurin\u00eb e krishter\u00eb, p\u00ebr t\u00eb cil\u00ebn ka shum\u00eb nevoj\u00eb shoq\u00ebria. Ajo \u00ebsht\u00eb baza e gjith\u00e7kaje, q\u00eb mban n\u00eb jet\u00eb, t\u00eb gjith\u00eb sa jetojn\u00eb me t\u00eb. Ky \u00ebsht\u00eb virtyti m\u00eb i madh.<\/span><\/span><\/span><\/div>\n<\/td>\n<td>\n<div><span style=\"color: #000000;\"><span style=\"font-family: tahoma,geneva,sans-serif;\"><span style=\"font-size: 12px;\"><img decoding=\"async\" class=\"lazyload HAa Eha\" style=\"border-width: 1px; border-style: solid; margin: 10px;\" alt=\"\" src=\"data:image\/gif;base64,R0lGODlhAQABAAAAACH5BAEKAAEALAAAAAABAAEAAAICTAEAOw==\" data-orig-src=\"https:\/\/lh5.googleusercontent.com\/-og25mvlD-nk\/VIrWSld0BEI\/AAAAAAAAHEE\/-ujkwpG6Kpk\/w400-h254-no\/6.jpg\" \/><\/span><\/span><\/span><\/div>\n<\/td>\n<\/tr>\n<\/tbody>\n<\/table>\n<div style=\"text-align: justify;\"><span style=\"color: #000000;\"><span style=\"font-family: tahoma,geneva,sans-serif;\"><span style=\"font-size: 12px;\">&nbsp;&nbsp;&nbsp; Fryti i par\u00eb i dashuris\u00eb s\u00eb krishter\u00eb \u00ebsht\u00eb q\u00eb t\u00eb mos b\u00ebjm\u00eb keq ndaj askujt. Ai q\u00eb ka dashuri, nuk b\u00ebn keq. I keq \u00ebsht\u00eb inati dhe zem\u00ebrimi, por ai q\u00eb ka dashuri nuk tundohet nga to. E keqe \u00ebsht\u00eb plangprishja dhe imoraliteti, por ai q\u00eb ka dashuri nuk bie n\u00eb to. E keqe \u00ebsht\u00eb grabitja e t\u00eb mirave t\u00eb t\u00eb af\u00ebrmve tan\u00eb me dinak\u00ebri dhe mjete mashtruese, por ai q\u00eb ka dashuri nuk bie as n\u00eb k\u00ebto vese. I keq \u00ebsht\u00eb betimi, shpifja, sharja, mashtrimi, dinak\u00ebria, por ai q\u00eb ka dashuri nuk i afron ato. E keqe \u00ebsht\u00eb xhelozia, smira, zilia, padrejt\u00ebsia, posht\u00ebrimi, ofendimi, por ai q\u00eb ka dashuri nuk bie n\u00eb asnj\u00eb nga k\u00ebto vese.<\/span><\/span><\/span><\/div>\n<div style=\"text-align: justify;\">&nbsp;<\/div>\n<div style=\"text-align: justify;\"><span style=\"color: #000000;\"><span style=\"font-family: tahoma,geneva,sans-serif;\"><span style=\"font-size: 12px;\">&nbsp;&nbsp;&nbsp; Gjithashtu, ai q\u00eb ka dashuri e shikon tjetrin si jeta e tij. Dhe kur e shikon n\u00eb varf\u00ebri \u00ebsht\u00eb e pamundur q\u00eb mos ta m\u00ebshiroj\u00eb dhe ta ndihmoj\u00eb. Sepse <strong>\u201cdashuria b\u00ebn gjithmon\u00eb t\u00eb mir\u00ebn\u201d<\/strong>, e sheh at\u00eb q\u00eb ka uri dhe e ushqen, e sheh at\u00eb q\u00eb ka etje dhe e freskon, e sheh t\u00eb huajin dhe e mir\u00ebpret, e sheh t\u00eb s\u00ebmurin dhe e viziton, e sheh t\u00eb burgosurin dhe e ngush\u00ebllon.<\/span><\/span><\/span><\/div>\n<div style=\"text-align: justify;\">&nbsp;<\/div>\n<div style=\"text-align: justify;\"><span style=\"color: #000000;\"><span style=\"font-family: tahoma,geneva,sans-serif;\"><span style=\"font-size: 12px;\">&nbsp;&nbsp;&nbsp; Le t\u00eb b\u00ebhemi me t\u00eb v\u00ebrtet\u00eb njer\u00ebz t\u00eb dashuris\u00eb dhe at\u00ebher\u00eb do t\u00eb jemi me t\u00eb v\u00ebrtet\u00eb t\u00eb krishter\u00eb. <strong>Nga kjo do t\u00eb dallohemi se jemi t\u00eb krishter\u00eb, n\u00ebse kemi dashuri midis nesh<\/strong>. T\u00eb gjith\u00eb jemi thirrur n\u00eb Nj\u00eb besim, besojm\u00eb n\u00eb Per\u00ebndin\u00eb At, Bir dhe Shpirt t\u00eb Shenjt\u00eb. Ai na do prandaj le t\u00eb duam nj\u00ebri \u2013 tjetrin.<\/span><\/span><\/span><\/div>\n<div>&nbsp;<\/div>\n<div><span style=\"color: #000000;\"><span style=\"font-family: tahoma,geneva,sans-serif;\"><span style=\"font-size: 12px;\">&nbsp;&nbsp;&nbsp; T\u00eb gjith\u00eb kemi nj\u00eb At qiellor, i Cili nga dashuria e madhe na jep buk\u00eb, rroba, sht\u00ebpi e t\u00eb mira t\u00eb tjera, prandaj le ta duam nj\u00ebri \u2013 tjetrin.<\/span><\/span><\/span><\/div>\n<div>&nbsp;<\/div>\n<div><span style=\"color: #000000;\"><span style=\"font-family: tahoma,geneva,sans-serif;\"><span style=\"font-size: 12px;\">&nbsp;&nbsp;&nbsp; T\u00eb gjith\u00eb kemi nj\u00eb pag\u00ebzim, n\u00ebp\u00ebrmjet t\u00eb cilit mohuam satanain dhe veprat e tij dinake dhe i premtuam Krishtit se do t\u00eb kemi dashuri, prandaj le ta duam nj\u00ebri \u2013 tjetrin.<\/span><\/span><\/span><\/div>\n<div>&nbsp;<\/div>\n<div><span style=\"color: #000000;\"><span style=\"font-family: tahoma,geneva,sans-serif;\"><span style=\"font-size: 12px;\">&nbsp;&nbsp;&nbsp; T\u00eb gjith\u00eb afrohemi n\u00eb Nj\u00eb tryez\u00eb t\u00eb Shenjt\u00eb e kungohemi me trupin dhe gjakun e Krishtit. Sa mister i lart\u00eb! Sa e pakonceptueshme njeridashja e Per\u00ebndis\u00eb, prandaj le ta duam nj\u00ebri \u2013 tjetrin.<\/span><\/span><\/span><\/div>\n<div>&nbsp;<\/div>\n<div><span style=\"color: #000000;\"><span style=\"font-family: tahoma,geneva,sans-serif;\"><span style=\"font-size: 12px;\">&nbsp;&nbsp;&nbsp; T\u00eb gjith\u00eb jemi motra dhe v\u00ebllez\u00ebr dhe kemi Nj\u00eb At, t\u00eb Cilit i lutemi dhe i themi: \u201cAti yn\u00eb q\u00eb je n\u00eb qiej\u201d, prandaj le ta duam nj\u00ebri \u2013 tjetrin.<\/span><\/span><\/span><\/div>\n<div>&nbsp;<\/div>\n<div><span style=\"color: #000000;\"><span style=\"font-family: tahoma,geneva,sans-serif;\"><span style=\"font-size: 12px;\">&nbsp;&nbsp;&nbsp; Ja q\u00eb \u00e7do i krishter\u00eb ka shum\u00eb arsye dhe shkaqe q\u00eb t\u00eb doj\u00eb t\u00eb af\u00ebrmin e tij, sepse at\u00eb e do dhe vet\u00eb Per\u00ebndia.<\/span><\/span><\/span><\/div>\n<div>&nbsp;<\/div>\n<div><span style=\"color: #000000;\"><span style=\"font-family: tahoma,geneva,sans-serif;\"><span style=\"font-size: 12px;\">&nbsp;&nbsp;&nbsp; Ti, pra, \u00e7far\u00eb do t\u00eb b\u00ebsh, do t\u00eb mohosh t\u00eb duash krijes\u00ebn e dashur t\u00eb Per\u00ebndis\u00eb, t\u00eb af\u00ebrmin t\u00ebnd? At\u00eb q\u00eb u krijua sipas ikon\u00ebs dhe ngjashm\u00ebris\u00eb s\u00eb Per\u00ebndis\u00eb ashtu si dhe ti? At\u00eb q\u00eb kungohet me trupin dhe gjakun e Krishtit, ashtu si edhe ti? At\u00eb q\u00eb \u00ebsht\u00eb thirrur n\u00eb jet\u00ebn e p\u00ebrjetshme, ashtu si edhe ti? At\u00eb q\u00eb Per\u00ebndia t\u00eb thot\u00eb ta duash si veten t\u00ebnde?<\/span><\/span><\/span><\/div>\n<div>&nbsp;<\/div>\n<div><span style=\"color: #000000;\"><span style=\"font-family: tahoma,geneva,sans-serif;\"><span style=\"font-size: 12px;\">&nbsp;&nbsp;&nbsp; Pra, student\u00eb t\u00eb dashur, le t\u00eb duam nj\u00ebri \u2013 tjetrin ashtu sikurse Per\u00ebndia na do ne, sepse vet\u00ebm k\u00ebshtu do t\u00eb kemi nj\u00eb udh\u00ebtim t\u00eb bekuar. Udh\u00ebtim, i cili fillon nga k\u00ebtu &#8211; n\u00eb tok\u00eb dhe drejtohet drejt jet\u00ebs s\u00eb p\u00ebrjetshme, ku \u00ebsht\u00eb dhe kuror\u00ebzimi i gjith\u00e7kaje.<\/span><\/span><\/span><\/div>\n<div>&nbsp;<\/div>\n<div><span style=\"color: #000000;\"><span style=\"font-family: tahoma,geneva,sans-serif;\"><span style=\"font-size: 12px;\">&nbsp;&nbsp;&nbsp; Le t\u00eb mos frik\u00ebsohemi, sepse dashuria do triumfoj\u00eb, n\u00ebse ne e lejojm\u00eb.<\/span><\/span><\/span><\/div>\n<div>&nbsp;<\/div>\n<div>&nbsp;<\/div>\n<div><span style=\"color: #000000;\"><span style=\"font-family: tahoma,geneva,sans-serif;\"><span style=\"font-size: 12px;\"><strong>Qendra Studentore<\/strong><\/span><\/span><\/span><\/div>\n<div>&nbsp;<\/div>\n<div><span style=\"color: #000000;\"><span style=\"font-family: tahoma,geneva,sans-serif;\"><span style=\"font-size: 12px;\"><strong>e Kishes Orthodhokse Autoqefale te Shqiperise<\/strong><\/span><\/span><\/span><\/div>\n<div>&nbsp;<\/div>\n<div><span style=\"color: #000000;\"><span style=\"font-family: tahoma,geneva,sans-serif;\"><span style=\"font-size: 12px;\"><strong>Tirane<\/strong><\/span><\/span><\/span><\/div>\n<div>&nbsp;<\/div>\n<div><span style=\"color: #000000;\"><span style=\"font-family: tahoma,geneva,sans-serif;\"><span style=\"font-size: 12px;\"><strong>Zhvillon Takimet Javore Sipas K\u00ebtij Programi:<\/strong><\/span><\/span><\/span><\/div>\n<div>&nbsp;<\/div>\n<div>&nbsp;<\/div>\n<div style=\"margin-left: 0.25in;\"><span style=\"color: #000000;\"><span style=\"font-family: tahoma,geneva,sans-serif;\"><span style=\"font-size: 12px;\">1.&nbsp;&nbsp;&nbsp;&nbsp;&nbsp;&nbsp; <span dir=\"LTR\"><strong>\u00c7do t\u00eb mart\u00eb,<\/strong><\/span>takimi i p\u00ebrgjithsh\u00ebm me student\u00eb, ku trajtohen tema t\u00eb ndryshme shpirt\u00ebrore dhe sociale:<\/span><\/span><\/span><\/div>\n<div><span style=\"color: #000000;\"><span style=\"font-family: tahoma,geneva,sans-serif;\"><span style=\"font-size: 12px;\">N\u00eb dat\u00eb <strong>13 n\u00ebntor<\/strong>, tema: <strong>\u201cPse jetojm\u00eb? Cili \u00ebsht\u00eb q\u00ebllimi i jet\u00ebs?\u201d<\/strong><\/span><\/span><\/span><\/div>\n<div><span style=\"color: #000000;\"><span style=\"font-family: tahoma,geneva,sans-serif;\"><span style=\"font-size: 12px;\">N\u00eb dat\u00eb <strong>20 n\u00ebntor<\/strong>, tema: <strong>\u201cUn\u00eb dhe ti; si t\u00eb nd\u00ebrtojm\u00eb marr\u00ebdh\u00ebnie me t\u00eb tjer\u00ebt?\u201d<\/strong><\/span><\/span><\/span><\/div>\n<div><span style=\"color: #000000;\"><span style=\"font-family: tahoma,geneva,sans-serif;\"><span style=\"font-size: 12px;\"><em>N\u00eb dat\u00eb <strong>27 n\u00ebntor<\/strong> p\u00ebr t\u00eb gjith\u00eb student\u00ebt do t\u00eb ket\u00eb nj\u00eb mbr\u00ebmje kulturore dhe arg\u00ebtuese.<\/em><\/span><\/span><\/span><\/div>\n<div><span style=\"color: #000000;\"><span style=\"font-family: tahoma,geneva,sans-serif;\"><span style=\"font-size: 12px;\">N\u00eb dat\u00eb <strong>4 dhjetor<\/strong>, tema: <strong>\u201cJa ku jam o Zot, u b\u00ebft\u00eb vullneti Yt!\u201d<\/strong><\/span><\/span><\/span><\/div>\n<div style=\"margin-left: 0.25in;\"><span style=\"color: #000000;\"><span style=\"font-family: tahoma,geneva,sans-serif;\"><span style=\"font-size: 12px;\">2.&nbsp;&nbsp;&nbsp;&nbsp;&nbsp;&nbsp; <span dir=\"LTR\"><strong>\u00c7do t\u00eb m\u00ebrkur\u00eb ora 17.00<\/strong><\/span>&nbsp;&nbsp;&nbsp;&nbsp;&nbsp;&nbsp;&nbsp;&nbsp;&nbsp;&nbsp;&nbsp;&nbsp;&nbsp;&nbsp;&nbsp;&nbsp;&nbsp;&nbsp;&nbsp; &nbsp;&nbsp;&nbsp;&nbsp;&nbsp;&nbsp;&nbsp;&nbsp;&nbsp;&nbsp;&nbsp;&nbsp;&nbsp;&nbsp;&nbsp; Lutemi s\u00eb bashku, Studim Biblik<\/span><\/span><\/span><\/div>\n<div style=\"margin-left: 0.25in;\"><span style=\"color: #000000;\"><span style=\"font-family: tahoma,geneva,sans-serif;\"><span style=\"font-size: 12px;\">3.&nbsp;&nbsp;&nbsp;&nbsp;&nbsp;&nbsp; <span dir=\"LTR\"><strong>\u00c7do t\u00eb enjte ora 17.00<\/strong><\/span>&nbsp;&nbsp;&nbsp;&nbsp;&nbsp;&nbsp;&nbsp;&nbsp;&nbsp;&nbsp;&nbsp;&nbsp;&nbsp;&nbsp;&nbsp;&nbsp;&nbsp;&nbsp;&nbsp;&nbsp;&nbsp;&nbsp;&nbsp;&nbsp;&nbsp;&nbsp;&nbsp;&nbsp;&nbsp;&nbsp;&nbsp;&nbsp;&nbsp;&nbsp;&nbsp;&nbsp;&nbsp;&nbsp;&nbsp;&nbsp;&nbsp;&nbsp;&nbsp;Punime artizanale<\/span><\/span><\/span><\/div>\n<div style=\"margin-left: 0.25in;\"><span style=\"color: #000000;\"><span style=\"font-family: tahoma,geneva,sans-serif;\"><span style=\"font-size: 12px;\">4.&nbsp;&nbsp;&nbsp;&nbsp;&nbsp;&nbsp; <span dir=\"LTR\"><strong>\u00c7do t\u00eb enjte ora 07.00<\/strong><\/span>&nbsp;&nbsp;&nbsp;&nbsp;&nbsp;&nbsp;&nbsp;&nbsp;&nbsp;&nbsp;&nbsp;&nbsp;&nbsp;&nbsp;&nbsp;&nbsp;&nbsp;&nbsp;&nbsp;&nbsp;&nbsp;&nbsp;&nbsp;&nbsp;&nbsp;&nbsp;&nbsp;&nbsp;&nbsp;&nbsp;&nbsp;&nbsp;&nbsp;&nbsp;&nbsp;&nbsp;&nbsp;&nbsp;&nbsp;&nbsp;&nbsp;&nbsp;&nbsp; Pjes\u00ebmarrje n\u00eb Liturgjin\u00eb Hyjnore<\/span><\/span><\/span><\/div>\n<div style=\"margin-left: 0.25in;\"><span style=\"color: #000000;\"><span style=\"font-family: tahoma,geneva,sans-serif;\"><span style=\"font-size: 12px;\">5.&nbsp;&nbsp;&nbsp;&nbsp;&nbsp;&nbsp; <span dir=\"LTR\"><strong>\u00c7do t\u00eb shtun\u00eb<\/strong><\/span>&nbsp;&nbsp;&nbsp;&nbsp;&nbsp;&nbsp;&nbsp;&nbsp;&nbsp;&nbsp;&nbsp;&nbsp;&nbsp;&nbsp;&nbsp;&nbsp;&nbsp;&nbsp;&nbsp;&nbsp;&nbsp;&nbsp;&nbsp;&nbsp;&nbsp;&nbsp;&nbsp;&nbsp;&nbsp;&nbsp;&nbsp;&nbsp;&nbsp;&nbsp;&nbsp;&nbsp;&nbsp;&nbsp;&nbsp;&nbsp;&nbsp;&nbsp;&nbsp;&nbsp;&nbsp;&nbsp;&nbsp;&nbsp;&nbsp;&nbsp;&nbsp;&nbsp;&nbsp;&nbsp;&nbsp;&nbsp;&nbsp;&nbsp;Vizita n\u00eb njer\u00ebz n\u00eb nevoj\u00eb<\/span><\/span><\/span><\/div>\n<div style=\"margin-left: 0.25in;\">&nbsp;<\/div>\n<div>&nbsp;<\/div>\n<div><span style=\"color: #000000;\"><span style=\"font-family: tahoma,geneva,sans-serif;\"><span style=\"font-size: 12px;\">N\u00eb dat\u00ebn <strong>1 dhjetor 2007,<\/strong> do t\u00eb organizohet nj\u00eb ekskursion n\u00eb qytetin e bukur t\u00eb Beratit.<\/span><\/span><\/span><\/div>\n<div><span style=\"color: #000000;\"><span style=\"font-family: tahoma,geneva,sans-serif;\"><span style=\"font-size: 12px;\">N\u00eb datat <strong>14 &#8211; 16 dhjetor 2007,<\/strong> do t\u00eb zhvillohet konferenca studentore me tem\u00eb: <strong>\u201cA ka vend n\u00eb zemr\u00ebn t\u00ebnde p\u00ebr Krishtin foshnj\u00eb?\u201d<\/strong><\/span><\/span><\/span><\/div>\n<div>&nbsp;<\/div>\n<div>&nbsp;<\/div>\n<div><span style=\"color: #000000;\"><span style=\"font-family: tahoma,geneva,sans-serif;\"><span style=\"font-size: 12px;\"><strong>Qendra eshte e hapur \u00c7do dite:<\/strong><\/span><\/span><\/span><\/div>\n<div>&nbsp;<\/div>\n<div><span style=\"color: #000000;\"><span style=\"font-family: tahoma,geneva,sans-serif;\"><span style=\"font-size: 12px;\"><strong>nga ora 09.00 &#8211; 20.00<\/strong><\/span><\/span><\/span><\/div>\n<div>&nbsp;<\/div>\n<div>&nbsp;<\/div>\n<div><span style=\"color: #000000;\"><span style=\"font-family: tahoma,geneva,sans-serif;\"><span style=\"font-size: 12px;\">Kjo qend\u00ebr <strong>ofron<\/strong> gjithashtu:<\/span><\/span><\/span><\/div>\n<div style=\"margin-left: 0.25in;\"><span style=\"color: #000000;\"><span style=\"font-family: tahoma,geneva,sans-serif;\"><span style=\"font-size: 12px;\"><strong>1.&nbsp;&nbsp;&nbsp;&nbsp;&nbsp;&nbsp; <\/strong><span dir=\"LTR\"><strong>Kurse kompjuteri<\/strong><\/span><\/span><\/span><\/span><\/div>\n<div style=\"margin-left: 0.25in;\"><span style=\"color: #000000;\"><span style=\"font-family: tahoma,geneva,sans-serif;\"><span style=\"font-size: 12px;\">2.&nbsp;&nbsp;&nbsp;&nbsp;&nbsp;&nbsp; <span dir=\"LTR\"><strong>M\u00ebsime katekizmi<\/strong><\/span>p\u00ebr pag\u00ebzim<\/span><\/span><\/span><\/div>\n<div style=\"margin-left: 0.25in;\"><span style=\"color: #000000;\"><span style=\"font-family: tahoma,geneva,sans-serif;\"><span style=\"font-size: 12px;\">3.&nbsp;&nbsp;&nbsp;&nbsp;&nbsp;&nbsp; <span dir=\"LTR\"><strong>Bibliotek\u00eb me libra t\u00eb ndrysh\u00ebm <\/strong><\/span> fetar\u00eb, shkencor\u00eb dhe artistik\u00eb<\/span><\/span><\/span><\/div>\n<div style=\"margin-left: 0.25in;\"><span style=\"color: #000000;\"><span style=\"font-family: tahoma,geneva,sans-serif;\"><span style=\"font-size: 12px;\">4.&nbsp;&nbsp;&nbsp;&nbsp;&nbsp;&nbsp; <span dir=\"LTR\"><strong>Sall\u00eb studimi,<\/strong><\/span>dhe <strong>leximi<\/strong>.<\/span><\/span><\/span><\/div>\n<div>&nbsp;<\/div>\n<div>&nbsp;<\/div>\n<div><span style=\"color: #000000;\"><span style=\"font-family: tahoma,geneva,sans-serif;\"><span style=\"font-size: 12px;\"><em><strong>Sonila Dedja<\/strong><\/em><\/span><\/span><\/span><\/div>\n","protected":false},"excerpt":{"rendered":"<p>Dashuria, ligji i jet\u00ebs! &nbsp; &nbsp;&nbsp;&nbsp; Kjo, do t\u00eb jet\u00eb tema, e cila do t\u00eb mbledh\u00eb s\u00eb bashku t\u00eb rinj, student\u00eb t\u00eb fakulteteve t\u00eb ndryshme, p\u00ebr gjith\u00eb vitin akademik, n\u00eb Qendr\u00ebn Studentore t\u00eb Kish\u00ebs Orthodhokse Autoqefale t\u00eb Shqip\u00ebris\u00eb. &nbsp;&nbsp;&nbsp; Nd\u00ebrtesa e k\u00ebsaj Qendre Studentore u ble me fondet e Kryepiskopit Anastas n\u00eb n\u00ebntor t\u00eb viti 2005 dhe filloi t\u00eb funksionoj\u00eb n\u00eb janar t\u00eb vitit 2006.&nbsp;<\/p>\n","protected":false},"author":1,"featured_media":0,"comment_status":"open","ping_status":"open","sticky":false,"template":"","format":"standard","meta":{"_acf_changed":false,"pagelayer_contact_templates":[],"_pagelayer_content":"","inline_featured_image":false,"fifu_image_url":"","fifu_image_alt":"","footnotes":""},"categories":[108],"tags":[147,154,196,212,176],"class_list":["post-1002","post","type-post","status-publish","format-standard","hentry","category-lajme","tag-147","tag-aktivitete","tag-tirane","tag-lajme-d27","tag-rinia-orthodhokse"],"acf":[],"yoast_head":"<!-- This site is optimized with the Yoast SEO plugin v27.2 - https:\/\/yoast.com\/product\/yoast-seo-wordpress\/ -->\n<title>Nisin takimet n\u00eb Qendr\u00ebn Studentore Orthodhokse n\u00eb Tiran\u00eb. (N\u00ebntor 2007) - Kisha Orthodh\u03bfkse Autoqefale e Shqip\u00ebris\u00eb<\/title>\n<meta name=\"robots\" content=\"index, follow, max-snippet:-1, max-image-preview:large, max-video-preview:-1\" \/>\n<link rel=\"canonical\" href=\"https:\/\/orthodoxalbania.org\/2020\/2007\/02\/26\/nisin-takimet-ne-qendren-studentore-orthodhokse-ne-tirane-nentor-2007\/\" \/>\n<meta property=\"og:locale\" content=\"en_US\" \/>\n<meta property=\"og:type\" content=\"article\" \/>\n<meta property=\"og:title\" content=\"Nisin takimet n\u00eb Qendr\u00ebn Studentore Orthodhokse n\u00eb Tiran\u00eb. (N\u00ebntor 2007) - Kisha Orthodh\u03bfkse Autoqefale e Shqip\u00ebris\u00eb\" \/>\n<meta property=\"og:description\" content=\"Dashuria, ligji i jet\u00ebs! &nbsp; &nbsp;&nbsp;&nbsp; Kjo, do t\u00eb jet\u00eb tema, e cila do t\u00eb mbledh\u00eb s\u00eb bashku t\u00eb rinj, student\u00eb t\u00eb fakulteteve t\u00eb ndryshme, p\u00ebr gjith\u00eb vitin akademik, n\u00eb Qendr\u00ebn Studentore t\u00eb Kish\u00ebs Orthodhokse Autoqefale t\u00eb Shqip\u00ebris\u00eb. &nbsp;&nbsp;&nbsp; Nd\u00ebrtesa e k\u00ebsaj Qendre Studentore u ble me fondet e Kryepiskopit Anastas n\u00eb n\u00ebntor t\u00eb viti 2005 dhe filloi t\u00eb funksionoj\u00eb n\u00eb janar t\u00eb vitit 2006.&nbsp;\" \/>\n<meta property=\"og:url\" content=\"https:\/\/orthodoxalbania.org\/2020\/2007\/02\/26\/nisin-takimet-ne-qendren-studentore-orthodhokse-ne-tirane-nentor-2007\/\" \/>\n<meta property=\"og:site_name\" content=\"Kisha Orthodh\u03bfkse Autoqefale e Shqip\u00ebris\u00eb\" \/>\n<meta property=\"article:publisher\" content=\"https:\/\/www.facebook.com\/koash1991\" \/>\n<meta property=\"article:published_time\" content=\"2007-02-26T00:00:00+00:00\" \/>\n<meta property=\"article:modified_time\" content=\"2020-04-06T20:35:37+00:00\" \/>\n<meta property=\"og:image\" content=\"https:\/\/lh3.googleusercontent.com\/-IXmaiI8mJ3E\/VIrWRsCBY5I\/AAAAAAAAHEU\/0_H9fzSb1T0\/w400-h314-no\/1-2.jpg\" \/>\n<meta name=\"author\" content=\"Kisha Orthodhokse\" \/>\n<meta name=\"twitter:card\" content=\"summary_large_image\" \/>\n<meta name=\"twitter:label1\" content=\"Written by\" \/>\n\t<meta name=\"twitter:data1\" content=\"Kisha Orthodhokse\" \/>\n\t<meta name=\"twitter:label2\" content=\"Est. reading time\" \/>\n\t<meta name=\"twitter:data2\" content=\"7 minutes\" \/>\n<script type=\"application\/ld+json\" class=\"yoast-schema-graph\">{\"@context\":\"https:\/\/schema.org\",\"@graph\":[{\"@type\":\"Article\",\"@id\":\"https:\/\/orthodoxalbania.org\/2020\/2007\/02\/26\/nisin-takimet-ne-qendren-studentore-orthodhokse-ne-tirane-nentor-2007\/#article\",\"isPartOf\":{\"@id\":\"https:\/\/orthodoxalbania.org\/2020\/2007\/02\/26\/nisin-takimet-ne-qendren-studentore-orthodhokse-ne-tirane-nentor-2007\/\"},\"author\":{\"name\":\"Kisha Orthodhokse\",\"@id\":\"https:\/\/orthodoxalbania.org\/2020\/#\/schema\/person\/0c387634a7063ac612d7ed9ce71c7e86\"},\"headline\":\"Nisin takimet n\u00eb Qendr\u00ebn Studentore Orthodhokse n\u00eb Tiran\u00eb. (N\u00ebntor 2007)\",\"datePublished\":\"2007-02-26T00:00:00+00:00\",\"dateModified\":\"2020-04-06T20:35:37+00:00\",\"mainEntityOfPage\":{\"@id\":\"https:\/\/orthodoxalbania.org\/2020\/2007\/02\/26\/nisin-takimet-ne-qendren-studentore-orthodhokse-ne-tirane-nentor-2007\/\"},\"wordCount\":1456,\"commentCount\":0,\"publisher\":{\"@id\":\"https:\/\/orthodoxalbania.org\/2020\/#organization\"},\"image\":{\"@id\":\"https:\/\/orthodoxalbania.org\/2020\/2007\/02\/26\/nisin-takimet-ne-qendren-studentore-orthodhokse-ne-tirane-nentor-2007\/#primaryimage\"},\"thumbnailUrl\":\"https:\/\/lh3.googleusercontent.com\/-IXmaiI8mJ3E\/VIrWRsCBY5I\/AAAAAAAAHEU\/0_H9fzSb1T0\/w400-h314-no\/1-2.jpg\",\"keywords\":[\"2007\",\"Aktivitete\",\"Kryepiskopata Tiran\u00eb\",\"lajme\",\"Rinia Orthodhokse\"],\"articleSection\":[\"Lajme\"],\"inLanguage\":\"en-US\"},{\"@type\":\"WebPage\",\"@id\":\"https:\/\/orthodoxalbania.org\/2020\/2007\/02\/26\/nisin-takimet-ne-qendren-studentore-orthodhokse-ne-tirane-nentor-2007\/\",\"url\":\"https:\/\/orthodoxalbania.org\/2020\/2007\/02\/26\/nisin-takimet-ne-qendren-studentore-orthodhokse-ne-tirane-nentor-2007\/\",\"name\":\"Nisin takimet n\u00eb Qendr\u00ebn Studentore Orthodhokse n\u00eb Tiran\u00eb. (N\u00ebntor 2007) - Kisha Orthodh\u03bfkse Autoqefale e Shqip\u00ebris\u00eb\",\"isPartOf\":{\"@id\":\"https:\/\/orthodoxalbania.org\/2020\/#website\"},\"primaryImageOfPage\":{\"@id\":\"https:\/\/orthodoxalbania.org\/2020\/2007\/02\/26\/nisin-takimet-ne-qendren-studentore-orthodhokse-ne-tirane-nentor-2007\/#primaryimage\"},\"image\":{\"@id\":\"https:\/\/orthodoxalbania.org\/2020\/2007\/02\/26\/nisin-takimet-ne-qendren-studentore-orthodhokse-ne-tirane-nentor-2007\/#primaryimage\"},\"thumbnailUrl\":\"https:\/\/lh3.googleusercontent.com\/-IXmaiI8mJ3E\/VIrWRsCBY5I\/AAAAAAAAHEU\/0_H9fzSb1T0\/w400-h314-no\/1-2.jpg\",\"datePublished\":\"2007-02-26T00:00:00+00:00\",\"dateModified\":\"2020-04-06T20:35:37+00:00\",\"breadcrumb\":{\"@id\":\"https:\/\/orthodoxalbania.org\/2020\/2007\/02\/26\/nisin-takimet-ne-qendren-studentore-orthodhokse-ne-tirane-nentor-2007\/#breadcrumb\"},\"inLanguage\":\"en-US\",\"potentialAction\":[{\"@type\":\"ReadAction\",\"target\":[\"https:\/\/orthodoxalbania.org\/2020\/2007\/02\/26\/nisin-takimet-ne-qendren-studentore-orthodhokse-ne-tirane-nentor-2007\/\"]}]},{\"@type\":\"ImageObject\",\"inLanguage\":\"en-US\",\"@id\":\"https:\/\/orthodoxalbania.org\/2020\/2007\/02\/26\/nisin-takimet-ne-qendren-studentore-orthodhokse-ne-tirane-nentor-2007\/#primaryimage\",\"url\":\"https:\/\/lh3.googleusercontent.com\/-IXmaiI8mJ3E\/VIrWRsCBY5I\/AAAAAAAAHEU\/0_H9fzSb1T0\/w400-h314-no\/1-2.jpg\",\"contentUrl\":\"https:\/\/lh3.googleusercontent.com\/-IXmaiI8mJ3E\/VIrWRsCBY5I\/AAAAAAAAHEU\/0_H9fzSb1T0\/w400-h314-no\/1-2.jpg\"},{\"@type\":\"BreadcrumbList\",\"@id\":\"https:\/\/orthodoxalbania.org\/2020\/2007\/02\/26\/nisin-takimet-ne-qendren-studentore-orthodhokse-ne-tirane-nentor-2007\/#breadcrumb\",\"itemListElement\":[{\"@type\":\"ListItem\",\"position\":1,\"name\":\"Home\",\"item\":\"https:\/\/orthodoxalbania.org\/2020\/\"},{\"@type\":\"ListItem\",\"position\":2,\"name\":\"Nisin takimet n\u00eb Qendr\u00ebn Studentore Orthodhokse n\u00eb Tiran\u00eb. (N\u00ebntor 2007)\"}]},{\"@type\":\"WebSite\",\"@id\":\"https:\/\/orthodoxalbania.org\/2020\/#website\",\"url\":\"https:\/\/orthodoxalbania.org\/2020\/\",\"name\":\"Kisha Orthodh\u03bfkse Autoqefale e Shqip\u00ebris\u00eb\",\"description\":\"Fqja Zyrtare e Kish\u00ebs Orthodhokse Autoqefale e Shqip\u00ebris\u00eb me lajmet edhe informacionet zyrtare p\u00ebr struktur\u00ebn edhe veprimtarin e saj.\",\"publisher\":{\"@id\":\"https:\/\/orthodoxalbania.org\/2020\/#organization\"},\"potentialAction\":[{\"@type\":\"SearchAction\",\"target\":{\"@type\":\"EntryPoint\",\"urlTemplate\":\"https:\/\/orthodoxalbania.org\/2020\/?s={search_term_string}\"},\"query-input\":{\"@type\":\"PropertyValueSpecification\",\"valueRequired\":true,\"valueName\":\"search_term_string\"}}],\"inLanguage\":\"en-US\"},{\"@type\":\"Organization\",\"@id\":\"https:\/\/orthodoxalbania.org\/2020\/#organization\",\"name\":\"Kisha Orthodhokse Autoqefale e Shqip\u00ebris\u00eb\",\"url\":\"https:\/\/orthodoxalbania.org\/2020\/\",\"logo\":{\"@type\":\"ImageObject\",\"inLanguage\":\"en-US\",\"@id\":\"https:\/\/orthodoxalbania.org\/2020\/#\/schema\/logo\/image\/\",\"url\":\"https:\/\/orthodoxalbania.org\/2020\/wp-content\/uploads\/2020\/05\/albania.jpeg\",\"contentUrl\":\"https:\/\/orthodoxalbania.org\/2020\/wp-content\/uploads\/2020\/05\/albania.jpeg\",\"width\":540,\"height\":540,\"caption\":\"Kisha Orthodhokse Autoqefale e Shqip\u00ebris\u00eb\"},\"image\":{\"@id\":\"https:\/\/orthodoxalbania.org\/2020\/#\/schema\/logo\/image\/\"},\"sameAs\":[\"https:\/\/www.facebook.com\/koash1991\"]},{\"@type\":\"Person\",\"@id\":\"https:\/\/orthodoxalbania.org\/2020\/#\/schema\/person\/0c387634a7063ac612d7ed9ce71c7e86\",\"name\":\"Kisha Orthodhokse\",\"image\":{\"@type\":\"ImageObject\",\"inLanguage\":\"en-US\",\"@id\":\"https:\/\/secure.gravatar.com\/avatar\/596e7c417251e30f2fbb9c00e026fce61a695a00e51c889caded71c96cbbdde5?s=96&d=mm&r=g\",\"url\":\"https:\/\/secure.gravatar.com\/avatar\/596e7c417251e30f2fbb9c00e026fce61a695a00e51c889caded71c96cbbdde5?s=96&d=mm&r=g\",\"contentUrl\":\"https:\/\/secure.gravatar.com\/avatar\/596e7c417251e30f2fbb9c00e026fce61a695a00e51c889caded71c96cbbdde5?s=96&d=mm&r=g\",\"caption\":\"Kisha Orthodhokse\"}}]}<\/script>\n<!-- \/ Yoast SEO plugin. -->","yoast_head_json":{"title":"Nisin takimet n\u00eb Qendr\u00ebn Studentore Orthodhokse n\u00eb Tiran\u00eb. (N\u00ebntor 2007) - Kisha Orthodh\u03bfkse Autoqefale e Shqip\u00ebris\u00eb","robots":{"index":"index","follow":"follow","max-snippet":"max-snippet:-1","max-image-preview":"max-image-preview:large","max-video-preview":"max-video-preview:-1"},"canonical":"https:\/\/orthodoxalbania.org\/2020\/2007\/02\/26\/nisin-takimet-ne-qendren-studentore-orthodhokse-ne-tirane-nentor-2007\/","og_locale":"en_US","og_type":"article","og_title":"Nisin takimet n\u00eb Qendr\u00ebn Studentore Orthodhokse n\u00eb Tiran\u00eb. (N\u00ebntor 2007) - Kisha Orthodh\u03bfkse Autoqefale e Shqip\u00ebris\u00eb","og_description":"Dashuria, ligji i jet\u00ebs! &nbsp; &nbsp;&nbsp;&nbsp; Kjo, do t\u00eb jet\u00eb tema, e cila do t\u00eb mbledh\u00eb s\u00eb bashku t\u00eb rinj, student\u00eb t\u00eb fakulteteve t\u00eb ndryshme, p\u00ebr gjith\u00eb vitin akademik, n\u00eb Qendr\u00ebn Studentore t\u00eb Kish\u00ebs Orthodhokse Autoqefale t\u00eb Shqip\u00ebris\u00eb. &nbsp;&nbsp;&nbsp; Nd\u00ebrtesa e k\u00ebsaj Qendre Studentore u ble me fondet e Kryepiskopit Anastas n\u00eb n\u00ebntor t\u00eb viti 2005 dhe filloi t\u00eb funksionoj\u00eb n\u00eb janar t\u00eb vitit 2006.&nbsp;","og_url":"https:\/\/orthodoxalbania.org\/2020\/2007\/02\/26\/nisin-takimet-ne-qendren-studentore-orthodhokse-ne-tirane-nentor-2007\/","og_site_name":"Kisha Orthodh\u03bfkse Autoqefale e Shqip\u00ebris\u00eb","article_publisher":"https:\/\/www.facebook.com\/koash1991","article_published_time":"2007-02-26T00:00:00+00:00","article_modified_time":"2020-04-06T20:35:37+00:00","og_image":[{"url":"https:\/\/lh3.googleusercontent.com\/-IXmaiI8mJ3E\/VIrWRsCBY5I\/AAAAAAAAHEU\/0_H9fzSb1T0\/w400-h314-no\/1-2.jpg","type":"","width":"","height":""}],"author":"Kisha Orthodhokse","twitter_card":"summary_large_image","twitter_misc":{"Written by":"Kisha Orthodhokse","Est. reading time":"7 minutes"},"schema":{"@context":"https:\/\/schema.org","@graph":[{"@type":"Article","@id":"https:\/\/orthodoxalbania.org\/2020\/2007\/02\/26\/nisin-takimet-ne-qendren-studentore-orthodhokse-ne-tirane-nentor-2007\/#article","isPartOf":{"@id":"https:\/\/orthodoxalbania.org\/2020\/2007\/02\/26\/nisin-takimet-ne-qendren-studentore-orthodhokse-ne-tirane-nentor-2007\/"},"author":{"name":"Kisha Orthodhokse","@id":"https:\/\/orthodoxalbania.org\/2020\/#\/schema\/person\/0c387634a7063ac612d7ed9ce71c7e86"},"headline":"Nisin takimet n\u00eb Qendr\u00ebn Studentore Orthodhokse n\u00eb Tiran\u00eb. (N\u00ebntor 2007)","datePublished":"2007-02-26T00:00:00+00:00","dateModified":"2020-04-06T20:35:37+00:00","mainEntityOfPage":{"@id":"https:\/\/orthodoxalbania.org\/2020\/2007\/02\/26\/nisin-takimet-ne-qendren-studentore-orthodhokse-ne-tirane-nentor-2007\/"},"wordCount":1456,"commentCount":0,"publisher":{"@id":"https:\/\/orthodoxalbania.org\/2020\/#organization"},"image":{"@id":"https:\/\/orthodoxalbania.org\/2020\/2007\/02\/26\/nisin-takimet-ne-qendren-studentore-orthodhokse-ne-tirane-nentor-2007\/#primaryimage"},"thumbnailUrl":"https:\/\/lh3.googleusercontent.com\/-IXmaiI8mJ3E\/VIrWRsCBY5I\/AAAAAAAAHEU\/0_H9fzSb1T0\/w400-h314-no\/1-2.jpg","keywords":["2007","Aktivitete","Kryepiskopata Tiran\u00eb","lajme","Rinia Orthodhokse"],"articleSection":["Lajme"],"inLanguage":"en-US"},{"@type":"WebPage","@id":"https:\/\/orthodoxalbania.org\/2020\/2007\/02\/26\/nisin-takimet-ne-qendren-studentore-orthodhokse-ne-tirane-nentor-2007\/","url":"https:\/\/orthodoxalbania.org\/2020\/2007\/02\/26\/nisin-takimet-ne-qendren-studentore-orthodhokse-ne-tirane-nentor-2007\/","name":"Nisin takimet n\u00eb Qendr\u00ebn Studentore Orthodhokse n\u00eb Tiran\u00eb. (N\u00ebntor 2007) - Kisha Orthodh\u03bfkse Autoqefale e Shqip\u00ebris\u00eb","isPartOf":{"@id":"https:\/\/orthodoxalbania.org\/2020\/#website"},"primaryImageOfPage":{"@id":"https:\/\/orthodoxalbania.org\/2020\/2007\/02\/26\/nisin-takimet-ne-qendren-studentore-orthodhokse-ne-tirane-nentor-2007\/#primaryimage"},"image":{"@id":"https:\/\/orthodoxalbania.org\/2020\/2007\/02\/26\/nisin-takimet-ne-qendren-studentore-orthodhokse-ne-tirane-nentor-2007\/#primaryimage"},"thumbnailUrl":"https:\/\/lh3.googleusercontent.com\/-IXmaiI8mJ3E\/VIrWRsCBY5I\/AAAAAAAAHEU\/0_H9fzSb1T0\/w400-h314-no\/1-2.jpg","datePublished":"2007-02-26T00:00:00+00:00","dateModified":"2020-04-06T20:35:37+00:00","breadcrumb":{"@id":"https:\/\/orthodoxalbania.org\/2020\/2007\/02\/26\/nisin-takimet-ne-qendren-studentore-orthodhokse-ne-tirane-nentor-2007\/#breadcrumb"},"inLanguage":"en-US","potentialAction":[{"@type":"ReadAction","target":["https:\/\/orthodoxalbania.org\/2020\/2007\/02\/26\/nisin-takimet-ne-qendren-studentore-orthodhokse-ne-tirane-nentor-2007\/"]}]},{"@type":"ImageObject","inLanguage":"en-US","@id":"https:\/\/orthodoxalbania.org\/2020\/2007\/02\/26\/nisin-takimet-ne-qendren-studentore-orthodhokse-ne-tirane-nentor-2007\/#primaryimage","url":"https:\/\/lh3.googleusercontent.com\/-IXmaiI8mJ3E\/VIrWRsCBY5I\/AAAAAAAAHEU\/0_H9fzSb1T0\/w400-h314-no\/1-2.jpg","contentUrl":"https:\/\/lh3.googleusercontent.com\/-IXmaiI8mJ3E\/VIrWRsCBY5I\/AAAAAAAAHEU\/0_H9fzSb1T0\/w400-h314-no\/1-2.jpg"},{"@type":"BreadcrumbList","@id":"https:\/\/orthodoxalbania.org\/2020\/2007\/02\/26\/nisin-takimet-ne-qendren-studentore-orthodhokse-ne-tirane-nentor-2007\/#breadcrumb","itemListElement":[{"@type":"ListItem","position":1,"name":"Home","item":"https:\/\/orthodoxalbania.org\/2020\/"},{"@type":"ListItem","position":2,"name":"Nisin takimet n\u00eb Qendr\u00ebn Studentore Orthodhokse n\u00eb Tiran\u00eb. (N\u00ebntor 2007)"}]},{"@type":"WebSite","@id":"https:\/\/orthodoxalbania.org\/2020\/#website","url":"https:\/\/orthodoxalbania.org\/2020\/","name":"Kisha Orthodh\u03bfkse Autoqefale e Shqip\u00ebris\u00eb","description":"Fqja Zyrtare e Kish\u00ebs Orthodhokse Autoqefale e Shqip\u00ebris\u00eb me lajmet edhe informacionet zyrtare p\u00ebr struktur\u00ebn edhe veprimtarin e saj.","publisher":{"@id":"https:\/\/orthodoxalbania.org\/2020\/#organization"},"potentialAction":[{"@type":"SearchAction","target":{"@type":"EntryPoint","urlTemplate":"https:\/\/orthodoxalbania.org\/2020\/?s={search_term_string}"},"query-input":{"@type":"PropertyValueSpecification","valueRequired":true,"valueName":"search_term_string"}}],"inLanguage":"en-US"},{"@type":"Organization","@id":"https:\/\/orthodoxalbania.org\/2020\/#organization","name":"Kisha Orthodhokse Autoqefale e Shqip\u00ebris\u00eb","url":"https:\/\/orthodoxalbania.org\/2020\/","logo":{"@type":"ImageObject","inLanguage":"en-US","@id":"https:\/\/orthodoxalbania.org\/2020\/#\/schema\/logo\/image\/","url":"https:\/\/orthodoxalbania.org\/2020\/wp-content\/uploads\/2020\/05\/albania.jpeg","contentUrl":"https:\/\/orthodoxalbania.org\/2020\/wp-content\/uploads\/2020\/05\/albania.jpeg","width":540,"height":540,"caption":"Kisha Orthodhokse Autoqefale e Shqip\u00ebris\u00eb"},"image":{"@id":"https:\/\/orthodoxalbania.org\/2020\/#\/schema\/logo\/image\/"},"sameAs":["https:\/\/www.facebook.com\/koash1991"]},{"@type":"Person","@id":"https:\/\/orthodoxalbania.org\/2020\/#\/schema\/person\/0c387634a7063ac612d7ed9ce71c7e86","name":"Kisha Orthodhokse","image":{"@type":"ImageObject","inLanguage":"en-US","@id":"https:\/\/secure.gravatar.com\/avatar\/596e7c417251e30f2fbb9c00e026fce61a695a00e51c889caded71c96cbbdde5?s=96&d=mm&r=g","url":"https:\/\/secure.gravatar.com\/avatar\/596e7c417251e30f2fbb9c00e026fce61a695a00e51c889caded71c96cbbdde5?s=96&d=mm&r=g","contentUrl":"https:\/\/secure.gravatar.com\/avatar\/596e7c417251e30f2fbb9c00e026fce61a695a00e51c889caded71c96cbbdde5?s=96&d=mm&r=g","caption":"Kisha Orthodhokse"}}]}},"_links":{"self":[{"href":"https:\/\/orthodoxalbania.org\/2020\/wp-json\/wp\/v2\/posts\/1002","targetHints":{"allow":["GET"]}}],"collection":[{"href":"https:\/\/orthodoxalbania.org\/2020\/wp-json\/wp\/v2\/posts"}],"about":[{"href":"https:\/\/orthodoxalbania.org\/2020\/wp-json\/wp\/v2\/types\/post"}],"author":[{"embeddable":true,"href":"https:\/\/orthodoxalbania.org\/2020\/wp-json\/wp\/v2\/users\/1"}],"replies":[{"embeddable":true,"href":"https:\/\/orthodoxalbania.org\/2020\/wp-json\/wp\/v2\/comments?post=1002"}],"version-history":[{"count":1,"href":"https:\/\/orthodoxalbania.org\/2020\/wp-json\/wp\/v2\/posts\/1002\/revisions"}],"predecessor-version":[{"id":15725,"href":"https:\/\/orthodoxalbania.org\/2020\/wp-json\/wp\/v2\/posts\/1002\/revisions\/15725"}],"wp:attachment":[{"href":"https:\/\/orthodoxalbania.org\/2020\/wp-json\/wp\/v2\/media?parent=1002"}],"wp:term":[{"taxonomy":"category","embeddable":true,"href":"https:\/\/orthodoxalbania.org\/2020\/wp-json\/wp\/v2\/categories?post=1002"},{"taxonomy":"post_tag","embeddable":true,"href":"https:\/\/orthodoxalbania.org\/2020\/wp-json\/wp\/v2\/tags?post=1002"}],"curies":[{"name":"wp","href":"https:\/\/api.w.org\/{rel}","templated":true}]}}