{"id":1001,"date":"2013-03-20T12:47:00","date_gmt":"2013-03-20T12:47:00","guid":{"rendered":""},"modified":"2020-04-06T22:32:26","modified_gmt":"2020-04-06T20:32:26","slug":"nisin-kampet-verore-te-kishes-sone-2010","status":"publish","type":"post","link":"https:\/\/orthodoxalbania.org\/2020\/2013\/03\/20\/nisin-kampet-verore-te-kishes-sone-2010\/","title":{"rendered":"Nisin kampet verore t\u00eb Kish\u00ebs son\u00eb. (2010)"},"content":{"rendered":"<div class=\"style7\">\n<div class=\"style8\" style=\"text-align: justify;\"><span style=\"color: #000000;\"><span style=\"font-family: tahoma,geneva,sans-serif;\"><span style=\"font-size: 12px;\">&nbsp;&nbsp;&nbsp; Periudha e ver\u00ebs \u00ebsht\u00eb nj\u00eb g\u00ebzim i ve\u00e7ant\u00eb p\u00ebr t\u00eb rinjt\u00eb dhe t\u00eb rejat orthodhokse. \u00cbsht\u00eb bekim i madh q\u00eb ata marrin pjes\u00eb n\u00eb nj\u00eb nga veprimtarit\u00eb m\u00eb t\u00eb m\u00ebdha q\u00eb organizon Kisha jon\u00eb p\u00ebr formimin dhe edukimin e brezit t\u00eb ri. Sivjet, kampet kan\u00eb nisur n\u00eb muajin qershor dhe do t\u00eb p\u00ebrfundojn\u00eb n\u00eb fillim t\u00eb muajit gusht. P\u00ebr djemt\u00eb \u00ebsht\u00eb menduar ndjekja e tradit\u00ebs n\u00eb Manastirin e Hirsh\u00ebm \u201cFjetja e Hyjlind\u00ebses\u201d n\u00eb Zv\u00ebrnec t\u00eb Vlor\u00ebs. Tre kampe, p\u00ebr f\u00ebmij\u00ebt, gjimnazist\u00ebt dhe student\u00ebt do t\u00eb presin me qindra t\u00eb rinj nga t\u00eb gjitha enorit\u00eb. Nd\u00ebrkoh\u00eb edhe p\u00ebr vajzat do t\u00eb ndiqet itinerari i zhvillimit t\u00eb tre kampeve n\u00eb Manastirin e Hirsh\u00ebm \u201cSh\u00ebn Joan Vladimiri\u201d, pran\u00eb Elbasanit. Programi do t\u00eb jet\u00eb i larmish\u00ebm dhe nuk do t\u00eb mungojn\u00eb as risit\u00eb, t\u00eb cilat i t\u00ebrheqin t\u00eb rinjt\u00eb p\u00ebr zhvillimin e jet\u00ebs s\u00eb tyre shpirt\u00ebrore dhe sociale.<\/span><\/span><\/span><\/div>\n<div class=\"style8\" style=\"text-align: justify;\"> <span style=\"color: #000000;\"><span style=\"font-family: tahoma,geneva,sans-serif;\"><span style=\"font-size: 12px;\">&nbsp;&nbsp;&nbsp; Kampet do t\u00eb zhvillohen n\u00ebn kujdesin e Fortlumturis\u00eb s\u00eb Tij, Kryepiskopit Anastas, i cili i konsideron kampet si \u201cshkolla veror\u201d. Ky \u00ebsht\u00eb viti i 14-t\u00eb i zhvillimit t\u00eb k\u00ebtyre kampeve dhe mbetet nj\u00eb prej aktiviteteve m\u00eb t\u00eb shum\u00ebpritura jo vet\u00ebm nga t\u00eb rinjt\u00eb, por nga i gjith\u00eb komuniteti orthodhoks.<\/span><\/span><\/span><\/div>\n<div class=\"style8\">&nbsp;<\/div>\n<div><span style=\"color: #000000;\"><span style=\"font-family: tahoma,geneva,sans-serif;\"><span style=\"font-size: 12px;\">&nbsp;&nbsp;&nbsp; Ja cilat jan\u00eb datat kur do t\u00eb zhvillohet k\u00ebto kampe:<\/span><\/span><\/span><\/div>\n<div>&nbsp;<\/div>\n<div><span style=\"color: #b22222;\"><span style=\"font-family: tahoma,geneva,sans-serif;\"><span style=\"font-size: 12px;\"><strong>P\u00ebr djemt\u00eb:<\/strong><\/span><\/span><\/span><span style=\"color: #000000;\"><span style=\"font-family: tahoma,geneva,sans-serif;\"><span style=\"font-size: 12px;\"><strong>&nbsp;&nbsp; Kampi I &nbsp;&nbsp;&#8211; 21 qershor &#8211; 1 korrik<br \/> &nbsp;&nbsp;&nbsp;&nbsp;&nbsp;&nbsp;&nbsp;&nbsp;&nbsp;&nbsp;&nbsp;&nbsp;&nbsp;&nbsp; &nbsp;&nbsp;&nbsp;&nbsp;&nbsp;&nbsp;Kampi II &nbsp;&#8211;&nbsp; 9 korrik &#8211; 19 korrik<br \/> &nbsp;&nbsp;&nbsp;&nbsp;&nbsp;&nbsp;&nbsp;&nbsp;&nbsp;&nbsp;&nbsp;&nbsp;&nbsp;&nbsp;&nbsp;&nbsp;&nbsp;&nbsp;&nbsp;&nbsp; Kampi III &#8211; 26 korrik &#8211; 4 gusht <\/strong><\/span><\/span><\/span><\/div>\n<div>&nbsp;<\/div>\n<div><span style=\"color: #b22222;\"><span style=\"font-family: tahoma,geneva,sans-serif;\"><span style=\"font-size: 12px;\"><strong>P\u00ebr vajzat:<\/strong><\/span><\/span><\/span><span style=\"color: #000000;\"><span style=\"font-family: tahoma,geneva,sans-serif;\"><span style=\"font-size: 12px;\"><strong>&nbsp;&nbsp;&nbsp;&nbsp; Kampi I &nbsp;&#8211; &nbsp;1 korrik &#8211; 10 korrik<br \/> &nbsp;&nbsp;&nbsp;&nbsp;&nbsp;&nbsp;&nbsp;&nbsp;&nbsp;&nbsp;&nbsp;&nbsp;&nbsp;&nbsp;&nbsp;&nbsp;&nbsp;&nbsp;&nbsp;&nbsp; Kampi II &nbsp;&#8211; 13 korrik &#8211; 22 korrik<br \/> &nbsp;&nbsp;&nbsp;&nbsp;&nbsp;&nbsp;&nbsp;&nbsp;&nbsp;&nbsp;&nbsp;&nbsp;&nbsp;&nbsp;&nbsp;&nbsp;&nbsp;&nbsp;&nbsp;&nbsp; Kampi III &#8211; 26 korrik &#8211; 4 gusht <\/strong><\/span><\/span><\/span><\/div>\n<\/div>\n","protected":false},"excerpt":{"rendered":"<p>&nbsp;&nbsp;&nbsp; Periudha e ver\u00ebs \u00ebsht\u00eb nj\u00eb g\u00ebzim i ve\u00e7ant\u00eb p\u00ebr t\u00eb rinjt\u00eb dhe t\u00eb rejat orthodhokse. \u00cbsht\u00eb bekim i madh q\u00eb ata marrin pjes\u00eb n\u00eb nj\u00eb nga veprimtarit\u00eb m\u00eb t\u00eb m\u00ebdha q\u00eb organizon Kisha jon\u00eb p\u00ebr formimin dhe edukimin e brezit t\u00eb ri. Sivjet, kampet kan\u00eb nisur n\u00eb muajin qershor dhe do t\u00eb p\u00ebrfundojn\u00eb n\u00eb fillim t\u00eb muajit gusht. P\u00ebr djemt\u00eb \u00ebsht\u00eb menduar ndjekja e<\/p>\n","protected":false},"author":1,"featured_media":0,"comment_status":"open","ping_status":"open","sticky":false,"template":"","format":"standard","meta":{"_acf_changed":false,"pagelayer_contact_templates":[],"_pagelayer_content":"","inline_featured_image":false,"fifu_image_url":"","fifu_image_alt":"","footnotes":""},"categories":[108],"tags":[144,154,200,196,212],"class_list":["post-1001","post","type-post","status-publish","format-standard","hentry","category-lajme","tag-144","tag-aktivitete","tag-kampe-verore","tag-tirane","tag-lajme-d27"],"acf":[],"yoast_head":"<!-- This site is optimized with the Yoast SEO plugin v27.2 - https:\/\/yoast.com\/product\/yoast-seo-wordpress\/ -->\n<title>Nisin kampet verore t\u00eb Kish\u00ebs son\u00eb. (2010) - Kisha Orthodh\u03bfkse Autoqefale e Shqip\u00ebris\u00eb<\/title>\n<meta name=\"robots\" content=\"index, follow, max-snippet:-1, max-image-preview:large, max-video-preview:-1\" \/>\n<link rel=\"canonical\" href=\"https:\/\/orthodoxalbania.org\/2020\/2013\/03\/20\/nisin-kampet-verore-te-kishes-sone-2010\/\" \/>\n<meta property=\"og:locale\" content=\"en_US\" \/>\n<meta property=\"og:type\" content=\"article\" \/>\n<meta property=\"og:title\" content=\"Nisin kampet verore t\u00eb Kish\u00ebs son\u00eb. (2010) - Kisha Orthodh\u03bfkse Autoqefale e Shqip\u00ebris\u00eb\" \/>\n<meta property=\"og:description\" content=\"&nbsp;&nbsp;&nbsp; Periudha e ver\u00ebs \u00ebsht\u00eb nj\u00eb g\u00ebzim i ve\u00e7ant\u00eb p\u00ebr t\u00eb rinjt\u00eb dhe t\u00eb rejat orthodhokse. \u00cbsht\u00eb bekim i madh q\u00eb ata marrin pjes\u00eb n\u00eb nj\u00eb nga veprimtarit\u00eb m\u00eb t\u00eb m\u00ebdha q\u00eb organizon Kisha jon\u00eb p\u00ebr formimin dhe edukimin e brezit t\u00eb ri. Sivjet, kampet kan\u00eb nisur n\u00eb muajin qershor dhe do t\u00eb p\u00ebrfundojn\u00eb n\u00eb fillim t\u00eb muajit gusht. P\u00ebr djemt\u00eb \u00ebsht\u00eb menduar ndjekja e\" \/>\n<meta property=\"og:url\" content=\"https:\/\/orthodoxalbania.org\/2020\/2013\/03\/20\/nisin-kampet-verore-te-kishes-sone-2010\/\" \/>\n<meta property=\"og:site_name\" content=\"Kisha Orthodh\u03bfkse Autoqefale e Shqip\u00ebris\u00eb\" \/>\n<meta property=\"article:publisher\" content=\"https:\/\/www.facebook.com\/koash1991\" \/>\n<meta property=\"article:published_time\" content=\"2013-03-20T12:47:00+00:00\" \/>\n<meta property=\"article:modified_time\" content=\"2020-04-06T20:32:26+00:00\" \/>\n<meta property=\"og:image\" content=\"https:\/\/orthodoxalbania.org\/2020\/wp-content\/uploads\/2021\/02\/LogoLastALb-200.png\" \/>\n\t<meta property=\"og:image:width\" content=\"200\" \/>\n\t<meta property=\"og:image:height\" content=\"172\" \/>\n\t<meta property=\"og:image:type\" content=\"image\/png\" \/>\n<meta name=\"author\" content=\"Kisha Orthodhokse\" \/>\n<meta name=\"twitter:card\" content=\"summary_large_image\" \/>\n<meta name=\"twitter:label1\" content=\"Written by\" \/>\n\t<meta name=\"twitter:data1\" content=\"Kisha Orthodhokse\" \/>\n\t<meta name=\"twitter:label2\" content=\"Est. reading time\" \/>\n\t<meta name=\"twitter:data2\" content=\"2 minutes\" \/>\n<script type=\"application\/ld+json\" class=\"yoast-schema-graph\">{\"@context\":\"https:\/\/schema.org\",\"@graph\":[{\"@type\":\"Article\",\"@id\":\"https:\/\/orthodoxalbania.org\/2020\/2013\/03\/20\/nisin-kampet-verore-te-kishes-sone-2010\/#article\",\"isPartOf\":{\"@id\":\"https:\/\/orthodoxalbania.org\/2020\/2013\/03\/20\/nisin-kampet-verore-te-kishes-sone-2010\/\"},\"author\":{\"name\":\"Kisha Orthodhokse\",\"@id\":\"https:\/\/orthodoxalbania.org\/2020\/#\/schema\/person\/0c387634a7063ac612d7ed9ce71c7e86\"},\"headline\":\"Nisin kampet verore t\u00eb Kish\u00ebs son\u00eb. (2010)\",\"datePublished\":\"2013-03-20T12:47:00+00:00\",\"dateModified\":\"2020-04-06T20:32:26+00:00\",\"mainEntityOfPage\":{\"@id\":\"https:\/\/orthodoxalbania.org\/2020\/2013\/03\/20\/nisin-kampet-verore-te-kishes-sone-2010\/\"},\"wordCount\":389,\"commentCount\":0,\"publisher\":{\"@id\":\"https:\/\/orthodoxalbania.org\/2020\/#organization\"},\"keywords\":[\"2010\",\"Aktivitete\",\"Kampe verore\",\"Kryepiskopata Tiran\u00eb\",\"lajme\"],\"articleSection\":[\"Lajme\"],\"inLanguage\":\"en-US\"},{\"@type\":\"WebPage\",\"@id\":\"https:\/\/orthodoxalbania.org\/2020\/2013\/03\/20\/nisin-kampet-verore-te-kishes-sone-2010\/\",\"url\":\"https:\/\/orthodoxalbania.org\/2020\/2013\/03\/20\/nisin-kampet-verore-te-kishes-sone-2010\/\",\"name\":\"Nisin kampet verore t\u00eb Kish\u00ebs son\u00eb. (2010) - Kisha Orthodh\u03bfkse Autoqefale e Shqip\u00ebris\u00eb\",\"isPartOf\":{\"@id\":\"https:\/\/orthodoxalbania.org\/2020\/#website\"},\"datePublished\":\"2013-03-20T12:47:00+00:00\",\"dateModified\":\"2020-04-06T20:32:26+00:00\",\"breadcrumb\":{\"@id\":\"https:\/\/orthodoxalbania.org\/2020\/2013\/03\/20\/nisin-kampet-verore-te-kishes-sone-2010\/#breadcrumb\"},\"inLanguage\":\"en-US\",\"potentialAction\":[{\"@type\":\"ReadAction\",\"target\":[\"https:\/\/orthodoxalbania.org\/2020\/2013\/03\/20\/nisin-kampet-verore-te-kishes-sone-2010\/\"]}]},{\"@type\":\"BreadcrumbList\",\"@id\":\"https:\/\/orthodoxalbania.org\/2020\/2013\/03\/20\/nisin-kampet-verore-te-kishes-sone-2010\/#breadcrumb\",\"itemListElement\":[{\"@type\":\"ListItem\",\"position\":1,\"name\":\"Home\",\"item\":\"https:\/\/orthodoxalbania.org\/2020\/\"},{\"@type\":\"ListItem\",\"position\":2,\"name\":\"Nisin kampet verore t\u00eb Kish\u00ebs son\u00eb. (2010)\"}]},{\"@type\":\"WebSite\",\"@id\":\"https:\/\/orthodoxalbania.org\/2020\/#website\",\"url\":\"https:\/\/orthodoxalbania.org\/2020\/\",\"name\":\"Kisha Orthodh\u03bfkse Autoqefale e Shqip\u00ebris\u00eb\",\"description\":\"Fqja Zyrtare e Kish\u00ebs Orthodhokse Autoqefale e Shqip\u00ebris\u00eb me lajmet edhe informacionet zyrtare p\u00ebr struktur\u00ebn edhe veprimtarin e saj.\",\"publisher\":{\"@id\":\"https:\/\/orthodoxalbania.org\/2020\/#organization\"},\"potentialAction\":[{\"@type\":\"SearchAction\",\"target\":{\"@type\":\"EntryPoint\",\"urlTemplate\":\"https:\/\/orthodoxalbania.org\/2020\/?s={search_term_string}\"},\"query-input\":{\"@type\":\"PropertyValueSpecification\",\"valueRequired\":true,\"valueName\":\"search_term_string\"}}],\"inLanguage\":\"en-US\"},{\"@type\":\"Organization\",\"@id\":\"https:\/\/orthodoxalbania.org\/2020\/#organization\",\"name\":\"Kisha Orthodhokse Autoqefale e Shqip\u00ebris\u00eb\",\"url\":\"https:\/\/orthodoxalbania.org\/2020\/\",\"logo\":{\"@type\":\"ImageObject\",\"inLanguage\":\"en-US\",\"@id\":\"https:\/\/orthodoxalbania.org\/2020\/#\/schema\/logo\/image\/\",\"url\":\"https:\/\/orthodoxalbania.org\/2020\/wp-content\/uploads\/2020\/05\/albania.jpeg\",\"contentUrl\":\"https:\/\/orthodoxalbania.org\/2020\/wp-content\/uploads\/2020\/05\/albania.jpeg\",\"width\":540,\"height\":540,\"caption\":\"Kisha Orthodhokse Autoqefale e Shqip\u00ebris\u00eb\"},\"image\":{\"@id\":\"https:\/\/orthodoxalbania.org\/2020\/#\/schema\/logo\/image\/\"},\"sameAs\":[\"https:\/\/www.facebook.com\/koash1991\"]},{\"@type\":\"Person\",\"@id\":\"https:\/\/orthodoxalbania.org\/2020\/#\/schema\/person\/0c387634a7063ac612d7ed9ce71c7e86\",\"name\":\"Kisha Orthodhokse\",\"image\":{\"@type\":\"ImageObject\",\"inLanguage\":\"en-US\",\"@id\":\"https:\/\/secure.gravatar.com\/avatar\/596e7c417251e30f2fbb9c00e026fce61a695a00e51c889caded71c96cbbdde5?s=96&d=mm&r=g\",\"url\":\"https:\/\/secure.gravatar.com\/avatar\/596e7c417251e30f2fbb9c00e026fce61a695a00e51c889caded71c96cbbdde5?s=96&d=mm&r=g\",\"contentUrl\":\"https:\/\/secure.gravatar.com\/avatar\/596e7c417251e30f2fbb9c00e026fce61a695a00e51c889caded71c96cbbdde5?s=96&d=mm&r=g\",\"caption\":\"Kisha Orthodhokse\"}}]}<\/script>\n<!-- \/ Yoast SEO plugin. -->","yoast_head_json":{"title":"Nisin kampet verore t\u00eb Kish\u00ebs son\u00eb. (2010) - Kisha Orthodh\u03bfkse Autoqefale e Shqip\u00ebris\u00eb","robots":{"index":"index","follow":"follow","max-snippet":"max-snippet:-1","max-image-preview":"max-image-preview:large","max-video-preview":"max-video-preview:-1"},"canonical":"https:\/\/orthodoxalbania.org\/2020\/2013\/03\/20\/nisin-kampet-verore-te-kishes-sone-2010\/","og_locale":"en_US","og_type":"article","og_title":"Nisin kampet verore t\u00eb Kish\u00ebs son\u00eb. (2010) - Kisha Orthodh\u03bfkse Autoqefale e Shqip\u00ebris\u00eb","og_description":"&nbsp;&nbsp;&nbsp; Periudha e ver\u00ebs \u00ebsht\u00eb nj\u00eb g\u00ebzim i ve\u00e7ant\u00eb p\u00ebr t\u00eb rinjt\u00eb dhe t\u00eb rejat orthodhokse. \u00cbsht\u00eb bekim i madh q\u00eb ata marrin pjes\u00eb n\u00eb nj\u00eb nga veprimtarit\u00eb m\u00eb t\u00eb m\u00ebdha q\u00eb organizon Kisha jon\u00eb p\u00ebr formimin dhe edukimin e brezit t\u00eb ri. Sivjet, kampet kan\u00eb nisur n\u00eb muajin qershor dhe do t\u00eb p\u00ebrfundojn\u00eb n\u00eb fillim t\u00eb muajit gusht. P\u00ebr djemt\u00eb \u00ebsht\u00eb menduar ndjekja e","og_url":"https:\/\/orthodoxalbania.org\/2020\/2013\/03\/20\/nisin-kampet-verore-te-kishes-sone-2010\/","og_site_name":"Kisha Orthodh\u03bfkse Autoqefale e Shqip\u00ebris\u00eb","article_publisher":"https:\/\/www.facebook.com\/koash1991","article_published_time":"2013-03-20T12:47:00+00:00","article_modified_time":"2020-04-06T20:32:26+00:00","og_image":[{"width":200,"height":172,"url":"https:\/\/orthodoxalbania.org\/2020\/wp-content\/uploads\/2021\/02\/LogoLastALb-200.png","type":"image\/png"}],"author":"Kisha Orthodhokse","twitter_card":"summary_large_image","twitter_misc":{"Written by":"Kisha Orthodhokse","Est. reading time":"2 minutes"},"schema":{"@context":"https:\/\/schema.org","@graph":[{"@type":"Article","@id":"https:\/\/orthodoxalbania.org\/2020\/2013\/03\/20\/nisin-kampet-verore-te-kishes-sone-2010\/#article","isPartOf":{"@id":"https:\/\/orthodoxalbania.org\/2020\/2013\/03\/20\/nisin-kampet-verore-te-kishes-sone-2010\/"},"author":{"name":"Kisha Orthodhokse","@id":"https:\/\/orthodoxalbania.org\/2020\/#\/schema\/person\/0c387634a7063ac612d7ed9ce71c7e86"},"headline":"Nisin kampet verore t\u00eb Kish\u00ebs son\u00eb. (2010)","datePublished":"2013-03-20T12:47:00+00:00","dateModified":"2020-04-06T20:32:26+00:00","mainEntityOfPage":{"@id":"https:\/\/orthodoxalbania.org\/2020\/2013\/03\/20\/nisin-kampet-verore-te-kishes-sone-2010\/"},"wordCount":389,"commentCount":0,"publisher":{"@id":"https:\/\/orthodoxalbania.org\/2020\/#organization"},"keywords":["2010","Aktivitete","Kampe verore","Kryepiskopata Tiran\u00eb","lajme"],"articleSection":["Lajme"],"inLanguage":"en-US"},{"@type":"WebPage","@id":"https:\/\/orthodoxalbania.org\/2020\/2013\/03\/20\/nisin-kampet-verore-te-kishes-sone-2010\/","url":"https:\/\/orthodoxalbania.org\/2020\/2013\/03\/20\/nisin-kampet-verore-te-kishes-sone-2010\/","name":"Nisin kampet verore t\u00eb Kish\u00ebs son\u00eb. (2010) - Kisha Orthodh\u03bfkse Autoqefale e Shqip\u00ebris\u00eb","isPartOf":{"@id":"https:\/\/orthodoxalbania.org\/2020\/#website"},"datePublished":"2013-03-20T12:47:00+00:00","dateModified":"2020-04-06T20:32:26+00:00","breadcrumb":{"@id":"https:\/\/orthodoxalbania.org\/2020\/2013\/03\/20\/nisin-kampet-verore-te-kishes-sone-2010\/#breadcrumb"},"inLanguage":"en-US","potentialAction":[{"@type":"ReadAction","target":["https:\/\/orthodoxalbania.org\/2020\/2013\/03\/20\/nisin-kampet-verore-te-kishes-sone-2010\/"]}]},{"@type":"BreadcrumbList","@id":"https:\/\/orthodoxalbania.org\/2020\/2013\/03\/20\/nisin-kampet-verore-te-kishes-sone-2010\/#breadcrumb","itemListElement":[{"@type":"ListItem","position":1,"name":"Home","item":"https:\/\/orthodoxalbania.org\/2020\/"},{"@type":"ListItem","position":2,"name":"Nisin kampet verore t\u00eb Kish\u00ebs son\u00eb. (2010)"}]},{"@type":"WebSite","@id":"https:\/\/orthodoxalbania.org\/2020\/#website","url":"https:\/\/orthodoxalbania.org\/2020\/","name":"Kisha Orthodh\u03bfkse Autoqefale e Shqip\u00ebris\u00eb","description":"Fqja Zyrtare e Kish\u00ebs Orthodhokse Autoqefale e Shqip\u00ebris\u00eb me lajmet edhe informacionet zyrtare p\u00ebr struktur\u00ebn edhe veprimtarin e saj.","publisher":{"@id":"https:\/\/orthodoxalbania.org\/2020\/#organization"},"potentialAction":[{"@type":"SearchAction","target":{"@type":"EntryPoint","urlTemplate":"https:\/\/orthodoxalbania.org\/2020\/?s={search_term_string}"},"query-input":{"@type":"PropertyValueSpecification","valueRequired":true,"valueName":"search_term_string"}}],"inLanguage":"en-US"},{"@type":"Organization","@id":"https:\/\/orthodoxalbania.org\/2020\/#organization","name":"Kisha Orthodhokse Autoqefale e Shqip\u00ebris\u00eb","url":"https:\/\/orthodoxalbania.org\/2020\/","logo":{"@type":"ImageObject","inLanguage":"en-US","@id":"https:\/\/orthodoxalbania.org\/2020\/#\/schema\/logo\/image\/","url":"https:\/\/orthodoxalbania.org\/2020\/wp-content\/uploads\/2020\/05\/albania.jpeg","contentUrl":"https:\/\/orthodoxalbania.org\/2020\/wp-content\/uploads\/2020\/05\/albania.jpeg","width":540,"height":540,"caption":"Kisha Orthodhokse Autoqefale e Shqip\u00ebris\u00eb"},"image":{"@id":"https:\/\/orthodoxalbania.org\/2020\/#\/schema\/logo\/image\/"},"sameAs":["https:\/\/www.facebook.com\/koash1991"]},{"@type":"Person","@id":"https:\/\/orthodoxalbania.org\/2020\/#\/schema\/person\/0c387634a7063ac612d7ed9ce71c7e86","name":"Kisha Orthodhokse","image":{"@type":"ImageObject","inLanguage":"en-US","@id":"https:\/\/secure.gravatar.com\/avatar\/596e7c417251e30f2fbb9c00e026fce61a695a00e51c889caded71c96cbbdde5?s=96&d=mm&r=g","url":"https:\/\/secure.gravatar.com\/avatar\/596e7c417251e30f2fbb9c00e026fce61a695a00e51c889caded71c96cbbdde5?s=96&d=mm&r=g","contentUrl":"https:\/\/secure.gravatar.com\/avatar\/596e7c417251e30f2fbb9c00e026fce61a695a00e51c889caded71c96cbbdde5?s=96&d=mm&r=g","caption":"Kisha Orthodhokse"}}]}},"_links":{"self":[{"href":"https:\/\/orthodoxalbania.org\/2020\/wp-json\/wp\/v2\/posts\/1001","targetHints":{"allow":["GET"]}}],"collection":[{"href":"https:\/\/orthodoxalbania.org\/2020\/wp-json\/wp\/v2\/posts"}],"about":[{"href":"https:\/\/orthodoxalbania.org\/2020\/wp-json\/wp\/v2\/types\/post"}],"author":[{"embeddable":true,"href":"https:\/\/orthodoxalbania.org\/2020\/wp-json\/wp\/v2\/users\/1"}],"replies":[{"embeddable":true,"href":"https:\/\/orthodoxalbania.org\/2020\/wp-json\/wp\/v2\/comments?post=1001"}],"version-history":[{"count":1,"href":"https:\/\/orthodoxalbania.org\/2020\/wp-json\/wp\/v2\/posts\/1001\/revisions"}],"predecessor-version":[{"id":15498,"href":"https:\/\/orthodoxalbania.org\/2020\/wp-json\/wp\/v2\/posts\/1001\/revisions\/15498"}],"wp:attachment":[{"href":"https:\/\/orthodoxalbania.org\/2020\/wp-json\/wp\/v2\/media?parent=1001"}],"wp:term":[{"taxonomy":"category","embeddable":true,"href":"https:\/\/orthodoxalbania.org\/2020\/wp-json\/wp\/v2\/categories?post=1001"},{"taxonomy":"post_tag","embeddable":true,"href":"https:\/\/orthodoxalbania.org\/2020\/wp-json\/wp\/v2\/tags?post=1001"}],"curies":[{"name":"wp","href":"https:\/\/api.w.org\/{rel}","templated":true}]}}