{"id":1000,"date":"2013-03-21T10:05:03","date_gmt":"2013-03-21T10:05:03","guid":{"rendered":""},"modified":"2020-04-06T22:31:59","modified_gmt":"2020-04-06T20:31:59","slug":"nisi-viti-shkollor-2011-ne-shkollat-e-kishes-orthodhokse","status":"publish","type":"post","link":"https:\/\/orthodoxalbania.org\/2020\/2013\/03\/21\/nisi-viti-shkollor-2011-ne-shkollat-e-kishes-orthodhokse\/","title":{"rendered":"Nisi viti shkollor 2011 n\u00eb shkollat e Kish\u00ebs Orthodhokse."},"content":{"rendered":"<div style=\"text-align: justify;\">\n\t<span style=\"color:#000000;\"><span style=\"font-family: tahoma,geneva,sans-serif;\"><span style=\"font-size: 12px;\"><span class=\"style10\">&nbsp;&nbsp;&nbsp; N\u00eb atmosfer\u00eb pune dhe p\u00ebrkushtimi ka nisur udh\u00ebtimin e k\u00ebtij viti t\u00eb ri m\u00ebsimor \u00e7do institucion arsimor parauniversitar i Kish\u00ebs Orthodhokse. N\u00eb 12 shtator 2011 nisi dita e par\u00eb e shkoll\u00ebs me entuziazmin e nx\u00ebn\u00ebsve dhe mobilizimin e m\u00ebsuesve. Kisha jon\u00eb e Shenjt\u00eb Orthodhokse i kushton shum\u00eb r\u00ebnd\u00ebsi misionit edukues p\u00ebr t\u00eb gjitha grupmoshat, ku nj\u00eb vend t\u00eb ve\u00e7ant\u00eb z\u00ebn\u00eb shkollat 9-vje\u00e7are dhe shkollat e mesme kishtare. Me ndihm\u00ebn dhe fondet e mbledhura nga Kryepiskopi Anastas, n\u00eb t\u00eb gjith\u00eb Shqip\u00ebrin\u00eb nd\u00ebr vite jan\u00eb hapur shkolla t\u00eb ndryshme, ku vlen t\u00eb p\u00ebrmendim:<\/span><\/span><\/span><\/span><span style=\"font-family:tahoma,geneva,sans-serif;\"><span style=\"font-size: 12px;\"><span class=\"style10\"><a href=\"http:\/\/www.protagonistschool.org\/\" target=\"_blank\" rel=\"noopener noreferrer\"><span style=\"color:#000000;\"> <\/span><span style=\"color:#b22222;\">shkoll\u00ebn 9-vje\u00e7are shqiptaro-amerikane \u201cProtagonist\u00ebt\u201d n\u00eb Tiran\u00eb<\/span><\/a><span style=\"color:#000000;\">, shkolla tjet\u00ebr 9-vje\u00e7are shqiptaro-greke \u201cFrym\u00eb Dashurie\u201d n\u00eb <\/span><a href=\"http:\/\/www.orthodoxalbania.org\/Shqip\/akademteo\/Shq-Gr-shkollaFrame2.html\" target=\"_blank\" rel=\"noopener noreferrer\"><span style=\"color:#000000;\">Durr\u00ebs<\/span><\/a><span style=\"color:#000000;\"> dhe Gjirokast\u00ebr, shkolla e mesme kishtare \u201cKryqi i Nderuar\u201d n\u00eb <\/span><a href=\"http:\/\/www.orthodoxalbania.org\/Shqip\/akademteo\/KryqinderuarFrame-1.html\" target=\"_blank\" rel=\"noopener noreferrer\"><span style=\"color:#b22222;\">Gjirokast\u00ebr<\/span><\/a><span style=\"color:#000000;\"> dhe n\u00eb<\/span><span style=\"color:#b22222;\"> <\/span><a href=\"http:\/\/www.orthodoxalbania.org\/Shqip\/akademteo\/KNSFrame-1.html\" target=\"_blank\" rel=\"noopener noreferrer\"><span style=\"color:#b22222;\">Sukth t\u00eb Durr\u00ebsit<\/span><\/a><span style=\"color:#000000;\">, <\/span><a href=\"http:\/\/www.orthodoxalbania.org\/Shqip\/akademteo\/intropage.htm\" target=\"_blank\" rel=\"noopener noreferrer\"><span style=\"color:#b22222;\">shkolla e mesme profesionale \u201cApostull Pavli\u201d<\/span><\/a><\/span><\/span><\/span><span style=\"color:#000000;\"><span style=\"font-family: tahoma,geneva,sans-serif;\"><span style=\"font-size: 12px;\"><span class=\"style10\">, n\u00eb fshatin Mesopotam t\u00eb Delvin\u00ebs.<\/span><\/span><\/span><\/span><\/div>\n<div style=\"text-align: justify;\">\n\t<br \/>\n\t<span style=\"color:#000000;\"><span style=\"font-family: tahoma,geneva,sans-serif;\"><span style=\"font-size: 12px;\"><span class=\"style10\">&nbsp;&nbsp;&nbsp; Sipas informacioneve q\u00eb kemi marr\u00eb nga drejtuesit e k\u00ebtyre shkollave m\u00ebsuam se stafi ka punuar me p\u00ebrkushtim p\u00ebr p\u00ebrshtatjen me program bashk\u00ebkohor m\u00ebsimdh\u00ebnieje, nd\u00ebrkoh\u00eb q\u00eb k\u00ebt\u00eb vit do t\u00eb stimulohen edhe m\u00eb shum\u00eb nx\u00ebn\u00ebsit p\u00ebr t\u00eb qen\u00eb m\u00eb krijues n\u00eb t\u00eb gjitha veprimtarit\u00eb, p\u00ebr t\u00eb rritur edhe m\u00eb shum\u00eb standardin dhe cil\u00ebsin\u00eb e rezultateve. Numri i regjistrimeve edhe p\u00ebr k\u00ebt\u00eb vit ka qen\u00eb i k\u00ebnaqsh\u00ebm. Vlen t\u00eb ve\u00e7ohet shkolla e mesme kishtare \u201cKryqi i nderuar\u201d n\u00eb Sukth, e cila ka pasur k\u00ebrkesa regjistrimi m\u00eb t\u00eb larta se \u00e7do vit tjet\u00ebr p\u00ebr nx\u00ebn\u00ebsit e vitit t\u00eb par\u00eb.<\/span><\/span><\/span><\/span><\/div>\n<div style=\"text-align: justify;\">\n\t<br \/>\n\t<span style=\"color:#000000;\"><span style=\"font-family: tahoma,geneva,sans-serif;\"><span style=\"font-size: 12px;\"><span class=\"style10\">&nbsp;&nbsp;&nbsp; Nx\u00ebn\u00ebsit e t\u00eb gjitha shkollave t\u00eb Kish\u00ebs son\u00eb jan\u00eb pajisur me t\u00eb gjith\u00eb librat dhe mjetet didaktike, duke pasur kushte shum\u00eb t\u00eb mira, me kabinete t\u00eb rregulluara dhe klasa me parametra moderne.<\/span><\/span><\/span><\/span><\/div>\n<div style=\"text-align: justify;\">\n\t<br \/>\n\t<span style=\"color:#000000;\"><span style=\"font-family: tahoma,geneva,sans-serif;\"><span style=\"font-size: 12px;\"><span class=\"style10\">&nbsp;&nbsp;&nbsp; Shkollat e themeluara n\u00ebn p\u00ebrkujdesjen dhe mb\u00ebshtetjen e gjithanshme t\u00eb Kryepiskopit Anastas kan\u00eb si synim jo vet\u00ebm t\u00eb p\u00ebrgatisin profesionist\u00eb t\u00eb aft\u00eb, por edhe njer\u00ebz me virtyte t\u00eb larta, t\u00eb cil\u00ebt me ndihm\u00ebn dhe besimin te Zoti, do t\u00eb kontribuojn\u00eb n\u00eb krijimin e nj\u00eb shoq\u00ebrie t\u00eb sh\u00ebndetshme.<\/span><\/span><\/span><\/span><\/div>\n<div style=\"text-align: justify;\">\n\t&nbsp;<\/div>\n<div class=\"style10\" style=\"text-align: right;\">\n\t<span style=\"color:#000000;\"><span style=\"font-family: tahoma,geneva,sans-serif;\"><span style=\"font-size: 12px;\"><strong>Isidor Koti<\/strong><\/span><\/span><\/span><\/div>\n","protected":false},"excerpt":{"rendered":"<p>&nbsp;&nbsp;&nbsp; N\u00eb atmosfer\u00eb pune dhe p\u00ebrkushtimi ka nisur udh\u00ebtimin e k\u00ebtij viti t\u00eb ri m\u00ebsimor \u00e7do institucion arsimor parauniversitar i Kish\u00ebs Orthodhokse. N\u00eb 12 shtator 2011 nisi dita e par\u00eb e shkoll\u00ebs me entuziazmin e nx\u00ebn\u00ebsve dhe mobilizimin e m\u00ebsuesve. Kisha jon\u00eb e Shenjt\u00eb Orthodhokse i kushton shum\u00eb r\u00ebnd\u00ebsi misionit edukues p\u00ebr t\u00eb gjitha grupmoshat, ku nj\u00eb vend t\u00eb ve\u00e7ant\u00eb z\u00ebn\u00eb shkollat 9-vje\u00e7are dhe shkollat<\/p>\n","protected":false},"author":1,"featured_media":0,"comment_status":"open","ping_status":"open","sticky":false,"template":"","format":"standard","meta":{"_acf_changed":false,"pagelayer_contact_templates":[],"_pagelayer_content":"","inline_featured_image":false,"fifu_image_url":"","fifu_image_alt":"","footnotes":""},"categories":[108],"tags":[143,175,196,212],"class_list":["post-1000","post","type-post","status-publish","format-standard","hentry","category-lajme","tag-143","tag-institucione-parashkollore-te-kishes-orthodhokse","tag-tirane","tag-lajme-d27"],"acf":[],"yoast_head":"<!-- This site is optimized with the Yoast SEO plugin v27.2 - https:\/\/yoast.com\/product\/yoast-seo-wordpress\/ -->\n<title>Nisi viti shkollor 2011 n\u00eb shkollat e Kish\u00ebs Orthodhokse. - Kisha Orthodh\u03bfkse Autoqefale e Shqip\u00ebris\u00eb<\/title>\n<meta name=\"robots\" content=\"index, follow, max-snippet:-1, max-image-preview:large, max-video-preview:-1\" \/>\n<link rel=\"canonical\" href=\"https:\/\/orthodoxalbania.org\/2020\/2013\/03\/21\/nisi-viti-shkollor-2011-ne-shkollat-e-kishes-orthodhokse\/\" \/>\n<meta property=\"og:locale\" content=\"en_US\" \/>\n<meta property=\"og:type\" content=\"article\" \/>\n<meta property=\"og:title\" content=\"Nisi viti shkollor 2011 n\u00eb shkollat e Kish\u00ebs Orthodhokse. - Kisha Orthodh\u03bfkse Autoqefale e Shqip\u00ebris\u00eb\" \/>\n<meta property=\"og:description\" content=\"&nbsp;&nbsp;&nbsp; N\u00eb atmosfer\u00eb pune dhe p\u00ebrkushtimi ka nisur udh\u00ebtimin e k\u00ebtij viti t\u00eb ri m\u00ebsimor \u00e7do institucion arsimor parauniversitar i Kish\u00ebs Orthodhokse. N\u00eb 12 shtator 2011 nisi dita e par\u00eb e shkoll\u00ebs me entuziazmin e nx\u00ebn\u00ebsve dhe mobilizimin e m\u00ebsuesve. Kisha jon\u00eb e Shenjt\u00eb Orthodhokse i kushton shum\u00eb r\u00ebnd\u00ebsi misionit edukues p\u00ebr t\u00eb gjitha grupmoshat, ku nj\u00eb vend t\u00eb ve\u00e7ant\u00eb z\u00ebn\u00eb shkollat 9-vje\u00e7are dhe shkollat\" \/>\n<meta property=\"og:url\" content=\"https:\/\/orthodoxalbania.org\/2020\/2013\/03\/21\/nisi-viti-shkollor-2011-ne-shkollat-e-kishes-orthodhokse\/\" \/>\n<meta property=\"og:site_name\" content=\"Kisha Orthodh\u03bfkse Autoqefale e Shqip\u00ebris\u00eb\" \/>\n<meta property=\"article:publisher\" content=\"https:\/\/www.facebook.com\/koash1991\" \/>\n<meta property=\"article:published_time\" content=\"2013-03-21T10:05:03+00:00\" \/>\n<meta property=\"article:modified_time\" content=\"2020-04-06T20:31:59+00:00\" \/>\n<meta property=\"og:image\" content=\"https:\/\/orthodoxalbania.org\/2020\/wp-content\/uploads\/2021\/02\/LogoLastALb-200.png\" \/>\n\t<meta property=\"og:image:width\" content=\"200\" \/>\n\t<meta property=\"og:image:height\" content=\"172\" \/>\n\t<meta property=\"og:image:type\" content=\"image\/png\" \/>\n<meta name=\"author\" content=\"Kisha Orthodhokse\" \/>\n<meta name=\"twitter:card\" content=\"summary_large_image\" \/>\n<meta name=\"twitter:label1\" content=\"Written by\" \/>\n\t<meta name=\"twitter:data1\" content=\"Kisha Orthodhokse\" \/>\n\t<meta name=\"twitter:label2\" content=\"Est. reading time\" \/>\n\t<meta name=\"twitter:data2\" content=\"2 minutes\" \/>\n<script type=\"application\/ld+json\" class=\"yoast-schema-graph\">{\"@context\":\"https:\/\/schema.org\",\"@graph\":[{\"@type\":\"Article\",\"@id\":\"https:\/\/orthodoxalbania.org\/2020\/2013\/03\/21\/nisi-viti-shkollor-2011-ne-shkollat-e-kishes-orthodhokse\/#article\",\"isPartOf\":{\"@id\":\"https:\/\/orthodoxalbania.org\/2020\/2013\/03\/21\/nisi-viti-shkollor-2011-ne-shkollat-e-kishes-orthodhokse\/\"},\"author\":{\"name\":\"Kisha Orthodhokse\",\"@id\":\"https:\/\/orthodoxalbania.org\/2020\/#\/schema\/person\/0c387634a7063ac612d7ed9ce71c7e86\"},\"headline\":\"Nisi viti shkollor 2011 n\u00eb shkollat e Kish\u00ebs Orthodhokse.\",\"datePublished\":\"2013-03-21T10:05:03+00:00\",\"dateModified\":\"2020-04-06T20:31:59+00:00\",\"mainEntityOfPage\":{\"@id\":\"https:\/\/orthodoxalbania.org\/2020\/2013\/03\/21\/nisi-viti-shkollor-2011-ne-shkollat-e-kishes-orthodhokse\/\"},\"wordCount\":396,\"commentCount\":0,\"publisher\":{\"@id\":\"https:\/\/orthodoxalbania.org\/2020\/#organization\"},\"keywords\":[\"2011\",\"Institucione Parashkollore t\u00eb Kish\u00ebs Orthodhokse\",\"Kryepiskopata Tiran\u00eb\",\"lajme\"],\"articleSection\":[\"Lajme\"],\"inLanguage\":\"en-US\"},{\"@type\":\"WebPage\",\"@id\":\"https:\/\/orthodoxalbania.org\/2020\/2013\/03\/21\/nisi-viti-shkollor-2011-ne-shkollat-e-kishes-orthodhokse\/\",\"url\":\"https:\/\/orthodoxalbania.org\/2020\/2013\/03\/21\/nisi-viti-shkollor-2011-ne-shkollat-e-kishes-orthodhokse\/\",\"name\":\"Nisi viti shkollor 2011 n\u00eb shkollat e Kish\u00ebs Orthodhokse. - Kisha Orthodh\u03bfkse Autoqefale e Shqip\u00ebris\u00eb\",\"isPartOf\":{\"@id\":\"https:\/\/orthodoxalbania.org\/2020\/#website\"},\"datePublished\":\"2013-03-21T10:05:03+00:00\",\"dateModified\":\"2020-04-06T20:31:59+00:00\",\"breadcrumb\":{\"@id\":\"https:\/\/orthodoxalbania.org\/2020\/2013\/03\/21\/nisi-viti-shkollor-2011-ne-shkollat-e-kishes-orthodhokse\/#breadcrumb\"},\"inLanguage\":\"en-US\",\"potentialAction\":[{\"@type\":\"ReadAction\",\"target\":[\"https:\/\/orthodoxalbania.org\/2020\/2013\/03\/21\/nisi-viti-shkollor-2011-ne-shkollat-e-kishes-orthodhokse\/\"]}]},{\"@type\":\"BreadcrumbList\",\"@id\":\"https:\/\/orthodoxalbania.org\/2020\/2013\/03\/21\/nisi-viti-shkollor-2011-ne-shkollat-e-kishes-orthodhokse\/#breadcrumb\",\"itemListElement\":[{\"@type\":\"ListItem\",\"position\":1,\"name\":\"Home\",\"item\":\"https:\/\/orthodoxalbania.org\/2020\/\"},{\"@type\":\"ListItem\",\"position\":2,\"name\":\"Nisi viti shkollor 2011 n\u00eb shkollat e Kish\u00ebs Orthodhokse.\"}]},{\"@type\":\"WebSite\",\"@id\":\"https:\/\/orthodoxalbania.org\/2020\/#website\",\"url\":\"https:\/\/orthodoxalbania.org\/2020\/\",\"name\":\"Kisha Orthodh\u03bfkse Autoqefale e Shqip\u00ebris\u00eb\",\"description\":\"Fqja Zyrtare e Kish\u00ebs Orthodhokse Autoqefale e Shqip\u00ebris\u00eb me lajmet edhe informacionet zyrtare p\u00ebr struktur\u00ebn edhe veprimtarin e saj.\",\"publisher\":{\"@id\":\"https:\/\/orthodoxalbania.org\/2020\/#organization\"},\"potentialAction\":[{\"@type\":\"SearchAction\",\"target\":{\"@type\":\"EntryPoint\",\"urlTemplate\":\"https:\/\/orthodoxalbania.org\/2020\/?s={search_term_string}\"},\"query-input\":{\"@type\":\"PropertyValueSpecification\",\"valueRequired\":true,\"valueName\":\"search_term_string\"}}],\"inLanguage\":\"en-US\"},{\"@type\":\"Organization\",\"@id\":\"https:\/\/orthodoxalbania.org\/2020\/#organization\",\"name\":\"Kisha Orthodhokse Autoqefale e Shqip\u00ebris\u00eb\",\"url\":\"https:\/\/orthodoxalbania.org\/2020\/\",\"logo\":{\"@type\":\"ImageObject\",\"inLanguage\":\"en-US\",\"@id\":\"https:\/\/orthodoxalbania.org\/2020\/#\/schema\/logo\/image\/\",\"url\":\"https:\/\/orthodoxalbania.org\/2020\/wp-content\/uploads\/2020\/05\/albania.jpeg\",\"contentUrl\":\"https:\/\/orthodoxalbania.org\/2020\/wp-content\/uploads\/2020\/05\/albania.jpeg\",\"width\":540,\"height\":540,\"caption\":\"Kisha Orthodhokse Autoqefale e Shqip\u00ebris\u00eb\"},\"image\":{\"@id\":\"https:\/\/orthodoxalbania.org\/2020\/#\/schema\/logo\/image\/\"},\"sameAs\":[\"https:\/\/www.facebook.com\/koash1991\"]},{\"@type\":\"Person\",\"@id\":\"https:\/\/orthodoxalbania.org\/2020\/#\/schema\/person\/0c387634a7063ac612d7ed9ce71c7e86\",\"name\":\"Kisha Orthodhokse\",\"image\":{\"@type\":\"ImageObject\",\"inLanguage\":\"en-US\",\"@id\":\"https:\/\/secure.gravatar.com\/avatar\/596e7c417251e30f2fbb9c00e026fce61a695a00e51c889caded71c96cbbdde5?s=96&d=mm&r=g\",\"url\":\"https:\/\/secure.gravatar.com\/avatar\/596e7c417251e30f2fbb9c00e026fce61a695a00e51c889caded71c96cbbdde5?s=96&d=mm&r=g\",\"contentUrl\":\"https:\/\/secure.gravatar.com\/avatar\/596e7c417251e30f2fbb9c00e026fce61a695a00e51c889caded71c96cbbdde5?s=96&d=mm&r=g\",\"caption\":\"Kisha Orthodhokse\"}}]}<\/script>\n<!-- \/ Yoast SEO plugin. -->","yoast_head_json":{"title":"Nisi viti shkollor 2011 n\u00eb shkollat e Kish\u00ebs Orthodhokse. - Kisha Orthodh\u03bfkse Autoqefale e Shqip\u00ebris\u00eb","robots":{"index":"index","follow":"follow","max-snippet":"max-snippet:-1","max-image-preview":"max-image-preview:large","max-video-preview":"max-video-preview:-1"},"canonical":"https:\/\/orthodoxalbania.org\/2020\/2013\/03\/21\/nisi-viti-shkollor-2011-ne-shkollat-e-kishes-orthodhokse\/","og_locale":"en_US","og_type":"article","og_title":"Nisi viti shkollor 2011 n\u00eb shkollat e Kish\u00ebs Orthodhokse. - Kisha Orthodh\u03bfkse Autoqefale e Shqip\u00ebris\u00eb","og_description":"&nbsp;&nbsp;&nbsp; N\u00eb atmosfer\u00eb pune dhe p\u00ebrkushtimi ka nisur udh\u00ebtimin e k\u00ebtij viti t\u00eb ri m\u00ebsimor \u00e7do institucion arsimor parauniversitar i Kish\u00ebs Orthodhokse. N\u00eb 12 shtator 2011 nisi dita e par\u00eb e shkoll\u00ebs me entuziazmin e nx\u00ebn\u00ebsve dhe mobilizimin e m\u00ebsuesve. Kisha jon\u00eb e Shenjt\u00eb Orthodhokse i kushton shum\u00eb r\u00ebnd\u00ebsi misionit edukues p\u00ebr t\u00eb gjitha grupmoshat, ku nj\u00eb vend t\u00eb ve\u00e7ant\u00eb z\u00ebn\u00eb shkollat 9-vje\u00e7are dhe shkollat","og_url":"https:\/\/orthodoxalbania.org\/2020\/2013\/03\/21\/nisi-viti-shkollor-2011-ne-shkollat-e-kishes-orthodhokse\/","og_site_name":"Kisha Orthodh\u03bfkse Autoqefale e Shqip\u00ebris\u00eb","article_publisher":"https:\/\/www.facebook.com\/koash1991","article_published_time":"2013-03-21T10:05:03+00:00","article_modified_time":"2020-04-06T20:31:59+00:00","og_image":[{"width":200,"height":172,"url":"https:\/\/orthodoxalbania.org\/2020\/wp-content\/uploads\/2021\/02\/LogoLastALb-200.png","type":"image\/png"}],"author":"Kisha Orthodhokse","twitter_card":"summary_large_image","twitter_misc":{"Written by":"Kisha Orthodhokse","Est. reading time":"2 minutes"},"schema":{"@context":"https:\/\/schema.org","@graph":[{"@type":"Article","@id":"https:\/\/orthodoxalbania.org\/2020\/2013\/03\/21\/nisi-viti-shkollor-2011-ne-shkollat-e-kishes-orthodhokse\/#article","isPartOf":{"@id":"https:\/\/orthodoxalbania.org\/2020\/2013\/03\/21\/nisi-viti-shkollor-2011-ne-shkollat-e-kishes-orthodhokse\/"},"author":{"name":"Kisha Orthodhokse","@id":"https:\/\/orthodoxalbania.org\/2020\/#\/schema\/person\/0c387634a7063ac612d7ed9ce71c7e86"},"headline":"Nisi viti shkollor 2011 n\u00eb shkollat e Kish\u00ebs Orthodhokse.","datePublished":"2013-03-21T10:05:03+00:00","dateModified":"2020-04-06T20:31:59+00:00","mainEntityOfPage":{"@id":"https:\/\/orthodoxalbania.org\/2020\/2013\/03\/21\/nisi-viti-shkollor-2011-ne-shkollat-e-kishes-orthodhokse\/"},"wordCount":396,"commentCount":0,"publisher":{"@id":"https:\/\/orthodoxalbania.org\/2020\/#organization"},"keywords":["2011","Institucione Parashkollore t\u00eb Kish\u00ebs Orthodhokse","Kryepiskopata Tiran\u00eb","lajme"],"articleSection":["Lajme"],"inLanguage":"en-US"},{"@type":"WebPage","@id":"https:\/\/orthodoxalbania.org\/2020\/2013\/03\/21\/nisi-viti-shkollor-2011-ne-shkollat-e-kishes-orthodhokse\/","url":"https:\/\/orthodoxalbania.org\/2020\/2013\/03\/21\/nisi-viti-shkollor-2011-ne-shkollat-e-kishes-orthodhokse\/","name":"Nisi viti shkollor 2011 n\u00eb shkollat e Kish\u00ebs Orthodhokse. - Kisha Orthodh\u03bfkse Autoqefale e Shqip\u00ebris\u00eb","isPartOf":{"@id":"https:\/\/orthodoxalbania.org\/2020\/#website"},"datePublished":"2013-03-21T10:05:03+00:00","dateModified":"2020-04-06T20:31:59+00:00","breadcrumb":{"@id":"https:\/\/orthodoxalbania.org\/2020\/2013\/03\/21\/nisi-viti-shkollor-2011-ne-shkollat-e-kishes-orthodhokse\/#breadcrumb"},"inLanguage":"en-US","potentialAction":[{"@type":"ReadAction","target":["https:\/\/orthodoxalbania.org\/2020\/2013\/03\/21\/nisi-viti-shkollor-2011-ne-shkollat-e-kishes-orthodhokse\/"]}]},{"@type":"BreadcrumbList","@id":"https:\/\/orthodoxalbania.org\/2020\/2013\/03\/21\/nisi-viti-shkollor-2011-ne-shkollat-e-kishes-orthodhokse\/#breadcrumb","itemListElement":[{"@type":"ListItem","position":1,"name":"Home","item":"https:\/\/orthodoxalbania.org\/2020\/"},{"@type":"ListItem","position":2,"name":"Nisi viti shkollor 2011 n\u00eb shkollat e Kish\u00ebs Orthodhokse."}]},{"@type":"WebSite","@id":"https:\/\/orthodoxalbania.org\/2020\/#website","url":"https:\/\/orthodoxalbania.org\/2020\/","name":"Kisha Orthodh\u03bfkse Autoqefale e Shqip\u00ebris\u00eb","description":"Fqja Zyrtare e Kish\u00ebs Orthodhokse Autoqefale e Shqip\u00ebris\u00eb me lajmet edhe informacionet zyrtare p\u00ebr struktur\u00ebn edhe veprimtarin e saj.","publisher":{"@id":"https:\/\/orthodoxalbania.org\/2020\/#organization"},"potentialAction":[{"@type":"SearchAction","target":{"@type":"EntryPoint","urlTemplate":"https:\/\/orthodoxalbania.org\/2020\/?s={search_term_string}"},"query-input":{"@type":"PropertyValueSpecification","valueRequired":true,"valueName":"search_term_string"}}],"inLanguage":"en-US"},{"@type":"Organization","@id":"https:\/\/orthodoxalbania.org\/2020\/#organization","name":"Kisha Orthodhokse Autoqefale e Shqip\u00ebris\u00eb","url":"https:\/\/orthodoxalbania.org\/2020\/","logo":{"@type":"ImageObject","inLanguage":"en-US","@id":"https:\/\/orthodoxalbania.org\/2020\/#\/schema\/logo\/image\/","url":"https:\/\/orthodoxalbania.org\/2020\/wp-content\/uploads\/2020\/05\/albania.jpeg","contentUrl":"https:\/\/orthodoxalbania.org\/2020\/wp-content\/uploads\/2020\/05\/albania.jpeg","width":540,"height":540,"caption":"Kisha Orthodhokse Autoqefale e Shqip\u00ebris\u00eb"},"image":{"@id":"https:\/\/orthodoxalbania.org\/2020\/#\/schema\/logo\/image\/"},"sameAs":["https:\/\/www.facebook.com\/koash1991"]},{"@type":"Person","@id":"https:\/\/orthodoxalbania.org\/2020\/#\/schema\/person\/0c387634a7063ac612d7ed9ce71c7e86","name":"Kisha Orthodhokse","image":{"@type":"ImageObject","inLanguage":"en-US","@id":"https:\/\/secure.gravatar.com\/avatar\/596e7c417251e30f2fbb9c00e026fce61a695a00e51c889caded71c96cbbdde5?s=96&d=mm&r=g","url":"https:\/\/secure.gravatar.com\/avatar\/596e7c417251e30f2fbb9c00e026fce61a695a00e51c889caded71c96cbbdde5?s=96&d=mm&r=g","contentUrl":"https:\/\/secure.gravatar.com\/avatar\/596e7c417251e30f2fbb9c00e026fce61a695a00e51c889caded71c96cbbdde5?s=96&d=mm&r=g","caption":"Kisha Orthodhokse"}}]}},"_links":{"self":[{"href":"https:\/\/orthodoxalbania.org\/2020\/wp-json\/wp\/v2\/posts\/1000","targetHints":{"allow":["GET"]}}],"collection":[{"href":"https:\/\/orthodoxalbania.org\/2020\/wp-json\/wp\/v2\/posts"}],"about":[{"href":"https:\/\/orthodoxalbania.org\/2020\/wp-json\/wp\/v2\/types\/post"}],"author":[{"embeddable":true,"href":"https:\/\/orthodoxalbania.org\/2020\/wp-json\/wp\/v2\/users\/1"}],"replies":[{"embeddable":true,"href":"https:\/\/orthodoxalbania.org\/2020\/wp-json\/wp\/v2\/comments?post=1000"}],"version-history":[{"count":1,"href":"https:\/\/orthodoxalbania.org\/2020\/wp-json\/wp\/v2\/posts\/1000\/revisions"}],"predecessor-version":[{"id":15364,"href":"https:\/\/orthodoxalbania.org\/2020\/wp-json\/wp\/v2\/posts\/1000\/revisions\/15364"}],"wp:attachment":[{"href":"https:\/\/orthodoxalbania.org\/2020\/wp-json\/wp\/v2\/media?parent=1000"}],"wp:term":[{"taxonomy":"category","embeddable":true,"href":"https:\/\/orthodoxalbania.org\/2020\/wp-json\/wp\/v2\/categories?post=1000"},{"taxonomy":"post_tag","embeddable":true,"href":"https:\/\/orthodoxalbania.org\/2020\/wp-json\/wp\/v2\/tags?post=1000"}],"curies":[{"name":"wp","href":"https:\/\/api.w.org\/{rel}","templated":true}]}}